{"id":55758,"date":"2020-05-19T23:05:31","date_gmt":"2020-05-20T02:05:31","guid":{"rendered":"https:\/\/www.arquimaster.com.ar\/web\/?p=55758"},"modified":"2023-02-19T00:42:08","modified_gmt":"2023-02-19T03:42:08","slug":"curso-tecnicas-de-postproduccion-para-fotografia-arquitectonica","status":"publish","type":"post","link":"https:\/\/www.arquimaster.com.ar\/web\/curso-tecnicas-de-postproduccion-para-fotografia-arquitectonica\/","title":{"rendered":"Curso T\u00e9cnicas de postproducci\u00f3n para fotograf\u00eda arquitect\u00f3nica"},"content":{"rendered":"<div style=\"margin-top: 0px; margin-bottom: 0px;\" class=\"sharethis-inline-share-buttons\" ><\/div><div class=\"b812932af2e751442846f039925109de\" data-index=\"1\" style=\"float: none; margin:25px 0 25px 0; text-align:center;\">\n<script async src=\"https:\/\/pagead2.googlesyndication.com\/pagead\/js\/adsbygoogle.js\"><\/script>\r\n<!-- Arquimaster (superior) -->\r\n<ins class=\"adsbygoogle\"\r\n     style=\"display:block\"\r\n     data-ad-client=\"ca-pub-6351072698456832\"\r\n     data-ad-slot=\"6455489680\"\r\n     data-ad-format=\"auto\"\r\n     data-full-width-responsive=\"true\"><\/ins>\r\n<script>\r\n     (adsbygoogle = window.adsbygoogle || []).push({});\r\n<\/script>\n<\/div>\n<h3>Con el <a href=\"https:\/\/www.arquimaster.com.ar\/web\/tecnicas-de-postproduccion-para-fotografia-arquitectonica\" target=\"_blank\" rel=\"noopener\"><strong>Curso T\u00e9cnicas de postproducci\u00f3n para fotograf\u00eda arquitect\u00f3nica<\/strong><\/a>\u00a0aprender\u00e1s a preparar, realizar y postproducir fotos en blanco y negro con est\u00e9tica fine art.<\/h3>\n\n\n<div style=\"height:20px\" aria-hidden=\"true\" class=\"wp-block-spacer\"><\/div>\n\n\n\n<div class=\"wp-block-buttons is-layout-flex wp-block-buttons-is-layout-flex\">\n<div class=\"wp-block-button has-custom-width wp-block-button__width-100 has-custom-font-size has-medium-font-size\"><a class=\"wp-block-button__link has-very-light-gray-to-cyan-bluish-gray-gradient-background has-text-color has-background wp-element-button\" href=\"https:\/\/www.arquimaster.com.ar\/web\/tecnicas-de-postproduccion-para-fotografia-arquitectonica\" style=\"border-radius:20px;color:#333333\" target=\"_blank\" rel=\"noreferrer noopener\">Click para m\u00e1s informaci\u00f3n sobre el<br><strong>Curso T\u00e9cnicas de postproducci\u00f3n para fotograf\u00eda arquitect\u00f3nica<\/strong><\/a><\/div>\n<\/div>\n\n\n\n<div style=\"height:20px\" aria-hidden=\"true\" class=\"wp-block-spacer\"><\/div>\n\n\n<p>El <a href=\"https:\/\/www.arquimaster.com.ar\/web\/tecnicas-de-postproduccion-para-fotografia-arquitectonica\" target=\"_blank\" rel=\"noopener noreferrer\"><strong>Curso T\u00e9cnicas de postproducci\u00f3n para fotograf\u00eda arquitect\u00f3nica<\/strong><\/a> es online, a distancia, y puede comenzarse en cualquier momento del a\u00f1o. El acceso al curso es ilimitado para siempre y lo podes cursar a tu propio ritmo. El curso esta dictado por Daniel Garay Arango, Fot\u00f3grafo.<\/p>\n<h3><em><strong>Aprende a preparar, realizar y postproducir fotos en blanco y negro con est\u00e9tica fine art del espacio que te rodea.<\/strong><\/em><\/h3>\n<p>La fotograf\u00eda arquitect\u00f3nica pone en valor no solo el espacio que se est\u00e1 capturando, sino la visi\u00f3n del mundo de quien est\u00e1 detr\u00e1s de la c\u00e1mara. El fot\u00f3grafo colombiano Daniel Garay Arango se especializa en la fotograf\u00eda arquitect\u00f3nica en blanco y negro y, con sus obras, intenta darle un nuevo significado al espacio que le rodea.<\/p>\n<p>En este curso aprender\u00e1s su particular proceso de preparaci\u00f3n, toma y postproducci\u00f3n en Adobe Photoshop para conseguir una est\u00e9tica fine art surrealista en tus fotos.<\/p>\n<p><strong>\u00bfQu\u00e9 incluye este curso?<\/strong> <br \/>Para comenzar, har\u00e1s un repaso a fondo del trabajo y proceso creativo de Daniel, adem\u00e1s de su recorrido profesional a lo largo de los a\u00f1os. Te hablar\u00e1 tambi\u00e9n sobre sus mayores influencias en el mundo de la fotograf\u00eda y c\u00f3mo las utiliza para inspirarse constantemente.<\/p>\n<p>Aprender\u00e1s a generar nuevas ideas alrededor de la tem\u00e1tica de la ciudad y sus aspectos arquitect\u00f3nicos para comenzar a darle forma a tu proyecto personal. Ver\u00e1s c\u00f3mo plasma Daniel estas ideas previas en un texto que envuelva el concepto y har\u00e1s bocetos para visualizar las im\u00e1genes.<\/p>\n<p>Para finalizar la etapa de preparaci\u00f3n har\u00e1s un recorrido por las herramientas de toma de im\u00e1genes y de postproducci\u00f3n para que puedas tomar las mejores fotograf\u00edas, que te permitan total libertad creativa a la hora de editar.<\/p>\n<p>Daniel te dar\u00e1 un vasto abanico de herramientas, conceptos y conocimientos en Adobe Photoshop para que puedas llevar a buen puerto tus ideas en la fase de postproducci\u00f3n. Desde la correcci\u00f3n de perspectiva y la limpieza de las im\u00e1genes, pasar\u00e1s a aprender con todo detalle la edici\u00f3n de fine art; ser\u00e1s capaz de modificar cada elemento de la imagen individualmente, pero siempre teniendo como finalidad un resultado con cohesi\u00f3n, veros\u00edmil y sumamente atractivo a la vista.<\/p>\n<p>Finalmente, Daniel te dar\u00e1 sus consejos personales acerca de c\u00f3mo mostrarle tu trabajo al mundo, teniendo como primer objetivo brillar en las redes sociales, pero adem\u00e1s pensando en concursos, becas, galer\u00edas y dem\u00e1s oportunidades que se te puedan presentar posteriormente.<\/p>\n<p><strong>\u00bfA qui\u00e9n est\u00e1 dirigido?<\/strong><br \/>Fot\u00f3grafos y artistas visuales que deseen llevar su trabajo al campo del fine art y lograr as\u00ed im\u00e1genes impactantes. Adem\u00e1s, personas que quieran aprender un sinn\u00famero de t\u00e9cnicas de toma de fotograf\u00edas, as\u00ed como de postproducci\u00f3n en Adobe Photoshop.<\/p>\n<p><strong>Contenidos<\/strong><\/p>\n<p style=\"padding-left: 40px;\"><strong>Introducci\u00f3n<\/strong><br \/>Presentaci\u00f3n<br \/>Influencias<br \/>\u00bfQu\u00e9 haremos en el curso?<\/p>\n<p style=\"padding-left: 40px;\"><strong>Los ingredientes esenciales de una idea<\/strong><br \/>Brainstorming, b\u00fasqueda de la idea y bocetaci\u00f3n<br \/>Scouting y la mejor calidad de luz<br \/>Materiales<\/p>\n<p style=\"padding-left: 40px;\"><strong>Tomando nuestras im\u00e1genes ideales<\/strong><br \/>Tips de composici\u00f3n<br \/>Ejecuci\u00f3n y selecci\u00f3n de las im\u00e1genes<br \/>Preparaci\u00f3n para la postproducci\u00f3n<br \/>Boceto de luz en Photoshop<\/p>\n<p style=\"padding-left: 40px;\"><strong>La magia de la postproducci\u00f3n \u00a1Creando la Luz!<\/strong><br \/>Selecci\u00f3n de elementos individuales<br \/>Creaci\u00f3n de expocisiones y edici\u00f3n por partes<br \/>Inclusi\u00f3n y edici\u00f3n del cielo<br \/>Ultimando detalles<br \/>De c\u00f3mo mover tu trabajo en el mundo<\/p>\n<p style=\"padding-left: 40px;\"><strong>Proyecto final<\/strong><br \/>Fotograf\u00eda fine art en blanco y negro<\/p>\n<h2><a href=\"https:\/\/www.arquimaster.com.ar\/web\/tecnicas-de-postproduccion-para-fotografia-arquitectonica\" target=\"_blank\" rel=\"noopener noreferrer\">Click para m\u00e1s informaci\u00f3n sobre el <strong>Curso T\u00e9cnicas de postproducci\u00f3n para fotograf\u00eda arquitect\u00f3nica<\/strong><\/a><\/h2>\n\n\n<div class=\"wp-block-group\"><div class=\"wp-block-group__inner-container is-layout-flow wp-block-group-is-layout-flow\">\n<div style=\"height:20px\" aria-hidden=\"true\" class=\"wp-block-spacer\"><\/div>\n<\/div><\/div>\n\n\n\n<h2 class=\"wp-block-heading\">M\u00e1s cursos que podr\u00edan interesarte&#8230;<\/h2>\n\n\n\n\t\t\t<div class=\"wp-block-uagb-post-grid uagb-post-grid  uagb-post__image-position-top uagb-post__image-enabled uagb-block-48a46709     uagb-post__items uagb-post__columns-2 is-grid uagb-post__columns-tablet-2 uagb-post__columns-mobile-1 uagb-post__equal-height\" data-total=\"6\" style=\"\">\n\n\t\t\t\t\t\t\t\t\t\t\t\t<article class=\"uagb-post__inner-wrap\">\t\t\t\t\t\t\t\t<div class='uagb-post__image'>\n\t\t\t\t\t\t\t\t\t<a href=\"https:\/\/www.arquimaster.com.ar\/web\/curso-diseno-de-interiores-para-principiantes\/\" target=\"_self\" rel=\"bookmark noopener noreferrer\" class='uagb-image-ratio-inherit'><img loading=\"lazy\" decoding=\"async\" width=\"698\" height=\"364\" src=\"https:\/\/www.arquimaster.com.ar\/web\/wp-content\/uploads\/2020\/11\/curso_diseno_interiores_para_principiantes_slide.jpg\" class=\"attachment-large size-large\" alt=\"Curso Dise\u00f1o de interiores para principiantes\" \/>\t\t\t\t\t<\/a>\n\t\t\t\t\t\t\t<\/div>\n\t\t\t\t\t\t<h2 class=\"uagb-post__title uagb-post__text\">\n\t\t\t\t<a href=\"https:\/\/www.arquimaster.com.ar\/web\/curso-diseno-de-interiores-para-principiantes\/\" target=\"_self\" rel=\"bookmark noopener noreferrer\">Curso Dise\u00f1o de interiores para principiantes<\/a>\n\t\t\t<\/h2>\n\t\t\t\t\t\t<div class='uagb-post__text uagb-post-grid-byline'>\n\t\t\t\t\t\t\t<\/div>\n\t\t\t\t\t\t\t<div class='uagb-post__text uagb-post__excerpt'>\n\t\t\t\t\tAprende los conceptos esenciales para dise\u00f1ar un espacio y presentar la idea&#8230;\t\t\t\t<\/div>\n\t\t\t\t\t\t<div class=\"uagb-post__text uagb-post__cta wp-block-button\">\n\t\t\t\t<a class=\"wp-block-button__link uagb-text-link\" style=\"\" href=\"https:\/\/www.arquimaster.com.ar\/web\/curso-diseno-de-interiores-para-principiantes\/\" target=\"_self\" rel=\"bookmark noopener noreferrer\">IR al Curso&#8230;<\/a>\n\t\t\t<\/div>\n\t\t\t\n\t\t\t\t\t\t\t\t\t<\/article>\n\t\t\t\t\t\t\t\t\t\t\t\t\t\t\t\t<article class=\"uagb-post__inner-wrap\">\t\t\t\t\t\t\t\t<div class='uagb-post__image'>\n\t\t\t\t\t\t\t\t\t<a href=\"https:\/\/www.arquimaster.com.ar\/web\/curso-urban-sketching-expresa-tu-mundo-con-una-nueva-perspectiva\/\" target=\"_self\" rel=\"bookmark noopener noreferrer\" class='uagb-image-ratio-inherit'><img loading=\"lazy\" decoding=\"async\" width=\"698\" height=\"364\" src=\"https:\/\/www.arquimaster.com.ar\/web\/wp-content\/uploads\/2020\/08\/curso_urban_sketchers_slide.jpg\" class=\"attachment-large size-large\" alt=\"\" \/>\t\t\t\t\t<\/a>\n\t\t\t\t\t\t\t<\/div>\n\t\t\t\t\t\t<h2 class=\"uagb-post__title uagb-post__text\">\n\t\t\t\t<a href=\"https:\/\/www.arquimaster.com.ar\/web\/curso-urban-sketching-expresa-tu-mundo-con-una-nueva-perspectiva\/\" target=\"_self\" rel=\"bookmark noopener noreferrer\">Curso Urban Sketching: expresa tu mundo con una nueva perspectiva<\/a>\n\t\t\t<\/h2>\n\t\t\t\t\t\t<div class='uagb-post__text uagb-post-grid-byline'>\n\t\t\t\t\t\t\t<\/div>\n\t\t\t\t\t\t\t<div class='uagb-post__text uagb-post__excerpt'>\n\t\t\t\t\tRedescubre tu entorno ilustrando con acuarela a personas, lugares y perspectivas de ojo de pez&#8230;\t\t\t\t<\/div>\n\t\t\t\t\t\t<div class=\"uagb-post__text uagb-post__cta wp-block-button\">\n\t\t\t\t<a class=\"wp-block-button__link uagb-text-link\" style=\"\" href=\"https:\/\/www.arquimaster.com.ar\/web\/curso-urban-sketching-expresa-tu-mundo-con-una-nueva-perspectiva\/\" target=\"_self\" rel=\"bookmark noopener noreferrer\">IR al Curso&#8230;<\/a>\n\t\t\t<\/div>\n\t\t\t\n\t\t\t\t\t\t\t\t\t<\/article>\n\t\t\t\t\t\t\t\t\t\t\t\t\t\t\t\t<article class=\"uagb-post__inner-wrap\">\t\t\t\t\t\t\t\t<div class='uagb-post__image'>\n\t\t\t\t\t\t\t\t\t<a href=\"https:\/\/www.arquimaster.com.ar\/web\/curso-sketching-arquitectonico-para-ilustraciones-urbanas\/\" target=\"_self\" rel=\"bookmark noopener noreferrer\" class='uagb-image-ratio-inherit'><img loading=\"lazy\" decoding=\"async\" width=\"698\" height=\"364\" src=\"https:\/\/www.arquimaster.com.ar\/web\/wp-content\/uploads\/2021\/03\/curso_sketching_arquitectonico_ilustraciones_urbanas_slide.jpg\" class=\"attachment-large size-large\" alt=\"Curso Sketching arquitect\u00f3nico para ilustraciones urbanas\" \/>\t\t\t\t\t<\/a>\n\t\t\t\t\t\t\t<\/div>\n\t\t\t\t\t\t<h2 class=\"uagb-post__title uagb-post__text\">\n\t\t\t\t<a href=\"https:\/\/www.arquimaster.com.ar\/web\/curso-sketching-arquitectonico-para-ilustraciones-urbanas\/\" target=\"_self\" rel=\"bookmark noopener noreferrer\">Curso Sketching arquitect\u00f3nico para ilustraciones urbanas<\/a>\n\t\t\t<\/h2>\n\t\t\t\t\t\t<div class='uagb-post__text uagb-post-grid-byline'>\n\t\t\t\t\t\t\t<\/div>\n\t\t\t\t\t\t\t<div class='uagb-post__text uagb-post__excerpt'>\n\t\t\t\t\tDescubre el arte del sketching urbano y representa tu visi\u00f3n personal&#8230;\t\t\t\t<\/div>\n\t\t\t\t\t\t<div class=\"uagb-post__text uagb-post__cta wp-block-button\">\n\t\t\t\t<a class=\"wp-block-button__link uagb-text-link\" style=\"\" href=\"https:\/\/www.arquimaster.com.ar\/web\/curso-sketching-arquitectonico-para-ilustraciones-urbanas\/\" target=\"_self\" rel=\"bookmark noopener noreferrer\">IR al Curso&#8230;<\/a>\n\t\t\t<\/div>\n\t\t\t\n\t\t\t\t\t\t\t\t\t<\/article>\n\t\t\t\t\t\t\t\t\t\t\t\t\t\t\t\t<article class=\"uagb-post__inner-wrap\">\t\t\t\t\t\t\t\t<div class='uagb-post__image'>\n\t\t\t\t\t\t\t\t\t<a href=\"https:\/\/www.arquimaster.com.ar\/web\/curso-autodesk-revit-para-principiantes\/\" target=\"_self\" rel=\"bookmark noopener noreferrer\" class='uagb-image-ratio-inherit'><img loading=\"lazy\" decoding=\"async\" width=\"698\" height=\"364\" src=\"https:\/\/www.arquimaster.com.ar\/web\/wp-content\/uploads\/2021\/03\/curso_autodesk_revit_principiantes_slide.jpg\" class=\"attachment-large size-large\" alt=\"Curso Autodesk Revit para principiantes\" \/>\t\t\t\t\t<\/a>\n\t\t\t\t\t\t\t<\/div>\n\t\t\t\t\t\t<h2 class=\"uagb-post__title uagb-post__text\">\n\t\t\t\t<a href=\"https:\/\/www.arquimaster.com.ar\/web\/curso-autodesk-revit-para-principiantes\/\" target=\"_self\" rel=\"bookmark noopener noreferrer\">Curso Autodesk Revit para principiantes<\/a>\n\t\t\t<\/h2>\n\t\t\t\t\t\t<div class='uagb-post__text uagb-post-grid-byline'>\n\t\t\t\t\t\t\t<\/div>\n\t\t\t\t\t\t\t<div class='uagb-post__text uagb-post__excerpt'>\n\t\t\t\t\tAprende a modelar edificios en 3D con precisi\u00f3n y exactitud&#8230;\t\t\t\t<\/div>\n\t\t\t\t\t\t<div class=\"uagb-post__text uagb-post__cta wp-block-button\">\n\t\t\t\t<a class=\"wp-block-button__link uagb-text-link\" style=\"\" href=\"https:\/\/www.arquimaster.com.ar\/web\/curso-autodesk-revit-para-principiantes\/\" target=\"_self\" rel=\"bookmark noopener noreferrer\">IR al Curso&#8230;<\/a>\n\t\t\t<\/div>\n\t\t\t\n\t\t\t\t\t\t\t\t\t<\/article>\n\t\t\t\t\t\t\t\t\t\t\t\t\t\t\t\t<article class=\"uagb-post__inner-wrap\">\t\t\t\t\t\t\t\t<div class='uagb-post__image'>\n\t\t\t\t\t\t\t\t\t<a href=\"https:\/\/www.arquimaster.com.ar\/web\/curso-introduccion-a-sketchup-visualizacion-arquitectonica-y-modelado-3d\/\" target=\"_self\" rel=\"bookmark noopener noreferrer\" class='uagb-image-ratio-inherit'><img loading=\"lazy\" decoding=\"async\" width=\"698\" height=\"364\" src=\"https:\/\/www.arquimaster.com.ar\/web\/wp-content\/uploads\/2020\/03\/curso_sketchup_domestika_slide.jpg\" class=\"attachment-large size-large\" alt=\"\" \/>\t\t\t\t\t<\/a>\n\t\t\t\t\t\t\t<\/div>\n\t\t\t\t\t\t<h2 class=\"uagb-post__title uagb-post__text\">\n\t\t\t\t<a href=\"https:\/\/www.arquimaster.com.ar\/web\/curso-introduccion-a-sketchup-visualizacion-arquitectonica-y-modelado-3d\/\" target=\"_self\" rel=\"bookmark noopener noreferrer\">Curso Introducci\u00f3n a SketchUp: Visualizaci\u00f3n arquitect\u00f3nica y modelado 3D<\/a>\n\t\t\t<\/h2>\n\t\t\t\t\t\t<div class='uagb-post__text uagb-post-grid-byline'>\n\t\t\t\t\t\t\t<\/div>\n\t\t\t\t\t\t\t<div class='uagb-post__text uagb-post__excerpt'>\n\t\t\t\t\tAprende desde cero a dise\u00f1ar y modelar en 3D de forma r\u00e1pida, eficiente y profesional&#8230;\t\t\t\t<\/div>\n\t\t\t\t\t\t<div class=\"uagb-post__text uagb-post__cta wp-block-button\">\n\t\t\t\t<a class=\"wp-block-button__link uagb-text-link\" style=\"\" href=\"https:\/\/www.arquimaster.com.ar\/web\/curso-introduccion-a-sketchup-visualizacion-arquitectonica-y-modelado-3d\/\" target=\"_self\" rel=\"bookmark noopener noreferrer\">IR al Curso&#8230;<\/a>\n\t\t\t<\/div>\n\t\t\t\n\t\t\t\t\t\t\t\t\t<\/article>\n\t\t\t\t\t\t\t\t\t\t\t\t\t\t\t\t<article class=\"uagb-post__inner-wrap\">\t\t\t\t\t\t\t\t<div class='uagb-post__image'>\n\t\t\t\t\t\t\t\t\t<a href=\"https:\/\/www.arquimaster.com.ar\/web\/curso-diseno-de-interiores-con-lineas-curvas\/\" target=\"_self\" rel=\"bookmark noopener noreferrer\" class='uagb-image-ratio-inherit'><img loading=\"lazy\" decoding=\"async\" width=\"698\" height=\"364\" src=\"https:\/\/www.arquimaster.com.ar\/web\/wp-content\/uploads\/2021\/04\/curso_diseno_interiores_curvos_slide.jpg\" class=\"attachment-large size-large\" alt=\"Curso Dise\u00f1o de interiores con l\u00edneas curvas\" \/>\t\t\t\t\t<\/a>\n\t\t\t\t\t\t\t<\/div>\n\t\t\t\t\t\t<h2 class=\"uagb-post__title uagb-post__text\">\n\t\t\t\t<a href=\"https:\/\/www.arquimaster.com.ar\/web\/curso-diseno-de-interiores-con-lineas-curvas\/\" target=\"_self\" rel=\"bookmark noopener noreferrer\">Curso Dise\u00f1o de interiores con l\u00edneas curvas<\/a>\n\t\t\t<\/h2>\n\t\t\t\t\t\t<div class='uagb-post__text uagb-post-grid-byline'>\n\t\t\t\t\t\t\t<\/div>\n\t\t\t\t\t\t\t<div class='uagb-post__text uagb-post__excerpt'>\n\t\t\t\t\tAprende a dise\u00f1ar espacios con curvas y consigue interiores de ensue\u00f1o&#8230;\t\t\t\t<\/div>\n\t\t\t\t\t\t<div class=\"uagb-post__text uagb-post__cta wp-block-button\">\n\t\t\t\t<a class=\"wp-block-button__link uagb-text-link\" style=\"\" href=\"https:\/\/www.arquimaster.com.ar\/web\/curso-diseno-de-interiores-con-lineas-curvas\/\" target=\"_self\" rel=\"bookmark noopener noreferrer\">IR al Curso&#8230;<\/a>\n\t\t\t<\/div>\n\t\t\t\n\t\t\t\t\t\t\t\t\t<\/article>\n\t\t\t\t\t\t\t\t\t\t\t\t\t\t\t\t<article class=\"uagb-post__inner-wrap\">\t\t\t\t\t\t\t\t<div class='uagb-post__image'>\n\t\t\t\t\t\t\t\t\t<a href=\"https:\/\/www.arquimaster.com.ar\/web\/curso-animacion-arquitectonica-en-3d\/\" target=\"_self\" rel=\"bookmark noopener noreferrer\" class='uagb-image-ratio-inherit'><img loading=\"lazy\" decoding=\"async\" width=\"698\" height=\"364\" src=\"https:\/\/www.arquimaster.com.ar\/web\/wp-content\/uploads\/2020\/05\/curso_animacion_arquitectonica_3d_slide.jpg\" class=\"attachment-large size-large\" alt=\"\" \/>\t\t\t\t\t<\/a>\n\t\t\t\t\t\t\t<\/div>\n\t\t\t\t\t\t<h2 class=\"uagb-post__title uagb-post__text\">\n\t\t\t\t<a href=\"https:\/\/www.arquimaster.com.ar\/web\/curso-animacion-arquitectonica-en-3d\/\" target=\"_self\" rel=\"bookmark noopener noreferrer\">Curso Animaci\u00f3n arquitect\u00f3nica en 3D<\/a>\n\t\t\t<\/h2>\n\t\t\t\t\t\t<div class='uagb-post__text uagb-post-grid-byline'>\n\t\t\t\t\t\t\t<\/div>\n\t\t\t\t\t\t\t<div class='uagb-post__text uagb-post__excerpt'>\n\t\t\t\t\tCrea v\u00eddeos en 3D para tus proyectos de visualizaci\u00f3n arquitect\u00f3nica&#8230;\t\t\t\t<\/div>\n\t\t\t\t\t\t<div class=\"uagb-post__text uagb-post__cta wp-block-button\">\n\t\t\t\t<a class=\"wp-block-button__link uagb-text-link\" style=\"\" href=\"https:\/\/www.arquimaster.com.ar\/web\/curso-animacion-arquitectonica-en-3d\/\" target=\"_self\" rel=\"bookmark noopener noreferrer\">IR al Curso&#8230;<\/a>\n\t\t\t<\/div>\n\t\t\t\n\t\t\t\t\t\t\t\t\t<\/article>\n\t\t\t\t\t\t\t\t\t\t\t\t\t\t\t\t<article class=\"uagb-post__inner-wrap\">\t\t\t\t\t\t\t\t<div class='uagb-post__image'>\n\t\t\t\t\t\t\t\t\t<a href=\"https:\/\/www.arquimaster.com.ar\/web\/curso-conceptos-basicos-para-la-decoracion-low-cost-de-tu-hogar\/\" target=\"_self\" rel=\"bookmark noopener noreferrer\" class='uagb-image-ratio-inherit'><img loading=\"lazy\" decoding=\"async\" width=\"698\" height=\"364\" src=\"https:\/\/www.arquimaster.com.ar\/web\/wp-content\/uploads\/2020\/08\/curso_decoracion_low_cost_domestika_slide.jpg\" class=\"attachment-large size-large\" alt=\"\" \/>\t\t\t\t\t<\/a>\n\t\t\t\t\t\t\t<\/div>\n\t\t\t\t\t\t<h2 class=\"uagb-post__title uagb-post__text\">\n\t\t\t\t<a href=\"https:\/\/www.arquimaster.com.ar\/web\/curso-conceptos-basicos-para-la-decoracion-low-cost-de-tu-hogar\/\" target=\"_self\" rel=\"bookmark noopener noreferrer\">Curso Conceptos b\u00e1sicos para la decoraci\u00f3n low cost de tu hogar<\/a>\n\t\t\t<\/h2>\n\t\t\t\t\t\t<div class='uagb-post__text uagb-post-grid-byline'>\n\t\t\t\t\t\t\t<\/div>\n\t\t\t\t\t\t\t<div class='uagb-post__text uagb-post__excerpt'>\n\t\t\t\t\tAprender\u00e1s los conceptos b\u00e1sicos de dise\u00f1o de interiores, sumar\u00e1s tu toque personal&#8230;\t\t\t\t<\/div>\n\t\t\t\t\t\t<div class=\"uagb-post__text uagb-post__cta wp-block-button\">\n\t\t\t\t<a class=\"wp-block-button__link uagb-text-link\" style=\"\" href=\"https:\/\/www.arquimaster.com.ar\/web\/curso-conceptos-basicos-para-la-decoracion-low-cost-de-tu-hogar\/\" target=\"_self\" rel=\"bookmark noopener noreferrer\">IR al Curso&#8230;<\/a>\n\t\t\t<\/div>\n\t\t\t\n\t\t\t\t\t\t\t\t\t<\/article>\n\t\t\t\t\t\t\t\t\t\t\t\t\t\t\t\t<article class=\"uagb-post__inner-wrap\">\t\t\t\t\t\t\t\t<div class='uagb-post__image'>\n\t\t\t\t\t\t\t\t\t<a href=\"https:\/\/www.arquimaster.com.ar\/web\/curso-modelado-de-edificios-parametricos-con-revit\/\" target=\"_self\" rel=\"bookmark noopener noreferrer\" class='uagb-image-ratio-inherit'><img loading=\"lazy\" decoding=\"async\" width=\"698\" height=\"364\" src=\"https:\/\/www.arquimaster.com.ar\/web\/wp-content\/uploads\/2021\/07\/curso_modelado_parametrico_3d_revit_slide.jpg\" class=\"attachment-large size-large\" alt=\"Curso Modelado de edificios param\u00e9tricos con Revit\" \/>\t\t\t\t\t<\/a>\n\t\t\t\t\t\t\t<\/div>\n\t\t\t\t\t\t<h2 class=\"uagb-post__title uagb-post__text\">\n\t\t\t\t<a href=\"https:\/\/www.arquimaster.com.ar\/web\/curso-modelado-de-edificios-parametricos-con-revit\/\" target=\"_self\" rel=\"bookmark noopener noreferrer\">Curso Modelado de edificios param\u00e9tricos con Revit<\/a>\n\t\t\t<\/h2>\n\t\t\t\t\t\t<div class='uagb-post__text uagb-post-grid-byline'>\n\t\t\t\t\t\t\t<\/div>\n\t\t\t\t\t\t\t<div class='uagb-post__text uagb-post__excerpt'>\n\t\t\t\t\tAprende a modelar tus proyectos arquitect\u00f3nicos y consigue dise\u00f1os impactantes&#8230;\t\t\t\t<\/div>\n\t\t\t\t\t\t<div class=\"uagb-post__text uagb-post__cta wp-block-button\">\n\t\t\t\t<a class=\"wp-block-button__link uagb-text-link\" style=\"\" href=\"https:\/\/www.arquimaster.com.ar\/web\/curso-modelado-de-edificios-parametricos-con-revit\/\" target=\"_self\" rel=\"bookmark noopener noreferrer\">IR al Curso&#8230;<\/a>\n\t\t\t<\/div>\n\t\t\t\n\t\t\t\t\t\t\t\t\t<\/article>\n\t\t\t\t\t\t\t\t\t\t\t\t\t\t\t\t<article class=\"uagb-post__inner-wrap\">\t\t\t\t\t\t\t\t<div class='uagb-post__image'>\n\t\t\t\t\t\t\t\t\t<a href=\"https:\/\/www.arquimaster.com.ar\/web\/curso-freelance-claves-y-herramientas-para-triunfar-siendo-tu-propio-jefe\/\" target=\"_self\" rel=\"bookmark noopener noreferrer\" class='uagb-image-ratio-inherit'><img loading=\"lazy\" decoding=\"async\" width=\"698\" height=\"364\" src=\"https:\/\/www.arquimaster.com.ar\/web\/wp-content\/uploads\/2020\/06\/curso_freelance_claves_herramientas_triunfar_siendo_tu_propio_jefe_slide.jpg\" class=\"attachment-large size-large\" alt=\"\" \/>\t\t\t\t\t<\/a>\n\t\t\t\t\t\t\t<\/div>\n\t\t\t\t\t\t<h2 class=\"uagb-post__title uagb-post__text\">\n\t\t\t\t<a href=\"https:\/\/www.arquimaster.com.ar\/web\/curso-freelance-claves-y-herramientas-para-triunfar-siendo-tu-propio-jefe\/\" target=\"_self\" rel=\"bookmark noopener noreferrer\">Curso Freelance: claves y herramientas para triunfar siendo tu propio jefe<\/a>\n\t\t\t<\/h2>\n\t\t\t\t\t\t<div class='uagb-post__text uagb-post-grid-byline'>\n\t\t\t\t\t\t\t<\/div>\n\t\t\t\t\t\t\t<div class='uagb-post__text uagb-post__excerpt'>\n\t\t\t\t\tAprende a gestionar tu marca personal y construye una carrera por cuenta propia&#8230;\t\t\t\t<\/div>\n\t\t\t\t\t\t<div class=\"uagb-post__text uagb-post__cta wp-block-button\">\n\t\t\t\t<a class=\"wp-block-button__link uagb-text-link\" style=\"\" href=\"https:\/\/www.arquimaster.com.ar\/web\/curso-freelance-claves-y-herramientas-para-triunfar-siendo-tu-propio-jefe\/\" target=\"_self\" rel=\"bookmark noopener noreferrer\">IR al Curso&#8230;<\/a>\n\t\t\t<\/div>\n\t\t\t\n\t\t\t\t\t\t\t\t\t<\/article>\n\t\t\t\t\t\t\t\t\t\t\t<\/div>\n\t\t\t\n<div style=\"font-size: 0px; height: 0px; line-height: 0px; margin: 0; padding: 0; clear: both;\"><\/div><div style=\"margin-top: 0px; margin-bottom: 0px;\" class=\"sharethis-inline-share-buttons\" ><\/div>","protected":false},"excerpt":{"rendered":"<p>Aprende a preparar, realizar y postproducir fotos con est\u00e9tica fine art&#8230;<\/p>\n","protected":false},"author":1,"featured_media":55759,"comment_status":"closed","ping_status":"closed","sticky":false,"template":"","format":"standard","meta":{"_uag_custom_page_level_css":"","footnotes":""},"categories":[3,31],"tags":[33,5515,5968,5512,5967,1125,5516,5966],"class_list":["post-55758","post","type-post","status-publish","format-standard","has-post-thumbnail","hentry","category-agenda","category-cursos-seminarios","tag-cursos-2","tag-cursos-de-fotografia","tag-daniel-garay-arango","tag-domestika","tag-fine-art","tag-fotografia","tag-fotografia-de-arquitectura","tag-postproduccion","generate-columns","tablet-grid-50","mobile-grid-100","grid-parent","grid-50"],"yoast_head":"<!-- This site is optimized with the Yoast SEO plugin v27.3 - https:\/\/yoast.com\/product\/yoast-seo-wordpress\/ -->\n<title>Curso T\u00e9cnicas de postproducci\u00f3n para fotograf\u00eda arquitect\u00f3nica - Arquimaster<\/title>\n<meta name=\"description\" content=\"Aprende a preparar, realizar y postproducir fotos en blanco y negro con est\u00e9tica fine art del espacio que te rodea.\" \/>\n<meta name=\"robots\" content=\"index, follow, max-snippet:-1, max-image-preview:large, max-video-preview:-1\" \/>\n<link rel=\"canonical\" href=\"https:\/\/www.arquimaster.com.ar\/web\/curso-tecnicas-de-postproduccion-para-fotografia-arquitectonica\/\" \/>\n<meta property=\"og:locale\" content=\"es_ES\" \/>\n<meta property=\"og:type\" content=\"article\" \/>\n<meta property=\"og:title\" content=\"Curso T\u00e9cnicas de postproducci\u00f3n para fotograf\u00eda arquitect\u00f3nica\" \/>\n<meta property=\"og:description\" content=\"Aprende a preparar, realizar y postproducir fotos en blanco y negro con est\u00e9tica fine art del espacio que te rodea.\" \/>\n<meta property=\"og:url\" content=\"https:\/\/www.arquimaster.com.ar\/web\/curso-tecnicas-de-postproduccion-para-fotografia-arquitectonica\/\" \/>\n<meta property=\"og:site_name\" content=\"Arquimaster\" \/>\n<meta property=\"article:publisher\" content=\"http:\/\/www.facebook.com\/ARQUIMASTER.com.ar\" \/>\n<meta property=\"article:published_time\" content=\"2020-05-20T02:05:31+00:00\" \/>\n<meta property=\"article:modified_time\" content=\"2023-02-19T03:42:08+00:00\" \/>\n<meta property=\"og:image\" content=\"https:\/\/www.arquimaster.com.ar\/web\/wp-content\/uploads\/2020\/05\/curso_postproduccion_fotografia_arquitectura_slide.jpg\" \/>\n\t<meta property=\"og:image:width\" content=\"698\" \/>\n\t<meta property=\"og:image:height\" content=\"364\" \/>\n\t<meta property=\"og:image:type\" content=\"image\/jpeg\" \/>\n<meta name=\"author\" content=\"Arquimaster\" \/>\n<meta name=\"twitter:card\" content=\"summary_large_image\" \/>\n<meta name=\"twitter:title\" content=\"Curso T\u00e9cnicas de postproducci\u00f3n para fotograf\u00eda arquitect\u00f3nica\" \/>\n<meta name=\"twitter:description\" content=\"Aprende a preparar, realizar y postproducir fotos en blanco y negro con est\u00e9tica fine art del espacio que te rodea.\" \/>\n<meta name=\"twitter:image\" content=\"https:\/\/www.arquimaster.com.ar\/web\/wp-content\/uploads\/2020\/05\/curso_postproduccion_fotografia_arquitectura_slide.jpg\" \/>\n<meta name=\"twitter:creator\" content=\"@arquimaster\" \/>\n<meta name=\"twitter:site\" content=\"@arquimaster\" \/>\n<meta name=\"twitter:label1\" content=\"Escrito por\" \/>\n\t<meta name=\"twitter:data1\" content=\"Arquimaster\" \/>\n\t<meta name=\"twitter:label2\" content=\"Tiempo de lectura\" \/>\n\t<meta name=\"twitter:data2\" content=\"3 minutos\" \/>\n<script type=\"application\/ld+json\" class=\"yoast-schema-graph\">{\"@context\":\"https:\\\/\\\/schema.org\",\"@graph\":[{\"@type\":\"Article\",\"@id\":\"https:\\\/\\\/www.arquimaster.com.ar\\\/web\\\/curso-tecnicas-de-postproduccion-para-fotografia-arquitectonica\\\/#article\",\"isPartOf\":{\"@id\":\"https:\\\/\\\/www.arquimaster.com.ar\\\/web\\\/curso-tecnicas-de-postproduccion-para-fotografia-arquitectonica\\\/\"},\"author\":{\"name\":\"Arquimaster\",\"@id\":\"https:\\\/\\\/www.arquimaster.com.ar\\\/web\\\/#\\\/schema\\\/person\\\/359e9f7c00193fcde068e0dd2ceb0028\"},\"headline\":\"Curso T\u00e9cnicas de postproducci\u00f3n para fotograf\u00eda arquitect\u00f3nica\",\"datePublished\":\"2020-05-20T02:05:31+00:00\",\"dateModified\":\"2023-02-19T03:42:08+00:00\",\"mainEntityOfPage\":{\"@id\":\"https:\\\/\\\/www.arquimaster.com.ar\\\/web\\\/curso-tecnicas-de-postproduccion-para-fotografia-arquitectonica\\\/\"},\"wordCount\":677,\"publisher\":{\"@id\":\"https:\\\/\\\/www.arquimaster.com.ar\\\/web\\\/#organization\"},\"image\":{\"@id\":\"https:\\\/\\\/www.arquimaster.com.ar\\\/web\\\/curso-tecnicas-de-postproduccion-para-fotografia-arquitectonica\\\/#primaryimage\"},\"thumbnailUrl\":\"https:\\\/\\\/www.arquimaster.com.ar\\\/web\\\/wp-content\\\/uploads\\\/2020\\\/05\\\/curso_postproduccion_fotografia_arquitectura_slide.jpg\",\"keywords\":[\"cursos\",\"cursos de fotografia\",\"Daniel Garay Arango\",\"Domestika\",\"fine art\",\"fotografia\",\"fotografia de arquitectura\",\"postproduccion\"],\"articleSection\":[\"Agenda\",\"Cursos de arquitectura y dise\u00f1o\"],\"inLanguage\":\"es\"},{\"@type\":\"WebPage\",\"@id\":\"https:\\\/\\\/www.arquimaster.com.ar\\\/web\\\/curso-tecnicas-de-postproduccion-para-fotografia-arquitectonica\\\/\",\"url\":\"https:\\\/\\\/www.arquimaster.com.ar\\\/web\\\/curso-tecnicas-de-postproduccion-para-fotografia-arquitectonica\\\/\",\"name\":\"Curso T\u00e9cnicas de postproducci\u00f3n para fotograf\u00eda arquitect\u00f3nica - Arquimaster\",\"isPartOf\":{\"@id\":\"https:\\\/\\\/www.arquimaster.com.ar\\\/web\\\/#website\"},\"primaryImageOfPage\":{\"@id\":\"https:\\\/\\\/www.arquimaster.com.ar\\\/web\\\/curso-tecnicas-de-postproduccion-para-fotografia-arquitectonica\\\/#primaryimage\"},\"image\":{\"@id\":\"https:\\\/\\\/www.arquimaster.com.ar\\\/web\\\/curso-tecnicas-de-postproduccion-para-fotografia-arquitectonica\\\/#primaryimage\"},\"thumbnailUrl\":\"https:\\\/\\\/www.arquimaster.com.ar\\\/web\\\/wp-content\\\/uploads\\\/2020\\\/05\\\/curso_postproduccion_fotografia_arquitectura_slide.jpg\",\"datePublished\":\"2020-05-20T02:05:31+00:00\",\"dateModified\":\"2023-02-19T03:42:08+00:00\",\"description\":\"Aprende a preparar, realizar y postproducir fotos en blanco y negro con est\u00e9tica fine art del espacio que te rodea.\",\"breadcrumb\":{\"@id\":\"https:\\\/\\\/www.arquimaster.com.ar\\\/web\\\/curso-tecnicas-de-postproduccion-para-fotografia-arquitectonica\\\/#breadcrumb\"},\"inLanguage\":\"es\",\"potentialAction\":[{\"@type\":\"ReadAction\",\"target\":[\"https:\\\/\\\/www.arquimaster.com.ar\\\/web\\\/curso-tecnicas-de-postproduccion-para-fotografia-arquitectonica\\\/\"]}]},{\"@type\":\"ImageObject\",\"inLanguage\":\"es\",\"@id\":\"https:\\\/\\\/www.arquimaster.com.ar\\\/web\\\/curso-tecnicas-de-postproduccion-para-fotografia-arquitectonica\\\/#primaryimage\",\"url\":\"https:\\\/\\\/www.arquimaster.com.ar\\\/web\\\/wp-content\\\/uploads\\\/2020\\\/05\\\/curso_postproduccion_fotografia_arquitectura_slide.jpg\",\"contentUrl\":\"https:\\\/\\\/www.arquimaster.com.ar\\\/web\\\/wp-content\\\/uploads\\\/2020\\\/05\\\/curso_postproduccion_fotografia_arquitectura_slide.jpg\",\"width\":698,\"height\":364},{\"@type\":\"BreadcrumbList\",\"@id\":\"https:\\\/\\\/www.arquimaster.com.ar\\\/web\\\/curso-tecnicas-de-postproduccion-para-fotografia-arquitectonica\\\/#breadcrumb\",\"itemListElement\":[{\"@type\":\"ListItem\",\"position\":1,\"name\":\"Portada\",\"item\":\"https:\\\/\\\/www.arquimaster.com.ar\\\/web\\\/\"},{\"@type\":\"ListItem\",\"position\":2,\"name\":\"Curso T\u00e9cnicas de postproducci\u00f3n para fotograf\u00eda arquitect\u00f3nica\"}]},{\"@type\":\"WebSite\",\"@id\":\"https:\\\/\\\/www.arquimaster.com.ar\\\/web\\\/#website\",\"url\":\"https:\\\/\\\/www.arquimaster.com.ar\\\/web\\\/\",\"name\":\"Arquimaster\",\"description\":\"Web de arquitectura, dise\u00f1o y construccion\",\"publisher\":{\"@id\":\"https:\\\/\\\/www.arquimaster.com.ar\\\/web\\\/#organization\"},\"potentialAction\":[{\"@type\":\"SearchAction\",\"target\":{\"@type\":\"EntryPoint\",\"urlTemplate\":\"https:\\\/\\\/www.arquimaster.com.ar\\\/web\\\/?s={search_term_string}\"},\"query-input\":{\"@type\":\"PropertyValueSpecification\",\"valueRequired\":true,\"valueName\":\"search_term_string\"}}],\"inLanguage\":\"es\"},{\"@type\":\"Organization\",\"@id\":\"https:\\\/\\\/www.arquimaster.com.ar\\\/web\\\/#organization\",\"name\":\"Arquimaster\",\"url\":\"https:\\\/\\\/www.arquimaster.com.ar\\\/web\\\/\",\"logo\":{\"@type\":\"ImageObject\",\"inLanguage\":\"es\",\"@id\":\"https:\\\/\\\/www.arquimaster.com.ar\\\/web\\\/#\\\/schema\\\/logo\\\/image\\\/\",\"url\":\"https:\\\/\\\/www.arquimaster.com.ar\\\/web\\\/wp-content\\\/uploads\\\/2022\\\/06\\\/arquimaster.png\",\"contentUrl\":\"https:\\\/\\\/www.arquimaster.com.ar\\\/web\\\/wp-content\\\/uploads\\\/2022\\\/06\\\/arquimaster.png\",\"width\":594,\"height\":78,\"caption\":\"Arquimaster\"},\"image\":{\"@id\":\"https:\\\/\\\/www.arquimaster.com.ar\\\/web\\\/#\\\/schema\\\/logo\\\/image\\\/\"},\"sameAs\":[\"http:\\\/\\\/www.facebook.com\\\/ARQUIMASTER.com.ar\",\"https:\\\/\\\/x.com\\\/arquimaster\",\"https:\\\/\\\/www.instagram.com\\\/arquimasterblog\\\/\",\"https:\\\/\\\/www.linkedin.com\\\/company\\\/arquimaster\",\"https:\\\/\\\/www.pinterest.com\\\/arquimaster\",\"https:\\\/\\\/t.me\\\/arquimaster\"]},{\"@type\":\"Person\",\"@id\":\"https:\\\/\\\/www.arquimaster.com.ar\\\/web\\\/#\\\/schema\\\/person\\\/359e9f7c00193fcde068e0dd2ceb0028\",\"name\":\"Arquimaster\"}]}<\/script>\n<!-- \/ Yoast SEO plugin. -->","yoast_head_json":{"title":"Curso T\u00e9cnicas de postproducci\u00f3n para fotograf\u00eda arquitect\u00f3nica - Arquimaster","description":"Aprende a preparar, realizar y postproducir fotos en blanco y negro con est\u00e9tica fine art del espacio que te rodea.","robots":{"index":"index","follow":"follow","max-snippet":"max-snippet:-1","max-image-preview":"max-image-preview:large","max-video-preview":"max-video-preview:-1"},"canonical":"https:\/\/www.arquimaster.com.ar\/web\/curso-tecnicas-de-postproduccion-para-fotografia-arquitectonica\/","og_locale":"es_ES","og_type":"article","og_title":"Curso T\u00e9cnicas de postproducci\u00f3n para fotograf\u00eda arquitect\u00f3nica","og_description":"Aprende a preparar, realizar y postproducir fotos en blanco y negro con est\u00e9tica fine art del espacio que te rodea.","og_url":"https:\/\/www.arquimaster.com.ar\/web\/curso-tecnicas-de-postproduccion-para-fotografia-arquitectonica\/","og_site_name":"Arquimaster","article_publisher":"http:\/\/www.facebook.com\/ARQUIMASTER.com.ar","article_published_time":"2020-05-20T02:05:31+00:00","article_modified_time":"2023-02-19T03:42:08+00:00","og_image":[{"width":698,"height":364,"url":"https:\/\/www.arquimaster.com.ar\/web\/wp-content\/uploads\/2020\/05\/curso_postproduccion_fotografia_arquitectura_slide.jpg","type":"image\/jpeg"}],"author":"Arquimaster","twitter_card":"summary_large_image","twitter_title":"Curso T\u00e9cnicas de postproducci\u00f3n para fotograf\u00eda arquitect\u00f3nica","twitter_description":"Aprende a preparar, realizar y postproducir fotos en blanco y negro con est\u00e9tica fine art del espacio que te rodea.","twitter_image":"https:\/\/www.arquimaster.com.ar\/web\/wp-content\/uploads\/2020\/05\/curso_postproduccion_fotografia_arquitectura_slide.jpg","twitter_creator":"@arquimaster","twitter_site":"@arquimaster","twitter_misc":{"Escrito por":"Arquimaster","Tiempo de lectura":"3 minutos"},"schema":{"@context":"https:\/\/schema.org","@graph":[{"@type":"Article","@id":"https:\/\/www.arquimaster.com.ar\/web\/curso-tecnicas-de-postproduccion-para-fotografia-arquitectonica\/#article","isPartOf":{"@id":"https:\/\/www.arquimaster.com.ar\/web\/curso-tecnicas-de-postproduccion-para-fotografia-arquitectonica\/"},"author":{"name":"Arquimaster","@id":"https:\/\/www.arquimaster.com.ar\/web\/#\/schema\/person\/359e9f7c00193fcde068e0dd2ceb0028"},"headline":"Curso T\u00e9cnicas de postproducci\u00f3n para fotograf\u00eda arquitect\u00f3nica","datePublished":"2020-05-20T02:05:31+00:00","dateModified":"2023-02-19T03:42:08+00:00","mainEntityOfPage":{"@id":"https:\/\/www.arquimaster.com.ar\/web\/curso-tecnicas-de-postproduccion-para-fotografia-arquitectonica\/"},"wordCount":677,"publisher":{"@id":"https:\/\/www.arquimaster.com.ar\/web\/#organization"},"image":{"@id":"https:\/\/www.arquimaster.com.ar\/web\/curso-tecnicas-de-postproduccion-para-fotografia-arquitectonica\/#primaryimage"},"thumbnailUrl":"https:\/\/www.arquimaster.com.ar\/web\/wp-content\/uploads\/2020\/05\/curso_postproduccion_fotografia_arquitectura_slide.jpg","keywords":["cursos","cursos de fotografia","Daniel Garay Arango","Domestika","fine art","fotografia","fotografia de arquitectura","postproduccion"],"articleSection":["Agenda","Cursos de arquitectura y dise\u00f1o"],"inLanguage":"es"},{"@type":"WebPage","@id":"https:\/\/www.arquimaster.com.ar\/web\/curso-tecnicas-de-postproduccion-para-fotografia-arquitectonica\/","url":"https:\/\/www.arquimaster.com.ar\/web\/curso-tecnicas-de-postproduccion-para-fotografia-arquitectonica\/","name":"Curso T\u00e9cnicas de postproducci\u00f3n para fotograf\u00eda arquitect\u00f3nica - Arquimaster","isPartOf":{"@id":"https:\/\/www.arquimaster.com.ar\/web\/#website"},"primaryImageOfPage":{"@id":"https:\/\/www.arquimaster.com.ar\/web\/curso-tecnicas-de-postproduccion-para-fotografia-arquitectonica\/#primaryimage"},"image":{"@id":"https:\/\/www.arquimaster.com.ar\/web\/curso-tecnicas-de-postproduccion-para-fotografia-arquitectonica\/#primaryimage"},"thumbnailUrl":"https:\/\/www.arquimaster.com.ar\/web\/wp-content\/uploads\/2020\/05\/curso_postproduccion_fotografia_arquitectura_slide.jpg","datePublished":"2020-05-20T02:05:31+00:00","dateModified":"2023-02-19T03:42:08+00:00","description":"Aprende a preparar, realizar y postproducir fotos en blanco y negro con est\u00e9tica fine art del espacio que te rodea.","breadcrumb":{"@id":"https:\/\/www.arquimaster.com.ar\/web\/curso-tecnicas-de-postproduccion-para-fotografia-arquitectonica\/#breadcrumb"},"inLanguage":"es","potentialAction":[{"@type":"ReadAction","target":["https:\/\/www.arquimaster.com.ar\/web\/curso-tecnicas-de-postproduccion-para-fotografia-arquitectonica\/"]}]},{"@type":"ImageObject","inLanguage":"es","@id":"https:\/\/www.arquimaster.com.ar\/web\/curso-tecnicas-de-postproduccion-para-fotografia-arquitectonica\/#primaryimage","url":"https:\/\/www.arquimaster.com.ar\/web\/wp-content\/uploads\/2020\/05\/curso_postproduccion_fotografia_arquitectura_slide.jpg","contentUrl":"https:\/\/www.arquimaster.com.ar\/web\/wp-content\/uploads\/2020\/05\/curso_postproduccion_fotografia_arquitectura_slide.jpg","width":698,"height":364},{"@type":"BreadcrumbList","@id":"https:\/\/www.arquimaster.com.ar\/web\/curso-tecnicas-de-postproduccion-para-fotografia-arquitectonica\/#breadcrumb","itemListElement":[{"@type":"ListItem","position":1,"name":"Portada","item":"https:\/\/www.arquimaster.com.ar\/web\/"},{"@type":"ListItem","position":2,"name":"Curso T\u00e9cnicas de postproducci\u00f3n para fotograf\u00eda arquitect\u00f3nica"}]},{"@type":"WebSite","@id":"https:\/\/www.arquimaster.com.ar\/web\/#website","url":"https:\/\/www.arquimaster.com.ar\/web\/","name":"Arquimaster","description":"Web de arquitectura, dise\u00f1o y construccion","publisher":{"@id":"https:\/\/www.arquimaster.com.ar\/web\/#organization"},"potentialAction":[{"@type":"SearchAction","target":{"@type":"EntryPoint","urlTemplate":"https:\/\/www.arquimaster.com.ar\/web\/?s={search_term_string}"},"query-input":{"@type":"PropertyValueSpecification","valueRequired":true,"valueName":"search_term_string"}}],"inLanguage":"es"},{"@type":"Organization","@id":"https:\/\/www.arquimaster.com.ar\/web\/#organization","name":"Arquimaster","url":"https:\/\/www.arquimaster.com.ar\/web\/","logo":{"@type":"ImageObject","inLanguage":"es","@id":"https:\/\/www.arquimaster.com.ar\/web\/#\/schema\/logo\/image\/","url":"https:\/\/www.arquimaster.com.ar\/web\/wp-content\/uploads\/2022\/06\/arquimaster.png","contentUrl":"https:\/\/www.arquimaster.com.ar\/web\/wp-content\/uploads\/2022\/06\/arquimaster.png","width":594,"height":78,"caption":"Arquimaster"},"image":{"@id":"https:\/\/www.arquimaster.com.ar\/web\/#\/schema\/logo\/image\/"},"sameAs":["http:\/\/www.facebook.com\/ARQUIMASTER.com.ar","https:\/\/x.com\/arquimaster","https:\/\/www.instagram.com\/arquimasterblog\/","https:\/\/www.linkedin.com\/company\/arquimaster","https:\/\/www.pinterest.com\/arquimaster","https:\/\/t.me\/arquimaster"]},{"@type":"Person","@id":"https:\/\/www.arquimaster.com.ar\/web\/#\/schema\/person\/359e9f7c00193fcde068e0dd2ceb0028","name":"Arquimaster"}]}},"uagb_featured_image_src":{"full":["https:\/\/www.arquimaster.com.ar\/web\/wp-content\/uploads\/2020\/05\/curso_postproduccion_fotografia_arquitectura_slide.jpg",698,364,false],"thumbnail":["https:\/\/www.arquimaster.com.ar\/web\/wp-content\/uploads\/2020\/05\/curso_postproduccion_fotografia_arquitectura_slide-150x150.jpg",150,150,true],"medium":["https:\/\/www.arquimaster.com.ar\/web\/wp-content\/uploads\/2020\/05\/curso_postproduccion_fotografia_arquitectura_slide.jpg",698,364,false],"medium_large":["https:\/\/www.arquimaster.com.ar\/web\/wp-content\/uploads\/2020\/05\/curso_postproduccion_fotografia_arquitectura_slide.jpg",698,364,false],"large":["https:\/\/www.arquimaster.com.ar\/web\/wp-content\/uploads\/2020\/05\/curso_postproduccion_fotografia_arquitectura_slide.jpg",698,364,false],"1536x1536":["https:\/\/www.arquimaster.com.ar\/web\/wp-content\/uploads\/2020\/05\/curso_postproduccion_fotografia_arquitectura_slide.jpg",698,364,false],"2048x2048":["https:\/\/www.arquimaster.com.ar\/web\/wp-content\/uploads\/2020\/05\/curso_postproduccion_fotografia_arquitectura_slide.jpg",698,364,false]},"uagb_author_info":{"display_name":"Arquimaster","author_link":"https:\/\/www.arquimaster.com.ar\/web\/author\/arquimaster\/"},"uagb_comment_info":0,"uagb_excerpt":"Aprende a preparar, realizar y postproducir fotos con est\u00e9tica fine art...","_links":{"self":[{"href":"https:\/\/www.arquimaster.com.ar\/web\/wp-json\/wp\/v2\/posts\/55758","targetHints":{"allow":["GET"]}}],"collection":[{"href":"https:\/\/www.arquimaster.com.ar\/web\/wp-json\/wp\/v2\/posts"}],"about":[{"href":"https:\/\/www.arquimaster.com.ar\/web\/wp-json\/wp\/v2\/types\/post"}],"author":[{"embeddable":true,"href":"https:\/\/www.arquimaster.com.ar\/web\/wp-json\/wp\/v2\/users\/1"}],"replies":[{"embeddable":true,"href":"https:\/\/www.arquimaster.com.ar\/web\/wp-json\/wp\/v2\/comments?post=55758"}],"version-history":[{"count":5,"href":"https:\/\/www.arquimaster.com.ar\/web\/wp-json\/wp\/v2\/posts\/55758\/revisions"}],"predecessor-version":[{"id":74916,"href":"https:\/\/www.arquimaster.com.ar\/web\/wp-json\/wp\/v2\/posts\/55758\/revisions\/74916"}],"wp:featuredmedia":[{"embeddable":true,"href":"https:\/\/www.arquimaster.com.ar\/web\/wp-json\/wp\/v2\/media\/55759"}],"wp:attachment":[{"href":"https:\/\/www.arquimaster.com.ar\/web\/wp-json\/wp\/v2\/media?parent=55758"}],"wp:term":[{"taxonomy":"category","embeddable":true,"href":"https:\/\/www.arquimaster.com.ar\/web\/wp-json\/wp\/v2\/categories?post=55758"},{"taxonomy":"post_tag","embeddable":true,"href":"https:\/\/www.arquimaster.com.ar\/web\/wp-json\/wp\/v2\/tags?post=55758"}],"curies":[{"name":"wp","href":"https:\/\/api.w.org\/{rel}","templated":true}]}}