{"id":56185,"date":"2020-06-04T17:14:55","date_gmt":"2020-06-04T20:14:55","guid":{"rendered":"https:\/\/www.arquimaster.com.ar\/web\/?p=56185"},"modified":"2020-06-04T17:14:56","modified_gmt":"2020-06-04T20:14:56","slug":"reforma-de-vivienda-travessera-de-les-corts-sincro","status":"publish","type":"post","link":"https:\/\/www.arquimaster.com.ar\/web\/reforma-de-vivienda-travessera-de-les-corts-sincro\/","title":{"rendered":"Reforma de vivienda Travessera de Les Corts \/ Sincro"},"content":{"rendered":"<div style=\"margin-top: 0px; margin-bottom: 0px;\" class=\"sharethis-inline-share-buttons\" ><\/div><div class=\"b812932af2e751442846f039925109de\" data-index=\"1\" style=\"float: none; margin:25px 0 25px 0; text-align:center;\">\n<script async src=\"https:\/\/pagead2.googlesyndication.com\/pagead\/js\/adsbygoogle.js\"><\/script>\r\n<!-- Arquimaster (superior) -->\r\n<ins class=\"adsbygoogle\"\r\n     style=\"display:block\"\r\n     data-ad-client=\"ca-pub-6351072698456832\"\r\n     data-ad-slot=\"6455489680\"\r\n     data-ad-format=\"auto\"\r\n     data-full-width-responsive=\"true\"><\/ins>\r\n<script>\r\n     (adsbygoogle = window.adsbygoogle || []).push({});\r\n<\/script>\n<\/div>\n<p><strong>Reforma de vivienda Travessera de Les Corts<\/strong> (Barrio La Maternitat i Sant Ramon, Barcelona) por <strong>Sincro<\/strong>. En este proyect\u00f3 se reform\u00f3 por completo un piso de una cierta antig\u00fcedad donde ya viv\u00edan los clientes. Inicialmente la vivienda estaba mal distribuida por lo que presentaba varios problemas asociados al aprovechamiento de los espacios, a la luminosidad, circulaci\u00f3n, funcionalidad y al confort, que no ayudaba a sacarle todo su potencial. Por tanto,\u00a0se puso mucho \u00e9nfasis en el dise\u00f1o interior de la vivienda,\u00a0teniendo en cuenta las necesidades, h\u00e1bitos y gustos de sus habitantes.<\/p>\n<div id='gallery-1' class='gallery galleryid-56185 gallery-columns-3 gallery-size-thumbnail'><figure class='gallery-item'>\n\t\t\t<div class='gallery-icon landscape'>\n\t\t\t\t<a href='https:\/\/www.arquimaster.com.ar\/web\/wp-content\/uploads\/2020\/06\/reforma_travessera_de_les_corts1.jpg' title=\"Reforma de vivienda Travessera de Les Corts \/ Sincro (\u00a9 Irene Diaz)\" data-rl_title=\"Reforma de vivienda Travessera de Les Corts \/ Sincro (\u00a9 Irene Diaz)\" class=\"rl-gallery-link\" data-rl_caption=\"Reforma de vivienda Travessera de Les Corts \/ Sincro (\u00a9 Irene Diaz)\" data-rel=\"lightbox-gallery-1\"><img loading=\"lazy\" decoding=\"async\" width=\"150\" height=\"150\" src=\"https:\/\/www.arquimaster.com.ar\/web\/wp-content\/uploads\/2020\/06\/reforma_travessera_de_les_corts1-150x150.jpg\" class=\"attachment-thumbnail size-thumbnail\" alt=\"\" aria-describedby=\"gallery-1-56187\" \/><\/a>\n\t\t\t<\/div>\n\t\t\t\t<figcaption class='wp-caption-text gallery-caption' id='gallery-1-56187'>\n\t\t\t\tReforma de vivienda Travessera de Les Corts \/ Sincro (\u00a9 Irene Diaz)\n\t\t\t\t<\/figcaption><\/figure><figure class='gallery-item'>\n\t\t\t<div class='gallery-icon landscape'>\n\t\t\t\t<a href='https:\/\/www.arquimaster.com.ar\/web\/wp-content\/uploads\/2020\/06\/reforma_travessera_de_les_corts2.jpg' title=\"Reforma de vivienda Travessera de Les Corts \/ Sincro (\u00a9 Irene Diaz)\" data-rl_title=\"Reforma de vivienda Travessera de Les Corts \/ Sincro (\u00a9 Irene Diaz)\" class=\"rl-gallery-link\" data-rl_caption=\"Reforma de vivienda Travessera de Les Corts \/ Sincro (\u00a9 Irene Diaz)\" data-rel=\"lightbox-gallery-1\"><img loading=\"lazy\" decoding=\"async\" width=\"150\" height=\"150\" src=\"https:\/\/www.arquimaster.com.ar\/web\/wp-content\/uploads\/2020\/06\/reforma_travessera_de_les_corts2-150x150.jpg\" class=\"attachment-thumbnail size-thumbnail\" alt=\"\" aria-describedby=\"gallery-1-56188\" \/><\/a>\n\t\t\t<\/div>\n\t\t\t\t<figcaption class='wp-caption-text gallery-caption' id='gallery-1-56188'>\n\t\t\t\tReforma de vivienda Travessera de Les Corts \/ Sincro (\u00a9 Irene Diaz)\n\t\t\t\t<\/figcaption><\/figure><figure class='gallery-item'>\n\t\t\t<div class='gallery-icon landscape'>\n\t\t\t\t<a href='https:\/\/www.arquimaster.com.ar\/web\/wp-content\/uploads\/2020\/06\/reforma_travessera_de_les_corts3.jpg' title=\"Reforma de vivienda Travessera de Les Corts \/ Sincro (\u00a9 Irene Diaz)\" data-rl_title=\"Reforma de vivienda Travessera de Les Corts \/ Sincro (\u00a9 Irene Diaz)\" class=\"rl-gallery-link\" data-rl_caption=\"Reforma de vivienda Travessera de Les Corts \/ Sincro (\u00a9 Irene Diaz)\" data-rel=\"lightbox-gallery-1\"><img loading=\"lazy\" decoding=\"async\" width=\"150\" height=\"150\" src=\"https:\/\/www.arquimaster.com.ar\/web\/wp-content\/uploads\/2020\/06\/reforma_travessera_de_les_corts3-150x150.jpg\" class=\"attachment-thumbnail size-thumbnail\" alt=\"\" aria-describedby=\"gallery-1-56189\" \/><\/a>\n\t\t\t<\/div>\n\t\t\t\t<figcaption class='wp-caption-text gallery-caption' id='gallery-1-56189'>\n\t\t\t\tReforma de vivienda Travessera de Les Corts \/ Sincro (\u00a9 Irene Diaz)\n\t\t\t\t<\/figcaption><\/figure><figure class='gallery-item'>\n\t\t\t<div class='gallery-icon landscape'>\n\t\t\t\t<a href='https:\/\/www.arquimaster.com.ar\/web\/wp-content\/uploads\/2020\/06\/reforma_travessera_de_les_corts4.jpg' title=\"Reforma de vivienda Travessera de Les Corts \/ Sincro (\u00a9 Irene Diaz)\" data-rl_title=\"Reforma de vivienda Travessera de Les Corts \/ Sincro (\u00a9 Irene Diaz)\" class=\"rl-gallery-link\" data-rl_caption=\"Reforma de vivienda Travessera de Les Corts \/ Sincro (\u00a9 Irene Diaz)\" data-rel=\"lightbox-gallery-1\"><img loading=\"lazy\" decoding=\"async\" width=\"150\" height=\"150\" src=\"https:\/\/www.arquimaster.com.ar\/web\/wp-content\/uploads\/2020\/06\/reforma_travessera_de_les_corts4-150x150.jpg\" class=\"attachment-thumbnail size-thumbnail\" alt=\"\" aria-describedby=\"gallery-1-56190\" \/><\/a>\n\t\t\t<\/div>\n\t\t\t\t<figcaption class='wp-caption-text gallery-caption' id='gallery-1-56190'>\n\t\t\t\tReforma de vivienda Travessera de Les Corts \/ Sincro (\u00a9 Irene Diaz)\n\t\t\t\t<\/figcaption><\/figure><figure class='gallery-item'>\n\t\t\t<div class='gallery-icon landscape'>\n\t\t\t\t<a href='https:\/\/www.arquimaster.com.ar\/web\/wp-content\/uploads\/2020\/06\/reforma_travessera_de_les_corts5.jpg' title=\"Reforma de vivienda Travessera de Les Corts \/ Sincro (\u00a9 Irene Diaz)\" data-rl_title=\"Reforma de vivienda Travessera de Les Corts \/ Sincro (\u00a9 Irene Diaz)\" class=\"rl-gallery-link\" data-rl_caption=\"Reforma de vivienda Travessera de Les Corts \/ Sincro (\u00a9 Irene Diaz)\" data-rel=\"lightbox-gallery-1\"><img loading=\"lazy\" decoding=\"async\" width=\"150\" height=\"150\" src=\"https:\/\/www.arquimaster.com.ar\/web\/wp-content\/uploads\/2020\/06\/reforma_travessera_de_les_corts5-150x150.jpg\" class=\"attachment-thumbnail size-thumbnail\" alt=\"\" aria-describedby=\"gallery-1-56191\" \/><\/a>\n\t\t\t<\/div>\n\t\t\t\t<figcaption class='wp-caption-text gallery-caption' id='gallery-1-56191'>\n\t\t\t\tReforma de vivienda Travessera de Les Corts \/ Sincro (\u00a9 Irene Diaz)\n\t\t\t\t<\/figcaption><\/figure><figure class='gallery-item'>\n\t\t\t<div class='gallery-icon landscape'>\n\t\t\t\t<a href='https:\/\/www.arquimaster.com.ar\/web\/wp-content\/uploads\/2020\/06\/reforma_travessera_de_les_corts6.jpg' title=\"Reforma de vivienda Travessera de Les Corts \/ Sincro (\u00a9 Irene Diaz)\" data-rl_title=\"Reforma de vivienda Travessera de Les Corts \/ Sincro (\u00a9 Irene Diaz)\" class=\"rl-gallery-link\" data-rl_caption=\"Reforma de vivienda Travessera de Les Corts \/ Sincro (\u00a9 Irene Diaz)\" data-rel=\"lightbox-gallery-1\"><img loading=\"lazy\" decoding=\"async\" width=\"150\" height=\"150\" src=\"https:\/\/www.arquimaster.com.ar\/web\/wp-content\/uploads\/2020\/06\/reforma_travessera_de_les_corts6-150x150.jpg\" class=\"attachment-thumbnail size-thumbnail\" alt=\"\" aria-describedby=\"gallery-1-56192\" \/><\/a>\n\t\t\t<\/div>\n\t\t\t\t<figcaption class='wp-caption-text gallery-caption' id='gallery-1-56192'>\n\t\t\t\tReforma de vivienda Travessera de Les Corts \/ Sincro (\u00a9 Irene Diaz)\n\t\t\t\t<\/figcaption><\/figure><figure class='gallery-item'>\n\t\t\t<div class='gallery-icon landscape'>\n\t\t\t\t<a href='https:\/\/www.arquimaster.com.ar\/web\/wp-content\/uploads\/2020\/06\/reforma_travessera_de_les_corts7.jpg' title=\"Reforma de vivienda Travessera de Les Corts \/ Sincro (\u00a9 Irene Diaz)\" data-rl_title=\"Reforma de vivienda Travessera de Les Corts \/ Sincro (\u00a9 Irene Diaz)\" class=\"rl-gallery-link\" data-rl_caption=\"Reforma de vivienda Travessera de Les Corts \/ Sincro (\u00a9 Irene Diaz)\" data-rel=\"lightbox-gallery-1\"><img loading=\"lazy\" decoding=\"async\" width=\"150\" height=\"150\" src=\"https:\/\/www.arquimaster.com.ar\/web\/wp-content\/uploads\/2020\/06\/reforma_travessera_de_les_corts7-150x150.jpg\" class=\"attachment-thumbnail size-thumbnail\" alt=\"\" aria-describedby=\"gallery-1-56193\" \/><\/a>\n\t\t\t<\/div>\n\t\t\t\t<figcaption class='wp-caption-text gallery-caption' id='gallery-1-56193'>\n\t\t\t\tReforma de vivienda Travessera de Les Corts \/ Sincro (\u00a9 Irene Diaz)\n\t\t\t\t<\/figcaption><\/figure><figure class='gallery-item'>\n\t\t\t<div class='gallery-icon landscape'>\n\t\t\t\t<a href='https:\/\/www.arquimaster.com.ar\/web\/wp-content\/uploads\/2020\/06\/reforma_travessera_de_les_corts8.jpg' title=\"Reforma de vivienda Travessera de Les Corts \/ Sincro (\u00a9 Irene Diaz)\" data-rl_title=\"Reforma de vivienda Travessera de Les Corts \/ Sincro (\u00a9 Irene Diaz)\" class=\"rl-gallery-link\" data-rl_caption=\"Reforma de vivienda Travessera de Les Corts \/ Sincro (\u00a9 Irene Diaz)\" data-rel=\"lightbox-gallery-1\"><img loading=\"lazy\" decoding=\"async\" width=\"150\" height=\"150\" src=\"https:\/\/www.arquimaster.com.ar\/web\/wp-content\/uploads\/2020\/06\/reforma_travessera_de_les_corts8-150x150.jpg\" class=\"attachment-thumbnail size-thumbnail\" alt=\"\" aria-describedby=\"gallery-1-56194\" \/><\/a>\n\t\t\t<\/div>\n\t\t\t\t<figcaption class='wp-caption-text gallery-caption' id='gallery-1-56194'>\n\t\t\t\tReforma de vivienda Travessera de Les Corts \/ Sincro (\u00a9 Irene Diaz)\n\t\t\t\t<\/figcaption><\/figure><figure class='gallery-item'>\n\t\t\t<div class='gallery-icon landscape'>\n\t\t\t\t<a href='https:\/\/www.arquimaster.com.ar\/web\/wp-content\/uploads\/2020\/06\/reforma_travessera_de_les_corts9.jpg' title=\"Reforma de vivienda Travessera de Les Corts \/ Sincro (\u00a9 Irene Diaz)\" data-rl_title=\"Reforma de vivienda Travessera de Les Corts \/ Sincro (\u00a9 Irene Diaz)\" class=\"rl-gallery-link\" data-rl_caption=\"Reforma de vivienda Travessera de Les Corts \/ Sincro (\u00a9 Irene Diaz)\" data-rel=\"lightbox-gallery-1\"><img loading=\"lazy\" decoding=\"async\" width=\"150\" height=\"150\" src=\"https:\/\/www.arquimaster.com.ar\/web\/wp-content\/uploads\/2020\/06\/reforma_travessera_de_les_corts9-150x150.jpg\" class=\"attachment-thumbnail size-thumbnail\" alt=\"\" aria-describedby=\"gallery-1-56195\" \/><\/a>\n\t\t\t<\/div>\n\t\t\t\t<figcaption class='wp-caption-text gallery-caption' id='gallery-1-56195'>\n\t\t\t\tReforma de vivienda Travessera de Les Corts \/ Sincro (\u00a9 Irene Diaz)\n\t\t\t\t<\/figcaption><\/figure><figure class='gallery-item'>\n\t\t\t<div class='gallery-icon landscape'>\n\t\t\t\t<a href='https:\/\/www.arquimaster.com.ar\/web\/wp-content\/uploads\/2020\/06\/reforma_travessera_de_les_corts10.jpg' title=\"Reforma de vivienda Travessera de Les Corts \/ Sincro (\u00a9 Irene Diaz)\" data-rl_title=\"Reforma de vivienda Travessera de Les Corts \/ Sincro (\u00a9 Irene Diaz)\" class=\"rl-gallery-link\" data-rl_caption=\"Reforma de vivienda Travessera de Les Corts \/ Sincro (\u00a9 Irene Diaz)\" data-rel=\"lightbox-gallery-1\"><img loading=\"lazy\" decoding=\"async\" width=\"150\" height=\"150\" src=\"https:\/\/www.arquimaster.com.ar\/web\/wp-content\/uploads\/2020\/06\/reforma_travessera_de_les_corts10-150x150.jpg\" class=\"attachment-thumbnail size-thumbnail\" alt=\"\" aria-describedby=\"gallery-1-56196\" \/><\/a>\n\t\t\t<\/div>\n\t\t\t\t<figcaption class='wp-caption-text gallery-caption' id='gallery-1-56196'>\n\t\t\t\tReforma de vivienda Travessera de Les Corts \/ Sincro (\u00a9 Irene Diaz)\n\t\t\t\t<\/figcaption><\/figure><figure class='gallery-item'>\n\t\t\t<div class='gallery-icon landscape'>\n\t\t\t\t<a href='https:\/\/www.arquimaster.com.ar\/web\/wp-content\/uploads\/2020\/06\/reforma_travessera_de_les_corts11.jpg' title=\"Reforma de vivienda Travessera de Les Corts \/ Sincro (\u00a9 Irene Diaz)\" data-rl_title=\"Reforma de vivienda Travessera de Les Corts \/ Sincro (\u00a9 Irene Diaz)\" class=\"rl-gallery-link\" data-rl_caption=\"Reforma de vivienda Travessera de Les Corts \/ Sincro (\u00a9 Irene Diaz)\" data-rel=\"lightbox-gallery-1\"><img loading=\"lazy\" decoding=\"async\" width=\"150\" height=\"150\" src=\"https:\/\/www.arquimaster.com.ar\/web\/wp-content\/uploads\/2020\/06\/reforma_travessera_de_les_corts11-150x150.jpg\" class=\"attachment-thumbnail size-thumbnail\" alt=\"\" aria-describedby=\"gallery-1-56197\" \/><\/a>\n\t\t\t<\/div>\n\t\t\t\t<figcaption class='wp-caption-text gallery-caption' id='gallery-1-56197'>\n\t\t\t\tReforma de vivienda Travessera de Les Corts \/ Sincro (\u00a9 Irene Diaz)\n\t\t\t\t<\/figcaption><\/figure><figure class='gallery-item'>\n\t\t\t<div class='gallery-icon landscape'>\n\t\t\t\t<a href='https:\/\/www.arquimaster.com.ar\/web\/wp-content\/uploads\/2020\/06\/reforma_travessera_de_les_corts12.jpg' title=\"Reforma de vivienda Travessera de Les Corts \/ Sincro (\u00a9 Irene Diaz)\" data-rl_title=\"Reforma de vivienda Travessera de Les Corts \/ Sincro (\u00a9 Irene Diaz)\" class=\"rl-gallery-link\" data-rl_caption=\"Reforma de vivienda Travessera de Les Corts \/ Sincro (\u00a9 Irene Diaz)\" data-rel=\"lightbox-gallery-1\"><img loading=\"lazy\" decoding=\"async\" width=\"150\" height=\"150\" src=\"https:\/\/www.arquimaster.com.ar\/web\/wp-content\/uploads\/2020\/06\/reforma_travessera_de_les_corts12-150x150.jpg\" class=\"attachment-thumbnail size-thumbnail\" alt=\"\" aria-describedby=\"gallery-1-56198\" \/><\/a>\n\t\t\t<\/div>\n\t\t\t\t<figcaption class='wp-caption-text gallery-caption' id='gallery-1-56198'>\n\t\t\t\tReforma de vivienda Travessera de Les Corts \/ Sincro (\u00a9 Irene Diaz)\n\t\t\t\t<\/figcaption><\/figure><figure class='gallery-item'>\n\t\t\t<div class='gallery-icon landscape'>\n\t\t\t\t<a href='https:\/\/www.arquimaster.com.ar\/web\/wp-content\/uploads\/2020\/06\/reforma_travessera_de_les_corts13.jpg' title=\"Reforma de vivienda Travessera de Les Corts \/ Sincro (\u00a9 Irene Diaz)\" data-rl_title=\"Reforma de vivienda Travessera de Les Corts \/ Sincro (\u00a9 Irene Diaz)\" class=\"rl-gallery-link\" data-rl_caption=\"Reforma de vivienda Travessera de Les Corts \/ Sincro (\u00a9 Irene Diaz)\" data-rel=\"lightbox-gallery-1\"><img loading=\"lazy\" decoding=\"async\" width=\"150\" height=\"150\" src=\"https:\/\/www.arquimaster.com.ar\/web\/wp-content\/uploads\/2020\/06\/reforma_travessera_de_les_corts13-150x150.jpg\" class=\"attachment-thumbnail size-thumbnail\" alt=\"\" aria-describedby=\"gallery-1-56199\" \/><\/a>\n\t\t\t<\/div>\n\t\t\t\t<figcaption class='wp-caption-text gallery-caption' id='gallery-1-56199'>\n\t\t\t\tReforma de vivienda Travessera de Les Corts \/ Sincro (\u00a9 Irene Diaz)\n\t\t\t\t<\/figcaption><\/figure><figure class='gallery-item'>\n\t\t\t<div class='gallery-icon landscape'>\n\t\t\t\t<a href='https:\/\/www.arquimaster.com.ar\/web\/wp-content\/uploads\/2020\/06\/reforma_travessera_de_les_corts14.jpg' title=\"Reforma de vivienda Travessera de Les Corts \/ Sincro (\u00a9 Irene Diaz)\" data-rl_title=\"Reforma de vivienda Travessera de Les Corts \/ Sincro (\u00a9 Irene Diaz)\" class=\"rl-gallery-link\" data-rl_caption=\"Reforma de vivienda Travessera de Les Corts \/ Sincro (\u00a9 Irene Diaz)\" data-rel=\"lightbox-gallery-1\"><img loading=\"lazy\" decoding=\"async\" width=\"150\" height=\"150\" src=\"https:\/\/www.arquimaster.com.ar\/web\/wp-content\/uploads\/2020\/06\/reforma_travessera_de_les_corts14-150x150.jpg\" class=\"attachment-thumbnail size-thumbnail\" alt=\"\" aria-describedby=\"gallery-1-56200\" \/><\/a>\n\t\t\t<\/div>\n\t\t\t\t<figcaption class='wp-caption-text gallery-caption' id='gallery-1-56200'>\n\t\t\t\tReforma de vivienda Travessera de Les Corts \/ Sincro (\u00a9 Irene Diaz)\n\t\t\t\t<\/figcaption><\/figure><figure class='gallery-item'>\n\t\t\t<div class='gallery-icon landscape'>\n\t\t\t\t<a href='https:\/\/www.arquimaster.com.ar\/web\/wp-content\/uploads\/2020\/06\/reforma_travessera_de_les_corts15.jpg' title=\"Reforma de vivienda Travessera de Les Corts \/ Sincro (\u00a9 Irene Diaz)\" data-rl_title=\"Reforma de vivienda Travessera de Les Corts \/ Sincro (\u00a9 Irene Diaz)\" class=\"rl-gallery-link\" data-rl_caption=\"Reforma de vivienda Travessera de Les Corts \/ Sincro (\u00a9 Irene Diaz)\" data-rel=\"lightbox-gallery-1\"><img loading=\"lazy\" decoding=\"async\" width=\"150\" height=\"150\" src=\"https:\/\/www.arquimaster.com.ar\/web\/wp-content\/uploads\/2020\/06\/reforma_travessera_de_les_corts15-150x150.jpg\" class=\"attachment-thumbnail size-thumbnail\" alt=\"\" aria-describedby=\"gallery-1-56201\" \/><\/a>\n\t\t\t<\/div>\n\t\t\t\t<figcaption class='wp-caption-text gallery-caption' id='gallery-1-56201'>\n\t\t\t\tReforma de vivienda Travessera de Les Corts \/ Sincro (\u00a9 Irene Diaz)\n\t\t\t\t<\/figcaption><\/figure><figure class='gallery-item'>\n\t\t\t<div class='gallery-icon landscape'>\n\t\t\t\t<a href='https:\/\/www.arquimaster.com.ar\/web\/wp-content\/uploads\/2020\/06\/reforma_travessera_de_les_corts16.jpg' title=\"Reforma de vivienda Travessera de Les Corts \/ Sincro (\u00a9 Irene Diaz)\" data-rl_title=\"Reforma de vivienda Travessera de Les Corts \/ Sincro (\u00a9 Irene Diaz)\" class=\"rl-gallery-link\" data-rl_caption=\"Reforma de vivienda Travessera de Les Corts \/ Sincro (\u00a9 Irene Diaz)\" data-rel=\"lightbox-gallery-1\"><img loading=\"lazy\" decoding=\"async\" width=\"150\" height=\"150\" src=\"https:\/\/www.arquimaster.com.ar\/web\/wp-content\/uploads\/2020\/06\/reforma_travessera_de_les_corts16-150x150.jpg\" class=\"attachment-thumbnail size-thumbnail\" alt=\"\" aria-describedby=\"gallery-1-56202\" \/><\/a>\n\t\t\t<\/div>\n\t\t\t\t<figcaption class='wp-caption-text gallery-caption' id='gallery-1-56202'>\n\t\t\t\tReforma de vivienda Travessera de Les Corts \/ Sincro (\u00a9 Irene Diaz)\n\t\t\t\t<\/figcaption><\/figure><figure class='gallery-item'>\n\t\t\t<div class='gallery-icon landscape'>\n\t\t\t\t<a href='https:\/\/www.arquimaster.com.ar\/web\/wp-content\/uploads\/2020\/06\/reforma_travessera_de_les_corts17.jpg' title=\"Reforma de vivienda Travessera de Les Corts \/ Sincro (\u00a9 Irene Diaz)\" data-rl_title=\"Reforma de vivienda Travessera de Les Corts \/ Sincro (\u00a9 Irene Diaz)\" class=\"rl-gallery-link\" data-rl_caption=\"Reforma de vivienda Travessera de Les Corts \/ Sincro (\u00a9 Irene Diaz)\" data-rel=\"lightbox-gallery-1\"><img loading=\"lazy\" decoding=\"async\" width=\"150\" height=\"150\" src=\"https:\/\/www.arquimaster.com.ar\/web\/wp-content\/uploads\/2020\/06\/reforma_travessera_de_les_corts17-150x150.jpg\" class=\"attachment-thumbnail size-thumbnail\" alt=\"\" aria-describedby=\"gallery-1-56203\" \/><\/a>\n\t\t\t<\/div>\n\t\t\t\t<figcaption class='wp-caption-text gallery-caption' id='gallery-1-56203'>\n\t\t\t\tReforma de vivienda Travessera de Les Corts \/ Sincro (\u00a9 Irene Diaz)\n\t\t\t\t<\/figcaption><\/figure><figure class='gallery-item'>\n\t\t\t<div class='gallery-icon landscape'>\n\t\t\t\t<a href='https:\/\/www.arquimaster.com.ar\/web\/wp-content\/uploads\/2020\/06\/reforma_travessera_de_les_corts18.jpg' title=\"Reforma de vivienda Travessera de Les Corts \/ Sincro (\u00a9 Irene Diaz)\" data-rl_title=\"Reforma de vivienda Travessera de Les Corts \/ Sincro (\u00a9 Irene Diaz)\" class=\"rl-gallery-link\" data-rl_caption=\"Reforma de vivienda Travessera de Les Corts \/ Sincro (\u00a9 Irene Diaz)\" data-rel=\"lightbox-gallery-1\"><img loading=\"lazy\" decoding=\"async\" width=\"150\" height=\"150\" src=\"https:\/\/www.arquimaster.com.ar\/web\/wp-content\/uploads\/2020\/06\/reforma_travessera_de_les_corts18-150x150.jpg\" class=\"attachment-thumbnail size-thumbnail\" alt=\"\" aria-describedby=\"gallery-1-56204\" \/><\/a>\n\t\t\t<\/div>\n\t\t\t\t<figcaption class='wp-caption-text gallery-caption' id='gallery-1-56204'>\n\t\t\t\tReforma de vivienda Travessera de Les Corts \/ Sincro (\u00a9 Irene Diaz)\n\t\t\t\t<\/figcaption><\/figure><figure class='gallery-item'>\n\t\t\t<div class='gallery-icon landscape'>\n\t\t\t\t<a href='https:\/\/www.arquimaster.com.ar\/web\/wp-content\/uploads\/2020\/06\/reforma_travessera_de_les_corts19.jpg' title=\"Reforma de vivienda Travessera de Les Corts \/ Sincro (\u00a9 Irene Diaz)\" data-rl_title=\"Reforma de vivienda Travessera de Les Corts \/ Sincro (\u00a9 Irene Diaz)\" class=\"rl-gallery-link\" data-rl_caption=\"Reforma de vivienda Travessera de Les Corts \/ Sincro (\u00a9 Irene Diaz)\" data-rel=\"lightbox-gallery-1\"><img loading=\"lazy\" decoding=\"async\" width=\"150\" height=\"150\" src=\"https:\/\/www.arquimaster.com.ar\/web\/wp-content\/uploads\/2020\/06\/reforma_travessera_de_les_corts19-150x150.jpg\" class=\"attachment-thumbnail size-thumbnail\" alt=\"\" aria-describedby=\"gallery-1-56205\" \/><\/a>\n\t\t\t<\/div>\n\t\t\t\t<figcaption class='wp-caption-text gallery-caption' id='gallery-1-56205'>\n\t\t\t\tReforma de vivienda Travessera de Les Corts \/ Sincro (\u00a9 Irene Diaz)\n\t\t\t\t<\/figcaption><\/figure><figure class='gallery-item'>\n\t\t\t<div class='gallery-icon landscape'>\n\t\t\t\t<a href='https:\/\/www.arquimaster.com.ar\/web\/wp-content\/uploads\/2020\/06\/reforma_travessera_de_les_corts20.jpg' title=\"Reforma de vivienda Travessera de Les Corts \/ Sincro (\u00a9 Irene Diaz)\" data-rl_title=\"Reforma de vivienda Travessera de Les Corts \/ Sincro (\u00a9 Irene Diaz)\" class=\"rl-gallery-link\" data-rl_caption=\"Reforma de vivienda Travessera de Les Corts \/ Sincro (\u00a9 Irene Diaz)\" data-rel=\"lightbox-gallery-1\"><img loading=\"lazy\" decoding=\"async\" width=\"150\" height=\"150\" src=\"https:\/\/www.arquimaster.com.ar\/web\/wp-content\/uploads\/2020\/06\/reforma_travessera_de_les_corts20-150x150.jpg\" class=\"attachment-thumbnail size-thumbnail\" alt=\"\" aria-describedby=\"gallery-1-56206\" \/><\/a>\n\t\t\t<\/div>\n\t\t\t\t<figcaption class='wp-caption-text gallery-caption' id='gallery-1-56206'>\n\t\t\t\tReforma de vivienda Travessera de Les Corts \/ Sincro (\u00a9 Irene Diaz)\n\t\t\t\t<\/figcaption><\/figure><figure class='gallery-item'>\n\t\t\t<div class='gallery-icon landscape'>\n\t\t\t\t<a href='https:\/\/www.arquimaster.com.ar\/web\/wp-content\/uploads\/2020\/06\/reforma_travessera_de_les_corts21.jpg' title=\"Reforma de vivienda Travessera de Les Corts \/ Sincro (\u00a9 Irene Diaz)\" data-rl_title=\"Reforma de vivienda Travessera de Les Corts \/ Sincro (\u00a9 Irene Diaz)\" class=\"rl-gallery-link\" data-rl_caption=\"Reforma de vivienda Travessera de Les Corts \/ Sincro (\u00a9 Irene Diaz)\" data-rel=\"lightbox-gallery-1\"><img loading=\"lazy\" decoding=\"async\" width=\"150\" height=\"150\" src=\"https:\/\/www.arquimaster.com.ar\/web\/wp-content\/uploads\/2020\/06\/reforma_travessera_de_les_corts21-150x150.jpg\" class=\"attachment-thumbnail size-thumbnail\" alt=\"\" aria-describedby=\"gallery-1-56207\" \/><\/a>\n\t\t\t<\/div>\n\t\t\t\t<figcaption class='wp-caption-text gallery-caption' id='gallery-1-56207'>\n\t\t\t\tReforma de vivienda Travessera de Les Corts \/ Sincro (\u00a9 Irene Diaz)\n\t\t\t\t<\/figcaption><\/figure><figure class='gallery-item'>\n\t\t\t<div class='gallery-icon landscape'>\n\t\t\t\t<a href='https:\/\/www.arquimaster.com.ar\/web\/wp-content\/uploads\/2020\/06\/reforma_travessera_de_les_corts22.jpg' title=\"Reforma de vivienda Travessera de Les Corts \/ Sincro (\u00a9 Irene Diaz)\" data-rl_title=\"Reforma de vivienda Travessera de Les Corts \/ Sincro (\u00a9 Irene Diaz)\" class=\"rl-gallery-link\" data-rl_caption=\"Reforma de vivienda Travessera de Les Corts \/ Sincro (\u00a9 Irene Diaz)\" data-rel=\"lightbox-gallery-1\"><img loading=\"lazy\" decoding=\"async\" width=\"150\" height=\"150\" src=\"https:\/\/www.arquimaster.com.ar\/web\/wp-content\/uploads\/2020\/06\/reforma_travessera_de_les_corts22-150x150.jpg\" class=\"attachment-thumbnail size-thumbnail\" alt=\"\" aria-describedby=\"gallery-1-56208\" \/><\/a>\n\t\t\t<\/div>\n\t\t\t\t<figcaption class='wp-caption-text gallery-caption' id='gallery-1-56208'>\n\t\t\t\tReforma de vivienda Travessera de Les Corts \/ Sincro (\u00a9 Irene Diaz)\n\t\t\t\t<\/figcaption><\/figure><figure class='gallery-item'>\n\t\t\t<div class='gallery-icon landscape'>\n\t\t\t\t<a href='https:\/\/www.arquimaster.com.ar\/web\/wp-content\/uploads\/2020\/06\/reforma_travessera_de_les_corts23.jpg' title=\"Reforma de vivienda Travessera de Les Corts \/ Sincro (\u00a9 Irene Diaz)\" data-rl_title=\"Reforma de vivienda Travessera de Les Corts \/ Sincro (\u00a9 Irene Diaz)\" class=\"rl-gallery-link\" data-rl_caption=\"Reforma de vivienda Travessera de Les Corts \/ Sincro (\u00a9 Irene Diaz)\" data-rel=\"lightbox-gallery-1\"><img loading=\"lazy\" decoding=\"async\" width=\"150\" height=\"150\" src=\"https:\/\/www.arquimaster.com.ar\/web\/wp-content\/uploads\/2020\/06\/reforma_travessera_de_les_corts23-150x150.jpg\" class=\"attachment-thumbnail size-thumbnail\" alt=\"\" aria-describedby=\"gallery-1-56209\" \/><\/a>\n\t\t\t<\/div>\n\t\t\t\t<figcaption class='wp-caption-text gallery-caption' id='gallery-1-56209'>\n\t\t\t\tReforma de vivienda Travessera de Les Corts \/ Sincro (\u00a9 Irene Diaz)\n\t\t\t\t<\/figcaption><\/figure><figure class='gallery-item'>\n\t\t\t<div class='gallery-icon landscape'>\n\t\t\t\t<a href='https:\/\/www.arquimaster.com.ar\/web\/wp-content\/uploads\/2020\/06\/reforma_travessera_de_les_corts24.jpg' title=\"Reforma de vivienda Travessera de Les Corts \/ Sincro (\u00a9 Irene Diaz)\" data-rl_title=\"Reforma de vivienda Travessera de Les Corts \/ Sincro (\u00a9 Irene Diaz)\" class=\"rl-gallery-link\" data-rl_caption=\"Reforma de vivienda Travessera de Les Corts \/ Sincro (\u00a9 Irene Diaz)\" data-rel=\"lightbox-gallery-1\"><img loading=\"lazy\" decoding=\"async\" width=\"150\" height=\"150\" src=\"https:\/\/www.arquimaster.com.ar\/web\/wp-content\/uploads\/2020\/06\/reforma_travessera_de_les_corts24-150x150.jpg\" class=\"attachment-thumbnail size-thumbnail\" alt=\"\" aria-describedby=\"gallery-1-56210\" \/><\/a>\n\t\t\t<\/div>\n\t\t\t\t<figcaption class='wp-caption-text gallery-caption' id='gallery-1-56210'>\n\t\t\t\tReforma de vivienda Travessera de Les Corts \/ Sincro (\u00a9 Irene Diaz)\n\t\t\t\t<\/figcaption><\/figure><figure class='gallery-item'>\n\t\t\t<div class='gallery-icon landscape'>\n\t\t\t\t<a href='https:\/\/www.arquimaster.com.ar\/web\/wp-content\/uploads\/2020\/06\/reforma_travessera_de_les_corts25.jpg' title=\"Reforma de vivienda Travessera de Les Corts \/ Sincro (\u00a9 Irene Diaz)\" data-rl_title=\"Reforma de vivienda Travessera de Les Corts \/ Sincro (\u00a9 Irene Diaz)\" class=\"rl-gallery-link\" data-rl_caption=\"Reforma de vivienda Travessera de Les Corts \/ Sincro (\u00a9 Irene Diaz)\" data-rel=\"lightbox-gallery-1\"><img loading=\"lazy\" decoding=\"async\" width=\"150\" height=\"150\" src=\"https:\/\/www.arquimaster.com.ar\/web\/wp-content\/uploads\/2020\/06\/reforma_travessera_de_les_corts25-150x150.jpg\" class=\"attachment-thumbnail size-thumbnail\" alt=\"\" aria-describedby=\"gallery-1-56211\" \/><\/a>\n\t\t\t<\/div>\n\t\t\t\t<figcaption class='wp-caption-text gallery-caption' id='gallery-1-56211'>\n\t\t\t\tReforma de vivienda Travessera de Les Corts \/ Sincro (\u00a9 Irene Diaz)\n\t\t\t\t<\/figcaption><\/figure><figure class='gallery-item'>\n\t\t\t<div class='gallery-icon portrait'>\n\t\t\t\t<a href='https:\/\/www.arquimaster.com.ar\/web\/wp-content\/uploads\/2020\/06\/reforma_travessera_de_les_corts26.jpg' title=\"Reforma de vivienda Travessera de Les Corts \/ Sincro (\u00a9 Irene Diaz)\" data-rl_title=\"Reforma de vivienda Travessera de Les Corts \/ Sincro (\u00a9 Irene Diaz)\" class=\"rl-gallery-link\" data-rl_caption=\"Reforma de vivienda Travessera de Les Corts \/ Sincro (\u00a9 Irene Diaz)\" data-rel=\"lightbox-gallery-1\"><img loading=\"lazy\" decoding=\"async\" width=\"150\" height=\"150\" src=\"https:\/\/www.arquimaster.com.ar\/web\/wp-content\/uploads\/2020\/06\/reforma_travessera_de_les_corts26-150x150.jpg\" class=\"attachment-thumbnail size-thumbnail\" alt=\"\" aria-describedby=\"gallery-1-56212\" \/><\/a>\n\t\t\t<\/div>\n\t\t\t\t<figcaption class='wp-caption-text gallery-caption' id='gallery-1-56212'>\n\t\t\t\tReforma de vivienda Travessera de Les Corts \/ Sincro (\u00a9 Irene Diaz)\n\t\t\t\t<\/figcaption><\/figure><figure class='gallery-item'>\n\t\t\t<div class='gallery-icon landscape'>\n\t\t\t\t<a href='https:\/\/www.arquimaster.com.ar\/web\/wp-content\/uploads\/2020\/06\/reforma_travessera_de_les_corts27.jpg' title=\"Reforma de vivienda Travessera de Les Corts \/ Sincro (\u00a9 Irene Diaz)\" data-rl_title=\"Reforma de vivienda Travessera de Les Corts \/ Sincro (\u00a9 Irene Diaz)\" class=\"rl-gallery-link\" data-rl_caption=\"Reforma de vivienda Travessera de Les Corts \/ Sincro (\u00a9 Irene Diaz)\" data-rel=\"lightbox-gallery-1\"><img loading=\"lazy\" decoding=\"async\" width=\"150\" height=\"150\" src=\"https:\/\/www.arquimaster.com.ar\/web\/wp-content\/uploads\/2020\/06\/reforma_travessera_de_les_corts27-150x150.jpg\" class=\"attachment-thumbnail size-thumbnail\" alt=\"\" aria-describedby=\"gallery-1-56214\" \/><\/a>\n\t\t\t<\/div>\n\t\t\t\t<figcaption class='wp-caption-text gallery-caption' id='gallery-1-56214'>\n\t\t\t\tReforma de vivienda Travessera de Les Corts \/ Sincro (\u00a9 Irene Diaz)\n\t\t\t\t<\/figcaption><\/figure><figure class='gallery-item'>\n\t\t\t<div class='gallery-icon landscape'>\n\t\t\t\t<a href='https:\/\/www.arquimaster.com.ar\/web\/wp-content\/uploads\/2020\/06\/reforma_travessera_de_les_corts28.jpg' title=\"Reforma de vivienda Travessera de Les Corts \/ Sincro (\u00a9 Irene Diaz)\" data-rl_title=\"Reforma de vivienda Travessera de Les Corts \/ Sincro (\u00a9 Irene Diaz)\" class=\"rl-gallery-link\" data-rl_caption=\"Reforma de vivienda Travessera de Les Corts \/ Sincro (\u00a9 Irene Diaz)\" data-rel=\"lightbox-gallery-1\"><img loading=\"lazy\" decoding=\"async\" width=\"150\" height=\"150\" src=\"https:\/\/www.arquimaster.com.ar\/web\/wp-content\/uploads\/2020\/06\/reforma_travessera_de_les_corts28-150x150.jpg\" class=\"attachment-thumbnail size-thumbnail\" alt=\"\" aria-describedby=\"gallery-1-56216\" \/><\/a>\n\t\t\t<\/div>\n\t\t\t\t<figcaption class='wp-caption-text gallery-caption' id='gallery-1-56216'>\n\t\t\t\tReforma de vivienda Travessera de Les Corts \/ Sincro (\u00a9 Irene Diaz)\n\t\t\t\t<\/figcaption><\/figure><figure class='gallery-item'>\n\t\t\t<div class='gallery-icon landscape'>\n\t\t\t\t<a href='https:\/\/www.arquimaster.com.ar\/web\/wp-content\/uploads\/2020\/06\/reforma_travessera_de_les_corts29.jpg' title=\"Reforma de vivienda Travessera de Les Corts \/ Sincro (planta reforma)\" data-rl_title=\"Reforma de vivienda Travessera de Les Corts \/ Sincro (planta reforma)\" class=\"rl-gallery-link\" data-rl_caption=\"Reforma de vivienda Travessera de Les Corts \/ Sincro (planta reforma)\" data-rel=\"lightbox-gallery-1\"><img loading=\"lazy\" decoding=\"async\" width=\"150\" height=\"150\" src=\"https:\/\/www.arquimaster.com.ar\/web\/wp-content\/uploads\/2020\/06\/reforma_travessera_de_les_corts29-150x150.jpg\" class=\"attachment-thumbnail size-thumbnail\" alt=\"\" aria-describedby=\"gallery-1-56217\" \/><\/a>\n\t\t\t<\/div>\n\t\t\t\t<figcaption class='wp-caption-text gallery-caption' id='gallery-1-56217'>\n\t\t\t\tReforma de vivienda Travessera de Les Corts \/ Sincro (planta reforma)\n\t\t\t\t<\/figcaption><\/figure><figure class='gallery-item'>\n\t\t\t<div class='gallery-icon landscape'>\n\t\t\t\t<a href='https:\/\/www.arquimaster.com.ar\/web\/wp-content\/uploads\/2020\/06\/reforma_travessera_de_les_corts30.jpg' title=\"Reforma de vivienda Travessera de Les Corts \/ Sincro (planta anterior)\" data-rl_title=\"Reforma de vivienda Travessera de Les Corts \/ Sincro (planta anterior)\" class=\"rl-gallery-link\" data-rl_caption=\"Reforma de vivienda Travessera de Les Corts \/ Sincro (planta anterior)\" data-rel=\"lightbox-gallery-1\"><img loading=\"lazy\" decoding=\"async\" width=\"150\" height=\"150\" src=\"https:\/\/www.arquimaster.com.ar\/web\/wp-content\/uploads\/2020\/06\/reforma_travessera_de_les_corts30-150x150.jpg\" class=\"attachment-thumbnail size-thumbnail\" alt=\"\" aria-describedby=\"gallery-1-56218\" \/><\/a>\n\t\t\t<\/div>\n\t\t\t\t<figcaption class='wp-caption-text gallery-caption' id='gallery-1-56218'>\n\t\t\t\tReforma de vivienda Travessera de Les Corts \/ Sincro (planta anterior)\n\t\t\t\t<\/figcaption><\/figure>\n\t\t<\/div>\n\n<p>Con la nueva distribuci\u00f3n, se ha conseguido\u00a0zonificar el piso\u00a0con una zona diurna compuesta por un\u00a0espacio di\u00e1fano\u00a0y vers\u00e1til, y otra donde descansar y dormir tranquilamente. Para conseguirlo se ha suprimido una de las habitaciones, y pasillos y otros rincones que le restaban espacio \u00fatil a la vivienda.<\/p>\n<p>Gracias a la mejora del acceso de la terraza se ha logrado\u00a0fusionar el interior y el exterior de esta vivienda, consiguiendo una zona de d\u00eda muy agradable, amplia y luminosa.<\/p>\n<p>El estilo decorativo se ha inspirado en las viviendas n\u00f3rdicas, donde predominan los ambientes despejados y ordenados, los tonos neutros y claros, la madera y las l\u00edneas rectas y depuradas del mobiliario, que hace que su interior sea acogedor, c\u00e1lido y confortable.<\/p>\n<p>Destacar que se ha apostado por\u00a0crear espacios con distintas funcionalidades. Por ejemplo, poder trabajar desde casa era uno de los requisitos del proyecto, por lo que se ha creado en el sal\u00f3n un espacio de trabajo, c\u00f3modo y relajado, donde trabajar durante el d\u00eda. Destacar el escritorio elevable, del fabricante Jarvis, que permite trabajar tanto de pie como sentado.<\/p>\n<p>En el dormitorio principal se ha creado un\u00a0espacio de meditaci\u00f3n, y que a la vez, gracias a una puerta corredera y al mueble con cama abatible, se puede convertir en un peque\u00f1o\u00a0dormitorio para invitados.<\/p>\n<p>Y un \u00faltimo ejemplo lo encontramos en el aseo, donde se ha instalado la zona del lavadero dentro de un armario, quedando totalmente oculto en el momento de no utilizarse.<\/p>\n<p>Finalmente destacar algunas de las marcas que hemos utilizado.\u00a0Tegar, presente en todos los armarios de la vivienda, muebles del ba\u00f1o, mueble TV, y en los bufetes y librer\u00eda del sal\u00f3n. El mueble de cocina del fabricante\u00a0Aur\u00f3, la encimera\u00a0Dekton\u00a0y los electrodom\u00e9sticos de cocina\u00a0Neff. El sanitario de estilo japon\u00e9s Sensia Arena\u00a0Grohe\u00a0y el grifo bid\u00e9\u00a0Bossini.\u00a0La climatizaci\u00f3n inteligente\u00a0Airzone.\u00a0Y por \u00faltimo, las cortinas y screens motorizados del proveedor\u00a0Serveis Textils.<\/p>\n<p><strong>Ficha t\u00e9cnica<\/strong><br \/>\nNombre: Reforma Travessera de Les Corts<br \/>\nUbicacion: Barrio La Maternitat i Sant Ramon, Barcelona<br \/>\nProyectistas: Sincro<br \/>\nQui\u00e9n vive all\u00ed: Un matrimonio con su hija<br \/>\nTrabajos realizados: reforma integral de la vivienda<br \/>\nLo m\u00e1s destacado: Cambio de la distribuci\u00f3n para optimizar los espacios, conseguir una vivienda m\u00e1s di\u00e1fana y vers\u00e1til, y para incrementar la luminosidad natural<br \/>\nSuperficie: 90 m2 + 18 m2 de terraza<br \/>\nFotograf\u00edas: Irene Diaz<\/p>\n<p><strong>Video<\/strong><br \/>\n<a href=\"https:\/\/youtu.be\/ZFA23qryU4s\" target=\"_blank\" rel=\"noopener noreferrer\">https:\/\/youtu.be\/ZFA23qryU4s<\/a><\/p>\n<p><strong>Contacto<\/strong><br \/>\n<a href=\"https:\/\/www.bysincro.com\/proyectos\/reforma-travessera-de-les-corts\/\" target=\"_blank\" rel=\"noopener noreferrer\">https:\/\/www.bysincro.com\/<\/a><\/p>\n\n<div style=\"font-size: 0px; height: 0px; line-height: 0px; margin: 0; padding: 0; clear: both;\"><\/div><div style=\"margin-top: 0px; margin-bottom: 0px;\" class=\"sharethis-inline-share-buttons\" ><\/div>","protected":false},"excerpt":{"rendered":"<p>El estilo decorativo se ha inspirado en las viviendas n\u00f3rdicas&#8230;<\/p>\n","protected":false},"author":1,"featured_media":56186,"comment_status":"closed","ping_status":"closed","sticky":false,"template":"","format":"standard","meta":{"_uag_custom_page_level_css":"","footnotes":""},"categories":[79,1,83],"tags":[5581,679,6030,5326,249,5325,1043,2298,680,5323],"class_list":["post-56185","post","type-post","status-publish","format-standard","has-post-thumbnail","hentry","category-departamentos","category-proyecto","category-vivienda-unifamiliar","tag-apartamento","tag-barcelona","tag-barrio-la-maternitat-i-sant-ramon","tag-carolina-luzon","tag-departamento","tag-luis-ruiz","tag-reforma-de-vivienda","tag-refuncionalizacion","tag-rehabilitacion","tag-sincro","generate-columns","tablet-grid-50","mobile-grid-100","grid-parent","grid-50"],"yoast_head":"<!-- This site is optimized with the Yoast SEO plugin v27.3 - https:\/\/yoast.com\/product\/yoast-seo-wordpress\/ -->\n<title>Reforma de vivienda Travessera de Les Corts \/ Sincro - Arquimaster<\/title>\n<meta name=\"description\" content=\"El estilo decorativo se ha inspirado en las viviendas n\u00f3rdicas, donde predominan los ambientes despejados y ordenados, los tonos neutros y claros, la madera.\" \/>\n<meta name=\"robots\" content=\"index, follow, max-snippet:-1, max-image-preview:large, max-video-preview:-1\" \/>\n<link rel=\"canonical\" href=\"https:\/\/www.arquimaster.com.ar\/web\/reforma-de-vivienda-travessera-de-les-corts-sincro\/\" \/>\n<meta property=\"og:locale\" content=\"es_ES\" \/>\n<meta property=\"og:type\" content=\"article\" \/>\n<meta property=\"og:title\" content=\"Reforma de vivienda Travessera de Les Corts \/ Sincro\" \/>\n<meta property=\"og:description\" content=\"El estilo decorativo se ha inspirado en las viviendas n\u00f3rdicas, donde predominan los ambientes despejados y ordenados, los tonos neutros y claros, la madera.\" \/>\n<meta property=\"og:url\" content=\"https:\/\/www.arquimaster.com.ar\/web\/reforma-de-vivienda-travessera-de-les-corts-sincro\/\" \/>\n<meta property=\"og:site_name\" content=\"Arquimaster\" \/>\n<meta property=\"article:publisher\" content=\"http:\/\/www.facebook.com\/ARQUIMASTER.com.ar\" \/>\n<meta property=\"article:published_time\" content=\"2020-06-04T20:14:55+00:00\" \/>\n<meta property=\"article:modified_time\" content=\"2020-06-04T20:14:56+00:00\" \/>\n<meta property=\"og:image\" content=\"https:\/\/www.arquimaster.com.ar\/web\/wp-content\/uploads\/2020\/06\/reforma_travessera_de_les_corts_slide.jpg\" \/>\n\t<meta property=\"og:image:width\" content=\"698\" \/>\n\t<meta property=\"og:image:height\" content=\"364\" \/>\n\t<meta property=\"og:image:type\" content=\"image\/jpeg\" \/>\n<meta name=\"author\" content=\"Arquimaster\" \/>\n<meta name=\"twitter:card\" content=\"summary_large_image\" \/>\n<meta name=\"twitter:title\" content=\"Reforma de vivienda Travessera de Les Corts \/ Sincro\" \/>\n<meta name=\"twitter:description\" content=\"El estilo decorativo se ha inspirado en las viviendas n\u00f3rdicas, donde predominan los ambientes despejados y ordenados, los tonos neutros y claros, la madera.\" \/>\n<meta name=\"twitter:image\" content=\"https:\/\/www.arquimaster.com.ar\/web\/wp-content\/uploads\/2020\/06\/reforma_travessera_de_les_corts_slide.jpg\" \/>\n<meta name=\"twitter:creator\" content=\"@arquimaster\" \/>\n<meta name=\"twitter:site\" content=\"@arquimaster\" \/>\n<meta name=\"twitter:label1\" content=\"Escrito por\" \/>\n\t<meta name=\"twitter:data1\" content=\"Arquimaster\" \/>\n\t<meta name=\"twitter:label2\" content=\"Tiempo de lectura\" \/>\n\t<meta name=\"twitter:data2\" content=\"3 minutos\" \/>\n<script type=\"application\/ld+json\" class=\"yoast-schema-graph\">{\"@context\":\"https:\\\/\\\/schema.org\",\"@graph\":[{\"@type\":\"Article\",\"@id\":\"https:\\\/\\\/www.arquimaster.com.ar\\\/web\\\/reforma-de-vivienda-travessera-de-les-corts-sincro\\\/#article\",\"isPartOf\":{\"@id\":\"https:\\\/\\\/www.arquimaster.com.ar\\\/web\\\/reforma-de-vivienda-travessera-de-les-corts-sincro\\\/\"},\"author\":{\"name\":\"Arquimaster\",\"@id\":\"https:\\\/\\\/www.arquimaster.com.ar\\\/web\\\/#\\\/schema\\\/person\\\/359e9f7c00193fcde068e0dd2ceb0028\"},\"headline\":\"Reforma de vivienda Travessera de Les Corts \\\/ Sincro\",\"datePublished\":\"2020-06-04T20:14:55+00:00\",\"dateModified\":\"2020-06-04T20:14:56+00:00\",\"mainEntityOfPage\":{\"@id\":\"https:\\\/\\\/www.arquimaster.com.ar\\\/web\\\/reforma-de-vivienda-travessera-de-les-corts-sincro\\\/\"},\"wordCount\":537,\"publisher\":{\"@id\":\"https:\\\/\\\/www.arquimaster.com.ar\\\/web\\\/#organization\"},\"image\":{\"@id\":\"https:\\\/\\\/www.arquimaster.com.ar\\\/web\\\/reforma-de-vivienda-travessera-de-les-corts-sincro\\\/#primaryimage\"},\"thumbnailUrl\":\"https:\\\/\\\/www.arquimaster.com.ar\\\/web\\\/wp-content\\\/uploads\\\/2020\\\/06\\\/reforma_travessera_de_les_corts_slide.jpg\",\"keywords\":[\"apartamento\",\"Barcelona\",\"Barrio La Maternitat i Sant Ramon\",\"Carolina Luz\u00f3n\",\"departamento\",\"Luis Ruiz\",\"reforma de vivienda\",\"refuncionalizaci\u00f3n\",\"rehabilitaci\u00f3n\",\"Sincro\"],\"articleSection\":[\"Departamentos y Lofts\",\"Proyecto\",\"Vivienda unifamiliar y PH\"],\"inLanguage\":\"es\"},{\"@type\":\"WebPage\",\"@id\":\"https:\\\/\\\/www.arquimaster.com.ar\\\/web\\\/reforma-de-vivienda-travessera-de-les-corts-sincro\\\/\",\"url\":\"https:\\\/\\\/www.arquimaster.com.ar\\\/web\\\/reforma-de-vivienda-travessera-de-les-corts-sincro\\\/\",\"name\":\"Reforma de vivienda Travessera de Les Corts \\\/ Sincro - Arquimaster\",\"isPartOf\":{\"@id\":\"https:\\\/\\\/www.arquimaster.com.ar\\\/web\\\/#website\"},\"primaryImageOfPage\":{\"@id\":\"https:\\\/\\\/www.arquimaster.com.ar\\\/web\\\/reforma-de-vivienda-travessera-de-les-corts-sincro\\\/#primaryimage\"},\"image\":{\"@id\":\"https:\\\/\\\/www.arquimaster.com.ar\\\/web\\\/reforma-de-vivienda-travessera-de-les-corts-sincro\\\/#primaryimage\"},\"thumbnailUrl\":\"https:\\\/\\\/www.arquimaster.com.ar\\\/web\\\/wp-content\\\/uploads\\\/2020\\\/06\\\/reforma_travessera_de_les_corts_slide.jpg\",\"datePublished\":\"2020-06-04T20:14:55+00:00\",\"dateModified\":\"2020-06-04T20:14:56+00:00\",\"description\":\"El estilo decorativo se ha inspirado en las viviendas n\u00f3rdicas, donde predominan los ambientes despejados y ordenados, los tonos neutros y claros, la madera.\",\"breadcrumb\":{\"@id\":\"https:\\\/\\\/www.arquimaster.com.ar\\\/web\\\/reforma-de-vivienda-travessera-de-les-corts-sincro\\\/#breadcrumb\"},\"inLanguage\":\"es\",\"potentialAction\":[{\"@type\":\"ReadAction\",\"target\":[\"https:\\\/\\\/www.arquimaster.com.ar\\\/web\\\/reforma-de-vivienda-travessera-de-les-corts-sincro\\\/\"]}]},{\"@type\":\"ImageObject\",\"inLanguage\":\"es\",\"@id\":\"https:\\\/\\\/www.arquimaster.com.ar\\\/web\\\/reforma-de-vivienda-travessera-de-les-corts-sincro\\\/#primaryimage\",\"url\":\"https:\\\/\\\/www.arquimaster.com.ar\\\/web\\\/wp-content\\\/uploads\\\/2020\\\/06\\\/reforma_travessera_de_les_corts_slide.jpg\",\"contentUrl\":\"https:\\\/\\\/www.arquimaster.com.ar\\\/web\\\/wp-content\\\/uploads\\\/2020\\\/06\\\/reforma_travessera_de_les_corts_slide.jpg\",\"width\":698,\"height\":364},{\"@type\":\"BreadcrumbList\",\"@id\":\"https:\\\/\\\/www.arquimaster.com.ar\\\/web\\\/reforma-de-vivienda-travessera-de-les-corts-sincro\\\/#breadcrumb\",\"itemListElement\":[{\"@type\":\"ListItem\",\"position\":1,\"name\":\"Portada\",\"item\":\"https:\\\/\\\/www.arquimaster.com.ar\\\/web\\\/\"},{\"@type\":\"ListItem\",\"position\":2,\"name\":\"Reforma de vivienda Travessera de Les Corts \\\/ Sincro\"}]},{\"@type\":\"WebSite\",\"@id\":\"https:\\\/\\\/www.arquimaster.com.ar\\\/web\\\/#website\",\"url\":\"https:\\\/\\\/www.arquimaster.com.ar\\\/web\\\/\",\"name\":\"Arquimaster\",\"description\":\"Web de arquitectura, dise\u00f1o y construccion\",\"publisher\":{\"@id\":\"https:\\\/\\\/www.arquimaster.com.ar\\\/web\\\/#organization\"},\"potentialAction\":[{\"@type\":\"SearchAction\",\"target\":{\"@type\":\"EntryPoint\",\"urlTemplate\":\"https:\\\/\\\/www.arquimaster.com.ar\\\/web\\\/?s={search_term_string}\"},\"query-input\":{\"@type\":\"PropertyValueSpecification\",\"valueRequired\":true,\"valueName\":\"search_term_string\"}}],\"inLanguage\":\"es\"},{\"@type\":\"Organization\",\"@id\":\"https:\\\/\\\/www.arquimaster.com.ar\\\/web\\\/#organization\",\"name\":\"Arquimaster\",\"url\":\"https:\\\/\\\/www.arquimaster.com.ar\\\/web\\\/\",\"logo\":{\"@type\":\"ImageObject\",\"inLanguage\":\"es\",\"@id\":\"https:\\\/\\\/www.arquimaster.com.ar\\\/web\\\/#\\\/schema\\\/logo\\\/image\\\/\",\"url\":\"https:\\\/\\\/www.arquimaster.com.ar\\\/web\\\/wp-content\\\/uploads\\\/2022\\\/06\\\/arquimaster.png\",\"contentUrl\":\"https:\\\/\\\/www.arquimaster.com.ar\\\/web\\\/wp-content\\\/uploads\\\/2022\\\/06\\\/arquimaster.png\",\"width\":594,\"height\":78,\"caption\":\"Arquimaster\"},\"image\":{\"@id\":\"https:\\\/\\\/www.arquimaster.com.ar\\\/web\\\/#\\\/schema\\\/logo\\\/image\\\/\"},\"sameAs\":[\"http:\\\/\\\/www.facebook.com\\\/ARQUIMASTER.com.ar\",\"https:\\\/\\\/x.com\\\/arquimaster\",\"https:\\\/\\\/www.instagram.com\\\/arquimasterblog\\\/\",\"https:\\\/\\\/www.linkedin.com\\\/company\\\/arquimaster\",\"https:\\\/\\\/www.pinterest.com\\\/arquimaster\",\"https:\\\/\\\/t.me\\\/arquimaster\"]},{\"@type\":\"Person\",\"@id\":\"https:\\\/\\\/www.arquimaster.com.ar\\\/web\\\/#\\\/schema\\\/person\\\/359e9f7c00193fcde068e0dd2ceb0028\",\"name\":\"Arquimaster\"}]}<\/script>\n<!-- \/ Yoast SEO plugin. -->","yoast_head_json":{"title":"Reforma de vivienda Travessera de Les Corts \/ Sincro - Arquimaster","description":"El estilo decorativo se ha inspirado en las viviendas n\u00f3rdicas, donde predominan los ambientes despejados y ordenados, los tonos neutros y claros, la madera.","robots":{"index":"index","follow":"follow","max-snippet":"max-snippet:-1","max-image-preview":"max-image-preview:large","max-video-preview":"max-video-preview:-1"},"canonical":"https:\/\/www.arquimaster.com.ar\/web\/reforma-de-vivienda-travessera-de-les-corts-sincro\/","og_locale":"es_ES","og_type":"article","og_title":"Reforma de vivienda Travessera de Les Corts \/ Sincro","og_description":"El estilo decorativo se ha inspirado en las viviendas n\u00f3rdicas, donde predominan los ambientes despejados y ordenados, los tonos neutros y claros, la madera.","og_url":"https:\/\/www.arquimaster.com.ar\/web\/reforma-de-vivienda-travessera-de-les-corts-sincro\/","og_site_name":"Arquimaster","article_publisher":"http:\/\/www.facebook.com\/ARQUIMASTER.com.ar","article_published_time":"2020-06-04T20:14:55+00:00","article_modified_time":"2020-06-04T20:14:56+00:00","og_image":[{"width":698,"height":364,"url":"https:\/\/www.arquimaster.com.ar\/web\/wp-content\/uploads\/2020\/06\/reforma_travessera_de_les_corts_slide.jpg","type":"image\/jpeg"}],"author":"Arquimaster","twitter_card":"summary_large_image","twitter_title":"Reforma de vivienda Travessera de Les Corts \/ Sincro","twitter_description":"El estilo decorativo se ha inspirado en las viviendas n\u00f3rdicas, donde predominan los ambientes despejados y ordenados, los tonos neutros y claros, la madera.","twitter_image":"https:\/\/www.arquimaster.com.ar\/web\/wp-content\/uploads\/2020\/06\/reforma_travessera_de_les_corts_slide.jpg","twitter_creator":"@arquimaster","twitter_site":"@arquimaster","twitter_misc":{"Escrito por":"Arquimaster","Tiempo de lectura":"3 minutos"},"schema":{"@context":"https:\/\/schema.org","@graph":[{"@type":"Article","@id":"https:\/\/www.arquimaster.com.ar\/web\/reforma-de-vivienda-travessera-de-les-corts-sincro\/#article","isPartOf":{"@id":"https:\/\/www.arquimaster.com.ar\/web\/reforma-de-vivienda-travessera-de-les-corts-sincro\/"},"author":{"name":"Arquimaster","@id":"https:\/\/www.arquimaster.com.ar\/web\/#\/schema\/person\/359e9f7c00193fcde068e0dd2ceb0028"},"headline":"Reforma de vivienda Travessera de Les Corts \/ Sincro","datePublished":"2020-06-04T20:14:55+00:00","dateModified":"2020-06-04T20:14:56+00:00","mainEntityOfPage":{"@id":"https:\/\/www.arquimaster.com.ar\/web\/reforma-de-vivienda-travessera-de-les-corts-sincro\/"},"wordCount":537,"publisher":{"@id":"https:\/\/www.arquimaster.com.ar\/web\/#organization"},"image":{"@id":"https:\/\/www.arquimaster.com.ar\/web\/reforma-de-vivienda-travessera-de-les-corts-sincro\/#primaryimage"},"thumbnailUrl":"https:\/\/www.arquimaster.com.ar\/web\/wp-content\/uploads\/2020\/06\/reforma_travessera_de_les_corts_slide.jpg","keywords":["apartamento","Barcelona","Barrio La Maternitat i Sant Ramon","Carolina Luz\u00f3n","departamento","Luis Ruiz","reforma de vivienda","refuncionalizaci\u00f3n","rehabilitaci\u00f3n","Sincro"],"articleSection":["Departamentos y Lofts","Proyecto","Vivienda unifamiliar y PH"],"inLanguage":"es"},{"@type":"WebPage","@id":"https:\/\/www.arquimaster.com.ar\/web\/reforma-de-vivienda-travessera-de-les-corts-sincro\/","url":"https:\/\/www.arquimaster.com.ar\/web\/reforma-de-vivienda-travessera-de-les-corts-sincro\/","name":"Reforma de vivienda Travessera de Les Corts \/ Sincro - Arquimaster","isPartOf":{"@id":"https:\/\/www.arquimaster.com.ar\/web\/#website"},"primaryImageOfPage":{"@id":"https:\/\/www.arquimaster.com.ar\/web\/reforma-de-vivienda-travessera-de-les-corts-sincro\/#primaryimage"},"image":{"@id":"https:\/\/www.arquimaster.com.ar\/web\/reforma-de-vivienda-travessera-de-les-corts-sincro\/#primaryimage"},"thumbnailUrl":"https:\/\/www.arquimaster.com.ar\/web\/wp-content\/uploads\/2020\/06\/reforma_travessera_de_les_corts_slide.jpg","datePublished":"2020-06-04T20:14:55+00:00","dateModified":"2020-06-04T20:14:56+00:00","description":"El estilo decorativo se ha inspirado en las viviendas n\u00f3rdicas, donde predominan los ambientes despejados y ordenados, los tonos neutros y claros, la madera.","breadcrumb":{"@id":"https:\/\/www.arquimaster.com.ar\/web\/reforma-de-vivienda-travessera-de-les-corts-sincro\/#breadcrumb"},"inLanguage":"es","potentialAction":[{"@type":"ReadAction","target":["https:\/\/www.arquimaster.com.ar\/web\/reforma-de-vivienda-travessera-de-les-corts-sincro\/"]}]},{"@type":"ImageObject","inLanguage":"es","@id":"https:\/\/www.arquimaster.com.ar\/web\/reforma-de-vivienda-travessera-de-les-corts-sincro\/#primaryimage","url":"https:\/\/www.arquimaster.com.ar\/web\/wp-content\/uploads\/2020\/06\/reforma_travessera_de_les_corts_slide.jpg","contentUrl":"https:\/\/www.arquimaster.com.ar\/web\/wp-content\/uploads\/2020\/06\/reforma_travessera_de_les_corts_slide.jpg","width":698,"height":364},{"@type":"BreadcrumbList","@id":"https:\/\/www.arquimaster.com.ar\/web\/reforma-de-vivienda-travessera-de-les-corts-sincro\/#breadcrumb","itemListElement":[{"@type":"ListItem","position":1,"name":"Portada","item":"https:\/\/www.arquimaster.com.ar\/web\/"},{"@type":"ListItem","position":2,"name":"Reforma de vivienda Travessera de Les Corts \/ Sincro"}]},{"@type":"WebSite","@id":"https:\/\/www.arquimaster.com.ar\/web\/#website","url":"https:\/\/www.arquimaster.com.ar\/web\/","name":"Arquimaster","description":"Web de arquitectura, dise\u00f1o y construccion","publisher":{"@id":"https:\/\/www.arquimaster.com.ar\/web\/#organization"},"potentialAction":[{"@type":"SearchAction","target":{"@type":"EntryPoint","urlTemplate":"https:\/\/www.arquimaster.com.ar\/web\/?s={search_term_string}"},"query-input":{"@type":"PropertyValueSpecification","valueRequired":true,"valueName":"search_term_string"}}],"inLanguage":"es"},{"@type":"Organization","@id":"https:\/\/www.arquimaster.com.ar\/web\/#organization","name":"Arquimaster","url":"https:\/\/www.arquimaster.com.ar\/web\/","logo":{"@type":"ImageObject","inLanguage":"es","@id":"https:\/\/www.arquimaster.com.ar\/web\/#\/schema\/logo\/image\/","url":"https:\/\/www.arquimaster.com.ar\/web\/wp-content\/uploads\/2022\/06\/arquimaster.png","contentUrl":"https:\/\/www.arquimaster.com.ar\/web\/wp-content\/uploads\/2022\/06\/arquimaster.png","width":594,"height":78,"caption":"Arquimaster"},"image":{"@id":"https:\/\/www.arquimaster.com.ar\/web\/#\/schema\/logo\/image\/"},"sameAs":["http:\/\/www.facebook.com\/ARQUIMASTER.com.ar","https:\/\/x.com\/arquimaster","https:\/\/www.instagram.com\/arquimasterblog\/","https:\/\/www.linkedin.com\/company\/arquimaster","https:\/\/www.pinterest.com\/arquimaster","https:\/\/t.me\/arquimaster"]},{"@type":"Person","@id":"https:\/\/www.arquimaster.com.ar\/web\/#\/schema\/person\/359e9f7c00193fcde068e0dd2ceb0028","name":"Arquimaster"}]}},"uagb_featured_image_src":{"full":["https:\/\/www.arquimaster.com.ar\/web\/wp-content\/uploads\/2020\/06\/reforma_travessera_de_les_corts_slide.jpg",698,364,false],"thumbnail":["https:\/\/www.arquimaster.com.ar\/web\/wp-content\/uploads\/2020\/06\/reforma_travessera_de_les_corts_slide-150x150.jpg",150,150,true],"medium":["https:\/\/www.arquimaster.com.ar\/web\/wp-content\/uploads\/2020\/06\/reforma_travessera_de_les_corts_slide.jpg",698,364,false],"medium_large":["https:\/\/www.arquimaster.com.ar\/web\/wp-content\/uploads\/2020\/06\/reforma_travessera_de_les_corts_slide.jpg",698,364,false],"large":["https:\/\/www.arquimaster.com.ar\/web\/wp-content\/uploads\/2020\/06\/reforma_travessera_de_les_corts_slide.jpg",698,364,false],"1536x1536":["https:\/\/www.arquimaster.com.ar\/web\/wp-content\/uploads\/2020\/06\/reforma_travessera_de_les_corts_slide.jpg",698,364,false],"2048x2048":["https:\/\/www.arquimaster.com.ar\/web\/wp-content\/uploads\/2020\/06\/reforma_travessera_de_les_corts_slide.jpg",698,364,false]},"uagb_author_info":{"display_name":"Arquimaster","author_link":"https:\/\/www.arquimaster.com.ar\/web\/author\/arquimaster\/"},"uagb_comment_info":0,"uagb_excerpt":"El estilo decorativo se ha inspirado en las viviendas n\u00f3rdicas...","_links":{"self":[{"href":"https:\/\/www.arquimaster.com.ar\/web\/wp-json\/wp\/v2\/posts\/56185","targetHints":{"allow":["GET"]}}],"collection":[{"href":"https:\/\/www.arquimaster.com.ar\/web\/wp-json\/wp\/v2\/posts"}],"about":[{"href":"https:\/\/www.arquimaster.com.ar\/web\/wp-json\/wp\/v2\/types\/post"}],"author":[{"embeddable":true,"href":"https:\/\/www.arquimaster.com.ar\/web\/wp-json\/wp\/v2\/users\/1"}],"replies":[{"embeddable":true,"href":"https:\/\/www.arquimaster.com.ar\/web\/wp-json\/wp\/v2\/comments?post=56185"}],"version-history":[{"count":1,"href":"https:\/\/www.arquimaster.com.ar\/web\/wp-json\/wp\/v2\/posts\/56185\/revisions"}],"predecessor-version":[{"id":56219,"href":"https:\/\/www.arquimaster.com.ar\/web\/wp-json\/wp\/v2\/posts\/56185\/revisions\/56219"}],"wp:featuredmedia":[{"embeddable":true,"href":"https:\/\/www.arquimaster.com.ar\/web\/wp-json\/wp\/v2\/media\/56186"}],"wp:attachment":[{"href":"https:\/\/www.arquimaster.com.ar\/web\/wp-json\/wp\/v2\/media?parent=56185"}],"wp:term":[{"taxonomy":"category","embeddable":true,"href":"https:\/\/www.arquimaster.com.ar\/web\/wp-json\/wp\/v2\/categories?post=56185"},{"taxonomy":"post_tag","embeddable":true,"href":"https:\/\/www.arquimaster.com.ar\/web\/wp-json\/wp\/v2\/tags?post=56185"}],"curies":[{"name":"wp","href":"https:\/\/api.w.org\/{rel}","templated":true}]}}