{"id":56600,"date":"2020-06-18T17:42:08","date_gmt":"2020-06-18T20:42:08","guid":{"rendered":"https:\/\/www.arquimaster.com.ar\/web\/?p=56600"},"modified":"2020-06-19T11:36:20","modified_gmt":"2020-06-19T14:36:20","slug":"reforma-integral-de-vivienda-estruch-sincro","status":"publish","type":"post","link":"https:\/\/www.arquimaster.com.ar\/web\/reforma-integral-de-vivienda-estruch-sincro\/","title":{"rendered":"Reforma integral de vivienda Estruch \/ Sincro"},"content":{"rendered":"<div style=\"margin-top: 0px; margin-bottom: 0px;\" class=\"sharethis-inline-share-buttons\" ><\/div><div class=\"b812932af2e751442846f039925109de\" data-index=\"1\" style=\"float: none; margin:25px 0 25px 0; text-align:center;\">\n<script async src=\"https:\/\/pagead2.googlesyndication.com\/pagead\/js\/adsbygoogle.js\"><\/script>\r\n<!-- Arquimaster (superior) -->\r\n<ins class=\"adsbygoogle\"\r\n     style=\"display:block\"\r\n     data-ad-client=\"ca-pub-6351072698456832\"\r\n     data-ad-slot=\"6455489680\"\r\n     data-ad-format=\"auto\"\r\n     data-full-width-responsive=\"true\"><\/ins>\r\n<script>\r\n     (adsbygoogle = window.adsbygoogle || []).push({});\r\n<\/script>\n<\/div>\n<p><strong>Reforma integral de vivienda Estruch<\/strong> (Barrio Collblanc, Hospitalet de Llobregat, Barcelona, Espa\u00f1a) por <strong>Sincro<\/strong>. En este proyecto los clientes necesitaban encontrar una vivienda que satisficiera todas sus necesidades, ya que el piso donde viv\u00edan con sus dos hijas se les hab\u00eda quedado peque\u00f1o. Tuvieron la oportunidad de adquirir el piso anexo al suyo por lo que el reto de este proyecto fue unir las dos viviendas.<\/p>\n<div id='gallery-1' class='gallery galleryid-56600 gallery-columns-3 gallery-size-thumbnail'><figure class='gallery-item'>\n\t\t\t<div class='gallery-icon landscape'>\n\t\t\t\t<a href='https:\/\/www.arquimaster.com.ar\/web\/wp-content\/uploads\/2020\/06\/vivienda_estruch1.jpg' title=\"Reforma integral de vivienda Estruch \/ Sincro\" data-rl_title=\"Reforma integral de vivienda Estruch \/ Sincro\" class=\"rl-gallery-link\" data-rl_caption=\"Reforma integral de vivienda Estruch \/ Sincro\" data-rel=\"lightbox-gallery-1\"><img loading=\"lazy\" decoding=\"async\" width=\"150\" height=\"150\" src=\"https:\/\/www.arquimaster.com.ar\/web\/wp-content\/uploads\/2020\/06\/vivienda_estruch1-150x150.jpg\" class=\"attachment-thumbnail size-thumbnail\" alt=\"\" aria-describedby=\"gallery-1-56602\" \/><\/a>\n\t\t\t<\/div>\n\t\t\t\t<figcaption class='wp-caption-text gallery-caption' id='gallery-1-56602'>\n\t\t\t\tReforma integral de vivienda Estruch \/ Sincro\n\t\t\t\t<\/figcaption><\/figure><figure class='gallery-item'>\n\t\t\t<div class='gallery-icon landscape'>\n\t\t\t\t<a href='https:\/\/www.arquimaster.com.ar\/web\/wp-content\/uploads\/2020\/06\/vivienda_estruch2.jpg' title=\"Reforma integral de vivienda Estruch \/ Sincro\" data-rl_title=\"Reforma integral de vivienda Estruch \/ Sincro\" class=\"rl-gallery-link\" data-rl_caption=\"Reforma integral de vivienda Estruch \/ Sincro\" data-rel=\"lightbox-gallery-1\"><img loading=\"lazy\" decoding=\"async\" width=\"150\" height=\"150\" src=\"https:\/\/www.arquimaster.com.ar\/web\/wp-content\/uploads\/2020\/06\/vivienda_estruch2-150x150.jpg\" class=\"attachment-thumbnail size-thumbnail\" alt=\"\" aria-describedby=\"gallery-1-56603\" \/><\/a>\n\t\t\t<\/div>\n\t\t\t\t<figcaption class='wp-caption-text gallery-caption' id='gallery-1-56603'>\n\t\t\t\tReforma integral de vivienda Estruch \/ Sincro\n\t\t\t\t<\/figcaption><\/figure><figure class='gallery-item'>\n\t\t\t<div class='gallery-icon landscape'>\n\t\t\t\t<a href='https:\/\/www.arquimaster.com.ar\/web\/wp-content\/uploads\/2020\/06\/vivienda_estruch3.jpg' title=\"Reforma integral de vivienda Estruch \/ Sincro\" data-rl_title=\"Reforma integral de vivienda Estruch \/ Sincro\" class=\"rl-gallery-link\" data-rl_caption=\"Reforma integral de vivienda Estruch \/ Sincro\" data-rel=\"lightbox-gallery-1\"><img loading=\"lazy\" decoding=\"async\" width=\"150\" height=\"150\" src=\"https:\/\/www.arquimaster.com.ar\/web\/wp-content\/uploads\/2020\/06\/vivienda_estruch3-150x150.jpg\" class=\"attachment-thumbnail size-thumbnail\" alt=\"\" aria-describedby=\"gallery-1-56604\" \/><\/a>\n\t\t\t<\/div>\n\t\t\t\t<figcaption class='wp-caption-text gallery-caption' id='gallery-1-56604'>\n\t\t\t\tReforma integral de vivienda Estruch \/ Sincro\n\t\t\t\t<\/figcaption><\/figure><figure class='gallery-item'>\n\t\t\t<div class='gallery-icon landscape'>\n\t\t\t\t<a href='https:\/\/www.arquimaster.com.ar\/web\/wp-content\/uploads\/2020\/06\/vivienda_estruch4.jpg' title=\"Reforma integral de vivienda Estruch \/ Sincro\" data-rl_title=\"Reforma integral de vivienda Estruch \/ Sincro\" class=\"rl-gallery-link\" data-rl_caption=\"Reforma integral de vivienda Estruch \/ Sincro\" data-rel=\"lightbox-gallery-1\"><img loading=\"lazy\" decoding=\"async\" width=\"150\" height=\"150\" src=\"https:\/\/www.arquimaster.com.ar\/web\/wp-content\/uploads\/2020\/06\/vivienda_estruch4-150x150.jpg\" class=\"attachment-thumbnail size-thumbnail\" alt=\"\" aria-describedby=\"gallery-1-56605\" \/><\/a>\n\t\t\t<\/div>\n\t\t\t\t<figcaption class='wp-caption-text gallery-caption' id='gallery-1-56605'>\n\t\t\t\tReforma integral de vivienda Estruch \/ Sincro\n\t\t\t\t<\/figcaption><\/figure><figure class='gallery-item'>\n\t\t\t<div class='gallery-icon landscape'>\n\t\t\t\t<a href='https:\/\/www.arquimaster.com.ar\/web\/wp-content\/uploads\/2020\/06\/vivienda_estruch5.jpg' title=\"Reforma integral de vivienda Estruch \/ Sincro\" data-rl_title=\"Reforma integral de vivienda Estruch \/ Sincro\" class=\"rl-gallery-link\" data-rl_caption=\"Reforma integral de vivienda Estruch \/ Sincro\" data-rel=\"lightbox-gallery-1\"><img loading=\"lazy\" decoding=\"async\" width=\"150\" height=\"150\" src=\"https:\/\/www.arquimaster.com.ar\/web\/wp-content\/uploads\/2020\/06\/vivienda_estruch5-150x150.jpg\" class=\"attachment-thumbnail size-thumbnail\" alt=\"\" aria-describedby=\"gallery-1-56606\" \/><\/a>\n\t\t\t<\/div>\n\t\t\t\t<figcaption class='wp-caption-text gallery-caption' id='gallery-1-56606'>\n\t\t\t\tReforma integral de vivienda Estruch \/ Sincro\n\t\t\t\t<\/figcaption><\/figure><figure class='gallery-item'>\n\t\t\t<div class='gallery-icon landscape'>\n\t\t\t\t<a href='https:\/\/www.arquimaster.com.ar\/web\/wp-content\/uploads\/2020\/06\/vivienda_estruch6.jpg' title=\"Reforma integral de vivienda Estruch \/ Sincro\" data-rl_title=\"Reforma integral de vivienda Estruch \/ Sincro\" class=\"rl-gallery-link\" data-rl_caption=\"Reforma integral de vivienda Estruch \/ Sincro\" data-rel=\"lightbox-gallery-1\"><img loading=\"lazy\" decoding=\"async\" width=\"150\" height=\"150\" src=\"https:\/\/www.arquimaster.com.ar\/web\/wp-content\/uploads\/2020\/06\/vivienda_estruch6-150x150.jpg\" class=\"attachment-thumbnail size-thumbnail\" alt=\"\" aria-describedby=\"gallery-1-56607\" \/><\/a>\n\t\t\t<\/div>\n\t\t\t\t<figcaption class='wp-caption-text gallery-caption' id='gallery-1-56607'>\n\t\t\t\tReforma integral de vivienda Estruch \/ Sincro\n\t\t\t\t<\/figcaption><\/figure><figure class='gallery-item'>\n\t\t\t<div class='gallery-icon landscape'>\n\t\t\t\t<a href='https:\/\/www.arquimaster.com.ar\/web\/wp-content\/uploads\/2020\/06\/vivienda_estruch7.jpg' title=\"Reforma integral de vivienda Estruch \/ Sincro\" data-rl_title=\"Reforma integral de vivienda Estruch \/ Sincro\" class=\"rl-gallery-link\" data-rl_caption=\"Reforma integral de vivienda Estruch \/ Sincro\" data-rel=\"lightbox-gallery-1\"><img loading=\"lazy\" decoding=\"async\" width=\"150\" height=\"150\" src=\"https:\/\/www.arquimaster.com.ar\/web\/wp-content\/uploads\/2020\/06\/vivienda_estruch7-150x150.jpg\" class=\"attachment-thumbnail size-thumbnail\" alt=\"\" aria-describedby=\"gallery-1-56608\" \/><\/a>\n\t\t\t<\/div>\n\t\t\t\t<figcaption class='wp-caption-text gallery-caption' id='gallery-1-56608'>\n\t\t\t\tReforma integral de vivienda Estruch \/ Sincro\n\t\t\t\t<\/figcaption><\/figure><figure class='gallery-item'>\n\t\t\t<div class='gallery-icon landscape'>\n\t\t\t\t<a href='https:\/\/www.arquimaster.com.ar\/web\/wp-content\/uploads\/2020\/06\/vivienda_estruch8.jpg' title=\"Reforma integral de vivienda Estruch \/ Sincro\" data-rl_title=\"Reforma integral de vivienda Estruch \/ Sincro\" class=\"rl-gallery-link\" data-rl_caption=\"Reforma integral de vivienda Estruch \/ Sincro\" data-rel=\"lightbox-gallery-1\"><img loading=\"lazy\" decoding=\"async\" width=\"150\" height=\"150\" src=\"https:\/\/www.arquimaster.com.ar\/web\/wp-content\/uploads\/2020\/06\/vivienda_estruch8-150x150.jpg\" class=\"attachment-thumbnail size-thumbnail\" alt=\"\" aria-describedby=\"gallery-1-56609\" \/><\/a>\n\t\t\t<\/div>\n\t\t\t\t<figcaption class='wp-caption-text gallery-caption' id='gallery-1-56609'>\n\t\t\t\tReforma integral de vivienda Estruch \/ Sincro\n\t\t\t\t<\/figcaption><\/figure><figure class='gallery-item'>\n\t\t\t<div class='gallery-icon landscape'>\n\t\t\t\t<a href='https:\/\/www.arquimaster.com.ar\/web\/wp-content\/uploads\/2020\/06\/vivienda_estruch9.jpg' title=\"Reforma integral de vivienda Estruch \/ Sincro\" data-rl_title=\"Reforma integral de vivienda Estruch \/ Sincro\" class=\"rl-gallery-link\" data-rl_caption=\"Reforma integral de vivienda Estruch \/ Sincro\" data-rel=\"lightbox-gallery-1\"><img loading=\"lazy\" decoding=\"async\" width=\"150\" height=\"150\" src=\"https:\/\/www.arquimaster.com.ar\/web\/wp-content\/uploads\/2020\/06\/vivienda_estruch9-150x150.jpg\" class=\"attachment-thumbnail size-thumbnail\" alt=\"\" aria-describedby=\"gallery-1-56610\" \/><\/a>\n\t\t\t<\/div>\n\t\t\t\t<figcaption class='wp-caption-text gallery-caption' id='gallery-1-56610'>\n\t\t\t\tReforma integral de vivienda Estruch \/ Sincro\n\t\t\t\t<\/figcaption><\/figure><figure class='gallery-item'>\n\t\t\t<div class='gallery-icon landscape'>\n\t\t\t\t<a href='https:\/\/www.arquimaster.com.ar\/web\/wp-content\/uploads\/2020\/06\/vivienda_estruch10.jpg' title=\"Reforma integral de vivienda Estruch \/ Sincro\" data-rl_title=\"Reforma integral de vivienda Estruch \/ Sincro\" class=\"rl-gallery-link\" data-rl_caption=\"Reforma integral de vivienda Estruch \/ Sincro\" data-rel=\"lightbox-gallery-1\"><img loading=\"lazy\" decoding=\"async\" width=\"150\" height=\"150\" src=\"https:\/\/www.arquimaster.com.ar\/web\/wp-content\/uploads\/2020\/06\/vivienda_estruch10-150x150.jpg\" class=\"attachment-thumbnail size-thumbnail\" alt=\"\" aria-describedby=\"gallery-1-56611\" \/><\/a>\n\t\t\t<\/div>\n\t\t\t\t<figcaption class='wp-caption-text gallery-caption' id='gallery-1-56611'>\n\t\t\t\tReforma integral de vivienda Estruch \/ Sincro\n\t\t\t\t<\/figcaption><\/figure><figure class='gallery-item'>\n\t\t\t<div class='gallery-icon landscape'>\n\t\t\t\t<a href='https:\/\/www.arquimaster.com.ar\/web\/wp-content\/uploads\/2020\/06\/vivienda_estruch11.jpg' title=\"Reforma integral de vivienda Estruch \/ Sincro\" data-rl_title=\"Reforma integral de vivienda Estruch \/ Sincro\" class=\"rl-gallery-link\" data-rl_caption=\"Reforma integral de vivienda Estruch \/ Sincro\" data-rel=\"lightbox-gallery-1\"><img loading=\"lazy\" decoding=\"async\" width=\"150\" height=\"150\" src=\"https:\/\/www.arquimaster.com.ar\/web\/wp-content\/uploads\/2020\/06\/vivienda_estruch11-150x150.jpg\" class=\"attachment-thumbnail size-thumbnail\" alt=\"\" aria-describedby=\"gallery-1-56612\" \/><\/a>\n\t\t\t<\/div>\n\t\t\t\t<figcaption class='wp-caption-text gallery-caption' id='gallery-1-56612'>\n\t\t\t\tReforma integral de vivienda Estruch \/ Sincro\n\t\t\t\t<\/figcaption><\/figure><figure class='gallery-item'>\n\t\t\t<div class='gallery-icon landscape'>\n\t\t\t\t<a href='https:\/\/www.arquimaster.com.ar\/web\/wp-content\/uploads\/2020\/06\/vivienda_estruch12.jpg' title=\"Reforma integral de vivienda Estruch \/ Sincro\" data-rl_title=\"Reforma integral de vivienda Estruch \/ Sincro\" class=\"rl-gallery-link\" data-rl_caption=\"Reforma integral de vivienda Estruch \/ Sincro\" data-rel=\"lightbox-gallery-1\"><img loading=\"lazy\" decoding=\"async\" width=\"150\" height=\"150\" src=\"https:\/\/www.arquimaster.com.ar\/web\/wp-content\/uploads\/2020\/06\/vivienda_estruch12-150x150.jpg\" class=\"attachment-thumbnail size-thumbnail\" alt=\"\" aria-describedby=\"gallery-1-56613\" \/><\/a>\n\t\t\t<\/div>\n\t\t\t\t<figcaption class='wp-caption-text gallery-caption' id='gallery-1-56613'>\n\t\t\t\tReforma integral de vivienda Estruch \/ Sincro\n\t\t\t\t<\/figcaption><\/figure><figure class='gallery-item'>\n\t\t\t<div class='gallery-icon landscape'>\n\t\t\t\t<a href='https:\/\/www.arquimaster.com.ar\/web\/wp-content\/uploads\/2020\/06\/vivienda_estruch13.jpg' title=\"Reforma integral de vivienda Estruch \/ Sincro\" data-rl_title=\"Reforma integral de vivienda Estruch \/ Sincro\" class=\"rl-gallery-link\" data-rl_caption=\"Reforma integral de vivienda Estruch \/ Sincro\" data-rel=\"lightbox-gallery-1\"><img loading=\"lazy\" decoding=\"async\" width=\"150\" height=\"150\" src=\"https:\/\/www.arquimaster.com.ar\/web\/wp-content\/uploads\/2020\/06\/vivienda_estruch13-150x150.jpg\" class=\"attachment-thumbnail size-thumbnail\" alt=\"\" aria-describedby=\"gallery-1-56614\" \/><\/a>\n\t\t\t<\/div>\n\t\t\t\t<figcaption class='wp-caption-text gallery-caption' id='gallery-1-56614'>\n\t\t\t\tReforma integral de vivienda Estruch \/ Sincro\n\t\t\t\t<\/figcaption><\/figure><figure class='gallery-item'>\n\t\t\t<div class='gallery-icon landscape'>\n\t\t\t\t<a href='https:\/\/www.arquimaster.com.ar\/web\/wp-content\/uploads\/2020\/06\/vivienda_estruch14.jpg' title=\"Reforma integral de vivienda Estruch \/ Sincro\" data-rl_title=\"Reforma integral de vivienda Estruch \/ Sincro\" class=\"rl-gallery-link\" data-rl_caption=\"Reforma integral de vivienda Estruch \/ Sincro\" data-rel=\"lightbox-gallery-1\"><img loading=\"lazy\" decoding=\"async\" width=\"150\" height=\"150\" src=\"https:\/\/www.arquimaster.com.ar\/web\/wp-content\/uploads\/2020\/06\/vivienda_estruch14-150x150.jpg\" class=\"attachment-thumbnail size-thumbnail\" alt=\"\" aria-describedby=\"gallery-1-56615\" \/><\/a>\n\t\t\t<\/div>\n\t\t\t\t<figcaption class='wp-caption-text gallery-caption' id='gallery-1-56615'>\n\t\t\t\tReforma integral de vivienda Estruch \/ Sincro\n\t\t\t\t<\/figcaption><\/figure><figure class='gallery-item'>\n\t\t\t<div class='gallery-icon landscape'>\n\t\t\t\t<a href='https:\/\/www.arquimaster.com.ar\/web\/wp-content\/uploads\/2020\/06\/vivienda_estruch15.jpg' title=\"Reforma integral de vivienda Estruch \/ Sincro\" data-rl_title=\"Reforma integral de vivienda Estruch \/ Sincro\" class=\"rl-gallery-link\" data-rl_caption=\"Reforma integral de vivienda Estruch \/ Sincro\" data-rel=\"lightbox-gallery-1\"><img loading=\"lazy\" decoding=\"async\" width=\"150\" height=\"150\" src=\"https:\/\/www.arquimaster.com.ar\/web\/wp-content\/uploads\/2020\/06\/vivienda_estruch15-150x150.jpg\" class=\"attachment-thumbnail size-thumbnail\" alt=\"\" aria-describedby=\"gallery-1-56616\" \/><\/a>\n\t\t\t<\/div>\n\t\t\t\t<figcaption class='wp-caption-text gallery-caption' id='gallery-1-56616'>\n\t\t\t\tReforma integral de vivienda Estruch \/ Sincro\n\t\t\t\t<\/figcaption><\/figure><figure class='gallery-item'>\n\t\t\t<div class='gallery-icon portrait'>\n\t\t\t\t<a href='https:\/\/www.arquimaster.com.ar\/web\/wp-content\/uploads\/2020\/06\/vivienda_estruch16.jpg' title=\"Reforma integral de vivienda Estruch \/ Sincro\" data-rl_title=\"Reforma integral de vivienda Estruch \/ Sincro\" class=\"rl-gallery-link\" data-rl_caption=\"Reforma integral de vivienda Estruch \/ Sincro\" data-rel=\"lightbox-gallery-1\"><img loading=\"lazy\" decoding=\"async\" width=\"150\" height=\"150\" src=\"https:\/\/www.arquimaster.com.ar\/web\/wp-content\/uploads\/2020\/06\/vivienda_estruch16-150x150.jpg\" class=\"attachment-thumbnail size-thumbnail\" alt=\"\" aria-describedby=\"gallery-1-56617\" \/><\/a>\n\t\t\t<\/div>\n\t\t\t\t<figcaption class='wp-caption-text gallery-caption' id='gallery-1-56617'>\n\t\t\t\tReforma integral de vivienda Estruch \/ Sincro\n\t\t\t\t<\/figcaption><\/figure><figure class='gallery-item'>\n\t\t\t<div class='gallery-icon landscape'>\n\t\t\t\t<a href='https:\/\/www.arquimaster.com.ar\/web\/wp-content\/uploads\/2020\/06\/vivienda_estruch17.jpg' title=\"Reforma integral de vivienda Estruch \/ Sincro\" data-rl_title=\"Reforma integral de vivienda Estruch \/ Sincro\" class=\"rl-gallery-link\" data-rl_caption=\"Reforma integral de vivienda Estruch \/ Sincro\" data-rel=\"lightbox-gallery-1\"><img loading=\"lazy\" decoding=\"async\" width=\"150\" height=\"150\" src=\"https:\/\/www.arquimaster.com.ar\/web\/wp-content\/uploads\/2020\/06\/vivienda_estruch17-150x150.jpg\" class=\"attachment-thumbnail size-thumbnail\" alt=\"\" aria-describedby=\"gallery-1-56618\" \/><\/a>\n\t\t\t<\/div>\n\t\t\t\t<figcaption class='wp-caption-text gallery-caption' id='gallery-1-56618'>\n\t\t\t\tReforma integral de vivienda Estruch \/ Sincro\n\t\t\t\t<\/figcaption><\/figure><figure class='gallery-item'>\n\t\t\t<div class='gallery-icon portrait'>\n\t\t\t\t<a href='https:\/\/www.arquimaster.com.ar\/web\/wp-content\/uploads\/2020\/06\/vivienda_estruch18.jpg' title=\"Reforma integral de vivienda Estruch \/ Sincro\" data-rl_title=\"Reforma integral de vivienda Estruch \/ Sincro\" class=\"rl-gallery-link\" data-rl_caption=\"Reforma integral de vivienda Estruch \/ Sincro\" data-rel=\"lightbox-gallery-1\"><img loading=\"lazy\" decoding=\"async\" width=\"150\" height=\"150\" src=\"https:\/\/www.arquimaster.com.ar\/web\/wp-content\/uploads\/2020\/06\/vivienda_estruch18-150x150.jpg\" class=\"attachment-thumbnail size-thumbnail\" alt=\"\" aria-describedby=\"gallery-1-56619\" \/><\/a>\n\t\t\t<\/div>\n\t\t\t\t<figcaption class='wp-caption-text gallery-caption' id='gallery-1-56619'>\n\t\t\t\tReforma integral de vivienda Estruch \/ Sincro\n\t\t\t\t<\/figcaption><\/figure><figure class='gallery-item'>\n\t\t\t<div class='gallery-icon portrait'>\n\t\t\t\t<a href='https:\/\/www.arquimaster.com.ar\/web\/wp-content\/uploads\/2020\/06\/vivienda_estruch19.jpg' title=\"Reforma integral de vivienda Estruch \/ Sincro\" data-rl_title=\"Reforma integral de vivienda Estruch \/ Sincro\" class=\"rl-gallery-link\" data-rl_caption=\"Reforma integral de vivienda Estruch \/ Sincro\" data-rel=\"lightbox-gallery-1\"><img loading=\"lazy\" decoding=\"async\" width=\"150\" height=\"150\" src=\"https:\/\/www.arquimaster.com.ar\/web\/wp-content\/uploads\/2020\/06\/vivienda_estruch19-150x150.jpg\" class=\"attachment-thumbnail size-thumbnail\" alt=\"\" aria-describedby=\"gallery-1-56620\" \/><\/a>\n\t\t\t<\/div>\n\t\t\t\t<figcaption class='wp-caption-text gallery-caption' id='gallery-1-56620'>\n\t\t\t\tReforma integral de vivienda Estruch \/ Sincro\n\t\t\t\t<\/figcaption><\/figure><figure class='gallery-item'>\n\t\t\t<div class='gallery-icon landscape'>\n\t\t\t\t<a href='https:\/\/www.arquimaster.com.ar\/web\/wp-content\/uploads\/2020\/06\/vivienda_estruch20.jpg' title=\"Reforma integral de vivienda Estruch \/ Sincro\" data-rl_title=\"Reforma integral de vivienda Estruch \/ Sincro\" class=\"rl-gallery-link\" data-rl_caption=\"Reforma integral de vivienda Estruch \/ Sincro\" data-rel=\"lightbox-gallery-1\"><img loading=\"lazy\" decoding=\"async\" width=\"150\" height=\"150\" src=\"https:\/\/www.arquimaster.com.ar\/web\/wp-content\/uploads\/2020\/06\/vivienda_estruch20-150x150.jpg\" class=\"attachment-thumbnail size-thumbnail\" alt=\"\" aria-describedby=\"gallery-1-56621\" \/><\/a>\n\t\t\t<\/div>\n\t\t\t\t<figcaption class='wp-caption-text gallery-caption' id='gallery-1-56621'>\n\t\t\t\tReforma integral de vivienda Estruch \/ Sincro\n\t\t\t\t<\/figcaption><\/figure><figure class='gallery-item'>\n\t\t\t<div class='gallery-icon portrait'>\n\t\t\t\t<a href='https:\/\/www.arquimaster.com.ar\/web\/wp-content\/uploads\/2020\/06\/vivienda_estruch21.jpg' title=\"Reforma integral de vivienda Estruch \/ Sincro\" data-rl_title=\"Reforma integral de vivienda Estruch \/ Sincro\" class=\"rl-gallery-link\" data-rl_caption=\"Reforma integral de vivienda Estruch \/ Sincro\" data-rel=\"lightbox-gallery-1\"><img loading=\"lazy\" decoding=\"async\" width=\"150\" height=\"150\" src=\"https:\/\/www.arquimaster.com.ar\/web\/wp-content\/uploads\/2020\/06\/vivienda_estruch21-150x150.jpg\" class=\"attachment-thumbnail size-thumbnail\" alt=\"\" aria-describedby=\"gallery-1-56622\" \/><\/a>\n\t\t\t<\/div>\n\t\t\t\t<figcaption class='wp-caption-text gallery-caption' id='gallery-1-56622'>\n\t\t\t\tReforma integral de vivienda Estruch \/ Sincro\n\t\t\t\t<\/figcaption><\/figure><figure class='gallery-item'>\n\t\t\t<div class='gallery-icon landscape'>\n\t\t\t\t<a href='https:\/\/www.arquimaster.com.ar\/web\/wp-content\/uploads\/2020\/06\/vivienda_estruch22.jpg' title=\"Reforma integral de vivienda Estruch \/ Sincro\" data-rl_title=\"Reforma integral de vivienda Estruch \/ Sincro\" class=\"rl-gallery-link\" data-rl_caption=\"Reforma integral de vivienda Estruch \/ Sincro\" data-rel=\"lightbox-gallery-1\"><img loading=\"lazy\" decoding=\"async\" width=\"150\" height=\"150\" src=\"https:\/\/www.arquimaster.com.ar\/web\/wp-content\/uploads\/2020\/06\/vivienda_estruch22-150x150.jpg\" class=\"attachment-thumbnail size-thumbnail\" alt=\"\" aria-describedby=\"gallery-1-56623\" \/><\/a>\n\t\t\t<\/div>\n\t\t\t\t<figcaption class='wp-caption-text gallery-caption' id='gallery-1-56623'>\n\t\t\t\tReforma integral de vivienda Estruch \/ Sincro\n\t\t\t\t<\/figcaption><\/figure><figure class='gallery-item'>\n\t\t\t<div class='gallery-icon landscape'>\n\t\t\t\t<a href='https:\/\/www.arquimaster.com.ar\/web\/wp-content\/uploads\/2020\/06\/vivienda_estruch23.jpg' title=\"Reforma integral de vivienda Estruch \/ Sincro\" data-rl_title=\"Reforma integral de vivienda Estruch \/ Sincro\" class=\"rl-gallery-link\" data-rl_caption=\"Reforma integral de vivienda Estruch \/ Sincro\" data-rel=\"lightbox-gallery-1\"><img loading=\"lazy\" decoding=\"async\" width=\"150\" height=\"150\" src=\"https:\/\/www.arquimaster.com.ar\/web\/wp-content\/uploads\/2020\/06\/vivienda_estruch23-150x150.jpg\" class=\"attachment-thumbnail size-thumbnail\" alt=\"\" aria-describedby=\"gallery-1-56624\" \/><\/a>\n\t\t\t<\/div>\n\t\t\t\t<figcaption class='wp-caption-text gallery-caption' id='gallery-1-56624'>\n\t\t\t\tReforma integral de vivienda Estruch \/ Sincro\n\t\t\t\t<\/figcaption><\/figure><figure class='gallery-item'>\n\t\t\t<div class='gallery-icon landscape'>\n\t\t\t\t<a href='https:\/\/www.arquimaster.com.ar\/web\/wp-content\/uploads\/2020\/06\/vivienda_estruch24.jpg' title=\"Reforma integral de vivienda Estruch \/ Sincro\" data-rl_title=\"Reforma integral de vivienda Estruch \/ Sincro\" class=\"rl-gallery-link\" data-rl_caption=\"Reforma integral de vivienda Estruch \/ Sincro\" data-rel=\"lightbox-gallery-1\"><img loading=\"lazy\" decoding=\"async\" width=\"150\" height=\"150\" src=\"https:\/\/www.arquimaster.com.ar\/web\/wp-content\/uploads\/2020\/06\/vivienda_estruch24-150x150.jpg\" class=\"attachment-thumbnail size-thumbnail\" alt=\"\" aria-describedby=\"gallery-1-56625\" \/><\/a>\n\t\t\t<\/div>\n\t\t\t\t<figcaption class='wp-caption-text gallery-caption' id='gallery-1-56625'>\n\t\t\t\tReforma integral de vivienda Estruch \/ Sincro\n\t\t\t\t<\/figcaption><\/figure><figure class='gallery-item'>\n\t\t\t<div class='gallery-icon landscape'>\n\t\t\t\t<a href='https:\/\/www.arquimaster.com.ar\/web\/wp-content\/uploads\/2020\/06\/vivienda_estruch25.jpg' title=\"Reforma integral de vivienda Estruch \/ Sincro (planta reformada)\" data-rl_title=\"Reforma integral de vivienda Estruch \/ Sincro (planta reformada)\" class=\"rl-gallery-link\" data-rl_caption=\"Reforma integral de vivienda Estruch \/ Sincro (planta reformada)\" data-rel=\"lightbox-gallery-1\"><img loading=\"lazy\" decoding=\"async\" width=\"150\" height=\"150\" src=\"https:\/\/www.arquimaster.com.ar\/web\/wp-content\/uploads\/2020\/06\/vivienda_estruch25-150x150.jpg\" class=\"attachment-thumbnail size-thumbnail\" alt=\"\" aria-describedby=\"gallery-1-56626\" \/><\/a>\n\t\t\t<\/div>\n\t\t\t\t<figcaption class='wp-caption-text gallery-caption' id='gallery-1-56626'>\n\t\t\t\tReforma integral de vivienda Estruch \/ Sincro (planta reformada)\n\t\t\t\t<\/figcaption><\/figure><figure class='gallery-item'>\n\t\t\t<div class='gallery-icon landscape'>\n\t\t\t\t<a href='https:\/\/www.arquimaster.com.ar\/web\/wp-content\/uploads\/2020\/06\/vivienda_estruch26.jpg' title=\"Reforma integral de vivienda Estruch \/ Sincro (planta anterior)\" data-rl_title=\"Reforma integral de vivienda Estruch \/ Sincro (planta anterior)\" class=\"rl-gallery-link\" data-rl_caption=\"Reforma integral de vivienda Estruch \/ Sincro (planta anterior)\" data-rel=\"lightbox-gallery-1\"><img loading=\"lazy\" decoding=\"async\" width=\"150\" height=\"150\" src=\"https:\/\/www.arquimaster.com.ar\/web\/wp-content\/uploads\/2020\/06\/vivienda_estruch26-150x150.jpg\" class=\"attachment-thumbnail size-thumbnail\" alt=\"\" aria-describedby=\"gallery-1-56627\" \/><\/a>\n\t\t\t<\/div>\n\t\t\t\t<figcaption class='wp-caption-text gallery-caption' id='gallery-1-56627'>\n\t\t\t\tReforma integral de vivienda Estruch \/ Sincro (planta anterior)\n\t\t\t\t<\/figcaption><\/figure>\n\t\t<\/div>\n\n<p>Para conseguirlo se dise\u00f1\u00f3 una distribuci\u00f3n interior con dos zonas bien diferenciadas, por un lado la zona de d\u00eda al m\u00e1s puro estilo \u00abopen concept\u00bb,&nbsp;para poder compartir m\u00e1s tiempo con la familia y los amigos, y para conseguir mayor luminosidad y amplitud. Y por otro lado, la zona de noche donde descansar, con tres dormitorios y dos ba\u00f1os. Adem\u00e1s se ha incorporado una peque\u00f1a zona de lavadero, y para el dise\u00f1o se han tenido en cuenta los dos patios interiores y la terraza existentes en la vivienda.<\/p>\n<p>Para afrontar con \u00e9xito la&nbsp;uni\u00f3n de las dos viviendas&nbsp;se tuvieron en cuenta una serie de condicionantes t\u00e9cnicos. Principalmente modificaciones en tabiques, muros de carga y accesos; nivelaci\u00f3n de suelos y techos; y la centralizaci\u00f3n de las instalaciones. Adem\u00e1s se tuvieron que realizar refuerzos estructurales al encontrar vigas en mal estado a causa de la aluminosis, una patolog\u00eda frecuente en los edificios construidos en los a\u00f1os &#8217;50 y &#8217;60.<\/p>\n<p>De la vivienda destacar la&nbsp;cocina con pen\u00ednsula&nbsp;abierta al sal\u00f3n. Compuesta por un mobiliario moderno y de l\u00edneas limpias de color blanco que combina muy bien con el gris de la encimera, d\u00e1ndole un toque distinguido y elegante.<\/p>\n<p>La zona de aguas se encuentra rodeada por m\u00f3dulos de almacenaje con distintas profundidades, creando un efecto visual muy atractivo. En la pen\u00ednsula se ha ubicado una gran zona para cocinar con m\u00e1s espacio destinado al almacenaje, y a diferente altura encontramos integrada una zona de comedor para comidas m\u00e1s informales.<\/p>\n<p>Para separar ambientes dentro de este espacio di\u00e1fano se han utilizado diferentes pavimentos, en la cocina azulejos que imitan el t\u00edpico panot de las calles de Barcelona y para el resto del sal\u00f3n un parquet laminado.<\/p>\n<p>Por \u00faltimo, resaltar los dos&nbsp;ba\u00f1os completos. En los dos casos se ha optado por un revestimiento porcel\u00e1nico en tonalidades grises, que combina muy bien con el blanco de los sanitarios, mueble lavabo y la pintura de las paredes. Para darle un toque m\u00e1s personalizado y diferencial, en algunas zonas de la pared se han instalado baldosas con dise\u00f1os de figuras geom\u00e9tricas. En las duchas se han realizado unas&nbsp;hornacinas&nbsp;muy pr\u00e1cticas para poner todos los accesorios de ducha.<\/p>\n<p><strong>Ficha tecnica<\/strong><br \/>\nNombre: Reforma integral de vivienda Estruch<br \/>\nUbicaci\u00f3n: Barrio Collblanc, Hospitalet de Llobregat, Barcelona, Espa\u00f1a<br \/>\nProyectistas: Sincro<br \/>\nQui\u00e9n vive all\u00ed: una familia con sus dos hijas<br \/>\nLo m\u00e1s destacado: unir dos viviendas contiguas para tener una vivienda mucho m\u00e1s grande y espaciosa<br \/>\nSuperficie: 120 m2<\/p>\n<p><strong>Contacto<\/strong><br \/>\n<a href=\"https:\/\/www.bysincro.com\/proyectos\/reforma-integral-estruch\/\" target=\"_blank\" rel=\"noopener noreferrer\">https:\/\/www.bysincro.com<\/a><\/p>\n\n<div style=\"font-size: 0px; height: 0px; line-height: 0px; margin: 0; padding: 0; clear: both;\"><\/div><div style=\"margin-top: 0px; margin-bottom: 0px;\" class=\"sharethis-inline-share-buttons\" ><\/div>","protected":false},"excerpt":{"rendered":"<p>La intervencion une dos viviendas contiguas, dise\u00f1ando dos zonas bien diferenciadas&#8230;<\/p>\n","protected":false},"author":1,"featured_media":56601,"comment_status":"closed","ping_status":"closed","sticky":false,"template":"","format":"standard","meta":{"_uag_custom_page_level_css":"","footnotes":""},"categories":[1,82,83],"tags":[5581,679,6072,249,104,6073,1043,5323],"class_list":["post-56600","post","type-post","status-publish","format-standard","has-post-thumbnail","hentry","category-proyecto","category-rehabilitaciones","category-vivienda-unifamiliar","tag-apartamento","tag-barcelona","tag-barrio-collblanc","tag-departamento","tag-espana","tag-hospitalet-de-llobregat","tag-reforma-de-vivienda","tag-sincro","generate-columns","tablet-grid-50","mobile-grid-100","grid-parent","grid-50"],"yoast_head":"<!-- This site is optimized with the Yoast SEO plugin v27.3 - https:\/\/yoast.com\/product\/yoast-seo-wordpress\/ -->\n<title>Reforma integral de vivienda Estruch \/ Sincro - Arquimaster<\/title>\n<meta name=\"description\" content=\"La intervencion une dos viviendas contiguas, dise\u00f1ando una distribuci\u00f3n interior con dos zonas bien diferenciadas: una zona de dia con un concepto de espacio abierto y una zona de noche destinada al descanso.\" \/>\n<meta name=\"robots\" content=\"index, follow, max-snippet:-1, max-image-preview:large, max-video-preview:-1\" \/>\n<link rel=\"canonical\" href=\"https:\/\/www.arquimaster.com.ar\/web\/reforma-integral-de-vivienda-estruch-sincro\/\" \/>\n<meta property=\"og:locale\" content=\"es_ES\" \/>\n<meta property=\"og:type\" content=\"article\" \/>\n<meta property=\"og:title\" content=\"Reforma integral de vivienda Estruch \/ Sincro\" \/>\n<meta property=\"og:description\" content=\"La intervencion une dos viviendas contiguas, dise\u00f1ando una distribuci\u00f3n interior con dos zonas bien diferenciadas: una zona de dia con un concepto de espacio abierto y una zona de noche destinada al descanso.\" \/>\n<meta property=\"og:url\" content=\"https:\/\/www.arquimaster.com.ar\/web\/reforma-integral-de-vivienda-estruch-sincro\/\" \/>\n<meta property=\"og:site_name\" content=\"Arquimaster\" \/>\n<meta property=\"article:publisher\" content=\"http:\/\/www.facebook.com\/ARQUIMASTER.com.ar\" \/>\n<meta property=\"article:published_time\" content=\"2020-06-18T20:42:08+00:00\" \/>\n<meta property=\"article:modified_time\" content=\"2020-06-19T14:36:20+00:00\" \/>\n<meta property=\"og:image\" content=\"https:\/\/www.arquimaster.com.ar\/web\/wp-content\/uploads\/2020\/06\/vivienda_estruch_slide.jpg\" \/>\n\t<meta property=\"og:image:width\" content=\"698\" \/>\n\t<meta property=\"og:image:height\" content=\"364\" \/>\n\t<meta property=\"og:image:type\" content=\"image\/jpeg\" \/>\n<meta name=\"author\" content=\"Arquimaster\" \/>\n<meta name=\"twitter:card\" content=\"summary_large_image\" \/>\n<meta name=\"twitter:title\" content=\"Reforma integral de vivienda Estruch \/ Sincro\" \/>\n<meta name=\"twitter:description\" content=\"La intervencion une dos viviendas contiguas, dise\u00f1ando una distribuci\u00f3n interior con dos zonas bien diferenciadas: una zona de dia con un concepto de espacio abierto y una zona de noche destinada al descanso.\" \/>\n<meta name=\"twitter:image\" content=\"https:\/\/www.arquimaster.com.ar\/web\/wp-content\/uploads\/2020\/06\/vivienda_estruch_slide.jpg\" \/>\n<meta name=\"twitter:creator\" content=\"@arquimaster\" \/>\n<meta name=\"twitter:site\" content=\"@arquimaster\" \/>\n<meta name=\"twitter:label1\" content=\"Escrito por\" \/>\n\t<meta name=\"twitter:data1\" content=\"Arquimaster\" \/>\n\t<meta name=\"twitter:label2\" content=\"Tiempo de lectura\" \/>\n\t<meta name=\"twitter:data2\" content=\"3 minutos\" \/>\n<script type=\"application\/ld+json\" class=\"yoast-schema-graph\">{\"@context\":\"https:\\\/\\\/schema.org\",\"@graph\":[{\"@type\":\"Article\",\"@id\":\"https:\\\/\\\/www.arquimaster.com.ar\\\/web\\\/reforma-integral-de-vivienda-estruch-sincro\\\/#article\",\"isPartOf\":{\"@id\":\"https:\\\/\\\/www.arquimaster.com.ar\\\/web\\\/reforma-integral-de-vivienda-estruch-sincro\\\/\"},\"author\":{\"name\":\"Arquimaster\",\"@id\":\"https:\\\/\\\/www.arquimaster.com.ar\\\/web\\\/#\\\/schema\\\/person\\\/359e9f7c00193fcde068e0dd2ceb0028\"},\"headline\":\"Reforma integral de vivienda Estruch \\\/ Sincro\",\"datePublished\":\"2020-06-18T20:42:08+00:00\",\"dateModified\":\"2020-06-19T14:36:20+00:00\",\"mainEntityOfPage\":{\"@id\":\"https:\\\/\\\/www.arquimaster.com.ar\\\/web\\\/reforma-integral-de-vivienda-estruch-sincro\\\/\"},\"wordCount\":536,\"publisher\":{\"@id\":\"https:\\\/\\\/www.arquimaster.com.ar\\\/web\\\/#organization\"},\"image\":{\"@id\":\"https:\\\/\\\/www.arquimaster.com.ar\\\/web\\\/reforma-integral-de-vivienda-estruch-sincro\\\/#primaryimage\"},\"thumbnailUrl\":\"https:\\\/\\\/www.arquimaster.com.ar\\\/web\\\/wp-content\\\/uploads\\\/2020\\\/06\\\/vivienda_estruch_slide.jpg\",\"keywords\":[\"apartamento\",\"Barcelona\",\"Barrio Collblanc\",\"departamento\",\"Espa\u00f1a\",\"Hospitalet de Llobregat\",\"reforma de vivienda\",\"Sincro\"],\"articleSection\":[\"Proyecto\",\"Rehabilitaciones y ampliaciones\",\"Vivienda unifamiliar y PH\"],\"inLanguage\":\"es\"},{\"@type\":\"WebPage\",\"@id\":\"https:\\\/\\\/www.arquimaster.com.ar\\\/web\\\/reforma-integral-de-vivienda-estruch-sincro\\\/\",\"url\":\"https:\\\/\\\/www.arquimaster.com.ar\\\/web\\\/reforma-integral-de-vivienda-estruch-sincro\\\/\",\"name\":\"Reforma integral de vivienda Estruch \\\/ Sincro - Arquimaster\",\"isPartOf\":{\"@id\":\"https:\\\/\\\/www.arquimaster.com.ar\\\/web\\\/#website\"},\"primaryImageOfPage\":{\"@id\":\"https:\\\/\\\/www.arquimaster.com.ar\\\/web\\\/reforma-integral-de-vivienda-estruch-sincro\\\/#primaryimage\"},\"image\":{\"@id\":\"https:\\\/\\\/www.arquimaster.com.ar\\\/web\\\/reforma-integral-de-vivienda-estruch-sincro\\\/#primaryimage\"},\"thumbnailUrl\":\"https:\\\/\\\/www.arquimaster.com.ar\\\/web\\\/wp-content\\\/uploads\\\/2020\\\/06\\\/vivienda_estruch_slide.jpg\",\"datePublished\":\"2020-06-18T20:42:08+00:00\",\"dateModified\":\"2020-06-19T14:36:20+00:00\",\"description\":\"La intervencion une dos viviendas contiguas, dise\u00f1ando una distribuci\u00f3n interior con dos zonas bien diferenciadas: una zona de dia con un concepto de espacio abierto y una zona de noche destinada al descanso.\",\"breadcrumb\":{\"@id\":\"https:\\\/\\\/www.arquimaster.com.ar\\\/web\\\/reforma-integral-de-vivienda-estruch-sincro\\\/#breadcrumb\"},\"inLanguage\":\"es\",\"potentialAction\":[{\"@type\":\"ReadAction\",\"target\":[\"https:\\\/\\\/www.arquimaster.com.ar\\\/web\\\/reforma-integral-de-vivienda-estruch-sincro\\\/\"]}]},{\"@type\":\"ImageObject\",\"inLanguage\":\"es\",\"@id\":\"https:\\\/\\\/www.arquimaster.com.ar\\\/web\\\/reforma-integral-de-vivienda-estruch-sincro\\\/#primaryimage\",\"url\":\"https:\\\/\\\/www.arquimaster.com.ar\\\/web\\\/wp-content\\\/uploads\\\/2020\\\/06\\\/vivienda_estruch_slide.jpg\",\"contentUrl\":\"https:\\\/\\\/www.arquimaster.com.ar\\\/web\\\/wp-content\\\/uploads\\\/2020\\\/06\\\/vivienda_estruch_slide.jpg\",\"width\":698,\"height\":364},{\"@type\":\"BreadcrumbList\",\"@id\":\"https:\\\/\\\/www.arquimaster.com.ar\\\/web\\\/reforma-integral-de-vivienda-estruch-sincro\\\/#breadcrumb\",\"itemListElement\":[{\"@type\":\"ListItem\",\"position\":1,\"name\":\"Portada\",\"item\":\"https:\\\/\\\/www.arquimaster.com.ar\\\/web\\\/\"},{\"@type\":\"ListItem\",\"position\":2,\"name\":\"Reforma integral de vivienda Estruch \\\/ Sincro\"}]},{\"@type\":\"WebSite\",\"@id\":\"https:\\\/\\\/www.arquimaster.com.ar\\\/web\\\/#website\",\"url\":\"https:\\\/\\\/www.arquimaster.com.ar\\\/web\\\/\",\"name\":\"Arquimaster\",\"description\":\"Web de arquitectura, dise\u00f1o y construccion\",\"publisher\":{\"@id\":\"https:\\\/\\\/www.arquimaster.com.ar\\\/web\\\/#organization\"},\"potentialAction\":[{\"@type\":\"SearchAction\",\"target\":{\"@type\":\"EntryPoint\",\"urlTemplate\":\"https:\\\/\\\/www.arquimaster.com.ar\\\/web\\\/?s={search_term_string}\"},\"query-input\":{\"@type\":\"PropertyValueSpecification\",\"valueRequired\":true,\"valueName\":\"search_term_string\"}}],\"inLanguage\":\"es\"},{\"@type\":\"Organization\",\"@id\":\"https:\\\/\\\/www.arquimaster.com.ar\\\/web\\\/#organization\",\"name\":\"Arquimaster\",\"url\":\"https:\\\/\\\/www.arquimaster.com.ar\\\/web\\\/\",\"logo\":{\"@type\":\"ImageObject\",\"inLanguage\":\"es\",\"@id\":\"https:\\\/\\\/www.arquimaster.com.ar\\\/web\\\/#\\\/schema\\\/logo\\\/image\\\/\",\"url\":\"https:\\\/\\\/www.arquimaster.com.ar\\\/web\\\/wp-content\\\/uploads\\\/2022\\\/06\\\/arquimaster.png\",\"contentUrl\":\"https:\\\/\\\/www.arquimaster.com.ar\\\/web\\\/wp-content\\\/uploads\\\/2022\\\/06\\\/arquimaster.png\",\"width\":594,\"height\":78,\"caption\":\"Arquimaster\"},\"image\":{\"@id\":\"https:\\\/\\\/www.arquimaster.com.ar\\\/web\\\/#\\\/schema\\\/logo\\\/image\\\/\"},\"sameAs\":[\"http:\\\/\\\/www.facebook.com\\\/ARQUIMASTER.com.ar\",\"https:\\\/\\\/x.com\\\/arquimaster\",\"https:\\\/\\\/www.instagram.com\\\/arquimasterblog\\\/\",\"https:\\\/\\\/www.linkedin.com\\\/company\\\/arquimaster\",\"https:\\\/\\\/www.pinterest.com\\\/arquimaster\",\"https:\\\/\\\/t.me\\\/arquimaster\"]},{\"@type\":\"Person\",\"@id\":\"https:\\\/\\\/www.arquimaster.com.ar\\\/web\\\/#\\\/schema\\\/person\\\/359e9f7c00193fcde068e0dd2ceb0028\",\"name\":\"Arquimaster\"}]}<\/script>\n<!-- \/ Yoast SEO plugin. -->","yoast_head_json":{"title":"Reforma integral de vivienda Estruch \/ Sincro - Arquimaster","description":"La intervencion une dos viviendas contiguas, dise\u00f1ando una distribuci\u00f3n interior con dos zonas bien diferenciadas: una zona de dia con un concepto de espacio abierto y una zona de noche destinada al descanso.","robots":{"index":"index","follow":"follow","max-snippet":"max-snippet:-1","max-image-preview":"max-image-preview:large","max-video-preview":"max-video-preview:-1"},"canonical":"https:\/\/www.arquimaster.com.ar\/web\/reforma-integral-de-vivienda-estruch-sincro\/","og_locale":"es_ES","og_type":"article","og_title":"Reforma integral de vivienda Estruch \/ Sincro","og_description":"La intervencion une dos viviendas contiguas, dise\u00f1ando una distribuci\u00f3n interior con dos zonas bien diferenciadas: una zona de dia con un concepto de espacio abierto y una zona de noche destinada al descanso.","og_url":"https:\/\/www.arquimaster.com.ar\/web\/reforma-integral-de-vivienda-estruch-sincro\/","og_site_name":"Arquimaster","article_publisher":"http:\/\/www.facebook.com\/ARQUIMASTER.com.ar","article_published_time":"2020-06-18T20:42:08+00:00","article_modified_time":"2020-06-19T14:36:20+00:00","og_image":[{"width":698,"height":364,"url":"https:\/\/www.arquimaster.com.ar\/web\/wp-content\/uploads\/2020\/06\/vivienda_estruch_slide.jpg","type":"image\/jpeg"}],"author":"Arquimaster","twitter_card":"summary_large_image","twitter_title":"Reforma integral de vivienda Estruch \/ Sincro","twitter_description":"La intervencion une dos viviendas contiguas, dise\u00f1ando una distribuci\u00f3n interior con dos zonas bien diferenciadas: una zona de dia con un concepto de espacio abierto y una zona de noche destinada al descanso.","twitter_image":"https:\/\/www.arquimaster.com.ar\/web\/wp-content\/uploads\/2020\/06\/vivienda_estruch_slide.jpg","twitter_creator":"@arquimaster","twitter_site":"@arquimaster","twitter_misc":{"Escrito por":"Arquimaster","Tiempo de lectura":"3 minutos"},"schema":{"@context":"https:\/\/schema.org","@graph":[{"@type":"Article","@id":"https:\/\/www.arquimaster.com.ar\/web\/reforma-integral-de-vivienda-estruch-sincro\/#article","isPartOf":{"@id":"https:\/\/www.arquimaster.com.ar\/web\/reforma-integral-de-vivienda-estruch-sincro\/"},"author":{"name":"Arquimaster","@id":"https:\/\/www.arquimaster.com.ar\/web\/#\/schema\/person\/359e9f7c00193fcde068e0dd2ceb0028"},"headline":"Reforma integral de vivienda Estruch \/ Sincro","datePublished":"2020-06-18T20:42:08+00:00","dateModified":"2020-06-19T14:36:20+00:00","mainEntityOfPage":{"@id":"https:\/\/www.arquimaster.com.ar\/web\/reforma-integral-de-vivienda-estruch-sincro\/"},"wordCount":536,"publisher":{"@id":"https:\/\/www.arquimaster.com.ar\/web\/#organization"},"image":{"@id":"https:\/\/www.arquimaster.com.ar\/web\/reforma-integral-de-vivienda-estruch-sincro\/#primaryimage"},"thumbnailUrl":"https:\/\/www.arquimaster.com.ar\/web\/wp-content\/uploads\/2020\/06\/vivienda_estruch_slide.jpg","keywords":["apartamento","Barcelona","Barrio Collblanc","departamento","Espa\u00f1a","Hospitalet de Llobregat","reforma de vivienda","Sincro"],"articleSection":["Proyecto","Rehabilitaciones y ampliaciones","Vivienda unifamiliar y PH"],"inLanguage":"es"},{"@type":"WebPage","@id":"https:\/\/www.arquimaster.com.ar\/web\/reforma-integral-de-vivienda-estruch-sincro\/","url":"https:\/\/www.arquimaster.com.ar\/web\/reforma-integral-de-vivienda-estruch-sincro\/","name":"Reforma integral de vivienda Estruch \/ Sincro - Arquimaster","isPartOf":{"@id":"https:\/\/www.arquimaster.com.ar\/web\/#website"},"primaryImageOfPage":{"@id":"https:\/\/www.arquimaster.com.ar\/web\/reforma-integral-de-vivienda-estruch-sincro\/#primaryimage"},"image":{"@id":"https:\/\/www.arquimaster.com.ar\/web\/reforma-integral-de-vivienda-estruch-sincro\/#primaryimage"},"thumbnailUrl":"https:\/\/www.arquimaster.com.ar\/web\/wp-content\/uploads\/2020\/06\/vivienda_estruch_slide.jpg","datePublished":"2020-06-18T20:42:08+00:00","dateModified":"2020-06-19T14:36:20+00:00","description":"La intervencion une dos viviendas contiguas, dise\u00f1ando una distribuci\u00f3n interior con dos zonas bien diferenciadas: una zona de dia con un concepto de espacio abierto y una zona de noche destinada al descanso.","breadcrumb":{"@id":"https:\/\/www.arquimaster.com.ar\/web\/reforma-integral-de-vivienda-estruch-sincro\/#breadcrumb"},"inLanguage":"es","potentialAction":[{"@type":"ReadAction","target":["https:\/\/www.arquimaster.com.ar\/web\/reforma-integral-de-vivienda-estruch-sincro\/"]}]},{"@type":"ImageObject","inLanguage":"es","@id":"https:\/\/www.arquimaster.com.ar\/web\/reforma-integral-de-vivienda-estruch-sincro\/#primaryimage","url":"https:\/\/www.arquimaster.com.ar\/web\/wp-content\/uploads\/2020\/06\/vivienda_estruch_slide.jpg","contentUrl":"https:\/\/www.arquimaster.com.ar\/web\/wp-content\/uploads\/2020\/06\/vivienda_estruch_slide.jpg","width":698,"height":364},{"@type":"BreadcrumbList","@id":"https:\/\/www.arquimaster.com.ar\/web\/reforma-integral-de-vivienda-estruch-sincro\/#breadcrumb","itemListElement":[{"@type":"ListItem","position":1,"name":"Portada","item":"https:\/\/www.arquimaster.com.ar\/web\/"},{"@type":"ListItem","position":2,"name":"Reforma integral de vivienda Estruch \/ Sincro"}]},{"@type":"WebSite","@id":"https:\/\/www.arquimaster.com.ar\/web\/#website","url":"https:\/\/www.arquimaster.com.ar\/web\/","name":"Arquimaster","description":"Web de arquitectura, dise\u00f1o y construccion","publisher":{"@id":"https:\/\/www.arquimaster.com.ar\/web\/#organization"},"potentialAction":[{"@type":"SearchAction","target":{"@type":"EntryPoint","urlTemplate":"https:\/\/www.arquimaster.com.ar\/web\/?s={search_term_string}"},"query-input":{"@type":"PropertyValueSpecification","valueRequired":true,"valueName":"search_term_string"}}],"inLanguage":"es"},{"@type":"Organization","@id":"https:\/\/www.arquimaster.com.ar\/web\/#organization","name":"Arquimaster","url":"https:\/\/www.arquimaster.com.ar\/web\/","logo":{"@type":"ImageObject","inLanguage":"es","@id":"https:\/\/www.arquimaster.com.ar\/web\/#\/schema\/logo\/image\/","url":"https:\/\/www.arquimaster.com.ar\/web\/wp-content\/uploads\/2022\/06\/arquimaster.png","contentUrl":"https:\/\/www.arquimaster.com.ar\/web\/wp-content\/uploads\/2022\/06\/arquimaster.png","width":594,"height":78,"caption":"Arquimaster"},"image":{"@id":"https:\/\/www.arquimaster.com.ar\/web\/#\/schema\/logo\/image\/"},"sameAs":["http:\/\/www.facebook.com\/ARQUIMASTER.com.ar","https:\/\/x.com\/arquimaster","https:\/\/www.instagram.com\/arquimasterblog\/","https:\/\/www.linkedin.com\/company\/arquimaster","https:\/\/www.pinterest.com\/arquimaster","https:\/\/t.me\/arquimaster"]},{"@type":"Person","@id":"https:\/\/www.arquimaster.com.ar\/web\/#\/schema\/person\/359e9f7c00193fcde068e0dd2ceb0028","name":"Arquimaster"}]}},"uagb_featured_image_src":{"full":["https:\/\/www.arquimaster.com.ar\/web\/wp-content\/uploads\/2020\/06\/vivienda_estruch_slide.jpg",698,364,false],"thumbnail":["https:\/\/www.arquimaster.com.ar\/web\/wp-content\/uploads\/2020\/06\/vivienda_estruch_slide-150x150.jpg",150,150,true],"medium":["https:\/\/www.arquimaster.com.ar\/web\/wp-content\/uploads\/2020\/06\/vivienda_estruch_slide.jpg",698,364,false],"medium_large":["https:\/\/www.arquimaster.com.ar\/web\/wp-content\/uploads\/2020\/06\/vivienda_estruch_slide.jpg",698,364,false],"large":["https:\/\/www.arquimaster.com.ar\/web\/wp-content\/uploads\/2020\/06\/vivienda_estruch_slide.jpg",698,364,false],"1536x1536":["https:\/\/www.arquimaster.com.ar\/web\/wp-content\/uploads\/2020\/06\/vivienda_estruch_slide.jpg",698,364,false],"2048x2048":["https:\/\/www.arquimaster.com.ar\/web\/wp-content\/uploads\/2020\/06\/vivienda_estruch_slide.jpg",698,364,false]},"uagb_author_info":{"display_name":"Arquimaster","author_link":"https:\/\/www.arquimaster.com.ar\/web\/author\/arquimaster\/"},"uagb_comment_info":0,"uagb_excerpt":"La intervencion une dos viviendas contiguas, dise\u00f1ando dos zonas bien diferenciadas...","_links":{"self":[{"href":"https:\/\/www.arquimaster.com.ar\/web\/wp-json\/wp\/v2\/posts\/56600","targetHints":{"allow":["GET"]}}],"collection":[{"href":"https:\/\/www.arquimaster.com.ar\/web\/wp-json\/wp\/v2\/posts"}],"about":[{"href":"https:\/\/www.arquimaster.com.ar\/web\/wp-json\/wp\/v2\/types\/post"}],"author":[{"embeddable":true,"href":"https:\/\/www.arquimaster.com.ar\/web\/wp-json\/wp\/v2\/users\/1"}],"replies":[{"embeddable":true,"href":"https:\/\/www.arquimaster.com.ar\/web\/wp-json\/wp\/v2\/comments?post=56600"}],"version-history":[{"count":2,"href":"https:\/\/www.arquimaster.com.ar\/web\/wp-json\/wp\/v2\/posts\/56600\/revisions"}],"predecessor-version":[{"id":56629,"href":"https:\/\/www.arquimaster.com.ar\/web\/wp-json\/wp\/v2\/posts\/56600\/revisions\/56629"}],"wp:featuredmedia":[{"embeddable":true,"href":"https:\/\/www.arquimaster.com.ar\/web\/wp-json\/wp\/v2\/media\/56601"}],"wp:attachment":[{"href":"https:\/\/www.arquimaster.com.ar\/web\/wp-json\/wp\/v2\/media?parent=56600"}],"wp:term":[{"taxonomy":"category","embeddable":true,"href":"https:\/\/www.arquimaster.com.ar\/web\/wp-json\/wp\/v2\/categories?post=56600"},{"taxonomy":"post_tag","embeddable":true,"href":"https:\/\/www.arquimaster.com.ar\/web\/wp-json\/wp\/v2\/tags?post=56600"}],"curies":[{"name":"wp","href":"https:\/\/api.w.org\/{rel}","templated":true}]}}