{"id":56630,"date":"2020-06-18T19:59:42","date_gmt":"2020-06-18T22:59:42","guid":{"rendered":"https:\/\/www.arquimaster.com.ar\/web\/?p=56630"},"modified":"2022-02-23T14:57:03","modified_gmt":"2022-02-23T17:57:03","slug":"centro-administrativo-de-saint-pierre-isla-reunion-idom","status":"publish","type":"post","link":"https:\/\/www.arquimaster.com.ar\/web\/centro-administrativo-de-saint-pierre-isla-reunion-idom\/","title":{"rendered":"Centro Administrativo de Saint Pierre (Isla Reuni\u00f3n) \/ IDOM"},"content":{"rendered":"<div style=\"margin-top: 0px; margin-bottom: 0px;\" class=\"sharethis-inline-share-buttons\" ><\/div><div class=\"b812932af2e751442846f039925109de\" data-index=\"1\" style=\"float: none; margin:25px 0 25px 0; text-align:center;\">\n<script async src=\"https:\/\/pagead2.googlesyndication.com\/pagead\/js\/adsbygoogle.js\"><\/script>\r\n<!-- Arquimaster (superior) -->\r\n<ins class=\"adsbygoogle\"\r\n     style=\"display:block\"\r\n     data-ad-client=\"ca-pub-6351072698456832\"\r\n     data-ad-slot=\"6455489680\"\r\n     data-ad-format=\"auto\"\r\n     data-full-width-responsive=\"true\"><\/ins>\r\n<script>\r\n     (adsbygoogle = window.adsbygoogle || []).push({});\r\n<\/script>\n<\/div>\n<p><strong>Centro Administrativo de Saint Pierre<\/strong> (Isla Reuni\u00f3n, Francia) por <strong>IDOM<\/strong>. El proyecto del Centro Administrativo de Saint Pierre (Isla Reuni\u00f3n), ganador de un concurso p\u00fablico, alojar\u00e1 el futuro Ayuntamiento de la Ciudad Reunionesa, las oficinas de la Polic\u00eda Local, un restaurante panor\u00e1mico y dos plantas de aparcamiento p\u00fablico\/privado. Pr\u00f3ximo al Oc\u00e9ano \u00cdndico y cerca del hist\u00f3rico Ayuntamiento Colonial de Saint Pierre, el edificio propuesto es el resultado de la conjugaci\u00f3n de los condicionantes clim\u00e1ticos, urban\u00edsticos y program\u00e1ticos.<\/p>\n<div id='gallery-1' class='gallery galleryid-56630 gallery-columns-3 gallery-size-thumbnail'><figure class='gallery-item'>\n\t\t\t<div class='gallery-icon landscape'>\n\t\t\t\t<a href='https:\/\/www.arquimaster.com.ar\/web\/wp-content\/uploads\/2020\/06\/centro_administrativo_saint_pierre1.jpg' title=\"Centro Administrativo de Saint Pierre (Isla Reuni\u00f3n) \/ Idom\" data-rl_title=\"Centro Administrativo de Saint Pierre (Isla Reuni\u00f3n) \/ Idom\" class=\"rl-gallery-link\" data-rl_caption=\"Centro Administrativo de Saint Pierre (Isla Reuni\u00f3n) \/ Idom\" data-rel=\"lightbox-gallery-1\"><img loading=\"lazy\" decoding=\"async\" width=\"150\" height=\"150\" src=\"https:\/\/www.arquimaster.com.ar\/web\/wp-content\/uploads\/2020\/06\/centro_administrativo_saint_pierre1-150x150.jpg\" class=\"attachment-thumbnail size-thumbnail\" alt=\"\" aria-describedby=\"gallery-1-56632\" \/><\/a>\n\t\t\t<\/div>\n\t\t\t\t<figcaption class='wp-caption-text gallery-caption' id='gallery-1-56632'>\n\t\t\t\tCentro Administrativo de Saint Pierre (Isla Reuni\u00f3n) \/ Idom\n\t\t\t\t<\/figcaption><\/figure><figure class='gallery-item'>\n\t\t\t<div class='gallery-icon portrait'>\n\t\t\t\t<a href='https:\/\/www.arquimaster.com.ar\/web\/wp-content\/uploads\/2020\/06\/centro_administrativo_saint_pierre2.jpg' title=\"Centro Administrativo de Saint Pierre (Isla Reuni\u00f3n) \/ Idom\" data-rl_title=\"Centro Administrativo de Saint Pierre (Isla Reuni\u00f3n) \/ Idom\" class=\"rl-gallery-link\" data-rl_caption=\"Centro Administrativo de Saint Pierre (Isla Reuni\u00f3n) \/ Idom\" data-rel=\"lightbox-gallery-1\"><img loading=\"lazy\" decoding=\"async\" width=\"150\" height=\"150\" src=\"https:\/\/www.arquimaster.com.ar\/web\/wp-content\/uploads\/2020\/06\/centro_administrativo_saint_pierre2-150x150.jpg\" class=\"attachment-thumbnail size-thumbnail\" alt=\"\" aria-describedby=\"gallery-1-56633\" srcset=\"https:\/\/www.arquimaster.com.ar\/web\/wp-content\/uploads\/2020\/06\/centro_administrativo_saint_pierre2-150x150.jpg 150w, https:\/\/www.arquimaster.com.ar\/web\/wp-content\/uploads\/2020\/06\/centro_administrativo_saint_pierre2-1024x1027.jpg 1024w, https:\/\/www.arquimaster.com.ar\/web\/wp-content\/uploads\/2020\/06\/centro_administrativo_saint_pierre2-768x770.jpg 768w, https:\/\/www.arquimaster.com.ar\/web\/wp-content\/uploads\/2020\/06\/centro_administrativo_saint_pierre2.jpg 1496w\" sizes=\"auto, (max-width: 150px) 100vw, 150px\" \/><\/a>\n\t\t\t<\/div>\n\t\t\t\t<figcaption class='wp-caption-text gallery-caption' id='gallery-1-56633'>\n\t\t\t\tCentro Administrativo de Saint Pierre (Isla Reuni\u00f3n) \/ Idom\n\t\t\t\t<\/figcaption><\/figure><figure class='gallery-item'>\n\t\t\t<div class='gallery-icon landscape'>\n\t\t\t\t<a href='https:\/\/www.arquimaster.com.ar\/web\/wp-content\/uploads\/2020\/06\/centro_administrativo_saint_pierre3.jpg' title=\"Centro Administrativo de Saint Pierre (Isla Reuni\u00f3n) \/ Idom\" data-rl_title=\"Centro Administrativo de Saint Pierre (Isla Reuni\u00f3n) \/ Idom\" class=\"rl-gallery-link\" data-rl_caption=\"Centro Administrativo de Saint Pierre (Isla Reuni\u00f3n) \/ Idom\" data-rel=\"lightbox-gallery-1\"><img loading=\"lazy\" decoding=\"async\" width=\"150\" height=\"150\" src=\"https:\/\/www.arquimaster.com.ar\/web\/wp-content\/uploads\/2020\/06\/centro_administrativo_saint_pierre3-150x150.jpg\" class=\"attachment-thumbnail size-thumbnail\" alt=\"\" aria-describedby=\"gallery-1-56634\" \/><\/a>\n\t\t\t<\/div>\n\t\t\t\t<figcaption class='wp-caption-text gallery-caption' id='gallery-1-56634'>\n\t\t\t\tCentro Administrativo de Saint Pierre (Isla Reuni\u00f3n) \/ Idom\n\t\t\t\t<\/figcaption><\/figure><figure class='gallery-item'>\n\t\t\t<div class='gallery-icon landscape'>\n\t\t\t\t<a href='https:\/\/www.arquimaster.com.ar\/web\/wp-content\/uploads\/2020\/06\/centro_administrativo_saint_pierre4.jpg' title=\"Centro Administrativo de Saint Pierre (Isla Reuni\u00f3n) \/ Idom\" data-rl_title=\"Centro Administrativo de Saint Pierre (Isla Reuni\u00f3n) \/ Idom\" class=\"rl-gallery-link\" data-rl_caption=\"Centro Administrativo de Saint Pierre (Isla Reuni\u00f3n) \/ Idom\" data-rel=\"lightbox-gallery-1\"><img loading=\"lazy\" decoding=\"async\" width=\"150\" height=\"150\" src=\"https:\/\/www.arquimaster.com.ar\/web\/wp-content\/uploads\/2020\/06\/centro_administrativo_saint_pierre4-150x150.jpg\" class=\"attachment-thumbnail size-thumbnail\" alt=\"\" aria-describedby=\"gallery-1-56635\" \/><\/a>\n\t\t\t<\/div>\n\t\t\t\t<figcaption class='wp-caption-text gallery-caption' id='gallery-1-56635'>\n\t\t\t\tCentro Administrativo de Saint Pierre (Isla Reuni\u00f3n) \/ Idom\n\t\t\t\t<\/figcaption><\/figure><figure class='gallery-item'>\n\t\t\t<div class='gallery-icon landscape'>\n\t\t\t\t<a href='https:\/\/www.arquimaster.com.ar\/web\/wp-content\/uploads\/2020\/06\/centro_administrativo_saint_pierre5.jpg' title=\"Centro Administrativo de Saint Pierre (Isla Reuni\u00f3n) \/ Idom\" data-rl_title=\"Centro Administrativo de Saint Pierre (Isla Reuni\u00f3n) \/ Idom\" class=\"rl-gallery-link\" data-rl_caption=\"Centro Administrativo de Saint Pierre (Isla Reuni\u00f3n) \/ Idom\" data-rel=\"lightbox-gallery-1\"><img loading=\"lazy\" decoding=\"async\" width=\"150\" height=\"150\" src=\"https:\/\/www.arquimaster.com.ar\/web\/wp-content\/uploads\/2020\/06\/centro_administrativo_saint_pierre5-150x150.jpg\" class=\"attachment-thumbnail size-thumbnail\" alt=\"\" aria-describedby=\"gallery-1-56636\" \/><\/a>\n\t\t\t<\/div>\n\t\t\t\t<figcaption class='wp-caption-text gallery-caption' id='gallery-1-56636'>\n\t\t\t\tCentro Administrativo de Saint Pierre (Isla Reuni\u00f3n) \/ Idom\n\t\t\t\t<\/figcaption><\/figure><figure class='gallery-item'>\n\t\t\t<div class='gallery-icon landscape'>\n\t\t\t\t<a href='https:\/\/www.arquimaster.com.ar\/web\/wp-content\/uploads\/2020\/06\/centro_administrativo_saint_pierre6.jpg' title=\"Centro Administrativo de Saint Pierre (Isla Reuni\u00f3n) \/ Idom\" data-rl_title=\"Centro Administrativo de Saint Pierre (Isla Reuni\u00f3n) \/ Idom\" class=\"rl-gallery-link\" data-rl_caption=\"Centro Administrativo de Saint Pierre (Isla Reuni\u00f3n) \/ Idom\" data-rel=\"lightbox-gallery-1\"><img loading=\"lazy\" decoding=\"async\" width=\"150\" height=\"150\" src=\"https:\/\/www.arquimaster.com.ar\/web\/wp-content\/uploads\/2020\/06\/centro_administrativo_saint_pierre6-150x150.jpg\" class=\"attachment-thumbnail size-thumbnail\" alt=\"\" aria-describedby=\"gallery-1-56637\" srcset=\"https:\/\/www.arquimaster.com.ar\/web\/wp-content\/uploads\/2020\/06\/centro_administrativo_saint_pierre6-150x150.jpg 150w, https:\/\/www.arquimaster.com.ar\/web\/wp-content\/uploads\/2020\/06\/centro_administrativo_saint_pierre6-1024x1024.jpg 1024w, https:\/\/www.arquimaster.com.ar\/web\/wp-content\/uploads\/2020\/06\/centro_administrativo_saint_pierre6-768x768.jpg 768w, https:\/\/www.arquimaster.com.ar\/web\/wp-content\/uploads\/2020\/06\/centro_administrativo_saint_pierre6.jpg 1500w\" sizes=\"auto, (max-width: 150px) 100vw, 150px\" \/><\/a>\n\t\t\t<\/div>\n\t\t\t\t<figcaption class='wp-caption-text gallery-caption' id='gallery-1-56637'>\n\t\t\t\tCentro Administrativo de Saint Pierre (Isla Reuni\u00f3n) \/ Idom\n\t\t\t\t<\/figcaption><\/figure><figure class='gallery-item'>\n\t\t\t<div class='gallery-icon landscape'>\n\t\t\t\t<a href='https:\/\/www.arquimaster.com.ar\/web\/wp-content\/uploads\/2020\/06\/centro_administrativo_saint_pierre7.jpg' title=\"Centro Administrativo de Saint Pierre (Isla Reuni\u00f3n) \/ Idom\" data-rl_title=\"Centro Administrativo de Saint Pierre (Isla Reuni\u00f3n) \/ Idom\" class=\"rl-gallery-link\" data-rl_caption=\"Centro Administrativo de Saint Pierre (Isla Reuni\u00f3n) \/ Idom\" data-rel=\"lightbox-gallery-1\"><img loading=\"lazy\" decoding=\"async\" width=\"150\" height=\"150\" src=\"https:\/\/www.arquimaster.com.ar\/web\/wp-content\/uploads\/2020\/06\/centro_administrativo_saint_pierre7-150x150.jpg\" class=\"attachment-thumbnail size-thumbnail\" alt=\"\" aria-describedby=\"gallery-1-56638\" \/><\/a>\n\t\t\t<\/div>\n\t\t\t\t<figcaption class='wp-caption-text gallery-caption' id='gallery-1-56638'>\n\t\t\t\tCentro Administrativo de Saint Pierre (Isla Reuni\u00f3n) \/ Idom\n\t\t\t\t<\/figcaption><\/figure><figure class='gallery-item'>\n\t\t\t<div class='gallery-icon landscape'>\n\t\t\t\t<a href='https:\/\/www.arquimaster.com.ar\/web\/wp-content\/uploads\/2020\/06\/centro_administrativo_saint_pierre8.jpg' title=\"Centro Administrativo de Saint Pierre (Isla Reuni\u00f3n) \/ Idom\" data-rl_title=\"Centro Administrativo de Saint Pierre (Isla Reuni\u00f3n) \/ Idom\" class=\"rl-gallery-link\" data-rl_caption=\"Centro Administrativo de Saint Pierre (Isla Reuni\u00f3n) \/ Idom\" data-rel=\"lightbox-gallery-1\"><img loading=\"lazy\" decoding=\"async\" width=\"150\" height=\"150\" src=\"https:\/\/www.arquimaster.com.ar\/web\/wp-content\/uploads\/2020\/06\/centro_administrativo_saint_pierre8-150x150.jpg\" class=\"attachment-thumbnail size-thumbnail\" alt=\"\" aria-describedby=\"gallery-1-56639\" \/><\/a>\n\t\t\t<\/div>\n\t\t\t\t<figcaption class='wp-caption-text gallery-caption' id='gallery-1-56639'>\n\t\t\t\tCentro Administrativo de Saint Pierre (Isla Reuni\u00f3n) \/ Idom\n\t\t\t\t<\/figcaption><\/figure><figure class='gallery-item'>\n\t\t\t<div class='gallery-icon landscape'>\n\t\t\t\t<a href='https:\/\/www.arquimaster.com.ar\/web\/wp-content\/uploads\/2020\/06\/centro_administrativo_saint_pierre9.jpg' title=\"Centro Administrativo de Saint Pierre (Isla Reuni\u00f3n) \/ Idom (implantacion)\" data-rl_title=\"Centro Administrativo de Saint Pierre (Isla Reuni\u00f3n) \/ Idom (implantacion)\" class=\"rl-gallery-link\" data-rl_caption=\"Centro Administrativo de Saint Pierre (Isla Reuni\u00f3n) \/ Idom (implantacion)\" data-rel=\"lightbox-gallery-1\"><img loading=\"lazy\" decoding=\"async\" width=\"150\" height=\"150\" src=\"https:\/\/www.arquimaster.com.ar\/web\/wp-content\/uploads\/2020\/06\/centro_administrativo_saint_pierre9-150x150.jpg\" class=\"attachment-thumbnail size-thumbnail\" alt=\"\" aria-describedby=\"gallery-1-56640\" \/><\/a>\n\t\t\t<\/div>\n\t\t\t\t<figcaption class='wp-caption-text gallery-caption' id='gallery-1-56640'>\n\t\t\t\tCentro Administrativo de Saint Pierre (Isla Reuni\u00f3n) \/ Idom (implantacion)\n\t\t\t\t<\/figcaption><\/figure><figure class='gallery-item'>\n\t\t\t<div class='gallery-icon landscape'>\n\t\t\t\t<a href='https:\/\/www.arquimaster.com.ar\/web\/wp-content\/uploads\/2020\/06\/centro_administrativo_saint_pierre10.jpg' title=\"Centro Administrativo de Saint Pierre (Isla Reuni\u00f3n) \/ Idom (planta baja)\" data-rl_title=\"Centro Administrativo de Saint Pierre (Isla Reuni\u00f3n) \/ Idom (planta baja)\" class=\"rl-gallery-link\" data-rl_caption=\"Centro Administrativo de Saint Pierre (Isla Reuni\u00f3n) \/ Idom (planta baja)\" data-rel=\"lightbox-gallery-1\"><img loading=\"lazy\" decoding=\"async\" width=\"150\" height=\"150\" src=\"https:\/\/www.arquimaster.com.ar\/web\/wp-content\/uploads\/2020\/06\/centro_administrativo_saint_pierre10-150x150.jpg\" class=\"attachment-thumbnail size-thumbnail\" alt=\"\" aria-describedby=\"gallery-1-56641\" \/><\/a>\n\t\t\t<\/div>\n\t\t\t\t<figcaption class='wp-caption-text gallery-caption' id='gallery-1-56641'>\n\t\t\t\tCentro Administrativo de Saint Pierre (Isla Reuni\u00f3n) \/ Idom (planta baja)\n\t\t\t\t<\/figcaption><\/figure><figure class='gallery-item'>\n\t\t\t<div class='gallery-icon landscape'>\n\t\t\t\t<a href='https:\/\/www.arquimaster.com.ar\/web\/wp-content\/uploads\/2020\/06\/centro_administrativo_saint_pierre11.jpg' title=\"Centro Administrativo de Saint Pierre (Isla Reuni\u00f3n) \/ Idom (planta 1\u00ba piso)\" data-rl_title=\"Centro Administrativo de Saint Pierre (Isla Reuni\u00f3n) \/ Idom (planta 1\u00ba piso)\" class=\"rl-gallery-link\" data-rl_caption=\"Centro Administrativo de Saint Pierre (Isla Reuni\u00f3n) \/ Idom (planta 1\u00ba piso)\" data-rel=\"lightbox-gallery-1\"><img loading=\"lazy\" decoding=\"async\" width=\"150\" height=\"150\" src=\"https:\/\/www.arquimaster.com.ar\/web\/wp-content\/uploads\/2020\/06\/centro_administrativo_saint_pierre11-150x150.jpg\" class=\"attachment-thumbnail size-thumbnail\" alt=\"\" aria-describedby=\"gallery-1-56642\" \/><\/a>\n\t\t\t<\/div>\n\t\t\t\t<figcaption class='wp-caption-text gallery-caption' id='gallery-1-56642'>\n\t\t\t\tCentro Administrativo de Saint Pierre (Isla Reuni\u00f3n) \/ Idom (planta 1\u00ba piso)\n\t\t\t\t<\/figcaption><\/figure><figure class='gallery-item'>\n\t\t\t<div class='gallery-icon landscape'>\n\t\t\t\t<a href='https:\/\/www.arquimaster.com.ar\/web\/wp-content\/uploads\/2020\/06\/centro_administrativo_saint_pierre12.jpg' title=\"Centro Administrativo de Saint Pierre (Isla Reuni\u00f3n) \/ Idom (planta 2\u00ba piso)\" data-rl_title=\"Centro Administrativo de Saint Pierre (Isla Reuni\u00f3n) \/ Idom (planta 2\u00ba piso)\" class=\"rl-gallery-link\" data-rl_caption=\"Centro Administrativo de Saint Pierre (Isla Reuni\u00f3n) \/ Idom (planta 2\u00ba piso)\" data-rel=\"lightbox-gallery-1\"><img loading=\"lazy\" decoding=\"async\" width=\"150\" height=\"150\" src=\"https:\/\/www.arquimaster.com.ar\/web\/wp-content\/uploads\/2020\/06\/centro_administrativo_saint_pierre12-150x150.jpg\" class=\"attachment-thumbnail size-thumbnail\" alt=\"\" aria-describedby=\"gallery-1-56643\" \/><\/a>\n\t\t\t<\/div>\n\t\t\t\t<figcaption class='wp-caption-text gallery-caption' id='gallery-1-56643'>\n\t\t\t\tCentro Administrativo de Saint Pierre (Isla Reuni\u00f3n) \/ Idom (planta 2\u00ba piso)\n\t\t\t\t<\/figcaption><\/figure><figure class='gallery-item'>\n\t\t\t<div class='gallery-icon landscape'>\n\t\t\t\t<a href='https:\/\/www.arquimaster.com.ar\/web\/wp-content\/uploads\/2020\/06\/centro_administrativo_saint_pierre13.jpg' title=\"Centro Administrativo de Saint Pierre (Isla Reuni\u00f3n) \/ Idom (planta 3\u00ba piso)\" data-rl_title=\"Centro Administrativo de Saint Pierre (Isla Reuni\u00f3n) \/ Idom (planta 3\u00ba piso)\" class=\"rl-gallery-link\" data-rl_caption=\"Centro Administrativo de Saint Pierre (Isla Reuni\u00f3n) \/ Idom (planta 3\u00ba piso)\" data-rel=\"lightbox-gallery-1\"><img loading=\"lazy\" decoding=\"async\" width=\"150\" height=\"150\" src=\"https:\/\/www.arquimaster.com.ar\/web\/wp-content\/uploads\/2020\/06\/centro_administrativo_saint_pierre13-150x150.jpg\" class=\"attachment-thumbnail size-thumbnail\" alt=\"\" aria-describedby=\"gallery-1-56644\" \/><\/a>\n\t\t\t<\/div>\n\t\t\t\t<figcaption class='wp-caption-text gallery-caption' id='gallery-1-56644'>\n\t\t\t\tCentro Administrativo de Saint Pierre (Isla Reuni\u00f3n) \/ Idom (planta 3\u00ba piso)\n\t\t\t\t<\/figcaption><\/figure><figure class='gallery-item'>\n\t\t\t<div class='gallery-icon landscape'>\n\t\t\t\t<a href='https:\/\/www.arquimaster.com.ar\/web\/wp-content\/uploads\/2020\/06\/centro_administrativo_saint_pierre14.jpg' title=\"Centro Administrativo de Saint Pierre (Isla Reuni\u00f3n) \/ Idom (planta atico)\" data-rl_title=\"Centro Administrativo de Saint Pierre (Isla Reuni\u00f3n) \/ Idom (planta atico)\" class=\"rl-gallery-link\" data-rl_caption=\"Centro Administrativo de Saint Pierre (Isla Reuni\u00f3n) \/ Idom (planta atico)\" data-rel=\"lightbox-gallery-1\"><img loading=\"lazy\" decoding=\"async\" width=\"150\" height=\"150\" src=\"https:\/\/www.arquimaster.com.ar\/web\/wp-content\/uploads\/2020\/06\/centro_administrativo_saint_pierre14-150x150.jpg\" class=\"attachment-thumbnail size-thumbnail\" alt=\"\" aria-describedby=\"gallery-1-56645\" \/><\/a>\n\t\t\t<\/div>\n\t\t\t\t<figcaption class='wp-caption-text gallery-caption' id='gallery-1-56645'>\n\t\t\t\tCentro Administrativo de Saint Pierre (Isla Reuni\u00f3n) \/ Idom (planta atico)\n\t\t\t\t<\/figcaption><\/figure><figure class='gallery-item'>\n\t\t\t<div class='gallery-icon landscape'>\n\t\t\t\t<a href='https:\/\/www.arquimaster.com.ar\/web\/wp-content\/uploads\/2020\/06\/centro_administrativo_saint_pierre15.jpg' title=\"Centro Administrativo de Saint Pierre (Isla Reuni\u00f3n) \/ Idom (planta 1\u00ba subsuelo)\" data-rl_title=\"Centro Administrativo de Saint Pierre (Isla Reuni\u00f3n) \/ Idom (planta 1\u00ba subsuelo)\" class=\"rl-gallery-link\" data-rl_caption=\"Centro Administrativo de Saint Pierre (Isla Reuni\u00f3n) \/ Idom (planta 1\u00ba subsuelo)\" data-rel=\"lightbox-gallery-1\"><img loading=\"lazy\" decoding=\"async\" width=\"150\" height=\"150\" src=\"https:\/\/www.arquimaster.com.ar\/web\/wp-content\/uploads\/2020\/06\/centro_administrativo_saint_pierre15-150x150.jpg\" class=\"attachment-thumbnail size-thumbnail\" alt=\"\" aria-describedby=\"gallery-1-56646\" \/><\/a>\n\t\t\t<\/div>\n\t\t\t\t<figcaption class='wp-caption-text gallery-caption' id='gallery-1-56646'>\n\t\t\t\tCentro Administrativo de Saint Pierre (Isla Reuni\u00f3n) \/ Idom (planta 1\u00ba subsuelo)\n\t\t\t\t<\/figcaption><\/figure><figure class='gallery-item'>\n\t\t\t<div class='gallery-icon landscape'>\n\t\t\t\t<a href='https:\/\/www.arquimaster.com.ar\/web\/wp-content\/uploads\/2020\/06\/centro_administrativo_saint_pierre16.jpg' title=\"Centro Administrativo de Saint Pierre (Isla Reuni\u00f3n) \/ Idom (planta 2\u00ba subsuelo)\" data-rl_title=\"Centro Administrativo de Saint Pierre (Isla Reuni\u00f3n) \/ Idom (planta 2\u00ba subsuelo)\" class=\"rl-gallery-link\" data-rl_caption=\"Centro Administrativo de Saint Pierre (Isla Reuni\u00f3n) \/ Idom (planta 2\u00ba subsuelo)\" data-rel=\"lightbox-gallery-1\"><img loading=\"lazy\" decoding=\"async\" width=\"150\" height=\"150\" src=\"https:\/\/www.arquimaster.com.ar\/web\/wp-content\/uploads\/2020\/06\/centro_administrativo_saint_pierre16-150x150.jpg\" class=\"attachment-thumbnail size-thumbnail\" alt=\"\" aria-describedby=\"gallery-1-56647\" \/><\/a>\n\t\t\t<\/div>\n\t\t\t\t<figcaption class='wp-caption-text gallery-caption' id='gallery-1-56647'>\n\t\t\t\tCentro Administrativo de Saint Pierre (Isla Reuni\u00f3n) \/ Idom (planta 2\u00ba subsuelo)\n\t\t\t\t<\/figcaption><\/figure><figure class='gallery-item'>\n\t\t\t<div class='gallery-icon landscape'>\n\t\t\t\t<a href='https:\/\/www.arquimaster.com.ar\/web\/wp-content\/uploads\/2020\/06\/centro_administrativo_saint_pierre17.jpg' title=\"Centro Administrativo de Saint Pierre (Isla Reuni\u00f3n) \/ Idom (cortes longitudinales)\" data-rl_title=\"Centro Administrativo de Saint Pierre (Isla Reuni\u00f3n) \/ Idom (cortes longitudinales)\" class=\"rl-gallery-link\" data-rl_caption=\"Centro Administrativo de Saint Pierre (Isla Reuni\u00f3n) \/ Idom (cortes longitudinales)\" data-rel=\"lightbox-gallery-1\"><img loading=\"lazy\" decoding=\"async\" width=\"150\" height=\"150\" src=\"https:\/\/www.arquimaster.com.ar\/web\/wp-content\/uploads\/2020\/06\/centro_administrativo_saint_pierre17-150x150.jpg\" class=\"attachment-thumbnail size-thumbnail\" alt=\"\" aria-describedby=\"gallery-1-56648\" \/><\/a>\n\t\t\t<\/div>\n\t\t\t\t<figcaption class='wp-caption-text gallery-caption' id='gallery-1-56648'>\n\t\t\t\tCentro Administrativo de Saint Pierre (Isla Reuni\u00f3n) \/ Idom (cortes longitudinales)\n\t\t\t\t<\/figcaption><\/figure><figure class='gallery-item'>\n\t\t\t<div class='gallery-icon landscape'>\n\t\t\t\t<a href='https:\/\/www.arquimaster.com.ar\/web\/wp-content\/uploads\/2020\/06\/centro_administrativo_saint_pierre18.jpg' title=\"Centro Administrativo de Saint Pierre (Isla Reuni\u00f3n) \/ Idom (cortes transversales)\" data-rl_title=\"Centro Administrativo de Saint Pierre (Isla Reuni\u00f3n) \/ Idom (cortes transversales)\" class=\"rl-gallery-link\" data-rl_caption=\"Centro Administrativo de Saint Pierre (Isla Reuni\u00f3n) \/ Idom (cortes transversales)\" data-rel=\"lightbox-gallery-1\"><img loading=\"lazy\" decoding=\"async\" width=\"150\" height=\"150\" src=\"https:\/\/www.arquimaster.com.ar\/web\/wp-content\/uploads\/2020\/06\/centro_administrativo_saint_pierre18-150x150.jpg\" class=\"attachment-thumbnail size-thumbnail\" alt=\"\" aria-describedby=\"gallery-1-56649\" \/><\/a>\n\t\t\t<\/div>\n\t\t\t\t<figcaption class='wp-caption-text gallery-caption' id='gallery-1-56649'>\n\t\t\t\tCentro Administrativo de Saint Pierre (Isla Reuni\u00f3n) \/ Idom (cortes transversales)\n\t\t\t\t<\/figcaption><\/figure><figure class='gallery-item'>\n\t\t\t<div class='gallery-icon landscape'>\n\t\t\t\t<a href='https:\/\/www.arquimaster.com.ar\/web\/wp-content\/uploads\/2020\/06\/centro_administrativo_saint_pierre19.jpg' title=\"Centro Administrativo de Saint Pierre (Isla Reuni\u00f3n) \/ Idom (vista este)\" data-rl_title=\"Centro Administrativo de Saint Pierre (Isla Reuni\u00f3n) \/ Idom (vista este)\" class=\"rl-gallery-link\" data-rl_caption=\"Centro Administrativo de Saint Pierre (Isla Reuni\u00f3n) \/ Idom (vista este)\" data-rel=\"lightbox-gallery-1\"><img loading=\"lazy\" decoding=\"async\" width=\"150\" height=\"150\" src=\"https:\/\/www.arquimaster.com.ar\/web\/wp-content\/uploads\/2020\/06\/centro_administrativo_saint_pierre19-150x150.jpg\" class=\"attachment-thumbnail size-thumbnail\" alt=\"\" aria-describedby=\"gallery-1-56650\" \/><\/a>\n\t\t\t<\/div>\n\t\t\t\t<figcaption class='wp-caption-text gallery-caption' id='gallery-1-56650'>\n\t\t\t\tCentro Administrativo de Saint Pierre (Isla Reuni\u00f3n) \/ Idom (vista este)\n\t\t\t\t<\/figcaption><\/figure><figure class='gallery-item'>\n\t\t\t<div class='gallery-icon landscape'>\n\t\t\t\t<a href='https:\/\/www.arquimaster.com.ar\/web\/wp-content\/uploads\/2020\/06\/centro_administrativo_saint_pierre20.jpg' title=\"Centro Administrativo de Saint Pierre (Isla Reuni\u00f3n) \/ Idom (vista norte)\" data-rl_title=\"Centro Administrativo de Saint Pierre (Isla Reuni\u00f3n) \/ Idom (vista norte)\" class=\"rl-gallery-link\" data-rl_caption=\"Centro Administrativo de Saint Pierre (Isla Reuni\u00f3n) \/ Idom (vista norte)\" data-rel=\"lightbox-gallery-1\"><img loading=\"lazy\" decoding=\"async\" width=\"150\" height=\"150\" src=\"https:\/\/www.arquimaster.com.ar\/web\/wp-content\/uploads\/2020\/06\/centro_administrativo_saint_pierre20-150x150.jpg\" class=\"attachment-thumbnail size-thumbnail\" alt=\"\" aria-describedby=\"gallery-1-56651\" \/><\/a>\n\t\t\t<\/div>\n\t\t\t\t<figcaption class='wp-caption-text gallery-caption' id='gallery-1-56651'>\n\t\t\t\tCentro Administrativo de Saint Pierre (Isla Reuni\u00f3n) \/ Idom (vista norte)\n\t\t\t\t<\/figcaption><\/figure><figure class='gallery-item'>\n\t\t\t<div class='gallery-icon landscape'>\n\t\t\t\t<a href='https:\/\/www.arquimaster.com.ar\/web\/wp-content\/uploads\/2020\/06\/centro_administrativo_saint_pierre21.jpg' title=\"Centro Administrativo de Saint Pierre (Isla Reuni\u00f3n) \/ Idom (vista oeste)\" data-rl_title=\"Centro Administrativo de Saint Pierre (Isla Reuni\u00f3n) \/ Idom (vista oeste)\" class=\"rl-gallery-link\" data-rl_caption=\"Centro Administrativo de Saint Pierre (Isla Reuni\u00f3n) \/ Idom (vista oeste)\" data-rel=\"lightbox-gallery-1\"><img loading=\"lazy\" decoding=\"async\" width=\"150\" height=\"150\" src=\"https:\/\/www.arquimaster.com.ar\/web\/wp-content\/uploads\/2020\/06\/centro_administrativo_saint_pierre21-150x150.jpg\" class=\"attachment-thumbnail size-thumbnail\" alt=\"\" aria-describedby=\"gallery-1-56652\" \/><\/a>\n\t\t\t<\/div>\n\t\t\t\t<figcaption class='wp-caption-text gallery-caption' id='gallery-1-56652'>\n\t\t\t\tCentro Administrativo de Saint Pierre (Isla Reuni\u00f3n) \/ Idom (vista oeste)\n\t\t\t\t<\/figcaption><\/figure><figure class='gallery-item'>\n\t\t\t<div class='gallery-icon landscape'>\n\t\t\t\t<a href='https:\/\/www.arquimaster.com.ar\/web\/wp-content\/uploads\/2020\/06\/centro_administrativo_saint_pierre22.jpg' title=\"Centro Administrativo de Saint Pierre (Isla Reuni\u00f3n) \/ Idom (vista sur)\" data-rl_title=\"Centro Administrativo de Saint Pierre (Isla Reuni\u00f3n) \/ Idom (vista sur)\" class=\"rl-gallery-link\" data-rl_caption=\"Centro Administrativo de Saint Pierre (Isla Reuni\u00f3n) \/ Idom (vista sur)\" data-rel=\"lightbox-gallery-1\"><img loading=\"lazy\" decoding=\"async\" width=\"150\" height=\"150\" src=\"https:\/\/www.arquimaster.com.ar\/web\/wp-content\/uploads\/2020\/06\/centro_administrativo_saint_pierre22-150x150.jpg\" class=\"attachment-thumbnail size-thumbnail\" alt=\"\" aria-describedby=\"gallery-1-56653\" \/><\/a>\n\t\t\t<\/div>\n\t\t\t\t<figcaption class='wp-caption-text gallery-caption' id='gallery-1-56653'>\n\t\t\t\tCentro Administrativo de Saint Pierre (Isla Reuni\u00f3n) \/ Idom (vista sur)\n\t\t\t\t<\/figcaption><\/figure>\n\t\t<\/div>\n\n<p>El complejo propuesto se distribuye en tres vol\u00famenes estrat\u00e9gicamente conectados entre s\u00ed. Cada volumen dispone de una doble cruj\u00eda y se organiza alrededor un patio abierto en su parte inferior, con el objetivo de captar los vientos predominantes y de favorecer la ventilaci\u00f3n natural. El conjunto ofrece una fachada m\u00e1s fragmentada y abierta de cara al oc\u00e9ano origen de las corrientes de aire.<\/p>\n<p>Por otro lado, en su fachada opuesta, el edificio se reviste de mayor institucionalidad convirti\u00e9ndose en el nuevo tel\u00f3n de fondo del jard\u00edn bot\u00e1nico frente al ayuntamiento existente. La fachada acoge la vegetaci\u00f3n aut\u00f3ctona en sus terrazas y al mismo tiempo responde a las premisas bioclim\u00e1ticas, con una doble piel de lamas m\u00f3viles que garantizan una protecci\u00f3n solar \u00f3ptima.<\/p>\n<p>El encargo abarca todas las disciplinas involucradas en el proyecto de urbanizaci\u00f3n y tratamientos paisaj\u00edsticos de la parcela, adem\u00e1s de las disciplinas asociadas a la construcci\u00f3n del nuevo edificio. IDOM ser\u00e1 responsable del proyecto desde la concepci\u00f3n hasta la Direcci\u00f3n Facultativa de la Obra.<\/p>\n<p><strong>Ficha tecnica<\/strong><br \/>Nombre: Centro administrativo de Saint-Pierre<br \/>Ubicacion: Saint-Pierre, Isla Reuni\u00f3n, Francia<br \/>Firma: IDOM<br \/>Director de Proyecto: In\u00e9s L\u00f3pez<br \/>Arquitecto(s) responsables: I\u00f1aki Garai, In\u00e9s L\u00f3pez, Gohar Manrique<br \/>Arquitecto(s) colaboradores: Ignacio Angulo <br \/>Paisajismo: Uni Vert Durable<br \/>Costes: Groupe Marraud<br \/>Estructuras: Miguel Angel Valverde, Pedro Ni\u00f1o<br \/>Instalaciones: Jon Zubiaurre, Lucas Legay &#8211; INSET<br \/>Sostenibilidad: Blas Beristain &#8211; IMAGEEN<br \/>Iluminacion: Miguel Garc\u00eda<br \/>Ac\u00fastica: Angela Lorenzo<br \/>BIM: Mar\u00eda Elorriaga<br \/>Direcci\u00f3n de Obra: IDOM &#8211; Groupe Marraud<br \/>Infograf\u00edas: Roberto Fdez. de Gamboa, Alfonso Alvarez<br \/>Cliente: Ayuntamiento de Saint-Pierre<br \/>Superficie aproximada: 15.947 m2<br \/>Fecha de proyecto: 7,5 meses<br \/>Fecha de ejecucion: 22 meses<br \/>Inversion: 19,83 MM de Euros<\/p>\n<p><strong>Contacto<\/strong><br \/><a href=\"http:\/\/www.idom.com\" target=\"_blank\" rel=\"noopener noreferrer\">http:\/\/www.idom.com<\/a><\/p>\n\n\n<div style=\"height:20px\" aria-hidden=\"true\" class=\"wp-block-spacer\"><\/div>\n\n\n<p><em><strong>English version<\/strong><\/em><br><em>Administrative Center of Saint Pierre (Reunion Island)<\/em><\/p>\n<p><em>Winner of a public competition, the Administrative Center of Saint Pierre (Reunion Island) project will house the future Town Hall of the Reunion City, the offices of the Local Police, a panoramic restaurant and two floors of public\/private parking.<\/em><\/p>\n<p><em>Close to both the Indian Ocean and the historic Colonial Town Hall of Saint Pierre, the proposed building is the result of the combination of climatic, urban, and programmatic factors.<\/em><\/p>\n<p><em>The proposed complex is distributed in three strategically connected volumes. Each volume has a double bay and the lower part is arranged around an open patio, with the aim of capturing the prevailing winds to use natural ventilation. The complex offers a more fragmented and open fa\u00e7ade facing the ocean, the origin of air currents.<\/em><\/p>\n<p><em>On the other hand, on its opposite fa\u00e7ade, the building is more institutionalized, becoming the new backdrop for the botanical garden in front of the existing town hall. The fa\u00e7ade welcomes the native vegetation on its terraces and at the same time responds to bioclimatic premises, with a double cladding of mobile slats that guarantee optimal shading from the sun.<\/em><\/p>\n<p><em>The commission covers all the disciplines involved in the urban development project and landscaping of the plot, in addition to the disciplines associated with the construction of the new building. IDOM will be responsible for the project from conception to Project Management.<\/em><\/p>\n<div style=\"font-size: 0px; height: 0px; line-height: 0px; margin: 0; padding: 0; clear: both;\"><\/div><div style=\"margin-top: 0px; margin-bottom: 0px;\" class=\"sharethis-inline-share-buttons\" ><\/div>","protected":false},"excerpt":{"rendered":"<p>Proximo al oceano Indico, conjuga condicionantes clim\u00e1ticos, urban\u00edsticos y program\u00e1ticos&#8230;<\/p>\n","protected":false},"author":1,"featured_media":56631,"comment_status":"closed","ping_status":"closed","sticky":false,"template":"","format":"standard","meta":{"_uag_custom_page_level_css":"","footnotes":""},"categories":[3767,1],"tags":[3764,6074,3766,2486,1467,6075,6076],"class_list":["post-56630","post","type-post","status-publish","format-standard","has-post-thumbnail","hentry","category-arquitectura-institucional","category-proyecto","tag-ayuntamiento","tag-centro-administrativo","tag-edificio-administrativo","tag-francia","tag-idom","tag-isla-reunion","tag-saint-pierre","generate-columns","tablet-grid-50","mobile-grid-100","grid-parent","grid-50"],"yoast_head":"<!-- This site is optimized with the Yoast SEO plugin v27.3 - https:\/\/yoast.com\/product\/yoast-seo-wordpress\/ -->\n<title>Centro Administrativo de Saint Pierre (Isla Reuni\u00f3n) \/ IDOM - Arquimaster<\/title>\n<meta name=\"description\" content=\"Proximo al oceano Indico, el edificio propuesto es el resultado de la conjugaci\u00f3n de los condicionantes clim\u00e1ticos, urban\u00edsticos y program\u00e1ticos.\" \/>\n<meta name=\"robots\" content=\"index, follow, max-snippet:-1, max-image-preview:large, max-video-preview:-1\" \/>\n<link rel=\"canonical\" href=\"https:\/\/www.arquimaster.com.ar\/web\/centro-administrativo-de-saint-pierre-isla-reunion-idom\/\" \/>\n<meta property=\"og:locale\" content=\"es_ES\" \/>\n<meta property=\"og:type\" content=\"article\" \/>\n<meta property=\"og:title\" content=\"Centro Administrativo de Saint Pierre (Isla Reuni\u00f3n) \/ Idom\" \/>\n<meta property=\"og:description\" content=\"Proximo al oceano Indico, el edificio propuesto es el resultado de la conjugaci\u00f3n de los condicionantes clim\u00e1ticos, urban\u00edsticos y program\u00e1ticos.\" \/>\n<meta property=\"og:url\" content=\"https:\/\/www.arquimaster.com.ar\/web\/centro-administrativo-de-saint-pierre-isla-reunion-idom\/\" \/>\n<meta property=\"og:site_name\" content=\"Arquimaster\" \/>\n<meta property=\"article:publisher\" content=\"http:\/\/www.facebook.com\/ARQUIMASTER.com.ar\" \/>\n<meta property=\"article:published_time\" content=\"2020-06-18T22:59:42+00:00\" \/>\n<meta property=\"article:modified_time\" content=\"2022-02-23T17:57:03+00:00\" \/>\n<meta property=\"og:image\" content=\"https:\/\/www.arquimaster.com.ar\/web\/wp-content\/uploads\/2020\/06\/centro_administrativo_saint_pierre_slide.jpg\" \/>\n\t<meta property=\"og:image:width\" content=\"698\" \/>\n\t<meta property=\"og:image:height\" content=\"364\" \/>\n\t<meta property=\"og:image:type\" content=\"image\/jpeg\" \/>\n<meta name=\"author\" content=\"Arquimaster\" \/>\n<meta name=\"twitter:card\" content=\"summary_large_image\" \/>\n<meta name=\"twitter:title\" content=\"Centro Administrativo de Saint Pierre (Isla Reuni\u00f3n) \/ Idom\" \/>\n<meta name=\"twitter:description\" content=\"Proximo al oceano Indico, el edificio propuesto es el resultado de la conjugaci\u00f3n de los condicionantes clim\u00e1ticos, urban\u00edsticos y program\u00e1ticos.\" \/>\n<meta name=\"twitter:image\" content=\"https:\/\/www.arquimaster.com.ar\/web\/wp-content\/uploads\/2020\/06\/centro_administrativo_saint_pierre_slide.jpg\" \/>\n<meta name=\"twitter:creator\" content=\"@arquimaster\" \/>\n<meta name=\"twitter:site\" content=\"@arquimaster\" \/>\n<meta name=\"twitter:label1\" content=\"Escrito por\" \/>\n\t<meta name=\"twitter:data1\" content=\"Arquimaster\" \/>\n\t<meta name=\"twitter:label2\" content=\"Tiempo de lectura\" \/>\n\t<meta name=\"twitter:data2\" content=\"3 minutos\" \/>\n<script type=\"application\/ld+json\" class=\"yoast-schema-graph\">{\"@context\":\"https:\\\/\\\/schema.org\",\"@graph\":[{\"@type\":\"Article\",\"@id\":\"https:\\\/\\\/www.arquimaster.com.ar\\\/web\\\/centro-administrativo-de-saint-pierre-isla-reunion-idom\\\/#article\",\"isPartOf\":{\"@id\":\"https:\\\/\\\/www.arquimaster.com.ar\\\/web\\\/centro-administrativo-de-saint-pierre-isla-reunion-idom\\\/\"},\"author\":{\"name\":\"Arquimaster\",\"@id\":\"https:\\\/\\\/www.arquimaster.com.ar\\\/web\\\/#\\\/schema\\\/person\\\/359e9f7c00193fcde068e0dd2ceb0028\"},\"headline\":\"Centro Administrativo de Saint Pierre (Isla Reuni\u00f3n) \\\/ IDOM\",\"datePublished\":\"2020-06-18T22:59:42+00:00\",\"dateModified\":\"2022-02-23T17:57:03+00:00\",\"mainEntityOfPage\":{\"@id\":\"https:\\\/\\\/www.arquimaster.com.ar\\\/web\\\/centro-administrativo-de-saint-pierre-isla-reunion-idom\\\/\"},\"wordCount\":629,\"publisher\":{\"@id\":\"https:\\\/\\\/www.arquimaster.com.ar\\\/web\\\/#organization\"},\"image\":{\"@id\":\"https:\\\/\\\/www.arquimaster.com.ar\\\/web\\\/centro-administrativo-de-saint-pierre-isla-reunion-idom\\\/#primaryimage\"},\"thumbnailUrl\":\"https:\\\/\\\/www.arquimaster.com.ar\\\/web\\\/wp-content\\\/uploads\\\/2020\\\/06\\\/centro_administrativo_saint_pierre_slide.jpg\",\"keywords\":[\"ayuntamiento\",\"centro administrativo\",\"edificio administrativo\",\"Francia\",\"IDOM\",\"Isla Reunion\",\"Saint Pierre\"],\"articleSection\":[\"Arquitectura institucional\",\"Proyecto\"],\"inLanguage\":\"es\"},{\"@type\":\"WebPage\",\"@id\":\"https:\\\/\\\/www.arquimaster.com.ar\\\/web\\\/centro-administrativo-de-saint-pierre-isla-reunion-idom\\\/\",\"url\":\"https:\\\/\\\/www.arquimaster.com.ar\\\/web\\\/centro-administrativo-de-saint-pierre-isla-reunion-idom\\\/\",\"name\":\"Centro Administrativo de Saint Pierre (Isla Reuni\u00f3n) \\\/ IDOM - Arquimaster\",\"isPartOf\":{\"@id\":\"https:\\\/\\\/www.arquimaster.com.ar\\\/web\\\/#website\"},\"primaryImageOfPage\":{\"@id\":\"https:\\\/\\\/www.arquimaster.com.ar\\\/web\\\/centro-administrativo-de-saint-pierre-isla-reunion-idom\\\/#primaryimage\"},\"image\":{\"@id\":\"https:\\\/\\\/www.arquimaster.com.ar\\\/web\\\/centro-administrativo-de-saint-pierre-isla-reunion-idom\\\/#primaryimage\"},\"thumbnailUrl\":\"https:\\\/\\\/www.arquimaster.com.ar\\\/web\\\/wp-content\\\/uploads\\\/2020\\\/06\\\/centro_administrativo_saint_pierre_slide.jpg\",\"datePublished\":\"2020-06-18T22:59:42+00:00\",\"dateModified\":\"2022-02-23T17:57:03+00:00\",\"description\":\"Proximo al oceano Indico, el edificio propuesto es el resultado de la conjugaci\u00f3n de los condicionantes clim\u00e1ticos, urban\u00edsticos y program\u00e1ticos.\",\"breadcrumb\":{\"@id\":\"https:\\\/\\\/www.arquimaster.com.ar\\\/web\\\/centro-administrativo-de-saint-pierre-isla-reunion-idom\\\/#breadcrumb\"},\"inLanguage\":\"es\",\"potentialAction\":[{\"@type\":\"ReadAction\",\"target\":[\"https:\\\/\\\/www.arquimaster.com.ar\\\/web\\\/centro-administrativo-de-saint-pierre-isla-reunion-idom\\\/\"]}]},{\"@type\":\"ImageObject\",\"inLanguage\":\"es\",\"@id\":\"https:\\\/\\\/www.arquimaster.com.ar\\\/web\\\/centro-administrativo-de-saint-pierre-isla-reunion-idom\\\/#primaryimage\",\"url\":\"https:\\\/\\\/www.arquimaster.com.ar\\\/web\\\/wp-content\\\/uploads\\\/2020\\\/06\\\/centro_administrativo_saint_pierre_slide.jpg\",\"contentUrl\":\"https:\\\/\\\/www.arquimaster.com.ar\\\/web\\\/wp-content\\\/uploads\\\/2020\\\/06\\\/centro_administrativo_saint_pierre_slide.jpg\",\"width\":698,\"height\":364},{\"@type\":\"BreadcrumbList\",\"@id\":\"https:\\\/\\\/www.arquimaster.com.ar\\\/web\\\/centro-administrativo-de-saint-pierre-isla-reunion-idom\\\/#breadcrumb\",\"itemListElement\":[{\"@type\":\"ListItem\",\"position\":1,\"name\":\"Portada\",\"item\":\"https:\\\/\\\/www.arquimaster.com.ar\\\/web\\\/\"},{\"@type\":\"ListItem\",\"position\":2,\"name\":\"Centro Administrativo de Saint Pierre (Isla Reuni\u00f3n) \\\/ IDOM\"}]},{\"@type\":\"WebSite\",\"@id\":\"https:\\\/\\\/www.arquimaster.com.ar\\\/web\\\/#website\",\"url\":\"https:\\\/\\\/www.arquimaster.com.ar\\\/web\\\/\",\"name\":\"Arquimaster\",\"description\":\"Web de arquitectura, dise\u00f1o y construccion\",\"publisher\":{\"@id\":\"https:\\\/\\\/www.arquimaster.com.ar\\\/web\\\/#organization\"},\"potentialAction\":[{\"@type\":\"SearchAction\",\"target\":{\"@type\":\"EntryPoint\",\"urlTemplate\":\"https:\\\/\\\/www.arquimaster.com.ar\\\/web\\\/?s={search_term_string}\"},\"query-input\":{\"@type\":\"PropertyValueSpecification\",\"valueRequired\":true,\"valueName\":\"search_term_string\"}}],\"inLanguage\":\"es\"},{\"@type\":\"Organization\",\"@id\":\"https:\\\/\\\/www.arquimaster.com.ar\\\/web\\\/#organization\",\"name\":\"Arquimaster\",\"url\":\"https:\\\/\\\/www.arquimaster.com.ar\\\/web\\\/\",\"logo\":{\"@type\":\"ImageObject\",\"inLanguage\":\"es\",\"@id\":\"https:\\\/\\\/www.arquimaster.com.ar\\\/web\\\/#\\\/schema\\\/logo\\\/image\\\/\",\"url\":\"https:\\\/\\\/www.arquimaster.com.ar\\\/web\\\/wp-content\\\/uploads\\\/2022\\\/06\\\/arquimaster.png\",\"contentUrl\":\"https:\\\/\\\/www.arquimaster.com.ar\\\/web\\\/wp-content\\\/uploads\\\/2022\\\/06\\\/arquimaster.png\",\"width\":594,\"height\":78,\"caption\":\"Arquimaster\"},\"image\":{\"@id\":\"https:\\\/\\\/www.arquimaster.com.ar\\\/web\\\/#\\\/schema\\\/logo\\\/image\\\/\"},\"sameAs\":[\"http:\\\/\\\/www.facebook.com\\\/ARQUIMASTER.com.ar\",\"https:\\\/\\\/x.com\\\/arquimaster\",\"https:\\\/\\\/www.instagram.com\\\/arquimasterblog\\\/\",\"https:\\\/\\\/www.linkedin.com\\\/company\\\/arquimaster\",\"https:\\\/\\\/www.pinterest.com\\\/arquimaster\",\"https:\\\/\\\/t.me\\\/arquimaster\"]},{\"@type\":\"Person\",\"@id\":\"https:\\\/\\\/www.arquimaster.com.ar\\\/web\\\/#\\\/schema\\\/person\\\/359e9f7c00193fcde068e0dd2ceb0028\",\"name\":\"Arquimaster\"}]}<\/script>\n<!-- \/ Yoast SEO plugin. -->","yoast_head_json":{"title":"Centro Administrativo de Saint Pierre (Isla Reuni\u00f3n) \/ IDOM - Arquimaster","description":"Proximo al oceano Indico, el edificio propuesto es el resultado de la conjugaci\u00f3n de los condicionantes clim\u00e1ticos, urban\u00edsticos y program\u00e1ticos.","robots":{"index":"index","follow":"follow","max-snippet":"max-snippet:-1","max-image-preview":"max-image-preview:large","max-video-preview":"max-video-preview:-1"},"canonical":"https:\/\/www.arquimaster.com.ar\/web\/centro-administrativo-de-saint-pierre-isla-reunion-idom\/","og_locale":"es_ES","og_type":"article","og_title":"Centro Administrativo de Saint Pierre (Isla Reuni\u00f3n) \/ Idom","og_description":"Proximo al oceano Indico, el edificio propuesto es el resultado de la conjugaci\u00f3n de los condicionantes clim\u00e1ticos, urban\u00edsticos y program\u00e1ticos.","og_url":"https:\/\/www.arquimaster.com.ar\/web\/centro-administrativo-de-saint-pierre-isla-reunion-idom\/","og_site_name":"Arquimaster","article_publisher":"http:\/\/www.facebook.com\/ARQUIMASTER.com.ar","article_published_time":"2020-06-18T22:59:42+00:00","article_modified_time":"2022-02-23T17:57:03+00:00","og_image":[{"width":698,"height":364,"url":"https:\/\/www.arquimaster.com.ar\/web\/wp-content\/uploads\/2020\/06\/centro_administrativo_saint_pierre_slide.jpg","type":"image\/jpeg"}],"author":"Arquimaster","twitter_card":"summary_large_image","twitter_title":"Centro Administrativo de Saint Pierre (Isla Reuni\u00f3n) \/ Idom","twitter_description":"Proximo al oceano Indico, el edificio propuesto es el resultado de la conjugaci\u00f3n de los condicionantes clim\u00e1ticos, urban\u00edsticos y program\u00e1ticos.","twitter_image":"https:\/\/www.arquimaster.com.ar\/web\/wp-content\/uploads\/2020\/06\/centro_administrativo_saint_pierre_slide.jpg","twitter_creator":"@arquimaster","twitter_site":"@arquimaster","twitter_misc":{"Escrito por":"Arquimaster","Tiempo de lectura":"3 minutos"},"schema":{"@context":"https:\/\/schema.org","@graph":[{"@type":"Article","@id":"https:\/\/www.arquimaster.com.ar\/web\/centro-administrativo-de-saint-pierre-isla-reunion-idom\/#article","isPartOf":{"@id":"https:\/\/www.arquimaster.com.ar\/web\/centro-administrativo-de-saint-pierre-isla-reunion-idom\/"},"author":{"name":"Arquimaster","@id":"https:\/\/www.arquimaster.com.ar\/web\/#\/schema\/person\/359e9f7c00193fcde068e0dd2ceb0028"},"headline":"Centro Administrativo de Saint Pierre (Isla Reuni\u00f3n) \/ IDOM","datePublished":"2020-06-18T22:59:42+00:00","dateModified":"2022-02-23T17:57:03+00:00","mainEntityOfPage":{"@id":"https:\/\/www.arquimaster.com.ar\/web\/centro-administrativo-de-saint-pierre-isla-reunion-idom\/"},"wordCount":629,"publisher":{"@id":"https:\/\/www.arquimaster.com.ar\/web\/#organization"},"image":{"@id":"https:\/\/www.arquimaster.com.ar\/web\/centro-administrativo-de-saint-pierre-isla-reunion-idom\/#primaryimage"},"thumbnailUrl":"https:\/\/www.arquimaster.com.ar\/web\/wp-content\/uploads\/2020\/06\/centro_administrativo_saint_pierre_slide.jpg","keywords":["ayuntamiento","centro administrativo","edificio administrativo","Francia","IDOM","Isla Reunion","Saint Pierre"],"articleSection":["Arquitectura institucional","Proyecto"],"inLanguage":"es"},{"@type":"WebPage","@id":"https:\/\/www.arquimaster.com.ar\/web\/centro-administrativo-de-saint-pierre-isla-reunion-idom\/","url":"https:\/\/www.arquimaster.com.ar\/web\/centro-administrativo-de-saint-pierre-isla-reunion-idom\/","name":"Centro Administrativo de Saint Pierre (Isla Reuni\u00f3n) \/ IDOM - Arquimaster","isPartOf":{"@id":"https:\/\/www.arquimaster.com.ar\/web\/#website"},"primaryImageOfPage":{"@id":"https:\/\/www.arquimaster.com.ar\/web\/centro-administrativo-de-saint-pierre-isla-reunion-idom\/#primaryimage"},"image":{"@id":"https:\/\/www.arquimaster.com.ar\/web\/centro-administrativo-de-saint-pierre-isla-reunion-idom\/#primaryimage"},"thumbnailUrl":"https:\/\/www.arquimaster.com.ar\/web\/wp-content\/uploads\/2020\/06\/centro_administrativo_saint_pierre_slide.jpg","datePublished":"2020-06-18T22:59:42+00:00","dateModified":"2022-02-23T17:57:03+00:00","description":"Proximo al oceano Indico, el edificio propuesto es el resultado de la conjugaci\u00f3n de los condicionantes clim\u00e1ticos, urban\u00edsticos y program\u00e1ticos.","breadcrumb":{"@id":"https:\/\/www.arquimaster.com.ar\/web\/centro-administrativo-de-saint-pierre-isla-reunion-idom\/#breadcrumb"},"inLanguage":"es","potentialAction":[{"@type":"ReadAction","target":["https:\/\/www.arquimaster.com.ar\/web\/centro-administrativo-de-saint-pierre-isla-reunion-idom\/"]}]},{"@type":"ImageObject","inLanguage":"es","@id":"https:\/\/www.arquimaster.com.ar\/web\/centro-administrativo-de-saint-pierre-isla-reunion-idom\/#primaryimage","url":"https:\/\/www.arquimaster.com.ar\/web\/wp-content\/uploads\/2020\/06\/centro_administrativo_saint_pierre_slide.jpg","contentUrl":"https:\/\/www.arquimaster.com.ar\/web\/wp-content\/uploads\/2020\/06\/centro_administrativo_saint_pierre_slide.jpg","width":698,"height":364},{"@type":"BreadcrumbList","@id":"https:\/\/www.arquimaster.com.ar\/web\/centro-administrativo-de-saint-pierre-isla-reunion-idom\/#breadcrumb","itemListElement":[{"@type":"ListItem","position":1,"name":"Portada","item":"https:\/\/www.arquimaster.com.ar\/web\/"},{"@type":"ListItem","position":2,"name":"Centro Administrativo de Saint Pierre (Isla Reuni\u00f3n) \/ IDOM"}]},{"@type":"WebSite","@id":"https:\/\/www.arquimaster.com.ar\/web\/#website","url":"https:\/\/www.arquimaster.com.ar\/web\/","name":"Arquimaster","description":"Web de arquitectura, dise\u00f1o y construccion","publisher":{"@id":"https:\/\/www.arquimaster.com.ar\/web\/#organization"},"potentialAction":[{"@type":"SearchAction","target":{"@type":"EntryPoint","urlTemplate":"https:\/\/www.arquimaster.com.ar\/web\/?s={search_term_string}"},"query-input":{"@type":"PropertyValueSpecification","valueRequired":true,"valueName":"search_term_string"}}],"inLanguage":"es"},{"@type":"Organization","@id":"https:\/\/www.arquimaster.com.ar\/web\/#organization","name":"Arquimaster","url":"https:\/\/www.arquimaster.com.ar\/web\/","logo":{"@type":"ImageObject","inLanguage":"es","@id":"https:\/\/www.arquimaster.com.ar\/web\/#\/schema\/logo\/image\/","url":"https:\/\/www.arquimaster.com.ar\/web\/wp-content\/uploads\/2022\/06\/arquimaster.png","contentUrl":"https:\/\/www.arquimaster.com.ar\/web\/wp-content\/uploads\/2022\/06\/arquimaster.png","width":594,"height":78,"caption":"Arquimaster"},"image":{"@id":"https:\/\/www.arquimaster.com.ar\/web\/#\/schema\/logo\/image\/"},"sameAs":["http:\/\/www.facebook.com\/ARQUIMASTER.com.ar","https:\/\/x.com\/arquimaster","https:\/\/www.instagram.com\/arquimasterblog\/","https:\/\/www.linkedin.com\/company\/arquimaster","https:\/\/www.pinterest.com\/arquimaster","https:\/\/t.me\/arquimaster"]},{"@type":"Person","@id":"https:\/\/www.arquimaster.com.ar\/web\/#\/schema\/person\/359e9f7c00193fcde068e0dd2ceb0028","name":"Arquimaster"}]}},"uagb_featured_image_src":{"full":["https:\/\/www.arquimaster.com.ar\/web\/wp-content\/uploads\/2020\/06\/centro_administrativo_saint_pierre_slide.jpg",698,364,false],"thumbnail":["https:\/\/www.arquimaster.com.ar\/web\/wp-content\/uploads\/2020\/06\/centro_administrativo_saint_pierre_slide-150x150.jpg",150,150,true],"medium":["https:\/\/www.arquimaster.com.ar\/web\/wp-content\/uploads\/2020\/06\/centro_administrativo_saint_pierre_slide.jpg",698,364,false],"medium_large":["https:\/\/www.arquimaster.com.ar\/web\/wp-content\/uploads\/2020\/06\/centro_administrativo_saint_pierre_slide.jpg",698,364,false],"large":["https:\/\/www.arquimaster.com.ar\/web\/wp-content\/uploads\/2020\/06\/centro_administrativo_saint_pierre_slide.jpg",698,364,false],"1536x1536":["https:\/\/www.arquimaster.com.ar\/web\/wp-content\/uploads\/2020\/06\/centro_administrativo_saint_pierre_slide.jpg",698,364,false],"2048x2048":["https:\/\/www.arquimaster.com.ar\/web\/wp-content\/uploads\/2020\/06\/centro_administrativo_saint_pierre_slide.jpg",698,364,false]},"uagb_author_info":{"display_name":"Arquimaster","author_link":"https:\/\/www.arquimaster.com.ar\/web\/author\/arquimaster\/"},"uagb_comment_info":0,"uagb_excerpt":"Proximo al oceano Indico, conjuga condicionantes clim\u00e1ticos, urban\u00edsticos y program\u00e1ticos...","_links":{"self":[{"href":"https:\/\/www.arquimaster.com.ar\/web\/wp-json\/wp\/v2\/posts\/56630","targetHints":{"allow":["GET"]}}],"collection":[{"href":"https:\/\/www.arquimaster.com.ar\/web\/wp-json\/wp\/v2\/posts"}],"about":[{"href":"https:\/\/www.arquimaster.com.ar\/web\/wp-json\/wp\/v2\/types\/post"}],"author":[{"embeddable":true,"href":"https:\/\/www.arquimaster.com.ar\/web\/wp-json\/wp\/v2\/users\/1"}],"replies":[{"embeddable":true,"href":"https:\/\/www.arquimaster.com.ar\/web\/wp-json\/wp\/v2\/comments?post=56630"}],"version-history":[{"count":3,"href":"https:\/\/www.arquimaster.com.ar\/web\/wp-json\/wp\/v2\/posts\/56630\/revisions"}],"predecessor-version":[{"id":68943,"href":"https:\/\/www.arquimaster.com.ar\/web\/wp-json\/wp\/v2\/posts\/56630\/revisions\/68943"}],"wp:featuredmedia":[{"embeddable":true,"href":"https:\/\/www.arquimaster.com.ar\/web\/wp-json\/wp\/v2\/media\/56631"}],"wp:attachment":[{"href":"https:\/\/www.arquimaster.com.ar\/web\/wp-json\/wp\/v2\/media?parent=56630"}],"wp:term":[{"taxonomy":"category","embeddable":true,"href":"https:\/\/www.arquimaster.com.ar\/web\/wp-json\/wp\/v2\/categories?post=56630"},{"taxonomy":"post_tag","embeddable":true,"href":"https:\/\/www.arquimaster.com.ar\/web\/wp-json\/wp\/v2\/tags?post=56630"}],"curies":[{"name":"wp","href":"https:\/\/api.w.org\/{rel}","templated":true}]}}