{"id":56655,"date":"2020-06-18T22:05:44","date_gmt":"2020-06-19T01:05:44","guid":{"rendered":"https:\/\/www.arquimaster.com.ar\/web\/?p=56655"},"modified":"2020-06-24T18:59:43","modified_gmt":"2020-06-24T21:59:43","slug":"anden-queretaro-boutique-de-arquitectura-sonotecturarefaccionaria","status":"publish","type":"post","link":"https:\/\/www.arquimaster.com.ar\/web\/anden-queretaro-boutique-de-arquitectura-sonotecturarefaccionaria\/","title":{"rendered":"And\u00e9n Quer\u00e9taro \/ Boutique de Arquitectura [sonotectura+refaccionaria]"},"content":{"rendered":"<div style=\"margin-top: 0px; margin-bottom: 0px;\" class=\"sharethis-inline-share-buttons\" ><\/div><div class=\"b812932af2e751442846f039925109de\" data-index=\"1\" style=\"float: none; margin:25px 0 25px 0; text-align:center;\">\n<script async src=\"https:\/\/pagead2.googlesyndication.com\/pagead\/js\/adsbygoogle.js\"><\/script>\r\n<!-- Arquimaster (superior) -->\r\n<ins class=\"adsbygoogle\"\r\n     style=\"display:block\"\r\n     data-ad-client=\"ca-pub-6351072698456832\"\r\n     data-ad-slot=\"6455489680\"\r\n     data-ad-format=\"auto\"\r\n     data-full-width-responsive=\"true\"><\/ins>\r\n<script>\r\n     (adsbygoogle = window.adsbygoogle || []).push({});\r\n<\/script>\n<\/div>\n<p><strong>Espacio comercial y gastronomico And\u00e9n Quer\u00e9taro<\/strong> (Santiago de Quer\u00e9taro, Quer\u00e9taro, M\u00e9xico) por <strong>Boutique de Arquitectura [sonotectura+refaccionaria]<\/strong>. And\u00e9n Quer\u00e9taro es un espacio gastron\u00f3mico incrustado en la ciudad de Quer\u00e9taro, d\u00f3nde el \u00e1mbito industrial y la tradici\u00f3n se unen. Ubicado a un costado del ic\u00f3nico acueducto de Quer\u00e9taro, s\u00edmbolo de la ciudad y uno de los m\u00e1s grandes de M\u00e9xico. A fines del siglo XIX la llegada del ferrocarril a Quer\u00e9taro traz\u00f3 sus v\u00edas por debajo de uno de sus \u00faltimos arcos. Pocos a\u00f1os despu\u00e9s, se decidi\u00f3 cambiar el curso del tren y quitar las v\u00edas bajo el acueducto para evitar su deterioro por la vibraci\u00f3n, pero a\u00fan queda la nostalgia de aquellos d\u00edas cuando silababa el tren.<\/p>\n<div id='gallery-1' class='gallery galleryid-56655 gallery-columns-3 gallery-size-thumbnail'><figure class='gallery-item'>\n\t\t\t<div class='gallery-icon landscape'>\n\t\t\t\t<a href='https:\/\/www.arquimaster.com.ar\/web\/wp-content\/uploads\/2020\/06\/anden_queretaro1.jpg' title=\"And\u00e9n Quer\u00e9taro \/ Boutique de Arquitectura [sonotectura+refaccionaria]\" data-rl_title=\"And\u00e9n Quer\u00e9taro \/ Boutique de Arquitectura [sonotectura+refaccionaria]\" class=\"rl-gallery-link\" data-rl_caption=\"And\u00e9n Quer\u00e9taro \/ Boutique de Arquitectura [sonotectura+refaccionaria]\" data-rel=\"lightbox-gallery-1\"><img loading=\"lazy\" decoding=\"async\" width=\"150\" height=\"150\" src=\"https:\/\/www.arquimaster.com.ar\/web\/wp-content\/uploads\/2020\/06\/anden_queretaro1-150x150.jpg\" class=\"attachment-thumbnail size-thumbnail\" alt=\"\" aria-describedby=\"gallery-1-56657\" \/><\/a>\n\t\t\t<\/div>\n\t\t\t\t<figcaption class='wp-caption-text gallery-caption' id='gallery-1-56657'>\n\t\t\t\tAnd\u00e9n Quer\u00e9taro \/ Boutique de Arquitectura [sonotectura+refaccionaria]\n\t\t\t\t<\/figcaption><\/figure><figure class='gallery-item'>\n\t\t\t<div class='gallery-icon landscape'>\n\t\t\t\t<a href='https:\/\/www.arquimaster.com.ar\/web\/wp-content\/uploads\/2020\/06\/anden_queretaro2.jpg' title=\"And\u00e9n Quer\u00e9taro \/ Boutique de Arquitectura [sonotectura+refaccionaria]\" data-rl_title=\"And\u00e9n Quer\u00e9taro \/ Boutique de Arquitectura [sonotectura+refaccionaria]\" class=\"rl-gallery-link\" data-rl_caption=\"And\u00e9n Quer\u00e9taro \/ Boutique de Arquitectura [sonotectura+refaccionaria]\" data-rel=\"lightbox-gallery-1\"><img loading=\"lazy\" decoding=\"async\" width=\"150\" height=\"150\" src=\"https:\/\/www.arquimaster.com.ar\/web\/wp-content\/uploads\/2020\/06\/anden_queretaro2-150x150.jpg\" class=\"attachment-thumbnail size-thumbnail\" alt=\"\" aria-describedby=\"gallery-1-56658\" \/><\/a>\n\t\t\t<\/div>\n\t\t\t\t<figcaption class='wp-caption-text gallery-caption' id='gallery-1-56658'>\n\t\t\t\tAnd\u00e9n Quer\u00e9taro \/ Boutique de Arquitectura [sonotectura+refaccionaria]\n\t\t\t\t<\/figcaption><\/figure><figure class='gallery-item'>\n\t\t\t<div class='gallery-icon landscape'>\n\t\t\t\t<a href='https:\/\/www.arquimaster.com.ar\/web\/wp-content\/uploads\/2020\/06\/anden_queretaro3.jpg' title=\"And\u00e9n Quer\u00e9taro \/ Boutique de Arquitectura [sonotectura+refaccionaria]\" data-rl_title=\"And\u00e9n Quer\u00e9taro \/ Boutique de Arquitectura [sonotectura+refaccionaria]\" class=\"rl-gallery-link\" data-rl_caption=\"And\u00e9n Quer\u00e9taro \/ Boutique de Arquitectura [sonotectura+refaccionaria]\" data-rel=\"lightbox-gallery-1\"><img loading=\"lazy\" decoding=\"async\" width=\"150\" height=\"150\" src=\"https:\/\/www.arquimaster.com.ar\/web\/wp-content\/uploads\/2020\/06\/anden_queretaro3-150x150.jpg\" class=\"attachment-thumbnail size-thumbnail\" alt=\"\" aria-describedby=\"gallery-1-56659\" \/><\/a>\n\t\t\t<\/div>\n\t\t\t\t<figcaption class='wp-caption-text gallery-caption' id='gallery-1-56659'>\n\t\t\t\tAnd\u00e9n Quer\u00e9taro \/ Boutique de Arquitectura [sonotectura+refaccionaria]\n\t\t\t\t<\/figcaption><\/figure><figure class='gallery-item'>\n\t\t\t<div class='gallery-icon landscape'>\n\t\t\t\t<a href='https:\/\/www.arquimaster.com.ar\/web\/wp-content\/uploads\/2020\/06\/anden_queretaro4.jpg' title=\"And\u00e9n Quer\u00e9taro \/ Boutique de Arquitectura [sonotectura+refaccionaria]\" data-rl_title=\"And\u00e9n Quer\u00e9taro \/ Boutique de Arquitectura [sonotectura+refaccionaria]\" class=\"rl-gallery-link\" data-rl_caption=\"And\u00e9n Quer\u00e9taro \/ Boutique de Arquitectura [sonotectura+refaccionaria]\" data-rel=\"lightbox-gallery-1\"><img loading=\"lazy\" decoding=\"async\" width=\"150\" height=\"150\" src=\"https:\/\/www.arquimaster.com.ar\/web\/wp-content\/uploads\/2020\/06\/anden_queretaro4-150x150.jpg\" class=\"attachment-thumbnail size-thumbnail\" alt=\"\" aria-describedby=\"gallery-1-56660\" \/><\/a>\n\t\t\t<\/div>\n\t\t\t\t<figcaption class='wp-caption-text gallery-caption' id='gallery-1-56660'>\n\t\t\t\tAnd\u00e9n Quer\u00e9taro \/ Boutique de Arquitectura [sonotectura+refaccionaria]\n\t\t\t\t<\/figcaption><\/figure><figure class='gallery-item'>\n\t\t\t<div class='gallery-icon landscape'>\n\t\t\t\t<a href='https:\/\/www.arquimaster.com.ar\/web\/wp-content\/uploads\/2020\/06\/anden_queretaro5.jpg' title=\"And\u00e9n Quer\u00e9taro \/ Boutique de Arquitectura [sonotectura+refaccionaria]\" data-rl_title=\"And\u00e9n Quer\u00e9taro \/ Boutique de Arquitectura [sonotectura+refaccionaria]\" class=\"rl-gallery-link\" data-rl_caption=\"And\u00e9n Quer\u00e9taro \/ Boutique de Arquitectura [sonotectura+refaccionaria]\" data-rel=\"lightbox-gallery-1\"><img loading=\"lazy\" decoding=\"async\" width=\"150\" height=\"150\" src=\"https:\/\/www.arquimaster.com.ar\/web\/wp-content\/uploads\/2020\/06\/anden_queretaro5-150x150.jpg\" class=\"attachment-thumbnail size-thumbnail\" alt=\"\" aria-describedby=\"gallery-1-56661\" \/><\/a>\n\t\t\t<\/div>\n\t\t\t\t<figcaption class='wp-caption-text gallery-caption' id='gallery-1-56661'>\n\t\t\t\tAnd\u00e9n Quer\u00e9taro \/ Boutique de Arquitectura [sonotectura+refaccionaria]\n\t\t\t\t<\/figcaption><\/figure><figure class='gallery-item'>\n\t\t\t<div class='gallery-icon landscape'>\n\t\t\t\t<a href='https:\/\/www.arquimaster.com.ar\/web\/wp-content\/uploads\/2020\/06\/anden_queretaro6.jpg' title=\"And\u00e9n Quer\u00e9taro \/ Boutique de Arquitectura [sonotectura+refaccionaria]\" data-rl_title=\"And\u00e9n Quer\u00e9taro \/ Boutique de Arquitectura [sonotectura+refaccionaria]\" class=\"rl-gallery-link\" data-rl_caption=\"And\u00e9n Quer\u00e9taro \/ Boutique de Arquitectura [sonotectura+refaccionaria]\" data-rel=\"lightbox-gallery-1\"><img loading=\"lazy\" decoding=\"async\" width=\"150\" height=\"150\" src=\"https:\/\/www.arquimaster.com.ar\/web\/wp-content\/uploads\/2020\/06\/anden_queretaro6-150x150.jpg\" class=\"attachment-thumbnail size-thumbnail\" alt=\"\" aria-describedby=\"gallery-1-56662\" \/><\/a>\n\t\t\t<\/div>\n\t\t\t\t<figcaption class='wp-caption-text gallery-caption' id='gallery-1-56662'>\n\t\t\t\tAnd\u00e9n Quer\u00e9taro \/ Boutique de Arquitectura [sonotectura+refaccionaria]\n\t\t\t\t<\/figcaption><\/figure><figure class='gallery-item'>\n\t\t\t<div class='gallery-icon landscape'>\n\t\t\t\t<a href='https:\/\/www.arquimaster.com.ar\/web\/wp-content\/uploads\/2020\/06\/anden_queretaro7.jpg' title=\"And\u00e9n Quer\u00e9taro \/ Boutique de Arquitectura [sonotectura+refaccionaria] (planta baja)\" data-rl_title=\"And\u00e9n Quer\u00e9taro \/ Boutique de Arquitectura [sonotectura+refaccionaria] (planta baja)\" class=\"rl-gallery-link\" data-rl_caption=\"And\u00e9n Quer\u00e9taro \/ Boutique de Arquitectura [sonotectura+refaccionaria] (planta baja)\" data-rel=\"lightbox-gallery-1\"><img loading=\"lazy\" decoding=\"async\" width=\"150\" height=\"150\" src=\"https:\/\/www.arquimaster.com.ar\/web\/wp-content\/uploads\/2020\/06\/anden_queretaro7-150x150.jpg\" class=\"attachment-thumbnail size-thumbnail\" alt=\"\" aria-describedby=\"gallery-1-56663\" \/><\/a>\n\t\t\t<\/div>\n\t\t\t\t<figcaption class='wp-caption-text gallery-caption' id='gallery-1-56663'>\n\t\t\t\tAnd\u00e9n Quer\u00e9taro \/ Boutique de Arquitectura [sonotectura+refaccionaria] (planta baja)\n\t\t\t\t<\/figcaption><\/figure><figure class='gallery-item'>\n\t\t\t<div class='gallery-icon landscape'>\n\t\t\t\t<a href='https:\/\/www.arquimaster.com.ar\/web\/wp-content\/uploads\/2020\/06\/anden_queretaro8.jpg' title=\"And\u00e9n Quer\u00e9taro \/ Boutique de Arquitectura [sonotectura+refaccionaria] (planta alta)\" data-rl_title=\"And\u00e9n Quer\u00e9taro \/ Boutique de Arquitectura [sonotectura+refaccionaria] (planta alta)\" class=\"rl-gallery-link\" data-rl_caption=\"And\u00e9n Quer\u00e9taro \/ Boutique de Arquitectura [sonotectura+refaccionaria] (planta alta)\" data-rel=\"lightbox-gallery-1\"><img loading=\"lazy\" decoding=\"async\" width=\"150\" height=\"150\" src=\"https:\/\/www.arquimaster.com.ar\/web\/wp-content\/uploads\/2020\/06\/anden_queretaro8-150x150.jpg\" class=\"attachment-thumbnail size-thumbnail\" alt=\"\" aria-describedby=\"gallery-1-56664\" \/><\/a>\n\t\t\t<\/div>\n\t\t\t\t<figcaption class='wp-caption-text gallery-caption' id='gallery-1-56664'>\n\t\t\t\tAnd\u00e9n Quer\u00e9taro \/ Boutique de Arquitectura [sonotectura+refaccionaria] (planta alta)\n\t\t\t\t<\/figcaption><\/figure><figure class='gallery-item'>\n\t\t\t<div class='gallery-icon landscape'>\n\t\t\t\t<a href='https:\/\/www.arquimaster.com.ar\/web\/wp-content\/uploads\/2020\/06\/anden_queretaro9.jpg' title=\"And\u00e9n Quer\u00e9taro \/ Boutique de Arquitectura [sonotectura+refaccionaria] (planta de techos)\" data-rl_title=\"And\u00e9n Quer\u00e9taro \/ Boutique de Arquitectura [sonotectura+refaccionaria] (planta de techos)\" class=\"rl-gallery-link\" data-rl_caption=\"And\u00e9n Quer\u00e9taro \/ Boutique de Arquitectura [sonotectura+refaccionaria] (planta de techos)\" data-rel=\"lightbox-gallery-1\"><img loading=\"lazy\" decoding=\"async\" width=\"150\" height=\"150\" src=\"https:\/\/www.arquimaster.com.ar\/web\/wp-content\/uploads\/2020\/06\/anden_queretaro9-150x150.jpg\" class=\"attachment-thumbnail size-thumbnail\" alt=\"\" aria-describedby=\"gallery-1-56665\" \/><\/a>\n\t\t\t<\/div>\n\t\t\t\t<figcaption class='wp-caption-text gallery-caption' id='gallery-1-56665'>\n\t\t\t\tAnd\u00e9n Quer\u00e9taro \/ Boutique de Arquitectura [sonotectura+refaccionaria] (planta de techos)\n\t\t\t\t<\/figcaption><\/figure><figure class='gallery-item'>\n\t\t\t<div class='gallery-icon landscape'>\n\t\t\t\t<a href='https:\/\/www.arquimaster.com.ar\/web\/wp-content\/uploads\/2020\/06\/anden_queretaro11.jpg' title=\"And\u00e9n Quer\u00e9taro \/ Boutique de Arquitectura [sonotectura+refaccionaria] (corte)\" data-rl_title=\"And\u00e9n Quer\u00e9taro \/ Boutique de Arquitectura [sonotectura+refaccionaria] (corte)\" class=\"rl-gallery-link\" data-rl_caption=\"And\u00e9n Quer\u00e9taro \/ Boutique de Arquitectura [sonotectura+refaccionaria] (corte)\" data-rel=\"lightbox-gallery-1\"><img loading=\"lazy\" decoding=\"async\" width=\"150\" height=\"150\" src=\"https:\/\/www.arquimaster.com.ar\/web\/wp-content\/uploads\/2020\/06\/anden_queretaro11-150x150.jpg\" class=\"attachment-thumbnail size-thumbnail\" alt=\"\" aria-describedby=\"gallery-1-56667\" \/><\/a>\n\t\t\t<\/div>\n\t\t\t\t<figcaption class='wp-caption-text gallery-caption' id='gallery-1-56667'>\n\t\t\t\tAnd\u00e9n Quer\u00e9taro \/ Boutique de Arquitectura [sonotectura+refaccionaria] (corte)\n\t\t\t\t<\/figcaption><\/figure><figure class='gallery-item'>\n\t\t\t<div class='gallery-icon landscape'>\n\t\t\t\t<a href='https:\/\/www.arquimaster.com.ar\/web\/wp-content\/uploads\/2020\/06\/anden_queretaro10.jpg' title=\"And\u00e9n Quer\u00e9taro \/ Boutique de Arquitectura [sonotectura+refaccionaria] (corte)\" data-rl_title=\"And\u00e9n Quer\u00e9taro \/ Boutique de Arquitectura [sonotectura+refaccionaria] (corte)\" class=\"rl-gallery-link\" data-rl_caption=\"And\u00e9n Quer\u00e9taro \/ Boutique de Arquitectura [sonotectura+refaccionaria] (corte)\" data-rel=\"lightbox-gallery-1\"><img loading=\"lazy\" decoding=\"async\" width=\"150\" height=\"150\" src=\"https:\/\/www.arquimaster.com.ar\/web\/wp-content\/uploads\/2020\/06\/anden_queretaro10-150x150.jpg\" class=\"attachment-thumbnail size-thumbnail\" alt=\"\" aria-describedby=\"gallery-1-56666\" \/><\/a>\n\t\t\t<\/div>\n\t\t\t\t<figcaption class='wp-caption-text gallery-caption' id='gallery-1-56666'>\n\t\t\t\tAnd\u00e9n Quer\u00e9taro \/ Boutique de Arquitectura [sonotectura+refaccionaria] (corte)\n\t\t\t\t<\/figcaption><\/figure><figure class='gallery-item'>\n\t\t\t<div class='gallery-icon landscape'>\n\t\t\t\t<a href='https:\/\/www.arquimaster.com.ar\/web\/wp-content\/uploads\/2020\/06\/anden_queretaro12.jpg' title=\"And\u00e9n Quer\u00e9taro \/ Boutique de Arquitectura [sonotectura+refaccionaria] (vista)\" data-rl_title=\"And\u00e9n Quer\u00e9taro \/ Boutique de Arquitectura [sonotectura+refaccionaria] (vista)\" class=\"rl-gallery-link\" data-rl_caption=\"And\u00e9n Quer\u00e9taro \/ Boutique de Arquitectura [sonotectura+refaccionaria] (vista)\" data-rel=\"lightbox-gallery-1\"><img loading=\"lazy\" decoding=\"async\" width=\"150\" height=\"150\" src=\"https:\/\/www.arquimaster.com.ar\/web\/wp-content\/uploads\/2020\/06\/anden_queretaro12-150x150.jpg\" class=\"attachment-thumbnail size-thumbnail\" alt=\"\" aria-describedby=\"gallery-1-56668\" \/><\/a>\n\t\t\t<\/div>\n\t\t\t\t<figcaption class='wp-caption-text gallery-caption' id='gallery-1-56668'>\n\t\t\t\tAnd\u00e9n Quer\u00e9taro \/ Boutique de Arquitectura [sonotectura+refaccionaria] (vista)\n\t\t\t\t<\/figcaption><\/figure><figure class='gallery-item'>\n\t\t\t<div class='gallery-icon landscape'>\n\t\t\t\t<a href='https:\/\/www.arquimaster.com.ar\/web\/wp-content\/uploads\/2020\/06\/anden_queretaro13.jpg' title=\"And\u00e9n Quer\u00e9taro \/ Boutique de Arquitectura [sonotectura+refaccionaria] (vista)\" data-rl_title=\"And\u00e9n Quer\u00e9taro \/ Boutique de Arquitectura [sonotectura+refaccionaria] (vista)\" class=\"rl-gallery-link\" data-rl_caption=\"And\u00e9n Quer\u00e9taro \/ Boutique de Arquitectura [sonotectura+refaccionaria] (vista)\" data-rel=\"lightbox-gallery-1\"><img loading=\"lazy\" decoding=\"async\" width=\"150\" height=\"150\" src=\"https:\/\/www.arquimaster.com.ar\/web\/wp-content\/uploads\/2020\/06\/anden_queretaro13-150x150.jpg\" class=\"attachment-thumbnail size-thumbnail\" alt=\"\" aria-describedby=\"gallery-1-56669\" \/><\/a>\n\t\t\t<\/div>\n\t\t\t\t<figcaption class='wp-caption-text gallery-caption' id='gallery-1-56669'>\n\t\t\t\tAnd\u00e9n Quer\u00e9taro \/ Boutique de Arquitectura [sonotectura+refaccionaria] (vista)\n\t\t\t\t<\/figcaption><\/figure>\n\t\t<\/div>\n\n<p>El concepto del proyecto se inspira en ese periodo de tiempo, cuando el acueducto y el tren se encontraban. Se busc\u00f3 convertir And\u00e9n Quer\u00e9taro, en un referente cultural, as\u00ed como gastron\u00f3mico en la zona. El proyecto cuenta con 12 locales comerciales emplazados dentro del conjunto, se emplearon contenedores mar\u00edtimos para generar una atm\u00f3sfera industrial como en las antiguas estaciones de tren, el empleo de texturas de \u00f3xido en los contenedores crea una composici\u00f3n visual adecuada para el espacio.<\/p>\n<p>And\u00e9n Quer\u00e9taro tiene por objetivo acentuar y reactivar la actividad comercial en la parte alta del Acueducto. Desde hace tiempo, no muchos visitan el inicio del Acueducto, ya que la zona se encuentra rodeada en su mayor\u00eda por usos de suelo habitacionales. El mercado And\u00e9n, se presenta como una propuesta para generar un mayor flujo comercial y tur\u00edstico en la zona superior del emblem\u00e1tico acueducto.<\/p>\n<p>Al mezclar diversos tipos de gastronom\u00eda, And\u00e9n se convierte en una excelente opci\u00f3n para turistas y locales, reactivando la econom\u00eda de la zona, aumentando la recaudaci\u00f3n fiscal para el mantenimiento y la conservaci\u00f3n del Acueducto y para fortalecer la seguridad en la zona para el transe\u00fante al ser un \u00e1rea con mayor movimiento gracias al nuevo mercado.<\/p>\n<p>And\u00e9n Quer\u00e9taro hace uso absoluto del reciclaje al reutilizar contenedores mar\u00edtimos que de primer uso sirvieron de 4 a 10 a\u00f1os en el transporte de art\u00edculos e insumos a lo largo del mundo. Al reutilizar contenedores mar\u00edtimos se evita que \u00e9stos terminen siendo desechados tras clasificarse como \u00abcontenedor E\u00bb, que se refiere al t\u00e9rmino de la vida \u00fatil de un contenedor de carga.<\/p>\n<p>El uso de contenedores mar\u00edtimos en la construcci\u00f3n, ayuda a reducir costos en el proceso de obra, reducir contaminaci\u00f3n por desechos, habilitar la construcci\u00f3n como espacios m\u00f3viles y a aumentar la velocidad de construcci\u00f3n en un 50%.<\/p>\n<p>Durante el dise\u00f1o y construcci\u00f3n de And\u00e9n Quer\u00e9taro, se cuid\u00f3 que el proyecto fuera incluyente y respetuoso con el Acueducto, tomando algunos de sus materiales principales como estucos y piedra como ejemplo para el uso de materiales al interior. De igual manera, se respet\u00f3 la altura del Acueducto, logrando que el nuevo proyecto siempre se encontrara por debajo del nivel del monumento.<\/p>\n<p><strong>Materiales principales<\/strong><br \/>\nContenedores mar\u00edtimos con acabado de textura oxidada generando una visual desgastada. Estructura de acero. L\u00e1mina galvanizada para cubrir las \u00e1reas de comensales y algunas circulaciones (techumbre). Se utilizaron texturas similares a las del acueducto en el \u00e1rea de comensales y en las fachadas para mantener el car\u00e1cter de la zona. Un lenguaje industrial 1900&#8217;s con materiales e instalaciones aparentes. Gama de colores en tonos sepia, remates en color p\u00farpura, tonos \u00f3xido, iluminaci\u00f3n ambar y rojiza.<\/p>\n<p>Al interior del conjunto un lenguaje industrial con materiales e instalaciones aparentes con toques minimalistas, aportando un equilibrio de comodidad y un ambiente similar a la de un and\u00e9n de principios del siglo XX. Para mantener a\u00fan m\u00e1s la tradici\u00f3n hist\u00f3rica y ambientaci\u00f3n del lugar, se rehabilit\u00f3 una parte de la v\u00eda por la cual transitaba el tren, dando una atm\u00f3sfera pl\u00e1cida, un espacio ideal para tomarse una foto.<\/p>\n<p><strong>Proyecto art\u00edstico<\/strong><br \/>\nAnd\u00e9n Quer\u00e9taro se presenta como una mezcla de historia, respeto por el patrimonio de la humanidad al integrarse con el Acueducto queretano y como un espacio de encuentro para la poblaci\u00f3n en todos los rangos de edades (incluyente). Como espacio de expresi\u00f3n, los muros han sido intervenidos tras la organizaci\u00f3n de un concurso para que artistas locales plasmaran su arte en varios de los paneles de fachadas interiores del proyecto. Al igual que la gesti\u00f3n y coordinaci\u00f3n del concurso, los arquitectos creadores de And\u00e9n Quer\u00e9taro realizaron una obra de arte sonora que es activada por el viento en el acceso principal.<\/p>\n<p><strong>M\u00e9todo constructivo<\/strong><br \/>\nUso de Contenedores Mar\u00edtimos. Cimentaci\u00f3n con dados para soportar contenedores y columnas con placa de contacto para fijaci\u00f3n. Estructura secundaria con columnas y trabes IPREstructura para \u00e1rea de comensales, columnas y armaduras en PTR de varias dimensiones.<\/p>\n<p><strong>Programa arquitect\u00f3nico<\/strong><br \/>\n12 locales comerciales, Bar Tem\u00e1tico, \u00c1rea comensales, Barber\u00eda, Sanitarios, Terraza con vista a Acueducto, Cabina elevada para DJ, \u00c1reas verdes, V\u00eda ferrocarril.<\/p>\n<p><strong>Ficha tecnica<\/strong><br \/>\nNombre: And\u00e9n Quer\u00e9taro<br \/>\nUbicaci\u00f3n: Calzada de los Arcos 171, Santiago de Quer\u00e9taro, Quer\u00e9taro, M\u00e9xico<br \/>\nProyectistas: Boutique de Arquitectura [sonotectura+refaccionaria]<br \/>\nArq. Luis Farfan, Arq. Alejandro Ch\u00e1vez Delgado<br \/>\nEmpresa solicitante: Desarrollo Comercial Mondrag\u00f3n<br \/>\nSuperficie predio: 558 m2<br \/>\nSuperficie construida: 340 m2<br \/>\nA\u00f1o de t\u00e9rmino: 2018<\/p>\n<p><strong>Contacto<\/strong><br \/>\n<a href=\"https:\/\/boutiquedearquitectura.com\" target=\"_blank\" rel=\"noopener noreferrer\">https:\/\/boutiquedearquitectura.com<\/a><\/p>\n\n<div style=\"font-size: 0px; height: 0px; line-height: 0px; margin: 0; padding: 0; clear: both;\"><\/div><div style=\"margin-top: 0px; margin-bottom: 0px;\" class=\"sharethis-inline-share-buttons\" ><\/div>","protected":false},"excerpt":{"rendered":"<p>Espacio comercial y gastronomico que recicla contenedores mar\u00edtimos en desuso&#8230;<\/p>\n","protected":false},"author":1,"featured_media":56656,"comment_status":"closed","ping_status":"closed","sticky":false,"template":"","format":"standard","meta":{"_uag_custom_page_level_css":"","footnotes":""},"categories":[75,1],"tags":[6083,1233,6084,6085,5794,923,6077,6078,273,2103,2108,1460,1513,6081,24,3620,6082,257,6079,6080],"class_list":["post-56655","post","type-post","status-publish","format-standard","has-post-thumbnail","hentry","category-arquitectura-comercial","category-proyecto","tag-alejandro-chavez-delgado","tag-arquitectura-comercial-2","tag-arquitectura-con-containers","tag-arquitectura-con-contenedores","tag-arquitectura-gastronomica","tag-bar","tag-barberia","tag-boutique-de-arquitectura","tag-centro-comercial","tag-containers","tag-contenedores","tag-gastronomia","tag-local-comercial","tag-luis-farfan","tag-mexico","tag-queretaro","tag-refaccionaria","tag-restaurante","tag-santiago-de-queretaro","tag-sonotectura","generate-columns","tablet-grid-50","mobile-grid-100","grid-parent","grid-50"],"yoast_head":"<!-- This site is optimized with the Yoast SEO plugin v27.3 - https:\/\/yoast.com\/product\/yoast-seo-wordpress\/ -->\n<title>And\u00e9n Quer\u00e9taro \/ Boutique de Arquitectura [sonotectura+refaccionaria] - Arquimaster<\/title>\n<meta name=\"description\" content=\"Espacio comercial y gastronomico ubicado a un costado del ic\u00f3nico acueducto de Quer\u00e9taro que recicla contenedores mar\u00edtimos en desuso.\" \/>\n<meta name=\"robots\" content=\"index, follow, max-snippet:-1, max-image-preview:large, max-video-preview:-1\" \/>\n<link rel=\"canonical\" href=\"https:\/\/www.arquimaster.com.ar\/web\/anden-queretaro-boutique-de-arquitectura-sonotecturarefaccionaria\/\" \/>\n<meta property=\"og:locale\" content=\"es_ES\" \/>\n<meta property=\"og:type\" content=\"article\" \/>\n<meta property=\"og:title\" content=\"And\u00e9n Quer\u00e9taro \/ Boutique de Arquitectura [sonotectura+refaccionaria]\" \/>\n<meta property=\"og:description\" content=\"Espacio comercial y gastronomico ubicado a un costado del ic\u00f3nico acueducto de Quer\u00e9taro que recicla contenedores mar\u00edtimos en desuso.\" \/>\n<meta property=\"og:url\" content=\"https:\/\/www.arquimaster.com.ar\/web\/anden-queretaro-boutique-de-arquitectura-sonotecturarefaccionaria\/\" \/>\n<meta property=\"og:site_name\" content=\"Arquimaster\" \/>\n<meta property=\"article:publisher\" content=\"http:\/\/www.facebook.com\/ARQUIMASTER.com.ar\" \/>\n<meta property=\"article:published_time\" content=\"2020-06-19T01:05:44+00:00\" \/>\n<meta property=\"article:modified_time\" content=\"2020-06-24T21:59:43+00:00\" \/>\n<meta property=\"og:image\" content=\"https:\/\/www.arquimaster.com.ar\/web\/wp-content\/uploads\/2020\/06\/anden_queretaro_slide.jpg\" \/>\n\t<meta property=\"og:image:width\" content=\"698\" \/>\n\t<meta property=\"og:image:height\" content=\"364\" \/>\n\t<meta property=\"og:image:type\" content=\"image\/jpeg\" \/>\n<meta name=\"author\" content=\"Arquimaster\" \/>\n<meta name=\"twitter:card\" content=\"summary_large_image\" \/>\n<meta name=\"twitter:title\" content=\"And\u00e9n Quer\u00e9taro \/ Boutique de Arquitectura [sonotectura+refaccionaria]\" \/>\n<meta name=\"twitter:description\" content=\"Espacio comercial y gastronomico ubicado a un costado del ic\u00f3nico acueducto de Quer\u00e9taro que recicla contenedores mar\u00edtimos en desuso.\" \/>\n<meta name=\"twitter:image\" content=\"https:\/\/www.arquimaster.com.ar\/web\/wp-content\/uploads\/2020\/06\/anden_queretaro_slide.jpg\" \/>\n<meta name=\"twitter:creator\" content=\"@arquimaster\" \/>\n<meta name=\"twitter:site\" content=\"@arquimaster\" \/>\n<meta name=\"twitter:label1\" content=\"Escrito por\" \/>\n\t<meta name=\"twitter:data1\" content=\"Arquimaster\" \/>\n\t<meta name=\"twitter:label2\" content=\"Tiempo de lectura\" \/>\n\t<meta name=\"twitter:data2\" content=\"5 minutos\" \/>\n<script type=\"application\/ld+json\" class=\"yoast-schema-graph\">{\"@context\":\"https:\\\/\\\/schema.org\",\"@graph\":[{\"@type\":\"Article\",\"@id\":\"https:\\\/\\\/www.arquimaster.com.ar\\\/web\\\/anden-queretaro-boutique-de-arquitectura-sonotecturarefaccionaria\\\/#article\",\"isPartOf\":{\"@id\":\"https:\\\/\\\/www.arquimaster.com.ar\\\/web\\\/anden-queretaro-boutique-de-arquitectura-sonotecturarefaccionaria\\\/\"},\"author\":{\"name\":\"Arquimaster\",\"@id\":\"https:\\\/\\\/www.arquimaster.com.ar\\\/web\\\/#\\\/schema\\\/person\\\/359e9f7c00193fcde068e0dd2ceb0028\"},\"headline\":\"And\u00e9n Quer\u00e9taro \\\/ Boutique de Arquitectura [sonotectura+refaccionaria]\",\"datePublished\":\"2020-06-19T01:05:44+00:00\",\"dateModified\":\"2020-06-24T21:59:43+00:00\",\"mainEntityOfPage\":{\"@id\":\"https:\\\/\\\/www.arquimaster.com.ar\\\/web\\\/anden-queretaro-boutique-de-arquitectura-sonotecturarefaccionaria\\\/\"},\"wordCount\":947,\"publisher\":{\"@id\":\"https:\\\/\\\/www.arquimaster.com.ar\\\/web\\\/#organization\"},\"image\":{\"@id\":\"https:\\\/\\\/www.arquimaster.com.ar\\\/web\\\/anden-queretaro-boutique-de-arquitectura-sonotecturarefaccionaria\\\/#primaryimage\"},\"thumbnailUrl\":\"https:\\\/\\\/www.arquimaster.com.ar\\\/web\\\/wp-content\\\/uploads\\\/2020\\\/06\\\/anden_queretaro_slide.jpg\",\"keywords\":[\"Alejandro Ch\u00e1vez Delgado\",\"arquitectura comercial\",\"arquitectura con containers\",\"arquitectura con contenedores\",\"arquitectura gastronomica\",\"bar\",\"barberia\",\"Boutique de Arquitectura\",\"centro comercial\",\"containers\",\"contenedores\",\"gastronomia\",\"locales comerciales\",\"Luis Farfan\",\"Mexico\",\"Queretaro\",\"refaccionaria\",\"restaurante\",\"Santiago de Quer\u00e9taro\",\"sonotectura\"],\"articleSection\":[\"Arquitectura comercial\",\"Proyecto\"],\"inLanguage\":\"es\"},{\"@type\":\"WebPage\",\"@id\":\"https:\\\/\\\/www.arquimaster.com.ar\\\/web\\\/anden-queretaro-boutique-de-arquitectura-sonotecturarefaccionaria\\\/\",\"url\":\"https:\\\/\\\/www.arquimaster.com.ar\\\/web\\\/anden-queretaro-boutique-de-arquitectura-sonotecturarefaccionaria\\\/\",\"name\":\"And\u00e9n Quer\u00e9taro \\\/ Boutique de Arquitectura [sonotectura+refaccionaria] - Arquimaster\",\"isPartOf\":{\"@id\":\"https:\\\/\\\/www.arquimaster.com.ar\\\/web\\\/#website\"},\"primaryImageOfPage\":{\"@id\":\"https:\\\/\\\/www.arquimaster.com.ar\\\/web\\\/anden-queretaro-boutique-de-arquitectura-sonotecturarefaccionaria\\\/#primaryimage\"},\"image\":{\"@id\":\"https:\\\/\\\/www.arquimaster.com.ar\\\/web\\\/anden-queretaro-boutique-de-arquitectura-sonotecturarefaccionaria\\\/#primaryimage\"},\"thumbnailUrl\":\"https:\\\/\\\/www.arquimaster.com.ar\\\/web\\\/wp-content\\\/uploads\\\/2020\\\/06\\\/anden_queretaro_slide.jpg\",\"datePublished\":\"2020-06-19T01:05:44+00:00\",\"dateModified\":\"2020-06-24T21:59:43+00:00\",\"description\":\"Espacio comercial y gastronomico ubicado a un costado del ic\u00f3nico acueducto de Quer\u00e9taro que recicla contenedores mar\u00edtimos en desuso.\",\"breadcrumb\":{\"@id\":\"https:\\\/\\\/www.arquimaster.com.ar\\\/web\\\/anden-queretaro-boutique-de-arquitectura-sonotecturarefaccionaria\\\/#breadcrumb\"},\"inLanguage\":\"es\",\"potentialAction\":[{\"@type\":\"ReadAction\",\"target\":[\"https:\\\/\\\/www.arquimaster.com.ar\\\/web\\\/anden-queretaro-boutique-de-arquitectura-sonotecturarefaccionaria\\\/\"]}]},{\"@type\":\"ImageObject\",\"inLanguage\":\"es\",\"@id\":\"https:\\\/\\\/www.arquimaster.com.ar\\\/web\\\/anden-queretaro-boutique-de-arquitectura-sonotecturarefaccionaria\\\/#primaryimage\",\"url\":\"https:\\\/\\\/www.arquimaster.com.ar\\\/web\\\/wp-content\\\/uploads\\\/2020\\\/06\\\/anden_queretaro_slide.jpg\",\"contentUrl\":\"https:\\\/\\\/www.arquimaster.com.ar\\\/web\\\/wp-content\\\/uploads\\\/2020\\\/06\\\/anden_queretaro_slide.jpg\",\"width\":698,\"height\":364},{\"@type\":\"BreadcrumbList\",\"@id\":\"https:\\\/\\\/www.arquimaster.com.ar\\\/web\\\/anden-queretaro-boutique-de-arquitectura-sonotecturarefaccionaria\\\/#breadcrumb\",\"itemListElement\":[{\"@type\":\"ListItem\",\"position\":1,\"name\":\"Portada\",\"item\":\"https:\\\/\\\/www.arquimaster.com.ar\\\/web\\\/\"},{\"@type\":\"ListItem\",\"position\":2,\"name\":\"And\u00e9n Quer\u00e9taro \\\/ Boutique de Arquitectura [sonotectura+refaccionaria]\"}]},{\"@type\":\"WebSite\",\"@id\":\"https:\\\/\\\/www.arquimaster.com.ar\\\/web\\\/#website\",\"url\":\"https:\\\/\\\/www.arquimaster.com.ar\\\/web\\\/\",\"name\":\"Arquimaster\",\"description\":\"Web de arquitectura, dise\u00f1o y construccion\",\"publisher\":{\"@id\":\"https:\\\/\\\/www.arquimaster.com.ar\\\/web\\\/#organization\"},\"potentialAction\":[{\"@type\":\"SearchAction\",\"target\":{\"@type\":\"EntryPoint\",\"urlTemplate\":\"https:\\\/\\\/www.arquimaster.com.ar\\\/web\\\/?s={search_term_string}\"},\"query-input\":{\"@type\":\"PropertyValueSpecification\",\"valueRequired\":true,\"valueName\":\"search_term_string\"}}],\"inLanguage\":\"es\"},{\"@type\":\"Organization\",\"@id\":\"https:\\\/\\\/www.arquimaster.com.ar\\\/web\\\/#organization\",\"name\":\"Arquimaster\",\"url\":\"https:\\\/\\\/www.arquimaster.com.ar\\\/web\\\/\",\"logo\":{\"@type\":\"ImageObject\",\"inLanguage\":\"es\",\"@id\":\"https:\\\/\\\/www.arquimaster.com.ar\\\/web\\\/#\\\/schema\\\/logo\\\/image\\\/\",\"url\":\"https:\\\/\\\/www.arquimaster.com.ar\\\/web\\\/wp-content\\\/uploads\\\/2022\\\/06\\\/arquimaster.png\",\"contentUrl\":\"https:\\\/\\\/www.arquimaster.com.ar\\\/web\\\/wp-content\\\/uploads\\\/2022\\\/06\\\/arquimaster.png\",\"width\":594,\"height\":78,\"caption\":\"Arquimaster\"},\"image\":{\"@id\":\"https:\\\/\\\/www.arquimaster.com.ar\\\/web\\\/#\\\/schema\\\/logo\\\/image\\\/\"},\"sameAs\":[\"http:\\\/\\\/www.facebook.com\\\/ARQUIMASTER.com.ar\",\"https:\\\/\\\/x.com\\\/arquimaster\",\"https:\\\/\\\/www.instagram.com\\\/arquimasterblog\\\/\",\"https:\\\/\\\/www.linkedin.com\\\/company\\\/arquimaster\",\"https:\\\/\\\/www.pinterest.com\\\/arquimaster\",\"https:\\\/\\\/t.me\\\/arquimaster\"]},{\"@type\":\"Person\",\"@id\":\"https:\\\/\\\/www.arquimaster.com.ar\\\/web\\\/#\\\/schema\\\/person\\\/359e9f7c00193fcde068e0dd2ceb0028\",\"name\":\"Arquimaster\"}]}<\/script>\n<!-- \/ Yoast SEO plugin. -->","yoast_head_json":{"title":"And\u00e9n Quer\u00e9taro \/ Boutique de Arquitectura [sonotectura+refaccionaria] - Arquimaster","description":"Espacio comercial y gastronomico ubicado a un costado del ic\u00f3nico acueducto de Quer\u00e9taro que recicla contenedores mar\u00edtimos en desuso.","robots":{"index":"index","follow":"follow","max-snippet":"max-snippet:-1","max-image-preview":"max-image-preview:large","max-video-preview":"max-video-preview:-1"},"canonical":"https:\/\/www.arquimaster.com.ar\/web\/anden-queretaro-boutique-de-arquitectura-sonotecturarefaccionaria\/","og_locale":"es_ES","og_type":"article","og_title":"And\u00e9n Quer\u00e9taro \/ Boutique de Arquitectura [sonotectura+refaccionaria]","og_description":"Espacio comercial y gastronomico ubicado a un costado del ic\u00f3nico acueducto de Quer\u00e9taro que recicla contenedores mar\u00edtimos en desuso.","og_url":"https:\/\/www.arquimaster.com.ar\/web\/anden-queretaro-boutique-de-arquitectura-sonotecturarefaccionaria\/","og_site_name":"Arquimaster","article_publisher":"http:\/\/www.facebook.com\/ARQUIMASTER.com.ar","article_published_time":"2020-06-19T01:05:44+00:00","article_modified_time":"2020-06-24T21:59:43+00:00","og_image":[{"width":698,"height":364,"url":"https:\/\/www.arquimaster.com.ar\/web\/wp-content\/uploads\/2020\/06\/anden_queretaro_slide.jpg","type":"image\/jpeg"}],"author":"Arquimaster","twitter_card":"summary_large_image","twitter_title":"And\u00e9n Quer\u00e9taro \/ Boutique de Arquitectura [sonotectura+refaccionaria]","twitter_description":"Espacio comercial y gastronomico ubicado a un costado del ic\u00f3nico acueducto de Quer\u00e9taro que recicla contenedores mar\u00edtimos en desuso.","twitter_image":"https:\/\/www.arquimaster.com.ar\/web\/wp-content\/uploads\/2020\/06\/anden_queretaro_slide.jpg","twitter_creator":"@arquimaster","twitter_site":"@arquimaster","twitter_misc":{"Escrito por":"Arquimaster","Tiempo de lectura":"5 minutos"},"schema":{"@context":"https:\/\/schema.org","@graph":[{"@type":"Article","@id":"https:\/\/www.arquimaster.com.ar\/web\/anden-queretaro-boutique-de-arquitectura-sonotecturarefaccionaria\/#article","isPartOf":{"@id":"https:\/\/www.arquimaster.com.ar\/web\/anden-queretaro-boutique-de-arquitectura-sonotecturarefaccionaria\/"},"author":{"name":"Arquimaster","@id":"https:\/\/www.arquimaster.com.ar\/web\/#\/schema\/person\/359e9f7c00193fcde068e0dd2ceb0028"},"headline":"And\u00e9n Quer\u00e9taro \/ Boutique de Arquitectura [sonotectura+refaccionaria]","datePublished":"2020-06-19T01:05:44+00:00","dateModified":"2020-06-24T21:59:43+00:00","mainEntityOfPage":{"@id":"https:\/\/www.arquimaster.com.ar\/web\/anden-queretaro-boutique-de-arquitectura-sonotecturarefaccionaria\/"},"wordCount":947,"publisher":{"@id":"https:\/\/www.arquimaster.com.ar\/web\/#organization"},"image":{"@id":"https:\/\/www.arquimaster.com.ar\/web\/anden-queretaro-boutique-de-arquitectura-sonotecturarefaccionaria\/#primaryimage"},"thumbnailUrl":"https:\/\/www.arquimaster.com.ar\/web\/wp-content\/uploads\/2020\/06\/anden_queretaro_slide.jpg","keywords":["Alejandro Ch\u00e1vez Delgado","arquitectura comercial","arquitectura con containers","arquitectura con contenedores","arquitectura gastronomica","bar","barberia","Boutique de Arquitectura","centro comercial","containers","contenedores","gastronomia","locales comerciales","Luis Farfan","Mexico","Queretaro","refaccionaria","restaurante","Santiago de Quer\u00e9taro","sonotectura"],"articleSection":["Arquitectura comercial","Proyecto"],"inLanguage":"es"},{"@type":"WebPage","@id":"https:\/\/www.arquimaster.com.ar\/web\/anden-queretaro-boutique-de-arquitectura-sonotecturarefaccionaria\/","url":"https:\/\/www.arquimaster.com.ar\/web\/anden-queretaro-boutique-de-arquitectura-sonotecturarefaccionaria\/","name":"And\u00e9n Quer\u00e9taro \/ Boutique de Arquitectura [sonotectura+refaccionaria] - Arquimaster","isPartOf":{"@id":"https:\/\/www.arquimaster.com.ar\/web\/#website"},"primaryImageOfPage":{"@id":"https:\/\/www.arquimaster.com.ar\/web\/anden-queretaro-boutique-de-arquitectura-sonotecturarefaccionaria\/#primaryimage"},"image":{"@id":"https:\/\/www.arquimaster.com.ar\/web\/anden-queretaro-boutique-de-arquitectura-sonotecturarefaccionaria\/#primaryimage"},"thumbnailUrl":"https:\/\/www.arquimaster.com.ar\/web\/wp-content\/uploads\/2020\/06\/anden_queretaro_slide.jpg","datePublished":"2020-06-19T01:05:44+00:00","dateModified":"2020-06-24T21:59:43+00:00","description":"Espacio comercial y gastronomico ubicado a un costado del ic\u00f3nico acueducto de Quer\u00e9taro que recicla contenedores mar\u00edtimos en desuso.","breadcrumb":{"@id":"https:\/\/www.arquimaster.com.ar\/web\/anden-queretaro-boutique-de-arquitectura-sonotecturarefaccionaria\/#breadcrumb"},"inLanguage":"es","potentialAction":[{"@type":"ReadAction","target":["https:\/\/www.arquimaster.com.ar\/web\/anden-queretaro-boutique-de-arquitectura-sonotecturarefaccionaria\/"]}]},{"@type":"ImageObject","inLanguage":"es","@id":"https:\/\/www.arquimaster.com.ar\/web\/anden-queretaro-boutique-de-arquitectura-sonotecturarefaccionaria\/#primaryimage","url":"https:\/\/www.arquimaster.com.ar\/web\/wp-content\/uploads\/2020\/06\/anden_queretaro_slide.jpg","contentUrl":"https:\/\/www.arquimaster.com.ar\/web\/wp-content\/uploads\/2020\/06\/anden_queretaro_slide.jpg","width":698,"height":364},{"@type":"BreadcrumbList","@id":"https:\/\/www.arquimaster.com.ar\/web\/anden-queretaro-boutique-de-arquitectura-sonotecturarefaccionaria\/#breadcrumb","itemListElement":[{"@type":"ListItem","position":1,"name":"Portada","item":"https:\/\/www.arquimaster.com.ar\/web\/"},{"@type":"ListItem","position":2,"name":"And\u00e9n Quer\u00e9taro \/ Boutique de Arquitectura [sonotectura+refaccionaria]"}]},{"@type":"WebSite","@id":"https:\/\/www.arquimaster.com.ar\/web\/#website","url":"https:\/\/www.arquimaster.com.ar\/web\/","name":"Arquimaster","description":"Web de arquitectura, dise\u00f1o y construccion","publisher":{"@id":"https:\/\/www.arquimaster.com.ar\/web\/#organization"},"potentialAction":[{"@type":"SearchAction","target":{"@type":"EntryPoint","urlTemplate":"https:\/\/www.arquimaster.com.ar\/web\/?s={search_term_string}"},"query-input":{"@type":"PropertyValueSpecification","valueRequired":true,"valueName":"search_term_string"}}],"inLanguage":"es"},{"@type":"Organization","@id":"https:\/\/www.arquimaster.com.ar\/web\/#organization","name":"Arquimaster","url":"https:\/\/www.arquimaster.com.ar\/web\/","logo":{"@type":"ImageObject","inLanguage":"es","@id":"https:\/\/www.arquimaster.com.ar\/web\/#\/schema\/logo\/image\/","url":"https:\/\/www.arquimaster.com.ar\/web\/wp-content\/uploads\/2022\/06\/arquimaster.png","contentUrl":"https:\/\/www.arquimaster.com.ar\/web\/wp-content\/uploads\/2022\/06\/arquimaster.png","width":594,"height":78,"caption":"Arquimaster"},"image":{"@id":"https:\/\/www.arquimaster.com.ar\/web\/#\/schema\/logo\/image\/"},"sameAs":["http:\/\/www.facebook.com\/ARQUIMASTER.com.ar","https:\/\/x.com\/arquimaster","https:\/\/www.instagram.com\/arquimasterblog\/","https:\/\/www.linkedin.com\/company\/arquimaster","https:\/\/www.pinterest.com\/arquimaster","https:\/\/t.me\/arquimaster"]},{"@type":"Person","@id":"https:\/\/www.arquimaster.com.ar\/web\/#\/schema\/person\/359e9f7c00193fcde068e0dd2ceb0028","name":"Arquimaster"}]}},"uagb_featured_image_src":{"full":["https:\/\/www.arquimaster.com.ar\/web\/wp-content\/uploads\/2020\/06\/anden_queretaro_slide.jpg",698,364,false],"thumbnail":["https:\/\/www.arquimaster.com.ar\/web\/wp-content\/uploads\/2020\/06\/anden_queretaro_slide-150x150.jpg",150,150,true],"medium":["https:\/\/www.arquimaster.com.ar\/web\/wp-content\/uploads\/2020\/06\/anden_queretaro_slide.jpg",698,364,false],"medium_large":["https:\/\/www.arquimaster.com.ar\/web\/wp-content\/uploads\/2020\/06\/anden_queretaro_slide.jpg",698,364,false],"large":["https:\/\/www.arquimaster.com.ar\/web\/wp-content\/uploads\/2020\/06\/anden_queretaro_slide.jpg",698,364,false],"1536x1536":["https:\/\/www.arquimaster.com.ar\/web\/wp-content\/uploads\/2020\/06\/anden_queretaro_slide.jpg",698,364,false],"2048x2048":["https:\/\/www.arquimaster.com.ar\/web\/wp-content\/uploads\/2020\/06\/anden_queretaro_slide.jpg",698,364,false]},"uagb_author_info":{"display_name":"Arquimaster","author_link":"https:\/\/www.arquimaster.com.ar\/web\/author\/arquimaster\/"},"uagb_comment_info":0,"uagb_excerpt":"Espacio comercial y gastronomico que recicla contenedores mar\u00edtimos en desuso...","_links":{"self":[{"href":"https:\/\/www.arquimaster.com.ar\/web\/wp-json\/wp\/v2\/posts\/56655","targetHints":{"allow":["GET"]}}],"collection":[{"href":"https:\/\/www.arquimaster.com.ar\/web\/wp-json\/wp\/v2\/posts"}],"about":[{"href":"https:\/\/www.arquimaster.com.ar\/web\/wp-json\/wp\/v2\/types\/post"}],"author":[{"embeddable":true,"href":"https:\/\/www.arquimaster.com.ar\/web\/wp-json\/wp\/v2\/users\/1"}],"replies":[{"embeddable":true,"href":"https:\/\/www.arquimaster.com.ar\/web\/wp-json\/wp\/v2\/comments?post=56655"}],"version-history":[{"count":2,"href":"https:\/\/www.arquimaster.com.ar\/web\/wp-json\/wp\/v2\/posts\/56655\/revisions"}],"predecessor-version":[{"id":56671,"href":"https:\/\/www.arquimaster.com.ar\/web\/wp-json\/wp\/v2\/posts\/56655\/revisions\/56671"}],"wp:featuredmedia":[{"embeddable":true,"href":"https:\/\/www.arquimaster.com.ar\/web\/wp-json\/wp\/v2\/media\/56656"}],"wp:attachment":[{"href":"https:\/\/www.arquimaster.com.ar\/web\/wp-json\/wp\/v2\/media?parent=56655"}],"wp:term":[{"taxonomy":"category","embeddable":true,"href":"https:\/\/www.arquimaster.com.ar\/web\/wp-json\/wp\/v2\/categories?post=56655"},{"taxonomy":"post_tag","embeddable":true,"href":"https:\/\/www.arquimaster.com.ar\/web\/wp-json\/wp\/v2\/tags?post=56655"}],"curies":[{"name":"wp","href":"https:\/\/api.w.org\/{rel}","templated":true}]}}