{"id":56821,"date":"2020-06-26T17:10:15","date_gmt":"2020-06-26T20:10:15","guid":{"rendered":"https:\/\/www.arquimaster.com.ar\/web\/?p=56821"},"modified":"2020-06-30T16:19:37","modified_gmt":"2020-06-30T19:19:37","slug":"casa-aeberhard-estudio-persoglia","status":"publish","type":"post","link":"https:\/\/www.arquimaster.com.ar\/web\/casa-aeberhard-estudio-persoglia\/","title":{"rendered":"Casa Aeberhard \/ Estudio Persoglia"},"content":{"rendered":"<div style=\"margin-top: 0px; margin-bottom: 0px;\" class=\"sharethis-inline-share-buttons\" ><\/div><div class=\"b812932af2e751442846f039925109de\" data-index=\"1\" style=\"float: none; margin:25px 0 25px 0; text-align:center;\">\n<script async src=\"https:\/\/pagead2.googlesyndication.com\/pagead\/js\/adsbygoogle.js\"><\/script>\r\n<!-- Arquimaster (superior) -->\r\n<ins class=\"adsbygoogle\"\r\n     style=\"display:block\"\r\n     data-ad-client=\"ca-pub-6351072698456832\"\r\n     data-ad-slot=\"6455489680\"\r\n     data-ad-format=\"auto\"\r\n     data-full-width-responsive=\"true\"><\/ins>\r\n<script>\r\n     (adsbygoogle = window.adsbygoogle || []).push({});\r\n<\/script>\n<\/div>\n<p><strong>Casa Aeberhard<\/strong> (Club Nautico Ubajay, San Jose del Rincon, Pcia. de Santa Fe, Argentina) por <strong>Estudio Persoglia<\/strong>. La propuesta del comitente fue el dise\u00f1o de una vivienda de uso temporal, con espacios m\u00ednimos necesarios para residir los fines de semana y para realizar eventos familiares. La misma, se localiza en el Club N\u00e1utico Ubajay, a 20 minutos de la ciudad de Santa Fe. Este enclave cerrado se genera como un lugar para el descanso, con una atm\u00f3sfera opuesta a la vida urbana.<\/p>\n<div id='gallery-1' class='gallery galleryid-56821 gallery-columns-3 gallery-size-thumbnail'><figure class='gallery-item'>\n\t\t\t<div class='gallery-icon landscape'>\n\t\t\t\t<a href='https:\/\/www.arquimaster.com.ar\/web\/wp-content\/uploads\/2020\/06\/casa_aeberhard1.jpg' title=\"Casa Aeberhard \/ Estudio Persoglia (\u00a9 Maxi Foletto)\" data-rl_title=\"Casa Aeberhard \/ Estudio Persoglia (\u00a9 Maxi Foletto)\" class=\"rl-gallery-link\" data-rl_caption=\"Casa Aeberhard \/ Estudio Persoglia (\u00a9 Maxi Foletto)\" data-rel=\"lightbox-gallery-1\"><img loading=\"lazy\" decoding=\"async\" width=\"150\" height=\"150\" src=\"https:\/\/www.arquimaster.com.ar\/web\/wp-content\/uploads\/2020\/06\/casa_aeberhard1-150x150.jpg\" class=\"attachment-thumbnail size-thumbnail\" alt=\"\" aria-describedby=\"gallery-1-56823\" \/><\/a>\n\t\t\t<\/div>\n\t\t\t\t<figcaption class='wp-caption-text gallery-caption' id='gallery-1-56823'>\n\t\t\t\tCasa Aeberhard \/ Estudio Persoglia (\u00a9 Maxi Foletto)\n\t\t\t\t<\/figcaption><\/figure><figure class='gallery-item'>\n\t\t\t<div class='gallery-icon landscape'>\n\t\t\t\t<a href='https:\/\/www.arquimaster.com.ar\/web\/wp-content\/uploads\/2020\/06\/casa_aeberhard2.jpg' title=\"Casa Aeberhard \/ Estudio Persoglia (\u00a9 Maxi Foletto)\" data-rl_title=\"Casa Aeberhard \/ Estudio Persoglia (\u00a9 Maxi Foletto)\" class=\"rl-gallery-link\" data-rl_caption=\"Casa Aeberhard \/ Estudio Persoglia (\u00a9 Maxi Foletto)\" data-rel=\"lightbox-gallery-1\"><img loading=\"lazy\" decoding=\"async\" width=\"150\" height=\"150\" src=\"https:\/\/www.arquimaster.com.ar\/web\/wp-content\/uploads\/2020\/06\/casa_aeberhard2-150x150.jpg\" class=\"attachment-thumbnail size-thumbnail\" alt=\"\" aria-describedby=\"gallery-1-56824\" \/><\/a>\n\t\t\t<\/div>\n\t\t\t\t<figcaption class='wp-caption-text gallery-caption' id='gallery-1-56824'>\n\t\t\t\tCasa Aeberhard \/ Estudio Persoglia (\u00a9 Maxi Foletto)\n\t\t\t\t<\/figcaption><\/figure><figure class='gallery-item'>\n\t\t\t<div class='gallery-icon landscape'>\n\t\t\t\t<a href='https:\/\/www.arquimaster.com.ar\/web\/wp-content\/uploads\/2020\/06\/casa_aeberhard3.jpg' title=\"Casa Aeberhard \/ Estudio Persoglia (\u00a9 Maxi Foletto)\" data-rl_title=\"Casa Aeberhard \/ Estudio Persoglia (\u00a9 Maxi Foletto)\" class=\"rl-gallery-link\" data-rl_caption=\"Casa Aeberhard \/ Estudio Persoglia (\u00a9 Maxi Foletto)\" data-rel=\"lightbox-gallery-1\"><img loading=\"lazy\" decoding=\"async\" width=\"150\" height=\"150\" src=\"https:\/\/www.arquimaster.com.ar\/web\/wp-content\/uploads\/2020\/06\/casa_aeberhard3-150x150.jpg\" class=\"attachment-thumbnail size-thumbnail\" alt=\"\" aria-describedby=\"gallery-1-56825\" \/><\/a>\n\t\t\t<\/div>\n\t\t\t\t<figcaption class='wp-caption-text gallery-caption' id='gallery-1-56825'>\n\t\t\t\tCasa Aeberhard \/ Estudio Persoglia (\u00a9 Maxi Foletto)\n\t\t\t\t<\/figcaption><\/figure><figure class='gallery-item'>\n\t\t\t<div class='gallery-icon landscape'>\n\t\t\t\t<a href='https:\/\/www.arquimaster.com.ar\/web\/wp-content\/uploads\/2020\/06\/casa_aeberhard4.jpg' title=\"Casa Aeberhard \/ Estudio Persoglia (\u00a9 Maxi Foletto)\" data-rl_title=\"Casa Aeberhard \/ Estudio Persoglia (\u00a9 Maxi Foletto)\" class=\"rl-gallery-link\" data-rl_caption=\"Casa Aeberhard \/ Estudio Persoglia (\u00a9 Maxi Foletto)\" data-rel=\"lightbox-gallery-1\"><img loading=\"lazy\" decoding=\"async\" width=\"150\" height=\"150\" src=\"https:\/\/www.arquimaster.com.ar\/web\/wp-content\/uploads\/2020\/06\/casa_aeberhard4-150x150.jpg\" class=\"attachment-thumbnail size-thumbnail\" alt=\"\" aria-describedby=\"gallery-1-56826\" \/><\/a>\n\t\t\t<\/div>\n\t\t\t\t<figcaption class='wp-caption-text gallery-caption' id='gallery-1-56826'>\n\t\t\t\tCasa Aeberhard \/ Estudio Persoglia (\u00a9 Maxi Foletto)\n\t\t\t\t<\/figcaption><\/figure><figure class='gallery-item'>\n\t\t\t<div class='gallery-icon landscape'>\n\t\t\t\t<a href='https:\/\/www.arquimaster.com.ar\/web\/wp-content\/uploads\/2020\/06\/casa_aeberhard5.jpg' title=\"Casa Aeberhard \/ Estudio Persoglia (\u00a9 Maxi Foletto)\" data-rl_title=\"Casa Aeberhard \/ Estudio Persoglia (\u00a9 Maxi Foletto)\" class=\"rl-gallery-link\" data-rl_caption=\"Casa Aeberhard \/ Estudio Persoglia (\u00a9 Maxi Foletto)\" data-rel=\"lightbox-gallery-1\"><img loading=\"lazy\" decoding=\"async\" width=\"150\" height=\"150\" src=\"https:\/\/www.arquimaster.com.ar\/web\/wp-content\/uploads\/2020\/06\/casa_aeberhard5-150x150.jpg\" class=\"attachment-thumbnail size-thumbnail\" alt=\"\" aria-describedby=\"gallery-1-56827\" \/><\/a>\n\t\t\t<\/div>\n\t\t\t\t<figcaption class='wp-caption-text gallery-caption' id='gallery-1-56827'>\n\t\t\t\tCasa Aeberhard \/ Estudio Persoglia (\u00a9 Maxi Foletto)\n\t\t\t\t<\/figcaption><\/figure><figure class='gallery-item'>\n\t\t\t<div class='gallery-icon landscape'>\n\t\t\t\t<a href='https:\/\/www.arquimaster.com.ar\/web\/wp-content\/uploads\/2020\/06\/casa_aeberhard6.jpg' title=\"Casa Aeberhard \/ Estudio Persoglia (\u00a9 Maxi Foletto)\" data-rl_title=\"Casa Aeberhard \/ Estudio Persoglia (\u00a9 Maxi Foletto)\" class=\"rl-gallery-link\" data-rl_caption=\"Casa Aeberhard \/ Estudio Persoglia (\u00a9 Maxi Foletto)\" data-rel=\"lightbox-gallery-1\"><img loading=\"lazy\" decoding=\"async\" width=\"150\" height=\"150\" src=\"https:\/\/www.arquimaster.com.ar\/web\/wp-content\/uploads\/2020\/06\/casa_aeberhard6-150x150.jpg\" class=\"attachment-thumbnail size-thumbnail\" alt=\"\" aria-describedby=\"gallery-1-56828\" \/><\/a>\n\t\t\t<\/div>\n\t\t\t\t<figcaption class='wp-caption-text gallery-caption' id='gallery-1-56828'>\n\t\t\t\tCasa Aeberhard \/ Estudio Persoglia (\u00a9 Maxi Foletto)\n\t\t\t\t<\/figcaption><\/figure><figure class='gallery-item'>\n\t\t\t<div class='gallery-icon landscape'>\n\t\t\t\t<a href='https:\/\/www.arquimaster.com.ar\/web\/wp-content\/uploads\/2020\/06\/casa_aeberhard7.jpg' title=\"Casa Aeberhard \/ Estudio Persoglia (\u00a9 Maxi Foletto)\" data-rl_title=\"Casa Aeberhard \/ Estudio Persoglia (\u00a9 Maxi Foletto)\" class=\"rl-gallery-link\" data-rl_caption=\"Casa Aeberhard \/ Estudio Persoglia (\u00a9 Maxi Foletto)\" data-rel=\"lightbox-gallery-1\"><img loading=\"lazy\" decoding=\"async\" width=\"150\" height=\"150\" src=\"https:\/\/www.arquimaster.com.ar\/web\/wp-content\/uploads\/2020\/06\/casa_aeberhard7-150x150.jpg\" class=\"attachment-thumbnail size-thumbnail\" alt=\"\" aria-describedby=\"gallery-1-56829\" \/><\/a>\n\t\t\t<\/div>\n\t\t\t\t<figcaption class='wp-caption-text gallery-caption' id='gallery-1-56829'>\n\t\t\t\tCasa Aeberhard \/ Estudio Persoglia (\u00a9 Maxi Foletto)\n\t\t\t\t<\/figcaption><\/figure><figure class='gallery-item'>\n\t\t\t<div class='gallery-icon landscape'>\n\t\t\t\t<a href='https:\/\/www.arquimaster.com.ar\/web\/wp-content\/uploads\/2020\/06\/casa_aeberhard8.jpg' title=\"Casa Aeberhard \/ Estudio Persoglia (\u00a9 Maxi Foletto)\" data-rl_title=\"Casa Aeberhard \/ Estudio Persoglia (\u00a9 Maxi Foletto)\" class=\"rl-gallery-link\" data-rl_caption=\"Casa Aeberhard \/ Estudio Persoglia (\u00a9 Maxi Foletto)\" data-rel=\"lightbox-gallery-1\"><img loading=\"lazy\" decoding=\"async\" width=\"150\" height=\"150\" src=\"https:\/\/www.arquimaster.com.ar\/web\/wp-content\/uploads\/2020\/06\/casa_aeberhard8-150x150.jpg\" class=\"attachment-thumbnail size-thumbnail\" alt=\"\" aria-describedby=\"gallery-1-56830\" \/><\/a>\n\t\t\t<\/div>\n\t\t\t\t<figcaption class='wp-caption-text gallery-caption' id='gallery-1-56830'>\n\t\t\t\tCasa Aeberhard \/ Estudio Persoglia (\u00a9 Maxi Foletto)\n\t\t\t\t<\/figcaption><\/figure><figure class='gallery-item'>\n\t\t\t<div class='gallery-icon landscape'>\n\t\t\t\t<a href='https:\/\/www.arquimaster.com.ar\/web\/wp-content\/uploads\/2020\/06\/casa_aeberhard9.jpg' title=\"Casa Aeberhard \/ Estudio Persoglia (\u00a9 Maxi Foletto)\" data-rl_title=\"Casa Aeberhard \/ Estudio Persoglia (\u00a9 Maxi Foletto)\" class=\"rl-gallery-link\" data-rl_caption=\"Casa Aeberhard \/ Estudio Persoglia (\u00a9 Maxi Foletto)\" data-rel=\"lightbox-gallery-1\"><img loading=\"lazy\" decoding=\"async\" width=\"150\" height=\"150\" src=\"https:\/\/www.arquimaster.com.ar\/web\/wp-content\/uploads\/2020\/06\/casa_aeberhard9-150x150.jpg\" class=\"attachment-thumbnail size-thumbnail\" alt=\"\" aria-describedby=\"gallery-1-56831\" \/><\/a>\n\t\t\t<\/div>\n\t\t\t\t<figcaption class='wp-caption-text gallery-caption' id='gallery-1-56831'>\n\t\t\t\tCasa Aeberhard \/ Estudio Persoglia (\u00a9 Maxi Foletto)\n\t\t\t\t<\/figcaption><\/figure><figure class='gallery-item'>\n\t\t\t<div class='gallery-icon landscape'>\n\t\t\t\t<a href='https:\/\/www.arquimaster.com.ar\/web\/wp-content\/uploads\/2020\/06\/casa_aeberhard10.jpg' title=\"Casa Aeberhard \/ Estudio Persoglia (\u00a9 Maxi Foletto)\" data-rl_title=\"Casa Aeberhard \/ Estudio Persoglia (\u00a9 Maxi Foletto)\" class=\"rl-gallery-link\" data-rl_caption=\"Casa Aeberhard \/ Estudio Persoglia (\u00a9 Maxi Foletto)\" data-rel=\"lightbox-gallery-1\"><img loading=\"lazy\" decoding=\"async\" width=\"150\" height=\"150\" src=\"https:\/\/www.arquimaster.com.ar\/web\/wp-content\/uploads\/2020\/06\/casa_aeberhard10-150x150.jpg\" class=\"attachment-thumbnail size-thumbnail\" alt=\"\" aria-describedby=\"gallery-1-56832\" \/><\/a>\n\t\t\t<\/div>\n\t\t\t\t<figcaption class='wp-caption-text gallery-caption' id='gallery-1-56832'>\n\t\t\t\tCasa Aeberhard \/ Estudio Persoglia (\u00a9 Maxi Foletto)\n\t\t\t\t<\/figcaption><\/figure><figure class='gallery-item'>\n\t\t\t<div class='gallery-icon landscape'>\n\t\t\t\t<a href='https:\/\/www.arquimaster.com.ar\/web\/wp-content\/uploads\/2020\/06\/casa_aeberhard11.jpg' title=\"Casa Aeberhard \/ Estudio Persoglia (\u00a9 Maxi Foletto)\" data-rl_title=\"Casa Aeberhard \/ Estudio Persoglia (\u00a9 Maxi Foletto)\" class=\"rl-gallery-link\" data-rl_caption=\"Casa Aeberhard \/ Estudio Persoglia (\u00a9 Maxi Foletto)\" data-rel=\"lightbox-gallery-1\"><img loading=\"lazy\" decoding=\"async\" width=\"150\" height=\"150\" src=\"https:\/\/www.arquimaster.com.ar\/web\/wp-content\/uploads\/2020\/06\/casa_aeberhard11-150x150.jpg\" class=\"attachment-thumbnail size-thumbnail\" alt=\"\" aria-describedby=\"gallery-1-56833\" \/><\/a>\n\t\t\t<\/div>\n\t\t\t\t<figcaption class='wp-caption-text gallery-caption' id='gallery-1-56833'>\n\t\t\t\tCasa Aeberhard \/ Estudio Persoglia (\u00a9 Maxi Foletto)\n\t\t\t\t<\/figcaption><\/figure><figure class='gallery-item'>\n\t\t\t<div class='gallery-icon landscape'>\n\t\t\t\t<a href='https:\/\/www.arquimaster.com.ar\/web\/wp-content\/uploads\/2020\/06\/casa_aeberhard12.jpg' title=\"Casa Aeberhard \/ Estudio Persoglia (\u00a9 Maxi Foletto)\" data-rl_title=\"Casa Aeberhard \/ Estudio Persoglia (\u00a9 Maxi Foletto)\" class=\"rl-gallery-link\" data-rl_caption=\"Casa Aeberhard \/ Estudio Persoglia (\u00a9 Maxi Foletto)\" data-rel=\"lightbox-gallery-1\"><img loading=\"lazy\" decoding=\"async\" width=\"150\" height=\"150\" src=\"https:\/\/www.arquimaster.com.ar\/web\/wp-content\/uploads\/2020\/06\/casa_aeberhard12-150x150.jpg\" class=\"attachment-thumbnail size-thumbnail\" alt=\"\" aria-describedby=\"gallery-1-56834\" \/><\/a>\n\t\t\t<\/div>\n\t\t\t\t<figcaption class='wp-caption-text gallery-caption' id='gallery-1-56834'>\n\t\t\t\tCasa Aeberhard \/ Estudio Persoglia (\u00a9 Maxi Foletto)\n\t\t\t\t<\/figcaption><\/figure><figure class='gallery-item'>\n\t\t\t<div class='gallery-icon landscape'>\n\t\t\t\t<a href='https:\/\/www.arquimaster.com.ar\/web\/wp-content\/uploads\/2020\/06\/casa_aeberhard13.jpg' title=\"Casa Aeberhard \/ Estudio Persoglia (\u00a9 Maxi Foletto)\" data-rl_title=\"Casa Aeberhard \/ Estudio Persoglia (\u00a9 Maxi Foletto)\" class=\"rl-gallery-link\" data-rl_caption=\"Casa Aeberhard \/ Estudio Persoglia (\u00a9 Maxi Foletto)\" data-rel=\"lightbox-gallery-1\"><img loading=\"lazy\" decoding=\"async\" width=\"150\" height=\"150\" src=\"https:\/\/www.arquimaster.com.ar\/web\/wp-content\/uploads\/2020\/06\/casa_aeberhard13-150x150.jpg\" class=\"attachment-thumbnail size-thumbnail\" alt=\"\" aria-describedby=\"gallery-1-56835\" \/><\/a>\n\t\t\t<\/div>\n\t\t\t\t<figcaption class='wp-caption-text gallery-caption' id='gallery-1-56835'>\n\t\t\t\tCasa Aeberhard \/ Estudio Persoglia (\u00a9 Maxi Foletto)\n\t\t\t\t<\/figcaption><\/figure><figure class='gallery-item'>\n\t\t\t<div class='gallery-icon landscape'>\n\t\t\t\t<a href='https:\/\/www.arquimaster.com.ar\/web\/wp-content\/uploads\/2020\/06\/casa_aeberhard14.jpg' title=\"Casa Aeberhard \/ Estudio Persoglia (implantacion)\" data-rl_title=\"Casa Aeberhard \/ Estudio Persoglia (implantacion)\" class=\"rl-gallery-link\" data-rl_caption=\"Casa Aeberhard \/ Estudio Persoglia (implantacion)\" data-rel=\"lightbox-gallery-1\"><img loading=\"lazy\" decoding=\"async\" width=\"150\" height=\"150\" src=\"https:\/\/www.arquimaster.com.ar\/web\/wp-content\/uploads\/2020\/06\/casa_aeberhard14-150x150.jpg\" class=\"attachment-thumbnail size-thumbnail\" alt=\"\" aria-describedby=\"gallery-1-56836\" \/><\/a>\n\t\t\t<\/div>\n\t\t\t\t<figcaption class='wp-caption-text gallery-caption' id='gallery-1-56836'>\n\t\t\t\tCasa Aeberhard \/ Estudio Persoglia (implantacion)\n\t\t\t\t<\/figcaption><\/figure><figure class='gallery-item'>\n\t\t\t<div class='gallery-icon landscape'>\n\t\t\t\t<a href='https:\/\/www.arquimaster.com.ar\/web\/wp-content\/uploads\/2020\/06\/casa_aeberhard15.jpg' title=\"Casa Aeberhard \/ Estudio Persoglia (planta baja)\" data-rl_title=\"Casa Aeberhard \/ Estudio Persoglia (planta baja)\" class=\"rl-gallery-link\" data-rl_caption=\"Casa Aeberhard \/ Estudio Persoglia (planta baja)\" data-rel=\"lightbox-gallery-1\"><img loading=\"lazy\" decoding=\"async\" width=\"150\" height=\"150\" src=\"https:\/\/www.arquimaster.com.ar\/web\/wp-content\/uploads\/2020\/06\/casa_aeberhard15-150x150.jpg\" class=\"attachment-thumbnail size-thumbnail\" alt=\"\" aria-describedby=\"gallery-1-56837\" \/><\/a>\n\t\t\t<\/div>\n\t\t\t\t<figcaption class='wp-caption-text gallery-caption' id='gallery-1-56837'>\n\t\t\t\tCasa Aeberhard \/ Estudio Persoglia (planta baja)\n\t\t\t\t<\/figcaption><\/figure><figure class='gallery-item'>\n\t\t\t<div class='gallery-icon landscape'>\n\t\t\t\t<a href='https:\/\/www.arquimaster.com.ar\/web\/wp-content\/uploads\/2020\/06\/casa_aeberhard16.jpg' title=\"Casa Aeberhard \/ Estudio Persoglia (planta techos)\" data-rl_title=\"Casa Aeberhard \/ Estudio Persoglia (planta techos)\" class=\"rl-gallery-link\" data-rl_caption=\"Casa Aeberhard \/ Estudio Persoglia (planta techos)\" data-rel=\"lightbox-gallery-1\"><img loading=\"lazy\" decoding=\"async\" width=\"150\" height=\"150\" src=\"https:\/\/www.arquimaster.com.ar\/web\/wp-content\/uploads\/2020\/06\/casa_aeberhard16-150x150.jpg\" class=\"attachment-thumbnail size-thumbnail\" alt=\"\" aria-describedby=\"gallery-1-56838\" \/><\/a>\n\t\t\t<\/div>\n\t\t\t\t<figcaption class='wp-caption-text gallery-caption' id='gallery-1-56838'>\n\t\t\t\tCasa Aeberhard \/ Estudio Persoglia (planta techos)\n\t\t\t\t<\/figcaption><\/figure><figure class='gallery-item'>\n\t\t\t<div class='gallery-icon landscape'>\n\t\t\t\t<a href='https:\/\/www.arquimaster.com.ar\/web\/wp-content\/uploads\/2020\/06\/casa_aeberhard17.jpg' title=\"Casa Aeberhard \/ Estudio Persoglia (corte)\" data-rl_title=\"Casa Aeberhard \/ Estudio Persoglia (corte)\" class=\"rl-gallery-link\" data-rl_caption=\"Casa Aeberhard \/ Estudio Persoglia (corte)\" data-rel=\"lightbox-gallery-1\"><img loading=\"lazy\" decoding=\"async\" width=\"150\" height=\"150\" src=\"https:\/\/www.arquimaster.com.ar\/web\/wp-content\/uploads\/2020\/06\/casa_aeberhard17-150x150.jpg\" class=\"attachment-thumbnail size-thumbnail\" alt=\"\" aria-describedby=\"gallery-1-56839\" \/><\/a>\n\t\t\t<\/div>\n\t\t\t\t<figcaption class='wp-caption-text gallery-caption' id='gallery-1-56839'>\n\t\t\t\tCasa Aeberhard \/ Estudio Persoglia (corte)\n\t\t\t\t<\/figcaption><\/figure><figure class='gallery-item'>\n\t\t\t<div class='gallery-icon landscape'>\n\t\t\t\t<a href='https:\/\/www.arquimaster.com.ar\/web\/wp-content\/uploads\/2020\/06\/casa_aeberhard18.jpg' title=\"Casa Aeberhard \/ Estudio Persoglia (corte)\" data-rl_title=\"Casa Aeberhard \/ Estudio Persoglia (corte)\" class=\"rl-gallery-link\" data-rl_caption=\"Casa Aeberhard \/ Estudio Persoglia (corte)\" data-rel=\"lightbox-gallery-1\"><img loading=\"lazy\" decoding=\"async\" width=\"150\" height=\"150\" src=\"https:\/\/www.arquimaster.com.ar\/web\/wp-content\/uploads\/2020\/06\/casa_aeberhard18-150x150.jpg\" class=\"attachment-thumbnail size-thumbnail\" alt=\"\" aria-describedby=\"gallery-1-56840\" \/><\/a>\n\t\t\t<\/div>\n\t\t\t\t<figcaption class='wp-caption-text gallery-caption' id='gallery-1-56840'>\n\t\t\t\tCasa Aeberhard \/ Estudio Persoglia (corte)\n\t\t\t\t<\/figcaption><\/figure><figure class='gallery-item'>\n\t\t\t<div class='gallery-icon landscape'>\n\t\t\t\t<a href='https:\/\/www.arquimaster.com.ar\/web\/wp-content\/uploads\/2020\/06\/casa_aeberhard19.jpg' title=\"Casa Aeberhard \/ Estudio Persoglia (vista frontal)\" data-rl_title=\"Casa Aeberhard \/ Estudio Persoglia (vista frontal)\" class=\"rl-gallery-link\" data-rl_caption=\"Casa Aeberhard \/ Estudio Persoglia (vista frontal)\" data-rel=\"lightbox-gallery-1\"><img loading=\"lazy\" decoding=\"async\" width=\"150\" height=\"150\" src=\"https:\/\/www.arquimaster.com.ar\/web\/wp-content\/uploads\/2020\/06\/casa_aeberhard19-150x150.jpg\" class=\"attachment-thumbnail size-thumbnail\" alt=\"\" aria-describedby=\"gallery-1-56841\" \/><\/a>\n\t\t\t<\/div>\n\t\t\t\t<figcaption class='wp-caption-text gallery-caption' id='gallery-1-56841'>\n\t\t\t\tCasa Aeberhard \/ Estudio Persoglia (vista frontal)\n\t\t\t\t<\/figcaption><\/figure><figure class='gallery-item'>\n\t\t\t<div class='gallery-icon landscape'>\n\t\t\t\t<a href='https:\/\/www.arquimaster.com.ar\/web\/wp-content\/uploads\/2020\/06\/casa_aeberhard20.jpg' title=\"Casa Aeberhard \/ Estudio Persoglia (vista posterior)\" data-rl_title=\"Casa Aeberhard \/ Estudio Persoglia (vista posterior)\" class=\"rl-gallery-link\" data-rl_caption=\"Casa Aeberhard \/ Estudio Persoglia (vista posterior)\" data-rel=\"lightbox-gallery-1\"><img loading=\"lazy\" decoding=\"async\" width=\"150\" height=\"150\" src=\"https:\/\/www.arquimaster.com.ar\/web\/wp-content\/uploads\/2020\/06\/casa_aeberhard20-150x150.jpg\" class=\"attachment-thumbnail size-thumbnail\" alt=\"\" aria-describedby=\"gallery-1-56842\" \/><\/a>\n\t\t\t<\/div>\n\t\t\t\t<figcaption class='wp-caption-text gallery-caption' id='gallery-1-56842'>\n\t\t\t\tCasa Aeberhard \/ Estudio Persoglia (vista posterior)\n\t\t\t\t<\/figcaption><\/figure><figure class='gallery-item'>\n\t\t\t<div class='gallery-icon landscape'>\n\t\t\t\t<a href='https:\/\/www.arquimaster.com.ar\/web\/wp-content\/uploads\/2020\/06\/casa_aeberhard21.jpg' title=\"Casa Aeberhard \/ Estudio Persoglia (vista lateral izquierda)\" data-rl_title=\"Casa Aeberhard \/ Estudio Persoglia (vista lateral izquierda)\" class=\"rl-gallery-link\" data-rl_caption=\"Casa Aeberhard \/ Estudio Persoglia (vista lateral izquierda)\" data-rel=\"lightbox-gallery-1\"><img loading=\"lazy\" decoding=\"async\" width=\"150\" height=\"150\" src=\"https:\/\/www.arquimaster.com.ar\/web\/wp-content\/uploads\/2020\/06\/casa_aeberhard21-150x150.jpg\" class=\"attachment-thumbnail size-thumbnail\" alt=\"\" aria-describedby=\"gallery-1-56844\" \/><\/a>\n\t\t\t<\/div>\n\t\t\t\t<figcaption class='wp-caption-text gallery-caption' id='gallery-1-56844'>\n\t\t\t\tCasa Aeberhard \/ Estudio Persoglia (vista lateral izquierda)\n\t\t\t\t<\/figcaption><\/figure>\n\t\t<\/div>\n\n<p>El lote, con dimensiones de 16 por 32 metros tiene caracter\u00edsticas poco habituales. Se asemeja a un lote urbano en esquina, cuyos dos de sus lados quedaban expuestos al sector p\u00fablico, aunque en este caso, solo el lado menor se conecta con la calle, mientras que el lado mayor linda a los terrenos pertenecientes al club, donde se localiza el espacio com\u00fan a todos los consorcistas, generado por el sector administrativo, recreativo y deportivo.<\/p>\n<p>El ingreso al Club Nautico Ubajay tambi\u00e9n se inicia sobre este espacio central, y su recorrido hacia el ala este se desarrolla a trav\u00e9s de una calle curvil\u00ednea, situaci\u00f3n que expone a\u00fan m\u00e1s el recorrido visual sobre el lateral del lote intervenido. A pesar de poseer las caracter\u00edsticas de barrio privado, estas condiciones particulares ponen con mayor enfasis las tensiones entre lo abierto y lo cerrado, amenazando la p\u00e9rdida de privacidad.<\/p>\n<p>Es la complejidad de este contexto, el generador de pautas que determin\u00f3 una adecuada apropiaci\u00f3n sobre el terreno, pero fue el sistema constructivo en conjunto con una idea conceptual propia basada en los \u00absistemas mecanicos\u00bb la que determin\u00f3 la g\u00e9nesis morfol\u00f3gica.<\/p>\n<p>Como resultado, el proyecto se emplaza sobre su lado mayor, siendo su cara m\u00e1s visible, la que aporta imagen y car\u00e1cter hacia el espacio central del club, pero a su vez genera una barrera entre el espacio p\u00fablico y el privado, brindando mayor privacidad a la vivienda.<\/p>\n<p>En cuanto a la configuraci\u00f3n de los espacios, se desarrolla sobre esta forma lineal, el bloque de habitar principal, ubicando los dormitorios al frente y el living-comedor hacia atr\u00e1s, de manera que el espacio m\u00e1s social quede en el centro del terreno, generando m\u00e1s privacidad y logrando articular los espacios semiabiertos (quincho y galerias) y los abiertos (patios delantero y trasero).<\/p>\n<p>Los bloques de funciones complementarias, como los ba\u00f1os, cocina-lavadero y dep\u00f3sitos, se anexan a los bloques principales, como si fueran elementos de un sistema.<\/p>\n<p>En lo que respecta a su morfolog\u00eda, cada parte, cada bloque, deb\u00eda manifestar jerarqu\u00edas y expresar su funci\u00f3n, pero sobre el conjunto, esas partes deb\u00edan expresa correlaciones entre las otras, es decir formar una coherencia en el todo.<\/p>\n<p>Otro factor determinante, fue el sistema constructivo adoptado. Este sistema constructivo industrializado, basado en la construcci\u00f3n en seco, realizado con m\u00f3dulos de placas de hormig\u00f3n armado de 60 cm de ancho por 240 cm de alto, que se ensamblan unos a otros, han dejado su marca en las dimensiones y proporciones.<\/p>\n<p>Respecto a la materialidad, tambi\u00e9n se parti\u00f3 del concepto utilizado, en donde bloques principales con bloques complementarios, generan un todo fragmentado pero armonioso, y los materiales, texturas y colores acompa\u00f1an y refuerzan esta idea.<\/p>\n<p>En base a esta idea y en su dise\u00f1o original, se opt\u00f3 por aprovechar la expresi\u00f3n del material en su estado natural de las placas de hormig\u00f3n visto para el bloque principal, mientras que en los bloques complementarios se les aplico un revestimiento texturado color blanco, y para los elementos generales se utiliz\u00f3 el color negro.<\/p>\n<p>Esta elecci\u00f3n, combinando el blanco, gris y negro, permite resaltar la unidad arquitect\u00f3nica en contraste con el entorno natural. Es menester aclarar que al tiempo de finalizaci\u00f3n de la obra, por iniciativa del comitente, se reemplaz\u00f3 el hormig\u00f3n visto por un revestimiento texturado de un color similar.<\/p>\n<p><strong>Ficha tecnica<\/strong><br \/>\nNombre: Casa Aeberhard<br \/>\nUbicaci\u00f3n: Club Nautico Ubajay, San Jose del Rincon, Pcia. de Santa Fe, Argentina<br \/>\nOficina de Arquitectura: Estudio Persoglia<br \/>\nArquitectos a cargo: Federico Persoglia<br \/>\nSuperficie construida: 172 m2<br \/>\nA\u00f1o finalizaci\u00f3n construcci\u00f3n: 2015<br \/>\nFotograf\u00edas: <a href=\"https:\/\/www.facebook.com\/fgm.arq\/\" target=\"_blank\" rel=\"noopener noreferrer\">Maxi Foletto<\/a><\/p>\n<p><strong>Contacto<\/strong><br \/>\n<a href=\"https:\/\/www.instagram.com\/estudiopersoglia\/\" target=\"_blank\" rel=\"noopener noreferrer\">https:\/\/www.instagram.com\/estudiopersoglia\/<\/a><\/p>\n\n<div style=\"font-size: 0px; height: 0px; line-height: 0px; margin: 0; padding: 0; clear: both;\"><\/div><div style=\"margin-top: 0px; margin-bottom: 0px;\" class=\"sharethis-inline-share-buttons\" ><\/div>","protected":false},"excerpt":{"rendered":"<p>Vivienda de uso temporal, con espacios m\u00ednimos necesarios para residir los fines de semana&#8230;<\/p>\n","protected":false},"author":1,"featured_media":56822,"comment_status":"closed","ping_status":"closed","sticky":false,"template":"","format":"standard","meta":{"_uag_custom_page_level_css":"","footnotes":""},"categories":[1,251],"tags":[2157,2156,847,6099,6097,6098,6100,29],"class_list":["post-56821","post","type-post","status-publish","format-standard","has-post-thumbnail","hentry","category-proyecto","category-casas-de-playa","tag-casa-de-descanso","tag-casa-de-fin-de-semana","tag-casa-en-barrio-cerrado","tag-club-nautico-ubajay","tag-estudio-persoglia","tag-federico-persoglia","tag-san-jose-del-rincon","tag-santa-fe","generate-columns","tablet-grid-50","mobile-grid-100","grid-parent","grid-50"],"yoast_head":"<!-- This site is optimized with the Yoast SEO plugin v27.3 - https:\/\/yoast.com\/product\/yoast-seo-wordpress\/ -->\n<title>Casa Aeberhard \/ Estudio Persoglia - Arquimaster<\/title>\n<meta name=\"description\" content=\"Vivienda de uso temporal, con espacios m\u00ednimos necesarios para residir los fines de semana y para realizar eventos familiares.\" \/>\n<meta name=\"robots\" content=\"index, follow, max-snippet:-1, max-image-preview:large, max-video-preview:-1\" \/>\n<link rel=\"canonical\" href=\"https:\/\/www.arquimaster.com.ar\/web\/casa-aeberhard-estudio-persoglia\/\" \/>\n<meta property=\"og:locale\" content=\"es_ES\" \/>\n<meta property=\"og:type\" content=\"article\" \/>\n<meta property=\"og:title\" content=\"Casa Aeberhard \/ Estudio Persoglia\" \/>\n<meta property=\"og:description\" content=\"Vivienda de uso temporal, con espacios m\u00ednimos necesarios para residir los fines de semana y para realizar eventos familiares.\" \/>\n<meta property=\"og:url\" content=\"https:\/\/www.arquimaster.com.ar\/web\/casa-aeberhard-estudio-persoglia\/\" \/>\n<meta property=\"og:site_name\" content=\"Arquimaster\" \/>\n<meta property=\"article:publisher\" content=\"http:\/\/www.facebook.com\/ARQUIMASTER.com.ar\" \/>\n<meta property=\"article:published_time\" content=\"2020-06-26T20:10:15+00:00\" \/>\n<meta property=\"article:modified_time\" content=\"2020-06-30T19:19:37+00:00\" \/>\n<meta property=\"og:image\" content=\"https:\/\/www.arquimaster.com.ar\/web\/wp-content\/uploads\/2020\/06\/casa_aeberhard_slide.jpg\" \/>\n\t<meta property=\"og:image:width\" content=\"698\" \/>\n\t<meta property=\"og:image:height\" content=\"364\" \/>\n\t<meta property=\"og:image:type\" content=\"image\/jpeg\" \/>\n<meta name=\"author\" content=\"Arquimaster\" \/>\n<meta name=\"twitter:card\" content=\"summary_large_image\" \/>\n<meta name=\"twitter:title\" content=\"Casa Aeberhard \/ Estudio Persoglia\" \/>\n<meta name=\"twitter:description\" content=\"Vivienda de uso temporal, con espacios m\u00ednimos necesarios para residir los fines de semana y para realizar eventos familiares.\" \/>\n<meta name=\"twitter:image\" content=\"https:\/\/www.arquimaster.com.ar\/web\/wp-content\/uploads\/2020\/06\/casa_aeberhard_slide.jpg\" \/>\n<meta name=\"twitter:creator\" content=\"@arquimaster\" \/>\n<meta name=\"twitter:site\" content=\"@arquimaster\" \/>\n<meta name=\"twitter:label1\" content=\"Escrito por\" \/>\n\t<meta name=\"twitter:data1\" content=\"Arquimaster\" \/>\n\t<meta name=\"twitter:label2\" content=\"Tiempo de lectura\" \/>\n\t<meta name=\"twitter:data2\" content=\"4 minutos\" \/>\n<script type=\"application\/ld+json\" class=\"yoast-schema-graph\">{\"@context\":\"https:\\\/\\\/schema.org\",\"@graph\":[{\"@type\":\"Article\",\"@id\":\"https:\\\/\\\/www.arquimaster.com.ar\\\/web\\\/casa-aeberhard-estudio-persoglia\\\/#article\",\"isPartOf\":{\"@id\":\"https:\\\/\\\/www.arquimaster.com.ar\\\/web\\\/casa-aeberhard-estudio-persoglia\\\/\"},\"author\":{\"name\":\"Arquimaster\",\"@id\":\"https:\\\/\\\/www.arquimaster.com.ar\\\/web\\\/#\\\/schema\\\/person\\\/359e9f7c00193fcde068e0dd2ceb0028\"},\"headline\":\"Casa Aeberhard \\\/ Estudio Persoglia\",\"datePublished\":\"2020-06-26T20:10:15+00:00\",\"dateModified\":\"2020-06-30T19:19:37+00:00\",\"mainEntityOfPage\":{\"@id\":\"https:\\\/\\\/www.arquimaster.com.ar\\\/web\\\/casa-aeberhard-estudio-persoglia\\\/\"},\"wordCount\":721,\"publisher\":{\"@id\":\"https:\\\/\\\/www.arquimaster.com.ar\\\/web\\\/#organization\"},\"image\":{\"@id\":\"https:\\\/\\\/www.arquimaster.com.ar\\\/web\\\/casa-aeberhard-estudio-persoglia\\\/#primaryimage\"},\"thumbnailUrl\":\"https:\\\/\\\/www.arquimaster.com.ar\\\/web\\\/wp-content\\\/uploads\\\/2020\\\/06\\\/casa_aeberhard_slide.jpg\",\"keywords\":[\"casa de descanso\",\"casa de fin de semana\",\"casa en barrio cerrado\",\"Club Nautico Ubajay\",\"Estudio Persoglia\",\"Federico Persoglia\",\"San Jose del Rincon\",\"Santa Fe\"],\"articleSection\":[\"Proyecto\",\"Vivienda no permanente\"],\"inLanguage\":\"es\"},{\"@type\":\"WebPage\",\"@id\":\"https:\\\/\\\/www.arquimaster.com.ar\\\/web\\\/casa-aeberhard-estudio-persoglia\\\/\",\"url\":\"https:\\\/\\\/www.arquimaster.com.ar\\\/web\\\/casa-aeberhard-estudio-persoglia\\\/\",\"name\":\"Casa Aeberhard \\\/ Estudio Persoglia - Arquimaster\",\"isPartOf\":{\"@id\":\"https:\\\/\\\/www.arquimaster.com.ar\\\/web\\\/#website\"},\"primaryImageOfPage\":{\"@id\":\"https:\\\/\\\/www.arquimaster.com.ar\\\/web\\\/casa-aeberhard-estudio-persoglia\\\/#primaryimage\"},\"image\":{\"@id\":\"https:\\\/\\\/www.arquimaster.com.ar\\\/web\\\/casa-aeberhard-estudio-persoglia\\\/#primaryimage\"},\"thumbnailUrl\":\"https:\\\/\\\/www.arquimaster.com.ar\\\/web\\\/wp-content\\\/uploads\\\/2020\\\/06\\\/casa_aeberhard_slide.jpg\",\"datePublished\":\"2020-06-26T20:10:15+00:00\",\"dateModified\":\"2020-06-30T19:19:37+00:00\",\"description\":\"Vivienda de uso temporal, con espacios m\u00ednimos necesarios para residir los fines de semana y para realizar eventos familiares.\",\"breadcrumb\":{\"@id\":\"https:\\\/\\\/www.arquimaster.com.ar\\\/web\\\/casa-aeberhard-estudio-persoglia\\\/#breadcrumb\"},\"inLanguage\":\"es\",\"potentialAction\":[{\"@type\":\"ReadAction\",\"target\":[\"https:\\\/\\\/www.arquimaster.com.ar\\\/web\\\/casa-aeberhard-estudio-persoglia\\\/\"]}]},{\"@type\":\"ImageObject\",\"inLanguage\":\"es\",\"@id\":\"https:\\\/\\\/www.arquimaster.com.ar\\\/web\\\/casa-aeberhard-estudio-persoglia\\\/#primaryimage\",\"url\":\"https:\\\/\\\/www.arquimaster.com.ar\\\/web\\\/wp-content\\\/uploads\\\/2020\\\/06\\\/casa_aeberhard_slide.jpg\",\"contentUrl\":\"https:\\\/\\\/www.arquimaster.com.ar\\\/web\\\/wp-content\\\/uploads\\\/2020\\\/06\\\/casa_aeberhard_slide.jpg\",\"width\":698,\"height\":364},{\"@type\":\"BreadcrumbList\",\"@id\":\"https:\\\/\\\/www.arquimaster.com.ar\\\/web\\\/casa-aeberhard-estudio-persoglia\\\/#breadcrumb\",\"itemListElement\":[{\"@type\":\"ListItem\",\"position\":1,\"name\":\"Portada\",\"item\":\"https:\\\/\\\/www.arquimaster.com.ar\\\/web\\\/\"},{\"@type\":\"ListItem\",\"position\":2,\"name\":\"Casa Aeberhard \\\/ Estudio Persoglia\"}]},{\"@type\":\"WebSite\",\"@id\":\"https:\\\/\\\/www.arquimaster.com.ar\\\/web\\\/#website\",\"url\":\"https:\\\/\\\/www.arquimaster.com.ar\\\/web\\\/\",\"name\":\"Arquimaster\",\"description\":\"Web de arquitectura, dise\u00f1o y construccion\",\"publisher\":{\"@id\":\"https:\\\/\\\/www.arquimaster.com.ar\\\/web\\\/#organization\"},\"potentialAction\":[{\"@type\":\"SearchAction\",\"target\":{\"@type\":\"EntryPoint\",\"urlTemplate\":\"https:\\\/\\\/www.arquimaster.com.ar\\\/web\\\/?s={search_term_string}\"},\"query-input\":{\"@type\":\"PropertyValueSpecification\",\"valueRequired\":true,\"valueName\":\"search_term_string\"}}],\"inLanguage\":\"es\"},{\"@type\":\"Organization\",\"@id\":\"https:\\\/\\\/www.arquimaster.com.ar\\\/web\\\/#organization\",\"name\":\"Arquimaster\",\"url\":\"https:\\\/\\\/www.arquimaster.com.ar\\\/web\\\/\",\"logo\":{\"@type\":\"ImageObject\",\"inLanguage\":\"es\",\"@id\":\"https:\\\/\\\/www.arquimaster.com.ar\\\/web\\\/#\\\/schema\\\/logo\\\/image\\\/\",\"url\":\"https:\\\/\\\/www.arquimaster.com.ar\\\/web\\\/wp-content\\\/uploads\\\/2022\\\/06\\\/arquimaster.png\",\"contentUrl\":\"https:\\\/\\\/www.arquimaster.com.ar\\\/web\\\/wp-content\\\/uploads\\\/2022\\\/06\\\/arquimaster.png\",\"width\":594,\"height\":78,\"caption\":\"Arquimaster\"},\"image\":{\"@id\":\"https:\\\/\\\/www.arquimaster.com.ar\\\/web\\\/#\\\/schema\\\/logo\\\/image\\\/\"},\"sameAs\":[\"http:\\\/\\\/www.facebook.com\\\/ARQUIMASTER.com.ar\",\"https:\\\/\\\/x.com\\\/arquimaster\",\"https:\\\/\\\/www.instagram.com\\\/arquimasterblog\\\/\",\"https:\\\/\\\/www.linkedin.com\\\/company\\\/arquimaster\",\"https:\\\/\\\/www.pinterest.com\\\/arquimaster\",\"https:\\\/\\\/t.me\\\/arquimaster\"]},{\"@type\":\"Person\",\"@id\":\"https:\\\/\\\/www.arquimaster.com.ar\\\/web\\\/#\\\/schema\\\/person\\\/359e9f7c00193fcde068e0dd2ceb0028\",\"name\":\"Arquimaster\"}]}<\/script>\n<!-- \/ Yoast SEO plugin. -->","yoast_head_json":{"title":"Casa Aeberhard \/ Estudio Persoglia - Arquimaster","description":"Vivienda de uso temporal, con espacios m\u00ednimos necesarios para residir los fines de semana y para realizar eventos familiares.","robots":{"index":"index","follow":"follow","max-snippet":"max-snippet:-1","max-image-preview":"max-image-preview:large","max-video-preview":"max-video-preview:-1"},"canonical":"https:\/\/www.arquimaster.com.ar\/web\/casa-aeberhard-estudio-persoglia\/","og_locale":"es_ES","og_type":"article","og_title":"Casa Aeberhard \/ Estudio Persoglia","og_description":"Vivienda de uso temporal, con espacios m\u00ednimos necesarios para residir los fines de semana y para realizar eventos familiares.","og_url":"https:\/\/www.arquimaster.com.ar\/web\/casa-aeberhard-estudio-persoglia\/","og_site_name":"Arquimaster","article_publisher":"http:\/\/www.facebook.com\/ARQUIMASTER.com.ar","article_published_time":"2020-06-26T20:10:15+00:00","article_modified_time":"2020-06-30T19:19:37+00:00","og_image":[{"width":698,"height":364,"url":"https:\/\/www.arquimaster.com.ar\/web\/wp-content\/uploads\/2020\/06\/casa_aeberhard_slide.jpg","type":"image\/jpeg"}],"author":"Arquimaster","twitter_card":"summary_large_image","twitter_title":"Casa Aeberhard \/ Estudio Persoglia","twitter_description":"Vivienda de uso temporal, con espacios m\u00ednimos necesarios para residir los fines de semana y para realizar eventos familiares.","twitter_image":"https:\/\/www.arquimaster.com.ar\/web\/wp-content\/uploads\/2020\/06\/casa_aeberhard_slide.jpg","twitter_creator":"@arquimaster","twitter_site":"@arquimaster","twitter_misc":{"Escrito por":"Arquimaster","Tiempo de lectura":"4 minutos"},"schema":{"@context":"https:\/\/schema.org","@graph":[{"@type":"Article","@id":"https:\/\/www.arquimaster.com.ar\/web\/casa-aeberhard-estudio-persoglia\/#article","isPartOf":{"@id":"https:\/\/www.arquimaster.com.ar\/web\/casa-aeberhard-estudio-persoglia\/"},"author":{"name":"Arquimaster","@id":"https:\/\/www.arquimaster.com.ar\/web\/#\/schema\/person\/359e9f7c00193fcde068e0dd2ceb0028"},"headline":"Casa Aeberhard \/ Estudio Persoglia","datePublished":"2020-06-26T20:10:15+00:00","dateModified":"2020-06-30T19:19:37+00:00","mainEntityOfPage":{"@id":"https:\/\/www.arquimaster.com.ar\/web\/casa-aeberhard-estudio-persoglia\/"},"wordCount":721,"publisher":{"@id":"https:\/\/www.arquimaster.com.ar\/web\/#organization"},"image":{"@id":"https:\/\/www.arquimaster.com.ar\/web\/casa-aeberhard-estudio-persoglia\/#primaryimage"},"thumbnailUrl":"https:\/\/www.arquimaster.com.ar\/web\/wp-content\/uploads\/2020\/06\/casa_aeberhard_slide.jpg","keywords":["casa de descanso","casa de fin de semana","casa en barrio cerrado","Club Nautico Ubajay","Estudio Persoglia","Federico Persoglia","San Jose del Rincon","Santa Fe"],"articleSection":["Proyecto","Vivienda no permanente"],"inLanguage":"es"},{"@type":"WebPage","@id":"https:\/\/www.arquimaster.com.ar\/web\/casa-aeberhard-estudio-persoglia\/","url":"https:\/\/www.arquimaster.com.ar\/web\/casa-aeberhard-estudio-persoglia\/","name":"Casa Aeberhard \/ Estudio Persoglia - Arquimaster","isPartOf":{"@id":"https:\/\/www.arquimaster.com.ar\/web\/#website"},"primaryImageOfPage":{"@id":"https:\/\/www.arquimaster.com.ar\/web\/casa-aeberhard-estudio-persoglia\/#primaryimage"},"image":{"@id":"https:\/\/www.arquimaster.com.ar\/web\/casa-aeberhard-estudio-persoglia\/#primaryimage"},"thumbnailUrl":"https:\/\/www.arquimaster.com.ar\/web\/wp-content\/uploads\/2020\/06\/casa_aeberhard_slide.jpg","datePublished":"2020-06-26T20:10:15+00:00","dateModified":"2020-06-30T19:19:37+00:00","description":"Vivienda de uso temporal, con espacios m\u00ednimos necesarios para residir los fines de semana y para realizar eventos familiares.","breadcrumb":{"@id":"https:\/\/www.arquimaster.com.ar\/web\/casa-aeberhard-estudio-persoglia\/#breadcrumb"},"inLanguage":"es","potentialAction":[{"@type":"ReadAction","target":["https:\/\/www.arquimaster.com.ar\/web\/casa-aeberhard-estudio-persoglia\/"]}]},{"@type":"ImageObject","inLanguage":"es","@id":"https:\/\/www.arquimaster.com.ar\/web\/casa-aeberhard-estudio-persoglia\/#primaryimage","url":"https:\/\/www.arquimaster.com.ar\/web\/wp-content\/uploads\/2020\/06\/casa_aeberhard_slide.jpg","contentUrl":"https:\/\/www.arquimaster.com.ar\/web\/wp-content\/uploads\/2020\/06\/casa_aeberhard_slide.jpg","width":698,"height":364},{"@type":"BreadcrumbList","@id":"https:\/\/www.arquimaster.com.ar\/web\/casa-aeberhard-estudio-persoglia\/#breadcrumb","itemListElement":[{"@type":"ListItem","position":1,"name":"Portada","item":"https:\/\/www.arquimaster.com.ar\/web\/"},{"@type":"ListItem","position":2,"name":"Casa Aeberhard \/ Estudio Persoglia"}]},{"@type":"WebSite","@id":"https:\/\/www.arquimaster.com.ar\/web\/#website","url":"https:\/\/www.arquimaster.com.ar\/web\/","name":"Arquimaster","description":"Web de arquitectura, dise\u00f1o y construccion","publisher":{"@id":"https:\/\/www.arquimaster.com.ar\/web\/#organization"},"potentialAction":[{"@type":"SearchAction","target":{"@type":"EntryPoint","urlTemplate":"https:\/\/www.arquimaster.com.ar\/web\/?s={search_term_string}"},"query-input":{"@type":"PropertyValueSpecification","valueRequired":true,"valueName":"search_term_string"}}],"inLanguage":"es"},{"@type":"Organization","@id":"https:\/\/www.arquimaster.com.ar\/web\/#organization","name":"Arquimaster","url":"https:\/\/www.arquimaster.com.ar\/web\/","logo":{"@type":"ImageObject","inLanguage":"es","@id":"https:\/\/www.arquimaster.com.ar\/web\/#\/schema\/logo\/image\/","url":"https:\/\/www.arquimaster.com.ar\/web\/wp-content\/uploads\/2022\/06\/arquimaster.png","contentUrl":"https:\/\/www.arquimaster.com.ar\/web\/wp-content\/uploads\/2022\/06\/arquimaster.png","width":594,"height":78,"caption":"Arquimaster"},"image":{"@id":"https:\/\/www.arquimaster.com.ar\/web\/#\/schema\/logo\/image\/"},"sameAs":["http:\/\/www.facebook.com\/ARQUIMASTER.com.ar","https:\/\/x.com\/arquimaster","https:\/\/www.instagram.com\/arquimasterblog\/","https:\/\/www.linkedin.com\/company\/arquimaster","https:\/\/www.pinterest.com\/arquimaster","https:\/\/t.me\/arquimaster"]},{"@type":"Person","@id":"https:\/\/www.arquimaster.com.ar\/web\/#\/schema\/person\/359e9f7c00193fcde068e0dd2ceb0028","name":"Arquimaster"}]}},"uagb_featured_image_src":{"full":["https:\/\/www.arquimaster.com.ar\/web\/wp-content\/uploads\/2020\/06\/casa_aeberhard_slide.jpg",698,364,false],"thumbnail":["https:\/\/www.arquimaster.com.ar\/web\/wp-content\/uploads\/2020\/06\/casa_aeberhard_slide-150x150.jpg",150,150,true],"medium":["https:\/\/www.arquimaster.com.ar\/web\/wp-content\/uploads\/2020\/06\/casa_aeberhard_slide.jpg",698,364,false],"medium_large":["https:\/\/www.arquimaster.com.ar\/web\/wp-content\/uploads\/2020\/06\/casa_aeberhard_slide.jpg",698,364,false],"large":["https:\/\/www.arquimaster.com.ar\/web\/wp-content\/uploads\/2020\/06\/casa_aeberhard_slide.jpg",698,364,false],"1536x1536":["https:\/\/www.arquimaster.com.ar\/web\/wp-content\/uploads\/2020\/06\/casa_aeberhard_slide.jpg",698,364,false],"2048x2048":["https:\/\/www.arquimaster.com.ar\/web\/wp-content\/uploads\/2020\/06\/casa_aeberhard_slide.jpg",698,364,false]},"uagb_author_info":{"display_name":"Arquimaster","author_link":"https:\/\/www.arquimaster.com.ar\/web\/author\/arquimaster\/"},"uagb_comment_info":0,"uagb_excerpt":"Vivienda de uso temporal, con espacios m\u00ednimos necesarios para residir los fines de semana...","_links":{"self":[{"href":"https:\/\/www.arquimaster.com.ar\/web\/wp-json\/wp\/v2\/posts\/56821","targetHints":{"allow":["GET"]}}],"collection":[{"href":"https:\/\/www.arquimaster.com.ar\/web\/wp-json\/wp\/v2\/posts"}],"about":[{"href":"https:\/\/www.arquimaster.com.ar\/web\/wp-json\/wp\/v2\/types\/post"}],"author":[{"embeddable":true,"href":"https:\/\/www.arquimaster.com.ar\/web\/wp-json\/wp\/v2\/users\/1"}],"replies":[{"embeddable":true,"href":"https:\/\/www.arquimaster.com.ar\/web\/wp-json\/wp\/v2\/comments?post=56821"}],"version-history":[{"count":2,"href":"https:\/\/www.arquimaster.com.ar\/web\/wp-json\/wp\/v2\/posts\/56821\/revisions"}],"predecessor-version":[{"id":56846,"href":"https:\/\/www.arquimaster.com.ar\/web\/wp-json\/wp\/v2\/posts\/56821\/revisions\/56846"}],"wp:featuredmedia":[{"embeddable":true,"href":"https:\/\/www.arquimaster.com.ar\/web\/wp-json\/wp\/v2\/media\/56822"}],"wp:attachment":[{"href":"https:\/\/www.arquimaster.com.ar\/web\/wp-json\/wp\/v2\/media?parent=56821"}],"wp:term":[{"taxonomy":"category","embeddable":true,"href":"https:\/\/www.arquimaster.com.ar\/web\/wp-json\/wp\/v2\/categories?post=56821"},{"taxonomy":"post_tag","embeddable":true,"href":"https:\/\/www.arquimaster.com.ar\/web\/wp-json\/wp\/v2\/tags?post=56821"}],"curies":[{"name":"wp","href":"https:\/\/api.w.org\/{rel}","templated":true}]}}