{"id":56887,"date":"2020-06-26T23:04:40","date_gmt":"2020-06-27T02:04:40","guid":{"rendered":"https:\/\/www.arquimaster.com.ar\/web\/?p=56887"},"modified":"2022-02-23T14:48:17","modified_gmt":"2022-02-23T17:48:17","slug":"parque-de-bomberos-no-4-casetas-idom","status":"publish","type":"post","link":"https:\/\/www.arquimaster.com.ar\/web\/parque-de-bomberos-no-4-casetas-idom\/","title":{"rendered":"Parque de Bomberos N\u00ba 4 Casetas \/ IDOM"},"content":{"rendered":"<div style=\"margin-top: 0px; margin-bottom: 0px;\" class=\"sharethis-inline-share-buttons\" ><\/div><div class=\"b812932af2e751442846f039925109de\" data-index=\"1\" style=\"float: none; margin:25px 0 25px 0; text-align:center;\">\n<script async src=\"https:\/\/pagead2.googlesyndication.com\/pagead\/js\/adsbygoogle.js\"><\/script>\r\n<!-- Arquimaster (superior) -->\r\n<ins class=\"adsbygoogle\"\r\n     style=\"display:block\"\r\n     data-ad-client=\"ca-pub-6351072698456832\"\r\n     data-ad-slot=\"6455489680\"\r\n     data-ad-format=\"auto\"\r\n     data-full-width-responsive=\"true\"><\/ins>\r\n<script>\r\n     (adsbygoogle = window.adsbygoogle || []).push({});\r\n<\/script>\n<\/div>\n<p><strong>Parque de Bomberos N\u00ba 4 Casetas<\/strong> (Zaragoza, Espa\u00f1a) por <strong>IDOM<\/strong>. El Parque de Bomberos N\u00ba4, situado en la Avda. de Zaragoza del Barrio de Casetas, se ubica en una parcela de titularidad p\u00fablica junto a las piscinas municipales de Casetas, en una zona bien comunicada que permite rapidez en las salidas de emergencia que se tengan que efectuar. El solar en el que se encuentra ubicado el edificio proyectado es de geometr\u00eda rectangular, de 70 metros de ancho por una media de 115 metros longitudinales. Su superficie total es de 8.000 m2. En \u00e9l se ha construido un edificio en forma de L con una superficie total de 1.245 m2, de los que 523 m2 corresponden a la nave de veh\u00edculos y 722 m2 se dedican a dependencias administrativas y de estancia.<\/p>\n<div id='gallery-1' class='gallery galleryid-56887 gallery-columns-3 gallery-size-thumbnail'><figure class='gallery-item'>\n\t\t\t<div class='gallery-icon landscape'>\n\t\t\t\t<a href='https:\/\/www.arquimaster.com.ar\/web\/wp-content\/uploads\/2020\/06\/parque_bomberos_casetas1.jpg' title=\"Parque de Bomberos N\u00ba 4 Casetas \/ Idom (\u00a9 I\u00f1aki Bergera)\" data-rl_title=\"Parque de Bomberos N\u00ba 4 Casetas \/ Idom (\u00a9 I\u00f1aki Bergera)\" class=\"rl-gallery-link\" data-rl_caption=\"Parque de Bomberos N\u00ba 4 Casetas \/ Idom (\u00a9 I\u00f1aki Bergera)\" data-rel=\"lightbox-gallery-1\"><img loading=\"lazy\" decoding=\"async\" width=\"150\" height=\"150\" src=\"https:\/\/www.arquimaster.com.ar\/web\/wp-content\/uploads\/2020\/06\/parque_bomberos_casetas1-150x150.jpg\" class=\"attachment-thumbnail size-thumbnail\" alt=\"\" aria-describedby=\"gallery-1-56889\" \/><\/a>\n\t\t\t<\/div>\n\t\t\t\t<figcaption class='wp-caption-text gallery-caption' id='gallery-1-56889'>\n\t\t\t\tParque de Bomberos N\u00ba 4 Casetas \/ Idom (\u00a9 I\u00f1aki Bergera)\n\t\t\t\t<\/figcaption><\/figure><figure class='gallery-item'>\n\t\t\t<div class='gallery-icon landscape'>\n\t\t\t\t<a href='https:\/\/www.arquimaster.com.ar\/web\/wp-content\/uploads\/2020\/06\/parque_bomberos_casetas2.jpg' title=\"Parque de Bomberos N\u00ba 4 Casetas \/ Idom (\u00a9 I\u00f1aki Bergera)\" data-rl_title=\"Parque de Bomberos N\u00ba 4 Casetas \/ Idom (\u00a9 I\u00f1aki Bergera)\" class=\"rl-gallery-link\" data-rl_caption=\"Parque de Bomberos N\u00ba 4 Casetas \/ Idom (\u00a9 I\u00f1aki Bergera)\" data-rel=\"lightbox-gallery-1\"><img loading=\"lazy\" decoding=\"async\" width=\"150\" height=\"150\" src=\"https:\/\/www.arquimaster.com.ar\/web\/wp-content\/uploads\/2020\/06\/parque_bomberos_casetas2-150x150.jpg\" class=\"attachment-thumbnail size-thumbnail\" alt=\"\" aria-describedby=\"gallery-1-56890\" \/><\/a>\n\t\t\t<\/div>\n\t\t\t\t<figcaption class='wp-caption-text gallery-caption' id='gallery-1-56890'>\n\t\t\t\tParque de Bomberos N\u00ba 4 Casetas \/ Idom (\u00a9 I\u00f1aki Bergera)\n\t\t\t\t<\/figcaption><\/figure><figure class='gallery-item'>\n\t\t\t<div class='gallery-icon landscape'>\n\t\t\t\t<a href='https:\/\/www.arquimaster.com.ar\/web\/wp-content\/uploads\/2020\/06\/parque_bomberos_casetas3.jpg' title=\"Parque de Bomberos N\u00ba 4 Casetas \/ Idom (\u00a9 I\u00f1aki Bergera)\" data-rl_title=\"Parque de Bomberos N\u00ba 4 Casetas \/ Idom (\u00a9 I\u00f1aki Bergera)\" class=\"rl-gallery-link\" data-rl_caption=\"Parque de Bomberos N\u00ba 4 Casetas \/ Idom (\u00a9 I\u00f1aki Bergera)\" data-rel=\"lightbox-gallery-1\"><img loading=\"lazy\" decoding=\"async\" width=\"150\" height=\"150\" src=\"https:\/\/www.arquimaster.com.ar\/web\/wp-content\/uploads\/2020\/06\/parque_bomberos_casetas3-150x150.jpg\" class=\"attachment-thumbnail size-thumbnail\" alt=\"\" aria-describedby=\"gallery-1-56891\" \/><\/a>\n\t\t\t<\/div>\n\t\t\t\t<figcaption class='wp-caption-text gallery-caption' id='gallery-1-56891'>\n\t\t\t\tParque de Bomberos N\u00ba 4 Casetas \/ Idom (\u00a9 I\u00f1aki Bergera)\n\t\t\t\t<\/figcaption><\/figure><figure class='gallery-item'>\n\t\t\t<div class='gallery-icon landscape'>\n\t\t\t\t<a href='https:\/\/www.arquimaster.com.ar\/web\/wp-content\/uploads\/2020\/06\/parque_bomberos_casetas4.jpg' title=\"Parque de Bomberos N\u00ba 4 Casetas \/ Idom (\u00a9 I\u00f1aki Bergera)\" data-rl_title=\"Parque de Bomberos N\u00ba 4 Casetas \/ Idom (\u00a9 I\u00f1aki Bergera)\" class=\"rl-gallery-link\" data-rl_caption=\"Parque de Bomberos N\u00ba 4 Casetas \/ Idom (\u00a9 I\u00f1aki Bergera)\" data-rel=\"lightbox-gallery-1\"><img loading=\"lazy\" decoding=\"async\" width=\"150\" height=\"150\" src=\"https:\/\/www.arquimaster.com.ar\/web\/wp-content\/uploads\/2020\/06\/parque_bomberos_casetas4-150x150.jpg\" class=\"attachment-thumbnail size-thumbnail\" alt=\"\" aria-describedby=\"gallery-1-56892\" \/><\/a>\n\t\t\t<\/div>\n\t\t\t\t<figcaption class='wp-caption-text gallery-caption' id='gallery-1-56892'>\n\t\t\t\tParque de Bomberos N\u00ba 4 Casetas \/ Idom (\u00a9 I\u00f1aki Bergera)\n\t\t\t\t<\/figcaption><\/figure><figure class='gallery-item'>\n\t\t\t<div class='gallery-icon portrait'>\n\t\t\t\t<a href='https:\/\/www.arquimaster.com.ar\/web\/wp-content\/uploads\/2020\/06\/parque_bomberos_casetas5.jpg' title=\"Parque de Bomberos N\u00ba 4 Casetas \/ Idom (\u00a9 I\u00f1aki Bergera)\" data-rl_title=\"Parque de Bomberos N\u00ba 4 Casetas \/ Idom (\u00a9 I\u00f1aki Bergera)\" class=\"rl-gallery-link\" data-rl_caption=\"Parque de Bomberos N\u00ba 4 Casetas \/ Idom (\u00a9 I\u00f1aki Bergera)\" data-rel=\"lightbox-gallery-1\"><img loading=\"lazy\" decoding=\"async\" width=\"150\" height=\"150\" src=\"https:\/\/www.arquimaster.com.ar\/web\/wp-content\/uploads\/2020\/06\/parque_bomberos_casetas5-150x150.jpg\" class=\"attachment-thumbnail size-thumbnail\" alt=\"\" aria-describedby=\"gallery-1-56893\" \/><\/a>\n\t\t\t<\/div>\n\t\t\t\t<figcaption class='wp-caption-text gallery-caption' id='gallery-1-56893'>\n\t\t\t\tParque de Bomberos N\u00ba 4 Casetas \/ Idom (\u00a9 I\u00f1aki Bergera)\n\t\t\t\t<\/figcaption><\/figure><figure class='gallery-item'>\n\t\t\t<div class='gallery-icon landscape'>\n\t\t\t\t<a href='https:\/\/www.arquimaster.com.ar\/web\/wp-content\/uploads\/2020\/06\/parque_bomberos_casetas6.jpg' title=\"Parque de Bomberos N\u00ba 4 Casetas \/ Idom (\u00a9 I\u00f1aki Bergera)\" data-rl_title=\"Parque de Bomberos N\u00ba 4 Casetas \/ Idom (\u00a9 I\u00f1aki Bergera)\" class=\"rl-gallery-link\" data-rl_caption=\"Parque de Bomberos N\u00ba 4 Casetas \/ Idom (\u00a9 I\u00f1aki Bergera)\" data-rel=\"lightbox-gallery-1\"><img loading=\"lazy\" decoding=\"async\" width=\"150\" height=\"150\" src=\"https:\/\/www.arquimaster.com.ar\/web\/wp-content\/uploads\/2020\/06\/parque_bomberos_casetas6-150x150.jpg\" class=\"attachment-thumbnail size-thumbnail\" alt=\"\" aria-describedby=\"gallery-1-56894\" \/><\/a>\n\t\t\t<\/div>\n\t\t\t\t<figcaption class='wp-caption-text gallery-caption' id='gallery-1-56894'>\n\t\t\t\tParque de Bomberos N\u00ba 4 Casetas \/ Idom (\u00a9 I\u00f1aki Bergera)\n\t\t\t\t<\/figcaption><\/figure><figure class='gallery-item'>\n\t\t\t<div class='gallery-icon portrait'>\n\t\t\t\t<a href='https:\/\/www.arquimaster.com.ar\/web\/wp-content\/uploads\/2020\/06\/parque_bomberos_casetas7.jpg' title=\"Parque de Bomberos N\u00ba 4 Casetas \/ Idom (\u00a9 I\u00f1aki Bergera)\" data-rl_title=\"Parque de Bomberos N\u00ba 4 Casetas \/ Idom (\u00a9 I\u00f1aki Bergera)\" class=\"rl-gallery-link\" data-rl_caption=\"Parque de Bomberos N\u00ba 4 Casetas \/ Idom (\u00a9 I\u00f1aki Bergera)\" data-rel=\"lightbox-gallery-1\"><img loading=\"lazy\" decoding=\"async\" width=\"150\" height=\"150\" src=\"https:\/\/www.arquimaster.com.ar\/web\/wp-content\/uploads\/2020\/06\/parque_bomberos_casetas7-150x150.jpg\" class=\"attachment-thumbnail size-thumbnail\" alt=\"\" aria-describedby=\"gallery-1-56895\" \/><\/a>\n\t\t\t<\/div>\n\t\t\t\t<figcaption class='wp-caption-text gallery-caption' id='gallery-1-56895'>\n\t\t\t\tParque de Bomberos N\u00ba 4 Casetas \/ Idom (\u00a9 I\u00f1aki Bergera)\n\t\t\t\t<\/figcaption><\/figure><figure class='gallery-item'>\n\t\t\t<div class='gallery-icon portrait'>\n\t\t\t\t<a href='https:\/\/www.arquimaster.com.ar\/web\/wp-content\/uploads\/2020\/06\/parque_bomberos_casetas8.jpg' title=\"Parque de Bomberos N\u00ba 4 Casetas \/ Idom (\u00a9 I\u00f1aki Bergera)\" data-rl_title=\"Parque de Bomberos N\u00ba 4 Casetas \/ Idom (\u00a9 I\u00f1aki Bergera)\" class=\"rl-gallery-link\" data-rl_caption=\"Parque de Bomberos N\u00ba 4 Casetas \/ Idom (\u00a9 I\u00f1aki Bergera)\" data-rel=\"lightbox-gallery-1\"><img loading=\"lazy\" decoding=\"async\" width=\"150\" height=\"150\" src=\"https:\/\/www.arquimaster.com.ar\/web\/wp-content\/uploads\/2020\/06\/parque_bomberos_casetas8-150x150.jpg\" class=\"attachment-thumbnail size-thumbnail\" alt=\"\" aria-describedby=\"gallery-1-56896\" \/><\/a>\n\t\t\t<\/div>\n\t\t\t\t<figcaption class='wp-caption-text gallery-caption' id='gallery-1-56896'>\n\t\t\t\tParque de Bomberos N\u00ba 4 Casetas \/ Idom (\u00a9 I\u00f1aki Bergera)\n\t\t\t\t<\/figcaption><\/figure><figure class='gallery-item'>\n\t\t\t<div class='gallery-icon portrait'>\n\t\t\t\t<a href='https:\/\/www.arquimaster.com.ar\/web\/wp-content\/uploads\/2020\/06\/parque_bomberos_casetas9.jpg' title=\"Parque de Bomberos N\u00ba 4 Casetas \/ Idom (\u00a9 I\u00f1aki Bergera)\" data-rl_title=\"Parque de Bomberos N\u00ba 4 Casetas \/ Idom (\u00a9 I\u00f1aki Bergera)\" class=\"rl-gallery-link\" data-rl_caption=\"Parque de Bomberos N\u00ba 4 Casetas \/ Idom (\u00a9 I\u00f1aki Bergera)\" data-rel=\"lightbox-gallery-1\"><img loading=\"lazy\" decoding=\"async\" width=\"150\" height=\"150\" src=\"https:\/\/www.arquimaster.com.ar\/web\/wp-content\/uploads\/2020\/06\/parque_bomberos_casetas9-150x150.jpg\" class=\"attachment-thumbnail size-thumbnail\" alt=\"\" aria-describedby=\"gallery-1-56897\" \/><\/a>\n\t\t\t<\/div>\n\t\t\t\t<figcaption class='wp-caption-text gallery-caption' id='gallery-1-56897'>\n\t\t\t\tParque de Bomberos N\u00ba 4 Casetas \/ Idom (\u00a9 I\u00f1aki Bergera)\n\t\t\t\t<\/figcaption><\/figure><figure class='gallery-item'>\n\t\t\t<div class='gallery-icon landscape'>\n\t\t\t\t<a href='https:\/\/www.arquimaster.com.ar\/web\/wp-content\/uploads\/2020\/06\/parque_bomberos_casetas10.jpg' title=\"Parque de Bomberos N\u00ba 4 Casetas \/ Idom (\u00a9 I\u00f1aki Bergera)\" data-rl_title=\"Parque de Bomberos N\u00ba 4 Casetas \/ Idom (\u00a9 I\u00f1aki Bergera)\" class=\"rl-gallery-link\" data-rl_caption=\"Parque de Bomberos N\u00ba 4 Casetas \/ Idom (\u00a9 I\u00f1aki Bergera)\" data-rel=\"lightbox-gallery-1\"><img loading=\"lazy\" decoding=\"async\" width=\"150\" height=\"150\" src=\"https:\/\/www.arquimaster.com.ar\/web\/wp-content\/uploads\/2020\/06\/parque_bomberos_casetas10-150x150.jpg\" class=\"attachment-thumbnail size-thumbnail\" alt=\"\" aria-describedby=\"gallery-1-56898\" srcset=\"https:\/\/www.arquimaster.com.ar\/web\/wp-content\/uploads\/2020\/06\/parque_bomberos_casetas10-150x150.jpg 150w, https:\/\/www.arquimaster.com.ar\/web\/wp-content\/uploads\/2020\/06\/parque_bomberos_casetas10-1024x1024.jpg 1024w, https:\/\/www.arquimaster.com.ar\/web\/wp-content\/uploads\/2020\/06\/parque_bomberos_casetas10-768x768.jpg 768w, https:\/\/www.arquimaster.com.ar\/web\/wp-content\/uploads\/2020\/06\/parque_bomberos_casetas10.jpg 1500w\" sizes=\"auto, (max-width: 150px) 100vw, 150px\" \/><\/a>\n\t\t\t<\/div>\n\t\t\t\t<figcaption class='wp-caption-text gallery-caption' id='gallery-1-56898'>\n\t\t\t\tParque de Bomberos N\u00ba 4 Casetas \/ Idom (\u00a9 I\u00f1aki Bergera)\n\t\t\t\t<\/figcaption><\/figure><figure class='gallery-item'>\n\t\t\t<div class='gallery-icon landscape'>\n\t\t\t\t<a href='https:\/\/www.arquimaster.com.ar\/web\/wp-content\/uploads\/2020\/06\/parque_bomberos_casetas11.jpg' title=\"Parque de Bomberos N\u00ba 4 Casetas \/ Idom (\u00a9 I\u00f1aki Bergera)\" data-rl_title=\"Parque de Bomberos N\u00ba 4 Casetas \/ Idom (\u00a9 I\u00f1aki Bergera)\" class=\"rl-gallery-link\" data-rl_caption=\"Parque de Bomberos N\u00ba 4 Casetas \/ Idom (\u00a9 I\u00f1aki Bergera)\" data-rel=\"lightbox-gallery-1\"><img loading=\"lazy\" decoding=\"async\" width=\"150\" height=\"150\" src=\"https:\/\/www.arquimaster.com.ar\/web\/wp-content\/uploads\/2020\/06\/parque_bomberos_casetas11-150x150.jpg\" class=\"attachment-thumbnail size-thumbnail\" alt=\"\" aria-describedby=\"gallery-1-56899\" srcset=\"https:\/\/www.arquimaster.com.ar\/web\/wp-content\/uploads\/2020\/06\/parque_bomberos_casetas11-150x150.jpg 150w, https:\/\/www.arquimaster.com.ar\/web\/wp-content\/uploads\/2020\/06\/parque_bomberos_casetas11-1024x1024.jpg 1024w, https:\/\/www.arquimaster.com.ar\/web\/wp-content\/uploads\/2020\/06\/parque_bomberos_casetas11-768x768.jpg 768w, https:\/\/www.arquimaster.com.ar\/web\/wp-content\/uploads\/2020\/06\/parque_bomberos_casetas11.jpg 1500w\" sizes=\"auto, (max-width: 150px) 100vw, 150px\" \/><\/a>\n\t\t\t<\/div>\n\t\t\t\t<figcaption class='wp-caption-text gallery-caption' id='gallery-1-56899'>\n\t\t\t\tParque de Bomberos N\u00ba 4 Casetas \/ Idom (\u00a9 I\u00f1aki Bergera)\n\t\t\t\t<\/figcaption><\/figure><figure class='gallery-item'>\n\t\t\t<div class='gallery-icon portrait'>\n\t\t\t\t<a href='https:\/\/www.arquimaster.com.ar\/web\/wp-content\/uploads\/2020\/06\/parque_bomberos_casetas12.jpg' title=\"Parque de Bomberos N\u00ba 4 Casetas \/ Idom (\u00a9 I\u00f1aki Bergera)\" data-rl_title=\"Parque de Bomberos N\u00ba 4 Casetas \/ Idom (\u00a9 I\u00f1aki Bergera)\" class=\"rl-gallery-link\" data-rl_caption=\"Parque de Bomberos N\u00ba 4 Casetas \/ Idom (\u00a9 I\u00f1aki Bergera)\" data-rel=\"lightbox-gallery-1\"><img loading=\"lazy\" decoding=\"async\" width=\"150\" height=\"150\" src=\"https:\/\/www.arquimaster.com.ar\/web\/wp-content\/uploads\/2020\/06\/parque_bomberos_casetas12-150x150.jpg\" class=\"attachment-thumbnail size-thumbnail\" alt=\"\" aria-describedby=\"gallery-1-56900\" \/><\/a>\n\t\t\t<\/div>\n\t\t\t\t<figcaption class='wp-caption-text gallery-caption' id='gallery-1-56900'>\n\t\t\t\tParque de Bomberos N\u00ba 4 Casetas \/ Idom (\u00a9 I\u00f1aki Bergera)\n\t\t\t\t<\/figcaption><\/figure><figure class='gallery-item'>\n\t\t\t<div class='gallery-icon landscape'>\n\t\t\t\t<a href='https:\/\/www.arquimaster.com.ar\/web\/wp-content\/uploads\/2020\/06\/parque_bomberos_casetas13.jpg' title=\"Parque de Bomberos N\u00ba 4 Casetas \/ Idom (\u00a9 I\u00f1aki Bergera)\" data-rl_title=\"Parque de Bomberos N\u00ba 4 Casetas \/ Idom (\u00a9 I\u00f1aki Bergera)\" class=\"rl-gallery-link\" data-rl_caption=\"Parque de Bomberos N\u00ba 4 Casetas \/ Idom (\u00a9 I\u00f1aki Bergera)\" data-rel=\"lightbox-gallery-1\"><img loading=\"lazy\" decoding=\"async\" width=\"150\" height=\"150\" src=\"https:\/\/www.arquimaster.com.ar\/web\/wp-content\/uploads\/2020\/06\/parque_bomberos_casetas13-150x150.jpg\" class=\"attachment-thumbnail size-thumbnail\" alt=\"\" aria-describedby=\"gallery-1-56901\" \/><\/a>\n\t\t\t<\/div>\n\t\t\t\t<figcaption class='wp-caption-text gallery-caption' id='gallery-1-56901'>\n\t\t\t\tParque de Bomberos N\u00ba 4 Casetas \/ Idom (\u00a9 I\u00f1aki Bergera)\n\t\t\t\t<\/figcaption><\/figure><figure class='gallery-item'>\n\t\t\t<div class='gallery-icon portrait'>\n\t\t\t\t<a href='https:\/\/www.arquimaster.com.ar\/web\/wp-content\/uploads\/2020\/06\/parque_bomberos_casetas14.jpg' title=\"Parque de Bomberos N\u00ba 4 Casetas \/ Idom (\u00a9 I\u00f1aki Bergera)\" data-rl_title=\"Parque de Bomberos N\u00ba 4 Casetas \/ Idom (\u00a9 I\u00f1aki Bergera)\" class=\"rl-gallery-link\" data-rl_caption=\"Parque de Bomberos N\u00ba 4 Casetas \/ Idom (\u00a9 I\u00f1aki Bergera)\" data-rel=\"lightbox-gallery-1\"><img loading=\"lazy\" decoding=\"async\" width=\"150\" height=\"150\" src=\"https:\/\/www.arquimaster.com.ar\/web\/wp-content\/uploads\/2020\/06\/parque_bomberos_casetas14-150x150.jpg\" class=\"attachment-thumbnail size-thumbnail\" alt=\"\" aria-describedby=\"gallery-1-56902\" \/><\/a>\n\t\t\t<\/div>\n\t\t\t\t<figcaption class='wp-caption-text gallery-caption' id='gallery-1-56902'>\n\t\t\t\tParque de Bomberos N\u00ba 4 Casetas \/ Idom (\u00a9 I\u00f1aki Bergera)\n\t\t\t\t<\/figcaption><\/figure><figure class='gallery-item'>\n\t\t\t<div class='gallery-icon landscape'>\n\t\t\t\t<a href='https:\/\/www.arquimaster.com.ar\/web\/wp-content\/uploads\/2020\/06\/parque_bomberos_casetas15.jpg' title=\"Parque de Bomberos N\u00ba 4 Casetas \/ Idom (\u00a9 I\u00f1aki Bergera)\" data-rl_title=\"Parque de Bomberos N\u00ba 4 Casetas \/ Idom (\u00a9 I\u00f1aki Bergera)\" class=\"rl-gallery-link\" data-rl_caption=\"Parque de Bomberos N\u00ba 4 Casetas \/ Idom (\u00a9 I\u00f1aki Bergera)\" data-rel=\"lightbox-gallery-1\"><img loading=\"lazy\" decoding=\"async\" width=\"150\" height=\"150\" src=\"https:\/\/www.arquimaster.com.ar\/web\/wp-content\/uploads\/2020\/06\/parque_bomberos_casetas15-150x150.jpg\" class=\"attachment-thumbnail size-thumbnail\" alt=\"\" aria-describedby=\"gallery-1-56903\" \/><\/a>\n\t\t\t<\/div>\n\t\t\t\t<figcaption class='wp-caption-text gallery-caption' id='gallery-1-56903'>\n\t\t\t\tParque de Bomberos N\u00ba 4 Casetas \/ Idom (\u00a9 I\u00f1aki Bergera)\n\t\t\t\t<\/figcaption><\/figure><figure class='gallery-item'>\n\t\t\t<div class='gallery-icon landscape'>\n\t\t\t\t<a href='https:\/\/www.arquimaster.com.ar\/web\/wp-content\/uploads\/2020\/06\/parque_bomberos_casetas16.jpg' title=\"Parque de Bomberos N\u00ba 4 Casetas \/ Idom (\u00a9 I\u00f1aki Bergera)\" data-rl_title=\"Parque de Bomberos N\u00ba 4 Casetas \/ Idom (\u00a9 I\u00f1aki Bergera)\" class=\"rl-gallery-link\" data-rl_caption=\"Parque de Bomberos N\u00ba 4 Casetas \/ Idom (\u00a9 I\u00f1aki Bergera)\" data-rel=\"lightbox-gallery-1\"><img loading=\"lazy\" decoding=\"async\" width=\"150\" height=\"150\" src=\"https:\/\/www.arquimaster.com.ar\/web\/wp-content\/uploads\/2020\/06\/parque_bomberos_casetas16-150x150.jpg\" class=\"attachment-thumbnail size-thumbnail\" alt=\"\" aria-describedby=\"gallery-1-56904\" \/><\/a>\n\t\t\t<\/div>\n\t\t\t\t<figcaption class='wp-caption-text gallery-caption' id='gallery-1-56904'>\n\t\t\t\tParque de Bomberos N\u00ba 4 Casetas \/ Idom (\u00a9 I\u00f1aki Bergera)\n\t\t\t\t<\/figcaption><\/figure><figure class='gallery-item'>\n\t\t\t<div class='gallery-icon portrait'>\n\t\t\t\t<a href='https:\/\/www.arquimaster.com.ar\/web\/wp-content\/uploads\/2020\/06\/parque_bomberos_casetas17.jpg' title=\"Parque de Bomberos N\u00ba 4 Casetas \/ Idom (\u00a9 I\u00f1aki Bergera)\" data-rl_title=\"Parque de Bomberos N\u00ba 4 Casetas \/ Idom (\u00a9 I\u00f1aki Bergera)\" class=\"rl-gallery-link\" data-rl_caption=\"Parque de Bomberos N\u00ba 4 Casetas \/ Idom (\u00a9 I\u00f1aki Bergera)\" data-rel=\"lightbox-gallery-1\"><img loading=\"lazy\" decoding=\"async\" width=\"150\" height=\"150\" src=\"https:\/\/www.arquimaster.com.ar\/web\/wp-content\/uploads\/2020\/06\/parque_bomberos_casetas17-150x150.jpg\" class=\"attachment-thumbnail size-thumbnail\" alt=\"\" aria-describedby=\"gallery-1-56905\" \/><\/a>\n\t\t\t<\/div>\n\t\t\t\t<figcaption class='wp-caption-text gallery-caption' id='gallery-1-56905'>\n\t\t\t\tParque de Bomberos N\u00ba 4 Casetas \/ Idom (\u00a9 I\u00f1aki Bergera)\n\t\t\t\t<\/figcaption><\/figure><figure class='gallery-item'>\n\t\t\t<div class='gallery-icon portrait'>\n\t\t\t\t<a href='https:\/\/www.arquimaster.com.ar\/web\/wp-content\/uploads\/2020\/06\/parque_bomberos_casetas18.jpg' title=\"Parque de Bomberos N\u00ba 4 Casetas \/ Idom (\u00a9 I\u00f1aki Bergera)\" data-rl_title=\"Parque de Bomberos N\u00ba 4 Casetas \/ Idom (\u00a9 I\u00f1aki Bergera)\" class=\"rl-gallery-link\" data-rl_caption=\"Parque de Bomberos N\u00ba 4 Casetas \/ Idom (\u00a9 I\u00f1aki Bergera)\" data-rel=\"lightbox-gallery-1\"><img loading=\"lazy\" decoding=\"async\" width=\"150\" height=\"150\" src=\"https:\/\/www.arquimaster.com.ar\/web\/wp-content\/uploads\/2020\/06\/parque_bomberos_casetas18-150x150.jpg\" class=\"attachment-thumbnail size-thumbnail\" alt=\"\" aria-describedby=\"gallery-1-56906\" \/><\/a>\n\t\t\t<\/div>\n\t\t\t\t<figcaption class='wp-caption-text gallery-caption' id='gallery-1-56906'>\n\t\t\t\tParque de Bomberos N\u00ba 4 Casetas \/ Idom (\u00a9 I\u00f1aki Bergera)\n\t\t\t\t<\/figcaption><\/figure><figure class='gallery-item'>\n\t\t\t<div class='gallery-icon landscape'>\n\t\t\t\t<a href='https:\/\/www.arquimaster.com.ar\/web\/wp-content\/uploads\/2020\/06\/parque_bomberos_casetas19.jpg' title=\"Parque de Bomberos N\u00ba 4 Casetas \/ Idom (\u00a9 I\u00f1aki Bergera)\" data-rl_title=\"Parque de Bomberos N\u00ba 4 Casetas \/ Idom (\u00a9 I\u00f1aki Bergera)\" class=\"rl-gallery-link\" data-rl_caption=\"Parque de Bomberos N\u00ba 4 Casetas \/ Idom (\u00a9 I\u00f1aki Bergera)\" data-rel=\"lightbox-gallery-1\"><img loading=\"lazy\" decoding=\"async\" width=\"150\" height=\"150\" src=\"https:\/\/www.arquimaster.com.ar\/web\/wp-content\/uploads\/2020\/06\/parque_bomberos_casetas19-150x150.jpg\" class=\"attachment-thumbnail size-thumbnail\" alt=\"\" aria-describedby=\"gallery-1-56907\" \/><\/a>\n\t\t\t<\/div>\n\t\t\t\t<figcaption class='wp-caption-text gallery-caption' id='gallery-1-56907'>\n\t\t\t\tParque de Bomberos N\u00ba 4 Casetas \/ Idom (\u00a9 I\u00f1aki Bergera)\n\t\t\t\t<\/figcaption><\/figure><figure class='gallery-item'>\n\t\t\t<div class='gallery-icon landscape'>\n\t\t\t\t<a href='https:\/\/www.arquimaster.com.ar\/web\/wp-content\/uploads\/2020\/06\/parque_bomberos_casetas20.jpg' title=\"Parque de Bomberos N\u00ba 4 Casetas \/ Idom (\u00a9 I\u00f1aki Bergera)\" data-rl_title=\"Parque de Bomberos N\u00ba 4 Casetas \/ Idom (\u00a9 I\u00f1aki Bergera)\" class=\"rl-gallery-link\" data-rl_caption=\"Parque de Bomberos N\u00ba 4 Casetas \/ Idom (\u00a9 I\u00f1aki Bergera)\" data-rel=\"lightbox-gallery-1\"><img loading=\"lazy\" decoding=\"async\" width=\"150\" height=\"150\" src=\"https:\/\/www.arquimaster.com.ar\/web\/wp-content\/uploads\/2020\/06\/parque_bomberos_casetas20-150x150.jpg\" class=\"attachment-thumbnail size-thumbnail\" alt=\"\" aria-describedby=\"gallery-1-56908\" srcset=\"https:\/\/www.arquimaster.com.ar\/web\/wp-content\/uploads\/2020\/06\/parque_bomberos_casetas20-150x150.jpg 150w, https:\/\/www.arquimaster.com.ar\/web\/wp-content\/uploads\/2020\/06\/parque_bomberos_casetas20-1024x1024.jpg 1024w, https:\/\/www.arquimaster.com.ar\/web\/wp-content\/uploads\/2020\/06\/parque_bomberos_casetas20-768x768.jpg 768w, https:\/\/www.arquimaster.com.ar\/web\/wp-content\/uploads\/2020\/06\/parque_bomberos_casetas20.jpg 1500w\" sizes=\"auto, (max-width: 150px) 100vw, 150px\" \/><\/a>\n\t\t\t<\/div>\n\t\t\t\t<figcaption class='wp-caption-text gallery-caption' id='gallery-1-56908'>\n\t\t\t\tParque de Bomberos N\u00ba 4 Casetas \/ Idom (\u00a9 I\u00f1aki Bergera)\n\t\t\t\t<\/figcaption><\/figure><figure class='gallery-item'>\n\t\t\t<div class='gallery-icon portrait'>\n\t\t\t\t<a href='https:\/\/www.arquimaster.com.ar\/web\/wp-content\/uploads\/2020\/06\/parque_bomberos_casetas21.jpg' title=\"Parque de Bomberos N\u00ba 4 Casetas \/ Idom (\u00a9 I\u00f1aki Bergera)\" data-rl_title=\"Parque de Bomberos N\u00ba 4 Casetas \/ Idom (\u00a9 I\u00f1aki Bergera)\" class=\"rl-gallery-link\" data-rl_caption=\"Parque de Bomberos N\u00ba 4 Casetas \/ Idom (\u00a9 I\u00f1aki Bergera)\" data-rel=\"lightbox-gallery-1\"><img loading=\"lazy\" decoding=\"async\" width=\"150\" height=\"150\" src=\"https:\/\/www.arquimaster.com.ar\/web\/wp-content\/uploads\/2020\/06\/parque_bomberos_casetas21-150x150.jpg\" class=\"attachment-thumbnail size-thumbnail\" alt=\"\" aria-describedby=\"gallery-1-56909\" \/><\/a>\n\t\t\t<\/div>\n\t\t\t\t<figcaption class='wp-caption-text gallery-caption' id='gallery-1-56909'>\n\t\t\t\tParque de Bomberos N\u00ba 4 Casetas \/ Idom (\u00a9 I\u00f1aki Bergera)\n\t\t\t\t<\/figcaption><\/figure><figure class='gallery-item'>\n\t\t\t<div class='gallery-icon portrait'>\n\t\t\t\t<a href='https:\/\/www.arquimaster.com.ar\/web\/wp-content\/uploads\/2020\/06\/parque_bomberos_casetas22.jpg' title=\"Parque de Bomberos N\u00ba 4 Casetas \/ Idom (\u00a9 I\u00f1aki Bergera)\" data-rl_title=\"Parque de Bomberos N\u00ba 4 Casetas \/ Idom (\u00a9 I\u00f1aki Bergera)\" class=\"rl-gallery-link\" data-rl_caption=\"Parque de Bomberos N\u00ba 4 Casetas \/ Idom (\u00a9 I\u00f1aki Bergera)\" data-rel=\"lightbox-gallery-1\"><img loading=\"lazy\" decoding=\"async\" width=\"150\" height=\"150\" src=\"https:\/\/www.arquimaster.com.ar\/web\/wp-content\/uploads\/2020\/06\/parque_bomberos_casetas22-150x150.jpg\" class=\"attachment-thumbnail size-thumbnail\" alt=\"\" aria-describedby=\"gallery-1-56910\" \/><\/a>\n\t\t\t<\/div>\n\t\t\t\t<figcaption class='wp-caption-text gallery-caption' id='gallery-1-56910'>\n\t\t\t\tParque de Bomberos N\u00ba 4 Casetas \/ Idom (\u00a9 I\u00f1aki Bergera)\n\t\t\t\t<\/figcaption><\/figure><figure class='gallery-item'>\n\t\t\t<div class='gallery-icon portrait'>\n\t\t\t\t<a href='https:\/\/www.arquimaster.com.ar\/web\/wp-content\/uploads\/2020\/06\/parque_bomberos_casetas23.jpg' title=\"Parque de Bomberos N\u00ba 4 Casetas \/ Idom (\u00a9 I\u00f1aki Bergera)\" data-rl_title=\"Parque de Bomberos N\u00ba 4 Casetas \/ Idom (\u00a9 I\u00f1aki Bergera)\" class=\"rl-gallery-link\" data-rl_caption=\"Parque de Bomberos N\u00ba 4 Casetas \/ Idom (\u00a9 I\u00f1aki Bergera)\" data-rel=\"lightbox-gallery-1\"><img loading=\"lazy\" decoding=\"async\" width=\"150\" height=\"150\" src=\"https:\/\/www.arquimaster.com.ar\/web\/wp-content\/uploads\/2020\/06\/parque_bomberos_casetas23-150x150.jpg\" class=\"attachment-thumbnail size-thumbnail\" alt=\"\" aria-describedby=\"gallery-1-56911\" \/><\/a>\n\t\t\t<\/div>\n\t\t\t\t<figcaption class='wp-caption-text gallery-caption' id='gallery-1-56911'>\n\t\t\t\tParque de Bomberos N\u00ba 4 Casetas \/ Idom (\u00a9 I\u00f1aki Bergera)\n\t\t\t\t<\/figcaption><\/figure><figure class='gallery-item'>\n\t\t\t<div class='gallery-icon portrait'>\n\t\t\t\t<a href='https:\/\/www.arquimaster.com.ar\/web\/wp-content\/uploads\/2020\/06\/parque_bomberos_casetas24.jpg' title=\"Parque de Bomberos N\u00ba 4 Casetas \/ Idom (\u00a9 I\u00f1aki Bergera)\" data-rl_title=\"Parque de Bomberos N\u00ba 4 Casetas \/ Idom (\u00a9 I\u00f1aki Bergera)\" class=\"rl-gallery-link\" data-rl_caption=\"Parque de Bomberos N\u00ba 4 Casetas \/ Idom (\u00a9 I\u00f1aki Bergera)\" data-rel=\"lightbox-gallery-1\"><img loading=\"lazy\" decoding=\"async\" width=\"150\" height=\"150\" src=\"https:\/\/www.arquimaster.com.ar\/web\/wp-content\/uploads\/2020\/06\/parque_bomberos_casetas24-150x150.jpg\" class=\"attachment-thumbnail size-thumbnail\" alt=\"\" aria-describedby=\"gallery-1-56912\" \/><\/a>\n\t\t\t<\/div>\n\t\t\t\t<figcaption class='wp-caption-text gallery-caption' id='gallery-1-56912'>\n\t\t\t\tParque de Bomberos N\u00ba 4 Casetas \/ Idom (\u00a9 I\u00f1aki Bergera)\n\t\t\t\t<\/figcaption><\/figure><figure class='gallery-item'>\n\t\t\t<div class='gallery-icon landscape'>\n\t\t\t\t<a href='https:\/\/www.arquimaster.com.ar\/web\/wp-content\/uploads\/2020\/06\/parque_bomberos_casetas25.jpg' title=\"Parque de Bomberos N\u00ba 4 Casetas \/ Idom (planta baja)\" data-rl_title=\"Parque de Bomberos N\u00ba 4 Casetas \/ Idom (planta baja)\" class=\"rl-gallery-link\" data-rl_caption=\"Parque de Bomberos N\u00ba 4 Casetas \/ Idom (planta baja)\" data-rel=\"lightbox-gallery-1\"><img loading=\"lazy\" decoding=\"async\" width=\"150\" height=\"150\" src=\"https:\/\/www.arquimaster.com.ar\/web\/wp-content\/uploads\/2020\/06\/parque_bomberos_casetas25-150x150.jpg\" class=\"attachment-thumbnail size-thumbnail\" alt=\"\" aria-describedby=\"gallery-1-56913\" \/><\/a>\n\t\t\t<\/div>\n\t\t\t\t<figcaption class='wp-caption-text gallery-caption' id='gallery-1-56913'>\n\t\t\t\tParque de Bomberos N\u00ba 4 Casetas \/ Idom (planta baja)\n\t\t\t\t<\/figcaption><\/figure><figure class='gallery-item'>\n\t\t\t<div class='gallery-icon landscape'>\n\t\t\t\t<a href='https:\/\/www.arquimaster.com.ar\/web\/wp-content\/uploads\/2020\/06\/parque_bomberos_casetas26.jpg' title=\"Parque de Bomberos N\u00ba 4 Casetas \/ Idom (planta primera)\" data-rl_title=\"Parque de Bomberos N\u00ba 4 Casetas \/ Idom (planta primera)\" class=\"rl-gallery-link\" data-rl_caption=\"Parque de Bomberos N\u00ba 4 Casetas \/ Idom (planta primera)\" data-rel=\"lightbox-gallery-1\"><img loading=\"lazy\" decoding=\"async\" width=\"150\" height=\"150\" src=\"https:\/\/www.arquimaster.com.ar\/web\/wp-content\/uploads\/2020\/06\/parque_bomberos_casetas26-150x150.jpg\" class=\"attachment-thumbnail size-thumbnail\" alt=\"\" aria-describedby=\"gallery-1-56914\" \/><\/a>\n\t\t\t<\/div>\n\t\t\t\t<figcaption class='wp-caption-text gallery-caption' id='gallery-1-56914'>\n\t\t\t\tParque de Bomberos N\u00ba 4 Casetas \/ Idom (planta primera)\n\t\t\t\t<\/figcaption><\/figure><figure class='gallery-item'>\n\t\t\t<div class='gallery-icon landscape'>\n\t\t\t\t<a href='https:\/\/www.arquimaster.com.ar\/web\/wp-content\/uploads\/2020\/06\/parque_bomberos_casetas27.jpg' title=\"Parque de Bomberos N\u00ba 4 Casetas \/ Idom (planta segunda)\" data-rl_title=\"Parque de Bomberos N\u00ba 4 Casetas \/ Idom (planta segunda)\" class=\"rl-gallery-link\" data-rl_caption=\"Parque de Bomberos N\u00ba 4 Casetas \/ Idom (planta segunda)\" data-rel=\"lightbox-gallery-1\"><img loading=\"lazy\" decoding=\"async\" width=\"150\" height=\"150\" src=\"https:\/\/www.arquimaster.com.ar\/web\/wp-content\/uploads\/2020\/06\/parque_bomberos_casetas27-150x150.jpg\" class=\"attachment-thumbnail size-thumbnail\" alt=\"\" aria-describedby=\"gallery-1-56915\" \/><\/a>\n\t\t\t<\/div>\n\t\t\t\t<figcaption class='wp-caption-text gallery-caption' id='gallery-1-56915'>\n\t\t\t\tParque de Bomberos N\u00ba 4 Casetas \/ Idom (planta segunda)\n\t\t\t\t<\/figcaption><\/figure><figure class='gallery-item'>\n\t\t\t<div class='gallery-icon landscape'>\n\t\t\t\t<a href='https:\/\/www.arquimaster.com.ar\/web\/wp-content\/uploads\/2020\/06\/parque_bomberos_casetas28.jpg' title=\"Parque de Bomberos N\u00ba 4 Casetas \/ Idom (planta techos)\" data-rl_title=\"Parque de Bomberos N\u00ba 4 Casetas \/ Idom (planta techos)\" class=\"rl-gallery-link\" data-rl_caption=\"Parque de Bomberos N\u00ba 4 Casetas \/ Idom (planta techos)\" data-rel=\"lightbox-gallery-1\"><img loading=\"lazy\" decoding=\"async\" width=\"150\" height=\"150\" src=\"https:\/\/www.arquimaster.com.ar\/web\/wp-content\/uploads\/2020\/06\/parque_bomberos_casetas28-150x150.jpg\" class=\"attachment-thumbnail size-thumbnail\" alt=\"\" aria-describedby=\"gallery-1-56916\" \/><\/a>\n\t\t\t<\/div>\n\t\t\t\t<figcaption class='wp-caption-text gallery-caption' id='gallery-1-56916'>\n\t\t\t\tParque de Bomberos N\u00ba 4 Casetas \/ Idom (planta techos)\n\t\t\t\t<\/figcaption><\/figure><figure class='gallery-item'>\n\t\t\t<div class='gallery-icon landscape'>\n\t\t\t\t<a href='https:\/\/www.arquimaster.com.ar\/web\/wp-content\/uploads\/2020\/06\/parque_bomberos_casetas29.jpg' title=\"Parque de Bomberos N\u00ba 4 Casetas \/ Idom (corte A)\" data-rl_title=\"Parque de Bomberos N\u00ba 4 Casetas \/ Idom (corte A)\" class=\"rl-gallery-link\" data-rl_caption=\"Parque de Bomberos N\u00ba 4 Casetas \/ Idom (corte A)\" data-rel=\"lightbox-gallery-1\"><img loading=\"lazy\" decoding=\"async\" width=\"150\" height=\"150\" src=\"https:\/\/www.arquimaster.com.ar\/web\/wp-content\/uploads\/2020\/06\/parque_bomberos_casetas29-150x150.jpg\" class=\"attachment-thumbnail size-thumbnail\" alt=\"\" aria-describedby=\"gallery-1-56917\" \/><\/a>\n\t\t\t<\/div>\n\t\t\t\t<figcaption class='wp-caption-text gallery-caption' id='gallery-1-56917'>\n\t\t\t\tParque de Bomberos N\u00ba 4 Casetas \/ Idom (corte A)\n\t\t\t\t<\/figcaption><\/figure><figure class='gallery-item'>\n\t\t\t<div class='gallery-icon landscape'>\n\t\t\t\t<a href='https:\/\/www.arquimaster.com.ar\/web\/wp-content\/uploads\/2020\/06\/parque_bomberos_casetas30.jpg' title=\"Parque de Bomberos N\u00ba 4 Casetas \/ Idom (corte B)\" data-rl_title=\"Parque de Bomberos N\u00ba 4 Casetas \/ Idom (corte B)\" class=\"rl-gallery-link\" data-rl_caption=\"Parque de Bomberos N\u00ba 4 Casetas \/ Idom (corte B)\" data-rel=\"lightbox-gallery-1\"><img loading=\"lazy\" decoding=\"async\" width=\"150\" height=\"150\" src=\"https:\/\/www.arquimaster.com.ar\/web\/wp-content\/uploads\/2020\/06\/parque_bomberos_casetas30-150x150.jpg\" class=\"attachment-thumbnail size-thumbnail\" alt=\"\" aria-describedby=\"gallery-1-56918\" \/><\/a>\n\t\t\t<\/div>\n\t\t\t\t<figcaption class='wp-caption-text gallery-caption' id='gallery-1-56918'>\n\t\t\t\tParque de Bomberos N\u00ba 4 Casetas \/ Idom (corte B)\n\t\t\t\t<\/figcaption><\/figure><figure class='gallery-item'>\n\t\t\t<div class='gallery-icon landscape'>\n\t\t\t\t<a href='https:\/\/www.arquimaster.com.ar\/web\/wp-content\/uploads\/2020\/06\/parque_bomberos_casetas31.jpg' title=\"Parque de Bomberos N\u00ba 4 Casetas \/ Idom (corte C)\" data-rl_title=\"Parque de Bomberos N\u00ba 4 Casetas \/ Idom (corte C)\" class=\"rl-gallery-link\" data-rl_caption=\"Parque de Bomberos N\u00ba 4 Casetas \/ Idom (corte C)\" data-rel=\"lightbox-gallery-1\"><img loading=\"lazy\" decoding=\"async\" width=\"150\" height=\"150\" src=\"https:\/\/www.arquimaster.com.ar\/web\/wp-content\/uploads\/2020\/06\/parque_bomberos_casetas31-150x150.jpg\" class=\"attachment-thumbnail size-thumbnail\" alt=\"\" aria-describedby=\"gallery-1-56919\" \/><\/a>\n\t\t\t<\/div>\n\t\t\t\t<figcaption class='wp-caption-text gallery-caption' id='gallery-1-56919'>\n\t\t\t\tParque de Bomberos N\u00ba 4 Casetas \/ Idom (corte C)\n\t\t\t\t<\/figcaption><\/figure><figure class='gallery-item'>\n\t\t\t<div class='gallery-icon landscape'>\n\t\t\t\t<a href='https:\/\/www.arquimaster.com.ar\/web\/wp-content\/uploads\/2020\/06\/parque_bomberos_casetas32.jpg' title=\"Parque de Bomberos N\u00ba 4 Casetas \/ Idom (corte D)\" data-rl_title=\"Parque de Bomberos N\u00ba 4 Casetas \/ Idom (corte D)\" class=\"rl-gallery-link\" data-rl_caption=\"Parque de Bomberos N\u00ba 4 Casetas \/ Idom (corte D)\" data-rel=\"lightbox-gallery-1\"><img loading=\"lazy\" decoding=\"async\" width=\"150\" height=\"150\" src=\"https:\/\/www.arquimaster.com.ar\/web\/wp-content\/uploads\/2020\/06\/parque_bomberos_casetas32-150x150.jpg\" class=\"attachment-thumbnail size-thumbnail\" alt=\"\" aria-describedby=\"gallery-1-56920\" \/><\/a>\n\t\t\t<\/div>\n\t\t\t\t<figcaption class='wp-caption-text gallery-caption' id='gallery-1-56920'>\n\t\t\t\tParque de Bomberos N\u00ba 4 Casetas \/ Idom (corte D)\n\t\t\t\t<\/figcaption><\/figure><figure class='gallery-item'>\n\t\t\t<div class='gallery-icon landscape'>\n\t\t\t\t<a href='https:\/\/www.arquimaster.com.ar\/web\/wp-content\/uploads\/2020\/06\/parque_bomberos_casetas33.jpg' title=\"Parque de Bomberos N\u00ba 4 Casetas \/ Idom (vista noreste)\" data-rl_title=\"Parque de Bomberos N\u00ba 4 Casetas \/ Idom (vista noreste)\" class=\"rl-gallery-link\" data-rl_caption=\"Parque de Bomberos N\u00ba 4 Casetas \/ Idom (vista noreste)\" data-rel=\"lightbox-gallery-1\"><img loading=\"lazy\" decoding=\"async\" width=\"150\" height=\"150\" src=\"https:\/\/www.arquimaster.com.ar\/web\/wp-content\/uploads\/2020\/06\/parque_bomberos_casetas33-150x150.jpg\" class=\"attachment-thumbnail size-thumbnail\" alt=\"\" aria-describedby=\"gallery-1-56921\" \/><\/a>\n\t\t\t<\/div>\n\t\t\t\t<figcaption class='wp-caption-text gallery-caption' id='gallery-1-56921'>\n\t\t\t\tParque de Bomberos N\u00ba 4 Casetas \/ Idom (vista noreste)\n\t\t\t\t<\/figcaption><\/figure><figure class='gallery-item'>\n\t\t\t<div class='gallery-icon landscape'>\n\t\t\t\t<a href='https:\/\/www.arquimaster.com.ar\/web\/wp-content\/uploads\/2020\/06\/parque_bomberos_casetas34.jpg' title=\"Parque de Bomberos N\u00ba 4 Casetas \/ Idom (vista sureste)\" data-rl_title=\"Parque de Bomberos N\u00ba 4 Casetas \/ Idom (vista sureste)\" class=\"rl-gallery-link\" data-rl_caption=\"Parque de Bomberos N\u00ba 4 Casetas \/ Idom (vista sureste)\" data-rel=\"lightbox-gallery-1\"><img loading=\"lazy\" decoding=\"async\" width=\"150\" height=\"150\" src=\"https:\/\/www.arquimaster.com.ar\/web\/wp-content\/uploads\/2020\/06\/parque_bomberos_casetas34-150x150.jpg\" class=\"attachment-thumbnail size-thumbnail\" alt=\"\" aria-describedby=\"gallery-1-56922\" \/><\/a>\n\t\t\t<\/div>\n\t\t\t\t<figcaption class='wp-caption-text gallery-caption' id='gallery-1-56922'>\n\t\t\t\tParque de Bomberos N\u00ba 4 Casetas \/ Idom (vista sureste)\n\t\t\t\t<\/figcaption><\/figure><figure class='gallery-item'>\n\t\t\t<div class='gallery-icon landscape'>\n\t\t\t\t<a href='https:\/\/www.arquimaster.com.ar\/web\/wp-content\/uploads\/2020\/06\/parque_bomberos_casetas35.jpg' title=\"Parque de Bomberos N\u00ba 4 Casetas \/ Idom (vista suroeste)\" data-rl_title=\"Parque de Bomberos N\u00ba 4 Casetas \/ Idom (vista suroeste)\" class=\"rl-gallery-link\" data-rl_caption=\"Parque de Bomberos N\u00ba 4 Casetas \/ Idom (vista suroeste)\" data-rel=\"lightbox-gallery-1\"><img loading=\"lazy\" decoding=\"async\" width=\"150\" height=\"150\" src=\"https:\/\/www.arquimaster.com.ar\/web\/wp-content\/uploads\/2020\/06\/parque_bomberos_casetas35-150x150.jpg\" class=\"attachment-thumbnail size-thumbnail\" alt=\"\" aria-describedby=\"gallery-1-56923\" \/><\/a>\n\t\t\t<\/div>\n\t\t\t\t<figcaption class='wp-caption-text gallery-caption' id='gallery-1-56923'>\n\t\t\t\tParque de Bomberos N\u00ba 4 Casetas \/ Idom (vista suroeste)\n\t\t\t\t<\/figcaption><\/figure><figure class='gallery-item'>\n\t\t\t<div class='gallery-icon landscape'>\n\t\t\t\t<a href='https:\/\/www.arquimaster.com.ar\/web\/wp-content\/uploads\/2020\/06\/parque_bomberos_casetas36.jpg' title=\"Parque de Bomberos N\u00ba 4 Casetas \/ Idom (vista noroeste)\" data-rl_title=\"Parque de Bomberos N\u00ba 4 Casetas \/ Idom (vista noroeste)\" class=\"rl-gallery-link\" data-rl_caption=\"Parque de Bomberos N\u00ba 4 Casetas \/ Idom (vista noroeste)\" data-rel=\"lightbox-gallery-1\"><img loading=\"lazy\" decoding=\"async\" width=\"150\" height=\"150\" src=\"https:\/\/www.arquimaster.com.ar\/web\/wp-content\/uploads\/2020\/06\/parque_bomberos_casetas36-150x150.jpg\" class=\"attachment-thumbnail size-thumbnail\" alt=\"\" aria-describedby=\"gallery-1-56924\" \/><\/a>\n\t\t\t<\/div>\n\t\t\t\t<figcaption class='wp-caption-text gallery-caption' id='gallery-1-56924'>\n\t\t\t\tParque de Bomberos N\u00ba 4 Casetas \/ Idom (vista noroeste)\n\t\t\t\t<\/figcaption><\/figure><figure class='gallery-item'>\n\t\t\t<div class='gallery-icon landscape'>\n\t\t\t\t<a href='https:\/\/www.arquimaster.com.ar\/web\/wp-content\/uploads\/2020\/06\/parque_bomberos_casetas37.jpg' title=\"Parque de Bomberos N\u00ba 4 Casetas \/ Idom (implantacion)\" data-rl_title=\"Parque de Bomberos N\u00ba 4 Casetas \/ Idom (implantacion)\" class=\"rl-gallery-link\" data-rl_caption=\"Parque de Bomberos N\u00ba 4 Casetas \/ Idom (implantacion)\" data-rel=\"lightbox-gallery-1\"><img loading=\"lazy\" decoding=\"async\" width=\"150\" height=\"150\" src=\"https:\/\/www.arquimaster.com.ar\/web\/wp-content\/uploads\/2020\/06\/parque_bomberos_casetas37-150x150.jpg\" class=\"attachment-thumbnail size-thumbnail\" alt=\"\" aria-describedby=\"gallery-1-56925\" \/><\/a>\n\t\t\t<\/div>\n\t\t\t\t<figcaption class='wp-caption-text gallery-caption' id='gallery-1-56925'>\n\t\t\t\tParque de Bomberos N\u00ba 4 Casetas \/ Idom (implantacion)\n\t\t\t\t<\/figcaption><\/figure>\n\t\t<\/div>\n\n<p>La parcela se sit\u00faa en el extremo oeste del barrio urbano de Casetas, en Zaragoza, y presenta una depresi\u00f3n de aproximadamente 1 metro bajo la rasante del vial principal de acceso. Ocupa una posici\u00f3n no dominante en una zona deprimida destinada a equipamientos del barrio. El edificio responde a esta circunstancia con un volumen en altura en formaci\u00f3n de Torre. La Torre corona con una antena de telecomunicaciones que garantiza la eficiencia e independencia del servicio de emergencia.<\/p>\n<p>Este equipamiento atender\u00e1 durante las 24 horas del d\u00eda las situaciones de emergencia que se puedan producir en el \u00e1rea 4, que comprende los barrios de Casetas, Garrapinillos, Monzalbarba y Alfocea, as\u00ed como los municipios del entorno, Utebo, Torres de Berrell\u00e9n o Sobradiel, entre otros.<\/p>\n<p>El Programa de necesidades exig\u00eda espacios de servicio, dormitorios, aseos y vestuarios, que se relacionaban con los espacios principales destinados a la gesti\u00f3n administrativa del parque, al almacenamiento de material y al dep\u00f3sito y estacionamiento de los veh\u00edculos de emergencia.<\/p>\n<p>Se complementaba dicho programa con un gimnasio y un comedor que deb\u00edan de estar situados en planta baja, as\u00ed como un espacio exterior de aparcamiento y circulaci\u00f3n de veh\u00edculos pesados, que permitiese el correcto acceso y salida de los veh\u00edculos de emergencia. Una antena de telecomunicaciones en altura y grupos electr\u00f3genos de emergencia junto con las instalaciones especiales del parque completaba el programa de necesidades.<\/p>\n<p>El Edificio est\u00e1 formado por tres vol\u00famenes de diferente altura, que permiten usos diferentes en funci\u00f3n de su tipolog\u00eda. Cada uno de ellos tiene accesos diferenciados para peatones o para veh\u00edculos y est\u00e1n relacionados entre s\u00ed a trav\u00e9s del Patio y de la escalera de la Torre.<\/p>\n<p>Volum\u00e9tricamente, el edificio puede explicarse como un z\u00f3calo, que recoge todas las circulaciones y servicios, sobre el que se apoyan dos vol\u00famenes: el volumen de la Torre y el volumen de la Nave, que gestiona los veh\u00edculos de emergencia.<\/p>\n<p>La mayor parte del edificio se desarrolla en planta baja, en la que se disponen los distintos espacios integrados en un conjunto de lectura unitaria. Los materiales de fachada armonizan el conjunto creando un juego volum\u00e9trico en el que los distintos usos se van maclando.<\/p>\n<p>La distribuci\u00f3n de espacios y dimensionado de usos responde a criterios y condiciones funcionales en los que la operativa de los Bomberos y los requerimientos del Servicio Contra Incendios de Salvamento y Protecci\u00f3n Civil dibujan una planta ordenada entorno a un espacio central que aporta luz natural y ventilaci\u00f3n al conjunto. Esta zona central est\u00e1 compuesta por un patio y un gimnasio que se materializan en un espacio continuo que act\u00faa como aut\u00e9ntico pulm\u00f3n del edificio.<\/p>\n<p>Este nuevo equipamiento se desarrolla principalmente en la planta baja, albergando las distintas salas de estancia, vestuarios, centro de comunicaciones, dormitorios, gimnasio, etc. En las plantas superiores y cubierta se ubican peque\u00f1os cuartos de instalaciones y almac\u00e9n que configuran una torre que remata el conjunto como elemento ic\u00f3nico integrador de la antena de comunicaciones.<\/p>\n<p>La Torre alberga todas las infraestructuras e instalaciones del centro, de modo que el resto de cubiertas del edificio se liberan de cualquier tipo de instalaci\u00f3n siendo concebidas como la quinta fachada del proyecto.<\/p>\n<p>La Nave, como contenedor de veh\u00edculos, se une a los espacios de servicio y otros usos a trav\u00e9s de un patio que articula y ordena el edificio. Se abre hacia el patio de maniobras, en conexi\u00f3n con la rotonda de la Avenida de Zaragoza, desde la que se dispone de una r\u00e1pida accesibilidad al barrio de Casetas y a las zonas industriales colindantes.<\/p>\n<p>El Patio se sit\u00faa en una posici\u00f3n central, en planta baja, y act\u00faa como pieza articuladora del espacio que permite entender el funcionamiento del edificio en su conjunto. Los espacios de circulaci\u00f3n se desarrollan entorno al patio provocando constantemente la relaci\u00f3n entre los espacios de infraestructura, los espacios de servicio y los espacios de estacionamiento de veh\u00edculos, apareciendo los veh\u00edculos de emergencia como tel\u00f3n de fondo de las actividades del gimnasio y de las salas administrativas y de control.<\/p>\n<p><strong>Ficha tecnica<\/strong><br \/>Nombre: Parque de Bomberos N\u00ba 4<br \/>Ubicacion: Avenida de Zaragoza, Casetas, Zaragoza, Espa\u00f1a<br \/>Estudio: IDOM<br \/>Cliente: Ayuntamiento de Zaragoza<br \/>Director de Proyecto: Antonio Lor\u00e9n Collado, Raimundo Bamb\u00f3 Naya, Jos\u00e9 Angel Ruiz Gonzalez<br \/>Arquitectos colaboradores: Nuria Montero Garc\u00eda, Alejandro L\u00f3pez P\u00e8rez<br \/>Gesti\u00f3n del Proyecto: Antonio Lor\u00e9n Collado, <br \/>Costes: Rub\u00e9n P\u00e9rez de Marcos, Jes\u00fas Gil Finestra, Alejandro Arnedo<br \/>Estructuras: Alberto Ayensa, Javier Bentu\u00e9<br \/>Climatizaci\u00f3n: Jorge Guill\u00e9n Ferrer<br \/>Luz: Fernando Catalan Herreros <br \/>Agua: Jorge Guill\u00e9n Ferrer<br \/>Electricidad: Fernando Catalan Herreros<br \/>Telecomunicaciones: Diana L\u00f3pez Mart\u00ednez<br \/>Fuego: Diego Abril<br \/>Ac\u00fastica: Raimundo Bamb\u00f3 Naya<br \/>Sostenibilidad: Jorge Guill\u00e9n Ferrer<br \/>CAD: Sergio Cubero Belenguer<br \/>Direcci\u00f3n de Obra: Mar\u00eda Pilar Hernando, Antonio Lor\u00e9n Collado, Jos\u00e9 Angel Ruiz Gonzalez<br \/>Direcci\u00f3n de Ejecuci\u00f3n de Obra: Ana Villacampa<br \/>Gesti\u00f3n de Obra: Jos\u00e9 Angel Ruiz Gonzalez<br \/>Constructor: MLN Mariano L\u00f3pez Navarro<br \/>Superficie aproximada: 1.245 m2<br \/>Fecha de proyecto: Dic2009\/Oct2010 y Jun2016\/Jul2016<br \/>Fecha de ejecucion de obra: May2017\/Sept2018<br \/>Fotograf\u00edas: I\u00f1aki Bergera<\/p>\n<p><strong>Contacto<\/strong><br \/><a href=\"http:\/\/www.idom.com\" target=\"_blank\" rel=\"noopener noreferrer\">http:\/\/www.idom.com<\/a><\/p>\n\n\n<div style=\"height:20px\" aria-hidden=\"true\" class=\"wp-block-spacer\"><\/div>\n\n\n<p><strong><em>English version<\/em><\/strong><\/p>\n<p><strong><em>Fire Station N\u00ba 4 Casetas<\/em><\/strong><br><em>Zaragoza (Spain)<\/em><\/p>\n<p><em>Fire Station N\u00ba 4, Avda. de Zaragoza in the Casetas neighborhood, is located on a publicly owned plot next to the Casetas municipal swimming pools, in a well-connected area, which allows speedy emergency exits. The site in which the designed building is located has a rectangular geometry, 70 meters wide by an average of 115 longitudinal meters. Its total area is 8,000 m2. On the site, an L-shaped building with a total area of 1,245 m2 has been built, of which 523 correspond to the vehicle garage, and 722 m2 are for office use and living quarters.<\/em><\/p>\n<p><em>The Plot is located at the western end of the Casetas urban neighborhood in Zaragoza and has a depression of approximately 1 meter below the grade of the main access road. It occupies a non-dominant position, in a depressed area destined for neighborhood amenities. The building responds to this circumstance with a towering height volume. The Tower is crowned with a telecommunications antenna that guarantees the efficiency and independence of the emergency service.<\/em><\/p>\n<p><em>Working 24 hours a day, this facility will attend emergency situations that may occur in area 4, which includes the neighborhoods of Casetas, Garrapinillos, Monzalbarba and Alfocea, as well as the surrounding municipalities, Utebo, Torres de Berrell\u00e9n or Sobradiel, among others.<\/em><\/p>\n<p><em>The Needs Program required service spaces, bedrooms, toilets and changing rooms, which were related to the main spaces intended for the administrative management of the station, materials storage, and the storage and parking of emergency vehicles. This program was complemented by a gym and a dining room that had to be located on the ground floor, as well as an outdoor space for parking and the circulation of heavy vehicles, which allowed the correct access and exit of emergency vehicles. An overhead telecommunications antenna and emergency generator along with the facility&#8217;s specific installations, completed the needs program.<\/em><\/p>\n<p><em>The Building is made up of three volumes of different heights, which allow different uses depending on their typology. Each one has different accesses for pedestrians or for vehicles and they are interconnected through the courtyard and the Tower staircase.<\/em><\/p>\n<p><em>Volumetrically, the building can be explained as a plinth that gathers all the circulations and services, on which two volumes rest. The volume of the Tower and the volume of the garage that manages emergency vehicles.<\/em><\/p>\n<p><em>Most of the building is developed on the ground floor, where the different spaces integrated into an impression of unity. The materials of the facade harmonize the whole, creating a volumetric game in which the different uses are combined.<\/em><\/p>\n<p><em>The distribution of spaces and dimensioning of uses responds to functional criteria and conditions in which the operations of the Fire Brigade and the requirements of the Fire Rescue and Civil Protection Service draw an orderly plan around a central space that provides natural light and ventilation. This central area is made up of a courtyard and a gymnasium that materialize in a continuous space that acts as the real lung of the building.<\/em><\/p>\n<p><em>This new amenity is developed mainly on the ground floor, housing the different living quarters, changing rooms, communication center, bedrooms, gym, etc. On the upper floors and on the roof, there are small rooms for installations and a warehouse that configure a tower and which completes the complex as an iconic element that integrates the communications antenna.<\/em><\/p>\n<p><em>The Tower houses all the infrastructures and installations of the center, so that the rest of the building&#8217;s roof is free of any type of installation, being conceived as the fifth fa\u00e7ade of the project.<\/em><\/p>\n<p><em>The Garage as a container for vehicles, joins the service spaces and other uses through a courtyard that articulates and orders the building. It opens onto the maneuvering yard, in connection with the Avenida de Zaragoza roundabout, from which there is quick accessibility to the Casetas neighborhood and the adjacent industrial areas.<\/em><\/p>\n<p><em>The Courtyard is located in a central position, on the ground floor and acts as an articulating piece, a space that allows us to understand the operation of the building as a whole. Circulation spaces develop around the courtyard, constantly causing the relationship between infrastructure spaces, service spaces and vehicle parking bays, with emergency vehicles appearing as the backdrop for gym activities and administrative rooms and control.<\/em><\/p>\n<div style=\"font-size: 0px; height: 0px; line-height: 0px; margin: 0; padding: 0; clear: both;\"><\/div><div style=\"margin-top: 0px; margin-bottom: 0px;\" class=\"sharethis-inline-share-buttons\" ><\/div>","protected":false},"excerpt":{"rendered":"<p>Volum\u00e9tricamente, el edificio puede explicarse como un z\u00f3calo donde apoyan dos vol\u00famenes&#8230;<\/p>\n","protected":false},"author":1,"featured_media":56888,"comment_status":"closed","ping_status":"closed","sticky":false,"template":"","format":"standard","meta":{"_uag_custom_page_level_css":"","footnotes":""},"categories":[3767,1],"tags":[6101,6104,104,6102,1467,6103,1520],"class_list":["post-56887","post","type-post","status-publish","format-standard","has-post-thumbnail","hentry","category-arquitectura-institucional","category-proyecto","tag-bomberos","tag-cuartel-de-bomberos","tag-espana","tag-estacion-de-bomberos","tag-idom","tag-parque-de-bomberos","tag-zaragoza","generate-columns","tablet-grid-50","mobile-grid-100","grid-parent","grid-50"],"yoast_head":"<!-- This site is optimized with the Yoast SEO plugin v27.3 - https:\/\/yoast.com\/product\/yoast-seo-wordpress\/ -->\n<title>Parque de Bomberos N\u00ba 4 Casetas \/ IDOM - Arquimaster<\/title>\n<meta name=\"description\" content=\"Volum\u00e9tricamente, el edificio puede explicarse como un z\u00f3calo, que recoge todas las circulaciones y servicios, sobre el que se apoyan dos vol\u00famenes: el volumen de la Torre y el volumen de la Nave, que gestiona los veh\u00edculos de emergencia.\" \/>\n<meta name=\"robots\" content=\"index, follow, max-snippet:-1, max-image-preview:large, max-video-preview:-1\" \/>\n<link rel=\"canonical\" href=\"https:\/\/www.arquimaster.com.ar\/web\/parque-de-bomberos-no-4-casetas-idom\/\" \/>\n<meta property=\"og:locale\" content=\"es_ES\" \/>\n<meta property=\"og:type\" content=\"article\" \/>\n<meta property=\"og:title\" content=\"Parque de Bomberos N\u00ba 4 Casetas \/ Idom\" \/>\n<meta property=\"og:description\" content=\"Volum\u00e9tricamente, el edificio puede explicarse como un z\u00f3calo, que recoge todas las circulaciones y servicios, sobre el que se apoyan dos vol\u00famenes: el volumen de la Torre y el volumen de la Nave, que gestiona los veh\u00edculos de emergencia.\" \/>\n<meta property=\"og:url\" content=\"https:\/\/www.arquimaster.com.ar\/web\/parque-de-bomberos-no-4-casetas-idom\/\" \/>\n<meta property=\"og:site_name\" content=\"Arquimaster\" \/>\n<meta property=\"article:publisher\" content=\"http:\/\/www.facebook.com\/ARQUIMASTER.com.ar\" \/>\n<meta property=\"article:published_time\" content=\"2020-06-27T02:04:40+00:00\" \/>\n<meta property=\"article:modified_time\" content=\"2022-02-23T17:48:17+00:00\" \/>\n<meta property=\"og:image\" content=\"https:\/\/www.arquimaster.com.ar\/web\/wp-content\/uploads\/2020\/06\/parque_bomberos_casetas_slide.jpg\" \/>\n\t<meta property=\"og:image:width\" content=\"698\" \/>\n\t<meta property=\"og:image:height\" content=\"364\" \/>\n\t<meta property=\"og:image:type\" content=\"image\/jpeg\" \/>\n<meta name=\"author\" content=\"Arquimaster\" \/>\n<meta name=\"twitter:card\" content=\"summary_large_image\" \/>\n<meta name=\"twitter:title\" content=\"Parque de Bomberos N\u00ba 4 Casetas \/ Idom\" \/>\n<meta name=\"twitter:description\" content=\"Volum\u00e9tricamente, el edificio puede explicarse como un z\u00f3calo, que recoge todas las circulaciones y servicios, sobre el que se apoyan dos vol\u00famenes: el volumen de la Torre y el volumen de la Nave, que gestiona los veh\u00edculos de emergencia.\" \/>\n<meta name=\"twitter:image\" content=\"https:\/\/www.arquimaster.com.ar\/web\/wp-content\/uploads\/2020\/06\/parque_bomberos_casetas_slide.jpg\" \/>\n<meta name=\"twitter:creator\" content=\"@arquimaster\" \/>\n<meta name=\"twitter:site\" content=\"@arquimaster\" \/>\n<meta name=\"twitter:label1\" content=\"Escrito por\" \/>\n\t<meta name=\"twitter:data1\" content=\"Arquimaster\" \/>\n\t<meta name=\"twitter:label2\" content=\"Tiempo de lectura\" \/>\n\t<meta name=\"twitter:data2\" content=\"8 minutos\" \/>\n<script type=\"application\/ld+json\" class=\"yoast-schema-graph\">{\"@context\":\"https:\\\/\\\/schema.org\",\"@graph\":[{\"@type\":\"Article\",\"@id\":\"https:\\\/\\\/www.arquimaster.com.ar\\\/web\\\/parque-de-bomberos-no-4-casetas-idom\\\/#article\",\"isPartOf\":{\"@id\":\"https:\\\/\\\/www.arquimaster.com.ar\\\/web\\\/parque-de-bomberos-no-4-casetas-idom\\\/\"},\"author\":{\"name\":\"Arquimaster\",\"@id\":\"https:\\\/\\\/www.arquimaster.com.ar\\\/web\\\/#\\\/schema\\\/person\\\/359e9f7c00193fcde068e0dd2ceb0028\"},\"headline\":\"Parque de Bomberos N\u00ba 4 Casetas \\\/ IDOM\",\"datePublished\":\"2020-06-27T02:04:40+00:00\",\"dateModified\":\"2022-02-23T17:48:17+00:00\",\"mainEntityOfPage\":{\"@id\":\"https:\\\/\\\/www.arquimaster.com.ar\\\/web\\\/parque-de-bomberos-no-4-casetas-idom\\\/\"},\"wordCount\":1722,\"publisher\":{\"@id\":\"https:\\\/\\\/www.arquimaster.com.ar\\\/web\\\/#organization\"},\"image\":{\"@id\":\"https:\\\/\\\/www.arquimaster.com.ar\\\/web\\\/parque-de-bomberos-no-4-casetas-idom\\\/#primaryimage\"},\"thumbnailUrl\":\"https:\\\/\\\/www.arquimaster.com.ar\\\/web\\\/wp-content\\\/uploads\\\/2020\\\/06\\\/parque_bomberos_casetas_slide.jpg\",\"keywords\":[\"bomberos\",\"cuartel de bomberos\",\"Espa\u00f1a\",\"estacion de bomberos\",\"IDOM\",\"parque de bomberos\",\"Zaragoza\"],\"articleSection\":[\"Arquitectura institucional\",\"Proyecto\"],\"inLanguage\":\"es\"},{\"@type\":\"WebPage\",\"@id\":\"https:\\\/\\\/www.arquimaster.com.ar\\\/web\\\/parque-de-bomberos-no-4-casetas-idom\\\/\",\"url\":\"https:\\\/\\\/www.arquimaster.com.ar\\\/web\\\/parque-de-bomberos-no-4-casetas-idom\\\/\",\"name\":\"Parque de Bomberos N\u00ba 4 Casetas \\\/ IDOM - Arquimaster\",\"isPartOf\":{\"@id\":\"https:\\\/\\\/www.arquimaster.com.ar\\\/web\\\/#website\"},\"primaryImageOfPage\":{\"@id\":\"https:\\\/\\\/www.arquimaster.com.ar\\\/web\\\/parque-de-bomberos-no-4-casetas-idom\\\/#primaryimage\"},\"image\":{\"@id\":\"https:\\\/\\\/www.arquimaster.com.ar\\\/web\\\/parque-de-bomberos-no-4-casetas-idom\\\/#primaryimage\"},\"thumbnailUrl\":\"https:\\\/\\\/www.arquimaster.com.ar\\\/web\\\/wp-content\\\/uploads\\\/2020\\\/06\\\/parque_bomberos_casetas_slide.jpg\",\"datePublished\":\"2020-06-27T02:04:40+00:00\",\"dateModified\":\"2022-02-23T17:48:17+00:00\",\"description\":\"Volum\u00e9tricamente, el edificio puede explicarse como un z\u00f3calo, que recoge todas las circulaciones y servicios, sobre el que se apoyan dos vol\u00famenes: el volumen de la Torre y el volumen de la Nave, que gestiona los veh\u00edculos de emergencia.\",\"breadcrumb\":{\"@id\":\"https:\\\/\\\/www.arquimaster.com.ar\\\/web\\\/parque-de-bomberos-no-4-casetas-idom\\\/#breadcrumb\"},\"inLanguage\":\"es\",\"potentialAction\":[{\"@type\":\"ReadAction\",\"target\":[\"https:\\\/\\\/www.arquimaster.com.ar\\\/web\\\/parque-de-bomberos-no-4-casetas-idom\\\/\"]}]},{\"@type\":\"ImageObject\",\"inLanguage\":\"es\",\"@id\":\"https:\\\/\\\/www.arquimaster.com.ar\\\/web\\\/parque-de-bomberos-no-4-casetas-idom\\\/#primaryimage\",\"url\":\"https:\\\/\\\/www.arquimaster.com.ar\\\/web\\\/wp-content\\\/uploads\\\/2020\\\/06\\\/parque_bomberos_casetas_slide.jpg\",\"contentUrl\":\"https:\\\/\\\/www.arquimaster.com.ar\\\/web\\\/wp-content\\\/uploads\\\/2020\\\/06\\\/parque_bomberos_casetas_slide.jpg\",\"width\":698,\"height\":364},{\"@type\":\"BreadcrumbList\",\"@id\":\"https:\\\/\\\/www.arquimaster.com.ar\\\/web\\\/parque-de-bomberos-no-4-casetas-idom\\\/#breadcrumb\",\"itemListElement\":[{\"@type\":\"ListItem\",\"position\":1,\"name\":\"Portada\",\"item\":\"https:\\\/\\\/www.arquimaster.com.ar\\\/web\\\/\"},{\"@type\":\"ListItem\",\"position\":2,\"name\":\"Parque de Bomberos N\u00ba 4 Casetas \\\/ IDOM\"}]},{\"@type\":\"WebSite\",\"@id\":\"https:\\\/\\\/www.arquimaster.com.ar\\\/web\\\/#website\",\"url\":\"https:\\\/\\\/www.arquimaster.com.ar\\\/web\\\/\",\"name\":\"Arquimaster\",\"description\":\"Web de arquitectura, dise\u00f1o y construccion\",\"publisher\":{\"@id\":\"https:\\\/\\\/www.arquimaster.com.ar\\\/web\\\/#organization\"},\"potentialAction\":[{\"@type\":\"SearchAction\",\"target\":{\"@type\":\"EntryPoint\",\"urlTemplate\":\"https:\\\/\\\/www.arquimaster.com.ar\\\/web\\\/?s={search_term_string}\"},\"query-input\":{\"@type\":\"PropertyValueSpecification\",\"valueRequired\":true,\"valueName\":\"search_term_string\"}}],\"inLanguage\":\"es\"},{\"@type\":\"Organization\",\"@id\":\"https:\\\/\\\/www.arquimaster.com.ar\\\/web\\\/#organization\",\"name\":\"Arquimaster\",\"url\":\"https:\\\/\\\/www.arquimaster.com.ar\\\/web\\\/\",\"logo\":{\"@type\":\"ImageObject\",\"inLanguage\":\"es\",\"@id\":\"https:\\\/\\\/www.arquimaster.com.ar\\\/web\\\/#\\\/schema\\\/logo\\\/image\\\/\",\"url\":\"https:\\\/\\\/www.arquimaster.com.ar\\\/web\\\/wp-content\\\/uploads\\\/2022\\\/06\\\/arquimaster.png\",\"contentUrl\":\"https:\\\/\\\/www.arquimaster.com.ar\\\/web\\\/wp-content\\\/uploads\\\/2022\\\/06\\\/arquimaster.png\",\"width\":594,\"height\":78,\"caption\":\"Arquimaster\"},\"image\":{\"@id\":\"https:\\\/\\\/www.arquimaster.com.ar\\\/web\\\/#\\\/schema\\\/logo\\\/image\\\/\"},\"sameAs\":[\"http:\\\/\\\/www.facebook.com\\\/ARQUIMASTER.com.ar\",\"https:\\\/\\\/x.com\\\/arquimaster\",\"https:\\\/\\\/www.instagram.com\\\/arquimasterblog\\\/\",\"https:\\\/\\\/www.linkedin.com\\\/company\\\/arquimaster\",\"https:\\\/\\\/www.pinterest.com\\\/arquimaster\",\"https:\\\/\\\/t.me\\\/arquimaster\"]},{\"@type\":\"Person\",\"@id\":\"https:\\\/\\\/www.arquimaster.com.ar\\\/web\\\/#\\\/schema\\\/person\\\/359e9f7c00193fcde068e0dd2ceb0028\",\"name\":\"Arquimaster\"}]}<\/script>\n<!-- \/ Yoast SEO plugin. -->","yoast_head_json":{"title":"Parque de Bomberos N\u00ba 4 Casetas \/ IDOM - Arquimaster","description":"Volum\u00e9tricamente, el edificio puede explicarse como un z\u00f3calo, que recoge todas las circulaciones y servicios, sobre el que se apoyan dos vol\u00famenes: el volumen de la Torre y el volumen de la Nave, que gestiona los veh\u00edculos de emergencia.","robots":{"index":"index","follow":"follow","max-snippet":"max-snippet:-1","max-image-preview":"max-image-preview:large","max-video-preview":"max-video-preview:-1"},"canonical":"https:\/\/www.arquimaster.com.ar\/web\/parque-de-bomberos-no-4-casetas-idom\/","og_locale":"es_ES","og_type":"article","og_title":"Parque de Bomberos N\u00ba 4 Casetas \/ Idom","og_description":"Volum\u00e9tricamente, el edificio puede explicarse como un z\u00f3calo, que recoge todas las circulaciones y servicios, sobre el que se apoyan dos vol\u00famenes: el volumen de la Torre y el volumen de la Nave, que gestiona los veh\u00edculos de emergencia.","og_url":"https:\/\/www.arquimaster.com.ar\/web\/parque-de-bomberos-no-4-casetas-idom\/","og_site_name":"Arquimaster","article_publisher":"http:\/\/www.facebook.com\/ARQUIMASTER.com.ar","article_published_time":"2020-06-27T02:04:40+00:00","article_modified_time":"2022-02-23T17:48:17+00:00","og_image":[{"width":698,"height":364,"url":"https:\/\/www.arquimaster.com.ar\/web\/wp-content\/uploads\/2020\/06\/parque_bomberos_casetas_slide.jpg","type":"image\/jpeg"}],"author":"Arquimaster","twitter_card":"summary_large_image","twitter_title":"Parque de Bomberos N\u00ba 4 Casetas \/ Idom","twitter_description":"Volum\u00e9tricamente, el edificio puede explicarse como un z\u00f3calo, que recoge todas las circulaciones y servicios, sobre el que se apoyan dos vol\u00famenes: el volumen de la Torre y el volumen de la Nave, que gestiona los veh\u00edculos de emergencia.","twitter_image":"https:\/\/www.arquimaster.com.ar\/web\/wp-content\/uploads\/2020\/06\/parque_bomberos_casetas_slide.jpg","twitter_creator":"@arquimaster","twitter_site":"@arquimaster","twitter_misc":{"Escrito por":"Arquimaster","Tiempo de lectura":"8 minutos"},"schema":{"@context":"https:\/\/schema.org","@graph":[{"@type":"Article","@id":"https:\/\/www.arquimaster.com.ar\/web\/parque-de-bomberos-no-4-casetas-idom\/#article","isPartOf":{"@id":"https:\/\/www.arquimaster.com.ar\/web\/parque-de-bomberos-no-4-casetas-idom\/"},"author":{"name":"Arquimaster","@id":"https:\/\/www.arquimaster.com.ar\/web\/#\/schema\/person\/359e9f7c00193fcde068e0dd2ceb0028"},"headline":"Parque de Bomberos N\u00ba 4 Casetas \/ IDOM","datePublished":"2020-06-27T02:04:40+00:00","dateModified":"2022-02-23T17:48:17+00:00","mainEntityOfPage":{"@id":"https:\/\/www.arquimaster.com.ar\/web\/parque-de-bomberos-no-4-casetas-idom\/"},"wordCount":1722,"publisher":{"@id":"https:\/\/www.arquimaster.com.ar\/web\/#organization"},"image":{"@id":"https:\/\/www.arquimaster.com.ar\/web\/parque-de-bomberos-no-4-casetas-idom\/#primaryimage"},"thumbnailUrl":"https:\/\/www.arquimaster.com.ar\/web\/wp-content\/uploads\/2020\/06\/parque_bomberos_casetas_slide.jpg","keywords":["bomberos","cuartel de bomberos","Espa\u00f1a","estacion de bomberos","IDOM","parque de bomberos","Zaragoza"],"articleSection":["Arquitectura institucional","Proyecto"],"inLanguage":"es"},{"@type":"WebPage","@id":"https:\/\/www.arquimaster.com.ar\/web\/parque-de-bomberos-no-4-casetas-idom\/","url":"https:\/\/www.arquimaster.com.ar\/web\/parque-de-bomberos-no-4-casetas-idom\/","name":"Parque de Bomberos N\u00ba 4 Casetas \/ IDOM - Arquimaster","isPartOf":{"@id":"https:\/\/www.arquimaster.com.ar\/web\/#website"},"primaryImageOfPage":{"@id":"https:\/\/www.arquimaster.com.ar\/web\/parque-de-bomberos-no-4-casetas-idom\/#primaryimage"},"image":{"@id":"https:\/\/www.arquimaster.com.ar\/web\/parque-de-bomberos-no-4-casetas-idom\/#primaryimage"},"thumbnailUrl":"https:\/\/www.arquimaster.com.ar\/web\/wp-content\/uploads\/2020\/06\/parque_bomberos_casetas_slide.jpg","datePublished":"2020-06-27T02:04:40+00:00","dateModified":"2022-02-23T17:48:17+00:00","description":"Volum\u00e9tricamente, el edificio puede explicarse como un z\u00f3calo, que recoge todas las circulaciones y servicios, sobre el que se apoyan dos vol\u00famenes: el volumen de la Torre y el volumen de la Nave, que gestiona los veh\u00edculos de emergencia.","breadcrumb":{"@id":"https:\/\/www.arquimaster.com.ar\/web\/parque-de-bomberos-no-4-casetas-idom\/#breadcrumb"},"inLanguage":"es","potentialAction":[{"@type":"ReadAction","target":["https:\/\/www.arquimaster.com.ar\/web\/parque-de-bomberos-no-4-casetas-idom\/"]}]},{"@type":"ImageObject","inLanguage":"es","@id":"https:\/\/www.arquimaster.com.ar\/web\/parque-de-bomberos-no-4-casetas-idom\/#primaryimage","url":"https:\/\/www.arquimaster.com.ar\/web\/wp-content\/uploads\/2020\/06\/parque_bomberos_casetas_slide.jpg","contentUrl":"https:\/\/www.arquimaster.com.ar\/web\/wp-content\/uploads\/2020\/06\/parque_bomberos_casetas_slide.jpg","width":698,"height":364},{"@type":"BreadcrumbList","@id":"https:\/\/www.arquimaster.com.ar\/web\/parque-de-bomberos-no-4-casetas-idom\/#breadcrumb","itemListElement":[{"@type":"ListItem","position":1,"name":"Portada","item":"https:\/\/www.arquimaster.com.ar\/web\/"},{"@type":"ListItem","position":2,"name":"Parque de Bomberos N\u00ba 4 Casetas \/ IDOM"}]},{"@type":"WebSite","@id":"https:\/\/www.arquimaster.com.ar\/web\/#website","url":"https:\/\/www.arquimaster.com.ar\/web\/","name":"Arquimaster","description":"Web de arquitectura, dise\u00f1o y construccion","publisher":{"@id":"https:\/\/www.arquimaster.com.ar\/web\/#organization"},"potentialAction":[{"@type":"SearchAction","target":{"@type":"EntryPoint","urlTemplate":"https:\/\/www.arquimaster.com.ar\/web\/?s={search_term_string}"},"query-input":{"@type":"PropertyValueSpecification","valueRequired":true,"valueName":"search_term_string"}}],"inLanguage":"es"},{"@type":"Organization","@id":"https:\/\/www.arquimaster.com.ar\/web\/#organization","name":"Arquimaster","url":"https:\/\/www.arquimaster.com.ar\/web\/","logo":{"@type":"ImageObject","inLanguage":"es","@id":"https:\/\/www.arquimaster.com.ar\/web\/#\/schema\/logo\/image\/","url":"https:\/\/www.arquimaster.com.ar\/web\/wp-content\/uploads\/2022\/06\/arquimaster.png","contentUrl":"https:\/\/www.arquimaster.com.ar\/web\/wp-content\/uploads\/2022\/06\/arquimaster.png","width":594,"height":78,"caption":"Arquimaster"},"image":{"@id":"https:\/\/www.arquimaster.com.ar\/web\/#\/schema\/logo\/image\/"},"sameAs":["http:\/\/www.facebook.com\/ARQUIMASTER.com.ar","https:\/\/x.com\/arquimaster","https:\/\/www.instagram.com\/arquimasterblog\/","https:\/\/www.linkedin.com\/company\/arquimaster","https:\/\/www.pinterest.com\/arquimaster","https:\/\/t.me\/arquimaster"]},{"@type":"Person","@id":"https:\/\/www.arquimaster.com.ar\/web\/#\/schema\/person\/359e9f7c00193fcde068e0dd2ceb0028","name":"Arquimaster"}]}},"uagb_featured_image_src":{"full":["https:\/\/www.arquimaster.com.ar\/web\/wp-content\/uploads\/2020\/06\/parque_bomberos_casetas_slide.jpg",698,364,false],"thumbnail":["https:\/\/www.arquimaster.com.ar\/web\/wp-content\/uploads\/2020\/06\/parque_bomberos_casetas_slide-150x150.jpg",150,150,true],"medium":["https:\/\/www.arquimaster.com.ar\/web\/wp-content\/uploads\/2020\/06\/parque_bomberos_casetas_slide.jpg",698,364,false],"medium_large":["https:\/\/www.arquimaster.com.ar\/web\/wp-content\/uploads\/2020\/06\/parque_bomberos_casetas_slide.jpg",698,364,false],"large":["https:\/\/www.arquimaster.com.ar\/web\/wp-content\/uploads\/2020\/06\/parque_bomberos_casetas_slide.jpg",698,364,false],"1536x1536":["https:\/\/www.arquimaster.com.ar\/web\/wp-content\/uploads\/2020\/06\/parque_bomberos_casetas_slide.jpg",698,364,false],"2048x2048":["https:\/\/www.arquimaster.com.ar\/web\/wp-content\/uploads\/2020\/06\/parque_bomberos_casetas_slide.jpg",698,364,false]},"uagb_author_info":{"display_name":"Arquimaster","author_link":"https:\/\/www.arquimaster.com.ar\/web\/author\/arquimaster\/"},"uagb_comment_info":0,"uagb_excerpt":"Volum\u00e9tricamente, el edificio puede explicarse como un z\u00f3calo donde apoyan dos vol\u00famenes...","_links":{"self":[{"href":"https:\/\/www.arquimaster.com.ar\/web\/wp-json\/wp\/v2\/posts\/56887","targetHints":{"allow":["GET"]}}],"collection":[{"href":"https:\/\/www.arquimaster.com.ar\/web\/wp-json\/wp\/v2\/posts"}],"about":[{"href":"https:\/\/www.arquimaster.com.ar\/web\/wp-json\/wp\/v2\/types\/post"}],"author":[{"embeddable":true,"href":"https:\/\/www.arquimaster.com.ar\/web\/wp-json\/wp\/v2\/users\/1"}],"replies":[{"embeddable":true,"href":"https:\/\/www.arquimaster.com.ar\/web\/wp-json\/wp\/v2\/comments?post=56887"}],"version-history":[{"count":3,"href":"https:\/\/www.arquimaster.com.ar\/web\/wp-json\/wp\/v2\/posts\/56887\/revisions"}],"predecessor-version":[{"id":68939,"href":"https:\/\/www.arquimaster.com.ar\/web\/wp-json\/wp\/v2\/posts\/56887\/revisions\/68939"}],"wp:featuredmedia":[{"embeddable":true,"href":"https:\/\/www.arquimaster.com.ar\/web\/wp-json\/wp\/v2\/media\/56888"}],"wp:attachment":[{"href":"https:\/\/www.arquimaster.com.ar\/web\/wp-json\/wp\/v2\/media?parent=56887"}],"wp:term":[{"taxonomy":"category","embeddable":true,"href":"https:\/\/www.arquimaster.com.ar\/web\/wp-json\/wp\/v2\/categories?post=56887"},{"taxonomy":"post_tag","embeddable":true,"href":"https:\/\/www.arquimaster.com.ar\/web\/wp-json\/wp\/v2\/tags?post=56887"}],"curies":[{"name":"wp","href":"https:\/\/api.w.org\/{rel}","templated":true}]}}