{"id":57011,"date":"2020-07-02T16:43:00","date_gmt":"2020-07-02T19:43:00","guid":{"rendered":"https:\/\/www.arquimaster.com.ar\/web\/?p=57011"},"modified":"2020-07-06T16:48:39","modified_gmt":"2020-07-06T19:48:39","slug":"reforma-de-vivienda-travessera-de-gracia-sincro","status":"publish","type":"post","link":"https:\/\/www.arquimaster.com.ar\/web\/reforma-de-vivienda-travessera-de-gracia-sincro\/","title":{"rendered":"Reforma de vivienda Travessera de Gr\u00e0cia \/ Sincro"},"content":{"rendered":"<div style=\"margin-top: 0px; margin-bottom: 0px;\" class=\"sharethis-inline-share-buttons\" ><\/div><div class=\"b812932af2e751442846f039925109de\" data-index=\"1\" style=\"float: none; margin:25px 0 25px 0; text-align:center;\">\n<script async src=\"https:\/\/pagead2.googlesyndication.com\/pagead\/js\/adsbygoogle.js\"><\/script>\r\n<!-- Arquimaster (superior) -->\r\n<ins class=\"adsbygoogle\"\r\n     style=\"display:block\"\r\n     data-ad-client=\"ca-pub-6351072698456832\"\r\n     data-ad-slot=\"6455489680\"\r\n     data-ad-format=\"auto\"\r\n     data-full-width-responsive=\"true\"><\/ins>\r\n<script>\r\n     (adsbygoogle = window.adsbygoogle || []).push({});\r\n<\/script>\n<\/div>\n<p><strong>Reforma de vivienda Travessera de Gr\u00e0cia<\/strong> (Barrio Sant Gervasi-Galvany, Barcelona, Espa\u00f1a) por <strong>Sincro<\/strong>. En este proyecto se ha reformado por completo un piso de 110 metros cuadrados con patio ubicado en el Barrio de Sant Gervasi de Barcelona.&nbsp;El objetivo era transformar un piso deteriorado y antiguo en un espacio luminoso y con una est\u00e9tica m\u00e1s actual, y cubrir todas las necesidades de una familia con hijos, principalmente ganar confort y funcionalidad en su nuevo hogar.<\/p>\n<div id='gallery-1' class='gallery galleryid-57011 gallery-columns-3 gallery-size-thumbnail'><figure class='gallery-item'>\n\t\t\t<div class='gallery-icon landscape'>\n\t\t\t\t<a href='https:\/\/www.arquimaster.com.ar\/web\/wp-content\/uploads\/2020\/07\/vivienda_travessera_de_gracia1.jpg' title=\"Reforma de vivienda Travessera de Gr\u00e0cia \/ Sincro (\u00a9 Irene Diaz)\" data-rl_title=\"Reforma de vivienda Travessera de Gr\u00e0cia \/ Sincro (\u00a9 Irene Diaz)\" class=\"rl-gallery-link\" data-rl_caption=\"Reforma de vivienda Travessera de Gr\u00e0cia \/ Sincro (\u00a9 Irene Diaz)\" data-rel=\"lightbox-gallery-1\"><img loading=\"lazy\" decoding=\"async\" width=\"150\" height=\"150\" src=\"https:\/\/www.arquimaster.com.ar\/web\/wp-content\/uploads\/2020\/07\/vivienda_travessera_de_gracia1-150x150.jpg\" class=\"attachment-thumbnail size-thumbnail\" alt=\"\" aria-describedby=\"gallery-1-57013\" \/><\/a>\n\t\t\t<\/div>\n\t\t\t\t<figcaption class='wp-caption-text gallery-caption' id='gallery-1-57013'>\n\t\t\t\tReforma de vivienda Travessera de Gr\u00e0cia \/ Sincro (\u00a9 Irene Diaz)\n\t\t\t\t<\/figcaption><\/figure><figure class='gallery-item'>\n\t\t\t<div class='gallery-icon landscape'>\n\t\t\t\t<a href='https:\/\/www.arquimaster.com.ar\/web\/wp-content\/uploads\/2020\/07\/vivienda_travessera_de_gracia2.jpg' title=\"Reforma de vivienda Travessera de Gr\u00e0cia \/ Sincro (\u00a9 Irene Diaz)\" data-rl_title=\"Reforma de vivienda Travessera de Gr\u00e0cia \/ Sincro (\u00a9 Irene Diaz)\" class=\"rl-gallery-link\" data-rl_caption=\"Reforma de vivienda Travessera de Gr\u00e0cia \/ Sincro (\u00a9 Irene Diaz)\" data-rel=\"lightbox-gallery-1\"><img loading=\"lazy\" decoding=\"async\" width=\"150\" height=\"150\" src=\"https:\/\/www.arquimaster.com.ar\/web\/wp-content\/uploads\/2020\/07\/vivienda_travessera_de_gracia2-150x150.jpg\" class=\"attachment-thumbnail size-thumbnail\" alt=\"\" aria-describedby=\"gallery-1-57014\" \/><\/a>\n\t\t\t<\/div>\n\t\t\t\t<figcaption class='wp-caption-text gallery-caption' id='gallery-1-57014'>\n\t\t\t\tReforma de vivienda Travessera de Gr\u00e0cia \/ Sincro (\u00a9 Irene Diaz)\n\t\t\t\t<\/figcaption><\/figure><figure class='gallery-item'>\n\t\t\t<div class='gallery-icon landscape'>\n\t\t\t\t<a href='https:\/\/www.arquimaster.com.ar\/web\/wp-content\/uploads\/2020\/07\/vivienda_travessera_de_gracia3.jpg' title=\"Reforma de vivienda Travessera de Gr\u00e0cia \/ Sincro (\u00a9 Irene Diaz)\" data-rl_title=\"Reforma de vivienda Travessera de Gr\u00e0cia \/ Sincro (\u00a9 Irene Diaz)\" class=\"rl-gallery-link\" data-rl_caption=\"Reforma de vivienda Travessera de Gr\u00e0cia \/ Sincro (\u00a9 Irene Diaz)\" data-rel=\"lightbox-gallery-1\"><img loading=\"lazy\" decoding=\"async\" width=\"150\" height=\"150\" src=\"https:\/\/www.arquimaster.com.ar\/web\/wp-content\/uploads\/2020\/07\/vivienda_travessera_de_gracia3-150x150.jpg\" class=\"attachment-thumbnail size-thumbnail\" alt=\"\" aria-describedby=\"gallery-1-57015\" \/><\/a>\n\t\t\t<\/div>\n\t\t\t\t<figcaption class='wp-caption-text gallery-caption' id='gallery-1-57015'>\n\t\t\t\tReforma de vivienda Travessera de Gr\u00e0cia \/ Sincro (\u00a9 Irene Diaz)\n\t\t\t\t<\/figcaption><\/figure><figure class='gallery-item'>\n\t\t\t<div class='gallery-icon landscape'>\n\t\t\t\t<a href='https:\/\/www.arquimaster.com.ar\/web\/wp-content\/uploads\/2020\/07\/vivienda_travessera_de_gracia4.jpg' title=\"Reforma de vivienda Travessera de Gr\u00e0cia \/ Sincro (\u00a9 Irene Diaz)\" data-rl_title=\"Reforma de vivienda Travessera de Gr\u00e0cia \/ Sincro (\u00a9 Irene Diaz)\" class=\"rl-gallery-link\" data-rl_caption=\"Reforma de vivienda Travessera de Gr\u00e0cia \/ Sincro (\u00a9 Irene Diaz)\" data-rel=\"lightbox-gallery-1\"><img loading=\"lazy\" decoding=\"async\" width=\"150\" height=\"150\" src=\"https:\/\/www.arquimaster.com.ar\/web\/wp-content\/uploads\/2020\/07\/vivienda_travessera_de_gracia4-150x150.jpg\" class=\"attachment-thumbnail size-thumbnail\" alt=\"\" aria-describedby=\"gallery-1-57016\" \/><\/a>\n\t\t\t<\/div>\n\t\t\t\t<figcaption class='wp-caption-text gallery-caption' id='gallery-1-57016'>\n\t\t\t\tReforma de vivienda Travessera de Gr\u00e0cia \/ Sincro (\u00a9 Irene Diaz)\n\t\t\t\t<\/figcaption><\/figure><figure class='gallery-item'>\n\t\t\t<div class='gallery-icon landscape'>\n\t\t\t\t<a href='https:\/\/www.arquimaster.com.ar\/web\/wp-content\/uploads\/2020\/07\/vivienda_travessera_de_gracia5.jpg' title=\"Reforma de vivienda Travessera de Gr\u00e0cia \/ Sincro (\u00a9 Irene Diaz)\" data-rl_title=\"Reforma de vivienda Travessera de Gr\u00e0cia \/ Sincro (\u00a9 Irene Diaz)\" class=\"rl-gallery-link\" data-rl_caption=\"Reforma de vivienda Travessera de Gr\u00e0cia \/ Sincro (\u00a9 Irene Diaz)\" data-rel=\"lightbox-gallery-1\"><img loading=\"lazy\" decoding=\"async\" width=\"150\" height=\"150\" src=\"https:\/\/www.arquimaster.com.ar\/web\/wp-content\/uploads\/2020\/07\/vivienda_travessera_de_gracia5-150x150.jpg\" class=\"attachment-thumbnail size-thumbnail\" alt=\"\" aria-describedby=\"gallery-1-57017\" \/><\/a>\n\t\t\t<\/div>\n\t\t\t\t<figcaption class='wp-caption-text gallery-caption' id='gallery-1-57017'>\n\t\t\t\tReforma de vivienda Travessera de Gr\u00e0cia \/ Sincro (\u00a9 Irene Diaz)\n\t\t\t\t<\/figcaption><\/figure><figure class='gallery-item'>\n\t\t\t<div class='gallery-icon landscape'>\n\t\t\t\t<a href='https:\/\/www.arquimaster.com.ar\/web\/wp-content\/uploads\/2020\/07\/vivienda_travessera_de_gracia6.jpg' title=\"Reforma de vivienda Travessera de Gr\u00e0cia \/ Sincro (\u00a9 Irene Diaz)\" data-rl_title=\"Reforma de vivienda Travessera de Gr\u00e0cia \/ Sincro (\u00a9 Irene Diaz)\" class=\"rl-gallery-link\" data-rl_caption=\"Reforma de vivienda Travessera de Gr\u00e0cia \/ Sincro (\u00a9 Irene Diaz)\" data-rel=\"lightbox-gallery-1\"><img loading=\"lazy\" decoding=\"async\" width=\"150\" height=\"150\" src=\"https:\/\/www.arquimaster.com.ar\/web\/wp-content\/uploads\/2020\/07\/vivienda_travessera_de_gracia6-150x150.jpg\" class=\"attachment-thumbnail size-thumbnail\" alt=\"\" aria-describedby=\"gallery-1-57018\" \/><\/a>\n\t\t\t<\/div>\n\t\t\t\t<figcaption class='wp-caption-text gallery-caption' id='gallery-1-57018'>\n\t\t\t\tReforma de vivienda Travessera de Gr\u00e0cia \/ Sincro (\u00a9 Irene Diaz)\n\t\t\t\t<\/figcaption><\/figure><figure class='gallery-item'>\n\t\t\t<div class='gallery-icon landscape'>\n\t\t\t\t<a href='https:\/\/www.arquimaster.com.ar\/web\/wp-content\/uploads\/2020\/07\/vivienda_travessera_de_gracia7.jpg' title=\"Reforma de vivienda Travessera de Gr\u00e0cia \/ Sincro (\u00a9 Irene Diaz)\" data-rl_title=\"Reforma de vivienda Travessera de Gr\u00e0cia \/ Sincro (\u00a9 Irene Diaz)\" class=\"rl-gallery-link\" data-rl_caption=\"Reforma de vivienda Travessera de Gr\u00e0cia \/ Sincro (\u00a9 Irene Diaz)\" data-rel=\"lightbox-gallery-1\"><img loading=\"lazy\" decoding=\"async\" width=\"150\" height=\"150\" src=\"https:\/\/www.arquimaster.com.ar\/web\/wp-content\/uploads\/2020\/07\/vivienda_travessera_de_gracia7-150x150.jpg\" class=\"attachment-thumbnail size-thumbnail\" alt=\"\" aria-describedby=\"gallery-1-57019\" \/><\/a>\n\t\t\t<\/div>\n\t\t\t\t<figcaption class='wp-caption-text gallery-caption' id='gallery-1-57019'>\n\t\t\t\tReforma de vivienda Travessera de Gr\u00e0cia \/ Sincro (\u00a9 Irene Diaz)\n\t\t\t\t<\/figcaption><\/figure><figure class='gallery-item'>\n\t\t\t<div class='gallery-icon landscape'>\n\t\t\t\t<a href='https:\/\/www.arquimaster.com.ar\/web\/wp-content\/uploads\/2020\/07\/vivienda_travessera_de_gracia8.jpg' title=\"Reforma de vivienda Travessera de Gr\u00e0cia \/ Sincro (\u00a9 Irene Diaz)\" data-rl_title=\"Reforma de vivienda Travessera de Gr\u00e0cia \/ Sincro (\u00a9 Irene Diaz)\" class=\"rl-gallery-link\" data-rl_caption=\"Reforma de vivienda Travessera de Gr\u00e0cia \/ Sincro (\u00a9 Irene Diaz)\" data-rel=\"lightbox-gallery-1\"><img loading=\"lazy\" decoding=\"async\" width=\"150\" height=\"150\" src=\"https:\/\/www.arquimaster.com.ar\/web\/wp-content\/uploads\/2020\/07\/vivienda_travessera_de_gracia8-150x150.jpg\" class=\"attachment-thumbnail size-thumbnail\" alt=\"\" aria-describedby=\"gallery-1-57020\" \/><\/a>\n\t\t\t<\/div>\n\t\t\t\t<figcaption class='wp-caption-text gallery-caption' id='gallery-1-57020'>\n\t\t\t\tReforma de vivienda Travessera de Gr\u00e0cia \/ Sincro (\u00a9 Irene Diaz)\n\t\t\t\t<\/figcaption><\/figure><figure class='gallery-item'>\n\t\t\t<div class='gallery-icon landscape'>\n\t\t\t\t<a href='https:\/\/www.arquimaster.com.ar\/web\/wp-content\/uploads\/2020\/07\/vivienda_travessera_de_gracia9.jpg' title=\"Reforma de vivienda Travessera de Gr\u00e0cia \/ Sincro (\u00a9 Irene Diaz)\" data-rl_title=\"Reforma de vivienda Travessera de Gr\u00e0cia \/ Sincro (\u00a9 Irene Diaz)\" class=\"rl-gallery-link\" data-rl_caption=\"Reforma de vivienda Travessera de Gr\u00e0cia \/ Sincro (\u00a9 Irene Diaz)\" data-rel=\"lightbox-gallery-1\"><img loading=\"lazy\" decoding=\"async\" width=\"150\" height=\"150\" src=\"https:\/\/www.arquimaster.com.ar\/web\/wp-content\/uploads\/2020\/07\/vivienda_travessera_de_gracia9-150x150.jpg\" class=\"attachment-thumbnail size-thumbnail\" alt=\"\" aria-describedby=\"gallery-1-57021\" \/><\/a>\n\t\t\t<\/div>\n\t\t\t\t<figcaption class='wp-caption-text gallery-caption' id='gallery-1-57021'>\n\t\t\t\tReforma de vivienda Travessera de Gr\u00e0cia \/ Sincro (\u00a9 Irene Diaz)\n\t\t\t\t<\/figcaption><\/figure><figure class='gallery-item'>\n\t\t\t<div class='gallery-icon portrait'>\n\t\t\t\t<a href='https:\/\/www.arquimaster.com.ar\/web\/wp-content\/uploads\/2020\/07\/vivienda_travessera_de_gracia10.jpg' title=\"Reforma de vivienda Travessera de Gr\u00e0cia \/ Sincro (\u00a9 Irene Diaz)\" data-rl_title=\"Reforma de vivienda Travessera de Gr\u00e0cia \/ Sincro (\u00a9 Irene Diaz)\" class=\"rl-gallery-link\" data-rl_caption=\"Reforma de vivienda Travessera de Gr\u00e0cia \/ Sincro (\u00a9 Irene Diaz)\" data-rel=\"lightbox-gallery-1\"><img loading=\"lazy\" decoding=\"async\" width=\"150\" height=\"150\" src=\"https:\/\/www.arquimaster.com.ar\/web\/wp-content\/uploads\/2020\/07\/vivienda_travessera_de_gracia10-150x150.jpg\" class=\"attachment-thumbnail size-thumbnail\" alt=\"\" aria-describedby=\"gallery-1-57022\" \/><\/a>\n\t\t\t<\/div>\n\t\t\t\t<figcaption class='wp-caption-text gallery-caption' id='gallery-1-57022'>\n\t\t\t\tReforma de vivienda Travessera de Gr\u00e0cia \/ Sincro (\u00a9 Irene Diaz)\n\t\t\t\t<\/figcaption><\/figure><figure class='gallery-item'>\n\t\t\t<div class='gallery-icon landscape'>\n\t\t\t\t<a href='https:\/\/www.arquimaster.com.ar\/web\/wp-content\/uploads\/2020\/07\/vivienda_travessera_de_gracia11.jpg' title=\"Reforma de vivienda Travessera de Gr\u00e0cia \/ Sincro (\u00a9 Irene Diaz)\" data-rl_title=\"Reforma de vivienda Travessera de Gr\u00e0cia \/ Sincro (\u00a9 Irene Diaz)\" class=\"rl-gallery-link\" data-rl_caption=\"Reforma de vivienda Travessera de Gr\u00e0cia \/ Sincro (\u00a9 Irene Diaz)\" data-rel=\"lightbox-gallery-1\"><img loading=\"lazy\" decoding=\"async\" width=\"150\" height=\"150\" src=\"https:\/\/www.arquimaster.com.ar\/web\/wp-content\/uploads\/2020\/07\/vivienda_travessera_de_gracia11-150x150.jpg\" class=\"attachment-thumbnail size-thumbnail\" alt=\"\" aria-describedby=\"gallery-1-57023\" \/><\/a>\n\t\t\t<\/div>\n\t\t\t\t<figcaption class='wp-caption-text gallery-caption' id='gallery-1-57023'>\n\t\t\t\tReforma de vivienda Travessera de Gr\u00e0cia \/ Sincro (\u00a9 Irene Diaz)\n\t\t\t\t<\/figcaption><\/figure><figure class='gallery-item'>\n\t\t\t<div class='gallery-icon landscape'>\n\t\t\t\t<a href='https:\/\/www.arquimaster.com.ar\/web\/wp-content\/uploads\/2020\/07\/vivienda_travessera_de_gracia12.jpg' title=\"Reforma de vivienda Travessera de Gr\u00e0cia \/ Sincro (\u00a9 Irene Diaz)\" data-rl_title=\"Reforma de vivienda Travessera de Gr\u00e0cia \/ Sincro (\u00a9 Irene Diaz)\" class=\"rl-gallery-link\" data-rl_caption=\"Reforma de vivienda Travessera de Gr\u00e0cia \/ Sincro (\u00a9 Irene Diaz)\" data-rel=\"lightbox-gallery-1\"><img loading=\"lazy\" decoding=\"async\" width=\"150\" height=\"150\" src=\"https:\/\/www.arquimaster.com.ar\/web\/wp-content\/uploads\/2020\/07\/vivienda_travessera_de_gracia12-150x150.jpg\" class=\"attachment-thumbnail size-thumbnail\" alt=\"\" aria-describedby=\"gallery-1-57024\" \/><\/a>\n\t\t\t<\/div>\n\t\t\t\t<figcaption class='wp-caption-text gallery-caption' id='gallery-1-57024'>\n\t\t\t\tReforma de vivienda Travessera de Gr\u00e0cia \/ Sincro (\u00a9 Irene Diaz)\n\t\t\t\t<\/figcaption><\/figure><figure class='gallery-item'>\n\t\t\t<div class='gallery-icon portrait'>\n\t\t\t\t<a href='https:\/\/www.arquimaster.com.ar\/web\/wp-content\/uploads\/2020\/07\/vivienda_travessera_de_gracia13.jpg' title=\"Reforma de vivienda Travessera de Gr\u00e0cia \/ Sincro (\u00a9 Irene Diaz)\" data-rl_title=\"Reforma de vivienda Travessera de Gr\u00e0cia \/ Sincro (\u00a9 Irene Diaz)\" class=\"rl-gallery-link\" data-rl_caption=\"Reforma de vivienda Travessera de Gr\u00e0cia \/ Sincro (\u00a9 Irene Diaz)\" data-rel=\"lightbox-gallery-1\"><img loading=\"lazy\" decoding=\"async\" width=\"150\" height=\"150\" src=\"https:\/\/www.arquimaster.com.ar\/web\/wp-content\/uploads\/2020\/07\/vivienda_travessera_de_gracia13-150x150.jpg\" class=\"attachment-thumbnail size-thumbnail\" alt=\"\" aria-describedby=\"gallery-1-57025\" \/><\/a>\n\t\t\t<\/div>\n\t\t\t\t<figcaption class='wp-caption-text gallery-caption' id='gallery-1-57025'>\n\t\t\t\tReforma de vivienda Travessera de Gr\u00e0cia \/ Sincro (\u00a9 Irene Diaz)\n\t\t\t\t<\/figcaption><\/figure><figure class='gallery-item'>\n\t\t\t<div class='gallery-icon landscape'>\n\t\t\t\t<a href='https:\/\/www.arquimaster.com.ar\/web\/wp-content\/uploads\/2020\/07\/vivienda_travessera_de_gracia14.jpg' title=\"Reforma de vivienda Travessera de Gr\u00e0cia \/ Sincro (\u00a9 Irene Diaz)\" data-rl_title=\"Reforma de vivienda Travessera de Gr\u00e0cia \/ Sincro (\u00a9 Irene Diaz)\" class=\"rl-gallery-link\" data-rl_caption=\"Reforma de vivienda Travessera de Gr\u00e0cia \/ Sincro (\u00a9 Irene Diaz)\" data-rel=\"lightbox-gallery-1\"><img loading=\"lazy\" decoding=\"async\" width=\"150\" height=\"150\" src=\"https:\/\/www.arquimaster.com.ar\/web\/wp-content\/uploads\/2020\/07\/vivienda_travessera_de_gracia14-150x150.jpg\" class=\"attachment-thumbnail size-thumbnail\" alt=\"\" aria-describedby=\"gallery-1-57026\" \/><\/a>\n\t\t\t<\/div>\n\t\t\t\t<figcaption class='wp-caption-text gallery-caption' id='gallery-1-57026'>\n\t\t\t\tReforma de vivienda Travessera de Gr\u00e0cia \/ Sincro (\u00a9 Irene Diaz)\n\t\t\t\t<\/figcaption><\/figure><figure class='gallery-item'>\n\t\t\t<div class='gallery-icon landscape'>\n\t\t\t\t<a href='https:\/\/www.arquimaster.com.ar\/web\/wp-content\/uploads\/2020\/07\/vivienda_travessera_de_gracia15.jpg' title=\"Reforma de vivienda Travessera de Gr\u00e0cia \/ Sincro (\u00a9 Irene Diaz)\" data-rl_title=\"Reforma de vivienda Travessera de Gr\u00e0cia \/ Sincro (\u00a9 Irene Diaz)\" class=\"rl-gallery-link\" data-rl_caption=\"Reforma de vivienda Travessera de Gr\u00e0cia \/ Sincro (\u00a9 Irene Diaz)\" data-rel=\"lightbox-gallery-1\"><img loading=\"lazy\" decoding=\"async\" width=\"150\" height=\"150\" src=\"https:\/\/www.arquimaster.com.ar\/web\/wp-content\/uploads\/2020\/07\/vivienda_travessera_de_gracia15-150x150.jpg\" class=\"attachment-thumbnail size-thumbnail\" alt=\"\" aria-describedby=\"gallery-1-57027\" \/><\/a>\n\t\t\t<\/div>\n\t\t\t\t<figcaption class='wp-caption-text gallery-caption' id='gallery-1-57027'>\n\t\t\t\tReforma de vivienda Travessera de Gr\u00e0cia \/ Sincro (\u00a9 Irene Diaz)\n\t\t\t\t<\/figcaption><\/figure><figure class='gallery-item'>\n\t\t\t<div class='gallery-icon landscape'>\n\t\t\t\t<a href='https:\/\/www.arquimaster.com.ar\/web\/wp-content\/uploads\/2020\/07\/vivienda_travessera_de_gracia16.jpg' title=\"Reforma de vivienda Travessera de Gr\u00e0cia \/ Sincro (\u00a9 Irene Diaz)\" data-rl_title=\"Reforma de vivienda Travessera de Gr\u00e0cia \/ Sincro (\u00a9 Irene Diaz)\" class=\"rl-gallery-link\" data-rl_caption=\"Reforma de vivienda Travessera de Gr\u00e0cia \/ Sincro (\u00a9 Irene Diaz)\" data-rel=\"lightbox-gallery-1\"><img loading=\"lazy\" decoding=\"async\" width=\"150\" height=\"150\" src=\"https:\/\/www.arquimaster.com.ar\/web\/wp-content\/uploads\/2020\/07\/vivienda_travessera_de_gracia16-150x150.jpg\" class=\"attachment-thumbnail size-thumbnail\" alt=\"\" aria-describedby=\"gallery-1-57028\" \/><\/a>\n\t\t\t<\/div>\n\t\t\t\t<figcaption class='wp-caption-text gallery-caption' id='gallery-1-57028'>\n\t\t\t\tReforma de vivienda Travessera de Gr\u00e0cia \/ Sincro (\u00a9 Irene Diaz)\n\t\t\t\t<\/figcaption><\/figure><figure class='gallery-item'>\n\t\t\t<div class='gallery-icon portrait'>\n\t\t\t\t<a href='https:\/\/www.arquimaster.com.ar\/web\/wp-content\/uploads\/2020\/07\/vivienda_travessera_de_gracia17.jpg' title=\"Reforma de vivienda Travessera de Gr\u00e0cia \/ Sincro (\u00a9 Irene Diaz)\" data-rl_title=\"Reforma de vivienda Travessera de Gr\u00e0cia \/ Sincro (\u00a9 Irene Diaz)\" class=\"rl-gallery-link\" data-rl_caption=\"Reforma de vivienda Travessera de Gr\u00e0cia \/ Sincro (\u00a9 Irene Diaz)\" data-rel=\"lightbox-gallery-1\"><img loading=\"lazy\" decoding=\"async\" width=\"150\" height=\"150\" src=\"https:\/\/www.arquimaster.com.ar\/web\/wp-content\/uploads\/2020\/07\/vivienda_travessera_de_gracia17-150x150.jpg\" class=\"attachment-thumbnail size-thumbnail\" alt=\"\" aria-describedby=\"gallery-1-57029\" \/><\/a>\n\t\t\t<\/div>\n\t\t\t\t<figcaption class='wp-caption-text gallery-caption' id='gallery-1-57029'>\n\t\t\t\tReforma de vivienda Travessera de Gr\u00e0cia \/ Sincro (\u00a9 Irene Diaz)\n\t\t\t\t<\/figcaption><\/figure><figure class='gallery-item'>\n\t\t\t<div class='gallery-icon landscape'>\n\t\t\t\t<a href='https:\/\/www.arquimaster.com.ar\/web\/wp-content\/uploads\/2020\/07\/vivienda_travessera_de_gracia18.jpg' title=\"Reforma de vivienda Travessera de Gr\u00e0cia \/ Sincro (\u00a9 Irene Diaz)\" data-rl_title=\"Reforma de vivienda Travessera de Gr\u00e0cia \/ Sincro (\u00a9 Irene Diaz)\" class=\"rl-gallery-link\" data-rl_caption=\"Reforma de vivienda Travessera de Gr\u00e0cia \/ Sincro (\u00a9 Irene Diaz)\" data-rel=\"lightbox-gallery-1\"><img loading=\"lazy\" decoding=\"async\" width=\"150\" height=\"150\" src=\"https:\/\/www.arquimaster.com.ar\/web\/wp-content\/uploads\/2020\/07\/vivienda_travessera_de_gracia18-150x150.jpg\" class=\"attachment-thumbnail size-thumbnail\" alt=\"\" aria-describedby=\"gallery-1-57030\" \/><\/a>\n\t\t\t<\/div>\n\t\t\t\t<figcaption class='wp-caption-text gallery-caption' id='gallery-1-57030'>\n\t\t\t\tReforma de vivienda Travessera de Gr\u00e0cia \/ Sincro (\u00a9 Irene Diaz)\n\t\t\t\t<\/figcaption><\/figure><figure class='gallery-item'>\n\t\t\t<div class='gallery-icon landscape'>\n\t\t\t\t<a href='https:\/\/www.arquimaster.com.ar\/web\/wp-content\/uploads\/2020\/07\/vivienda_travessera_de_gracia19.jpg' title=\"Reforma de vivienda Travessera de Gr\u00e0cia \/ Sincro (\u00a9 Irene Diaz)\" data-rl_title=\"Reforma de vivienda Travessera de Gr\u00e0cia \/ Sincro (\u00a9 Irene Diaz)\" class=\"rl-gallery-link\" data-rl_caption=\"Reforma de vivienda Travessera de Gr\u00e0cia \/ Sincro (\u00a9 Irene Diaz)\" data-rel=\"lightbox-gallery-1\"><img loading=\"lazy\" decoding=\"async\" width=\"150\" height=\"150\" src=\"https:\/\/www.arquimaster.com.ar\/web\/wp-content\/uploads\/2020\/07\/vivienda_travessera_de_gracia19-150x150.jpg\" class=\"attachment-thumbnail size-thumbnail\" alt=\"\" aria-describedby=\"gallery-1-57031\" \/><\/a>\n\t\t\t<\/div>\n\t\t\t\t<figcaption class='wp-caption-text gallery-caption' id='gallery-1-57031'>\n\t\t\t\tReforma de vivienda Travessera de Gr\u00e0cia \/ Sincro (\u00a9 Irene Diaz)\n\t\t\t\t<\/figcaption><\/figure><figure class='gallery-item'>\n\t\t\t<div class='gallery-icon landscape'>\n\t\t\t\t<a href='https:\/\/www.arquimaster.com.ar\/web\/wp-content\/uploads\/2020\/07\/vivienda_travessera_de_gracia20-1.jpg' title=\"Reforma de vivienda Travessera de Gr\u00e0cia \/ Sincro (planta despues)\" data-rl_title=\"Reforma de vivienda Travessera de Gr\u00e0cia \/ Sincro (planta despues)\" class=\"rl-gallery-link\" data-rl_caption=\"Reforma de vivienda Travessera de Gr\u00e0cia \/ Sincro (planta despues)\" data-rel=\"lightbox-gallery-1\"><img loading=\"lazy\" decoding=\"async\" width=\"150\" height=\"150\" src=\"https:\/\/www.arquimaster.com.ar\/web\/wp-content\/uploads\/2020\/07\/vivienda_travessera_de_gracia20-1-150x150.jpg\" class=\"attachment-thumbnail size-thumbnail\" alt=\"\" aria-describedby=\"gallery-1-57039\" \/><\/a>\n\t\t\t<\/div>\n\t\t\t\t<figcaption class='wp-caption-text gallery-caption' id='gallery-1-57039'>\n\t\t\t\tReforma de vivienda Travessera de Gr\u00e0cia \/ Sincro (planta despues)\n\t\t\t\t<\/figcaption><\/figure><figure class='gallery-item'>\n\t\t\t<div class='gallery-icon landscape'>\n\t\t\t\t<a href='https:\/\/www.arquimaster.com.ar\/web\/wp-content\/uploads\/2020\/07\/vivienda_travessera_de_gracia21-1.jpg' title=\"Reforma de vivienda Travessera de Gr\u00e0cia \/ Sincro (planta antes)\" data-rl_title=\"Reforma de vivienda Travessera de Gr\u00e0cia \/ Sincro (planta antes)\" class=\"rl-gallery-link\" data-rl_caption=\"Reforma de vivienda Travessera de Gr\u00e0cia \/ Sincro (planta antes)\" data-rel=\"lightbox-gallery-1\"><img loading=\"lazy\" decoding=\"async\" width=\"150\" height=\"150\" src=\"https:\/\/www.arquimaster.com.ar\/web\/wp-content\/uploads\/2020\/07\/vivienda_travessera_de_gracia21-1-150x150.jpg\" class=\"attachment-thumbnail size-thumbnail\" alt=\"\" aria-describedby=\"gallery-1-57038\" \/><\/a>\n\t\t\t<\/div>\n\t\t\t\t<figcaption class='wp-caption-text gallery-caption' id='gallery-1-57038'>\n\t\t\t\tReforma de vivienda Travessera de Gr\u00e0cia \/ Sincro (planta antes)\n\t\t\t\t<\/figcaption><\/figure>\n\t\t<\/div>\n\n<p>Inicialmente la vivienda presentaba una distribuci\u00f3n compartimentada con ambientes oscuros y peque\u00f1os. Para la transformaci\u00f3n hemos creado una zona de d\u00eda abierta compartida por la cocina con isla, comedor, sal\u00f3n y estudio, y se ha redistribuido la zona de ba\u00f1os y dormitorios para ganar metros y optimizar al m\u00e1ximo el espacio.<\/p>\n<p>Destacar la b\u00f3veda catalana del techo del sal\u00f3n, que se descubrieron durante los derribos, y que por su valor est\u00e9tico y patrimonial se restauraron para aprovecharlas para el proyecto, aportando car\u00e1cter y personalidad en el piso.<\/p>\n<p>Finalmente mencionar algunas de las marcas utilizadas. Mobiliario de cocina de Aur\u00f3 Kitchens, encimera y salpicadero Neolith, campana extractora Pando, electrodom\u00e9sticos NEFF y fregadero y grifer\u00eda Franke. De los ba\u00f1os destacar el inodoro suspendido Roca The Gap Rimless, la grifer\u00eda Tres y los revestimientos cer\u00e1micos de Vives y Marazzi.&nbsp; Y para el pavimento de la vivienda se ha utilizado el parquet Egguer Roble Hamilton crema.<\/p>\n<p><strong>Video<\/strong><br \/>\n<a href=\"https:\/\/youtu.be\/ZFA23qryU4s\" target=\"_blank\" rel=\"noopener noreferrer\">https:\/\/youtu.be\/ZFA23qryU4s<\/a><\/p>\n<p><strong>Ficha tecnica<\/strong><br \/>\nNombre: Reforma de vivienda Travessera de Gr\u00e0cia<br \/>\nUbicaci\u00f3n: Barrio Sant Gervasi-Galvany, Barcelona, Espa\u00f1a<br \/>\nProyecto: Sincro<br \/>\nQui\u00e9n vive all\u00ed: Un matrimonio con sus hijos<br \/>\nTrabajos realizados: reforma integral de la vivienda<br \/>\nLo m\u00e1s destacado: Cambio de la distribuci\u00f3n para conseguir una vivienda m\u00e1s di\u00e1fana y la recuperaci\u00f3n del techo en b\u00f3veda catalana<br \/>\nSuperficie: 110 m2 + 63 m2 de patio<br \/>\nFotograf\u00edas: Irene Diaz<\/p>\n<p><strong>Contacto<\/strong><br \/>\n<a href=\"http:\/\/www.bysincro.com\" target=\"_blank\" rel=\"noopener noreferrer\">http:\/\/www.bysincro.com<\/a><\/p>\n\n<div style=\"font-size: 0px; height: 0px; line-height: 0px; margin: 0; padding: 0; clear: both;\"><\/div><div style=\"margin-top: 0px; margin-bottom: 0px;\" class=\"sharethis-inline-share-buttons\" ><\/div>","protected":false},"excerpt":{"rendered":"<p>La intervencion rescata la b\u00f3veda catalana, aportando car\u00e1cter y personalidad al piso&#8230;<\/p>\n","protected":false},"author":1,"featured_media":57012,"comment_status":"closed","ping_status":"closed","sticky":false,"template":"","format":"standard","meta":{"_uag_custom_page_level_css":"","footnotes":""},"categories":[79,1,82],"tags":[5581,679,6129,249,104,1043,5323],"class_list":["post-57011","post","type-post","status-publish","format-standard","has-post-thumbnail","hentry","category-departamentos","category-proyecto","category-rehabilitaciones","tag-apartamento","tag-barcelona","tag-barrio-sant-gervasi-galvany","tag-departamento","tag-espana","tag-reforma-de-vivienda","tag-sincro","generate-columns","tablet-grid-50","mobile-grid-100","grid-parent","grid-50"],"yoast_head":"<!-- This site is optimized with the Yoast SEO plugin v27.3 - https:\/\/yoast.com\/product\/yoast-seo-wordpress\/ -->\n<title>Reforma de vivienda Travessera de Gr\u00e0cia \/ Sincro - Arquimaster<\/title>\n<meta name=\"description\" content=\"La intervencion rescata la b\u00f3veda catalana, que por su valor est\u00e9tico y patrimonial, se restauro aportando car\u00e1cter y personalidad al piso.\" \/>\n<meta name=\"robots\" content=\"index, follow, max-snippet:-1, max-image-preview:large, max-video-preview:-1\" \/>\n<link rel=\"canonical\" href=\"https:\/\/www.arquimaster.com.ar\/web\/reforma-de-vivienda-travessera-de-gracia-sincro\/\" \/>\n<meta property=\"og:locale\" content=\"es_ES\" \/>\n<meta property=\"og:type\" content=\"article\" \/>\n<meta property=\"og:title\" content=\"Reforma de vivienda Travessera de Gr\u00e0cia \/ Sincro\" \/>\n<meta property=\"og:description\" content=\"La intervencion rescata la b\u00f3veda catalana, que por su valor est\u00e9tico y patrimonial, se restauro aportando car\u00e1cter y personalidad al piso.\" \/>\n<meta property=\"og:url\" content=\"https:\/\/www.arquimaster.com.ar\/web\/reforma-de-vivienda-travessera-de-gracia-sincro\/\" \/>\n<meta property=\"og:site_name\" content=\"Arquimaster\" \/>\n<meta property=\"article:publisher\" content=\"http:\/\/www.facebook.com\/ARQUIMASTER.com.ar\" \/>\n<meta property=\"article:published_time\" content=\"2020-07-02T19:43:00+00:00\" \/>\n<meta property=\"article:modified_time\" content=\"2020-07-06T19:48:39+00:00\" \/>\n<meta property=\"og:image\" content=\"https:\/\/www.arquimaster.com.ar\/web\/wp-content\/uploads\/2020\/07\/vivienda_travessera_de_gracia_slide.jpg\" \/>\n\t<meta property=\"og:image:width\" content=\"698\" \/>\n\t<meta property=\"og:image:height\" content=\"364\" \/>\n\t<meta property=\"og:image:type\" content=\"image\/jpeg\" \/>\n<meta name=\"author\" content=\"Arquimaster\" \/>\n<meta name=\"twitter:card\" content=\"summary_large_image\" \/>\n<meta name=\"twitter:title\" content=\"Reforma de vivienda Travessera de Gr\u00e0cia \/ Sincro\" \/>\n<meta name=\"twitter:description\" content=\"La intervencion rescata la b\u00f3veda catalana, que por su valor est\u00e9tico y patrimonial, se restauro aportando car\u00e1cter y personalidad al piso.\" \/>\n<meta name=\"twitter:image\" content=\"https:\/\/www.arquimaster.com.ar\/web\/wp-content\/uploads\/2020\/07\/vivienda_travessera_de_gracia_slide.jpg\" \/>\n<meta name=\"twitter:creator\" content=\"@arquimaster\" \/>\n<meta name=\"twitter:site\" content=\"@arquimaster\" \/>\n<meta name=\"twitter:label1\" content=\"Escrito por\" \/>\n\t<meta name=\"twitter:data1\" content=\"Arquimaster\" \/>\n\t<meta name=\"twitter:label2\" content=\"Tiempo de lectura\" \/>\n\t<meta name=\"twitter:data2\" content=\"2 minutos\" \/>\n<script type=\"application\/ld+json\" class=\"yoast-schema-graph\">{\"@context\":\"https:\\\/\\\/schema.org\",\"@graph\":[{\"@type\":\"Article\",\"@id\":\"https:\\\/\\\/www.arquimaster.com.ar\\\/web\\\/reforma-de-vivienda-travessera-de-gracia-sincro\\\/#article\",\"isPartOf\":{\"@id\":\"https:\\\/\\\/www.arquimaster.com.ar\\\/web\\\/reforma-de-vivienda-travessera-de-gracia-sincro\\\/\"},\"author\":{\"name\":\"Arquimaster\",\"@id\":\"https:\\\/\\\/www.arquimaster.com.ar\\\/web\\\/#\\\/schema\\\/person\\\/359e9f7c00193fcde068e0dd2ceb0028\"},\"headline\":\"Reforma de vivienda Travessera de Gr\u00e0cia \\\/ Sincro\",\"datePublished\":\"2020-07-02T19:43:00+00:00\",\"dateModified\":\"2020-07-06T19:48:39+00:00\",\"mainEntityOfPage\":{\"@id\":\"https:\\\/\\\/www.arquimaster.com.ar\\\/web\\\/reforma-de-vivienda-travessera-de-gracia-sincro\\\/\"},\"wordCount\":345,\"publisher\":{\"@id\":\"https:\\\/\\\/www.arquimaster.com.ar\\\/web\\\/#organization\"},\"image\":{\"@id\":\"https:\\\/\\\/www.arquimaster.com.ar\\\/web\\\/reforma-de-vivienda-travessera-de-gracia-sincro\\\/#primaryimage\"},\"thumbnailUrl\":\"https:\\\/\\\/www.arquimaster.com.ar\\\/web\\\/wp-content\\\/uploads\\\/2020\\\/07\\\/vivienda_travessera_de_gracia_slide.jpg\",\"keywords\":[\"apartamento\",\"Barcelona\",\"Barrio Sant Gervasi-Galvany\",\"departamento\",\"Espa\u00f1a\",\"reforma de vivienda\",\"Sincro\"],\"articleSection\":[\"Departamentos y Lofts\",\"Proyecto\",\"Rehabilitaciones y ampliaciones\"],\"inLanguage\":\"es\"},{\"@type\":\"WebPage\",\"@id\":\"https:\\\/\\\/www.arquimaster.com.ar\\\/web\\\/reforma-de-vivienda-travessera-de-gracia-sincro\\\/\",\"url\":\"https:\\\/\\\/www.arquimaster.com.ar\\\/web\\\/reforma-de-vivienda-travessera-de-gracia-sincro\\\/\",\"name\":\"Reforma de vivienda Travessera de Gr\u00e0cia \\\/ Sincro - Arquimaster\",\"isPartOf\":{\"@id\":\"https:\\\/\\\/www.arquimaster.com.ar\\\/web\\\/#website\"},\"primaryImageOfPage\":{\"@id\":\"https:\\\/\\\/www.arquimaster.com.ar\\\/web\\\/reforma-de-vivienda-travessera-de-gracia-sincro\\\/#primaryimage\"},\"image\":{\"@id\":\"https:\\\/\\\/www.arquimaster.com.ar\\\/web\\\/reforma-de-vivienda-travessera-de-gracia-sincro\\\/#primaryimage\"},\"thumbnailUrl\":\"https:\\\/\\\/www.arquimaster.com.ar\\\/web\\\/wp-content\\\/uploads\\\/2020\\\/07\\\/vivienda_travessera_de_gracia_slide.jpg\",\"datePublished\":\"2020-07-02T19:43:00+00:00\",\"dateModified\":\"2020-07-06T19:48:39+00:00\",\"description\":\"La intervencion rescata la b\u00f3veda catalana, que por su valor est\u00e9tico y patrimonial, se restauro aportando car\u00e1cter y personalidad al piso.\",\"breadcrumb\":{\"@id\":\"https:\\\/\\\/www.arquimaster.com.ar\\\/web\\\/reforma-de-vivienda-travessera-de-gracia-sincro\\\/#breadcrumb\"},\"inLanguage\":\"es\",\"potentialAction\":[{\"@type\":\"ReadAction\",\"target\":[\"https:\\\/\\\/www.arquimaster.com.ar\\\/web\\\/reforma-de-vivienda-travessera-de-gracia-sincro\\\/\"]}]},{\"@type\":\"ImageObject\",\"inLanguage\":\"es\",\"@id\":\"https:\\\/\\\/www.arquimaster.com.ar\\\/web\\\/reforma-de-vivienda-travessera-de-gracia-sincro\\\/#primaryimage\",\"url\":\"https:\\\/\\\/www.arquimaster.com.ar\\\/web\\\/wp-content\\\/uploads\\\/2020\\\/07\\\/vivienda_travessera_de_gracia_slide.jpg\",\"contentUrl\":\"https:\\\/\\\/www.arquimaster.com.ar\\\/web\\\/wp-content\\\/uploads\\\/2020\\\/07\\\/vivienda_travessera_de_gracia_slide.jpg\",\"width\":698,\"height\":364},{\"@type\":\"BreadcrumbList\",\"@id\":\"https:\\\/\\\/www.arquimaster.com.ar\\\/web\\\/reforma-de-vivienda-travessera-de-gracia-sincro\\\/#breadcrumb\",\"itemListElement\":[{\"@type\":\"ListItem\",\"position\":1,\"name\":\"Portada\",\"item\":\"https:\\\/\\\/www.arquimaster.com.ar\\\/web\\\/\"},{\"@type\":\"ListItem\",\"position\":2,\"name\":\"Reforma de vivienda Travessera de Gr\u00e0cia \\\/ Sincro\"}]},{\"@type\":\"WebSite\",\"@id\":\"https:\\\/\\\/www.arquimaster.com.ar\\\/web\\\/#website\",\"url\":\"https:\\\/\\\/www.arquimaster.com.ar\\\/web\\\/\",\"name\":\"Arquimaster\",\"description\":\"Web de arquitectura, dise\u00f1o y construccion\",\"publisher\":{\"@id\":\"https:\\\/\\\/www.arquimaster.com.ar\\\/web\\\/#organization\"},\"potentialAction\":[{\"@type\":\"SearchAction\",\"target\":{\"@type\":\"EntryPoint\",\"urlTemplate\":\"https:\\\/\\\/www.arquimaster.com.ar\\\/web\\\/?s={search_term_string}\"},\"query-input\":{\"@type\":\"PropertyValueSpecification\",\"valueRequired\":true,\"valueName\":\"search_term_string\"}}],\"inLanguage\":\"es\"},{\"@type\":\"Organization\",\"@id\":\"https:\\\/\\\/www.arquimaster.com.ar\\\/web\\\/#organization\",\"name\":\"Arquimaster\",\"url\":\"https:\\\/\\\/www.arquimaster.com.ar\\\/web\\\/\",\"logo\":{\"@type\":\"ImageObject\",\"inLanguage\":\"es\",\"@id\":\"https:\\\/\\\/www.arquimaster.com.ar\\\/web\\\/#\\\/schema\\\/logo\\\/image\\\/\",\"url\":\"https:\\\/\\\/www.arquimaster.com.ar\\\/web\\\/wp-content\\\/uploads\\\/2022\\\/06\\\/arquimaster.png\",\"contentUrl\":\"https:\\\/\\\/www.arquimaster.com.ar\\\/web\\\/wp-content\\\/uploads\\\/2022\\\/06\\\/arquimaster.png\",\"width\":594,\"height\":78,\"caption\":\"Arquimaster\"},\"image\":{\"@id\":\"https:\\\/\\\/www.arquimaster.com.ar\\\/web\\\/#\\\/schema\\\/logo\\\/image\\\/\"},\"sameAs\":[\"http:\\\/\\\/www.facebook.com\\\/ARQUIMASTER.com.ar\",\"https:\\\/\\\/x.com\\\/arquimaster\",\"https:\\\/\\\/www.instagram.com\\\/arquimasterblog\\\/\",\"https:\\\/\\\/www.linkedin.com\\\/company\\\/arquimaster\",\"https:\\\/\\\/www.pinterest.com\\\/arquimaster\",\"https:\\\/\\\/t.me\\\/arquimaster\"]},{\"@type\":\"Person\",\"@id\":\"https:\\\/\\\/www.arquimaster.com.ar\\\/web\\\/#\\\/schema\\\/person\\\/359e9f7c00193fcde068e0dd2ceb0028\",\"name\":\"Arquimaster\"}]}<\/script>\n<!-- \/ Yoast SEO plugin. -->","yoast_head_json":{"title":"Reforma de vivienda Travessera de Gr\u00e0cia \/ Sincro - Arquimaster","description":"La intervencion rescata la b\u00f3veda catalana, que por su valor est\u00e9tico y patrimonial, se restauro aportando car\u00e1cter y personalidad al piso.","robots":{"index":"index","follow":"follow","max-snippet":"max-snippet:-1","max-image-preview":"max-image-preview:large","max-video-preview":"max-video-preview:-1"},"canonical":"https:\/\/www.arquimaster.com.ar\/web\/reforma-de-vivienda-travessera-de-gracia-sincro\/","og_locale":"es_ES","og_type":"article","og_title":"Reforma de vivienda Travessera de Gr\u00e0cia \/ Sincro","og_description":"La intervencion rescata la b\u00f3veda catalana, que por su valor est\u00e9tico y patrimonial, se restauro aportando car\u00e1cter y personalidad al piso.","og_url":"https:\/\/www.arquimaster.com.ar\/web\/reforma-de-vivienda-travessera-de-gracia-sincro\/","og_site_name":"Arquimaster","article_publisher":"http:\/\/www.facebook.com\/ARQUIMASTER.com.ar","article_published_time":"2020-07-02T19:43:00+00:00","article_modified_time":"2020-07-06T19:48:39+00:00","og_image":[{"width":698,"height":364,"url":"https:\/\/www.arquimaster.com.ar\/web\/wp-content\/uploads\/2020\/07\/vivienda_travessera_de_gracia_slide.jpg","type":"image\/jpeg"}],"author":"Arquimaster","twitter_card":"summary_large_image","twitter_title":"Reforma de vivienda Travessera de Gr\u00e0cia \/ Sincro","twitter_description":"La intervencion rescata la b\u00f3veda catalana, que por su valor est\u00e9tico y patrimonial, se restauro aportando car\u00e1cter y personalidad al piso.","twitter_image":"https:\/\/www.arquimaster.com.ar\/web\/wp-content\/uploads\/2020\/07\/vivienda_travessera_de_gracia_slide.jpg","twitter_creator":"@arquimaster","twitter_site":"@arquimaster","twitter_misc":{"Escrito por":"Arquimaster","Tiempo de lectura":"2 minutos"},"schema":{"@context":"https:\/\/schema.org","@graph":[{"@type":"Article","@id":"https:\/\/www.arquimaster.com.ar\/web\/reforma-de-vivienda-travessera-de-gracia-sincro\/#article","isPartOf":{"@id":"https:\/\/www.arquimaster.com.ar\/web\/reforma-de-vivienda-travessera-de-gracia-sincro\/"},"author":{"name":"Arquimaster","@id":"https:\/\/www.arquimaster.com.ar\/web\/#\/schema\/person\/359e9f7c00193fcde068e0dd2ceb0028"},"headline":"Reforma de vivienda Travessera de Gr\u00e0cia \/ Sincro","datePublished":"2020-07-02T19:43:00+00:00","dateModified":"2020-07-06T19:48:39+00:00","mainEntityOfPage":{"@id":"https:\/\/www.arquimaster.com.ar\/web\/reforma-de-vivienda-travessera-de-gracia-sincro\/"},"wordCount":345,"publisher":{"@id":"https:\/\/www.arquimaster.com.ar\/web\/#organization"},"image":{"@id":"https:\/\/www.arquimaster.com.ar\/web\/reforma-de-vivienda-travessera-de-gracia-sincro\/#primaryimage"},"thumbnailUrl":"https:\/\/www.arquimaster.com.ar\/web\/wp-content\/uploads\/2020\/07\/vivienda_travessera_de_gracia_slide.jpg","keywords":["apartamento","Barcelona","Barrio Sant Gervasi-Galvany","departamento","Espa\u00f1a","reforma de vivienda","Sincro"],"articleSection":["Departamentos y Lofts","Proyecto","Rehabilitaciones y ampliaciones"],"inLanguage":"es"},{"@type":"WebPage","@id":"https:\/\/www.arquimaster.com.ar\/web\/reforma-de-vivienda-travessera-de-gracia-sincro\/","url":"https:\/\/www.arquimaster.com.ar\/web\/reforma-de-vivienda-travessera-de-gracia-sincro\/","name":"Reforma de vivienda Travessera de Gr\u00e0cia \/ Sincro - Arquimaster","isPartOf":{"@id":"https:\/\/www.arquimaster.com.ar\/web\/#website"},"primaryImageOfPage":{"@id":"https:\/\/www.arquimaster.com.ar\/web\/reforma-de-vivienda-travessera-de-gracia-sincro\/#primaryimage"},"image":{"@id":"https:\/\/www.arquimaster.com.ar\/web\/reforma-de-vivienda-travessera-de-gracia-sincro\/#primaryimage"},"thumbnailUrl":"https:\/\/www.arquimaster.com.ar\/web\/wp-content\/uploads\/2020\/07\/vivienda_travessera_de_gracia_slide.jpg","datePublished":"2020-07-02T19:43:00+00:00","dateModified":"2020-07-06T19:48:39+00:00","description":"La intervencion rescata la b\u00f3veda catalana, que por su valor est\u00e9tico y patrimonial, se restauro aportando car\u00e1cter y personalidad al piso.","breadcrumb":{"@id":"https:\/\/www.arquimaster.com.ar\/web\/reforma-de-vivienda-travessera-de-gracia-sincro\/#breadcrumb"},"inLanguage":"es","potentialAction":[{"@type":"ReadAction","target":["https:\/\/www.arquimaster.com.ar\/web\/reforma-de-vivienda-travessera-de-gracia-sincro\/"]}]},{"@type":"ImageObject","inLanguage":"es","@id":"https:\/\/www.arquimaster.com.ar\/web\/reforma-de-vivienda-travessera-de-gracia-sincro\/#primaryimage","url":"https:\/\/www.arquimaster.com.ar\/web\/wp-content\/uploads\/2020\/07\/vivienda_travessera_de_gracia_slide.jpg","contentUrl":"https:\/\/www.arquimaster.com.ar\/web\/wp-content\/uploads\/2020\/07\/vivienda_travessera_de_gracia_slide.jpg","width":698,"height":364},{"@type":"BreadcrumbList","@id":"https:\/\/www.arquimaster.com.ar\/web\/reforma-de-vivienda-travessera-de-gracia-sincro\/#breadcrumb","itemListElement":[{"@type":"ListItem","position":1,"name":"Portada","item":"https:\/\/www.arquimaster.com.ar\/web\/"},{"@type":"ListItem","position":2,"name":"Reforma de vivienda Travessera de Gr\u00e0cia \/ Sincro"}]},{"@type":"WebSite","@id":"https:\/\/www.arquimaster.com.ar\/web\/#website","url":"https:\/\/www.arquimaster.com.ar\/web\/","name":"Arquimaster","description":"Web de arquitectura, dise\u00f1o y construccion","publisher":{"@id":"https:\/\/www.arquimaster.com.ar\/web\/#organization"},"potentialAction":[{"@type":"SearchAction","target":{"@type":"EntryPoint","urlTemplate":"https:\/\/www.arquimaster.com.ar\/web\/?s={search_term_string}"},"query-input":{"@type":"PropertyValueSpecification","valueRequired":true,"valueName":"search_term_string"}}],"inLanguage":"es"},{"@type":"Organization","@id":"https:\/\/www.arquimaster.com.ar\/web\/#organization","name":"Arquimaster","url":"https:\/\/www.arquimaster.com.ar\/web\/","logo":{"@type":"ImageObject","inLanguage":"es","@id":"https:\/\/www.arquimaster.com.ar\/web\/#\/schema\/logo\/image\/","url":"https:\/\/www.arquimaster.com.ar\/web\/wp-content\/uploads\/2022\/06\/arquimaster.png","contentUrl":"https:\/\/www.arquimaster.com.ar\/web\/wp-content\/uploads\/2022\/06\/arquimaster.png","width":594,"height":78,"caption":"Arquimaster"},"image":{"@id":"https:\/\/www.arquimaster.com.ar\/web\/#\/schema\/logo\/image\/"},"sameAs":["http:\/\/www.facebook.com\/ARQUIMASTER.com.ar","https:\/\/x.com\/arquimaster","https:\/\/www.instagram.com\/arquimasterblog\/","https:\/\/www.linkedin.com\/company\/arquimaster","https:\/\/www.pinterest.com\/arquimaster","https:\/\/t.me\/arquimaster"]},{"@type":"Person","@id":"https:\/\/www.arquimaster.com.ar\/web\/#\/schema\/person\/359e9f7c00193fcde068e0dd2ceb0028","name":"Arquimaster"}]}},"uagb_featured_image_src":{"full":["https:\/\/www.arquimaster.com.ar\/web\/wp-content\/uploads\/2020\/07\/vivienda_travessera_de_gracia_slide.jpg",698,364,false],"thumbnail":["https:\/\/www.arquimaster.com.ar\/web\/wp-content\/uploads\/2020\/07\/vivienda_travessera_de_gracia_slide-150x150.jpg",150,150,true],"medium":["https:\/\/www.arquimaster.com.ar\/web\/wp-content\/uploads\/2020\/07\/vivienda_travessera_de_gracia_slide.jpg",698,364,false],"medium_large":["https:\/\/www.arquimaster.com.ar\/web\/wp-content\/uploads\/2020\/07\/vivienda_travessera_de_gracia_slide.jpg",698,364,false],"large":["https:\/\/www.arquimaster.com.ar\/web\/wp-content\/uploads\/2020\/07\/vivienda_travessera_de_gracia_slide.jpg",698,364,false],"1536x1536":["https:\/\/www.arquimaster.com.ar\/web\/wp-content\/uploads\/2020\/07\/vivienda_travessera_de_gracia_slide.jpg",698,364,false],"2048x2048":["https:\/\/www.arquimaster.com.ar\/web\/wp-content\/uploads\/2020\/07\/vivienda_travessera_de_gracia_slide.jpg",698,364,false]},"uagb_author_info":{"display_name":"Arquimaster","author_link":"https:\/\/www.arquimaster.com.ar\/web\/author\/arquimaster\/"},"uagb_comment_info":0,"uagb_excerpt":"La intervencion rescata la b\u00f3veda catalana, aportando car\u00e1cter y personalidad al piso...","_links":{"self":[{"href":"https:\/\/www.arquimaster.com.ar\/web\/wp-json\/wp\/v2\/posts\/57011","targetHints":{"allow":["GET"]}}],"collection":[{"href":"https:\/\/www.arquimaster.com.ar\/web\/wp-json\/wp\/v2\/posts"}],"about":[{"href":"https:\/\/www.arquimaster.com.ar\/web\/wp-json\/wp\/v2\/types\/post"}],"author":[{"embeddable":true,"href":"https:\/\/www.arquimaster.com.ar\/web\/wp-json\/wp\/v2\/users\/1"}],"replies":[{"embeddable":true,"href":"https:\/\/www.arquimaster.com.ar\/web\/wp-json\/wp\/v2\/comments?post=57011"}],"version-history":[{"count":3,"href":"https:\/\/www.arquimaster.com.ar\/web\/wp-json\/wp\/v2\/posts\/57011\/revisions"}],"predecessor-version":[{"id":57154,"href":"https:\/\/www.arquimaster.com.ar\/web\/wp-json\/wp\/v2\/posts\/57011\/revisions\/57154"}],"wp:featuredmedia":[{"embeddable":true,"href":"https:\/\/www.arquimaster.com.ar\/web\/wp-json\/wp\/v2\/media\/57012"}],"wp:attachment":[{"href":"https:\/\/www.arquimaster.com.ar\/web\/wp-json\/wp\/v2\/media?parent=57011"}],"wp:term":[{"taxonomy":"category","embeddable":true,"href":"https:\/\/www.arquimaster.com.ar\/web\/wp-json\/wp\/v2\/categories?post=57011"},{"taxonomy":"post_tag","embeddable":true,"href":"https:\/\/www.arquimaster.com.ar\/web\/wp-json\/wp\/v2\/tags?post=57011"}],"curies":[{"name":"wp","href":"https:\/\/api.w.org\/{rel}","templated":true}]}}