{"id":57071,"date":"2020-07-02T18:27:59","date_gmt":"2020-07-02T21:27:59","guid":{"rendered":"https:\/\/www.arquimaster.com.ar\/web\/?p=57071"},"modified":"2020-07-09T23:57:00","modified_gmt":"2020-07-10T02:57:00","slug":"casa-kaleidos-taller-estilo-arquitectura","status":"publish","type":"post","link":"https:\/\/www.arquimaster.com.ar\/web\/casa-kaleidos-taller-estilo-arquitectura\/","title":{"rendered":"Casa Kaleidos \/ Taller Estilo Arquitectura"},"content":{"rendered":"<div style=\"margin-top: 0px; margin-bottom: 0px;\" class=\"sharethis-inline-share-buttons\" ><\/div><div class=\"b812932af2e751442846f039925109de\" data-index=\"1\" style=\"float: none; margin:25px 0 25px 0; text-align:center;\">\n<script async src=\"https:\/\/pagead2.googlesyndication.com\/pagead\/js\/adsbygoogle.js\"><\/script>\r\n<!-- Arquimaster (superior) -->\r\n<ins class=\"adsbygoogle\"\r\n     style=\"display:block\"\r\n     data-ad-client=\"ca-pub-6351072698456832\"\r\n     data-ad-slot=\"6455489680\"\r\n     data-ad-format=\"auto\"\r\n     data-full-width-responsive=\"true\"><\/ins>\r\n<script>\r\n     (adsbygoogle = window.adsbygoogle || []).push({});\r\n<\/script>\n<\/div>\n<p><strong>Casa Kaleidos<\/strong> (Colonia Centro, M\u00e9rida, Yucat\u00e1n, Mexico) por <strong>Taller Estilo Arquitectura<\/strong>. \u00abComo crear una vivienda unifamiliar, confortable, funcional y fuera de lo convencional, en un lote con dimensiones de 4 x 69 metros y no morir en el intento\u00bb. Este fue nuestro reto al desarrollar la Casa Kaleidos. La proporci\u00f3n de 1 a 17 del lote entre su ancho y longitud no result\u00f3 un impedimento para crear una vivienda unica, innovadora, de gran espacialidad y que hace de los materiales que la conforman sus mejores aliados para crear una propuesta contempor\u00e1nea que resuelve en 280 m2 una vivienda funcional de 3 rec\u00e1maras.<\/p>\n<div id='gallery-1' class='gallery galleryid-57071 gallery-columns-3 gallery-size-thumbnail'><figure class='gallery-item'>\n\t\t\t<div class='gallery-icon portrait'>\n\t\t\t\t<a href='https:\/\/www.arquimaster.com.ar\/web\/wp-content\/uploads\/2020\/07\/casa_kaleidos1.jpg' title=\"Casa Kaleidos \/ Taller Estilo Arquitectura (\u00a9 David Cervera)\" data-rl_title=\"Casa Kaleidos \/ Taller Estilo Arquitectura (\u00a9 David Cervera)\" class=\"rl-gallery-link\" data-rl_caption=\"Casa Kaleidos \/ Taller Estilo Arquitectura (\u00a9 David Cervera)\" data-rel=\"lightbox-gallery-1\"><img loading=\"lazy\" decoding=\"async\" width=\"150\" height=\"150\" src=\"https:\/\/www.arquimaster.com.ar\/web\/wp-content\/uploads\/2020\/07\/casa_kaleidos1-150x150.jpg\" class=\"attachment-thumbnail size-thumbnail\" alt=\"\" aria-describedby=\"gallery-1-57073\" \/><\/a>\n\t\t\t<\/div>\n\t\t\t\t<figcaption class='wp-caption-text gallery-caption' id='gallery-1-57073'>\n\t\t\t\tCasa Kaleidos \/ Taller Estilo Arquitectura (\u00a9 David Cervera)\n\t\t\t\t<\/figcaption><\/figure><figure class='gallery-item'>\n\t\t\t<div class='gallery-icon portrait'>\n\t\t\t\t<a href='https:\/\/www.arquimaster.com.ar\/web\/wp-content\/uploads\/2020\/07\/casa_kaleidos2.jpg' title=\"Casa Kaleidos \/ Taller Estilo Arquitectura (\u00a9 David Cervera)\" data-rl_title=\"Casa Kaleidos \/ Taller Estilo Arquitectura (\u00a9 David Cervera)\" class=\"rl-gallery-link\" data-rl_caption=\"Casa Kaleidos \/ Taller Estilo Arquitectura (\u00a9 David Cervera)\" data-rel=\"lightbox-gallery-1\"><img loading=\"lazy\" decoding=\"async\" width=\"150\" height=\"150\" src=\"https:\/\/www.arquimaster.com.ar\/web\/wp-content\/uploads\/2020\/07\/casa_kaleidos2-150x150.jpg\" class=\"attachment-thumbnail size-thumbnail\" alt=\"\" aria-describedby=\"gallery-1-57074\" \/><\/a>\n\t\t\t<\/div>\n\t\t\t\t<figcaption class='wp-caption-text gallery-caption' id='gallery-1-57074'>\n\t\t\t\tCasa Kaleidos \/ Taller Estilo Arquitectura (\u00a9 David Cervera)\n\t\t\t\t<\/figcaption><\/figure><figure class='gallery-item'>\n\t\t\t<div class='gallery-icon landscape'>\n\t\t\t\t<a href='https:\/\/www.arquimaster.com.ar\/web\/wp-content\/uploads\/2020\/07\/casa_kaleidos3.jpg' title=\"Casa Kaleidos \/ Taller Estilo Arquitectura (\u00a9 David Cervera)\" data-rl_title=\"Casa Kaleidos \/ Taller Estilo Arquitectura (\u00a9 David Cervera)\" class=\"rl-gallery-link\" data-rl_caption=\"Casa Kaleidos \/ Taller Estilo Arquitectura (\u00a9 David Cervera)\" data-rel=\"lightbox-gallery-1\"><img loading=\"lazy\" decoding=\"async\" width=\"150\" height=\"150\" src=\"https:\/\/www.arquimaster.com.ar\/web\/wp-content\/uploads\/2020\/07\/casa_kaleidos3-150x150.jpg\" class=\"attachment-thumbnail size-thumbnail\" alt=\"\" aria-describedby=\"gallery-1-57075\" \/><\/a>\n\t\t\t<\/div>\n\t\t\t\t<figcaption class='wp-caption-text gallery-caption' id='gallery-1-57075'>\n\t\t\t\tCasa Kaleidos \/ Taller Estilo Arquitectura (\u00a9 David Cervera)\n\t\t\t\t<\/figcaption><\/figure><figure class='gallery-item'>\n\t\t\t<div class='gallery-icon portrait'>\n\t\t\t\t<a href='https:\/\/www.arquimaster.com.ar\/web\/wp-content\/uploads\/2020\/07\/casa_kaleidos4.jpg' title=\"Casa Kaleidos \/ Taller Estilo Arquitectura (\u00a9 David Cervera)\" data-rl_title=\"Casa Kaleidos \/ Taller Estilo Arquitectura (\u00a9 David Cervera)\" class=\"rl-gallery-link\" data-rl_caption=\"Casa Kaleidos \/ Taller Estilo Arquitectura (\u00a9 David Cervera)\" data-rel=\"lightbox-gallery-1\"><img loading=\"lazy\" decoding=\"async\" width=\"150\" height=\"150\" src=\"https:\/\/www.arquimaster.com.ar\/web\/wp-content\/uploads\/2020\/07\/casa_kaleidos4-150x150.jpg\" class=\"attachment-thumbnail size-thumbnail\" alt=\"\" aria-describedby=\"gallery-1-57076\" \/><\/a>\n\t\t\t<\/div>\n\t\t\t\t<figcaption class='wp-caption-text gallery-caption' id='gallery-1-57076'>\n\t\t\t\tCasa Kaleidos \/ Taller Estilo Arquitectura (\u00a9 David Cervera)\n\t\t\t\t<\/figcaption><\/figure><figure class='gallery-item'>\n\t\t\t<div class='gallery-icon landscape'>\n\t\t\t\t<a href='https:\/\/www.arquimaster.com.ar\/web\/wp-content\/uploads\/2020\/07\/casa_kaleidos5.jpg' title=\"Casa Kaleidos \/ Taller Estilo Arquitectura (\u00a9 David Cervera)\" data-rl_title=\"Casa Kaleidos \/ Taller Estilo Arquitectura (\u00a9 David Cervera)\" class=\"rl-gallery-link\" data-rl_caption=\"Casa Kaleidos \/ Taller Estilo Arquitectura (\u00a9 David Cervera)\" data-rel=\"lightbox-gallery-1\"><img loading=\"lazy\" decoding=\"async\" width=\"150\" height=\"150\" src=\"https:\/\/www.arquimaster.com.ar\/web\/wp-content\/uploads\/2020\/07\/casa_kaleidos5-150x150.jpg\" class=\"attachment-thumbnail size-thumbnail\" alt=\"\" aria-describedby=\"gallery-1-57077\" \/><\/a>\n\t\t\t<\/div>\n\t\t\t\t<figcaption class='wp-caption-text gallery-caption' id='gallery-1-57077'>\n\t\t\t\tCasa Kaleidos \/ Taller Estilo Arquitectura (\u00a9 David Cervera)\n\t\t\t\t<\/figcaption><\/figure><figure class='gallery-item'>\n\t\t\t<div class='gallery-icon portrait'>\n\t\t\t\t<a href='https:\/\/www.arquimaster.com.ar\/web\/wp-content\/uploads\/2020\/07\/casa_kaleidos6.jpg' title=\"Casa Kaleidos \/ Taller Estilo Arquitectura (\u00a9 David Cervera)\" data-rl_title=\"Casa Kaleidos \/ Taller Estilo Arquitectura (\u00a9 David Cervera)\" class=\"rl-gallery-link\" data-rl_caption=\"Casa Kaleidos \/ Taller Estilo Arquitectura (\u00a9 David Cervera)\" data-rel=\"lightbox-gallery-1\"><img loading=\"lazy\" decoding=\"async\" width=\"150\" height=\"150\" src=\"https:\/\/www.arquimaster.com.ar\/web\/wp-content\/uploads\/2020\/07\/casa_kaleidos6-150x150.jpg\" class=\"attachment-thumbnail size-thumbnail\" alt=\"\" aria-describedby=\"gallery-1-57078\" \/><\/a>\n\t\t\t<\/div>\n\t\t\t\t<figcaption class='wp-caption-text gallery-caption' id='gallery-1-57078'>\n\t\t\t\tCasa Kaleidos \/ Taller Estilo Arquitectura (\u00a9 David Cervera)\n\t\t\t\t<\/figcaption><\/figure><figure class='gallery-item'>\n\t\t\t<div class='gallery-icon portrait'>\n\t\t\t\t<a href='https:\/\/www.arquimaster.com.ar\/web\/wp-content\/uploads\/2020\/07\/casa_kaleidos7.jpg' title=\"Casa Kaleidos \/ Taller Estilo Arquitectura (\u00a9 David Cervera)\" data-rl_title=\"Casa Kaleidos \/ Taller Estilo Arquitectura (\u00a9 David Cervera)\" class=\"rl-gallery-link\" data-rl_caption=\"Casa Kaleidos \/ Taller Estilo Arquitectura (\u00a9 David Cervera)\" data-rel=\"lightbox-gallery-1\"><img loading=\"lazy\" decoding=\"async\" width=\"150\" height=\"150\" src=\"https:\/\/www.arquimaster.com.ar\/web\/wp-content\/uploads\/2020\/07\/casa_kaleidos7-150x150.jpg\" class=\"attachment-thumbnail size-thumbnail\" alt=\"\" aria-describedby=\"gallery-1-57079\" \/><\/a>\n\t\t\t<\/div>\n\t\t\t\t<figcaption class='wp-caption-text gallery-caption' id='gallery-1-57079'>\n\t\t\t\tCasa Kaleidos \/ Taller Estilo Arquitectura (\u00a9 David Cervera)\n\t\t\t\t<\/figcaption><\/figure><figure class='gallery-item'>\n\t\t\t<div class='gallery-icon landscape'>\n\t\t\t\t<a href='https:\/\/www.arquimaster.com.ar\/web\/wp-content\/uploads\/2020\/07\/casa_kaleidos8.jpg' title=\"Casa Kaleidos \/ Taller Estilo Arquitectura (\u00a9 David Cervera)\" data-rl_title=\"Casa Kaleidos \/ Taller Estilo Arquitectura (\u00a9 David Cervera)\" class=\"rl-gallery-link\" data-rl_caption=\"Casa Kaleidos \/ Taller Estilo Arquitectura (\u00a9 David Cervera)\" data-rel=\"lightbox-gallery-1\"><img loading=\"lazy\" decoding=\"async\" width=\"150\" height=\"150\" src=\"https:\/\/www.arquimaster.com.ar\/web\/wp-content\/uploads\/2020\/07\/casa_kaleidos8-150x150.jpg\" class=\"attachment-thumbnail size-thumbnail\" alt=\"\" aria-describedby=\"gallery-1-57080\" \/><\/a>\n\t\t\t<\/div>\n\t\t\t\t<figcaption class='wp-caption-text gallery-caption' id='gallery-1-57080'>\n\t\t\t\tCasa Kaleidos \/ Taller Estilo Arquitectura (\u00a9 David Cervera)\n\t\t\t\t<\/figcaption><\/figure><figure class='gallery-item'>\n\t\t\t<div class='gallery-icon landscape'>\n\t\t\t\t<a href='https:\/\/www.arquimaster.com.ar\/web\/wp-content\/uploads\/2020\/07\/casa_kaleidos9.jpg' title=\"Casa Kaleidos \/ Taller Estilo Arquitectura (\u00a9 David Cervera)\" data-rl_title=\"Casa Kaleidos \/ Taller Estilo Arquitectura (\u00a9 David Cervera)\" class=\"rl-gallery-link\" data-rl_caption=\"Casa Kaleidos \/ Taller Estilo Arquitectura (\u00a9 David Cervera)\" data-rel=\"lightbox-gallery-1\"><img loading=\"lazy\" decoding=\"async\" width=\"150\" height=\"150\" src=\"https:\/\/www.arquimaster.com.ar\/web\/wp-content\/uploads\/2020\/07\/casa_kaleidos9-150x150.jpg\" class=\"attachment-thumbnail size-thumbnail\" alt=\"\" aria-describedby=\"gallery-1-57081\" \/><\/a>\n\t\t\t<\/div>\n\t\t\t\t<figcaption class='wp-caption-text gallery-caption' id='gallery-1-57081'>\n\t\t\t\tCasa Kaleidos \/ Taller Estilo Arquitectura (\u00a9 David Cervera)\n\t\t\t\t<\/figcaption><\/figure><figure class='gallery-item'>\n\t\t\t<div class='gallery-icon landscape'>\n\t\t\t\t<a href='https:\/\/www.arquimaster.com.ar\/web\/wp-content\/uploads\/2020\/07\/casa_kaleidos10.jpg' title=\"Casa Kaleidos \/ Taller Estilo Arquitectura (\u00a9 David Cervera)\" data-rl_title=\"Casa Kaleidos \/ Taller Estilo Arquitectura (\u00a9 David Cervera)\" class=\"rl-gallery-link\" data-rl_caption=\"Casa Kaleidos \/ Taller Estilo Arquitectura (\u00a9 David Cervera)\" data-rel=\"lightbox-gallery-1\"><img loading=\"lazy\" decoding=\"async\" width=\"150\" height=\"150\" src=\"https:\/\/www.arquimaster.com.ar\/web\/wp-content\/uploads\/2020\/07\/casa_kaleidos10-150x150.jpg\" class=\"attachment-thumbnail size-thumbnail\" alt=\"\" aria-describedby=\"gallery-1-57082\" \/><\/a>\n\t\t\t<\/div>\n\t\t\t\t<figcaption class='wp-caption-text gallery-caption' id='gallery-1-57082'>\n\t\t\t\tCasa Kaleidos \/ Taller Estilo Arquitectura (\u00a9 David Cervera)\n\t\t\t\t<\/figcaption><\/figure><figure class='gallery-item'>\n\t\t\t<div class='gallery-icon portrait'>\n\t\t\t\t<a href='https:\/\/www.arquimaster.com.ar\/web\/wp-content\/uploads\/2020\/07\/casa_kaleidos11.jpg' title=\"Casa Kaleidos \/ Taller Estilo Arquitectura (\u00a9 David Cervera)\" data-rl_title=\"Casa Kaleidos \/ Taller Estilo Arquitectura (\u00a9 David Cervera)\" class=\"rl-gallery-link\" data-rl_caption=\"Casa Kaleidos \/ Taller Estilo Arquitectura (\u00a9 David Cervera)\" data-rel=\"lightbox-gallery-1\"><img loading=\"lazy\" decoding=\"async\" width=\"150\" height=\"150\" src=\"https:\/\/www.arquimaster.com.ar\/web\/wp-content\/uploads\/2020\/07\/casa_kaleidos11-150x150.jpg\" class=\"attachment-thumbnail size-thumbnail\" alt=\"\" aria-describedby=\"gallery-1-57083\" \/><\/a>\n\t\t\t<\/div>\n\t\t\t\t<figcaption class='wp-caption-text gallery-caption' id='gallery-1-57083'>\n\t\t\t\tCasa Kaleidos \/ Taller Estilo Arquitectura (\u00a9 David Cervera)\n\t\t\t\t<\/figcaption><\/figure><figure class='gallery-item'>\n\t\t\t<div class='gallery-icon portrait'>\n\t\t\t\t<a href='https:\/\/www.arquimaster.com.ar\/web\/wp-content\/uploads\/2020\/07\/casa_kaleidos12.jpg' title=\"Casa Kaleidos \/ Taller Estilo Arquitectura (\u00a9 David Cervera)\" data-rl_title=\"Casa Kaleidos \/ Taller Estilo Arquitectura (\u00a9 David Cervera)\" class=\"rl-gallery-link\" data-rl_caption=\"Casa Kaleidos \/ Taller Estilo Arquitectura (\u00a9 David Cervera)\" data-rel=\"lightbox-gallery-1\"><img loading=\"lazy\" decoding=\"async\" width=\"150\" height=\"150\" src=\"https:\/\/www.arquimaster.com.ar\/web\/wp-content\/uploads\/2020\/07\/casa_kaleidos12-150x150.jpg\" class=\"attachment-thumbnail size-thumbnail\" alt=\"\" aria-describedby=\"gallery-1-57084\" \/><\/a>\n\t\t\t<\/div>\n\t\t\t\t<figcaption class='wp-caption-text gallery-caption' id='gallery-1-57084'>\n\t\t\t\tCasa Kaleidos \/ Taller Estilo Arquitectura (\u00a9 David Cervera)\n\t\t\t\t<\/figcaption><\/figure><figure class='gallery-item'>\n\t\t\t<div class='gallery-icon landscape'>\n\t\t\t\t<a href='https:\/\/www.arquimaster.com.ar\/web\/wp-content\/uploads\/2020\/07\/casa_kaleidos13.jpg' title=\"Casa Kaleidos \/ Taller Estilo Arquitectura (\u00a9 David Cervera)\" data-rl_title=\"Casa Kaleidos \/ Taller Estilo Arquitectura (\u00a9 David Cervera)\" class=\"rl-gallery-link\" data-rl_caption=\"Casa Kaleidos \/ Taller Estilo Arquitectura (\u00a9 David Cervera)\" data-rel=\"lightbox-gallery-1\"><img loading=\"lazy\" decoding=\"async\" width=\"150\" height=\"150\" src=\"https:\/\/www.arquimaster.com.ar\/web\/wp-content\/uploads\/2020\/07\/casa_kaleidos13-150x150.jpg\" class=\"attachment-thumbnail size-thumbnail\" alt=\"\" aria-describedby=\"gallery-1-57085\" \/><\/a>\n\t\t\t<\/div>\n\t\t\t\t<figcaption class='wp-caption-text gallery-caption' id='gallery-1-57085'>\n\t\t\t\tCasa Kaleidos \/ Taller Estilo Arquitectura (\u00a9 David Cervera)\n\t\t\t\t<\/figcaption><\/figure><figure class='gallery-item'>\n\t\t\t<div class='gallery-icon landscape'>\n\t\t\t\t<a href='https:\/\/www.arquimaster.com.ar\/web\/wp-content\/uploads\/2020\/07\/casa_kaleidos14.jpg' title=\"Casa Kaleidos \/ Taller Estilo Arquitectura(\u00a9 Elias Colli Medina)\" data-rl_title=\"Casa Kaleidos \/ Taller Estilo Arquitectura(\u00a9 Elias Colli Medina)\" class=\"rl-gallery-link\" data-rl_caption=\"Casa Kaleidos \/ Taller Estilo Arquitectura(\u00a9 Elias Colli Medina)\" data-rel=\"lightbox-gallery-1\"><img loading=\"lazy\" decoding=\"async\" width=\"150\" height=\"150\" src=\"https:\/\/www.arquimaster.com.ar\/web\/wp-content\/uploads\/2020\/07\/casa_kaleidos14-150x150.jpg\" class=\"attachment-thumbnail size-thumbnail\" alt=\"\" aria-describedby=\"gallery-1-57086\" \/><\/a>\n\t\t\t<\/div>\n\t\t\t\t<figcaption class='wp-caption-text gallery-caption' id='gallery-1-57086'>\n\t\t\t\tCasa Kaleidos \/ Taller Estilo Arquitectura(\u00a9 Elias Colli Medina)\n\t\t\t\t<\/figcaption><\/figure><figure class='gallery-item'>\n\t\t\t<div class='gallery-icon landscape'>\n\t\t\t\t<a href='https:\/\/www.arquimaster.com.ar\/web\/wp-content\/uploads\/2020\/07\/casa_kaleidos15.jpg' title=\"Casa Kaleidos \/ Taller Estilo Arquitectura (\u00a9 David Cervera)\" data-rl_title=\"Casa Kaleidos \/ Taller Estilo Arquitectura (\u00a9 David Cervera)\" class=\"rl-gallery-link\" data-rl_caption=\"Casa Kaleidos \/ Taller Estilo Arquitectura (\u00a9 David Cervera)\" data-rel=\"lightbox-gallery-1\"><img loading=\"lazy\" decoding=\"async\" width=\"150\" height=\"150\" src=\"https:\/\/www.arquimaster.com.ar\/web\/wp-content\/uploads\/2020\/07\/casa_kaleidos15-150x150.jpg\" class=\"attachment-thumbnail size-thumbnail\" alt=\"\" aria-describedby=\"gallery-1-57087\" \/><\/a>\n\t\t\t<\/div>\n\t\t\t\t<figcaption class='wp-caption-text gallery-caption' id='gallery-1-57087'>\n\t\t\t\tCasa Kaleidos \/ Taller Estilo Arquitectura (\u00a9 David Cervera)\n\t\t\t\t<\/figcaption><\/figure><figure class='gallery-item'>\n\t\t\t<div class='gallery-icon portrait'>\n\t\t\t\t<a href='https:\/\/www.arquimaster.com.ar\/web\/wp-content\/uploads\/2020\/07\/casa_kaleidos16.jpg' title=\"Casa Kaleidos \/ Taller Estilo Arquitectura (\u00a9 David Cervera)\" data-rl_title=\"Casa Kaleidos \/ Taller Estilo Arquitectura (\u00a9 David Cervera)\" class=\"rl-gallery-link\" data-rl_caption=\"Casa Kaleidos \/ Taller Estilo Arquitectura (\u00a9 David Cervera)\" data-rel=\"lightbox-gallery-1\"><img loading=\"lazy\" decoding=\"async\" width=\"150\" height=\"150\" src=\"https:\/\/www.arquimaster.com.ar\/web\/wp-content\/uploads\/2020\/07\/casa_kaleidos16-150x150.jpg\" class=\"attachment-thumbnail size-thumbnail\" alt=\"\" aria-describedby=\"gallery-1-57088\" \/><\/a>\n\t\t\t<\/div>\n\t\t\t\t<figcaption class='wp-caption-text gallery-caption' id='gallery-1-57088'>\n\t\t\t\tCasa Kaleidos \/ Taller Estilo Arquitectura (\u00a9 David Cervera)\n\t\t\t\t<\/figcaption><\/figure><figure class='gallery-item'>\n\t\t\t<div class='gallery-icon portrait'>\n\t\t\t\t<a href='https:\/\/www.arquimaster.com.ar\/web\/wp-content\/uploads\/2020\/07\/casa_kaleidos17.jpg' title=\"Casa Kaleidos \/ Taller Estilo Arquitectura (\u00a9 David Cervera)\" data-rl_title=\"Casa Kaleidos \/ Taller Estilo Arquitectura (\u00a9 David Cervera)\" class=\"rl-gallery-link\" data-rl_caption=\"Casa Kaleidos \/ Taller Estilo Arquitectura (\u00a9 David Cervera)\" data-rel=\"lightbox-gallery-1\"><img loading=\"lazy\" decoding=\"async\" width=\"150\" height=\"150\" src=\"https:\/\/www.arquimaster.com.ar\/web\/wp-content\/uploads\/2020\/07\/casa_kaleidos17-150x150.jpg\" class=\"attachment-thumbnail size-thumbnail\" alt=\"\" aria-describedby=\"gallery-1-57089\" \/><\/a>\n\t\t\t<\/div>\n\t\t\t\t<figcaption class='wp-caption-text gallery-caption' id='gallery-1-57089'>\n\t\t\t\tCasa Kaleidos \/ Taller Estilo Arquitectura (\u00a9 David Cervera)\n\t\t\t\t<\/figcaption><\/figure><figure class='gallery-item'>\n\t\t\t<div class='gallery-icon landscape'>\n\t\t\t\t<a href='https:\/\/www.arquimaster.com.ar\/web\/wp-content\/uploads\/2020\/07\/casa_kaleidos18.jpg' title=\"Casa Kaleidos \/ Taller Estilo Arquitectura (\u00a9 David Cervera)\" data-rl_title=\"Casa Kaleidos \/ Taller Estilo Arquitectura (\u00a9 David Cervera)\" class=\"rl-gallery-link\" data-rl_caption=\"Casa Kaleidos \/ Taller Estilo Arquitectura (\u00a9 David Cervera)\" data-rel=\"lightbox-gallery-1\"><img loading=\"lazy\" decoding=\"async\" width=\"150\" height=\"150\" src=\"https:\/\/www.arquimaster.com.ar\/web\/wp-content\/uploads\/2020\/07\/casa_kaleidos18-150x150.jpg\" class=\"attachment-thumbnail size-thumbnail\" alt=\"\" aria-describedby=\"gallery-1-57090\" \/><\/a>\n\t\t\t<\/div>\n\t\t\t\t<figcaption class='wp-caption-text gallery-caption' id='gallery-1-57090'>\n\t\t\t\tCasa Kaleidos \/ Taller Estilo Arquitectura (\u00a9 David Cervera)\n\t\t\t\t<\/figcaption><\/figure><figure class='gallery-item'>\n\t\t\t<div class='gallery-icon landscape'>\n\t\t\t\t<a href='https:\/\/www.arquimaster.com.ar\/web\/wp-content\/uploads\/2020\/07\/casa_kaleidos19.jpg' title=\"Casa Kaleidos \/ Taller Estilo Arquitectura (\u00a9 David Cervera)\" data-rl_title=\"Casa Kaleidos \/ Taller Estilo Arquitectura (\u00a9 David Cervera)\" class=\"rl-gallery-link\" data-rl_caption=\"Casa Kaleidos \/ Taller Estilo Arquitectura (\u00a9 David Cervera)\" data-rel=\"lightbox-gallery-1\"><img loading=\"lazy\" decoding=\"async\" width=\"150\" height=\"150\" src=\"https:\/\/www.arquimaster.com.ar\/web\/wp-content\/uploads\/2020\/07\/casa_kaleidos19-150x150.jpg\" class=\"attachment-thumbnail size-thumbnail\" alt=\"\" aria-describedby=\"gallery-1-57091\" \/><\/a>\n\t\t\t<\/div>\n\t\t\t\t<figcaption class='wp-caption-text gallery-caption' id='gallery-1-57091'>\n\t\t\t\tCasa Kaleidos \/ Taller Estilo Arquitectura (\u00a9 David Cervera)\n\t\t\t\t<\/figcaption><\/figure><figure class='gallery-item'>\n\t\t\t<div class='gallery-icon landscape'>\n\t\t\t\t<a href='https:\/\/www.arquimaster.com.ar\/web\/wp-content\/uploads\/2020\/07\/casa_kaleidos20.jpg' title=\"Casa Kaleidos \/ Taller Estilo Arquitectura (\u00a9 David Cervera)\" data-rl_title=\"Casa Kaleidos \/ Taller Estilo Arquitectura (\u00a9 David Cervera)\" class=\"rl-gallery-link\" data-rl_caption=\"Casa Kaleidos \/ Taller Estilo Arquitectura (\u00a9 David Cervera)\" data-rel=\"lightbox-gallery-1\"><img loading=\"lazy\" decoding=\"async\" width=\"150\" height=\"150\" src=\"https:\/\/www.arquimaster.com.ar\/web\/wp-content\/uploads\/2020\/07\/casa_kaleidos20-150x150.jpg\" class=\"attachment-thumbnail size-thumbnail\" alt=\"\" aria-describedby=\"gallery-1-57092\" \/><\/a>\n\t\t\t<\/div>\n\t\t\t\t<figcaption class='wp-caption-text gallery-caption' id='gallery-1-57092'>\n\t\t\t\tCasa Kaleidos \/ Taller Estilo Arquitectura (\u00a9 David Cervera)\n\t\t\t\t<\/figcaption><\/figure><figure class='gallery-item'>\n\t\t\t<div class='gallery-icon landscape'>\n\t\t\t\t<a href='https:\/\/www.arquimaster.com.ar\/web\/wp-content\/uploads\/2020\/07\/casa_kaleidos21.jpg' title=\"Casa Kaleidos \/ Taller Estilo Arquitectura (\u00a9 David Cervera)\" data-rl_title=\"Casa Kaleidos \/ Taller Estilo Arquitectura (\u00a9 David Cervera)\" class=\"rl-gallery-link\" data-rl_caption=\"Casa Kaleidos \/ Taller Estilo Arquitectura (\u00a9 David Cervera)\" data-rel=\"lightbox-gallery-1\"><img loading=\"lazy\" decoding=\"async\" width=\"150\" height=\"150\" src=\"https:\/\/www.arquimaster.com.ar\/web\/wp-content\/uploads\/2020\/07\/casa_kaleidos21-150x150.jpg\" class=\"attachment-thumbnail size-thumbnail\" alt=\"\" aria-describedby=\"gallery-1-57093\" \/><\/a>\n\t\t\t<\/div>\n\t\t\t\t<figcaption class='wp-caption-text gallery-caption' id='gallery-1-57093'>\n\t\t\t\tCasa Kaleidos \/ Taller Estilo Arquitectura (\u00a9 David Cervera)\n\t\t\t\t<\/figcaption><\/figure><figure class='gallery-item'>\n\t\t\t<div class='gallery-icon landscape'>\n\t\t\t\t<a href='https:\/\/www.arquimaster.com.ar\/web\/wp-content\/uploads\/2020\/07\/casa_kaleidos22.jpg' title=\"Casa Kaleidos \/ Taller Estilo Arquitectura (\u00a9 David Cervera)\" data-rl_title=\"Casa Kaleidos \/ Taller Estilo Arquitectura (\u00a9 David Cervera)\" class=\"rl-gallery-link\" data-rl_caption=\"Casa Kaleidos \/ Taller Estilo Arquitectura (\u00a9 David Cervera)\" data-rel=\"lightbox-gallery-1\"><img loading=\"lazy\" decoding=\"async\" width=\"150\" height=\"150\" src=\"https:\/\/www.arquimaster.com.ar\/web\/wp-content\/uploads\/2020\/07\/casa_kaleidos22-150x150.jpg\" class=\"attachment-thumbnail size-thumbnail\" alt=\"\" aria-describedby=\"gallery-1-57094\" \/><\/a>\n\t\t\t<\/div>\n\t\t\t\t<figcaption class='wp-caption-text gallery-caption' id='gallery-1-57094'>\n\t\t\t\tCasa Kaleidos \/ Taller Estilo Arquitectura (\u00a9 David Cervera)\n\t\t\t\t<\/figcaption><\/figure><figure class='gallery-item'>\n\t\t\t<div class='gallery-icon portrait'>\n\t\t\t\t<a href='https:\/\/www.arquimaster.com.ar\/web\/wp-content\/uploads\/2020\/07\/casa_kaleidos23.jpg' title=\"Casa Kaleidos \/ Taller Estilo Arquitectura (\u00a9 David Cervera)\" data-rl_title=\"Casa Kaleidos \/ Taller Estilo Arquitectura (\u00a9 David Cervera)\" class=\"rl-gallery-link\" data-rl_caption=\"Casa Kaleidos \/ Taller Estilo Arquitectura (\u00a9 David Cervera)\" data-rel=\"lightbox-gallery-1\"><img loading=\"lazy\" decoding=\"async\" width=\"150\" height=\"150\" src=\"https:\/\/www.arquimaster.com.ar\/web\/wp-content\/uploads\/2020\/07\/casa_kaleidos23-150x150.jpg\" class=\"attachment-thumbnail size-thumbnail\" alt=\"\" aria-describedby=\"gallery-1-57095\" \/><\/a>\n\t\t\t<\/div>\n\t\t\t\t<figcaption class='wp-caption-text gallery-caption' id='gallery-1-57095'>\n\t\t\t\tCasa Kaleidos \/ Taller Estilo Arquitectura (\u00a9 David Cervera)\n\t\t\t\t<\/figcaption><\/figure><figure class='gallery-item'>\n\t\t\t<div class='gallery-icon landscape'>\n\t\t\t\t<a href='https:\/\/www.arquimaster.com.ar\/web\/wp-content\/uploads\/2020\/07\/casa_kaleidos24.jpg' title=\"Casa Kaleidos \/ Taller Estilo Arquitectura (planta baja)\" data-rl_title=\"Casa Kaleidos \/ Taller Estilo Arquitectura (planta baja)\" class=\"rl-gallery-link\" data-rl_caption=\"Casa Kaleidos \/ Taller Estilo Arquitectura (planta baja)\" data-rel=\"lightbox-gallery-1\"><img loading=\"lazy\" decoding=\"async\" width=\"150\" height=\"150\" src=\"https:\/\/www.arquimaster.com.ar\/web\/wp-content\/uploads\/2020\/07\/casa_kaleidos24-150x150.jpg\" class=\"attachment-thumbnail size-thumbnail\" alt=\"\" aria-describedby=\"gallery-1-57096\" \/><\/a>\n\t\t\t<\/div>\n\t\t\t\t<figcaption class='wp-caption-text gallery-caption' id='gallery-1-57096'>\n\t\t\t\tCasa Kaleidos \/ Taller Estilo Arquitectura (planta baja)\n\t\t\t\t<\/figcaption><\/figure><figure class='gallery-item'>\n\t\t\t<div class='gallery-icon landscape'>\n\t\t\t\t<a href='https:\/\/www.arquimaster.com.ar\/web\/wp-content\/uploads\/2020\/07\/casa_kaleidos25.jpg' title=\"Casa Kaleidos \/ Taller Estilo Arquitectura (planta alta)\" data-rl_title=\"Casa Kaleidos \/ Taller Estilo Arquitectura (planta alta)\" class=\"rl-gallery-link\" data-rl_caption=\"Casa Kaleidos \/ Taller Estilo Arquitectura (planta alta)\" data-rel=\"lightbox-gallery-1\"><img loading=\"lazy\" decoding=\"async\" width=\"150\" height=\"150\" src=\"https:\/\/www.arquimaster.com.ar\/web\/wp-content\/uploads\/2020\/07\/casa_kaleidos25-150x150.jpg\" class=\"attachment-thumbnail size-thumbnail\" alt=\"\" aria-describedby=\"gallery-1-57097\" \/><\/a>\n\t\t\t<\/div>\n\t\t\t\t<figcaption class='wp-caption-text gallery-caption' id='gallery-1-57097'>\n\t\t\t\tCasa Kaleidos \/ Taller Estilo Arquitectura (planta alta)\n\t\t\t\t<\/figcaption><\/figure><figure class='gallery-item'>\n\t\t\t<div class='gallery-icon landscape'>\n\t\t\t\t<a href='https:\/\/www.arquimaster.com.ar\/web\/wp-content\/uploads\/2020\/07\/casa_kaleidos26.jpg' title=\"Casa Kaleidos \/ Taller Estilo Arquitectura (planta de conjunto)\" data-rl_title=\"Casa Kaleidos \/ Taller Estilo Arquitectura (planta de conjunto)\" class=\"rl-gallery-link\" data-rl_caption=\"Casa Kaleidos \/ Taller Estilo Arquitectura (planta de conjunto)\" data-rel=\"lightbox-gallery-1\"><img loading=\"lazy\" decoding=\"async\" width=\"150\" height=\"150\" src=\"https:\/\/www.arquimaster.com.ar\/web\/wp-content\/uploads\/2020\/07\/casa_kaleidos26-150x150.jpg\" class=\"attachment-thumbnail size-thumbnail\" alt=\"\" aria-describedby=\"gallery-1-57098\" \/><\/a>\n\t\t\t<\/div>\n\t\t\t\t<figcaption class='wp-caption-text gallery-caption' id='gallery-1-57098'>\n\t\t\t\tCasa Kaleidos \/ Taller Estilo Arquitectura (planta de conjunto)\n\t\t\t\t<\/figcaption><\/figure><figure class='gallery-item'>\n\t\t\t<div class='gallery-icon landscape'>\n\t\t\t\t<a href='https:\/\/www.arquimaster.com.ar\/web\/wp-content\/uploads\/2020\/07\/casa_kaleidos27.jpg' title=\"Casa Kaleidos \/ Taller Estilo Arquitectura (corte)\" data-rl_title=\"Casa Kaleidos \/ Taller Estilo Arquitectura (corte)\" class=\"rl-gallery-link\" data-rl_caption=\"Casa Kaleidos \/ Taller Estilo Arquitectura (corte)\" data-rel=\"lightbox-gallery-1\"><img loading=\"lazy\" decoding=\"async\" width=\"150\" height=\"150\" src=\"https:\/\/www.arquimaster.com.ar\/web\/wp-content\/uploads\/2020\/07\/casa_kaleidos27-150x150.jpg\" class=\"attachment-thumbnail size-thumbnail\" alt=\"\" aria-describedby=\"gallery-1-57099\" \/><\/a>\n\t\t\t<\/div>\n\t\t\t\t<figcaption class='wp-caption-text gallery-caption' id='gallery-1-57099'>\n\t\t\t\tCasa Kaleidos \/ Taller Estilo Arquitectura (corte)\n\t\t\t\t<\/figcaption><\/figure><figure class='gallery-item'>\n\t\t\t<div class='gallery-icon landscape'>\n\t\t\t\t<a href='https:\/\/www.arquimaster.com.ar\/web\/wp-content\/uploads\/2020\/07\/casa_kaleidos28.jpg' title=\"Casa Kaleidos \/ Taller Estilo Arquitectura (corte)\" data-rl_title=\"Casa Kaleidos \/ Taller Estilo Arquitectura (corte)\" class=\"rl-gallery-link\" data-rl_caption=\"Casa Kaleidos \/ Taller Estilo Arquitectura (corte)\" data-rel=\"lightbox-gallery-1\"><img loading=\"lazy\" decoding=\"async\" width=\"150\" height=\"150\" src=\"https:\/\/www.arquimaster.com.ar\/web\/wp-content\/uploads\/2020\/07\/casa_kaleidos28-150x150.jpg\" class=\"attachment-thumbnail size-thumbnail\" alt=\"\" aria-describedby=\"gallery-1-57100\" \/><\/a>\n\t\t\t<\/div>\n\t\t\t\t<figcaption class='wp-caption-text gallery-caption' id='gallery-1-57100'>\n\t\t\t\tCasa Kaleidos \/ Taller Estilo Arquitectura (corte)\n\t\t\t\t<\/figcaption><\/figure><figure class='gallery-item'>\n\t\t\t<div class='gallery-icon landscape'>\n\t\t\t\t<a href='https:\/\/www.arquimaster.com.ar\/web\/wp-content\/uploads\/2020\/07\/casa_kaleidos29.jpg' title=\"Casa Kaleidos \/ Taller Estilo Arquitectura (corte)\" data-rl_title=\"Casa Kaleidos \/ Taller Estilo Arquitectura (corte)\" class=\"rl-gallery-link\" data-rl_caption=\"Casa Kaleidos \/ Taller Estilo Arquitectura (corte)\" data-rel=\"lightbox-gallery-1\"><img loading=\"lazy\" decoding=\"async\" width=\"150\" height=\"150\" src=\"https:\/\/www.arquimaster.com.ar\/web\/wp-content\/uploads\/2020\/07\/casa_kaleidos29-150x150.jpg\" class=\"attachment-thumbnail size-thumbnail\" alt=\"\" aria-describedby=\"gallery-1-57101\" \/><\/a>\n\t\t\t<\/div>\n\t\t\t\t<figcaption class='wp-caption-text gallery-caption' id='gallery-1-57101'>\n\t\t\t\tCasa Kaleidos \/ Taller Estilo Arquitectura (corte)\n\t\t\t\t<\/figcaption><\/figure><figure class='gallery-item'>\n\t\t\t<div class='gallery-icon landscape'>\n\t\t\t\t<a href='https:\/\/www.arquimaster.com.ar\/web\/wp-content\/uploads\/2020\/07\/casa_kaleidos30.jpg' title=\"Casa Kaleidos \/ Taller Estilo Arquitectura (corte)\" data-rl_title=\"Casa Kaleidos \/ Taller Estilo Arquitectura (corte)\" class=\"rl-gallery-link\" data-rl_caption=\"Casa Kaleidos \/ Taller Estilo Arquitectura (corte)\" data-rel=\"lightbox-gallery-1\"><img loading=\"lazy\" decoding=\"async\" width=\"150\" height=\"150\" src=\"https:\/\/www.arquimaster.com.ar\/web\/wp-content\/uploads\/2020\/07\/casa_kaleidos30-150x150.jpg\" class=\"attachment-thumbnail size-thumbnail\" alt=\"\" aria-describedby=\"gallery-1-57102\" \/><\/a>\n\t\t\t<\/div>\n\t\t\t\t<figcaption class='wp-caption-text gallery-caption' id='gallery-1-57102'>\n\t\t\t\tCasa Kaleidos \/ Taller Estilo Arquitectura (corte)\n\t\t\t\t<\/figcaption><\/figure><figure class='gallery-item'>\n\t\t\t<div class='gallery-icon landscape'>\n\t\t\t\t<a href='https:\/\/www.arquimaster.com.ar\/web\/wp-content\/uploads\/2020\/07\/casa_kaleidos31.jpg' title=\"Casa Kaleidos \/ Taller Estilo Arquitectura (corte)\" data-rl_title=\"Casa Kaleidos \/ Taller Estilo Arquitectura (corte)\" class=\"rl-gallery-link\" data-rl_caption=\"Casa Kaleidos \/ Taller Estilo Arquitectura (corte)\" data-rel=\"lightbox-gallery-1\"><img loading=\"lazy\" decoding=\"async\" width=\"150\" height=\"150\" src=\"https:\/\/www.arquimaster.com.ar\/web\/wp-content\/uploads\/2020\/07\/casa_kaleidos31-150x150.jpg\" class=\"attachment-thumbnail size-thumbnail\" alt=\"\" aria-describedby=\"gallery-1-57103\" \/><\/a>\n\t\t\t<\/div>\n\t\t\t\t<figcaption class='wp-caption-text gallery-caption' id='gallery-1-57103'>\n\t\t\t\tCasa Kaleidos \/ Taller Estilo Arquitectura (corte)\n\t\t\t\t<\/figcaption><\/figure><figure class='gallery-item'>\n\t\t\t<div class='gallery-icon landscape'>\n\t\t\t\t<a href='https:\/\/www.arquimaster.com.ar\/web\/wp-content\/uploads\/2020\/07\/casa_kaleidos32.jpg' title=\"Casa Kaleidos \/ Taller Estilo Arquitectura (fachada)\" data-rl_title=\"Casa Kaleidos \/ Taller Estilo Arquitectura (fachada)\" class=\"rl-gallery-link\" data-rl_caption=\"Casa Kaleidos \/ Taller Estilo Arquitectura (fachada)\" data-rel=\"lightbox-gallery-1\"><img loading=\"lazy\" decoding=\"async\" width=\"150\" height=\"150\" src=\"https:\/\/www.arquimaster.com.ar\/web\/wp-content\/uploads\/2020\/07\/casa_kaleidos32-150x150.jpg\" class=\"attachment-thumbnail size-thumbnail\" alt=\"\" aria-describedby=\"gallery-1-57104\" \/><\/a>\n\t\t\t<\/div>\n\t\t\t\t<figcaption class='wp-caption-text gallery-caption' id='gallery-1-57104'>\n\t\t\t\tCasa Kaleidos \/ Taller Estilo Arquitectura (fachada)\n\t\t\t\t<\/figcaption><\/figure>\n\t\t<\/div>\n\n<p>La propuesta consistio en sacar provecho de las dimensiones y crear en toda la longitud del lote una experiencia sensorial. Ir descubriendo espacio por espacio mediante un recorrido sinuoso que nos lleve de la mano y que, en vez de tomar el camino m\u00e1s corto al unir dos puntos, nos haga descubrir la vivienda poco a poco, todo esto acompa\u00f1ado de cambios de materiales, escala, iluminaci\u00f3n y transiciones entre interior-exterior.<\/p>\n<p>En el lote exist\u00eda una estructura que data de los a\u00f1os 70s que se encontraba en buen estado y que decidimos incorporar al dise\u00f1o readaptando su uso. Dado que la materialidad del proyecto fue un elemento determinante para la imagen final, decidimos definir claramente las dos \u00e9pocas a trav\u00e9s de sus materiales.<\/p>\n<p>La parte antigua conserva su car\u00e1cter tradicional con dos espacios claramente delimitados y cuyos muros y plafones est\u00e1n acabados en estuco con pintura y los pisos son de pasta, caracter\u00edsticos de la regi\u00f3n.<\/p>\n<p>La estructura nueva se convierte en una caja interior monol\u00edtica con solo una perforaci\u00f3n semicircular estrat\u00e9gicamente ubicada para introducir iluminaci\u00f3n y ventilaci\u00f3n natural.<\/p>\n<p>Muros y plafones son de concreto gris pulido al igual que el piso de la planta baja donde se conserva el mismo acabado pulido, mientras que en planta alta el concreto es martelinado creando una textura que le da una sensaci\u00f3n m\u00e1s c\u00e1lida al espacio.<\/p>\n<p>Dentro de la casa no existen cerramientos o desniveles y los espacios privados y de servicio se delimitaron con muros de cristal reflejante de tal modo que pueden verse del interior al exterior y desde el exterior solo percibimos los reflejos.<\/p>\n<p>Al igual que en un caleidoscopio una serie de espejos ubicados estrat\u00e9gicamente dentro de un tubo crean una ilusi\u00f3n \u00f3ptica, estos muros ayudan a crear un juego infinito de reflejos que var\u00edan durante todo el d\u00eda gracias a las luz y sombra que aporta la perforaci\u00f3n semicircular que se encuentra en el jard\u00edn interior y la escalera escult\u00f3rica para acceder al \u00e1rea privada.<\/p>\n<p>Las dos \u00e1reas principales que datan de distintas \u00e9pocas se conectan a trav\u00e9s de un patio semicerrado que crea el primer receso del recorrido de los 69 metros y sirve de transici\u00f3n entre las dos \u00e1reas. Este patio es una pausa entre la primera impresi\u00f3n y el espacio que estamos a punto de descubrir.<\/p>\n<p>La soluci\u00f3n arquitect\u00f3nica de la Casa Kaleidos da como resultado una vivienda \u00fanica, contempor\u00e1nea, llena de sorpresas y sensaciones espaciales que hacen de la vida diaria un placer a pesar del reto de trabajar un lote con dimensiones tan particulares.<\/p>\n<p><strong>Ficha tecnica<\/strong><br \/>\nNombre: Casa Kaleidos<br \/>\nUbicaci\u00f3n: Calle 78 n\u00famero 484 B por 55 y 57 Colonia Centro, M\u00e9rida, Yucat\u00e1n, Mexico<br \/>\nArquitectura: Taller Estilo Arquitectura S. de R. L. de C. V.<br \/>\nArq. V\u00edctor Alejandro Cruz Dom\u00ednguez, Arq. Iv\u00e1n Atahualpa Hern\u00e1ndez Salazar, Arq. Lu\u00eds Armando Estrada Aguilar<br \/>\nConstrucci\u00f3n: Ing. Juan Diaz Cab, Arq. Carlos Canto Trujillo<br \/>\nEstructura: Ing. Rafael Dom\u00ednguez Barjau<br \/>\nColaboradores: Arq. Silvia Cuit\u00fan Coronado, Arq. Daniel Rivera Arjona<br \/>\n\u00c1rea de construcci\u00f3n: 275 m2<br \/>\nA\u00f1o: 2019<br \/>\nFotograf\u00eda: David Cervera, El\u00edas Coll\u00ed Medina<\/p>\n<p><strong>Contacto<\/strong><br \/>\n<a href=\"http:\/\/www.tallerestiloarquitectura.com\" target=\"_blank\" rel=\"noopener noreferrer\">http:\/\/www.tallerestiloarquitectura.com<\/a><br \/>\nInstagram: Taller Estilo Arquitectura<br \/>\nTwitter: @Estiloarquitect<br \/>\nFacebook: Taller Estilo Arquitectura<\/p>\n\n<div style=\"font-size: 0px; height: 0px; line-height: 0px; margin: 0; padding: 0; clear: both;\"><\/div><div style=\"margin-top: 0px; margin-bottom: 0px;\" class=\"sharethis-inline-share-buttons\" ><\/div>","protected":false},"excerpt":{"rendered":"<p>Una vivienda \u00fanica, contempor\u00e1nea, llena de sorpresas y sensaciones espaciales&#8230;<\/p>\n","protected":false},"author":1,"featured_media":57072,"comment_status":"closed","ping_status":"closed","sticky":false,"template":"","format":"standard","meta":{"_uag_custom_page_level_css":"","footnotes":""},"categories":[1,83],"tags":[4565,4566,3256,24,1043,680,4563,4564,254],"class_list":["post-57071","post","type-post","status-publish","format-standard","has-post-thumbnail","hentry","category-proyecto","category-vivienda-unifamiliar","tag-ivan-atahualpa-hernandez-salazar","tag-luis-armando-estrada-aguilar","tag-merida","tag-mexico","tag-reforma-de-vivienda","tag-rehabilitacion","tag-taller-estilo-arquitectura","tag-victor-alejandro-cruz-dominguez","tag-vivienda-unifamiliar-2","generate-columns","tablet-grid-50","mobile-grid-100","grid-parent","grid-50"],"yoast_head":"<!-- This site is optimized with the Yoast SEO plugin v27.3 - https:\/\/yoast.com\/product\/yoast-seo-wordpress\/ -->\n<title>Casa Kaleidos \/ Taller Estilo Arquitectura - Arquimaster<\/title>\n<meta name=\"description\" content=\"Una vivienda \u00fanica, contempor\u00e1nea, llena de sorpresas y sensaciones espaciales implantada en un lote con dimensiones muy particulares.\" \/>\n<meta name=\"robots\" content=\"index, follow, max-snippet:-1, max-image-preview:large, max-video-preview:-1\" \/>\n<link rel=\"canonical\" href=\"https:\/\/www.arquimaster.com.ar\/web\/casa-kaleidos-taller-estilo-arquitectura\/\" \/>\n<meta property=\"og:locale\" content=\"es_ES\" \/>\n<meta property=\"og:type\" content=\"article\" \/>\n<meta property=\"og:title\" content=\"Casa Kaleidos \/ Taller Estilo Arquitectura\" \/>\n<meta property=\"og:description\" content=\"Una vivienda \u00fanica, contempor\u00e1nea, llena de sorpresas y sensaciones espaciales implantada en un lote con dimensiones muy particulares.\" \/>\n<meta property=\"og:url\" content=\"https:\/\/www.arquimaster.com.ar\/web\/casa-kaleidos-taller-estilo-arquitectura\/\" \/>\n<meta property=\"og:site_name\" content=\"Arquimaster\" \/>\n<meta property=\"article:publisher\" content=\"http:\/\/www.facebook.com\/ARQUIMASTER.com.ar\" \/>\n<meta property=\"article:published_time\" content=\"2020-07-02T21:27:59+00:00\" \/>\n<meta property=\"article:modified_time\" content=\"2020-07-10T02:57:00+00:00\" \/>\n<meta property=\"og:image\" content=\"https:\/\/www.arquimaster.com.ar\/web\/wp-content\/uploads\/2020\/07\/casa_kaleidos_slide.jpg\" \/>\n\t<meta property=\"og:image:width\" content=\"698\" \/>\n\t<meta property=\"og:image:height\" content=\"364\" \/>\n\t<meta property=\"og:image:type\" content=\"image\/jpeg\" \/>\n<meta name=\"author\" content=\"Arquimaster\" \/>\n<meta name=\"twitter:card\" content=\"summary_large_image\" \/>\n<meta name=\"twitter:title\" content=\"Casa Kaleidos \/ Taller Estilo Arquitectura\" \/>\n<meta name=\"twitter:description\" content=\"Una vivienda \u00fanica, contempor\u00e1nea, llena de sorpresas y sensaciones espaciales implantada en un lote con dimensiones muy particulares.\" \/>\n<meta name=\"twitter:image\" content=\"https:\/\/www.arquimaster.com.ar\/web\/wp-content\/uploads\/2020\/07\/casa_kaleidos_slide.jpg\" \/>\n<meta name=\"twitter:creator\" content=\"@arquimaster\" \/>\n<meta name=\"twitter:site\" content=\"@arquimaster\" \/>\n<meta name=\"twitter:label1\" content=\"Escrito por\" \/>\n\t<meta name=\"twitter:data1\" content=\"Arquimaster\" \/>\n\t<meta name=\"twitter:label2\" content=\"Tiempo de lectura\" \/>\n\t<meta name=\"twitter:data2\" content=\"3 minutos\" \/>\n<script type=\"application\/ld+json\" class=\"yoast-schema-graph\">{\"@context\":\"https:\\\/\\\/schema.org\",\"@graph\":[{\"@type\":\"Article\",\"@id\":\"https:\\\/\\\/www.arquimaster.com.ar\\\/web\\\/casa-kaleidos-taller-estilo-arquitectura\\\/#article\",\"isPartOf\":{\"@id\":\"https:\\\/\\\/www.arquimaster.com.ar\\\/web\\\/casa-kaleidos-taller-estilo-arquitectura\\\/\"},\"author\":{\"name\":\"Arquimaster\",\"@id\":\"https:\\\/\\\/www.arquimaster.com.ar\\\/web\\\/#\\\/schema\\\/person\\\/359e9f7c00193fcde068e0dd2ceb0028\"},\"headline\":\"Casa Kaleidos \\\/ Taller Estilo Arquitectura\",\"datePublished\":\"2020-07-02T21:27:59+00:00\",\"dateModified\":\"2020-07-10T02:57:00+00:00\",\"mainEntityOfPage\":{\"@id\":\"https:\\\/\\\/www.arquimaster.com.ar\\\/web\\\/casa-kaleidos-taller-estilo-arquitectura\\\/\"},\"wordCount\":669,\"publisher\":{\"@id\":\"https:\\\/\\\/www.arquimaster.com.ar\\\/web\\\/#organization\"},\"image\":{\"@id\":\"https:\\\/\\\/www.arquimaster.com.ar\\\/web\\\/casa-kaleidos-taller-estilo-arquitectura\\\/#primaryimage\"},\"thumbnailUrl\":\"https:\\\/\\\/www.arquimaster.com.ar\\\/web\\\/wp-content\\\/uploads\\\/2020\\\/07\\\/casa_kaleidos_slide.jpg\",\"keywords\":[\"Iv\u00e1n Atahualpa Hern\u00e1ndez Salazar\",\"Lu\u00eds Armando Estrada Aguilar\",\"Merida\",\"Mexico\",\"reforma de vivienda\",\"rehabilitaci\u00f3n\",\"Taller Estilo Arquitectura\",\"V\u00edctor Alejandro Cruz Dom\u00ednguez\",\"vivienda unifamiliar\"],\"articleSection\":[\"Proyecto\",\"Vivienda unifamiliar y PH\"],\"inLanguage\":\"es\"},{\"@type\":\"WebPage\",\"@id\":\"https:\\\/\\\/www.arquimaster.com.ar\\\/web\\\/casa-kaleidos-taller-estilo-arquitectura\\\/\",\"url\":\"https:\\\/\\\/www.arquimaster.com.ar\\\/web\\\/casa-kaleidos-taller-estilo-arquitectura\\\/\",\"name\":\"Casa Kaleidos \\\/ Taller Estilo Arquitectura - Arquimaster\",\"isPartOf\":{\"@id\":\"https:\\\/\\\/www.arquimaster.com.ar\\\/web\\\/#website\"},\"primaryImageOfPage\":{\"@id\":\"https:\\\/\\\/www.arquimaster.com.ar\\\/web\\\/casa-kaleidos-taller-estilo-arquitectura\\\/#primaryimage\"},\"image\":{\"@id\":\"https:\\\/\\\/www.arquimaster.com.ar\\\/web\\\/casa-kaleidos-taller-estilo-arquitectura\\\/#primaryimage\"},\"thumbnailUrl\":\"https:\\\/\\\/www.arquimaster.com.ar\\\/web\\\/wp-content\\\/uploads\\\/2020\\\/07\\\/casa_kaleidos_slide.jpg\",\"datePublished\":\"2020-07-02T21:27:59+00:00\",\"dateModified\":\"2020-07-10T02:57:00+00:00\",\"description\":\"Una vivienda \u00fanica, contempor\u00e1nea, llena de sorpresas y sensaciones espaciales implantada en un lote con dimensiones muy particulares.\",\"breadcrumb\":{\"@id\":\"https:\\\/\\\/www.arquimaster.com.ar\\\/web\\\/casa-kaleidos-taller-estilo-arquitectura\\\/#breadcrumb\"},\"inLanguage\":\"es\",\"potentialAction\":[{\"@type\":\"ReadAction\",\"target\":[\"https:\\\/\\\/www.arquimaster.com.ar\\\/web\\\/casa-kaleidos-taller-estilo-arquitectura\\\/\"]}]},{\"@type\":\"ImageObject\",\"inLanguage\":\"es\",\"@id\":\"https:\\\/\\\/www.arquimaster.com.ar\\\/web\\\/casa-kaleidos-taller-estilo-arquitectura\\\/#primaryimage\",\"url\":\"https:\\\/\\\/www.arquimaster.com.ar\\\/web\\\/wp-content\\\/uploads\\\/2020\\\/07\\\/casa_kaleidos_slide.jpg\",\"contentUrl\":\"https:\\\/\\\/www.arquimaster.com.ar\\\/web\\\/wp-content\\\/uploads\\\/2020\\\/07\\\/casa_kaleidos_slide.jpg\",\"width\":698,\"height\":364},{\"@type\":\"BreadcrumbList\",\"@id\":\"https:\\\/\\\/www.arquimaster.com.ar\\\/web\\\/casa-kaleidos-taller-estilo-arquitectura\\\/#breadcrumb\",\"itemListElement\":[{\"@type\":\"ListItem\",\"position\":1,\"name\":\"Portada\",\"item\":\"https:\\\/\\\/www.arquimaster.com.ar\\\/web\\\/\"},{\"@type\":\"ListItem\",\"position\":2,\"name\":\"Casa Kaleidos \\\/ Taller Estilo Arquitectura\"}]},{\"@type\":\"WebSite\",\"@id\":\"https:\\\/\\\/www.arquimaster.com.ar\\\/web\\\/#website\",\"url\":\"https:\\\/\\\/www.arquimaster.com.ar\\\/web\\\/\",\"name\":\"Arquimaster\",\"description\":\"Web de arquitectura, dise\u00f1o y construccion\",\"publisher\":{\"@id\":\"https:\\\/\\\/www.arquimaster.com.ar\\\/web\\\/#organization\"},\"potentialAction\":[{\"@type\":\"SearchAction\",\"target\":{\"@type\":\"EntryPoint\",\"urlTemplate\":\"https:\\\/\\\/www.arquimaster.com.ar\\\/web\\\/?s={search_term_string}\"},\"query-input\":{\"@type\":\"PropertyValueSpecification\",\"valueRequired\":true,\"valueName\":\"search_term_string\"}}],\"inLanguage\":\"es\"},{\"@type\":\"Organization\",\"@id\":\"https:\\\/\\\/www.arquimaster.com.ar\\\/web\\\/#organization\",\"name\":\"Arquimaster\",\"url\":\"https:\\\/\\\/www.arquimaster.com.ar\\\/web\\\/\",\"logo\":{\"@type\":\"ImageObject\",\"inLanguage\":\"es\",\"@id\":\"https:\\\/\\\/www.arquimaster.com.ar\\\/web\\\/#\\\/schema\\\/logo\\\/image\\\/\",\"url\":\"https:\\\/\\\/www.arquimaster.com.ar\\\/web\\\/wp-content\\\/uploads\\\/2022\\\/06\\\/arquimaster.png\",\"contentUrl\":\"https:\\\/\\\/www.arquimaster.com.ar\\\/web\\\/wp-content\\\/uploads\\\/2022\\\/06\\\/arquimaster.png\",\"width\":594,\"height\":78,\"caption\":\"Arquimaster\"},\"image\":{\"@id\":\"https:\\\/\\\/www.arquimaster.com.ar\\\/web\\\/#\\\/schema\\\/logo\\\/image\\\/\"},\"sameAs\":[\"http:\\\/\\\/www.facebook.com\\\/ARQUIMASTER.com.ar\",\"https:\\\/\\\/x.com\\\/arquimaster\",\"https:\\\/\\\/www.instagram.com\\\/arquimasterblog\\\/\",\"https:\\\/\\\/www.linkedin.com\\\/company\\\/arquimaster\",\"https:\\\/\\\/www.pinterest.com\\\/arquimaster\",\"https:\\\/\\\/t.me\\\/arquimaster\"]},{\"@type\":\"Person\",\"@id\":\"https:\\\/\\\/www.arquimaster.com.ar\\\/web\\\/#\\\/schema\\\/person\\\/359e9f7c00193fcde068e0dd2ceb0028\",\"name\":\"Arquimaster\"}]}<\/script>\n<!-- \/ Yoast SEO plugin. -->","yoast_head_json":{"title":"Casa Kaleidos \/ Taller Estilo Arquitectura - Arquimaster","description":"Una vivienda \u00fanica, contempor\u00e1nea, llena de sorpresas y sensaciones espaciales implantada en un lote con dimensiones muy particulares.","robots":{"index":"index","follow":"follow","max-snippet":"max-snippet:-1","max-image-preview":"max-image-preview:large","max-video-preview":"max-video-preview:-1"},"canonical":"https:\/\/www.arquimaster.com.ar\/web\/casa-kaleidos-taller-estilo-arquitectura\/","og_locale":"es_ES","og_type":"article","og_title":"Casa Kaleidos \/ Taller Estilo Arquitectura","og_description":"Una vivienda \u00fanica, contempor\u00e1nea, llena de sorpresas y sensaciones espaciales implantada en un lote con dimensiones muy particulares.","og_url":"https:\/\/www.arquimaster.com.ar\/web\/casa-kaleidos-taller-estilo-arquitectura\/","og_site_name":"Arquimaster","article_publisher":"http:\/\/www.facebook.com\/ARQUIMASTER.com.ar","article_published_time":"2020-07-02T21:27:59+00:00","article_modified_time":"2020-07-10T02:57:00+00:00","og_image":[{"width":698,"height":364,"url":"https:\/\/www.arquimaster.com.ar\/web\/wp-content\/uploads\/2020\/07\/casa_kaleidos_slide.jpg","type":"image\/jpeg"}],"author":"Arquimaster","twitter_card":"summary_large_image","twitter_title":"Casa Kaleidos \/ Taller Estilo Arquitectura","twitter_description":"Una vivienda \u00fanica, contempor\u00e1nea, llena de sorpresas y sensaciones espaciales implantada en un lote con dimensiones muy particulares.","twitter_image":"https:\/\/www.arquimaster.com.ar\/web\/wp-content\/uploads\/2020\/07\/casa_kaleidos_slide.jpg","twitter_creator":"@arquimaster","twitter_site":"@arquimaster","twitter_misc":{"Escrito por":"Arquimaster","Tiempo de lectura":"3 minutos"},"schema":{"@context":"https:\/\/schema.org","@graph":[{"@type":"Article","@id":"https:\/\/www.arquimaster.com.ar\/web\/casa-kaleidos-taller-estilo-arquitectura\/#article","isPartOf":{"@id":"https:\/\/www.arquimaster.com.ar\/web\/casa-kaleidos-taller-estilo-arquitectura\/"},"author":{"name":"Arquimaster","@id":"https:\/\/www.arquimaster.com.ar\/web\/#\/schema\/person\/359e9f7c00193fcde068e0dd2ceb0028"},"headline":"Casa Kaleidos \/ Taller Estilo Arquitectura","datePublished":"2020-07-02T21:27:59+00:00","dateModified":"2020-07-10T02:57:00+00:00","mainEntityOfPage":{"@id":"https:\/\/www.arquimaster.com.ar\/web\/casa-kaleidos-taller-estilo-arquitectura\/"},"wordCount":669,"publisher":{"@id":"https:\/\/www.arquimaster.com.ar\/web\/#organization"},"image":{"@id":"https:\/\/www.arquimaster.com.ar\/web\/casa-kaleidos-taller-estilo-arquitectura\/#primaryimage"},"thumbnailUrl":"https:\/\/www.arquimaster.com.ar\/web\/wp-content\/uploads\/2020\/07\/casa_kaleidos_slide.jpg","keywords":["Iv\u00e1n Atahualpa Hern\u00e1ndez Salazar","Lu\u00eds Armando Estrada Aguilar","Merida","Mexico","reforma de vivienda","rehabilitaci\u00f3n","Taller Estilo Arquitectura","V\u00edctor Alejandro Cruz Dom\u00ednguez","vivienda unifamiliar"],"articleSection":["Proyecto","Vivienda unifamiliar y PH"],"inLanguage":"es"},{"@type":"WebPage","@id":"https:\/\/www.arquimaster.com.ar\/web\/casa-kaleidos-taller-estilo-arquitectura\/","url":"https:\/\/www.arquimaster.com.ar\/web\/casa-kaleidos-taller-estilo-arquitectura\/","name":"Casa Kaleidos \/ Taller Estilo Arquitectura - Arquimaster","isPartOf":{"@id":"https:\/\/www.arquimaster.com.ar\/web\/#website"},"primaryImageOfPage":{"@id":"https:\/\/www.arquimaster.com.ar\/web\/casa-kaleidos-taller-estilo-arquitectura\/#primaryimage"},"image":{"@id":"https:\/\/www.arquimaster.com.ar\/web\/casa-kaleidos-taller-estilo-arquitectura\/#primaryimage"},"thumbnailUrl":"https:\/\/www.arquimaster.com.ar\/web\/wp-content\/uploads\/2020\/07\/casa_kaleidos_slide.jpg","datePublished":"2020-07-02T21:27:59+00:00","dateModified":"2020-07-10T02:57:00+00:00","description":"Una vivienda \u00fanica, contempor\u00e1nea, llena de sorpresas y sensaciones espaciales implantada en un lote con dimensiones muy particulares.","breadcrumb":{"@id":"https:\/\/www.arquimaster.com.ar\/web\/casa-kaleidos-taller-estilo-arquitectura\/#breadcrumb"},"inLanguage":"es","potentialAction":[{"@type":"ReadAction","target":["https:\/\/www.arquimaster.com.ar\/web\/casa-kaleidos-taller-estilo-arquitectura\/"]}]},{"@type":"ImageObject","inLanguage":"es","@id":"https:\/\/www.arquimaster.com.ar\/web\/casa-kaleidos-taller-estilo-arquitectura\/#primaryimage","url":"https:\/\/www.arquimaster.com.ar\/web\/wp-content\/uploads\/2020\/07\/casa_kaleidos_slide.jpg","contentUrl":"https:\/\/www.arquimaster.com.ar\/web\/wp-content\/uploads\/2020\/07\/casa_kaleidos_slide.jpg","width":698,"height":364},{"@type":"BreadcrumbList","@id":"https:\/\/www.arquimaster.com.ar\/web\/casa-kaleidos-taller-estilo-arquitectura\/#breadcrumb","itemListElement":[{"@type":"ListItem","position":1,"name":"Portada","item":"https:\/\/www.arquimaster.com.ar\/web\/"},{"@type":"ListItem","position":2,"name":"Casa Kaleidos \/ Taller Estilo Arquitectura"}]},{"@type":"WebSite","@id":"https:\/\/www.arquimaster.com.ar\/web\/#website","url":"https:\/\/www.arquimaster.com.ar\/web\/","name":"Arquimaster","description":"Web de arquitectura, dise\u00f1o y construccion","publisher":{"@id":"https:\/\/www.arquimaster.com.ar\/web\/#organization"},"potentialAction":[{"@type":"SearchAction","target":{"@type":"EntryPoint","urlTemplate":"https:\/\/www.arquimaster.com.ar\/web\/?s={search_term_string}"},"query-input":{"@type":"PropertyValueSpecification","valueRequired":true,"valueName":"search_term_string"}}],"inLanguage":"es"},{"@type":"Organization","@id":"https:\/\/www.arquimaster.com.ar\/web\/#organization","name":"Arquimaster","url":"https:\/\/www.arquimaster.com.ar\/web\/","logo":{"@type":"ImageObject","inLanguage":"es","@id":"https:\/\/www.arquimaster.com.ar\/web\/#\/schema\/logo\/image\/","url":"https:\/\/www.arquimaster.com.ar\/web\/wp-content\/uploads\/2022\/06\/arquimaster.png","contentUrl":"https:\/\/www.arquimaster.com.ar\/web\/wp-content\/uploads\/2022\/06\/arquimaster.png","width":594,"height":78,"caption":"Arquimaster"},"image":{"@id":"https:\/\/www.arquimaster.com.ar\/web\/#\/schema\/logo\/image\/"},"sameAs":["http:\/\/www.facebook.com\/ARQUIMASTER.com.ar","https:\/\/x.com\/arquimaster","https:\/\/www.instagram.com\/arquimasterblog\/","https:\/\/www.linkedin.com\/company\/arquimaster","https:\/\/www.pinterest.com\/arquimaster","https:\/\/t.me\/arquimaster"]},{"@type":"Person","@id":"https:\/\/www.arquimaster.com.ar\/web\/#\/schema\/person\/359e9f7c00193fcde068e0dd2ceb0028","name":"Arquimaster"}]}},"uagb_featured_image_src":{"full":["https:\/\/www.arquimaster.com.ar\/web\/wp-content\/uploads\/2020\/07\/casa_kaleidos_slide.jpg",698,364,false],"thumbnail":["https:\/\/www.arquimaster.com.ar\/web\/wp-content\/uploads\/2020\/07\/casa_kaleidos_slide-150x150.jpg",150,150,true],"medium":["https:\/\/www.arquimaster.com.ar\/web\/wp-content\/uploads\/2020\/07\/casa_kaleidos_slide.jpg",698,364,false],"medium_large":["https:\/\/www.arquimaster.com.ar\/web\/wp-content\/uploads\/2020\/07\/casa_kaleidos_slide.jpg",698,364,false],"large":["https:\/\/www.arquimaster.com.ar\/web\/wp-content\/uploads\/2020\/07\/casa_kaleidos_slide.jpg",698,364,false],"1536x1536":["https:\/\/www.arquimaster.com.ar\/web\/wp-content\/uploads\/2020\/07\/casa_kaleidos_slide.jpg",698,364,false],"2048x2048":["https:\/\/www.arquimaster.com.ar\/web\/wp-content\/uploads\/2020\/07\/casa_kaleidos_slide.jpg",698,364,false]},"uagb_author_info":{"display_name":"Arquimaster","author_link":"https:\/\/www.arquimaster.com.ar\/web\/author\/arquimaster\/"},"uagb_comment_info":0,"uagb_excerpt":"Una vivienda \u00fanica, contempor\u00e1nea, llena de sorpresas y sensaciones espaciales...","_links":{"self":[{"href":"https:\/\/www.arquimaster.com.ar\/web\/wp-json\/wp\/v2\/posts\/57071","targetHints":{"allow":["GET"]}}],"collection":[{"href":"https:\/\/www.arquimaster.com.ar\/web\/wp-json\/wp\/v2\/posts"}],"about":[{"href":"https:\/\/www.arquimaster.com.ar\/web\/wp-json\/wp\/v2\/types\/post"}],"author":[{"embeddable":true,"href":"https:\/\/www.arquimaster.com.ar\/web\/wp-json\/wp\/v2\/users\/1"}],"replies":[{"embeddable":true,"href":"https:\/\/www.arquimaster.com.ar\/web\/wp-json\/wp\/v2\/comments?post=57071"}],"version-history":[{"count":1,"href":"https:\/\/www.arquimaster.com.ar\/web\/wp-json\/wp\/v2\/posts\/57071\/revisions"}],"predecessor-version":[{"id":57105,"href":"https:\/\/www.arquimaster.com.ar\/web\/wp-json\/wp\/v2\/posts\/57071\/revisions\/57105"}],"wp:featuredmedia":[{"embeddable":true,"href":"https:\/\/www.arquimaster.com.ar\/web\/wp-json\/wp\/v2\/media\/57072"}],"wp:attachment":[{"href":"https:\/\/www.arquimaster.com.ar\/web\/wp-json\/wp\/v2\/media?parent=57071"}],"wp:term":[{"taxonomy":"category","embeddable":true,"href":"https:\/\/www.arquimaster.com.ar\/web\/wp-json\/wp\/v2\/categories?post=57071"},{"taxonomy":"post_tag","embeddable":true,"href":"https:\/\/www.arquimaster.com.ar\/web\/wp-json\/wp\/v2\/tags?post=57071"}],"curies":[{"name":"wp","href":"https:\/\/api.w.org\/{rel}","templated":true}]}}