{"id":57126,"date":"2020-06-29T10:57:45","date_gmt":"2020-06-29T13:57:45","guid":{"rendered":"https:\/\/www.arquimaster.com.ar\/web\/?p=57126"},"modified":"2025-07-26T19:34:18","modified_gmt":"2025-07-26T22:34:18","slug":"dimo-construcciones-amplia-su-red-comercial-en-nea","status":"publish","type":"post","link":"https:\/\/www.arquimaster.com.ar\/web\/dimo-construcciones-amplia-su-red-comercial-en-nea\/","title":{"rendered":"DIMO Construcciones ampl\u00eda su red comercial en NEA"},"content":{"rendered":"<div style=\"margin-top: 0px; margin-bottom: 0px;\" class=\"sharethis-inline-share-buttons\" ><\/div><div class=\"b812932af2e751442846f039925109de\" data-index=\"1\" style=\"float: none; margin:25px 0 25px 0; text-align:center;\">\n<script async src=\"https:\/\/pagead2.googlesyndication.com\/pagead\/js\/adsbygoogle.js\"><\/script>\r\n<!-- Arquimaster (superior) -->\r\n<ins class=\"adsbygoogle\"\r\n     style=\"display:block\"\r\n     data-ad-client=\"ca-pub-6351072698456832\"\r\n     data-ad-slot=\"6455489680\"\r\n     data-ad-format=\"auto\"\r\n     data-full-width-responsive=\"true\"><\/ins>\r\n<script>\r\n     (adsbygoogle = window.adsbygoogle || []).push({});\r\n<\/script>\n<\/div>\n<p><strong>DIMO Construcciones<\/strong>, firma nacional l\u00edder en calidad para naves industriales y log\u00edsticas, retoma con impulso una etapa de expansi\u00f3n regional en todo el territorio argentino. Recordemos que a comienzos de este a\u00f1o, ya avanzaba en su plan de internacionalizaci\u00f3n de DIMO en Paraguay, Bolivia y la exportaci\u00f3n de sus sistemas constructivos al mercado uruguayo con su m\u00e1ximo est\u00e1ndar de calidad.<\/p>\n<p>Esta etapa de regionalizaci\u00f3n del pa\u00eds, se materializa con la designaci\u00f3n de representantes comerciales en NEA para brindar servicios acordes con los requerimientos t\u00e9cnicos de cada zona. DIMO design\u00f3 su representante comercial de la regi\u00f3n a Mauro Salgado quien se suma a esta nueva etapa junto a los dem\u00e1s representantes oficiales de DIMO Construcciones en diferentes puntos del pa\u00eds.<\/p>\n<p>Seg\u00fan la gerencia:<em> \u00abHoy estamos activos, reconvertidos con una impronta m\u00e1s expansiva para crecer y salir adelante entre todos los que formamos parte de la cadena de valor de DIMO, desde los trabajadores, proveedores y clientes. Sabemos que es un momento dif\u00edcil pero tambi\u00e9n hay que trabajar m\u00e1s y planificar c\u00f3mo seguir en esta nueva realidad, proyectar el escenario que se viene y con quienes generaremos alianzas para crecer con calidad\u00bb<\/em>, puntualiza Ostapovich.<\/p>\n<p>Mientras se consolidan nuevas representaciones como en Mar del Plata, se ampl\u00eda la b\u00fasqueda para la regi\u00f3n patag\u00f3nica del pa\u00eds con nuevas representaciones comerciales.<\/p>\n<p>DIMO Construcciones es una empresa nacional focalizada en obras industriales y log\u00edsticas.<\/p>\n\n<div style=\"font-size: 0px; height: 0px; line-height: 0px; margin: 0; padding: 0; clear: both;\"><\/div><div style=\"margin-top: 0px; margin-bottom: 0px;\" class=\"sharethis-inline-share-buttons\" ><\/div>","protected":false},"excerpt":{"rendered":"<p>DIMO design\u00f3 su representante comercial de la regi\u00f3n a Mauro Salgado&#8230;<\/p>\n","protected":false},"author":1,"featured_media":57127,"comment_status":"closed","ping_status":"closed","sticky":false,"template":"","format":"standard","meta":{"_uag_custom_page_level_css":"","footnotes":""},"categories":[40,64],"tags":[3129,1657,3040,3810],"class_list":["post-57126","post","type-post","status-publish","format-standard","has-post-thumbnail","hentry","category-construccion","category-empresas-construccion","tag-dimo-construcciones","tag-empresa-constructora","tag-logistica","tag-naves-industriales","generate-columns","tablet-grid-50","mobile-grid-100","grid-parent","grid-50"],"yoast_head":"<!-- This site is optimized with the Yoast SEO plugin v27.3 - https:\/\/yoast.com\/product\/yoast-seo-wordpress\/ -->\n<title>DIMO Construcciones ampl\u00eda su red comercial en NEA - Arquimaster<\/title>\n<meta name=\"description\" content=\"DIMO design\u00f3 su representante comercial de la regi\u00f3n a Mauro Salgado quien se suma a esta nueva etapa junto a los dem\u00e1s representantes oficiales.\" \/>\n<meta name=\"robots\" content=\"index, follow, max-snippet:-1, max-image-preview:large, max-video-preview:-1\" \/>\n<link rel=\"canonical\" href=\"https:\/\/www.arquimaster.com.ar\/web\/dimo-construcciones-amplia-su-red-comercial-en-nea\/\" \/>\n<meta property=\"og:locale\" content=\"es_ES\" \/>\n<meta property=\"og:type\" content=\"article\" \/>\n<meta property=\"og:title\" content=\"DIMO Construcciones ampl\u00eda su red comercial en NEA\" \/>\n<meta property=\"og:description\" content=\"DIMO design\u00f3 su representante comercial de la regi\u00f3n a Mauro Salgado quien se suma a esta nueva etapa junto a los dem\u00e1s representantes oficiales.\" \/>\n<meta property=\"og:url\" content=\"https:\/\/www.arquimaster.com.ar\/web\/dimo-construcciones-amplia-su-red-comercial-en-nea\/\" \/>\n<meta property=\"og:site_name\" content=\"Arquimaster\" \/>\n<meta property=\"article:publisher\" content=\"http:\/\/www.facebook.com\/ARQUIMASTER.com.ar\" \/>\n<meta property=\"article:published_time\" content=\"2020-06-29T13:57:45+00:00\" \/>\n<meta property=\"article:modified_time\" content=\"2025-07-26T22:34:18+00:00\" \/>\n<meta property=\"og:image\" content=\"https:\/\/www.arquimaster.com.ar\/web\/wp-content\/uploads\/2020\/07\/dimo_expansion_nea_slide.jpg\" \/>\n\t<meta property=\"og:image:width\" content=\"698\" \/>\n\t<meta property=\"og:image:height\" content=\"364\" \/>\n\t<meta property=\"og:image:type\" content=\"image\/jpeg\" \/>\n<meta name=\"author\" content=\"Arquimaster\" \/>\n<meta name=\"twitter:card\" content=\"summary_large_image\" \/>\n<meta name=\"twitter:title\" content=\"DIMO Construcciones ampl\u00eda su red comercial en NEA\" \/>\n<meta name=\"twitter:description\" content=\"DIMO design\u00f3 su representante comercial de la regi\u00f3n a Mauro Salgado quien se suma a esta nueva etapa junto a los dem\u00e1s representantes oficiales.\" \/>\n<meta name=\"twitter:image\" content=\"https:\/\/www.arquimaster.com.ar\/web\/wp-content\/uploads\/2020\/07\/dimo_expansion_nea_slide.jpg\" \/>\n<meta name=\"twitter:creator\" content=\"@arquimaster\" \/>\n<meta name=\"twitter:site\" content=\"@arquimaster\" \/>\n<meta name=\"twitter:label1\" content=\"Escrito por\" \/>\n\t<meta name=\"twitter:data1\" content=\"Arquimaster\" \/>\n\t<meta name=\"twitter:label2\" content=\"Tiempo de lectura\" \/>\n\t<meta name=\"twitter:data2\" content=\"2 minutos\" \/>\n<script type=\"application\/ld+json\" class=\"yoast-schema-graph\">{\"@context\":\"https:\\\/\\\/schema.org\",\"@graph\":[{\"@type\":\"Article\",\"@id\":\"https:\\\/\\\/www.arquimaster.com.ar\\\/web\\\/dimo-construcciones-amplia-su-red-comercial-en-nea\\\/#article\",\"isPartOf\":{\"@id\":\"https:\\\/\\\/www.arquimaster.com.ar\\\/web\\\/dimo-construcciones-amplia-su-red-comercial-en-nea\\\/\"},\"author\":{\"name\":\"Arquimaster\",\"@id\":\"https:\\\/\\\/www.arquimaster.com.ar\\\/web\\\/#\\\/schema\\\/person\\\/359e9f7c00193fcde068e0dd2ceb0028\"},\"headline\":\"DIMO Construcciones ampl\u00eda su red comercial en NEA\",\"datePublished\":\"2020-06-29T13:57:45+00:00\",\"dateModified\":\"2025-07-26T22:34:18+00:00\",\"mainEntityOfPage\":{\"@id\":\"https:\\\/\\\/www.arquimaster.com.ar\\\/web\\\/dimo-construcciones-amplia-su-red-comercial-en-nea\\\/\"},\"wordCount\":264,\"publisher\":{\"@id\":\"https:\\\/\\\/www.arquimaster.com.ar\\\/web\\\/#organization\"},\"image\":{\"@id\":\"https:\\\/\\\/www.arquimaster.com.ar\\\/web\\\/dimo-construcciones-amplia-su-red-comercial-en-nea\\\/#primaryimage\"},\"thumbnailUrl\":\"https:\\\/\\\/www.arquimaster.com.ar\\\/web\\\/wp-content\\\/uploads\\\/2020\\\/07\\\/dimo_expansion_nea_slide.jpg\",\"keywords\":[\"Dimo Construcciones\",\"empresa constructora\",\"logistica\",\"naves industriales\"],\"articleSection\":[\"Construccion\",\"Empresas de la construccion\"],\"inLanguage\":\"es\"},{\"@type\":\"WebPage\",\"@id\":\"https:\\\/\\\/www.arquimaster.com.ar\\\/web\\\/dimo-construcciones-amplia-su-red-comercial-en-nea\\\/\",\"url\":\"https:\\\/\\\/www.arquimaster.com.ar\\\/web\\\/dimo-construcciones-amplia-su-red-comercial-en-nea\\\/\",\"name\":\"DIMO Construcciones ampl\u00eda su red comercial en NEA - Arquimaster\",\"isPartOf\":{\"@id\":\"https:\\\/\\\/www.arquimaster.com.ar\\\/web\\\/#website\"},\"primaryImageOfPage\":{\"@id\":\"https:\\\/\\\/www.arquimaster.com.ar\\\/web\\\/dimo-construcciones-amplia-su-red-comercial-en-nea\\\/#primaryimage\"},\"image\":{\"@id\":\"https:\\\/\\\/www.arquimaster.com.ar\\\/web\\\/dimo-construcciones-amplia-su-red-comercial-en-nea\\\/#primaryimage\"},\"thumbnailUrl\":\"https:\\\/\\\/www.arquimaster.com.ar\\\/web\\\/wp-content\\\/uploads\\\/2020\\\/07\\\/dimo_expansion_nea_slide.jpg\",\"datePublished\":\"2020-06-29T13:57:45+00:00\",\"dateModified\":\"2025-07-26T22:34:18+00:00\",\"description\":\"DIMO design\u00f3 su representante comercial de la regi\u00f3n a Mauro Salgado quien se suma a esta nueva etapa junto a los dem\u00e1s representantes oficiales.\",\"breadcrumb\":{\"@id\":\"https:\\\/\\\/www.arquimaster.com.ar\\\/web\\\/dimo-construcciones-amplia-su-red-comercial-en-nea\\\/#breadcrumb\"},\"inLanguage\":\"es\",\"potentialAction\":[{\"@type\":\"ReadAction\",\"target\":[\"https:\\\/\\\/www.arquimaster.com.ar\\\/web\\\/dimo-construcciones-amplia-su-red-comercial-en-nea\\\/\"]}]},{\"@type\":\"ImageObject\",\"inLanguage\":\"es\",\"@id\":\"https:\\\/\\\/www.arquimaster.com.ar\\\/web\\\/dimo-construcciones-amplia-su-red-comercial-en-nea\\\/#primaryimage\",\"url\":\"https:\\\/\\\/www.arquimaster.com.ar\\\/web\\\/wp-content\\\/uploads\\\/2020\\\/07\\\/dimo_expansion_nea_slide.jpg\",\"contentUrl\":\"https:\\\/\\\/www.arquimaster.com.ar\\\/web\\\/wp-content\\\/uploads\\\/2020\\\/07\\\/dimo_expansion_nea_slide.jpg\",\"width\":698,\"height\":364},{\"@type\":\"BreadcrumbList\",\"@id\":\"https:\\\/\\\/www.arquimaster.com.ar\\\/web\\\/dimo-construcciones-amplia-su-red-comercial-en-nea\\\/#breadcrumb\",\"itemListElement\":[{\"@type\":\"ListItem\",\"position\":1,\"name\":\"Portada\",\"item\":\"https:\\\/\\\/www.arquimaster.com.ar\\\/web\\\/\"},{\"@type\":\"ListItem\",\"position\":2,\"name\":\"DIMO Construcciones ampl\u00eda su red comercial en NEA\"}]},{\"@type\":\"WebSite\",\"@id\":\"https:\\\/\\\/www.arquimaster.com.ar\\\/web\\\/#website\",\"url\":\"https:\\\/\\\/www.arquimaster.com.ar\\\/web\\\/\",\"name\":\"Arquimaster\",\"description\":\"Web de arquitectura, dise\u00f1o y construccion\",\"publisher\":{\"@id\":\"https:\\\/\\\/www.arquimaster.com.ar\\\/web\\\/#organization\"},\"potentialAction\":[{\"@type\":\"SearchAction\",\"target\":{\"@type\":\"EntryPoint\",\"urlTemplate\":\"https:\\\/\\\/www.arquimaster.com.ar\\\/web\\\/?s={search_term_string}\"},\"query-input\":{\"@type\":\"PropertyValueSpecification\",\"valueRequired\":true,\"valueName\":\"search_term_string\"}}],\"inLanguage\":\"es\"},{\"@type\":\"Organization\",\"@id\":\"https:\\\/\\\/www.arquimaster.com.ar\\\/web\\\/#organization\",\"name\":\"Arquimaster\",\"url\":\"https:\\\/\\\/www.arquimaster.com.ar\\\/web\\\/\",\"logo\":{\"@type\":\"ImageObject\",\"inLanguage\":\"es\",\"@id\":\"https:\\\/\\\/www.arquimaster.com.ar\\\/web\\\/#\\\/schema\\\/logo\\\/image\\\/\",\"url\":\"https:\\\/\\\/www.arquimaster.com.ar\\\/web\\\/wp-content\\\/uploads\\\/2022\\\/06\\\/arquimaster.png\",\"contentUrl\":\"https:\\\/\\\/www.arquimaster.com.ar\\\/web\\\/wp-content\\\/uploads\\\/2022\\\/06\\\/arquimaster.png\",\"width\":594,\"height\":78,\"caption\":\"Arquimaster\"},\"image\":{\"@id\":\"https:\\\/\\\/www.arquimaster.com.ar\\\/web\\\/#\\\/schema\\\/logo\\\/image\\\/\"},\"sameAs\":[\"http:\\\/\\\/www.facebook.com\\\/ARQUIMASTER.com.ar\",\"https:\\\/\\\/x.com\\\/arquimaster\",\"https:\\\/\\\/www.instagram.com\\\/arquimasterblog\\\/\",\"https:\\\/\\\/www.linkedin.com\\\/company\\\/arquimaster\",\"https:\\\/\\\/www.pinterest.com\\\/arquimaster\",\"https:\\\/\\\/t.me\\\/arquimaster\"]},{\"@type\":\"Person\",\"@id\":\"https:\\\/\\\/www.arquimaster.com.ar\\\/web\\\/#\\\/schema\\\/person\\\/359e9f7c00193fcde068e0dd2ceb0028\",\"name\":\"Arquimaster\"}]}<\/script>\n<!-- \/ Yoast SEO plugin. -->","yoast_head_json":{"title":"DIMO Construcciones ampl\u00eda su red comercial en NEA - Arquimaster","description":"DIMO design\u00f3 su representante comercial de la regi\u00f3n a Mauro Salgado quien se suma a esta nueva etapa junto a los dem\u00e1s representantes oficiales.","robots":{"index":"index","follow":"follow","max-snippet":"max-snippet:-1","max-image-preview":"max-image-preview:large","max-video-preview":"max-video-preview:-1"},"canonical":"https:\/\/www.arquimaster.com.ar\/web\/dimo-construcciones-amplia-su-red-comercial-en-nea\/","og_locale":"es_ES","og_type":"article","og_title":"DIMO Construcciones ampl\u00eda su red comercial en NEA","og_description":"DIMO design\u00f3 su representante comercial de la regi\u00f3n a Mauro Salgado quien se suma a esta nueva etapa junto a los dem\u00e1s representantes oficiales.","og_url":"https:\/\/www.arquimaster.com.ar\/web\/dimo-construcciones-amplia-su-red-comercial-en-nea\/","og_site_name":"Arquimaster","article_publisher":"http:\/\/www.facebook.com\/ARQUIMASTER.com.ar","article_published_time":"2020-06-29T13:57:45+00:00","article_modified_time":"2025-07-26T22:34:18+00:00","og_image":[{"width":698,"height":364,"url":"https:\/\/www.arquimaster.com.ar\/web\/wp-content\/uploads\/2020\/07\/dimo_expansion_nea_slide.jpg","type":"image\/jpeg"}],"author":"Arquimaster","twitter_card":"summary_large_image","twitter_title":"DIMO Construcciones ampl\u00eda su red comercial en NEA","twitter_description":"DIMO design\u00f3 su representante comercial de la regi\u00f3n a Mauro Salgado quien se suma a esta nueva etapa junto a los dem\u00e1s representantes oficiales.","twitter_image":"https:\/\/www.arquimaster.com.ar\/web\/wp-content\/uploads\/2020\/07\/dimo_expansion_nea_slide.jpg","twitter_creator":"@arquimaster","twitter_site":"@arquimaster","twitter_misc":{"Escrito por":"Arquimaster","Tiempo de lectura":"2 minutos"},"schema":{"@context":"https:\/\/schema.org","@graph":[{"@type":"Article","@id":"https:\/\/www.arquimaster.com.ar\/web\/dimo-construcciones-amplia-su-red-comercial-en-nea\/#article","isPartOf":{"@id":"https:\/\/www.arquimaster.com.ar\/web\/dimo-construcciones-amplia-su-red-comercial-en-nea\/"},"author":{"name":"Arquimaster","@id":"https:\/\/www.arquimaster.com.ar\/web\/#\/schema\/person\/359e9f7c00193fcde068e0dd2ceb0028"},"headline":"DIMO Construcciones ampl\u00eda su red comercial en NEA","datePublished":"2020-06-29T13:57:45+00:00","dateModified":"2025-07-26T22:34:18+00:00","mainEntityOfPage":{"@id":"https:\/\/www.arquimaster.com.ar\/web\/dimo-construcciones-amplia-su-red-comercial-en-nea\/"},"wordCount":264,"publisher":{"@id":"https:\/\/www.arquimaster.com.ar\/web\/#organization"},"image":{"@id":"https:\/\/www.arquimaster.com.ar\/web\/dimo-construcciones-amplia-su-red-comercial-en-nea\/#primaryimage"},"thumbnailUrl":"https:\/\/www.arquimaster.com.ar\/web\/wp-content\/uploads\/2020\/07\/dimo_expansion_nea_slide.jpg","keywords":["Dimo Construcciones","empresa constructora","logistica","naves industriales"],"articleSection":["Construccion","Empresas de la construccion"],"inLanguage":"es"},{"@type":"WebPage","@id":"https:\/\/www.arquimaster.com.ar\/web\/dimo-construcciones-amplia-su-red-comercial-en-nea\/","url":"https:\/\/www.arquimaster.com.ar\/web\/dimo-construcciones-amplia-su-red-comercial-en-nea\/","name":"DIMO Construcciones ampl\u00eda su red comercial en NEA - Arquimaster","isPartOf":{"@id":"https:\/\/www.arquimaster.com.ar\/web\/#website"},"primaryImageOfPage":{"@id":"https:\/\/www.arquimaster.com.ar\/web\/dimo-construcciones-amplia-su-red-comercial-en-nea\/#primaryimage"},"image":{"@id":"https:\/\/www.arquimaster.com.ar\/web\/dimo-construcciones-amplia-su-red-comercial-en-nea\/#primaryimage"},"thumbnailUrl":"https:\/\/www.arquimaster.com.ar\/web\/wp-content\/uploads\/2020\/07\/dimo_expansion_nea_slide.jpg","datePublished":"2020-06-29T13:57:45+00:00","dateModified":"2025-07-26T22:34:18+00:00","description":"DIMO design\u00f3 su representante comercial de la regi\u00f3n a Mauro Salgado quien se suma a esta nueva etapa junto a los dem\u00e1s representantes oficiales.","breadcrumb":{"@id":"https:\/\/www.arquimaster.com.ar\/web\/dimo-construcciones-amplia-su-red-comercial-en-nea\/#breadcrumb"},"inLanguage":"es","potentialAction":[{"@type":"ReadAction","target":["https:\/\/www.arquimaster.com.ar\/web\/dimo-construcciones-amplia-su-red-comercial-en-nea\/"]}]},{"@type":"ImageObject","inLanguage":"es","@id":"https:\/\/www.arquimaster.com.ar\/web\/dimo-construcciones-amplia-su-red-comercial-en-nea\/#primaryimage","url":"https:\/\/www.arquimaster.com.ar\/web\/wp-content\/uploads\/2020\/07\/dimo_expansion_nea_slide.jpg","contentUrl":"https:\/\/www.arquimaster.com.ar\/web\/wp-content\/uploads\/2020\/07\/dimo_expansion_nea_slide.jpg","width":698,"height":364},{"@type":"BreadcrumbList","@id":"https:\/\/www.arquimaster.com.ar\/web\/dimo-construcciones-amplia-su-red-comercial-en-nea\/#breadcrumb","itemListElement":[{"@type":"ListItem","position":1,"name":"Portada","item":"https:\/\/www.arquimaster.com.ar\/web\/"},{"@type":"ListItem","position":2,"name":"DIMO Construcciones ampl\u00eda su red comercial en NEA"}]},{"@type":"WebSite","@id":"https:\/\/www.arquimaster.com.ar\/web\/#website","url":"https:\/\/www.arquimaster.com.ar\/web\/","name":"Arquimaster","description":"Web de arquitectura, dise\u00f1o y construccion","publisher":{"@id":"https:\/\/www.arquimaster.com.ar\/web\/#organization"},"potentialAction":[{"@type":"SearchAction","target":{"@type":"EntryPoint","urlTemplate":"https:\/\/www.arquimaster.com.ar\/web\/?s={search_term_string}"},"query-input":{"@type":"PropertyValueSpecification","valueRequired":true,"valueName":"search_term_string"}}],"inLanguage":"es"},{"@type":"Organization","@id":"https:\/\/www.arquimaster.com.ar\/web\/#organization","name":"Arquimaster","url":"https:\/\/www.arquimaster.com.ar\/web\/","logo":{"@type":"ImageObject","inLanguage":"es","@id":"https:\/\/www.arquimaster.com.ar\/web\/#\/schema\/logo\/image\/","url":"https:\/\/www.arquimaster.com.ar\/web\/wp-content\/uploads\/2022\/06\/arquimaster.png","contentUrl":"https:\/\/www.arquimaster.com.ar\/web\/wp-content\/uploads\/2022\/06\/arquimaster.png","width":594,"height":78,"caption":"Arquimaster"},"image":{"@id":"https:\/\/www.arquimaster.com.ar\/web\/#\/schema\/logo\/image\/"},"sameAs":["http:\/\/www.facebook.com\/ARQUIMASTER.com.ar","https:\/\/x.com\/arquimaster","https:\/\/www.instagram.com\/arquimasterblog\/","https:\/\/www.linkedin.com\/company\/arquimaster","https:\/\/www.pinterest.com\/arquimaster","https:\/\/t.me\/arquimaster"]},{"@type":"Person","@id":"https:\/\/www.arquimaster.com.ar\/web\/#\/schema\/person\/359e9f7c00193fcde068e0dd2ceb0028","name":"Arquimaster"}]}},"uagb_featured_image_src":{"full":["https:\/\/www.arquimaster.com.ar\/web\/wp-content\/uploads\/2020\/07\/dimo_expansion_nea_slide.jpg",698,364,false],"thumbnail":["https:\/\/www.arquimaster.com.ar\/web\/wp-content\/uploads\/2020\/07\/dimo_expansion_nea_slide-150x150.jpg",150,150,true],"medium":["https:\/\/www.arquimaster.com.ar\/web\/wp-content\/uploads\/2020\/07\/dimo_expansion_nea_slide.jpg",698,364,false],"medium_large":["https:\/\/www.arquimaster.com.ar\/web\/wp-content\/uploads\/2020\/07\/dimo_expansion_nea_slide.jpg",698,364,false],"large":["https:\/\/www.arquimaster.com.ar\/web\/wp-content\/uploads\/2020\/07\/dimo_expansion_nea_slide.jpg",698,364,false],"1536x1536":["https:\/\/www.arquimaster.com.ar\/web\/wp-content\/uploads\/2020\/07\/dimo_expansion_nea_slide.jpg",698,364,false],"2048x2048":["https:\/\/www.arquimaster.com.ar\/web\/wp-content\/uploads\/2020\/07\/dimo_expansion_nea_slide.jpg",698,364,false]},"uagb_author_info":{"display_name":"Arquimaster","author_link":"https:\/\/www.arquimaster.com.ar\/web\/author\/arquimaster\/"},"uagb_comment_info":0,"uagb_excerpt":"DIMO design\u00f3 su representante comercial de la regi\u00f3n a Mauro Salgado...","_links":{"self":[{"href":"https:\/\/www.arquimaster.com.ar\/web\/wp-json\/wp\/v2\/posts\/57126","targetHints":{"allow":["GET"]}}],"collection":[{"href":"https:\/\/www.arquimaster.com.ar\/web\/wp-json\/wp\/v2\/posts"}],"about":[{"href":"https:\/\/www.arquimaster.com.ar\/web\/wp-json\/wp\/v2\/types\/post"}],"author":[{"embeddable":true,"href":"https:\/\/www.arquimaster.com.ar\/web\/wp-json\/wp\/v2\/users\/1"}],"replies":[{"embeddable":true,"href":"https:\/\/www.arquimaster.com.ar\/web\/wp-json\/wp\/v2\/comments?post=57126"}],"version-history":[{"count":2,"href":"https:\/\/www.arquimaster.com.ar\/web\/wp-json\/wp\/v2\/posts\/57126\/revisions"}],"predecessor-version":[{"id":85450,"href":"https:\/\/www.arquimaster.com.ar\/web\/wp-json\/wp\/v2\/posts\/57126\/revisions\/85450"}],"wp:featuredmedia":[{"embeddable":true,"href":"https:\/\/www.arquimaster.com.ar\/web\/wp-json\/wp\/v2\/media\/57127"}],"wp:attachment":[{"href":"https:\/\/www.arquimaster.com.ar\/web\/wp-json\/wp\/v2\/media?parent=57126"}],"wp:term":[{"taxonomy":"category","embeddable":true,"href":"https:\/\/www.arquimaster.com.ar\/web\/wp-json\/wp\/v2\/categories?post=57126"},{"taxonomy":"post_tag","embeddable":true,"href":"https:\/\/www.arquimaster.com.ar\/web\/wp-json\/wp\/v2\/tags?post=57126"}],"curies":[{"name":"wp","href":"https:\/\/api.w.org\/{rel}","templated":true}]}}