{"id":57274,"date":"2020-07-09T22:07:58","date_gmt":"2020-07-10T01:07:58","guid":{"rendered":"https:\/\/www.arquimaster.com.ar\/web\/?p=57274"},"modified":"2020-07-14T14:59:29","modified_gmt":"2020-07-14T17:59:29","slug":"edificio-alma-duc-german-hauser-carlos-ferrater-lucia-ferrater","status":"publish","type":"post","link":"https:\/\/www.arquimaster.com.ar\/web\/edificio-alma-duc-german-hauser-carlos-ferrater-lucia-ferrater\/","title":{"rendered":"Edificio Alma DUC \/ Germ\u00e1n Hauser, Carlos Ferrater, Lucia Ferrater"},"content":{"rendered":"<div style=\"margin-top: 0px; margin-bottom: 0px;\" class=\"sharethis-inline-share-buttons\" ><\/div><div class=\"b812932af2e751442846f039925109de\" data-index=\"1\" style=\"float: none; margin:25px 0 25px 0; text-align:center;\">\n<script async src=\"https:\/\/pagead2.googlesyndication.com\/pagead\/js\/adsbygoogle.js\"><\/script>\r\n<!-- Arquimaster (superior) -->\r\n<ins class=\"adsbygoogle\"\r\n     style=\"display:block\"\r\n     data-ad-client=\"ca-pub-6351072698456832\"\r\n     data-ad-slot=\"6455489680\"\r\n     data-ad-format=\"auto\"\r\n     data-full-width-responsive=\"true\"><\/ins>\r\n<script>\r\n     (adsbygoogle = window.adsbygoogle || []).push({});\r\n<\/script>\n<\/div>\n<p><strong>Edificio Alma DUC<\/strong> (Ciudad Vieja, Montevideo, Uruguay) por <strong>Germ\u00e1n Hauser, Carlos Ferrater, Lucia Ferrater<\/strong>. El proyecto se encuentra emplazado frente a la calle Ciudadela, en coincidencia con el l\u00edmite de la Ciudad Vieja de Montevideo. Este sector de la ciudad est\u00e1 viviendo una reconversi\u00f3n similar a la que atravesaron y atraviesan varias ciudades capitales a nivel mundial, como es el caso de Barcelona, Santiago de Chile, La Habana, Bilbao, entre otras. Estos centros urbanos han ido redefiniendo sus usos a lo largo del tiempo, pasando por diferentes etapas de auge y abandono.<\/p>\n<div id='gallery-1' class='gallery galleryid-57274 gallery-columns-3 gallery-size-thumbnail'><figure class='gallery-item'>\n\t\t\t<div class='gallery-icon landscape'>\n\t\t\t\t<a href='https:\/\/www.arquimaster.com.ar\/web\/wp-content\/uploads\/2020\/07\/edificio_alma_duc1.jpg' title=\"Edificio Alma DUC \/ Germ\u00e1n Hauser, Carlos Ferrater, Lucia Ferrater\" data-rl_title=\"Edificio Alma DUC \/ Germ\u00e1n Hauser, Carlos Ferrater, Lucia Ferrater\" class=\"rl-gallery-link\" data-rl_caption=\"Edificio Alma DUC \/ Germ\u00e1n Hauser, Carlos Ferrater, Lucia Ferrater\" data-rel=\"lightbox-gallery-1\"><img loading=\"lazy\" decoding=\"async\" width=\"150\" height=\"150\" src=\"https:\/\/www.arquimaster.com.ar\/web\/wp-content\/uploads\/2020\/07\/edificio_alma_duc1-150x150.jpg\" class=\"attachment-thumbnail size-thumbnail\" alt=\"\" aria-describedby=\"gallery-1-57276\" srcset=\"https:\/\/www.arquimaster.com.ar\/web\/wp-content\/uploads\/2020\/07\/edificio_alma_duc1-150x150.jpg 150w, https:\/\/www.arquimaster.com.ar\/web\/wp-content\/uploads\/2020\/07\/edificio_alma_duc1-1024x1024.jpg 1024w, https:\/\/www.arquimaster.com.ar\/web\/wp-content\/uploads\/2020\/07\/edificio_alma_duc1-768x768.jpg 768w, https:\/\/www.arquimaster.com.ar\/web\/wp-content\/uploads\/2020\/07\/edificio_alma_duc1.jpg 1500w\" sizes=\"auto, (max-width: 150px) 100vw, 150px\" \/><\/a>\n\t\t\t<\/div>\n\t\t\t\t<figcaption class='wp-caption-text gallery-caption' id='gallery-1-57276'>\n\t\t\t\tEdificio Alma DUC \/ Germ\u00e1n Hauser, Carlos Ferrater, Lucia Ferrater\n\t\t\t\t<\/figcaption><\/figure><figure class='gallery-item'>\n\t\t\t<div class='gallery-icon landscape'>\n\t\t\t\t<a href='https:\/\/www.arquimaster.com.ar\/web\/wp-content\/uploads\/2020\/07\/edificio_alma_duc2.jpg' title=\"Edificio Alma DUC \/ Germ\u00e1n Hauser, Carlos Ferrater, Lucia Ferrater\" data-rl_title=\"Edificio Alma DUC \/ Germ\u00e1n Hauser, Carlos Ferrater, Lucia Ferrater\" class=\"rl-gallery-link\" data-rl_caption=\"Edificio Alma DUC \/ Germ\u00e1n Hauser, Carlos Ferrater, Lucia Ferrater\" data-rel=\"lightbox-gallery-1\"><img loading=\"lazy\" decoding=\"async\" width=\"150\" height=\"150\" src=\"https:\/\/www.arquimaster.com.ar\/web\/wp-content\/uploads\/2020\/07\/edificio_alma_duc2-150x150.jpg\" class=\"attachment-thumbnail size-thumbnail\" alt=\"\" aria-describedby=\"gallery-1-57277\" srcset=\"https:\/\/www.arquimaster.com.ar\/web\/wp-content\/uploads\/2020\/07\/edificio_alma_duc2-150x150.jpg 150w, https:\/\/www.arquimaster.com.ar\/web\/wp-content\/uploads\/2020\/07\/edificio_alma_duc2-1024x1024.jpg 1024w, https:\/\/www.arquimaster.com.ar\/web\/wp-content\/uploads\/2020\/07\/edificio_alma_duc2-768x768.jpg 768w, https:\/\/www.arquimaster.com.ar\/web\/wp-content\/uploads\/2020\/07\/edificio_alma_duc2.jpg 1500w\" sizes=\"auto, (max-width: 150px) 100vw, 150px\" \/><\/a>\n\t\t\t<\/div>\n\t\t\t\t<figcaption class='wp-caption-text gallery-caption' id='gallery-1-57277'>\n\t\t\t\tEdificio Alma DUC \/ Germ\u00e1n Hauser, Carlos Ferrater, Lucia Ferrater\n\t\t\t\t<\/figcaption><\/figure><figure class='gallery-item'>\n\t\t\t<div class='gallery-icon landscape'>\n\t\t\t\t<a href='https:\/\/www.arquimaster.com.ar\/web\/wp-content\/uploads\/2020\/07\/edificio_alma_duc3.jpg' title=\"Edificio Alma DUC \/ Germ\u00e1n Hauser, Carlos Ferrater, Lucia Ferrater\" data-rl_title=\"Edificio Alma DUC \/ Germ\u00e1n Hauser, Carlos Ferrater, Lucia Ferrater\" class=\"rl-gallery-link\" data-rl_caption=\"Edificio Alma DUC \/ Germ\u00e1n Hauser, Carlos Ferrater, Lucia Ferrater\" data-rel=\"lightbox-gallery-1\"><img loading=\"lazy\" decoding=\"async\" width=\"150\" height=\"150\" src=\"https:\/\/www.arquimaster.com.ar\/web\/wp-content\/uploads\/2020\/07\/edificio_alma_duc3-150x150.jpg\" class=\"attachment-thumbnail size-thumbnail\" alt=\"\" aria-describedby=\"gallery-1-57278\" srcset=\"https:\/\/www.arquimaster.com.ar\/web\/wp-content\/uploads\/2020\/07\/edificio_alma_duc3-150x150.jpg 150w, https:\/\/www.arquimaster.com.ar\/web\/wp-content\/uploads\/2020\/07\/edificio_alma_duc3-1024x1024.jpg 1024w, https:\/\/www.arquimaster.com.ar\/web\/wp-content\/uploads\/2020\/07\/edificio_alma_duc3-768x768.jpg 768w, https:\/\/www.arquimaster.com.ar\/web\/wp-content\/uploads\/2020\/07\/edificio_alma_duc3.jpg 1500w\" sizes=\"auto, (max-width: 150px) 100vw, 150px\" \/><\/a>\n\t\t\t<\/div>\n\t\t\t\t<figcaption class='wp-caption-text gallery-caption' id='gallery-1-57278'>\n\t\t\t\tEdificio Alma DUC \/ Germ\u00e1n Hauser, Carlos Ferrater, Lucia Ferrater\n\t\t\t\t<\/figcaption><\/figure><figure class='gallery-item'>\n\t\t\t<div class='gallery-icon landscape'>\n\t\t\t\t<a href='https:\/\/www.arquimaster.com.ar\/web\/wp-content\/uploads\/2020\/07\/edificio_alma_duc4.jpg' title=\"Edificio Alma DUC \/ Germ\u00e1n Hauser, Carlos Ferrater, Lucia Ferrater\" data-rl_title=\"Edificio Alma DUC \/ Germ\u00e1n Hauser, Carlos Ferrater, Lucia Ferrater\" class=\"rl-gallery-link\" data-rl_caption=\"Edificio Alma DUC \/ Germ\u00e1n Hauser, Carlos Ferrater, Lucia Ferrater\" data-rel=\"lightbox-gallery-1\"><img loading=\"lazy\" decoding=\"async\" width=\"150\" height=\"150\" src=\"https:\/\/www.arquimaster.com.ar\/web\/wp-content\/uploads\/2020\/07\/edificio_alma_duc4-150x150.jpg\" class=\"attachment-thumbnail size-thumbnail\" alt=\"\" aria-describedby=\"gallery-1-57279\" srcset=\"https:\/\/www.arquimaster.com.ar\/web\/wp-content\/uploads\/2020\/07\/edificio_alma_duc4-150x150.jpg 150w, https:\/\/www.arquimaster.com.ar\/web\/wp-content\/uploads\/2020\/07\/edificio_alma_duc4-1024x1024.jpg 1024w, https:\/\/www.arquimaster.com.ar\/web\/wp-content\/uploads\/2020\/07\/edificio_alma_duc4-768x768.jpg 768w, https:\/\/www.arquimaster.com.ar\/web\/wp-content\/uploads\/2020\/07\/edificio_alma_duc4.jpg 1500w\" sizes=\"auto, (max-width: 150px) 100vw, 150px\" \/><\/a>\n\t\t\t<\/div>\n\t\t\t\t<figcaption class='wp-caption-text gallery-caption' id='gallery-1-57279'>\n\t\t\t\tEdificio Alma DUC \/ Germ\u00e1n Hauser, Carlos Ferrater, Lucia Ferrater\n\t\t\t\t<\/figcaption><\/figure><figure class='gallery-item'>\n\t\t\t<div class='gallery-icon landscape'>\n\t\t\t\t<a href='https:\/\/www.arquimaster.com.ar\/web\/wp-content\/uploads\/2020\/07\/edificio_alma_duc5.jpg' title=\"Edificio Alma DUC \/ Germ\u00e1n Hauser, Carlos Ferrater, Lucia Ferrater\" data-rl_title=\"Edificio Alma DUC \/ Germ\u00e1n Hauser, Carlos Ferrater, Lucia Ferrater\" class=\"rl-gallery-link\" data-rl_caption=\"Edificio Alma DUC \/ Germ\u00e1n Hauser, Carlos Ferrater, Lucia Ferrater\" data-rel=\"lightbox-gallery-1\"><img loading=\"lazy\" decoding=\"async\" width=\"150\" height=\"150\" src=\"https:\/\/www.arquimaster.com.ar\/web\/wp-content\/uploads\/2020\/07\/edificio_alma_duc5-150x150.jpg\" class=\"attachment-thumbnail size-thumbnail\" alt=\"\" aria-describedby=\"gallery-1-57280\" srcset=\"https:\/\/www.arquimaster.com.ar\/web\/wp-content\/uploads\/2020\/07\/edificio_alma_duc5-150x150.jpg 150w, https:\/\/www.arquimaster.com.ar\/web\/wp-content\/uploads\/2020\/07\/edificio_alma_duc5-1024x1024.jpg 1024w, https:\/\/www.arquimaster.com.ar\/web\/wp-content\/uploads\/2020\/07\/edificio_alma_duc5-768x768.jpg 768w, https:\/\/www.arquimaster.com.ar\/web\/wp-content\/uploads\/2020\/07\/edificio_alma_duc5.jpg 1500w\" sizes=\"auto, (max-width: 150px) 100vw, 150px\" \/><\/a>\n\t\t\t<\/div>\n\t\t\t\t<figcaption class='wp-caption-text gallery-caption' id='gallery-1-57280'>\n\t\t\t\tEdificio Alma DUC \/ Germ\u00e1n Hauser, Carlos Ferrater, Lucia Ferrater\n\t\t\t\t<\/figcaption><\/figure><figure class='gallery-item'>\n\t\t\t<div class='gallery-icon landscape'>\n\t\t\t\t<a href='https:\/\/www.arquimaster.com.ar\/web\/wp-content\/uploads\/2020\/07\/edificio_alma_duc6.jpg' title=\"Edificio Alma DUC \/ Germ\u00e1n Hauser, Carlos Ferrater, Lucia Ferrater\" data-rl_title=\"Edificio Alma DUC \/ Germ\u00e1n Hauser, Carlos Ferrater, Lucia Ferrater\" class=\"rl-gallery-link\" data-rl_caption=\"Edificio Alma DUC \/ Germ\u00e1n Hauser, Carlos Ferrater, Lucia Ferrater\" data-rel=\"lightbox-gallery-1\"><img loading=\"lazy\" decoding=\"async\" width=\"150\" height=\"150\" src=\"https:\/\/www.arquimaster.com.ar\/web\/wp-content\/uploads\/2020\/07\/edificio_alma_duc6-150x150.jpg\" class=\"attachment-thumbnail size-thumbnail\" alt=\"\" aria-describedby=\"gallery-1-57281\" srcset=\"https:\/\/www.arquimaster.com.ar\/web\/wp-content\/uploads\/2020\/07\/edificio_alma_duc6-150x150.jpg 150w, https:\/\/www.arquimaster.com.ar\/web\/wp-content\/uploads\/2020\/07\/edificio_alma_duc6-1024x1024.jpg 1024w, https:\/\/www.arquimaster.com.ar\/web\/wp-content\/uploads\/2020\/07\/edificio_alma_duc6-768x768.jpg 768w, https:\/\/www.arquimaster.com.ar\/web\/wp-content\/uploads\/2020\/07\/edificio_alma_duc6.jpg 1500w\" sizes=\"auto, (max-width: 150px) 100vw, 150px\" \/><\/a>\n\t\t\t<\/div>\n\t\t\t\t<figcaption class='wp-caption-text gallery-caption' id='gallery-1-57281'>\n\t\t\t\tEdificio Alma DUC \/ Germ\u00e1n Hauser, Carlos Ferrater, Lucia Ferrater\n\t\t\t\t<\/figcaption><\/figure><figure class='gallery-item'>\n\t\t\t<div class='gallery-icon landscape'>\n\t\t\t\t<a href='https:\/\/www.arquimaster.com.ar\/web\/wp-content\/uploads\/2020\/07\/edificio_alma_duc7.jpg' title=\"Edificio Alma DUC \/ Germ\u00e1n Hauser, Carlos Ferrater, Lucia Ferrater\" data-rl_title=\"Edificio Alma DUC \/ Germ\u00e1n Hauser, Carlos Ferrater, Lucia Ferrater\" class=\"rl-gallery-link\" data-rl_caption=\"Edificio Alma DUC \/ Germ\u00e1n Hauser, Carlos Ferrater, Lucia Ferrater\" data-rel=\"lightbox-gallery-1\"><img loading=\"lazy\" decoding=\"async\" width=\"150\" height=\"150\" src=\"https:\/\/www.arquimaster.com.ar\/web\/wp-content\/uploads\/2020\/07\/edificio_alma_duc7-150x150.jpg\" class=\"attachment-thumbnail size-thumbnail\" alt=\"\" aria-describedby=\"gallery-1-57282\" srcset=\"https:\/\/www.arquimaster.com.ar\/web\/wp-content\/uploads\/2020\/07\/edificio_alma_duc7-150x150.jpg 150w, https:\/\/www.arquimaster.com.ar\/web\/wp-content\/uploads\/2020\/07\/edificio_alma_duc7-1024x1024.jpg 1024w, https:\/\/www.arquimaster.com.ar\/web\/wp-content\/uploads\/2020\/07\/edificio_alma_duc7-768x768.jpg 768w, https:\/\/www.arquimaster.com.ar\/web\/wp-content\/uploads\/2020\/07\/edificio_alma_duc7.jpg 1500w\" sizes=\"auto, (max-width: 150px) 100vw, 150px\" \/><\/a>\n\t\t\t<\/div>\n\t\t\t\t<figcaption class='wp-caption-text gallery-caption' id='gallery-1-57282'>\n\t\t\t\tEdificio Alma DUC \/ Germ\u00e1n Hauser, Carlos Ferrater, Lucia Ferrater\n\t\t\t\t<\/figcaption><\/figure><figure class='gallery-item'>\n\t\t\t<div class='gallery-icon landscape'>\n\t\t\t\t<a href='https:\/\/www.arquimaster.com.ar\/web\/wp-content\/uploads\/2020\/07\/edificio_alma_duc8.jpg' title=\"Edificio Alma DUC \/ Germ\u00e1n Hauser, Carlos Ferrater, Lucia Ferrater\" data-rl_title=\"Edificio Alma DUC \/ Germ\u00e1n Hauser, Carlos Ferrater, Lucia Ferrater\" class=\"rl-gallery-link\" data-rl_caption=\"Edificio Alma DUC \/ Germ\u00e1n Hauser, Carlos Ferrater, Lucia Ferrater\" data-rel=\"lightbox-gallery-1\"><img loading=\"lazy\" decoding=\"async\" width=\"150\" height=\"150\" src=\"https:\/\/www.arquimaster.com.ar\/web\/wp-content\/uploads\/2020\/07\/edificio_alma_duc8-150x150.jpg\" class=\"attachment-thumbnail size-thumbnail\" alt=\"\" aria-describedby=\"gallery-1-57283\" srcset=\"https:\/\/www.arquimaster.com.ar\/web\/wp-content\/uploads\/2020\/07\/edificio_alma_duc8-150x150.jpg 150w, https:\/\/www.arquimaster.com.ar\/web\/wp-content\/uploads\/2020\/07\/edificio_alma_duc8-1024x1024.jpg 1024w, https:\/\/www.arquimaster.com.ar\/web\/wp-content\/uploads\/2020\/07\/edificio_alma_duc8-768x768.jpg 768w, https:\/\/www.arquimaster.com.ar\/web\/wp-content\/uploads\/2020\/07\/edificio_alma_duc8.jpg 1500w\" sizes=\"auto, (max-width: 150px) 100vw, 150px\" \/><\/a>\n\t\t\t<\/div>\n\t\t\t\t<figcaption class='wp-caption-text gallery-caption' id='gallery-1-57283'>\n\t\t\t\tEdificio Alma DUC \/ Germ\u00e1n Hauser, Carlos Ferrater, Lucia Ferrater\n\t\t\t\t<\/figcaption><\/figure><figure class='gallery-item'>\n\t\t\t<div class='gallery-icon landscape'>\n\t\t\t\t<a href='https:\/\/www.arquimaster.com.ar\/web\/wp-content\/uploads\/2020\/07\/edificio_alma_duc9.jpg' title=\"Edificio Alma DUC \/ Germ\u00e1n Hauser, Carlos Ferrater, Lucia Ferrater (planta baja)\" data-rl_title=\"Edificio Alma DUC \/ Germ\u00e1n Hauser, Carlos Ferrater, Lucia Ferrater (planta baja)\" class=\"rl-gallery-link\" data-rl_caption=\"Edificio Alma DUC \/ Germ\u00e1n Hauser, Carlos Ferrater, Lucia Ferrater (planta baja)\" data-rel=\"lightbox-gallery-1\"><img loading=\"lazy\" decoding=\"async\" width=\"150\" height=\"150\" src=\"https:\/\/www.arquimaster.com.ar\/web\/wp-content\/uploads\/2020\/07\/edificio_alma_duc9-150x150.jpg\" class=\"attachment-thumbnail size-thumbnail\" alt=\"\" aria-describedby=\"gallery-1-57284\" srcset=\"https:\/\/www.arquimaster.com.ar\/web\/wp-content\/uploads\/2020\/07\/edificio_alma_duc9-150x150.jpg 150w, https:\/\/www.arquimaster.com.ar\/web\/wp-content\/uploads\/2020\/07\/edificio_alma_duc9-1024x1024.jpg 1024w, https:\/\/www.arquimaster.com.ar\/web\/wp-content\/uploads\/2020\/07\/edificio_alma_duc9-768x768.jpg 768w, https:\/\/www.arquimaster.com.ar\/web\/wp-content\/uploads\/2020\/07\/edificio_alma_duc9.jpg 1500w\" sizes=\"auto, (max-width: 150px) 100vw, 150px\" \/><\/a>\n\t\t\t<\/div>\n\t\t\t\t<figcaption class='wp-caption-text gallery-caption' id='gallery-1-57284'>\n\t\t\t\tEdificio Alma DUC \/ Germ\u00e1n Hauser, Carlos Ferrater, Lucia Ferrater (planta baja)\n\t\t\t\t<\/figcaption><\/figure><figure class='gallery-item'>\n\t\t\t<div class='gallery-icon landscape'>\n\t\t\t\t<a href='https:\/\/www.arquimaster.com.ar\/web\/wp-content\/uploads\/2020\/07\/edificio_alma_duc10.jpg' title=\"Edificio Alma DUC \/ Germ\u00e1n Hauser, Carlos Ferrater, Lucia Ferrater (planta tipo)\" data-rl_title=\"Edificio Alma DUC \/ Germ\u00e1n Hauser, Carlos Ferrater, Lucia Ferrater (planta tipo)\" class=\"rl-gallery-link\" data-rl_caption=\"Edificio Alma DUC \/ Germ\u00e1n Hauser, Carlos Ferrater, Lucia Ferrater (planta tipo)\" data-rel=\"lightbox-gallery-1\"><img loading=\"lazy\" decoding=\"async\" width=\"150\" height=\"150\" src=\"https:\/\/www.arquimaster.com.ar\/web\/wp-content\/uploads\/2020\/07\/edificio_alma_duc10-150x150.jpg\" class=\"attachment-thumbnail size-thumbnail\" alt=\"\" aria-describedby=\"gallery-1-57285\" srcset=\"https:\/\/www.arquimaster.com.ar\/web\/wp-content\/uploads\/2020\/07\/edificio_alma_duc10-150x150.jpg 150w, https:\/\/www.arquimaster.com.ar\/web\/wp-content\/uploads\/2020\/07\/edificio_alma_duc10-1024x1024.jpg 1024w, https:\/\/www.arquimaster.com.ar\/web\/wp-content\/uploads\/2020\/07\/edificio_alma_duc10-768x768.jpg 768w, https:\/\/www.arquimaster.com.ar\/web\/wp-content\/uploads\/2020\/07\/edificio_alma_duc10.jpg 1500w\" sizes=\"auto, (max-width: 150px) 100vw, 150px\" \/><\/a>\n\t\t\t<\/div>\n\t\t\t\t<figcaption class='wp-caption-text gallery-caption' id='gallery-1-57285'>\n\t\t\t\tEdificio Alma DUC \/ Germ\u00e1n Hauser, Carlos Ferrater, Lucia Ferrater (planta tipo)\n\t\t\t\t<\/figcaption><\/figure><figure class='gallery-item'>\n\t\t\t<div class='gallery-icon landscape'>\n\t\t\t\t<a href='https:\/\/www.arquimaster.com.ar\/web\/wp-content\/uploads\/2020\/07\/edificio_alma_duc11.jpg' title=\"Edificio Alma DUC \/ Germ\u00e1n Hauser, Carlos Ferrater, Lucia Ferrater (esquema)\" data-rl_title=\"Edificio Alma DUC \/ Germ\u00e1n Hauser, Carlos Ferrater, Lucia Ferrater (esquema)\" class=\"rl-gallery-link\" data-rl_caption=\"Edificio Alma DUC \/ Germ\u00e1n Hauser, Carlos Ferrater, Lucia Ferrater (esquema)\" data-rel=\"lightbox-gallery-1\"><img loading=\"lazy\" decoding=\"async\" width=\"150\" height=\"150\" src=\"https:\/\/www.arquimaster.com.ar\/web\/wp-content\/uploads\/2020\/07\/edificio_alma_duc11-150x150.jpg\" class=\"attachment-thumbnail size-thumbnail\" alt=\"\" aria-describedby=\"gallery-1-57286\" srcset=\"https:\/\/www.arquimaster.com.ar\/web\/wp-content\/uploads\/2020\/07\/edificio_alma_duc11-150x150.jpg 150w, https:\/\/www.arquimaster.com.ar\/web\/wp-content\/uploads\/2020\/07\/edificio_alma_duc11-1024x1024.jpg 1024w, https:\/\/www.arquimaster.com.ar\/web\/wp-content\/uploads\/2020\/07\/edificio_alma_duc11-768x768.jpg 768w, https:\/\/www.arquimaster.com.ar\/web\/wp-content\/uploads\/2020\/07\/edificio_alma_duc11.jpg 1500w\" sizes=\"auto, (max-width: 150px) 100vw, 150px\" \/><\/a>\n\t\t\t<\/div>\n\t\t\t\t<figcaption class='wp-caption-text gallery-caption' id='gallery-1-57286'>\n\t\t\t\tEdificio Alma DUC \/ Germ\u00e1n Hauser, Carlos Ferrater, Lucia Ferrater (esquema)\n\t\t\t\t<\/figcaption><\/figure><figure class='gallery-item'>\n\t\t\t<div class='gallery-icon landscape'>\n\t\t\t\t<a href='https:\/\/www.arquimaster.com.ar\/web\/wp-content\/uploads\/2020\/07\/edificio_alma_duc12.jpg' title=\"Edificio Alma DUC \/ Germ\u00e1n Hauser, Carlos Ferrater, Lucia Ferrater (maqueta 3D)\" data-rl_title=\"Edificio Alma DUC \/ Germ\u00e1n Hauser, Carlos Ferrater, Lucia Ferrater (maqueta 3D)\" class=\"rl-gallery-link\" data-rl_caption=\"Edificio Alma DUC \/ Germ\u00e1n Hauser, Carlos Ferrater, Lucia Ferrater (maqueta 3D)\" data-rel=\"lightbox-gallery-1\"><img loading=\"lazy\" decoding=\"async\" width=\"150\" height=\"150\" src=\"https:\/\/www.arquimaster.com.ar\/web\/wp-content\/uploads\/2020\/07\/edificio_alma_duc12-150x150.jpg\" class=\"attachment-thumbnail size-thumbnail\" alt=\"\" aria-describedby=\"gallery-1-57287\" srcset=\"https:\/\/www.arquimaster.com.ar\/web\/wp-content\/uploads\/2020\/07\/edificio_alma_duc12-150x150.jpg 150w, https:\/\/www.arquimaster.com.ar\/web\/wp-content\/uploads\/2020\/07\/edificio_alma_duc12-1024x1024.jpg 1024w, https:\/\/www.arquimaster.com.ar\/web\/wp-content\/uploads\/2020\/07\/edificio_alma_duc12-768x768.jpg 768w, https:\/\/www.arquimaster.com.ar\/web\/wp-content\/uploads\/2020\/07\/edificio_alma_duc12.jpg 1500w\" sizes=\"auto, (max-width: 150px) 100vw, 150px\" \/><\/a>\n\t\t\t<\/div>\n\t\t\t\t<figcaption class='wp-caption-text gallery-caption' id='gallery-1-57287'>\n\t\t\t\tEdificio Alma DUC \/ Germ\u00e1n Hauser, Carlos Ferrater, Lucia Ferrater (maqueta 3D)\n\t\t\t\t<\/figcaption><\/figure><figure class='gallery-item'>\n\t\t\t<div class='gallery-icon landscape'>\n\t\t\t\t<a href='https:\/\/www.arquimaster.com.ar\/web\/wp-content\/uploads\/2020\/07\/edificio_alma_duc13.jpg' title=\"Edificio Alma DUC \/ Germ\u00e1n Hauser, Carlos Ferrater, Lucia Ferrater (implantacion)\" data-rl_title=\"Edificio Alma DUC \/ Germ\u00e1n Hauser, Carlos Ferrater, Lucia Ferrater (implantacion)\" class=\"rl-gallery-link\" data-rl_caption=\"Edificio Alma DUC \/ Germ\u00e1n Hauser, Carlos Ferrater, Lucia Ferrater (implantacion)\" data-rel=\"lightbox-gallery-1\"><img loading=\"lazy\" decoding=\"async\" width=\"150\" height=\"150\" src=\"https:\/\/www.arquimaster.com.ar\/web\/wp-content\/uploads\/2020\/07\/edificio_alma_duc13-150x150.jpg\" class=\"attachment-thumbnail size-thumbnail\" alt=\"\" aria-describedby=\"gallery-1-57288\" \/><\/a>\n\t\t\t<\/div>\n\t\t\t\t<figcaption class='wp-caption-text gallery-caption' id='gallery-1-57288'>\n\t\t\t\tEdificio Alma DUC \/ Germ\u00e1n Hauser, Carlos Ferrater, Lucia Ferrater (implantacion)\n\t\t\t\t<\/figcaption><\/figure>\n\t\t<\/div>\n\n<p>Volum\u00e9tricamente, dada la baja altura de una de sus medianeras, el Bar Tasende, el edificio propone la eliminaci\u00f3n de ella mediante la incorporaci\u00f3n de un pasaje, generando as\u00ed una nueva fachada a la ciudad.<\/p>\n<p>Adem\u00e1s, nuestra propuesta plantea la necesidad de aumentar la oferta de diferentes servicios en el \u00e1rea, valorizando la consolidaci\u00f3n de esta tendencia en la que los centros urbanos se dotan de todos los usos con el fin de aportar densidad al \u00e1rea y promoviendo al barrio vida y actividad las 24 hs.<\/p>\n<p>Con este fin, el proyecto se centra en la integraci\u00f3n de diversos usos en un complejo \u00fanico, generando una especie de micro ciudad, un sistema en la que coexisten y se complementan diversos usos tales como viviendas, aparcamiento, locales comerciales, oficinas, espacios comunitarios, jardines, espacios de restauraci\u00f3n, as\u00ed como tambi\u00e9n un mirador a la ciudad.<\/p>\n<p>Las viviendas proyectadas cuentan con uno, dos y tres dormitorios, distribuidos en 12 niveles y con espacios de uso com\u00fan tanto interiores como exteriores.<\/p>\n<p>Por su parte, las oficinas ser\u00e1n de aproximadamente 130 m2 cada una, a las que se accede a trav\u00e9s de dos ascensores y una escalera independiente a las de las viviendas.<\/p>\n<p>Con acceso directo por el mismo n\u00facleo que abastece las oficinas, se ubica el Sky Bar con Terraza p\u00fablica. \u00c9sta funcionar\u00e1 como un mirador de la Ciudad Vieja.<\/p>\n<p>La planta baja, dada la diferencia de cota entre los extremos de la parcela se desdobla en dos plantas en las que se ubican los accesos al estacionamiento y dos grandes locales comerciales en la cota m\u00e1s baja, mientras que el acceso a las viviendas y oficinas se produce por el nivel m\u00e1s alto de la calle Ciudadela.<\/p>\n<p>El aprovechamiento en altura producto del escalonado propuesto compensa de alg\u00fan modo el \u00e1rea edificable cedida, ya sea por la decisi\u00f3n de producir el retiro lateral hacia el bar Tasende generando un pasaje, o bien por la relaci\u00f3n planteada con el edificio en altura.<\/p>\n<p>El escalonado desarrollado en el coronamiento nos permite dotar al proyecto de terrazas de uso comunitario, privadas y p\u00fablicas.<\/p>\n<p><strong>Sustentabilidad<\/strong><br>El edificio cuenta con todas sus unidades funcionales, ya sea viviendas u oficinas, con al menos dos orientaciones, garantizando espacios bien ventilados (ventilaci\u00f3n cruzada) e iluminados naturalmente. A su vez tendr\u00e1 ventanas con doble vidriado herm\u00e9tico. Cumple con el objetivo de garantizar al menos una hora de sol en todos los est\u00e1ndares y\/o dormitorios en invierno.<\/p>\n<p>El proyecto propone un jard\u00edn en primer nivel de 175 m2 que aportar\u00e1 un espacio abierto y con vegetaci\u00f3n al coraz\u00f3n de la manzana, y contar\u00e1 tambi\u00e9n con captaci\u00f3n de aguas de lluvia para riego y con la preinstalaci\u00f3n para calentamiento de agua solar.<\/p>\n<p><strong>Ficha t\u00e9cnica<\/strong><br>Nombre: Alma DUC<br>Ubicaci\u00f3n: Ciudad Vieja, Montevideo, Uruguay<br>Autores: Arq. Germ\u00e1n Hauser, Arq. Carlos Ferrater, Arq. Lucia Ferrater<br>Anteproyecto: OAB Office for Arquitecture in Barcelona, HAUSER Oficina de Arquitectura <br>Arq. Germ\u00e1n Hauser, Arq. Carlos Ferrater, Arq. Lucia Ferrater<br>Equipo de Proyecto: Arq. Alan Revale, Arq. Diana Mart\u00ednez Badia <br>Proyecto ejecutivo: MPR Project Management<br>Gerenciamiento + direcci\u00f3n de obra: MPR Project Management<br>Estructuras: Ing. Magnone, Ing. Pollio<br>Instalaciones Sanitarias y Gas: Ing. Marcelo Pittamiglio<br>Instalaci\u00f3n El\u00e9ctrica e Iluminaci\u00f3n: Ing. Ricardo Hofstadter<br>Instalaci\u00f3n termomec\u00e1nica: Ing. Octavio Rocha<br>Instalaci\u00f3n contra Incendio: Ing. Otto Vicente<br>Carpinter\u00eda: Ing. Juan Jose Cornes<br>Comitente: IXOU<br>Empresa constructora: Soler<br>Programa: Viviendas y locales comerciales, sky restaurant<br>Superficie: 12.500 m2<br>Fecha de inicio y finalizacion: 2018<\/p>\n<p><strong>Contacto<\/strong><br><a href=\"http:\/\/hauser.site\/arq\" target=\"_blank\" rel=\"noopener noreferrer\">http:\/\/hauser.site\/arq<\/a><br>Instagram: @hauser.arq<br><a href=\"http:\/\/www.ferrater.com\" target=\"_blank\" rel=\"noopener noreferrer\">http:\/\/www.ferrater.com<\/a><\/p>\n\n\n<div style=\"height:20px\" aria-hidden=\"true\" class=\"wp-block-spacer\"><\/div>\n\n\n<p><em><strong>English version<\/strong><\/em><\/p>\n<p><em><strong>Alma DUC<\/strong><\/em><\/p>\n<p><em>The project is located across from Ciudadela street, right at the periphery of Montevideo\u2019s Ciudad Vieja. This part of town is being renovated, in line with the restoration processes that several capital cities in the world went through and are undergoing, such as Barcelona, Santiago de Chile, La Habana and Bilbao, among others. These urban centers have been redefining their uses over time, going through several stages of splendor and neglect.<\/em><\/p>\n<p><em>Volumetrically, given the low rise of one of its dividing walls, Bar Tasende, the building proposes eliminating the dividing wall by creating a passage, therefore generating a new fa\u00e7ade towards the city. In addition, our proposal raises the need to increase the number and type of services offered in the area, adding value to the consolidation of the trend that promotes life and action in the neighborhood 24\/7 as a result of having all uses covered in urban centers to provide density to the area.<\/em><\/p>\n<p><em>To this end, the project revolves around integrating several uses in a single complex, therefore generating a sort of micro city, a system in which several uses coexist and complement one another, such as housing, parking, stores, offices, common areas, gardens, dining areas, as well as a vantage point overlooking the city.<\/em><\/p>\n<p><em>The units designed have one, two and three bedrooms, and are located on 12 levels that include indoor and outdoor areas for common use. In turn, offices will be around 130 square meters each, and can be accessed by two lifts and a staircase separate from the residential units. The SKY BAR can be accessed directly by the same entry point that leads to the offices. It has a public terrace that will serve as a vantage point overlooking the old city.<\/em><\/p>\n<p><em>Given the difference in height between the ends of the plot, the ground floor unfolds into two levels where the parking accesses are located, two large stores sit on the lower end, while the access to residential units and offices is located at the higher level on Ciudalela street.<\/em><\/p>\n<p><em>Best use of height space comes as a result of the tiered level proposed and somehow compensates the building land assigned, be it by the decision of creating the lateral exit towards Bar Tasende through a passage or by the relation with the building in height.<\/em><\/p>\n<p><em>The tiered level at the crowning allows us to furnish the project with terraces for either shared, public or private use.<\/em><\/p>\n<p><strong><em>Sustainability<\/em><\/strong><br><em>In all functional units (homes or offices), the building offers at least two orientations, therefore guaranteeing good ventilation (cross ventilation) as well as natural light. In addition, it will have airtight double-glazed windows. It complies with the objective of ensuring at least one hour of sunlight in all sitting rooms and\/or bedrooms during the winter season.<\/em><\/p>\n<p><em>The project proposes a 175 square-meter garden on the first level that will provide an open green area in the center of the block and will be used to catch rain water for irrigation and to pre-install a solar water heating system.<\/em><\/p>\n<div style=\"font-size: 0px; height: 0px; line-height: 0px; margin: 0; padding: 0; clear: both;\"><\/div><div style=\"margin-top: 0px; margin-bottom: 0px;\" class=\"sharethis-inline-share-buttons\" ><\/div>","protected":false},"excerpt":{"rendered":"<p>El proyecto se centra en la integraci\u00f3n de diversos usos en un complejo \u00fanico&#8230;<\/p>\n","protected":false},"author":1,"featured_media":57275,"comment_status":"closed","ping_status":"closed","sticky":false,"template":"","format":"standard","meta":{"_uag_custom_page_level_css":"","footnotes":""},"categories":[80,1],"tags":[3976,87,6010,6013,6012,1513,6155,1008,257,6156,6157,266],"class_list":["post-57274","post","type-post","status-publish","format-standard","has-post-thumbnail","hentry","category-edificio-viviendas","category-proyecto","tag-carlos-ferrater","tag-edificio-de-viviendas","tag-german-hauser","tag-hauser","tag-hauser-oficina-de-arquitectura","tag-local-comercial","tag-lucia-ferrater","tag-montevideo","tag-restaurante","tag-sky-bar","tag-sky-restaurant","tag-uruguay","generate-columns","tablet-grid-50","mobile-grid-100","grid-parent","grid-50"],"yoast_head":"<!-- This site is optimized with the Yoast SEO plugin v27.3 - https:\/\/yoast.com\/product\/yoast-seo-wordpress\/ -->\n<title>Edificio Alma DUC \/ Germ\u00e1n Hauser, Carlos Ferrater, Lucia Ferrater - Arquimaster<\/title>\n<meta name=\"description\" content=\"El proyecto se centra en la integraci\u00f3n de diversos usos en un complejo \u00fanico, un sistema en la que coexisten viviendas, aparcamiento, locales comerciales, oficinas, restaurante.\" \/>\n<meta name=\"robots\" content=\"index, follow, max-snippet:-1, max-image-preview:large, max-video-preview:-1\" \/>\n<link rel=\"canonical\" href=\"https:\/\/www.arquimaster.com.ar\/web\/edificio-alma-duc-german-hauser-carlos-ferrater-lucia-ferrater\/\" \/>\n<meta property=\"og:locale\" content=\"es_ES\" \/>\n<meta property=\"og:type\" content=\"article\" \/>\n<meta property=\"og:title\" content=\"Edificio Alma DUC \/ Germ\u00e1n Hauser, Carlos Ferrater, Lucia Ferrater\" \/>\n<meta property=\"og:description\" content=\"El proyecto se centra en la integraci\u00f3n de diversos usos en un complejo \u00fanico, un sistema en la que coexisten viviendas, aparcamiento, locales comerciales, oficinas, restaurante.\" \/>\n<meta property=\"og:url\" content=\"https:\/\/www.arquimaster.com.ar\/web\/edificio-alma-duc-german-hauser-carlos-ferrater-lucia-ferrater\/\" \/>\n<meta property=\"og:site_name\" content=\"Arquimaster\" \/>\n<meta property=\"article:publisher\" content=\"http:\/\/www.facebook.com\/ARQUIMASTER.com.ar\" \/>\n<meta property=\"article:published_time\" content=\"2020-07-10T01:07:58+00:00\" \/>\n<meta property=\"article:modified_time\" content=\"2020-07-14T17:59:29+00:00\" \/>\n<meta property=\"og:image\" content=\"https:\/\/www.arquimaster.com.ar\/web\/wp-content\/uploads\/2020\/07\/edificio_alma_duc_slide.jpg\" \/>\n\t<meta property=\"og:image:width\" content=\"698\" \/>\n\t<meta property=\"og:image:height\" content=\"364\" \/>\n\t<meta property=\"og:image:type\" content=\"image\/jpeg\" \/>\n<meta name=\"author\" content=\"Arquimaster\" \/>\n<meta name=\"twitter:card\" content=\"summary_large_image\" \/>\n<meta name=\"twitter:title\" content=\"Edificio Alma DUC \/ Germ\u00e1n Hauser, Carlos Ferrater, Lucia Ferrater\" \/>\n<meta name=\"twitter:description\" content=\"El proyecto se centra en la integraci\u00f3n de diversos usos en un complejo \u00fanico, un sistema en la que coexisten viviendas, aparcamiento, locales comerciales, oficinas, restaurante.\" \/>\n<meta name=\"twitter:image\" content=\"https:\/\/www.arquimaster.com.ar\/web\/wp-content\/uploads\/2020\/07\/edificio_alma_duc_slide.jpg\" \/>\n<meta name=\"twitter:creator\" content=\"@arquimaster\" \/>\n<meta name=\"twitter:site\" content=\"@arquimaster\" \/>\n<meta name=\"twitter:label1\" content=\"Escrito por\" \/>\n\t<meta name=\"twitter:data1\" content=\"Arquimaster\" \/>\n\t<meta name=\"twitter:label2\" content=\"Tiempo de lectura\" \/>\n\t<meta name=\"twitter:data2\" content=\"6 minutos\" \/>\n<script type=\"application\/ld+json\" class=\"yoast-schema-graph\">{\"@context\":\"https:\\\/\\\/schema.org\",\"@graph\":[{\"@type\":\"Article\",\"@id\":\"https:\\\/\\\/www.arquimaster.com.ar\\\/web\\\/edificio-alma-duc-german-hauser-carlos-ferrater-lucia-ferrater\\\/#article\",\"isPartOf\":{\"@id\":\"https:\\\/\\\/www.arquimaster.com.ar\\\/web\\\/edificio-alma-duc-german-hauser-carlos-ferrater-lucia-ferrater\\\/\"},\"author\":{\"name\":\"Arquimaster\",\"@id\":\"https:\\\/\\\/www.arquimaster.com.ar\\\/web\\\/#\\\/schema\\\/person\\\/359e9f7c00193fcde068e0dd2ceb0028\"},\"headline\":\"Edificio Alma DUC \\\/ Germ\u00e1n Hauser, Carlos Ferrater, Lucia Ferrater\",\"datePublished\":\"2020-07-10T01:07:58+00:00\",\"dateModified\":\"2020-07-14T17:59:29+00:00\",\"mainEntityOfPage\":{\"@id\":\"https:\\\/\\\/www.arquimaster.com.ar\\\/web\\\/edificio-alma-duc-german-hauser-carlos-ferrater-lucia-ferrater\\\/\"},\"wordCount\":1214,\"publisher\":{\"@id\":\"https:\\\/\\\/www.arquimaster.com.ar\\\/web\\\/#organization\"},\"image\":{\"@id\":\"https:\\\/\\\/www.arquimaster.com.ar\\\/web\\\/edificio-alma-duc-german-hauser-carlos-ferrater-lucia-ferrater\\\/#primaryimage\"},\"thumbnailUrl\":\"https:\\\/\\\/www.arquimaster.com.ar\\\/web\\\/wp-content\\\/uploads\\\/2020\\\/07\\\/edificio_alma_duc_slide.jpg\",\"keywords\":[\"Carlos Ferrater\",\"edificio de viviendas\",\"German Hauser\",\"Hauser\",\"Hauser Oficina de Arquitectura\",\"locales comerciales\",\"Lucia Ferrater\",\"Montevideo\",\"restaurante\",\"sky bar\",\"sky restaurant\",\"Uruguay\"],\"articleSection\":[\"Edificios de viviendas\",\"Proyecto\"],\"inLanguage\":\"es\"},{\"@type\":\"WebPage\",\"@id\":\"https:\\\/\\\/www.arquimaster.com.ar\\\/web\\\/edificio-alma-duc-german-hauser-carlos-ferrater-lucia-ferrater\\\/\",\"url\":\"https:\\\/\\\/www.arquimaster.com.ar\\\/web\\\/edificio-alma-duc-german-hauser-carlos-ferrater-lucia-ferrater\\\/\",\"name\":\"Edificio Alma DUC \\\/ Germ\u00e1n Hauser, Carlos Ferrater, Lucia Ferrater - Arquimaster\",\"isPartOf\":{\"@id\":\"https:\\\/\\\/www.arquimaster.com.ar\\\/web\\\/#website\"},\"primaryImageOfPage\":{\"@id\":\"https:\\\/\\\/www.arquimaster.com.ar\\\/web\\\/edificio-alma-duc-german-hauser-carlos-ferrater-lucia-ferrater\\\/#primaryimage\"},\"image\":{\"@id\":\"https:\\\/\\\/www.arquimaster.com.ar\\\/web\\\/edificio-alma-duc-german-hauser-carlos-ferrater-lucia-ferrater\\\/#primaryimage\"},\"thumbnailUrl\":\"https:\\\/\\\/www.arquimaster.com.ar\\\/web\\\/wp-content\\\/uploads\\\/2020\\\/07\\\/edificio_alma_duc_slide.jpg\",\"datePublished\":\"2020-07-10T01:07:58+00:00\",\"dateModified\":\"2020-07-14T17:59:29+00:00\",\"description\":\"El proyecto se centra en la integraci\u00f3n de diversos usos en un complejo \u00fanico, un sistema en la que coexisten viviendas, aparcamiento, locales comerciales, oficinas, restaurante.\",\"breadcrumb\":{\"@id\":\"https:\\\/\\\/www.arquimaster.com.ar\\\/web\\\/edificio-alma-duc-german-hauser-carlos-ferrater-lucia-ferrater\\\/#breadcrumb\"},\"inLanguage\":\"es\",\"potentialAction\":[{\"@type\":\"ReadAction\",\"target\":[\"https:\\\/\\\/www.arquimaster.com.ar\\\/web\\\/edificio-alma-duc-german-hauser-carlos-ferrater-lucia-ferrater\\\/\"]}]},{\"@type\":\"ImageObject\",\"inLanguage\":\"es\",\"@id\":\"https:\\\/\\\/www.arquimaster.com.ar\\\/web\\\/edificio-alma-duc-german-hauser-carlos-ferrater-lucia-ferrater\\\/#primaryimage\",\"url\":\"https:\\\/\\\/www.arquimaster.com.ar\\\/web\\\/wp-content\\\/uploads\\\/2020\\\/07\\\/edificio_alma_duc_slide.jpg\",\"contentUrl\":\"https:\\\/\\\/www.arquimaster.com.ar\\\/web\\\/wp-content\\\/uploads\\\/2020\\\/07\\\/edificio_alma_duc_slide.jpg\",\"width\":698,\"height\":364},{\"@type\":\"BreadcrumbList\",\"@id\":\"https:\\\/\\\/www.arquimaster.com.ar\\\/web\\\/edificio-alma-duc-german-hauser-carlos-ferrater-lucia-ferrater\\\/#breadcrumb\",\"itemListElement\":[{\"@type\":\"ListItem\",\"position\":1,\"name\":\"Portada\",\"item\":\"https:\\\/\\\/www.arquimaster.com.ar\\\/web\\\/\"},{\"@type\":\"ListItem\",\"position\":2,\"name\":\"Edificio Alma DUC \\\/ Germ\u00e1n Hauser, Carlos Ferrater, Lucia Ferrater\"}]},{\"@type\":\"WebSite\",\"@id\":\"https:\\\/\\\/www.arquimaster.com.ar\\\/web\\\/#website\",\"url\":\"https:\\\/\\\/www.arquimaster.com.ar\\\/web\\\/\",\"name\":\"Arquimaster\",\"description\":\"Web de arquitectura, dise\u00f1o y construccion\",\"publisher\":{\"@id\":\"https:\\\/\\\/www.arquimaster.com.ar\\\/web\\\/#organization\"},\"potentialAction\":[{\"@type\":\"SearchAction\",\"target\":{\"@type\":\"EntryPoint\",\"urlTemplate\":\"https:\\\/\\\/www.arquimaster.com.ar\\\/web\\\/?s={search_term_string}\"},\"query-input\":{\"@type\":\"PropertyValueSpecification\",\"valueRequired\":true,\"valueName\":\"search_term_string\"}}],\"inLanguage\":\"es\"},{\"@type\":\"Organization\",\"@id\":\"https:\\\/\\\/www.arquimaster.com.ar\\\/web\\\/#organization\",\"name\":\"Arquimaster\",\"url\":\"https:\\\/\\\/www.arquimaster.com.ar\\\/web\\\/\",\"logo\":{\"@type\":\"ImageObject\",\"inLanguage\":\"es\",\"@id\":\"https:\\\/\\\/www.arquimaster.com.ar\\\/web\\\/#\\\/schema\\\/logo\\\/image\\\/\",\"url\":\"https:\\\/\\\/www.arquimaster.com.ar\\\/web\\\/wp-content\\\/uploads\\\/2022\\\/06\\\/arquimaster.png\",\"contentUrl\":\"https:\\\/\\\/www.arquimaster.com.ar\\\/web\\\/wp-content\\\/uploads\\\/2022\\\/06\\\/arquimaster.png\",\"width\":594,\"height\":78,\"caption\":\"Arquimaster\"},\"image\":{\"@id\":\"https:\\\/\\\/www.arquimaster.com.ar\\\/web\\\/#\\\/schema\\\/logo\\\/image\\\/\"},\"sameAs\":[\"http:\\\/\\\/www.facebook.com\\\/ARQUIMASTER.com.ar\",\"https:\\\/\\\/x.com\\\/arquimaster\",\"https:\\\/\\\/www.instagram.com\\\/arquimasterblog\\\/\",\"https:\\\/\\\/www.linkedin.com\\\/company\\\/arquimaster\",\"https:\\\/\\\/www.pinterest.com\\\/arquimaster\",\"https:\\\/\\\/t.me\\\/arquimaster\"]},{\"@type\":\"Person\",\"@id\":\"https:\\\/\\\/www.arquimaster.com.ar\\\/web\\\/#\\\/schema\\\/person\\\/359e9f7c00193fcde068e0dd2ceb0028\",\"name\":\"Arquimaster\"}]}<\/script>\n<!-- \/ Yoast SEO plugin. -->","yoast_head_json":{"title":"Edificio Alma DUC \/ Germ\u00e1n Hauser, Carlos Ferrater, Lucia Ferrater - Arquimaster","description":"El proyecto se centra en la integraci\u00f3n de diversos usos en un complejo \u00fanico, un sistema en la que coexisten viviendas, aparcamiento, locales comerciales, oficinas, restaurante.","robots":{"index":"index","follow":"follow","max-snippet":"max-snippet:-1","max-image-preview":"max-image-preview:large","max-video-preview":"max-video-preview:-1"},"canonical":"https:\/\/www.arquimaster.com.ar\/web\/edificio-alma-duc-german-hauser-carlos-ferrater-lucia-ferrater\/","og_locale":"es_ES","og_type":"article","og_title":"Edificio Alma DUC \/ Germ\u00e1n Hauser, Carlos Ferrater, Lucia Ferrater","og_description":"El proyecto se centra en la integraci\u00f3n de diversos usos en un complejo \u00fanico, un sistema en la que coexisten viviendas, aparcamiento, locales comerciales, oficinas, restaurante.","og_url":"https:\/\/www.arquimaster.com.ar\/web\/edificio-alma-duc-german-hauser-carlos-ferrater-lucia-ferrater\/","og_site_name":"Arquimaster","article_publisher":"http:\/\/www.facebook.com\/ARQUIMASTER.com.ar","article_published_time":"2020-07-10T01:07:58+00:00","article_modified_time":"2020-07-14T17:59:29+00:00","og_image":[{"width":698,"height":364,"url":"https:\/\/www.arquimaster.com.ar\/web\/wp-content\/uploads\/2020\/07\/edificio_alma_duc_slide.jpg","type":"image\/jpeg"}],"author":"Arquimaster","twitter_card":"summary_large_image","twitter_title":"Edificio Alma DUC \/ Germ\u00e1n Hauser, Carlos Ferrater, Lucia Ferrater","twitter_description":"El proyecto se centra en la integraci\u00f3n de diversos usos en un complejo \u00fanico, un sistema en la que coexisten viviendas, aparcamiento, locales comerciales, oficinas, restaurante.","twitter_image":"https:\/\/www.arquimaster.com.ar\/web\/wp-content\/uploads\/2020\/07\/edificio_alma_duc_slide.jpg","twitter_creator":"@arquimaster","twitter_site":"@arquimaster","twitter_misc":{"Escrito por":"Arquimaster","Tiempo de lectura":"6 minutos"},"schema":{"@context":"https:\/\/schema.org","@graph":[{"@type":"Article","@id":"https:\/\/www.arquimaster.com.ar\/web\/edificio-alma-duc-german-hauser-carlos-ferrater-lucia-ferrater\/#article","isPartOf":{"@id":"https:\/\/www.arquimaster.com.ar\/web\/edificio-alma-duc-german-hauser-carlos-ferrater-lucia-ferrater\/"},"author":{"name":"Arquimaster","@id":"https:\/\/www.arquimaster.com.ar\/web\/#\/schema\/person\/359e9f7c00193fcde068e0dd2ceb0028"},"headline":"Edificio Alma DUC \/ Germ\u00e1n Hauser, Carlos Ferrater, Lucia Ferrater","datePublished":"2020-07-10T01:07:58+00:00","dateModified":"2020-07-14T17:59:29+00:00","mainEntityOfPage":{"@id":"https:\/\/www.arquimaster.com.ar\/web\/edificio-alma-duc-german-hauser-carlos-ferrater-lucia-ferrater\/"},"wordCount":1214,"publisher":{"@id":"https:\/\/www.arquimaster.com.ar\/web\/#organization"},"image":{"@id":"https:\/\/www.arquimaster.com.ar\/web\/edificio-alma-duc-german-hauser-carlos-ferrater-lucia-ferrater\/#primaryimage"},"thumbnailUrl":"https:\/\/www.arquimaster.com.ar\/web\/wp-content\/uploads\/2020\/07\/edificio_alma_duc_slide.jpg","keywords":["Carlos Ferrater","edificio de viviendas","German Hauser","Hauser","Hauser Oficina de Arquitectura","locales comerciales","Lucia Ferrater","Montevideo","restaurante","sky bar","sky restaurant","Uruguay"],"articleSection":["Edificios de viviendas","Proyecto"],"inLanguage":"es"},{"@type":"WebPage","@id":"https:\/\/www.arquimaster.com.ar\/web\/edificio-alma-duc-german-hauser-carlos-ferrater-lucia-ferrater\/","url":"https:\/\/www.arquimaster.com.ar\/web\/edificio-alma-duc-german-hauser-carlos-ferrater-lucia-ferrater\/","name":"Edificio Alma DUC \/ Germ\u00e1n Hauser, Carlos Ferrater, Lucia Ferrater - Arquimaster","isPartOf":{"@id":"https:\/\/www.arquimaster.com.ar\/web\/#website"},"primaryImageOfPage":{"@id":"https:\/\/www.arquimaster.com.ar\/web\/edificio-alma-duc-german-hauser-carlos-ferrater-lucia-ferrater\/#primaryimage"},"image":{"@id":"https:\/\/www.arquimaster.com.ar\/web\/edificio-alma-duc-german-hauser-carlos-ferrater-lucia-ferrater\/#primaryimage"},"thumbnailUrl":"https:\/\/www.arquimaster.com.ar\/web\/wp-content\/uploads\/2020\/07\/edificio_alma_duc_slide.jpg","datePublished":"2020-07-10T01:07:58+00:00","dateModified":"2020-07-14T17:59:29+00:00","description":"El proyecto se centra en la integraci\u00f3n de diversos usos en un complejo \u00fanico, un sistema en la que coexisten viviendas, aparcamiento, locales comerciales, oficinas, restaurante.","breadcrumb":{"@id":"https:\/\/www.arquimaster.com.ar\/web\/edificio-alma-duc-german-hauser-carlos-ferrater-lucia-ferrater\/#breadcrumb"},"inLanguage":"es","potentialAction":[{"@type":"ReadAction","target":["https:\/\/www.arquimaster.com.ar\/web\/edificio-alma-duc-german-hauser-carlos-ferrater-lucia-ferrater\/"]}]},{"@type":"ImageObject","inLanguage":"es","@id":"https:\/\/www.arquimaster.com.ar\/web\/edificio-alma-duc-german-hauser-carlos-ferrater-lucia-ferrater\/#primaryimage","url":"https:\/\/www.arquimaster.com.ar\/web\/wp-content\/uploads\/2020\/07\/edificio_alma_duc_slide.jpg","contentUrl":"https:\/\/www.arquimaster.com.ar\/web\/wp-content\/uploads\/2020\/07\/edificio_alma_duc_slide.jpg","width":698,"height":364},{"@type":"BreadcrumbList","@id":"https:\/\/www.arquimaster.com.ar\/web\/edificio-alma-duc-german-hauser-carlos-ferrater-lucia-ferrater\/#breadcrumb","itemListElement":[{"@type":"ListItem","position":1,"name":"Portada","item":"https:\/\/www.arquimaster.com.ar\/web\/"},{"@type":"ListItem","position":2,"name":"Edificio Alma DUC \/ Germ\u00e1n Hauser, Carlos Ferrater, Lucia Ferrater"}]},{"@type":"WebSite","@id":"https:\/\/www.arquimaster.com.ar\/web\/#website","url":"https:\/\/www.arquimaster.com.ar\/web\/","name":"Arquimaster","description":"Web de arquitectura, dise\u00f1o y construccion","publisher":{"@id":"https:\/\/www.arquimaster.com.ar\/web\/#organization"},"potentialAction":[{"@type":"SearchAction","target":{"@type":"EntryPoint","urlTemplate":"https:\/\/www.arquimaster.com.ar\/web\/?s={search_term_string}"},"query-input":{"@type":"PropertyValueSpecification","valueRequired":true,"valueName":"search_term_string"}}],"inLanguage":"es"},{"@type":"Organization","@id":"https:\/\/www.arquimaster.com.ar\/web\/#organization","name":"Arquimaster","url":"https:\/\/www.arquimaster.com.ar\/web\/","logo":{"@type":"ImageObject","inLanguage":"es","@id":"https:\/\/www.arquimaster.com.ar\/web\/#\/schema\/logo\/image\/","url":"https:\/\/www.arquimaster.com.ar\/web\/wp-content\/uploads\/2022\/06\/arquimaster.png","contentUrl":"https:\/\/www.arquimaster.com.ar\/web\/wp-content\/uploads\/2022\/06\/arquimaster.png","width":594,"height":78,"caption":"Arquimaster"},"image":{"@id":"https:\/\/www.arquimaster.com.ar\/web\/#\/schema\/logo\/image\/"},"sameAs":["http:\/\/www.facebook.com\/ARQUIMASTER.com.ar","https:\/\/x.com\/arquimaster","https:\/\/www.instagram.com\/arquimasterblog\/","https:\/\/www.linkedin.com\/company\/arquimaster","https:\/\/www.pinterest.com\/arquimaster","https:\/\/t.me\/arquimaster"]},{"@type":"Person","@id":"https:\/\/www.arquimaster.com.ar\/web\/#\/schema\/person\/359e9f7c00193fcde068e0dd2ceb0028","name":"Arquimaster"}]}},"uagb_featured_image_src":{"full":["https:\/\/www.arquimaster.com.ar\/web\/wp-content\/uploads\/2020\/07\/edificio_alma_duc_slide.jpg",698,364,false],"thumbnail":["https:\/\/www.arquimaster.com.ar\/web\/wp-content\/uploads\/2020\/07\/edificio_alma_duc_slide-150x150.jpg",150,150,true],"medium":["https:\/\/www.arquimaster.com.ar\/web\/wp-content\/uploads\/2020\/07\/edificio_alma_duc_slide.jpg",698,364,false],"medium_large":["https:\/\/www.arquimaster.com.ar\/web\/wp-content\/uploads\/2020\/07\/edificio_alma_duc_slide.jpg",698,364,false],"large":["https:\/\/www.arquimaster.com.ar\/web\/wp-content\/uploads\/2020\/07\/edificio_alma_duc_slide.jpg",698,364,false],"1536x1536":["https:\/\/www.arquimaster.com.ar\/web\/wp-content\/uploads\/2020\/07\/edificio_alma_duc_slide.jpg",698,364,false],"2048x2048":["https:\/\/www.arquimaster.com.ar\/web\/wp-content\/uploads\/2020\/07\/edificio_alma_duc_slide.jpg",698,364,false]},"uagb_author_info":{"display_name":"Arquimaster","author_link":"https:\/\/www.arquimaster.com.ar\/web\/author\/arquimaster\/"},"uagb_comment_info":0,"uagb_excerpt":"El proyecto se centra en la integraci\u00f3n de diversos usos en un complejo \u00fanico...","_links":{"self":[{"href":"https:\/\/www.arquimaster.com.ar\/web\/wp-json\/wp\/v2\/posts\/57274","targetHints":{"allow":["GET"]}}],"collection":[{"href":"https:\/\/www.arquimaster.com.ar\/web\/wp-json\/wp\/v2\/posts"}],"about":[{"href":"https:\/\/www.arquimaster.com.ar\/web\/wp-json\/wp\/v2\/types\/post"}],"author":[{"embeddable":true,"href":"https:\/\/www.arquimaster.com.ar\/web\/wp-json\/wp\/v2\/users\/1"}],"replies":[{"embeddable":true,"href":"https:\/\/www.arquimaster.com.ar\/web\/wp-json\/wp\/v2\/comments?post=57274"}],"version-history":[{"count":2,"href":"https:\/\/www.arquimaster.com.ar\/web\/wp-json\/wp\/v2\/posts\/57274\/revisions"}],"predecessor-version":[{"id":57349,"href":"https:\/\/www.arquimaster.com.ar\/web\/wp-json\/wp\/v2\/posts\/57274\/revisions\/57349"}],"wp:featuredmedia":[{"embeddable":true,"href":"https:\/\/www.arquimaster.com.ar\/web\/wp-json\/wp\/v2\/media\/57275"}],"wp:attachment":[{"href":"https:\/\/www.arquimaster.com.ar\/web\/wp-json\/wp\/v2\/media?parent=57274"}],"wp:term":[{"taxonomy":"category","embeddable":true,"href":"https:\/\/www.arquimaster.com.ar\/web\/wp-json\/wp\/v2\/categories?post=57274"},{"taxonomy":"post_tag","embeddable":true,"href":"https:\/\/www.arquimaster.com.ar\/web\/wp-json\/wp\/v2\/tags?post=57274"}],"curies":[{"name":"wp","href":"https:\/\/api.w.org\/{rel}","templated":true}]}}