{"id":57290,"date":"2020-07-09T23:51:36","date_gmt":"2020-07-10T02:51:36","guid":{"rendered":"https:\/\/www.arquimaster.com.ar\/web\/?p=57290"},"modified":"2020-07-12T14:48:43","modified_gmt":"2020-07-12T17:48:43","slug":"casa-puerta-a-merida-taller-estilo-arquitectura","status":"publish","type":"post","link":"https:\/\/www.arquimaster.com.ar\/web\/casa-puerta-a-merida-taller-estilo-arquitectura\/","title":{"rendered":"Casa Puerta a M\u00e9rida \/ Taller Estilo Arquitectura"},"content":{"rendered":"<div style=\"margin-top: 0px; margin-bottom: 0px;\" class=\"sharethis-inline-share-buttons\" ><\/div><div class=\"b812932af2e751442846f039925109de\" data-index=\"1\" style=\"float: none; margin:25px 0 25px 0; text-align:center;\">\n<script async src=\"https:\/\/pagead2.googlesyndication.com\/pagead\/js\/adsbygoogle.js\"><\/script>\r\n<!-- Arquimaster (superior) -->\r\n<ins class=\"adsbygoogle\"\r\n     style=\"display:block\"\r\n     data-ad-client=\"ca-pub-6351072698456832\"\r\n     data-ad-slot=\"6455489680\"\r\n     data-ad-format=\"auto\"\r\n     data-full-width-responsive=\"true\"><\/ins>\r\n<script>\r\n     (adsbygoogle = window.adsbygoogle || []).push({});\r\n<\/script>\n<\/div>\n<p><strong>Casa Puerta a M\u00e9rida<\/strong> (M\u00e9rida, Yucat\u00e1n, M\u00e9xico) por <strong>Taller Estilo Arquitectura<\/strong>. \u00a1Los \u00e1rboles se quedan! Frase con la que inicia la primera entrevista con los usuarios en el terreno, un par de cruj\u00edas preexistentes, la primera con un tejaban manchado de holl\u00edn en donde apenas se percib\u00eda el color del barro de las tejas y la segunda, apenas si se pod\u00eda sostener recubierta con l\u00e1minas de metal. El espacio restante del terreno se encontraba lleno de maleza y tres \u00e1rboles que bien sab\u00edamos desde el principio jugar\u00edan un papel importante al momento de la distribuci\u00f3n del proyecto.<\/p>\n<div id='gallery-1' class='gallery galleryid-57290 gallery-columns-3 gallery-size-thumbnail'><figure class='gallery-item'>\n\t\t\t<div class='gallery-icon landscape'>\n\t\t\t\t<a href='https:\/\/www.arquimaster.com.ar\/web\/wp-content\/uploads\/2020\/07\/casa_puerta_a_merida1.jpg' title=\"Casa Puerta a M\u00e9rida \/ Taller Estilo Arquitectura (\u00a9 Tamara Uribe)\" data-rl_title=\"Casa Puerta a M\u00e9rida \/ Taller Estilo Arquitectura (\u00a9 Tamara Uribe)\" class=\"rl-gallery-link\" data-rl_caption=\"Casa Puerta a M\u00e9rida \/ Taller Estilo Arquitectura (\u00a9 Tamara Uribe)\" data-rel=\"lightbox-gallery-1\"><img loading=\"lazy\" decoding=\"async\" width=\"150\" height=\"150\" src=\"https:\/\/www.arquimaster.com.ar\/web\/wp-content\/uploads\/2020\/07\/casa_puerta_a_merida1-150x150.jpg\" class=\"attachment-thumbnail size-thumbnail\" alt=\"\" aria-describedby=\"gallery-1-57292\" \/><\/a>\n\t\t\t<\/div>\n\t\t\t\t<figcaption class='wp-caption-text gallery-caption' id='gallery-1-57292'>\n\t\t\t\tCasa Puerta a M\u00e9rida \/ Taller Estilo Arquitectura (\u00a9 Tamara Uribe)\n\t\t\t\t<\/figcaption><\/figure><figure class='gallery-item'>\n\t\t\t<div class='gallery-icon landscape'>\n\t\t\t\t<a href='https:\/\/www.arquimaster.com.ar\/web\/wp-content\/uploads\/2020\/07\/casa_puerta_a_merida2.jpg' title=\"Casa Puerta a M\u00e9rida \/ Taller Estilo Arquitectura (\u00a9 Tamara Uribe)\" data-rl_title=\"Casa Puerta a M\u00e9rida \/ Taller Estilo Arquitectura (\u00a9 Tamara Uribe)\" class=\"rl-gallery-link\" data-rl_caption=\"Casa Puerta a M\u00e9rida \/ Taller Estilo Arquitectura (\u00a9 Tamara Uribe)\" data-rel=\"lightbox-gallery-1\"><img loading=\"lazy\" decoding=\"async\" width=\"150\" height=\"150\" src=\"https:\/\/www.arquimaster.com.ar\/web\/wp-content\/uploads\/2020\/07\/casa_puerta_a_merida2-150x150.jpg\" class=\"attachment-thumbnail size-thumbnail\" alt=\"\" aria-describedby=\"gallery-1-57293\" \/><\/a>\n\t\t\t<\/div>\n\t\t\t\t<figcaption class='wp-caption-text gallery-caption' id='gallery-1-57293'>\n\t\t\t\tCasa Puerta a M\u00e9rida \/ Taller Estilo Arquitectura (\u00a9 Tamara Uribe)\n\t\t\t\t<\/figcaption><\/figure><figure class='gallery-item'>\n\t\t\t<div class='gallery-icon landscape'>\n\t\t\t\t<a href='https:\/\/www.arquimaster.com.ar\/web\/wp-content\/uploads\/2020\/07\/casa_puerta_a_merida3.jpg' title=\"Casa Puerta a M\u00e9rida \/ Taller Estilo Arquitectura (\u00a9 Tamara Uribe)\" data-rl_title=\"Casa Puerta a M\u00e9rida \/ Taller Estilo Arquitectura (\u00a9 Tamara Uribe)\" class=\"rl-gallery-link\" data-rl_caption=\"Casa Puerta a M\u00e9rida \/ Taller Estilo Arquitectura (\u00a9 Tamara Uribe)\" data-rel=\"lightbox-gallery-1\"><img loading=\"lazy\" decoding=\"async\" width=\"150\" height=\"150\" src=\"https:\/\/www.arquimaster.com.ar\/web\/wp-content\/uploads\/2020\/07\/casa_puerta_a_merida3-150x150.jpg\" class=\"attachment-thumbnail size-thumbnail\" alt=\"\" aria-describedby=\"gallery-1-57294\" \/><\/a>\n\t\t\t<\/div>\n\t\t\t\t<figcaption class='wp-caption-text gallery-caption' id='gallery-1-57294'>\n\t\t\t\tCasa Puerta a M\u00e9rida \/ Taller Estilo Arquitectura (\u00a9 Tamara Uribe)\n\t\t\t\t<\/figcaption><\/figure><figure class='gallery-item'>\n\t\t\t<div class='gallery-icon landscape'>\n\t\t\t\t<a href='https:\/\/www.arquimaster.com.ar\/web\/wp-content\/uploads\/2020\/07\/casa_puerta_a_merida4.jpg' title=\"Casa Puerta a M\u00e9rida \/ Taller Estilo Arquitectura (\u00a9 Tamara Uribe)\" data-rl_title=\"Casa Puerta a M\u00e9rida \/ Taller Estilo Arquitectura (\u00a9 Tamara Uribe)\" class=\"rl-gallery-link\" data-rl_caption=\"Casa Puerta a M\u00e9rida \/ Taller Estilo Arquitectura (\u00a9 Tamara Uribe)\" data-rel=\"lightbox-gallery-1\"><img loading=\"lazy\" decoding=\"async\" width=\"150\" height=\"150\" src=\"https:\/\/www.arquimaster.com.ar\/web\/wp-content\/uploads\/2020\/07\/casa_puerta_a_merida4-150x150.jpg\" class=\"attachment-thumbnail size-thumbnail\" alt=\"\" aria-describedby=\"gallery-1-57295\" \/><\/a>\n\t\t\t<\/div>\n\t\t\t\t<figcaption class='wp-caption-text gallery-caption' id='gallery-1-57295'>\n\t\t\t\tCasa Puerta a M\u00e9rida \/ Taller Estilo Arquitectura (\u00a9 Tamara Uribe)\n\t\t\t\t<\/figcaption><\/figure><figure class='gallery-item'>\n\t\t\t<div class='gallery-icon portrait'>\n\t\t\t\t<a href='https:\/\/www.arquimaster.com.ar\/web\/wp-content\/uploads\/2020\/07\/casa_puerta_a_merida5.jpg' title=\"Casa Puerta a M\u00e9rida \/ Taller Estilo Arquitectura (\u00a9 Tamara Uribe)\" data-rl_title=\"Casa Puerta a M\u00e9rida \/ Taller Estilo Arquitectura (\u00a9 Tamara Uribe)\" class=\"rl-gallery-link\" data-rl_caption=\"Casa Puerta a M\u00e9rida \/ Taller Estilo Arquitectura (\u00a9 Tamara Uribe)\" data-rel=\"lightbox-gallery-1\"><img loading=\"lazy\" decoding=\"async\" width=\"150\" height=\"150\" src=\"https:\/\/www.arquimaster.com.ar\/web\/wp-content\/uploads\/2020\/07\/casa_puerta_a_merida5-150x150.jpg\" class=\"attachment-thumbnail size-thumbnail\" alt=\"\" aria-describedby=\"gallery-1-57296\" \/><\/a>\n\t\t\t<\/div>\n\t\t\t\t<figcaption class='wp-caption-text gallery-caption' id='gallery-1-57296'>\n\t\t\t\tCasa Puerta a M\u00e9rida \/ Taller Estilo Arquitectura (\u00a9 Tamara Uribe)\n\t\t\t\t<\/figcaption><\/figure><figure class='gallery-item'>\n\t\t\t<div class='gallery-icon landscape'>\n\t\t\t\t<a href='https:\/\/www.arquimaster.com.ar\/web\/wp-content\/uploads\/2020\/07\/casa_puerta_a_merida6.jpg' title=\"Casa Puerta a M\u00e9rida \/ Taller Estilo Arquitectura (\u00a9 Tamara Uribe)\" data-rl_title=\"Casa Puerta a M\u00e9rida \/ Taller Estilo Arquitectura (\u00a9 Tamara Uribe)\" class=\"rl-gallery-link\" data-rl_caption=\"Casa Puerta a M\u00e9rida \/ Taller Estilo Arquitectura (\u00a9 Tamara Uribe)\" data-rel=\"lightbox-gallery-1\"><img loading=\"lazy\" decoding=\"async\" width=\"150\" height=\"150\" src=\"https:\/\/www.arquimaster.com.ar\/web\/wp-content\/uploads\/2020\/07\/casa_puerta_a_merida6-150x150.jpg\" class=\"attachment-thumbnail size-thumbnail\" alt=\"\" aria-describedby=\"gallery-1-57297\" \/><\/a>\n\t\t\t<\/div>\n\t\t\t\t<figcaption class='wp-caption-text gallery-caption' id='gallery-1-57297'>\n\t\t\t\tCasa Puerta a M\u00e9rida \/ Taller Estilo Arquitectura (\u00a9 Tamara Uribe)\n\t\t\t\t<\/figcaption><\/figure><figure class='gallery-item'>\n\t\t\t<div class='gallery-icon landscape'>\n\t\t\t\t<a href='https:\/\/www.arquimaster.com.ar\/web\/wp-content\/uploads\/2020\/07\/casa_puerta_a_merida7.jpg' title=\"Casa Puerta a M\u00e9rida \/ Taller Estilo Arquitectura (\u00a9 Tamara Uribe)\" data-rl_title=\"Casa Puerta a M\u00e9rida \/ Taller Estilo Arquitectura (\u00a9 Tamara Uribe)\" class=\"rl-gallery-link\" data-rl_caption=\"Casa Puerta a M\u00e9rida \/ Taller Estilo Arquitectura (\u00a9 Tamara Uribe)\" data-rel=\"lightbox-gallery-1\"><img loading=\"lazy\" decoding=\"async\" width=\"150\" height=\"150\" src=\"https:\/\/www.arquimaster.com.ar\/web\/wp-content\/uploads\/2020\/07\/casa_puerta_a_merida7-150x150.jpg\" class=\"attachment-thumbnail size-thumbnail\" alt=\"\" aria-describedby=\"gallery-1-57298\" \/><\/a>\n\t\t\t<\/div>\n\t\t\t\t<figcaption class='wp-caption-text gallery-caption' id='gallery-1-57298'>\n\t\t\t\tCasa Puerta a M\u00e9rida \/ Taller Estilo Arquitectura (\u00a9 Tamara Uribe)\n\t\t\t\t<\/figcaption><\/figure><figure class='gallery-item'>\n\t\t\t<div class='gallery-icon landscape'>\n\t\t\t\t<a href='https:\/\/www.arquimaster.com.ar\/web\/wp-content\/uploads\/2020\/07\/casa_puerta_a_merida8.jpg' title=\"Casa Puerta a M\u00e9rida \/ Taller Estilo Arquitectura (\u00a9 Tamara Uribe)\" data-rl_title=\"Casa Puerta a M\u00e9rida \/ Taller Estilo Arquitectura (\u00a9 Tamara Uribe)\" class=\"rl-gallery-link\" data-rl_caption=\"Casa Puerta a M\u00e9rida \/ Taller Estilo Arquitectura (\u00a9 Tamara Uribe)\" data-rel=\"lightbox-gallery-1\"><img loading=\"lazy\" decoding=\"async\" width=\"150\" height=\"150\" src=\"https:\/\/www.arquimaster.com.ar\/web\/wp-content\/uploads\/2020\/07\/casa_puerta_a_merida8-150x150.jpg\" class=\"attachment-thumbnail size-thumbnail\" alt=\"\" aria-describedby=\"gallery-1-57299\" \/><\/a>\n\t\t\t<\/div>\n\t\t\t\t<figcaption class='wp-caption-text gallery-caption' id='gallery-1-57299'>\n\t\t\t\tCasa Puerta a M\u00e9rida \/ Taller Estilo Arquitectura (\u00a9 Tamara Uribe)\n\t\t\t\t<\/figcaption><\/figure><figure class='gallery-item'>\n\t\t\t<div class='gallery-icon portrait'>\n\t\t\t\t<a href='https:\/\/www.arquimaster.com.ar\/web\/wp-content\/uploads\/2020\/07\/casa_puerta_a_merida9.jpg' title=\"Casa Puerta a M\u00e9rida \/ Taller Estilo Arquitectura (\u00a9 Tamara Uribe)\" data-rl_title=\"Casa Puerta a M\u00e9rida \/ Taller Estilo Arquitectura (\u00a9 Tamara Uribe)\" class=\"rl-gallery-link\" data-rl_caption=\"Casa Puerta a M\u00e9rida \/ Taller Estilo Arquitectura (\u00a9 Tamara Uribe)\" data-rel=\"lightbox-gallery-1\"><img loading=\"lazy\" decoding=\"async\" width=\"150\" height=\"150\" src=\"https:\/\/www.arquimaster.com.ar\/web\/wp-content\/uploads\/2020\/07\/casa_puerta_a_merida9-150x150.jpg\" class=\"attachment-thumbnail size-thumbnail\" alt=\"\" aria-describedby=\"gallery-1-57300\" \/><\/a>\n\t\t\t<\/div>\n\t\t\t\t<figcaption class='wp-caption-text gallery-caption' id='gallery-1-57300'>\n\t\t\t\tCasa Puerta a M\u00e9rida \/ Taller Estilo Arquitectura (\u00a9 Tamara Uribe)\n\t\t\t\t<\/figcaption><\/figure><figure class='gallery-item'>\n\t\t\t<div class='gallery-icon landscape'>\n\t\t\t\t<a href='https:\/\/www.arquimaster.com.ar\/web\/wp-content\/uploads\/2020\/07\/casa_puerta_a_merida10.jpg' title=\"Casa Puerta a M\u00e9rida \/ Taller Estilo Arquitectura (\u00a9 Tamara Uribe)\" data-rl_title=\"Casa Puerta a M\u00e9rida \/ Taller Estilo Arquitectura (\u00a9 Tamara Uribe)\" class=\"rl-gallery-link\" data-rl_caption=\"Casa Puerta a M\u00e9rida \/ Taller Estilo Arquitectura (\u00a9 Tamara Uribe)\" data-rel=\"lightbox-gallery-1\"><img loading=\"lazy\" decoding=\"async\" width=\"150\" height=\"150\" src=\"https:\/\/www.arquimaster.com.ar\/web\/wp-content\/uploads\/2020\/07\/casa_puerta_a_merida10-150x150.jpg\" class=\"attachment-thumbnail size-thumbnail\" alt=\"\" aria-describedby=\"gallery-1-57301\" \/><\/a>\n\t\t\t<\/div>\n\t\t\t\t<figcaption class='wp-caption-text gallery-caption' id='gallery-1-57301'>\n\t\t\t\tCasa Puerta a M\u00e9rida \/ Taller Estilo Arquitectura (\u00a9 Tamara Uribe)\n\t\t\t\t<\/figcaption><\/figure><figure class='gallery-item'>\n\t\t\t<div class='gallery-icon landscape'>\n\t\t\t\t<a href='https:\/\/www.arquimaster.com.ar\/web\/wp-content\/uploads\/2020\/07\/casa_puerta_a_merida11.jpg' title=\"Casa Puerta a M\u00e9rida \/ Taller Estilo Arquitectura (\u00a9 Tamara Uribe)\" data-rl_title=\"Casa Puerta a M\u00e9rida \/ Taller Estilo Arquitectura (\u00a9 Tamara Uribe)\" class=\"rl-gallery-link\" data-rl_caption=\"Casa Puerta a M\u00e9rida \/ Taller Estilo Arquitectura (\u00a9 Tamara Uribe)\" data-rel=\"lightbox-gallery-1\"><img loading=\"lazy\" decoding=\"async\" width=\"150\" height=\"150\" src=\"https:\/\/www.arquimaster.com.ar\/web\/wp-content\/uploads\/2020\/07\/casa_puerta_a_merida11-150x150.jpg\" class=\"attachment-thumbnail size-thumbnail\" alt=\"\" aria-describedby=\"gallery-1-57302\" \/><\/a>\n\t\t\t<\/div>\n\t\t\t\t<figcaption class='wp-caption-text gallery-caption' id='gallery-1-57302'>\n\t\t\t\tCasa Puerta a M\u00e9rida \/ Taller Estilo Arquitectura (\u00a9 Tamara Uribe)\n\t\t\t\t<\/figcaption><\/figure><figure class='gallery-item'>\n\t\t\t<div class='gallery-icon portrait'>\n\t\t\t\t<a href='https:\/\/www.arquimaster.com.ar\/web\/wp-content\/uploads\/2020\/07\/casa_puerta_a_merida12.jpg' title=\"Casa Puerta a M\u00e9rida \/ Taller Estilo Arquitectura (\u00a9 Tamara Uribe)\" data-rl_title=\"Casa Puerta a M\u00e9rida \/ Taller Estilo Arquitectura (\u00a9 Tamara Uribe)\" class=\"rl-gallery-link\" data-rl_caption=\"Casa Puerta a M\u00e9rida \/ Taller Estilo Arquitectura (\u00a9 Tamara Uribe)\" data-rel=\"lightbox-gallery-1\"><img loading=\"lazy\" decoding=\"async\" width=\"150\" height=\"150\" src=\"https:\/\/www.arquimaster.com.ar\/web\/wp-content\/uploads\/2020\/07\/casa_puerta_a_merida12-150x150.jpg\" class=\"attachment-thumbnail size-thumbnail\" alt=\"\" aria-describedby=\"gallery-1-57303\" \/><\/a>\n\t\t\t<\/div>\n\t\t\t\t<figcaption class='wp-caption-text gallery-caption' id='gallery-1-57303'>\n\t\t\t\tCasa Puerta a M\u00e9rida \/ Taller Estilo Arquitectura (\u00a9 Tamara Uribe)\n\t\t\t\t<\/figcaption><\/figure><figure class='gallery-item'>\n\t\t\t<div class='gallery-icon landscape'>\n\t\t\t\t<a href='https:\/\/www.arquimaster.com.ar\/web\/wp-content\/uploads\/2020\/07\/casa_puerta_a_merida13.jpg' title=\"Casa Puerta a M\u00e9rida \/ Taller Estilo Arquitectura (planta)\" data-rl_title=\"Casa Puerta a M\u00e9rida \/ Taller Estilo Arquitectura (planta)\" class=\"rl-gallery-link\" data-rl_caption=\"Casa Puerta a M\u00e9rida \/ Taller Estilo Arquitectura (planta)\" data-rel=\"lightbox-gallery-1\"><img loading=\"lazy\" decoding=\"async\" width=\"150\" height=\"150\" src=\"https:\/\/www.arquimaster.com.ar\/web\/wp-content\/uploads\/2020\/07\/casa_puerta_a_merida13-150x150.jpg\" class=\"attachment-thumbnail size-thumbnail\" alt=\"\" aria-describedby=\"gallery-1-57304\" \/><\/a>\n\t\t\t<\/div>\n\t\t\t\t<figcaption class='wp-caption-text gallery-caption' id='gallery-1-57304'>\n\t\t\t\tCasa Puerta a M\u00e9rida \/ Taller Estilo Arquitectura (planta)\n\t\t\t\t<\/figcaption><\/figure><figure class='gallery-item'>\n\t\t\t<div class='gallery-icon landscape'>\n\t\t\t\t<a href='https:\/\/www.arquimaster.com.ar\/web\/wp-content\/uploads\/2020\/07\/casa_puerta_a_merida14.jpg' title=\"Casa Puerta a M\u00e9rida \/ Taller Estilo Arquitectura (corte)\" data-rl_title=\"Casa Puerta a M\u00e9rida \/ Taller Estilo Arquitectura (corte)\" class=\"rl-gallery-link\" data-rl_caption=\"Casa Puerta a M\u00e9rida \/ Taller Estilo Arquitectura (corte)\" data-rel=\"lightbox-gallery-1\"><img loading=\"lazy\" decoding=\"async\" width=\"150\" height=\"150\" src=\"https:\/\/www.arquimaster.com.ar\/web\/wp-content\/uploads\/2020\/07\/casa_puerta_a_merida14-150x150.jpg\" class=\"attachment-thumbnail size-thumbnail\" alt=\"\" aria-describedby=\"gallery-1-57305\" \/><\/a>\n\t\t\t<\/div>\n\t\t\t\t<figcaption class='wp-caption-text gallery-caption' id='gallery-1-57305'>\n\t\t\t\tCasa Puerta a M\u00e9rida \/ Taller Estilo Arquitectura (corte)\n\t\t\t\t<\/figcaption><\/figure><figure class='gallery-item'>\n\t\t\t<div class='gallery-icon landscape'>\n\t\t\t\t<a href='https:\/\/www.arquimaster.com.ar\/web\/wp-content\/uploads\/2020\/07\/casa_puerta_a_merida15.jpg' title=\"Casa Puerta a M\u00e9rida \/ Taller Estilo Arquitectura (corte)\" data-rl_title=\"Casa Puerta a M\u00e9rida \/ Taller Estilo Arquitectura (corte)\" class=\"rl-gallery-link\" data-rl_caption=\"Casa Puerta a M\u00e9rida \/ Taller Estilo Arquitectura (corte)\" data-rel=\"lightbox-gallery-1\"><img loading=\"lazy\" decoding=\"async\" width=\"150\" height=\"150\" src=\"https:\/\/www.arquimaster.com.ar\/web\/wp-content\/uploads\/2020\/07\/casa_puerta_a_merida15-150x150.jpg\" class=\"attachment-thumbnail size-thumbnail\" alt=\"\" aria-describedby=\"gallery-1-57306\" \/><\/a>\n\t\t\t<\/div>\n\t\t\t\t<figcaption class='wp-caption-text gallery-caption' id='gallery-1-57306'>\n\t\t\t\tCasa Puerta a M\u00e9rida \/ Taller Estilo Arquitectura (corte)\n\t\t\t\t<\/figcaption><\/figure><figure class='gallery-item'>\n\t\t\t<div class='gallery-icon portrait'>\n\t\t\t\t<a href='https:\/\/www.arquimaster.com.ar\/web\/wp-content\/uploads\/2020\/07\/casa_puerta_a_merida16.jpg' title=\"Casa Puerta a M\u00e9rida \/ Taller Estilo Arquitectura (corte)\" data-rl_title=\"Casa Puerta a M\u00e9rida \/ Taller Estilo Arquitectura (corte)\" class=\"rl-gallery-link\" data-rl_caption=\"Casa Puerta a M\u00e9rida \/ Taller Estilo Arquitectura (corte)\" data-rel=\"lightbox-gallery-1\"><img loading=\"lazy\" decoding=\"async\" width=\"150\" height=\"150\" src=\"https:\/\/www.arquimaster.com.ar\/web\/wp-content\/uploads\/2020\/07\/casa_puerta_a_merida16-150x150.jpg\" class=\"attachment-thumbnail size-thumbnail\" alt=\"\" aria-describedby=\"gallery-1-57307\" \/><\/a>\n\t\t\t<\/div>\n\t\t\t\t<figcaption class='wp-caption-text gallery-caption' id='gallery-1-57307'>\n\t\t\t\tCasa Puerta a M\u00e9rida \/ Taller Estilo Arquitectura (corte)\n\t\t\t\t<\/figcaption><\/figure><figure class='gallery-item'>\n\t\t\t<div class='gallery-icon portrait'>\n\t\t\t\t<a href='https:\/\/www.arquimaster.com.ar\/web\/wp-content\/uploads\/2020\/07\/casa_puerta_a_merida17.jpg' title=\"Casa Puerta a M\u00e9rida \/ Taller Estilo Arquitectura (corte)\" data-rl_title=\"Casa Puerta a M\u00e9rida \/ Taller Estilo Arquitectura (corte)\" class=\"rl-gallery-link\" data-rl_caption=\"Casa Puerta a M\u00e9rida \/ Taller Estilo Arquitectura (corte)\" data-rel=\"lightbox-gallery-1\"><img loading=\"lazy\" decoding=\"async\" width=\"150\" height=\"150\" src=\"https:\/\/www.arquimaster.com.ar\/web\/wp-content\/uploads\/2020\/07\/casa_puerta_a_merida17-150x150.jpg\" class=\"attachment-thumbnail size-thumbnail\" alt=\"\" aria-describedby=\"gallery-1-57308\" \/><\/a>\n\t\t\t<\/div>\n\t\t\t\t<figcaption class='wp-caption-text gallery-caption' id='gallery-1-57308'>\n\t\t\t\tCasa Puerta a M\u00e9rida \/ Taller Estilo Arquitectura (corte)\n\t\t\t\t<\/figcaption><\/figure><figure class='gallery-item'>\n\t\t\t<div class='gallery-icon portrait'>\n\t\t\t\t<a href='https:\/\/www.arquimaster.com.ar\/web\/wp-content\/uploads\/2020\/07\/casa_puerta_a_merida18.jpg' title=\"Casa Puerta a M\u00e9rida \/ Taller Estilo Arquitectura (corte)\" data-rl_title=\"Casa Puerta a M\u00e9rida \/ Taller Estilo Arquitectura (corte)\" class=\"rl-gallery-link\" data-rl_caption=\"Casa Puerta a M\u00e9rida \/ Taller Estilo Arquitectura (corte)\" data-rel=\"lightbox-gallery-1\"><img loading=\"lazy\" decoding=\"async\" width=\"150\" height=\"150\" src=\"https:\/\/www.arquimaster.com.ar\/web\/wp-content\/uploads\/2020\/07\/casa_puerta_a_merida18-150x150.jpg\" class=\"attachment-thumbnail size-thumbnail\" alt=\"\" aria-describedby=\"gallery-1-57309\" \/><\/a>\n\t\t\t<\/div>\n\t\t\t\t<figcaption class='wp-caption-text gallery-caption' id='gallery-1-57309'>\n\t\t\t\tCasa Puerta a M\u00e9rida \/ Taller Estilo Arquitectura (corte)\n\t\t\t\t<\/figcaption><\/figure><figure class='gallery-item'>\n\t\t\t<div class='gallery-icon portrait'>\n\t\t\t\t<a href='https:\/\/www.arquimaster.com.ar\/web\/wp-content\/uploads\/2020\/07\/casa_puerta_a_merida19.jpg' title=\"Casa Puerta a M\u00e9rida \/ Taller Estilo Arquitectura (corte)\" data-rl_title=\"Casa Puerta a M\u00e9rida \/ Taller Estilo Arquitectura (corte)\" class=\"rl-gallery-link\" data-rl_caption=\"Casa Puerta a M\u00e9rida \/ Taller Estilo Arquitectura (corte)\" data-rel=\"lightbox-gallery-1\"><img loading=\"lazy\" decoding=\"async\" width=\"150\" height=\"150\" src=\"https:\/\/www.arquimaster.com.ar\/web\/wp-content\/uploads\/2020\/07\/casa_puerta_a_merida19-150x150.jpg\" class=\"attachment-thumbnail size-thumbnail\" alt=\"\" aria-describedby=\"gallery-1-57310\" \/><\/a>\n\t\t\t<\/div>\n\t\t\t\t<figcaption class='wp-caption-text gallery-caption' id='gallery-1-57310'>\n\t\t\t\tCasa Puerta a M\u00e9rida \/ Taller Estilo Arquitectura (corte)\n\t\t\t\t<\/figcaption><\/figure><figure class='gallery-item'>\n\t\t\t<div class='gallery-icon portrait'>\n\t\t\t\t<a href='https:\/\/www.arquimaster.com.ar\/web\/wp-content\/uploads\/2020\/07\/casa_puerta_a_merida20.jpg' title=\"Casa Puerta a M\u00e9rida \/ Taller Estilo Arquitectura (corte)\" data-rl_title=\"Casa Puerta a M\u00e9rida \/ Taller Estilo Arquitectura (corte)\" class=\"rl-gallery-link\" data-rl_caption=\"Casa Puerta a M\u00e9rida \/ Taller Estilo Arquitectura (corte)\" data-rel=\"lightbox-gallery-1\"><img loading=\"lazy\" decoding=\"async\" width=\"150\" height=\"150\" src=\"https:\/\/www.arquimaster.com.ar\/web\/wp-content\/uploads\/2020\/07\/casa_puerta_a_merida20-150x150.jpg\" class=\"attachment-thumbnail size-thumbnail\" alt=\"\" aria-describedby=\"gallery-1-57311\" \/><\/a>\n\t\t\t<\/div>\n\t\t\t\t<figcaption class='wp-caption-text gallery-caption' id='gallery-1-57311'>\n\t\t\t\tCasa Puerta a M\u00e9rida \/ Taller Estilo Arquitectura (corte)\n\t\t\t\t<\/figcaption><\/figure><figure class='gallery-item'>\n\t\t\t<div class='gallery-icon portrait'>\n\t\t\t\t<a href='https:\/\/www.arquimaster.com.ar\/web\/wp-content\/uploads\/2020\/07\/casa_puerta_a_merida21.jpg' title=\"Casa Puerta a M\u00e9rida \/ Taller Estilo Arquitectura (corte)\" data-rl_title=\"Casa Puerta a M\u00e9rida \/ Taller Estilo Arquitectura (corte)\" class=\"rl-gallery-link\" data-rl_caption=\"Casa Puerta a M\u00e9rida \/ Taller Estilo Arquitectura (corte)\" data-rel=\"lightbox-gallery-1\"><img loading=\"lazy\" decoding=\"async\" width=\"150\" height=\"150\" src=\"https:\/\/www.arquimaster.com.ar\/web\/wp-content\/uploads\/2020\/07\/casa_puerta_a_merida21-150x150.jpg\" class=\"attachment-thumbnail size-thumbnail\" alt=\"\" aria-describedby=\"gallery-1-57312\" \/><\/a>\n\t\t\t<\/div>\n\t\t\t\t<figcaption class='wp-caption-text gallery-caption' id='gallery-1-57312'>\n\t\t\t\tCasa Puerta a M\u00e9rida \/ Taller Estilo Arquitectura (corte)\n\t\t\t\t<\/figcaption><\/figure><figure class='gallery-item'>\n\t\t\t<div class='gallery-icon portrait'>\n\t\t\t\t<a href='https:\/\/www.arquimaster.com.ar\/web\/wp-content\/uploads\/2020\/07\/casa_puerta_a_merida22.jpg' title=\"Casa Puerta a M\u00e9rida \/ Taller Estilo Arquitectura (fachada)\" data-rl_title=\"Casa Puerta a M\u00e9rida \/ Taller Estilo Arquitectura (fachada)\" class=\"rl-gallery-link\" data-rl_caption=\"Casa Puerta a M\u00e9rida \/ Taller Estilo Arquitectura (fachada)\" data-rel=\"lightbox-gallery-1\"><img loading=\"lazy\" decoding=\"async\" width=\"150\" height=\"150\" src=\"https:\/\/www.arquimaster.com.ar\/web\/wp-content\/uploads\/2020\/07\/casa_puerta_a_merida22-150x150.jpg\" class=\"attachment-thumbnail size-thumbnail\" alt=\"\" aria-describedby=\"gallery-1-57313\" \/><\/a>\n\t\t\t<\/div>\n\t\t\t\t<figcaption class='wp-caption-text gallery-caption' id='gallery-1-57313'>\n\t\t\t\tCasa Puerta a M\u00e9rida \/ Taller Estilo Arquitectura (fachada)\n\t\t\t\t<\/figcaption><\/figure>\n\t\t<\/div>\n\n<p>Un \u00e1rbol de Ram\u00f3n, uno de Pixoy configuran el espacio exterior de la terraza con piscina y una Ceiba que, por su tama\u00f1o, se muestra como la madre protectora de la vivienda dentro de las proporciones del terreno.<\/p>\n<p>La rehabilitaci\u00f3n de la fachada que protege al tejaban sugiere el acceso principal en donde se alberga la Sala y vest\u00edbulo de la casa con la intenci\u00f3n de destacar los rasgos caracter\u00edsticos de la construcci\u00f3n original y acoger un uso adecuado a nuestro proyecto; un receso antes de llegar a las \u00e1reas comunes las conforma un peque\u00f1o jard\u00edn central que ayudara a los espacios de servicios a pasar desapercibidos.<\/p>\n<p>Las nuevas extensiones de la casa como la cocina, comedor y recamaras se concibieron como vol\u00famenes simples buscando siempre que se definan tect\u00f3nicamente para complementar y coexistir con el edificio existente.<\/p>\n<p>Todos los espacios nuevos de la vivienda fueron tratados de tal manera que permitan la m\u00e1xima captaci\u00f3n de luz y viento en el interior, mientras conservan su apariencia monol\u00edtica desde exterior en relaci\u00f3n con el edificio antiguo.<\/p>\n<p>Con la intenci\u00f3n de relacionar todos los espacios ordenadores del proyecto como pasillos, terrazas, jardines exteriores y patios interiores se conectaron directamente todas las habitaciones de la vivienda, permitiendo la continuidad espacial de las mismas entre s\u00ed y hacia el exterior gracias a los amplios ventanales y las terrazas.<\/p>\n<p>La integridad de los vol\u00famenes de cemento blanco en combinaci\u00f3n con la madera y los pasillos de cemento rojo pigmentado logran un contraste en la materialidad del conjunto otorg\u00e1ndole a la vivienda un car\u00e1cter abierto y desahogado.<\/p>\n<p>El resultado es un proyecto aut\u00e9ntico en la que se han respetado los rasgos caracter\u00edsticos del edificio resaltando la tradici\u00f3n de la construcci\u00f3n en la ciudad, pero adapt\u00e1ndola a un uso actual.<\/p>\n<p><strong>Ficha t\u00e9cnica<\/strong><br \/>\nNombre: Casa Puerta a M\u00e9rida<br \/>\nUbicaci\u00f3n: Calle 78 n\u00famero 484 B por 55 y 57 Colonia Centro, M\u00e9rida, Yucat\u00e1n, M\u00e9xico<br \/>\nArquitectura: Taller Estilo Arquitectura S. de R. L. de C. V.<br \/>\nArq. V\u00edctor Alejandro Cruz Dom\u00ednguez, Arq. Iv\u00e1n Atahualpa Hern\u00e1ndez Salazar, Arq. Lu\u00eds Armando Estrada Aguilar<br \/>\nConstrucci\u00f3n: Ing. Juan Diaz Cab, Arq. Carlos Canto Trujillo<br \/>\nColaboradores: Arq. Silvia Cuit\u00fan Coronado, Arq. Daniel Rivera Arjona, Arq. Jorge Escalante Chan, Arq. Adri\u00e1n Morales Ram\u00edrez<br \/>\n\u00c1rea de construcci\u00f3n: 232 m2<br \/>\nA\u00f1o: 2019<br \/>\nFotograf\u00eda: Tamara Uribe, Marina Guzm\u00e1n<\/p>\n<p><strong>Contacto<\/strong><br \/>\n<a href=\"http:\/\/www.tallerestiloarquitectura.com\" target=\"_blank\" rel=\"noopener noreferrer\">http:\/\/www.tallerestiloarquitectura.com<\/a><br \/>\nInstagram: Taller Estilo Arquitectura<br \/>\nTwitter: @Estiloarquitect<br \/>\nFacebook: Taller Estilo Arquitectura<\/p>\n\n<div style=\"font-size: 0px; height: 0px; line-height: 0px; margin: 0; padding: 0; clear: both;\"><\/div><div style=\"margin-top: 0px; margin-bottom: 0px;\" class=\"sharethis-inline-share-buttons\" ><\/div>","protected":false},"excerpt":{"rendered":"<p>Se han respetado los rasgos caracter\u00edsticos del edificio resaltando la tradici\u00f3n&#8230;<\/p>\n","protected":false},"author":1,"featured_media":57291,"comment_status":"closed","ping_status":"closed","sticky":false,"template":"","format":"standard","meta":{"_uag_custom_page_level_css":"","footnotes":""},"categories":[1,83],"tags":[4565,4566,3256,24,1706,680,4563,4564,254],"class_list":["post-57290","post","type-post","status-publish","format-standard","has-post-thumbnail","hentry","category-proyecto","category-vivienda-unifamiliar","tag-ivan-atahualpa-hernandez-salazar","tag-luis-armando-estrada-aguilar","tag-merida","tag-mexico","tag-refaccion","tag-rehabilitacion","tag-taller-estilo-arquitectura","tag-victor-alejandro-cruz-dominguez","tag-vivienda-unifamiliar-2","generate-columns","tablet-grid-50","mobile-grid-100","grid-parent","grid-50"],"yoast_head":"<!-- This site is optimized with the Yoast SEO plugin v27.3 - https:\/\/yoast.com\/product\/yoast-seo-wordpress\/ -->\n<title>Casa Puerta a M\u00e9rida \/ Taller Estilo Arquitectura - Arquimaster<\/title>\n<meta name=\"description\" content=\"Se han respetado los rasgos caracter\u00edsticos del edificio resaltando la tradici\u00f3n de la construcci\u00f3n en la ciudad, pero adapt\u00e1ndola a un uso actual.\" \/>\n<meta name=\"robots\" content=\"index, follow, max-snippet:-1, max-image-preview:large, max-video-preview:-1\" \/>\n<link rel=\"canonical\" href=\"https:\/\/www.arquimaster.com.ar\/web\/casa-puerta-a-merida-taller-estilo-arquitectura\/\" \/>\n<meta property=\"og:locale\" content=\"es_ES\" \/>\n<meta property=\"og:type\" content=\"article\" \/>\n<meta property=\"og:title\" content=\"Casa Puerta a M\u00e9rida \/ Taller Estilo Arquitectura\" \/>\n<meta property=\"og:description\" content=\"Se han respetado los rasgos caracter\u00edsticos del edificio resaltando la tradici\u00f3n de la construcci\u00f3n en la ciudad, pero adapt\u00e1ndola a un uso actual.\" \/>\n<meta property=\"og:url\" content=\"https:\/\/www.arquimaster.com.ar\/web\/casa-puerta-a-merida-taller-estilo-arquitectura\/\" \/>\n<meta property=\"og:site_name\" content=\"Arquimaster\" \/>\n<meta property=\"article:publisher\" content=\"http:\/\/www.facebook.com\/ARQUIMASTER.com.ar\" \/>\n<meta property=\"article:published_time\" content=\"2020-07-10T02:51:36+00:00\" \/>\n<meta property=\"article:modified_time\" content=\"2020-07-12T17:48:43+00:00\" \/>\n<meta property=\"og:image\" content=\"https:\/\/www.arquimaster.com.ar\/web\/wp-content\/uploads\/2020\/07\/casa_puerta_a_merida_slide.jpg\" \/>\n\t<meta property=\"og:image:width\" content=\"698\" \/>\n\t<meta property=\"og:image:height\" content=\"364\" \/>\n\t<meta property=\"og:image:type\" content=\"image\/jpeg\" \/>\n<meta name=\"author\" content=\"Arquimaster\" \/>\n<meta name=\"twitter:card\" content=\"summary_large_image\" \/>\n<meta name=\"twitter:title\" content=\"Casa Puerta a M\u00e9rida \/ Taller Estilo Arquitectura\" \/>\n<meta name=\"twitter:description\" content=\"Se han respetado los rasgos caracter\u00edsticos del edificio resaltando la tradici\u00f3n de la construcci\u00f3n en la ciudad, pero adapt\u00e1ndola a un uso actual.\" \/>\n<meta name=\"twitter:image\" content=\"https:\/\/www.arquimaster.com.ar\/web\/wp-content\/uploads\/2020\/07\/casa_puerta_a_merida_slide.jpg\" \/>\n<meta name=\"twitter:creator\" content=\"@arquimaster\" \/>\n<meta name=\"twitter:site\" content=\"@arquimaster\" \/>\n<meta name=\"twitter:label1\" content=\"Escrito por\" \/>\n\t<meta name=\"twitter:data1\" content=\"Arquimaster\" \/>\n\t<meta name=\"twitter:label2\" content=\"Tiempo de lectura\" \/>\n\t<meta name=\"twitter:data2\" content=\"3 minutos\" \/>\n<script type=\"application\/ld+json\" class=\"yoast-schema-graph\">{\"@context\":\"https:\\\/\\\/schema.org\",\"@graph\":[{\"@type\":\"Article\",\"@id\":\"https:\\\/\\\/www.arquimaster.com.ar\\\/web\\\/casa-puerta-a-merida-taller-estilo-arquitectura\\\/#article\",\"isPartOf\":{\"@id\":\"https:\\\/\\\/www.arquimaster.com.ar\\\/web\\\/casa-puerta-a-merida-taller-estilo-arquitectura\\\/\"},\"author\":{\"name\":\"Arquimaster\",\"@id\":\"https:\\\/\\\/www.arquimaster.com.ar\\\/web\\\/#\\\/schema\\\/person\\\/359e9f7c00193fcde068e0dd2ceb0028\"},\"headline\":\"Casa Puerta a M\u00e9rida \\\/ Taller Estilo Arquitectura\",\"datePublished\":\"2020-07-10T02:51:36+00:00\",\"dateModified\":\"2020-07-12T17:48:43+00:00\",\"mainEntityOfPage\":{\"@id\":\"https:\\\/\\\/www.arquimaster.com.ar\\\/web\\\/casa-puerta-a-merida-taller-estilo-arquitectura\\\/\"},\"wordCount\":554,\"publisher\":{\"@id\":\"https:\\\/\\\/www.arquimaster.com.ar\\\/web\\\/#organization\"},\"image\":{\"@id\":\"https:\\\/\\\/www.arquimaster.com.ar\\\/web\\\/casa-puerta-a-merida-taller-estilo-arquitectura\\\/#primaryimage\"},\"thumbnailUrl\":\"https:\\\/\\\/www.arquimaster.com.ar\\\/web\\\/wp-content\\\/uploads\\\/2020\\\/07\\\/casa_puerta_a_merida_slide.jpg\",\"keywords\":[\"Iv\u00e1n Atahualpa Hern\u00e1ndez Salazar\",\"Lu\u00eds Armando Estrada Aguilar\",\"Merida\",\"Mexico\",\"refacci\u00f3n\",\"rehabilitaci\u00f3n\",\"Taller Estilo Arquitectura\",\"V\u00edctor Alejandro Cruz Dom\u00ednguez\",\"vivienda unifamiliar\"],\"articleSection\":[\"Proyecto\",\"Vivienda unifamiliar y PH\"],\"inLanguage\":\"es\"},{\"@type\":\"WebPage\",\"@id\":\"https:\\\/\\\/www.arquimaster.com.ar\\\/web\\\/casa-puerta-a-merida-taller-estilo-arquitectura\\\/\",\"url\":\"https:\\\/\\\/www.arquimaster.com.ar\\\/web\\\/casa-puerta-a-merida-taller-estilo-arquitectura\\\/\",\"name\":\"Casa Puerta a M\u00e9rida \\\/ Taller Estilo Arquitectura - Arquimaster\",\"isPartOf\":{\"@id\":\"https:\\\/\\\/www.arquimaster.com.ar\\\/web\\\/#website\"},\"primaryImageOfPage\":{\"@id\":\"https:\\\/\\\/www.arquimaster.com.ar\\\/web\\\/casa-puerta-a-merida-taller-estilo-arquitectura\\\/#primaryimage\"},\"image\":{\"@id\":\"https:\\\/\\\/www.arquimaster.com.ar\\\/web\\\/casa-puerta-a-merida-taller-estilo-arquitectura\\\/#primaryimage\"},\"thumbnailUrl\":\"https:\\\/\\\/www.arquimaster.com.ar\\\/web\\\/wp-content\\\/uploads\\\/2020\\\/07\\\/casa_puerta_a_merida_slide.jpg\",\"datePublished\":\"2020-07-10T02:51:36+00:00\",\"dateModified\":\"2020-07-12T17:48:43+00:00\",\"description\":\"Se han respetado los rasgos caracter\u00edsticos del edificio resaltando la tradici\u00f3n de la construcci\u00f3n en la ciudad, pero adapt\u00e1ndola a un uso actual.\",\"breadcrumb\":{\"@id\":\"https:\\\/\\\/www.arquimaster.com.ar\\\/web\\\/casa-puerta-a-merida-taller-estilo-arquitectura\\\/#breadcrumb\"},\"inLanguage\":\"es\",\"potentialAction\":[{\"@type\":\"ReadAction\",\"target\":[\"https:\\\/\\\/www.arquimaster.com.ar\\\/web\\\/casa-puerta-a-merida-taller-estilo-arquitectura\\\/\"]}]},{\"@type\":\"ImageObject\",\"inLanguage\":\"es\",\"@id\":\"https:\\\/\\\/www.arquimaster.com.ar\\\/web\\\/casa-puerta-a-merida-taller-estilo-arquitectura\\\/#primaryimage\",\"url\":\"https:\\\/\\\/www.arquimaster.com.ar\\\/web\\\/wp-content\\\/uploads\\\/2020\\\/07\\\/casa_puerta_a_merida_slide.jpg\",\"contentUrl\":\"https:\\\/\\\/www.arquimaster.com.ar\\\/web\\\/wp-content\\\/uploads\\\/2020\\\/07\\\/casa_puerta_a_merida_slide.jpg\",\"width\":698,\"height\":364},{\"@type\":\"BreadcrumbList\",\"@id\":\"https:\\\/\\\/www.arquimaster.com.ar\\\/web\\\/casa-puerta-a-merida-taller-estilo-arquitectura\\\/#breadcrumb\",\"itemListElement\":[{\"@type\":\"ListItem\",\"position\":1,\"name\":\"Portada\",\"item\":\"https:\\\/\\\/www.arquimaster.com.ar\\\/web\\\/\"},{\"@type\":\"ListItem\",\"position\":2,\"name\":\"Casa Puerta a M\u00e9rida \\\/ Taller Estilo Arquitectura\"}]},{\"@type\":\"WebSite\",\"@id\":\"https:\\\/\\\/www.arquimaster.com.ar\\\/web\\\/#website\",\"url\":\"https:\\\/\\\/www.arquimaster.com.ar\\\/web\\\/\",\"name\":\"Arquimaster\",\"description\":\"Web de arquitectura, dise\u00f1o y construccion\",\"publisher\":{\"@id\":\"https:\\\/\\\/www.arquimaster.com.ar\\\/web\\\/#organization\"},\"potentialAction\":[{\"@type\":\"SearchAction\",\"target\":{\"@type\":\"EntryPoint\",\"urlTemplate\":\"https:\\\/\\\/www.arquimaster.com.ar\\\/web\\\/?s={search_term_string}\"},\"query-input\":{\"@type\":\"PropertyValueSpecification\",\"valueRequired\":true,\"valueName\":\"search_term_string\"}}],\"inLanguage\":\"es\"},{\"@type\":\"Organization\",\"@id\":\"https:\\\/\\\/www.arquimaster.com.ar\\\/web\\\/#organization\",\"name\":\"Arquimaster\",\"url\":\"https:\\\/\\\/www.arquimaster.com.ar\\\/web\\\/\",\"logo\":{\"@type\":\"ImageObject\",\"inLanguage\":\"es\",\"@id\":\"https:\\\/\\\/www.arquimaster.com.ar\\\/web\\\/#\\\/schema\\\/logo\\\/image\\\/\",\"url\":\"https:\\\/\\\/www.arquimaster.com.ar\\\/web\\\/wp-content\\\/uploads\\\/2022\\\/06\\\/arquimaster.png\",\"contentUrl\":\"https:\\\/\\\/www.arquimaster.com.ar\\\/web\\\/wp-content\\\/uploads\\\/2022\\\/06\\\/arquimaster.png\",\"width\":594,\"height\":78,\"caption\":\"Arquimaster\"},\"image\":{\"@id\":\"https:\\\/\\\/www.arquimaster.com.ar\\\/web\\\/#\\\/schema\\\/logo\\\/image\\\/\"},\"sameAs\":[\"http:\\\/\\\/www.facebook.com\\\/ARQUIMASTER.com.ar\",\"https:\\\/\\\/x.com\\\/arquimaster\",\"https:\\\/\\\/www.instagram.com\\\/arquimasterblog\\\/\",\"https:\\\/\\\/www.linkedin.com\\\/company\\\/arquimaster\",\"https:\\\/\\\/www.pinterest.com\\\/arquimaster\",\"https:\\\/\\\/t.me\\\/arquimaster\"]},{\"@type\":\"Person\",\"@id\":\"https:\\\/\\\/www.arquimaster.com.ar\\\/web\\\/#\\\/schema\\\/person\\\/359e9f7c00193fcde068e0dd2ceb0028\",\"name\":\"Arquimaster\"}]}<\/script>\n<!-- \/ Yoast SEO plugin. -->","yoast_head_json":{"title":"Casa Puerta a M\u00e9rida \/ Taller Estilo Arquitectura - Arquimaster","description":"Se han respetado los rasgos caracter\u00edsticos del edificio resaltando la tradici\u00f3n de la construcci\u00f3n en la ciudad, pero adapt\u00e1ndola a un uso actual.","robots":{"index":"index","follow":"follow","max-snippet":"max-snippet:-1","max-image-preview":"max-image-preview:large","max-video-preview":"max-video-preview:-1"},"canonical":"https:\/\/www.arquimaster.com.ar\/web\/casa-puerta-a-merida-taller-estilo-arquitectura\/","og_locale":"es_ES","og_type":"article","og_title":"Casa Puerta a M\u00e9rida \/ Taller Estilo Arquitectura","og_description":"Se han respetado los rasgos caracter\u00edsticos del edificio resaltando la tradici\u00f3n de la construcci\u00f3n en la ciudad, pero adapt\u00e1ndola a un uso actual.","og_url":"https:\/\/www.arquimaster.com.ar\/web\/casa-puerta-a-merida-taller-estilo-arquitectura\/","og_site_name":"Arquimaster","article_publisher":"http:\/\/www.facebook.com\/ARQUIMASTER.com.ar","article_published_time":"2020-07-10T02:51:36+00:00","article_modified_time":"2020-07-12T17:48:43+00:00","og_image":[{"width":698,"height":364,"url":"https:\/\/www.arquimaster.com.ar\/web\/wp-content\/uploads\/2020\/07\/casa_puerta_a_merida_slide.jpg","type":"image\/jpeg"}],"author":"Arquimaster","twitter_card":"summary_large_image","twitter_title":"Casa Puerta a M\u00e9rida \/ Taller Estilo Arquitectura","twitter_description":"Se han respetado los rasgos caracter\u00edsticos del edificio resaltando la tradici\u00f3n de la construcci\u00f3n en la ciudad, pero adapt\u00e1ndola a un uso actual.","twitter_image":"https:\/\/www.arquimaster.com.ar\/web\/wp-content\/uploads\/2020\/07\/casa_puerta_a_merida_slide.jpg","twitter_creator":"@arquimaster","twitter_site":"@arquimaster","twitter_misc":{"Escrito por":"Arquimaster","Tiempo de lectura":"3 minutos"},"schema":{"@context":"https:\/\/schema.org","@graph":[{"@type":"Article","@id":"https:\/\/www.arquimaster.com.ar\/web\/casa-puerta-a-merida-taller-estilo-arquitectura\/#article","isPartOf":{"@id":"https:\/\/www.arquimaster.com.ar\/web\/casa-puerta-a-merida-taller-estilo-arquitectura\/"},"author":{"name":"Arquimaster","@id":"https:\/\/www.arquimaster.com.ar\/web\/#\/schema\/person\/359e9f7c00193fcde068e0dd2ceb0028"},"headline":"Casa Puerta a M\u00e9rida \/ Taller Estilo Arquitectura","datePublished":"2020-07-10T02:51:36+00:00","dateModified":"2020-07-12T17:48:43+00:00","mainEntityOfPage":{"@id":"https:\/\/www.arquimaster.com.ar\/web\/casa-puerta-a-merida-taller-estilo-arquitectura\/"},"wordCount":554,"publisher":{"@id":"https:\/\/www.arquimaster.com.ar\/web\/#organization"},"image":{"@id":"https:\/\/www.arquimaster.com.ar\/web\/casa-puerta-a-merida-taller-estilo-arquitectura\/#primaryimage"},"thumbnailUrl":"https:\/\/www.arquimaster.com.ar\/web\/wp-content\/uploads\/2020\/07\/casa_puerta_a_merida_slide.jpg","keywords":["Iv\u00e1n Atahualpa Hern\u00e1ndez Salazar","Lu\u00eds Armando Estrada Aguilar","Merida","Mexico","refacci\u00f3n","rehabilitaci\u00f3n","Taller Estilo Arquitectura","V\u00edctor Alejandro Cruz Dom\u00ednguez","vivienda unifamiliar"],"articleSection":["Proyecto","Vivienda unifamiliar y PH"],"inLanguage":"es"},{"@type":"WebPage","@id":"https:\/\/www.arquimaster.com.ar\/web\/casa-puerta-a-merida-taller-estilo-arquitectura\/","url":"https:\/\/www.arquimaster.com.ar\/web\/casa-puerta-a-merida-taller-estilo-arquitectura\/","name":"Casa Puerta a M\u00e9rida \/ Taller Estilo Arquitectura - Arquimaster","isPartOf":{"@id":"https:\/\/www.arquimaster.com.ar\/web\/#website"},"primaryImageOfPage":{"@id":"https:\/\/www.arquimaster.com.ar\/web\/casa-puerta-a-merida-taller-estilo-arquitectura\/#primaryimage"},"image":{"@id":"https:\/\/www.arquimaster.com.ar\/web\/casa-puerta-a-merida-taller-estilo-arquitectura\/#primaryimage"},"thumbnailUrl":"https:\/\/www.arquimaster.com.ar\/web\/wp-content\/uploads\/2020\/07\/casa_puerta_a_merida_slide.jpg","datePublished":"2020-07-10T02:51:36+00:00","dateModified":"2020-07-12T17:48:43+00:00","description":"Se han respetado los rasgos caracter\u00edsticos del edificio resaltando la tradici\u00f3n de la construcci\u00f3n en la ciudad, pero adapt\u00e1ndola a un uso actual.","breadcrumb":{"@id":"https:\/\/www.arquimaster.com.ar\/web\/casa-puerta-a-merida-taller-estilo-arquitectura\/#breadcrumb"},"inLanguage":"es","potentialAction":[{"@type":"ReadAction","target":["https:\/\/www.arquimaster.com.ar\/web\/casa-puerta-a-merida-taller-estilo-arquitectura\/"]}]},{"@type":"ImageObject","inLanguage":"es","@id":"https:\/\/www.arquimaster.com.ar\/web\/casa-puerta-a-merida-taller-estilo-arquitectura\/#primaryimage","url":"https:\/\/www.arquimaster.com.ar\/web\/wp-content\/uploads\/2020\/07\/casa_puerta_a_merida_slide.jpg","contentUrl":"https:\/\/www.arquimaster.com.ar\/web\/wp-content\/uploads\/2020\/07\/casa_puerta_a_merida_slide.jpg","width":698,"height":364},{"@type":"BreadcrumbList","@id":"https:\/\/www.arquimaster.com.ar\/web\/casa-puerta-a-merida-taller-estilo-arquitectura\/#breadcrumb","itemListElement":[{"@type":"ListItem","position":1,"name":"Portada","item":"https:\/\/www.arquimaster.com.ar\/web\/"},{"@type":"ListItem","position":2,"name":"Casa Puerta a M\u00e9rida \/ Taller Estilo Arquitectura"}]},{"@type":"WebSite","@id":"https:\/\/www.arquimaster.com.ar\/web\/#website","url":"https:\/\/www.arquimaster.com.ar\/web\/","name":"Arquimaster","description":"Web de arquitectura, dise\u00f1o y construccion","publisher":{"@id":"https:\/\/www.arquimaster.com.ar\/web\/#organization"},"potentialAction":[{"@type":"SearchAction","target":{"@type":"EntryPoint","urlTemplate":"https:\/\/www.arquimaster.com.ar\/web\/?s={search_term_string}"},"query-input":{"@type":"PropertyValueSpecification","valueRequired":true,"valueName":"search_term_string"}}],"inLanguage":"es"},{"@type":"Organization","@id":"https:\/\/www.arquimaster.com.ar\/web\/#organization","name":"Arquimaster","url":"https:\/\/www.arquimaster.com.ar\/web\/","logo":{"@type":"ImageObject","inLanguage":"es","@id":"https:\/\/www.arquimaster.com.ar\/web\/#\/schema\/logo\/image\/","url":"https:\/\/www.arquimaster.com.ar\/web\/wp-content\/uploads\/2022\/06\/arquimaster.png","contentUrl":"https:\/\/www.arquimaster.com.ar\/web\/wp-content\/uploads\/2022\/06\/arquimaster.png","width":594,"height":78,"caption":"Arquimaster"},"image":{"@id":"https:\/\/www.arquimaster.com.ar\/web\/#\/schema\/logo\/image\/"},"sameAs":["http:\/\/www.facebook.com\/ARQUIMASTER.com.ar","https:\/\/x.com\/arquimaster","https:\/\/www.instagram.com\/arquimasterblog\/","https:\/\/www.linkedin.com\/company\/arquimaster","https:\/\/www.pinterest.com\/arquimaster","https:\/\/t.me\/arquimaster"]},{"@type":"Person","@id":"https:\/\/www.arquimaster.com.ar\/web\/#\/schema\/person\/359e9f7c00193fcde068e0dd2ceb0028","name":"Arquimaster"}]}},"uagb_featured_image_src":{"full":["https:\/\/www.arquimaster.com.ar\/web\/wp-content\/uploads\/2020\/07\/casa_puerta_a_merida_slide.jpg",698,364,false],"thumbnail":["https:\/\/www.arquimaster.com.ar\/web\/wp-content\/uploads\/2020\/07\/casa_puerta_a_merida_slide-150x150.jpg",150,150,true],"medium":["https:\/\/www.arquimaster.com.ar\/web\/wp-content\/uploads\/2020\/07\/casa_puerta_a_merida_slide.jpg",698,364,false],"medium_large":["https:\/\/www.arquimaster.com.ar\/web\/wp-content\/uploads\/2020\/07\/casa_puerta_a_merida_slide.jpg",698,364,false],"large":["https:\/\/www.arquimaster.com.ar\/web\/wp-content\/uploads\/2020\/07\/casa_puerta_a_merida_slide.jpg",698,364,false],"1536x1536":["https:\/\/www.arquimaster.com.ar\/web\/wp-content\/uploads\/2020\/07\/casa_puerta_a_merida_slide.jpg",698,364,false],"2048x2048":["https:\/\/www.arquimaster.com.ar\/web\/wp-content\/uploads\/2020\/07\/casa_puerta_a_merida_slide.jpg",698,364,false]},"uagb_author_info":{"display_name":"Arquimaster","author_link":"https:\/\/www.arquimaster.com.ar\/web\/author\/arquimaster\/"},"uagb_comment_info":0,"uagb_excerpt":"Se han respetado los rasgos caracter\u00edsticos del edificio resaltando la tradici\u00f3n...","_links":{"self":[{"href":"https:\/\/www.arquimaster.com.ar\/web\/wp-json\/wp\/v2\/posts\/57290","targetHints":{"allow":["GET"]}}],"collection":[{"href":"https:\/\/www.arquimaster.com.ar\/web\/wp-json\/wp\/v2\/posts"}],"about":[{"href":"https:\/\/www.arquimaster.com.ar\/web\/wp-json\/wp\/v2\/types\/post"}],"author":[{"embeddable":true,"href":"https:\/\/www.arquimaster.com.ar\/web\/wp-json\/wp\/v2\/users\/1"}],"replies":[{"embeddable":true,"href":"https:\/\/www.arquimaster.com.ar\/web\/wp-json\/wp\/v2\/comments?post=57290"}],"version-history":[{"count":1,"href":"https:\/\/www.arquimaster.com.ar\/web\/wp-json\/wp\/v2\/posts\/57290\/revisions"}],"predecessor-version":[{"id":57314,"href":"https:\/\/www.arquimaster.com.ar\/web\/wp-json\/wp\/v2\/posts\/57290\/revisions\/57314"}],"wp:featuredmedia":[{"embeddable":true,"href":"https:\/\/www.arquimaster.com.ar\/web\/wp-json\/wp\/v2\/media\/57291"}],"wp:attachment":[{"href":"https:\/\/www.arquimaster.com.ar\/web\/wp-json\/wp\/v2\/media?parent=57290"}],"wp:term":[{"taxonomy":"category","embeddable":true,"href":"https:\/\/www.arquimaster.com.ar\/web\/wp-json\/wp\/v2\/categories?post=57290"},{"taxonomy":"post_tag","embeddable":true,"href":"https:\/\/www.arquimaster.com.ar\/web\/wp-json\/wp\/v2\/tags?post=57290"}],"curies":[{"name":"wp","href":"https:\/\/api.w.org\/{rel}","templated":true}]}}