{"id":57366,"date":"2020-07-16T21:20:44","date_gmt":"2020-07-17T00:20:44","guid":{"rendered":"https:\/\/www.arquimaster.com.ar\/web\/?p=57366"},"modified":"2020-08-06T17:58:04","modified_gmt":"2020-08-06T20:58:04","slug":"edificio-green-haus-german-hauser-mathias-klotz-edgardo-minond-daniela-ziblat","status":"publish","type":"post","link":"https:\/\/www.arquimaster.com.ar\/web\/edificio-green-haus-german-hauser-mathias-klotz-edgardo-minond-daniela-ziblat\/","title":{"rendered":"Edificio Green Haus \/ Germ\u00e1n Hauser, Mathias Klotz, Edgardo Minond, Daniela Ziblat"},"content":{"rendered":"<div style=\"margin-top: 0px; margin-bottom: 0px;\" class=\"sharethis-inline-share-buttons\" ><\/div><div class=\"b812932af2e751442846f039925109de\" data-index=\"1\" style=\"float: none; margin:25px 0 25px 0; text-align:center;\">\n<script async src=\"https:\/\/pagead2.googlesyndication.com\/pagead\/js\/adsbygoogle.js\"><\/script>\r\n<!-- Arquimaster (superior) -->\r\n<ins class=\"adsbygoogle\"\r\n     style=\"display:block\"\r\n     data-ad-client=\"ca-pub-6351072698456832\"\r\n     data-ad-slot=\"6455489680\"\r\n     data-ad-format=\"auto\"\r\n     data-full-width-responsive=\"true\"><\/ins>\r\n<script>\r\n     (adsbygoogle = window.adsbygoogle || []).push({});\r\n<\/script>\n<\/div>\n<p><strong>Edificio Green Haus<\/strong> (Belgrano, Ciudad de Buenos Aires, Argentina) por <strong>Germ\u00e1n Hauser, Mathias Klotz, Edgardo Minond, Daniela Ziblat<\/strong>. El proyecto se encuentra emplazado en un sector de la ciudad de Buenos Aires conocido como corredor Donado-Holmberg. Este corredor est\u00e1 conformado por manzanas que han padecido en 1976 la demolici\u00f3n parcial de las viviendas que en ellas se encontraba la construcci\u00f3n de una autopista central de Buenos Aires, la AU3. Esta autopista, que afortunadamente nunca se construy\u00f3, dividir\u00eda de forma violenta los barrios que recorrer\u00eda. No obstante, el abandono del proyecto de la ex AU3 trajo aparejada la usurpaci\u00f3n de aquellas viviendas que sobrevivieron a las demoliciones y el abandono por parte del estado de aquellos terrenos que tras las expropiaciones ahora le pertenec\u00edan.<\/p>\n<div id='gallery-1' class='gallery galleryid-57366 gallery-columns-3 gallery-size-thumbnail'><figure class='gallery-item'>\n\t\t\t<div class='gallery-icon landscape'>\n\t\t\t\t<a href='https:\/\/www.arquimaster.com.ar\/web\/wp-content\/uploads\/2020\/07\/edificio_green_haus1.jpg' title=\"Edificio Green Haus \/ Germ\u00e1n Hauser, Mathias Klotz, Edgardo Minond, Daniela Ziblat (\u00a9 Albano Garc\u00eda)\" data-rl_title=\"Edificio Green Haus \/ Germ\u00e1n Hauser, Mathias Klotz, Edgardo Minond, Daniela Ziblat (\u00a9 Albano Garc\u00eda)\" class=\"rl-gallery-link\" data-rl_caption=\"Edificio Green Haus \/ Germ\u00e1n Hauser, Mathias Klotz, Edgardo Minond, Daniela Ziblat (\u00a9 Albano Garc\u00eda)\" data-rel=\"lightbox-gallery-1\"><img loading=\"lazy\" decoding=\"async\" width=\"150\" height=\"150\" src=\"https:\/\/www.arquimaster.com.ar\/web\/wp-content\/uploads\/2020\/07\/edificio_green_haus1-150x150.jpg\" class=\"attachment-thumbnail size-thumbnail\" alt=\"\" aria-describedby=\"gallery-1-57368\" srcset=\"https:\/\/www.arquimaster.com.ar\/web\/wp-content\/uploads\/2020\/07\/edificio_green_haus1-150x150.jpg 150w, https:\/\/www.arquimaster.com.ar\/web\/wp-content\/uploads\/2020\/07\/edificio_green_haus1-1024x1024.jpg 1024w, https:\/\/www.arquimaster.com.ar\/web\/wp-content\/uploads\/2020\/07\/edificio_green_haus1-768x768.jpg 768w, https:\/\/www.arquimaster.com.ar\/web\/wp-content\/uploads\/2020\/07\/edificio_green_haus1.jpg 1500w\" sizes=\"auto, (max-width: 150px) 100vw, 150px\" \/><\/a>\n\t\t\t<\/div>\n\t\t\t\t<figcaption class='wp-caption-text gallery-caption' id='gallery-1-57368'>\n\t\t\t\tEdificio Green Haus \/ Germ\u00e1n Hauser, Mathias Klotz, Edgardo Minond, Daniela Ziblat (\u00a9 Albano Garc\u00eda)\n\t\t\t\t<\/figcaption><\/figure><figure class='gallery-item'>\n\t\t\t<div class='gallery-icon landscape'>\n\t\t\t\t<a href='https:\/\/www.arquimaster.com.ar\/web\/wp-content\/uploads\/2020\/07\/edificio_green_haus2.jpg' title=\"Edificio Green Haus \/ Germ\u00e1n Hauser, Mathias Klotz, Edgardo Minond, Daniela Ziblat (\u00a9 Albano Garc\u00eda)\" data-rl_title=\"Edificio Green Haus \/ Germ\u00e1n Hauser, Mathias Klotz, Edgardo Minond, Daniela Ziblat (\u00a9 Albano Garc\u00eda)\" class=\"rl-gallery-link\" data-rl_caption=\"Edificio Green Haus \/ Germ\u00e1n Hauser, Mathias Klotz, Edgardo Minond, Daniela Ziblat (\u00a9 Albano Garc\u00eda)\" data-rel=\"lightbox-gallery-1\"><img loading=\"lazy\" decoding=\"async\" width=\"150\" height=\"150\" src=\"https:\/\/www.arquimaster.com.ar\/web\/wp-content\/uploads\/2020\/07\/edificio_green_haus2-150x150.jpg\" class=\"attachment-thumbnail size-thumbnail\" alt=\"\" aria-describedby=\"gallery-1-57369\" srcset=\"https:\/\/www.arquimaster.com.ar\/web\/wp-content\/uploads\/2020\/07\/edificio_green_haus2-150x150.jpg 150w, https:\/\/www.arquimaster.com.ar\/web\/wp-content\/uploads\/2020\/07\/edificio_green_haus2-1024x1024.jpg 1024w, https:\/\/www.arquimaster.com.ar\/web\/wp-content\/uploads\/2020\/07\/edificio_green_haus2-768x768.jpg 768w, https:\/\/www.arquimaster.com.ar\/web\/wp-content\/uploads\/2020\/07\/edificio_green_haus2.jpg 1500w\" sizes=\"auto, (max-width: 150px) 100vw, 150px\" \/><\/a>\n\t\t\t<\/div>\n\t\t\t\t<figcaption class='wp-caption-text gallery-caption' id='gallery-1-57369'>\n\t\t\t\tEdificio Green Haus \/ Germ\u00e1n Hauser, Mathias Klotz, Edgardo Minond, Daniela Ziblat (\u00a9 Albano Garc\u00eda)\n\t\t\t\t<\/figcaption><\/figure><figure class='gallery-item'>\n\t\t\t<div class='gallery-icon landscape'>\n\t\t\t\t<a href='https:\/\/www.arquimaster.com.ar\/web\/wp-content\/uploads\/2020\/07\/edificio_green_haus3.jpg' title=\"Edificio Green Haus \/ Germ\u00e1n Hauser, Mathias Klotz, Edgardo Minond, Daniela Ziblat (\u00a9 Albano Garc\u00eda)\" data-rl_title=\"Edificio Green Haus \/ Germ\u00e1n Hauser, Mathias Klotz, Edgardo Minond, Daniela Ziblat (\u00a9 Albano Garc\u00eda)\" class=\"rl-gallery-link\" data-rl_caption=\"Edificio Green Haus \/ Germ\u00e1n Hauser, Mathias Klotz, Edgardo Minond, Daniela Ziblat (\u00a9 Albano Garc\u00eda)\" data-rel=\"lightbox-gallery-1\"><img loading=\"lazy\" decoding=\"async\" width=\"150\" height=\"150\" src=\"https:\/\/www.arquimaster.com.ar\/web\/wp-content\/uploads\/2020\/07\/edificio_green_haus3-150x150.jpg\" class=\"attachment-thumbnail size-thumbnail\" alt=\"\" aria-describedby=\"gallery-1-57370\" srcset=\"https:\/\/www.arquimaster.com.ar\/web\/wp-content\/uploads\/2020\/07\/edificio_green_haus3-150x150.jpg 150w, https:\/\/www.arquimaster.com.ar\/web\/wp-content\/uploads\/2020\/07\/edificio_green_haus3-1024x1024.jpg 1024w, https:\/\/www.arquimaster.com.ar\/web\/wp-content\/uploads\/2020\/07\/edificio_green_haus3-768x768.jpg 768w, https:\/\/www.arquimaster.com.ar\/web\/wp-content\/uploads\/2020\/07\/edificio_green_haus3.jpg 1500w\" sizes=\"auto, (max-width: 150px) 100vw, 150px\" \/><\/a>\n\t\t\t<\/div>\n\t\t\t\t<figcaption class='wp-caption-text gallery-caption' id='gallery-1-57370'>\n\t\t\t\tEdificio Green Haus \/ Germ\u00e1n Hauser, Mathias Klotz, Edgardo Minond, Daniela Ziblat (\u00a9 Albano Garc\u00eda)\n\t\t\t\t<\/figcaption><\/figure><figure class='gallery-item'>\n\t\t\t<div class='gallery-icon landscape'>\n\t\t\t\t<a href='https:\/\/www.arquimaster.com.ar\/web\/wp-content\/uploads\/2020\/07\/edificio_green_haus4.jpg' title=\"Edificio Green Haus \/ Germ\u00e1n Hauser, Mathias Klotz, Edgardo Minond, Daniela Ziblat (\u00a9 Albano Garc\u00eda)\" data-rl_title=\"Edificio Green Haus \/ Germ\u00e1n Hauser, Mathias Klotz, Edgardo Minond, Daniela Ziblat (\u00a9 Albano Garc\u00eda)\" class=\"rl-gallery-link\" data-rl_caption=\"Edificio Green Haus \/ Germ\u00e1n Hauser, Mathias Klotz, Edgardo Minond, Daniela Ziblat (\u00a9 Albano Garc\u00eda)\" data-rel=\"lightbox-gallery-1\"><img loading=\"lazy\" decoding=\"async\" width=\"150\" height=\"150\" src=\"https:\/\/www.arquimaster.com.ar\/web\/wp-content\/uploads\/2020\/07\/edificio_green_haus4-150x150.jpg\" class=\"attachment-thumbnail size-thumbnail\" alt=\"\" aria-describedby=\"gallery-1-57371\" srcset=\"https:\/\/www.arquimaster.com.ar\/web\/wp-content\/uploads\/2020\/07\/edificio_green_haus4-150x150.jpg 150w, https:\/\/www.arquimaster.com.ar\/web\/wp-content\/uploads\/2020\/07\/edificio_green_haus4-1024x1024.jpg 1024w, https:\/\/www.arquimaster.com.ar\/web\/wp-content\/uploads\/2020\/07\/edificio_green_haus4-768x768.jpg 768w, https:\/\/www.arquimaster.com.ar\/web\/wp-content\/uploads\/2020\/07\/edificio_green_haus4.jpg 1500w\" sizes=\"auto, (max-width: 150px) 100vw, 150px\" \/><\/a>\n\t\t\t<\/div>\n\t\t\t\t<figcaption class='wp-caption-text gallery-caption' id='gallery-1-57371'>\n\t\t\t\tEdificio Green Haus \/ Germ\u00e1n Hauser, Mathias Klotz, Edgardo Minond, Daniela Ziblat (\u00a9 Albano Garc\u00eda)\n\t\t\t\t<\/figcaption><\/figure><figure class='gallery-item'>\n\t\t\t<div class='gallery-icon landscape'>\n\t\t\t\t<a href='https:\/\/www.arquimaster.com.ar\/web\/wp-content\/uploads\/2020\/07\/edificio_green_haus5.jpg' title=\"Edificio Green Haus \/ Germ\u00e1n Hauser, Mathias Klotz, Edgardo Minond, Daniela Ziblat (\u00a9 Albano Garc\u00eda)\" data-rl_title=\"Edificio Green Haus \/ Germ\u00e1n Hauser, Mathias Klotz, Edgardo Minond, Daniela Ziblat (\u00a9 Albano Garc\u00eda)\" class=\"rl-gallery-link\" data-rl_caption=\"Edificio Green Haus \/ Germ\u00e1n Hauser, Mathias Klotz, Edgardo Minond, Daniela Ziblat (\u00a9 Albano Garc\u00eda)\" data-rel=\"lightbox-gallery-1\"><img loading=\"lazy\" decoding=\"async\" width=\"150\" height=\"150\" src=\"https:\/\/www.arquimaster.com.ar\/web\/wp-content\/uploads\/2020\/07\/edificio_green_haus5-150x150.jpg\" class=\"attachment-thumbnail size-thumbnail\" alt=\"\" aria-describedby=\"gallery-1-57372\" srcset=\"https:\/\/www.arquimaster.com.ar\/web\/wp-content\/uploads\/2020\/07\/edificio_green_haus5-150x150.jpg 150w, https:\/\/www.arquimaster.com.ar\/web\/wp-content\/uploads\/2020\/07\/edificio_green_haus5-1024x1024.jpg 1024w, https:\/\/www.arquimaster.com.ar\/web\/wp-content\/uploads\/2020\/07\/edificio_green_haus5-768x768.jpg 768w, https:\/\/www.arquimaster.com.ar\/web\/wp-content\/uploads\/2020\/07\/edificio_green_haus5.jpg 1500w\" sizes=\"auto, (max-width: 150px) 100vw, 150px\" \/><\/a>\n\t\t\t<\/div>\n\t\t\t\t<figcaption class='wp-caption-text gallery-caption' id='gallery-1-57372'>\n\t\t\t\tEdificio Green Haus \/ Germ\u00e1n Hauser, Mathias Klotz, Edgardo Minond, Daniela Ziblat (\u00a9 Albano Garc\u00eda)\n\t\t\t\t<\/figcaption><\/figure><figure class='gallery-item'>\n\t\t\t<div class='gallery-icon landscape'>\n\t\t\t\t<a href='https:\/\/www.arquimaster.com.ar\/web\/wp-content\/uploads\/2020\/07\/edificio_green_haus6.jpg' title=\"Edificio Green Haus \/ Germ\u00e1n Hauser, Mathias Klotz, Edgardo Minond, Daniela Ziblat (\u00a9 Albano Garc\u00eda)\" data-rl_title=\"Edificio Green Haus \/ Germ\u00e1n Hauser, Mathias Klotz, Edgardo Minond, Daniela Ziblat (\u00a9 Albano Garc\u00eda)\" class=\"rl-gallery-link\" data-rl_caption=\"Edificio Green Haus \/ Germ\u00e1n Hauser, Mathias Klotz, Edgardo Minond, Daniela Ziblat (\u00a9 Albano Garc\u00eda)\" data-rel=\"lightbox-gallery-1\"><img loading=\"lazy\" decoding=\"async\" width=\"150\" height=\"150\" src=\"https:\/\/www.arquimaster.com.ar\/web\/wp-content\/uploads\/2020\/07\/edificio_green_haus6-150x150.jpg\" class=\"attachment-thumbnail size-thumbnail\" alt=\"\" aria-describedby=\"gallery-1-57373\" srcset=\"https:\/\/www.arquimaster.com.ar\/web\/wp-content\/uploads\/2020\/07\/edificio_green_haus6-150x150.jpg 150w, https:\/\/www.arquimaster.com.ar\/web\/wp-content\/uploads\/2020\/07\/edificio_green_haus6-1024x1024.jpg 1024w, https:\/\/www.arquimaster.com.ar\/web\/wp-content\/uploads\/2020\/07\/edificio_green_haus6-768x768.jpg 768w, https:\/\/www.arquimaster.com.ar\/web\/wp-content\/uploads\/2020\/07\/edificio_green_haus6.jpg 1500w\" sizes=\"auto, (max-width: 150px) 100vw, 150px\" \/><\/a>\n\t\t\t<\/div>\n\t\t\t\t<figcaption class='wp-caption-text gallery-caption' id='gallery-1-57373'>\n\t\t\t\tEdificio Green Haus \/ Germ\u00e1n Hauser, Mathias Klotz, Edgardo Minond, Daniela Ziblat (\u00a9 Albano Garc\u00eda)\n\t\t\t\t<\/figcaption><\/figure><figure class='gallery-item'>\n\t\t\t<div class='gallery-icon landscape'>\n\t\t\t\t<a href='https:\/\/www.arquimaster.com.ar\/web\/wp-content\/uploads\/2020\/07\/edificio_green_haus7.jpg' title=\"Edificio Green Haus \/ Germ\u00e1n Hauser, Mathias Klotz, Edgardo Minond, Daniela Ziblat (\u00a9 Albano Garc\u00eda)\" data-rl_title=\"Edificio Green Haus \/ Germ\u00e1n Hauser, Mathias Klotz, Edgardo Minond, Daniela Ziblat (\u00a9 Albano Garc\u00eda)\" class=\"rl-gallery-link\" data-rl_caption=\"Edificio Green Haus \/ Germ\u00e1n Hauser, Mathias Klotz, Edgardo Minond, Daniela Ziblat (\u00a9 Albano Garc\u00eda)\" data-rel=\"lightbox-gallery-1\"><img loading=\"lazy\" decoding=\"async\" width=\"150\" height=\"150\" src=\"https:\/\/www.arquimaster.com.ar\/web\/wp-content\/uploads\/2020\/07\/edificio_green_haus7-150x150.jpg\" class=\"attachment-thumbnail size-thumbnail\" alt=\"\" aria-describedby=\"gallery-1-57374\" srcset=\"https:\/\/www.arquimaster.com.ar\/web\/wp-content\/uploads\/2020\/07\/edificio_green_haus7-150x150.jpg 150w, https:\/\/www.arquimaster.com.ar\/web\/wp-content\/uploads\/2020\/07\/edificio_green_haus7-1024x1024.jpg 1024w, https:\/\/www.arquimaster.com.ar\/web\/wp-content\/uploads\/2020\/07\/edificio_green_haus7-768x768.jpg 768w, https:\/\/www.arquimaster.com.ar\/web\/wp-content\/uploads\/2020\/07\/edificio_green_haus7.jpg 1500w\" sizes=\"auto, (max-width: 150px) 100vw, 150px\" \/><\/a>\n\t\t\t<\/div>\n\t\t\t\t<figcaption class='wp-caption-text gallery-caption' id='gallery-1-57374'>\n\t\t\t\tEdificio Green Haus \/ Germ\u00e1n Hauser, Mathias Klotz, Edgardo Minond, Daniela Ziblat (\u00a9 Albano Garc\u00eda)\n\t\t\t\t<\/figcaption><\/figure><figure class='gallery-item'>\n\t\t\t<div class='gallery-icon landscape'>\n\t\t\t\t<a href='https:\/\/www.arquimaster.com.ar\/web\/wp-content\/uploads\/2020\/07\/edificio_green_haus8.jpg' title=\"Edificio Green Haus \/ Germ\u00e1n Hauser, Mathias Klotz, Edgardo Minond, Daniela Ziblat (\u00a9 Albano Garc\u00eda)\" data-rl_title=\"Edificio Green Haus \/ Germ\u00e1n Hauser, Mathias Klotz, Edgardo Minond, Daniela Ziblat (\u00a9 Albano Garc\u00eda)\" class=\"rl-gallery-link\" data-rl_caption=\"Edificio Green Haus \/ Germ\u00e1n Hauser, Mathias Klotz, Edgardo Minond, Daniela Ziblat (\u00a9 Albano Garc\u00eda)\" data-rel=\"lightbox-gallery-1\"><img loading=\"lazy\" decoding=\"async\" width=\"150\" height=\"150\" src=\"https:\/\/www.arquimaster.com.ar\/web\/wp-content\/uploads\/2020\/07\/edificio_green_haus8-150x150.jpg\" class=\"attachment-thumbnail size-thumbnail\" alt=\"\" aria-describedby=\"gallery-1-57375\" srcset=\"https:\/\/www.arquimaster.com.ar\/web\/wp-content\/uploads\/2020\/07\/edificio_green_haus8-150x150.jpg 150w, https:\/\/www.arquimaster.com.ar\/web\/wp-content\/uploads\/2020\/07\/edificio_green_haus8-1024x1024.jpg 1024w, https:\/\/www.arquimaster.com.ar\/web\/wp-content\/uploads\/2020\/07\/edificio_green_haus8-768x768.jpg 768w, https:\/\/www.arquimaster.com.ar\/web\/wp-content\/uploads\/2020\/07\/edificio_green_haus8.jpg 1500w\" sizes=\"auto, (max-width: 150px) 100vw, 150px\" \/><\/a>\n\t\t\t<\/div>\n\t\t\t\t<figcaption class='wp-caption-text gallery-caption' id='gallery-1-57375'>\n\t\t\t\tEdificio Green Haus \/ Germ\u00e1n Hauser, Mathias Klotz, Edgardo Minond, Daniela Ziblat (\u00a9 Albano Garc\u00eda)\n\t\t\t\t<\/figcaption><\/figure><figure class='gallery-item'>\n\t\t\t<div class='gallery-icon landscape'>\n\t\t\t\t<a href='https:\/\/www.arquimaster.com.ar\/web\/wp-content\/uploads\/2020\/07\/edificio_green_haus9.jpg' title=\"Edificio Green Haus \/ Germ\u00e1n Hauser, Mathias Klotz, Edgardo Minond, Daniela Ziblat (\u00a9 Albano Garc\u00eda)\" data-rl_title=\"Edificio Green Haus \/ Germ\u00e1n Hauser, Mathias Klotz, Edgardo Minond, Daniela Ziblat (\u00a9 Albano Garc\u00eda)\" class=\"rl-gallery-link\" data-rl_caption=\"Edificio Green Haus \/ Germ\u00e1n Hauser, Mathias Klotz, Edgardo Minond, Daniela Ziblat (\u00a9 Albano Garc\u00eda)\" data-rel=\"lightbox-gallery-1\"><img loading=\"lazy\" decoding=\"async\" width=\"150\" height=\"150\" src=\"https:\/\/www.arquimaster.com.ar\/web\/wp-content\/uploads\/2020\/07\/edificio_green_haus9-150x150.jpg\" class=\"attachment-thumbnail size-thumbnail\" alt=\"\" aria-describedby=\"gallery-1-57376\" srcset=\"https:\/\/www.arquimaster.com.ar\/web\/wp-content\/uploads\/2020\/07\/edificio_green_haus9-150x150.jpg 150w, https:\/\/www.arquimaster.com.ar\/web\/wp-content\/uploads\/2020\/07\/edificio_green_haus9-1024x1024.jpg 1024w, https:\/\/www.arquimaster.com.ar\/web\/wp-content\/uploads\/2020\/07\/edificio_green_haus9-768x768.jpg 768w, https:\/\/www.arquimaster.com.ar\/web\/wp-content\/uploads\/2020\/07\/edificio_green_haus9.jpg 1500w\" sizes=\"auto, (max-width: 150px) 100vw, 150px\" \/><\/a>\n\t\t\t<\/div>\n\t\t\t\t<figcaption class='wp-caption-text gallery-caption' id='gallery-1-57376'>\n\t\t\t\tEdificio Green Haus \/ Germ\u00e1n Hauser, Mathias Klotz, Edgardo Minond, Daniela Ziblat (\u00a9 Albano Garc\u00eda)\n\t\t\t\t<\/figcaption><\/figure><figure class='gallery-item'>\n\t\t\t<div class='gallery-icon landscape'>\n\t\t\t\t<a href='https:\/\/www.arquimaster.com.ar\/web\/wp-content\/uploads\/2020\/07\/edificio_green_haus10.jpg' title=\"Edificio Green Haus \/ Germ\u00e1n Hauser, Mathias Klotz, Edgardo Minond, Daniela Ziblat (\u00a9 Albano Garc\u00eda)\" data-rl_title=\"Edificio Green Haus \/ Germ\u00e1n Hauser, Mathias Klotz, Edgardo Minond, Daniela Ziblat (\u00a9 Albano Garc\u00eda)\" class=\"rl-gallery-link\" data-rl_caption=\"Edificio Green Haus \/ Germ\u00e1n Hauser, Mathias Klotz, Edgardo Minond, Daniela Ziblat (\u00a9 Albano Garc\u00eda)\" data-rel=\"lightbox-gallery-1\"><img loading=\"lazy\" decoding=\"async\" width=\"150\" height=\"150\" src=\"https:\/\/www.arquimaster.com.ar\/web\/wp-content\/uploads\/2020\/07\/edificio_green_haus10-150x150.jpg\" class=\"attachment-thumbnail size-thumbnail\" alt=\"\" aria-describedby=\"gallery-1-57377\" srcset=\"https:\/\/www.arquimaster.com.ar\/web\/wp-content\/uploads\/2020\/07\/edificio_green_haus10-150x150.jpg 150w, https:\/\/www.arquimaster.com.ar\/web\/wp-content\/uploads\/2020\/07\/edificio_green_haus10-1024x1024.jpg 1024w, https:\/\/www.arquimaster.com.ar\/web\/wp-content\/uploads\/2020\/07\/edificio_green_haus10-768x768.jpg 768w, https:\/\/www.arquimaster.com.ar\/web\/wp-content\/uploads\/2020\/07\/edificio_green_haus10.jpg 1500w\" sizes=\"auto, (max-width: 150px) 100vw, 150px\" \/><\/a>\n\t\t\t<\/div>\n\t\t\t\t<figcaption class='wp-caption-text gallery-caption' id='gallery-1-57377'>\n\t\t\t\tEdificio Green Haus \/ Germ\u00e1n Hauser, Mathias Klotz, Edgardo Minond, Daniela Ziblat (\u00a9 Albano Garc\u00eda)\n\t\t\t\t<\/figcaption><\/figure><figure class='gallery-item'>\n\t\t\t<div class='gallery-icon landscape'>\n\t\t\t\t<a href='https:\/\/www.arquimaster.com.ar\/web\/wp-content\/uploads\/2020\/07\/edificio_green_haus11.jpg' title=\"Edificio Green Haus \/ Germ\u00e1n Hauser, Mathias Klotz, Edgardo Minond, Daniela Ziblat (\u00a9 Albano Garc\u00eda)\" data-rl_title=\"Edificio Green Haus \/ Germ\u00e1n Hauser, Mathias Klotz, Edgardo Minond, Daniela Ziblat (\u00a9 Albano Garc\u00eda)\" class=\"rl-gallery-link\" data-rl_caption=\"Edificio Green Haus \/ Germ\u00e1n Hauser, Mathias Klotz, Edgardo Minond, Daniela Ziblat (\u00a9 Albano Garc\u00eda)\" data-rel=\"lightbox-gallery-1\"><img loading=\"lazy\" decoding=\"async\" width=\"150\" height=\"150\" src=\"https:\/\/www.arquimaster.com.ar\/web\/wp-content\/uploads\/2020\/07\/edificio_green_haus11-150x150.jpg\" class=\"attachment-thumbnail size-thumbnail\" alt=\"\" aria-describedby=\"gallery-1-57378\" srcset=\"https:\/\/www.arquimaster.com.ar\/web\/wp-content\/uploads\/2020\/07\/edificio_green_haus11-150x150.jpg 150w, https:\/\/www.arquimaster.com.ar\/web\/wp-content\/uploads\/2020\/07\/edificio_green_haus11-1024x1024.jpg 1024w, https:\/\/www.arquimaster.com.ar\/web\/wp-content\/uploads\/2020\/07\/edificio_green_haus11-768x768.jpg 768w, https:\/\/www.arquimaster.com.ar\/web\/wp-content\/uploads\/2020\/07\/edificio_green_haus11.jpg 1500w\" sizes=\"auto, (max-width: 150px) 100vw, 150px\" \/><\/a>\n\t\t\t<\/div>\n\t\t\t\t<figcaption class='wp-caption-text gallery-caption' id='gallery-1-57378'>\n\t\t\t\tEdificio Green Haus \/ Germ\u00e1n Hauser, Mathias Klotz, Edgardo Minond, Daniela Ziblat (\u00a9 Albano Garc\u00eda)\n\t\t\t\t<\/figcaption><\/figure><figure class='gallery-item'>\n\t\t\t<div class='gallery-icon landscape'>\n\t\t\t\t<a href='https:\/\/www.arquimaster.com.ar\/web\/wp-content\/uploads\/2020\/07\/edificio_green_haus12.jpg' title=\"Edificio Green Haus \/ Germ\u00e1n Hauser, Mathias Klotz, Edgardo Minond, Daniela Ziblat (\u00a9 Albano Garc\u00eda)\" data-rl_title=\"Edificio Green Haus \/ Germ\u00e1n Hauser, Mathias Klotz, Edgardo Minond, Daniela Ziblat (\u00a9 Albano Garc\u00eda)\" class=\"rl-gallery-link\" data-rl_caption=\"Edificio Green Haus \/ Germ\u00e1n Hauser, Mathias Klotz, Edgardo Minond, Daniela Ziblat (\u00a9 Albano Garc\u00eda)\" data-rel=\"lightbox-gallery-1\"><img loading=\"lazy\" decoding=\"async\" width=\"150\" height=\"150\" src=\"https:\/\/www.arquimaster.com.ar\/web\/wp-content\/uploads\/2020\/07\/edificio_green_haus12-150x150.jpg\" class=\"attachment-thumbnail size-thumbnail\" alt=\"\" aria-describedby=\"gallery-1-57379\" srcset=\"https:\/\/www.arquimaster.com.ar\/web\/wp-content\/uploads\/2020\/07\/edificio_green_haus12-150x150.jpg 150w, https:\/\/www.arquimaster.com.ar\/web\/wp-content\/uploads\/2020\/07\/edificio_green_haus12-1024x1024.jpg 1024w, https:\/\/www.arquimaster.com.ar\/web\/wp-content\/uploads\/2020\/07\/edificio_green_haus12-768x768.jpg 768w, https:\/\/www.arquimaster.com.ar\/web\/wp-content\/uploads\/2020\/07\/edificio_green_haus12.jpg 1500w\" sizes=\"auto, (max-width: 150px) 100vw, 150px\" \/><\/a>\n\t\t\t<\/div>\n\t\t\t\t<figcaption class='wp-caption-text gallery-caption' id='gallery-1-57379'>\n\t\t\t\tEdificio Green Haus \/ Germ\u00e1n Hauser, Mathias Klotz, Edgardo Minond, Daniela Ziblat (\u00a9 Albano Garc\u00eda)\n\t\t\t\t<\/figcaption><\/figure><figure class='gallery-item'>\n\t\t\t<div class='gallery-icon landscape'>\n\t\t\t\t<a href='https:\/\/www.arquimaster.com.ar\/web\/wp-content\/uploads\/2020\/07\/edificio_green_haus13.jpg' title=\"Edificio Green Haus \/ Germ\u00e1n Hauser, Mathias Klotz, Edgardo Minond, Daniela Ziblat (\u00a9 Albano Garc\u00eda)\" data-rl_title=\"Edificio Green Haus \/ Germ\u00e1n Hauser, Mathias Klotz, Edgardo Minond, Daniela Ziblat (\u00a9 Albano Garc\u00eda)\" class=\"rl-gallery-link\" data-rl_caption=\"Edificio Green Haus \/ Germ\u00e1n Hauser, Mathias Klotz, Edgardo Minond, Daniela Ziblat (\u00a9 Albano Garc\u00eda)\" data-rel=\"lightbox-gallery-1\"><img loading=\"lazy\" decoding=\"async\" width=\"150\" height=\"150\" src=\"https:\/\/www.arquimaster.com.ar\/web\/wp-content\/uploads\/2020\/07\/edificio_green_haus13-150x150.jpg\" class=\"attachment-thumbnail size-thumbnail\" alt=\"\" aria-describedby=\"gallery-1-57380\" srcset=\"https:\/\/www.arquimaster.com.ar\/web\/wp-content\/uploads\/2020\/07\/edificio_green_haus13-150x150.jpg 150w, https:\/\/www.arquimaster.com.ar\/web\/wp-content\/uploads\/2020\/07\/edificio_green_haus13-1024x1024.jpg 1024w, https:\/\/www.arquimaster.com.ar\/web\/wp-content\/uploads\/2020\/07\/edificio_green_haus13-768x768.jpg 768w, https:\/\/www.arquimaster.com.ar\/web\/wp-content\/uploads\/2020\/07\/edificio_green_haus13.jpg 1500w\" sizes=\"auto, (max-width: 150px) 100vw, 150px\" \/><\/a>\n\t\t\t<\/div>\n\t\t\t\t<figcaption class='wp-caption-text gallery-caption' id='gallery-1-57380'>\n\t\t\t\tEdificio Green Haus \/ Germ\u00e1n Hauser, Mathias Klotz, Edgardo Minond, Daniela Ziblat (\u00a9 Albano Garc\u00eda)\n\t\t\t\t<\/figcaption><\/figure><figure class='gallery-item'>\n\t\t\t<div class='gallery-icon landscape'>\n\t\t\t\t<a href='https:\/\/www.arquimaster.com.ar\/web\/wp-content\/uploads\/2020\/07\/edificio_green_haus14.jpg' title=\"Edificio Green Haus \/ Germ\u00e1n Hauser, Mathias Klotz, Edgardo Minond, Daniela Ziblat (\u00a9 Albano Garc\u00eda)\" data-rl_title=\"Edificio Green Haus \/ Germ\u00e1n Hauser, Mathias Klotz, Edgardo Minond, Daniela Ziblat (\u00a9 Albano Garc\u00eda)\" class=\"rl-gallery-link\" data-rl_caption=\"Edificio Green Haus \/ Germ\u00e1n Hauser, Mathias Klotz, Edgardo Minond, Daniela Ziblat (\u00a9 Albano Garc\u00eda)\" data-rel=\"lightbox-gallery-1\"><img loading=\"lazy\" decoding=\"async\" width=\"150\" height=\"150\" src=\"https:\/\/www.arquimaster.com.ar\/web\/wp-content\/uploads\/2020\/07\/edificio_green_haus14-150x150.jpg\" class=\"attachment-thumbnail size-thumbnail\" alt=\"\" aria-describedby=\"gallery-1-57381\" srcset=\"https:\/\/www.arquimaster.com.ar\/web\/wp-content\/uploads\/2020\/07\/edificio_green_haus14-150x150.jpg 150w, https:\/\/www.arquimaster.com.ar\/web\/wp-content\/uploads\/2020\/07\/edificio_green_haus14-1024x1024.jpg 1024w, https:\/\/www.arquimaster.com.ar\/web\/wp-content\/uploads\/2020\/07\/edificio_green_haus14-768x768.jpg 768w, https:\/\/www.arquimaster.com.ar\/web\/wp-content\/uploads\/2020\/07\/edificio_green_haus14.jpg 1500w\" sizes=\"auto, (max-width: 150px) 100vw, 150px\" \/><\/a>\n\t\t\t<\/div>\n\t\t\t\t<figcaption class='wp-caption-text gallery-caption' id='gallery-1-57381'>\n\t\t\t\tEdificio Green Haus \/ Germ\u00e1n Hauser, Mathias Klotz, Edgardo Minond, Daniela Ziblat (\u00a9 Albano Garc\u00eda)\n\t\t\t\t<\/figcaption><\/figure><figure class='gallery-item'>\n\t\t\t<div class='gallery-icon landscape'>\n\t\t\t\t<a href='https:\/\/www.arquimaster.com.ar\/web\/wp-content\/uploads\/2020\/07\/edificio_green_haus15.jpg' title=\"Edificio Green Haus \/ Germ\u00e1n Hauser, Mathias Klotz, Edgardo Minond, Daniela Ziblat (\u00a9 Albano Garc\u00eda)\" data-rl_title=\"Edificio Green Haus \/ Germ\u00e1n Hauser, Mathias Klotz, Edgardo Minond, Daniela Ziblat (\u00a9 Albano Garc\u00eda)\" class=\"rl-gallery-link\" data-rl_caption=\"Edificio Green Haus \/ Germ\u00e1n Hauser, Mathias Klotz, Edgardo Minond, Daniela Ziblat (\u00a9 Albano Garc\u00eda)\" data-rel=\"lightbox-gallery-1\"><img loading=\"lazy\" decoding=\"async\" width=\"150\" height=\"150\" src=\"https:\/\/www.arquimaster.com.ar\/web\/wp-content\/uploads\/2020\/07\/edificio_green_haus15-150x150.jpg\" class=\"attachment-thumbnail size-thumbnail\" alt=\"\" aria-describedby=\"gallery-1-57382\" srcset=\"https:\/\/www.arquimaster.com.ar\/web\/wp-content\/uploads\/2020\/07\/edificio_green_haus15-150x150.jpg 150w, https:\/\/www.arquimaster.com.ar\/web\/wp-content\/uploads\/2020\/07\/edificio_green_haus15-1024x1024.jpg 1024w, https:\/\/www.arquimaster.com.ar\/web\/wp-content\/uploads\/2020\/07\/edificio_green_haus15-768x768.jpg 768w, https:\/\/www.arquimaster.com.ar\/web\/wp-content\/uploads\/2020\/07\/edificio_green_haus15.jpg 1500w\" sizes=\"auto, (max-width: 150px) 100vw, 150px\" \/><\/a>\n\t\t\t<\/div>\n\t\t\t\t<figcaption class='wp-caption-text gallery-caption' id='gallery-1-57382'>\n\t\t\t\tEdificio Green Haus \/ Germ\u00e1n Hauser, Mathias Klotz, Edgardo Minond, Daniela Ziblat (\u00a9 Albano Garc\u00eda)\n\t\t\t\t<\/figcaption><\/figure><figure class='gallery-item'>\n\t\t\t<div class='gallery-icon landscape'>\n\t\t\t\t<a href='https:\/\/www.arquimaster.com.ar\/web\/wp-content\/uploads\/2020\/07\/edificio_green_haus16.jpg' title=\"Edificio Green Haus \/ Germ\u00e1n Hauser, Mathias Klotz, Edgardo Minond, Daniela Ziblat (\u00a9 Albano Garc\u00eda)\" data-rl_title=\"Edificio Green Haus \/ Germ\u00e1n Hauser, Mathias Klotz, Edgardo Minond, Daniela Ziblat (\u00a9 Albano Garc\u00eda)\" class=\"rl-gallery-link\" data-rl_caption=\"Edificio Green Haus \/ Germ\u00e1n Hauser, Mathias Klotz, Edgardo Minond, Daniela Ziblat (\u00a9 Albano Garc\u00eda)\" data-rel=\"lightbox-gallery-1\"><img loading=\"lazy\" decoding=\"async\" width=\"150\" height=\"150\" src=\"https:\/\/www.arquimaster.com.ar\/web\/wp-content\/uploads\/2020\/07\/edificio_green_haus16-150x150.jpg\" class=\"attachment-thumbnail size-thumbnail\" alt=\"\" aria-describedby=\"gallery-1-57383\" srcset=\"https:\/\/www.arquimaster.com.ar\/web\/wp-content\/uploads\/2020\/07\/edificio_green_haus16-150x150.jpg 150w, https:\/\/www.arquimaster.com.ar\/web\/wp-content\/uploads\/2020\/07\/edificio_green_haus16-1024x1024.jpg 1024w, https:\/\/www.arquimaster.com.ar\/web\/wp-content\/uploads\/2020\/07\/edificio_green_haus16-768x768.jpg 768w, https:\/\/www.arquimaster.com.ar\/web\/wp-content\/uploads\/2020\/07\/edificio_green_haus16.jpg 1500w\" sizes=\"auto, (max-width: 150px) 100vw, 150px\" \/><\/a>\n\t\t\t<\/div>\n\t\t\t\t<figcaption class='wp-caption-text gallery-caption' id='gallery-1-57383'>\n\t\t\t\tEdificio Green Haus \/ Germ\u00e1n Hauser, Mathias Klotz, Edgardo Minond, Daniela Ziblat (\u00a9 Albano Garc\u00eda)\n\t\t\t\t<\/figcaption><\/figure><figure class='gallery-item'>\n\t\t\t<div class='gallery-icon landscape'>\n\t\t\t\t<a href='https:\/\/www.arquimaster.com.ar\/web\/wp-content\/uploads\/2020\/07\/edificio_green_haus17.jpg' title=\"Edificio Green Haus \/ Germ\u00e1n Hauser, Mathias Klotz, Edgardo Minond, Daniela Ziblat (\u00a9 Albano Garc\u00eda)\" data-rl_title=\"Edificio Green Haus \/ Germ\u00e1n Hauser, Mathias Klotz, Edgardo Minond, Daniela Ziblat (\u00a9 Albano Garc\u00eda)\" class=\"rl-gallery-link\" data-rl_caption=\"Edificio Green Haus \/ Germ\u00e1n Hauser, Mathias Klotz, Edgardo Minond, Daniela Ziblat (\u00a9 Albano Garc\u00eda)\" data-rel=\"lightbox-gallery-1\"><img loading=\"lazy\" decoding=\"async\" width=\"150\" height=\"150\" src=\"https:\/\/www.arquimaster.com.ar\/web\/wp-content\/uploads\/2020\/07\/edificio_green_haus17-150x150.jpg\" class=\"attachment-thumbnail size-thumbnail\" alt=\"\" aria-describedby=\"gallery-1-57384\" srcset=\"https:\/\/www.arquimaster.com.ar\/web\/wp-content\/uploads\/2020\/07\/edificio_green_haus17-150x150.jpg 150w, https:\/\/www.arquimaster.com.ar\/web\/wp-content\/uploads\/2020\/07\/edificio_green_haus17-1024x1024.jpg 1024w, https:\/\/www.arquimaster.com.ar\/web\/wp-content\/uploads\/2020\/07\/edificio_green_haus17-768x768.jpg 768w, https:\/\/www.arquimaster.com.ar\/web\/wp-content\/uploads\/2020\/07\/edificio_green_haus17.jpg 1500w\" sizes=\"auto, (max-width: 150px) 100vw, 150px\" \/><\/a>\n\t\t\t<\/div>\n\t\t\t\t<figcaption class='wp-caption-text gallery-caption' id='gallery-1-57384'>\n\t\t\t\tEdificio Green Haus \/ Germ\u00e1n Hauser, Mathias Klotz, Edgardo Minond, Daniela Ziblat (\u00a9 Albano Garc\u00eda)\n\t\t\t\t<\/figcaption><\/figure><figure class='gallery-item'>\n\t\t\t<div class='gallery-icon landscape'>\n\t\t\t\t<a href='https:\/\/www.arquimaster.com.ar\/web\/wp-content\/uploads\/2020\/07\/edificio_green_haus18.jpg' title=\"Edificio Green Haus \/ Germ\u00e1n Hauser, Mathias Klotz, Edgardo Minond, Daniela Ziblat (\u00a9 Albano Garc\u00eda)\" data-rl_title=\"Edificio Green Haus \/ Germ\u00e1n Hauser, Mathias Klotz, Edgardo Minond, Daniela Ziblat (\u00a9 Albano Garc\u00eda)\" class=\"rl-gallery-link\" data-rl_caption=\"Edificio Green Haus \/ Germ\u00e1n Hauser, Mathias Klotz, Edgardo Minond, Daniela Ziblat (\u00a9 Albano Garc\u00eda)\" data-rel=\"lightbox-gallery-1\"><img loading=\"lazy\" decoding=\"async\" width=\"150\" height=\"150\" src=\"https:\/\/www.arquimaster.com.ar\/web\/wp-content\/uploads\/2020\/07\/edificio_green_haus18-150x150.jpg\" class=\"attachment-thumbnail size-thumbnail\" alt=\"\" aria-describedby=\"gallery-1-57385\" srcset=\"https:\/\/www.arquimaster.com.ar\/web\/wp-content\/uploads\/2020\/07\/edificio_green_haus18-150x150.jpg 150w, https:\/\/www.arquimaster.com.ar\/web\/wp-content\/uploads\/2020\/07\/edificio_green_haus18-1024x1024.jpg 1024w, https:\/\/www.arquimaster.com.ar\/web\/wp-content\/uploads\/2020\/07\/edificio_green_haus18-768x768.jpg 768w, https:\/\/www.arquimaster.com.ar\/web\/wp-content\/uploads\/2020\/07\/edificio_green_haus18.jpg 1500w\" sizes=\"auto, (max-width: 150px) 100vw, 150px\" \/><\/a>\n\t\t\t<\/div>\n\t\t\t\t<figcaption class='wp-caption-text gallery-caption' id='gallery-1-57385'>\n\t\t\t\tEdificio Green Haus \/ Germ\u00e1n Hauser, Mathias Klotz, Edgardo Minond, Daniela Ziblat (\u00a9 Albano Garc\u00eda)\n\t\t\t\t<\/figcaption><\/figure><figure class='gallery-item'>\n\t\t\t<div class='gallery-icon landscape'>\n\t\t\t\t<a href='https:\/\/www.arquimaster.com.ar\/web\/wp-content\/uploads\/2020\/07\/edificio_green_haus19.jpg' title=\"Edificio Green Haus \/ Germ\u00e1n Hauser, Mathias Klotz, Edgardo Minond, Daniela Ziblat (\u00a9 Albano Garc\u00eda)\" data-rl_title=\"Edificio Green Haus \/ Germ\u00e1n Hauser, Mathias Klotz, Edgardo Minond, Daniela Ziblat (\u00a9 Albano Garc\u00eda)\" class=\"rl-gallery-link\" data-rl_caption=\"Edificio Green Haus \/ Germ\u00e1n Hauser, Mathias Klotz, Edgardo Minond, Daniela Ziblat (\u00a9 Albano Garc\u00eda)\" data-rel=\"lightbox-gallery-1\"><img loading=\"lazy\" decoding=\"async\" width=\"150\" height=\"150\" src=\"https:\/\/www.arquimaster.com.ar\/web\/wp-content\/uploads\/2020\/07\/edificio_green_haus19-150x150.jpg\" class=\"attachment-thumbnail size-thumbnail\" alt=\"\" aria-describedby=\"gallery-1-57386\" srcset=\"https:\/\/www.arquimaster.com.ar\/web\/wp-content\/uploads\/2020\/07\/edificio_green_haus19-150x150.jpg 150w, https:\/\/www.arquimaster.com.ar\/web\/wp-content\/uploads\/2020\/07\/edificio_green_haus19-1024x1024.jpg 1024w, https:\/\/www.arquimaster.com.ar\/web\/wp-content\/uploads\/2020\/07\/edificio_green_haus19-768x768.jpg 768w, https:\/\/www.arquimaster.com.ar\/web\/wp-content\/uploads\/2020\/07\/edificio_green_haus19.jpg 1500w\" sizes=\"auto, (max-width: 150px) 100vw, 150px\" \/><\/a>\n\t\t\t<\/div>\n\t\t\t\t<figcaption class='wp-caption-text gallery-caption' id='gallery-1-57386'>\n\t\t\t\tEdificio Green Haus \/ Germ\u00e1n Hauser, Mathias Klotz, Edgardo Minond, Daniela Ziblat (\u00a9 Albano Garc\u00eda)\n\t\t\t\t<\/figcaption><\/figure><figure class='gallery-item'>\n\t\t\t<div class='gallery-icon landscape'>\n\t\t\t\t<a href='https:\/\/www.arquimaster.com.ar\/web\/wp-content\/uploads\/2020\/07\/edificio_green_haus20.jpg' title=\"Edificio Green Haus \/ Germ\u00e1n Hauser, Mathias Klotz, Edgardo Minond, Daniela Ziblat (\u00a9 Albano Garc\u00eda)\" data-rl_title=\"Edificio Green Haus \/ Germ\u00e1n Hauser, Mathias Klotz, Edgardo Minond, Daniela Ziblat (\u00a9 Albano Garc\u00eda)\" class=\"rl-gallery-link\" data-rl_caption=\"Edificio Green Haus \/ Germ\u00e1n Hauser, Mathias Klotz, Edgardo Minond, Daniela Ziblat (\u00a9 Albano Garc\u00eda)\" data-rel=\"lightbox-gallery-1\"><img loading=\"lazy\" decoding=\"async\" width=\"150\" height=\"150\" src=\"https:\/\/www.arquimaster.com.ar\/web\/wp-content\/uploads\/2020\/07\/edificio_green_haus20-150x150.jpg\" class=\"attachment-thumbnail size-thumbnail\" alt=\"\" aria-describedby=\"gallery-1-57387\" srcset=\"https:\/\/www.arquimaster.com.ar\/web\/wp-content\/uploads\/2020\/07\/edificio_green_haus20-150x150.jpg 150w, https:\/\/www.arquimaster.com.ar\/web\/wp-content\/uploads\/2020\/07\/edificio_green_haus20-1024x1024.jpg 1024w, https:\/\/www.arquimaster.com.ar\/web\/wp-content\/uploads\/2020\/07\/edificio_green_haus20-768x768.jpg 768w, https:\/\/www.arquimaster.com.ar\/web\/wp-content\/uploads\/2020\/07\/edificio_green_haus20.jpg 1500w\" sizes=\"auto, (max-width: 150px) 100vw, 150px\" \/><\/a>\n\t\t\t<\/div>\n\t\t\t\t<figcaption class='wp-caption-text gallery-caption' id='gallery-1-57387'>\n\t\t\t\tEdificio Green Haus \/ Germ\u00e1n Hauser, Mathias Klotz, Edgardo Minond, Daniela Ziblat (\u00a9 Albano Garc\u00eda)\n\t\t\t\t<\/figcaption><\/figure><figure class='gallery-item'>\n\t\t\t<div class='gallery-icon landscape'>\n\t\t\t\t<a href='https:\/\/www.arquimaster.com.ar\/web\/wp-content\/uploads\/2020\/07\/edificio_green_haus21.jpg' title=\"Edificio Green Haus \/ Germ\u00e1n Hauser, Mathias Klotz, Edgardo Minond, Daniela Ziblat (planta baja)\" data-rl_title=\"Edificio Green Haus \/ Germ\u00e1n Hauser, Mathias Klotz, Edgardo Minond, Daniela Ziblat (planta baja)\" class=\"rl-gallery-link\" data-rl_caption=\"Edificio Green Haus \/ Germ\u00e1n Hauser, Mathias Klotz, Edgardo Minond, Daniela Ziblat (planta baja)\" data-rel=\"lightbox-gallery-1\"><img loading=\"lazy\" decoding=\"async\" width=\"150\" height=\"150\" src=\"https:\/\/www.arquimaster.com.ar\/web\/wp-content\/uploads\/2020\/07\/edificio_green_haus21-150x150.jpg\" class=\"attachment-thumbnail size-thumbnail\" alt=\"\" aria-describedby=\"gallery-1-57388\" srcset=\"https:\/\/www.arquimaster.com.ar\/web\/wp-content\/uploads\/2020\/07\/edificio_green_haus21-150x150.jpg 150w, https:\/\/www.arquimaster.com.ar\/web\/wp-content\/uploads\/2020\/07\/edificio_green_haus21-1024x1024.jpg 1024w, https:\/\/www.arquimaster.com.ar\/web\/wp-content\/uploads\/2020\/07\/edificio_green_haus21-768x768.jpg 768w, https:\/\/www.arquimaster.com.ar\/web\/wp-content\/uploads\/2020\/07\/edificio_green_haus21.jpg 1500w\" sizes=\"auto, (max-width: 150px) 100vw, 150px\" \/><\/a>\n\t\t\t<\/div>\n\t\t\t\t<figcaption class='wp-caption-text gallery-caption' id='gallery-1-57388'>\n\t\t\t\tEdificio Green Haus \/ Germ\u00e1n Hauser, Mathias Klotz, Edgardo Minond, Daniela Ziblat (planta baja)\n\t\t\t\t<\/figcaption><\/figure><figure class='gallery-item'>\n\t\t\t<div class='gallery-icon landscape'>\n\t\t\t\t<a href='https:\/\/www.arquimaster.com.ar\/web\/wp-content\/uploads\/2020\/07\/edificio_green_haus22.jpg' title=\"Edificio Green Haus \/ Germ\u00e1n Hauser, Mathias Klotz, Edgardo Minond, Daniela Ziblat (planta 2\u00ba piso)\" data-rl_title=\"Edificio Green Haus \/ Germ\u00e1n Hauser, Mathias Klotz, Edgardo Minond, Daniela Ziblat (planta 2\u00ba piso)\" class=\"rl-gallery-link\" data-rl_caption=\"Edificio Green Haus \/ Germ\u00e1n Hauser, Mathias Klotz, Edgardo Minond, Daniela Ziblat (planta 2\u00ba piso)\" data-rel=\"lightbox-gallery-1\"><img loading=\"lazy\" decoding=\"async\" width=\"150\" height=\"150\" src=\"https:\/\/www.arquimaster.com.ar\/web\/wp-content\/uploads\/2020\/07\/edificio_green_haus22-150x150.jpg\" class=\"attachment-thumbnail size-thumbnail\" alt=\"\" aria-describedby=\"gallery-1-57389\" srcset=\"https:\/\/www.arquimaster.com.ar\/web\/wp-content\/uploads\/2020\/07\/edificio_green_haus22-150x150.jpg 150w, https:\/\/www.arquimaster.com.ar\/web\/wp-content\/uploads\/2020\/07\/edificio_green_haus22-1024x1024.jpg 1024w, https:\/\/www.arquimaster.com.ar\/web\/wp-content\/uploads\/2020\/07\/edificio_green_haus22-768x768.jpg 768w, https:\/\/www.arquimaster.com.ar\/web\/wp-content\/uploads\/2020\/07\/edificio_green_haus22.jpg 1500w\" sizes=\"auto, (max-width: 150px) 100vw, 150px\" \/><\/a>\n\t\t\t<\/div>\n\t\t\t\t<figcaption class='wp-caption-text gallery-caption' id='gallery-1-57389'>\n\t\t\t\tEdificio Green Haus \/ Germ\u00e1n Hauser, Mathias Klotz, Edgardo Minond, Daniela Ziblat (planta 2\u00ba piso)\n\t\t\t\t<\/figcaption><\/figure><figure class='gallery-item'>\n\t\t\t<div class='gallery-icon landscape'>\n\t\t\t\t<a href='https:\/\/www.arquimaster.com.ar\/web\/wp-content\/uploads\/2020\/07\/edificio_green_haus24.jpg' title=\"Edificio Green Haus \/ Germ\u00e1n Hauser, Mathias Klotz, Edgardo Minond, Daniela Ziblat (planta 2\u00ba subsuelo)\" data-rl_title=\"Edificio Green Haus \/ Germ\u00e1n Hauser, Mathias Klotz, Edgardo Minond, Daniela Ziblat (planta 2\u00ba subsuelo)\" class=\"rl-gallery-link\" data-rl_caption=\"Edificio Green Haus \/ Germ\u00e1n Hauser, Mathias Klotz, Edgardo Minond, Daniela Ziblat (planta 2\u00ba subsuelo)\" data-rel=\"lightbox-gallery-1\"><img loading=\"lazy\" decoding=\"async\" width=\"150\" height=\"150\" src=\"https:\/\/www.arquimaster.com.ar\/web\/wp-content\/uploads\/2020\/07\/edificio_green_haus24-150x150.jpg\" class=\"attachment-thumbnail size-thumbnail\" alt=\"\" aria-describedby=\"gallery-1-57390\" srcset=\"https:\/\/www.arquimaster.com.ar\/web\/wp-content\/uploads\/2020\/07\/edificio_green_haus24-150x150.jpg 150w, https:\/\/www.arquimaster.com.ar\/web\/wp-content\/uploads\/2020\/07\/edificio_green_haus24-1024x1024.jpg 1024w, https:\/\/www.arquimaster.com.ar\/web\/wp-content\/uploads\/2020\/07\/edificio_green_haus24-768x768.jpg 768w, https:\/\/www.arquimaster.com.ar\/web\/wp-content\/uploads\/2020\/07\/edificio_green_haus24.jpg 1500w\" sizes=\"auto, (max-width: 150px) 100vw, 150px\" \/><\/a>\n\t\t\t<\/div>\n\t\t\t\t<figcaption class='wp-caption-text gallery-caption' id='gallery-1-57390'>\n\t\t\t\tEdificio Green Haus \/ Germ\u00e1n Hauser, Mathias Klotz, Edgardo Minond, Daniela Ziblat (planta 2\u00ba subsuelo)\n\t\t\t\t<\/figcaption><\/figure><figure class='gallery-item'>\n\t\t\t<div class='gallery-icon landscape'>\n\t\t\t\t<a href='https:\/\/www.arquimaster.com.ar\/web\/wp-content\/uploads\/2020\/07\/edificio_green_haus25.jpg' title=\"Edificio Green Haus \/ Germ\u00e1n Hauser, Mathias Klotz, Edgardo Minond, Daniela Ziblat (planta 1\u00ba subselo)\" data-rl_title=\"Edificio Green Haus \/ Germ\u00e1n Hauser, Mathias Klotz, Edgardo Minond, Daniela Ziblat (planta 1\u00ba subselo)\" class=\"rl-gallery-link\" data-rl_caption=\"Edificio Green Haus \/ Germ\u00e1n Hauser, Mathias Klotz, Edgardo Minond, Daniela Ziblat (planta 1\u00ba subselo)\" data-rel=\"lightbox-gallery-1\"><img loading=\"lazy\" decoding=\"async\" width=\"150\" height=\"150\" src=\"https:\/\/www.arquimaster.com.ar\/web\/wp-content\/uploads\/2020\/07\/edificio_green_haus25-150x150.jpg\" class=\"attachment-thumbnail size-thumbnail\" alt=\"\" aria-describedby=\"gallery-1-57391\" srcset=\"https:\/\/www.arquimaster.com.ar\/web\/wp-content\/uploads\/2020\/07\/edificio_green_haus25-150x150.jpg 150w, https:\/\/www.arquimaster.com.ar\/web\/wp-content\/uploads\/2020\/07\/edificio_green_haus25-1024x1024.jpg 1024w, https:\/\/www.arquimaster.com.ar\/web\/wp-content\/uploads\/2020\/07\/edificio_green_haus25-768x768.jpg 768w, https:\/\/www.arquimaster.com.ar\/web\/wp-content\/uploads\/2020\/07\/edificio_green_haus25.jpg 1500w\" sizes=\"auto, (max-width: 150px) 100vw, 150px\" \/><\/a>\n\t\t\t<\/div>\n\t\t\t\t<figcaption class='wp-caption-text gallery-caption' id='gallery-1-57391'>\n\t\t\t\tEdificio Green Haus \/ Germ\u00e1n Hauser, Mathias Klotz, Edgardo Minond, Daniela Ziblat (planta 1\u00ba subselo)\n\t\t\t\t<\/figcaption><\/figure><figure class='gallery-item'>\n\t\t\t<div class='gallery-icon landscape'>\n\t\t\t\t<a href='https:\/\/www.arquimaster.com.ar\/web\/wp-content\/uploads\/2020\/07\/edificio_green_haus26.jpg' title=\"Edificio Green Haus \/ Germ\u00e1n Hauser, Mathias Klotz, Edgardo Minond, Daniela Ziblat (planta baja)\" data-rl_title=\"Edificio Green Haus \/ Germ\u00e1n Hauser, Mathias Klotz, Edgardo Minond, Daniela Ziblat (planta baja)\" class=\"rl-gallery-link\" data-rl_caption=\"Edificio Green Haus \/ Germ\u00e1n Hauser, Mathias Klotz, Edgardo Minond, Daniela Ziblat (planta baja)\" data-rel=\"lightbox-gallery-1\"><img loading=\"lazy\" decoding=\"async\" width=\"150\" height=\"150\" src=\"https:\/\/www.arquimaster.com.ar\/web\/wp-content\/uploads\/2020\/07\/edificio_green_haus26-150x150.jpg\" class=\"attachment-thumbnail size-thumbnail\" alt=\"\" aria-describedby=\"gallery-1-57392\" srcset=\"https:\/\/www.arquimaster.com.ar\/web\/wp-content\/uploads\/2020\/07\/edificio_green_haus26-150x150.jpg 150w, https:\/\/www.arquimaster.com.ar\/web\/wp-content\/uploads\/2020\/07\/edificio_green_haus26-1024x1024.jpg 1024w, https:\/\/www.arquimaster.com.ar\/web\/wp-content\/uploads\/2020\/07\/edificio_green_haus26-768x768.jpg 768w, https:\/\/www.arquimaster.com.ar\/web\/wp-content\/uploads\/2020\/07\/edificio_green_haus26.jpg 1500w\" sizes=\"auto, (max-width: 150px) 100vw, 150px\" \/><\/a>\n\t\t\t<\/div>\n\t\t\t\t<figcaption class='wp-caption-text gallery-caption' id='gallery-1-57392'>\n\t\t\t\tEdificio Green Haus \/ Germ\u00e1n Hauser, Mathias Klotz, Edgardo Minond, Daniela Ziblat (planta baja)\n\t\t\t\t<\/figcaption><\/figure><figure class='gallery-item'>\n\t\t\t<div class='gallery-icon landscape'>\n\t\t\t\t<a href='https:\/\/www.arquimaster.com.ar\/web\/wp-content\/uploads\/2020\/07\/edificio_green_haus27.jpg' title=\"Edificio Green Haus \/ Germ\u00e1n Hauser, Mathias Klotz, Edgardo Minond, Daniela Ziblat (planta 1\u00ba piso)\" data-rl_title=\"Edificio Green Haus \/ Germ\u00e1n Hauser, Mathias Klotz, Edgardo Minond, Daniela Ziblat (planta 1\u00ba piso)\" class=\"rl-gallery-link\" data-rl_caption=\"Edificio Green Haus \/ Germ\u00e1n Hauser, Mathias Klotz, Edgardo Minond, Daniela Ziblat (planta 1\u00ba piso)\" data-rel=\"lightbox-gallery-1\"><img loading=\"lazy\" decoding=\"async\" width=\"150\" height=\"150\" src=\"https:\/\/www.arquimaster.com.ar\/web\/wp-content\/uploads\/2020\/07\/edificio_green_haus27-150x150.jpg\" class=\"attachment-thumbnail size-thumbnail\" alt=\"\" aria-describedby=\"gallery-1-57393\" srcset=\"https:\/\/www.arquimaster.com.ar\/web\/wp-content\/uploads\/2020\/07\/edificio_green_haus27-150x150.jpg 150w, https:\/\/www.arquimaster.com.ar\/web\/wp-content\/uploads\/2020\/07\/edificio_green_haus27-1024x1024.jpg 1024w, https:\/\/www.arquimaster.com.ar\/web\/wp-content\/uploads\/2020\/07\/edificio_green_haus27-768x768.jpg 768w, https:\/\/www.arquimaster.com.ar\/web\/wp-content\/uploads\/2020\/07\/edificio_green_haus27.jpg 1500w\" sizes=\"auto, (max-width: 150px) 100vw, 150px\" \/><\/a>\n\t\t\t<\/div>\n\t\t\t\t<figcaption class='wp-caption-text gallery-caption' id='gallery-1-57393'>\n\t\t\t\tEdificio Green Haus \/ Germ\u00e1n Hauser, Mathias Klotz, Edgardo Minond, Daniela Ziblat (planta 1\u00ba piso)\n\t\t\t\t<\/figcaption><\/figure><figure class='gallery-item'>\n\t\t\t<div class='gallery-icon landscape'>\n\t\t\t\t<a href='https:\/\/www.arquimaster.com.ar\/web\/wp-content\/uploads\/2020\/07\/edificio_green_haus28.jpg' title=\"Edificio Green Haus \/ Germ\u00e1n Hauser, Mathias Klotz, Edgardo Minond, Daniela Ziblat (planta 2\u00ba piso)\" data-rl_title=\"Edificio Green Haus \/ Germ\u00e1n Hauser, Mathias Klotz, Edgardo Minond, Daniela Ziblat (planta 2\u00ba piso)\" class=\"rl-gallery-link\" data-rl_caption=\"Edificio Green Haus \/ Germ\u00e1n Hauser, Mathias Klotz, Edgardo Minond, Daniela Ziblat (planta 2\u00ba piso)\" data-rel=\"lightbox-gallery-1\"><img loading=\"lazy\" decoding=\"async\" width=\"150\" height=\"150\" src=\"https:\/\/www.arquimaster.com.ar\/web\/wp-content\/uploads\/2020\/07\/edificio_green_haus28-150x150.jpg\" class=\"attachment-thumbnail size-thumbnail\" alt=\"\" aria-describedby=\"gallery-1-57394\" srcset=\"https:\/\/www.arquimaster.com.ar\/web\/wp-content\/uploads\/2020\/07\/edificio_green_haus28-150x150.jpg 150w, https:\/\/www.arquimaster.com.ar\/web\/wp-content\/uploads\/2020\/07\/edificio_green_haus28-1024x1024.jpg 1024w, https:\/\/www.arquimaster.com.ar\/web\/wp-content\/uploads\/2020\/07\/edificio_green_haus28-768x768.jpg 768w, https:\/\/www.arquimaster.com.ar\/web\/wp-content\/uploads\/2020\/07\/edificio_green_haus28.jpg 1500w\" sizes=\"auto, (max-width: 150px) 100vw, 150px\" \/><\/a>\n\t\t\t<\/div>\n\t\t\t\t<figcaption class='wp-caption-text gallery-caption' id='gallery-1-57394'>\n\t\t\t\tEdificio Green Haus \/ Germ\u00e1n Hauser, Mathias Klotz, Edgardo Minond, Daniela Ziblat (planta 2\u00ba piso)\n\t\t\t\t<\/figcaption><\/figure><figure class='gallery-item'>\n\t\t\t<div class='gallery-icon landscape'>\n\t\t\t\t<a href='https:\/\/www.arquimaster.com.ar\/web\/wp-content\/uploads\/2020\/07\/edificio_green_haus29.jpg' title=\"Edificio Green Haus \/ Germ\u00e1n Hauser, Mathias Klotz, Edgardo Minond, Daniela Ziblat (planta 3\u00ba piso)\" data-rl_title=\"Edificio Green Haus \/ Germ\u00e1n Hauser, Mathias Klotz, Edgardo Minond, Daniela Ziblat (planta 3\u00ba piso)\" class=\"rl-gallery-link\" data-rl_caption=\"Edificio Green Haus \/ Germ\u00e1n Hauser, Mathias Klotz, Edgardo Minond, Daniela Ziblat (planta 3\u00ba piso)\" data-rel=\"lightbox-gallery-1\"><img loading=\"lazy\" decoding=\"async\" width=\"150\" height=\"150\" src=\"https:\/\/www.arquimaster.com.ar\/web\/wp-content\/uploads\/2020\/07\/edificio_green_haus29-150x150.jpg\" class=\"attachment-thumbnail size-thumbnail\" alt=\"\" aria-describedby=\"gallery-1-57395\" srcset=\"https:\/\/www.arquimaster.com.ar\/web\/wp-content\/uploads\/2020\/07\/edificio_green_haus29-150x150.jpg 150w, https:\/\/www.arquimaster.com.ar\/web\/wp-content\/uploads\/2020\/07\/edificio_green_haus29-1024x1024.jpg 1024w, https:\/\/www.arquimaster.com.ar\/web\/wp-content\/uploads\/2020\/07\/edificio_green_haus29-768x768.jpg 768w, https:\/\/www.arquimaster.com.ar\/web\/wp-content\/uploads\/2020\/07\/edificio_green_haus29.jpg 1500w\" sizes=\"auto, (max-width: 150px) 100vw, 150px\" \/><\/a>\n\t\t\t<\/div>\n\t\t\t\t<figcaption class='wp-caption-text gallery-caption' id='gallery-1-57395'>\n\t\t\t\tEdificio Green Haus \/ Germ\u00e1n Hauser, Mathias Klotz, Edgardo Minond, Daniela Ziblat (planta 3\u00ba piso)\n\t\t\t\t<\/figcaption><\/figure><figure class='gallery-item'>\n\t\t\t<div class='gallery-icon landscape'>\n\t\t\t\t<a href='https:\/\/www.arquimaster.com.ar\/web\/wp-content\/uploads\/2020\/07\/edificio_green_haus30.jpg' title=\"Edificio Green Haus \/ Germ\u00e1n Hauser, Mathias Klotz, Edgardo Minond, Daniela Ziblat (planta 4\u00ba piso)\" data-rl_title=\"Edificio Green Haus \/ Germ\u00e1n Hauser, Mathias Klotz, Edgardo Minond, Daniela Ziblat (planta 4\u00ba piso)\" class=\"rl-gallery-link\" data-rl_caption=\"Edificio Green Haus \/ Germ\u00e1n Hauser, Mathias Klotz, Edgardo Minond, Daniela Ziblat (planta 4\u00ba piso)\" data-rel=\"lightbox-gallery-1\"><img loading=\"lazy\" decoding=\"async\" width=\"150\" height=\"150\" src=\"https:\/\/www.arquimaster.com.ar\/web\/wp-content\/uploads\/2020\/07\/edificio_green_haus30-150x150.jpg\" class=\"attachment-thumbnail size-thumbnail\" alt=\"\" aria-describedby=\"gallery-1-57396\" srcset=\"https:\/\/www.arquimaster.com.ar\/web\/wp-content\/uploads\/2020\/07\/edificio_green_haus30-150x150.jpg 150w, https:\/\/www.arquimaster.com.ar\/web\/wp-content\/uploads\/2020\/07\/edificio_green_haus30-1024x1024.jpg 1024w, https:\/\/www.arquimaster.com.ar\/web\/wp-content\/uploads\/2020\/07\/edificio_green_haus30-768x768.jpg 768w, https:\/\/www.arquimaster.com.ar\/web\/wp-content\/uploads\/2020\/07\/edificio_green_haus30.jpg 1500w\" sizes=\"auto, (max-width: 150px) 100vw, 150px\" \/><\/a>\n\t\t\t<\/div>\n\t\t\t\t<figcaption class='wp-caption-text gallery-caption' id='gallery-1-57396'>\n\t\t\t\tEdificio Green Haus \/ Germ\u00e1n Hauser, Mathias Klotz, Edgardo Minond, Daniela Ziblat (planta 4\u00ba piso)\n\t\t\t\t<\/figcaption><\/figure><figure class='gallery-item'>\n\t\t\t<div class='gallery-icon landscape'>\n\t\t\t\t<a href='https:\/\/www.arquimaster.com.ar\/web\/wp-content\/uploads\/2020\/07\/edificio_green_haus31.jpg' title=\"Edificio Green Haus \/ Germ\u00e1n Hauser, Mathias Klotz, Edgardo Minond, Daniela Ziblat (planta 5\u00ba piso)\" data-rl_title=\"Edificio Green Haus \/ Germ\u00e1n Hauser, Mathias Klotz, Edgardo Minond, Daniela Ziblat (planta 5\u00ba piso)\" class=\"rl-gallery-link\" data-rl_caption=\"Edificio Green Haus \/ Germ\u00e1n Hauser, Mathias Klotz, Edgardo Minond, Daniela Ziblat (planta 5\u00ba piso)\" data-rel=\"lightbox-gallery-1\"><img loading=\"lazy\" decoding=\"async\" width=\"150\" height=\"150\" src=\"https:\/\/www.arquimaster.com.ar\/web\/wp-content\/uploads\/2020\/07\/edificio_green_haus31-150x150.jpg\" class=\"attachment-thumbnail size-thumbnail\" alt=\"\" aria-describedby=\"gallery-1-57397\" srcset=\"https:\/\/www.arquimaster.com.ar\/web\/wp-content\/uploads\/2020\/07\/edificio_green_haus31-150x150.jpg 150w, https:\/\/www.arquimaster.com.ar\/web\/wp-content\/uploads\/2020\/07\/edificio_green_haus31-1024x1024.jpg 1024w, https:\/\/www.arquimaster.com.ar\/web\/wp-content\/uploads\/2020\/07\/edificio_green_haus31-768x768.jpg 768w, https:\/\/www.arquimaster.com.ar\/web\/wp-content\/uploads\/2020\/07\/edificio_green_haus31.jpg 1500w\" sizes=\"auto, (max-width: 150px) 100vw, 150px\" \/><\/a>\n\t\t\t<\/div>\n\t\t\t\t<figcaption class='wp-caption-text gallery-caption' id='gallery-1-57397'>\n\t\t\t\tEdificio Green Haus \/ Germ\u00e1n Hauser, Mathias Klotz, Edgardo Minond, Daniela Ziblat (planta 5\u00ba piso)\n\t\t\t\t<\/figcaption><\/figure><figure class='gallery-item'>\n\t\t\t<div class='gallery-icon landscape'>\n\t\t\t\t<a href='https:\/\/www.arquimaster.com.ar\/web\/wp-content\/uploads\/2020\/07\/edificio_green_haus32.jpg' title=\"Edificio Green Haus \/ Germ\u00e1n Hauser, Mathias Klotz, Edgardo Minond, Daniela Ziblat (planta terraza)\" data-rl_title=\"Edificio Green Haus \/ Germ\u00e1n Hauser, Mathias Klotz, Edgardo Minond, Daniela Ziblat (planta terraza)\" class=\"rl-gallery-link\" data-rl_caption=\"Edificio Green Haus \/ Germ\u00e1n Hauser, Mathias Klotz, Edgardo Minond, Daniela Ziblat (planta terraza)\" data-rel=\"lightbox-gallery-1\"><img loading=\"lazy\" decoding=\"async\" width=\"150\" height=\"150\" src=\"https:\/\/www.arquimaster.com.ar\/web\/wp-content\/uploads\/2020\/07\/edificio_green_haus32-150x150.jpg\" class=\"attachment-thumbnail size-thumbnail\" alt=\"\" aria-describedby=\"gallery-1-57398\" srcset=\"https:\/\/www.arquimaster.com.ar\/web\/wp-content\/uploads\/2020\/07\/edificio_green_haus32-150x150.jpg 150w, https:\/\/www.arquimaster.com.ar\/web\/wp-content\/uploads\/2020\/07\/edificio_green_haus32-1024x1024.jpg 1024w, https:\/\/www.arquimaster.com.ar\/web\/wp-content\/uploads\/2020\/07\/edificio_green_haus32-768x768.jpg 768w, https:\/\/www.arquimaster.com.ar\/web\/wp-content\/uploads\/2020\/07\/edificio_green_haus32.jpg 1500w\" sizes=\"auto, (max-width: 150px) 100vw, 150px\" \/><\/a>\n\t\t\t<\/div>\n\t\t\t\t<figcaption class='wp-caption-text gallery-caption' id='gallery-1-57398'>\n\t\t\t\tEdificio Green Haus \/ Germ\u00e1n Hauser, Mathias Klotz, Edgardo Minond, Daniela Ziblat (planta terraza)\n\t\t\t\t<\/figcaption><\/figure><figure class='gallery-item'>\n\t\t\t<div class='gallery-icon landscape'>\n\t\t\t\t<a href='https:\/\/www.arquimaster.com.ar\/web\/wp-content\/uploads\/2020\/07\/edificio_green_haus33.jpg' title=\"Edificio Green Haus \/ Germ\u00e1n Hauser, Mathias Klotz, Edgardo Minond, Daniela Ziblat (emplazamiento)\" data-rl_title=\"Edificio Green Haus \/ Germ\u00e1n Hauser, Mathias Klotz, Edgardo Minond, Daniela Ziblat (emplazamiento)\" class=\"rl-gallery-link\" data-rl_caption=\"Edificio Green Haus \/ Germ\u00e1n Hauser, Mathias Klotz, Edgardo Minond, Daniela Ziblat (emplazamiento)\" data-rel=\"lightbox-gallery-1\"><img loading=\"lazy\" decoding=\"async\" width=\"150\" height=\"150\" src=\"https:\/\/www.arquimaster.com.ar\/web\/wp-content\/uploads\/2020\/07\/edificio_green_haus33-150x150.jpg\" class=\"attachment-thumbnail size-thumbnail\" alt=\"\" aria-describedby=\"gallery-1-57399\" srcset=\"https:\/\/www.arquimaster.com.ar\/web\/wp-content\/uploads\/2020\/07\/edificio_green_haus33-150x150.jpg 150w, https:\/\/www.arquimaster.com.ar\/web\/wp-content\/uploads\/2020\/07\/edificio_green_haus33-1024x1024.jpg 1024w, https:\/\/www.arquimaster.com.ar\/web\/wp-content\/uploads\/2020\/07\/edificio_green_haus33-768x768.jpg 768w, https:\/\/www.arquimaster.com.ar\/web\/wp-content\/uploads\/2020\/07\/edificio_green_haus33.jpg 1500w\" sizes=\"auto, (max-width: 150px) 100vw, 150px\" \/><\/a>\n\t\t\t<\/div>\n\t\t\t\t<figcaption class='wp-caption-text gallery-caption' id='gallery-1-57399'>\n\t\t\t\tEdificio Green Haus \/ Germ\u00e1n Hauser, Mathias Klotz, Edgardo Minond, Daniela Ziblat (emplazamiento)\n\t\t\t\t<\/figcaption><\/figure><figure class='gallery-item'>\n\t\t\t<div class='gallery-icon landscape'>\n\t\t\t\t<a href='https:\/\/www.arquimaster.com.ar\/web\/wp-content\/uploads\/2020\/07\/edificio_green_haus34.jpg' title=\"Edificio Green Haus \/ Germ\u00e1n Hauser, Mathias Klotz, Edgardo Minond, Daniela Ziblat (implantacion)\" data-rl_title=\"Edificio Green Haus \/ Germ\u00e1n Hauser, Mathias Klotz, Edgardo Minond, Daniela Ziblat (implantacion)\" class=\"rl-gallery-link\" data-rl_caption=\"Edificio Green Haus \/ Germ\u00e1n Hauser, Mathias Klotz, Edgardo Minond, Daniela Ziblat (implantacion)\" data-rel=\"lightbox-gallery-1\"><img loading=\"lazy\" decoding=\"async\" width=\"150\" height=\"150\" src=\"https:\/\/www.arquimaster.com.ar\/web\/wp-content\/uploads\/2020\/07\/edificio_green_haus34-150x150.jpg\" class=\"attachment-thumbnail size-thumbnail\" alt=\"\" aria-describedby=\"gallery-1-57400\" srcset=\"https:\/\/www.arquimaster.com.ar\/web\/wp-content\/uploads\/2020\/07\/edificio_green_haus34-150x150.jpg 150w, https:\/\/www.arquimaster.com.ar\/web\/wp-content\/uploads\/2020\/07\/edificio_green_haus34-1024x1024.jpg 1024w, https:\/\/www.arquimaster.com.ar\/web\/wp-content\/uploads\/2020\/07\/edificio_green_haus34-768x768.jpg 768w, https:\/\/www.arquimaster.com.ar\/web\/wp-content\/uploads\/2020\/07\/edificio_green_haus34.jpg 1500w\" sizes=\"auto, (max-width: 150px) 100vw, 150px\" \/><\/a>\n\t\t\t<\/div>\n\t\t\t\t<figcaption class='wp-caption-text gallery-caption' id='gallery-1-57400'>\n\t\t\t\tEdificio Green Haus \/ Germ\u00e1n Hauser, Mathias Klotz, Edgardo Minond, Daniela Ziblat (implantacion)\n\t\t\t\t<\/figcaption><\/figure><figure class='gallery-item'>\n\t\t\t<div class='gallery-icon landscape'>\n\t\t\t\t<a href='https:\/\/www.arquimaster.com.ar\/web\/wp-content\/uploads\/2020\/07\/edificio_green_haus35.jpg' title=\"Edificio Green Haus \/ Germ\u00e1n Hauser, Mathias Klotz, Edgardo Minond, Daniela Ziblat (corte)\" data-rl_title=\"Edificio Green Haus \/ Germ\u00e1n Hauser, Mathias Klotz, Edgardo Minond, Daniela Ziblat (corte)\" class=\"rl-gallery-link\" data-rl_caption=\"Edificio Green Haus \/ Germ\u00e1n Hauser, Mathias Klotz, Edgardo Minond, Daniela Ziblat (corte)\" data-rel=\"lightbox-gallery-1\"><img loading=\"lazy\" decoding=\"async\" width=\"150\" height=\"150\" src=\"https:\/\/www.arquimaster.com.ar\/web\/wp-content\/uploads\/2020\/07\/edificio_green_haus35-150x150.jpg\" class=\"attachment-thumbnail size-thumbnail\" alt=\"\" aria-describedby=\"gallery-1-57401\" srcset=\"https:\/\/www.arquimaster.com.ar\/web\/wp-content\/uploads\/2020\/07\/edificio_green_haus35-150x150.jpg 150w, https:\/\/www.arquimaster.com.ar\/web\/wp-content\/uploads\/2020\/07\/edificio_green_haus35-1024x1024.jpg 1024w, https:\/\/www.arquimaster.com.ar\/web\/wp-content\/uploads\/2020\/07\/edificio_green_haus35-768x768.jpg 768w, https:\/\/www.arquimaster.com.ar\/web\/wp-content\/uploads\/2020\/07\/edificio_green_haus35.jpg 1500w\" sizes=\"auto, (max-width: 150px) 100vw, 150px\" \/><\/a>\n\t\t\t<\/div>\n\t\t\t\t<figcaption class='wp-caption-text gallery-caption' id='gallery-1-57401'>\n\t\t\t\tEdificio Green Haus \/ Germ\u00e1n Hauser, Mathias Klotz, Edgardo Minond, Daniela Ziblat (corte)\n\t\t\t\t<\/figcaption><\/figure><figure class='gallery-item'>\n\t\t\t<div class='gallery-icon landscape'>\n\t\t\t\t<a href='https:\/\/www.arquimaster.com.ar\/web\/wp-content\/uploads\/2020\/07\/edificio_green_haus36.jpg' title=\"Edificio Green Haus \/ Germ\u00e1n Hauser, Mathias Klotz, Edgardo Minond, Daniela Ziblat (corte)\" data-rl_title=\"Edificio Green Haus \/ Germ\u00e1n Hauser, Mathias Klotz, Edgardo Minond, Daniela Ziblat (corte)\" class=\"rl-gallery-link\" data-rl_caption=\"Edificio Green Haus \/ Germ\u00e1n Hauser, Mathias Klotz, Edgardo Minond, Daniela Ziblat (corte)\" data-rel=\"lightbox-gallery-1\"><img loading=\"lazy\" decoding=\"async\" width=\"150\" height=\"150\" src=\"https:\/\/www.arquimaster.com.ar\/web\/wp-content\/uploads\/2020\/07\/edificio_green_haus36-150x150.jpg\" class=\"attachment-thumbnail size-thumbnail\" alt=\"\" aria-describedby=\"gallery-1-57402\" srcset=\"https:\/\/www.arquimaster.com.ar\/web\/wp-content\/uploads\/2020\/07\/edificio_green_haus36-150x150.jpg 150w, https:\/\/www.arquimaster.com.ar\/web\/wp-content\/uploads\/2020\/07\/edificio_green_haus36-1024x1024.jpg 1024w, https:\/\/www.arquimaster.com.ar\/web\/wp-content\/uploads\/2020\/07\/edificio_green_haus36-768x768.jpg 768w, https:\/\/www.arquimaster.com.ar\/web\/wp-content\/uploads\/2020\/07\/edificio_green_haus36.jpg 1500w\" sizes=\"auto, (max-width: 150px) 100vw, 150px\" \/><\/a>\n\t\t\t<\/div>\n\t\t\t\t<figcaption class='wp-caption-text gallery-caption' id='gallery-1-57402'>\n\t\t\t\tEdificio Green Haus \/ Germ\u00e1n Hauser, Mathias Klotz, Edgardo Minond, Daniela Ziblat (corte)\n\t\t\t\t<\/figcaption><\/figure><figure class='gallery-item'>\n\t\t\t<div class='gallery-icon landscape'>\n\t\t\t\t<a href='https:\/\/www.arquimaster.com.ar\/web\/wp-content\/uploads\/2020\/07\/edificio_green_haus37.jpg' title=\"Edificio Green Haus \/ Germ\u00e1n Hauser, Mathias Klotz, Edgardo Minond, Daniela Ziblat (corte)\" data-rl_title=\"Edificio Green Haus \/ Germ\u00e1n Hauser, Mathias Klotz, Edgardo Minond, Daniela Ziblat (corte)\" class=\"rl-gallery-link\" data-rl_caption=\"Edificio Green Haus \/ Germ\u00e1n Hauser, Mathias Klotz, Edgardo Minond, Daniela Ziblat (corte)\" data-rel=\"lightbox-gallery-1\"><img loading=\"lazy\" decoding=\"async\" width=\"150\" height=\"150\" src=\"https:\/\/www.arquimaster.com.ar\/web\/wp-content\/uploads\/2020\/07\/edificio_green_haus37-150x150.jpg\" class=\"attachment-thumbnail size-thumbnail\" alt=\"\" aria-describedby=\"gallery-1-57403\" srcset=\"https:\/\/www.arquimaster.com.ar\/web\/wp-content\/uploads\/2020\/07\/edificio_green_haus37-150x150.jpg 150w, https:\/\/www.arquimaster.com.ar\/web\/wp-content\/uploads\/2020\/07\/edificio_green_haus37-1024x1024.jpg 1024w, https:\/\/www.arquimaster.com.ar\/web\/wp-content\/uploads\/2020\/07\/edificio_green_haus37-768x768.jpg 768w, https:\/\/www.arquimaster.com.ar\/web\/wp-content\/uploads\/2020\/07\/edificio_green_haus37.jpg 1500w\" sizes=\"auto, (max-width: 150px) 100vw, 150px\" \/><\/a>\n\t\t\t<\/div>\n\t\t\t\t<figcaption class='wp-caption-text gallery-caption' id='gallery-1-57403'>\n\t\t\t\tEdificio Green Haus \/ Germ\u00e1n Hauser, Mathias Klotz, Edgardo Minond, Daniela Ziblat (corte)\n\t\t\t\t<\/figcaption><\/figure><figure class='gallery-item'>\n\t\t\t<div class='gallery-icon landscape'>\n\t\t\t\t<a href='https:\/\/www.arquimaster.com.ar\/web\/wp-content\/uploads\/2020\/07\/edificio_green_haus38.jpg' title=\"Edificio Green Haus \/ Germ\u00e1n Hauser, Mathias Klotz, Edgardo Minond, Daniela Ziblat (maqueta 3D)\" data-rl_title=\"Edificio Green Haus \/ Germ\u00e1n Hauser, Mathias Klotz, Edgardo Minond, Daniela Ziblat (maqueta 3D)\" class=\"rl-gallery-link\" data-rl_caption=\"Edificio Green Haus \/ Germ\u00e1n Hauser, Mathias Klotz, Edgardo Minond, Daniela Ziblat (maqueta 3D)\" data-rel=\"lightbox-gallery-1\"><img loading=\"lazy\" decoding=\"async\" width=\"150\" height=\"150\" src=\"https:\/\/www.arquimaster.com.ar\/web\/wp-content\/uploads\/2020\/07\/edificio_green_haus38-150x150.jpg\" class=\"attachment-thumbnail size-thumbnail\" alt=\"\" aria-describedby=\"gallery-1-57404\" srcset=\"https:\/\/www.arquimaster.com.ar\/web\/wp-content\/uploads\/2020\/07\/edificio_green_haus38-150x150.jpg 150w, https:\/\/www.arquimaster.com.ar\/web\/wp-content\/uploads\/2020\/07\/edificio_green_haus38-1024x1024.jpg 1024w, https:\/\/www.arquimaster.com.ar\/web\/wp-content\/uploads\/2020\/07\/edificio_green_haus38-768x768.jpg 768w, https:\/\/www.arquimaster.com.ar\/web\/wp-content\/uploads\/2020\/07\/edificio_green_haus38.jpg 1500w\" sizes=\"auto, (max-width: 150px) 100vw, 150px\" \/><\/a>\n\t\t\t<\/div>\n\t\t\t\t<figcaption class='wp-caption-text gallery-caption' id='gallery-1-57404'>\n\t\t\t\tEdificio Green Haus \/ Germ\u00e1n Hauser, Mathias Klotz, Edgardo Minond, Daniela Ziblat (maqueta 3D)\n\t\t\t\t<\/figcaption><\/figure>\n\t\t<\/div>\n\n<p>Finalmente, en Diciembre de 2009 la legislatura porte\u00f1a sancion\u00f3 la ley que brinda soluci\u00f3n habitacional a los ocupantes y a la vez define indicadores urban\u00edsticos particulares para el sector, autorizando al gobierno de la Ciudad a vender los terrenos.<\/p>\n<p>Los indicadores urban\u00edsticos determinan la posibilidad de construir edificios de viviendas de hasta 15 metros de altura. A su vez establecen que aquellos edificios que se ubiquen con frente hacia la Calle Donado o Holmberg deben desarrollar un parque p\u00fablico lineal de acuerdo a las especificaciones previstas.<\/p>\n<p>El proyecto Green Haus se presenta como un complejo de viviendas agrupadas. Cuenta con tipolog\u00edas de 1 a 5 ambientes. Estas unidades en su mayor\u00eda se expanden hacia patios o grandes terrazas, procurando as\u00ed, brindarles car\u00e1cter de casa.<\/p>\n<p>En \u00e9l, los espacios comunes de circulaci\u00f3n y esparcimiento funcionan como calles interiores, y brindan riqueza en los diversos recorridos que los habitantes realizan dentro del edificio. Se han previsto 4 \u00e1reas de servicios comunes distribuidas por el complejo.<\/p>\n<p>En planta baja se presentan locales comerciales destinados a uso gastron\u00f3mico en relaci\u00f3n con el parque lineal. El proyecto busca incorporar la naturaleza como un material de la construcci\u00f3n. De esta forma, a los propios jardines del complejo y terrazas de las unidades, se suman pantallas verdes en balcones que le dan un lenguaje particular.<\/p>\n<p><strong>Ficha t\u00e9cnica<\/strong><br \/>Nombre: Green Haus &#8211; Belgrano<br \/>Ubicaci\u00f3n: Belgrano, Ciudad de Buenos Aires, Argentina<br \/>Autores: Arq. Germ\u00e1n Hauser, Arq. Mathias Klotz, Arq. Edgardo Minond, Arq. Daniela Ziblat<br \/>Anteproyecto: Mathias Klotz, Minond Estudio, Hauser Oficina de Arquitectura<br \/>Equipo de Proyecto: Arq. Margarita Descole, Arq. Laura Di Chello, Arq. Emanuel Perez Carrera<br \/>Proyecto ejecutivo: Hauser Oficina de Arquitectura\u00a0 <br \/>Equipo de Proyecto: Arq. Emanuel Perez Carrera, Arq. Brenda Levi <br \/>Gerenciamiento: Hauser Oficina de Arquitectura <br \/>Direcci\u00f3n de obra: Ing. Guillermo Sambresqui, Arq. Daniel Rubin<br \/>Estructuras: Ing. JN Galay y Asoc., Ing. Diego Vizzon<br \/>Instalaciones Sanitarias, Gas e Incendio: Ing. Marcelo Diana, Estudio Labonia<br \/>Instalaci\u00f3n termomec\u00e1nica: Ing. Mario Hern\u00e1ndez<br \/>Instalaci\u00f3n El\u00e9ctrica: Ing. Horacio Ferrando<br \/>Medios de Elevaci\u00f3n: Ing. Roberto Pap\u00a0<br \/>Paisajismo: Arq. Estela Viarenghi<br \/>Instalaci\u00f3n Iluminaci\u00f3n: Arq. Arturo Peruzzotti<br \/>Interiorismo: Arq. Carolina Reich<br \/>Comitente: ELEPE<br \/>Empresa constructora: PyS<br \/>Programa: Complejo de viviendas y estudios, locales comerciales, plaza p\u00fablica<br \/>Superficie: 22.000 m2\u00a0<br \/>Fecha de inicio: 2011<br \/>Fecha de finalizacion: 2014<br \/>Fotografias: <a href=\"http:\/\/www.albanogarcia.com.ar\" target=\"_blank\" rel=\"noopener noreferrer\">Albano Garc\u00eda<\/a><\/p>\n<p><strong>Contacto<\/strong><br \/><a href=\"http:\/\/hauser.site\/arq\" target=\"_blank\" rel=\"noopener noreferrer\">http:\/\/hauser.site\/arq<\/a><br \/>Instagram: @hauser.arq<br \/><a href=\"http:\/\/www.mathiasklotz.com\" target=\"_blank\" rel=\"noopener noreferrer\">http:\/\/www.mathiasklotz.com<\/a><br \/><a href=\"http:\/\/www.minond.net\" target=\"_blank\" rel=\"noopener noreferrer\">http:\/\/www.minond.net<\/a><\/p>\n\n\n<div style=\"height:20px\" aria-hidden=\"true\" class=\"wp-block-spacer\"><\/div>\n\n\n<p><strong><em>English version<\/em><\/strong><\/p>\n<p><strong><em>Green Haus<\/em><\/strong><\/p>\n<p><em>The project is located in an area of the City of Buenos Aires known as the Donado-Holmberg corridor. This corridor consists of blocks that were partly demolished in 1976 due to the plans to build a Buenos Aires central highway, AU 3, in that same area. This highway, which was fortunately never built, would violently split the neighborhoods that ran next to it. However, dropping former AU3 project brought about the squatting of the units that had survived demolitions and the State&#8217;s abandonment. The plots were eventually reposed by the State after their expropriation.<\/em><\/p>\n<p><em>Finally, in December 2009, the City of Buenos Aires legislative power passed a law that provides a housing solution to dwellers, while setting specific urban indicators for the sector and authorizing the government of the city to sell the land.<\/em><\/p>\n<p><em>Urban indicators determine the possibility of building apartment buildings up to 15 meters high. In turn, they establish that the buildings facing Donado or Holmberg streets should develop a public linear park in agreement with the specifications foreseen.<\/em><\/p>\n<p><em>The GreenHaus project is presented as a housing complex in which units are organized in groups. Typologies range from 1 to 5 rooms. Most of these units expand into patios or large terraces, recreating a house feel.<\/em><\/p>\n<p><em>In it, common areas for circulation and leisure are like inner streets, adding value to the different walkways that residents take inside the building.<\/em><\/p>\n<p><em>Four common service areas have been determined throughout the complex.<\/em><\/p>\n<p><em>At the ground floor, several stores for gastronomic purposes have been distributed in relation to the linear park.<\/em><\/p>\n<p><em>The project seeks to incorporate nature as an additional building material. In this way, apart from the complex&#8217;s own gardens and the units&#8217; terraces, there are green screens on the balconies that convey a particular language.<\/em><\/p>\n<div style=\"font-size: 0px; height: 0px; line-height: 0px; margin: 0; padding: 0; clear: both;\"><\/div><div style=\"margin-top: 0px; margin-bottom: 0px;\" class=\"sharethis-inline-share-buttons\" ><\/div>","protected":false},"excerpt":{"rendered":"<p>El proyecto busca incorporar la naturaleza como un material de la construcci\u00f3n&#8230;<\/p>\n","protected":false},"author":1,"featured_media":57367,"comment_status":"closed","ping_status":"closed","sticky":false,"template":"","format":"standard","meta":{"_uag_custom_page_level_css":"","footnotes":""},"categories":[80,1],"tags":[1193,16,6011,1901,87,6010,6013,6012,3567,91],"class_list":["post-57366","post","type-post","status-publish","format-standard","has-post-thumbnail","hentry","category-edificio-viviendas","category-proyecto","tag-belgrano","tag-buenos-aires","tag-daniela-ziblat","tag-edgardo-minond","tag-edificio-de-viviendas","tag-german-hauser","tag-hauser","tag-hauser-oficina-de-arquitectura","tag-mathias-klotz","tag-vivienda-multifamiliar","generate-columns","tablet-grid-50","mobile-grid-100","grid-parent","grid-50"],"yoast_head":"<!-- This site is optimized with the Yoast SEO plugin v27.3 - https:\/\/yoast.com\/product\/yoast-seo-wordpress\/ -->\n<title>Edificio Green Haus \/ Germ\u00e1n Hauser, Mathias Klotz, Edgardo Minond, Daniela Ziblat - Arquimaster<\/title>\n<meta name=\"description\" content=\"El proyecto busca incorporar la naturaleza como un material de la construcci\u00f3n y desarrolla un parque p\u00fablico lineal hacia el frente.\" \/>\n<meta name=\"robots\" content=\"index, follow, max-snippet:-1, max-image-preview:large, max-video-preview:-1\" \/>\n<link rel=\"canonical\" href=\"https:\/\/www.arquimaster.com.ar\/web\/edificio-green-haus-german-hauser-mathias-klotz-edgardo-minond-daniela-ziblat\/\" \/>\n<meta property=\"og:locale\" content=\"es_ES\" \/>\n<meta property=\"og:type\" content=\"article\" \/>\n<meta property=\"og:title\" content=\"Edificio Green Haus \/ Germ\u00e1n Hauser, Mathias Klotz, Edgardo Minond, Daniela Ziblat\" \/>\n<meta property=\"og:description\" content=\"El proyecto busca incorporar la naturaleza como un material de la construcci\u00f3n y desarrolla un parque p\u00fablico lineal hacia el frente.\" \/>\n<meta property=\"og:url\" content=\"https:\/\/www.arquimaster.com.ar\/web\/edificio-green-haus-german-hauser-mathias-klotz-edgardo-minond-daniela-ziblat\/\" \/>\n<meta property=\"og:site_name\" content=\"Arquimaster\" \/>\n<meta property=\"article:publisher\" content=\"http:\/\/www.facebook.com\/ARQUIMASTER.com.ar\" \/>\n<meta property=\"article:published_time\" content=\"2020-07-17T00:20:44+00:00\" \/>\n<meta property=\"article:modified_time\" content=\"2020-08-06T20:58:04+00:00\" \/>\n<meta property=\"og:image\" content=\"https:\/\/www.arquimaster.com.ar\/web\/wp-content\/uploads\/2020\/07\/edificio_green_haus_slide.jpg\" \/>\n\t<meta property=\"og:image:width\" content=\"698\" \/>\n\t<meta property=\"og:image:height\" content=\"364\" \/>\n\t<meta property=\"og:image:type\" content=\"image\/jpeg\" \/>\n<meta name=\"author\" content=\"Arquimaster\" \/>\n<meta name=\"twitter:card\" content=\"summary_large_image\" \/>\n<meta name=\"twitter:title\" content=\"Edificio Green Haus \/ Germ\u00e1n Hauser, Mathias Klotz, Edgardo Minond, Daniela Ziblat\" \/>\n<meta name=\"twitter:description\" content=\"El proyecto busca incorporar la naturaleza como un material de la construcci\u00f3n y desarrolla un parque p\u00fablico lineal hacia el frente.\" \/>\n<meta name=\"twitter:image\" content=\"https:\/\/www.arquimaster.com.ar\/web\/wp-content\/uploads\/2020\/07\/edificio_green_haus_slide.jpg\" \/>\n<meta name=\"twitter:creator\" content=\"@arquimaster\" \/>\n<meta name=\"twitter:site\" content=\"@arquimaster\" \/>\n<meta name=\"twitter:label1\" content=\"Escrito por\" \/>\n\t<meta name=\"twitter:data1\" content=\"Arquimaster\" \/>\n\t<meta name=\"twitter:label2\" content=\"Tiempo de lectura\" \/>\n\t<meta name=\"twitter:data2\" content=\"4 minutos\" \/>\n<script type=\"application\/ld+json\" class=\"yoast-schema-graph\">{\"@context\":\"https:\\\/\\\/schema.org\",\"@graph\":[{\"@type\":\"Article\",\"@id\":\"https:\\\/\\\/www.arquimaster.com.ar\\\/web\\\/edificio-green-haus-german-hauser-mathias-klotz-edgardo-minond-daniela-ziblat\\\/#article\",\"isPartOf\":{\"@id\":\"https:\\\/\\\/www.arquimaster.com.ar\\\/web\\\/edificio-green-haus-german-hauser-mathias-klotz-edgardo-minond-daniela-ziblat\\\/\"},\"author\":{\"name\":\"Arquimaster\",\"@id\":\"https:\\\/\\\/www.arquimaster.com.ar\\\/web\\\/#\\\/schema\\\/person\\\/359e9f7c00193fcde068e0dd2ceb0028\"},\"headline\":\"Edificio Green Haus \\\/ Germ\u00e1n Hauser, Mathias Klotz, Edgardo Minond, Daniela Ziblat\",\"datePublished\":\"2020-07-17T00:20:44+00:00\",\"dateModified\":\"2020-08-06T20:58:04+00:00\",\"mainEntityOfPage\":{\"@id\":\"https:\\\/\\\/www.arquimaster.com.ar\\\/web\\\/edificio-green-haus-german-hauser-mathias-klotz-edgardo-minond-daniela-ziblat\\\/\"},\"wordCount\":835,\"publisher\":{\"@id\":\"https:\\\/\\\/www.arquimaster.com.ar\\\/web\\\/#organization\"},\"image\":{\"@id\":\"https:\\\/\\\/www.arquimaster.com.ar\\\/web\\\/edificio-green-haus-german-hauser-mathias-klotz-edgardo-minond-daniela-ziblat\\\/#primaryimage\"},\"thumbnailUrl\":\"https:\\\/\\\/www.arquimaster.com.ar\\\/web\\\/wp-content\\\/uploads\\\/2020\\\/07\\\/edificio_green_haus_slide.jpg\",\"keywords\":[\"Belgrano\",\"Buenos Aires\",\"Daniela Ziblat\",\"Edgardo Minond\",\"edificio de viviendas\",\"German Hauser\",\"Hauser\",\"Hauser Oficina de Arquitectura\",\"Mathias Klotz\",\"vivienda multifamiliar\"],\"articleSection\":[\"Edificios de viviendas\",\"Proyecto\"],\"inLanguage\":\"es\"},{\"@type\":\"WebPage\",\"@id\":\"https:\\\/\\\/www.arquimaster.com.ar\\\/web\\\/edificio-green-haus-german-hauser-mathias-klotz-edgardo-minond-daniela-ziblat\\\/\",\"url\":\"https:\\\/\\\/www.arquimaster.com.ar\\\/web\\\/edificio-green-haus-german-hauser-mathias-klotz-edgardo-minond-daniela-ziblat\\\/\",\"name\":\"Edificio Green Haus \\\/ Germ\u00e1n Hauser, Mathias Klotz, Edgardo Minond, Daniela Ziblat - Arquimaster\",\"isPartOf\":{\"@id\":\"https:\\\/\\\/www.arquimaster.com.ar\\\/web\\\/#website\"},\"primaryImageOfPage\":{\"@id\":\"https:\\\/\\\/www.arquimaster.com.ar\\\/web\\\/edificio-green-haus-german-hauser-mathias-klotz-edgardo-minond-daniela-ziblat\\\/#primaryimage\"},\"image\":{\"@id\":\"https:\\\/\\\/www.arquimaster.com.ar\\\/web\\\/edificio-green-haus-german-hauser-mathias-klotz-edgardo-minond-daniela-ziblat\\\/#primaryimage\"},\"thumbnailUrl\":\"https:\\\/\\\/www.arquimaster.com.ar\\\/web\\\/wp-content\\\/uploads\\\/2020\\\/07\\\/edificio_green_haus_slide.jpg\",\"datePublished\":\"2020-07-17T00:20:44+00:00\",\"dateModified\":\"2020-08-06T20:58:04+00:00\",\"description\":\"El proyecto busca incorporar la naturaleza como un material de la construcci\u00f3n y desarrolla un parque p\u00fablico lineal hacia el frente.\",\"breadcrumb\":{\"@id\":\"https:\\\/\\\/www.arquimaster.com.ar\\\/web\\\/edificio-green-haus-german-hauser-mathias-klotz-edgardo-minond-daniela-ziblat\\\/#breadcrumb\"},\"inLanguage\":\"es\",\"potentialAction\":[{\"@type\":\"ReadAction\",\"target\":[\"https:\\\/\\\/www.arquimaster.com.ar\\\/web\\\/edificio-green-haus-german-hauser-mathias-klotz-edgardo-minond-daniela-ziblat\\\/\"]}]},{\"@type\":\"ImageObject\",\"inLanguage\":\"es\",\"@id\":\"https:\\\/\\\/www.arquimaster.com.ar\\\/web\\\/edificio-green-haus-german-hauser-mathias-klotz-edgardo-minond-daniela-ziblat\\\/#primaryimage\",\"url\":\"https:\\\/\\\/www.arquimaster.com.ar\\\/web\\\/wp-content\\\/uploads\\\/2020\\\/07\\\/edificio_green_haus_slide.jpg\",\"contentUrl\":\"https:\\\/\\\/www.arquimaster.com.ar\\\/web\\\/wp-content\\\/uploads\\\/2020\\\/07\\\/edificio_green_haus_slide.jpg\",\"width\":698,\"height\":364},{\"@type\":\"BreadcrumbList\",\"@id\":\"https:\\\/\\\/www.arquimaster.com.ar\\\/web\\\/edificio-green-haus-german-hauser-mathias-klotz-edgardo-minond-daniela-ziblat\\\/#breadcrumb\",\"itemListElement\":[{\"@type\":\"ListItem\",\"position\":1,\"name\":\"Portada\",\"item\":\"https:\\\/\\\/www.arquimaster.com.ar\\\/web\\\/\"},{\"@type\":\"ListItem\",\"position\":2,\"name\":\"Edificio Green Haus \\\/ Germ\u00e1n Hauser, Mathias Klotz, Edgardo Minond, Daniela Ziblat\"}]},{\"@type\":\"WebSite\",\"@id\":\"https:\\\/\\\/www.arquimaster.com.ar\\\/web\\\/#website\",\"url\":\"https:\\\/\\\/www.arquimaster.com.ar\\\/web\\\/\",\"name\":\"Arquimaster\",\"description\":\"Web de arquitectura, dise\u00f1o y construccion\",\"publisher\":{\"@id\":\"https:\\\/\\\/www.arquimaster.com.ar\\\/web\\\/#organization\"},\"potentialAction\":[{\"@type\":\"SearchAction\",\"target\":{\"@type\":\"EntryPoint\",\"urlTemplate\":\"https:\\\/\\\/www.arquimaster.com.ar\\\/web\\\/?s={search_term_string}\"},\"query-input\":{\"@type\":\"PropertyValueSpecification\",\"valueRequired\":true,\"valueName\":\"search_term_string\"}}],\"inLanguage\":\"es\"},{\"@type\":\"Organization\",\"@id\":\"https:\\\/\\\/www.arquimaster.com.ar\\\/web\\\/#organization\",\"name\":\"Arquimaster\",\"url\":\"https:\\\/\\\/www.arquimaster.com.ar\\\/web\\\/\",\"logo\":{\"@type\":\"ImageObject\",\"inLanguage\":\"es\",\"@id\":\"https:\\\/\\\/www.arquimaster.com.ar\\\/web\\\/#\\\/schema\\\/logo\\\/image\\\/\",\"url\":\"https:\\\/\\\/www.arquimaster.com.ar\\\/web\\\/wp-content\\\/uploads\\\/2022\\\/06\\\/arquimaster.png\",\"contentUrl\":\"https:\\\/\\\/www.arquimaster.com.ar\\\/web\\\/wp-content\\\/uploads\\\/2022\\\/06\\\/arquimaster.png\",\"width\":594,\"height\":78,\"caption\":\"Arquimaster\"},\"image\":{\"@id\":\"https:\\\/\\\/www.arquimaster.com.ar\\\/web\\\/#\\\/schema\\\/logo\\\/image\\\/\"},\"sameAs\":[\"http:\\\/\\\/www.facebook.com\\\/ARQUIMASTER.com.ar\",\"https:\\\/\\\/x.com\\\/arquimaster\",\"https:\\\/\\\/www.instagram.com\\\/arquimasterblog\\\/\",\"https:\\\/\\\/www.linkedin.com\\\/company\\\/arquimaster\",\"https:\\\/\\\/www.pinterest.com\\\/arquimaster\",\"https:\\\/\\\/t.me\\\/arquimaster\"]},{\"@type\":\"Person\",\"@id\":\"https:\\\/\\\/www.arquimaster.com.ar\\\/web\\\/#\\\/schema\\\/person\\\/359e9f7c00193fcde068e0dd2ceb0028\",\"name\":\"Arquimaster\"}]}<\/script>\n<!-- \/ Yoast SEO plugin. -->","yoast_head_json":{"title":"Edificio Green Haus \/ Germ\u00e1n Hauser, Mathias Klotz, Edgardo Minond, Daniela Ziblat - Arquimaster","description":"El proyecto busca incorporar la naturaleza como un material de la construcci\u00f3n y desarrolla un parque p\u00fablico lineal hacia el frente.","robots":{"index":"index","follow":"follow","max-snippet":"max-snippet:-1","max-image-preview":"max-image-preview:large","max-video-preview":"max-video-preview:-1"},"canonical":"https:\/\/www.arquimaster.com.ar\/web\/edificio-green-haus-german-hauser-mathias-klotz-edgardo-minond-daniela-ziblat\/","og_locale":"es_ES","og_type":"article","og_title":"Edificio Green Haus \/ Germ\u00e1n Hauser, Mathias Klotz, Edgardo Minond, Daniela Ziblat","og_description":"El proyecto busca incorporar la naturaleza como un material de la construcci\u00f3n y desarrolla un parque p\u00fablico lineal hacia el frente.","og_url":"https:\/\/www.arquimaster.com.ar\/web\/edificio-green-haus-german-hauser-mathias-klotz-edgardo-minond-daniela-ziblat\/","og_site_name":"Arquimaster","article_publisher":"http:\/\/www.facebook.com\/ARQUIMASTER.com.ar","article_published_time":"2020-07-17T00:20:44+00:00","article_modified_time":"2020-08-06T20:58:04+00:00","og_image":[{"width":698,"height":364,"url":"https:\/\/www.arquimaster.com.ar\/web\/wp-content\/uploads\/2020\/07\/edificio_green_haus_slide.jpg","type":"image\/jpeg"}],"author":"Arquimaster","twitter_card":"summary_large_image","twitter_title":"Edificio Green Haus \/ Germ\u00e1n Hauser, Mathias Klotz, Edgardo Minond, Daniela Ziblat","twitter_description":"El proyecto busca incorporar la naturaleza como un material de la construcci\u00f3n y desarrolla un parque p\u00fablico lineal hacia el frente.","twitter_image":"https:\/\/www.arquimaster.com.ar\/web\/wp-content\/uploads\/2020\/07\/edificio_green_haus_slide.jpg","twitter_creator":"@arquimaster","twitter_site":"@arquimaster","twitter_misc":{"Escrito por":"Arquimaster","Tiempo de lectura":"4 minutos"},"schema":{"@context":"https:\/\/schema.org","@graph":[{"@type":"Article","@id":"https:\/\/www.arquimaster.com.ar\/web\/edificio-green-haus-german-hauser-mathias-klotz-edgardo-minond-daniela-ziblat\/#article","isPartOf":{"@id":"https:\/\/www.arquimaster.com.ar\/web\/edificio-green-haus-german-hauser-mathias-klotz-edgardo-minond-daniela-ziblat\/"},"author":{"name":"Arquimaster","@id":"https:\/\/www.arquimaster.com.ar\/web\/#\/schema\/person\/359e9f7c00193fcde068e0dd2ceb0028"},"headline":"Edificio Green Haus \/ Germ\u00e1n Hauser, Mathias Klotz, Edgardo Minond, Daniela Ziblat","datePublished":"2020-07-17T00:20:44+00:00","dateModified":"2020-08-06T20:58:04+00:00","mainEntityOfPage":{"@id":"https:\/\/www.arquimaster.com.ar\/web\/edificio-green-haus-german-hauser-mathias-klotz-edgardo-minond-daniela-ziblat\/"},"wordCount":835,"publisher":{"@id":"https:\/\/www.arquimaster.com.ar\/web\/#organization"},"image":{"@id":"https:\/\/www.arquimaster.com.ar\/web\/edificio-green-haus-german-hauser-mathias-klotz-edgardo-minond-daniela-ziblat\/#primaryimage"},"thumbnailUrl":"https:\/\/www.arquimaster.com.ar\/web\/wp-content\/uploads\/2020\/07\/edificio_green_haus_slide.jpg","keywords":["Belgrano","Buenos Aires","Daniela Ziblat","Edgardo Minond","edificio de viviendas","German Hauser","Hauser","Hauser Oficina de Arquitectura","Mathias Klotz","vivienda multifamiliar"],"articleSection":["Edificios de viviendas","Proyecto"],"inLanguage":"es"},{"@type":"WebPage","@id":"https:\/\/www.arquimaster.com.ar\/web\/edificio-green-haus-german-hauser-mathias-klotz-edgardo-minond-daniela-ziblat\/","url":"https:\/\/www.arquimaster.com.ar\/web\/edificio-green-haus-german-hauser-mathias-klotz-edgardo-minond-daniela-ziblat\/","name":"Edificio Green Haus \/ Germ\u00e1n Hauser, Mathias Klotz, Edgardo Minond, Daniela Ziblat - Arquimaster","isPartOf":{"@id":"https:\/\/www.arquimaster.com.ar\/web\/#website"},"primaryImageOfPage":{"@id":"https:\/\/www.arquimaster.com.ar\/web\/edificio-green-haus-german-hauser-mathias-klotz-edgardo-minond-daniela-ziblat\/#primaryimage"},"image":{"@id":"https:\/\/www.arquimaster.com.ar\/web\/edificio-green-haus-german-hauser-mathias-klotz-edgardo-minond-daniela-ziblat\/#primaryimage"},"thumbnailUrl":"https:\/\/www.arquimaster.com.ar\/web\/wp-content\/uploads\/2020\/07\/edificio_green_haus_slide.jpg","datePublished":"2020-07-17T00:20:44+00:00","dateModified":"2020-08-06T20:58:04+00:00","description":"El proyecto busca incorporar la naturaleza como un material de la construcci\u00f3n y desarrolla un parque p\u00fablico lineal hacia el frente.","breadcrumb":{"@id":"https:\/\/www.arquimaster.com.ar\/web\/edificio-green-haus-german-hauser-mathias-klotz-edgardo-minond-daniela-ziblat\/#breadcrumb"},"inLanguage":"es","potentialAction":[{"@type":"ReadAction","target":["https:\/\/www.arquimaster.com.ar\/web\/edificio-green-haus-german-hauser-mathias-klotz-edgardo-minond-daniela-ziblat\/"]}]},{"@type":"ImageObject","inLanguage":"es","@id":"https:\/\/www.arquimaster.com.ar\/web\/edificio-green-haus-german-hauser-mathias-klotz-edgardo-minond-daniela-ziblat\/#primaryimage","url":"https:\/\/www.arquimaster.com.ar\/web\/wp-content\/uploads\/2020\/07\/edificio_green_haus_slide.jpg","contentUrl":"https:\/\/www.arquimaster.com.ar\/web\/wp-content\/uploads\/2020\/07\/edificio_green_haus_slide.jpg","width":698,"height":364},{"@type":"BreadcrumbList","@id":"https:\/\/www.arquimaster.com.ar\/web\/edificio-green-haus-german-hauser-mathias-klotz-edgardo-minond-daniela-ziblat\/#breadcrumb","itemListElement":[{"@type":"ListItem","position":1,"name":"Portada","item":"https:\/\/www.arquimaster.com.ar\/web\/"},{"@type":"ListItem","position":2,"name":"Edificio Green Haus \/ Germ\u00e1n Hauser, Mathias Klotz, Edgardo Minond, Daniela Ziblat"}]},{"@type":"WebSite","@id":"https:\/\/www.arquimaster.com.ar\/web\/#website","url":"https:\/\/www.arquimaster.com.ar\/web\/","name":"Arquimaster","description":"Web de arquitectura, dise\u00f1o y construccion","publisher":{"@id":"https:\/\/www.arquimaster.com.ar\/web\/#organization"},"potentialAction":[{"@type":"SearchAction","target":{"@type":"EntryPoint","urlTemplate":"https:\/\/www.arquimaster.com.ar\/web\/?s={search_term_string}"},"query-input":{"@type":"PropertyValueSpecification","valueRequired":true,"valueName":"search_term_string"}}],"inLanguage":"es"},{"@type":"Organization","@id":"https:\/\/www.arquimaster.com.ar\/web\/#organization","name":"Arquimaster","url":"https:\/\/www.arquimaster.com.ar\/web\/","logo":{"@type":"ImageObject","inLanguage":"es","@id":"https:\/\/www.arquimaster.com.ar\/web\/#\/schema\/logo\/image\/","url":"https:\/\/www.arquimaster.com.ar\/web\/wp-content\/uploads\/2022\/06\/arquimaster.png","contentUrl":"https:\/\/www.arquimaster.com.ar\/web\/wp-content\/uploads\/2022\/06\/arquimaster.png","width":594,"height":78,"caption":"Arquimaster"},"image":{"@id":"https:\/\/www.arquimaster.com.ar\/web\/#\/schema\/logo\/image\/"},"sameAs":["http:\/\/www.facebook.com\/ARQUIMASTER.com.ar","https:\/\/x.com\/arquimaster","https:\/\/www.instagram.com\/arquimasterblog\/","https:\/\/www.linkedin.com\/company\/arquimaster","https:\/\/www.pinterest.com\/arquimaster","https:\/\/t.me\/arquimaster"]},{"@type":"Person","@id":"https:\/\/www.arquimaster.com.ar\/web\/#\/schema\/person\/359e9f7c00193fcde068e0dd2ceb0028","name":"Arquimaster"}]}},"uagb_featured_image_src":{"full":["https:\/\/www.arquimaster.com.ar\/web\/wp-content\/uploads\/2020\/07\/edificio_green_haus_slide.jpg",698,364,false],"thumbnail":["https:\/\/www.arquimaster.com.ar\/web\/wp-content\/uploads\/2020\/07\/edificio_green_haus_slide-150x150.jpg",150,150,true],"medium":["https:\/\/www.arquimaster.com.ar\/web\/wp-content\/uploads\/2020\/07\/edificio_green_haus_slide.jpg",698,364,false],"medium_large":["https:\/\/www.arquimaster.com.ar\/web\/wp-content\/uploads\/2020\/07\/edificio_green_haus_slide.jpg",698,364,false],"large":["https:\/\/www.arquimaster.com.ar\/web\/wp-content\/uploads\/2020\/07\/edificio_green_haus_slide.jpg",698,364,false],"1536x1536":["https:\/\/www.arquimaster.com.ar\/web\/wp-content\/uploads\/2020\/07\/edificio_green_haus_slide.jpg",698,364,false],"2048x2048":["https:\/\/www.arquimaster.com.ar\/web\/wp-content\/uploads\/2020\/07\/edificio_green_haus_slide.jpg",698,364,false]},"uagb_author_info":{"display_name":"Arquimaster","author_link":"https:\/\/www.arquimaster.com.ar\/web\/author\/arquimaster\/"},"uagb_comment_info":0,"uagb_excerpt":"El proyecto busca incorporar la naturaleza como un material de la construcci\u00f3n...","_links":{"self":[{"href":"https:\/\/www.arquimaster.com.ar\/web\/wp-json\/wp\/v2\/posts\/57366","targetHints":{"allow":["GET"]}}],"collection":[{"href":"https:\/\/www.arquimaster.com.ar\/web\/wp-json\/wp\/v2\/posts"}],"about":[{"href":"https:\/\/www.arquimaster.com.ar\/web\/wp-json\/wp\/v2\/types\/post"}],"author":[{"embeddable":true,"href":"https:\/\/www.arquimaster.com.ar\/web\/wp-json\/wp\/v2\/users\/1"}],"replies":[{"embeddable":true,"href":"https:\/\/www.arquimaster.com.ar\/web\/wp-json\/wp\/v2\/comments?post=57366"}],"version-history":[{"count":3,"href":"https:\/\/www.arquimaster.com.ar\/web\/wp-json\/wp\/v2\/posts\/57366\/revisions"}],"predecessor-version":[{"id":58117,"href":"https:\/\/www.arquimaster.com.ar\/web\/wp-json\/wp\/v2\/posts\/57366\/revisions\/58117"}],"wp:featuredmedia":[{"embeddable":true,"href":"https:\/\/www.arquimaster.com.ar\/web\/wp-json\/wp\/v2\/media\/57367"}],"wp:attachment":[{"href":"https:\/\/www.arquimaster.com.ar\/web\/wp-json\/wp\/v2\/media?parent=57366"}],"wp:term":[{"taxonomy":"category","embeddable":true,"href":"https:\/\/www.arquimaster.com.ar\/web\/wp-json\/wp\/v2\/categories?post=57366"},{"taxonomy":"post_tag","embeddable":true,"href":"https:\/\/www.arquimaster.com.ar\/web\/wp-json\/wp\/v2\/tags?post=57366"}],"curies":[{"name":"wp","href":"https:\/\/api.w.org\/{rel}","templated":true}]}}