{"id":57744,"date":"2020-07-29T21:28:46","date_gmt":"2020-07-30T00:28:46","guid":{"rendered":"https:\/\/www.arquimaster.com.ar\/web\/?p=57744"},"modified":"2025-07-25T23:19:01","modified_gmt":"2025-07-26T02:19:01","slug":"cocinas-taylormade-por-que-los-electrodomesticos-empotrados-son-tendencia","status":"publish","type":"post","link":"https:\/\/www.arquimaster.com.ar\/web\/cocinas-taylormade-por-que-los-electrodomesticos-empotrados-son-tendencia\/","title":{"rendered":"Cocinas taylormade: \u00bfPor qu\u00e9 los electrodom\u00e9sticos empotrados son tendencia?"},"content":{"rendered":"<div style=\"margin-top: 0px; margin-bottom: 0px;\" class=\"sharethis-inline-share-buttons\" ><\/div><div class=\"b812932af2e751442846f039925109de\" data-index=\"1\" style=\"float: none; margin:25px 0 25px 0; text-align:center;\">\n<script async src=\"https:\/\/pagead2.googlesyndication.com\/pagead\/js\/adsbygoogle.js\"><\/script>\r\n<!-- Arquimaster (superior) -->\r\n<ins class=\"adsbygoogle\"\r\n     style=\"display:block\"\r\n     data-ad-client=\"ca-pub-6351072698456832\"\r\n     data-ad-slot=\"6455489680\"\r\n     data-ad-format=\"auto\"\r\n     data-full-width-responsive=\"true\"><\/ins>\r\n<script>\r\n     (adsbygoogle = window.adsbygoogle || []).push({});\r\n<\/script>\n<\/div>\n<h3><em><strong>Su correcta integraci\u00f3n al espacio ofrece liviandad visual y una sensaci\u00f3n de amplitud.<\/strong><\/em><\/h3>\n<p>A la hora de elegir los electrodom\u00e9sticos para una cocina surjen varias dudas pero una de las primeras preguntas que debemos hacernos es si queremos que se encuentren visibles e integrados al espacio. La clave est\u00e1 en concebir al dise\u00f1o como c\u00f3mplice. La forma en que se disponen los objetos dentro del ambiente, los tonos elegidos y todos aquellos elementos que potencien la capitalizaci\u00f3n de cada metro cuadrado ser\u00e1n fundamentales para hacer de peque\u00f1as y grandes cocinas, ambientes en los que se desee permanecer.<\/p>\n<div id='gallery-1' class='gallery galleryid-57744 gallery-columns-3 gallery-size-thumbnail'><figure class='gallery-item'>\n\t\t\t<div class='gallery-icon landscape'>\n\t\t\t\t<a href='https:\/\/www.arquimaster.com.ar\/web\/wp-content\/uploads\/2020\/07\/cocinas_taylor_made1.jpg' title=\"Cocinas taylormade: \u00bfPor qu\u00e9 los electrodom\u00e9sticos empotrados son tendencia?\" data-rl_title=\"Cocinas taylormade: \u00bfPor qu\u00e9 los electrodom\u00e9sticos empotrados son tendencia?\" class=\"rl-gallery-link\" data-rl_caption=\"Cocinas taylormade: \u00bfPor qu\u00e9 los electrodom\u00e9sticos empotrados son tendencia?\" data-rel=\"lightbox-gallery-1\"><img loading=\"lazy\" decoding=\"async\" width=\"150\" height=\"150\" src=\"https:\/\/www.arquimaster.com.ar\/web\/wp-content\/uploads\/2020\/07\/cocinas_taylor_made1-150x150.jpg\" class=\"attachment-thumbnail size-thumbnail\" alt=\"\" aria-describedby=\"gallery-1-57746\" \/><\/a>\n\t\t\t<\/div>\n\t\t\t\t<figcaption class='wp-caption-text gallery-caption' id='gallery-1-57746'>\n\t\t\t\tCocinas taylormade: \u00bfPor qu\u00e9 los electrodom\u00e9sticos empotrados son tendencia?\n\t\t\t\t<\/figcaption><\/figure><figure class='gallery-item'>\n\t\t\t<div class='gallery-icon landscape'>\n\t\t\t\t<a href='https:\/\/www.arquimaster.com.ar\/web\/wp-content\/uploads\/2020\/07\/cocinas_taylor_made2.jpg' title=\"Cocinas taylormade: \u00bfPor qu\u00e9 los electrodom\u00e9sticos empotrados son tendencia?\" data-rl_title=\"Cocinas taylormade: \u00bfPor qu\u00e9 los electrodom\u00e9sticos empotrados son tendencia?\" class=\"rl-gallery-link\" data-rl_caption=\"Cocinas taylormade: \u00bfPor qu\u00e9 los electrodom\u00e9sticos empotrados son tendencia?\" data-rel=\"lightbox-gallery-1\"><img loading=\"lazy\" decoding=\"async\" width=\"150\" height=\"150\" src=\"https:\/\/www.arquimaster.com.ar\/web\/wp-content\/uploads\/2020\/07\/cocinas_taylor_made2-150x150.jpg\" class=\"attachment-thumbnail size-thumbnail\" alt=\"\" aria-describedby=\"gallery-1-57747\" \/><\/a>\n\t\t\t<\/div>\n\t\t\t\t<figcaption class='wp-caption-text gallery-caption' id='gallery-1-57747'>\n\t\t\t\tCocinas taylormade: \u00bfPor qu\u00e9 los electrodom\u00e9sticos empotrados son tendencia?\n\t\t\t\t<\/figcaption><\/figure><figure class='gallery-item'>\n\t\t\t<div class='gallery-icon portrait'>\n\t\t\t\t<a href='https:\/\/www.arquimaster.com.ar\/web\/wp-content\/uploads\/2020\/07\/cocinas_taylor_made3.jpg' title=\"Cocinas taylormade: \u00bfPor qu\u00e9 los electrodom\u00e9sticos empotrados son tendencia?\" data-rl_title=\"Cocinas taylormade: \u00bfPor qu\u00e9 los electrodom\u00e9sticos empotrados son tendencia?\" class=\"rl-gallery-link\" data-rl_caption=\"Cocinas taylormade: \u00bfPor qu\u00e9 los electrodom\u00e9sticos empotrados son tendencia?\" data-rel=\"lightbox-gallery-1\"><img loading=\"lazy\" decoding=\"async\" width=\"150\" height=\"150\" src=\"https:\/\/www.arquimaster.com.ar\/web\/wp-content\/uploads\/2020\/07\/cocinas_taylor_made3-150x150.jpg\" class=\"attachment-thumbnail size-thumbnail\" alt=\"\" aria-describedby=\"gallery-1-57748\" \/><\/a>\n\t\t\t<\/div>\n\t\t\t\t<figcaption class='wp-caption-text gallery-caption' id='gallery-1-57748'>\n\t\t\t\tCocinas taylormade: \u00bfPor qu\u00e9 los electrodom\u00e9sticos empotrados son tendencia?\n\t\t\t\t<\/figcaption><\/figure><figure class='gallery-item'>\n\t\t\t<div class='gallery-icon portrait'>\n\t\t\t\t<a href='https:\/\/www.arquimaster.com.ar\/web\/wp-content\/uploads\/2020\/07\/cocinas_taylor_made4.jpg' title=\"Cocinas taylormade: \u00bfPor qu\u00e9 los electrodom\u00e9sticos empotrados son tendencia?\" data-rl_title=\"Cocinas taylormade: \u00bfPor qu\u00e9 los electrodom\u00e9sticos empotrados son tendencia?\" class=\"rl-gallery-link\" data-rl_caption=\"Cocinas taylormade: \u00bfPor qu\u00e9 los electrodom\u00e9sticos empotrados son tendencia?\" data-rel=\"lightbox-gallery-1\"><img loading=\"lazy\" decoding=\"async\" width=\"150\" height=\"150\" src=\"https:\/\/www.arquimaster.com.ar\/web\/wp-content\/uploads\/2020\/07\/cocinas_taylor_made4-150x150.jpg\" class=\"attachment-thumbnail size-thumbnail\" alt=\"\" aria-describedby=\"gallery-1-57749\" \/><\/a>\n\t\t\t<\/div>\n\t\t\t\t<figcaption class='wp-caption-text gallery-caption' id='gallery-1-57749'>\n\t\t\t\tCocinas taylormade: \u00bfPor qu\u00e9 los electrodom\u00e9sticos empotrados son tendencia?\n\t\t\t\t<\/figcaption><\/figure>\n\t\t<\/div>\n\n<p><strong>\u00bfCu\u00e1les son los trucos?<\/strong><br \/>\nH\u00e4fele, empresa l\u00edder en herrajes y sistemas inteligentes de dise\u00f1o, se asoci\u00f3 a Bosch, sin\u00f3nimo de calidad por m\u00e1s de 130 a\u00f1os en electrodom\u00e9sticos, para asesorar con una mirada multidisciplinaria que permita al profesional o al consumidor final adquirir una propuesta integral. Nos comparten aqu\u00ed algunos puntos a tener en cuenta para transformar el ambiente m\u00e1s concurrido del hogar en ese lugar en el que todos los integrantes puedan disfrutar.<\/p>\n<p><strong>Muebles que incorporen a los electrodom\u00e9sticos en sus dise\u00f1os<\/strong>. Heladeras y freezers combinables, lavavajillas y lavaropas se suman al interior del mobiliario. El objetivo puede ser esconderlos o integrarlos para generar continuidad visual. Este efecto permite provocar armon\u00eda, generar liviandad.<\/p>\n<p><strong>Los herrajes como facilitadores<\/strong>. Los sistemas elevables para alacenas por ejemplo, as\u00ed como los giratorios para las esquinas de los bajo mesada, resultan fundamentales para optimizar el espacio de guardado.<\/p>\n<p><strong>Esenciales que se incorporan a las mesadas<\/strong>. La estrella de esta categor\u00eda son los anafes y hornos empotrados o cestos sobremesada. Permiten facilitar el proceso de preparaci\u00f3n de alimentos y otorgarle un lugar estrat\u00e9gico a un elemento de primera necesidad dentro de la cocina.<\/p>\n<p><strong>Iluminaci\u00f3n<\/strong>. Las tiras led permiten jugar con la profundidad del mobiliario u otrogar cierto focos de atenci\u00f3n dentro de las cocinas.<\/p>\n<p><em>\u00abLa alianza estrat\u00e9gica con Bosch nos permite integrar soluciones dentro de un espacio como la cocina. Potenciamos el conocimiento de nuestros equipos expertos para asesorar a nuestros clientes de una manera \u00fanica\u00bb<\/em>, coment\u00f3 Fernanda Smith, Gerente de Producto y MKT de Hafele Argentina.<\/p>\n<p>El hogar se est\u00e1 resignificando, cada espacio recobra protagonismo y la cocina no es la excepci\u00f3n.<\/p>\n<p><strong>Acerca de H\u00e4fele<\/strong><br \/>\nEmpresa de origen alem\u00e1n, l\u00edder en herrajes, accesorios y sistemas inteligentes de dise\u00f1o para muebles y arquitectura con 37 filiales propias y presencia en m\u00e1s de 150 pa\u00edses. A trav\u00e9s de sus cat\u00e1logos con miles de art\u00edculos se adapta a la demanda de los distintos mercados en todo el mundo con la m\u00e1s alta calidad y servicio de log\u00edstica.<\/p>\n\n<div style=\"font-size: 0px; height: 0px; line-height: 0px; margin: 0; padding: 0; clear: both;\"><\/div><div style=\"margin-top: 0px; margin-bottom: 0px;\" class=\"sharethis-inline-share-buttons\" ><\/div>","protected":false},"excerpt":{"rendered":"<p>Su correcta integraci\u00f3n al espacio ofrece liviandad visual y una sensaci\u00f3n de amplitud&#8230;<\/p>\n","protected":false},"author":1,"featured_media":57745,"comment_status":"closed","ping_status":"closed","sticky":false,"template":"","format":"standard","meta":{"_uag_custom_page_level_css":"","footnotes":""},"categories":[55,56],"tags":[4064,613,5137,6202,4007,4008,114],"class_list":["post-57744","post","type-post","status-publish","format-standard","has-post-thumbnail","hentry","category-diseno","category-diseno-interior-decoracion","tag-bosch","tag-cocina","tag-diseno-de-cocinas","tag-electrodomesticos","tag-hafele","tag-herrajes","tag-muebles-de-cocina","generate-columns","tablet-grid-50","mobile-grid-100","grid-parent","grid-50"],"yoast_head":"<!-- This site is optimized with the Yoast SEO plugin v27.3 - https:\/\/yoast.com\/product\/yoast-seo-wordpress\/ -->\n<title>Cocinas taylormade: \u00bfPor qu\u00e9 los electrodom\u00e9sticos empotrados son tendencia? - Arquimaster<\/title>\n<meta name=\"description\" content=\"Su correcta integraci\u00f3n al espacio ofrece liviandad visual y una sensaci\u00f3n de amplitud.\" \/>\n<meta name=\"robots\" content=\"index, follow, max-snippet:-1, max-image-preview:large, max-video-preview:-1\" \/>\n<link rel=\"canonical\" href=\"https:\/\/www.arquimaster.com.ar\/web\/cocinas-taylormade-por-que-los-electrodomesticos-empotrados-son-tendencia\/\" \/>\n<meta property=\"og:locale\" content=\"es_ES\" \/>\n<meta property=\"og:type\" content=\"article\" \/>\n<meta property=\"og:title\" content=\"Cocinas taylormade: \u00bfPor qu\u00e9 los electrodom\u00e9sticos empotrados son tendencia?\" \/>\n<meta property=\"og:description\" content=\"Su correcta integraci\u00f3n al espacio ofrece liviandad visual y una sensaci\u00f3n de amplitud.\" \/>\n<meta property=\"og:url\" content=\"https:\/\/www.arquimaster.com.ar\/web\/cocinas-taylormade-por-que-los-electrodomesticos-empotrados-son-tendencia\/\" \/>\n<meta property=\"og:site_name\" content=\"Arquimaster\" \/>\n<meta property=\"article:publisher\" content=\"http:\/\/www.facebook.com\/ARQUIMASTER.com.ar\" \/>\n<meta property=\"article:published_time\" content=\"2020-07-30T00:28:46+00:00\" \/>\n<meta property=\"article:modified_time\" content=\"2025-07-26T02:19:01+00:00\" \/>\n<meta property=\"og:image\" content=\"https:\/\/www.arquimaster.com.ar\/web\/wp-content\/uploads\/2020\/07\/cocinas_taylor_made_slide.jpg\" \/>\n\t<meta property=\"og:image:width\" content=\"698\" \/>\n\t<meta property=\"og:image:height\" content=\"364\" \/>\n\t<meta property=\"og:image:type\" content=\"image\/jpeg\" \/>\n<meta name=\"author\" content=\"Arquimaster\" \/>\n<meta name=\"twitter:card\" content=\"summary_large_image\" \/>\n<meta name=\"twitter:title\" content=\"Cocinas taylormade: \u00bfPor qu\u00e9 los electrodom\u00e9sticos empotrados son tendencia?\" \/>\n<meta name=\"twitter:description\" content=\"Su correcta integraci\u00f3n al espacio ofrece liviandad visual y una sensaci\u00f3n de amplitud.\" \/>\n<meta name=\"twitter:image\" content=\"https:\/\/www.arquimaster.com.ar\/web\/wp-content\/uploads\/2020\/07\/cocinas_taylor_made_slide.jpg\" \/>\n<meta name=\"twitter:creator\" content=\"@arquimaster\" \/>\n<meta name=\"twitter:site\" content=\"@arquimaster\" \/>\n<meta name=\"twitter:label1\" content=\"Escrito por\" \/>\n\t<meta name=\"twitter:data1\" content=\"Arquimaster\" \/>\n\t<meta name=\"twitter:label2\" content=\"Tiempo de lectura\" \/>\n\t<meta name=\"twitter:data2\" content=\"3 minutos\" \/>\n<script type=\"application\/ld+json\" class=\"yoast-schema-graph\">{\"@context\":\"https:\\\/\\\/schema.org\",\"@graph\":[{\"@type\":\"Article\",\"@id\":\"https:\\\/\\\/www.arquimaster.com.ar\\\/web\\\/cocinas-taylormade-por-que-los-electrodomesticos-empotrados-son-tendencia\\\/#article\",\"isPartOf\":{\"@id\":\"https:\\\/\\\/www.arquimaster.com.ar\\\/web\\\/cocinas-taylormade-por-que-los-electrodomesticos-empotrados-son-tendencia\\\/\"},\"author\":{\"name\":\"Arquimaster\",\"@id\":\"https:\\\/\\\/www.arquimaster.com.ar\\\/web\\\/#\\\/schema\\\/person\\\/359e9f7c00193fcde068e0dd2ceb0028\"},\"headline\":\"Cocinas taylormade: \u00bfPor qu\u00e9 los electrodom\u00e9sticos empotrados son tendencia?\",\"datePublished\":\"2020-07-30T00:28:46+00:00\",\"dateModified\":\"2025-07-26T02:19:01+00:00\",\"mainEntityOfPage\":{\"@id\":\"https:\\\/\\\/www.arquimaster.com.ar\\\/web\\\/cocinas-taylormade-por-que-los-electrodomesticos-empotrados-son-tendencia\\\/\"},\"wordCount\":476,\"publisher\":{\"@id\":\"https:\\\/\\\/www.arquimaster.com.ar\\\/web\\\/#organization\"},\"image\":{\"@id\":\"https:\\\/\\\/www.arquimaster.com.ar\\\/web\\\/cocinas-taylormade-por-que-los-electrodomesticos-empotrados-son-tendencia\\\/#primaryimage\"},\"thumbnailUrl\":\"https:\\\/\\\/www.arquimaster.com.ar\\\/web\\\/wp-content\\\/uploads\\\/2020\\\/07\\\/cocinas_taylor_made_slide.jpg\",\"keywords\":[\"Bosch\",\"cocina\",\"dise\u00f1o de cocinas\",\"electrodomesticos\",\"H\u00e4fele\",\"herrajes\",\"muebles de cocina\"],\"articleSection\":[\"Dise\u00f1o\",\"Dise\u00f1o interior y decoracion\"],\"inLanguage\":\"es\"},{\"@type\":\"WebPage\",\"@id\":\"https:\\\/\\\/www.arquimaster.com.ar\\\/web\\\/cocinas-taylormade-por-que-los-electrodomesticos-empotrados-son-tendencia\\\/\",\"url\":\"https:\\\/\\\/www.arquimaster.com.ar\\\/web\\\/cocinas-taylormade-por-que-los-electrodomesticos-empotrados-son-tendencia\\\/\",\"name\":\"Cocinas taylormade: \u00bfPor qu\u00e9 los electrodom\u00e9sticos empotrados son tendencia? - Arquimaster\",\"isPartOf\":{\"@id\":\"https:\\\/\\\/www.arquimaster.com.ar\\\/web\\\/#website\"},\"primaryImageOfPage\":{\"@id\":\"https:\\\/\\\/www.arquimaster.com.ar\\\/web\\\/cocinas-taylormade-por-que-los-electrodomesticos-empotrados-son-tendencia\\\/#primaryimage\"},\"image\":{\"@id\":\"https:\\\/\\\/www.arquimaster.com.ar\\\/web\\\/cocinas-taylormade-por-que-los-electrodomesticos-empotrados-son-tendencia\\\/#primaryimage\"},\"thumbnailUrl\":\"https:\\\/\\\/www.arquimaster.com.ar\\\/web\\\/wp-content\\\/uploads\\\/2020\\\/07\\\/cocinas_taylor_made_slide.jpg\",\"datePublished\":\"2020-07-30T00:28:46+00:00\",\"dateModified\":\"2025-07-26T02:19:01+00:00\",\"description\":\"Su correcta integraci\u00f3n al espacio ofrece liviandad visual y una sensaci\u00f3n de amplitud.\",\"breadcrumb\":{\"@id\":\"https:\\\/\\\/www.arquimaster.com.ar\\\/web\\\/cocinas-taylormade-por-que-los-electrodomesticos-empotrados-son-tendencia\\\/#breadcrumb\"},\"inLanguage\":\"es\",\"potentialAction\":[{\"@type\":\"ReadAction\",\"target\":[\"https:\\\/\\\/www.arquimaster.com.ar\\\/web\\\/cocinas-taylormade-por-que-los-electrodomesticos-empotrados-son-tendencia\\\/\"]}]},{\"@type\":\"ImageObject\",\"inLanguage\":\"es\",\"@id\":\"https:\\\/\\\/www.arquimaster.com.ar\\\/web\\\/cocinas-taylormade-por-que-los-electrodomesticos-empotrados-son-tendencia\\\/#primaryimage\",\"url\":\"https:\\\/\\\/www.arquimaster.com.ar\\\/web\\\/wp-content\\\/uploads\\\/2020\\\/07\\\/cocinas_taylor_made_slide.jpg\",\"contentUrl\":\"https:\\\/\\\/www.arquimaster.com.ar\\\/web\\\/wp-content\\\/uploads\\\/2020\\\/07\\\/cocinas_taylor_made_slide.jpg\",\"width\":698,\"height\":364},{\"@type\":\"BreadcrumbList\",\"@id\":\"https:\\\/\\\/www.arquimaster.com.ar\\\/web\\\/cocinas-taylormade-por-que-los-electrodomesticos-empotrados-son-tendencia\\\/#breadcrumb\",\"itemListElement\":[{\"@type\":\"ListItem\",\"position\":1,\"name\":\"Portada\",\"item\":\"https:\\\/\\\/www.arquimaster.com.ar\\\/web\\\/\"},{\"@type\":\"ListItem\",\"position\":2,\"name\":\"Cocinas taylormade: \u00bfPor qu\u00e9 los electrodom\u00e9sticos empotrados son tendencia?\"}]},{\"@type\":\"WebSite\",\"@id\":\"https:\\\/\\\/www.arquimaster.com.ar\\\/web\\\/#website\",\"url\":\"https:\\\/\\\/www.arquimaster.com.ar\\\/web\\\/\",\"name\":\"Arquimaster\",\"description\":\"Web de arquitectura, dise\u00f1o y construccion\",\"publisher\":{\"@id\":\"https:\\\/\\\/www.arquimaster.com.ar\\\/web\\\/#organization\"},\"potentialAction\":[{\"@type\":\"SearchAction\",\"target\":{\"@type\":\"EntryPoint\",\"urlTemplate\":\"https:\\\/\\\/www.arquimaster.com.ar\\\/web\\\/?s={search_term_string}\"},\"query-input\":{\"@type\":\"PropertyValueSpecification\",\"valueRequired\":true,\"valueName\":\"search_term_string\"}}],\"inLanguage\":\"es\"},{\"@type\":\"Organization\",\"@id\":\"https:\\\/\\\/www.arquimaster.com.ar\\\/web\\\/#organization\",\"name\":\"Arquimaster\",\"url\":\"https:\\\/\\\/www.arquimaster.com.ar\\\/web\\\/\",\"logo\":{\"@type\":\"ImageObject\",\"inLanguage\":\"es\",\"@id\":\"https:\\\/\\\/www.arquimaster.com.ar\\\/web\\\/#\\\/schema\\\/logo\\\/image\\\/\",\"url\":\"https:\\\/\\\/www.arquimaster.com.ar\\\/web\\\/wp-content\\\/uploads\\\/2022\\\/06\\\/arquimaster.png\",\"contentUrl\":\"https:\\\/\\\/www.arquimaster.com.ar\\\/web\\\/wp-content\\\/uploads\\\/2022\\\/06\\\/arquimaster.png\",\"width\":594,\"height\":78,\"caption\":\"Arquimaster\"},\"image\":{\"@id\":\"https:\\\/\\\/www.arquimaster.com.ar\\\/web\\\/#\\\/schema\\\/logo\\\/image\\\/\"},\"sameAs\":[\"http:\\\/\\\/www.facebook.com\\\/ARQUIMASTER.com.ar\",\"https:\\\/\\\/x.com\\\/arquimaster\",\"https:\\\/\\\/www.instagram.com\\\/arquimasterblog\\\/\",\"https:\\\/\\\/www.linkedin.com\\\/company\\\/arquimaster\",\"https:\\\/\\\/www.pinterest.com\\\/arquimaster\",\"https:\\\/\\\/t.me\\\/arquimaster\"]},{\"@type\":\"Person\",\"@id\":\"https:\\\/\\\/www.arquimaster.com.ar\\\/web\\\/#\\\/schema\\\/person\\\/359e9f7c00193fcde068e0dd2ceb0028\",\"name\":\"Arquimaster\"}]}<\/script>\n<!-- \/ Yoast SEO plugin. -->","yoast_head_json":{"title":"Cocinas taylormade: \u00bfPor qu\u00e9 los electrodom\u00e9sticos empotrados son tendencia? - Arquimaster","description":"Su correcta integraci\u00f3n al espacio ofrece liviandad visual y una sensaci\u00f3n de amplitud.","robots":{"index":"index","follow":"follow","max-snippet":"max-snippet:-1","max-image-preview":"max-image-preview:large","max-video-preview":"max-video-preview:-1"},"canonical":"https:\/\/www.arquimaster.com.ar\/web\/cocinas-taylormade-por-que-los-electrodomesticos-empotrados-son-tendencia\/","og_locale":"es_ES","og_type":"article","og_title":"Cocinas taylormade: \u00bfPor qu\u00e9 los electrodom\u00e9sticos empotrados son tendencia?","og_description":"Su correcta integraci\u00f3n al espacio ofrece liviandad visual y una sensaci\u00f3n de amplitud.","og_url":"https:\/\/www.arquimaster.com.ar\/web\/cocinas-taylormade-por-que-los-electrodomesticos-empotrados-son-tendencia\/","og_site_name":"Arquimaster","article_publisher":"http:\/\/www.facebook.com\/ARQUIMASTER.com.ar","article_published_time":"2020-07-30T00:28:46+00:00","article_modified_time":"2025-07-26T02:19:01+00:00","og_image":[{"width":698,"height":364,"url":"https:\/\/www.arquimaster.com.ar\/web\/wp-content\/uploads\/2020\/07\/cocinas_taylor_made_slide.jpg","type":"image\/jpeg"}],"author":"Arquimaster","twitter_card":"summary_large_image","twitter_title":"Cocinas taylormade: \u00bfPor qu\u00e9 los electrodom\u00e9sticos empotrados son tendencia?","twitter_description":"Su correcta integraci\u00f3n al espacio ofrece liviandad visual y una sensaci\u00f3n de amplitud.","twitter_image":"https:\/\/www.arquimaster.com.ar\/web\/wp-content\/uploads\/2020\/07\/cocinas_taylor_made_slide.jpg","twitter_creator":"@arquimaster","twitter_site":"@arquimaster","twitter_misc":{"Escrito por":"Arquimaster","Tiempo de lectura":"3 minutos"},"schema":{"@context":"https:\/\/schema.org","@graph":[{"@type":"Article","@id":"https:\/\/www.arquimaster.com.ar\/web\/cocinas-taylormade-por-que-los-electrodomesticos-empotrados-son-tendencia\/#article","isPartOf":{"@id":"https:\/\/www.arquimaster.com.ar\/web\/cocinas-taylormade-por-que-los-electrodomesticos-empotrados-son-tendencia\/"},"author":{"name":"Arquimaster","@id":"https:\/\/www.arquimaster.com.ar\/web\/#\/schema\/person\/359e9f7c00193fcde068e0dd2ceb0028"},"headline":"Cocinas taylormade: \u00bfPor qu\u00e9 los electrodom\u00e9sticos empotrados son tendencia?","datePublished":"2020-07-30T00:28:46+00:00","dateModified":"2025-07-26T02:19:01+00:00","mainEntityOfPage":{"@id":"https:\/\/www.arquimaster.com.ar\/web\/cocinas-taylormade-por-que-los-electrodomesticos-empotrados-son-tendencia\/"},"wordCount":476,"publisher":{"@id":"https:\/\/www.arquimaster.com.ar\/web\/#organization"},"image":{"@id":"https:\/\/www.arquimaster.com.ar\/web\/cocinas-taylormade-por-que-los-electrodomesticos-empotrados-son-tendencia\/#primaryimage"},"thumbnailUrl":"https:\/\/www.arquimaster.com.ar\/web\/wp-content\/uploads\/2020\/07\/cocinas_taylor_made_slide.jpg","keywords":["Bosch","cocina","dise\u00f1o de cocinas","electrodomesticos","H\u00e4fele","herrajes","muebles de cocina"],"articleSection":["Dise\u00f1o","Dise\u00f1o interior y decoracion"],"inLanguage":"es"},{"@type":"WebPage","@id":"https:\/\/www.arquimaster.com.ar\/web\/cocinas-taylormade-por-que-los-electrodomesticos-empotrados-son-tendencia\/","url":"https:\/\/www.arquimaster.com.ar\/web\/cocinas-taylormade-por-que-los-electrodomesticos-empotrados-son-tendencia\/","name":"Cocinas taylormade: \u00bfPor qu\u00e9 los electrodom\u00e9sticos empotrados son tendencia? - Arquimaster","isPartOf":{"@id":"https:\/\/www.arquimaster.com.ar\/web\/#website"},"primaryImageOfPage":{"@id":"https:\/\/www.arquimaster.com.ar\/web\/cocinas-taylormade-por-que-los-electrodomesticos-empotrados-son-tendencia\/#primaryimage"},"image":{"@id":"https:\/\/www.arquimaster.com.ar\/web\/cocinas-taylormade-por-que-los-electrodomesticos-empotrados-son-tendencia\/#primaryimage"},"thumbnailUrl":"https:\/\/www.arquimaster.com.ar\/web\/wp-content\/uploads\/2020\/07\/cocinas_taylor_made_slide.jpg","datePublished":"2020-07-30T00:28:46+00:00","dateModified":"2025-07-26T02:19:01+00:00","description":"Su correcta integraci\u00f3n al espacio ofrece liviandad visual y una sensaci\u00f3n de amplitud.","breadcrumb":{"@id":"https:\/\/www.arquimaster.com.ar\/web\/cocinas-taylormade-por-que-los-electrodomesticos-empotrados-son-tendencia\/#breadcrumb"},"inLanguage":"es","potentialAction":[{"@type":"ReadAction","target":["https:\/\/www.arquimaster.com.ar\/web\/cocinas-taylormade-por-que-los-electrodomesticos-empotrados-son-tendencia\/"]}]},{"@type":"ImageObject","inLanguage":"es","@id":"https:\/\/www.arquimaster.com.ar\/web\/cocinas-taylormade-por-que-los-electrodomesticos-empotrados-son-tendencia\/#primaryimage","url":"https:\/\/www.arquimaster.com.ar\/web\/wp-content\/uploads\/2020\/07\/cocinas_taylor_made_slide.jpg","contentUrl":"https:\/\/www.arquimaster.com.ar\/web\/wp-content\/uploads\/2020\/07\/cocinas_taylor_made_slide.jpg","width":698,"height":364},{"@type":"BreadcrumbList","@id":"https:\/\/www.arquimaster.com.ar\/web\/cocinas-taylormade-por-que-los-electrodomesticos-empotrados-son-tendencia\/#breadcrumb","itemListElement":[{"@type":"ListItem","position":1,"name":"Portada","item":"https:\/\/www.arquimaster.com.ar\/web\/"},{"@type":"ListItem","position":2,"name":"Cocinas taylormade: \u00bfPor qu\u00e9 los electrodom\u00e9sticos empotrados son tendencia?"}]},{"@type":"WebSite","@id":"https:\/\/www.arquimaster.com.ar\/web\/#website","url":"https:\/\/www.arquimaster.com.ar\/web\/","name":"Arquimaster","description":"Web de arquitectura, dise\u00f1o y construccion","publisher":{"@id":"https:\/\/www.arquimaster.com.ar\/web\/#organization"},"potentialAction":[{"@type":"SearchAction","target":{"@type":"EntryPoint","urlTemplate":"https:\/\/www.arquimaster.com.ar\/web\/?s={search_term_string}"},"query-input":{"@type":"PropertyValueSpecification","valueRequired":true,"valueName":"search_term_string"}}],"inLanguage":"es"},{"@type":"Organization","@id":"https:\/\/www.arquimaster.com.ar\/web\/#organization","name":"Arquimaster","url":"https:\/\/www.arquimaster.com.ar\/web\/","logo":{"@type":"ImageObject","inLanguage":"es","@id":"https:\/\/www.arquimaster.com.ar\/web\/#\/schema\/logo\/image\/","url":"https:\/\/www.arquimaster.com.ar\/web\/wp-content\/uploads\/2022\/06\/arquimaster.png","contentUrl":"https:\/\/www.arquimaster.com.ar\/web\/wp-content\/uploads\/2022\/06\/arquimaster.png","width":594,"height":78,"caption":"Arquimaster"},"image":{"@id":"https:\/\/www.arquimaster.com.ar\/web\/#\/schema\/logo\/image\/"},"sameAs":["http:\/\/www.facebook.com\/ARQUIMASTER.com.ar","https:\/\/x.com\/arquimaster","https:\/\/www.instagram.com\/arquimasterblog\/","https:\/\/www.linkedin.com\/company\/arquimaster","https:\/\/www.pinterest.com\/arquimaster","https:\/\/t.me\/arquimaster"]},{"@type":"Person","@id":"https:\/\/www.arquimaster.com.ar\/web\/#\/schema\/person\/359e9f7c00193fcde068e0dd2ceb0028","name":"Arquimaster"}]}},"uagb_featured_image_src":{"full":["https:\/\/www.arquimaster.com.ar\/web\/wp-content\/uploads\/2020\/07\/cocinas_taylor_made_slide.jpg",698,364,false],"thumbnail":["https:\/\/www.arquimaster.com.ar\/web\/wp-content\/uploads\/2020\/07\/cocinas_taylor_made_slide-150x150.jpg",150,150,true],"medium":["https:\/\/www.arquimaster.com.ar\/web\/wp-content\/uploads\/2020\/07\/cocinas_taylor_made_slide.jpg",698,364,false],"medium_large":["https:\/\/www.arquimaster.com.ar\/web\/wp-content\/uploads\/2020\/07\/cocinas_taylor_made_slide.jpg",698,364,false],"large":["https:\/\/www.arquimaster.com.ar\/web\/wp-content\/uploads\/2020\/07\/cocinas_taylor_made_slide.jpg",698,364,false],"1536x1536":["https:\/\/www.arquimaster.com.ar\/web\/wp-content\/uploads\/2020\/07\/cocinas_taylor_made_slide.jpg",698,364,false],"2048x2048":["https:\/\/www.arquimaster.com.ar\/web\/wp-content\/uploads\/2020\/07\/cocinas_taylor_made_slide.jpg",698,364,false]},"uagb_author_info":{"display_name":"Arquimaster","author_link":"https:\/\/www.arquimaster.com.ar\/web\/author\/arquimaster\/"},"uagb_comment_info":0,"uagb_excerpt":"Su correcta integraci\u00f3n al espacio ofrece liviandad visual y una sensaci\u00f3n de amplitud...","_links":{"self":[{"href":"https:\/\/www.arquimaster.com.ar\/web\/wp-json\/wp\/v2\/posts\/57744","targetHints":{"allow":["GET"]}}],"collection":[{"href":"https:\/\/www.arquimaster.com.ar\/web\/wp-json\/wp\/v2\/posts"}],"about":[{"href":"https:\/\/www.arquimaster.com.ar\/web\/wp-json\/wp\/v2\/types\/post"}],"author":[{"embeddable":true,"href":"https:\/\/www.arquimaster.com.ar\/web\/wp-json\/wp\/v2\/users\/1"}],"replies":[{"embeddable":true,"href":"https:\/\/www.arquimaster.com.ar\/web\/wp-json\/wp\/v2\/comments?post=57744"}],"version-history":[{"count":2,"href":"https:\/\/www.arquimaster.com.ar\/web\/wp-json\/wp\/v2\/posts\/57744\/revisions"}],"predecessor-version":[{"id":85433,"href":"https:\/\/www.arquimaster.com.ar\/web\/wp-json\/wp\/v2\/posts\/57744\/revisions\/85433"}],"wp:featuredmedia":[{"embeddable":true,"href":"https:\/\/www.arquimaster.com.ar\/web\/wp-json\/wp\/v2\/media\/57745"}],"wp:attachment":[{"href":"https:\/\/www.arquimaster.com.ar\/web\/wp-json\/wp\/v2\/media?parent=57744"}],"wp:term":[{"taxonomy":"category","embeddable":true,"href":"https:\/\/www.arquimaster.com.ar\/web\/wp-json\/wp\/v2\/categories?post=57744"},{"taxonomy":"post_tag","embeddable":true,"href":"https:\/\/www.arquimaster.com.ar\/web\/wp-json\/wp\/v2\/tags?post=57744"}],"curies":[{"name":"wp","href":"https:\/\/api.w.org\/{rel}","templated":true}]}}