{"id":58046,"date":"2020-08-05T22:51:02","date_gmt":"2020-08-06T01:51:02","guid":{"rendered":"https:\/\/www.arquimaster.com.ar\/web\/?p=58046"},"modified":"2020-08-16T15:23:01","modified_gmt":"2020-08-16T18:23:01","slug":"centro-de-rehabilitacion-pilar-arquisalud-ssp","status":"publish","type":"post","link":"https:\/\/www.arquimaster.com.ar\/web\/centro-de-rehabilitacion-pilar-arquisalud-ssp\/","title":{"rendered":"Centro de Rehabilitaci\u00f3n Pilar \/ ArquiSalud SSP"},"content":{"rendered":"<div style=\"margin-top: 0px; margin-bottom: 0px;\" class=\"sharethis-inline-share-buttons\" ><\/div><div class=\"b812932af2e751442846f039925109de\" data-index=\"1\" style=\"float: none; margin:25px 0 25px 0; text-align:center;\">\n<script async src=\"https:\/\/pagead2.googlesyndication.com\/pagead\/js\/adsbygoogle.js\"><\/script>\r\n<!-- Arquimaster (superior) -->\r\n<ins class=\"adsbygoogle\"\r\n     style=\"display:block\"\r\n     data-ad-client=\"ca-pub-6351072698456832\"\r\n     data-ad-slot=\"6455489680\"\r\n     data-ad-format=\"auto\"\r\n     data-full-width-responsive=\"true\"><\/ins>\r\n<script>\r\n     (adsbygoogle = window.adsbygoogle || []).push({});\r\n<\/script>\n<\/div>\n<p><strong>Centro de Rehabilitaci\u00f3n Pilar<\/strong> (Pilar, Pcia. de Buenos Aires, Argentina) por<strong> ArquiSalud SSP<\/strong>. En un predio semiurbano de 3 hect\u00e1reas, se proyect\u00f3 este Centro de Rehabilitaci\u00f3n de 10.000 m2. Cuenta con un total de 140 camas de internaci\u00f3n para el tratamiento de pacientes con disfunciones motrices y\/o cognitivas graves y donde tambi\u00e9n se incluy\u00f3 un sector para pacientes que transitan la etapa de cuidados paliativos.<\/p>\n<div id='gallery-1' class='gallery galleryid-58046 gallery-columns-3 gallery-size-thumbnail'><figure class='gallery-item'>\n\t\t\t<div class='gallery-icon landscape'>\n\t\t\t\t<a href='https:\/\/www.arquimaster.com.ar\/web\/wp-content\/uploads\/2020\/08\/centro_rehabilitacion_pilar1.jpg' title=\"Centro de Rehabilitaci\u00f3n Pilar \/ ArquiSalud SSP\" data-rl_title=\"Centro de Rehabilitaci\u00f3n Pilar \/ ArquiSalud SSP\" class=\"rl-gallery-link\" data-rl_caption=\"Centro de Rehabilitaci\u00f3n Pilar \/ ArquiSalud SSP\" data-rel=\"lightbox-gallery-1\"><img loading=\"lazy\" decoding=\"async\" width=\"150\" height=\"150\" src=\"https:\/\/www.arquimaster.com.ar\/web\/wp-content\/uploads\/2020\/08\/centro_rehabilitacion_pilar1-150x150.jpg\" class=\"attachment-thumbnail size-thumbnail\" alt=\"\" aria-describedby=\"gallery-1-58048\" \/><\/a>\n\t\t\t<\/div>\n\t\t\t\t<figcaption class='wp-caption-text gallery-caption' id='gallery-1-58048'>\n\t\t\t\tCentro de Rehabilitaci\u00f3n Pilar \/ ArquiSalud SSP\n\t\t\t\t<\/figcaption><\/figure><figure class='gallery-item'>\n\t\t\t<div class='gallery-icon landscape'>\n\t\t\t\t<a href='https:\/\/www.arquimaster.com.ar\/web\/wp-content\/uploads\/2020\/08\/centro_rehabilitacion_pilar2.jpg' title=\"Centro de Rehabilitaci\u00f3n Pilar \/ ArquiSalud SSP\" data-rl_title=\"Centro de Rehabilitaci\u00f3n Pilar \/ ArquiSalud SSP\" class=\"rl-gallery-link\" data-rl_caption=\"Centro de Rehabilitaci\u00f3n Pilar \/ ArquiSalud SSP\" data-rel=\"lightbox-gallery-1\"><img loading=\"lazy\" decoding=\"async\" width=\"150\" height=\"150\" src=\"https:\/\/www.arquimaster.com.ar\/web\/wp-content\/uploads\/2020\/08\/centro_rehabilitacion_pilar2-150x150.jpg\" class=\"attachment-thumbnail size-thumbnail\" alt=\"\" aria-describedby=\"gallery-1-58049\" \/><\/a>\n\t\t\t<\/div>\n\t\t\t\t<figcaption class='wp-caption-text gallery-caption' id='gallery-1-58049'>\n\t\t\t\tCentro de Rehabilitaci\u00f3n Pilar \/ ArquiSalud SSP\n\t\t\t\t<\/figcaption><\/figure><figure class='gallery-item'>\n\t\t\t<div class='gallery-icon landscape'>\n\t\t\t\t<a href='https:\/\/www.arquimaster.com.ar\/web\/wp-content\/uploads\/2020\/08\/centro_rehabilitacion_pilar3.jpg' title=\"Centro de Rehabilitaci\u00f3n Pilar \/ ArquiSalud SSP\" data-rl_title=\"Centro de Rehabilitaci\u00f3n Pilar \/ ArquiSalud SSP\" class=\"rl-gallery-link\" data-rl_caption=\"Centro de Rehabilitaci\u00f3n Pilar \/ ArquiSalud SSP\" data-rel=\"lightbox-gallery-1\"><img loading=\"lazy\" decoding=\"async\" width=\"150\" height=\"150\" src=\"https:\/\/www.arquimaster.com.ar\/web\/wp-content\/uploads\/2020\/08\/centro_rehabilitacion_pilar3-150x150.jpg\" class=\"attachment-thumbnail size-thumbnail\" alt=\"\" aria-describedby=\"gallery-1-58050\" \/><\/a>\n\t\t\t<\/div>\n\t\t\t\t<figcaption class='wp-caption-text gallery-caption' id='gallery-1-58050'>\n\t\t\t\tCentro de Rehabilitaci\u00f3n Pilar \/ ArquiSalud SSP\n\t\t\t\t<\/figcaption><\/figure><figure class='gallery-item'>\n\t\t\t<div class='gallery-icon landscape'>\n\t\t\t\t<a href='https:\/\/www.arquimaster.com.ar\/web\/wp-content\/uploads\/2020\/08\/centro_rehabilitacion_pilar4.jpg' title=\"Centro de Rehabilitaci\u00f3n Pilar \/ ArquiSalud SSP\" data-rl_title=\"Centro de Rehabilitaci\u00f3n Pilar \/ ArquiSalud SSP\" class=\"rl-gallery-link\" data-rl_caption=\"Centro de Rehabilitaci\u00f3n Pilar \/ ArquiSalud SSP\" data-rel=\"lightbox-gallery-1\"><img loading=\"lazy\" decoding=\"async\" width=\"150\" height=\"150\" src=\"https:\/\/www.arquimaster.com.ar\/web\/wp-content\/uploads\/2020\/08\/centro_rehabilitacion_pilar4-150x150.jpg\" class=\"attachment-thumbnail size-thumbnail\" alt=\"\" aria-describedby=\"gallery-1-58051\" \/><\/a>\n\t\t\t<\/div>\n\t\t\t\t<figcaption class='wp-caption-text gallery-caption' id='gallery-1-58051'>\n\t\t\t\tCentro de Rehabilitaci\u00f3n Pilar \/ ArquiSalud SSP\n\t\t\t\t<\/figcaption><\/figure><figure class='gallery-item'>\n\t\t\t<div class='gallery-icon landscape'>\n\t\t\t\t<a href='https:\/\/www.arquimaster.com.ar\/web\/wp-content\/uploads\/2020\/08\/centro_rehabilitacion_pilar5.jpg' title=\"Centro de Rehabilitaci\u00f3n Pilar \/ ArquiSalud SSP\" data-rl_title=\"Centro de Rehabilitaci\u00f3n Pilar \/ ArquiSalud SSP\" class=\"rl-gallery-link\" data-rl_caption=\"Centro de Rehabilitaci\u00f3n Pilar \/ ArquiSalud SSP\" data-rel=\"lightbox-gallery-1\"><img loading=\"lazy\" decoding=\"async\" width=\"150\" height=\"150\" src=\"https:\/\/www.arquimaster.com.ar\/web\/wp-content\/uploads\/2020\/08\/centro_rehabilitacion_pilar5-150x150.jpg\" class=\"attachment-thumbnail size-thumbnail\" alt=\"\" aria-describedby=\"gallery-1-58052\" \/><\/a>\n\t\t\t<\/div>\n\t\t\t\t<figcaption class='wp-caption-text gallery-caption' id='gallery-1-58052'>\n\t\t\t\tCentro de Rehabilitaci\u00f3n Pilar \/ ArquiSalud SSP\n\t\t\t\t<\/figcaption><\/figure><figure class='gallery-item'>\n\t\t\t<div class='gallery-icon landscape'>\n\t\t\t\t<a href='https:\/\/www.arquimaster.com.ar\/web\/wp-content\/uploads\/2020\/08\/centro_rehabilitacion_pilar6.jpg' title=\"Centro de Rehabilitaci\u00f3n Pilar \/ ArquiSalud SSP\" data-rl_title=\"Centro de Rehabilitaci\u00f3n Pilar \/ ArquiSalud SSP\" class=\"rl-gallery-link\" data-rl_caption=\"Centro de Rehabilitaci\u00f3n Pilar \/ ArquiSalud SSP\" data-rel=\"lightbox-gallery-1\"><img loading=\"lazy\" decoding=\"async\" width=\"150\" height=\"150\" src=\"https:\/\/www.arquimaster.com.ar\/web\/wp-content\/uploads\/2020\/08\/centro_rehabilitacion_pilar6-150x150.jpg\" class=\"attachment-thumbnail size-thumbnail\" alt=\"\" aria-describedby=\"gallery-1-58053\" \/><\/a>\n\t\t\t<\/div>\n\t\t\t\t<figcaption class='wp-caption-text gallery-caption' id='gallery-1-58053'>\n\t\t\t\tCentro de Rehabilitaci\u00f3n Pilar \/ ArquiSalud SSP\n\t\t\t\t<\/figcaption><\/figure><figure class='gallery-item'>\n\t\t\t<div class='gallery-icon landscape'>\n\t\t\t\t<a href='https:\/\/www.arquimaster.com.ar\/web\/wp-content\/uploads\/2020\/08\/centro_rehabilitacion_pilar7.jpg' title=\"Centro de Rehabilitaci\u00f3n Pilar \/ ArquiSalud SSP\" data-rl_title=\"Centro de Rehabilitaci\u00f3n Pilar \/ ArquiSalud SSP\" class=\"rl-gallery-link\" data-rl_caption=\"Centro de Rehabilitaci\u00f3n Pilar \/ ArquiSalud SSP\" data-rel=\"lightbox-gallery-1\"><img loading=\"lazy\" decoding=\"async\" width=\"150\" height=\"150\" src=\"https:\/\/www.arquimaster.com.ar\/web\/wp-content\/uploads\/2020\/08\/centro_rehabilitacion_pilar7-150x150.jpg\" class=\"attachment-thumbnail size-thumbnail\" alt=\"\" aria-describedby=\"gallery-1-58054\" \/><\/a>\n\t\t\t<\/div>\n\t\t\t\t<figcaption class='wp-caption-text gallery-caption' id='gallery-1-58054'>\n\t\t\t\tCentro de Rehabilitaci\u00f3n Pilar \/ ArquiSalud SSP\n\t\t\t\t<\/figcaption><\/figure><figure class='gallery-item'>\n\t\t\t<div class='gallery-icon landscape'>\n\t\t\t\t<a href='https:\/\/www.arquimaster.com.ar\/web\/wp-content\/uploads\/2020\/08\/centro_rehabilitacion_pilar8.jpg' title=\"Centro de Rehabilitaci\u00f3n Pilar \/ ArquiSalud SSP\" data-rl_title=\"Centro de Rehabilitaci\u00f3n Pilar \/ ArquiSalud SSP\" class=\"rl-gallery-link\" data-rl_caption=\"Centro de Rehabilitaci\u00f3n Pilar \/ ArquiSalud SSP\" data-rel=\"lightbox-gallery-1\"><img loading=\"lazy\" decoding=\"async\" width=\"150\" height=\"150\" src=\"https:\/\/www.arquimaster.com.ar\/web\/wp-content\/uploads\/2020\/08\/centro_rehabilitacion_pilar8-150x150.jpg\" class=\"attachment-thumbnail size-thumbnail\" alt=\"\" aria-describedby=\"gallery-1-58055\" \/><\/a>\n\t\t\t<\/div>\n\t\t\t\t<figcaption class='wp-caption-text gallery-caption' id='gallery-1-58055'>\n\t\t\t\tCentro de Rehabilitaci\u00f3n Pilar \/ ArquiSalud SSP\n\t\t\t\t<\/figcaption><\/figure><figure class='gallery-item'>\n\t\t\t<div class='gallery-icon landscape'>\n\t\t\t\t<a href='https:\/\/www.arquimaster.com.ar\/web\/wp-content\/uploads\/2020\/08\/centro_rehabilitacion_pilar9.jpg' title=\"Centro de Rehabilitaci\u00f3n Pilar \/ ArquiSalud SSP (planta baja)\" data-rl_title=\"Centro de Rehabilitaci\u00f3n Pilar \/ ArquiSalud SSP (planta baja)\" class=\"rl-gallery-link\" data-rl_caption=\"Centro de Rehabilitaci\u00f3n Pilar \/ ArquiSalud SSP (planta baja)\" data-rel=\"lightbox-gallery-1\"><img loading=\"lazy\" decoding=\"async\" width=\"150\" height=\"150\" src=\"https:\/\/www.arquimaster.com.ar\/web\/wp-content\/uploads\/2020\/08\/centro_rehabilitacion_pilar9-150x150.jpg\" class=\"attachment-thumbnail size-thumbnail\" alt=\"\" aria-describedby=\"gallery-1-58056\" \/><\/a>\n\t\t\t<\/div>\n\t\t\t\t<figcaption class='wp-caption-text gallery-caption' id='gallery-1-58056'>\n\t\t\t\tCentro de Rehabilitaci\u00f3n Pilar \/ ArquiSalud SSP (planta baja)\n\t\t\t\t<\/figcaption><\/figure><figure class='gallery-item'>\n\t\t\t<div class='gallery-icon landscape'>\n\t\t\t\t<a href='https:\/\/www.arquimaster.com.ar\/web\/wp-content\/uploads\/2020\/08\/centro_rehabilitacion_pilar10.jpg' title=\"Centro de Rehabilitaci\u00f3n Pilar \/ ArquiSalud SSP (implantacion)\" data-rl_title=\"Centro de Rehabilitaci\u00f3n Pilar \/ ArquiSalud SSP (implantacion)\" class=\"rl-gallery-link\" data-rl_caption=\"Centro de Rehabilitaci\u00f3n Pilar \/ ArquiSalud SSP (implantacion)\" data-rel=\"lightbox-gallery-1\"><img loading=\"lazy\" decoding=\"async\" width=\"150\" height=\"150\" src=\"https:\/\/www.arquimaster.com.ar\/web\/wp-content\/uploads\/2020\/08\/centro_rehabilitacion_pilar10-150x150.jpg\" class=\"attachment-thumbnail size-thumbnail\" alt=\"\" aria-describedby=\"gallery-1-58057\" \/><\/a>\n\t\t\t<\/div>\n\t\t\t\t<figcaption class='wp-caption-text gallery-caption' id='gallery-1-58057'>\n\t\t\t\tCentro de Rehabilitaci\u00f3n Pilar \/ ArquiSalud SSP (implantacion)\n\t\t\t\t<\/figcaption><\/figure><figure class='gallery-item'>\n\t\t\t<div class='gallery-icon landscape'>\n\t\t\t\t<a href='https:\/\/www.arquimaster.com.ar\/web\/wp-content\/uploads\/2020\/08\/centro_rehabilitacion_pilar11.jpg' title=\"Centro de Rehabilitaci\u00f3n Pilar \/ ArquiSalud SSP (corte)\" data-rl_title=\"Centro de Rehabilitaci\u00f3n Pilar \/ ArquiSalud SSP (corte)\" class=\"rl-gallery-link\" data-rl_caption=\"Centro de Rehabilitaci\u00f3n Pilar \/ ArquiSalud SSP (corte)\" data-rel=\"lightbox-gallery-1\"><img loading=\"lazy\" decoding=\"async\" width=\"150\" height=\"150\" src=\"https:\/\/www.arquimaster.com.ar\/web\/wp-content\/uploads\/2020\/08\/centro_rehabilitacion_pilar11-150x150.jpg\" class=\"attachment-thumbnail size-thumbnail\" alt=\"\" aria-describedby=\"gallery-1-58058\" \/><\/a>\n\t\t\t<\/div>\n\t\t\t\t<figcaption class='wp-caption-text gallery-caption' id='gallery-1-58058'>\n\t\t\t\tCentro de Rehabilitaci\u00f3n Pilar \/ ArquiSalud SSP (corte)\n\t\t\t\t<\/figcaption><\/figure><figure class='gallery-item'>\n\t\t\t<div class='gallery-icon landscape'>\n\t\t\t\t<a href='https:\/\/www.arquimaster.com.ar\/web\/wp-content\/uploads\/2020\/08\/centro_rehabilitacion_pilar12.jpg' title=\"Centro de Rehabilitaci\u00f3n Pilar \/ ArquiSalud SSP (corte)\" data-rl_title=\"Centro de Rehabilitaci\u00f3n Pilar \/ ArquiSalud SSP (corte)\" class=\"rl-gallery-link\" data-rl_caption=\"Centro de Rehabilitaci\u00f3n Pilar \/ ArquiSalud SSP (corte)\" data-rel=\"lightbox-gallery-1\"><img loading=\"lazy\" decoding=\"async\" width=\"150\" height=\"150\" src=\"https:\/\/www.arquimaster.com.ar\/web\/wp-content\/uploads\/2020\/08\/centro_rehabilitacion_pilar12-150x150.jpg\" class=\"attachment-thumbnail size-thumbnail\" alt=\"\" aria-describedby=\"gallery-1-58059\" \/><\/a>\n\t\t\t<\/div>\n\t\t\t\t<figcaption class='wp-caption-text gallery-caption' id='gallery-1-58059'>\n\t\t\t\tCentro de Rehabilitaci\u00f3n Pilar \/ ArquiSalud SSP (corte)\n\t\t\t\t<\/figcaption><\/figure><figure class='gallery-item'>\n\t\t\t<div class='gallery-icon landscape'>\n\t\t\t\t<a href='https:\/\/www.arquimaster.com.ar\/web\/wp-content\/uploads\/2020\/08\/centro_rehabilitacion_pilar13.jpg' title=\"Centro de Rehabilitaci\u00f3n Pilar \/ ArquiSalud SSP (corte)\" data-rl_title=\"Centro de Rehabilitaci\u00f3n Pilar \/ ArquiSalud SSP (corte)\" class=\"rl-gallery-link\" data-rl_caption=\"Centro de Rehabilitaci\u00f3n Pilar \/ ArquiSalud SSP (corte)\" data-rel=\"lightbox-gallery-1\"><img loading=\"lazy\" decoding=\"async\" width=\"150\" height=\"150\" src=\"https:\/\/www.arquimaster.com.ar\/web\/wp-content\/uploads\/2020\/08\/centro_rehabilitacion_pilar13-150x150.jpg\" class=\"attachment-thumbnail size-thumbnail\" alt=\"\" aria-describedby=\"gallery-1-58060\" \/><\/a>\n\t\t\t<\/div>\n\t\t\t\t<figcaption class='wp-caption-text gallery-caption' id='gallery-1-58060'>\n\t\t\t\tCentro de Rehabilitaci\u00f3n Pilar \/ ArquiSalud SSP (corte)\n\t\t\t\t<\/figcaption><\/figure><figure class='gallery-item'>\n\t\t\t<div class='gallery-icon landscape'>\n\t\t\t\t<a href='https:\/\/www.arquimaster.com.ar\/web\/wp-content\/uploads\/2020\/08\/centro_rehabilitacion_pilar14.jpg' title=\"Centro de Rehabilitaci\u00f3n Pilar \/ ArquiSalud SSP (vista frente)\" data-rl_title=\"Centro de Rehabilitaci\u00f3n Pilar \/ ArquiSalud SSP (vista frente)\" class=\"rl-gallery-link\" data-rl_caption=\"Centro de Rehabilitaci\u00f3n Pilar \/ ArquiSalud SSP (vista frente)\" data-rel=\"lightbox-gallery-1\"><img loading=\"lazy\" decoding=\"async\" width=\"150\" height=\"150\" src=\"https:\/\/www.arquimaster.com.ar\/web\/wp-content\/uploads\/2020\/08\/centro_rehabilitacion_pilar14-150x150.jpg\" class=\"attachment-thumbnail size-thumbnail\" alt=\"\" aria-describedby=\"gallery-1-58061\" \/><\/a>\n\t\t\t<\/div>\n\t\t\t\t<figcaption class='wp-caption-text gallery-caption' id='gallery-1-58061'>\n\t\t\t\tCentro de Rehabilitaci\u00f3n Pilar \/ ArquiSalud SSP (vista frente)\n\t\t\t\t<\/figcaption><\/figure><figure class='gallery-item'>\n\t\t\t<div class='gallery-icon landscape'>\n\t\t\t\t<a href='https:\/\/www.arquimaster.com.ar\/web\/wp-content\/uploads\/2020\/08\/centro_rehabilitacion_pilar15.jpg' title=\"Centro de Rehabilitaci\u00f3n Pilar \/ ArquiSalud SSP (vista lateral)\" data-rl_title=\"Centro de Rehabilitaci\u00f3n Pilar \/ ArquiSalud SSP (vista lateral)\" class=\"rl-gallery-link\" data-rl_caption=\"Centro de Rehabilitaci\u00f3n Pilar \/ ArquiSalud SSP (vista lateral)\" data-rel=\"lightbox-gallery-1\"><img loading=\"lazy\" decoding=\"async\" width=\"150\" height=\"150\" src=\"https:\/\/www.arquimaster.com.ar\/web\/wp-content\/uploads\/2020\/08\/centro_rehabilitacion_pilar15-150x150.jpg\" class=\"attachment-thumbnail size-thumbnail\" alt=\"\" aria-describedby=\"gallery-1-58062\" \/><\/a>\n\t\t\t<\/div>\n\t\t\t\t<figcaption class='wp-caption-text gallery-caption' id='gallery-1-58062'>\n\t\t\t\tCentro de Rehabilitaci\u00f3n Pilar \/ ArquiSalud SSP (vista lateral)\n\t\t\t\t<\/figcaption><\/figure><figure class='gallery-item'>\n\t\t\t<div class='gallery-icon landscape'>\n\t\t\t\t<a href='https:\/\/www.arquimaster.com.ar\/web\/wp-content\/uploads\/2020\/08\/centro_rehabilitacion_pilar16.jpg' title=\"Centro de Rehabilitaci\u00f3n Pilar \/ ArquiSalud SSP (esquemas)\" data-rl_title=\"Centro de Rehabilitaci\u00f3n Pilar \/ ArquiSalud SSP (esquemas)\" class=\"rl-gallery-link\" data-rl_caption=\"Centro de Rehabilitaci\u00f3n Pilar \/ ArquiSalud SSP (esquemas)\" data-rel=\"lightbox-gallery-1\"><img loading=\"lazy\" decoding=\"async\" width=\"150\" height=\"150\" src=\"https:\/\/www.arquimaster.com.ar\/web\/wp-content\/uploads\/2020\/08\/centro_rehabilitacion_pilar16-150x150.jpg\" class=\"attachment-thumbnail size-thumbnail\" alt=\"\" aria-describedby=\"gallery-1-58063\" \/><\/a>\n\t\t\t<\/div>\n\t\t\t\t<figcaption class='wp-caption-text gallery-caption' id='gallery-1-58063'>\n\t\t\t\tCentro de Rehabilitaci\u00f3n Pilar \/ ArquiSalud SSP (esquemas)\n\t\t\t\t<\/figcaption><\/figure><figure class='gallery-item'>\n\t\t\t<div class='gallery-icon portrait'>\n\t\t\t\t<a href='https:\/\/www.arquimaster.com.ar\/web\/wp-content\/uploads\/2020\/08\/centro_rehabilitacion_pilar17.jpg' title=\"Centro de Rehabilitaci\u00f3n Pilar \/ ArquiSalud SSP (detalle constructivo)\" data-rl_title=\"Centro de Rehabilitaci\u00f3n Pilar \/ ArquiSalud SSP (detalle constructivo)\" class=\"rl-gallery-link\" data-rl_caption=\"Centro de Rehabilitaci\u00f3n Pilar \/ ArquiSalud SSP (detalle constructivo)\" data-rel=\"lightbox-gallery-1\"><img loading=\"lazy\" decoding=\"async\" width=\"150\" height=\"150\" src=\"https:\/\/www.arquimaster.com.ar\/web\/wp-content\/uploads\/2020\/08\/centro_rehabilitacion_pilar17-150x150.jpg\" class=\"attachment-thumbnail size-thumbnail\" alt=\"\" aria-describedby=\"gallery-1-58064\" \/><\/a>\n\t\t\t<\/div>\n\t\t\t\t<figcaption class='wp-caption-text gallery-caption' id='gallery-1-58064'>\n\t\t\t\tCentro de Rehabilitaci\u00f3n Pilar \/ ArquiSalud SSP (detalle constructivo)\n\t\t\t\t<\/figcaption><\/figure>\n\t\t<\/div>\n\n<p>Sin perder el objetivo de que el edificio sirva al fin para el que se cre\u00f3, fue premisa desarrollar un edificio sustentable y en donde los espacios colaboren en la recuperaci\u00f3n del paciente.<\/p>\n<p>La forma del edificio fue condicionada por las caracter\u00edsticas del terreno, sus proporciones, la existencia de una a\u00f1osa arboleda que se decidi\u00f3 conservar, y por la voluntad de desarrollar el Centro en un solo nivel. Se intent\u00f3 generar el menor impacto posible en el entorno, integrando la arquitectura al ambiente natural y respetando la ubicaci\u00f3n de todas las especies arb\u00f3reas existentes.<\/p>\n<p>Funcionalmente est\u00e1 compuesto por siete unidades de internaci\u00f3n (UI) con 20 camas cada una, m\u00e1s dos \u00e1reas asistenciales, espacios de apoyo y de confort, del paciente y del personal, m\u00e1s los servicios generales.<\/p>\n<p>Cada unidad de internaci\u00f3n linda con patios interiores y con el jard\u00edn exterior. Cada patio tiene una intencionalidad diferente, caracteriz\u00e1ndose como patios recreativos y patios contemplativos. Los primeros son las expansiones controladas de cada unidad de internaci\u00f3n, y los segundos permiten ventilar e iluminar habitaciones y circulaciones. Los mismos fueron dise\u00f1ados siguiendo las ideas mencionadas y seg\u00fan la orientaci\u00f3n correspondiente.<\/p>\n<p>El exterior fue dise\u00f1ado como un jard\u00edn terap\u00e9utico, con un camino recreativo con \u00e1reas para el descanso y la relajaci\u00f3n, pistas de marcha con dificultad y sectores de huerta terap\u00e9utica. Fue intenci\u00f3n que el verde siempre presente colabore en la recuperaci\u00f3n del paciente.<\/p>\n<p>El edificio se articula mediante una circulaci\u00f3n principal mixta a modo de calle, para pacientes, personal y visitas, y una circulaci\u00f3n t\u00e9cnica exclusiva que vincula los locales de apoyo.<\/p>\n<p>La calle principal mixta de forma quebrada alterna los ingresos a los diferentes sectores con los patios, caracter\u00edsticas que enriquecen y orientan en el recorrido de quienes lo transitan. Un color diferente identifica desde la calle a cada unidad de internaci\u00f3n. Esta circulaci\u00f3n presenta un ancho importante que permite, entre unidades de internaci\u00f3n y por tramos, configurar las pistas de marcha sin dificultad con \u00e1reas de descanso en coincidencia con los patios.<\/p>\n<p>Todos los locales principales del edificio contar\u00e1n con iluminaci\u00f3n natural y visuales hacia el exterior con aberturas controladas evitando la acci\u00f3n nociva del sol en verano.<\/p>\n<p>La envolvente (muros y techos) se materializar\u00e1n de modo de evitar p\u00e9rdidas t\u00e9rmicas en invierno y ganancias en verano. Los techos verdes con especies de bajo mantenimiento y piedra pometina, tambi\u00e9n neutralizar\u00e1n la formaci\u00f3n de \u00abisla de calor\u00bb ralentizando el drenaje de las aguas de lluvia.<\/p>\n<p>Para las instalaciones, respetando los criterios de sustentabilidad de disminuir el consumo de energ\u00eda y agua, se trabaj\u00f3 con energ\u00edas renovables complementando algunos de los servicios convencionales; se reutilizaron aguas grises para riego y descargas de inodoros. Contar\u00e1 con una planta de tratamiento de l\u00edquidos cloacales.<\/p>\n<p><strong>Ficha t\u00e9cnica<\/strong><br \/>\nNombre: Centro de Rehabilitaci\u00f3n Pilar<br \/>\nUbicaci\u00f3n: Pilar, Pcia. de Buenos Aires, Argentina<br \/>\nOficina de Arquitectura: ArquiSalud SSP<br \/>\nArquitectos a Cargo: Arq. Mariana Irigoyen y Arq. Luciano Monza<br \/>\nEquipo de Dise\u00f1o y Direcci\u00f3n de Obra: Arq. Silvina L\u00f3pez Martin, Arq. Micaela Lentino, Arq. Pedro Salgado, Arq. Esteban Bomba<br \/>\nEmpresa Constructora: GASBA<br \/>\nClientes: OSMMEDT<br \/>\nIngenier\u00eda: Ing. Marcelo Rufino (Estructuras)<br \/>\nPaisajismo: Paisajista Agustina Busto Tarelli<br \/>\nConsultores: Arq. Carlos L\u00f3pez (Instalaci\u00f3n Termomec\u00e1nica), Estudio Giarini (Instalaci\u00f3n Sanitaria, Gas e Incendio), Ing. Atilio Ricca (Instalaci\u00f3n El\u00e9ctrica), Ing. Bernardo Kaplan (Tensiones D\u00e9biles), Arq. Mar\u00eda Jos\u00e9 Leveratto (Sustentabilidad)<br \/>\nColaboradores: Arq. Andr\u00e9s Venezia (Renders)<br \/>\nCertificados: EDGE Advanced Preliminary Certificate<br \/>\nSuperficie construida: 10.400 m2<br \/>\nEstado: en obra (inicio de obra 2017)<\/p>\n<p><strong>Contacto<br \/>\n<\/strong><a href=\"https:\/\/arquisalud.com.ar\" target=\"_blank\" rel=\"noopener noreferrer\">https:\/\/arquisalud.com.ar<\/a><\/p>\n\n<div style=\"font-size: 0px; height: 0px; line-height: 0px; margin: 0; padding: 0; clear: both;\"><\/div><div style=\"margin-top: 0px; margin-bottom: 0px;\" class=\"sharethis-inline-share-buttons\" ><\/div>","protected":false},"excerpt":{"rendered":"<p>Un edificio sustentable en donde los espacios colaboran en la recuperaci\u00f3n del paciente&#8230;<\/p>\n","protected":false},"author":1,"featured_media":58047,"comment_status":"closed","ping_status":"closed","sticky":false,"template":"","format":"standard","meta":{"_uag_custom_page_level_css":"","footnotes":""},"categories":[905,1],"tags":[6257,6258,44,6256,4303,4189,651,1742,680,317],"class_list":["post-58046","post","type-post","status-publish","format-standard","has-post-thumbnail","hentry","category-edificios-para-la-salud","category-proyecto","tag-arquisalud","tag-arquisalud-ssp","tag-arquitectura-sustentable","tag-centro-de-rehabilitacion","tag-centro-de-salud","tag-edificios-para-la-salud","tag-pilar","tag-recursos-fisicos-en-salud","tag-rehabilitacion","tag-sustentable","generate-columns","tablet-grid-50","mobile-grid-100","grid-parent","grid-50"],"yoast_head":"<!-- This site is optimized with the Yoast SEO plugin v27.3 - https:\/\/yoast.com\/product\/yoast-seo-wordpress\/ -->\n<title>Centro de Rehabilitaci\u00f3n Pilar \/ ArquiSalud SSP - Arquimaster<\/title>\n<meta name=\"description\" content=\"La premisa del proyecto fue desarrollar un edificio sustentable en donde los espacios colaboren en la recuperaci\u00f3n del paciente.\" \/>\n<meta name=\"robots\" content=\"index, follow, max-snippet:-1, max-image-preview:large, max-video-preview:-1\" \/>\n<link rel=\"canonical\" href=\"https:\/\/www.arquimaster.com.ar\/web\/centro-de-rehabilitacion-pilar-arquisalud-ssp\/\" \/>\n<meta property=\"og:locale\" content=\"es_ES\" \/>\n<meta property=\"og:type\" content=\"article\" \/>\n<meta property=\"og:title\" content=\"Centro de Rehabilitaci\u00f3n Pilar \/ ArquiSalud SSP\" \/>\n<meta property=\"og:description\" content=\"La premisa del proyecto fue desarrollar un edificio sustentable en donde los espacios colaboren en la recuperaci\u00f3n del paciente.\" \/>\n<meta property=\"og:url\" content=\"https:\/\/www.arquimaster.com.ar\/web\/centro-de-rehabilitacion-pilar-arquisalud-ssp\/\" \/>\n<meta property=\"og:site_name\" content=\"Arquimaster\" \/>\n<meta property=\"article:publisher\" content=\"http:\/\/www.facebook.com\/ARQUIMASTER.com.ar\" \/>\n<meta property=\"article:published_time\" content=\"2020-08-06T01:51:02+00:00\" \/>\n<meta property=\"article:modified_time\" content=\"2020-08-16T18:23:01+00:00\" \/>\n<meta property=\"og:image\" content=\"https:\/\/www.arquimaster.com.ar\/web\/wp-content\/uploads\/2020\/08\/centro_rehabilitacion_pilar_slide.jpg\" \/>\n\t<meta property=\"og:image:width\" content=\"698\" \/>\n\t<meta property=\"og:image:height\" content=\"364\" \/>\n\t<meta property=\"og:image:type\" content=\"image\/jpeg\" \/>\n<meta name=\"author\" content=\"Arquimaster\" \/>\n<meta name=\"twitter:card\" content=\"summary_large_image\" \/>\n<meta name=\"twitter:title\" content=\"Centro de Rehabilitaci\u00f3n Pilar \/ ArquiSalud SSP\" \/>\n<meta name=\"twitter:description\" content=\"La premisa del proyecto fue desarrollar un edificio sustentable en donde los espacios colaboren en la recuperaci\u00f3n del paciente.\" \/>\n<meta name=\"twitter:image\" content=\"https:\/\/www.arquimaster.com.ar\/web\/wp-content\/uploads\/2020\/08\/centro_rehabilitacion_pilar_slide.jpg\" \/>\n<meta name=\"twitter:creator\" content=\"@arquimaster\" \/>\n<meta name=\"twitter:site\" content=\"@arquimaster\" \/>\n<meta name=\"twitter:label1\" content=\"Escrito por\" \/>\n\t<meta name=\"twitter:data1\" content=\"Arquimaster\" \/>\n\t<meta name=\"twitter:label2\" content=\"Tiempo de lectura\" \/>\n\t<meta name=\"twitter:data2\" content=\"3 minutos\" \/>\n<script type=\"application\/ld+json\" class=\"yoast-schema-graph\">{\"@context\":\"https:\\\/\\\/schema.org\",\"@graph\":[{\"@type\":\"Article\",\"@id\":\"https:\\\/\\\/www.arquimaster.com.ar\\\/web\\\/centro-de-rehabilitacion-pilar-arquisalud-ssp\\\/#article\",\"isPartOf\":{\"@id\":\"https:\\\/\\\/www.arquimaster.com.ar\\\/web\\\/centro-de-rehabilitacion-pilar-arquisalud-ssp\\\/\"},\"author\":{\"name\":\"Arquimaster\",\"@id\":\"https:\\\/\\\/www.arquimaster.com.ar\\\/web\\\/#\\\/schema\\\/person\\\/359e9f7c00193fcde068e0dd2ceb0028\"},\"headline\":\"Centro de Rehabilitaci\u00f3n Pilar \\\/ ArquiSalud SSP\",\"datePublished\":\"2020-08-06T01:51:02+00:00\",\"dateModified\":\"2020-08-16T18:23:01+00:00\",\"mainEntityOfPage\":{\"@id\":\"https:\\\/\\\/www.arquimaster.com.ar\\\/web\\\/centro-de-rehabilitacion-pilar-arquisalud-ssp\\\/\"},\"wordCount\":700,\"publisher\":{\"@id\":\"https:\\\/\\\/www.arquimaster.com.ar\\\/web\\\/#organization\"},\"image\":{\"@id\":\"https:\\\/\\\/www.arquimaster.com.ar\\\/web\\\/centro-de-rehabilitacion-pilar-arquisalud-ssp\\\/#primaryimage\"},\"thumbnailUrl\":\"https:\\\/\\\/www.arquimaster.com.ar\\\/web\\\/wp-content\\\/uploads\\\/2020\\\/08\\\/centro_rehabilitacion_pilar_slide.jpg\",\"keywords\":[\"ArquiSalud\",\"ArquiSalud SSP\",\"arquitectura sustentable\",\"centro de rehabilitaci\u00f3n\",\"centro de salud\",\"edificios para la salud\",\"Pilar\",\"recursos f\u00edsicos en salud\",\"rehabilitaci\u00f3n\",\"sustentable\"],\"articleSection\":[\"Edificios para la salud\",\"Proyecto\"],\"inLanguage\":\"es\"},{\"@type\":\"WebPage\",\"@id\":\"https:\\\/\\\/www.arquimaster.com.ar\\\/web\\\/centro-de-rehabilitacion-pilar-arquisalud-ssp\\\/\",\"url\":\"https:\\\/\\\/www.arquimaster.com.ar\\\/web\\\/centro-de-rehabilitacion-pilar-arquisalud-ssp\\\/\",\"name\":\"Centro de Rehabilitaci\u00f3n Pilar \\\/ ArquiSalud SSP - Arquimaster\",\"isPartOf\":{\"@id\":\"https:\\\/\\\/www.arquimaster.com.ar\\\/web\\\/#website\"},\"primaryImageOfPage\":{\"@id\":\"https:\\\/\\\/www.arquimaster.com.ar\\\/web\\\/centro-de-rehabilitacion-pilar-arquisalud-ssp\\\/#primaryimage\"},\"image\":{\"@id\":\"https:\\\/\\\/www.arquimaster.com.ar\\\/web\\\/centro-de-rehabilitacion-pilar-arquisalud-ssp\\\/#primaryimage\"},\"thumbnailUrl\":\"https:\\\/\\\/www.arquimaster.com.ar\\\/web\\\/wp-content\\\/uploads\\\/2020\\\/08\\\/centro_rehabilitacion_pilar_slide.jpg\",\"datePublished\":\"2020-08-06T01:51:02+00:00\",\"dateModified\":\"2020-08-16T18:23:01+00:00\",\"description\":\"La premisa del proyecto fue desarrollar un edificio sustentable en donde los espacios colaboren en la recuperaci\u00f3n del paciente.\",\"breadcrumb\":{\"@id\":\"https:\\\/\\\/www.arquimaster.com.ar\\\/web\\\/centro-de-rehabilitacion-pilar-arquisalud-ssp\\\/#breadcrumb\"},\"inLanguage\":\"es\",\"potentialAction\":[{\"@type\":\"ReadAction\",\"target\":[\"https:\\\/\\\/www.arquimaster.com.ar\\\/web\\\/centro-de-rehabilitacion-pilar-arquisalud-ssp\\\/\"]}]},{\"@type\":\"ImageObject\",\"inLanguage\":\"es\",\"@id\":\"https:\\\/\\\/www.arquimaster.com.ar\\\/web\\\/centro-de-rehabilitacion-pilar-arquisalud-ssp\\\/#primaryimage\",\"url\":\"https:\\\/\\\/www.arquimaster.com.ar\\\/web\\\/wp-content\\\/uploads\\\/2020\\\/08\\\/centro_rehabilitacion_pilar_slide.jpg\",\"contentUrl\":\"https:\\\/\\\/www.arquimaster.com.ar\\\/web\\\/wp-content\\\/uploads\\\/2020\\\/08\\\/centro_rehabilitacion_pilar_slide.jpg\",\"width\":698,\"height\":364},{\"@type\":\"BreadcrumbList\",\"@id\":\"https:\\\/\\\/www.arquimaster.com.ar\\\/web\\\/centro-de-rehabilitacion-pilar-arquisalud-ssp\\\/#breadcrumb\",\"itemListElement\":[{\"@type\":\"ListItem\",\"position\":1,\"name\":\"Portada\",\"item\":\"https:\\\/\\\/www.arquimaster.com.ar\\\/web\\\/\"},{\"@type\":\"ListItem\",\"position\":2,\"name\":\"Centro de Rehabilitaci\u00f3n Pilar \\\/ ArquiSalud SSP\"}]},{\"@type\":\"WebSite\",\"@id\":\"https:\\\/\\\/www.arquimaster.com.ar\\\/web\\\/#website\",\"url\":\"https:\\\/\\\/www.arquimaster.com.ar\\\/web\\\/\",\"name\":\"Arquimaster\",\"description\":\"Web de arquitectura, dise\u00f1o y construccion\",\"publisher\":{\"@id\":\"https:\\\/\\\/www.arquimaster.com.ar\\\/web\\\/#organization\"},\"potentialAction\":[{\"@type\":\"SearchAction\",\"target\":{\"@type\":\"EntryPoint\",\"urlTemplate\":\"https:\\\/\\\/www.arquimaster.com.ar\\\/web\\\/?s={search_term_string}\"},\"query-input\":{\"@type\":\"PropertyValueSpecification\",\"valueRequired\":true,\"valueName\":\"search_term_string\"}}],\"inLanguage\":\"es\"},{\"@type\":\"Organization\",\"@id\":\"https:\\\/\\\/www.arquimaster.com.ar\\\/web\\\/#organization\",\"name\":\"Arquimaster\",\"url\":\"https:\\\/\\\/www.arquimaster.com.ar\\\/web\\\/\",\"logo\":{\"@type\":\"ImageObject\",\"inLanguage\":\"es\",\"@id\":\"https:\\\/\\\/www.arquimaster.com.ar\\\/web\\\/#\\\/schema\\\/logo\\\/image\\\/\",\"url\":\"https:\\\/\\\/www.arquimaster.com.ar\\\/web\\\/wp-content\\\/uploads\\\/2022\\\/06\\\/arquimaster.png\",\"contentUrl\":\"https:\\\/\\\/www.arquimaster.com.ar\\\/web\\\/wp-content\\\/uploads\\\/2022\\\/06\\\/arquimaster.png\",\"width\":594,\"height\":78,\"caption\":\"Arquimaster\"},\"image\":{\"@id\":\"https:\\\/\\\/www.arquimaster.com.ar\\\/web\\\/#\\\/schema\\\/logo\\\/image\\\/\"},\"sameAs\":[\"http:\\\/\\\/www.facebook.com\\\/ARQUIMASTER.com.ar\",\"https:\\\/\\\/x.com\\\/arquimaster\",\"https:\\\/\\\/www.instagram.com\\\/arquimasterblog\\\/\",\"https:\\\/\\\/www.linkedin.com\\\/company\\\/arquimaster\",\"https:\\\/\\\/www.pinterest.com\\\/arquimaster\",\"https:\\\/\\\/t.me\\\/arquimaster\"]},{\"@type\":\"Person\",\"@id\":\"https:\\\/\\\/www.arquimaster.com.ar\\\/web\\\/#\\\/schema\\\/person\\\/359e9f7c00193fcde068e0dd2ceb0028\",\"name\":\"Arquimaster\"}]}<\/script>\n<!-- \/ Yoast SEO plugin. -->","yoast_head_json":{"title":"Centro de Rehabilitaci\u00f3n Pilar \/ ArquiSalud SSP - Arquimaster","description":"La premisa del proyecto fue desarrollar un edificio sustentable en donde los espacios colaboren en la recuperaci\u00f3n del paciente.","robots":{"index":"index","follow":"follow","max-snippet":"max-snippet:-1","max-image-preview":"max-image-preview:large","max-video-preview":"max-video-preview:-1"},"canonical":"https:\/\/www.arquimaster.com.ar\/web\/centro-de-rehabilitacion-pilar-arquisalud-ssp\/","og_locale":"es_ES","og_type":"article","og_title":"Centro de Rehabilitaci\u00f3n Pilar \/ ArquiSalud SSP","og_description":"La premisa del proyecto fue desarrollar un edificio sustentable en donde los espacios colaboren en la recuperaci\u00f3n del paciente.","og_url":"https:\/\/www.arquimaster.com.ar\/web\/centro-de-rehabilitacion-pilar-arquisalud-ssp\/","og_site_name":"Arquimaster","article_publisher":"http:\/\/www.facebook.com\/ARQUIMASTER.com.ar","article_published_time":"2020-08-06T01:51:02+00:00","article_modified_time":"2020-08-16T18:23:01+00:00","og_image":[{"width":698,"height":364,"url":"https:\/\/www.arquimaster.com.ar\/web\/wp-content\/uploads\/2020\/08\/centro_rehabilitacion_pilar_slide.jpg","type":"image\/jpeg"}],"author":"Arquimaster","twitter_card":"summary_large_image","twitter_title":"Centro de Rehabilitaci\u00f3n Pilar \/ ArquiSalud SSP","twitter_description":"La premisa del proyecto fue desarrollar un edificio sustentable en donde los espacios colaboren en la recuperaci\u00f3n del paciente.","twitter_image":"https:\/\/www.arquimaster.com.ar\/web\/wp-content\/uploads\/2020\/08\/centro_rehabilitacion_pilar_slide.jpg","twitter_creator":"@arquimaster","twitter_site":"@arquimaster","twitter_misc":{"Escrito por":"Arquimaster","Tiempo de lectura":"3 minutos"},"schema":{"@context":"https:\/\/schema.org","@graph":[{"@type":"Article","@id":"https:\/\/www.arquimaster.com.ar\/web\/centro-de-rehabilitacion-pilar-arquisalud-ssp\/#article","isPartOf":{"@id":"https:\/\/www.arquimaster.com.ar\/web\/centro-de-rehabilitacion-pilar-arquisalud-ssp\/"},"author":{"name":"Arquimaster","@id":"https:\/\/www.arquimaster.com.ar\/web\/#\/schema\/person\/359e9f7c00193fcde068e0dd2ceb0028"},"headline":"Centro de Rehabilitaci\u00f3n Pilar \/ ArquiSalud SSP","datePublished":"2020-08-06T01:51:02+00:00","dateModified":"2020-08-16T18:23:01+00:00","mainEntityOfPage":{"@id":"https:\/\/www.arquimaster.com.ar\/web\/centro-de-rehabilitacion-pilar-arquisalud-ssp\/"},"wordCount":700,"publisher":{"@id":"https:\/\/www.arquimaster.com.ar\/web\/#organization"},"image":{"@id":"https:\/\/www.arquimaster.com.ar\/web\/centro-de-rehabilitacion-pilar-arquisalud-ssp\/#primaryimage"},"thumbnailUrl":"https:\/\/www.arquimaster.com.ar\/web\/wp-content\/uploads\/2020\/08\/centro_rehabilitacion_pilar_slide.jpg","keywords":["ArquiSalud","ArquiSalud SSP","arquitectura sustentable","centro de rehabilitaci\u00f3n","centro de salud","edificios para la salud","Pilar","recursos f\u00edsicos en salud","rehabilitaci\u00f3n","sustentable"],"articleSection":["Edificios para la salud","Proyecto"],"inLanguage":"es"},{"@type":"WebPage","@id":"https:\/\/www.arquimaster.com.ar\/web\/centro-de-rehabilitacion-pilar-arquisalud-ssp\/","url":"https:\/\/www.arquimaster.com.ar\/web\/centro-de-rehabilitacion-pilar-arquisalud-ssp\/","name":"Centro de Rehabilitaci\u00f3n Pilar \/ ArquiSalud SSP - Arquimaster","isPartOf":{"@id":"https:\/\/www.arquimaster.com.ar\/web\/#website"},"primaryImageOfPage":{"@id":"https:\/\/www.arquimaster.com.ar\/web\/centro-de-rehabilitacion-pilar-arquisalud-ssp\/#primaryimage"},"image":{"@id":"https:\/\/www.arquimaster.com.ar\/web\/centro-de-rehabilitacion-pilar-arquisalud-ssp\/#primaryimage"},"thumbnailUrl":"https:\/\/www.arquimaster.com.ar\/web\/wp-content\/uploads\/2020\/08\/centro_rehabilitacion_pilar_slide.jpg","datePublished":"2020-08-06T01:51:02+00:00","dateModified":"2020-08-16T18:23:01+00:00","description":"La premisa del proyecto fue desarrollar un edificio sustentable en donde los espacios colaboren en la recuperaci\u00f3n del paciente.","breadcrumb":{"@id":"https:\/\/www.arquimaster.com.ar\/web\/centro-de-rehabilitacion-pilar-arquisalud-ssp\/#breadcrumb"},"inLanguage":"es","potentialAction":[{"@type":"ReadAction","target":["https:\/\/www.arquimaster.com.ar\/web\/centro-de-rehabilitacion-pilar-arquisalud-ssp\/"]}]},{"@type":"ImageObject","inLanguage":"es","@id":"https:\/\/www.arquimaster.com.ar\/web\/centro-de-rehabilitacion-pilar-arquisalud-ssp\/#primaryimage","url":"https:\/\/www.arquimaster.com.ar\/web\/wp-content\/uploads\/2020\/08\/centro_rehabilitacion_pilar_slide.jpg","contentUrl":"https:\/\/www.arquimaster.com.ar\/web\/wp-content\/uploads\/2020\/08\/centro_rehabilitacion_pilar_slide.jpg","width":698,"height":364},{"@type":"BreadcrumbList","@id":"https:\/\/www.arquimaster.com.ar\/web\/centro-de-rehabilitacion-pilar-arquisalud-ssp\/#breadcrumb","itemListElement":[{"@type":"ListItem","position":1,"name":"Portada","item":"https:\/\/www.arquimaster.com.ar\/web\/"},{"@type":"ListItem","position":2,"name":"Centro de Rehabilitaci\u00f3n Pilar \/ ArquiSalud SSP"}]},{"@type":"WebSite","@id":"https:\/\/www.arquimaster.com.ar\/web\/#website","url":"https:\/\/www.arquimaster.com.ar\/web\/","name":"Arquimaster","description":"Web de arquitectura, dise\u00f1o y construccion","publisher":{"@id":"https:\/\/www.arquimaster.com.ar\/web\/#organization"},"potentialAction":[{"@type":"SearchAction","target":{"@type":"EntryPoint","urlTemplate":"https:\/\/www.arquimaster.com.ar\/web\/?s={search_term_string}"},"query-input":{"@type":"PropertyValueSpecification","valueRequired":true,"valueName":"search_term_string"}}],"inLanguage":"es"},{"@type":"Organization","@id":"https:\/\/www.arquimaster.com.ar\/web\/#organization","name":"Arquimaster","url":"https:\/\/www.arquimaster.com.ar\/web\/","logo":{"@type":"ImageObject","inLanguage":"es","@id":"https:\/\/www.arquimaster.com.ar\/web\/#\/schema\/logo\/image\/","url":"https:\/\/www.arquimaster.com.ar\/web\/wp-content\/uploads\/2022\/06\/arquimaster.png","contentUrl":"https:\/\/www.arquimaster.com.ar\/web\/wp-content\/uploads\/2022\/06\/arquimaster.png","width":594,"height":78,"caption":"Arquimaster"},"image":{"@id":"https:\/\/www.arquimaster.com.ar\/web\/#\/schema\/logo\/image\/"},"sameAs":["http:\/\/www.facebook.com\/ARQUIMASTER.com.ar","https:\/\/x.com\/arquimaster","https:\/\/www.instagram.com\/arquimasterblog\/","https:\/\/www.linkedin.com\/company\/arquimaster","https:\/\/www.pinterest.com\/arquimaster","https:\/\/t.me\/arquimaster"]},{"@type":"Person","@id":"https:\/\/www.arquimaster.com.ar\/web\/#\/schema\/person\/359e9f7c00193fcde068e0dd2ceb0028","name":"Arquimaster"}]}},"uagb_featured_image_src":{"full":["https:\/\/www.arquimaster.com.ar\/web\/wp-content\/uploads\/2020\/08\/centro_rehabilitacion_pilar_slide.jpg",698,364,false],"thumbnail":["https:\/\/www.arquimaster.com.ar\/web\/wp-content\/uploads\/2020\/08\/centro_rehabilitacion_pilar_slide-150x150.jpg",150,150,true],"medium":["https:\/\/www.arquimaster.com.ar\/web\/wp-content\/uploads\/2020\/08\/centro_rehabilitacion_pilar_slide.jpg",698,364,false],"medium_large":["https:\/\/www.arquimaster.com.ar\/web\/wp-content\/uploads\/2020\/08\/centro_rehabilitacion_pilar_slide.jpg",698,364,false],"large":["https:\/\/www.arquimaster.com.ar\/web\/wp-content\/uploads\/2020\/08\/centro_rehabilitacion_pilar_slide.jpg",698,364,false],"1536x1536":["https:\/\/www.arquimaster.com.ar\/web\/wp-content\/uploads\/2020\/08\/centro_rehabilitacion_pilar_slide.jpg",698,364,false],"2048x2048":["https:\/\/www.arquimaster.com.ar\/web\/wp-content\/uploads\/2020\/08\/centro_rehabilitacion_pilar_slide.jpg",698,364,false]},"uagb_author_info":{"display_name":"Arquimaster","author_link":"https:\/\/www.arquimaster.com.ar\/web\/author\/arquimaster\/"},"uagb_comment_info":0,"uagb_excerpt":"Un edificio sustentable en donde los espacios colaboran en la recuperaci\u00f3n del paciente...","_links":{"self":[{"href":"https:\/\/www.arquimaster.com.ar\/web\/wp-json\/wp\/v2\/posts\/58046","targetHints":{"allow":["GET"]}}],"collection":[{"href":"https:\/\/www.arquimaster.com.ar\/web\/wp-json\/wp\/v2\/posts"}],"about":[{"href":"https:\/\/www.arquimaster.com.ar\/web\/wp-json\/wp\/v2\/types\/post"}],"author":[{"embeddable":true,"href":"https:\/\/www.arquimaster.com.ar\/web\/wp-json\/wp\/v2\/users\/1"}],"replies":[{"embeddable":true,"href":"https:\/\/www.arquimaster.com.ar\/web\/wp-json\/wp\/v2\/comments?post=58046"}],"version-history":[{"count":2,"href":"https:\/\/www.arquimaster.com.ar\/web\/wp-json\/wp\/v2\/posts\/58046\/revisions"}],"predecessor-version":[{"id":58115,"href":"https:\/\/www.arquimaster.com.ar\/web\/wp-json\/wp\/v2\/posts\/58046\/revisions\/58115"}],"wp:featuredmedia":[{"embeddable":true,"href":"https:\/\/www.arquimaster.com.ar\/web\/wp-json\/wp\/v2\/media\/58047"}],"wp:attachment":[{"href":"https:\/\/www.arquimaster.com.ar\/web\/wp-json\/wp\/v2\/media?parent=58046"}],"wp:term":[{"taxonomy":"category","embeddable":true,"href":"https:\/\/www.arquimaster.com.ar\/web\/wp-json\/wp\/v2\/categories?post=58046"},{"taxonomy":"post_tag","embeddable":true,"href":"https:\/\/www.arquimaster.com.ar\/web\/wp-json\/wp\/v2\/tags?post=58046"}],"curies":[{"name":"wp","href":"https:\/\/api.w.org\/{rel}","templated":true}]}}