{"id":58103,"date":"2020-08-06T16:39:40","date_gmt":"2020-08-06T19:39:40","guid":{"rendered":"https:\/\/www.arquimaster.com.ar\/web\/?p=58103"},"modified":"2025-07-25T23:10:57","modified_gmt":"2025-07-26T02:10:57","slug":"inauguraron-un-polo-cooperativo-de-1800-m2-para-la-fabricacion-de-productos-reciclados","status":"publish","type":"post","link":"https:\/\/www.arquimaster.com.ar\/web\/inauguraron-un-polo-cooperativo-de-1800-m2-para-la-fabricacion-de-productos-reciclados\/","title":{"rendered":"Inauguraron un Polo Cooperativo de 1800 m2 para la fabricaci\u00f3n de productos reciclados"},"content":{"rendered":"<div style=\"margin-top: 0px; margin-bottom: 0px;\" class=\"sharethis-inline-share-buttons\" ><\/div><div class=\"b812932af2e751442846f039925109de\" data-index=\"1\" style=\"float: none; margin:25px 0 25px 0; text-align:center;\">\n<script async src=\"https:\/\/pagead2.googlesyndication.com\/pagead\/js\/adsbygoogle.js\"><\/script>\r\n<!-- Arquimaster (superior) -->\r\n<ins class=\"adsbygoogle\"\r\n     style=\"display:block\"\r\n     data-ad-client=\"ca-pub-6351072698456832\"\r\n     data-ad-slot=\"6455489680\"\r\n     data-ad-format=\"auto\"\r\n     data-full-width-responsive=\"true\"><\/ins>\r\n<script>\r\n     (adsbygoogle = window.adsbygoogle || []).push({});\r\n<\/script>\n<\/div>\n<p>La cooperativa <strong>Creando Conciencia<\/strong>, presidida por <strong>Noelia Segovia<\/strong>, inaugur\u00f3 en Benavidez (partido de Tigre), un <strong>Polo Productivo Cooperativo<\/strong>, con un fuerte foco en la generaci\u00f3n de empleo, el cuidado ambiental y el trabajo comunitario para los vecinos.<\/p>\n<div id='gallery-1' class='gallery galleryid-58103 gallery-columns-3 gallery-size-thumbnail'><figure class='gallery-item'>\n\t\t\t<div class='gallery-icon landscape'>\n\t\t\t\t<a href='https:\/\/www.arquimaster.com.ar\/web\/wp-content\/uploads\/2020\/08\/polo_cooperativo_creando_conciencia1.jpg' title=\"Inauguraron un Polo Cooperativo de 1800 m2 para la fabricaci\u00f3n de productos reciclados\" data-rl_title=\"Inauguraron un Polo Cooperativo de 1800 m2 para la fabricaci\u00f3n de productos reciclados\" class=\"rl-gallery-link\" data-rl_caption=\"Inauguraron un Polo Cooperativo de 1800 m2 para la fabricaci\u00f3n de productos reciclados\" data-rel=\"lightbox-gallery-1\"><img loading=\"lazy\" decoding=\"async\" width=\"150\" height=\"150\" src=\"https:\/\/www.arquimaster.com.ar\/web\/wp-content\/uploads\/2020\/08\/polo_cooperativo_creando_conciencia1-150x150.jpg\" class=\"attachment-thumbnail size-thumbnail\" alt=\"\" aria-describedby=\"gallery-1-58105\" \/><\/a>\n\t\t\t<\/div>\n\t\t\t\t<figcaption class='wp-caption-text gallery-caption' id='gallery-1-58105'>\n\t\t\t\tInauguraron un Polo Cooperativo de 1800 m2 para la fabricaci\u00f3n de productos reciclados\n\t\t\t\t<\/figcaption><\/figure><figure class='gallery-item'>\n\t\t\t<div class='gallery-icon portrait'>\n\t\t\t\t<a href='https:\/\/www.arquimaster.com.ar\/web\/wp-content\/uploads\/2020\/08\/polo_cooperativo_creando_conciencia2.jpg' title=\"Inauguraron un Polo Cooperativo de 1800 m2 para la fabricaci\u00f3n de productos reciclados\" data-rl_title=\"Inauguraron un Polo Cooperativo de 1800 m2 para la fabricaci\u00f3n de productos reciclados\" class=\"rl-gallery-link\" data-rl_caption=\"Inauguraron un Polo Cooperativo de 1800 m2 para la fabricaci\u00f3n de productos reciclados\" data-rel=\"lightbox-gallery-1\"><img loading=\"lazy\" decoding=\"async\" width=\"150\" height=\"150\" src=\"https:\/\/www.arquimaster.com.ar\/web\/wp-content\/uploads\/2020\/08\/polo_cooperativo_creando_conciencia2-150x150.jpg\" class=\"attachment-thumbnail size-thumbnail\" alt=\"\" aria-describedby=\"gallery-1-58106\" \/><\/a>\n\t\t\t<\/div>\n\t\t\t\t<figcaption class='wp-caption-text gallery-caption' id='gallery-1-58106'>\n\t\t\t\tInauguraron un Polo Cooperativo de 1800 m2 para la fabricaci\u00f3n de productos reciclados\n\t\t\t\t<\/figcaption><\/figure><figure class='gallery-item'>\n\t\t\t<div class='gallery-icon landscape'>\n\t\t\t\t<a href='https:\/\/www.arquimaster.com.ar\/web\/wp-content\/uploads\/2020\/08\/polo_cooperativo_creando_conciencia3.jpg' title=\"Inauguraron un Polo Cooperativo de 1800 m2 para la fabricaci\u00f3n de productos reciclados\" data-rl_title=\"Inauguraron un Polo Cooperativo de 1800 m2 para la fabricaci\u00f3n de productos reciclados\" class=\"rl-gallery-link\" data-rl_caption=\"Inauguraron un Polo Cooperativo de 1800 m2 para la fabricaci\u00f3n de productos reciclados\" data-rel=\"lightbox-gallery-1\"><img loading=\"lazy\" decoding=\"async\" width=\"150\" height=\"150\" src=\"https:\/\/www.arquimaster.com.ar\/web\/wp-content\/uploads\/2020\/08\/polo_cooperativo_creando_conciencia3-150x150.jpg\" class=\"attachment-thumbnail size-thumbnail\" alt=\"\" aria-describedby=\"gallery-1-58107\" \/><\/a>\n\t\t\t<\/div>\n\t\t\t\t<figcaption class='wp-caption-text gallery-caption' id='gallery-1-58107'>\n\t\t\t\tInauguraron un Polo Cooperativo de 1800 m2 para la fabricaci\u00f3n de productos reciclados\n\t\t\t\t<\/figcaption><\/figure>\n\t\t<\/div>\n\n<p>El nuevo espacio est\u00e1 compuesto por una nave central de 1800 m2, donde funcionan 8 oficinas, vestuarios y un comedor. Adem\u00e1s permitir\u00e1 tener un abordaje productivo diferenciado de las tres grandes unidades de trabajo de Creando Conciencia: por un lado el <strong>procesamiento del material reciclable<\/strong>, por otro la <strong>fabricaci\u00f3n de \u00fatiles escolares<\/strong> a partir del telgopor reciclado, y por \u00faltimo habr\u00e1 una zona para la <strong>producci\u00f3n de mobiliario urbano<\/strong> hecho con<strong> madera pl\u00e1stica reciclada<\/strong>.<\/p>\n<p>De la superficie total, el Polo cuenta con 200 metros cuadrados de construcci\u00f3n en altura, sin afectar el resto de la superficie. El 50% ser\u00e1 asignado al stockeo de material, inyecci\u00f3n y sistema de blister skinpack para el sector de \u00fatiles escolares y de extrusi\u00f3n. Mientras que el otro 50% ser\u00e1 utilizado para el desarrollo del mobiliario urbano.<\/p>\n<p>La incorporaci\u00f3n de una extrusora al sistema ser\u00e1 un factor com\u00fan para ambos emprendimientos (\u00fatiles escolares y mobiliario urbano). Dado que la extrusora, dependiendo de la boquilla, sirve para el paletizado y la generaci\u00f3n de materiales para la inyecci\u00f3n o la producci\u00f3n de los listones.<\/p>\n<p><em>\u00abEsto nos permite dar respuesta a todo el proceso de la econom\u00eda circular\u00bb<\/em>, explic\u00f3 Segovia, refiri\u00e9ndose a los diferentes pasos necesarios para llegar desde los deshechos a los productos terminados, siendo \u00fatiles escolares o mobiliario urbano. <em>\u00abSeparamos, reciclamos, transformamos y vendemos, apuntando al cuidado del medio ambiente y al mismo tiempo a la inserci\u00f3n social y la inclusi\u00f3n\u00bb<\/em>, a\u00f1adi\u00f3.<\/p>\n<p>Para poner a punto el nuevo Polo, se realizaron modificaciones en la instalaci\u00f3n el\u00e9ctrica y en los sistemas de seguridad e higiene, as\u00ed como tambi\u00e9n se llevaron a cabo remodelaciones de las oficinas. Actualmente la cooperativa est\u00e1 realizando gestiones frente a diferentes organismos, como el INAEs y el Ministerio de Desarrollo, con el objetivo de tecnificar la producci\u00f3n, mediante nuevas m\u00e1quinas que se van a utilizar en la unidad de \u00fatiles escolares realizados con telgopor reciclado.<\/p>\n<p><strong>Acerca de Creando Conciencia<\/strong><br \/>\nCreando Conciencia es una cooperativa de recuperadores urbanos (ex cartoneros), situada en el partido de Tigre, que se dedica a recolectar, separar, clasificar y reciclar residuos, con dos grandes objetivos, que son el cuidado ambiental y la reinserci\u00f3n laboral. Fue creada en 2006, frente a la preocupaci\u00f3n de algunos vecinos por la disposici\u00f3n final de la basura y las condiciones precarias de trabajo de los cartoneros. Hoy, la cooperativa ya cuenta con 51 socios, contratos de recolecci\u00f3n en varios barrios de Benav\u00eddez y Tigre y diferentes empresas. A su vez, Creando dicta cursos de capacitaci\u00f3n para la separaci\u00f3n en origen, lo que colabora fuertemente en el trabajo de los recicladores. Sus integrantes son todos promotores ambientales, certificados por la Facultad de Agronom\u00eda de la UBA. Creando Conciencia es uno de los pocos Destinos Sustentables en la provincia de Buenos Aires, lo que significa que puede recepcionar y garantizar la trazabilidad de los residuos reciclables. Ocupa la presidencia de la Federaci\u00f3n de Trabajadores Cooperativos (FETRACOOP) y es la cooperativa referente de la Red Nacional de Recicladores de Fecootra.<\/p>\n\n<div style=\"font-size: 0px; height: 0px; line-height: 0px; margin: 0; padding: 0; clear: both;\"><\/div><div style=\"margin-top: 0px; margin-bottom: 0px;\" class=\"sharethis-inline-share-buttons\" ><\/div>","protected":false},"excerpt":{"rendered":"<p>Para procesamiento de material reciclable, fabricaci\u00f3n de \u00fatiles escolares y mobiliario&#8230;<\/p>\n","protected":false},"author":1,"featured_media":58104,"comment_status":"closed","ping_status":"closed","sticky":false,"template":"","format":"standard","meta":{"_uag_custom_page_level_css":"","footnotes":""},"categories":[70,68],"tags":[6267,6268,6271,6270,3804,6269,184],"class_list":["post-58103","post","type-post","status-publish","format-standard","has-post-thumbnail","hentry","category-noticias-arquitectura","category-novedades","tag-cooperativa","tag-creando-conciencia","tag-madera-plastica-reciclada","tag-material-reciclable","tag-mobiliario-urbano","tag-noelia-segovia","tag-reciclado","generate-columns","tablet-grid-50","mobile-grid-100","grid-parent","grid-50"],"yoast_head":"<!-- This site is optimized with the Yoast SEO plugin v27.3 - https:\/\/yoast.com\/product\/yoast-seo-wordpress\/ -->\n<title>Inauguraron un Polo Cooperativo de 1800 m2 para la fabricaci\u00f3n de productos reciclados - Arquimaster<\/title>\n<meta name=\"description\" content=\"En el polo se realizar\u00e1 el procesamiento del material reciclable, fabricaci\u00f3n de \u00fatiles escolares y producci\u00f3n de mobiliario urbano a partir de madera pl\u00e1stica reciclada.\" \/>\n<meta name=\"robots\" content=\"index, follow, max-snippet:-1, max-image-preview:large, max-video-preview:-1\" \/>\n<link rel=\"canonical\" href=\"https:\/\/www.arquimaster.com.ar\/web\/inauguraron-un-polo-cooperativo-de-1800-m2-para-la-fabricacion-de-productos-reciclados\/\" \/>\n<meta property=\"og:locale\" content=\"es_ES\" \/>\n<meta property=\"og:type\" content=\"article\" \/>\n<meta property=\"og:title\" content=\"Inauguraron un Polo Cooperativo de 1800 m2 para la fabricaci\u00f3n de productos reciclados\" \/>\n<meta property=\"og:description\" content=\"En el polo se realizar\u00e1 el procesamiento del material reciclable, fabricaci\u00f3n de \u00fatiles escolares y producci\u00f3n de mobiliario urbano a partir de madera pl\u00e1stica reciclada.\" \/>\n<meta property=\"og:url\" content=\"https:\/\/www.arquimaster.com.ar\/web\/inauguraron-un-polo-cooperativo-de-1800-m2-para-la-fabricacion-de-productos-reciclados\/\" \/>\n<meta property=\"og:site_name\" content=\"Arquimaster\" \/>\n<meta property=\"article:publisher\" content=\"http:\/\/www.facebook.com\/ARQUIMASTER.com.ar\" \/>\n<meta property=\"article:published_time\" content=\"2020-08-06T19:39:40+00:00\" \/>\n<meta property=\"article:modified_time\" content=\"2025-07-26T02:10:57+00:00\" \/>\n<meta property=\"og:image\" content=\"https:\/\/www.arquimaster.com.ar\/web\/wp-content\/uploads\/2020\/08\/polo_cooperativo_creando_conciencia_slide.jpg\" \/>\n\t<meta property=\"og:image:width\" content=\"698\" \/>\n\t<meta property=\"og:image:height\" content=\"364\" \/>\n\t<meta property=\"og:image:type\" content=\"image\/jpeg\" \/>\n<meta name=\"author\" content=\"Arquimaster\" \/>\n<meta name=\"twitter:card\" content=\"summary_large_image\" \/>\n<meta name=\"twitter:title\" content=\"Inauguraron un Polo Cooperativo de 1800 m2 para la fabricaci\u00f3n de productos reciclados\" \/>\n<meta name=\"twitter:description\" content=\"En el polo se realizar\u00e1 el procesamiento del material reciclable, fabricaci\u00f3n de \u00fatiles escolares y producci\u00f3n de mobiliario urbano a partir de madera pl\u00e1stica reciclada.\" \/>\n<meta name=\"twitter:image\" content=\"https:\/\/www.arquimaster.com.ar\/web\/wp-content\/uploads\/2020\/08\/polo_cooperativo_creando_conciencia_slide.jpg\" \/>\n<meta name=\"twitter:creator\" content=\"@arquimaster\" \/>\n<meta name=\"twitter:site\" content=\"@arquimaster\" \/>\n<meta name=\"twitter:label1\" content=\"Escrito por\" \/>\n\t<meta name=\"twitter:data1\" content=\"Arquimaster\" \/>\n\t<meta name=\"twitter:label2\" content=\"Tiempo de lectura\" \/>\n\t<meta name=\"twitter:data2\" content=\"3 minutos\" \/>\n<script type=\"application\/ld+json\" class=\"yoast-schema-graph\">{\"@context\":\"https:\\\/\\\/schema.org\",\"@graph\":[{\"@type\":\"Article\",\"@id\":\"https:\\\/\\\/www.arquimaster.com.ar\\\/web\\\/inauguraron-un-polo-cooperativo-de-1800-m2-para-la-fabricacion-de-productos-reciclados\\\/#article\",\"isPartOf\":{\"@id\":\"https:\\\/\\\/www.arquimaster.com.ar\\\/web\\\/inauguraron-un-polo-cooperativo-de-1800-m2-para-la-fabricacion-de-productos-reciclados\\\/\"},\"author\":{\"name\":\"Arquimaster\",\"@id\":\"https:\\\/\\\/www.arquimaster.com.ar\\\/web\\\/#\\\/schema\\\/person\\\/359e9f7c00193fcde068e0dd2ceb0028\"},\"headline\":\"Inauguraron un Polo Cooperativo de 1800 m2 para la fabricaci\u00f3n de productos reciclados\",\"datePublished\":\"2020-08-06T19:39:40+00:00\",\"dateModified\":\"2025-07-26T02:10:57+00:00\",\"mainEntityOfPage\":{\"@id\":\"https:\\\/\\\/www.arquimaster.com.ar\\\/web\\\/inauguraron-un-polo-cooperativo-de-1800-m2-para-la-fabricacion-de-productos-reciclados\\\/\"},\"wordCount\":572,\"publisher\":{\"@id\":\"https:\\\/\\\/www.arquimaster.com.ar\\\/web\\\/#organization\"},\"image\":{\"@id\":\"https:\\\/\\\/www.arquimaster.com.ar\\\/web\\\/inauguraron-un-polo-cooperativo-de-1800-m2-para-la-fabricacion-de-productos-reciclados\\\/#primaryimage\"},\"thumbnailUrl\":\"https:\\\/\\\/www.arquimaster.com.ar\\\/web\\\/wp-content\\\/uploads\\\/2020\\\/08\\\/polo_cooperativo_creando_conciencia_slide.jpg\",\"keywords\":[\"cooperativa\",\"Creando Conciencia\",\"madera pl\u00e1stica reciclada\",\"material reciclable\",\"mobiliario urbano\",\"Noelia Segovia\",\"reciclado\"],\"articleSection\":[\"Noticias de arquitectura y dise\u00f1o\",\"Novedades\"],\"inLanguage\":\"es\"},{\"@type\":\"WebPage\",\"@id\":\"https:\\\/\\\/www.arquimaster.com.ar\\\/web\\\/inauguraron-un-polo-cooperativo-de-1800-m2-para-la-fabricacion-de-productos-reciclados\\\/\",\"url\":\"https:\\\/\\\/www.arquimaster.com.ar\\\/web\\\/inauguraron-un-polo-cooperativo-de-1800-m2-para-la-fabricacion-de-productos-reciclados\\\/\",\"name\":\"Inauguraron un Polo Cooperativo de 1800 m2 para la fabricaci\u00f3n de productos reciclados - Arquimaster\",\"isPartOf\":{\"@id\":\"https:\\\/\\\/www.arquimaster.com.ar\\\/web\\\/#website\"},\"primaryImageOfPage\":{\"@id\":\"https:\\\/\\\/www.arquimaster.com.ar\\\/web\\\/inauguraron-un-polo-cooperativo-de-1800-m2-para-la-fabricacion-de-productos-reciclados\\\/#primaryimage\"},\"image\":{\"@id\":\"https:\\\/\\\/www.arquimaster.com.ar\\\/web\\\/inauguraron-un-polo-cooperativo-de-1800-m2-para-la-fabricacion-de-productos-reciclados\\\/#primaryimage\"},\"thumbnailUrl\":\"https:\\\/\\\/www.arquimaster.com.ar\\\/web\\\/wp-content\\\/uploads\\\/2020\\\/08\\\/polo_cooperativo_creando_conciencia_slide.jpg\",\"datePublished\":\"2020-08-06T19:39:40+00:00\",\"dateModified\":\"2025-07-26T02:10:57+00:00\",\"description\":\"En el polo se realizar\u00e1 el procesamiento del material reciclable, fabricaci\u00f3n de \u00fatiles escolares y producci\u00f3n de mobiliario urbano a partir de madera pl\u00e1stica reciclada.\",\"breadcrumb\":{\"@id\":\"https:\\\/\\\/www.arquimaster.com.ar\\\/web\\\/inauguraron-un-polo-cooperativo-de-1800-m2-para-la-fabricacion-de-productos-reciclados\\\/#breadcrumb\"},\"inLanguage\":\"es\",\"potentialAction\":[{\"@type\":\"ReadAction\",\"target\":[\"https:\\\/\\\/www.arquimaster.com.ar\\\/web\\\/inauguraron-un-polo-cooperativo-de-1800-m2-para-la-fabricacion-de-productos-reciclados\\\/\"]}]},{\"@type\":\"ImageObject\",\"inLanguage\":\"es\",\"@id\":\"https:\\\/\\\/www.arquimaster.com.ar\\\/web\\\/inauguraron-un-polo-cooperativo-de-1800-m2-para-la-fabricacion-de-productos-reciclados\\\/#primaryimage\",\"url\":\"https:\\\/\\\/www.arquimaster.com.ar\\\/web\\\/wp-content\\\/uploads\\\/2020\\\/08\\\/polo_cooperativo_creando_conciencia_slide.jpg\",\"contentUrl\":\"https:\\\/\\\/www.arquimaster.com.ar\\\/web\\\/wp-content\\\/uploads\\\/2020\\\/08\\\/polo_cooperativo_creando_conciencia_slide.jpg\",\"width\":698,\"height\":364},{\"@type\":\"BreadcrumbList\",\"@id\":\"https:\\\/\\\/www.arquimaster.com.ar\\\/web\\\/inauguraron-un-polo-cooperativo-de-1800-m2-para-la-fabricacion-de-productos-reciclados\\\/#breadcrumb\",\"itemListElement\":[{\"@type\":\"ListItem\",\"position\":1,\"name\":\"Portada\",\"item\":\"https:\\\/\\\/www.arquimaster.com.ar\\\/web\\\/\"},{\"@type\":\"ListItem\",\"position\":2,\"name\":\"Inauguraron un Polo Cooperativo de 1800 m2 para la fabricaci\u00f3n de productos reciclados\"}]},{\"@type\":\"WebSite\",\"@id\":\"https:\\\/\\\/www.arquimaster.com.ar\\\/web\\\/#website\",\"url\":\"https:\\\/\\\/www.arquimaster.com.ar\\\/web\\\/\",\"name\":\"Arquimaster\",\"description\":\"Web de arquitectura, dise\u00f1o y construccion\",\"publisher\":{\"@id\":\"https:\\\/\\\/www.arquimaster.com.ar\\\/web\\\/#organization\"},\"potentialAction\":[{\"@type\":\"SearchAction\",\"target\":{\"@type\":\"EntryPoint\",\"urlTemplate\":\"https:\\\/\\\/www.arquimaster.com.ar\\\/web\\\/?s={search_term_string}\"},\"query-input\":{\"@type\":\"PropertyValueSpecification\",\"valueRequired\":true,\"valueName\":\"search_term_string\"}}],\"inLanguage\":\"es\"},{\"@type\":\"Organization\",\"@id\":\"https:\\\/\\\/www.arquimaster.com.ar\\\/web\\\/#organization\",\"name\":\"Arquimaster\",\"url\":\"https:\\\/\\\/www.arquimaster.com.ar\\\/web\\\/\",\"logo\":{\"@type\":\"ImageObject\",\"inLanguage\":\"es\",\"@id\":\"https:\\\/\\\/www.arquimaster.com.ar\\\/web\\\/#\\\/schema\\\/logo\\\/image\\\/\",\"url\":\"https:\\\/\\\/www.arquimaster.com.ar\\\/web\\\/wp-content\\\/uploads\\\/2022\\\/06\\\/arquimaster.png\",\"contentUrl\":\"https:\\\/\\\/www.arquimaster.com.ar\\\/web\\\/wp-content\\\/uploads\\\/2022\\\/06\\\/arquimaster.png\",\"width\":594,\"height\":78,\"caption\":\"Arquimaster\"},\"image\":{\"@id\":\"https:\\\/\\\/www.arquimaster.com.ar\\\/web\\\/#\\\/schema\\\/logo\\\/image\\\/\"},\"sameAs\":[\"http:\\\/\\\/www.facebook.com\\\/ARQUIMASTER.com.ar\",\"https:\\\/\\\/x.com\\\/arquimaster\",\"https:\\\/\\\/www.instagram.com\\\/arquimasterblog\\\/\",\"https:\\\/\\\/www.linkedin.com\\\/company\\\/arquimaster\",\"https:\\\/\\\/www.pinterest.com\\\/arquimaster\",\"https:\\\/\\\/t.me\\\/arquimaster\"]},{\"@type\":\"Person\",\"@id\":\"https:\\\/\\\/www.arquimaster.com.ar\\\/web\\\/#\\\/schema\\\/person\\\/359e9f7c00193fcde068e0dd2ceb0028\",\"name\":\"Arquimaster\"}]}<\/script>\n<!-- \/ Yoast SEO plugin. -->","yoast_head_json":{"title":"Inauguraron un Polo Cooperativo de 1800 m2 para la fabricaci\u00f3n de productos reciclados - Arquimaster","description":"En el polo se realizar\u00e1 el procesamiento del material reciclable, fabricaci\u00f3n de \u00fatiles escolares y producci\u00f3n de mobiliario urbano a partir de madera pl\u00e1stica reciclada.","robots":{"index":"index","follow":"follow","max-snippet":"max-snippet:-1","max-image-preview":"max-image-preview:large","max-video-preview":"max-video-preview:-1"},"canonical":"https:\/\/www.arquimaster.com.ar\/web\/inauguraron-un-polo-cooperativo-de-1800-m2-para-la-fabricacion-de-productos-reciclados\/","og_locale":"es_ES","og_type":"article","og_title":"Inauguraron un Polo Cooperativo de 1800 m2 para la fabricaci\u00f3n de productos reciclados","og_description":"En el polo se realizar\u00e1 el procesamiento del material reciclable, fabricaci\u00f3n de \u00fatiles escolares y producci\u00f3n de mobiliario urbano a partir de madera pl\u00e1stica reciclada.","og_url":"https:\/\/www.arquimaster.com.ar\/web\/inauguraron-un-polo-cooperativo-de-1800-m2-para-la-fabricacion-de-productos-reciclados\/","og_site_name":"Arquimaster","article_publisher":"http:\/\/www.facebook.com\/ARQUIMASTER.com.ar","article_published_time":"2020-08-06T19:39:40+00:00","article_modified_time":"2025-07-26T02:10:57+00:00","og_image":[{"width":698,"height":364,"url":"https:\/\/www.arquimaster.com.ar\/web\/wp-content\/uploads\/2020\/08\/polo_cooperativo_creando_conciencia_slide.jpg","type":"image\/jpeg"}],"author":"Arquimaster","twitter_card":"summary_large_image","twitter_title":"Inauguraron un Polo Cooperativo de 1800 m2 para la fabricaci\u00f3n de productos reciclados","twitter_description":"En el polo se realizar\u00e1 el procesamiento del material reciclable, fabricaci\u00f3n de \u00fatiles escolares y producci\u00f3n de mobiliario urbano a partir de madera pl\u00e1stica reciclada.","twitter_image":"https:\/\/www.arquimaster.com.ar\/web\/wp-content\/uploads\/2020\/08\/polo_cooperativo_creando_conciencia_slide.jpg","twitter_creator":"@arquimaster","twitter_site":"@arquimaster","twitter_misc":{"Escrito por":"Arquimaster","Tiempo de lectura":"3 minutos"},"schema":{"@context":"https:\/\/schema.org","@graph":[{"@type":"Article","@id":"https:\/\/www.arquimaster.com.ar\/web\/inauguraron-un-polo-cooperativo-de-1800-m2-para-la-fabricacion-de-productos-reciclados\/#article","isPartOf":{"@id":"https:\/\/www.arquimaster.com.ar\/web\/inauguraron-un-polo-cooperativo-de-1800-m2-para-la-fabricacion-de-productos-reciclados\/"},"author":{"name":"Arquimaster","@id":"https:\/\/www.arquimaster.com.ar\/web\/#\/schema\/person\/359e9f7c00193fcde068e0dd2ceb0028"},"headline":"Inauguraron un Polo Cooperativo de 1800 m2 para la fabricaci\u00f3n de productos reciclados","datePublished":"2020-08-06T19:39:40+00:00","dateModified":"2025-07-26T02:10:57+00:00","mainEntityOfPage":{"@id":"https:\/\/www.arquimaster.com.ar\/web\/inauguraron-un-polo-cooperativo-de-1800-m2-para-la-fabricacion-de-productos-reciclados\/"},"wordCount":572,"publisher":{"@id":"https:\/\/www.arquimaster.com.ar\/web\/#organization"},"image":{"@id":"https:\/\/www.arquimaster.com.ar\/web\/inauguraron-un-polo-cooperativo-de-1800-m2-para-la-fabricacion-de-productos-reciclados\/#primaryimage"},"thumbnailUrl":"https:\/\/www.arquimaster.com.ar\/web\/wp-content\/uploads\/2020\/08\/polo_cooperativo_creando_conciencia_slide.jpg","keywords":["cooperativa","Creando Conciencia","madera pl\u00e1stica reciclada","material reciclable","mobiliario urbano","Noelia Segovia","reciclado"],"articleSection":["Noticias de arquitectura y dise\u00f1o","Novedades"],"inLanguage":"es"},{"@type":"WebPage","@id":"https:\/\/www.arquimaster.com.ar\/web\/inauguraron-un-polo-cooperativo-de-1800-m2-para-la-fabricacion-de-productos-reciclados\/","url":"https:\/\/www.arquimaster.com.ar\/web\/inauguraron-un-polo-cooperativo-de-1800-m2-para-la-fabricacion-de-productos-reciclados\/","name":"Inauguraron un Polo Cooperativo de 1800 m2 para la fabricaci\u00f3n de productos reciclados - Arquimaster","isPartOf":{"@id":"https:\/\/www.arquimaster.com.ar\/web\/#website"},"primaryImageOfPage":{"@id":"https:\/\/www.arquimaster.com.ar\/web\/inauguraron-un-polo-cooperativo-de-1800-m2-para-la-fabricacion-de-productos-reciclados\/#primaryimage"},"image":{"@id":"https:\/\/www.arquimaster.com.ar\/web\/inauguraron-un-polo-cooperativo-de-1800-m2-para-la-fabricacion-de-productos-reciclados\/#primaryimage"},"thumbnailUrl":"https:\/\/www.arquimaster.com.ar\/web\/wp-content\/uploads\/2020\/08\/polo_cooperativo_creando_conciencia_slide.jpg","datePublished":"2020-08-06T19:39:40+00:00","dateModified":"2025-07-26T02:10:57+00:00","description":"En el polo se realizar\u00e1 el procesamiento del material reciclable, fabricaci\u00f3n de \u00fatiles escolares y producci\u00f3n de mobiliario urbano a partir de madera pl\u00e1stica reciclada.","breadcrumb":{"@id":"https:\/\/www.arquimaster.com.ar\/web\/inauguraron-un-polo-cooperativo-de-1800-m2-para-la-fabricacion-de-productos-reciclados\/#breadcrumb"},"inLanguage":"es","potentialAction":[{"@type":"ReadAction","target":["https:\/\/www.arquimaster.com.ar\/web\/inauguraron-un-polo-cooperativo-de-1800-m2-para-la-fabricacion-de-productos-reciclados\/"]}]},{"@type":"ImageObject","inLanguage":"es","@id":"https:\/\/www.arquimaster.com.ar\/web\/inauguraron-un-polo-cooperativo-de-1800-m2-para-la-fabricacion-de-productos-reciclados\/#primaryimage","url":"https:\/\/www.arquimaster.com.ar\/web\/wp-content\/uploads\/2020\/08\/polo_cooperativo_creando_conciencia_slide.jpg","contentUrl":"https:\/\/www.arquimaster.com.ar\/web\/wp-content\/uploads\/2020\/08\/polo_cooperativo_creando_conciencia_slide.jpg","width":698,"height":364},{"@type":"BreadcrumbList","@id":"https:\/\/www.arquimaster.com.ar\/web\/inauguraron-un-polo-cooperativo-de-1800-m2-para-la-fabricacion-de-productos-reciclados\/#breadcrumb","itemListElement":[{"@type":"ListItem","position":1,"name":"Portada","item":"https:\/\/www.arquimaster.com.ar\/web\/"},{"@type":"ListItem","position":2,"name":"Inauguraron un Polo Cooperativo de 1800 m2 para la fabricaci\u00f3n de productos reciclados"}]},{"@type":"WebSite","@id":"https:\/\/www.arquimaster.com.ar\/web\/#website","url":"https:\/\/www.arquimaster.com.ar\/web\/","name":"Arquimaster","description":"Web de arquitectura, dise\u00f1o y construccion","publisher":{"@id":"https:\/\/www.arquimaster.com.ar\/web\/#organization"},"potentialAction":[{"@type":"SearchAction","target":{"@type":"EntryPoint","urlTemplate":"https:\/\/www.arquimaster.com.ar\/web\/?s={search_term_string}"},"query-input":{"@type":"PropertyValueSpecification","valueRequired":true,"valueName":"search_term_string"}}],"inLanguage":"es"},{"@type":"Organization","@id":"https:\/\/www.arquimaster.com.ar\/web\/#organization","name":"Arquimaster","url":"https:\/\/www.arquimaster.com.ar\/web\/","logo":{"@type":"ImageObject","inLanguage":"es","@id":"https:\/\/www.arquimaster.com.ar\/web\/#\/schema\/logo\/image\/","url":"https:\/\/www.arquimaster.com.ar\/web\/wp-content\/uploads\/2022\/06\/arquimaster.png","contentUrl":"https:\/\/www.arquimaster.com.ar\/web\/wp-content\/uploads\/2022\/06\/arquimaster.png","width":594,"height":78,"caption":"Arquimaster"},"image":{"@id":"https:\/\/www.arquimaster.com.ar\/web\/#\/schema\/logo\/image\/"},"sameAs":["http:\/\/www.facebook.com\/ARQUIMASTER.com.ar","https:\/\/x.com\/arquimaster","https:\/\/www.instagram.com\/arquimasterblog\/","https:\/\/www.linkedin.com\/company\/arquimaster","https:\/\/www.pinterest.com\/arquimaster","https:\/\/t.me\/arquimaster"]},{"@type":"Person","@id":"https:\/\/www.arquimaster.com.ar\/web\/#\/schema\/person\/359e9f7c00193fcde068e0dd2ceb0028","name":"Arquimaster"}]}},"uagb_featured_image_src":{"full":["https:\/\/www.arquimaster.com.ar\/web\/wp-content\/uploads\/2020\/08\/polo_cooperativo_creando_conciencia_slide.jpg",698,364,false],"thumbnail":["https:\/\/www.arquimaster.com.ar\/web\/wp-content\/uploads\/2020\/08\/polo_cooperativo_creando_conciencia_slide-150x150.jpg",150,150,true],"medium":["https:\/\/www.arquimaster.com.ar\/web\/wp-content\/uploads\/2020\/08\/polo_cooperativo_creando_conciencia_slide.jpg",698,364,false],"medium_large":["https:\/\/www.arquimaster.com.ar\/web\/wp-content\/uploads\/2020\/08\/polo_cooperativo_creando_conciencia_slide.jpg",698,364,false],"large":["https:\/\/www.arquimaster.com.ar\/web\/wp-content\/uploads\/2020\/08\/polo_cooperativo_creando_conciencia_slide.jpg",698,364,false],"1536x1536":["https:\/\/www.arquimaster.com.ar\/web\/wp-content\/uploads\/2020\/08\/polo_cooperativo_creando_conciencia_slide.jpg",698,364,false],"2048x2048":["https:\/\/www.arquimaster.com.ar\/web\/wp-content\/uploads\/2020\/08\/polo_cooperativo_creando_conciencia_slide.jpg",698,364,false]},"uagb_author_info":{"display_name":"Arquimaster","author_link":"https:\/\/www.arquimaster.com.ar\/web\/author\/arquimaster\/"},"uagb_comment_info":0,"uagb_excerpt":"Para procesamiento de material reciclable, fabricaci\u00f3n de \u00fatiles escolares y mobiliario...","_links":{"self":[{"href":"https:\/\/www.arquimaster.com.ar\/web\/wp-json\/wp\/v2\/posts\/58103","targetHints":{"allow":["GET"]}}],"collection":[{"href":"https:\/\/www.arquimaster.com.ar\/web\/wp-json\/wp\/v2\/posts"}],"about":[{"href":"https:\/\/www.arquimaster.com.ar\/web\/wp-json\/wp\/v2\/types\/post"}],"author":[{"embeddable":true,"href":"https:\/\/www.arquimaster.com.ar\/web\/wp-json\/wp\/v2\/users\/1"}],"replies":[{"embeddable":true,"href":"https:\/\/www.arquimaster.com.ar\/web\/wp-json\/wp\/v2\/comments?post=58103"}],"version-history":[{"count":4,"href":"https:\/\/www.arquimaster.com.ar\/web\/wp-json\/wp\/v2\/posts\/58103\/revisions"}],"predecessor-version":[{"id":85424,"href":"https:\/\/www.arquimaster.com.ar\/web\/wp-json\/wp\/v2\/posts\/58103\/revisions\/85424"}],"wp:featuredmedia":[{"embeddable":true,"href":"https:\/\/www.arquimaster.com.ar\/web\/wp-json\/wp\/v2\/media\/58104"}],"wp:attachment":[{"href":"https:\/\/www.arquimaster.com.ar\/web\/wp-json\/wp\/v2\/media?parent=58103"}],"wp:term":[{"taxonomy":"category","embeddable":true,"href":"https:\/\/www.arquimaster.com.ar\/web\/wp-json\/wp\/v2\/categories?post=58103"},{"taxonomy":"post_tag","embeddable":true,"href":"https:\/\/www.arquimaster.com.ar\/web\/wp-json\/wp\/v2\/tags?post=58103"}],"curies":[{"name":"wp","href":"https:\/\/api.w.org\/{rel}","templated":true}]}}