{"id":58129,"date":"2020-06-30T14:59:35","date_gmt":"2020-06-30T17:59:35","guid":{"rendered":"https:\/\/www.arquimaster.com.ar\/web\/?p=58129"},"modified":"2020-08-23T17:56:38","modified_gmt":"2020-08-23T20:56:38","slug":"julio-oropel-habla-sobre-la-antropologia-del-futuro-en-el-marco-del-lanzamiento-de-la-nueva-tv-de-samsung","status":"publish","type":"post","link":"https:\/\/www.arquimaster.com.ar\/web\/julio-oropel-habla-sobre-la-antropologia-del-futuro-en-el-marco-del-lanzamiento-de-la-nueva-tv-de-samsung\/","title":{"rendered":"Julio Oropel habla sobre la Antropolog\u00eda del Futuro, en el marco del lanzamiento de la nueva TV de Samsung"},"content":{"rendered":"<div style=\"margin-top: 0px; margin-bottom: 0px;\" class=\"sharethis-inline-share-buttons\" ><\/div><div class=\"b812932af2e751442846f039925109de\" data-index=\"1\" style=\"float: none; margin:25px 0 25px 0; text-align:center;\">\n<script async src=\"https:\/\/pagead2.googlesyndication.com\/pagead\/js\/adsbygoogle.js\"><\/script>\r\n<!-- Arquimaster (superior) -->\r\n<ins class=\"adsbygoogle\"\r\n     style=\"display:block\"\r\n     data-ad-client=\"ca-pub-6351072698456832\"\r\n     data-ad-slot=\"6455489680\"\r\n     data-ad-format=\"auto\"\r\n     data-full-width-responsive=\"true\"><\/ins>\r\n<script>\r\n     (adsbygoogle = window.adsbygoogle || []).push({});\r\n<\/script>\n<\/div>\n<h3><em><strong>El talentoso arquitecto cordob\u00e9s brind\u00f3 su an\u00e1lisis sobre el dise\u00f1o de interiores para el 2020\/21.<\/strong><\/em><\/h3>\n<p>En el marco del lanzamiento de <a href=\"https:\/\/www.arquimaster.com.ar\/web\/samsung-presenta-the-frame-la-artistica-tv-que-se-convierte-en-una-obra-de-arte-cuando-esta-apagada\/\"><strong>Samsung The Frame<\/strong>, <strong>la TV que es tambi\u00e9n una obra de arte cuando est\u00e1 apagada<\/strong><\/a>, <strong>Julio Oropel<\/strong> present\u00f3 su visi\u00f3n global de la decoraci\u00f3n de interiores para este a\u00f1o y destac\u00f3 el rol de la tecnolog\u00eda en el dise\u00f1o de los espacios. El hogar se resignific\u00f3 en el \u00faltimo tiempo y dej\u00f3 de ser simplemente un espacio habitable para convertirse en un lugar de confort y bienestar. Oropel explic\u00f3 que en este contexto es clave crear ambientes con una visualizaci\u00f3n arm\u00f3nica que incluya una experiencia est\u00e9tica, que se logra no s\u00f3lo a trav\u00e9s de los materiales, colores, texturas y objetos, sino tambi\u00e9n a partir de la tecnolog\u00eda.<\/p>\n<div id='gallery-1' class='gallery galleryid-58129 gallery-columns-3 gallery-size-thumbnail'><figure class='gallery-item'>\n\t\t\t<div class='gallery-icon landscape'>\n\t\t\t\t<a href='https:\/\/www.arquimaster.com.ar\/web\/wp-content\/uploads\/2020\/06\/samsung_julio_oropel1.jpg' title=\"Julio Oropel habla sobre la Antropolog\u00eda del Futuro, en el marco del lanzamiento de la nueva TV de Samsung\" data-rl_title=\"Julio Oropel habla sobre la Antropolog\u00eda del Futuro, en el marco del lanzamiento de la nueva TV de Samsung\" class=\"rl-gallery-link\" data-rl_caption=\"Julio Oropel habla sobre la Antropolog\u00eda del Futuro, en el marco del lanzamiento de la nueva TV de Samsung\" data-rel=\"lightbox-gallery-1\"><img loading=\"lazy\" decoding=\"async\" width=\"150\" height=\"150\" src=\"https:\/\/www.arquimaster.com.ar\/web\/wp-content\/uploads\/2020\/06\/samsung_julio_oropel1-150x150.jpg\" class=\"attachment-thumbnail size-thumbnail\" alt=\"\" aria-describedby=\"gallery-1-58136\" \/><\/a>\n\t\t\t<\/div>\n\t\t\t\t<figcaption class='wp-caption-text gallery-caption' id='gallery-1-58136'>\n\t\t\t\tJulio Oropel habla sobre la Antropolog\u00eda del Futuro, en el marco del lanzamiento de la nueva TV de Samsung\n\t\t\t\t<\/figcaption><\/figure><figure class='gallery-item'>\n\t\t\t<div class='gallery-icon landscape'>\n\t\t\t\t<a href='https:\/\/www.arquimaster.com.ar\/web\/wp-content\/uploads\/2020\/06\/samsung_julio_oropel2.jpg' title=\"Julio Oropel habla sobre la Antropolog\u00eda del Futuro, en el marco del lanzamiento de la nueva TV de Samsung\" data-rl_title=\"Julio Oropel habla sobre la Antropolog\u00eda del Futuro, en el marco del lanzamiento de la nueva TV de Samsung\" class=\"rl-gallery-link\" data-rl_caption=\"Julio Oropel habla sobre la Antropolog\u00eda del Futuro, en el marco del lanzamiento de la nueva TV de Samsung\" data-rel=\"lightbox-gallery-1\"><img loading=\"lazy\" decoding=\"async\" width=\"150\" height=\"150\" src=\"https:\/\/www.arquimaster.com.ar\/web\/wp-content\/uploads\/2020\/06\/samsung_julio_oropel2-150x150.jpg\" class=\"attachment-thumbnail size-thumbnail\" alt=\"\" aria-describedby=\"gallery-1-58137\" \/><\/a>\n\t\t\t<\/div>\n\t\t\t\t<figcaption class='wp-caption-text gallery-caption' id='gallery-1-58137'>\n\t\t\t\tJulio Oropel habla sobre la Antropolog\u00eda del Futuro, en el marco del lanzamiento de la nueva TV de Samsung\n\t\t\t\t<\/figcaption><\/figure><figure class='gallery-item'>\n\t\t\t<div class='gallery-icon landscape'>\n\t\t\t\t<a href='https:\/\/www.arquimaster.com.ar\/web\/wp-content\/uploads\/2020\/06\/samsung_julio_oropel3.jpg' title=\"Julio Oropel habla sobre la Antropolog\u00eda del Futuro, en el marco del lanzamiento de la nueva TV de Samsung\" data-rl_title=\"Julio Oropel habla sobre la Antropolog\u00eda del Futuro, en el marco del lanzamiento de la nueva TV de Samsung\" class=\"rl-gallery-link\" data-rl_caption=\"Julio Oropel habla sobre la Antropolog\u00eda del Futuro, en el marco del lanzamiento de la nueva TV de Samsung\" data-rel=\"lightbox-gallery-1\"><img loading=\"lazy\" decoding=\"async\" width=\"150\" height=\"150\" src=\"https:\/\/www.arquimaster.com.ar\/web\/wp-content\/uploads\/2020\/06\/samsung_julio_oropel3-150x150.jpg\" class=\"attachment-thumbnail size-thumbnail\" alt=\"\" aria-describedby=\"gallery-1-58138\" \/><\/a>\n\t\t\t<\/div>\n\t\t\t\t<figcaption class='wp-caption-text gallery-caption' id='gallery-1-58138'>\n\t\t\t\tJulio Oropel habla sobre la Antropolog\u00eda del Futuro, en el marco del lanzamiento de la nueva TV de Samsung\n\t\t\t\t<\/figcaption><\/figure>\n\t\t<\/div>\n\n<p><strong>The Frame<\/strong> responde a esta tendencia y revoluciona el mercado televisivo al permitirle al usuario tener un objeto de decoraci\u00f3n que le otorga color y personalidad al ambiente en el que se coloca. The Frame est\u00e1 pensado desde el dise\u00f1o como si fuera un cuadro: por un lado, el marco blanco que rodea la imagen, simulando un lienzo art\u00edstico, y por otro, con el marco simil madera que le da mayor calidez y estilo.<\/p>\n<p>La tendencia global a la hora de pensar espacios es generar serenidad, alegr\u00eda y despertar sentimientos positivos con espacios integrados, m\u00e1s naturales o cercanos a la naturaleza, con objetos y elementos que sean queridos y esenciales. En este contexto, The Frame, se constituye como herramienta indispensable para contribuir con este bienestar y para contribuir con el dise\u00f1o arm\u00f3nico del ambiente.<\/p>\n<p>En esta l\u00ednea, todos los electrodom\u00e9sticos de Samsung han ido resignific\u00e1ndose en los \u00faltimos a\u00f1os para convertirse en objetos de dise\u00f1o, desde lavarropas o heladeras, hasta TVs lifestyle como es el caso de The Frame.<\/p>\n<p>El arquitecto cordob\u00e9s explica, finalmente, que el objetivo del dise\u00f1o siempre es producir felicidad, y actualmente, este concepto est\u00e1 m\u00e1s vivo que nunca, ya que las personas se dieron cuenta del poder que tienen de mejorar su propio bienestar al crear sus espacios.<\/p>\n\n<div style=\"font-size: 0px; height: 0px; line-height: 0px; margin: 0; padding: 0; clear: both;\"><\/div><div style=\"margin-top: 0px; margin-bottom: 0px;\" class=\"sharethis-inline-share-buttons\" ><\/div>","protected":false},"excerpt":{"rendered":"<p>The Frame est\u00e1 pensada desde el dise\u00f1o como si fuera un cuadro&#8230;<\/p>\n","protected":false},"author":1,"featured_media":58135,"comment_status":"closed","ping_status":"closed","sticky":false,"template":"","format":"standard","meta":{"_uag_custom_page_level_css":"","footnotes":""},"categories":[70,68],"tags":[6283,38,2725,2453,2370,6284,2369],"class_list":["post-58129","post","type-post","status-publish","format-standard","has-post-thumbnail","hentry","category-noticias-arquitectura","category-novedades","tag-antropologia-del-futuro","tag-diseno-interior","tag-julio-oropel","tag-samsung","tag-television","tag-the-frame","tag-tv","generate-columns","tablet-grid-50","mobile-grid-100","grid-parent","grid-50"],"yoast_head":"<!-- This site is optimized with the Yoast SEO plugin v27.3 - https:\/\/yoast.com\/product\/yoast-seo-wordpress\/ -->\n<title>Julio Oropel habla sobre la Antropolog\u00eda del Futuro, en el marco del lanzamiento de la nueva TV de Samsung - Arquimaster<\/title>\n<meta name=\"description\" content=\"The Frame, la nueva TV de Samsung, est\u00e1 pensada desde el dise\u00f1o como si fuera un cuadro.\" \/>\n<meta name=\"robots\" content=\"index, follow, max-snippet:-1, max-image-preview:large, max-video-preview:-1\" \/>\n<link rel=\"canonical\" href=\"https:\/\/www.arquimaster.com.ar\/web\/julio-oropel-habla-sobre-la-antropologia-del-futuro-en-el-marco-del-lanzamiento-de-la-nueva-tv-de-samsung\/\" \/>\n<meta property=\"og:locale\" content=\"es_ES\" \/>\n<meta property=\"og:type\" content=\"article\" \/>\n<meta property=\"og:title\" content=\"Julio Oropel habla sobre la Antropolog\u00eda del Futuro, en el marco del lanzamiento de la nueva TV de Samsung\" \/>\n<meta property=\"og:description\" content=\"The Frame, la nueva TV de Samsung, est\u00e1 pensada desde el dise\u00f1o como si fuera un cuadro.\" \/>\n<meta property=\"og:url\" content=\"https:\/\/www.arquimaster.com.ar\/web\/julio-oropel-habla-sobre-la-antropologia-del-futuro-en-el-marco-del-lanzamiento-de-la-nueva-tv-de-samsung\/\" \/>\n<meta property=\"og:site_name\" content=\"Arquimaster\" \/>\n<meta property=\"article:publisher\" content=\"http:\/\/www.facebook.com\/ARQUIMASTER.com.ar\" \/>\n<meta property=\"article:published_time\" content=\"2020-06-30T17:59:35+00:00\" \/>\n<meta property=\"article:modified_time\" content=\"2020-08-23T20:56:38+00:00\" \/>\n<meta property=\"og:image\" content=\"https:\/\/www.arquimaster.com.ar\/web\/wp-content\/uploads\/2018\/10\/arquimaster.jpg\" \/>\n\t<meta property=\"og:image:width\" content=\"400\" \/>\n\t<meta property=\"og:image:height\" content=\"400\" \/>\n\t<meta property=\"og:image:type\" content=\"image\/jpeg\" \/>\n<meta name=\"author\" content=\"Arquimaster\" \/>\n<meta name=\"twitter:card\" content=\"summary_large_image\" \/>\n<meta name=\"twitter:title\" content=\"Julio Oropel habla sobre la Antropolog\u00eda del Futuro, en el marco del lanzamiento de la nueva TV de Samsung\" \/>\n<meta name=\"twitter:description\" content=\"The Frame, la nueva TV de Samsung, est\u00e1 pensada desde el dise\u00f1o como si fuera un cuadro.\" \/>\n<meta name=\"twitter:creator\" content=\"@arquimaster\" \/>\n<meta name=\"twitter:site\" content=\"@arquimaster\" \/>\n<meta name=\"twitter:label1\" content=\"Escrito por\" \/>\n\t<meta name=\"twitter:data1\" content=\"Arquimaster\" \/>\n\t<meta name=\"twitter:label2\" content=\"Tiempo de lectura\" \/>\n\t<meta name=\"twitter:data2\" content=\"2 minutos\" \/>\n<script type=\"application\/ld+json\" class=\"yoast-schema-graph\">{\"@context\":\"https:\\\/\\\/schema.org\",\"@graph\":[{\"@type\":\"Article\",\"@id\":\"https:\\\/\\\/www.arquimaster.com.ar\\\/web\\\/julio-oropel-habla-sobre-la-antropologia-del-futuro-en-el-marco-del-lanzamiento-de-la-nueva-tv-de-samsung\\\/#article\",\"isPartOf\":{\"@id\":\"https:\\\/\\\/www.arquimaster.com.ar\\\/web\\\/julio-oropel-habla-sobre-la-antropologia-del-futuro-en-el-marco-del-lanzamiento-de-la-nueva-tv-de-samsung\\\/\"},\"author\":{\"name\":\"Arquimaster\",\"@id\":\"https:\\\/\\\/www.arquimaster.com.ar\\\/web\\\/#\\\/schema\\\/person\\\/359e9f7c00193fcde068e0dd2ceb0028\"},\"headline\":\"Julio Oropel habla sobre la Antropolog\u00eda del Futuro, en el marco del lanzamiento de la nueva TV de Samsung\",\"datePublished\":\"2020-06-30T17:59:35+00:00\",\"dateModified\":\"2020-08-23T20:56:38+00:00\",\"mainEntityOfPage\":{\"@id\":\"https:\\\/\\\/www.arquimaster.com.ar\\\/web\\\/julio-oropel-habla-sobre-la-antropologia-del-futuro-en-el-marco-del-lanzamiento-de-la-nueva-tv-de-samsung\\\/\"},\"wordCount\":394,\"publisher\":{\"@id\":\"https:\\\/\\\/www.arquimaster.com.ar\\\/web\\\/#organization\"},\"image\":{\"@id\":\"https:\\\/\\\/www.arquimaster.com.ar\\\/web\\\/julio-oropel-habla-sobre-la-antropologia-del-futuro-en-el-marco-del-lanzamiento-de-la-nueva-tv-de-samsung\\\/#primaryimage\"},\"thumbnailUrl\":\"https:\\\/\\\/www.arquimaster.com.ar\\\/web\\\/wp-content\\\/uploads\\\/2020\\\/06\\\/samsung_julio_oropel_slide.jpg\",\"keywords\":[\"antropologia del futuro\",\"dise\u00f1o interior\",\"Julio Oropel\",\"Samsung\",\"television\",\"The Frame\",\"TV\"],\"articleSection\":[\"Noticias de arquitectura y dise\u00f1o\",\"Novedades\"],\"inLanguage\":\"es\"},{\"@type\":\"WebPage\",\"@id\":\"https:\\\/\\\/www.arquimaster.com.ar\\\/web\\\/julio-oropel-habla-sobre-la-antropologia-del-futuro-en-el-marco-del-lanzamiento-de-la-nueva-tv-de-samsung\\\/\",\"url\":\"https:\\\/\\\/www.arquimaster.com.ar\\\/web\\\/julio-oropel-habla-sobre-la-antropologia-del-futuro-en-el-marco-del-lanzamiento-de-la-nueva-tv-de-samsung\\\/\",\"name\":\"Julio Oropel habla sobre la Antropolog\u00eda del Futuro, en el marco del lanzamiento de la nueva TV de Samsung - Arquimaster\",\"isPartOf\":{\"@id\":\"https:\\\/\\\/www.arquimaster.com.ar\\\/web\\\/#website\"},\"primaryImageOfPage\":{\"@id\":\"https:\\\/\\\/www.arquimaster.com.ar\\\/web\\\/julio-oropel-habla-sobre-la-antropologia-del-futuro-en-el-marco-del-lanzamiento-de-la-nueva-tv-de-samsung\\\/#primaryimage\"},\"image\":{\"@id\":\"https:\\\/\\\/www.arquimaster.com.ar\\\/web\\\/julio-oropel-habla-sobre-la-antropologia-del-futuro-en-el-marco-del-lanzamiento-de-la-nueva-tv-de-samsung\\\/#primaryimage\"},\"thumbnailUrl\":\"https:\\\/\\\/www.arquimaster.com.ar\\\/web\\\/wp-content\\\/uploads\\\/2020\\\/06\\\/samsung_julio_oropel_slide.jpg\",\"datePublished\":\"2020-06-30T17:59:35+00:00\",\"dateModified\":\"2020-08-23T20:56:38+00:00\",\"description\":\"The Frame, la nueva TV de Samsung, est\u00e1 pensada desde el dise\u00f1o como si fuera un cuadro.\",\"breadcrumb\":{\"@id\":\"https:\\\/\\\/www.arquimaster.com.ar\\\/web\\\/julio-oropel-habla-sobre-la-antropologia-del-futuro-en-el-marco-del-lanzamiento-de-la-nueva-tv-de-samsung\\\/#breadcrumb\"},\"inLanguage\":\"es\",\"potentialAction\":[{\"@type\":\"ReadAction\",\"target\":[\"https:\\\/\\\/www.arquimaster.com.ar\\\/web\\\/julio-oropel-habla-sobre-la-antropologia-del-futuro-en-el-marco-del-lanzamiento-de-la-nueva-tv-de-samsung\\\/\"]}]},{\"@type\":\"ImageObject\",\"inLanguage\":\"es\",\"@id\":\"https:\\\/\\\/www.arquimaster.com.ar\\\/web\\\/julio-oropel-habla-sobre-la-antropologia-del-futuro-en-el-marco-del-lanzamiento-de-la-nueva-tv-de-samsung\\\/#primaryimage\",\"url\":\"https:\\\/\\\/www.arquimaster.com.ar\\\/web\\\/wp-content\\\/uploads\\\/2020\\\/06\\\/samsung_julio_oropel_slide.jpg\",\"contentUrl\":\"https:\\\/\\\/www.arquimaster.com.ar\\\/web\\\/wp-content\\\/uploads\\\/2020\\\/06\\\/samsung_julio_oropel_slide.jpg\",\"width\":686,\"height\":364},{\"@type\":\"BreadcrumbList\",\"@id\":\"https:\\\/\\\/www.arquimaster.com.ar\\\/web\\\/julio-oropel-habla-sobre-la-antropologia-del-futuro-en-el-marco-del-lanzamiento-de-la-nueva-tv-de-samsung\\\/#breadcrumb\",\"itemListElement\":[{\"@type\":\"ListItem\",\"position\":1,\"name\":\"Portada\",\"item\":\"https:\\\/\\\/www.arquimaster.com.ar\\\/web\\\/\"},{\"@type\":\"ListItem\",\"position\":2,\"name\":\"Julio Oropel habla sobre la Antropolog\u00eda del Futuro, en el marco del lanzamiento de la nueva TV de Samsung\"}]},{\"@type\":\"WebSite\",\"@id\":\"https:\\\/\\\/www.arquimaster.com.ar\\\/web\\\/#website\",\"url\":\"https:\\\/\\\/www.arquimaster.com.ar\\\/web\\\/\",\"name\":\"Arquimaster\",\"description\":\"Web de arquitectura, dise\u00f1o y construccion\",\"publisher\":{\"@id\":\"https:\\\/\\\/www.arquimaster.com.ar\\\/web\\\/#organization\"},\"potentialAction\":[{\"@type\":\"SearchAction\",\"target\":{\"@type\":\"EntryPoint\",\"urlTemplate\":\"https:\\\/\\\/www.arquimaster.com.ar\\\/web\\\/?s={search_term_string}\"},\"query-input\":{\"@type\":\"PropertyValueSpecification\",\"valueRequired\":true,\"valueName\":\"search_term_string\"}}],\"inLanguage\":\"es\"},{\"@type\":\"Organization\",\"@id\":\"https:\\\/\\\/www.arquimaster.com.ar\\\/web\\\/#organization\",\"name\":\"Arquimaster\",\"url\":\"https:\\\/\\\/www.arquimaster.com.ar\\\/web\\\/\",\"logo\":{\"@type\":\"ImageObject\",\"inLanguage\":\"es\",\"@id\":\"https:\\\/\\\/www.arquimaster.com.ar\\\/web\\\/#\\\/schema\\\/logo\\\/image\\\/\",\"url\":\"https:\\\/\\\/www.arquimaster.com.ar\\\/web\\\/wp-content\\\/uploads\\\/2022\\\/06\\\/arquimaster.png\",\"contentUrl\":\"https:\\\/\\\/www.arquimaster.com.ar\\\/web\\\/wp-content\\\/uploads\\\/2022\\\/06\\\/arquimaster.png\",\"width\":594,\"height\":78,\"caption\":\"Arquimaster\"},\"image\":{\"@id\":\"https:\\\/\\\/www.arquimaster.com.ar\\\/web\\\/#\\\/schema\\\/logo\\\/image\\\/\"},\"sameAs\":[\"http:\\\/\\\/www.facebook.com\\\/ARQUIMASTER.com.ar\",\"https:\\\/\\\/x.com\\\/arquimaster\",\"https:\\\/\\\/www.instagram.com\\\/arquimasterblog\\\/\",\"https:\\\/\\\/www.linkedin.com\\\/company\\\/arquimaster\",\"https:\\\/\\\/www.pinterest.com\\\/arquimaster\",\"https:\\\/\\\/t.me\\\/arquimaster\"]},{\"@type\":\"Person\",\"@id\":\"https:\\\/\\\/www.arquimaster.com.ar\\\/web\\\/#\\\/schema\\\/person\\\/359e9f7c00193fcde068e0dd2ceb0028\",\"name\":\"Arquimaster\"}]}<\/script>\n<!-- \/ Yoast SEO plugin. -->","yoast_head_json":{"title":"Julio Oropel habla sobre la Antropolog\u00eda del Futuro, en el marco del lanzamiento de la nueva TV de Samsung - Arquimaster","description":"The Frame, la nueva TV de Samsung, est\u00e1 pensada desde el dise\u00f1o como si fuera un cuadro.","robots":{"index":"index","follow":"follow","max-snippet":"max-snippet:-1","max-image-preview":"max-image-preview:large","max-video-preview":"max-video-preview:-1"},"canonical":"https:\/\/www.arquimaster.com.ar\/web\/julio-oropel-habla-sobre-la-antropologia-del-futuro-en-el-marco-del-lanzamiento-de-la-nueva-tv-de-samsung\/","og_locale":"es_ES","og_type":"article","og_title":"Julio Oropel habla sobre la Antropolog\u00eda del Futuro, en el marco del lanzamiento de la nueva TV de Samsung","og_description":"The Frame, la nueva TV de Samsung, est\u00e1 pensada desde el dise\u00f1o como si fuera un cuadro.","og_url":"https:\/\/www.arquimaster.com.ar\/web\/julio-oropel-habla-sobre-la-antropologia-del-futuro-en-el-marco-del-lanzamiento-de-la-nueva-tv-de-samsung\/","og_site_name":"Arquimaster","article_publisher":"http:\/\/www.facebook.com\/ARQUIMASTER.com.ar","article_published_time":"2020-06-30T17:59:35+00:00","article_modified_time":"2020-08-23T20:56:38+00:00","og_image":[{"width":400,"height":400,"url":"https:\/\/www.arquimaster.com.ar\/web\/wp-content\/uploads\/2018\/10\/arquimaster.jpg","type":"image\/jpeg"}],"author":"Arquimaster","twitter_card":"summary_large_image","twitter_title":"Julio Oropel habla sobre la Antropolog\u00eda del Futuro, en el marco del lanzamiento de la nueva TV de Samsung","twitter_description":"The Frame, la nueva TV de Samsung, est\u00e1 pensada desde el dise\u00f1o como si fuera un cuadro.","twitter_creator":"@arquimaster","twitter_site":"@arquimaster","twitter_misc":{"Escrito por":"Arquimaster","Tiempo de lectura":"2 minutos"},"schema":{"@context":"https:\/\/schema.org","@graph":[{"@type":"Article","@id":"https:\/\/www.arquimaster.com.ar\/web\/julio-oropel-habla-sobre-la-antropologia-del-futuro-en-el-marco-del-lanzamiento-de-la-nueva-tv-de-samsung\/#article","isPartOf":{"@id":"https:\/\/www.arquimaster.com.ar\/web\/julio-oropel-habla-sobre-la-antropologia-del-futuro-en-el-marco-del-lanzamiento-de-la-nueva-tv-de-samsung\/"},"author":{"name":"Arquimaster","@id":"https:\/\/www.arquimaster.com.ar\/web\/#\/schema\/person\/359e9f7c00193fcde068e0dd2ceb0028"},"headline":"Julio Oropel habla sobre la Antropolog\u00eda del Futuro, en el marco del lanzamiento de la nueva TV de Samsung","datePublished":"2020-06-30T17:59:35+00:00","dateModified":"2020-08-23T20:56:38+00:00","mainEntityOfPage":{"@id":"https:\/\/www.arquimaster.com.ar\/web\/julio-oropel-habla-sobre-la-antropologia-del-futuro-en-el-marco-del-lanzamiento-de-la-nueva-tv-de-samsung\/"},"wordCount":394,"publisher":{"@id":"https:\/\/www.arquimaster.com.ar\/web\/#organization"},"image":{"@id":"https:\/\/www.arquimaster.com.ar\/web\/julio-oropel-habla-sobre-la-antropologia-del-futuro-en-el-marco-del-lanzamiento-de-la-nueva-tv-de-samsung\/#primaryimage"},"thumbnailUrl":"https:\/\/www.arquimaster.com.ar\/web\/wp-content\/uploads\/2020\/06\/samsung_julio_oropel_slide.jpg","keywords":["antropologia del futuro","dise\u00f1o interior","Julio Oropel","Samsung","television","The Frame","TV"],"articleSection":["Noticias de arquitectura y dise\u00f1o","Novedades"],"inLanguage":"es"},{"@type":"WebPage","@id":"https:\/\/www.arquimaster.com.ar\/web\/julio-oropel-habla-sobre-la-antropologia-del-futuro-en-el-marco-del-lanzamiento-de-la-nueva-tv-de-samsung\/","url":"https:\/\/www.arquimaster.com.ar\/web\/julio-oropel-habla-sobre-la-antropologia-del-futuro-en-el-marco-del-lanzamiento-de-la-nueva-tv-de-samsung\/","name":"Julio Oropel habla sobre la Antropolog\u00eda del Futuro, en el marco del lanzamiento de la nueva TV de Samsung - Arquimaster","isPartOf":{"@id":"https:\/\/www.arquimaster.com.ar\/web\/#website"},"primaryImageOfPage":{"@id":"https:\/\/www.arquimaster.com.ar\/web\/julio-oropel-habla-sobre-la-antropologia-del-futuro-en-el-marco-del-lanzamiento-de-la-nueva-tv-de-samsung\/#primaryimage"},"image":{"@id":"https:\/\/www.arquimaster.com.ar\/web\/julio-oropel-habla-sobre-la-antropologia-del-futuro-en-el-marco-del-lanzamiento-de-la-nueva-tv-de-samsung\/#primaryimage"},"thumbnailUrl":"https:\/\/www.arquimaster.com.ar\/web\/wp-content\/uploads\/2020\/06\/samsung_julio_oropel_slide.jpg","datePublished":"2020-06-30T17:59:35+00:00","dateModified":"2020-08-23T20:56:38+00:00","description":"The Frame, la nueva TV de Samsung, est\u00e1 pensada desde el dise\u00f1o como si fuera un cuadro.","breadcrumb":{"@id":"https:\/\/www.arquimaster.com.ar\/web\/julio-oropel-habla-sobre-la-antropologia-del-futuro-en-el-marco-del-lanzamiento-de-la-nueva-tv-de-samsung\/#breadcrumb"},"inLanguage":"es","potentialAction":[{"@type":"ReadAction","target":["https:\/\/www.arquimaster.com.ar\/web\/julio-oropel-habla-sobre-la-antropologia-del-futuro-en-el-marco-del-lanzamiento-de-la-nueva-tv-de-samsung\/"]}]},{"@type":"ImageObject","inLanguage":"es","@id":"https:\/\/www.arquimaster.com.ar\/web\/julio-oropel-habla-sobre-la-antropologia-del-futuro-en-el-marco-del-lanzamiento-de-la-nueva-tv-de-samsung\/#primaryimage","url":"https:\/\/www.arquimaster.com.ar\/web\/wp-content\/uploads\/2020\/06\/samsung_julio_oropel_slide.jpg","contentUrl":"https:\/\/www.arquimaster.com.ar\/web\/wp-content\/uploads\/2020\/06\/samsung_julio_oropel_slide.jpg","width":686,"height":364},{"@type":"BreadcrumbList","@id":"https:\/\/www.arquimaster.com.ar\/web\/julio-oropel-habla-sobre-la-antropologia-del-futuro-en-el-marco-del-lanzamiento-de-la-nueva-tv-de-samsung\/#breadcrumb","itemListElement":[{"@type":"ListItem","position":1,"name":"Portada","item":"https:\/\/www.arquimaster.com.ar\/web\/"},{"@type":"ListItem","position":2,"name":"Julio Oropel habla sobre la Antropolog\u00eda del Futuro, en el marco del lanzamiento de la nueva TV de Samsung"}]},{"@type":"WebSite","@id":"https:\/\/www.arquimaster.com.ar\/web\/#website","url":"https:\/\/www.arquimaster.com.ar\/web\/","name":"Arquimaster","description":"Web de arquitectura, dise\u00f1o y construccion","publisher":{"@id":"https:\/\/www.arquimaster.com.ar\/web\/#organization"},"potentialAction":[{"@type":"SearchAction","target":{"@type":"EntryPoint","urlTemplate":"https:\/\/www.arquimaster.com.ar\/web\/?s={search_term_string}"},"query-input":{"@type":"PropertyValueSpecification","valueRequired":true,"valueName":"search_term_string"}}],"inLanguage":"es"},{"@type":"Organization","@id":"https:\/\/www.arquimaster.com.ar\/web\/#organization","name":"Arquimaster","url":"https:\/\/www.arquimaster.com.ar\/web\/","logo":{"@type":"ImageObject","inLanguage":"es","@id":"https:\/\/www.arquimaster.com.ar\/web\/#\/schema\/logo\/image\/","url":"https:\/\/www.arquimaster.com.ar\/web\/wp-content\/uploads\/2022\/06\/arquimaster.png","contentUrl":"https:\/\/www.arquimaster.com.ar\/web\/wp-content\/uploads\/2022\/06\/arquimaster.png","width":594,"height":78,"caption":"Arquimaster"},"image":{"@id":"https:\/\/www.arquimaster.com.ar\/web\/#\/schema\/logo\/image\/"},"sameAs":["http:\/\/www.facebook.com\/ARQUIMASTER.com.ar","https:\/\/x.com\/arquimaster","https:\/\/www.instagram.com\/arquimasterblog\/","https:\/\/www.linkedin.com\/company\/arquimaster","https:\/\/www.pinterest.com\/arquimaster","https:\/\/t.me\/arquimaster"]},{"@type":"Person","@id":"https:\/\/www.arquimaster.com.ar\/web\/#\/schema\/person\/359e9f7c00193fcde068e0dd2ceb0028","name":"Arquimaster"}]}},"uagb_featured_image_src":{"full":["https:\/\/www.arquimaster.com.ar\/web\/wp-content\/uploads\/2020\/06\/samsung_julio_oropel_slide.jpg",686,364,false],"thumbnail":["https:\/\/www.arquimaster.com.ar\/web\/wp-content\/uploads\/2020\/06\/samsung_julio_oropel_slide-150x150.jpg",150,150,true],"medium":["https:\/\/www.arquimaster.com.ar\/web\/wp-content\/uploads\/2020\/06\/samsung_julio_oropel_slide.jpg",686,364,false],"medium_large":["https:\/\/www.arquimaster.com.ar\/web\/wp-content\/uploads\/2020\/06\/samsung_julio_oropel_slide.jpg",686,364,false],"large":["https:\/\/www.arquimaster.com.ar\/web\/wp-content\/uploads\/2020\/06\/samsung_julio_oropel_slide.jpg",686,364,false],"1536x1536":["https:\/\/www.arquimaster.com.ar\/web\/wp-content\/uploads\/2020\/06\/samsung_julio_oropel_slide.jpg",686,364,false],"2048x2048":["https:\/\/www.arquimaster.com.ar\/web\/wp-content\/uploads\/2020\/06\/samsung_julio_oropel_slide.jpg",686,364,false]},"uagb_author_info":{"display_name":"Arquimaster","author_link":"https:\/\/www.arquimaster.com.ar\/web\/author\/arquimaster\/"},"uagb_comment_info":0,"uagb_excerpt":"The Frame est\u00e1 pensada desde el dise\u00f1o como si fuera un cuadro...","_links":{"self":[{"href":"https:\/\/www.arquimaster.com.ar\/web\/wp-json\/wp\/v2\/posts\/58129","targetHints":{"allow":["GET"]}}],"collection":[{"href":"https:\/\/www.arquimaster.com.ar\/web\/wp-json\/wp\/v2\/posts"}],"about":[{"href":"https:\/\/www.arquimaster.com.ar\/web\/wp-json\/wp\/v2\/types\/post"}],"author":[{"embeddable":true,"href":"https:\/\/www.arquimaster.com.ar\/web\/wp-json\/wp\/v2\/users\/1"}],"replies":[{"embeddable":true,"href":"https:\/\/www.arquimaster.com.ar\/web\/wp-json\/wp\/v2\/comments?post=58129"}],"version-history":[{"count":3,"href":"https:\/\/www.arquimaster.com.ar\/web\/wp-json\/wp\/v2\/posts\/58129\/revisions"}],"predecessor-version":[{"id":58154,"href":"https:\/\/www.arquimaster.com.ar\/web\/wp-json\/wp\/v2\/posts\/58129\/revisions\/58154"}],"wp:featuredmedia":[{"embeddable":true,"href":"https:\/\/www.arquimaster.com.ar\/web\/wp-json\/wp\/v2\/media\/58135"}],"wp:attachment":[{"href":"https:\/\/www.arquimaster.com.ar\/web\/wp-json\/wp\/v2\/media?parent=58129"}],"wp:term":[{"taxonomy":"category","embeddable":true,"href":"https:\/\/www.arquimaster.com.ar\/web\/wp-json\/wp\/v2\/categories?post=58129"},{"taxonomy":"post_tag","embeddable":true,"href":"https:\/\/www.arquimaster.com.ar\/web\/wp-json\/wp\/v2\/tags?post=58129"}],"curies":[{"name":"wp","href":"https:\/\/api.w.org\/{rel}","templated":true}]}}