{"id":58539,"date":"2020-08-20T17:00:16","date_gmt":"2020-08-20T20:00:16","guid":{"rendered":"https:\/\/www.arquimaster.com.ar\/web\/?p=58539"},"modified":"2020-09-03T14:18:51","modified_gmt":"2020-09-03T17:18:51","slug":"edificio-cabrera-german-hauser-daniela-ziblat","status":"publish","type":"post","link":"https:\/\/www.arquimaster.com.ar\/web\/edificio-cabrera-german-hauser-daniela-ziblat\/","title":{"rendered":"Edificio Cabrera \/ German Hauser, Daniela Ziblat"},"content":{"rendered":"<div style=\"margin-top: 0px; margin-bottom: 0px;\" class=\"sharethis-inline-share-buttons\" ><\/div><div class=\"b812932af2e751442846f039925109de\" data-index=\"1\" style=\"float: none; margin:25px 0 25px 0; text-align:center;\">\n<script async src=\"https:\/\/pagead2.googlesyndication.com\/pagead\/js\/adsbygoogle.js\"><\/script>\r\n<!-- Arquimaster (superior) -->\r\n<ins class=\"adsbygoogle\"\r\n     style=\"display:block\"\r\n     data-ad-client=\"ca-pub-6351072698456832\"\r\n     data-ad-slot=\"6455489680\"\r\n     data-ad-format=\"auto\"\r\n     data-full-width-responsive=\"true\"><\/ins>\r\n<script>\r\n     (adsbygoogle = window.adsbygoogle || []).push({});\r\n<\/script>\n<\/div>\n<p><strong>Edificio Cabrera<\/strong> (Ciudad de Buenos Aires, Argentina) por <strong>German Hauser, Daniela Ziblat<\/strong>. El edificio Cabrera se encuentra ubicado en la Ciudad de Buenos Aires, en el barrio de Palermo, particularmente en un sector de \u00e9ste que cuenta con gran cantidad de facultades de diversas Universidades. Por este motivo, fue concebido como un edificio de viviendas a ser habitado principalmente por estudiantes universitarios.<\/p>\n<div id='gallery-1' class='gallery galleryid-58539 gallery-columns-3 gallery-size-thumbnail'><figure class='gallery-item'>\n\t\t\t<div class='gallery-icon landscape'>\n\t\t\t\t<a href='https:\/\/www.arquimaster.com.ar\/web\/wp-content\/uploads\/2020\/08\/edificio_cabrera1.jpg' title=\"Edificio Cabrera \/ German Hauser, Daniela Ziblat\" data-rl_title=\"Edificio Cabrera \/ German Hauser, Daniela Ziblat\" class=\"rl-gallery-link\" data-rl_caption=\"Edificio Cabrera \/ German Hauser, Daniela Ziblat\" data-rel=\"lightbox-gallery-1\"><img loading=\"lazy\" decoding=\"async\" width=\"150\" height=\"150\" src=\"https:\/\/www.arquimaster.com.ar\/web\/wp-content\/uploads\/2020\/08\/edificio_cabrera1-150x150.jpg\" class=\"attachment-thumbnail size-thumbnail\" alt=\"\" aria-describedby=\"gallery-1-58541\" srcset=\"https:\/\/www.arquimaster.com.ar\/web\/wp-content\/uploads\/2020\/08\/edificio_cabrera1-150x150.jpg 150w, https:\/\/www.arquimaster.com.ar\/web\/wp-content\/uploads\/2020\/08\/edificio_cabrera1-1024x1024.jpg 1024w, https:\/\/www.arquimaster.com.ar\/web\/wp-content\/uploads\/2020\/08\/edificio_cabrera1-768x768.jpg 768w, https:\/\/www.arquimaster.com.ar\/web\/wp-content\/uploads\/2020\/08\/edificio_cabrera1.jpg 1500w\" sizes=\"auto, (max-width: 150px) 100vw, 150px\" \/><\/a>\n\t\t\t<\/div>\n\t\t\t\t<figcaption class='wp-caption-text gallery-caption' id='gallery-1-58541'>\n\t\t\t\tEdificio Cabrera \/ German Hauser, Daniela Ziblat\n\t\t\t\t<\/figcaption><\/figure><figure class='gallery-item'>\n\t\t\t<div class='gallery-icon landscape'>\n\t\t\t\t<a href='https:\/\/www.arquimaster.com.ar\/web\/wp-content\/uploads\/2020\/08\/edificio_cabrera2.jpg' title=\"Edificio Cabrera \/ German Hauser, Daniela Ziblat\" data-rl_title=\"Edificio Cabrera \/ German Hauser, Daniela Ziblat\" class=\"rl-gallery-link\" data-rl_caption=\"Edificio Cabrera \/ German Hauser, Daniela Ziblat\" data-rel=\"lightbox-gallery-1\"><img loading=\"lazy\" decoding=\"async\" width=\"150\" height=\"150\" src=\"https:\/\/www.arquimaster.com.ar\/web\/wp-content\/uploads\/2020\/08\/edificio_cabrera2-150x150.jpg\" class=\"attachment-thumbnail size-thumbnail\" alt=\"\" aria-describedby=\"gallery-1-58542\" srcset=\"https:\/\/www.arquimaster.com.ar\/web\/wp-content\/uploads\/2020\/08\/edificio_cabrera2-150x150.jpg 150w, https:\/\/www.arquimaster.com.ar\/web\/wp-content\/uploads\/2020\/08\/edificio_cabrera2-1024x1024.jpg 1024w, https:\/\/www.arquimaster.com.ar\/web\/wp-content\/uploads\/2020\/08\/edificio_cabrera2-768x768.jpg 768w, https:\/\/www.arquimaster.com.ar\/web\/wp-content\/uploads\/2020\/08\/edificio_cabrera2.jpg 1500w\" sizes=\"auto, (max-width: 150px) 100vw, 150px\" \/><\/a>\n\t\t\t<\/div>\n\t\t\t\t<figcaption class='wp-caption-text gallery-caption' id='gallery-1-58542'>\n\t\t\t\tEdificio Cabrera \/ German Hauser, Daniela Ziblat\n\t\t\t\t<\/figcaption><\/figure><figure class='gallery-item'>\n\t\t\t<div class='gallery-icon landscape'>\n\t\t\t\t<a href='https:\/\/www.arquimaster.com.ar\/web\/wp-content\/uploads\/2020\/08\/edificio_cabrera3.jpg' title=\"Edificio Cabrera \/ German Hauser, Daniela Ziblat\" data-rl_title=\"Edificio Cabrera \/ German Hauser, Daniela Ziblat\" class=\"rl-gallery-link\" data-rl_caption=\"Edificio Cabrera \/ German Hauser, Daniela Ziblat\" data-rel=\"lightbox-gallery-1\"><img loading=\"lazy\" decoding=\"async\" width=\"150\" height=\"150\" src=\"https:\/\/www.arquimaster.com.ar\/web\/wp-content\/uploads\/2020\/08\/edificio_cabrera3-150x150.jpg\" class=\"attachment-thumbnail size-thumbnail\" alt=\"\" aria-describedby=\"gallery-1-58543\" srcset=\"https:\/\/www.arquimaster.com.ar\/web\/wp-content\/uploads\/2020\/08\/edificio_cabrera3-150x150.jpg 150w, https:\/\/www.arquimaster.com.ar\/web\/wp-content\/uploads\/2020\/08\/edificio_cabrera3-1024x1024.jpg 1024w, https:\/\/www.arquimaster.com.ar\/web\/wp-content\/uploads\/2020\/08\/edificio_cabrera3-768x768.jpg 768w, https:\/\/www.arquimaster.com.ar\/web\/wp-content\/uploads\/2020\/08\/edificio_cabrera3.jpg 1500w\" sizes=\"auto, (max-width: 150px) 100vw, 150px\" \/><\/a>\n\t\t\t<\/div>\n\t\t\t\t<figcaption class='wp-caption-text gallery-caption' id='gallery-1-58543'>\n\t\t\t\tEdificio Cabrera \/ German Hauser, Daniela Ziblat\n\t\t\t\t<\/figcaption><\/figure><figure class='gallery-item'>\n\t\t\t<div class='gallery-icon landscape'>\n\t\t\t\t<a href='https:\/\/www.arquimaster.com.ar\/web\/wp-content\/uploads\/2020\/08\/edificio_cabrera4.jpg' title=\"Edificio Cabrera \/ German Hauser, Daniela Ziblat\" data-rl_title=\"Edificio Cabrera \/ German Hauser, Daniela Ziblat\" class=\"rl-gallery-link\" data-rl_caption=\"Edificio Cabrera \/ German Hauser, Daniela Ziblat\" data-rel=\"lightbox-gallery-1\"><img loading=\"lazy\" decoding=\"async\" width=\"150\" height=\"150\" src=\"https:\/\/www.arquimaster.com.ar\/web\/wp-content\/uploads\/2020\/08\/edificio_cabrera4-150x150.jpg\" class=\"attachment-thumbnail size-thumbnail\" alt=\"\" aria-describedby=\"gallery-1-58544\" srcset=\"https:\/\/www.arquimaster.com.ar\/web\/wp-content\/uploads\/2020\/08\/edificio_cabrera4-150x150.jpg 150w, https:\/\/www.arquimaster.com.ar\/web\/wp-content\/uploads\/2020\/08\/edificio_cabrera4-1024x1024.jpg 1024w, https:\/\/www.arquimaster.com.ar\/web\/wp-content\/uploads\/2020\/08\/edificio_cabrera4-768x768.jpg 768w, https:\/\/www.arquimaster.com.ar\/web\/wp-content\/uploads\/2020\/08\/edificio_cabrera4.jpg 1500w\" sizes=\"auto, (max-width: 150px) 100vw, 150px\" \/><\/a>\n\t\t\t<\/div>\n\t\t\t\t<figcaption class='wp-caption-text gallery-caption' id='gallery-1-58544'>\n\t\t\t\tEdificio Cabrera \/ German Hauser, Daniela Ziblat\n\t\t\t\t<\/figcaption><\/figure><figure class='gallery-item'>\n\t\t\t<div class='gallery-icon landscape'>\n\t\t\t\t<a href='https:\/\/www.arquimaster.com.ar\/web\/wp-content\/uploads\/2020\/08\/edificio_cabrera5.jpg' title=\"Edificio Cabrera \/ German Hauser, Daniela Ziblat\" data-rl_title=\"Edificio Cabrera \/ German Hauser, Daniela Ziblat\" class=\"rl-gallery-link\" data-rl_caption=\"Edificio Cabrera \/ German Hauser, Daniela Ziblat\" data-rel=\"lightbox-gallery-1\"><img loading=\"lazy\" decoding=\"async\" width=\"150\" height=\"150\" src=\"https:\/\/www.arquimaster.com.ar\/web\/wp-content\/uploads\/2020\/08\/edificio_cabrera5-150x150.jpg\" class=\"attachment-thumbnail size-thumbnail\" alt=\"\" aria-describedby=\"gallery-1-58545\" srcset=\"https:\/\/www.arquimaster.com.ar\/web\/wp-content\/uploads\/2020\/08\/edificio_cabrera5-150x150.jpg 150w, https:\/\/www.arquimaster.com.ar\/web\/wp-content\/uploads\/2020\/08\/edificio_cabrera5-1024x1024.jpg 1024w, https:\/\/www.arquimaster.com.ar\/web\/wp-content\/uploads\/2020\/08\/edificio_cabrera5-768x768.jpg 768w, https:\/\/www.arquimaster.com.ar\/web\/wp-content\/uploads\/2020\/08\/edificio_cabrera5.jpg 1500w\" sizes=\"auto, (max-width: 150px) 100vw, 150px\" \/><\/a>\n\t\t\t<\/div>\n\t\t\t\t<figcaption class='wp-caption-text gallery-caption' id='gallery-1-58545'>\n\t\t\t\tEdificio Cabrera \/ German Hauser, Daniela Ziblat\n\t\t\t\t<\/figcaption><\/figure><figure class='gallery-item'>\n\t\t\t<div class='gallery-icon landscape'>\n\t\t\t\t<a href='https:\/\/www.arquimaster.com.ar\/web\/wp-content\/uploads\/2020\/08\/edificio_cabrera6.jpg' title=\"Edificio Cabrera \/ German Hauser, Daniela Ziblat\" data-rl_title=\"Edificio Cabrera \/ German Hauser, Daniela Ziblat\" class=\"rl-gallery-link\" data-rl_caption=\"Edificio Cabrera \/ German Hauser, Daniela Ziblat\" data-rel=\"lightbox-gallery-1\"><img loading=\"lazy\" decoding=\"async\" width=\"150\" height=\"150\" src=\"https:\/\/www.arquimaster.com.ar\/web\/wp-content\/uploads\/2020\/08\/edificio_cabrera6-150x150.jpg\" class=\"attachment-thumbnail size-thumbnail\" alt=\"\" aria-describedby=\"gallery-1-58546\" srcset=\"https:\/\/www.arquimaster.com.ar\/web\/wp-content\/uploads\/2020\/08\/edificio_cabrera6-150x150.jpg 150w, https:\/\/www.arquimaster.com.ar\/web\/wp-content\/uploads\/2020\/08\/edificio_cabrera6-1024x1024.jpg 1024w, https:\/\/www.arquimaster.com.ar\/web\/wp-content\/uploads\/2020\/08\/edificio_cabrera6-768x768.jpg 768w, https:\/\/www.arquimaster.com.ar\/web\/wp-content\/uploads\/2020\/08\/edificio_cabrera6.jpg 1500w\" sizes=\"auto, (max-width: 150px) 100vw, 150px\" \/><\/a>\n\t\t\t<\/div>\n\t\t\t\t<figcaption class='wp-caption-text gallery-caption' id='gallery-1-58546'>\n\t\t\t\tEdificio Cabrera \/ German Hauser, Daniela Ziblat\n\t\t\t\t<\/figcaption><\/figure><figure class='gallery-item'>\n\t\t\t<div class='gallery-icon landscape'>\n\t\t\t\t<a href='https:\/\/www.arquimaster.com.ar\/web\/wp-content\/uploads\/2020\/08\/edificio_cabrera7.jpg' title=\"Edificio Cabrera \/ German Hauser, Daniela Ziblat\" data-rl_title=\"Edificio Cabrera \/ German Hauser, Daniela Ziblat\" class=\"rl-gallery-link\" data-rl_caption=\"Edificio Cabrera \/ German Hauser, Daniela Ziblat\" data-rel=\"lightbox-gallery-1\"><img loading=\"lazy\" decoding=\"async\" width=\"150\" height=\"150\" src=\"https:\/\/www.arquimaster.com.ar\/web\/wp-content\/uploads\/2020\/08\/edificio_cabrera7-150x150.jpg\" class=\"attachment-thumbnail size-thumbnail\" alt=\"\" aria-describedby=\"gallery-1-58547\" srcset=\"https:\/\/www.arquimaster.com.ar\/web\/wp-content\/uploads\/2020\/08\/edificio_cabrera7-150x150.jpg 150w, https:\/\/www.arquimaster.com.ar\/web\/wp-content\/uploads\/2020\/08\/edificio_cabrera7-1024x1024.jpg 1024w, https:\/\/www.arquimaster.com.ar\/web\/wp-content\/uploads\/2020\/08\/edificio_cabrera7-768x768.jpg 768w, https:\/\/www.arquimaster.com.ar\/web\/wp-content\/uploads\/2020\/08\/edificio_cabrera7.jpg 1500w\" sizes=\"auto, (max-width: 150px) 100vw, 150px\" \/><\/a>\n\t\t\t<\/div>\n\t\t\t\t<figcaption class='wp-caption-text gallery-caption' id='gallery-1-58547'>\n\t\t\t\tEdificio Cabrera \/ German Hauser, Daniela Ziblat\n\t\t\t\t<\/figcaption><\/figure><figure class='gallery-item'>\n\t\t\t<div class='gallery-icon landscape'>\n\t\t\t\t<a href='https:\/\/www.arquimaster.com.ar\/web\/wp-content\/uploads\/2020\/08\/edificio_cabrera8.jpg' title=\"Edificio Cabrera \/ German Hauser, Daniela Ziblat\" data-rl_title=\"Edificio Cabrera \/ German Hauser, Daniela Ziblat\" class=\"rl-gallery-link\" data-rl_caption=\"Edificio Cabrera \/ German Hauser, Daniela Ziblat\" data-rel=\"lightbox-gallery-1\"><img loading=\"lazy\" decoding=\"async\" width=\"150\" height=\"150\" src=\"https:\/\/www.arquimaster.com.ar\/web\/wp-content\/uploads\/2020\/08\/edificio_cabrera8-150x150.jpg\" class=\"attachment-thumbnail size-thumbnail\" alt=\"\" aria-describedby=\"gallery-1-58548\" srcset=\"https:\/\/www.arquimaster.com.ar\/web\/wp-content\/uploads\/2020\/08\/edificio_cabrera8-150x150.jpg 150w, https:\/\/www.arquimaster.com.ar\/web\/wp-content\/uploads\/2020\/08\/edificio_cabrera8-1024x1024.jpg 1024w, https:\/\/www.arquimaster.com.ar\/web\/wp-content\/uploads\/2020\/08\/edificio_cabrera8-768x768.jpg 768w, https:\/\/www.arquimaster.com.ar\/web\/wp-content\/uploads\/2020\/08\/edificio_cabrera8.jpg 1500w\" sizes=\"auto, (max-width: 150px) 100vw, 150px\" \/><\/a>\n\t\t\t<\/div>\n\t\t\t\t<figcaption class='wp-caption-text gallery-caption' id='gallery-1-58548'>\n\t\t\t\tEdificio Cabrera \/ German Hauser, Daniela Ziblat\n\t\t\t\t<\/figcaption><\/figure><figure class='gallery-item'>\n\t\t\t<div class='gallery-icon landscape'>\n\t\t\t\t<a href='https:\/\/www.arquimaster.com.ar\/web\/wp-content\/uploads\/2020\/08\/edificio_cabrera9.jpg' title=\"Edificio Cabrera \/ German Hauser, Daniela Ziblat\" data-rl_title=\"Edificio Cabrera \/ German Hauser, Daniela Ziblat\" class=\"rl-gallery-link\" data-rl_caption=\"Edificio Cabrera \/ German Hauser, Daniela Ziblat\" data-rel=\"lightbox-gallery-1\"><img loading=\"lazy\" decoding=\"async\" width=\"150\" height=\"150\" src=\"https:\/\/www.arquimaster.com.ar\/web\/wp-content\/uploads\/2020\/08\/edificio_cabrera9-150x150.jpg\" class=\"attachment-thumbnail size-thumbnail\" alt=\"\" aria-describedby=\"gallery-1-58549\" srcset=\"https:\/\/www.arquimaster.com.ar\/web\/wp-content\/uploads\/2020\/08\/edificio_cabrera9-150x150.jpg 150w, https:\/\/www.arquimaster.com.ar\/web\/wp-content\/uploads\/2020\/08\/edificio_cabrera9-1024x1024.jpg 1024w, https:\/\/www.arquimaster.com.ar\/web\/wp-content\/uploads\/2020\/08\/edificio_cabrera9-768x768.jpg 768w, https:\/\/www.arquimaster.com.ar\/web\/wp-content\/uploads\/2020\/08\/edificio_cabrera9.jpg 1500w\" sizes=\"auto, (max-width: 150px) 100vw, 150px\" \/><\/a>\n\t\t\t<\/div>\n\t\t\t\t<figcaption class='wp-caption-text gallery-caption' id='gallery-1-58549'>\n\t\t\t\tEdificio Cabrera \/ German Hauser, Daniela Ziblat\n\t\t\t\t<\/figcaption><\/figure><figure class='gallery-item'>\n\t\t\t<div class='gallery-icon landscape'>\n\t\t\t\t<a href='https:\/\/www.arquimaster.com.ar\/web\/wp-content\/uploads\/2020\/08\/edificio_cabrera10.jpg' title=\"Edificio Cabrera \/ German Hauser, Daniela Ziblat\" data-rl_title=\"Edificio Cabrera \/ German Hauser, Daniela Ziblat\" class=\"rl-gallery-link\" data-rl_caption=\"Edificio Cabrera \/ German Hauser, Daniela Ziblat\" data-rel=\"lightbox-gallery-1\"><img loading=\"lazy\" decoding=\"async\" width=\"150\" height=\"150\" src=\"https:\/\/www.arquimaster.com.ar\/web\/wp-content\/uploads\/2020\/08\/edificio_cabrera10-150x150.jpg\" class=\"attachment-thumbnail size-thumbnail\" alt=\"\" aria-describedby=\"gallery-1-58550\" srcset=\"https:\/\/www.arquimaster.com.ar\/web\/wp-content\/uploads\/2020\/08\/edificio_cabrera10-150x150.jpg 150w, https:\/\/www.arquimaster.com.ar\/web\/wp-content\/uploads\/2020\/08\/edificio_cabrera10-1024x1024.jpg 1024w, https:\/\/www.arquimaster.com.ar\/web\/wp-content\/uploads\/2020\/08\/edificio_cabrera10-768x768.jpg 768w, https:\/\/www.arquimaster.com.ar\/web\/wp-content\/uploads\/2020\/08\/edificio_cabrera10.jpg 1500w\" sizes=\"auto, (max-width: 150px) 100vw, 150px\" \/><\/a>\n\t\t\t<\/div>\n\t\t\t\t<figcaption class='wp-caption-text gallery-caption' id='gallery-1-58550'>\n\t\t\t\tEdificio Cabrera \/ German Hauser, Daniela Ziblat\n\t\t\t\t<\/figcaption><\/figure><figure class='gallery-item'>\n\t\t\t<div class='gallery-icon landscape'>\n\t\t\t\t<a href='https:\/\/www.arquimaster.com.ar\/web\/wp-content\/uploads\/2020\/08\/edificio_cabrera11.jpg' title=\"Edificio Cabrera \/ German Hauser, Daniela Ziblat\" data-rl_title=\"Edificio Cabrera \/ German Hauser, Daniela Ziblat\" class=\"rl-gallery-link\" data-rl_caption=\"Edificio Cabrera \/ German Hauser, Daniela Ziblat\" data-rel=\"lightbox-gallery-1\"><img loading=\"lazy\" decoding=\"async\" width=\"150\" height=\"150\" src=\"https:\/\/www.arquimaster.com.ar\/web\/wp-content\/uploads\/2020\/08\/edificio_cabrera11-150x150.jpg\" class=\"attachment-thumbnail size-thumbnail\" alt=\"\" aria-describedby=\"gallery-1-58551\" srcset=\"https:\/\/www.arquimaster.com.ar\/web\/wp-content\/uploads\/2020\/08\/edificio_cabrera11-150x150.jpg 150w, https:\/\/www.arquimaster.com.ar\/web\/wp-content\/uploads\/2020\/08\/edificio_cabrera11-1024x1024.jpg 1024w, https:\/\/www.arquimaster.com.ar\/web\/wp-content\/uploads\/2020\/08\/edificio_cabrera11-768x768.jpg 768w, https:\/\/www.arquimaster.com.ar\/web\/wp-content\/uploads\/2020\/08\/edificio_cabrera11.jpg 1500w\" sizes=\"auto, (max-width: 150px) 100vw, 150px\" \/><\/a>\n\t\t\t<\/div>\n\t\t\t\t<figcaption class='wp-caption-text gallery-caption' id='gallery-1-58551'>\n\t\t\t\tEdificio Cabrera \/ German Hauser, Daniela Ziblat\n\t\t\t\t<\/figcaption><\/figure><figure class='gallery-item'>\n\t\t\t<div class='gallery-icon landscape'>\n\t\t\t\t<a href='https:\/\/www.arquimaster.com.ar\/web\/wp-content\/uploads\/2020\/08\/edificio_cabrera12.jpg' title=\"Edificio Cabrera \/ German Hauser, Daniela Ziblat\" data-rl_title=\"Edificio Cabrera \/ German Hauser, Daniela Ziblat\" class=\"rl-gallery-link\" data-rl_caption=\"Edificio Cabrera \/ German Hauser, Daniela Ziblat\" data-rel=\"lightbox-gallery-1\"><img loading=\"lazy\" decoding=\"async\" width=\"150\" height=\"150\" src=\"https:\/\/www.arquimaster.com.ar\/web\/wp-content\/uploads\/2020\/08\/edificio_cabrera12-150x150.jpg\" class=\"attachment-thumbnail size-thumbnail\" alt=\"\" aria-describedby=\"gallery-1-58552\" srcset=\"https:\/\/www.arquimaster.com.ar\/web\/wp-content\/uploads\/2020\/08\/edificio_cabrera12-150x150.jpg 150w, https:\/\/www.arquimaster.com.ar\/web\/wp-content\/uploads\/2020\/08\/edificio_cabrera12-1024x1024.jpg 1024w, https:\/\/www.arquimaster.com.ar\/web\/wp-content\/uploads\/2020\/08\/edificio_cabrera12-768x768.jpg 768w, https:\/\/www.arquimaster.com.ar\/web\/wp-content\/uploads\/2020\/08\/edificio_cabrera12.jpg 1500w\" sizes=\"auto, (max-width: 150px) 100vw, 150px\" \/><\/a>\n\t\t\t<\/div>\n\t\t\t\t<figcaption class='wp-caption-text gallery-caption' id='gallery-1-58552'>\n\t\t\t\tEdificio Cabrera \/ German Hauser, Daniela Ziblat\n\t\t\t\t<\/figcaption><\/figure><figure class='gallery-item'>\n\t\t\t<div class='gallery-icon landscape'>\n\t\t\t\t<a href='https:\/\/www.arquimaster.com.ar\/web\/wp-content\/uploads\/2020\/08\/edificio_cabrera13.jpg' title=\"Edificio Cabrera \/ German Hauser, Daniela Ziblat\" data-rl_title=\"Edificio Cabrera \/ German Hauser, Daniela Ziblat\" class=\"rl-gallery-link\" data-rl_caption=\"Edificio Cabrera \/ German Hauser, Daniela Ziblat\" data-rel=\"lightbox-gallery-1\"><img loading=\"lazy\" decoding=\"async\" width=\"150\" height=\"150\" src=\"https:\/\/www.arquimaster.com.ar\/web\/wp-content\/uploads\/2020\/08\/edificio_cabrera13-150x150.jpg\" class=\"attachment-thumbnail size-thumbnail\" alt=\"\" aria-describedby=\"gallery-1-58553\" srcset=\"https:\/\/www.arquimaster.com.ar\/web\/wp-content\/uploads\/2020\/08\/edificio_cabrera13-150x150.jpg 150w, https:\/\/www.arquimaster.com.ar\/web\/wp-content\/uploads\/2020\/08\/edificio_cabrera13-1024x1024.jpg 1024w, https:\/\/www.arquimaster.com.ar\/web\/wp-content\/uploads\/2020\/08\/edificio_cabrera13-768x768.jpg 768w, https:\/\/www.arquimaster.com.ar\/web\/wp-content\/uploads\/2020\/08\/edificio_cabrera13.jpg 1500w\" sizes=\"auto, (max-width: 150px) 100vw, 150px\" \/><\/a>\n\t\t\t<\/div>\n\t\t\t\t<figcaption class='wp-caption-text gallery-caption' id='gallery-1-58553'>\n\t\t\t\tEdificio Cabrera \/ German Hauser, Daniela Ziblat\n\t\t\t\t<\/figcaption><\/figure><figure class='gallery-item'>\n\t\t\t<div class='gallery-icon landscape'>\n\t\t\t\t<a href='https:\/\/www.arquimaster.com.ar\/web\/wp-content\/uploads\/2020\/08\/edificio_cabrera14.jpg' title=\"Edificio Cabrera \/ German Hauser, Daniela Ziblat\" data-rl_title=\"Edificio Cabrera \/ German Hauser, Daniela Ziblat\" class=\"rl-gallery-link\" data-rl_caption=\"Edificio Cabrera \/ German Hauser, Daniela Ziblat\" data-rel=\"lightbox-gallery-1\"><img loading=\"lazy\" decoding=\"async\" width=\"150\" height=\"150\" src=\"https:\/\/www.arquimaster.com.ar\/web\/wp-content\/uploads\/2020\/08\/edificio_cabrera14-150x150.jpg\" class=\"attachment-thumbnail size-thumbnail\" alt=\"\" aria-describedby=\"gallery-1-58554\" srcset=\"https:\/\/www.arquimaster.com.ar\/web\/wp-content\/uploads\/2020\/08\/edificio_cabrera14-150x150.jpg 150w, https:\/\/www.arquimaster.com.ar\/web\/wp-content\/uploads\/2020\/08\/edificio_cabrera14-1024x1024.jpg 1024w, https:\/\/www.arquimaster.com.ar\/web\/wp-content\/uploads\/2020\/08\/edificio_cabrera14-768x768.jpg 768w, https:\/\/www.arquimaster.com.ar\/web\/wp-content\/uploads\/2020\/08\/edificio_cabrera14.jpg 1500w\" sizes=\"auto, (max-width: 150px) 100vw, 150px\" \/><\/a>\n\t\t\t<\/div>\n\t\t\t\t<figcaption class='wp-caption-text gallery-caption' id='gallery-1-58554'>\n\t\t\t\tEdificio Cabrera \/ German Hauser, Daniela Ziblat\n\t\t\t\t<\/figcaption><\/figure><figure class='gallery-item'>\n\t\t\t<div class='gallery-icon landscape'>\n\t\t\t\t<a href='https:\/\/www.arquimaster.com.ar\/web\/wp-content\/uploads\/2020\/08\/edificio_cabrera15.jpg' title=\"Edificio Cabrera \/ German Hauser, Daniela Ziblat\" data-rl_title=\"Edificio Cabrera \/ German Hauser, Daniela Ziblat\" class=\"rl-gallery-link\" data-rl_caption=\"Edificio Cabrera \/ German Hauser, Daniela Ziblat\" data-rel=\"lightbox-gallery-1\"><img loading=\"lazy\" decoding=\"async\" width=\"150\" height=\"150\" src=\"https:\/\/www.arquimaster.com.ar\/web\/wp-content\/uploads\/2020\/08\/edificio_cabrera15-150x150.jpg\" class=\"attachment-thumbnail size-thumbnail\" alt=\"\" aria-describedby=\"gallery-1-58555\" srcset=\"https:\/\/www.arquimaster.com.ar\/web\/wp-content\/uploads\/2020\/08\/edificio_cabrera15-150x150.jpg 150w, https:\/\/www.arquimaster.com.ar\/web\/wp-content\/uploads\/2020\/08\/edificio_cabrera15-1024x1024.jpg 1024w, https:\/\/www.arquimaster.com.ar\/web\/wp-content\/uploads\/2020\/08\/edificio_cabrera15-768x768.jpg 768w, https:\/\/www.arquimaster.com.ar\/web\/wp-content\/uploads\/2020\/08\/edificio_cabrera15.jpg 1500w\" sizes=\"auto, (max-width: 150px) 100vw, 150px\" \/><\/a>\n\t\t\t<\/div>\n\t\t\t\t<figcaption class='wp-caption-text gallery-caption' id='gallery-1-58555'>\n\t\t\t\tEdificio Cabrera \/ German Hauser, Daniela Ziblat\n\t\t\t\t<\/figcaption><\/figure><figure class='gallery-item'>\n\t\t\t<div class='gallery-icon landscape'>\n\t\t\t\t<a href='https:\/\/www.arquimaster.com.ar\/web\/wp-content\/uploads\/2020\/08\/edificio_cabrera16.jpg' title=\"Edificio Cabrera \/ German Hauser, Daniela Ziblat\" data-rl_title=\"Edificio Cabrera \/ German Hauser, Daniela Ziblat\" class=\"rl-gallery-link\" data-rl_caption=\"Edificio Cabrera \/ German Hauser, Daniela Ziblat\" data-rel=\"lightbox-gallery-1\"><img loading=\"lazy\" decoding=\"async\" width=\"150\" height=\"150\" src=\"https:\/\/www.arquimaster.com.ar\/web\/wp-content\/uploads\/2020\/08\/edificio_cabrera16-150x150.jpg\" class=\"attachment-thumbnail size-thumbnail\" alt=\"\" aria-describedby=\"gallery-1-58556\" srcset=\"https:\/\/www.arquimaster.com.ar\/web\/wp-content\/uploads\/2020\/08\/edificio_cabrera16-150x150.jpg 150w, https:\/\/www.arquimaster.com.ar\/web\/wp-content\/uploads\/2020\/08\/edificio_cabrera16-1024x1024.jpg 1024w, https:\/\/www.arquimaster.com.ar\/web\/wp-content\/uploads\/2020\/08\/edificio_cabrera16-768x768.jpg 768w, https:\/\/www.arquimaster.com.ar\/web\/wp-content\/uploads\/2020\/08\/edificio_cabrera16.jpg 1500w\" sizes=\"auto, (max-width: 150px) 100vw, 150px\" \/><\/a>\n\t\t\t<\/div>\n\t\t\t\t<figcaption class='wp-caption-text gallery-caption' id='gallery-1-58556'>\n\t\t\t\tEdificio Cabrera \/ German Hauser, Daniela Ziblat\n\t\t\t\t<\/figcaption><\/figure><figure class='gallery-item'>\n\t\t\t<div class='gallery-icon landscape'>\n\t\t\t\t<a href='https:\/\/www.arquimaster.com.ar\/web\/wp-content\/uploads\/2020\/08\/edificio_cabrera17.jpg' title=\"Edificio Cabrera \/ German Hauser, Daniela Ziblat (planta baja)\" data-rl_title=\"Edificio Cabrera \/ German Hauser, Daniela Ziblat (planta baja)\" class=\"rl-gallery-link\" data-rl_caption=\"Edificio Cabrera \/ German Hauser, Daniela Ziblat (planta baja)\" data-rel=\"lightbox-gallery-1\"><img loading=\"lazy\" decoding=\"async\" width=\"150\" height=\"150\" src=\"https:\/\/www.arquimaster.com.ar\/web\/wp-content\/uploads\/2020\/08\/edificio_cabrera17-150x150.jpg\" class=\"attachment-thumbnail size-thumbnail\" alt=\"\" aria-describedby=\"gallery-1-58557\" srcset=\"https:\/\/www.arquimaster.com.ar\/web\/wp-content\/uploads\/2020\/08\/edificio_cabrera17-150x150.jpg 150w, https:\/\/www.arquimaster.com.ar\/web\/wp-content\/uploads\/2020\/08\/edificio_cabrera17-1024x1024.jpg 1024w, https:\/\/www.arquimaster.com.ar\/web\/wp-content\/uploads\/2020\/08\/edificio_cabrera17-768x768.jpg 768w, https:\/\/www.arquimaster.com.ar\/web\/wp-content\/uploads\/2020\/08\/edificio_cabrera17.jpg 1500w\" sizes=\"auto, (max-width: 150px) 100vw, 150px\" \/><\/a>\n\t\t\t<\/div>\n\t\t\t\t<figcaption class='wp-caption-text gallery-caption' id='gallery-1-58557'>\n\t\t\t\tEdificio Cabrera \/ German Hauser, Daniela Ziblat (planta baja)\n\t\t\t\t<\/figcaption><\/figure><figure class='gallery-item'>\n\t\t\t<div class='gallery-icon landscape'>\n\t\t\t\t<a href='https:\/\/www.arquimaster.com.ar\/web\/wp-content\/uploads\/2020\/08\/edificio_cabrera18.jpg' title=\"Edificio Cabrera \/ German Hauser, Daniela Ziblat (planta 1\u00ba piso)\" data-rl_title=\"Edificio Cabrera \/ German Hauser, Daniela Ziblat (planta 1\u00ba piso)\" class=\"rl-gallery-link\" data-rl_caption=\"Edificio Cabrera \/ German Hauser, Daniela Ziblat (planta 1\u00ba piso)\" data-rel=\"lightbox-gallery-1\"><img loading=\"lazy\" decoding=\"async\" width=\"150\" height=\"150\" src=\"https:\/\/www.arquimaster.com.ar\/web\/wp-content\/uploads\/2020\/08\/edificio_cabrera18-150x150.jpg\" class=\"attachment-thumbnail size-thumbnail\" alt=\"\" aria-describedby=\"gallery-1-58558\" srcset=\"https:\/\/www.arquimaster.com.ar\/web\/wp-content\/uploads\/2020\/08\/edificio_cabrera18-150x150.jpg 150w, https:\/\/www.arquimaster.com.ar\/web\/wp-content\/uploads\/2020\/08\/edificio_cabrera18-1024x1024.jpg 1024w, https:\/\/www.arquimaster.com.ar\/web\/wp-content\/uploads\/2020\/08\/edificio_cabrera18-768x768.jpg 768w, https:\/\/www.arquimaster.com.ar\/web\/wp-content\/uploads\/2020\/08\/edificio_cabrera18.jpg 1500w\" sizes=\"auto, (max-width: 150px) 100vw, 150px\" \/><\/a>\n\t\t\t<\/div>\n\t\t\t\t<figcaption class='wp-caption-text gallery-caption' id='gallery-1-58558'>\n\t\t\t\tEdificio Cabrera \/ German Hauser, Daniela Ziblat (planta 1\u00ba piso)\n\t\t\t\t<\/figcaption><\/figure><figure class='gallery-item'>\n\t\t\t<div class='gallery-icon landscape'>\n\t\t\t\t<a href='https:\/\/www.arquimaster.com.ar\/web\/wp-content\/uploads\/2020\/08\/edificio_cabrera19.jpg' title=\"Edificio Cabrera \/ German Hauser, Daniela Ziblat (planta 2\u00ba a 5\u00ba piso)\" data-rl_title=\"Edificio Cabrera \/ German Hauser, Daniela Ziblat (planta 2\u00ba a 5\u00ba piso)\" class=\"rl-gallery-link\" data-rl_caption=\"Edificio Cabrera \/ German Hauser, Daniela Ziblat (planta 2\u00ba a 5\u00ba piso)\" data-rel=\"lightbox-gallery-1\"><img loading=\"lazy\" decoding=\"async\" width=\"150\" height=\"150\" src=\"https:\/\/www.arquimaster.com.ar\/web\/wp-content\/uploads\/2020\/08\/edificio_cabrera19-150x150.jpg\" class=\"attachment-thumbnail size-thumbnail\" alt=\"\" aria-describedby=\"gallery-1-58559\" srcset=\"https:\/\/www.arquimaster.com.ar\/web\/wp-content\/uploads\/2020\/08\/edificio_cabrera19-150x150.jpg 150w, https:\/\/www.arquimaster.com.ar\/web\/wp-content\/uploads\/2020\/08\/edificio_cabrera19-1024x1024.jpg 1024w, https:\/\/www.arquimaster.com.ar\/web\/wp-content\/uploads\/2020\/08\/edificio_cabrera19-768x768.jpg 768w, https:\/\/www.arquimaster.com.ar\/web\/wp-content\/uploads\/2020\/08\/edificio_cabrera19.jpg 1500w\" sizes=\"auto, (max-width: 150px) 100vw, 150px\" \/><\/a>\n\t\t\t<\/div>\n\t\t\t\t<figcaption class='wp-caption-text gallery-caption' id='gallery-1-58559'>\n\t\t\t\tEdificio Cabrera \/ German Hauser, Daniela Ziblat (planta 2\u00ba a 5\u00ba piso)\n\t\t\t\t<\/figcaption><\/figure><figure class='gallery-item'>\n\t\t\t<div class='gallery-icon landscape'>\n\t\t\t\t<a href='https:\/\/www.arquimaster.com.ar\/web\/wp-content\/uploads\/2020\/08\/edificio_cabrera20.jpg' title=\"Edificio Cabrera \/ German Hauser, Daniela Ziblat (planta 6\u00ba piso)\" data-rl_title=\"Edificio Cabrera \/ German Hauser, Daniela Ziblat (planta 6\u00ba piso)\" class=\"rl-gallery-link\" data-rl_caption=\"Edificio Cabrera \/ German Hauser, Daniela Ziblat (planta 6\u00ba piso)\" data-rel=\"lightbox-gallery-1\"><img loading=\"lazy\" decoding=\"async\" width=\"150\" height=\"150\" src=\"https:\/\/www.arquimaster.com.ar\/web\/wp-content\/uploads\/2020\/08\/edificio_cabrera20-150x150.jpg\" class=\"attachment-thumbnail size-thumbnail\" alt=\"\" aria-describedby=\"gallery-1-58560\" srcset=\"https:\/\/www.arquimaster.com.ar\/web\/wp-content\/uploads\/2020\/08\/edificio_cabrera20-150x150.jpg 150w, https:\/\/www.arquimaster.com.ar\/web\/wp-content\/uploads\/2020\/08\/edificio_cabrera20-1024x1024.jpg 1024w, https:\/\/www.arquimaster.com.ar\/web\/wp-content\/uploads\/2020\/08\/edificio_cabrera20-768x768.jpg 768w, https:\/\/www.arquimaster.com.ar\/web\/wp-content\/uploads\/2020\/08\/edificio_cabrera20.jpg 1500w\" sizes=\"auto, (max-width: 150px) 100vw, 150px\" \/><\/a>\n\t\t\t<\/div>\n\t\t\t\t<figcaption class='wp-caption-text gallery-caption' id='gallery-1-58560'>\n\t\t\t\tEdificio Cabrera \/ German Hauser, Daniela Ziblat (planta 6\u00ba piso)\n\t\t\t\t<\/figcaption><\/figure><figure class='gallery-item'>\n\t\t\t<div class='gallery-icon landscape'>\n\t\t\t\t<a href='https:\/\/www.arquimaster.com.ar\/web\/wp-content\/uploads\/2020\/08\/edificio_cabrera21.jpg' title=\"Edificio Cabrera \/ German Hauser, Daniela Ziblat (planta 7\u00ba piso)\" data-rl_title=\"Edificio Cabrera \/ German Hauser, Daniela Ziblat (planta 7\u00ba piso)\" class=\"rl-gallery-link\" data-rl_caption=\"Edificio Cabrera \/ German Hauser, Daniela Ziblat (planta 7\u00ba piso)\" data-rel=\"lightbox-gallery-1\"><img loading=\"lazy\" decoding=\"async\" width=\"150\" height=\"150\" src=\"https:\/\/www.arquimaster.com.ar\/web\/wp-content\/uploads\/2020\/08\/edificio_cabrera21-150x150.jpg\" class=\"attachment-thumbnail size-thumbnail\" alt=\"\" aria-describedby=\"gallery-1-58561\" srcset=\"https:\/\/www.arquimaster.com.ar\/web\/wp-content\/uploads\/2020\/08\/edificio_cabrera21-150x150.jpg 150w, https:\/\/www.arquimaster.com.ar\/web\/wp-content\/uploads\/2020\/08\/edificio_cabrera21-1024x1024.jpg 1024w, https:\/\/www.arquimaster.com.ar\/web\/wp-content\/uploads\/2020\/08\/edificio_cabrera21-768x768.jpg 768w, https:\/\/www.arquimaster.com.ar\/web\/wp-content\/uploads\/2020\/08\/edificio_cabrera21.jpg 1500w\" sizes=\"auto, (max-width: 150px) 100vw, 150px\" \/><\/a>\n\t\t\t<\/div>\n\t\t\t\t<figcaption class='wp-caption-text gallery-caption' id='gallery-1-58561'>\n\t\t\t\tEdificio Cabrera \/ German Hauser, Daniela Ziblat (planta 7\u00ba piso)\n\t\t\t\t<\/figcaption><\/figure><figure class='gallery-item'>\n\t\t\t<div class='gallery-icon landscape'>\n\t\t\t\t<a href='https:\/\/www.arquimaster.com.ar\/web\/wp-content\/uploads\/2020\/08\/edificio_cabrera22.jpg' title=\"Edificio Cabrera \/ German Hauser, Daniela Ziblat (planta 8\u00ba piso)\" data-rl_title=\"Edificio Cabrera \/ German Hauser, Daniela Ziblat (planta 8\u00ba piso)\" class=\"rl-gallery-link\" data-rl_caption=\"Edificio Cabrera \/ German Hauser, Daniela Ziblat (planta 8\u00ba piso)\" data-rel=\"lightbox-gallery-1\"><img loading=\"lazy\" decoding=\"async\" width=\"150\" height=\"150\" src=\"https:\/\/www.arquimaster.com.ar\/web\/wp-content\/uploads\/2020\/08\/edificio_cabrera22-150x150.jpg\" class=\"attachment-thumbnail size-thumbnail\" alt=\"\" aria-describedby=\"gallery-1-58562\" srcset=\"https:\/\/www.arquimaster.com.ar\/web\/wp-content\/uploads\/2020\/08\/edificio_cabrera22-150x150.jpg 150w, https:\/\/www.arquimaster.com.ar\/web\/wp-content\/uploads\/2020\/08\/edificio_cabrera22-1024x1024.jpg 1024w, https:\/\/www.arquimaster.com.ar\/web\/wp-content\/uploads\/2020\/08\/edificio_cabrera22-768x768.jpg 768w, https:\/\/www.arquimaster.com.ar\/web\/wp-content\/uploads\/2020\/08\/edificio_cabrera22.jpg 1500w\" sizes=\"auto, (max-width: 150px) 100vw, 150px\" \/><\/a>\n\t\t\t<\/div>\n\t\t\t\t<figcaption class='wp-caption-text gallery-caption' id='gallery-1-58562'>\n\t\t\t\tEdificio Cabrera \/ German Hauser, Daniela Ziblat (planta 8\u00ba piso)\n\t\t\t\t<\/figcaption><\/figure><figure class='gallery-item'>\n\t\t\t<div class='gallery-icon landscape'>\n\t\t\t\t<a href='https:\/\/www.arquimaster.com.ar\/web\/wp-content\/uploads\/2020\/08\/edificio_cabrera23.jpg' title=\"Edificio Cabrera \/ German Hauser, Daniela Ziblat (planta 9\u00ba piso)\" data-rl_title=\"Edificio Cabrera \/ German Hauser, Daniela Ziblat (planta 9\u00ba piso)\" class=\"rl-gallery-link\" data-rl_caption=\"Edificio Cabrera \/ German Hauser, Daniela Ziblat (planta 9\u00ba piso)\" data-rel=\"lightbox-gallery-1\"><img loading=\"lazy\" decoding=\"async\" width=\"150\" height=\"150\" src=\"https:\/\/www.arquimaster.com.ar\/web\/wp-content\/uploads\/2020\/08\/edificio_cabrera23-150x150.jpg\" class=\"attachment-thumbnail size-thumbnail\" alt=\"\" aria-describedby=\"gallery-1-58563\" srcset=\"https:\/\/www.arquimaster.com.ar\/web\/wp-content\/uploads\/2020\/08\/edificio_cabrera23-150x150.jpg 150w, https:\/\/www.arquimaster.com.ar\/web\/wp-content\/uploads\/2020\/08\/edificio_cabrera23-1024x1024.jpg 1024w, https:\/\/www.arquimaster.com.ar\/web\/wp-content\/uploads\/2020\/08\/edificio_cabrera23-768x768.jpg 768w, https:\/\/www.arquimaster.com.ar\/web\/wp-content\/uploads\/2020\/08\/edificio_cabrera23.jpg 1500w\" sizes=\"auto, (max-width: 150px) 100vw, 150px\" \/><\/a>\n\t\t\t<\/div>\n\t\t\t\t<figcaption class='wp-caption-text gallery-caption' id='gallery-1-58563'>\n\t\t\t\tEdificio Cabrera \/ German Hauser, Daniela Ziblat (planta 9\u00ba piso)\n\t\t\t\t<\/figcaption><\/figure><figure class='gallery-item'>\n\t\t\t<div class='gallery-icon landscape'>\n\t\t\t\t<a href='https:\/\/www.arquimaster.com.ar\/web\/wp-content\/uploads\/2020\/08\/edificio_cabrera24.jpg' title=\"Edificio Cabrera \/ German Hauser, Daniela Ziblat (planta 10\u00ba piso)\" data-rl_title=\"Edificio Cabrera \/ German Hauser, Daniela Ziblat (planta 10\u00ba piso)\" class=\"rl-gallery-link\" data-rl_caption=\"Edificio Cabrera \/ German Hauser, Daniela Ziblat (planta 10\u00ba piso)\" data-rel=\"lightbox-gallery-1\"><img loading=\"lazy\" decoding=\"async\" width=\"150\" height=\"150\" src=\"https:\/\/www.arquimaster.com.ar\/web\/wp-content\/uploads\/2020\/08\/edificio_cabrera24-150x150.jpg\" class=\"attachment-thumbnail size-thumbnail\" alt=\"\" aria-describedby=\"gallery-1-58564\" srcset=\"https:\/\/www.arquimaster.com.ar\/web\/wp-content\/uploads\/2020\/08\/edificio_cabrera24-150x150.jpg 150w, https:\/\/www.arquimaster.com.ar\/web\/wp-content\/uploads\/2020\/08\/edificio_cabrera24-1024x1024.jpg 1024w, https:\/\/www.arquimaster.com.ar\/web\/wp-content\/uploads\/2020\/08\/edificio_cabrera24-768x768.jpg 768w, https:\/\/www.arquimaster.com.ar\/web\/wp-content\/uploads\/2020\/08\/edificio_cabrera24.jpg 1500w\" sizes=\"auto, (max-width: 150px) 100vw, 150px\" \/><\/a>\n\t\t\t<\/div>\n\t\t\t\t<figcaption class='wp-caption-text gallery-caption' id='gallery-1-58564'>\n\t\t\t\tEdificio Cabrera \/ German Hauser, Daniela Ziblat (planta 10\u00ba piso)\n\t\t\t\t<\/figcaption><\/figure><figure class='gallery-item'>\n\t\t\t<div class='gallery-icon landscape'>\n\t\t\t\t<a href='https:\/\/www.arquimaster.com.ar\/web\/wp-content\/uploads\/2020\/08\/edificio_cabrera25.jpg' title=\"Edificio Cabrera \/ German Hauser, Daniela Ziblat (planta de techos)\" data-rl_title=\"Edificio Cabrera \/ German Hauser, Daniela Ziblat (planta de techos)\" class=\"rl-gallery-link\" data-rl_caption=\"Edificio Cabrera \/ German Hauser, Daniela Ziblat (planta de techos)\" data-rel=\"lightbox-gallery-1\"><img loading=\"lazy\" decoding=\"async\" width=\"150\" height=\"150\" src=\"https:\/\/www.arquimaster.com.ar\/web\/wp-content\/uploads\/2020\/08\/edificio_cabrera25-150x150.jpg\" class=\"attachment-thumbnail size-thumbnail\" alt=\"\" aria-describedby=\"gallery-1-58565\" srcset=\"https:\/\/www.arquimaster.com.ar\/web\/wp-content\/uploads\/2020\/08\/edificio_cabrera25-150x150.jpg 150w, https:\/\/www.arquimaster.com.ar\/web\/wp-content\/uploads\/2020\/08\/edificio_cabrera25-1024x1024.jpg 1024w, https:\/\/www.arquimaster.com.ar\/web\/wp-content\/uploads\/2020\/08\/edificio_cabrera25-768x768.jpg 768w, https:\/\/www.arquimaster.com.ar\/web\/wp-content\/uploads\/2020\/08\/edificio_cabrera25.jpg 1500w\" sizes=\"auto, (max-width: 150px) 100vw, 150px\" \/><\/a>\n\t\t\t<\/div>\n\t\t\t\t<figcaption class='wp-caption-text gallery-caption' id='gallery-1-58565'>\n\t\t\t\tEdificio Cabrera \/ German Hauser, Daniela Ziblat (planta de techos)\n\t\t\t\t<\/figcaption><\/figure><figure class='gallery-item'>\n\t\t\t<div class='gallery-icon landscape'>\n\t\t\t\t<a href='https:\/\/www.arquimaster.com.ar\/web\/wp-content\/uploads\/2020\/08\/edificio_cabrera26.jpg' title=\"Edificio Cabrera \/ German Hauser, Daniela Ziblat (corte)\" data-rl_title=\"Edificio Cabrera \/ German Hauser, Daniela Ziblat (corte)\" class=\"rl-gallery-link\" data-rl_caption=\"Edificio Cabrera \/ German Hauser, Daniela Ziblat (corte)\" data-rel=\"lightbox-gallery-1\"><img loading=\"lazy\" decoding=\"async\" width=\"150\" height=\"150\" src=\"https:\/\/www.arquimaster.com.ar\/web\/wp-content\/uploads\/2020\/08\/edificio_cabrera26-150x150.jpg\" class=\"attachment-thumbnail size-thumbnail\" alt=\"\" aria-describedby=\"gallery-1-58566\" srcset=\"https:\/\/www.arquimaster.com.ar\/web\/wp-content\/uploads\/2020\/08\/edificio_cabrera26-150x150.jpg 150w, https:\/\/www.arquimaster.com.ar\/web\/wp-content\/uploads\/2020\/08\/edificio_cabrera26-1024x1024.jpg 1024w, https:\/\/www.arquimaster.com.ar\/web\/wp-content\/uploads\/2020\/08\/edificio_cabrera26-768x768.jpg 768w, https:\/\/www.arquimaster.com.ar\/web\/wp-content\/uploads\/2020\/08\/edificio_cabrera26.jpg 1500w\" sizes=\"auto, (max-width: 150px) 100vw, 150px\" \/><\/a>\n\t\t\t<\/div>\n\t\t\t\t<figcaption class='wp-caption-text gallery-caption' id='gallery-1-58566'>\n\t\t\t\tEdificio Cabrera \/ German Hauser, Daniela Ziblat (corte)\n\t\t\t\t<\/figcaption><\/figure><figure class='gallery-item'>\n\t\t\t<div class='gallery-icon landscape'>\n\t\t\t\t<a href='https:\/\/www.arquimaster.com.ar\/web\/wp-content\/uploads\/2020\/08\/edificio_cabrera27.jpg' title=\"Edificio Cabrera \/ German Hauser, Daniela Ziblat (implantacion)\" data-rl_title=\"Edificio Cabrera \/ German Hauser, Daniela Ziblat (implantacion)\" class=\"rl-gallery-link\" data-rl_caption=\"Edificio Cabrera \/ German Hauser, Daniela Ziblat (implantacion)\" data-rel=\"lightbox-gallery-1\"><img loading=\"lazy\" decoding=\"async\" width=\"150\" height=\"150\" src=\"https:\/\/www.arquimaster.com.ar\/web\/wp-content\/uploads\/2020\/08\/edificio_cabrera27-150x150.jpg\" class=\"attachment-thumbnail size-thumbnail\" alt=\"\" aria-describedby=\"gallery-1-58567\" srcset=\"https:\/\/www.arquimaster.com.ar\/web\/wp-content\/uploads\/2020\/08\/edificio_cabrera27-150x150.jpg 150w, https:\/\/www.arquimaster.com.ar\/web\/wp-content\/uploads\/2020\/08\/edificio_cabrera27-1024x1024.jpg 1024w, https:\/\/www.arquimaster.com.ar\/web\/wp-content\/uploads\/2020\/08\/edificio_cabrera27-768x768.jpg 768w, https:\/\/www.arquimaster.com.ar\/web\/wp-content\/uploads\/2020\/08\/edificio_cabrera27.jpg 1500w\" sizes=\"auto, (max-width: 150px) 100vw, 150px\" \/><\/a>\n\t\t\t<\/div>\n\t\t\t\t<figcaption class='wp-caption-text gallery-caption' id='gallery-1-58567'>\n\t\t\t\tEdificio Cabrera \/ German Hauser, Daniela Ziblat (implantacion)\n\t\t\t\t<\/figcaption><\/figure><figure class='gallery-item'>\n\t\t\t<div class='gallery-icon landscape'>\n\t\t\t\t<a href='https:\/\/www.arquimaster.com.ar\/web\/wp-content\/uploads\/2020\/08\/edificio_cabrera28.jpg' title=\"Edificio Cabrera \/ German Hauser, Daniela Ziblat (maqueta 3D)\" data-rl_title=\"Edificio Cabrera \/ German Hauser, Daniela Ziblat (maqueta 3D)\" class=\"rl-gallery-link\" data-rl_caption=\"Edificio Cabrera \/ German Hauser, Daniela Ziblat (maqueta 3D)\" data-rel=\"lightbox-gallery-1\"><img loading=\"lazy\" decoding=\"async\" width=\"150\" height=\"150\" src=\"https:\/\/www.arquimaster.com.ar\/web\/wp-content\/uploads\/2020\/08\/edificio_cabrera28-150x150.jpg\" class=\"attachment-thumbnail size-thumbnail\" alt=\"\" aria-describedby=\"gallery-1-58568\" srcset=\"https:\/\/www.arquimaster.com.ar\/web\/wp-content\/uploads\/2020\/08\/edificio_cabrera28-150x150.jpg 150w, https:\/\/www.arquimaster.com.ar\/web\/wp-content\/uploads\/2020\/08\/edificio_cabrera28-1024x1024.jpg 1024w, https:\/\/www.arquimaster.com.ar\/web\/wp-content\/uploads\/2020\/08\/edificio_cabrera28-768x768.jpg 768w, https:\/\/www.arquimaster.com.ar\/web\/wp-content\/uploads\/2020\/08\/edificio_cabrera28.jpg 1500w\" sizes=\"auto, (max-width: 150px) 100vw, 150px\" \/><\/a>\n\t\t\t<\/div>\n\t\t\t\t<figcaption class='wp-caption-text gallery-caption' id='gallery-1-58568'>\n\t\t\t\tEdificio Cabrera \/ German Hauser, Daniela Ziblat (maqueta 3D)\n\t\t\t\t<\/figcaption><\/figure>\n\t\t<\/div>\n\n<p>Si bien el proyecto se desarrolla entre medianeras, al este del lote cuenta con una peque\u00f1a torre vecina. Esta situaci\u00f3n nos plante\u00f3 el desaf\u00edo de integrar el volumen al tejido de la manzana dot\u00e1ndolo de un lenguaje de semitorre. En este sentido, hemos trabajado procurando lograr cierta tensi\u00f3n entre las vistas frente, contrafrente y la vista lateral (en este caso Sur-Norte y Este respectivamente).<\/p>\n<p>De este modo, el edificio en su parte posterior cuenta con unidades que no s\u00f3lo orientan al contrafrente, sino que \u00abesp\u00edan\u00bb por detr\u00e1s del edificio lindero buscando una vista larga hacia el Este.<\/p>\n<p>Hemos procurado dotar al edificio de un lenguaje contempor\u00e1neo y simple que aporte cierta calma en un sector de la ciudad absolutamente heterog\u00e9neo en sus volumetr\u00edas, producto de la gran transformaci\u00f3n que el barrio est\u00e1 atravesando.<\/p>\n<p>Con el fin de brindar un alto grado de libertad en su organizaci\u00f3n interior, hemos desarrollado tipolog\u00edas que permiten diversas configuraciones, adapt\u00e1ndose a las diversas formas de apropiaci\u00f3n del espacio por parte de los habitantes.<\/p>\n<p>Por su parte, el edificio presenta un tratamiento particular de sus bordes que, por medio de un sistema formado por estructura, carpinter\u00edas y barandas, plantea un juego sutil de texturas, luces y sombras que enriquecen la relaci\u00f3n interior-exterior.<\/p>\n<p><strong>Ficha tecnica<\/strong><br>Nombre: Edificio Cabrera<br>Ubicaci\u00f3n: Palermo, Ciudad de Buenos Aires, Argentina<br>Autores: Arq. German Hauser, Arq. Daniela Ziblat<br>Anteproyecto + Proyecto Ejecutivo: Hauser Oficina de Arquitectura<br>Equipo de proyecto: Arq. Mart\u00edn Dumas, Arq. Brenda Levi, Arq. Mariana Zylberman, Arq. Sofia Superti<br>Direcci\u00f3n de Obra: Hauser Oficina de Arquitectura, Arq. Daniela Ziblat.<br>Estudio Rsk: Ing. Claudio Rosujovsky, Ing. Diego Vizzon<br>Instalaci\u00f3n El\u00e9ctrica e Iluminaci\u00f3n: Ing. Claudio Cabanas<br>Instalaciones Sanitarias, Gas e Incendio: Ing. Carlos Talarico<br>Comitente: Erdo SA<br>Empresa Constructora: Erdo SA<br>Programa: Viviendas y estudios para estudiantes universitarios<br>Superficie: 2.153 m2<br>Fecha de inicio y finalizaci\u00f3n: 2008-2010<br>Reconocmientos: Seleccionado Convocatoria Obra Reciente Sociedad Central de Arquitectos, a\u00f1o 2012<\/p>\n<p><strong>Contacto<\/strong><br><a href=\"http:\/\/hauser.site\/arq\" target=\"_blank\" rel=\"noopener noreferrer\">http:\/\/hauser.site\/arq<\/a><br>Instagram: @hauser.arq<\/p>\n\n\n<div style=\"height:20px\" aria-hidden=\"true\" class=\"wp-block-spacer\"><\/div>\n\n\n<p><strong><em>English version<\/em><\/strong><\/p>\n<p><em>The Cabrera building is located in the Autonomous City of Buenos Aires, in the district of Palermo, in an area that is particularly burgeoning with University schools, that is why it has been conceived as a residential building that will be inhabited mainly by college students.<\/em><\/p>\n<p><em>Even though the project is designed between party walls, to the east there is a small neighboring tower. This situation posed us with the challenge of integrating it to the fabric of the city block using a semi-detached building language. In this light, we have sought a certain tension between the front, the rear and lateral fa\u00e7ades (south-North, and east fa\u00e7ades, respectively). In this way, the back-facing apartments offer a rear view, but they also \u00abspy\u00bb behind the neighboring building in search of an extended view towards the east.<\/em><\/p>\n<p><em>We have sought to provide this building with a contemporary and simple language that can bring certain calmness to an area of the city that is absolutely heterogeneous in terms of volumetry as a consequence of the great transformation the district is undergoing.<\/em><\/p>\n<p><em>In order to give a great degree of freedom to its interior, we have developed typologies that allow for different configurations that can adapt to the different ways in which dwellers decide to make each unit their own.<\/em><\/p>\n<p><em>On the other hand, the building has a special treatment of its edges. By means of a system of structure, openings and handrails, it proposes a subtle play of textures, shadows and light that enrich the interior-exterior relation.<\/em><\/p>\n<div style=\"font-size: 0px; height: 0px; line-height: 0px; margin: 0; padding: 0; clear: both;\"><\/div><div style=\"margin-top: 0px; margin-bottom: 0px;\" class=\"sharethis-inline-share-buttons\" ><\/div>","protected":false},"excerpt":{"rendered":"<p>Las tipologias permiten diversas configuraciones y brindan un alto grado de libertad&#8230;<\/p>\n","protected":false},"author":1,"featured_media":58540,"comment_status":"closed","ping_status":"closed","sticky":false,"template":"","format":"standard","meta":{"_uag_custom_page_level_css":"","footnotes":""},"categories":[80,1],"tags":[16,6011,87,6010,6013,6012,297,5539,91],"class_list":["post-58539","post","type-post","status-publish","format-standard","has-post-thumbnail","hentry","category-edificio-viviendas","category-proyecto","tag-buenos-aires","tag-daniela-ziblat","tag-edificio-de-viviendas","tag-german-hauser","tag-hauser","tag-hauser-oficina-de-arquitectura","tag-palermo","tag-vivienda-colectiva","tag-vivienda-multifamiliar","generate-columns","tablet-grid-50","mobile-grid-100","grid-parent","grid-50"],"yoast_head":"<!-- This site is optimized with the Yoast SEO plugin v27.3 - https:\/\/yoast.com\/product\/yoast-seo-wordpress\/ -->\n<title>Edificio Cabrera \/ German Hauser, Daniela Ziblat - Arquimaster<\/title>\n<meta name=\"description\" content=\"Con el fin de brindar un alto grado de libertad en su organizaci\u00f3n interior, se han desarrollado tipolog\u00edas que permiten diversas configuraciones.\" \/>\n<meta name=\"robots\" content=\"index, follow, max-snippet:-1, max-image-preview:large, max-video-preview:-1\" \/>\n<link rel=\"canonical\" href=\"https:\/\/www.arquimaster.com.ar\/web\/edificio-cabrera-german-hauser-daniela-ziblat\/\" \/>\n<meta property=\"og:locale\" content=\"es_ES\" \/>\n<meta property=\"og:type\" content=\"article\" \/>\n<meta property=\"og:title\" content=\"Edificio Cabrera \/ German Hauser, Daniela Ziblat\" \/>\n<meta property=\"og:description\" content=\"Con el fin de brindar un alto grado de libertad en su organizaci\u00f3n interior, se han desarrollado tipolog\u00edas que permiten diversas configuraciones.\" \/>\n<meta property=\"og:url\" content=\"https:\/\/www.arquimaster.com.ar\/web\/edificio-cabrera-german-hauser-daniela-ziblat\/\" \/>\n<meta property=\"og:site_name\" content=\"Arquimaster\" \/>\n<meta property=\"article:publisher\" content=\"http:\/\/www.facebook.com\/ARQUIMASTER.com.ar\" \/>\n<meta property=\"article:published_time\" content=\"2020-08-20T20:00:16+00:00\" \/>\n<meta property=\"article:modified_time\" content=\"2020-09-03T17:18:51+00:00\" \/>\n<meta property=\"og:image\" content=\"https:\/\/www.arquimaster.com.ar\/web\/wp-content\/uploads\/2020\/08\/edificio_cabrera_slide.jpg\" \/>\n\t<meta property=\"og:image:width\" content=\"698\" \/>\n\t<meta property=\"og:image:height\" content=\"364\" \/>\n\t<meta property=\"og:image:type\" content=\"image\/jpeg\" \/>\n<meta name=\"author\" content=\"Arquimaster\" \/>\n<meta name=\"twitter:card\" content=\"summary_large_image\" \/>\n<meta name=\"twitter:title\" content=\"Edificio Cabrera \/ German Hauser, Daniela Ziblat\" \/>\n<meta name=\"twitter:description\" content=\"Con el fin de brindar un alto grado de libertad en su organizaci\u00f3n interior, se han desarrollado tipolog\u00edas que permiten diversas configuraciones.\" \/>\n<meta name=\"twitter:image\" content=\"https:\/\/www.arquimaster.com.ar\/web\/wp-content\/uploads\/2020\/08\/edificio_cabrera_slide.jpg\" \/>\n<meta name=\"twitter:creator\" content=\"@arquimaster\" \/>\n<meta name=\"twitter:site\" content=\"@arquimaster\" \/>\n<meta name=\"twitter:label1\" content=\"Escrito por\" \/>\n\t<meta name=\"twitter:data1\" content=\"Arquimaster\" \/>\n\t<meta name=\"twitter:label2\" content=\"Tiempo de lectura\" \/>\n\t<meta name=\"twitter:data2\" content=\"3 minutos\" \/>\n<script type=\"application\/ld+json\" class=\"yoast-schema-graph\">{\"@context\":\"https:\\\/\\\/schema.org\",\"@graph\":[{\"@type\":\"Article\",\"@id\":\"https:\\\/\\\/www.arquimaster.com.ar\\\/web\\\/edificio-cabrera-german-hauser-daniela-ziblat\\\/#article\",\"isPartOf\":{\"@id\":\"https:\\\/\\\/www.arquimaster.com.ar\\\/web\\\/edificio-cabrera-german-hauser-daniela-ziblat\\\/\"},\"author\":{\"name\":\"Arquimaster\",\"@id\":\"https:\\\/\\\/www.arquimaster.com.ar\\\/web\\\/#\\\/schema\\\/person\\\/359e9f7c00193fcde068e0dd2ceb0028\"},\"headline\":\"Edificio Cabrera \\\/ German Hauser, Daniela Ziblat\",\"datePublished\":\"2020-08-20T20:00:16+00:00\",\"dateModified\":\"2020-09-03T17:18:51+00:00\",\"mainEntityOfPage\":{\"@id\":\"https:\\\/\\\/www.arquimaster.com.ar\\\/web\\\/edificio-cabrera-german-hauser-daniela-ziblat\\\/\"},\"wordCount\":665,\"publisher\":{\"@id\":\"https:\\\/\\\/www.arquimaster.com.ar\\\/web\\\/#organization\"},\"image\":{\"@id\":\"https:\\\/\\\/www.arquimaster.com.ar\\\/web\\\/edificio-cabrera-german-hauser-daniela-ziblat\\\/#primaryimage\"},\"thumbnailUrl\":\"https:\\\/\\\/www.arquimaster.com.ar\\\/web\\\/wp-content\\\/uploads\\\/2020\\\/08\\\/edificio_cabrera_slide.jpg\",\"keywords\":[\"Buenos Aires\",\"Daniela Ziblat\",\"edificio de viviendas\",\"German Hauser\",\"Hauser\",\"Hauser Oficina de Arquitectura\",\"Palermo\",\"vivienda colectiva\",\"vivienda multifamiliar\"],\"articleSection\":[\"Edificios de viviendas\",\"Proyecto\"],\"inLanguage\":\"es\"},{\"@type\":\"WebPage\",\"@id\":\"https:\\\/\\\/www.arquimaster.com.ar\\\/web\\\/edificio-cabrera-german-hauser-daniela-ziblat\\\/\",\"url\":\"https:\\\/\\\/www.arquimaster.com.ar\\\/web\\\/edificio-cabrera-german-hauser-daniela-ziblat\\\/\",\"name\":\"Edificio Cabrera \\\/ German Hauser, Daniela Ziblat - Arquimaster\",\"isPartOf\":{\"@id\":\"https:\\\/\\\/www.arquimaster.com.ar\\\/web\\\/#website\"},\"primaryImageOfPage\":{\"@id\":\"https:\\\/\\\/www.arquimaster.com.ar\\\/web\\\/edificio-cabrera-german-hauser-daniela-ziblat\\\/#primaryimage\"},\"image\":{\"@id\":\"https:\\\/\\\/www.arquimaster.com.ar\\\/web\\\/edificio-cabrera-german-hauser-daniela-ziblat\\\/#primaryimage\"},\"thumbnailUrl\":\"https:\\\/\\\/www.arquimaster.com.ar\\\/web\\\/wp-content\\\/uploads\\\/2020\\\/08\\\/edificio_cabrera_slide.jpg\",\"datePublished\":\"2020-08-20T20:00:16+00:00\",\"dateModified\":\"2020-09-03T17:18:51+00:00\",\"description\":\"Con el fin de brindar un alto grado de libertad en su organizaci\u00f3n interior, se han desarrollado tipolog\u00edas que permiten diversas configuraciones.\",\"breadcrumb\":{\"@id\":\"https:\\\/\\\/www.arquimaster.com.ar\\\/web\\\/edificio-cabrera-german-hauser-daniela-ziblat\\\/#breadcrumb\"},\"inLanguage\":\"es\",\"potentialAction\":[{\"@type\":\"ReadAction\",\"target\":[\"https:\\\/\\\/www.arquimaster.com.ar\\\/web\\\/edificio-cabrera-german-hauser-daniela-ziblat\\\/\"]}]},{\"@type\":\"ImageObject\",\"inLanguage\":\"es\",\"@id\":\"https:\\\/\\\/www.arquimaster.com.ar\\\/web\\\/edificio-cabrera-german-hauser-daniela-ziblat\\\/#primaryimage\",\"url\":\"https:\\\/\\\/www.arquimaster.com.ar\\\/web\\\/wp-content\\\/uploads\\\/2020\\\/08\\\/edificio_cabrera_slide.jpg\",\"contentUrl\":\"https:\\\/\\\/www.arquimaster.com.ar\\\/web\\\/wp-content\\\/uploads\\\/2020\\\/08\\\/edificio_cabrera_slide.jpg\",\"width\":698,\"height\":364},{\"@type\":\"BreadcrumbList\",\"@id\":\"https:\\\/\\\/www.arquimaster.com.ar\\\/web\\\/edificio-cabrera-german-hauser-daniela-ziblat\\\/#breadcrumb\",\"itemListElement\":[{\"@type\":\"ListItem\",\"position\":1,\"name\":\"Portada\",\"item\":\"https:\\\/\\\/www.arquimaster.com.ar\\\/web\\\/\"},{\"@type\":\"ListItem\",\"position\":2,\"name\":\"Edificio Cabrera \\\/ German Hauser, Daniela Ziblat\"}]},{\"@type\":\"WebSite\",\"@id\":\"https:\\\/\\\/www.arquimaster.com.ar\\\/web\\\/#website\",\"url\":\"https:\\\/\\\/www.arquimaster.com.ar\\\/web\\\/\",\"name\":\"Arquimaster\",\"description\":\"Web de arquitectura, dise\u00f1o y construccion\",\"publisher\":{\"@id\":\"https:\\\/\\\/www.arquimaster.com.ar\\\/web\\\/#organization\"},\"potentialAction\":[{\"@type\":\"SearchAction\",\"target\":{\"@type\":\"EntryPoint\",\"urlTemplate\":\"https:\\\/\\\/www.arquimaster.com.ar\\\/web\\\/?s={search_term_string}\"},\"query-input\":{\"@type\":\"PropertyValueSpecification\",\"valueRequired\":true,\"valueName\":\"search_term_string\"}}],\"inLanguage\":\"es\"},{\"@type\":\"Organization\",\"@id\":\"https:\\\/\\\/www.arquimaster.com.ar\\\/web\\\/#organization\",\"name\":\"Arquimaster\",\"url\":\"https:\\\/\\\/www.arquimaster.com.ar\\\/web\\\/\",\"logo\":{\"@type\":\"ImageObject\",\"inLanguage\":\"es\",\"@id\":\"https:\\\/\\\/www.arquimaster.com.ar\\\/web\\\/#\\\/schema\\\/logo\\\/image\\\/\",\"url\":\"https:\\\/\\\/www.arquimaster.com.ar\\\/web\\\/wp-content\\\/uploads\\\/2022\\\/06\\\/arquimaster.png\",\"contentUrl\":\"https:\\\/\\\/www.arquimaster.com.ar\\\/web\\\/wp-content\\\/uploads\\\/2022\\\/06\\\/arquimaster.png\",\"width\":594,\"height\":78,\"caption\":\"Arquimaster\"},\"image\":{\"@id\":\"https:\\\/\\\/www.arquimaster.com.ar\\\/web\\\/#\\\/schema\\\/logo\\\/image\\\/\"},\"sameAs\":[\"http:\\\/\\\/www.facebook.com\\\/ARQUIMASTER.com.ar\",\"https:\\\/\\\/x.com\\\/arquimaster\",\"https:\\\/\\\/www.instagram.com\\\/arquimasterblog\\\/\",\"https:\\\/\\\/www.linkedin.com\\\/company\\\/arquimaster\",\"https:\\\/\\\/www.pinterest.com\\\/arquimaster\",\"https:\\\/\\\/t.me\\\/arquimaster\"]},{\"@type\":\"Person\",\"@id\":\"https:\\\/\\\/www.arquimaster.com.ar\\\/web\\\/#\\\/schema\\\/person\\\/359e9f7c00193fcde068e0dd2ceb0028\",\"name\":\"Arquimaster\"}]}<\/script>\n<!-- \/ Yoast SEO plugin. -->","yoast_head_json":{"title":"Edificio Cabrera \/ German Hauser, Daniela Ziblat - Arquimaster","description":"Con el fin de brindar un alto grado de libertad en su organizaci\u00f3n interior, se han desarrollado tipolog\u00edas que permiten diversas configuraciones.","robots":{"index":"index","follow":"follow","max-snippet":"max-snippet:-1","max-image-preview":"max-image-preview:large","max-video-preview":"max-video-preview:-1"},"canonical":"https:\/\/www.arquimaster.com.ar\/web\/edificio-cabrera-german-hauser-daniela-ziblat\/","og_locale":"es_ES","og_type":"article","og_title":"Edificio Cabrera \/ German Hauser, Daniela Ziblat","og_description":"Con el fin de brindar un alto grado de libertad en su organizaci\u00f3n interior, se han desarrollado tipolog\u00edas que permiten diversas configuraciones.","og_url":"https:\/\/www.arquimaster.com.ar\/web\/edificio-cabrera-german-hauser-daniela-ziblat\/","og_site_name":"Arquimaster","article_publisher":"http:\/\/www.facebook.com\/ARQUIMASTER.com.ar","article_published_time":"2020-08-20T20:00:16+00:00","article_modified_time":"2020-09-03T17:18:51+00:00","og_image":[{"width":698,"height":364,"url":"https:\/\/www.arquimaster.com.ar\/web\/wp-content\/uploads\/2020\/08\/edificio_cabrera_slide.jpg","type":"image\/jpeg"}],"author":"Arquimaster","twitter_card":"summary_large_image","twitter_title":"Edificio Cabrera \/ German Hauser, Daniela Ziblat","twitter_description":"Con el fin de brindar un alto grado de libertad en su organizaci\u00f3n interior, se han desarrollado tipolog\u00edas que permiten diversas configuraciones.","twitter_image":"https:\/\/www.arquimaster.com.ar\/web\/wp-content\/uploads\/2020\/08\/edificio_cabrera_slide.jpg","twitter_creator":"@arquimaster","twitter_site":"@arquimaster","twitter_misc":{"Escrito por":"Arquimaster","Tiempo de lectura":"3 minutos"},"schema":{"@context":"https:\/\/schema.org","@graph":[{"@type":"Article","@id":"https:\/\/www.arquimaster.com.ar\/web\/edificio-cabrera-german-hauser-daniela-ziblat\/#article","isPartOf":{"@id":"https:\/\/www.arquimaster.com.ar\/web\/edificio-cabrera-german-hauser-daniela-ziblat\/"},"author":{"name":"Arquimaster","@id":"https:\/\/www.arquimaster.com.ar\/web\/#\/schema\/person\/359e9f7c00193fcde068e0dd2ceb0028"},"headline":"Edificio Cabrera \/ German Hauser, Daniela Ziblat","datePublished":"2020-08-20T20:00:16+00:00","dateModified":"2020-09-03T17:18:51+00:00","mainEntityOfPage":{"@id":"https:\/\/www.arquimaster.com.ar\/web\/edificio-cabrera-german-hauser-daniela-ziblat\/"},"wordCount":665,"publisher":{"@id":"https:\/\/www.arquimaster.com.ar\/web\/#organization"},"image":{"@id":"https:\/\/www.arquimaster.com.ar\/web\/edificio-cabrera-german-hauser-daniela-ziblat\/#primaryimage"},"thumbnailUrl":"https:\/\/www.arquimaster.com.ar\/web\/wp-content\/uploads\/2020\/08\/edificio_cabrera_slide.jpg","keywords":["Buenos Aires","Daniela Ziblat","edificio de viviendas","German Hauser","Hauser","Hauser Oficina de Arquitectura","Palermo","vivienda colectiva","vivienda multifamiliar"],"articleSection":["Edificios de viviendas","Proyecto"],"inLanguage":"es"},{"@type":"WebPage","@id":"https:\/\/www.arquimaster.com.ar\/web\/edificio-cabrera-german-hauser-daniela-ziblat\/","url":"https:\/\/www.arquimaster.com.ar\/web\/edificio-cabrera-german-hauser-daniela-ziblat\/","name":"Edificio Cabrera \/ German Hauser, Daniela Ziblat - Arquimaster","isPartOf":{"@id":"https:\/\/www.arquimaster.com.ar\/web\/#website"},"primaryImageOfPage":{"@id":"https:\/\/www.arquimaster.com.ar\/web\/edificio-cabrera-german-hauser-daniela-ziblat\/#primaryimage"},"image":{"@id":"https:\/\/www.arquimaster.com.ar\/web\/edificio-cabrera-german-hauser-daniela-ziblat\/#primaryimage"},"thumbnailUrl":"https:\/\/www.arquimaster.com.ar\/web\/wp-content\/uploads\/2020\/08\/edificio_cabrera_slide.jpg","datePublished":"2020-08-20T20:00:16+00:00","dateModified":"2020-09-03T17:18:51+00:00","description":"Con el fin de brindar un alto grado de libertad en su organizaci\u00f3n interior, se han desarrollado tipolog\u00edas que permiten diversas configuraciones.","breadcrumb":{"@id":"https:\/\/www.arquimaster.com.ar\/web\/edificio-cabrera-german-hauser-daniela-ziblat\/#breadcrumb"},"inLanguage":"es","potentialAction":[{"@type":"ReadAction","target":["https:\/\/www.arquimaster.com.ar\/web\/edificio-cabrera-german-hauser-daniela-ziblat\/"]}]},{"@type":"ImageObject","inLanguage":"es","@id":"https:\/\/www.arquimaster.com.ar\/web\/edificio-cabrera-german-hauser-daniela-ziblat\/#primaryimage","url":"https:\/\/www.arquimaster.com.ar\/web\/wp-content\/uploads\/2020\/08\/edificio_cabrera_slide.jpg","contentUrl":"https:\/\/www.arquimaster.com.ar\/web\/wp-content\/uploads\/2020\/08\/edificio_cabrera_slide.jpg","width":698,"height":364},{"@type":"BreadcrumbList","@id":"https:\/\/www.arquimaster.com.ar\/web\/edificio-cabrera-german-hauser-daniela-ziblat\/#breadcrumb","itemListElement":[{"@type":"ListItem","position":1,"name":"Portada","item":"https:\/\/www.arquimaster.com.ar\/web\/"},{"@type":"ListItem","position":2,"name":"Edificio Cabrera \/ German Hauser, Daniela Ziblat"}]},{"@type":"WebSite","@id":"https:\/\/www.arquimaster.com.ar\/web\/#website","url":"https:\/\/www.arquimaster.com.ar\/web\/","name":"Arquimaster","description":"Web de arquitectura, dise\u00f1o y construccion","publisher":{"@id":"https:\/\/www.arquimaster.com.ar\/web\/#organization"},"potentialAction":[{"@type":"SearchAction","target":{"@type":"EntryPoint","urlTemplate":"https:\/\/www.arquimaster.com.ar\/web\/?s={search_term_string}"},"query-input":{"@type":"PropertyValueSpecification","valueRequired":true,"valueName":"search_term_string"}}],"inLanguage":"es"},{"@type":"Organization","@id":"https:\/\/www.arquimaster.com.ar\/web\/#organization","name":"Arquimaster","url":"https:\/\/www.arquimaster.com.ar\/web\/","logo":{"@type":"ImageObject","inLanguage":"es","@id":"https:\/\/www.arquimaster.com.ar\/web\/#\/schema\/logo\/image\/","url":"https:\/\/www.arquimaster.com.ar\/web\/wp-content\/uploads\/2022\/06\/arquimaster.png","contentUrl":"https:\/\/www.arquimaster.com.ar\/web\/wp-content\/uploads\/2022\/06\/arquimaster.png","width":594,"height":78,"caption":"Arquimaster"},"image":{"@id":"https:\/\/www.arquimaster.com.ar\/web\/#\/schema\/logo\/image\/"},"sameAs":["http:\/\/www.facebook.com\/ARQUIMASTER.com.ar","https:\/\/x.com\/arquimaster","https:\/\/www.instagram.com\/arquimasterblog\/","https:\/\/www.linkedin.com\/company\/arquimaster","https:\/\/www.pinterest.com\/arquimaster","https:\/\/t.me\/arquimaster"]},{"@type":"Person","@id":"https:\/\/www.arquimaster.com.ar\/web\/#\/schema\/person\/359e9f7c00193fcde068e0dd2ceb0028","name":"Arquimaster"}]}},"uagb_featured_image_src":{"full":["https:\/\/www.arquimaster.com.ar\/web\/wp-content\/uploads\/2020\/08\/edificio_cabrera_slide.jpg",698,364,false],"thumbnail":["https:\/\/www.arquimaster.com.ar\/web\/wp-content\/uploads\/2020\/08\/edificio_cabrera_slide-150x150.jpg",150,150,true],"medium":["https:\/\/www.arquimaster.com.ar\/web\/wp-content\/uploads\/2020\/08\/edificio_cabrera_slide.jpg",698,364,false],"medium_large":["https:\/\/www.arquimaster.com.ar\/web\/wp-content\/uploads\/2020\/08\/edificio_cabrera_slide.jpg",698,364,false],"large":["https:\/\/www.arquimaster.com.ar\/web\/wp-content\/uploads\/2020\/08\/edificio_cabrera_slide.jpg",698,364,false],"1536x1536":["https:\/\/www.arquimaster.com.ar\/web\/wp-content\/uploads\/2020\/08\/edificio_cabrera_slide.jpg",698,364,false],"2048x2048":["https:\/\/www.arquimaster.com.ar\/web\/wp-content\/uploads\/2020\/08\/edificio_cabrera_slide.jpg",698,364,false]},"uagb_author_info":{"display_name":"Arquimaster","author_link":"https:\/\/www.arquimaster.com.ar\/web\/author\/arquimaster\/"},"uagb_comment_info":0,"uagb_excerpt":"Las tipologias permiten diversas configuraciones y brindan un alto grado de libertad...","_links":{"self":[{"href":"https:\/\/www.arquimaster.com.ar\/web\/wp-json\/wp\/v2\/posts\/58539","targetHints":{"allow":["GET"]}}],"collection":[{"href":"https:\/\/www.arquimaster.com.ar\/web\/wp-json\/wp\/v2\/posts"}],"about":[{"href":"https:\/\/www.arquimaster.com.ar\/web\/wp-json\/wp\/v2\/types\/post"}],"author":[{"embeddable":true,"href":"https:\/\/www.arquimaster.com.ar\/web\/wp-json\/wp\/v2\/users\/1"}],"replies":[{"embeddable":true,"href":"https:\/\/www.arquimaster.com.ar\/web\/wp-json\/wp\/v2\/comments?post=58539"}],"version-history":[{"count":2,"href":"https:\/\/www.arquimaster.com.ar\/web\/wp-json\/wp\/v2\/posts\/58539\/revisions"}],"predecessor-version":[{"id":58570,"href":"https:\/\/www.arquimaster.com.ar\/web\/wp-json\/wp\/v2\/posts\/58539\/revisions\/58570"}],"wp:featuredmedia":[{"embeddable":true,"href":"https:\/\/www.arquimaster.com.ar\/web\/wp-json\/wp\/v2\/media\/58540"}],"wp:attachment":[{"href":"https:\/\/www.arquimaster.com.ar\/web\/wp-json\/wp\/v2\/media?parent=58539"}],"wp:term":[{"taxonomy":"category","embeddable":true,"href":"https:\/\/www.arquimaster.com.ar\/web\/wp-json\/wp\/v2\/categories?post=58539"},{"taxonomy":"post_tag","embeddable":true,"href":"https:\/\/www.arquimaster.com.ar\/web\/wp-json\/wp\/v2\/tags?post=58539"}],"curies":[{"name":"wp","href":"https:\/\/api.w.org\/{rel}","templated":true}]}}