{"id":58854,"date":"2020-08-26T17:27:05","date_gmt":"2020-08-26T20:27:05","guid":{"rendered":"https:\/\/www.arquimaster.com.ar\/web\/?p=58854"},"modified":"2020-09-08T13:32:18","modified_gmt":"2020-09-08T16:32:18","slug":"una-casa-german-hauser-daniela-ziblat","status":"publish","type":"post","link":"https:\/\/www.arquimaster.com.ar\/web\/una-casa-german-hauser-daniela-ziblat\/","title":{"rendered":"Una Casa \/ Germ\u00e1n Hauser, Daniela Ziblat"},"content":{"rendered":"<div style=\"margin-top: 0px; margin-bottom: 0px;\" class=\"sharethis-inline-share-buttons\" ><\/div><div class=\"b812932af2e751442846f039925109de\" data-index=\"1\" style=\"float: none; margin:25px 0 25px 0; text-align:center;\">\n<script async src=\"https:\/\/pagead2.googlesyndication.com\/pagead\/js\/adsbygoogle.js\"><\/script>\r\n<!-- Arquimaster (superior) -->\r\n<ins class=\"adsbygoogle\"\r\n     style=\"display:block\"\r\n     data-ad-client=\"ca-pub-6351072698456832\"\r\n     data-ad-slot=\"6455489680\"\r\n     data-ad-format=\"auto\"\r\n     data-full-width-responsive=\"true\"><\/ins>\r\n<script>\r\n     (adsbygoogle = window.adsbygoogle || []).push({});\r\n<\/script>\n<\/div>\n<p><strong>Vivienda unifamiliar industrializada Una Casa<\/strong> (Locaciones varias, Argentina) por <strong>Germ\u00e1n Hauser, Daniela Ziblat<\/strong>. Entendemos una casa como una extensi\u00f3n del ser humano. Una vivienda. Un espacio en el que se vive en el m\u00e1s amplio sentido del t\u00e9rmino. Un lugar donde se siente. Donde uno se conecta con sus seres queridos, con uno mismo, con la vida. Un lugar \u00edntimo. Un lugar que debe ser habitado. Apropiado. Una casa debe ser ese lugar al que se desee volver. Ese lugar que nos identifique, que nos haga sentir completos.<\/p>\n<div id='gallery-1' class='gallery galleryid-58854 gallery-columns-3 gallery-size-thumbnail'><figure class='gallery-item'>\n\t\t\t<div class='gallery-icon landscape'>\n\t\t\t\t<a href='https:\/\/www.arquimaster.com.ar\/web\/wp-content\/uploads\/2020\/08\/una_casa1.jpg' title=\"Una Casa \/ Germ\u00e1n Hauser, Daniela Ziblat\" data-rl_title=\"Una Casa \/ Germ\u00e1n Hauser, Daniela Ziblat\" class=\"rl-gallery-link\" data-rl_caption=\"Una Casa \/ Germ\u00e1n Hauser, Daniela Ziblat\" data-rel=\"lightbox-gallery-1\"><img loading=\"lazy\" decoding=\"async\" width=\"150\" height=\"150\" src=\"https:\/\/www.arquimaster.com.ar\/web\/wp-content\/uploads\/2020\/08\/una_casa1-150x150.jpg\" class=\"attachment-thumbnail size-thumbnail\" alt=\"\" aria-describedby=\"gallery-1-58857\" srcset=\"https:\/\/www.arquimaster.com.ar\/web\/wp-content\/uploads\/2020\/08\/una_casa1-150x150.jpg 150w, https:\/\/www.arquimaster.com.ar\/web\/wp-content\/uploads\/2020\/08\/una_casa1-1024x1024.jpg 1024w, https:\/\/www.arquimaster.com.ar\/web\/wp-content\/uploads\/2020\/08\/una_casa1-768x768.jpg 768w, https:\/\/www.arquimaster.com.ar\/web\/wp-content\/uploads\/2020\/08\/una_casa1.jpg 1500w\" sizes=\"auto, (max-width: 150px) 100vw, 150px\" \/><\/a>\n\t\t\t<\/div>\n\t\t\t\t<figcaption class='wp-caption-text gallery-caption' id='gallery-1-58857'>\n\t\t\t\tUna Casa \/ Germ\u00e1n Hauser, Daniela Ziblat\n\t\t\t\t<\/figcaption><\/figure><figure class='gallery-item'>\n\t\t\t<div class='gallery-icon landscape'>\n\t\t\t\t<a href='https:\/\/www.arquimaster.com.ar\/web\/wp-content\/uploads\/2020\/08\/una_casa2.jpg' title=\"Una Casa \/ Germ\u00e1n Hauser, Daniela Ziblat\" data-rl_title=\"Una Casa \/ Germ\u00e1n Hauser, Daniela Ziblat\" class=\"rl-gallery-link\" data-rl_caption=\"Una Casa \/ Germ\u00e1n Hauser, Daniela Ziblat\" data-rel=\"lightbox-gallery-1\"><img loading=\"lazy\" decoding=\"async\" width=\"150\" height=\"150\" src=\"https:\/\/www.arquimaster.com.ar\/web\/wp-content\/uploads\/2020\/08\/una_casa2-150x150.jpg\" class=\"attachment-thumbnail size-thumbnail\" alt=\"\" aria-describedby=\"gallery-1-58858\" srcset=\"https:\/\/www.arquimaster.com.ar\/web\/wp-content\/uploads\/2020\/08\/una_casa2-150x150.jpg 150w, https:\/\/www.arquimaster.com.ar\/web\/wp-content\/uploads\/2020\/08\/una_casa2-1024x1024.jpg 1024w, https:\/\/www.arquimaster.com.ar\/web\/wp-content\/uploads\/2020\/08\/una_casa2-768x768.jpg 768w, https:\/\/www.arquimaster.com.ar\/web\/wp-content\/uploads\/2020\/08\/una_casa2.jpg 1500w\" sizes=\"auto, (max-width: 150px) 100vw, 150px\" \/><\/a>\n\t\t\t<\/div>\n\t\t\t\t<figcaption class='wp-caption-text gallery-caption' id='gallery-1-58858'>\n\t\t\t\tUna Casa \/ Germ\u00e1n Hauser, Daniela Ziblat\n\t\t\t\t<\/figcaption><\/figure><figure class='gallery-item'>\n\t\t\t<div class='gallery-icon landscape'>\n\t\t\t\t<a href='https:\/\/www.arquimaster.com.ar\/web\/wp-content\/uploads\/2020\/08\/una_casa3.jpg' title=\"Una Casa \/ Germ\u00e1n Hauser, Daniela Ziblat\" data-rl_title=\"Una Casa \/ Germ\u00e1n Hauser, Daniela Ziblat\" class=\"rl-gallery-link\" data-rl_caption=\"Una Casa \/ Germ\u00e1n Hauser, Daniela Ziblat\" data-rel=\"lightbox-gallery-1\"><img loading=\"lazy\" decoding=\"async\" width=\"150\" height=\"150\" src=\"https:\/\/www.arquimaster.com.ar\/web\/wp-content\/uploads\/2020\/08\/una_casa3-150x150.jpg\" class=\"attachment-thumbnail size-thumbnail\" alt=\"\" aria-describedby=\"gallery-1-58859\" srcset=\"https:\/\/www.arquimaster.com.ar\/web\/wp-content\/uploads\/2020\/08\/una_casa3-150x150.jpg 150w, https:\/\/www.arquimaster.com.ar\/web\/wp-content\/uploads\/2020\/08\/una_casa3-1024x1024.jpg 1024w, https:\/\/www.arquimaster.com.ar\/web\/wp-content\/uploads\/2020\/08\/una_casa3-768x768.jpg 768w, https:\/\/www.arquimaster.com.ar\/web\/wp-content\/uploads\/2020\/08\/una_casa3.jpg 1500w\" sizes=\"auto, (max-width: 150px) 100vw, 150px\" \/><\/a>\n\t\t\t<\/div>\n\t\t\t\t<figcaption class='wp-caption-text gallery-caption' id='gallery-1-58859'>\n\t\t\t\tUna Casa \/ Germ\u00e1n Hauser, Daniela Ziblat\n\t\t\t\t<\/figcaption><\/figure><figure class='gallery-item'>\n\t\t\t<div class='gallery-icon landscape'>\n\t\t\t\t<a href='https:\/\/www.arquimaster.com.ar\/web\/wp-content\/uploads\/2020\/08\/una_casa4.jpg' title=\"Una Casa \/ Germ\u00e1n Hauser, Daniela Ziblat\" data-rl_title=\"Una Casa \/ Germ\u00e1n Hauser, Daniela Ziblat\" class=\"rl-gallery-link\" data-rl_caption=\"Una Casa \/ Germ\u00e1n Hauser, Daniela Ziblat\" data-rel=\"lightbox-gallery-1\"><img loading=\"lazy\" decoding=\"async\" width=\"150\" height=\"150\" src=\"https:\/\/www.arquimaster.com.ar\/web\/wp-content\/uploads\/2020\/08\/una_casa4-150x150.jpg\" class=\"attachment-thumbnail size-thumbnail\" alt=\"\" aria-describedby=\"gallery-1-58860\" srcset=\"https:\/\/www.arquimaster.com.ar\/web\/wp-content\/uploads\/2020\/08\/una_casa4-150x150.jpg 150w, https:\/\/www.arquimaster.com.ar\/web\/wp-content\/uploads\/2020\/08\/una_casa4-1024x1024.jpg 1024w, https:\/\/www.arquimaster.com.ar\/web\/wp-content\/uploads\/2020\/08\/una_casa4-768x768.jpg 768w, https:\/\/www.arquimaster.com.ar\/web\/wp-content\/uploads\/2020\/08\/una_casa4.jpg 1500w\" sizes=\"auto, (max-width: 150px) 100vw, 150px\" \/><\/a>\n\t\t\t<\/div>\n\t\t\t\t<figcaption class='wp-caption-text gallery-caption' id='gallery-1-58860'>\n\t\t\t\tUna Casa \/ Germ\u00e1n Hauser, Daniela Ziblat\n\t\t\t\t<\/figcaption><\/figure><figure class='gallery-item'>\n\t\t\t<div class='gallery-icon landscape'>\n\t\t\t\t<a href='https:\/\/www.arquimaster.com.ar\/web\/wp-content\/uploads\/2020\/08\/una_casa5.jpg' title=\"Una Casa \/ Germ\u00e1n Hauser, Daniela Ziblat\" data-rl_title=\"Una Casa \/ Germ\u00e1n Hauser, Daniela Ziblat\" class=\"rl-gallery-link\" data-rl_caption=\"Una Casa \/ Germ\u00e1n Hauser, Daniela Ziblat\" data-rel=\"lightbox-gallery-1\"><img loading=\"lazy\" decoding=\"async\" width=\"150\" height=\"150\" src=\"https:\/\/www.arquimaster.com.ar\/web\/wp-content\/uploads\/2020\/08\/una_casa5-150x150.jpg\" class=\"attachment-thumbnail size-thumbnail\" alt=\"\" aria-describedby=\"gallery-1-58861\" srcset=\"https:\/\/www.arquimaster.com.ar\/web\/wp-content\/uploads\/2020\/08\/una_casa5-150x150.jpg 150w, https:\/\/www.arquimaster.com.ar\/web\/wp-content\/uploads\/2020\/08\/una_casa5-1024x1024.jpg 1024w, https:\/\/www.arquimaster.com.ar\/web\/wp-content\/uploads\/2020\/08\/una_casa5-768x768.jpg 768w, https:\/\/www.arquimaster.com.ar\/web\/wp-content\/uploads\/2020\/08\/una_casa5.jpg 1500w\" sizes=\"auto, (max-width: 150px) 100vw, 150px\" \/><\/a>\n\t\t\t<\/div>\n\t\t\t\t<figcaption class='wp-caption-text gallery-caption' id='gallery-1-58861'>\n\t\t\t\tUna Casa \/ Germ\u00e1n Hauser, Daniela Ziblat\n\t\t\t\t<\/figcaption><\/figure><figure class='gallery-item'>\n\t\t\t<div class='gallery-icon landscape'>\n\t\t\t\t<a href='https:\/\/www.arquimaster.com.ar\/web\/wp-content\/uploads\/2020\/08\/una_casa6.jpg' title=\"Una Casa \/ Germ\u00e1n Hauser, Daniela Ziblat (planta modulo basico)\" data-rl_title=\"Una Casa \/ Germ\u00e1n Hauser, Daniela Ziblat (planta modulo basico)\" class=\"rl-gallery-link\" data-rl_caption=\"Una Casa \/ Germ\u00e1n Hauser, Daniela Ziblat (planta modulo basico)\" data-rel=\"lightbox-gallery-1\"><img loading=\"lazy\" decoding=\"async\" width=\"150\" height=\"150\" src=\"https:\/\/www.arquimaster.com.ar\/web\/wp-content\/uploads\/2020\/08\/una_casa6-150x150.jpg\" class=\"attachment-thumbnail size-thumbnail\" alt=\"\" aria-describedby=\"gallery-1-58862\" srcset=\"https:\/\/www.arquimaster.com.ar\/web\/wp-content\/uploads\/2020\/08\/una_casa6-150x150.jpg 150w, https:\/\/www.arquimaster.com.ar\/web\/wp-content\/uploads\/2020\/08\/una_casa6-1024x1024.jpg 1024w, https:\/\/www.arquimaster.com.ar\/web\/wp-content\/uploads\/2020\/08\/una_casa6-768x768.jpg 768w, https:\/\/www.arquimaster.com.ar\/web\/wp-content\/uploads\/2020\/08\/una_casa6.jpg 1500w\" sizes=\"auto, (max-width: 150px) 100vw, 150px\" \/><\/a>\n\t\t\t<\/div>\n\t\t\t\t<figcaption class='wp-caption-text gallery-caption' id='gallery-1-58862'>\n\t\t\t\tUna Casa \/ Germ\u00e1n Hauser, Daniela Ziblat (planta modulo basico)\n\t\t\t\t<\/figcaption><\/figure><figure class='gallery-item'>\n\t\t\t<div class='gallery-icon landscape'>\n\t\t\t\t<a href='https:\/\/www.arquimaster.com.ar\/web\/wp-content\/uploads\/2020\/08\/una_casa7.jpg' title=\"Una Casa \/ Germ\u00e1n Hauser, Daniela Ziblat (corte)\" data-rl_title=\"Una Casa \/ Germ\u00e1n Hauser, Daniela Ziblat (corte)\" class=\"rl-gallery-link\" data-rl_caption=\"Una Casa \/ Germ\u00e1n Hauser, Daniela Ziblat (corte)\" data-rel=\"lightbox-gallery-1\"><img loading=\"lazy\" decoding=\"async\" width=\"150\" height=\"150\" src=\"https:\/\/www.arquimaster.com.ar\/web\/wp-content\/uploads\/2020\/08\/una_casa7-150x150.jpg\" class=\"attachment-thumbnail size-thumbnail\" alt=\"\" aria-describedby=\"gallery-1-58863\" srcset=\"https:\/\/www.arquimaster.com.ar\/web\/wp-content\/uploads\/2020\/08\/una_casa7-150x150.jpg 150w, https:\/\/www.arquimaster.com.ar\/web\/wp-content\/uploads\/2020\/08\/una_casa7-1024x1024.jpg 1024w, https:\/\/www.arquimaster.com.ar\/web\/wp-content\/uploads\/2020\/08\/una_casa7-768x768.jpg 768w, https:\/\/www.arquimaster.com.ar\/web\/wp-content\/uploads\/2020\/08\/una_casa7.jpg 1500w\" sizes=\"auto, (max-width: 150px) 100vw, 150px\" \/><\/a>\n\t\t\t<\/div>\n\t\t\t\t<figcaption class='wp-caption-text gallery-caption' id='gallery-1-58863'>\n\t\t\t\tUna Casa \/ Germ\u00e1n Hauser, Daniela Ziblat (corte)\n\t\t\t\t<\/figcaption><\/figure><figure class='gallery-item'>\n\t\t\t<div class='gallery-icon landscape'>\n\t\t\t\t<a href='https:\/\/www.arquimaster.com.ar\/web\/wp-content\/uploads\/2020\/08\/una_casa8.jpg' title=\"Una Casa \/ Germ\u00e1n Hauser, Daniela Ziblat (corte)\" data-rl_title=\"Una Casa \/ Germ\u00e1n Hauser, Daniela Ziblat (corte)\" class=\"rl-gallery-link\" data-rl_caption=\"Una Casa \/ Germ\u00e1n Hauser, Daniela Ziblat (corte)\" data-rel=\"lightbox-gallery-1\"><img loading=\"lazy\" decoding=\"async\" width=\"150\" height=\"150\" src=\"https:\/\/www.arquimaster.com.ar\/web\/wp-content\/uploads\/2020\/08\/una_casa8-150x150.jpg\" class=\"attachment-thumbnail size-thumbnail\" alt=\"\" aria-describedby=\"gallery-1-58864\" srcset=\"https:\/\/www.arquimaster.com.ar\/web\/wp-content\/uploads\/2020\/08\/una_casa8-150x150.jpg 150w, https:\/\/www.arquimaster.com.ar\/web\/wp-content\/uploads\/2020\/08\/una_casa8-1024x1024.jpg 1024w, https:\/\/www.arquimaster.com.ar\/web\/wp-content\/uploads\/2020\/08\/una_casa8-768x768.jpg 768w, https:\/\/www.arquimaster.com.ar\/web\/wp-content\/uploads\/2020\/08\/una_casa8.jpg 1500w\" sizes=\"auto, (max-width: 150px) 100vw, 150px\" \/><\/a>\n\t\t\t<\/div>\n\t\t\t\t<figcaption class='wp-caption-text gallery-caption' id='gallery-1-58864'>\n\t\t\t\tUna Casa \/ Germ\u00e1n Hauser, Daniela Ziblat (corte)\n\t\t\t\t<\/figcaption><\/figure><figure class='gallery-item'>\n\t\t\t<div class='gallery-icon landscape'>\n\t\t\t\t<a href='https:\/\/www.arquimaster.com.ar\/web\/wp-content\/uploads\/2020\/08\/una_casa9.jpg' title=\"Una Casa \/ Germ\u00e1n Hauser, Daniela Ziblat (detalle)\" data-rl_title=\"Una Casa \/ Germ\u00e1n Hauser, Daniela Ziblat (detalle)\" class=\"rl-gallery-link\" data-rl_caption=\"Una Casa \/ Germ\u00e1n Hauser, Daniela Ziblat (detalle)\" data-rel=\"lightbox-gallery-1\"><img loading=\"lazy\" decoding=\"async\" width=\"150\" height=\"150\" src=\"https:\/\/www.arquimaster.com.ar\/web\/wp-content\/uploads\/2020\/08\/una_casa9-150x150.jpg\" class=\"attachment-thumbnail size-thumbnail\" alt=\"\" aria-describedby=\"gallery-1-58865\" srcset=\"https:\/\/www.arquimaster.com.ar\/web\/wp-content\/uploads\/2020\/08\/una_casa9-150x150.jpg 150w, https:\/\/www.arquimaster.com.ar\/web\/wp-content\/uploads\/2020\/08\/una_casa9-1024x1024.jpg 1024w, https:\/\/www.arquimaster.com.ar\/web\/wp-content\/uploads\/2020\/08\/una_casa9-768x768.jpg 768w, https:\/\/www.arquimaster.com.ar\/web\/wp-content\/uploads\/2020\/08\/una_casa9.jpg 1500w\" sizes=\"auto, (max-width: 150px) 100vw, 150px\" \/><\/a>\n\t\t\t<\/div>\n\t\t\t\t<figcaption class='wp-caption-text gallery-caption' id='gallery-1-58865'>\n\t\t\t\tUna Casa \/ Germ\u00e1n Hauser, Daniela Ziblat (detalle)\n\t\t\t\t<\/figcaption><\/figure><figure class='gallery-item'>\n\t\t\t<div class='gallery-icon landscape'>\n\t\t\t\t<a href='https:\/\/www.arquimaster.com.ar\/web\/wp-content\/uploads\/2020\/08\/una_casa10.jpg' title=\"Una Casa \/ Germ\u00e1n Hauser, Daniela Ziblat (detalle)\" data-rl_title=\"Una Casa \/ Germ\u00e1n Hauser, Daniela Ziblat (detalle)\" class=\"rl-gallery-link\" data-rl_caption=\"Una Casa \/ Germ\u00e1n Hauser, Daniela Ziblat (detalle)\" data-rel=\"lightbox-gallery-1\"><img loading=\"lazy\" decoding=\"async\" width=\"150\" height=\"150\" src=\"https:\/\/www.arquimaster.com.ar\/web\/wp-content\/uploads\/2020\/08\/una_casa10-150x150.jpg\" class=\"attachment-thumbnail size-thumbnail\" alt=\"\" aria-describedby=\"gallery-1-58866\" srcset=\"https:\/\/www.arquimaster.com.ar\/web\/wp-content\/uploads\/2020\/08\/una_casa10-150x150.jpg 150w, https:\/\/www.arquimaster.com.ar\/web\/wp-content\/uploads\/2020\/08\/una_casa10-1024x1024.jpg 1024w, https:\/\/www.arquimaster.com.ar\/web\/wp-content\/uploads\/2020\/08\/una_casa10-768x768.jpg 768w, https:\/\/www.arquimaster.com.ar\/web\/wp-content\/uploads\/2020\/08\/una_casa10.jpg 1500w\" sizes=\"auto, (max-width: 150px) 100vw, 150px\" \/><\/a>\n\t\t\t<\/div>\n\t\t\t\t<figcaption class='wp-caption-text gallery-caption' id='gallery-1-58866'>\n\t\t\t\tUna Casa \/ Germ\u00e1n Hauser, Daniela Ziblat (detalle)\n\t\t\t\t<\/figcaption><\/figure><figure class='gallery-item'>\n\t\t\t<div class='gallery-icon landscape'>\n\t\t\t\t<a href='https:\/\/www.arquimaster.com.ar\/web\/wp-content\/uploads\/2020\/08\/una_casa11.jpg' title=\"Una Casa \/ Germ\u00e1n Hauser, Daniela Ziblat (implantacion)\" data-rl_title=\"Una Casa \/ Germ\u00e1n Hauser, Daniela Ziblat (implantacion)\" class=\"rl-gallery-link\" data-rl_caption=\"Una Casa \/ Germ\u00e1n Hauser, Daniela Ziblat (implantacion)\" data-rel=\"lightbox-gallery-1\"><img loading=\"lazy\" decoding=\"async\" width=\"150\" height=\"150\" src=\"https:\/\/www.arquimaster.com.ar\/web\/wp-content\/uploads\/2020\/08\/una_casa11-150x150.jpg\" class=\"attachment-thumbnail size-thumbnail\" alt=\"\" aria-describedby=\"gallery-1-58867\" \/><\/a>\n\t\t\t<\/div>\n\t\t\t\t<figcaption class='wp-caption-text gallery-caption' id='gallery-1-58867'>\n\t\t\t\tUna Casa \/ Germ\u00e1n Hauser, Daniela Ziblat (implantacion)\n\t\t\t\t<\/figcaption><\/figure>\n\t\t<\/div>\n\n<p>Seg\u00fan Le Corbusier, \u00abLa casa debe ser el estuche de la vida, la m\u00e1quina de felicidad\u00bb. Desarrollamos una vivienda industrializada contempor\u00e1nea. Un objeto confortable, eficiente y preciso. Que refleje y promueva las formas en que habitamos en la actualidad.<\/p>\n<p>Una vivienda que el usuario pueda sentir propia y lo identifique. Un objeto con una imagen fuerte y pregnante.<\/p>\n<p>Proyectamos un M\u00f3dulo Base que presenta un espacio \u00fanico, sin nombrar, flexible y vers\u00e1til. En un lateral se dispone un sector sanitario de modo que genera tres \u00e1reas interiores y un espacio exterior. Es un espacio subdivisible. Un espacio interior, un espacio semicubierto o ambos.<\/p>\n<p>Un patio-galer\u00eda como expansi\u00f3n del interior hacia la naturaleza.<\/p>\n<p>Esta propuesta, permitir\u00e1 a los habitantes-usuarios apropiarse del espacio y organizarlo de acuerdo a sus propios criterios y momentos. Podr\u00e1n modificarlo con total libertad y autonom\u00eda.<\/p>\n<p><strong>Ficha tecnica<\/strong><br>Nombre: Una Casa<br>Ubicacion: Locaciones varias, Argentina<br>Autores: Arq. Germ\u00e1n Hauser, Arq. Daniela Ziblat<br>Anteproyecto: Hauser Oficina de Arquitectura<br>Equipo de Proyecto: Arq. Lucas Wetzels, Arq. Emanuel Perez Carrera<br>Comitente: Concurso por invitaci\u00f3n, Promotor Una Casa Contemporanea<br>Programa: Vivienda Unifamiliar<br>Reconocimientos: Finalista Concurso Privado Una Casa Contemporanea<br>Superficie: 50 m2<br>Fecha de inicio: 2015<br>Fecha de finalizacion: 2016<\/p>\n<p><strong>Contacto<\/strong><br><a href=\"http:\/\/hauser.site\/arq\" target=\"_blank\" rel=\"noopener noreferrer\">http:\/\/hauser.site\/arq<\/a><br>Instagram: @hauser.arq<\/p>\n\n\n<div style=\"height:20px\" aria-hidden=\"true\" class=\"wp-block-spacer\"><\/div>\n\n\n<p><strong><em>English version<\/em><\/strong><\/p>\n<p><strong><em>A House<\/em><\/strong><\/p>\n<p><em>We conceive a house as an extension of the human being; as a residence, a place where you live in the broadest sense of the word. A place where you feel, where you connect with your loved ones, with yourself, and with life itself. An intimate place, one that should be inhabited and made one\u2019s own. A house should be that place where you wish to go back to. A place you feel identify with, that makes you feel complete.<\/em><\/p>\n<p><em>According to Le Corbusier, \u00abThe home should be the treasure chest of living, (\u2026) a machine for living in\u00bb.<\/em><\/p>\n<p><em>We designed a contemporary industrial house; a comfortable, efficient and precise object capable of reflecting and promoting the new ways in which we currently dwell. A house the owner can feel identified with and can call it his own. An object with a powerful and unique image. We projected a Basic Module featuring a single space, unlabeled, flexible and versatile.<\/em><\/p>\n<p><em>On one side, there is the sanitary module, thus generating three interior areas and one exterior. It is a divisible room that features an interior, a partially covered area or both. A gallery-patio as an extension of the interior into nature. This proposal will allow user-dwellers to make it their own, organize it according to their own criteria and moments. They can modify it with absolute freedom and autonomy.<\/em><\/p>\n<div style=\"font-size: 0px; height: 0px; line-height: 0px; margin: 0; padding: 0; clear: both;\"><\/div><div style=\"margin-top: 0px; margin-bottom: 0px;\" class=\"sharethis-inline-share-buttons\" ><\/div>","protected":false},"excerpt":{"rendered":"<p>Desarrollamos una vivienda industrializada contempor\u00e1nea, confortable, eficiente&#8230;<\/p>\n","protected":false},"author":1,"featured_media":58856,"comment_status":"closed","ping_status":"closed","sticky":false,"template":"","format":"standard","meta":{"_uag_custom_page_level_css":"","footnotes":""},"categories":[1,83],"tags":[1678,6135,6011,6010,6013,6012,254],"class_list":["post-58854","post","type-post","status-publish","format-standard","has-post-thumbnail","hentry","category-proyecto","category-vivienda-unifamiliar","tag-arquitectura-modular","tag-construccion-modular","tag-daniela-ziblat","tag-german-hauser","tag-hauser","tag-hauser-oficina-de-arquitectura","tag-vivienda-unifamiliar-2","generate-columns","tablet-grid-50","mobile-grid-100","grid-parent","grid-50"],"yoast_head":"<!-- This site is optimized with the Yoast SEO plugin v27.3 - https:\/\/yoast.com\/product\/yoast-seo-wordpress\/ -->\n<title>Una Casa \/ Germ\u00e1n Hauser, Daniela Ziblat - Arquimaster<\/title>\n<meta name=\"description\" content=\"Desarrollamos una vivienda industrializada contempor\u00e1nea que refleje y promueva las formas en que habitamos en la actualidad.\" \/>\n<meta name=\"robots\" content=\"index, follow, max-snippet:-1, max-image-preview:large, max-video-preview:-1\" \/>\n<link rel=\"canonical\" href=\"https:\/\/www.arquimaster.com.ar\/web\/una-casa-german-hauser-daniela-ziblat\/\" \/>\n<meta property=\"og:locale\" content=\"es_ES\" \/>\n<meta property=\"og:type\" content=\"article\" \/>\n<meta property=\"og:title\" content=\"Una Casa \/ Germ\u00e1n Hauser, Daniela Ziblat\" \/>\n<meta property=\"og:description\" content=\"Desarrollamos una vivienda industrializada contempor\u00e1nea que refleje y promueva las formas en que habitamos en la actualidad.\" \/>\n<meta property=\"og:url\" content=\"https:\/\/www.arquimaster.com.ar\/web\/una-casa-german-hauser-daniela-ziblat\/\" \/>\n<meta property=\"og:site_name\" content=\"Arquimaster\" \/>\n<meta property=\"article:publisher\" content=\"http:\/\/www.facebook.com\/ARQUIMASTER.com.ar\" \/>\n<meta property=\"article:published_time\" content=\"2020-08-26T20:27:05+00:00\" \/>\n<meta property=\"article:modified_time\" content=\"2020-09-08T16:32:18+00:00\" \/>\n<meta property=\"og:image\" content=\"https:\/\/www.arquimaster.com.ar\/web\/wp-content\/uploads\/2020\/08\/una_casa_slide.jpg\" \/>\n\t<meta property=\"og:image:width\" content=\"698\" \/>\n\t<meta property=\"og:image:height\" content=\"364\" \/>\n\t<meta property=\"og:image:type\" content=\"image\/jpeg\" \/>\n<meta name=\"author\" content=\"Arquimaster\" \/>\n<meta name=\"twitter:card\" content=\"summary_large_image\" \/>\n<meta name=\"twitter:title\" content=\"Una Casa \/ Germ\u00e1n Hauser, Daniela Ziblat\" \/>\n<meta name=\"twitter:description\" content=\"Desarrollamos una vivienda industrializada contempor\u00e1nea que refleje y promueva las formas en que habitamos en la actualidad.\" \/>\n<meta name=\"twitter:image\" content=\"https:\/\/www.arquimaster.com.ar\/web\/wp-content\/uploads\/2020\/08\/una_casa_slide.jpg\" \/>\n<meta name=\"twitter:creator\" content=\"@arquimaster\" \/>\n<meta name=\"twitter:site\" content=\"@arquimaster\" \/>\n<meta name=\"twitter:label1\" content=\"Escrito por\" \/>\n\t<meta name=\"twitter:data1\" content=\"Arquimaster\" \/>\n\t<meta name=\"twitter:label2\" content=\"Tiempo de lectura\" \/>\n\t<meta name=\"twitter:data2\" content=\"3 minutos\" \/>\n<script type=\"application\/ld+json\" class=\"yoast-schema-graph\">{\"@context\":\"https:\\\/\\\/schema.org\",\"@graph\":[{\"@type\":\"Article\",\"@id\":\"https:\\\/\\\/www.arquimaster.com.ar\\\/web\\\/una-casa-german-hauser-daniela-ziblat\\\/#article\",\"isPartOf\":{\"@id\":\"https:\\\/\\\/www.arquimaster.com.ar\\\/web\\\/una-casa-german-hauser-daniela-ziblat\\\/\"},\"author\":{\"name\":\"Arquimaster\",\"@id\":\"https:\\\/\\\/www.arquimaster.com.ar\\\/web\\\/#\\\/schema\\\/person\\\/359e9f7c00193fcde068e0dd2ceb0028\"},\"headline\":\"Una Casa \\\/ Germ\u00e1n Hauser, Daniela Ziblat\",\"datePublished\":\"2020-08-26T20:27:05+00:00\",\"dateModified\":\"2020-09-08T16:32:18+00:00\",\"mainEntityOfPage\":{\"@id\":\"https:\\\/\\\/www.arquimaster.com.ar\\\/web\\\/una-casa-german-hauser-daniela-ziblat\\\/\"},\"wordCount\":541,\"publisher\":{\"@id\":\"https:\\\/\\\/www.arquimaster.com.ar\\\/web\\\/#organization\"},\"image\":{\"@id\":\"https:\\\/\\\/www.arquimaster.com.ar\\\/web\\\/una-casa-german-hauser-daniela-ziblat\\\/#primaryimage\"},\"thumbnailUrl\":\"https:\\\/\\\/www.arquimaster.com.ar\\\/web\\\/wp-content\\\/uploads\\\/2020\\\/08\\\/una_casa_slide.jpg\",\"keywords\":[\"arquitectura modular\",\"construccion modular\",\"Daniela Ziblat\",\"German Hauser\",\"Hauser\",\"Hauser Oficina de Arquitectura\",\"vivienda unifamiliar\"],\"articleSection\":[\"Proyecto\",\"Vivienda unifamiliar y PH\"],\"inLanguage\":\"es\"},{\"@type\":\"WebPage\",\"@id\":\"https:\\\/\\\/www.arquimaster.com.ar\\\/web\\\/una-casa-german-hauser-daniela-ziblat\\\/\",\"url\":\"https:\\\/\\\/www.arquimaster.com.ar\\\/web\\\/una-casa-german-hauser-daniela-ziblat\\\/\",\"name\":\"Una Casa \\\/ Germ\u00e1n Hauser, Daniela Ziblat - Arquimaster\",\"isPartOf\":{\"@id\":\"https:\\\/\\\/www.arquimaster.com.ar\\\/web\\\/#website\"},\"primaryImageOfPage\":{\"@id\":\"https:\\\/\\\/www.arquimaster.com.ar\\\/web\\\/una-casa-german-hauser-daniela-ziblat\\\/#primaryimage\"},\"image\":{\"@id\":\"https:\\\/\\\/www.arquimaster.com.ar\\\/web\\\/una-casa-german-hauser-daniela-ziblat\\\/#primaryimage\"},\"thumbnailUrl\":\"https:\\\/\\\/www.arquimaster.com.ar\\\/web\\\/wp-content\\\/uploads\\\/2020\\\/08\\\/una_casa_slide.jpg\",\"datePublished\":\"2020-08-26T20:27:05+00:00\",\"dateModified\":\"2020-09-08T16:32:18+00:00\",\"description\":\"Desarrollamos una vivienda industrializada contempor\u00e1nea que refleje y promueva las formas en que habitamos en la actualidad.\",\"breadcrumb\":{\"@id\":\"https:\\\/\\\/www.arquimaster.com.ar\\\/web\\\/una-casa-german-hauser-daniela-ziblat\\\/#breadcrumb\"},\"inLanguage\":\"es\",\"potentialAction\":[{\"@type\":\"ReadAction\",\"target\":[\"https:\\\/\\\/www.arquimaster.com.ar\\\/web\\\/una-casa-german-hauser-daniela-ziblat\\\/\"]}]},{\"@type\":\"ImageObject\",\"inLanguage\":\"es\",\"@id\":\"https:\\\/\\\/www.arquimaster.com.ar\\\/web\\\/una-casa-german-hauser-daniela-ziblat\\\/#primaryimage\",\"url\":\"https:\\\/\\\/www.arquimaster.com.ar\\\/web\\\/wp-content\\\/uploads\\\/2020\\\/08\\\/una_casa_slide.jpg\",\"contentUrl\":\"https:\\\/\\\/www.arquimaster.com.ar\\\/web\\\/wp-content\\\/uploads\\\/2020\\\/08\\\/una_casa_slide.jpg\",\"width\":698,\"height\":364},{\"@type\":\"BreadcrumbList\",\"@id\":\"https:\\\/\\\/www.arquimaster.com.ar\\\/web\\\/una-casa-german-hauser-daniela-ziblat\\\/#breadcrumb\",\"itemListElement\":[{\"@type\":\"ListItem\",\"position\":1,\"name\":\"Portada\",\"item\":\"https:\\\/\\\/www.arquimaster.com.ar\\\/web\\\/\"},{\"@type\":\"ListItem\",\"position\":2,\"name\":\"Una Casa \\\/ Germ\u00e1n Hauser, Daniela Ziblat\"}]},{\"@type\":\"WebSite\",\"@id\":\"https:\\\/\\\/www.arquimaster.com.ar\\\/web\\\/#website\",\"url\":\"https:\\\/\\\/www.arquimaster.com.ar\\\/web\\\/\",\"name\":\"Arquimaster\",\"description\":\"Web de arquitectura, dise\u00f1o y construccion\",\"publisher\":{\"@id\":\"https:\\\/\\\/www.arquimaster.com.ar\\\/web\\\/#organization\"},\"potentialAction\":[{\"@type\":\"SearchAction\",\"target\":{\"@type\":\"EntryPoint\",\"urlTemplate\":\"https:\\\/\\\/www.arquimaster.com.ar\\\/web\\\/?s={search_term_string}\"},\"query-input\":{\"@type\":\"PropertyValueSpecification\",\"valueRequired\":true,\"valueName\":\"search_term_string\"}}],\"inLanguage\":\"es\"},{\"@type\":\"Organization\",\"@id\":\"https:\\\/\\\/www.arquimaster.com.ar\\\/web\\\/#organization\",\"name\":\"Arquimaster\",\"url\":\"https:\\\/\\\/www.arquimaster.com.ar\\\/web\\\/\",\"logo\":{\"@type\":\"ImageObject\",\"inLanguage\":\"es\",\"@id\":\"https:\\\/\\\/www.arquimaster.com.ar\\\/web\\\/#\\\/schema\\\/logo\\\/image\\\/\",\"url\":\"https:\\\/\\\/www.arquimaster.com.ar\\\/web\\\/wp-content\\\/uploads\\\/2022\\\/06\\\/arquimaster.png\",\"contentUrl\":\"https:\\\/\\\/www.arquimaster.com.ar\\\/web\\\/wp-content\\\/uploads\\\/2022\\\/06\\\/arquimaster.png\",\"width\":594,\"height\":78,\"caption\":\"Arquimaster\"},\"image\":{\"@id\":\"https:\\\/\\\/www.arquimaster.com.ar\\\/web\\\/#\\\/schema\\\/logo\\\/image\\\/\"},\"sameAs\":[\"http:\\\/\\\/www.facebook.com\\\/ARQUIMASTER.com.ar\",\"https:\\\/\\\/x.com\\\/arquimaster\",\"https:\\\/\\\/www.instagram.com\\\/arquimasterblog\\\/\",\"https:\\\/\\\/www.linkedin.com\\\/company\\\/arquimaster\",\"https:\\\/\\\/www.pinterest.com\\\/arquimaster\",\"https:\\\/\\\/t.me\\\/arquimaster\"]},{\"@type\":\"Person\",\"@id\":\"https:\\\/\\\/www.arquimaster.com.ar\\\/web\\\/#\\\/schema\\\/person\\\/359e9f7c00193fcde068e0dd2ceb0028\",\"name\":\"Arquimaster\"}]}<\/script>\n<!-- \/ Yoast SEO plugin. -->","yoast_head_json":{"title":"Una Casa \/ Germ\u00e1n Hauser, Daniela Ziblat - Arquimaster","description":"Desarrollamos una vivienda industrializada contempor\u00e1nea que refleje y promueva las formas en que habitamos en la actualidad.","robots":{"index":"index","follow":"follow","max-snippet":"max-snippet:-1","max-image-preview":"max-image-preview:large","max-video-preview":"max-video-preview:-1"},"canonical":"https:\/\/www.arquimaster.com.ar\/web\/una-casa-german-hauser-daniela-ziblat\/","og_locale":"es_ES","og_type":"article","og_title":"Una Casa \/ Germ\u00e1n Hauser, Daniela Ziblat","og_description":"Desarrollamos una vivienda industrializada contempor\u00e1nea que refleje y promueva las formas en que habitamos en la actualidad.","og_url":"https:\/\/www.arquimaster.com.ar\/web\/una-casa-german-hauser-daniela-ziblat\/","og_site_name":"Arquimaster","article_publisher":"http:\/\/www.facebook.com\/ARQUIMASTER.com.ar","article_published_time":"2020-08-26T20:27:05+00:00","article_modified_time":"2020-09-08T16:32:18+00:00","og_image":[{"width":698,"height":364,"url":"https:\/\/www.arquimaster.com.ar\/web\/wp-content\/uploads\/2020\/08\/una_casa_slide.jpg","type":"image\/jpeg"}],"author":"Arquimaster","twitter_card":"summary_large_image","twitter_title":"Una Casa \/ Germ\u00e1n Hauser, Daniela Ziblat","twitter_description":"Desarrollamos una vivienda industrializada contempor\u00e1nea que refleje y promueva las formas en que habitamos en la actualidad.","twitter_image":"https:\/\/www.arquimaster.com.ar\/web\/wp-content\/uploads\/2020\/08\/una_casa_slide.jpg","twitter_creator":"@arquimaster","twitter_site":"@arquimaster","twitter_misc":{"Escrito por":"Arquimaster","Tiempo de lectura":"3 minutos"},"schema":{"@context":"https:\/\/schema.org","@graph":[{"@type":"Article","@id":"https:\/\/www.arquimaster.com.ar\/web\/una-casa-german-hauser-daniela-ziblat\/#article","isPartOf":{"@id":"https:\/\/www.arquimaster.com.ar\/web\/una-casa-german-hauser-daniela-ziblat\/"},"author":{"name":"Arquimaster","@id":"https:\/\/www.arquimaster.com.ar\/web\/#\/schema\/person\/359e9f7c00193fcde068e0dd2ceb0028"},"headline":"Una Casa \/ Germ\u00e1n Hauser, Daniela Ziblat","datePublished":"2020-08-26T20:27:05+00:00","dateModified":"2020-09-08T16:32:18+00:00","mainEntityOfPage":{"@id":"https:\/\/www.arquimaster.com.ar\/web\/una-casa-german-hauser-daniela-ziblat\/"},"wordCount":541,"publisher":{"@id":"https:\/\/www.arquimaster.com.ar\/web\/#organization"},"image":{"@id":"https:\/\/www.arquimaster.com.ar\/web\/una-casa-german-hauser-daniela-ziblat\/#primaryimage"},"thumbnailUrl":"https:\/\/www.arquimaster.com.ar\/web\/wp-content\/uploads\/2020\/08\/una_casa_slide.jpg","keywords":["arquitectura modular","construccion modular","Daniela Ziblat","German Hauser","Hauser","Hauser Oficina de Arquitectura","vivienda unifamiliar"],"articleSection":["Proyecto","Vivienda unifamiliar y PH"],"inLanguage":"es"},{"@type":"WebPage","@id":"https:\/\/www.arquimaster.com.ar\/web\/una-casa-german-hauser-daniela-ziblat\/","url":"https:\/\/www.arquimaster.com.ar\/web\/una-casa-german-hauser-daniela-ziblat\/","name":"Una Casa \/ Germ\u00e1n Hauser, Daniela Ziblat - Arquimaster","isPartOf":{"@id":"https:\/\/www.arquimaster.com.ar\/web\/#website"},"primaryImageOfPage":{"@id":"https:\/\/www.arquimaster.com.ar\/web\/una-casa-german-hauser-daniela-ziblat\/#primaryimage"},"image":{"@id":"https:\/\/www.arquimaster.com.ar\/web\/una-casa-german-hauser-daniela-ziblat\/#primaryimage"},"thumbnailUrl":"https:\/\/www.arquimaster.com.ar\/web\/wp-content\/uploads\/2020\/08\/una_casa_slide.jpg","datePublished":"2020-08-26T20:27:05+00:00","dateModified":"2020-09-08T16:32:18+00:00","description":"Desarrollamos una vivienda industrializada contempor\u00e1nea que refleje y promueva las formas en que habitamos en la actualidad.","breadcrumb":{"@id":"https:\/\/www.arquimaster.com.ar\/web\/una-casa-german-hauser-daniela-ziblat\/#breadcrumb"},"inLanguage":"es","potentialAction":[{"@type":"ReadAction","target":["https:\/\/www.arquimaster.com.ar\/web\/una-casa-german-hauser-daniela-ziblat\/"]}]},{"@type":"ImageObject","inLanguage":"es","@id":"https:\/\/www.arquimaster.com.ar\/web\/una-casa-german-hauser-daniela-ziblat\/#primaryimage","url":"https:\/\/www.arquimaster.com.ar\/web\/wp-content\/uploads\/2020\/08\/una_casa_slide.jpg","contentUrl":"https:\/\/www.arquimaster.com.ar\/web\/wp-content\/uploads\/2020\/08\/una_casa_slide.jpg","width":698,"height":364},{"@type":"BreadcrumbList","@id":"https:\/\/www.arquimaster.com.ar\/web\/una-casa-german-hauser-daniela-ziblat\/#breadcrumb","itemListElement":[{"@type":"ListItem","position":1,"name":"Portada","item":"https:\/\/www.arquimaster.com.ar\/web\/"},{"@type":"ListItem","position":2,"name":"Una Casa \/ Germ\u00e1n Hauser, Daniela Ziblat"}]},{"@type":"WebSite","@id":"https:\/\/www.arquimaster.com.ar\/web\/#website","url":"https:\/\/www.arquimaster.com.ar\/web\/","name":"Arquimaster","description":"Web de arquitectura, dise\u00f1o y construccion","publisher":{"@id":"https:\/\/www.arquimaster.com.ar\/web\/#organization"},"potentialAction":[{"@type":"SearchAction","target":{"@type":"EntryPoint","urlTemplate":"https:\/\/www.arquimaster.com.ar\/web\/?s={search_term_string}"},"query-input":{"@type":"PropertyValueSpecification","valueRequired":true,"valueName":"search_term_string"}}],"inLanguage":"es"},{"@type":"Organization","@id":"https:\/\/www.arquimaster.com.ar\/web\/#organization","name":"Arquimaster","url":"https:\/\/www.arquimaster.com.ar\/web\/","logo":{"@type":"ImageObject","inLanguage":"es","@id":"https:\/\/www.arquimaster.com.ar\/web\/#\/schema\/logo\/image\/","url":"https:\/\/www.arquimaster.com.ar\/web\/wp-content\/uploads\/2022\/06\/arquimaster.png","contentUrl":"https:\/\/www.arquimaster.com.ar\/web\/wp-content\/uploads\/2022\/06\/arquimaster.png","width":594,"height":78,"caption":"Arquimaster"},"image":{"@id":"https:\/\/www.arquimaster.com.ar\/web\/#\/schema\/logo\/image\/"},"sameAs":["http:\/\/www.facebook.com\/ARQUIMASTER.com.ar","https:\/\/x.com\/arquimaster","https:\/\/www.instagram.com\/arquimasterblog\/","https:\/\/www.linkedin.com\/company\/arquimaster","https:\/\/www.pinterest.com\/arquimaster","https:\/\/t.me\/arquimaster"]},{"@type":"Person","@id":"https:\/\/www.arquimaster.com.ar\/web\/#\/schema\/person\/359e9f7c00193fcde068e0dd2ceb0028","name":"Arquimaster"}]}},"uagb_featured_image_src":{"full":["https:\/\/www.arquimaster.com.ar\/web\/wp-content\/uploads\/2020\/08\/una_casa_slide.jpg",698,364,false],"thumbnail":["https:\/\/www.arquimaster.com.ar\/web\/wp-content\/uploads\/2020\/08\/una_casa_slide-150x150.jpg",150,150,true],"medium":["https:\/\/www.arquimaster.com.ar\/web\/wp-content\/uploads\/2020\/08\/una_casa_slide.jpg",698,364,false],"medium_large":["https:\/\/www.arquimaster.com.ar\/web\/wp-content\/uploads\/2020\/08\/una_casa_slide.jpg",698,364,false],"large":["https:\/\/www.arquimaster.com.ar\/web\/wp-content\/uploads\/2020\/08\/una_casa_slide.jpg",698,364,false],"1536x1536":["https:\/\/www.arquimaster.com.ar\/web\/wp-content\/uploads\/2020\/08\/una_casa_slide.jpg",698,364,false],"2048x2048":["https:\/\/www.arquimaster.com.ar\/web\/wp-content\/uploads\/2020\/08\/una_casa_slide.jpg",698,364,false]},"uagb_author_info":{"display_name":"Arquimaster","author_link":"https:\/\/www.arquimaster.com.ar\/web\/author\/arquimaster\/"},"uagb_comment_info":0,"uagb_excerpt":"Desarrollamos una vivienda industrializada contempor\u00e1nea, confortable, eficiente...","_links":{"self":[{"href":"https:\/\/www.arquimaster.com.ar\/web\/wp-json\/wp\/v2\/posts\/58854","targetHints":{"allow":["GET"]}}],"collection":[{"href":"https:\/\/www.arquimaster.com.ar\/web\/wp-json\/wp\/v2\/posts"}],"about":[{"href":"https:\/\/www.arquimaster.com.ar\/web\/wp-json\/wp\/v2\/types\/post"}],"author":[{"embeddable":true,"href":"https:\/\/www.arquimaster.com.ar\/web\/wp-json\/wp\/v2\/users\/1"}],"replies":[{"embeddable":true,"href":"https:\/\/www.arquimaster.com.ar\/web\/wp-json\/wp\/v2\/comments?post=58854"}],"version-history":[{"count":3,"href":"https:\/\/www.arquimaster.com.ar\/web\/wp-json\/wp\/v2\/posts\/58854\/revisions"}],"predecessor-version":[{"id":59249,"href":"https:\/\/www.arquimaster.com.ar\/web\/wp-json\/wp\/v2\/posts\/58854\/revisions\/59249"}],"wp:featuredmedia":[{"embeddable":true,"href":"https:\/\/www.arquimaster.com.ar\/web\/wp-json\/wp\/v2\/media\/58856"}],"wp:attachment":[{"href":"https:\/\/www.arquimaster.com.ar\/web\/wp-json\/wp\/v2\/media?parent=58854"}],"wp:term":[{"taxonomy":"category","embeddable":true,"href":"https:\/\/www.arquimaster.com.ar\/web\/wp-json\/wp\/v2\/categories?post=58854"},{"taxonomy":"post_tag","embeddable":true,"href":"https:\/\/www.arquimaster.com.ar\/web\/wp-json\/wp\/v2\/tags?post=58854"}],"curies":[{"name":"wp","href":"https:\/\/api.w.org\/{rel}","templated":true}]}}