{"id":58869,"date":"2020-08-26T18:21:43","date_gmt":"2020-08-26T21:21:43","guid":{"rendered":"https:\/\/www.arquimaster.com.ar\/web\/?p=58869"},"modified":"2020-09-10T16:04:04","modified_gmt":"2020-09-10T19:04:04","slug":"apartamento-en-calle-llull-ylab-arquitectos","status":"publish","type":"post","link":"https:\/\/www.arquimaster.com.ar\/web\/apartamento-en-calle-llull-ylab-arquitectos\/","title":{"rendered":"Apartamento en Calle Llull \/ YLAB Arquitectos"},"content":{"rendered":"<div style=\"margin-top: 0px; margin-bottom: 0px;\" class=\"sharethis-inline-share-buttons\" ><\/div><div class=\"b812932af2e751442846f039925109de\" data-index=\"1\" style=\"float: none; margin:25px 0 25px 0; text-align:center;\">\n<script async src=\"https:\/\/pagead2.googlesyndication.com\/pagead\/js\/adsbygoogle.js\"><\/script>\r\n<!-- Arquimaster (superior) -->\r\n<ins class=\"adsbygoogle\"\r\n     style=\"display:block\"\r\n     data-ad-client=\"ca-pub-6351072698456832\"\r\n     data-ad-slot=\"6455489680\"\r\n     data-ad-format=\"auto\"\r\n     data-full-width-responsive=\"true\"><\/ins>\r\n<script>\r\n     (adsbygoogle = window.adsbygoogle || []).push({});\r\n<\/script>\n<\/div>\n<p><strong>Apartamento en Calle Llull<\/strong> (Barcelona) por <strong>YLAB Arquitectos<\/strong>. El proyecto consiste en la reforma de una vivienda situada en un moderno edificio residencial ubicado dentro del parque de Diagonal Mar, a pocos metros de la playa. Los propietarios, una pareja enamorada de Barcelona, quisieron reformar este apartamento para disfrutar de la cercan\u00eda al mar y la tranquilidad de esta parte de la ciudad. Quer\u00edan convertir esta vivienda de dos habitaciones en un espacio confortable y funcional de un solo dormitorio, donde los ambientes principales se conectan y se abren a la terraza exterior mediante un espectacular ventanal con vistas sobre el parque y el mar.<\/p>\n<div id='gallery-1' class='gallery galleryid-58869 gallery-columns-3 gallery-size-thumbnail'><figure class='gallery-item'>\n\t\t\t<div class='gallery-icon portrait'>\n\t\t\t\t<a href='https:\/\/www.arquimaster.com.ar\/web\/wp-content\/uploads\/2020\/08\/apartamento_calle_llull1.jpg' title=\"Apartamento en Calle Llull \/ YLAB Arquitectos (\u00a9 YLAB Arquitectos Barcelona)\" data-rl_title=\"Apartamento en Calle Llull \/ YLAB Arquitectos (\u00a9 YLAB Arquitectos Barcelona)\" class=\"rl-gallery-link\" data-rl_caption=\"Apartamento en Calle Llull \/ YLAB Arquitectos (\u00a9 YLAB Arquitectos Barcelona)\" data-rel=\"lightbox-gallery-1\"><img loading=\"lazy\" decoding=\"async\" width=\"150\" height=\"150\" src=\"https:\/\/www.arquimaster.com.ar\/web\/wp-content\/uploads\/2020\/08\/apartamento_calle_llull1-150x150.jpg\" class=\"attachment-thumbnail size-thumbnail\" alt=\"\" aria-describedby=\"gallery-1-58871\" \/><\/a>\n\t\t\t<\/div>\n\t\t\t\t<figcaption class='wp-caption-text gallery-caption' id='gallery-1-58871'>\n\t\t\t\tApartamento en Calle Llull \/ YLAB Arquitectos (\u00a9 YLAB Arquitectos Barcelona)\n\t\t\t\t<\/figcaption><\/figure><figure class='gallery-item'>\n\t\t\t<div class='gallery-icon portrait'>\n\t\t\t\t<a href='https:\/\/www.arquimaster.com.ar\/web\/wp-content\/uploads\/2020\/08\/apartamento_calle_llull2.jpg' title=\"Apartamento en Calle Llull \/ YLAB Arquitectos (\u00a9 YLAB Arquitectos Barcelona)\" data-rl_title=\"Apartamento en Calle Llull \/ YLAB Arquitectos (\u00a9 YLAB Arquitectos Barcelona)\" class=\"rl-gallery-link\" data-rl_caption=\"Apartamento en Calle Llull \/ YLAB Arquitectos (\u00a9 YLAB Arquitectos Barcelona)\" data-rel=\"lightbox-gallery-1\"><img loading=\"lazy\" decoding=\"async\" width=\"150\" height=\"150\" src=\"https:\/\/www.arquimaster.com.ar\/web\/wp-content\/uploads\/2020\/08\/apartamento_calle_llull2-150x150.jpg\" class=\"attachment-thumbnail size-thumbnail\" alt=\"\" aria-describedby=\"gallery-1-58872\" \/><\/a>\n\t\t\t<\/div>\n\t\t\t\t<figcaption class='wp-caption-text gallery-caption' id='gallery-1-58872'>\n\t\t\t\tApartamento en Calle Llull \/ YLAB Arquitectos (\u00a9 YLAB Arquitectos Barcelona)\n\t\t\t\t<\/figcaption><\/figure><figure class='gallery-item'>\n\t\t\t<div class='gallery-icon portrait'>\n\t\t\t\t<a href='https:\/\/www.arquimaster.com.ar\/web\/wp-content\/uploads\/2020\/08\/apartamento_calle_llull3.jpg' title=\"Apartamento en Calle Llull \/ YLAB Arquitectos (\u00a9 YLAB Arquitectos Barcelona)\" data-rl_title=\"Apartamento en Calle Llull \/ YLAB Arquitectos (\u00a9 YLAB Arquitectos Barcelona)\" class=\"rl-gallery-link\" data-rl_caption=\"Apartamento en Calle Llull \/ YLAB Arquitectos (\u00a9 YLAB Arquitectos Barcelona)\" data-rel=\"lightbox-gallery-1\"><img loading=\"lazy\" decoding=\"async\" width=\"150\" height=\"150\" src=\"https:\/\/www.arquimaster.com.ar\/web\/wp-content\/uploads\/2020\/08\/apartamento_calle_llull3-150x150.jpg\" class=\"attachment-thumbnail size-thumbnail\" alt=\"\" aria-describedby=\"gallery-1-58873\" \/><\/a>\n\t\t\t<\/div>\n\t\t\t\t<figcaption class='wp-caption-text gallery-caption' id='gallery-1-58873'>\n\t\t\t\tApartamento en Calle Llull \/ YLAB Arquitectos (\u00a9 YLAB Arquitectos Barcelona)\n\t\t\t\t<\/figcaption><\/figure><figure class='gallery-item'>\n\t\t\t<div class='gallery-icon portrait'>\n\t\t\t\t<a href='https:\/\/www.arquimaster.com.ar\/web\/wp-content\/uploads\/2020\/08\/apartamento_calle_llull4.jpg' title=\"Apartamento en Calle Llull \/ YLAB Arquitectos (\u00a9 YLAB Arquitectos Barcelona)\" data-rl_title=\"Apartamento en Calle Llull \/ YLAB Arquitectos (\u00a9 YLAB Arquitectos Barcelona)\" class=\"rl-gallery-link\" data-rl_caption=\"Apartamento en Calle Llull \/ YLAB Arquitectos (\u00a9 YLAB Arquitectos Barcelona)\" data-rel=\"lightbox-gallery-1\"><img loading=\"lazy\" decoding=\"async\" width=\"150\" height=\"150\" src=\"https:\/\/www.arquimaster.com.ar\/web\/wp-content\/uploads\/2020\/08\/apartamento_calle_llull4-150x150.jpg\" class=\"attachment-thumbnail size-thumbnail\" alt=\"\" aria-describedby=\"gallery-1-58874\" \/><\/a>\n\t\t\t<\/div>\n\t\t\t\t<figcaption class='wp-caption-text gallery-caption' id='gallery-1-58874'>\n\t\t\t\tApartamento en Calle Llull \/ YLAB Arquitectos (\u00a9 YLAB Arquitectos Barcelona)\n\t\t\t\t<\/figcaption><\/figure><figure class='gallery-item'>\n\t\t\t<div class='gallery-icon portrait'>\n\t\t\t\t<a href='https:\/\/www.arquimaster.com.ar\/web\/wp-content\/uploads\/2020\/08\/apartamento_calle_llull5.jpg' title=\"Apartamento en Calle Llull \/ YLAB Arquitectos (\u00a9 YLAB Arquitectos Barcelona)\" data-rl_title=\"Apartamento en Calle Llull \/ YLAB Arquitectos (\u00a9 YLAB Arquitectos Barcelona)\" class=\"rl-gallery-link\" data-rl_caption=\"Apartamento en Calle Llull \/ YLAB Arquitectos (\u00a9 YLAB Arquitectos Barcelona)\" data-rel=\"lightbox-gallery-1\"><img loading=\"lazy\" decoding=\"async\" width=\"150\" height=\"150\" src=\"https:\/\/www.arquimaster.com.ar\/web\/wp-content\/uploads\/2020\/08\/apartamento_calle_llull5-150x150.jpg\" class=\"attachment-thumbnail size-thumbnail\" alt=\"\" aria-describedby=\"gallery-1-58875\" \/><\/a>\n\t\t\t<\/div>\n\t\t\t\t<figcaption class='wp-caption-text gallery-caption' id='gallery-1-58875'>\n\t\t\t\tApartamento en Calle Llull \/ YLAB Arquitectos (\u00a9 YLAB Arquitectos Barcelona)\n\t\t\t\t<\/figcaption><\/figure><figure class='gallery-item'>\n\t\t\t<div class='gallery-icon portrait'>\n\t\t\t\t<a href='https:\/\/www.arquimaster.com.ar\/web\/wp-content\/uploads\/2020\/08\/apartamento_calle_llull6.jpg' title=\"Apartamento en Calle Llull \/ YLAB Arquitectos (\u00a9 YLAB Arquitectos Barcelona)\" data-rl_title=\"Apartamento en Calle Llull \/ YLAB Arquitectos (\u00a9 YLAB Arquitectos Barcelona)\" class=\"rl-gallery-link\" data-rl_caption=\"Apartamento en Calle Llull \/ YLAB Arquitectos (\u00a9 YLAB Arquitectos Barcelona)\" data-rel=\"lightbox-gallery-1\"><img loading=\"lazy\" decoding=\"async\" width=\"150\" height=\"150\" src=\"https:\/\/www.arquimaster.com.ar\/web\/wp-content\/uploads\/2020\/08\/apartamento_calle_llull6-150x150.jpg\" class=\"attachment-thumbnail size-thumbnail\" alt=\"\" aria-describedby=\"gallery-1-58876\" \/><\/a>\n\t\t\t<\/div>\n\t\t\t\t<figcaption class='wp-caption-text gallery-caption' id='gallery-1-58876'>\n\t\t\t\tApartamento en Calle Llull \/ YLAB Arquitectos (\u00a9 YLAB Arquitectos Barcelona)\n\t\t\t\t<\/figcaption><\/figure><figure class='gallery-item'>\n\t\t\t<div class='gallery-icon landscape'>\n\t\t\t\t<a href='https:\/\/www.arquimaster.com.ar\/web\/wp-content\/uploads\/2020\/08\/apartamento_calle_llull7.jpg' title=\"Apartamento en Calle Llull \/ YLAB Arquitectos (\u00a9 YLAB Arquitectos Barcelona)\" data-rl_title=\"Apartamento en Calle Llull \/ YLAB Arquitectos (\u00a9 YLAB Arquitectos Barcelona)\" class=\"rl-gallery-link\" data-rl_caption=\"Apartamento en Calle Llull \/ YLAB Arquitectos (\u00a9 YLAB Arquitectos Barcelona)\" data-rel=\"lightbox-gallery-1\"><img loading=\"lazy\" decoding=\"async\" width=\"150\" height=\"150\" src=\"https:\/\/www.arquimaster.com.ar\/web\/wp-content\/uploads\/2020\/08\/apartamento_calle_llull7-150x150.jpg\" class=\"attachment-thumbnail size-thumbnail\" alt=\"\" aria-describedby=\"gallery-1-58877\" \/><\/a>\n\t\t\t<\/div>\n\t\t\t\t<figcaption class='wp-caption-text gallery-caption' id='gallery-1-58877'>\n\t\t\t\tApartamento en Calle Llull \/ YLAB Arquitectos (\u00a9 YLAB Arquitectos Barcelona)\n\t\t\t\t<\/figcaption><\/figure><figure class='gallery-item'>\n\t\t\t<div class='gallery-icon portrait'>\n\t\t\t\t<a href='https:\/\/www.arquimaster.com.ar\/web\/wp-content\/uploads\/2020\/08\/apartamento_calle_llull8.jpg' title=\"Apartamento en Calle Llull \/ YLAB Arquitectos (\u00a9 YLAB Arquitectos Barcelona)\" data-rl_title=\"Apartamento en Calle Llull \/ YLAB Arquitectos (\u00a9 YLAB Arquitectos Barcelona)\" class=\"rl-gallery-link\" data-rl_caption=\"Apartamento en Calle Llull \/ YLAB Arquitectos (\u00a9 YLAB Arquitectos Barcelona)\" data-rel=\"lightbox-gallery-1\"><img loading=\"lazy\" decoding=\"async\" width=\"150\" height=\"150\" src=\"https:\/\/www.arquimaster.com.ar\/web\/wp-content\/uploads\/2020\/08\/apartamento_calle_llull8-150x150.jpg\" class=\"attachment-thumbnail size-thumbnail\" alt=\"\" aria-describedby=\"gallery-1-58878\" \/><\/a>\n\t\t\t<\/div>\n\t\t\t\t<figcaption class='wp-caption-text gallery-caption' id='gallery-1-58878'>\n\t\t\t\tApartamento en Calle Llull \/ YLAB Arquitectos (\u00a9 YLAB Arquitectos Barcelona)\n\t\t\t\t<\/figcaption><\/figure><figure class='gallery-item'>\n\t\t\t<div class='gallery-icon landscape'>\n\t\t\t\t<a href='https:\/\/www.arquimaster.com.ar\/web\/wp-content\/uploads\/2020\/08\/apartamento_calle_llull9.jpg' title=\"Apartamento en Calle Llull \/ YLAB Arquitectos (\u00a9 YLAB Arquitectos Barcelona)\" data-rl_title=\"Apartamento en Calle Llull \/ YLAB Arquitectos (\u00a9 YLAB Arquitectos Barcelona)\" class=\"rl-gallery-link\" data-rl_caption=\"Apartamento en Calle Llull \/ YLAB Arquitectos (\u00a9 YLAB Arquitectos Barcelona)\" data-rel=\"lightbox-gallery-1\"><img loading=\"lazy\" decoding=\"async\" width=\"150\" height=\"150\" src=\"https:\/\/www.arquimaster.com.ar\/web\/wp-content\/uploads\/2020\/08\/apartamento_calle_llull9-150x150.jpg\" class=\"attachment-thumbnail size-thumbnail\" alt=\"\" aria-describedby=\"gallery-1-58879\" \/><\/a>\n\t\t\t<\/div>\n\t\t\t\t<figcaption class='wp-caption-text gallery-caption' id='gallery-1-58879'>\n\t\t\t\tApartamento en Calle Llull \/ YLAB Arquitectos (\u00a9 YLAB Arquitectos Barcelona)\n\t\t\t\t<\/figcaption><\/figure><figure class='gallery-item'>\n\t\t\t<div class='gallery-icon landscape'>\n\t\t\t\t<a href='https:\/\/www.arquimaster.com.ar\/web\/wp-content\/uploads\/2020\/08\/apartamento_calle_llull10.jpg' title=\"Apartamento en Calle Llull \/ YLAB Arquitectos (\u00a9 YLAB Arquitectos Barcelona)\" data-rl_title=\"Apartamento en Calle Llull \/ YLAB Arquitectos (\u00a9 YLAB Arquitectos Barcelona)\" class=\"rl-gallery-link\" data-rl_caption=\"Apartamento en Calle Llull \/ YLAB Arquitectos (\u00a9 YLAB Arquitectos Barcelona)\" data-rel=\"lightbox-gallery-1\"><img loading=\"lazy\" decoding=\"async\" width=\"150\" height=\"150\" src=\"https:\/\/www.arquimaster.com.ar\/web\/wp-content\/uploads\/2020\/08\/apartamento_calle_llull10-150x150.jpg\" class=\"attachment-thumbnail size-thumbnail\" alt=\"\" aria-describedby=\"gallery-1-58880\" \/><\/a>\n\t\t\t<\/div>\n\t\t\t\t<figcaption class='wp-caption-text gallery-caption' id='gallery-1-58880'>\n\t\t\t\tApartamento en Calle Llull \/ YLAB Arquitectos (\u00a9 YLAB Arquitectos Barcelona)\n\t\t\t\t<\/figcaption><\/figure><figure class='gallery-item'>\n\t\t\t<div class='gallery-icon portrait'>\n\t\t\t\t<a href='https:\/\/www.arquimaster.com.ar\/web\/wp-content\/uploads\/2020\/08\/apartamento_calle_llull11.jpg' title=\"Apartamento en Calle Llull \/ YLAB Arquitectos (\u00a9 YLAB Arquitectos Barcelona)\" data-rl_title=\"Apartamento en Calle Llull \/ YLAB Arquitectos (\u00a9 YLAB Arquitectos Barcelona)\" class=\"rl-gallery-link\" data-rl_caption=\"Apartamento en Calle Llull \/ YLAB Arquitectos (\u00a9 YLAB Arquitectos Barcelona)\" data-rel=\"lightbox-gallery-1\"><img loading=\"lazy\" decoding=\"async\" width=\"150\" height=\"150\" src=\"https:\/\/www.arquimaster.com.ar\/web\/wp-content\/uploads\/2020\/08\/apartamento_calle_llull11-150x150.jpg\" class=\"attachment-thumbnail size-thumbnail\" alt=\"\" aria-describedby=\"gallery-1-58881\" \/><\/a>\n\t\t\t<\/div>\n\t\t\t\t<figcaption class='wp-caption-text gallery-caption' id='gallery-1-58881'>\n\t\t\t\tApartamento en Calle Llull \/ YLAB Arquitectos (\u00a9 YLAB Arquitectos Barcelona)\n\t\t\t\t<\/figcaption><\/figure><figure class='gallery-item'>\n\t\t\t<div class='gallery-icon portrait'>\n\t\t\t\t<a href='https:\/\/www.arquimaster.com.ar\/web\/wp-content\/uploads\/2020\/08\/apartamento_calle_llull12.jpg' title=\"Apartamento en Calle Llull \/ YLAB Arquitectos (\u00a9 YLAB Arquitectos Barcelona)\" data-rl_title=\"Apartamento en Calle Llull \/ YLAB Arquitectos (\u00a9 YLAB Arquitectos Barcelona)\" class=\"rl-gallery-link\" data-rl_caption=\"Apartamento en Calle Llull \/ YLAB Arquitectos (\u00a9 YLAB Arquitectos Barcelona)\" data-rel=\"lightbox-gallery-1\"><img loading=\"lazy\" decoding=\"async\" width=\"150\" height=\"150\" src=\"https:\/\/www.arquimaster.com.ar\/web\/wp-content\/uploads\/2020\/08\/apartamento_calle_llull12-150x150.jpg\" class=\"attachment-thumbnail size-thumbnail\" alt=\"\" aria-describedby=\"gallery-1-58882\" \/><\/a>\n\t\t\t<\/div>\n\t\t\t\t<figcaption class='wp-caption-text gallery-caption' id='gallery-1-58882'>\n\t\t\t\tApartamento en Calle Llull \/ YLAB Arquitectos (\u00a9 YLAB Arquitectos Barcelona)\n\t\t\t\t<\/figcaption><\/figure><figure class='gallery-item'>\n\t\t\t<div class='gallery-icon portrait'>\n\t\t\t\t<a href='https:\/\/www.arquimaster.com.ar\/web\/wp-content\/uploads\/2020\/08\/apartamento_calle_llull13.jpg' title=\"Apartamento en Calle Llull \/ YLAB Arquitectos (\u00a9 YLAB Arquitectos Barcelona)\" data-rl_title=\"Apartamento en Calle Llull \/ YLAB Arquitectos (\u00a9 YLAB Arquitectos Barcelona)\" class=\"rl-gallery-link\" data-rl_caption=\"Apartamento en Calle Llull \/ YLAB Arquitectos (\u00a9 YLAB Arquitectos Barcelona)\" data-rel=\"lightbox-gallery-1\"><img loading=\"lazy\" decoding=\"async\" width=\"150\" height=\"150\" src=\"https:\/\/www.arquimaster.com.ar\/web\/wp-content\/uploads\/2020\/08\/apartamento_calle_llull13-150x150.jpg\" class=\"attachment-thumbnail size-thumbnail\" alt=\"\" aria-describedby=\"gallery-1-58883\" \/><\/a>\n\t\t\t<\/div>\n\t\t\t\t<figcaption class='wp-caption-text gallery-caption' id='gallery-1-58883'>\n\t\t\t\tApartamento en Calle Llull \/ YLAB Arquitectos (\u00a9 YLAB Arquitectos Barcelona)\n\t\t\t\t<\/figcaption><\/figure><figure class='gallery-item'>\n\t\t\t<div class='gallery-icon landscape'>\n\t\t\t\t<a href='https:\/\/www.arquimaster.com.ar\/web\/wp-content\/uploads\/2020\/08\/apartamento_calle_llull14.jpg' title=\"Apartamento en Calle Llull \/ YLAB Arquitectos (\u00a9 YLAB Arquitectos Barcelona)\" data-rl_title=\"Apartamento en Calle Llull \/ YLAB Arquitectos (\u00a9 YLAB Arquitectos Barcelona)\" class=\"rl-gallery-link\" data-rl_caption=\"Apartamento en Calle Llull \/ YLAB Arquitectos (\u00a9 YLAB Arquitectos Barcelona)\" data-rel=\"lightbox-gallery-1\"><img loading=\"lazy\" decoding=\"async\" width=\"150\" height=\"150\" src=\"https:\/\/www.arquimaster.com.ar\/web\/wp-content\/uploads\/2020\/08\/apartamento_calle_llull14-150x150.jpg\" class=\"attachment-thumbnail size-thumbnail\" alt=\"\" aria-describedby=\"gallery-1-58884\" \/><\/a>\n\t\t\t<\/div>\n\t\t\t\t<figcaption class='wp-caption-text gallery-caption' id='gallery-1-58884'>\n\t\t\t\tApartamento en Calle Llull \/ YLAB Arquitectos (\u00a9 YLAB Arquitectos Barcelona)\n\t\t\t\t<\/figcaption><\/figure><figure class='gallery-item'>\n\t\t\t<div class='gallery-icon landscape'>\n\t\t\t\t<a href='https:\/\/www.arquimaster.com.ar\/web\/wp-content\/uploads\/2020\/08\/apartamento_calle_llull15.jpg' title=\"Apartamento en Calle Llull \/ YLAB Arquitectos (\u00a9 YLAB Arquitectos Barcelona)\" data-rl_title=\"Apartamento en Calle Llull \/ YLAB Arquitectos (\u00a9 YLAB Arquitectos Barcelona)\" class=\"rl-gallery-link\" data-rl_caption=\"Apartamento en Calle Llull \/ YLAB Arquitectos (\u00a9 YLAB Arquitectos Barcelona)\" data-rel=\"lightbox-gallery-1\"><img loading=\"lazy\" decoding=\"async\" width=\"150\" height=\"150\" src=\"https:\/\/www.arquimaster.com.ar\/web\/wp-content\/uploads\/2020\/08\/apartamento_calle_llull15-150x150.jpg\" class=\"attachment-thumbnail size-thumbnail\" alt=\"\" aria-describedby=\"gallery-1-58885\" \/><\/a>\n\t\t\t<\/div>\n\t\t\t\t<figcaption class='wp-caption-text gallery-caption' id='gallery-1-58885'>\n\t\t\t\tApartamento en Calle Llull \/ YLAB Arquitectos (\u00a9 YLAB Arquitectos Barcelona)\n\t\t\t\t<\/figcaption><\/figure><figure class='gallery-item'>\n\t\t\t<div class='gallery-icon landscape'>\n\t\t\t\t<a href='https:\/\/www.arquimaster.com.ar\/web\/wp-content\/uploads\/2020\/08\/apartamento_calle_llull16.jpg' title=\"Apartamento en Calle Llull \/ YLAB Arquitectos (\u00a9 YLAB Arquitectos Barcelona)\" data-rl_title=\"Apartamento en Calle Llull \/ YLAB Arquitectos (\u00a9 YLAB Arquitectos Barcelona)\" class=\"rl-gallery-link\" data-rl_caption=\"Apartamento en Calle Llull \/ YLAB Arquitectos (\u00a9 YLAB Arquitectos Barcelona)\" data-rel=\"lightbox-gallery-1\"><img loading=\"lazy\" decoding=\"async\" width=\"150\" height=\"150\" src=\"https:\/\/www.arquimaster.com.ar\/web\/wp-content\/uploads\/2020\/08\/apartamento_calle_llull16-150x150.jpg\" class=\"attachment-thumbnail size-thumbnail\" alt=\"\" aria-describedby=\"gallery-1-58886\" \/><\/a>\n\t\t\t<\/div>\n\t\t\t\t<figcaption class='wp-caption-text gallery-caption' id='gallery-1-58886'>\n\t\t\t\tApartamento en Calle Llull \/ YLAB Arquitectos (\u00a9 YLAB Arquitectos Barcelona)\n\t\t\t\t<\/figcaption><\/figure><figure class='gallery-item'>\n\t\t\t<div class='gallery-icon landscape'>\n\t\t\t\t<a href='https:\/\/www.arquimaster.com.ar\/web\/wp-content\/uploads\/2020\/08\/apartamento_calle_llull17.jpg' title=\"Apartamento en Calle Llull \/ YLAB Arquitectos (\u00a9 YLAB Arquitectos Barcelona)\" data-rl_title=\"Apartamento en Calle Llull \/ YLAB Arquitectos (\u00a9 YLAB Arquitectos Barcelona)\" class=\"rl-gallery-link\" data-rl_caption=\"Apartamento en Calle Llull \/ YLAB Arquitectos (\u00a9 YLAB Arquitectos Barcelona)\" data-rel=\"lightbox-gallery-1\"><img loading=\"lazy\" decoding=\"async\" width=\"150\" height=\"150\" src=\"https:\/\/www.arquimaster.com.ar\/web\/wp-content\/uploads\/2020\/08\/apartamento_calle_llull17-150x150.jpg\" class=\"attachment-thumbnail size-thumbnail\" alt=\"\" aria-describedby=\"gallery-1-58887\" \/><\/a>\n\t\t\t<\/div>\n\t\t\t\t<figcaption class='wp-caption-text gallery-caption' id='gallery-1-58887'>\n\t\t\t\tApartamento en Calle Llull \/ YLAB Arquitectos (\u00a9 YLAB Arquitectos Barcelona)\n\t\t\t\t<\/figcaption><\/figure><figure class='gallery-item'>\n\t\t\t<div class='gallery-icon portrait'>\n\t\t\t\t<a href='https:\/\/www.arquimaster.com.ar\/web\/wp-content\/uploads\/2020\/08\/apartamento_calle_llull18.jpg' title=\"Apartamento en Calle Llull \/ YLAB Arquitectos (\u00a9 YLAB Arquitectos Barcelona)\" data-rl_title=\"Apartamento en Calle Llull \/ YLAB Arquitectos (\u00a9 YLAB Arquitectos Barcelona)\" class=\"rl-gallery-link\" data-rl_caption=\"Apartamento en Calle Llull \/ YLAB Arquitectos (\u00a9 YLAB Arquitectos Barcelona)\" data-rel=\"lightbox-gallery-1\"><img loading=\"lazy\" decoding=\"async\" width=\"150\" height=\"150\" src=\"https:\/\/www.arquimaster.com.ar\/web\/wp-content\/uploads\/2020\/08\/apartamento_calle_llull18-150x150.jpg\" class=\"attachment-thumbnail size-thumbnail\" alt=\"\" aria-describedby=\"gallery-1-58888\" \/><\/a>\n\t\t\t<\/div>\n\t\t\t\t<figcaption class='wp-caption-text gallery-caption' id='gallery-1-58888'>\n\t\t\t\tApartamento en Calle Llull \/ YLAB Arquitectos (\u00a9 YLAB Arquitectos Barcelona)\n\t\t\t\t<\/figcaption><\/figure><figure class='gallery-item'>\n\t\t\t<div class='gallery-icon portrait'>\n\t\t\t\t<a href='https:\/\/www.arquimaster.com.ar\/web\/wp-content\/uploads\/2020\/08\/apartamento_calle_llull19.jpg' title=\"Apartamento en Calle Llull \/ YLAB Arquitectos (\u00a9 YLAB Arquitectos Barcelona)\" data-rl_title=\"Apartamento en Calle Llull \/ YLAB Arquitectos (\u00a9 YLAB Arquitectos Barcelona)\" class=\"rl-gallery-link\" data-rl_caption=\"Apartamento en Calle Llull \/ YLAB Arquitectos (\u00a9 YLAB Arquitectos Barcelona)\" data-rel=\"lightbox-gallery-1\"><img loading=\"lazy\" decoding=\"async\" width=\"150\" height=\"150\" src=\"https:\/\/www.arquimaster.com.ar\/web\/wp-content\/uploads\/2020\/08\/apartamento_calle_llull19-150x150.jpg\" class=\"attachment-thumbnail size-thumbnail\" alt=\"\" aria-describedby=\"gallery-1-58889\" \/><\/a>\n\t\t\t<\/div>\n\t\t\t\t<figcaption class='wp-caption-text gallery-caption' id='gallery-1-58889'>\n\t\t\t\tApartamento en Calle Llull \/ YLAB Arquitectos (\u00a9 YLAB Arquitectos Barcelona)\n\t\t\t\t<\/figcaption><\/figure><figure class='gallery-item'>\n\t\t\t<div class='gallery-icon portrait'>\n\t\t\t\t<a href='https:\/\/www.arquimaster.com.ar\/web\/wp-content\/uploads\/2020\/08\/apartamento_calle_llull20.jpg' title=\"Apartamento en Calle Llull \/ YLAB Arquitectos (\u00a9 YLAB Arquitectos Barcelona)\" data-rl_title=\"Apartamento en Calle Llull \/ YLAB Arquitectos (\u00a9 YLAB Arquitectos Barcelona)\" class=\"rl-gallery-link\" data-rl_caption=\"Apartamento en Calle Llull \/ YLAB Arquitectos (\u00a9 YLAB Arquitectos Barcelona)\" data-rel=\"lightbox-gallery-1\"><img loading=\"lazy\" decoding=\"async\" width=\"150\" height=\"150\" src=\"https:\/\/www.arquimaster.com.ar\/web\/wp-content\/uploads\/2020\/08\/apartamento_calle_llull20-150x150.jpg\" class=\"attachment-thumbnail size-thumbnail\" alt=\"\" aria-describedby=\"gallery-1-58890\" \/><\/a>\n\t\t\t<\/div>\n\t\t\t\t<figcaption class='wp-caption-text gallery-caption' id='gallery-1-58890'>\n\t\t\t\tApartamento en Calle Llull \/ YLAB Arquitectos (\u00a9 YLAB Arquitectos Barcelona)\n\t\t\t\t<\/figcaption><\/figure><figure class='gallery-item'>\n\t\t\t<div class='gallery-icon portrait'>\n\t\t\t\t<a href='https:\/\/www.arquimaster.com.ar\/web\/wp-content\/uploads\/2020\/08\/apartamento_calle_llull21.jpg' title=\"Apartamento en Calle Llull \/ YLAB Arquitectos (\u00a9 YLAB Arquitectos Barcelona)\" data-rl_title=\"Apartamento en Calle Llull \/ YLAB Arquitectos (\u00a9 YLAB Arquitectos Barcelona)\" class=\"rl-gallery-link\" data-rl_caption=\"Apartamento en Calle Llull \/ YLAB Arquitectos (\u00a9 YLAB Arquitectos Barcelona)\" data-rel=\"lightbox-gallery-1\"><img loading=\"lazy\" decoding=\"async\" width=\"150\" height=\"150\" src=\"https:\/\/www.arquimaster.com.ar\/web\/wp-content\/uploads\/2020\/08\/apartamento_calle_llull21-150x150.jpg\" class=\"attachment-thumbnail size-thumbnail\" alt=\"\" aria-describedby=\"gallery-1-58891\" \/><\/a>\n\t\t\t<\/div>\n\t\t\t\t<figcaption class='wp-caption-text gallery-caption' id='gallery-1-58891'>\n\t\t\t\tApartamento en Calle Llull \/ YLAB Arquitectos (\u00a9 YLAB Arquitectos Barcelona)\n\t\t\t\t<\/figcaption><\/figure><figure class='gallery-item'>\n\t\t\t<div class='gallery-icon portrait'>\n\t\t\t\t<a href='https:\/\/www.arquimaster.com.ar\/web\/wp-content\/uploads\/2020\/08\/apartamento_calle_llull22.jpg' title=\"Apartamento en Calle Llull \/ YLAB Arquitectos (\u00a9 YLAB Arquitectos Barcelona)\" data-rl_title=\"Apartamento en Calle Llull \/ YLAB Arquitectos (\u00a9 YLAB Arquitectos Barcelona)\" class=\"rl-gallery-link\" data-rl_caption=\"Apartamento en Calle Llull \/ YLAB Arquitectos (\u00a9 YLAB Arquitectos Barcelona)\" data-rel=\"lightbox-gallery-1\"><img loading=\"lazy\" decoding=\"async\" width=\"150\" height=\"150\" src=\"https:\/\/www.arquimaster.com.ar\/web\/wp-content\/uploads\/2020\/08\/apartamento_calle_llull22-150x150.jpg\" class=\"attachment-thumbnail size-thumbnail\" alt=\"\" aria-describedby=\"gallery-1-58892\" \/><\/a>\n\t\t\t<\/div>\n\t\t\t\t<figcaption class='wp-caption-text gallery-caption' id='gallery-1-58892'>\n\t\t\t\tApartamento en Calle Llull \/ YLAB Arquitectos (\u00a9 YLAB Arquitectos Barcelona)\n\t\t\t\t<\/figcaption><\/figure><figure class='gallery-item'>\n\t\t\t<div class='gallery-icon landscape'>\n\t\t\t\t<a href='https:\/\/www.arquimaster.com.ar\/web\/wp-content\/uploads\/2020\/08\/apartamento_calle_llull23.jpg' title=\"Apartamento en Calle Llull \/ YLAB Arquitectos (\u00a9 YLAB Arquitectos Barcelona)\" data-rl_title=\"Apartamento en Calle Llull \/ YLAB Arquitectos (\u00a9 YLAB Arquitectos Barcelona)\" class=\"rl-gallery-link\" data-rl_caption=\"Apartamento en Calle Llull \/ YLAB Arquitectos (\u00a9 YLAB Arquitectos Barcelona)\" data-rel=\"lightbox-gallery-1\"><img loading=\"lazy\" decoding=\"async\" width=\"150\" height=\"150\" src=\"https:\/\/www.arquimaster.com.ar\/web\/wp-content\/uploads\/2020\/08\/apartamento_calle_llull23-150x150.jpg\" class=\"attachment-thumbnail size-thumbnail\" alt=\"\" aria-describedby=\"gallery-1-58893\" srcset=\"https:\/\/www.arquimaster.com.ar\/web\/wp-content\/uploads\/2020\/08\/apartamento_calle_llull23-150x150.jpg 150w, https:\/\/www.arquimaster.com.ar\/web\/wp-content\/uploads\/2020\/08\/apartamento_calle_llull23-1024x1024.jpg 1024w, https:\/\/www.arquimaster.com.ar\/web\/wp-content\/uploads\/2020\/08\/apartamento_calle_llull23-768x768.jpg 768w, https:\/\/www.arquimaster.com.ar\/web\/wp-content\/uploads\/2020\/08\/apartamento_calle_llull23.jpg 1500w\" sizes=\"auto, (max-width: 150px) 100vw, 150px\" \/><\/a>\n\t\t\t<\/div>\n\t\t\t\t<figcaption class='wp-caption-text gallery-caption' id='gallery-1-58893'>\n\t\t\t\tApartamento en Calle Llull \/ YLAB Arquitectos (\u00a9 YLAB Arquitectos Barcelona)\n\t\t\t\t<\/figcaption><\/figure><figure class='gallery-item'>\n\t\t\t<div class='gallery-icon portrait'>\n\t\t\t\t<a href='https:\/\/www.arquimaster.com.ar\/web\/wp-content\/uploads\/2020\/08\/apartamento_calle_llull24.jpg' title=\"Apartamento en Calle Llull \/ YLAB Arquitectos (\u00a9 YLAB Arquitectos Barcelona)\" data-rl_title=\"Apartamento en Calle Llull \/ YLAB Arquitectos (\u00a9 YLAB Arquitectos Barcelona)\" class=\"rl-gallery-link\" data-rl_caption=\"Apartamento en Calle Llull \/ YLAB Arquitectos (\u00a9 YLAB Arquitectos Barcelona)\" data-rel=\"lightbox-gallery-1\"><img loading=\"lazy\" decoding=\"async\" width=\"150\" height=\"150\" src=\"https:\/\/www.arquimaster.com.ar\/web\/wp-content\/uploads\/2020\/08\/apartamento_calle_llull24-150x150.jpg\" class=\"attachment-thumbnail size-thumbnail\" alt=\"\" aria-describedby=\"gallery-1-58894\" \/><\/a>\n\t\t\t<\/div>\n\t\t\t\t<figcaption class='wp-caption-text gallery-caption' id='gallery-1-58894'>\n\t\t\t\tApartamento en Calle Llull \/ YLAB Arquitectos (\u00a9 YLAB Arquitectos Barcelona)\n\t\t\t\t<\/figcaption><\/figure><figure class='gallery-item'>\n\t\t\t<div class='gallery-icon portrait'>\n\t\t\t\t<a href='https:\/\/www.arquimaster.com.ar\/web\/wp-content\/uploads\/2020\/08\/apartamento_calle_llull25.jpg' title=\"Apartamento en Calle Llull \/ YLAB Arquitectos (\u00a9 YLAB Arquitectos Barcelona)\" data-rl_title=\"Apartamento en Calle Llull \/ YLAB Arquitectos (\u00a9 YLAB Arquitectos Barcelona)\" class=\"rl-gallery-link\" data-rl_caption=\"Apartamento en Calle Llull \/ YLAB Arquitectos (\u00a9 YLAB Arquitectos Barcelona)\" data-rel=\"lightbox-gallery-1\"><img loading=\"lazy\" decoding=\"async\" width=\"150\" height=\"150\" src=\"https:\/\/www.arquimaster.com.ar\/web\/wp-content\/uploads\/2020\/08\/apartamento_calle_llull25-150x150.jpg\" class=\"attachment-thumbnail size-thumbnail\" alt=\"\" aria-describedby=\"gallery-1-58895\" \/><\/a>\n\t\t\t<\/div>\n\t\t\t\t<figcaption class='wp-caption-text gallery-caption' id='gallery-1-58895'>\n\t\t\t\tApartamento en Calle Llull \/ YLAB Arquitectos (\u00a9 YLAB Arquitectos Barcelona)\n\t\t\t\t<\/figcaption><\/figure><figure class='gallery-item'>\n\t\t\t<div class='gallery-icon portrait'>\n\t\t\t\t<a href='https:\/\/www.arquimaster.com.ar\/web\/wp-content\/uploads\/2020\/08\/apartamento_calle_llull26.jpg' title=\"Apartamento en Calle Llull \/ YLAB Arquitectos (\u00a9 YLAB Arquitectos Barcelona)\" data-rl_title=\"Apartamento en Calle Llull \/ YLAB Arquitectos (\u00a9 YLAB Arquitectos Barcelona)\" class=\"rl-gallery-link\" data-rl_caption=\"Apartamento en Calle Llull \/ YLAB Arquitectos (\u00a9 YLAB Arquitectos Barcelona)\" data-rel=\"lightbox-gallery-1\"><img loading=\"lazy\" decoding=\"async\" width=\"150\" height=\"150\" src=\"https:\/\/www.arquimaster.com.ar\/web\/wp-content\/uploads\/2020\/08\/apartamento_calle_llull26-150x150.jpg\" class=\"attachment-thumbnail size-thumbnail\" alt=\"\" aria-describedby=\"gallery-1-58896\" \/><\/a>\n\t\t\t<\/div>\n\t\t\t\t<figcaption class='wp-caption-text gallery-caption' id='gallery-1-58896'>\n\t\t\t\tApartamento en Calle Llull \/ YLAB Arquitectos (\u00a9 YLAB Arquitectos Barcelona)\n\t\t\t\t<\/figcaption><\/figure><figure class='gallery-item'>\n\t\t\t<div class='gallery-icon portrait'>\n\t\t\t\t<a href='https:\/\/www.arquimaster.com.ar\/web\/wp-content\/uploads\/2020\/08\/apartamento_calle_llull27.jpg' title=\"Apartamento en Calle Llull \/ YLAB Arquitectos (\u00a9 YLAB Arquitectos Barcelona)\" data-rl_title=\"Apartamento en Calle Llull \/ YLAB Arquitectos (\u00a9 YLAB Arquitectos Barcelona)\" class=\"rl-gallery-link\" data-rl_caption=\"Apartamento en Calle Llull \/ YLAB Arquitectos (\u00a9 YLAB Arquitectos Barcelona)\" data-rel=\"lightbox-gallery-1\"><img loading=\"lazy\" decoding=\"async\" width=\"150\" height=\"150\" src=\"https:\/\/www.arquimaster.com.ar\/web\/wp-content\/uploads\/2020\/08\/apartamento_calle_llull27-150x150.jpg\" class=\"attachment-thumbnail size-thumbnail\" alt=\"\" aria-describedby=\"gallery-1-58897\" \/><\/a>\n\t\t\t<\/div>\n\t\t\t\t<figcaption class='wp-caption-text gallery-caption' id='gallery-1-58897'>\n\t\t\t\tApartamento en Calle Llull \/ YLAB Arquitectos (\u00a9 YLAB Arquitectos Barcelona)\n\t\t\t\t<\/figcaption><\/figure><figure class='gallery-item'>\n\t\t\t<div class='gallery-icon portrait'>\n\t\t\t\t<a href='https:\/\/www.arquimaster.com.ar\/web\/wp-content\/uploads\/2020\/08\/apartamento_calle_llull28.jpg' title=\"Apartamento en Calle Llull \/ YLAB Arquitectos (\u00a9 YLAB Arquitectos Barcelona)\" data-rl_title=\"Apartamento en Calle Llull \/ YLAB Arquitectos (\u00a9 YLAB Arquitectos Barcelona)\" class=\"rl-gallery-link\" data-rl_caption=\"Apartamento en Calle Llull \/ YLAB Arquitectos (\u00a9 YLAB Arquitectos Barcelona)\" data-rel=\"lightbox-gallery-1\"><img loading=\"lazy\" decoding=\"async\" width=\"150\" height=\"150\" src=\"https:\/\/www.arquimaster.com.ar\/web\/wp-content\/uploads\/2020\/08\/apartamento_calle_llull28-150x150.jpg\" class=\"attachment-thumbnail size-thumbnail\" alt=\"\" aria-describedby=\"gallery-1-58898\" \/><\/a>\n\t\t\t<\/div>\n\t\t\t\t<figcaption class='wp-caption-text gallery-caption' id='gallery-1-58898'>\n\t\t\t\tApartamento en Calle Llull \/ YLAB Arquitectos (\u00a9 YLAB Arquitectos Barcelona)\n\t\t\t\t<\/figcaption><\/figure><figure class='gallery-item'>\n\t\t\t<div class='gallery-icon landscape'>\n\t\t\t\t<a href='https:\/\/www.arquimaster.com.ar\/web\/wp-content\/uploads\/2020\/08\/apartamento_calle_llull29.jpg' title=\"Apartamento en Calle Llull \/ YLAB Arquitectos (planta)\" data-rl_title=\"Apartamento en Calle Llull \/ YLAB Arquitectos (planta)\" class=\"rl-gallery-link\" data-rl_caption=\"Apartamento en Calle Llull \/ YLAB Arquitectos (planta)\" data-rel=\"lightbox-gallery-1\"><img loading=\"lazy\" decoding=\"async\" width=\"150\" height=\"150\" src=\"https:\/\/www.arquimaster.com.ar\/web\/wp-content\/uploads\/2020\/08\/apartamento_calle_llull29-150x150.jpg\" class=\"attachment-thumbnail size-thumbnail\" alt=\"\" aria-describedby=\"gallery-1-58899\" \/><\/a>\n\t\t\t<\/div>\n\t\t\t\t<figcaption class='wp-caption-text gallery-caption' id='gallery-1-58899'>\n\t\t\t\tApartamento en Calle Llull \/ YLAB Arquitectos (planta)\n\t\t\t\t<\/figcaption><\/figure>\n\t\t<\/div>\n\n<p>Para ello se propuso una redistribuci\u00f3n completa de la vivienda original, dando prioridad al espacio com\u00fan central formado por la cocina y el sal\u00f3n, que se alinea con el dormitorio suite a lo largo del ventanal, para el m\u00e1ximo aprovechamiento del panorama y la luz.<\/p>\n<p>Para dar m\u00e1s unidad al espacio, el per\u00edmetro se ha revestido de carpinter\u00eda de madera, alternando la madera de roble y la laca color marfil con acentos en color grafito, sobre un pavimento com\u00fan de parquet de roble Ondo de Admonter. Esta carpinter\u00eda perimetral, enteramente realizada por carpinter\u00eda Gurd\u00f3, acompa\u00f1a toda la vivienda y forma el mobiliario a medida y los aplacados de paredes, mimetizados con las puertas de las diferentes estancias.<\/p>\n<p>En el vest\u00edbulo comienza el aplacado en laca blanco marfil que conecta con la cocina, separados por una puerta pivotante con herrajes JNF que desaparece de la vista cuando se abre. La cocina est\u00e1 realizada a medida como el resto del mobiliario. La zona de trabajo est\u00e1 equipada con los fuegos, la campana de extracci\u00f3n Pure Line de Novy y el fregadero Crystal Line con monomando de Franke. Cuenta con unos estantes decorativos que aprovechan la profundidad del mueble, donde destaca la decoraci\u00f3n de p\u00e1jaros de Normann Copenhagen y el Cactus cer\u00e1mico de Hay, de venta en M\u00f6bler.<\/p>\n<p>En el centro hay una isla central color marfil equipada con taburetes Angui negros de Aytm. La iluminaci\u00f3n cenital est\u00e1 hecha con el aplique Tweeter On Reo de Delta Light. La cocina se prolonga longitudinalmente hasta el sal\u00f3n y la terraza, solo separada por un mueble central que oculta un pilar estructural y cuya volumetr\u00eda enmarca la visi\u00f3n del mar al fondo. Las paredes que conectan estos espacios est\u00e1n revestidas en madera de roble, completando funcionalmente la cocina y a\u00f1adiendo almacenaje.<\/p>\n<p>La sala est\u00e1 conectada con el dormitorio suite a lo largo de la fachada a trav\u00e9s de un ventanal longitudinal revestido por un gran marco perimetral color grafito, que conecta con el acabado en el mismo color de la terraza y acent\u00faa el encuadre de la vista exterior. Este marco oculta la iluminaci\u00f3n perimetral, compuesta por las l\u00e1mparas Minigrid In Trimless de Deltalight, y las persianas enrollables motorizadas en tejido screen color grafito de Silent Gliss. El ventanal est\u00e1 flanqueado por plantas de Flors Lloveras dispuestas en hidrojardineras Ash de color negro de Hobby Flower.<\/p>\n<p>La sala est\u00e1 amueblada por un sof\u00e1 gris junto a la l\u00e1mpara de pie Half de Milan, bajo unos lienzos de la artista Claudia Valsells. Sobre la alfombra Kerala de Francisco Cumellas, dos puffs de terciopelo Stilla de Aytm, una butaca negra con mesita de Vitra, la mesita Common Effort de Sanna V\u00f6lkers y la l\u00e1mpara Peak de Milan completan un conjunto de mobiliario que permite m\u00faltiples configuraciones.<\/p>\n<p>El dormitorio suite comunica con la sala a trav\u00e9s de una puerta corredera oculta con herrajes JNF, para respetar la continuidad del ventanal exterior. Una silla de roble Sibast sirve de zona de lectura sobra una alfombra Garb\u00ed de Cumellas junto a la ventana. La cama, vestida con plaid y cojines de Materia, tiene como cabezal una pared aplacada con el mismo parquet del pavimento. Al fondo del dormitorio, los armarios de roble del vestidor, conectan con el ba\u00f1o. El ba\u00f1o est\u00e1 revestido por completo en gress color marfil. Est\u00e1 equipado con un lavabo suspendido de Ikebe con cajonera de roble y ba\u00f1era con iluminaci\u00f3n mural oculta. Toda la grifer\u00eda cromada es de las series Tricolore Verde y Monopicche de Cristina.<\/p>\n<p>La terraza exterior y las jardineras laterales de obra est\u00e1n acabadas en piedra abujardada color oscuro, como una extensi\u00f3n del ventanal. La terraza est\u00e1 amueblada por la butacas BKF de cuero negro de Isist, sobre la alfombra para exterior Denpasar de Francisco Cumellas, y las hidrojardineras Urban de Hobbyflower.<\/p>\n<p>Todos los mecanismos de la vivienda son de la serie Livinglight Air de Bticino, acabados en color blanco y grafito seg\u00fan la ubicaci\u00f3n. Algunas luminarias van equipadas con el sistema de control de funciones Valena&#x2122; Next with Netatmo de Legrand. La iluminaci\u00f3n arquitect\u00f3nica es de Deltalight.<\/p>\n<p>Este proyecto fue abierto al p\u00fablico durante el evento Ylab&#8217;s Latest en el marco de la Barcelona Design Week 2019. El evento fue presentado con la colaboraci\u00f3n de prestigiosas marcas internacionales de dise\u00f1o.<\/p>\n<p><strong>Ficha tecnica<\/strong><br \/>\nNombre: Apartamento en Calle Llull<br \/>\nUbicacion: Barcelona, Espa\u00f1a<br \/>\nArquitectura\/Dise\u00f1o interior: YLAB Arquitectos Barcelona<br \/>\nProyecto: Reforma interior de vivienda con redistribuci\u00f3n<br \/>\nSuperficie: 96 m2<br \/>\nFotograf\u00eda: YLAB Arquitectos Barcelona<\/p>\n<p><strong>Contacto<\/strong><br \/>\n<a href=\"http:\/\/www.ylab.es\" target=\"_blank\" rel=\"noopener noreferrer\">http:\/\/www.ylab.es<\/a><\/p>\n<p><strong>Acerca del proyectista<\/strong><br \/>\nYLAB Arquitectos Barcelona es un despacho de arquitectura e interiorismo fundado por Tobias Laarmann y Yolanda Yuste. Desde su sede en Barcelona, YLAB trabaja en la arquitectura, interiorismo y gesti\u00f3n de proyectos residenciales, comerciales, de salud y corporativos.<\/p>\n\n<div style=\"font-size: 0px; height: 0px; line-height: 0px; margin: 0; padding: 0; clear: both;\"><\/div><div style=\"margin-top: 0px; margin-bottom: 0px;\" class=\"sharethis-inline-share-buttons\" ><\/div>","protected":false},"excerpt":{"rendered":"<p>Los ambientes principales se conectan y se abren a la terraza exterior&#8230;<\/p>\n","protected":false},"author":1,"featured_media":58870,"comment_status":"closed","ping_status":"closed","sticky":false,"template":"","format":"standard","meta":{"_uag_custom_page_level_css":"","footnotes":""},"categories":[79,1],"tags":[5581,679,249,104,1043,859],"class_list":["post-58869","post","type-post","status-publish","format-standard","has-post-thumbnail","hentry","category-departamentos","category-proyecto","tag-apartamento","tag-barcelona","tag-departamento","tag-espana","tag-reforma-de-vivienda","tag-ylab-arquitectos","generate-columns","tablet-grid-50","mobile-grid-100","grid-parent","grid-50"],"yoast_head":"<!-- This site is optimized with the Yoast SEO plugin v27.3 - https:\/\/yoast.com\/product\/yoast-seo-wordpress\/ -->\n<title>Apartamento en Calle Llull \/ YLAB Arquitectos - Arquimaster<\/title>\n<meta name=\"description\" content=\"Los ambientes principales se conectan y se abren a la terraza exterior mediante un espectacular ventanal con vistas sobre el parque y el mar.\" \/>\n<meta name=\"robots\" content=\"index, follow, max-snippet:-1, max-image-preview:large, max-video-preview:-1\" \/>\n<link rel=\"canonical\" href=\"https:\/\/www.arquimaster.com.ar\/web\/apartamento-en-calle-llull-ylab-arquitectos\/\" \/>\n<meta property=\"og:locale\" content=\"es_ES\" \/>\n<meta property=\"og:type\" content=\"article\" \/>\n<meta property=\"og:title\" content=\"Apartamento en Calle Llull \/ YLAB Arquitectos\" \/>\n<meta property=\"og:description\" content=\"Los ambientes principales se conectan y se abren a la terraza exterior mediante un espectacular ventanal con vistas sobre el parque y el mar.\" \/>\n<meta property=\"og:url\" content=\"https:\/\/www.arquimaster.com.ar\/web\/apartamento-en-calle-llull-ylab-arquitectos\/\" \/>\n<meta property=\"og:site_name\" content=\"Arquimaster\" \/>\n<meta property=\"article:publisher\" content=\"http:\/\/www.facebook.com\/ARQUIMASTER.com.ar\" \/>\n<meta property=\"article:published_time\" content=\"2020-08-26T21:21:43+00:00\" \/>\n<meta property=\"article:modified_time\" content=\"2020-09-10T19:04:04+00:00\" \/>\n<meta property=\"og:image\" content=\"https:\/\/www.arquimaster.com.ar\/web\/wp-content\/uploads\/2020\/08\/apartamento_calle_llull_slide.jpg\" \/>\n\t<meta property=\"og:image:width\" content=\"698\" \/>\n\t<meta property=\"og:image:height\" content=\"364\" \/>\n\t<meta property=\"og:image:type\" content=\"image\/jpeg\" \/>\n<meta name=\"author\" content=\"Arquimaster\" \/>\n<meta name=\"twitter:card\" content=\"summary_large_image\" \/>\n<meta name=\"twitter:title\" content=\"Apartamento en Calle Llull \/ YLAB Arquitectos\" \/>\n<meta name=\"twitter:description\" content=\"Los ambientes principales se conectan y se abren a la terraza exterior mediante un espectacular ventanal con vistas sobre el parque y el mar.\" \/>\n<meta name=\"twitter:image\" content=\"https:\/\/www.arquimaster.com.ar\/web\/wp-content\/uploads\/2020\/08\/apartamento_calle_llull_slide.jpg\" \/>\n<meta name=\"twitter:creator\" content=\"@arquimaster\" \/>\n<meta name=\"twitter:site\" content=\"@arquimaster\" \/>\n<meta name=\"twitter:label1\" content=\"Escrito por\" \/>\n\t<meta name=\"twitter:data1\" content=\"Arquimaster\" \/>\n\t<meta name=\"twitter:label2\" content=\"Tiempo de lectura\" \/>\n\t<meta name=\"twitter:data2\" content=\"5 minutos\" \/>\n<script type=\"application\/ld+json\" class=\"yoast-schema-graph\">{\"@context\":\"https:\\\/\\\/schema.org\",\"@graph\":[{\"@type\":\"Article\",\"@id\":\"https:\\\/\\\/www.arquimaster.com.ar\\\/web\\\/apartamento-en-calle-llull-ylab-arquitectos\\\/#article\",\"isPartOf\":{\"@id\":\"https:\\\/\\\/www.arquimaster.com.ar\\\/web\\\/apartamento-en-calle-llull-ylab-arquitectos\\\/\"},\"author\":{\"name\":\"Arquimaster\",\"@id\":\"https:\\\/\\\/www.arquimaster.com.ar\\\/web\\\/#\\\/schema\\\/person\\\/359e9f7c00193fcde068e0dd2ceb0028\"},\"headline\":\"Apartamento en Calle Llull \\\/ YLAB Arquitectos\",\"datePublished\":\"2020-08-26T21:21:43+00:00\",\"dateModified\":\"2020-09-10T19:04:04+00:00\",\"mainEntityOfPage\":{\"@id\":\"https:\\\/\\\/www.arquimaster.com.ar\\\/web\\\/apartamento-en-calle-llull-ylab-arquitectos\\\/\"},\"wordCount\":952,\"publisher\":{\"@id\":\"https:\\\/\\\/www.arquimaster.com.ar\\\/web\\\/#organization\"},\"image\":{\"@id\":\"https:\\\/\\\/www.arquimaster.com.ar\\\/web\\\/apartamento-en-calle-llull-ylab-arquitectos\\\/#primaryimage\"},\"thumbnailUrl\":\"https:\\\/\\\/www.arquimaster.com.ar\\\/web\\\/wp-content\\\/uploads\\\/2020\\\/08\\\/apartamento_calle_llull_slide.jpg\",\"keywords\":[\"apartamento\",\"Barcelona\",\"departamento\",\"Espa\u00f1a\",\"reforma de vivienda\",\"YLAB Arquitectos\"],\"articleSection\":[\"Departamentos y Lofts\",\"Proyecto\"],\"inLanguage\":\"es\"},{\"@type\":\"WebPage\",\"@id\":\"https:\\\/\\\/www.arquimaster.com.ar\\\/web\\\/apartamento-en-calle-llull-ylab-arquitectos\\\/\",\"url\":\"https:\\\/\\\/www.arquimaster.com.ar\\\/web\\\/apartamento-en-calle-llull-ylab-arquitectos\\\/\",\"name\":\"Apartamento en Calle Llull \\\/ YLAB Arquitectos - Arquimaster\",\"isPartOf\":{\"@id\":\"https:\\\/\\\/www.arquimaster.com.ar\\\/web\\\/#website\"},\"primaryImageOfPage\":{\"@id\":\"https:\\\/\\\/www.arquimaster.com.ar\\\/web\\\/apartamento-en-calle-llull-ylab-arquitectos\\\/#primaryimage\"},\"image\":{\"@id\":\"https:\\\/\\\/www.arquimaster.com.ar\\\/web\\\/apartamento-en-calle-llull-ylab-arquitectos\\\/#primaryimage\"},\"thumbnailUrl\":\"https:\\\/\\\/www.arquimaster.com.ar\\\/web\\\/wp-content\\\/uploads\\\/2020\\\/08\\\/apartamento_calle_llull_slide.jpg\",\"datePublished\":\"2020-08-26T21:21:43+00:00\",\"dateModified\":\"2020-09-10T19:04:04+00:00\",\"description\":\"Los ambientes principales se conectan y se abren a la terraza exterior mediante un espectacular ventanal con vistas sobre el parque y el mar.\",\"breadcrumb\":{\"@id\":\"https:\\\/\\\/www.arquimaster.com.ar\\\/web\\\/apartamento-en-calle-llull-ylab-arquitectos\\\/#breadcrumb\"},\"inLanguage\":\"es\",\"potentialAction\":[{\"@type\":\"ReadAction\",\"target\":[\"https:\\\/\\\/www.arquimaster.com.ar\\\/web\\\/apartamento-en-calle-llull-ylab-arquitectos\\\/\"]}]},{\"@type\":\"ImageObject\",\"inLanguage\":\"es\",\"@id\":\"https:\\\/\\\/www.arquimaster.com.ar\\\/web\\\/apartamento-en-calle-llull-ylab-arquitectos\\\/#primaryimage\",\"url\":\"https:\\\/\\\/www.arquimaster.com.ar\\\/web\\\/wp-content\\\/uploads\\\/2020\\\/08\\\/apartamento_calle_llull_slide.jpg\",\"contentUrl\":\"https:\\\/\\\/www.arquimaster.com.ar\\\/web\\\/wp-content\\\/uploads\\\/2020\\\/08\\\/apartamento_calle_llull_slide.jpg\",\"width\":698,\"height\":364},{\"@type\":\"BreadcrumbList\",\"@id\":\"https:\\\/\\\/www.arquimaster.com.ar\\\/web\\\/apartamento-en-calle-llull-ylab-arquitectos\\\/#breadcrumb\",\"itemListElement\":[{\"@type\":\"ListItem\",\"position\":1,\"name\":\"Portada\",\"item\":\"https:\\\/\\\/www.arquimaster.com.ar\\\/web\\\/\"},{\"@type\":\"ListItem\",\"position\":2,\"name\":\"Apartamento en Calle Llull \\\/ YLAB Arquitectos\"}]},{\"@type\":\"WebSite\",\"@id\":\"https:\\\/\\\/www.arquimaster.com.ar\\\/web\\\/#website\",\"url\":\"https:\\\/\\\/www.arquimaster.com.ar\\\/web\\\/\",\"name\":\"Arquimaster\",\"description\":\"Web de arquitectura, dise\u00f1o y construccion\",\"publisher\":{\"@id\":\"https:\\\/\\\/www.arquimaster.com.ar\\\/web\\\/#organization\"},\"potentialAction\":[{\"@type\":\"SearchAction\",\"target\":{\"@type\":\"EntryPoint\",\"urlTemplate\":\"https:\\\/\\\/www.arquimaster.com.ar\\\/web\\\/?s={search_term_string}\"},\"query-input\":{\"@type\":\"PropertyValueSpecification\",\"valueRequired\":true,\"valueName\":\"search_term_string\"}}],\"inLanguage\":\"es\"},{\"@type\":\"Organization\",\"@id\":\"https:\\\/\\\/www.arquimaster.com.ar\\\/web\\\/#organization\",\"name\":\"Arquimaster\",\"url\":\"https:\\\/\\\/www.arquimaster.com.ar\\\/web\\\/\",\"logo\":{\"@type\":\"ImageObject\",\"inLanguage\":\"es\",\"@id\":\"https:\\\/\\\/www.arquimaster.com.ar\\\/web\\\/#\\\/schema\\\/logo\\\/image\\\/\",\"url\":\"https:\\\/\\\/www.arquimaster.com.ar\\\/web\\\/wp-content\\\/uploads\\\/2022\\\/06\\\/arquimaster.png\",\"contentUrl\":\"https:\\\/\\\/www.arquimaster.com.ar\\\/web\\\/wp-content\\\/uploads\\\/2022\\\/06\\\/arquimaster.png\",\"width\":594,\"height\":78,\"caption\":\"Arquimaster\"},\"image\":{\"@id\":\"https:\\\/\\\/www.arquimaster.com.ar\\\/web\\\/#\\\/schema\\\/logo\\\/image\\\/\"},\"sameAs\":[\"http:\\\/\\\/www.facebook.com\\\/ARQUIMASTER.com.ar\",\"https:\\\/\\\/x.com\\\/arquimaster\",\"https:\\\/\\\/www.instagram.com\\\/arquimasterblog\\\/\",\"https:\\\/\\\/www.linkedin.com\\\/company\\\/arquimaster\",\"https:\\\/\\\/www.pinterest.com\\\/arquimaster\",\"https:\\\/\\\/t.me\\\/arquimaster\"]},{\"@type\":\"Person\",\"@id\":\"https:\\\/\\\/www.arquimaster.com.ar\\\/web\\\/#\\\/schema\\\/person\\\/359e9f7c00193fcde068e0dd2ceb0028\",\"name\":\"Arquimaster\"}]}<\/script>\n<!-- \/ Yoast SEO plugin. -->","yoast_head_json":{"title":"Apartamento en Calle Llull \/ YLAB Arquitectos - Arquimaster","description":"Los ambientes principales se conectan y se abren a la terraza exterior mediante un espectacular ventanal con vistas sobre el parque y el mar.","robots":{"index":"index","follow":"follow","max-snippet":"max-snippet:-1","max-image-preview":"max-image-preview:large","max-video-preview":"max-video-preview:-1"},"canonical":"https:\/\/www.arquimaster.com.ar\/web\/apartamento-en-calle-llull-ylab-arquitectos\/","og_locale":"es_ES","og_type":"article","og_title":"Apartamento en Calle Llull \/ YLAB Arquitectos","og_description":"Los ambientes principales se conectan y se abren a la terraza exterior mediante un espectacular ventanal con vistas sobre el parque y el mar.","og_url":"https:\/\/www.arquimaster.com.ar\/web\/apartamento-en-calle-llull-ylab-arquitectos\/","og_site_name":"Arquimaster","article_publisher":"http:\/\/www.facebook.com\/ARQUIMASTER.com.ar","article_published_time":"2020-08-26T21:21:43+00:00","article_modified_time":"2020-09-10T19:04:04+00:00","og_image":[{"width":698,"height":364,"url":"https:\/\/www.arquimaster.com.ar\/web\/wp-content\/uploads\/2020\/08\/apartamento_calle_llull_slide.jpg","type":"image\/jpeg"}],"author":"Arquimaster","twitter_card":"summary_large_image","twitter_title":"Apartamento en Calle Llull \/ YLAB Arquitectos","twitter_description":"Los ambientes principales se conectan y se abren a la terraza exterior mediante un espectacular ventanal con vistas sobre el parque y el mar.","twitter_image":"https:\/\/www.arquimaster.com.ar\/web\/wp-content\/uploads\/2020\/08\/apartamento_calle_llull_slide.jpg","twitter_creator":"@arquimaster","twitter_site":"@arquimaster","twitter_misc":{"Escrito por":"Arquimaster","Tiempo de lectura":"5 minutos"},"schema":{"@context":"https:\/\/schema.org","@graph":[{"@type":"Article","@id":"https:\/\/www.arquimaster.com.ar\/web\/apartamento-en-calle-llull-ylab-arquitectos\/#article","isPartOf":{"@id":"https:\/\/www.arquimaster.com.ar\/web\/apartamento-en-calle-llull-ylab-arquitectos\/"},"author":{"name":"Arquimaster","@id":"https:\/\/www.arquimaster.com.ar\/web\/#\/schema\/person\/359e9f7c00193fcde068e0dd2ceb0028"},"headline":"Apartamento en Calle Llull \/ YLAB Arquitectos","datePublished":"2020-08-26T21:21:43+00:00","dateModified":"2020-09-10T19:04:04+00:00","mainEntityOfPage":{"@id":"https:\/\/www.arquimaster.com.ar\/web\/apartamento-en-calle-llull-ylab-arquitectos\/"},"wordCount":952,"publisher":{"@id":"https:\/\/www.arquimaster.com.ar\/web\/#organization"},"image":{"@id":"https:\/\/www.arquimaster.com.ar\/web\/apartamento-en-calle-llull-ylab-arquitectos\/#primaryimage"},"thumbnailUrl":"https:\/\/www.arquimaster.com.ar\/web\/wp-content\/uploads\/2020\/08\/apartamento_calle_llull_slide.jpg","keywords":["apartamento","Barcelona","departamento","Espa\u00f1a","reforma de vivienda","YLAB Arquitectos"],"articleSection":["Departamentos y Lofts","Proyecto"],"inLanguage":"es"},{"@type":"WebPage","@id":"https:\/\/www.arquimaster.com.ar\/web\/apartamento-en-calle-llull-ylab-arquitectos\/","url":"https:\/\/www.arquimaster.com.ar\/web\/apartamento-en-calle-llull-ylab-arquitectos\/","name":"Apartamento en Calle Llull \/ YLAB Arquitectos - Arquimaster","isPartOf":{"@id":"https:\/\/www.arquimaster.com.ar\/web\/#website"},"primaryImageOfPage":{"@id":"https:\/\/www.arquimaster.com.ar\/web\/apartamento-en-calle-llull-ylab-arquitectos\/#primaryimage"},"image":{"@id":"https:\/\/www.arquimaster.com.ar\/web\/apartamento-en-calle-llull-ylab-arquitectos\/#primaryimage"},"thumbnailUrl":"https:\/\/www.arquimaster.com.ar\/web\/wp-content\/uploads\/2020\/08\/apartamento_calle_llull_slide.jpg","datePublished":"2020-08-26T21:21:43+00:00","dateModified":"2020-09-10T19:04:04+00:00","description":"Los ambientes principales se conectan y se abren a la terraza exterior mediante un espectacular ventanal con vistas sobre el parque y el mar.","breadcrumb":{"@id":"https:\/\/www.arquimaster.com.ar\/web\/apartamento-en-calle-llull-ylab-arquitectos\/#breadcrumb"},"inLanguage":"es","potentialAction":[{"@type":"ReadAction","target":["https:\/\/www.arquimaster.com.ar\/web\/apartamento-en-calle-llull-ylab-arquitectos\/"]}]},{"@type":"ImageObject","inLanguage":"es","@id":"https:\/\/www.arquimaster.com.ar\/web\/apartamento-en-calle-llull-ylab-arquitectos\/#primaryimage","url":"https:\/\/www.arquimaster.com.ar\/web\/wp-content\/uploads\/2020\/08\/apartamento_calle_llull_slide.jpg","contentUrl":"https:\/\/www.arquimaster.com.ar\/web\/wp-content\/uploads\/2020\/08\/apartamento_calle_llull_slide.jpg","width":698,"height":364},{"@type":"BreadcrumbList","@id":"https:\/\/www.arquimaster.com.ar\/web\/apartamento-en-calle-llull-ylab-arquitectos\/#breadcrumb","itemListElement":[{"@type":"ListItem","position":1,"name":"Portada","item":"https:\/\/www.arquimaster.com.ar\/web\/"},{"@type":"ListItem","position":2,"name":"Apartamento en Calle Llull \/ YLAB Arquitectos"}]},{"@type":"WebSite","@id":"https:\/\/www.arquimaster.com.ar\/web\/#website","url":"https:\/\/www.arquimaster.com.ar\/web\/","name":"Arquimaster","description":"Web de arquitectura, dise\u00f1o y construccion","publisher":{"@id":"https:\/\/www.arquimaster.com.ar\/web\/#organization"},"potentialAction":[{"@type":"SearchAction","target":{"@type":"EntryPoint","urlTemplate":"https:\/\/www.arquimaster.com.ar\/web\/?s={search_term_string}"},"query-input":{"@type":"PropertyValueSpecification","valueRequired":true,"valueName":"search_term_string"}}],"inLanguage":"es"},{"@type":"Organization","@id":"https:\/\/www.arquimaster.com.ar\/web\/#organization","name":"Arquimaster","url":"https:\/\/www.arquimaster.com.ar\/web\/","logo":{"@type":"ImageObject","inLanguage":"es","@id":"https:\/\/www.arquimaster.com.ar\/web\/#\/schema\/logo\/image\/","url":"https:\/\/www.arquimaster.com.ar\/web\/wp-content\/uploads\/2022\/06\/arquimaster.png","contentUrl":"https:\/\/www.arquimaster.com.ar\/web\/wp-content\/uploads\/2022\/06\/arquimaster.png","width":594,"height":78,"caption":"Arquimaster"},"image":{"@id":"https:\/\/www.arquimaster.com.ar\/web\/#\/schema\/logo\/image\/"},"sameAs":["http:\/\/www.facebook.com\/ARQUIMASTER.com.ar","https:\/\/x.com\/arquimaster","https:\/\/www.instagram.com\/arquimasterblog\/","https:\/\/www.linkedin.com\/company\/arquimaster","https:\/\/www.pinterest.com\/arquimaster","https:\/\/t.me\/arquimaster"]},{"@type":"Person","@id":"https:\/\/www.arquimaster.com.ar\/web\/#\/schema\/person\/359e9f7c00193fcde068e0dd2ceb0028","name":"Arquimaster"}]}},"uagb_featured_image_src":{"full":["https:\/\/www.arquimaster.com.ar\/web\/wp-content\/uploads\/2020\/08\/apartamento_calle_llull_slide.jpg",698,364,false],"thumbnail":["https:\/\/www.arquimaster.com.ar\/web\/wp-content\/uploads\/2020\/08\/apartamento_calle_llull_slide-150x150.jpg",150,150,true],"medium":["https:\/\/www.arquimaster.com.ar\/web\/wp-content\/uploads\/2020\/08\/apartamento_calle_llull_slide.jpg",698,364,false],"medium_large":["https:\/\/www.arquimaster.com.ar\/web\/wp-content\/uploads\/2020\/08\/apartamento_calle_llull_slide.jpg",698,364,false],"large":["https:\/\/www.arquimaster.com.ar\/web\/wp-content\/uploads\/2020\/08\/apartamento_calle_llull_slide.jpg",698,364,false],"1536x1536":["https:\/\/www.arquimaster.com.ar\/web\/wp-content\/uploads\/2020\/08\/apartamento_calle_llull_slide.jpg",698,364,false],"2048x2048":["https:\/\/www.arquimaster.com.ar\/web\/wp-content\/uploads\/2020\/08\/apartamento_calle_llull_slide.jpg",698,364,false]},"uagb_author_info":{"display_name":"Arquimaster","author_link":"https:\/\/www.arquimaster.com.ar\/web\/author\/arquimaster\/"},"uagb_comment_info":0,"uagb_excerpt":"Los ambientes principales se conectan y se abren a la terraza exterior...","_links":{"self":[{"href":"https:\/\/www.arquimaster.com.ar\/web\/wp-json\/wp\/v2\/posts\/58869","targetHints":{"allow":["GET"]}}],"collection":[{"href":"https:\/\/www.arquimaster.com.ar\/web\/wp-json\/wp\/v2\/posts"}],"about":[{"href":"https:\/\/www.arquimaster.com.ar\/web\/wp-json\/wp\/v2\/types\/post"}],"author":[{"embeddable":true,"href":"https:\/\/www.arquimaster.com.ar\/web\/wp-json\/wp\/v2\/users\/1"}],"replies":[{"embeddable":true,"href":"https:\/\/www.arquimaster.com.ar\/web\/wp-json\/wp\/v2\/comments?post=58869"}],"version-history":[{"count":1,"href":"https:\/\/www.arquimaster.com.ar\/web\/wp-json\/wp\/v2\/posts\/58869\/revisions"}],"predecessor-version":[{"id":58900,"href":"https:\/\/www.arquimaster.com.ar\/web\/wp-json\/wp\/v2\/posts\/58869\/revisions\/58900"}],"wp:featuredmedia":[{"embeddable":true,"href":"https:\/\/www.arquimaster.com.ar\/web\/wp-json\/wp\/v2\/media\/58870"}],"wp:attachment":[{"href":"https:\/\/www.arquimaster.com.ar\/web\/wp-json\/wp\/v2\/media?parent=58869"}],"wp:term":[{"taxonomy":"category","embeddable":true,"href":"https:\/\/www.arquimaster.com.ar\/web\/wp-json\/wp\/v2\/categories?post=58869"},{"taxonomy":"post_tag","embeddable":true,"href":"https:\/\/www.arquimaster.com.ar\/web\/wp-json\/wp\/v2\/tags?post=58869"}],"curies":[{"name":"wp","href":"https:\/\/api.w.org\/{rel}","templated":true}]}}