{"id":59269,"date":"2020-09-08T15:24:06","date_gmt":"2020-09-08T18:24:06","guid":{"rendered":"https:\/\/www.arquimaster.com.ar\/web\/?p=59269"},"modified":"2020-09-08T17:13:24","modified_gmt":"2020-09-08T20:13:24","slug":"la-busqueda-del-wellness-ya-es-tendencia-corporativa","status":"publish","type":"post","link":"https:\/\/www.arquimaster.com.ar\/web\/la-busqueda-del-wellness-ya-es-tendencia-corporativa\/","title":{"rendered":"La b\u00fasqueda del wellness ya es tendencia corporativa"},"content":{"rendered":"<div style=\"margin-top: 0px; margin-bottom: 0px;\" class=\"sharethis-inline-share-buttons\" ><\/div><div class=\"b812932af2e751442846f039925109de\" data-index=\"1\" style=\"float: none; margin:25px 0 25px 0; text-align:center;\">\n<script async src=\"https:\/\/pagead2.googlesyndication.com\/pagead\/js\/adsbygoogle.js\"><\/script>\r\n<!-- Arquimaster (superior) -->\r\n<ins class=\"adsbygoogle\"\r\n     style=\"display:block\"\r\n     data-ad-client=\"ca-pub-6351072698456832\"\r\n     data-ad-slot=\"6455489680\"\r\n     data-ad-format=\"auto\"\r\n     data-full-width-responsive=\"true\"><\/ins>\r\n<script>\r\n     (adsbygoogle = window.adsbygoogle || []).push({});\r\n<\/script>\n<\/div>\n<h3><em><strong>Nina Benet, dise\u00f1adora del mundo wellness corporativo, nos cuenta sobre la transformaci\u00f3n que se viene en los espacios de trabajo en b\u00fasqueda de una habitabilidad saludable y que sume bienestar a la rutina.<\/strong><\/em><\/h3>\n<p>Debido a la nueva \u00abnormalidad\u00bb que nos vamos a enfrentar en el mundo a causa de la pandemia, varios rubros tuvieron que reinventarse y uno de ellos fue el mundo empresarial. Varias oficinas debieron sumar nuevas medidas para el cuidado de sus empleados y el bienestar de estos.<\/p>\n<p><strong>Nina Benet<\/strong>, dise\u00f1adora gr\u00e1fica dedicada exclusivamente al <strong>branding wellness<\/strong>, fundadora de <strong>\u00abDise\u00f1o que te adora\u00bb<\/strong> y co-founder de <strong>\u00abTinta Identidad\u00bb<\/strong>, explica que desde hace cuatro a\u00f1os comenz\u00f3 a hacer yoga y eso le cambi\u00f3 su estilo y ritmo de vida. Junto a esta nueva forma de vivir, empez\u00f3 una transformaci\u00f3n de donde combina combinar su inspiraci\u00f3n, sus dise\u00f1os y su manera de ver el mundo, y lo traslada a trasladarlo a su trabajo.<\/p>\n<div id='gallery-1' class='gallery galleryid-59269 gallery-columns-3 gallery-size-thumbnail'><figure class='gallery-item'>\n\t\t\t<div class='gallery-icon landscape'>\n\t\t\t\t<a href='https:\/\/www.arquimaster.com.ar\/web\/wp-content\/uploads\/2020\/09\/wellness_corporativo.jpg' title=\"La b\u00fasqueda del wellness ya es tendencia corporativa\" data-rl_title=\"La b\u00fasqueda del wellness ya es tendencia corporativa\" class=\"rl-gallery-link\" data-rl_caption=\"La b\u00fasqueda del wellness ya es tendencia corporativa\" data-rel=\"lightbox-gallery-1\"><img loading=\"lazy\" decoding=\"async\" width=\"150\" height=\"150\" src=\"https:\/\/www.arquimaster.com.ar\/web\/wp-content\/uploads\/2020\/09\/wellness_corporativo-150x150.jpg\" class=\"attachment-thumbnail size-thumbnail\" alt=\"\" aria-describedby=\"gallery-1-59271\" \/><\/a>\n\t\t\t<\/div>\n\t\t\t\t<figcaption class='wp-caption-text gallery-caption' id='gallery-1-59271'>\n\t\t\t\tLa b\u00fasqueda del wellness ya es tendencia corporativa\n\t\t\t\t<\/figcaption><\/figure>\n\t\t<\/div>\n\n<p>As\u00ed creo su marca<strong> \u00abDise\u00f1o que te adora\u00bb<\/strong>, es una empresa que se dedica y se dirige al mundo yogui, y que cada vez se expande m\u00e1s a diversos p\u00fablicos que buscan el bienestar. Cuenta con cuatro l\u00edneas de negocios: Indumentaria, Objetos Deco, Dise\u00f1o de espacios, y la creaci\u00f3n del desarrollo integral de la identidad para marcas de los profesionales y centros \u00abyoguis\u00bb, de meditaci\u00f3n, reiki y mindfullness.<\/p>\n<p><em>\u00abDise\u00f1o que te adora se inici\u00f3 hace cuatro a\u00f1os, surgi\u00f3 porque era la manera que yo firmaba a los regalos para de gente muy querida, era mi expresi\u00f3n de amor y dedicaci\u00f3n, y nunca lo hab\u00eda pensado como algo comercial. En un momento, ya m\u00e1s afirmada en el mundo del yoga, comenc\u00e9 a inspirarme por mis compa\u00f1eros, les regalaba alguna remera, algo que hab\u00eda dise\u00f1ado para ellos en los seminarios compartidos, y en un momento mi profesor Lucas Casanova me incentiv\u00f3 a crear productos para vender con mi firma. Ah\u00ed lo pens\u00e9 y surgi\u00f3 \u00abDise\u00f1o que te adora\u00bb una marca apuntada e inspirada en el mundo del yoga\u00bb<\/em>, afirma Nina.<\/p>\n<p>Asegura que su marca y el yoga est\u00e1n unidos, que es su identidad, y que a su vez cada dise\u00f1o que crea busca <em>\u00abunir sus emociones con su cuerpo, registrarlas, procesarlas y abrazarlas\u00bb<\/em>. Cada dise\u00f1o: <em>\u00abTe ayuda a conectarte con vos mismo, alejarte del ruido por un rato y acercarte a tu mundo pleno de bienestar\u00bb<\/em>.<\/p>\n<p>Muchas personas al volver a sus lugares de trabajo luego de haber estado varios meses encerrados en sus hogares, buscan aliviar su estr\u00e9s, el cansancio y el ruido.<\/p>\n<p>Por eso mismo, una de las inspiraciones que tuvo la creadora de <strong>\u00abDise\u00f1o que te adora\u00bb<\/strong>, es proponer una nueva l\u00ednea de negocios corporativa para los edificios de oficinas y coworking un lugar de relajaci\u00f3n para sus jornadas, tambi\u00e9n durante eventos y sus hogares. Ya que el home office vino para quedarse.<\/p>\n<p><em>\u00abLa idea es dise\u00f1ar un espacio de wellness desde la ambientaci\u00f3n, la elecci\u00f3n de los objetos, muebles, iluminaci\u00f3n, la m\u00fasica y detalles\u00bb<\/em>, afirma Nina. Algunos edificios de oficinas o de coworking ya cuentan con sus salas de relax, lo que Nina Benet genera es una transformaci\u00f3n y adaptaci\u00f3n de estos espacios en b\u00fasqueda del bienestar interior y que realmente el habitarlos sea una experiencia de paz interior y encuentro con uno mismo, un lugar de cuidado integral.<\/p>\n<p>La pandemia nos impuls\u00f3 a un cambio importante en la habitabilidad de los espacios y a trav\u00e9s de esto se pueden conseguir mejores logros profesionales y personales, lo mismo se adapta a la b\u00fasqueda de un espacio en nuestros hogares que habiliten el encuentro con uno mismo.<\/p>\n<p><strong>Nina Benet<\/strong>, es una trotamundos del wellness, viaj\u00f3 por muchos lugares del mundo, y de cada lugar que visit\u00f3 enriqueci\u00f3 su creaci\u00f3n, sus dise\u00f1os, su manera de comunicar lo que ella vive. Desde el yoga y la meditaci\u00f3n florece el mundo de su creaci\u00f3n, y ella afirma que eso trae mucha luz y potencial a quien lo recibe.<\/p>\n<p>Y finaliza:<em> \u00abEl yoga no solo conecta con el bienestar interior de uno, sino con las personas que nos rodean, tambi\u00e9n meditar, hacer pausas, comer sano, andar en bici, etc. Por eso, es importante que en esta nueva \u00abnormalidad\u00bb que se viene, muchos puedan implementar otra forma de conectarse para poder seguir creando y ser funcionales en su labor y su bienestar personal\u00bb<\/em>.<\/p>\n<p><strong>Nina Benet<\/strong> es Dise\u00f1adora Gr\u00e1fica graduada de la UBA, dedicada al wellness y al mundo yogui. M\u00e1ster de Dise\u00f1o digital en Barcelona, donde vivi\u00f3 5 a\u00f1os y se form\u00f3 en sus primeros a\u00f1os de trabajo en dise\u00f1o. Miembro directivo de @Udgba Uni\u00f3n de dise\u00f1adores Gr\u00e1ficos de Buenos Aires. Founder @disenoqueteadora y Co-founder @tinta.identidad<\/p>\n\n<div style=\"font-size: 0px; height: 0px; line-height: 0px; margin: 0; padding: 0; clear: both;\"><\/div><div style=\"margin-top: 0px; margin-bottom: 0px;\" class=\"sharethis-inline-share-buttons\" ><\/div>","protected":false},"excerpt":{"rendered":"<p>La transformaci\u00f3n en los espacios de trabajo en b\u00fasqueda de una habitabilidad saludable&#8230;<\/p>\n","protected":false},"author":1,"featured_media":59270,"comment_status":"closed","ping_status":"closed","sticky":false,"template":"","format":"standard","meta":{"_uag_custom_page_level_css":"","footnotes":""},"categories":[55,56],"tags":[1362,6449,1294,1293,6447,6420,6133,339,6448,1292],"class_list":["post-59269","post","type-post","status-publish","format-standard","has-post-thumbnail","hentry","category-diseno","category-diseno-interior-decoracion","tag-arquitectura-corporativa-2","tag-branding-wellness","tag-diseno-de-oficinas","tag-espacios-de-trabajo","tag-nina-benet","tag-nueva-normalidad","tag-pandemia","tag-wellness","tag-wellness-corporativo","tag-workplaces","generate-columns","tablet-grid-50","mobile-grid-100","grid-parent","grid-50"],"yoast_head":"<!-- This site is optimized with the Yoast SEO plugin v27.3 - https:\/\/yoast.com\/product\/yoast-seo-wordpress\/ -->\n<title>La b\u00fasqueda del wellness ya es tendencia corporativa - Arquimaster<\/title>\n<meta name=\"description\" content=\"La transformaci\u00f3n que se viene en los espacios de trabajo en b\u00fasqueda de una habitabilidad saludable y que sume bienestar a la rutina.\" \/>\n<meta name=\"robots\" content=\"index, follow, max-snippet:-1, max-image-preview:large, max-video-preview:-1\" \/>\n<link rel=\"canonical\" href=\"https:\/\/www.arquimaster.com.ar\/web\/la-busqueda-del-wellness-ya-es-tendencia-corporativa\/\" \/>\n<meta property=\"og:locale\" content=\"es_ES\" \/>\n<meta property=\"og:type\" content=\"article\" \/>\n<meta property=\"og:title\" content=\"La b\u00fasqueda del wellness ya es tendencia corporativa\" \/>\n<meta property=\"og:description\" content=\"La transformaci\u00f3n que se viene en los espacios de trabajo en b\u00fasqueda de una habitabilidad saludable y que sume bienestar a la rutina.\" \/>\n<meta property=\"og:url\" content=\"https:\/\/www.arquimaster.com.ar\/web\/la-busqueda-del-wellness-ya-es-tendencia-corporativa\/\" \/>\n<meta property=\"og:site_name\" content=\"Arquimaster\" \/>\n<meta property=\"article:publisher\" content=\"http:\/\/www.facebook.com\/ARQUIMASTER.com.ar\" \/>\n<meta property=\"article:published_time\" content=\"2020-09-08T18:24:06+00:00\" \/>\n<meta property=\"article:modified_time\" content=\"2020-09-08T20:13:24+00:00\" \/>\n<meta property=\"og:image\" content=\"https:\/\/www.arquimaster.com.ar\/web\/wp-content\/uploads\/2020\/09\/wellness_corporativo_slide.jpg\" \/>\n\t<meta property=\"og:image:width\" content=\"698\" \/>\n\t<meta property=\"og:image:height\" content=\"364\" \/>\n\t<meta property=\"og:image:type\" content=\"image\/jpeg\" \/>\n<meta name=\"author\" content=\"Arquimaster\" \/>\n<meta name=\"twitter:card\" content=\"summary_large_image\" \/>\n<meta name=\"twitter:title\" content=\"La b\u00fasqueda del wellness ya es tendencia corporativa\" \/>\n<meta name=\"twitter:description\" content=\"La transformaci\u00f3n que se viene en los espacios de trabajo en b\u00fasqueda de una habitabilidad saludable y que sume bienestar a la rutina.\" \/>\n<meta name=\"twitter:image\" content=\"https:\/\/www.arquimaster.com.ar\/web\/wp-content\/uploads\/2020\/09\/wellness_corporativo_slide.jpg\" \/>\n<meta name=\"twitter:creator\" content=\"@arquimaster\" \/>\n<meta name=\"twitter:site\" content=\"@arquimaster\" \/>\n<meta name=\"twitter:label1\" content=\"Escrito por\" \/>\n\t<meta name=\"twitter:data1\" content=\"Arquimaster\" \/>\n\t<meta name=\"twitter:label2\" content=\"Tiempo de lectura\" \/>\n\t<meta name=\"twitter:data2\" content=\"4 minutos\" \/>\n<script type=\"application\/ld+json\" class=\"yoast-schema-graph\">{\"@context\":\"https:\\\/\\\/schema.org\",\"@graph\":[{\"@type\":\"Article\",\"@id\":\"https:\\\/\\\/www.arquimaster.com.ar\\\/web\\\/la-busqueda-del-wellness-ya-es-tendencia-corporativa\\\/#article\",\"isPartOf\":{\"@id\":\"https:\\\/\\\/www.arquimaster.com.ar\\\/web\\\/la-busqueda-del-wellness-ya-es-tendencia-corporativa\\\/\"},\"author\":{\"name\":\"Arquimaster\",\"@id\":\"https:\\\/\\\/www.arquimaster.com.ar\\\/web\\\/#\\\/schema\\\/person\\\/359e9f7c00193fcde068e0dd2ceb0028\"},\"headline\":\"La b\u00fasqueda del wellness ya es tendencia corporativa\",\"datePublished\":\"2020-09-08T18:24:06+00:00\",\"dateModified\":\"2020-09-08T20:13:24+00:00\",\"mainEntityOfPage\":{\"@id\":\"https:\\\/\\\/www.arquimaster.com.ar\\\/web\\\/la-busqueda-del-wellness-ya-es-tendencia-corporativa\\\/\"},\"wordCount\":839,\"publisher\":{\"@id\":\"https:\\\/\\\/www.arquimaster.com.ar\\\/web\\\/#organization\"},\"image\":{\"@id\":\"https:\\\/\\\/www.arquimaster.com.ar\\\/web\\\/la-busqueda-del-wellness-ya-es-tendencia-corporativa\\\/#primaryimage\"},\"thumbnailUrl\":\"https:\\\/\\\/www.arquimaster.com.ar\\\/web\\\/wp-content\\\/uploads\\\/2020\\\/09\\\/wellness_corporativo_slide.jpg\",\"keywords\":[\"arquitectura corporativa\",\"branding wellness\",\"dise\u00f1o de oficinas\",\"espacios de trabajo\",\"Nina Benet\",\"nueva normalidad\",\"pandemia\",\"wellness\",\"wellness corporativo\",\"workplaces\"],\"articleSection\":[\"Dise\u00f1o\",\"Dise\u00f1o interior y decoracion\"],\"inLanguage\":\"es\"},{\"@type\":\"WebPage\",\"@id\":\"https:\\\/\\\/www.arquimaster.com.ar\\\/web\\\/la-busqueda-del-wellness-ya-es-tendencia-corporativa\\\/\",\"url\":\"https:\\\/\\\/www.arquimaster.com.ar\\\/web\\\/la-busqueda-del-wellness-ya-es-tendencia-corporativa\\\/\",\"name\":\"La b\u00fasqueda del wellness ya es tendencia corporativa - Arquimaster\",\"isPartOf\":{\"@id\":\"https:\\\/\\\/www.arquimaster.com.ar\\\/web\\\/#website\"},\"primaryImageOfPage\":{\"@id\":\"https:\\\/\\\/www.arquimaster.com.ar\\\/web\\\/la-busqueda-del-wellness-ya-es-tendencia-corporativa\\\/#primaryimage\"},\"image\":{\"@id\":\"https:\\\/\\\/www.arquimaster.com.ar\\\/web\\\/la-busqueda-del-wellness-ya-es-tendencia-corporativa\\\/#primaryimage\"},\"thumbnailUrl\":\"https:\\\/\\\/www.arquimaster.com.ar\\\/web\\\/wp-content\\\/uploads\\\/2020\\\/09\\\/wellness_corporativo_slide.jpg\",\"datePublished\":\"2020-09-08T18:24:06+00:00\",\"dateModified\":\"2020-09-08T20:13:24+00:00\",\"description\":\"La transformaci\u00f3n que se viene en los espacios de trabajo en b\u00fasqueda de una habitabilidad saludable y que sume bienestar a la rutina.\",\"breadcrumb\":{\"@id\":\"https:\\\/\\\/www.arquimaster.com.ar\\\/web\\\/la-busqueda-del-wellness-ya-es-tendencia-corporativa\\\/#breadcrumb\"},\"inLanguage\":\"es\",\"potentialAction\":[{\"@type\":\"ReadAction\",\"target\":[\"https:\\\/\\\/www.arquimaster.com.ar\\\/web\\\/la-busqueda-del-wellness-ya-es-tendencia-corporativa\\\/\"]}]},{\"@type\":\"ImageObject\",\"inLanguage\":\"es\",\"@id\":\"https:\\\/\\\/www.arquimaster.com.ar\\\/web\\\/la-busqueda-del-wellness-ya-es-tendencia-corporativa\\\/#primaryimage\",\"url\":\"https:\\\/\\\/www.arquimaster.com.ar\\\/web\\\/wp-content\\\/uploads\\\/2020\\\/09\\\/wellness_corporativo_slide.jpg\",\"contentUrl\":\"https:\\\/\\\/www.arquimaster.com.ar\\\/web\\\/wp-content\\\/uploads\\\/2020\\\/09\\\/wellness_corporativo_slide.jpg\",\"width\":698,\"height\":364},{\"@type\":\"BreadcrumbList\",\"@id\":\"https:\\\/\\\/www.arquimaster.com.ar\\\/web\\\/la-busqueda-del-wellness-ya-es-tendencia-corporativa\\\/#breadcrumb\",\"itemListElement\":[{\"@type\":\"ListItem\",\"position\":1,\"name\":\"Portada\",\"item\":\"https:\\\/\\\/www.arquimaster.com.ar\\\/web\\\/\"},{\"@type\":\"ListItem\",\"position\":2,\"name\":\"La b\u00fasqueda del wellness ya es tendencia corporativa\"}]},{\"@type\":\"WebSite\",\"@id\":\"https:\\\/\\\/www.arquimaster.com.ar\\\/web\\\/#website\",\"url\":\"https:\\\/\\\/www.arquimaster.com.ar\\\/web\\\/\",\"name\":\"Arquimaster\",\"description\":\"Web de arquitectura, dise\u00f1o y construccion\",\"publisher\":{\"@id\":\"https:\\\/\\\/www.arquimaster.com.ar\\\/web\\\/#organization\"},\"potentialAction\":[{\"@type\":\"SearchAction\",\"target\":{\"@type\":\"EntryPoint\",\"urlTemplate\":\"https:\\\/\\\/www.arquimaster.com.ar\\\/web\\\/?s={search_term_string}\"},\"query-input\":{\"@type\":\"PropertyValueSpecification\",\"valueRequired\":true,\"valueName\":\"search_term_string\"}}],\"inLanguage\":\"es\"},{\"@type\":\"Organization\",\"@id\":\"https:\\\/\\\/www.arquimaster.com.ar\\\/web\\\/#organization\",\"name\":\"Arquimaster\",\"url\":\"https:\\\/\\\/www.arquimaster.com.ar\\\/web\\\/\",\"logo\":{\"@type\":\"ImageObject\",\"inLanguage\":\"es\",\"@id\":\"https:\\\/\\\/www.arquimaster.com.ar\\\/web\\\/#\\\/schema\\\/logo\\\/image\\\/\",\"url\":\"https:\\\/\\\/www.arquimaster.com.ar\\\/web\\\/wp-content\\\/uploads\\\/2022\\\/06\\\/arquimaster.png\",\"contentUrl\":\"https:\\\/\\\/www.arquimaster.com.ar\\\/web\\\/wp-content\\\/uploads\\\/2022\\\/06\\\/arquimaster.png\",\"width\":594,\"height\":78,\"caption\":\"Arquimaster\"},\"image\":{\"@id\":\"https:\\\/\\\/www.arquimaster.com.ar\\\/web\\\/#\\\/schema\\\/logo\\\/image\\\/\"},\"sameAs\":[\"http:\\\/\\\/www.facebook.com\\\/ARQUIMASTER.com.ar\",\"https:\\\/\\\/x.com\\\/arquimaster\",\"https:\\\/\\\/www.instagram.com\\\/arquimasterblog\\\/\",\"https:\\\/\\\/www.linkedin.com\\\/company\\\/arquimaster\",\"https:\\\/\\\/www.pinterest.com\\\/arquimaster\",\"https:\\\/\\\/t.me\\\/arquimaster\"]},{\"@type\":\"Person\",\"@id\":\"https:\\\/\\\/www.arquimaster.com.ar\\\/web\\\/#\\\/schema\\\/person\\\/359e9f7c00193fcde068e0dd2ceb0028\",\"name\":\"Arquimaster\"}]}<\/script>\n<!-- \/ Yoast SEO plugin. -->","yoast_head_json":{"title":"La b\u00fasqueda del wellness ya es tendencia corporativa - Arquimaster","description":"La transformaci\u00f3n que se viene en los espacios de trabajo en b\u00fasqueda de una habitabilidad saludable y que sume bienestar a la rutina.","robots":{"index":"index","follow":"follow","max-snippet":"max-snippet:-1","max-image-preview":"max-image-preview:large","max-video-preview":"max-video-preview:-1"},"canonical":"https:\/\/www.arquimaster.com.ar\/web\/la-busqueda-del-wellness-ya-es-tendencia-corporativa\/","og_locale":"es_ES","og_type":"article","og_title":"La b\u00fasqueda del wellness ya es tendencia corporativa","og_description":"La transformaci\u00f3n que se viene en los espacios de trabajo en b\u00fasqueda de una habitabilidad saludable y que sume bienestar a la rutina.","og_url":"https:\/\/www.arquimaster.com.ar\/web\/la-busqueda-del-wellness-ya-es-tendencia-corporativa\/","og_site_name":"Arquimaster","article_publisher":"http:\/\/www.facebook.com\/ARQUIMASTER.com.ar","article_published_time":"2020-09-08T18:24:06+00:00","article_modified_time":"2020-09-08T20:13:24+00:00","og_image":[{"width":698,"height":364,"url":"https:\/\/www.arquimaster.com.ar\/web\/wp-content\/uploads\/2020\/09\/wellness_corporativo_slide.jpg","type":"image\/jpeg"}],"author":"Arquimaster","twitter_card":"summary_large_image","twitter_title":"La b\u00fasqueda del wellness ya es tendencia corporativa","twitter_description":"La transformaci\u00f3n que se viene en los espacios de trabajo en b\u00fasqueda de una habitabilidad saludable y que sume bienestar a la rutina.","twitter_image":"https:\/\/www.arquimaster.com.ar\/web\/wp-content\/uploads\/2020\/09\/wellness_corporativo_slide.jpg","twitter_creator":"@arquimaster","twitter_site":"@arquimaster","twitter_misc":{"Escrito por":"Arquimaster","Tiempo de lectura":"4 minutos"},"schema":{"@context":"https:\/\/schema.org","@graph":[{"@type":"Article","@id":"https:\/\/www.arquimaster.com.ar\/web\/la-busqueda-del-wellness-ya-es-tendencia-corporativa\/#article","isPartOf":{"@id":"https:\/\/www.arquimaster.com.ar\/web\/la-busqueda-del-wellness-ya-es-tendencia-corporativa\/"},"author":{"name":"Arquimaster","@id":"https:\/\/www.arquimaster.com.ar\/web\/#\/schema\/person\/359e9f7c00193fcde068e0dd2ceb0028"},"headline":"La b\u00fasqueda del wellness ya es tendencia corporativa","datePublished":"2020-09-08T18:24:06+00:00","dateModified":"2020-09-08T20:13:24+00:00","mainEntityOfPage":{"@id":"https:\/\/www.arquimaster.com.ar\/web\/la-busqueda-del-wellness-ya-es-tendencia-corporativa\/"},"wordCount":839,"publisher":{"@id":"https:\/\/www.arquimaster.com.ar\/web\/#organization"},"image":{"@id":"https:\/\/www.arquimaster.com.ar\/web\/la-busqueda-del-wellness-ya-es-tendencia-corporativa\/#primaryimage"},"thumbnailUrl":"https:\/\/www.arquimaster.com.ar\/web\/wp-content\/uploads\/2020\/09\/wellness_corporativo_slide.jpg","keywords":["arquitectura corporativa","branding wellness","dise\u00f1o de oficinas","espacios de trabajo","Nina Benet","nueva normalidad","pandemia","wellness","wellness corporativo","workplaces"],"articleSection":["Dise\u00f1o","Dise\u00f1o interior y decoracion"],"inLanguage":"es"},{"@type":"WebPage","@id":"https:\/\/www.arquimaster.com.ar\/web\/la-busqueda-del-wellness-ya-es-tendencia-corporativa\/","url":"https:\/\/www.arquimaster.com.ar\/web\/la-busqueda-del-wellness-ya-es-tendencia-corporativa\/","name":"La b\u00fasqueda del wellness ya es tendencia corporativa - Arquimaster","isPartOf":{"@id":"https:\/\/www.arquimaster.com.ar\/web\/#website"},"primaryImageOfPage":{"@id":"https:\/\/www.arquimaster.com.ar\/web\/la-busqueda-del-wellness-ya-es-tendencia-corporativa\/#primaryimage"},"image":{"@id":"https:\/\/www.arquimaster.com.ar\/web\/la-busqueda-del-wellness-ya-es-tendencia-corporativa\/#primaryimage"},"thumbnailUrl":"https:\/\/www.arquimaster.com.ar\/web\/wp-content\/uploads\/2020\/09\/wellness_corporativo_slide.jpg","datePublished":"2020-09-08T18:24:06+00:00","dateModified":"2020-09-08T20:13:24+00:00","description":"La transformaci\u00f3n que se viene en los espacios de trabajo en b\u00fasqueda de una habitabilidad saludable y que sume bienestar a la rutina.","breadcrumb":{"@id":"https:\/\/www.arquimaster.com.ar\/web\/la-busqueda-del-wellness-ya-es-tendencia-corporativa\/#breadcrumb"},"inLanguage":"es","potentialAction":[{"@type":"ReadAction","target":["https:\/\/www.arquimaster.com.ar\/web\/la-busqueda-del-wellness-ya-es-tendencia-corporativa\/"]}]},{"@type":"ImageObject","inLanguage":"es","@id":"https:\/\/www.arquimaster.com.ar\/web\/la-busqueda-del-wellness-ya-es-tendencia-corporativa\/#primaryimage","url":"https:\/\/www.arquimaster.com.ar\/web\/wp-content\/uploads\/2020\/09\/wellness_corporativo_slide.jpg","contentUrl":"https:\/\/www.arquimaster.com.ar\/web\/wp-content\/uploads\/2020\/09\/wellness_corporativo_slide.jpg","width":698,"height":364},{"@type":"BreadcrumbList","@id":"https:\/\/www.arquimaster.com.ar\/web\/la-busqueda-del-wellness-ya-es-tendencia-corporativa\/#breadcrumb","itemListElement":[{"@type":"ListItem","position":1,"name":"Portada","item":"https:\/\/www.arquimaster.com.ar\/web\/"},{"@type":"ListItem","position":2,"name":"La b\u00fasqueda del wellness ya es tendencia corporativa"}]},{"@type":"WebSite","@id":"https:\/\/www.arquimaster.com.ar\/web\/#website","url":"https:\/\/www.arquimaster.com.ar\/web\/","name":"Arquimaster","description":"Web de arquitectura, dise\u00f1o y construccion","publisher":{"@id":"https:\/\/www.arquimaster.com.ar\/web\/#organization"},"potentialAction":[{"@type":"SearchAction","target":{"@type":"EntryPoint","urlTemplate":"https:\/\/www.arquimaster.com.ar\/web\/?s={search_term_string}"},"query-input":{"@type":"PropertyValueSpecification","valueRequired":true,"valueName":"search_term_string"}}],"inLanguage":"es"},{"@type":"Organization","@id":"https:\/\/www.arquimaster.com.ar\/web\/#organization","name":"Arquimaster","url":"https:\/\/www.arquimaster.com.ar\/web\/","logo":{"@type":"ImageObject","inLanguage":"es","@id":"https:\/\/www.arquimaster.com.ar\/web\/#\/schema\/logo\/image\/","url":"https:\/\/www.arquimaster.com.ar\/web\/wp-content\/uploads\/2022\/06\/arquimaster.png","contentUrl":"https:\/\/www.arquimaster.com.ar\/web\/wp-content\/uploads\/2022\/06\/arquimaster.png","width":594,"height":78,"caption":"Arquimaster"},"image":{"@id":"https:\/\/www.arquimaster.com.ar\/web\/#\/schema\/logo\/image\/"},"sameAs":["http:\/\/www.facebook.com\/ARQUIMASTER.com.ar","https:\/\/x.com\/arquimaster","https:\/\/www.instagram.com\/arquimasterblog\/","https:\/\/www.linkedin.com\/company\/arquimaster","https:\/\/www.pinterest.com\/arquimaster","https:\/\/t.me\/arquimaster"]},{"@type":"Person","@id":"https:\/\/www.arquimaster.com.ar\/web\/#\/schema\/person\/359e9f7c00193fcde068e0dd2ceb0028","name":"Arquimaster"}]}},"uagb_featured_image_src":{"full":["https:\/\/www.arquimaster.com.ar\/web\/wp-content\/uploads\/2020\/09\/wellness_corporativo_slide.jpg",698,364,false],"thumbnail":["https:\/\/www.arquimaster.com.ar\/web\/wp-content\/uploads\/2020\/09\/wellness_corporativo_slide-150x150.jpg",150,150,true],"medium":["https:\/\/www.arquimaster.com.ar\/web\/wp-content\/uploads\/2020\/09\/wellness_corporativo_slide.jpg",698,364,false],"medium_large":["https:\/\/www.arquimaster.com.ar\/web\/wp-content\/uploads\/2020\/09\/wellness_corporativo_slide.jpg",698,364,false],"large":["https:\/\/www.arquimaster.com.ar\/web\/wp-content\/uploads\/2020\/09\/wellness_corporativo_slide.jpg",698,364,false],"1536x1536":["https:\/\/www.arquimaster.com.ar\/web\/wp-content\/uploads\/2020\/09\/wellness_corporativo_slide.jpg",698,364,false],"2048x2048":["https:\/\/www.arquimaster.com.ar\/web\/wp-content\/uploads\/2020\/09\/wellness_corporativo_slide.jpg",698,364,false]},"uagb_author_info":{"display_name":"Arquimaster","author_link":"https:\/\/www.arquimaster.com.ar\/web\/author\/arquimaster\/"},"uagb_comment_info":0,"uagb_excerpt":"La transformaci\u00f3n en los espacios de trabajo en b\u00fasqueda de una habitabilidad saludable...","_links":{"self":[{"href":"https:\/\/www.arquimaster.com.ar\/web\/wp-json\/wp\/v2\/posts\/59269","targetHints":{"allow":["GET"]}}],"collection":[{"href":"https:\/\/www.arquimaster.com.ar\/web\/wp-json\/wp\/v2\/posts"}],"about":[{"href":"https:\/\/www.arquimaster.com.ar\/web\/wp-json\/wp\/v2\/types\/post"}],"author":[{"embeddable":true,"href":"https:\/\/www.arquimaster.com.ar\/web\/wp-json\/wp\/v2\/users\/1"}],"replies":[{"embeddable":true,"href":"https:\/\/www.arquimaster.com.ar\/web\/wp-json\/wp\/v2\/comments?post=59269"}],"version-history":[{"count":1,"href":"https:\/\/www.arquimaster.com.ar\/web\/wp-json\/wp\/v2\/posts\/59269\/revisions"}],"predecessor-version":[{"id":59272,"href":"https:\/\/www.arquimaster.com.ar\/web\/wp-json\/wp\/v2\/posts\/59269\/revisions\/59272"}],"wp:featuredmedia":[{"embeddable":true,"href":"https:\/\/www.arquimaster.com.ar\/web\/wp-json\/wp\/v2\/media\/59270"}],"wp:attachment":[{"href":"https:\/\/www.arquimaster.com.ar\/web\/wp-json\/wp\/v2\/media?parent=59269"}],"wp:term":[{"taxonomy":"category","embeddable":true,"href":"https:\/\/www.arquimaster.com.ar\/web\/wp-json\/wp\/v2\/categories?post=59269"},{"taxonomy":"post_tag","embeddable":true,"href":"https:\/\/www.arquimaster.com.ar\/web\/wp-json\/wp\/v2\/tags?post=59269"}],"curies":[{"name":"wp","href":"https:\/\/api.w.org\/{rel}","templated":true}]}}