{"id":59610,"date":"2020-09-17T16:43:12","date_gmt":"2020-09-17T19:43:12","guid":{"rendered":"https:\/\/www.arquimaster.com.ar\/web\/?p=59610"},"modified":"2020-10-01T18:06:57","modified_gmt":"2020-10-01T21:06:57","slug":"edificio-de-viviendas-dr-atl-285-baaq","status":"publish","type":"post","link":"https:\/\/www.arquimaster.com.ar\/web\/edificio-de-viviendas-dr-atl-285-baaq\/","title":{"rendered":"Edificio de viviendas Dr. Atl 285 \/ BAAQ&#8217;"},"content":{"rendered":"<div style=\"margin-top: 0px; margin-bottom: 0px;\" class=\"sharethis-inline-share-buttons\" ><\/div><div class=\"b812932af2e751442846f039925109de\" data-index=\"1\" style=\"float: none; margin:25px 0 25px 0; text-align:center;\">\n<script async src=\"https:\/\/pagead2.googlesyndication.com\/pagead\/js\/adsbygoogle.js\"><\/script>\r\n<!-- Arquimaster (superior) -->\r\n<ins class=\"adsbygoogle\"\r\n     style=\"display:block\"\r\n     data-ad-client=\"ca-pub-6351072698456832\"\r\n     data-ad-slot=\"6455489680\"\r\n     data-ad-format=\"auto\"\r\n     data-full-width-responsive=\"true\"><\/ins>\r\n<script>\r\n     (adsbygoogle = window.adsbygoogle || []).push({});\r\n<\/script>\n<\/div>\n<p><strong>Edificio de viviendas tipo loft Dr. Atl 285<\/strong> (Ciudad de M\u00e9xico, Mexico) por <strong>BAAQ&#8217;<\/strong>. \u00bfC\u00f3mo aprovechar la herencia arquitect\u00f3nica y urbana que se ha creado en la Ciudad de M\u00e9xico a lo largo de la historia para generar espacios inclusivos y conectivos que permitan a la sociedad vivir en un conjunto arm\u00f3nico y pr\u00f3spero? Dr. Atl 285, construido en la d\u00e9cada de los setentas, es un ejercicio de aprovechamiento de esta herencia; buscando como premisa beneficiar a la poblaci\u00f3n y al medio ambiente mientras se preserva y rescata el patrimonio cultural. Dr. Atl 285 se encuentra ubicado dentro de la colonia Santa Mar\u00eda la Ribera, la cual se encuentra en franca densificaci\u00f3n, y que gracias a su cercan\u00eda con el centro de la ciudad y el car\u00e1cter hist\u00f3rico que guarda, ha atra\u00eddo una poblaci\u00f3n joven que pretende vivir cerca de los centros culturales y econ\u00f3micos.<\/p>\n<div id='gallery-1' class='gallery galleryid-59610 gallery-columns-3 gallery-size-thumbnail'><figure class='gallery-item'>\n\t\t\t<div class='gallery-icon portrait'>\n\t\t\t\t<a href='https:\/\/www.arquimaster.com.ar\/web\/wp-content\/uploads\/2020\/09\/edificio_dr_atl1.jpg' title=\"Edificio de viviendas Dr. Atl 285 \/ BAAQ&#039; (\u00a9 Arturo Arrieta)\" data-rl_title=\"Edificio de viviendas Dr. Atl 285 \/ BAAQ&#039; (\u00a9 Arturo Arrieta)\" class=\"rl-gallery-link\" data-rl_caption=\"Edificio de viviendas Dr. Atl 285 \/ BAAQ&#039; (\u00a9 Arturo Arrieta)\" data-rel=\"lightbox-gallery-1\"><img loading=\"lazy\" decoding=\"async\" width=\"150\" height=\"150\" src=\"https:\/\/www.arquimaster.com.ar\/web\/wp-content\/uploads\/2020\/09\/edificio_dr_atl1-150x150.jpg\" class=\"attachment-thumbnail size-thumbnail\" alt=\"\" aria-describedby=\"gallery-1-59612\" \/><\/a>\n\t\t\t<\/div>\n\t\t\t\t<figcaption class='wp-caption-text gallery-caption' id='gallery-1-59612'>\n\t\t\t\tEdificio de viviendas Dr. Atl 285 \/ BAAQ&#8217; (\u00a9 Arturo Arrieta)\n\t\t\t\t<\/figcaption><\/figure><figure class='gallery-item'>\n\t\t\t<div class='gallery-icon portrait'>\n\t\t\t\t<a href='https:\/\/www.arquimaster.com.ar\/web\/wp-content\/uploads\/2020\/09\/edificio_dr_atl2.jpg' title=\"Edificio de viviendas Dr. Atl 285 \/ BAAQ&#039; (\u00a9 Arturo Arrieta)\" data-rl_title=\"Edificio de viviendas Dr. Atl 285 \/ BAAQ&#039; (\u00a9 Arturo Arrieta)\" class=\"rl-gallery-link\" data-rl_caption=\"Edificio de viviendas Dr. Atl 285 \/ BAAQ&#039; (\u00a9 Arturo Arrieta)\" data-rel=\"lightbox-gallery-1\"><img loading=\"lazy\" decoding=\"async\" width=\"150\" height=\"150\" src=\"https:\/\/www.arquimaster.com.ar\/web\/wp-content\/uploads\/2020\/09\/edificio_dr_atl2-150x150.jpg\" class=\"attachment-thumbnail size-thumbnail\" alt=\"\" aria-describedby=\"gallery-1-59613\" \/><\/a>\n\t\t\t<\/div>\n\t\t\t\t<figcaption class='wp-caption-text gallery-caption' id='gallery-1-59613'>\n\t\t\t\tEdificio de viviendas Dr. Atl 285 \/ BAAQ&#8217; (\u00a9 Arturo Arrieta)\n\t\t\t\t<\/figcaption><\/figure><figure class='gallery-item'>\n\t\t\t<div class='gallery-icon landscape'>\n\t\t\t\t<a href='https:\/\/www.arquimaster.com.ar\/web\/wp-content\/uploads\/2020\/09\/edificio_dr_atl3.jpg' title=\"Edificio de viviendas Dr. Atl 285 \/ BAAQ&#039; (\u00a9 Arturo Arrieta)\" data-rl_title=\"Edificio de viviendas Dr. Atl 285 \/ BAAQ&#039; (\u00a9 Arturo Arrieta)\" class=\"rl-gallery-link\" data-rl_caption=\"Edificio de viviendas Dr. Atl 285 \/ BAAQ&#039; (\u00a9 Arturo Arrieta)\" data-rel=\"lightbox-gallery-1\"><img loading=\"lazy\" decoding=\"async\" width=\"150\" height=\"150\" src=\"https:\/\/www.arquimaster.com.ar\/web\/wp-content\/uploads\/2020\/09\/edificio_dr_atl3-150x150.jpg\" class=\"attachment-thumbnail size-thumbnail\" alt=\"\" aria-describedby=\"gallery-1-59614\" \/><\/a>\n\t\t\t<\/div>\n\t\t\t\t<figcaption class='wp-caption-text gallery-caption' id='gallery-1-59614'>\n\t\t\t\tEdificio de viviendas Dr. Atl 285 \/ BAAQ&#8217; (\u00a9 Arturo Arrieta)\n\t\t\t\t<\/figcaption><\/figure><figure class='gallery-item'>\n\t\t\t<div class='gallery-icon portrait'>\n\t\t\t\t<a href='https:\/\/www.arquimaster.com.ar\/web\/wp-content\/uploads\/2020\/09\/edificio_dr_atl4.jpg' title=\"Edificio de viviendas Dr. Atl 285 \/ BAAQ&#039; (\u00a9 Arturo Arrieta)\" data-rl_title=\"Edificio de viviendas Dr. Atl 285 \/ BAAQ&#039; (\u00a9 Arturo Arrieta)\" class=\"rl-gallery-link\" data-rl_caption=\"Edificio de viviendas Dr. Atl 285 \/ BAAQ&#039; (\u00a9 Arturo Arrieta)\" data-rel=\"lightbox-gallery-1\"><img loading=\"lazy\" decoding=\"async\" width=\"150\" height=\"150\" src=\"https:\/\/www.arquimaster.com.ar\/web\/wp-content\/uploads\/2020\/09\/edificio_dr_atl4-150x150.jpg\" class=\"attachment-thumbnail size-thumbnail\" alt=\"\" aria-describedby=\"gallery-1-59615\" \/><\/a>\n\t\t\t<\/div>\n\t\t\t\t<figcaption class='wp-caption-text gallery-caption' id='gallery-1-59615'>\n\t\t\t\tEdificio de viviendas Dr. Atl 285 \/ BAAQ&#8217; (\u00a9 Arturo Arrieta)\n\t\t\t\t<\/figcaption><\/figure><figure class='gallery-item'>\n\t\t\t<div class='gallery-icon portrait'>\n\t\t\t\t<a href='https:\/\/www.arquimaster.com.ar\/web\/wp-content\/uploads\/2020\/09\/edificio_dr_atl5.jpg' title=\"Edificio de viviendas Dr. Atl 285 \/ BAAQ&#039; (\u00a9 Arturo Arrieta)\" data-rl_title=\"Edificio de viviendas Dr. Atl 285 \/ BAAQ&#039; (\u00a9 Arturo Arrieta)\" class=\"rl-gallery-link\" data-rl_caption=\"Edificio de viviendas Dr. Atl 285 \/ BAAQ&#039; (\u00a9 Arturo Arrieta)\" data-rel=\"lightbox-gallery-1\"><img loading=\"lazy\" decoding=\"async\" width=\"150\" height=\"150\" src=\"https:\/\/www.arquimaster.com.ar\/web\/wp-content\/uploads\/2020\/09\/edificio_dr_atl5-150x150.jpg\" class=\"attachment-thumbnail size-thumbnail\" alt=\"\" aria-describedby=\"gallery-1-59616\" \/><\/a>\n\t\t\t<\/div>\n\t\t\t\t<figcaption class='wp-caption-text gallery-caption' id='gallery-1-59616'>\n\t\t\t\tEdificio de viviendas Dr. Atl 285 \/ BAAQ&#8217; (\u00a9 Arturo Arrieta)\n\t\t\t\t<\/figcaption><\/figure><figure class='gallery-item'>\n\t\t\t<div class='gallery-icon landscape'>\n\t\t\t\t<a href='https:\/\/www.arquimaster.com.ar\/web\/wp-content\/uploads\/2020\/09\/edificio_dr_atl6.jpg' title=\"Edificio de viviendas Dr. Atl 285 \/ BAAQ&#039; (\u00a9 Arturo Arrieta)\" data-rl_title=\"Edificio de viviendas Dr. Atl 285 \/ BAAQ&#039; (\u00a9 Arturo Arrieta)\" class=\"rl-gallery-link\" data-rl_caption=\"Edificio de viviendas Dr. Atl 285 \/ BAAQ&#039; (\u00a9 Arturo Arrieta)\" data-rel=\"lightbox-gallery-1\"><img loading=\"lazy\" decoding=\"async\" width=\"150\" height=\"150\" src=\"https:\/\/www.arquimaster.com.ar\/web\/wp-content\/uploads\/2020\/09\/edificio_dr_atl6-150x150.jpg\" class=\"attachment-thumbnail size-thumbnail\" alt=\"\" aria-describedby=\"gallery-1-59617\" \/><\/a>\n\t\t\t<\/div>\n\t\t\t\t<figcaption class='wp-caption-text gallery-caption' id='gallery-1-59617'>\n\t\t\t\tEdificio de viviendas Dr. Atl 285 \/ BAAQ&#8217; (\u00a9 Arturo Arrieta)\n\t\t\t\t<\/figcaption><\/figure><figure class='gallery-item'>\n\t\t\t<div class='gallery-icon landscape'>\n\t\t\t\t<a href='https:\/\/www.arquimaster.com.ar\/web\/wp-content\/uploads\/2020\/09\/edificio_dr_atl7.jpg' title=\"Edificio de viviendas Dr. Atl 285 \/ BAAQ&#039; (\u00a9 Arturo Arrieta)\" data-rl_title=\"Edificio de viviendas Dr. Atl 285 \/ BAAQ&#039; (\u00a9 Arturo Arrieta)\" class=\"rl-gallery-link\" data-rl_caption=\"Edificio de viviendas Dr. Atl 285 \/ BAAQ&#039; (\u00a9 Arturo Arrieta)\" data-rel=\"lightbox-gallery-1\"><img loading=\"lazy\" decoding=\"async\" width=\"150\" height=\"150\" src=\"https:\/\/www.arquimaster.com.ar\/web\/wp-content\/uploads\/2020\/09\/edificio_dr_atl7-150x150.jpg\" class=\"attachment-thumbnail size-thumbnail\" alt=\"\" aria-describedby=\"gallery-1-59618\" \/><\/a>\n\t\t\t<\/div>\n\t\t\t\t<figcaption class='wp-caption-text gallery-caption' id='gallery-1-59618'>\n\t\t\t\tEdificio de viviendas Dr. Atl 285 \/ BAAQ&#8217; (\u00a9 Arturo Arrieta)\n\t\t\t\t<\/figcaption><\/figure><figure class='gallery-item'>\n\t\t\t<div class='gallery-icon landscape'>\n\t\t\t\t<a href='https:\/\/www.arquimaster.com.ar\/web\/wp-content\/uploads\/2020\/09\/edificio_dr_atl8.jpg' title=\"Edificio de viviendas Dr. Atl 285 \/ BAAQ&#039; (\u00a9 Arturo Arrieta)\" data-rl_title=\"Edificio de viviendas Dr. Atl 285 \/ BAAQ&#039; (\u00a9 Arturo Arrieta)\" class=\"rl-gallery-link\" data-rl_caption=\"Edificio de viviendas Dr. Atl 285 \/ BAAQ&#039; (\u00a9 Arturo Arrieta)\" data-rel=\"lightbox-gallery-1\"><img loading=\"lazy\" decoding=\"async\" width=\"150\" height=\"150\" src=\"https:\/\/www.arquimaster.com.ar\/web\/wp-content\/uploads\/2020\/09\/edificio_dr_atl8-150x150.jpg\" class=\"attachment-thumbnail size-thumbnail\" alt=\"\" aria-describedby=\"gallery-1-59619\" \/><\/a>\n\t\t\t<\/div>\n\t\t\t\t<figcaption class='wp-caption-text gallery-caption' id='gallery-1-59619'>\n\t\t\t\tEdificio de viviendas Dr. Atl 285 \/ BAAQ&#8217; (\u00a9 Arturo Arrieta)\n\t\t\t\t<\/figcaption><\/figure><figure class='gallery-item'>\n\t\t\t<div class='gallery-icon landscape'>\n\t\t\t\t<a href='https:\/\/www.arquimaster.com.ar\/web\/wp-content\/uploads\/2020\/09\/edificio_dr_atl9.jpg' title=\"Edificio de viviendas Dr. Atl 285 \/ BAAQ&#039; (\u00a9 Arturo Arrieta)\" data-rl_title=\"Edificio de viviendas Dr. Atl 285 \/ BAAQ&#039; (\u00a9 Arturo Arrieta)\" class=\"rl-gallery-link\" data-rl_caption=\"Edificio de viviendas Dr. Atl 285 \/ BAAQ&#039; (\u00a9 Arturo Arrieta)\" data-rel=\"lightbox-gallery-1\"><img loading=\"lazy\" decoding=\"async\" width=\"150\" height=\"150\" src=\"https:\/\/www.arquimaster.com.ar\/web\/wp-content\/uploads\/2020\/09\/edificio_dr_atl9-150x150.jpg\" class=\"attachment-thumbnail size-thumbnail\" alt=\"\" aria-describedby=\"gallery-1-59620\" \/><\/a>\n\t\t\t<\/div>\n\t\t\t\t<figcaption class='wp-caption-text gallery-caption' id='gallery-1-59620'>\n\t\t\t\tEdificio de viviendas Dr. Atl 285 \/ BAAQ&#8217; (\u00a9 Arturo Arrieta)\n\t\t\t\t<\/figcaption><\/figure><figure class='gallery-item'>\n\t\t\t<div class='gallery-icon portrait'>\n\t\t\t\t<a href='https:\/\/www.arquimaster.com.ar\/web\/wp-content\/uploads\/2020\/09\/edificio_dr_atl10.jpg' title=\"Edificio de viviendas Dr. Atl 285 \/ BAAQ&#039; (\u00a9 Arturo Arrieta)\" data-rl_title=\"Edificio de viviendas Dr. Atl 285 \/ BAAQ&#039; (\u00a9 Arturo Arrieta)\" class=\"rl-gallery-link\" data-rl_caption=\"Edificio de viviendas Dr. Atl 285 \/ BAAQ&#039; (\u00a9 Arturo Arrieta)\" data-rel=\"lightbox-gallery-1\"><img loading=\"lazy\" decoding=\"async\" width=\"150\" height=\"150\" src=\"https:\/\/www.arquimaster.com.ar\/web\/wp-content\/uploads\/2020\/09\/edificio_dr_atl10-150x150.jpg\" class=\"attachment-thumbnail size-thumbnail\" alt=\"\" aria-describedby=\"gallery-1-59621\" \/><\/a>\n\t\t\t<\/div>\n\t\t\t\t<figcaption class='wp-caption-text gallery-caption' id='gallery-1-59621'>\n\t\t\t\tEdificio de viviendas Dr. Atl 285 \/ BAAQ&#8217; (\u00a9 Arturo Arrieta)\n\t\t\t\t<\/figcaption><\/figure><figure class='gallery-item'>\n\t\t\t<div class='gallery-icon landscape'>\n\t\t\t\t<a href='https:\/\/www.arquimaster.com.ar\/web\/wp-content\/uploads\/2020\/09\/edificio_dr_atl11.jpg' title=\"Edificio de viviendas Dr. Atl 285 \/ BAAQ&#039; (\u00a9 Arturo Arrieta)\" data-rl_title=\"Edificio de viviendas Dr. Atl 285 \/ BAAQ&#039; (\u00a9 Arturo Arrieta)\" class=\"rl-gallery-link\" data-rl_caption=\"Edificio de viviendas Dr. Atl 285 \/ BAAQ&#039; (\u00a9 Arturo Arrieta)\" data-rel=\"lightbox-gallery-1\"><img loading=\"lazy\" decoding=\"async\" width=\"150\" height=\"150\" src=\"https:\/\/www.arquimaster.com.ar\/web\/wp-content\/uploads\/2020\/09\/edificio_dr_atl11-150x150.jpg\" class=\"attachment-thumbnail size-thumbnail\" alt=\"\" aria-describedby=\"gallery-1-59622\" \/><\/a>\n\t\t\t<\/div>\n\t\t\t\t<figcaption class='wp-caption-text gallery-caption' id='gallery-1-59622'>\n\t\t\t\tEdificio de viviendas Dr. Atl 285 \/ BAAQ&#8217; (\u00a9 Arturo Arrieta)\n\t\t\t\t<\/figcaption><\/figure><figure class='gallery-item'>\n\t\t\t<div class='gallery-icon landscape'>\n\t\t\t\t<a href='https:\/\/www.arquimaster.com.ar\/web\/wp-content\/uploads\/2020\/09\/edificio_dr_atl12.jpg' title=\"Edificio de viviendas Dr. Atl 285 \/ BAAQ&#039; (\u00a9 Arturo Arrieta)\" data-rl_title=\"Edificio de viviendas Dr. Atl 285 \/ BAAQ&#039; (\u00a9 Arturo Arrieta)\" class=\"rl-gallery-link\" data-rl_caption=\"Edificio de viviendas Dr. Atl 285 \/ BAAQ&#039; (\u00a9 Arturo Arrieta)\" data-rel=\"lightbox-gallery-1\"><img loading=\"lazy\" decoding=\"async\" width=\"150\" height=\"150\" src=\"https:\/\/www.arquimaster.com.ar\/web\/wp-content\/uploads\/2020\/09\/edificio_dr_atl12-150x150.jpg\" class=\"attachment-thumbnail size-thumbnail\" alt=\"\" aria-describedby=\"gallery-1-59623\" \/><\/a>\n\t\t\t<\/div>\n\t\t\t\t<figcaption class='wp-caption-text gallery-caption' id='gallery-1-59623'>\n\t\t\t\tEdificio de viviendas Dr. Atl 285 \/ BAAQ&#8217; (\u00a9 Arturo Arrieta)\n\t\t\t\t<\/figcaption><\/figure><figure class='gallery-item'>\n\t\t\t<div class='gallery-icon portrait'>\n\t\t\t\t<a href='https:\/\/www.arquimaster.com.ar\/web\/wp-content\/uploads\/2020\/09\/edificio_dr_atl13.jpg' title=\"Edificio de viviendas Dr. Atl 285 \/ BAAQ&#039; (\u00a9 Arturo Arrieta)\" data-rl_title=\"Edificio de viviendas Dr. Atl 285 \/ BAAQ&#039; (\u00a9 Arturo Arrieta)\" class=\"rl-gallery-link\" data-rl_caption=\"Edificio de viviendas Dr. Atl 285 \/ BAAQ&#039; (\u00a9 Arturo Arrieta)\" data-rel=\"lightbox-gallery-1\"><img loading=\"lazy\" decoding=\"async\" width=\"150\" height=\"150\" src=\"https:\/\/www.arquimaster.com.ar\/web\/wp-content\/uploads\/2020\/09\/edificio_dr_atl13-150x150.jpg\" class=\"attachment-thumbnail size-thumbnail\" alt=\"\" aria-describedby=\"gallery-1-59624\" \/><\/a>\n\t\t\t<\/div>\n\t\t\t\t<figcaption class='wp-caption-text gallery-caption' id='gallery-1-59624'>\n\t\t\t\tEdificio de viviendas Dr. Atl 285 \/ BAAQ&#8217; (\u00a9 Arturo Arrieta)\n\t\t\t\t<\/figcaption><\/figure><figure class='gallery-item'>\n\t\t\t<div class='gallery-icon landscape'>\n\t\t\t\t<a href='https:\/\/www.arquimaster.com.ar\/web\/wp-content\/uploads\/2020\/09\/edificio_dr_atl14.jpg' title=\"Edificio de viviendas Dr. Atl 285 \/ BAAQ&#039; (\u00a9 Arturo Arrieta)\" data-rl_title=\"Edificio de viviendas Dr. Atl 285 \/ BAAQ&#039; (\u00a9 Arturo Arrieta)\" class=\"rl-gallery-link\" data-rl_caption=\"Edificio de viviendas Dr. Atl 285 \/ BAAQ&#039; (\u00a9 Arturo Arrieta)\" data-rel=\"lightbox-gallery-1\"><img loading=\"lazy\" decoding=\"async\" width=\"150\" height=\"150\" src=\"https:\/\/www.arquimaster.com.ar\/web\/wp-content\/uploads\/2020\/09\/edificio_dr_atl14-150x150.jpg\" class=\"attachment-thumbnail size-thumbnail\" alt=\"\" aria-describedby=\"gallery-1-59625\" \/><\/a>\n\t\t\t<\/div>\n\t\t\t\t<figcaption class='wp-caption-text gallery-caption' id='gallery-1-59625'>\n\t\t\t\tEdificio de viviendas Dr. Atl 285 \/ BAAQ&#8217; (\u00a9 Arturo Arrieta)\n\t\t\t\t<\/figcaption><\/figure><figure class='gallery-item'>\n\t\t\t<div class='gallery-icon landscape'>\n\t\t\t\t<a href='https:\/\/www.arquimaster.com.ar\/web\/wp-content\/uploads\/2020\/09\/edificio_dr_atl15.jpg' title=\"Edificio de viviendas Dr. Atl 285 \/ BAAQ&#039; (\u00a9 Arturo Arrieta)\" data-rl_title=\"Edificio de viviendas Dr. Atl 285 \/ BAAQ&#039; (\u00a9 Arturo Arrieta)\" class=\"rl-gallery-link\" data-rl_caption=\"Edificio de viviendas Dr. Atl 285 \/ BAAQ&#039; (\u00a9 Arturo Arrieta)\" data-rel=\"lightbox-gallery-1\"><img loading=\"lazy\" decoding=\"async\" width=\"150\" height=\"150\" src=\"https:\/\/www.arquimaster.com.ar\/web\/wp-content\/uploads\/2020\/09\/edificio_dr_atl15-150x150.jpg\" class=\"attachment-thumbnail size-thumbnail\" alt=\"\" aria-describedby=\"gallery-1-59626\" \/><\/a>\n\t\t\t<\/div>\n\t\t\t\t<figcaption class='wp-caption-text gallery-caption' id='gallery-1-59626'>\n\t\t\t\tEdificio de viviendas Dr. Atl 285 \/ BAAQ&#8217; (\u00a9 Arturo Arrieta)\n\t\t\t\t<\/figcaption><\/figure><figure class='gallery-item'>\n\t\t\t<div class='gallery-icon landscape'>\n\t\t\t\t<a href='https:\/\/www.arquimaster.com.ar\/web\/wp-content\/uploads\/2020\/09\/edificio_dr_atl16.jpg' title=\"Edificio de viviendas Dr. Atl 285 \/ BAAQ&#039; (\u00a9 Jaime Navarro)\" data-rl_title=\"Edificio de viviendas Dr. Atl 285 \/ BAAQ&#039; (\u00a9 Jaime Navarro)\" class=\"rl-gallery-link\" data-rl_caption=\"Edificio de viviendas Dr. Atl 285 \/ BAAQ&#039; (\u00a9 Jaime Navarro)\" data-rel=\"lightbox-gallery-1\"><img loading=\"lazy\" decoding=\"async\" width=\"150\" height=\"150\" src=\"https:\/\/www.arquimaster.com.ar\/web\/wp-content\/uploads\/2020\/09\/edificio_dr_atl16-150x150.jpg\" class=\"attachment-thumbnail size-thumbnail\" alt=\"\" aria-describedby=\"gallery-1-59627\" \/><\/a>\n\t\t\t<\/div>\n\t\t\t\t<figcaption class='wp-caption-text gallery-caption' id='gallery-1-59627'>\n\t\t\t\tEdificio de viviendas Dr. Atl 285 \/ BAAQ&#8217; (\u00a9 Jaime Navarro)\n\t\t\t\t<\/figcaption><\/figure><figure class='gallery-item'>\n\t\t\t<div class='gallery-icon landscape'>\n\t\t\t\t<a href='https:\/\/www.arquimaster.com.ar\/web\/wp-content\/uploads\/2020\/09\/edificio_dr_atl17.jpg' title=\"Edificio de viviendas Dr. Atl 285 \/ BAAQ&#039; (\u00a9 Jaime Navarro)\" data-rl_title=\"Edificio de viviendas Dr. Atl 285 \/ BAAQ&#039; (\u00a9 Jaime Navarro)\" class=\"rl-gallery-link\" data-rl_caption=\"Edificio de viviendas Dr. Atl 285 \/ BAAQ&#039; (\u00a9 Jaime Navarro)\" data-rel=\"lightbox-gallery-1\"><img loading=\"lazy\" decoding=\"async\" width=\"150\" height=\"150\" src=\"https:\/\/www.arquimaster.com.ar\/web\/wp-content\/uploads\/2020\/09\/edificio_dr_atl17-150x150.jpg\" class=\"attachment-thumbnail size-thumbnail\" alt=\"\" aria-describedby=\"gallery-1-59628\" \/><\/a>\n\t\t\t<\/div>\n\t\t\t\t<figcaption class='wp-caption-text gallery-caption' id='gallery-1-59628'>\n\t\t\t\tEdificio de viviendas Dr. Atl 285 \/ BAAQ&#8217; (\u00a9 Jaime Navarro)\n\t\t\t\t<\/figcaption><\/figure><figure class='gallery-item'>\n\t\t\t<div class='gallery-icon landscape'>\n\t\t\t\t<a href='https:\/\/www.arquimaster.com.ar\/web\/wp-content\/uploads\/2020\/09\/edificio_dr_atl18.jpg' title=\"Edificio de viviendas Dr. Atl 285 \/ BAAQ&#039; (\u00a9 Jaime Navarro)\" data-rl_title=\"Edificio de viviendas Dr. Atl 285 \/ BAAQ&#039; (\u00a9 Jaime Navarro)\" class=\"rl-gallery-link\" data-rl_caption=\"Edificio de viviendas Dr. Atl 285 \/ BAAQ&#039; (\u00a9 Jaime Navarro)\" data-rel=\"lightbox-gallery-1\"><img loading=\"lazy\" decoding=\"async\" width=\"150\" height=\"150\" src=\"https:\/\/www.arquimaster.com.ar\/web\/wp-content\/uploads\/2020\/09\/edificio_dr_atl18-150x150.jpg\" class=\"attachment-thumbnail size-thumbnail\" alt=\"\" aria-describedby=\"gallery-1-59629\" \/><\/a>\n\t\t\t<\/div>\n\t\t\t\t<figcaption class='wp-caption-text gallery-caption' id='gallery-1-59629'>\n\t\t\t\tEdificio de viviendas Dr. Atl 285 \/ BAAQ&#8217; (\u00a9 Jaime Navarro)\n\t\t\t\t<\/figcaption><\/figure><figure class='gallery-item'>\n\t\t\t<div class='gallery-icon landscape'>\n\t\t\t\t<a href='https:\/\/www.arquimaster.com.ar\/web\/wp-content\/uploads\/2020\/09\/edificio_dr_atl19.jpg' title=\"Edificio de viviendas Dr. Atl 285 \/ BAAQ&#039; (\u00a9 Jaime Navarro)\" data-rl_title=\"Edificio de viviendas Dr. Atl 285 \/ BAAQ&#039; (\u00a9 Jaime Navarro)\" class=\"rl-gallery-link\" data-rl_caption=\"Edificio de viviendas Dr. Atl 285 \/ BAAQ&#039; (\u00a9 Jaime Navarro)\" data-rel=\"lightbox-gallery-1\"><img loading=\"lazy\" decoding=\"async\" width=\"150\" height=\"150\" src=\"https:\/\/www.arquimaster.com.ar\/web\/wp-content\/uploads\/2020\/09\/edificio_dr_atl19-150x150.jpg\" class=\"attachment-thumbnail size-thumbnail\" alt=\"\" aria-describedby=\"gallery-1-59630\" \/><\/a>\n\t\t\t<\/div>\n\t\t\t\t<figcaption class='wp-caption-text gallery-caption' id='gallery-1-59630'>\n\t\t\t\tEdificio de viviendas Dr. Atl 285 \/ BAAQ&#8217; (\u00a9 Jaime Navarro)\n\t\t\t\t<\/figcaption><\/figure>\n\t\t<\/div>\n\n<p>Debido a la vocaci\u00f3n industrial, el edificio fue dise\u00f1ado a base de una estructura reticular de vigas y columnas de concreto reforzado, creando espacios di\u00e1fanos sin muros divisorios y grandes claros. La antigua f\u00e1brica es flanqueada por un patio de maniobras.<\/p>\n<p>Aprovechando la geometr\u00eda de la estructura existente se propuso un sistema de configuraci\u00f3n a base de colocar elementos c\u00fabicos de madera que albergan los espacios privados, organizando as\u00ed distintos programas. Esto no s\u00f3lo permiti\u00f3 crear espacios acogedores y confortables para las zonas privadas, sino que tambi\u00e9n logr\u00f3 generar un dise\u00f1o modular que pudiera replicarse para generar departamentos de diferentes tama\u00f1os y configuraciones, adapt\u00e1ndose a las necesidades del mercado y permitiendo aprovechar la condici\u00f3n reticular del edificio.<\/p>\n<p>La vocaci\u00f3n industrial del edificio tambi\u00e9n implic\u00f3 un reto para el dise\u00f1o y ubicaci\u00f3n de circulaciones, las cuales se colocaron sobre el patio posterior, aprovechando un sistema constructivo que fuera permeable para permitir la iluminaci\u00f3n natural. Utilizando una geometr\u00eda triangular para los balcones, y replicando el sistema del pasillo, fue posible conservar el perfil de la fachada original sin afectar la iluminaci\u00f3n de los departamentos.<\/p>\n<p>La mayor apuesta de Dr. Atl 285 es integrar a sus habitantes dentro del tejido social de la colonia, por lo cual se aprovecharon las grandes \u00e1reas libres del edificio; patios y azotea, para crear zonas comunes que alienten la convivencia y mejoren la experiencia del usuario mientras agregan valor arquitect\u00f3nico y promueven una forma de vida m\u00e1s saludable y sustentable. El huerto en la azotea produce alimentos para todos los usuarios del proyecto a la vez que provoca un roce social entre todos los vecinos.<\/p>\n<p>Debajo del antiguo patio se ubic\u00f3 una planta de tratamiento de agua que elimina las descargas al drenaje y recircula el 100% del agua usada. Por encima, un jard\u00edn de \u00e1rboles recibe a los usuarios creando la sensaci\u00f3n de parque y generando la calidad del aire de todo el edificio.<\/p>\n<p>En conjunto, el proyecto pretende demostrar la adaptabilidad de la arquitectura a los recursos existentes, el potencial regenerativo de la ciudad y la capacidad de generar proyectos sustentables en la actualidad.<\/p>\n<p><strong>Ficha t\u00e9cnica<\/strong><br \/>Nombre: Edificio de viviendas Dr. Atl 285<br \/>Ubicaci\u00f3n: Santa Maria la Ribera, Ciudad de Mexico, Mexico<br \/>Arquitecto: Alfonso Qui\u00f1ones &#8211; BAAQ&#8217;<br \/>BAAQ&#8217;: Jalil Miguel, Alfonso Sodi, Gerardo Reyes Retana<br \/>Constructor: Factor Eficiencia<br \/>Superficie: 3,600 m2<br \/>A\u00f1o: 2019<br \/>Fotografias: Jaime Navarro, Arturo Arrieta<\/p>\n<p><strong>Contacto<\/strong><br \/><a href=\"https:\/\/www.baaq.net\/\" target=\"_blank\" rel=\"noopener noreferrer\">https:\/\/www.baaq.net<\/a><\/p>\n\n\n<div style=\"height:20px\" aria-hidden=\"true\" class=\"wp-block-spacer\"><\/div>\n\n\n<p><em><strong>English version<\/strong><\/em><\/p>\n<p><em><strong>Dr. Atl 285<\/strong><\/em><br><em>Mexico City, Mexico<\/em><br><em>BAAQ&#8217;<\/em><\/p>\n<p><em>How to make the best use of the urban and architectural heritage that has been passed on through history in Mexico City to generate inclusive and connective spaces that allow members of society to live in a prosperous and harmonious environment?<\/em><\/p>\n<p><em>Dr. Atl 285 was built in the late \u201960s. It is located in the neighborhood of Santa Maria la Ribera. This building exemplifies the proper exploitation of heritage under the premise of bringing benefits to the population and the environment while preserving and rescuing cultural legacy. The area where it is located is undergoing a densification process, and due to its proximity to the city center, it holds a historical character that has attracted a young population that intends to live near cultural and economic centers.<\/em><\/p>\n<p><em>The building was designed based on a reticular structure of reinforced concrete beams and columns, due to its previous industrial vocation, creating diaphanous spaces without dividing walls.<\/em><\/p>\n<p><em>A configuration system was proposed to take advantage of the geometry in the existing structure, relying on placing cubic elements of wood to provide private areas and also to generate a modular design that could be replicated according to the different programs, sizes, and configurations in order to meet the market\u2019s needs.<\/em><\/p>\n<p><em>The original building\u2019s use also implied a challenge for the design and location of circulations, which were placed on the backyard patio, using a permeable construction system that allows natural light to pass through. With a triangular geometry for balconies and the corridor system\u2019s replica, it was possible to preserve the original fa\u00e7ade profile without affecting the apartments\u2019 lighting.<\/em><\/p>\n<p><em>The biggest challenge for Dr. Atl 285 was integrating its inhabitants within the social tissue of the neighborhood. The use, of outdoor spaces, such as patios and the rooftop, created common areas that encourage coexistence. Furthermore, it improved the user experience while adding architectural value and promoting a healthier and more sustainable lifestyle. The roof garden is used as an urban garden. It produces food for all users while causing a social connection among all the neighbors.<\/em><\/p>\n<p><em>A water treatment plant was placed under the old courtyard to eliminate drainage discharges. It recirculates 100% of the water used. On top, a tree garden welcomes users creating the feeling of a park, regenerating the air quality of the entire building.<\/em><\/p>\n<p><em>The project aims to demonstrate the adaptability of architecture in the existing resources, the regenerative potential of the city, and the ability to generate sustainable projects nowadays. All this to preserve the cultural and architectural heritage through the restoration of these constructions and projects, not only to maintain the presence of each neighborhood but also to reduce the environmental impact of real estate development.<\/em><\/p>\n<p><em>This vision and circumstances made the project evolve into a much more sustainable version of itself than was originally expected. A water treatment plant that helps save up to 45% of water, a tree garden on the ground floor and a vegetable garden on the roof, combined with the rest of the strategies involved, make Dr. Atl 285 excel in terms of sustainability, turning it into an outstanding example among projects of its kind.<\/em><\/p>\n<p><em><strong>About BAAQ&#8217;<\/strong><\/em><br><em>Founded in 2011 by Alfonso Qui\u00f1ones, BAAQ&#8217; was born as an architecture workshop that puts into practice concepts based on the search of truth and beauty that occurs in the experience of inhabiting the user, establishing harmonious relationships with the site, understanding it from the immediate environment to the most distant elements but also defined, for this, a good part of the process consists of analyzing and questioning the relationships that exist between the inhabitant&#8217;s environment and the conditions it establishes, understanding them as opportunities to create spaces that celebrate various relationships. Part of the beliefs in which our practice is based on is in the human condition of establishing utopias, understanding them as ideals that we create in the established set of everything that we believe can improve as a society and especially in the interactions that architecture generates.<\/em><\/p>\n<div style=\"font-size: 0px; height: 0px; line-height: 0px; margin: 0; padding: 0; clear: both;\"><\/div><div style=\"margin-top: 0px; margin-bottom: 0px;\" class=\"sharethis-inline-share-buttons\" ><\/div>","protected":false},"excerpt":{"rendered":"<p>Recuperaci\u00f3n como viviendas de un edificio industrial que funcion\u00f3 como fabrica textil&#8230;<\/p>\n","protected":false},"author":1,"featured_media":59611,"comment_status":"closed","ping_status":"closed","sticky":false,"template":"","format":"standard","meta":{"_uag_custom_page_level_css":"","footnotes":""},"categories":[79,80,1,82],"tags":[6503,6501,5581,6504,250,6499,249,87,6502,6500,968,24,2298,680],"class_list":["post-59610","post","type-post","status-publish","format-standard","has-post-thumbnail","hentry","category-departamentos","category-edificio-viviendas","category-proyecto","category-rehabilitaciones","tag-alfonso-quinones","tag-alfonso-sodi","tag-apartamento","tag-baaq","tag-ciudad-de-mexico","tag-colonia-santa-maria-la-ribera","tag-departamento","tag-edificio-de-viviendas","tag-gerardo-reyes-retana","tag-jalil-miguel","tag-loft","tag-mexico","tag-refuncionalizacion","tag-rehabilitacion","generate-columns","tablet-grid-50","mobile-grid-100","grid-parent","grid-50"],"yoast_head":"<!-- This site is optimized with the Yoast SEO plugin v27.3 - https:\/\/yoast.com\/product\/yoast-seo-wordpress\/ -->\n<title>Edificio de viviendas Dr. Atl 285 \/ BAAQ&#039; - Arquimaster<\/title>\n<meta name=\"description\" content=\"Recuperaci\u00f3n y refuncionalizaci\u00f3n como viviendas de un edificio industrial que funcion\u00f3 como fabrica textil.\" \/>\n<meta name=\"robots\" content=\"index, follow, max-snippet:-1, max-image-preview:large, max-video-preview:-1\" \/>\n<link rel=\"canonical\" href=\"https:\/\/www.arquimaster.com.ar\/web\/edificio-de-viviendas-dr-atl-285-baaq\/\" \/>\n<meta property=\"og:locale\" content=\"es_ES\" \/>\n<meta property=\"og:type\" content=\"article\" \/>\n<meta property=\"og:title\" content=\"Edificio de viviendas Dr. Atl 285 \/ BAAQ&#039;\" \/>\n<meta property=\"og:description\" content=\"Recuperaci\u00f3n y refuncionalizaci\u00f3n como viviendas de un edificio industrial que funcion\u00f3 como fabrica textil.\" \/>\n<meta property=\"og:url\" content=\"https:\/\/www.arquimaster.com.ar\/web\/edificio-de-viviendas-dr-atl-285-baaq\/\" \/>\n<meta property=\"og:site_name\" content=\"Arquimaster\" \/>\n<meta property=\"article:publisher\" content=\"http:\/\/www.facebook.com\/ARQUIMASTER.com.ar\" \/>\n<meta property=\"article:published_time\" content=\"2020-09-17T19:43:12+00:00\" \/>\n<meta property=\"article:modified_time\" content=\"2020-10-01T21:06:57+00:00\" \/>\n<meta property=\"og:image\" content=\"https:\/\/www.arquimaster.com.ar\/web\/wp-content\/uploads\/2020\/09\/edificio_dr_atl_slide.jpg\" \/>\n\t<meta property=\"og:image:width\" content=\"698\" \/>\n\t<meta property=\"og:image:height\" content=\"364\" \/>\n\t<meta property=\"og:image:type\" content=\"image\/jpeg\" \/>\n<meta name=\"author\" content=\"Arquimaster\" \/>\n<meta name=\"twitter:card\" content=\"summary_large_image\" \/>\n<meta name=\"twitter:title\" content=\"Edificio de viviendas Dr. Atl 285 \/ BAAQ&#039;\" \/>\n<meta name=\"twitter:description\" content=\"Recuperaci\u00f3n y refuncionalizaci\u00f3n como viviendas de un edificio industrial que funcion\u00f3 como fabrica textil.\" \/>\n<meta name=\"twitter:image\" content=\"https:\/\/www.arquimaster.com.ar\/web\/wp-content\/uploads\/2020\/09\/edificio_dr_atl_slide.jpg\" \/>\n<meta name=\"twitter:creator\" content=\"@arquimaster\" \/>\n<meta name=\"twitter:site\" content=\"@arquimaster\" \/>\n<meta name=\"twitter:label1\" content=\"Escrito por\" \/>\n\t<meta name=\"twitter:data1\" content=\"Arquimaster\" \/>\n\t<meta name=\"twitter:label2\" content=\"Tiempo de lectura\" \/>\n\t<meta name=\"twitter:data2\" content=\"6 minutos\" \/>\n<script type=\"application\/ld+json\" class=\"yoast-schema-graph\">{\"@context\":\"https:\\\/\\\/schema.org\",\"@graph\":[{\"@type\":\"Article\",\"@id\":\"https:\\\/\\\/www.arquimaster.com.ar\\\/web\\\/edificio-de-viviendas-dr-atl-285-baaq\\\/#article\",\"isPartOf\":{\"@id\":\"https:\\\/\\\/www.arquimaster.com.ar\\\/web\\\/edificio-de-viviendas-dr-atl-285-baaq\\\/\"},\"author\":{\"name\":\"Arquimaster\",\"@id\":\"https:\\\/\\\/www.arquimaster.com.ar\\\/web\\\/#\\\/schema\\\/person\\\/359e9f7c00193fcde068e0dd2ceb0028\"},\"headline\":\"Edificio de viviendas Dr. Atl 285 \\\/ BAAQ&#8217;\",\"datePublished\":\"2020-09-17T19:43:12+00:00\",\"dateModified\":\"2020-10-01T21:06:57+00:00\",\"mainEntityOfPage\":{\"@id\":\"https:\\\/\\\/www.arquimaster.com.ar\\\/web\\\/edificio-de-viviendas-dr-atl-285-baaq\\\/\"},\"wordCount\":1258,\"publisher\":{\"@id\":\"https:\\\/\\\/www.arquimaster.com.ar\\\/web\\\/#organization\"},\"image\":{\"@id\":\"https:\\\/\\\/www.arquimaster.com.ar\\\/web\\\/edificio-de-viviendas-dr-atl-285-baaq\\\/#primaryimage\"},\"thumbnailUrl\":\"https:\\\/\\\/www.arquimaster.com.ar\\\/web\\\/wp-content\\\/uploads\\\/2020\\\/09\\\/edificio_dr_atl_slide.jpg\",\"keywords\":[\"Alfonso Qui\u00f1ones\",\"Alfonso Sodi\",\"apartamento\",\"BAAQ&#039;\",\"Ciudad de Mexico\",\"Colonia Santa Mar\u00eda la Ribera\",\"departamento\",\"edificio de viviendas\",\"Gerardo Reyes Retana\",\"Jalil Miguel\",\"loft\",\"Mexico\",\"refuncionalizaci\u00f3n\",\"rehabilitaci\u00f3n\"],\"articleSection\":[\"Departamentos y Lofts\",\"Edificios de viviendas\",\"Proyecto\",\"Rehabilitaciones y ampliaciones\"],\"inLanguage\":\"es\"},{\"@type\":\"WebPage\",\"@id\":\"https:\\\/\\\/www.arquimaster.com.ar\\\/web\\\/edificio-de-viviendas-dr-atl-285-baaq\\\/\",\"url\":\"https:\\\/\\\/www.arquimaster.com.ar\\\/web\\\/edificio-de-viviendas-dr-atl-285-baaq\\\/\",\"name\":\"Edificio de viviendas Dr. Atl 285 \\\/ BAAQ' - Arquimaster\",\"isPartOf\":{\"@id\":\"https:\\\/\\\/www.arquimaster.com.ar\\\/web\\\/#website\"},\"primaryImageOfPage\":{\"@id\":\"https:\\\/\\\/www.arquimaster.com.ar\\\/web\\\/edificio-de-viviendas-dr-atl-285-baaq\\\/#primaryimage\"},\"image\":{\"@id\":\"https:\\\/\\\/www.arquimaster.com.ar\\\/web\\\/edificio-de-viviendas-dr-atl-285-baaq\\\/#primaryimage\"},\"thumbnailUrl\":\"https:\\\/\\\/www.arquimaster.com.ar\\\/web\\\/wp-content\\\/uploads\\\/2020\\\/09\\\/edificio_dr_atl_slide.jpg\",\"datePublished\":\"2020-09-17T19:43:12+00:00\",\"dateModified\":\"2020-10-01T21:06:57+00:00\",\"description\":\"Recuperaci\u00f3n y refuncionalizaci\u00f3n como viviendas de un edificio industrial que funcion\u00f3 como fabrica textil.\",\"breadcrumb\":{\"@id\":\"https:\\\/\\\/www.arquimaster.com.ar\\\/web\\\/edificio-de-viviendas-dr-atl-285-baaq\\\/#breadcrumb\"},\"inLanguage\":\"es\",\"potentialAction\":[{\"@type\":\"ReadAction\",\"target\":[\"https:\\\/\\\/www.arquimaster.com.ar\\\/web\\\/edificio-de-viviendas-dr-atl-285-baaq\\\/\"]}]},{\"@type\":\"ImageObject\",\"inLanguage\":\"es\",\"@id\":\"https:\\\/\\\/www.arquimaster.com.ar\\\/web\\\/edificio-de-viviendas-dr-atl-285-baaq\\\/#primaryimage\",\"url\":\"https:\\\/\\\/www.arquimaster.com.ar\\\/web\\\/wp-content\\\/uploads\\\/2020\\\/09\\\/edificio_dr_atl_slide.jpg\",\"contentUrl\":\"https:\\\/\\\/www.arquimaster.com.ar\\\/web\\\/wp-content\\\/uploads\\\/2020\\\/09\\\/edificio_dr_atl_slide.jpg\",\"width\":698,\"height\":364},{\"@type\":\"BreadcrumbList\",\"@id\":\"https:\\\/\\\/www.arquimaster.com.ar\\\/web\\\/edificio-de-viviendas-dr-atl-285-baaq\\\/#breadcrumb\",\"itemListElement\":[{\"@type\":\"ListItem\",\"position\":1,\"name\":\"Portada\",\"item\":\"https:\\\/\\\/www.arquimaster.com.ar\\\/web\\\/\"},{\"@type\":\"ListItem\",\"position\":2,\"name\":\"Edificio de viviendas Dr. Atl 285 \\\/ BAAQ&#8217;\"}]},{\"@type\":\"WebSite\",\"@id\":\"https:\\\/\\\/www.arquimaster.com.ar\\\/web\\\/#website\",\"url\":\"https:\\\/\\\/www.arquimaster.com.ar\\\/web\\\/\",\"name\":\"Arquimaster\",\"description\":\"Web de arquitectura, dise\u00f1o y construccion\",\"publisher\":{\"@id\":\"https:\\\/\\\/www.arquimaster.com.ar\\\/web\\\/#organization\"},\"potentialAction\":[{\"@type\":\"SearchAction\",\"target\":{\"@type\":\"EntryPoint\",\"urlTemplate\":\"https:\\\/\\\/www.arquimaster.com.ar\\\/web\\\/?s={search_term_string}\"},\"query-input\":{\"@type\":\"PropertyValueSpecification\",\"valueRequired\":true,\"valueName\":\"search_term_string\"}}],\"inLanguage\":\"es\"},{\"@type\":\"Organization\",\"@id\":\"https:\\\/\\\/www.arquimaster.com.ar\\\/web\\\/#organization\",\"name\":\"Arquimaster\",\"url\":\"https:\\\/\\\/www.arquimaster.com.ar\\\/web\\\/\",\"logo\":{\"@type\":\"ImageObject\",\"inLanguage\":\"es\",\"@id\":\"https:\\\/\\\/www.arquimaster.com.ar\\\/web\\\/#\\\/schema\\\/logo\\\/image\\\/\",\"url\":\"https:\\\/\\\/www.arquimaster.com.ar\\\/web\\\/wp-content\\\/uploads\\\/2022\\\/06\\\/arquimaster.png\",\"contentUrl\":\"https:\\\/\\\/www.arquimaster.com.ar\\\/web\\\/wp-content\\\/uploads\\\/2022\\\/06\\\/arquimaster.png\",\"width\":594,\"height\":78,\"caption\":\"Arquimaster\"},\"image\":{\"@id\":\"https:\\\/\\\/www.arquimaster.com.ar\\\/web\\\/#\\\/schema\\\/logo\\\/image\\\/\"},\"sameAs\":[\"http:\\\/\\\/www.facebook.com\\\/ARQUIMASTER.com.ar\",\"https:\\\/\\\/x.com\\\/arquimaster\",\"https:\\\/\\\/www.instagram.com\\\/arquimasterblog\\\/\",\"https:\\\/\\\/www.linkedin.com\\\/company\\\/arquimaster\",\"https:\\\/\\\/www.pinterest.com\\\/arquimaster\",\"https:\\\/\\\/t.me\\\/arquimaster\"]},{\"@type\":\"Person\",\"@id\":\"https:\\\/\\\/www.arquimaster.com.ar\\\/web\\\/#\\\/schema\\\/person\\\/359e9f7c00193fcde068e0dd2ceb0028\",\"name\":\"Arquimaster\"}]}<\/script>\n<!-- \/ Yoast SEO plugin. -->","yoast_head_json":{"title":"Edificio de viviendas Dr. Atl 285 \/ BAAQ' - Arquimaster","description":"Recuperaci\u00f3n y refuncionalizaci\u00f3n como viviendas de un edificio industrial que funcion\u00f3 como fabrica textil.","robots":{"index":"index","follow":"follow","max-snippet":"max-snippet:-1","max-image-preview":"max-image-preview:large","max-video-preview":"max-video-preview:-1"},"canonical":"https:\/\/www.arquimaster.com.ar\/web\/edificio-de-viviendas-dr-atl-285-baaq\/","og_locale":"es_ES","og_type":"article","og_title":"Edificio de viviendas Dr. Atl 285 \/ BAAQ'","og_description":"Recuperaci\u00f3n y refuncionalizaci\u00f3n como viviendas de un edificio industrial que funcion\u00f3 como fabrica textil.","og_url":"https:\/\/www.arquimaster.com.ar\/web\/edificio-de-viviendas-dr-atl-285-baaq\/","og_site_name":"Arquimaster","article_publisher":"http:\/\/www.facebook.com\/ARQUIMASTER.com.ar","article_published_time":"2020-09-17T19:43:12+00:00","article_modified_time":"2020-10-01T21:06:57+00:00","og_image":[{"width":698,"height":364,"url":"https:\/\/www.arquimaster.com.ar\/web\/wp-content\/uploads\/2020\/09\/edificio_dr_atl_slide.jpg","type":"image\/jpeg"}],"author":"Arquimaster","twitter_card":"summary_large_image","twitter_title":"Edificio de viviendas Dr. Atl 285 \/ BAAQ'","twitter_description":"Recuperaci\u00f3n y refuncionalizaci\u00f3n como viviendas de un edificio industrial que funcion\u00f3 como fabrica textil.","twitter_image":"https:\/\/www.arquimaster.com.ar\/web\/wp-content\/uploads\/2020\/09\/edificio_dr_atl_slide.jpg","twitter_creator":"@arquimaster","twitter_site":"@arquimaster","twitter_misc":{"Escrito por":"Arquimaster","Tiempo de lectura":"6 minutos"},"schema":{"@context":"https:\/\/schema.org","@graph":[{"@type":"Article","@id":"https:\/\/www.arquimaster.com.ar\/web\/edificio-de-viviendas-dr-atl-285-baaq\/#article","isPartOf":{"@id":"https:\/\/www.arquimaster.com.ar\/web\/edificio-de-viviendas-dr-atl-285-baaq\/"},"author":{"name":"Arquimaster","@id":"https:\/\/www.arquimaster.com.ar\/web\/#\/schema\/person\/359e9f7c00193fcde068e0dd2ceb0028"},"headline":"Edificio de viviendas Dr. Atl 285 \/ BAAQ&#8217;","datePublished":"2020-09-17T19:43:12+00:00","dateModified":"2020-10-01T21:06:57+00:00","mainEntityOfPage":{"@id":"https:\/\/www.arquimaster.com.ar\/web\/edificio-de-viviendas-dr-atl-285-baaq\/"},"wordCount":1258,"publisher":{"@id":"https:\/\/www.arquimaster.com.ar\/web\/#organization"},"image":{"@id":"https:\/\/www.arquimaster.com.ar\/web\/edificio-de-viviendas-dr-atl-285-baaq\/#primaryimage"},"thumbnailUrl":"https:\/\/www.arquimaster.com.ar\/web\/wp-content\/uploads\/2020\/09\/edificio_dr_atl_slide.jpg","keywords":["Alfonso Qui\u00f1ones","Alfonso Sodi","apartamento","BAAQ&#039;","Ciudad de Mexico","Colonia Santa Mar\u00eda la Ribera","departamento","edificio de viviendas","Gerardo Reyes Retana","Jalil Miguel","loft","Mexico","refuncionalizaci\u00f3n","rehabilitaci\u00f3n"],"articleSection":["Departamentos y Lofts","Edificios de viviendas","Proyecto","Rehabilitaciones y ampliaciones"],"inLanguage":"es"},{"@type":"WebPage","@id":"https:\/\/www.arquimaster.com.ar\/web\/edificio-de-viviendas-dr-atl-285-baaq\/","url":"https:\/\/www.arquimaster.com.ar\/web\/edificio-de-viviendas-dr-atl-285-baaq\/","name":"Edificio de viviendas Dr. Atl 285 \/ BAAQ' - Arquimaster","isPartOf":{"@id":"https:\/\/www.arquimaster.com.ar\/web\/#website"},"primaryImageOfPage":{"@id":"https:\/\/www.arquimaster.com.ar\/web\/edificio-de-viviendas-dr-atl-285-baaq\/#primaryimage"},"image":{"@id":"https:\/\/www.arquimaster.com.ar\/web\/edificio-de-viviendas-dr-atl-285-baaq\/#primaryimage"},"thumbnailUrl":"https:\/\/www.arquimaster.com.ar\/web\/wp-content\/uploads\/2020\/09\/edificio_dr_atl_slide.jpg","datePublished":"2020-09-17T19:43:12+00:00","dateModified":"2020-10-01T21:06:57+00:00","description":"Recuperaci\u00f3n y refuncionalizaci\u00f3n como viviendas de un edificio industrial que funcion\u00f3 como fabrica textil.","breadcrumb":{"@id":"https:\/\/www.arquimaster.com.ar\/web\/edificio-de-viviendas-dr-atl-285-baaq\/#breadcrumb"},"inLanguage":"es","potentialAction":[{"@type":"ReadAction","target":["https:\/\/www.arquimaster.com.ar\/web\/edificio-de-viviendas-dr-atl-285-baaq\/"]}]},{"@type":"ImageObject","inLanguage":"es","@id":"https:\/\/www.arquimaster.com.ar\/web\/edificio-de-viviendas-dr-atl-285-baaq\/#primaryimage","url":"https:\/\/www.arquimaster.com.ar\/web\/wp-content\/uploads\/2020\/09\/edificio_dr_atl_slide.jpg","contentUrl":"https:\/\/www.arquimaster.com.ar\/web\/wp-content\/uploads\/2020\/09\/edificio_dr_atl_slide.jpg","width":698,"height":364},{"@type":"BreadcrumbList","@id":"https:\/\/www.arquimaster.com.ar\/web\/edificio-de-viviendas-dr-atl-285-baaq\/#breadcrumb","itemListElement":[{"@type":"ListItem","position":1,"name":"Portada","item":"https:\/\/www.arquimaster.com.ar\/web\/"},{"@type":"ListItem","position":2,"name":"Edificio de viviendas Dr. Atl 285 \/ BAAQ&#8217;"}]},{"@type":"WebSite","@id":"https:\/\/www.arquimaster.com.ar\/web\/#website","url":"https:\/\/www.arquimaster.com.ar\/web\/","name":"Arquimaster","description":"Web de arquitectura, dise\u00f1o y construccion","publisher":{"@id":"https:\/\/www.arquimaster.com.ar\/web\/#organization"},"potentialAction":[{"@type":"SearchAction","target":{"@type":"EntryPoint","urlTemplate":"https:\/\/www.arquimaster.com.ar\/web\/?s={search_term_string}"},"query-input":{"@type":"PropertyValueSpecification","valueRequired":true,"valueName":"search_term_string"}}],"inLanguage":"es"},{"@type":"Organization","@id":"https:\/\/www.arquimaster.com.ar\/web\/#organization","name":"Arquimaster","url":"https:\/\/www.arquimaster.com.ar\/web\/","logo":{"@type":"ImageObject","inLanguage":"es","@id":"https:\/\/www.arquimaster.com.ar\/web\/#\/schema\/logo\/image\/","url":"https:\/\/www.arquimaster.com.ar\/web\/wp-content\/uploads\/2022\/06\/arquimaster.png","contentUrl":"https:\/\/www.arquimaster.com.ar\/web\/wp-content\/uploads\/2022\/06\/arquimaster.png","width":594,"height":78,"caption":"Arquimaster"},"image":{"@id":"https:\/\/www.arquimaster.com.ar\/web\/#\/schema\/logo\/image\/"},"sameAs":["http:\/\/www.facebook.com\/ARQUIMASTER.com.ar","https:\/\/x.com\/arquimaster","https:\/\/www.instagram.com\/arquimasterblog\/","https:\/\/www.linkedin.com\/company\/arquimaster","https:\/\/www.pinterest.com\/arquimaster","https:\/\/t.me\/arquimaster"]},{"@type":"Person","@id":"https:\/\/www.arquimaster.com.ar\/web\/#\/schema\/person\/359e9f7c00193fcde068e0dd2ceb0028","name":"Arquimaster"}]}},"uagb_featured_image_src":{"full":["https:\/\/www.arquimaster.com.ar\/web\/wp-content\/uploads\/2020\/09\/edificio_dr_atl_slide.jpg",698,364,false],"thumbnail":["https:\/\/www.arquimaster.com.ar\/web\/wp-content\/uploads\/2020\/09\/edificio_dr_atl_slide-150x150.jpg",150,150,true],"medium":["https:\/\/www.arquimaster.com.ar\/web\/wp-content\/uploads\/2020\/09\/edificio_dr_atl_slide.jpg",698,364,false],"medium_large":["https:\/\/www.arquimaster.com.ar\/web\/wp-content\/uploads\/2020\/09\/edificio_dr_atl_slide.jpg",698,364,false],"large":["https:\/\/www.arquimaster.com.ar\/web\/wp-content\/uploads\/2020\/09\/edificio_dr_atl_slide.jpg",698,364,false],"1536x1536":["https:\/\/www.arquimaster.com.ar\/web\/wp-content\/uploads\/2020\/09\/edificio_dr_atl_slide.jpg",698,364,false],"2048x2048":["https:\/\/www.arquimaster.com.ar\/web\/wp-content\/uploads\/2020\/09\/edificio_dr_atl_slide.jpg",698,364,false]},"uagb_author_info":{"display_name":"Arquimaster","author_link":"https:\/\/www.arquimaster.com.ar\/web\/author\/arquimaster\/"},"uagb_comment_info":0,"uagb_excerpt":"Recuperaci\u00f3n como viviendas de un edificio industrial que funcion\u00f3 como fabrica textil...","_links":{"self":[{"href":"https:\/\/www.arquimaster.com.ar\/web\/wp-json\/wp\/v2\/posts\/59610","targetHints":{"allow":["GET"]}}],"collection":[{"href":"https:\/\/www.arquimaster.com.ar\/web\/wp-json\/wp\/v2\/posts"}],"about":[{"href":"https:\/\/www.arquimaster.com.ar\/web\/wp-json\/wp\/v2\/types\/post"}],"author":[{"embeddable":true,"href":"https:\/\/www.arquimaster.com.ar\/web\/wp-json\/wp\/v2\/users\/1"}],"replies":[{"embeddable":true,"href":"https:\/\/www.arquimaster.com.ar\/web\/wp-json\/wp\/v2\/comments?post=59610"}],"version-history":[{"count":2,"href":"https:\/\/www.arquimaster.com.ar\/web\/wp-json\/wp\/v2\/posts\/59610\/revisions"}],"predecessor-version":[{"id":59824,"href":"https:\/\/www.arquimaster.com.ar\/web\/wp-json\/wp\/v2\/posts\/59610\/revisions\/59824"}],"wp:featuredmedia":[{"embeddable":true,"href":"https:\/\/www.arquimaster.com.ar\/web\/wp-json\/wp\/v2\/media\/59611"}],"wp:attachment":[{"href":"https:\/\/www.arquimaster.com.ar\/web\/wp-json\/wp\/v2\/media?parent=59610"}],"wp:term":[{"taxonomy":"category","embeddable":true,"href":"https:\/\/www.arquimaster.com.ar\/web\/wp-json\/wp\/v2\/categories?post=59610"},{"taxonomy":"post_tag","embeddable":true,"href":"https:\/\/www.arquimaster.com.ar\/web\/wp-json\/wp\/v2\/tags?post=59610"}],"curies":[{"name":"wp","href":"https:\/\/api.w.org\/{rel}","templated":true}]}}