{"id":59829,"date":"2020-10-01T19:29:45","date_gmt":"2020-10-01T22:29:45","guid":{"rendered":"https:\/\/www.arquimaster.com.ar\/web\/?p=59829"},"modified":"2020-10-10T15:18:16","modified_gmt":"2020-10-10T18:18:16","slug":"bala-perdida-club-el-equipo-creativo","status":"publish","type":"post","link":"https:\/\/www.arquimaster.com.ar\/web\/bala-perdida-club-el-equipo-creativo\/","title":{"rendered":"Bala Perdida Club \/ EL EQUIPO CREATIVO"},"content":{"rendered":"<div style=\"margin-top: 0px; margin-bottom: 0px;\" class=\"sharethis-inline-share-buttons\" ><\/div><div class=\"b812932af2e751442846f039925109de\" data-index=\"1\" style=\"float: none; margin:25px 0 25px 0; text-align:center;\">\n<script async src=\"https:\/\/pagead2.googlesyndication.com\/pagead\/js\/adsbygoogle.js\"><\/script>\r\n<!-- Arquimaster (superior) -->\r\n<ins class=\"adsbygoogle\"\r\n     style=\"display:block\"\r\n     data-ad-client=\"ca-pub-6351072698456832\"\r\n     data-ad-slot=\"6455489680\"\r\n     data-ad-format=\"auto\"\r\n     data-full-width-responsive=\"true\"><\/ins>\r\n<script>\r\n     (adsbygoogle = window.adsbygoogle || []).push({});\r\n<\/script>\n<\/div>\n<p><strong>Bala Perdida Club<\/strong> (Madrid, Espa\u00f1a) por <strong>EL EQUIPO CREATIVO<\/strong>. Escondido, en el subsuelo del madrile\u00f1o Barrio de las Letras, hoy punto de encuentro y centro neur\u00e1lgico del ambiente de la ciudad, en las dependencias subterr\u00e1neas de un restaurado palacete del Siglo XIX donde se encuentra el <a href=\"https:\/\/www.arquimaster.com.ar\/web\/axel-hotel-madrid-el-equipo-creativo\/\"><strong>Hotel Axel Madrid<\/strong><\/a>, nos encontramos, como si se tratara de una cueva, con dos naves abovedadas de ladrillo. Es en este lugar provocador y secreto, donde Bala Perdida Club se encuentra.<\/p>\n<div id='gallery-1' class='gallery galleryid-59829 gallery-columns-3 gallery-size-thumbnail'><figure class='gallery-item'>\n\t\t\t<div class='gallery-icon landscape'>\n\t\t\t\t<a href='https:\/\/www.arquimaster.com.ar\/web\/wp-content\/uploads\/2020\/10\/bala_perdida_club1.jpg' title=\"Bala Perdida Club \/ EL EQUIPO CREATIVO (\u00a9 Adri\u00e0 Goula)\" data-rl_title=\"Bala Perdida Club \/ EL EQUIPO CREATIVO (\u00a9 Adri\u00e0 Goula)\" class=\"rl-gallery-link\" data-rl_caption=\"Bala Perdida Club \/ EL EQUIPO CREATIVO (\u00a9 Adri\u00e0 Goula)\" data-rel=\"lightbox-gallery-1\"><img loading=\"lazy\" decoding=\"async\" width=\"150\" height=\"150\" src=\"https:\/\/www.arquimaster.com.ar\/web\/wp-content\/uploads\/2020\/10\/bala_perdida_club1-150x150.jpg\" class=\"attachment-thumbnail size-thumbnail\" alt=\"Bala Perdida Club \/ EL EQUIPO CREATIVO\" aria-describedby=\"gallery-1-59831\" \/><\/a>\n\t\t\t<\/div>\n\t\t\t\t<figcaption class='wp-caption-text gallery-caption' id='gallery-1-59831'>\n\t\t\t\tBala Perdida Club \/ EL EQUIPO CREATIVO (\u00a9 Adri\u00e0 Goula)\n\t\t\t\t<\/figcaption><\/figure><figure class='gallery-item'>\n\t\t\t<div class='gallery-icon landscape'>\n\t\t\t\t<a href='https:\/\/www.arquimaster.com.ar\/web\/wp-content\/uploads\/2020\/10\/bala_perdida_club2.jpg' title=\"Bala Perdida Club \/ EL EQUIPO CREATIVO (\u00a9 Adri\u00e0 Goula)\" data-rl_title=\"Bala Perdida Club \/ EL EQUIPO CREATIVO (\u00a9 Adri\u00e0 Goula)\" class=\"rl-gallery-link\" data-rl_caption=\"Bala Perdida Club \/ EL EQUIPO CREATIVO (\u00a9 Adri\u00e0 Goula)\" data-rel=\"lightbox-gallery-1\"><img loading=\"lazy\" decoding=\"async\" width=\"150\" height=\"150\" src=\"https:\/\/www.arquimaster.com.ar\/web\/wp-content\/uploads\/2020\/10\/bala_perdida_club2-150x150.jpg\" class=\"attachment-thumbnail size-thumbnail\" alt=\"Bala Perdida Club \/ EL EQUIPO CREATIVO\" aria-describedby=\"gallery-1-59832\" \/><\/a>\n\t\t\t<\/div>\n\t\t\t\t<figcaption class='wp-caption-text gallery-caption' id='gallery-1-59832'>\n\t\t\t\tBala Perdida Club \/ EL EQUIPO CREATIVO (\u00a9 Adri\u00e0 Goula)\n\t\t\t\t<\/figcaption><\/figure><figure class='gallery-item'>\n\t\t\t<div class='gallery-icon portrait'>\n\t\t\t\t<a href='https:\/\/www.arquimaster.com.ar\/web\/wp-content\/uploads\/2020\/10\/bala_perdida_club3.jpg' title=\"Bala Perdida Club \/ EL EQUIPO CREATIVO (\u00a9 Adri\u00e0 Goula)\" data-rl_title=\"Bala Perdida Club \/ EL EQUIPO CREATIVO (\u00a9 Adri\u00e0 Goula)\" class=\"rl-gallery-link\" data-rl_caption=\"Bala Perdida Club \/ EL EQUIPO CREATIVO (\u00a9 Adri\u00e0 Goula)\" data-rel=\"lightbox-gallery-1\"><img loading=\"lazy\" decoding=\"async\" width=\"150\" height=\"150\" src=\"https:\/\/www.arquimaster.com.ar\/web\/wp-content\/uploads\/2020\/10\/bala_perdida_club3-150x150.jpg\" class=\"attachment-thumbnail size-thumbnail\" alt=\"Bala Perdida Club \/ EL EQUIPO CREATIVO\" aria-describedby=\"gallery-1-59833\" \/><\/a>\n\t\t\t<\/div>\n\t\t\t\t<figcaption class='wp-caption-text gallery-caption' id='gallery-1-59833'>\n\t\t\t\tBala Perdida Club \/ EL EQUIPO CREATIVO (\u00a9 Adri\u00e0 Goula)\n\t\t\t\t<\/figcaption><\/figure><figure class='gallery-item'>\n\t\t\t<div class='gallery-icon landscape'>\n\t\t\t\t<a href='https:\/\/www.arquimaster.com.ar\/web\/wp-content\/uploads\/2020\/10\/bala_perdida_club4.jpg' title=\"Bala Perdida Club \/ EL EQUIPO CREATIVO (\u00a9 Adri\u00e0 Goula)\" data-rl_title=\"Bala Perdida Club \/ EL EQUIPO CREATIVO (\u00a9 Adri\u00e0 Goula)\" class=\"rl-gallery-link\" data-rl_caption=\"Bala Perdida Club \/ EL EQUIPO CREATIVO (\u00a9 Adri\u00e0 Goula)\" data-rel=\"lightbox-gallery-1\"><img loading=\"lazy\" decoding=\"async\" width=\"150\" height=\"150\" src=\"https:\/\/www.arquimaster.com.ar\/web\/wp-content\/uploads\/2020\/10\/bala_perdida_club4-150x150.jpg\" class=\"attachment-thumbnail size-thumbnail\" alt=\"Bala Perdida Club \/ EL EQUIPO CREATIVO\" aria-describedby=\"gallery-1-59834\" \/><\/a>\n\t\t\t<\/div>\n\t\t\t\t<figcaption class='wp-caption-text gallery-caption' id='gallery-1-59834'>\n\t\t\t\tBala Perdida Club \/ EL EQUIPO CREATIVO (\u00a9 Adri\u00e0 Goula)\n\t\t\t\t<\/figcaption><\/figure><figure class='gallery-item'>\n\t\t\t<div class='gallery-icon landscape'>\n\t\t\t\t<a href='https:\/\/www.arquimaster.com.ar\/web\/wp-content\/uploads\/2020\/10\/bala_perdida_club5.jpg' title=\"Bala Perdida Club \/ EL EQUIPO CREATIVO (\u00a9 Adri\u00e0 Goula)\" data-rl_title=\"Bala Perdida Club \/ EL EQUIPO CREATIVO (\u00a9 Adri\u00e0 Goula)\" class=\"rl-gallery-link\" data-rl_caption=\"Bala Perdida Club \/ EL EQUIPO CREATIVO (\u00a9 Adri\u00e0 Goula)\" data-rel=\"lightbox-gallery-1\"><img loading=\"lazy\" decoding=\"async\" width=\"150\" height=\"150\" src=\"https:\/\/www.arquimaster.com.ar\/web\/wp-content\/uploads\/2020\/10\/bala_perdida_club5-150x150.jpg\" class=\"attachment-thumbnail size-thumbnail\" alt=\"Bala Perdida Club \/ EL EQUIPO CREATIVO\" aria-describedby=\"gallery-1-59835\" \/><\/a>\n\t\t\t<\/div>\n\t\t\t\t<figcaption class='wp-caption-text gallery-caption' id='gallery-1-59835'>\n\t\t\t\tBala Perdida Club \/ EL EQUIPO CREATIVO (\u00a9 Adri\u00e0 Goula)\n\t\t\t\t<\/figcaption><\/figure><figure class='gallery-item'>\n\t\t\t<div class='gallery-icon landscape'>\n\t\t\t\t<a href='https:\/\/www.arquimaster.com.ar\/web\/wp-content\/uploads\/2020\/10\/bala_perdida_club6.jpg' title=\"Bala Perdida Club \/ EL EQUIPO CREATIVO (\u00a9 Adri\u00e0 Goula)\" data-rl_title=\"Bala Perdida Club \/ EL EQUIPO CREATIVO (\u00a9 Adri\u00e0 Goula)\" class=\"rl-gallery-link\" data-rl_caption=\"Bala Perdida Club \/ EL EQUIPO CREATIVO (\u00a9 Adri\u00e0 Goula)\" data-rel=\"lightbox-gallery-1\"><img loading=\"lazy\" decoding=\"async\" width=\"150\" height=\"150\" src=\"https:\/\/www.arquimaster.com.ar\/web\/wp-content\/uploads\/2020\/10\/bala_perdida_club6-150x150.jpg\" class=\"attachment-thumbnail size-thumbnail\" alt=\"Bala Perdida Club \/ EL EQUIPO CREATIVO\" aria-describedby=\"gallery-1-59836\" \/><\/a>\n\t\t\t<\/div>\n\t\t\t\t<figcaption class='wp-caption-text gallery-caption' id='gallery-1-59836'>\n\t\t\t\tBala Perdida Club \/ EL EQUIPO CREATIVO (\u00a9 Adri\u00e0 Goula)\n\t\t\t\t<\/figcaption><\/figure><figure class='gallery-item'>\n\t\t\t<div class='gallery-icon portrait'>\n\t\t\t\t<a href='https:\/\/www.arquimaster.com.ar\/web\/wp-content\/uploads\/2020\/10\/bala_perdida_club7.jpg' title=\"Bala Perdida Club \/ EL EQUIPO CREATIVO (\u00a9 Adri\u00e0 Goula)\" data-rl_title=\"Bala Perdida Club \/ EL EQUIPO CREATIVO (\u00a9 Adri\u00e0 Goula)\" class=\"rl-gallery-link\" data-rl_caption=\"Bala Perdida Club \/ EL EQUIPO CREATIVO (\u00a9 Adri\u00e0 Goula)\" data-rel=\"lightbox-gallery-1\"><img loading=\"lazy\" decoding=\"async\" width=\"150\" height=\"150\" src=\"https:\/\/www.arquimaster.com.ar\/web\/wp-content\/uploads\/2020\/10\/bala_perdida_club7-150x150.jpg\" class=\"attachment-thumbnail size-thumbnail\" alt=\"Bala Perdida Club \/ EL EQUIPO CREATIVO\" aria-describedby=\"gallery-1-59837\" \/><\/a>\n\t\t\t<\/div>\n\t\t\t\t<figcaption class='wp-caption-text gallery-caption' id='gallery-1-59837'>\n\t\t\t\tBala Perdida Club \/ EL EQUIPO CREATIVO (\u00a9 Adri\u00e0 Goula)\n\t\t\t\t<\/figcaption><\/figure><figure class='gallery-item'>\n\t\t\t<div class='gallery-icon portrait'>\n\t\t\t\t<a href='https:\/\/www.arquimaster.com.ar\/web\/wp-content\/uploads\/2020\/10\/bala_perdida_club8.jpg' title=\"Bala Perdida Club \/ EL EQUIPO CREATIVO (\u00a9 Adri\u00e0 Goula)\" data-rl_title=\"Bala Perdida Club \/ EL EQUIPO CREATIVO (\u00a9 Adri\u00e0 Goula)\" class=\"rl-gallery-link\" data-rl_caption=\"Bala Perdida Club \/ EL EQUIPO CREATIVO (\u00a9 Adri\u00e0 Goula)\" data-rel=\"lightbox-gallery-1\"><img loading=\"lazy\" decoding=\"async\" width=\"150\" height=\"150\" src=\"https:\/\/www.arquimaster.com.ar\/web\/wp-content\/uploads\/2020\/10\/bala_perdida_club8-150x150.jpg\" class=\"attachment-thumbnail size-thumbnail\" alt=\"Bala Perdida Club \/ EL EQUIPO CREATIVO\" aria-describedby=\"gallery-1-59838\" \/><\/a>\n\t\t\t<\/div>\n\t\t\t\t<figcaption class='wp-caption-text gallery-caption' id='gallery-1-59838'>\n\t\t\t\tBala Perdida Club \/ EL EQUIPO CREATIVO (\u00a9 Adri\u00e0 Goula)\n\t\t\t\t<\/figcaption><\/figure><figure class='gallery-item'>\n\t\t\t<div class='gallery-icon portrait'>\n\t\t\t\t<a href='https:\/\/www.arquimaster.com.ar\/web\/wp-content\/uploads\/2020\/10\/bala_perdida_club9.jpg' title=\"Bala Perdida Club \/ EL EQUIPO CREATIVO (\u00a9 Adri\u00e0 Goula)\" data-rl_title=\"Bala Perdida Club \/ EL EQUIPO CREATIVO (\u00a9 Adri\u00e0 Goula)\" class=\"rl-gallery-link\" data-rl_caption=\"Bala Perdida Club \/ EL EQUIPO CREATIVO (\u00a9 Adri\u00e0 Goula)\" data-rel=\"lightbox-gallery-1\"><img loading=\"lazy\" decoding=\"async\" width=\"150\" height=\"150\" src=\"https:\/\/www.arquimaster.com.ar\/web\/wp-content\/uploads\/2020\/10\/bala_perdida_club9-150x150.jpg\" class=\"attachment-thumbnail size-thumbnail\" alt=\"Bala Perdida Club \/ EL EQUIPO CREATIVO\" aria-describedby=\"gallery-1-59839\" \/><\/a>\n\t\t\t<\/div>\n\t\t\t\t<figcaption class='wp-caption-text gallery-caption' id='gallery-1-59839'>\n\t\t\t\tBala Perdida Club \/ EL EQUIPO CREATIVO (\u00a9 Adri\u00e0 Goula)\n\t\t\t\t<\/figcaption><\/figure><figure class='gallery-item'>\n\t\t\t<div class='gallery-icon landscape'>\n\t\t\t\t<a href='https:\/\/www.arquimaster.com.ar\/web\/wp-content\/uploads\/2020\/10\/bala_perdida_club10.jpg' title=\"Bala Perdida Club \/ EL EQUIPO CREATIVO (planta)\" data-rl_title=\"Bala Perdida Club \/ EL EQUIPO CREATIVO (planta)\" class=\"rl-gallery-link\" data-rl_caption=\"Bala Perdida Club \/ EL EQUIPO CREATIVO (planta)\" data-rel=\"lightbox-gallery-1\"><img loading=\"lazy\" decoding=\"async\" width=\"150\" height=\"150\" src=\"https:\/\/www.arquimaster.com.ar\/web\/wp-content\/uploads\/2020\/10\/bala_perdida_club10-150x150.jpg\" class=\"attachment-thumbnail size-thumbnail\" alt=\"Bala Perdida Club \/ EL EQUIPO CREATIVO\" aria-describedby=\"gallery-1-59840\" \/><\/a>\n\t\t\t<\/div>\n\t\t\t\t<figcaption class='wp-caption-text gallery-caption' id='gallery-1-59840'>\n\t\t\t\tBala Perdida Club \/ EL EQUIPO CREATIVO (planta)\n\t\t\t\t<\/figcaption><\/figure><figure class='gallery-item'>\n\t\t\t<div class='gallery-icon landscape'>\n\t\t\t\t<a href='https:\/\/www.arquimaster.com.ar\/web\/wp-content\/uploads\/2020\/10\/bala_perdida_club11.jpg' title=\"Bala Perdida Club \/ EL EQUIPO CREATIVO (corte)\" data-rl_title=\"Bala Perdida Club \/ EL EQUIPO CREATIVO (corte)\" class=\"rl-gallery-link\" data-rl_caption=\"Bala Perdida Club \/ EL EQUIPO CREATIVO (corte)\" data-rel=\"lightbox-gallery-1\"><img loading=\"lazy\" decoding=\"async\" width=\"150\" height=\"150\" src=\"https:\/\/www.arquimaster.com.ar\/web\/wp-content\/uploads\/2020\/10\/bala_perdida_club11-150x150.jpg\" class=\"attachment-thumbnail size-thumbnail\" alt=\"Bala Perdida Club \/ EL EQUIPO CREATIVO\" aria-describedby=\"gallery-1-59841\" \/><\/a>\n\t\t\t<\/div>\n\t\t\t\t<figcaption class='wp-caption-text gallery-caption' id='gallery-1-59841'>\n\t\t\t\tBala Perdida Club \/ EL EQUIPO CREATIVO (corte)\n\t\t\t\t<\/figcaption><\/figure>\n\t\t<\/div>\n\n<p>Tiene como premisas de dise\u00f1o por un lado la singularidad del espacio, dos naves abovedadas subterr\u00e1neas de ladrillo visto, y, por otro lado, el enunciado, un club nocturno que tuviera la versatilidad de funcionar como snackeria y como cocteleria, donde fuera posible la mutaci\u00f3n r\u00e1pida, donde la escena cambiara r\u00e1pidamente para poder pasar de una atmosfera c\u00e1lida a una oscura.<\/p>\n<p>Esta necesidad de transformaci\u00f3n y esa cierta atm\u00f3sfera clandestina nos hizo pensar en este lugar como un espacio cercano a lo mitol\u00f3gico y lo fant\u00e1stico, en el que no pod\u00edamos obviar la magia y las ilusiones \u00f3pticas.<\/p>\n<p>El aspecto clave del proyecto fue el uso de dos elementos protagonistas. Por un lado, en los extremos de cada una de las naves longitudinales se colocaran dos espejos enfrentados. Esto produce un efecto \u00f3ptico conocido como \u00abespejo infinito\u00bb. Al enfrentar en paralelo estas dos superficies espejadas el reflejo de uno en el otro hace que este reflejo, la imagen de la b\u00f3veda, se convierta en algo infinito y por lo tanto la b\u00f3veda se multiplica infinitas veces y se convierte en un t\u00fanel sin fin.<\/p>\n<p>Otro punto a destacar es la luz y el color, que se convierten en el hilo conductor del proyecto. En el eje de la b\u00f3veda se resuelve una l\u00e1mpara longitudinal de tiras de Led Digital Din\u00e1mico, encastados entre plafones suspendidos de absorbente ac\u00fastico, quedando integrados dentro del dise\u00f1o de la l\u00e1mpara y cambian de color y velocidad seg\u00fan sus diferentes programas din\u00e1micos para adaptarse a las diferentes escenas del local.<\/p>\n<p>Por otro lado, la barra tambi\u00e9n representa un hito dentro del dise\u00f1o y la iluminaci\u00f3n puesto que representa una l\u00e1mpara vertical de tiras led RGB, en color anaranjado como base y soporte del resto de colores que se le quedan por encima y dependen de la l\u00e1mpara del techo.<\/p>\n<p>Con estos dos elementos, las dos naves del Bala Perdida, se adaptan al ambiente en cada momento, m\u00e1s relajado en sus rincones reservados con sof\u00e1s corridos, y mucho m\u00e1s desmelenado y alocado de pie al ritmo de la m\u00fasica y la luz.<\/p>\n<p><strong>Hotel y \u00e1reas F&amp;B<\/strong><br \/>El <a href=\"https:\/\/www.arquimaster.com.ar\/web\/axel-hotel-madrid-el-equipo-creativo\/\">Hotel Axel<\/a> y su Food &amp; Beverage ofrecen un ambiente libre y divertido que invita al p\u00fablico a disfrutar del hotel y sus \u00e1reas p\u00fablicas.<\/p>\n<p>En el coraz\u00f3n del Barrio de las Letras, el dise\u00f1o del <a href=\"https:\/\/www.arquimaster.com.ar\/web\/axel-hotel-madrid-el-equipo-creativo\/\">Hotel Axel<\/a> en la calle Atocha de Madrid superpone una serie de referencias hist\u00f3ricas formando un t\u00e1ndem complejo y explosivo. \u00c9ste respira un ambiente relajado y divertido.<\/p>\n<p>El <strong><a href=\"https:\/\/www.arquimaster.com.ar\/web\/restaurante-las-chicas-los-chicos-y-los-maniquis-el-equipo-creativo\/\">Restaurante Las Chicas, Los Chicos y Los Maniqu\u00eds<\/a><\/strong>, de ambiente desenfadado, marcado car\u00e1cter colorista y con grandes elementos gr\u00e1ficos de color, con referencias a la Movida madrile\u00f1a es uno de los espacios F&amp;B del <a href=\"https:\/\/www.arquimaster.com.ar\/web\/axel-hotel-madrid-el-equipo-creativo\/\">Hotel Axel Madrid<\/a>.<\/p>\n<p><strong>Ficha t\u00e9cnica<\/strong><br \/>Nombre: Bala Perdida Club<br \/>Ubicaci\u00f3n: Calle de Atocha 49, Madrid, Espa\u00f1a<br \/>Proyectistas: EL EQUIPO CREATIVO<br \/>Oliver Franz Schmidt + Natali Canas del Pozo + Lucas Echeveste Lacy<br \/>Cliente: HI Partners, Grup Iglesias<br \/>Superf\u00edcie: 250 m2<br \/>Fotograf\u00eda: Adri\u00e0 Goula<\/p>\n<p><strong>Contacto<\/strong><br \/><a href=\"http:\/\/www.elequipocreativo.com\" target=\"_blank\" rel=\"noopener noreferrer\">http:\/\/www.elequipocreativo.com<\/a><\/p>\n<p><strong>Acerca del EL EQUIPO CREATIVO<\/strong><br \/>EL EQUIPO CREATIVO es un estudio de arquitectura interior establecido en Barcelona y especializado en el dise\u00f1o de espacios gastronomicos, comerciales y de marca. Desde 2010, han trabajado por algunos de los chefs m\u00e1s importantes del mundo, como Ferran Adri\u00e0, y sus dise\u00f1os acogen 4 restaurantes con estrella michel\u00edn. Sus proyectos hasn sido reconocidos en m\u00e1s de 20 premios de dise\u00f1o internacional y son publicados a nivel mundial en medios de dise\u00f1o, tendencias y prensa general.<\/p>\n\n\n<div style=\"height:20px\" aria-hidden=\"true\" class=\"wp-block-spacer\"><\/div>\n\n\n<p><em><strong>English version<\/strong><\/em><\/p>\n<p><em><strong>Bala Perdida Club<\/strong><\/em><br><em>Madrid, Spain<\/em><br><em>EL EQUIPO CREATIVO<\/em><\/p>\n<p><em>Hidden in the underground of the Madrilenian neighborhood \u00abBarrio de Las Letras\u00bb (today a neuralgic point of the city), under a refurbished palace of the eighteenth century where Hotel Axel Madrid is located, we find two vaulted spaces built in brick. It is in this provocative and secret location, where the Bala Perdida (Lost Bullet) Club is located.<\/em><\/p>\n<p><em>EL EQUIPO CREATIVO had two main design premises. On one hand the singularity of the existing space, with two subterranean dark vaults built in brick, as antique caves or cellars. On the other hand, the proposed venue, a night club that should have the versatility to work as a snack and cocktail bar, where a fast mutation would happen at some point of the night and the general scenery would quickly switch from a warm atmosphere into a lysergic dance floor.<\/em><\/p>\n<p><em>This need for transformation and that kind of clandestine atmosphere made the design team think of a space with a close relation to the mystery where they could not omit the magic and the optical illusions.<\/em><\/p>\n<p><em>The key aspect of the project was the use of two protagonist elements. The mirrors, which were placed on both ends of each vault, produce an optical illusion known as the \u00abendless mirror\u00bb. When facing two mirrors, the reflection of one on the other makes the reflected image, the image of the vault, become infinite. These effects make the vaults turn into endless tunnels.<\/em><\/p>\n<p><em>Another highlight is the changing lighting. Therefore, being light and color protagonists to the project. At the axis of the two vaults, two longitudinal dynamic led lamps cast were proposed among the suspended acoustic panels that change speed and color depending on the different scenes at the venue. Also, the drink-bar works as a lamp itself, providing a warm fire toned light that serves as a basis for the playful lights in the surfaces of the vaults.<\/em><\/p>\n<p><em><strong>EL EQUIPO CREATIVO<\/strong><\/em><br><em>The architects Oliver Franz Schmidt, Natali Canas del Pozo, and Lucas Echeveste Lacy form EL EQUIPO CREATIVO, a studio based in Barcelona and specialized in the interior design of gastronomic, commercial, brand and hospitality spaces. Since 2010, they have worked for some of the most prestigious chefs in the world, like Ferran and Albert Adri\u00e0, and their designs include four Michelin star restaurants. Their projects have been recognized in more than 25 international design awards, for example, Hotel Axel Madrid was nominated for Best Hotel Design Europe at the prestigious International Hotel &amp; Property Awards 2018 and the Las Chicas, Los Chicos y Los Maniqu\u00eds Restaurant has recently won the FX Awards as Best Restaurant 2018 and the Frame Awards 2019 as Best Use of Colour. FRAME magazine has featured them among the 20 most influential contemporary designers in the world and in 2017 they have been awarded Firm of the Year at the American Architecture Prize.<\/em><\/p>\n<div style=\"font-size: 0px; height: 0px; line-height: 0px; margin: 0; padding: 0; clear: both;\"><\/div><div style=\"margin-top: 0px; margin-bottom: 0px;\" class=\"sharethis-inline-share-buttons\" ><\/div>","protected":false},"excerpt":{"rendered":"<p>Escondido en las dependencias subterr\u00e1neas de un restaurado palacete del Siglo XIX&#8230;<\/p>\n","protected":false},"author":1,"featured_media":59830,"comment_status":"closed","ping_status":"closed","sticky":false,"template":"","format":"standard","meta":{"_uag_custom_page_level_css":"","footnotes":""},"categories":[75,1],"tags":[1233,923,5737,5738,104,5745,441,5743,5744],"class_list":["post-59829","post","type-post","status-publish","format-standard","has-post-thumbnail","hentry","category-arquitectura-comercial","category-proyecto","tag-arquitectura-comercial-2","tag-bar","tag-club-nocturno","tag-el-equipo-creativo","tag-espana","tag-lucas-echeveste-lacy","tag-madrid","tag-natali-canas-del-pozo","tag-oliver-franz-schmidt","generate-columns","tablet-grid-50","mobile-grid-100","grid-parent","grid-50"],"yoast_head":"<!-- This site is optimized with the Yoast SEO plugin v27.3 - https:\/\/yoast.com\/product\/yoast-seo-wordpress\/ -->\n<title>Bala Perdida Club \/ EL EQUIPO CREATIVO - Arquimaster<\/title>\n<meta name=\"description\" content=\"Escondido, en el subsuelo del madrile\u00f1o Barrio de las Letras, en las dependencias subterr\u00e1neas de un restaurado palacete del Siglo XIX.\" \/>\n<meta name=\"robots\" content=\"index, follow, max-snippet:-1, max-image-preview:large, max-video-preview:-1\" \/>\n<link rel=\"canonical\" href=\"https:\/\/www.arquimaster.com.ar\/web\/bala-perdida-club-el-equipo-creativo\/\" \/>\n<meta property=\"og:locale\" content=\"es_ES\" \/>\n<meta property=\"og:type\" content=\"article\" \/>\n<meta property=\"og:title\" content=\"Bala Perdida Club \/ EL EQUIPO CREATIVO\" \/>\n<meta property=\"og:description\" content=\"Escondido, en el subsuelo del madrile\u00f1o Barrio de las Letras, en las dependencias subterr\u00e1neas de un restaurado palacete del Siglo XIX.\" \/>\n<meta property=\"og:url\" content=\"https:\/\/www.arquimaster.com.ar\/web\/bala-perdida-club-el-equipo-creativo\/\" \/>\n<meta property=\"og:site_name\" content=\"Arquimaster\" \/>\n<meta property=\"article:publisher\" content=\"http:\/\/www.facebook.com\/ARQUIMASTER.com.ar\" \/>\n<meta property=\"article:published_time\" content=\"2020-10-01T22:29:45+00:00\" \/>\n<meta property=\"article:modified_time\" content=\"2020-10-10T18:18:16+00:00\" \/>\n<meta property=\"og:image\" content=\"https:\/\/www.arquimaster.com.ar\/web\/wp-content\/uploads\/2020\/10\/bala_perdida_club_slide.jpg\" \/>\n\t<meta property=\"og:image:width\" content=\"698\" \/>\n\t<meta property=\"og:image:height\" content=\"364\" \/>\n\t<meta property=\"og:image:type\" content=\"image\/jpeg\" \/>\n<meta name=\"author\" content=\"Arquimaster\" \/>\n<meta name=\"twitter:card\" content=\"summary_large_image\" \/>\n<meta name=\"twitter:title\" content=\"Bala Perdida Club \/ EL EQUIPO CREATIVO\" \/>\n<meta name=\"twitter:description\" content=\"Escondido, en el subsuelo del madrile\u00f1o Barrio de las Letras, en las dependencias subterr\u00e1neas de un restaurado palacete del Siglo XIX.\" \/>\n<meta name=\"twitter:image\" content=\"https:\/\/www.arquimaster.com.ar\/web\/wp-content\/uploads\/2020\/10\/bala_perdida_club_slide.jpg\" \/>\n<meta name=\"twitter:creator\" content=\"@arquimaster\" \/>\n<meta name=\"twitter:site\" content=\"@arquimaster\" \/>\n<meta name=\"twitter:label1\" content=\"Escrito por\" \/>\n\t<meta name=\"twitter:data1\" content=\"Arquimaster\" \/>\n\t<meta name=\"twitter:label2\" content=\"Tiempo de lectura\" \/>\n\t<meta name=\"twitter:data2\" content=\"6 minutos\" \/>\n<script type=\"application\/ld+json\" class=\"yoast-schema-graph\">{\"@context\":\"https:\\\/\\\/schema.org\",\"@graph\":[{\"@type\":\"Article\",\"@id\":\"https:\\\/\\\/www.arquimaster.com.ar\\\/web\\\/bala-perdida-club-el-equipo-creativo\\\/#article\",\"isPartOf\":{\"@id\":\"https:\\\/\\\/www.arquimaster.com.ar\\\/web\\\/bala-perdida-club-el-equipo-creativo\\\/\"},\"author\":{\"name\":\"Arquimaster\",\"@id\":\"https:\\\/\\\/www.arquimaster.com.ar\\\/web\\\/#\\\/schema\\\/person\\\/359e9f7c00193fcde068e0dd2ceb0028\"},\"headline\":\"Bala Perdida Club \\\/ EL EQUIPO CREATIVO\",\"datePublished\":\"2020-10-01T22:29:45+00:00\",\"dateModified\":\"2020-10-10T18:18:16+00:00\",\"mainEntityOfPage\":{\"@id\":\"https:\\\/\\\/www.arquimaster.com.ar\\\/web\\\/bala-perdida-club-el-equipo-creativo\\\/\"},\"wordCount\":1192,\"publisher\":{\"@id\":\"https:\\\/\\\/www.arquimaster.com.ar\\\/web\\\/#organization\"},\"image\":{\"@id\":\"https:\\\/\\\/www.arquimaster.com.ar\\\/web\\\/bala-perdida-club-el-equipo-creativo\\\/#primaryimage\"},\"thumbnailUrl\":\"https:\\\/\\\/www.arquimaster.com.ar\\\/web\\\/wp-content\\\/uploads\\\/2020\\\/10\\\/bala_perdida_club_slide.jpg\",\"keywords\":[\"arquitectura comercial\",\"bar\",\"club nocturno\",\"EL EQUIPO CREATIVO\",\"Espa\u00f1a\",\"Lucas Echeveste Lacy\",\"Madrid\",\"Natali Canas del Pozo\",\"Oliver Franz Schmidt\"],\"articleSection\":[\"Arquitectura comercial\",\"Proyecto\"],\"inLanguage\":\"es\"},{\"@type\":\"WebPage\",\"@id\":\"https:\\\/\\\/www.arquimaster.com.ar\\\/web\\\/bala-perdida-club-el-equipo-creativo\\\/\",\"url\":\"https:\\\/\\\/www.arquimaster.com.ar\\\/web\\\/bala-perdida-club-el-equipo-creativo\\\/\",\"name\":\"Bala Perdida Club \\\/ EL EQUIPO CREATIVO - Arquimaster\",\"isPartOf\":{\"@id\":\"https:\\\/\\\/www.arquimaster.com.ar\\\/web\\\/#website\"},\"primaryImageOfPage\":{\"@id\":\"https:\\\/\\\/www.arquimaster.com.ar\\\/web\\\/bala-perdida-club-el-equipo-creativo\\\/#primaryimage\"},\"image\":{\"@id\":\"https:\\\/\\\/www.arquimaster.com.ar\\\/web\\\/bala-perdida-club-el-equipo-creativo\\\/#primaryimage\"},\"thumbnailUrl\":\"https:\\\/\\\/www.arquimaster.com.ar\\\/web\\\/wp-content\\\/uploads\\\/2020\\\/10\\\/bala_perdida_club_slide.jpg\",\"datePublished\":\"2020-10-01T22:29:45+00:00\",\"dateModified\":\"2020-10-10T18:18:16+00:00\",\"description\":\"Escondido, en el subsuelo del madrile\u00f1o Barrio de las Letras, en las dependencias subterr\u00e1neas de un restaurado palacete del Siglo XIX.\",\"breadcrumb\":{\"@id\":\"https:\\\/\\\/www.arquimaster.com.ar\\\/web\\\/bala-perdida-club-el-equipo-creativo\\\/#breadcrumb\"},\"inLanguage\":\"es\",\"potentialAction\":[{\"@type\":\"ReadAction\",\"target\":[\"https:\\\/\\\/www.arquimaster.com.ar\\\/web\\\/bala-perdida-club-el-equipo-creativo\\\/\"]}]},{\"@type\":\"ImageObject\",\"inLanguage\":\"es\",\"@id\":\"https:\\\/\\\/www.arquimaster.com.ar\\\/web\\\/bala-perdida-club-el-equipo-creativo\\\/#primaryimage\",\"url\":\"https:\\\/\\\/www.arquimaster.com.ar\\\/web\\\/wp-content\\\/uploads\\\/2020\\\/10\\\/bala_perdida_club_slide.jpg\",\"contentUrl\":\"https:\\\/\\\/www.arquimaster.com.ar\\\/web\\\/wp-content\\\/uploads\\\/2020\\\/10\\\/bala_perdida_club_slide.jpg\",\"width\":698,\"height\":364,\"caption\":\"Bala Perdida Club \\\/ EL EQUIPO CREATIVO\"},{\"@type\":\"BreadcrumbList\",\"@id\":\"https:\\\/\\\/www.arquimaster.com.ar\\\/web\\\/bala-perdida-club-el-equipo-creativo\\\/#breadcrumb\",\"itemListElement\":[{\"@type\":\"ListItem\",\"position\":1,\"name\":\"Portada\",\"item\":\"https:\\\/\\\/www.arquimaster.com.ar\\\/web\\\/\"},{\"@type\":\"ListItem\",\"position\":2,\"name\":\"Bala Perdida Club \\\/ EL EQUIPO CREATIVO\"}]},{\"@type\":\"WebSite\",\"@id\":\"https:\\\/\\\/www.arquimaster.com.ar\\\/web\\\/#website\",\"url\":\"https:\\\/\\\/www.arquimaster.com.ar\\\/web\\\/\",\"name\":\"Arquimaster\",\"description\":\"Web de arquitectura, dise\u00f1o y construccion\",\"publisher\":{\"@id\":\"https:\\\/\\\/www.arquimaster.com.ar\\\/web\\\/#organization\"},\"potentialAction\":[{\"@type\":\"SearchAction\",\"target\":{\"@type\":\"EntryPoint\",\"urlTemplate\":\"https:\\\/\\\/www.arquimaster.com.ar\\\/web\\\/?s={search_term_string}\"},\"query-input\":{\"@type\":\"PropertyValueSpecification\",\"valueRequired\":true,\"valueName\":\"search_term_string\"}}],\"inLanguage\":\"es\"},{\"@type\":\"Organization\",\"@id\":\"https:\\\/\\\/www.arquimaster.com.ar\\\/web\\\/#organization\",\"name\":\"Arquimaster\",\"url\":\"https:\\\/\\\/www.arquimaster.com.ar\\\/web\\\/\",\"logo\":{\"@type\":\"ImageObject\",\"inLanguage\":\"es\",\"@id\":\"https:\\\/\\\/www.arquimaster.com.ar\\\/web\\\/#\\\/schema\\\/logo\\\/image\\\/\",\"url\":\"https:\\\/\\\/www.arquimaster.com.ar\\\/web\\\/wp-content\\\/uploads\\\/2022\\\/06\\\/arquimaster.png\",\"contentUrl\":\"https:\\\/\\\/www.arquimaster.com.ar\\\/web\\\/wp-content\\\/uploads\\\/2022\\\/06\\\/arquimaster.png\",\"width\":594,\"height\":78,\"caption\":\"Arquimaster\"},\"image\":{\"@id\":\"https:\\\/\\\/www.arquimaster.com.ar\\\/web\\\/#\\\/schema\\\/logo\\\/image\\\/\"},\"sameAs\":[\"http:\\\/\\\/www.facebook.com\\\/ARQUIMASTER.com.ar\",\"https:\\\/\\\/x.com\\\/arquimaster\",\"https:\\\/\\\/www.instagram.com\\\/arquimasterblog\\\/\",\"https:\\\/\\\/www.linkedin.com\\\/company\\\/arquimaster\",\"https:\\\/\\\/www.pinterest.com\\\/arquimaster\",\"https:\\\/\\\/t.me\\\/arquimaster\"]},{\"@type\":\"Person\",\"@id\":\"https:\\\/\\\/www.arquimaster.com.ar\\\/web\\\/#\\\/schema\\\/person\\\/359e9f7c00193fcde068e0dd2ceb0028\",\"name\":\"Arquimaster\"}]}<\/script>\n<!-- \/ Yoast SEO plugin. -->","yoast_head_json":{"title":"Bala Perdida Club \/ EL EQUIPO CREATIVO - Arquimaster","description":"Escondido, en el subsuelo del madrile\u00f1o Barrio de las Letras, en las dependencias subterr\u00e1neas de un restaurado palacete del Siglo XIX.","robots":{"index":"index","follow":"follow","max-snippet":"max-snippet:-1","max-image-preview":"max-image-preview:large","max-video-preview":"max-video-preview:-1"},"canonical":"https:\/\/www.arquimaster.com.ar\/web\/bala-perdida-club-el-equipo-creativo\/","og_locale":"es_ES","og_type":"article","og_title":"Bala Perdida Club \/ EL EQUIPO CREATIVO","og_description":"Escondido, en el subsuelo del madrile\u00f1o Barrio de las Letras, en las dependencias subterr\u00e1neas de un restaurado palacete del Siglo XIX.","og_url":"https:\/\/www.arquimaster.com.ar\/web\/bala-perdida-club-el-equipo-creativo\/","og_site_name":"Arquimaster","article_publisher":"http:\/\/www.facebook.com\/ARQUIMASTER.com.ar","article_published_time":"2020-10-01T22:29:45+00:00","article_modified_time":"2020-10-10T18:18:16+00:00","og_image":[{"width":698,"height":364,"url":"https:\/\/www.arquimaster.com.ar\/web\/wp-content\/uploads\/2020\/10\/bala_perdida_club_slide.jpg","type":"image\/jpeg"}],"author":"Arquimaster","twitter_card":"summary_large_image","twitter_title":"Bala Perdida Club \/ EL EQUIPO CREATIVO","twitter_description":"Escondido, en el subsuelo del madrile\u00f1o Barrio de las Letras, en las dependencias subterr\u00e1neas de un restaurado palacete del Siglo XIX.","twitter_image":"https:\/\/www.arquimaster.com.ar\/web\/wp-content\/uploads\/2020\/10\/bala_perdida_club_slide.jpg","twitter_creator":"@arquimaster","twitter_site":"@arquimaster","twitter_misc":{"Escrito por":"Arquimaster","Tiempo de lectura":"6 minutos"},"schema":{"@context":"https:\/\/schema.org","@graph":[{"@type":"Article","@id":"https:\/\/www.arquimaster.com.ar\/web\/bala-perdida-club-el-equipo-creativo\/#article","isPartOf":{"@id":"https:\/\/www.arquimaster.com.ar\/web\/bala-perdida-club-el-equipo-creativo\/"},"author":{"name":"Arquimaster","@id":"https:\/\/www.arquimaster.com.ar\/web\/#\/schema\/person\/359e9f7c00193fcde068e0dd2ceb0028"},"headline":"Bala Perdida Club \/ EL EQUIPO CREATIVO","datePublished":"2020-10-01T22:29:45+00:00","dateModified":"2020-10-10T18:18:16+00:00","mainEntityOfPage":{"@id":"https:\/\/www.arquimaster.com.ar\/web\/bala-perdida-club-el-equipo-creativo\/"},"wordCount":1192,"publisher":{"@id":"https:\/\/www.arquimaster.com.ar\/web\/#organization"},"image":{"@id":"https:\/\/www.arquimaster.com.ar\/web\/bala-perdida-club-el-equipo-creativo\/#primaryimage"},"thumbnailUrl":"https:\/\/www.arquimaster.com.ar\/web\/wp-content\/uploads\/2020\/10\/bala_perdida_club_slide.jpg","keywords":["arquitectura comercial","bar","club nocturno","EL EQUIPO CREATIVO","Espa\u00f1a","Lucas Echeveste Lacy","Madrid","Natali Canas del Pozo","Oliver Franz Schmidt"],"articleSection":["Arquitectura comercial","Proyecto"],"inLanguage":"es"},{"@type":"WebPage","@id":"https:\/\/www.arquimaster.com.ar\/web\/bala-perdida-club-el-equipo-creativo\/","url":"https:\/\/www.arquimaster.com.ar\/web\/bala-perdida-club-el-equipo-creativo\/","name":"Bala Perdida Club \/ EL EQUIPO CREATIVO - Arquimaster","isPartOf":{"@id":"https:\/\/www.arquimaster.com.ar\/web\/#website"},"primaryImageOfPage":{"@id":"https:\/\/www.arquimaster.com.ar\/web\/bala-perdida-club-el-equipo-creativo\/#primaryimage"},"image":{"@id":"https:\/\/www.arquimaster.com.ar\/web\/bala-perdida-club-el-equipo-creativo\/#primaryimage"},"thumbnailUrl":"https:\/\/www.arquimaster.com.ar\/web\/wp-content\/uploads\/2020\/10\/bala_perdida_club_slide.jpg","datePublished":"2020-10-01T22:29:45+00:00","dateModified":"2020-10-10T18:18:16+00:00","description":"Escondido, en el subsuelo del madrile\u00f1o Barrio de las Letras, en las dependencias subterr\u00e1neas de un restaurado palacete del Siglo XIX.","breadcrumb":{"@id":"https:\/\/www.arquimaster.com.ar\/web\/bala-perdida-club-el-equipo-creativo\/#breadcrumb"},"inLanguage":"es","potentialAction":[{"@type":"ReadAction","target":["https:\/\/www.arquimaster.com.ar\/web\/bala-perdida-club-el-equipo-creativo\/"]}]},{"@type":"ImageObject","inLanguage":"es","@id":"https:\/\/www.arquimaster.com.ar\/web\/bala-perdida-club-el-equipo-creativo\/#primaryimage","url":"https:\/\/www.arquimaster.com.ar\/web\/wp-content\/uploads\/2020\/10\/bala_perdida_club_slide.jpg","contentUrl":"https:\/\/www.arquimaster.com.ar\/web\/wp-content\/uploads\/2020\/10\/bala_perdida_club_slide.jpg","width":698,"height":364,"caption":"Bala Perdida Club \/ EL EQUIPO CREATIVO"},{"@type":"BreadcrumbList","@id":"https:\/\/www.arquimaster.com.ar\/web\/bala-perdida-club-el-equipo-creativo\/#breadcrumb","itemListElement":[{"@type":"ListItem","position":1,"name":"Portada","item":"https:\/\/www.arquimaster.com.ar\/web\/"},{"@type":"ListItem","position":2,"name":"Bala Perdida Club \/ EL EQUIPO CREATIVO"}]},{"@type":"WebSite","@id":"https:\/\/www.arquimaster.com.ar\/web\/#website","url":"https:\/\/www.arquimaster.com.ar\/web\/","name":"Arquimaster","description":"Web de arquitectura, dise\u00f1o y construccion","publisher":{"@id":"https:\/\/www.arquimaster.com.ar\/web\/#organization"},"potentialAction":[{"@type":"SearchAction","target":{"@type":"EntryPoint","urlTemplate":"https:\/\/www.arquimaster.com.ar\/web\/?s={search_term_string}"},"query-input":{"@type":"PropertyValueSpecification","valueRequired":true,"valueName":"search_term_string"}}],"inLanguage":"es"},{"@type":"Organization","@id":"https:\/\/www.arquimaster.com.ar\/web\/#organization","name":"Arquimaster","url":"https:\/\/www.arquimaster.com.ar\/web\/","logo":{"@type":"ImageObject","inLanguage":"es","@id":"https:\/\/www.arquimaster.com.ar\/web\/#\/schema\/logo\/image\/","url":"https:\/\/www.arquimaster.com.ar\/web\/wp-content\/uploads\/2022\/06\/arquimaster.png","contentUrl":"https:\/\/www.arquimaster.com.ar\/web\/wp-content\/uploads\/2022\/06\/arquimaster.png","width":594,"height":78,"caption":"Arquimaster"},"image":{"@id":"https:\/\/www.arquimaster.com.ar\/web\/#\/schema\/logo\/image\/"},"sameAs":["http:\/\/www.facebook.com\/ARQUIMASTER.com.ar","https:\/\/x.com\/arquimaster","https:\/\/www.instagram.com\/arquimasterblog\/","https:\/\/www.linkedin.com\/company\/arquimaster","https:\/\/www.pinterest.com\/arquimaster","https:\/\/t.me\/arquimaster"]},{"@type":"Person","@id":"https:\/\/www.arquimaster.com.ar\/web\/#\/schema\/person\/359e9f7c00193fcde068e0dd2ceb0028","name":"Arquimaster"}]}},"uagb_featured_image_src":{"full":["https:\/\/www.arquimaster.com.ar\/web\/wp-content\/uploads\/2020\/10\/bala_perdida_club_slide.jpg",698,364,false],"thumbnail":["https:\/\/www.arquimaster.com.ar\/web\/wp-content\/uploads\/2020\/10\/bala_perdida_club_slide-150x150.jpg",150,150,true],"medium":["https:\/\/www.arquimaster.com.ar\/web\/wp-content\/uploads\/2020\/10\/bala_perdida_club_slide.jpg",698,364,false],"medium_large":["https:\/\/www.arquimaster.com.ar\/web\/wp-content\/uploads\/2020\/10\/bala_perdida_club_slide.jpg",698,364,false],"large":["https:\/\/www.arquimaster.com.ar\/web\/wp-content\/uploads\/2020\/10\/bala_perdida_club_slide.jpg",698,364,false],"1536x1536":["https:\/\/www.arquimaster.com.ar\/web\/wp-content\/uploads\/2020\/10\/bala_perdida_club_slide.jpg",698,364,false],"2048x2048":["https:\/\/www.arquimaster.com.ar\/web\/wp-content\/uploads\/2020\/10\/bala_perdida_club_slide.jpg",698,364,false]},"uagb_author_info":{"display_name":"Arquimaster","author_link":"https:\/\/www.arquimaster.com.ar\/web\/author\/arquimaster\/"},"uagb_comment_info":0,"uagb_excerpt":"Escondido en las dependencias subterr\u00e1neas de un restaurado palacete del Siglo XIX...","_links":{"self":[{"href":"https:\/\/www.arquimaster.com.ar\/web\/wp-json\/wp\/v2\/posts\/59829","targetHints":{"allow":["GET"]}}],"collection":[{"href":"https:\/\/www.arquimaster.com.ar\/web\/wp-json\/wp\/v2\/posts"}],"about":[{"href":"https:\/\/www.arquimaster.com.ar\/web\/wp-json\/wp\/v2\/types\/post"}],"author":[{"embeddable":true,"href":"https:\/\/www.arquimaster.com.ar\/web\/wp-json\/wp\/v2\/users\/1"}],"replies":[{"embeddable":true,"href":"https:\/\/www.arquimaster.com.ar\/web\/wp-json\/wp\/v2\/comments?post=59829"}],"version-history":[{"count":3,"href":"https:\/\/www.arquimaster.com.ar\/web\/wp-json\/wp\/v2\/posts\/59829\/revisions"}],"predecessor-version":[{"id":59920,"href":"https:\/\/www.arquimaster.com.ar\/web\/wp-json\/wp\/v2\/posts\/59829\/revisions\/59920"}],"wp:featuredmedia":[{"embeddable":true,"href":"https:\/\/www.arquimaster.com.ar\/web\/wp-json\/wp\/v2\/media\/59830"}],"wp:attachment":[{"href":"https:\/\/www.arquimaster.com.ar\/web\/wp-json\/wp\/v2\/media?parent=59829"}],"wp:term":[{"taxonomy":"category","embeddable":true,"href":"https:\/\/www.arquimaster.com.ar\/web\/wp-json\/wp\/v2\/categories?post=59829"},{"taxonomy":"post_tag","embeddable":true,"href":"https:\/\/www.arquimaster.com.ar\/web\/wp-json\/wp\/v2\/tags?post=59829"}],"curies":[{"name":"wp","href":"https:\/\/api.w.org\/{rel}","templated":true}]}}