{"id":59962,"date":"2020-10-07T13:15:38","date_gmt":"2020-10-07T16:15:38","guid":{"rendered":"https:\/\/www.arquimaster.com.ar\/web\/?p=59962"},"modified":"2025-07-25T21:37:57","modified_gmt":"2025-07-26T00:37:57","slug":"tecnoperfiles-y-el-dia-mundial-del-ahorro-de-la-energia","status":"publish","type":"post","link":"https:\/\/www.arquimaster.com.ar\/web\/tecnoperfiles-y-el-dia-mundial-del-ahorro-de-la-energia\/","title":{"rendered":"Tecnoperfiles y el D\u00eda mundial del Ahorro de la Energ\u00eda"},"content":{"rendered":"<div style=\"margin-top: 0px; margin-bottom: 0px;\" class=\"sharethis-inline-share-buttons\" ><\/div><div class=\"b812932af2e751442846f039925109de\" data-index=\"1\" style=\"float: none; margin:25px 0 25px 0; text-align:center;\">\n<script async src=\"https:\/\/pagead2.googlesyndication.com\/pagead\/js\/adsbygoogle.js\"><\/script>\r\n<!-- Arquimaster (superior) -->\r\n<ins class=\"adsbygoogle\"\r\n     style=\"display:block\"\r\n     data-ad-client=\"ca-pub-6351072698456832\"\r\n     data-ad-slot=\"6455489680\"\r\n     data-ad-format=\"auto\"\r\n     data-full-width-responsive=\"true\"><\/ins>\r\n<script>\r\n     (adsbygoogle = window.adsbygoogle || []).push({});\r\n<\/script>\n<\/div>\n<p>En el marco del <strong>D\u00eda del Ahorro de la Energ\u00eda<\/strong>, a celebrarse el pr\u00f3ximo 21 de octubre, <strong>Tecnoperfiles<\/strong>, empresa de capitales nacionales l\u00edder en Argentina y Latinoam\u00e9rica en la <strong>elaboraci\u00f3n y comercializaci\u00f3n de perfiles de PVC para aberturas de media y alta prestaci\u00f3n<\/strong>, se posiciona como empresa referente en el cuidado del medioambiente y comparte consejos e informaci\u00f3n relevante en la tem\u00e1tica, para destacar c\u00f3mo a trav\u00e9s de la adecuada elecci\u00f3n de materiales se puede mejorar la eficiencia energ\u00e9tica en el hogar, y as\u00ed aportar un granito de arena en pos de un mundo m\u00e1s sostenible y sustentable.<\/p>\n<p>Gracias al avance en nuevas tecnolog\u00edas, el mayor acceso a la informaci\u00f3n y la constante innovaci\u00f3n en materiales en la arquitectura moderna, el usuario se ubica en el centro de la pol\u00edtica habitacional y puede optar entre una gran variedad de productos al momento de encarar una obra o remodelaci\u00f3n de una vivienda.<\/p>\n<div id='gallery-1' class='gallery galleryid-59962 gallery-columns-3 gallery-size-thumbnail'><figure class='gallery-item'>\n\t\t\t<div class='gallery-icon landscape'>\n\t\t\t\t<a href='https:\/\/www.arquimaster.com.ar\/web\/wp-content\/uploads\/2020\/10\/tecnoperfiles_dia_ahorro_energia1.jpg' title=\"Tecnoperfiles y el D\u00eda mundial del Ahorro de la Energ\u00eda\" data-rl_title=\"Tecnoperfiles y el D\u00eda mundial del Ahorro de la Energ\u00eda\" class=\"rl-gallery-link\" data-rl_caption=\"Tecnoperfiles y el D\u00eda mundial del Ahorro de la Energ\u00eda\" data-rel=\"lightbox-gallery-1\"><img loading=\"lazy\" decoding=\"async\" width=\"150\" height=\"150\" src=\"https:\/\/www.arquimaster.com.ar\/web\/wp-content\/uploads\/2020\/10\/tecnoperfiles_dia_ahorro_energia1-150x150.jpg\" class=\"attachment-thumbnail size-thumbnail\" alt=\"Tecnoperfiles y el D\u00eda mundial del Ahorro de la Energ\u00eda\" aria-describedby=\"gallery-1-59964\" \/><\/a>\n\t\t\t<\/div>\n\t\t\t\t<figcaption class='wp-caption-text gallery-caption' id='gallery-1-59964'>\n\t\t\t\tTecnoperfiles y el D\u00eda mundial del Ahorro de la Energ\u00eda\n\t\t\t\t<\/figcaption><\/figure><figure class='gallery-item'>\n\t\t\t<div class='gallery-icon landscape'>\n\t\t\t\t<a href='https:\/\/www.arquimaster.com.ar\/web\/wp-content\/uploads\/2020\/10\/tecnoperfiles_dia_ahorro_energia2.jpg' title=\"Tecnoperfiles y el D\u00eda mundial del Ahorro de la Energ\u00eda\" data-rl_title=\"Tecnoperfiles y el D\u00eda mundial del Ahorro de la Energ\u00eda\" class=\"rl-gallery-link\" data-rl_caption=\"Tecnoperfiles y el D\u00eda mundial del Ahorro de la Energ\u00eda\" data-rel=\"lightbox-gallery-1\"><img loading=\"lazy\" decoding=\"async\" width=\"150\" height=\"150\" src=\"https:\/\/www.arquimaster.com.ar\/web\/wp-content\/uploads\/2020\/10\/tecnoperfiles_dia_ahorro_energia2-150x150.jpg\" class=\"attachment-thumbnail size-thumbnail\" alt=\"Tecnoperfiles y el D\u00eda mundial del Ahorro de la Energ\u00eda\" aria-describedby=\"gallery-1-59965\" \/><\/a>\n\t\t\t<\/div>\n\t\t\t\t<figcaption class='wp-caption-text gallery-caption' id='gallery-1-59965'>\n\t\t\t\tTecnoperfiles y el D\u00eda mundial del Ahorro de la Energ\u00eda\n\t\t\t\t<\/figcaption><\/figure><figure class='gallery-item'>\n\t\t\t<div class='gallery-icon landscape'>\n\t\t\t\t<a href='https:\/\/www.arquimaster.com.ar\/web\/wp-content\/uploads\/2020\/10\/tecnoperfiles_dia_ahorro_energia3.jpg' title=\"Tecnoperfiles y el D\u00eda mundial del Ahorro de la Energ\u00eda\" data-rl_title=\"Tecnoperfiles y el D\u00eda mundial del Ahorro de la Energ\u00eda\" class=\"rl-gallery-link\" data-rl_caption=\"Tecnoperfiles y el D\u00eda mundial del Ahorro de la Energ\u00eda\" data-rel=\"lightbox-gallery-1\"><img loading=\"lazy\" decoding=\"async\" width=\"150\" height=\"150\" src=\"https:\/\/www.arquimaster.com.ar\/web\/wp-content\/uploads\/2020\/10\/tecnoperfiles_dia_ahorro_energia3-150x150.jpg\" class=\"attachment-thumbnail size-thumbnail\" alt=\"Tecnoperfiles y el D\u00eda mundial del Ahorro de la Energ\u00eda\" aria-describedby=\"gallery-1-59966\" \/><\/a>\n\t\t\t<\/div>\n\t\t\t\t<figcaption class='wp-caption-text gallery-caption' id='gallery-1-59966'>\n\t\t\t\tTecnoperfiles y el D\u00eda mundial del Ahorro de la Energ\u00eda\n\t\t\t\t<\/figcaption><\/figure><figure class='gallery-item'>\n\t\t\t<div class='gallery-icon landscape'>\n\t\t\t\t<a href='https:\/\/www.arquimaster.com.ar\/web\/wp-content\/uploads\/2020\/10\/tecnoperfiles_dia_ahorro_energia4.jpg' title=\"Tecnoperfiles y el D\u00eda mundial del Ahorro de la Energ\u00eda\" data-rl_title=\"Tecnoperfiles y el D\u00eda mundial del Ahorro de la Energ\u00eda\" class=\"rl-gallery-link\" data-rl_caption=\"Tecnoperfiles y el D\u00eda mundial del Ahorro de la Energ\u00eda\" data-rel=\"lightbox-gallery-1\"><img loading=\"lazy\" decoding=\"async\" width=\"150\" height=\"150\" src=\"https:\/\/www.arquimaster.com.ar\/web\/wp-content\/uploads\/2020\/10\/tecnoperfiles_dia_ahorro_energia4-150x150.jpg\" class=\"attachment-thumbnail size-thumbnail\" alt=\"Tecnoperfiles y el D\u00eda mundial del Ahorro de la Energ\u00eda\" aria-describedby=\"gallery-1-59967\" \/><\/a>\n\t\t\t<\/div>\n\t\t\t\t<figcaption class='wp-caption-text gallery-caption' id='gallery-1-59967'>\n\t\t\t\tTecnoperfiles y el D\u00eda mundial del Ahorro de la Energ\u00eda\n\t\t\t\t<\/figcaption><\/figure><figure class='gallery-item'>\n\t\t\t<div class='gallery-icon landscape'>\n\t\t\t\t<a href='https:\/\/www.arquimaster.com.ar\/web\/wp-content\/uploads\/2020\/10\/tecnoperfiles_dia_ahorro_energia5.jpg' title=\"Tecnoperfiles y el D\u00eda mundial del Ahorro de la Energ\u00eda\" data-rl_title=\"Tecnoperfiles y el D\u00eda mundial del Ahorro de la Energ\u00eda\" class=\"rl-gallery-link\" data-rl_caption=\"Tecnoperfiles y el D\u00eda mundial del Ahorro de la Energ\u00eda\" data-rel=\"lightbox-gallery-1\"><img loading=\"lazy\" decoding=\"async\" width=\"150\" height=\"150\" src=\"https:\/\/www.arquimaster.com.ar\/web\/wp-content\/uploads\/2020\/10\/tecnoperfiles_dia_ahorro_energia5-150x150.jpg\" class=\"attachment-thumbnail size-thumbnail\" alt=\"Tecnoperfiles y el D\u00eda mundial del Ahorro de la Energ\u00eda\" aria-describedby=\"gallery-1-59968\" \/><\/a>\n\t\t\t<\/div>\n\t\t\t\t<figcaption class='wp-caption-text gallery-caption' id='gallery-1-59968'>\n\t\t\t\tTecnoperfiles y el D\u00eda mundial del Ahorro de la Energ\u00eda\n\t\t\t\t<\/figcaption><\/figure><figure class='gallery-item'>\n\t\t\t<div class='gallery-icon landscape'>\n\t\t\t\t<a href='https:\/\/www.arquimaster.com.ar\/web\/wp-content\/uploads\/2020\/10\/tecnoperfiles_dia_ahorro_energia6.jpg' title=\"Tecnoperfiles y el D\u00eda mundial del Ahorro de la Energ\u00eda\" data-rl_title=\"Tecnoperfiles y el D\u00eda mundial del Ahorro de la Energ\u00eda\" class=\"rl-gallery-link\" data-rl_caption=\"Tecnoperfiles y el D\u00eda mundial del Ahorro de la Energ\u00eda\" data-rel=\"lightbox-gallery-1\"><img loading=\"lazy\" decoding=\"async\" width=\"150\" height=\"150\" src=\"https:\/\/www.arquimaster.com.ar\/web\/wp-content\/uploads\/2020\/10\/tecnoperfiles_dia_ahorro_energia6-150x150.jpg\" class=\"attachment-thumbnail size-thumbnail\" alt=\"Tecnoperfiles y el D\u00eda mundial del Ahorro de la Energ\u00eda\" aria-describedby=\"gallery-1-59969\" \/><\/a>\n\t\t\t<\/div>\n\t\t\t\t<figcaption class='wp-caption-text gallery-caption' id='gallery-1-59969'>\n\t\t\t\tTecnoperfiles y el D\u00eda mundial del Ahorro de la Energ\u00eda\n\t\t\t\t<\/figcaption><\/figure><figure class='gallery-item'>\n\t\t\t<div class='gallery-icon portrait'>\n\t\t\t\t<a href='https:\/\/www.arquimaster.com.ar\/web\/wp-content\/uploads\/2020\/10\/tecnoperfiles_dia_ahorro_energia7.jpg' title=\"Tecnoperfiles y el D\u00eda mundial del Ahorro de la Energ\u00eda\" data-rl_title=\"Tecnoperfiles y el D\u00eda mundial del Ahorro de la Energ\u00eda\" class=\"rl-gallery-link\" data-rl_caption=\"Tecnoperfiles y el D\u00eda mundial del Ahorro de la Energ\u00eda\" data-rel=\"lightbox-gallery-1\"><img loading=\"lazy\" decoding=\"async\" width=\"150\" height=\"150\" src=\"https:\/\/www.arquimaster.com.ar\/web\/wp-content\/uploads\/2020\/10\/tecnoperfiles_dia_ahorro_energia7-150x150.jpg\" class=\"attachment-thumbnail size-thumbnail\" alt=\"Tecnoperfiles y el D\u00eda mundial del Ahorro de la Energ\u00eda\" aria-describedby=\"gallery-1-59970\" \/><\/a>\n\t\t\t<\/div>\n\t\t\t\t<figcaption class='wp-caption-text gallery-caption' id='gallery-1-59970'>\n\t\t\t\tTecnoperfiles y el D\u00eda mundial del Ahorro de la Energ\u00eda\n\t\t\t\t<\/figcaption><\/figure><figure class='gallery-item'>\n\t\t\t<div class='gallery-icon portrait'>\n\t\t\t\t<a href='https:\/\/www.arquimaster.com.ar\/web\/wp-content\/uploads\/2020\/10\/tecnoperfiles_dia_ahorro_energia8.jpg' title=\"Tecnoperfiles y el D\u00eda mundial del Ahorro de la Energ\u00eda\" data-rl_title=\"Tecnoperfiles y el D\u00eda mundial del Ahorro de la Energ\u00eda\" class=\"rl-gallery-link\" data-rl_caption=\"Tecnoperfiles y el D\u00eda mundial del Ahorro de la Energ\u00eda\" data-rel=\"lightbox-gallery-1\"><img loading=\"lazy\" decoding=\"async\" width=\"150\" height=\"150\" src=\"https:\/\/www.arquimaster.com.ar\/web\/wp-content\/uploads\/2020\/10\/tecnoperfiles_dia_ahorro_energia8-150x150.jpg\" class=\"attachment-thumbnail size-thumbnail\" alt=\"Tecnoperfiles y el D\u00eda mundial del Ahorro de la Energ\u00eda\" aria-describedby=\"gallery-1-59971\" \/><\/a>\n\t\t\t<\/div>\n\t\t\t\t<figcaption class='wp-caption-text gallery-caption' id='gallery-1-59971'>\n\t\t\t\tTecnoperfiles y el D\u00eda mundial del Ahorro de la Energ\u00eda\n\t\t\t\t<\/figcaption><\/figure><figure class='gallery-item'>\n\t\t\t<div class='gallery-icon portrait'>\n\t\t\t\t<a href='https:\/\/www.arquimaster.com.ar\/web\/wp-content\/uploads\/2020\/10\/tecnoperfiles_dia_ahorro_energia9.jpg' title=\"Tecnoperfiles y el D\u00eda mundial del Ahorro de la Energ\u00eda\" data-rl_title=\"Tecnoperfiles y el D\u00eda mundial del Ahorro de la Energ\u00eda\" class=\"rl-gallery-link\" data-rl_caption=\"Tecnoperfiles y el D\u00eda mundial del Ahorro de la Energ\u00eda\" data-rel=\"lightbox-gallery-1\"><img loading=\"lazy\" decoding=\"async\" width=\"150\" height=\"150\" src=\"https:\/\/www.arquimaster.com.ar\/web\/wp-content\/uploads\/2020\/10\/tecnoperfiles_dia_ahorro_energia9-150x150.jpg\" class=\"attachment-thumbnail size-thumbnail\" alt=\"Tecnoperfiles y el D\u00eda mundial del Ahorro de la Energ\u00eda\" aria-describedby=\"gallery-1-59972\" \/><\/a>\n\t\t\t<\/div>\n\t\t\t\t<figcaption class='wp-caption-text gallery-caption' id='gallery-1-59972'>\n\t\t\t\tTecnoperfiles y el D\u00eda mundial del Ahorro de la Energ\u00eda\n\t\t\t\t<\/figcaption><\/figure>\n\t\t<\/div>\n\n<p>Asimismo, desde el lado de la industria, la b\u00fasqueda de la eficiencia energ\u00e9tica en la construcci\u00f3n es un hecho. No solo para que con los materiales adecuados se pueda lograr una <strong>\u00f3ptima aislaci\u00f3n termoac\u00fastica<\/strong> y as\u00ed <strong>reducir exponencialmente el consumo de energ\u00eda de fuentes no renovables<\/strong>, sino tambi\u00e9n para que con los mismos materiales se logren <strong>acelerar los tiempos y facilitar los procesos constructivos<\/strong>, y adoptar una actitud m\u00e1s responsable con el planeta que nos rodea.<\/p>\n<p>Si bien ese salto cualitativo, requiere de una sinergia entre pol\u00edticas p\u00fablicas y empresas que puedan brindar soluciones tecnol\u00f3gicas e innovadoras; fundamentalmente tambi\u00e9n incluye un cambio de h\u00e1bitos para que con peque\u00f1as acciones y\/o remodelaciones en las viviendas, los usuarios puedan lograr grandes soluciones en pos del ahorro de energ\u00eda.<\/p>\n<p>En este sentido, en la actualidad el avance tecnol\u00f3gico acompa\u00f1a esta tendencia, ya sea para construir viviendas m\u00e1s sostenibles al elegir sistemas constructivos eficientes como el Steel Framing (construcci\u00f3n en seco) que permitan un mejor aprovechamiento de los recursos con un menor impacto ambiental; como as\u00ed tambi\u00e9n mediante la elecci\u00f3n de materiales, como lo es el <strong>PVC<\/strong>, que en el caso de las aberturas puedan ofrecer un <strong>mayor grado de estanquidad, hermeticidad<\/strong> con la consecuente <strong>aislaci\u00f3n t\u00e9rmica y ac\u00fastica<\/strong>; con <strong>f\u00e1cil instalaci\u00f3n y m\u00ednimo mantenimiento<\/strong>, <strong>optimizando la energ\u00eda consumida en la vivienda<\/strong>.<\/p>\n<p><strong>Tecnoperfiles<\/strong> lo elige como materia prima de sus perfiles ya que consume menos energ\u00eda en su producci\u00f3n, actualmente es el material m\u00e1s reciclado en la industria de la construcci\u00f3n (con casi 3,6 millones de toneladas ya recicladas desde 2000 a nivel global) es perdurable en el tiempo logrando alcanzar los 100 a\u00f1os de vida \u00fatil y es inocuo para la salud.<\/p>\n<p><strong>Como lograr el ahorro de energ\u00eda en el hogar<\/strong><br \/>\n<em>\u00abLograr la correcta aislaci\u00f3n termoac\u00fastica en el hogar es fundamental para obtener la pretendida eficiencia energ\u00e9tica. Aproximadamente el 20% de las p\u00e9rdidas y ganancias de calor se originan a trav\u00e9s de las ventanas, generando un consumo excesivo de calefacci\u00f3n\/refrigeraci\u00f3n cuando los materiales no son eficientes\u00bb<\/em>, explica la Arq. <strong>Adriana L\u00f3pez<\/strong>, jefa de grandes proyectos y representante de Tecnoperfiles en diversos subcomit\u00e9s de IRAM<\/p>\n<p>En este sentido, y dentro del marco del reciente relanzamiento de la l\u00ednea de cr\u00e9ditos estatales <strong>PROCREAR<\/strong>, en esta nueva edici\u00f3n se sum\u00f3 la <strong>categor\u00eda de \u00abmejoramientos sustentables\u00bb<\/strong>, que brinda la posibilidad de acceder a un financiamiento personal para realizar intervenciones en la vivienda, mejorando as\u00ed la eficiencia energ\u00e9tica, la seguridad y el confort t\u00e9rmico. Estos cr\u00e9ditos personales para mejoramientos sustentables que impulsa el Ministerio de Desarrollo Territorial y H\u00e1bitat del Gobierno de la Naci\u00f3n, surgen de la necesidad de revisar las condiciones en las que se utilizan los recursos naturales, con el fin de preservar, cuidar la econom\u00eda y fortalecer una conciencia actual acerca de la responsabilidad del usuario con el medio ambiente.<\/p>\n<p>\u00ab<em>Este tipo de iniciativas son muy importantes para poder visibilizar y avanzar desde el \u00e1mbito p\u00fablico y privado hacia una conciencia colectiva sobre el cuidado del medioambiente. Hoy existen sistemas constructivos m\u00e1s amigables ya que consumen menos recursos, y tambi\u00e9n materiales que colaboran para que estos desarrollos sean m\u00e1s eficientes; como lo son los perfiles de PVC para aberturas que actualmente fabricamos en el pa\u00eds, para Argentina y el mundo, que adem\u00e1s de ser sustentables, ya forman parte de la construcci\u00f3n del futuro\u00bb<\/em>, asegura <strong>Fernando Mart\u00ednez<\/strong> presidente de Tecnoperfiles.<\/p>\n<p><strong>Tecnoperfiles<\/strong> contin\u00faa apostando a la capacitaci\u00f3n y difusi\u00f3n en materia del uso racional de la energ\u00eda, la elecci\u00f3n de materiales eficientes y las pr\u00e1cticas sustentables en el sector de la construcci\u00f3n.<\/p>\n<p>En este sentido, el 7 y el 15 de octubre, participar\u00e1 junto a otros disertantes miembros de la Asociaci\u00f3n Argentina de PVC, la Secretar\u00eda de Energ\u00eda, CAVIPLAN e IRAM de unas <strong>jornadas online gratuitas organizadas por la AAPVC con el apoyo de UNIPAR<\/strong> en pos de la difusi\u00f3n sobre las ventajas, tipolog\u00edas, normativas y etiquetado de las ventanas eficientes de PVC.<\/p>\n<p>En el marco de la Semana de Dise\u00f1o de Buenos Aires, la empresa fue convocada a participar del <strong>Festival a la Innovaci\u00f3n en el H\u00e1bitat Sostenible<\/strong> organizado por Domus Lab Experience el pr\u00f3ximo 8 y 9 de octubre en el MARQ. En dos jornadas online dedicadas a explorar c\u00f3mo la industria de la construcci\u00f3n acompa\u00f1a el desarrollo del h\u00e1bitat sustentable, Tecnoperfiles presentar\u00e1 los avances sobre ventanas eficientes y ahorro energ\u00e9tico, en l\u00ednea a la apuesta constante de la empresa en innovaci\u00f3n, tecnolog\u00eda en pos de la construcci\u00f3n sustentable y el cuidado del medioambiente.<\/p>\n<p>Por otro lado, el pr\u00f3ximo 14 de octubre, Tecnoperfiles participar\u00e1 del <strong>webinar sobre Innovaci\u00f3n en Sistemas Constructivos y Materiales. BIM y Facility Management \u00abDeconstruyendo Mitos\u00bb<\/strong>, junto a referentes de la industria se presentar\u00e1n los avances y diferentes innovaciones del sector a trav\u00e9s de nuevas tecnolog\u00edas y herramientas puestas al servicio de la arquitectura moderna, para mejorar la productividad de la industria hacia un camino cada vez m\u00e1s eficiente.<\/p>\n<p>Para celebrar el <strong>D\u00eda Mundial del Ahorro de Energ\u00eda<\/strong>, e incentivar un cambio de h\u00e1bitos de consumo que permitan una mayor eficiencia en el uso de la energ\u00eda para el cuidado del medio ambiente, el 21 de octubre, Tecnoperfiles organiza un <strong>encuentro on line<\/strong>, a cargo del Arq. <strong>Jos\u00e9 Reyes<\/strong>, para compartir experiencias y recomendaciones para una vivienda m\u00e1s sustentable, abordando las siguientes tem\u00e1ticas: Estimaci\u00f3n de p\u00e9rdidas y ahorro de energ\u00eda. Eficiencia energ\u00e9tica a partir de la mejora de la envolvente: Ventanas + muros + techos. El confort interior. La etiqueta de eficiencia energ\u00e9tica de viviendas y su correlato con el consumo real de energ\u00eda.<\/p>\n\n<div style=\"font-size: 0px; height: 0px; line-height: 0px; margin: 0; padding: 0; clear: both;\"><\/div><div style=\"margin-top: 0px; margin-bottom: 0px;\" class=\"sharethis-inline-share-buttons\" ><\/div>","protected":false},"excerpt":{"rendered":"<p>A trav\u00e9s de la adecuada elecci\u00f3n de materiales se puede mejorar la eficiencia energ\u00e9tica&#8230;<\/p>\n","protected":false},"author":1,"featured_media":59963,"comment_status":"closed","ping_status":"closed","sticky":false,"template":"","format":"standard","meta":{"_uag_custom_page_level_css":"","footnotes":""},"categories":[40,64],"tags":[5570,42,5571,6237,4948,4949,633,5568],"class_list":["post-59962","post","type-post","status-publish","format-standard","has-post-thumbnail","hentry","category-construccion","category-empresas-construccion","tag-aberturas-de-pvc","tag-ahorro-energetico","tag-carpinterias-de-pvc","tag-empresas-de-la-construccion","tag-etiquetado","tag-etiquetado-de-eficiencia-energetica","tag-pvc","tag-tecnoperfiles","generate-columns","tablet-grid-50","mobile-grid-100","grid-parent","grid-50"],"yoast_head":"<!-- This site is optimized with the Yoast SEO plugin v27.3 - https:\/\/yoast.com\/product\/yoast-seo-wordpress\/ -->\n<title>Tecnoperfiles y el D\u00eda mundial del Ahorro de la Energ\u00eda - Arquimaster<\/title>\n<meta name=\"description\" content=\"A trav\u00e9s de la adecuada elecci\u00f3n de materiales se puede mejorar la eficiencia energ\u00e9tica en el hogar, y as\u00ed aportar en pos de un mundo m\u00e1s sostenible y sustentable.\" \/>\n<meta name=\"robots\" content=\"index, follow, max-snippet:-1, max-image-preview:large, max-video-preview:-1\" \/>\n<link rel=\"canonical\" href=\"https:\/\/www.arquimaster.com.ar\/web\/tecnoperfiles-y-el-dia-mundial-del-ahorro-de-la-energia\/\" \/>\n<meta property=\"og:locale\" content=\"es_ES\" \/>\n<meta property=\"og:type\" content=\"article\" \/>\n<meta property=\"og:title\" content=\"Tecnoperfiles y el D\u00eda mundial del Ahorro de la Energ\u00eda\" \/>\n<meta property=\"og:description\" content=\"A trav\u00e9s de la adecuada elecci\u00f3n de materiales se puede mejorar la eficiencia energ\u00e9tica en el hogar, y as\u00ed aportar en pos de un mundo m\u00e1s sostenible y sustentable.\" \/>\n<meta property=\"og:url\" content=\"https:\/\/www.arquimaster.com.ar\/web\/tecnoperfiles-y-el-dia-mundial-del-ahorro-de-la-energia\/\" \/>\n<meta property=\"og:site_name\" content=\"Arquimaster\" \/>\n<meta property=\"article:publisher\" content=\"http:\/\/www.facebook.com\/ARQUIMASTER.com.ar\" \/>\n<meta property=\"article:published_time\" content=\"2020-10-07T16:15:38+00:00\" \/>\n<meta property=\"article:modified_time\" content=\"2025-07-26T00:37:57+00:00\" \/>\n<meta property=\"og:image\" content=\"https:\/\/www.arquimaster.com.ar\/web\/wp-content\/uploads\/2020\/10\/tecnoperfiles_dia_ahorro_energia_slide.jpg\" \/>\n\t<meta property=\"og:image:width\" content=\"698\" \/>\n\t<meta property=\"og:image:height\" content=\"364\" \/>\n\t<meta property=\"og:image:type\" content=\"image\/jpeg\" \/>\n<meta name=\"author\" content=\"Arquimaster\" \/>\n<meta name=\"twitter:card\" content=\"summary_large_image\" \/>\n<meta name=\"twitter:title\" content=\"Tecnoperfiles y el D\u00eda mundial del Ahorro de la Energ\u00eda\" \/>\n<meta name=\"twitter:description\" content=\"A trav\u00e9s de la adecuada elecci\u00f3n de materiales se puede mejorar la eficiencia energ\u00e9tica en el hogar, y as\u00ed aportar en pos de un mundo m\u00e1s sostenible y sustentable.\" \/>\n<meta name=\"twitter:image\" content=\"https:\/\/www.arquimaster.com.ar\/web\/wp-content\/uploads\/2020\/10\/tecnoperfiles_dia_ahorro_energia_slide.jpg\" \/>\n<meta name=\"twitter:creator\" content=\"@arquimaster\" \/>\n<meta name=\"twitter:site\" content=\"@arquimaster\" \/>\n<meta name=\"twitter:label1\" content=\"Escrito por\" \/>\n\t<meta name=\"twitter:data1\" content=\"Arquimaster\" \/>\n\t<meta name=\"twitter:label2\" content=\"Tiempo de lectura\" \/>\n\t<meta name=\"twitter:data2\" content=\"6 minutos\" \/>\n<script type=\"application\/ld+json\" class=\"yoast-schema-graph\">{\"@context\":\"https:\\\/\\\/schema.org\",\"@graph\":[{\"@type\":\"Article\",\"@id\":\"https:\\\/\\\/www.arquimaster.com.ar\\\/web\\\/tecnoperfiles-y-el-dia-mundial-del-ahorro-de-la-energia\\\/#article\",\"isPartOf\":{\"@id\":\"https:\\\/\\\/www.arquimaster.com.ar\\\/web\\\/tecnoperfiles-y-el-dia-mundial-del-ahorro-de-la-energia\\\/\"},\"author\":{\"name\":\"Arquimaster\",\"@id\":\"https:\\\/\\\/www.arquimaster.com.ar\\\/web\\\/#\\\/schema\\\/person\\\/359e9f7c00193fcde068e0dd2ceb0028\"},\"headline\":\"Tecnoperfiles y el D\u00eda mundial del Ahorro de la Energ\u00eda\",\"datePublished\":\"2020-10-07T16:15:38+00:00\",\"dateModified\":\"2025-07-26T00:37:57+00:00\",\"mainEntityOfPage\":{\"@id\":\"https:\\\/\\\/www.arquimaster.com.ar\\\/web\\\/tecnoperfiles-y-el-dia-mundial-del-ahorro-de-la-energia\\\/\"},\"wordCount\":1192,\"publisher\":{\"@id\":\"https:\\\/\\\/www.arquimaster.com.ar\\\/web\\\/#organization\"},\"image\":{\"@id\":\"https:\\\/\\\/www.arquimaster.com.ar\\\/web\\\/tecnoperfiles-y-el-dia-mundial-del-ahorro-de-la-energia\\\/#primaryimage\"},\"thumbnailUrl\":\"https:\\\/\\\/www.arquimaster.com.ar\\\/web\\\/wp-content\\\/uploads\\\/2020\\\/10\\\/tecnoperfiles_dia_ahorro_energia_slide.jpg\",\"keywords\":[\"aberturas de PVC\",\"ahorro energetico\",\"carpinter\u00edas de PVC\",\"empresas de la construccion\",\"etiquetado\",\"Etiquetado de Eficiencia Energ\u00e9tica\",\"PVC\",\"Tecnoperfiles\"],\"articleSection\":[\"Construccion\",\"Empresas de la construccion\"],\"inLanguage\":\"es\"},{\"@type\":\"WebPage\",\"@id\":\"https:\\\/\\\/www.arquimaster.com.ar\\\/web\\\/tecnoperfiles-y-el-dia-mundial-del-ahorro-de-la-energia\\\/\",\"url\":\"https:\\\/\\\/www.arquimaster.com.ar\\\/web\\\/tecnoperfiles-y-el-dia-mundial-del-ahorro-de-la-energia\\\/\",\"name\":\"Tecnoperfiles y el D\u00eda mundial del Ahorro de la Energ\u00eda - Arquimaster\",\"isPartOf\":{\"@id\":\"https:\\\/\\\/www.arquimaster.com.ar\\\/web\\\/#website\"},\"primaryImageOfPage\":{\"@id\":\"https:\\\/\\\/www.arquimaster.com.ar\\\/web\\\/tecnoperfiles-y-el-dia-mundial-del-ahorro-de-la-energia\\\/#primaryimage\"},\"image\":{\"@id\":\"https:\\\/\\\/www.arquimaster.com.ar\\\/web\\\/tecnoperfiles-y-el-dia-mundial-del-ahorro-de-la-energia\\\/#primaryimage\"},\"thumbnailUrl\":\"https:\\\/\\\/www.arquimaster.com.ar\\\/web\\\/wp-content\\\/uploads\\\/2020\\\/10\\\/tecnoperfiles_dia_ahorro_energia_slide.jpg\",\"datePublished\":\"2020-10-07T16:15:38+00:00\",\"dateModified\":\"2025-07-26T00:37:57+00:00\",\"description\":\"A trav\u00e9s de la adecuada elecci\u00f3n de materiales se puede mejorar la eficiencia energ\u00e9tica en el hogar, y as\u00ed aportar en pos de un mundo m\u00e1s sostenible y sustentable.\",\"breadcrumb\":{\"@id\":\"https:\\\/\\\/www.arquimaster.com.ar\\\/web\\\/tecnoperfiles-y-el-dia-mundial-del-ahorro-de-la-energia\\\/#breadcrumb\"},\"inLanguage\":\"es\",\"potentialAction\":[{\"@type\":\"ReadAction\",\"target\":[\"https:\\\/\\\/www.arquimaster.com.ar\\\/web\\\/tecnoperfiles-y-el-dia-mundial-del-ahorro-de-la-energia\\\/\"]}]},{\"@type\":\"ImageObject\",\"inLanguage\":\"es\",\"@id\":\"https:\\\/\\\/www.arquimaster.com.ar\\\/web\\\/tecnoperfiles-y-el-dia-mundial-del-ahorro-de-la-energia\\\/#primaryimage\",\"url\":\"https:\\\/\\\/www.arquimaster.com.ar\\\/web\\\/wp-content\\\/uploads\\\/2020\\\/10\\\/tecnoperfiles_dia_ahorro_energia_slide.jpg\",\"contentUrl\":\"https:\\\/\\\/www.arquimaster.com.ar\\\/web\\\/wp-content\\\/uploads\\\/2020\\\/10\\\/tecnoperfiles_dia_ahorro_energia_slide.jpg\",\"width\":698,\"height\":364,\"caption\":\"Tecnoperfiles y el D\u00eda mundial del Ahorro de la Energ\u00eda\"},{\"@type\":\"BreadcrumbList\",\"@id\":\"https:\\\/\\\/www.arquimaster.com.ar\\\/web\\\/tecnoperfiles-y-el-dia-mundial-del-ahorro-de-la-energia\\\/#breadcrumb\",\"itemListElement\":[{\"@type\":\"ListItem\",\"position\":1,\"name\":\"Portada\",\"item\":\"https:\\\/\\\/www.arquimaster.com.ar\\\/web\\\/\"},{\"@type\":\"ListItem\",\"position\":2,\"name\":\"Tecnoperfiles y el D\u00eda mundial del Ahorro de la Energ\u00eda\"}]},{\"@type\":\"WebSite\",\"@id\":\"https:\\\/\\\/www.arquimaster.com.ar\\\/web\\\/#website\",\"url\":\"https:\\\/\\\/www.arquimaster.com.ar\\\/web\\\/\",\"name\":\"Arquimaster\",\"description\":\"Web de arquitectura, dise\u00f1o y construccion\",\"publisher\":{\"@id\":\"https:\\\/\\\/www.arquimaster.com.ar\\\/web\\\/#organization\"},\"potentialAction\":[{\"@type\":\"SearchAction\",\"target\":{\"@type\":\"EntryPoint\",\"urlTemplate\":\"https:\\\/\\\/www.arquimaster.com.ar\\\/web\\\/?s={search_term_string}\"},\"query-input\":{\"@type\":\"PropertyValueSpecification\",\"valueRequired\":true,\"valueName\":\"search_term_string\"}}],\"inLanguage\":\"es\"},{\"@type\":\"Organization\",\"@id\":\"https:\\\/\\\/www.arquimaster.com.ar\\\/web\\\/#organization\",\"name\":\"Arquimaster\",\"url\":\"https:\\\/\\\/www.arquimaster.com.ar\\\/web\\\/\",\"logo\":{\"@type\":\"ImageObject\",\"inLanguage\":\"es\",\"@id\":\"https:\\\/\\\/www.arquimaster.com.ar\\\/web\\\/#\\\/schema\\\/logo\\\/image\\\/\",\"url\":\"https:\\\/\\\/www.arquimaster.com.ar\\\/web\\\/wp-content\\\/uploads\\\/2022\\\/06\\\/arquimaster.png\",\"contentUrl\":\"https:\\\/\\\/www.arquimaster.com.ar\\\/web\\\/wp-content\\\/uploads\\\/2022\\\/06\\\/arquimaster.png\",\"width\":594,\"height\":78,\"caption\":\"Arquimaster\"},\"image\":{\"@id\":\"https:\\\/\\\/www.arquimaster.com.ar\\\/web\\\/#\\\/schema\\\/logo\\\/image\\\/\"},\"sameAs\":[\"http:\\\/\\\/www.facebook.com\\\/ARQUIMASTER.com.ar\",\"https:\\\/\\\/x.com\\\/arquimaster\",\"https:\\\/\\\/www.instagram.com\\\/arquimasterblog\\\/\",\"https:\\\/\\\/www.linkedin.com\\\/company\\\/arquimaster\",\"https:\\\/\\\/www.pinterest.com\\\/arquimaster\",\"https:\\\/\\\/t.me\\\/arquimaster\"]},{\"@type\":\"Person\",\"@id\":\"https:\\\/\\\/www.arquimaster.com.ar\\\/web\\\/#\\\/schema\\\/person\\\/359e9f7c00193fcde068e0dd2ceb0028\",\"name\":\"Arquimaster\"}]}<\/script>\n<!-- \/ Yoast SEO plugin. -->","yoast_head_json":{"title":"Tecnoperfiles y el D\u00eda mundial del Ahorro de la Energ\u00eda - Arquimaster","description":"A trav\u00e9s de la adecuada elecci\u00f3n de materiales se puede mejorar la eficiencia energ\u00e9tica en el hogar, y as\u00ed aportar en pos de un mundo m\u00e1s sostenible y sustentable.","robots":{"index":"index","follow":"follow","max-snippet":"max-snippet:-1","max-image-preview":"max-image-preview:large","max-video-preview":"max-video-preview:-1"},"canonical":"https:\/\/www.arquimaster.com.ar\/web\/tecnoperfiles-y-el-dia-mundial-del-ahorro-de-la-energia\/","og_locale":"es_ES","og_type":"article","og_title":"Tecnoperfiles y el D\u00eda mundial del Ahorro de la Energ\u00eda","og_description":"A trav\u00e9s de la adecuada elecci\u00f3n de materiales se puede mejorar la eficiencia energ\u00e9tica en el hogar, y as\u00ed aportar en pos de un mundo m\u00e1s sostenible y sustentable.","og_url":"https:\/\/www.arquimaster.com.ar\/web\/tecnoperfiles-y-el-dia-mundial-del-ahorro-de-la-energia\/","og_site_name":"Arquimaster","article_publisher":"http:\/\/www.facebook.com\/ARQUIMASTER.com.ar","article_published_time":"2020-10-07T16:15:38+00:00","article_modified_time":"2025-07-26T00:37:57+00:00","og_image":[{"width":698,"height":364,"url":"https:\/\/www.arquimaster.com.ar\/web\/wp-content\/uploads\/2020\/10\/tecnoperfiles_dia_ahorro_energia_slide.jpg","type":"image\/jpeg"}],"author":"Arquimaster","twitter_card":"summary_large_image","twitter_title":"Tecnoperfiles y el D\u00eda mundial del Ahorro de la Energ\u00eda","twitter_description":"A trav\u00e9s de la adecuada elecci\u00f3n de materiales se puede mejorar la eficiencia energ\u00e9tica en el hogar, y as\u00ed aportar en pos de un mundo m\u00e1s sostenible y sustentable.","twitter_image":"https:\/\/www.arquimaster.com.ar\/web\/wp-content\/uploads\/2020\/10\/tecnoperfiles_dia_ahorro_energia_slide.jpg","twitter_creator":"@arquimaster","twitter_site":"@arquimaster","twitter_misc":{"Escrito por":"Arquimaster","Tiempo de lectura":"6 minutos"},"schema":{"@context":"https:\/\/schema.org","@graph":[{"@type":"Article","@id":"https:\/\/www.arquimaster.com.ar\/web\/tecnoperfiles-y-el-dia-mundial-del-ahorro-de-la-energia\/#article","isPartOf":{"@id":"https:\/\/www.arquimaster.com.ar\/web\/tecnoperfiles-y-el-dia-mundial-del-ahorro-de-la-energia\/"},"author":{"name":"Arquimaster","@id":"https:\/\/www.arquimaster.com.ar\/web\/#\/schema\/person\/359e9f7c00193fcde068e0dd2ceb0028"},"headline":"Tecnoperfiles y el D\u00eda mundial del Ahorro de la Energ\u00eda","datePublished":"2020-10-07T16:15:38+00:00","dateModified":"2025-07-26T00:37:57+00:00","mainEntityOfPage":{"@id":"https:\/\/www.arquimaster.com.ar\/web\/tecnoperfiles-y-el-dia-mundial-del-ahorro-de-la-energia\/"},"wordCount":1192,"publisher":{"@id":"https:\/\/www.arquimaster.com.ar\/web\/#organization"},"image":{"@id":"https:\/\/www.arquimaster.com.ar\/web\/tecnoperfiles-y-el-dia-mundial-del-ahorro-de-la-energia\/#primaryimage"},"thumbnailUrl":"https:\/\/www.arquimaster.com.ar\/web\/wp-content\/uploads\/2020\/10\/tecnoperfiles_dia_ahorro_energia_slide.jpg","keywords":["aberturas de PVC","ahorro energetico","carpinter\u00edas de PVC","empresas de la construccion","etiquetado","Etiquetado de Eficiencia Energ\u00e9tica","PVC","Tecnoperfiles"],"articleSection":["Construccion","Empresas de la construccion"],"inLanguage":"es"},{"@type":"WebPage","@id":"https:\/\/www.arquimaster.com.ar\/web\/tecnoperfiles-y-el-dia-mundial-del-ahorro-de-la-energia\/","url":"https:\/\/www.arquimaster.com.ar\/web\/tecnoperfiles-y-el-dia-mundial-del-ahorro-de-la-energia\/","name":"Tecnoperfiles y el D\u00eda mundial del Ahorro de la Energ\u00eda - Arquimaster","isPartOf":{"@id":"https:\/\/www.arquimaster.com.ar\/web\/#website"},"primaryImageOfPage":{"@id":"https:\/\/www.arquimaster.com.ar\/web\/tecnoperfiles-y-el-dia-mundial-del-ahorro-de-la-energia\/#primaryimage"},"image":{"@id":"https:\/\/www.arquimaster.com.ar\/web\/tecnoperfiles-y-el-dia-mundial-del-ahorro-de-la-energia\/#primaryimage"},"thumbnailUrl":"https:\/\/www.arquimaster.com.ar\/web\/wp-content\/uploads\/2020\/10\/tecnoperfiles_dia_ahorro_energia_slide.jpg","datePublished":"2020-10-07T16:15:38+00:00","dateModified":"2025-07-26T00:37:57+00:00","description":"A trav\u00e9s de la adecuada elecci\u00f3n de materiales se puede mejorar la eficiencia energ\u00e9tica en el hogar, y as\u00ed aportar en pos de un mundo m\u00e1s sostenible y sustentable.","breadcrumb":{"@id":"https:\/\/www.arquimaster.com.ar\/web\/tecnoperfiles-y-el-dia-mundial-del-ahorro-de-la-energia\/#breadcrumb"},"inLanguage":"es","potentialAction":[{"@type":"ReadAction","target":["https:\/\/www.arquimaster.com.ar\/web\/tecnoperfiles-y-el-dia-mundial-del-ahorro-de-la-energia\/"]}]},{"@type":"ImageObject","inLanguage":"es","@id":"https:\/\/www.arquimaster.com.ar\/web\/tecnoperfiles-y-el-dia-mundial-del-ahorro-de-la-energia\/#primaryimage","url":"https:\/\/www.arquimaster.com.ar\/web\/wp-content\/uploads\/2020\/10\/tecnoperfiles_dia_ahorro_energia_slide.jpg","contentUrl":"https:\/\/www.arquimaster.com.ar\/web\/wp-content\/uploads\/2020\/10\/tecnoperfiles_dia_ahorro_energia_slide.jpg","width":698,"height":364,"caption":"Tecnoperfiles y el D\u00eda mundial del Ahorro de la Energ\u00eda"},{"@type":"BreadcrumbList","@id":"https:\/\/www.arquimaster.com.ar\/web\/tecnoperfiles-y-el-dia-mundial-del-ahorro-de-la-energia\/#breadcrumb","itemListElement":[{"@type":"ListItem","position":1,"name":"Portada","item":"https:\/\/www.arquimaster.com.ar\/web\/"},{"@type":"ListItem","position":2,"name":"Tecnoperfiles y el D\u00eda mundial del Ahorro de la Energ\u00eda"}]},{"@type":"WebSite","@id":"https:\/\/www.arquimaster.com.ar\/web\/#website","url":"https:\/\/www.arquimaster.com.ar\/web\/","name":"Arquimaster","description":"Web de arquitectura, dise\u00f1o y construccion","publisher":{"@id":"https:\/\/www.arquimaster.com.ar\/web\/#organization"},"potentialAction":[{"@type":"SearchAction","target":{"@type":"EntryPoint","urlTemplate":"https:\/\/www.arquimaster.com.ar\/web\/?s={search_term_string}"},"query-input":{"@type":"PropertyValueSpecification","valueRequired":true,"valueName":"search_term_string"}}],"inLanguage":"es"},{"@type":"Organization","@id":"https:\/\/www.arquimaster.com.ar\/web\/#organization","name":"Arquimaster","url":"https:\/\/www.arquimaster.com.ar\/web\/","logo":{"@type":"ImageObject","inLanguage":"es","@id":"https:\/\/www.arquimaster.com.ar\/web\/#\/schema\/logo\/image\/","url":"https:\/\/www.arquimaster.com.ar\/web\/wp-content\/uploads\/2022\/06\/arquimaster.png","contentUrl":"https:\/\/www.arquimaster.com.ar\/web\/wp-content\/uploads\/2022\/06\/arquimaster.png","width":594,"height":78,"caption":"Arquimaster"},"image":{"@id":"https:\/\/www.arquimaster.com.ar\/web\/#\/schema\/logo\/image\/"},"sameAs":["http:\/\/www.facebook.com\/ARQUIMASTER.com.ar","https:\/\/x.com\/arquimaster","https:\/\/www.instagram.com\/arquimasterblog\/","https:\/\/www.linkedin.com\/company\/arquimaster","https:\/\/www.pinterest.com\/arquimaster","https:\/\/t.me\/arquimaster"]},{"@type":"Person","@id":"https:\/\/www.arquimaster.com.ar\/web\/#\/schema\/person\/359e9f7c00193fcde068e0dd2ceb0028","name":"Arquimaster"}]}},"uagb_featured_image_src":{"full":["https:\/\/www.arquimaster.com.ar\/web\/wp-content\/uploads\/2020\/10\/tecnoperfiles_dia_ahorro_energia_slide.jpg",698,364,false],"thumbnail":["https:\/\/www.arquimaster.com.ar\/web\/wp-content\/uploads\/2020\/10\/tecnoperfiles_dia_ahorro_energia_slide-150x150.jpg",150,150,true],"medium":["https:\/\/www.arquimaster.com.ar\/web\/wp-content\/uploads\/2020\/10\/tecnoperfiles_dia_ahorro_energia_slide.jpg",698,364,false],"medium_large":["https:\/\/www.arquimaster.com.ar\/web\/wp-content\/uploads\/2020\/10\/tecnoperfiles_dia_ahorro_energia_slide.jpg",698,364,false],"large":["https:\/\/www.arquimaster.com.ar\/web\/wp-content\/uploads\/2020\/10\/tecnoperfiles_dia_ahorro_energia_slide.jpg",698,364,false],"1536x1536":["https:\/\/www.arquimaster.com.ar\/web\/wp-content\/uploads\/2020\/10\/tecnoperfiles_dia_ahorro_energia_slide.jpg",698,364,false],"2048x2048":["https:\/\/www.arquimaster.com.ar\/web\/wp-content\/uploads\/2020\/10\/tecnoperfiles_dia_ahorro_energia_slide.jpg",698,364,false]},"uagb_author_info":{"display_name":"Arquimaster","author_link":"https:\/\/www.arquimaster.com.ar\/web\/author\/arquimaster\/"},"uagb_comment_info":0,"uagb_excerpt":"A trav\u00e9s de la adecuada elecci\u00f3n de materiales se puede mejorar la eficiencia energ\u00e9tica...","_links":{"self":[{"href":"https:\/\/www.arquimaster.com.ar\/web\/wp-json\/wp\/v2\/posts\/59962","targetHints":{"allow":["GET"]}}],"collection":[{"href":"https:\/\/www.arquimaster.com.ar\/web\/wp-json\/wp\/v2\/posts"}],"about":[{"href":"https:\/\/www.arquimaster.com.ar\/web\/wp-json\/wp\/v2\/types\/post"}],"author":[{"embeddable":true,"href":"https:\/\/www.arquimaster.com.ar\/web\/wp-json\/wp\/v2\/users\/1"}],"replies":[{"embeddable":true,"href":"https:\/\/www.arquimaster.com.ar\/web\/wp-json\/wp\/v2\/comments?post=59962"}],"version-history":[{"count":3,"href":"https:\/\/www.arquimaster.com.ar\/web\/wp-json\/wp\/v2\/posts\/59962\/revisions"}],"predecessor-version":[{"id":85367,"href":"https:\/\/www.arquimaster.com.ar\/web\/wp-json\/wp\/v2\/posts\/59962\/revisions\/85367"}],"wp:featuredmedia":[{"embeddable":true,"href":"https:\/\/www.arquimaster.com.ar\/web\/wp-json\/wp\/v2\/media\/59963"}],"wp:attachment":[{"href":"https:\/\/www.arquimaster.com.ar\/web\/wp-json\/wp\/v2\/media?parent=59962"}],"wp:term":[{"taxonomy":"category","embeddable":true,"href":"https:\/\/www.arquimaster.com.ar\/web\/wp-json\/wp\/v2\/categories?post=59962"},{"taxonomy":"post_tag","embeddable":true,"href":"https:\/\/www.arquimaster.com.ar\/web\/wp-json\/wp\/v2\/tags?post=59962"}],"curies":[{"name":"wp","href":"https:\/\/api.w.org\/{rel}","templated":true}]}}