{"id":60291,"date":"2020-10-22T14:30:09","date_gmt":"2020-10-22T17:30:09","guid":{"rendered":"https:\/\/www.arquimaster.com.ar\/web\/?p=60291"},"modified":"2020-10-29T15:32:53","modified_gmt":"2020-10-29T18:32:53","slug":"reforma-de-edificio-de-viviendas-vallirana-47-vora","status":"publish","type":"post","link":"https:\/\/www.arquimaster.com.ar\/web\/reforma-de-edificio-de-viviendas-vallirana-47-vora\/","title":{"rendered":"Reforma de edificio de viviendas Vallirana 47 \/ vora"},"content":{"rendered":"<div style=\"margin-top: 0px; margin-bottom: 0px;\" class=\"sharethis-inline-share-buttons\" ><\/div><div class=\"b812932af2e751442846f039925109de\" data-index=\"1\" style=\"float: none; margin:25px 0 25px 0; text-align:center;\">\n<script async src=\"https:\/\/pagead2.googlesyndication.com\/pagead\/js\/adsbygoogle.js\"><\/script>\r\n<!-- Arquimaster (superior) -->\r\n<ins class=\"adsbygoogle\"\r\n     style=\"display:block\"\r\n     data-ad-client=\"ca-pub-6351072698456832\"\r\n     data-ad-slot=\"6455489680\"\r\n     data-ad-format=\"auto\"\r\n     data-full-width-responsive=\"true\"><\/ins>\r\n<script>\r\n     (adsbygoogle = window.adsbygoogle || []).push({});\r\n<\/script>\n<\/div>\n<p><strong>Reforma de edificio de viviendas Vallirana 47<\/strong> (Barcelona) por <strong>vora<\/strong>. Vallirana 47 fue premiado recientemente con el premio Frame 2020 al \u00abmejor apartamento peque\u00f1o del a\u00f1o\u00bb. El proyecto ha recibido con anterioridad multiples reconocimientos como la menci\u00f3n en los premios Cer\u00e1mica 2019; finalista en los premios Arquitectura Plus 2019 y Surface Design 2020; y seleccionado en los premios Fad 2019, The Plan 2019, Catalunya Construcci\u00f3 2019 y Dezeen 2019. Vallirana 47 es una reforma de gran sensibilidad de un peque\u00f1o edificio de viviendas entre medianeras en Barcelona, dise\u00f1ada por vora y finalizada en 2019.<\/p>\n<div id='gallery-1' class='gallery galleryid-60291 gallery-columns-3 gallery-size-thumbnail'><figure class='gallery-item'>\n\t\t\t<div class='gallery-icon portrait'>\n\t\t\t\t<a href='https:\/\/www.arquimaster.com.ar\/web\/wp-content\/uploads\/2020\/10\/reforma_edificio_vallirana_47_1.jpg' title=\"Reforma de edificio de viviendas Vallirana 47 \/ vora (\u00a9 Adri\u00e0 Goula)\" data-rl_title=\"Reforma de edificio de viviendas Vallirana 47 \/ vora (\u00a9 Adri\u00e0 Goula)\" class=\"rl-gallery-link\" data-rl_caption=\"Reforma de edificio de viviendas Vallirana 47 \/ vora (\u00a9 Adri\u00e0 Goula)\" data-rel=\"lightbox-gallery-1\"><img loading=\"lazy\" decoding=\"async\" width=\"150\" height=\"150\" src=\"https:\/\/www.arquimaster.com.ar\/web\/wp-content\/uploads\/2020\/10\/reforma_edificio_vallirana_47_1-150x150.jpg\" class=\"attachment-thumbnail size-thumbnail\" alt=\"Reforma de edificio de viviendas Vallirana 47 \/ vora\" aria-describedby=\"gallery-1-60292\" \/><\/a>\n\t\t\t<\/div>\n\t\t\t\t<figcaption class='wp-caption-text gallery-caption' id='gallery-1-60292'>\n\t\t\t\tReforma de edificio de viviendas Vallirana 47 \/ vora (\u00a9 Adri\u00e0 Goula)\n\t\t\t\t<\/figcaption><\/figure><figure class='gallery-item'>\n\t\t\t<div class='gallery-icon portrait'>\n\t\t\t\t<a href='https:\/\/www.arquimaster.com.ar\/web\/wp-content\/uploads\/2020\/10\/reforma_edificio_vallirana_47_2.jpg' title=\"Reforma de edificio de viviendas Vallirana 47 \/ vora (\u00a9 Adri\u00e0 Goula)\" data-rl_title=\"Reforma de edificio de viviendas Vallirana 47 \/ vora (\u00a9 Adri\u00e0 Goula)\" class=\"rl-gallery-link\" data-rl_caption=\"Reforma de edificio de viviendas Vallirana 47 \/ vora (\u00a9 Adri\u00e0 Goula)\" data-rel=\"lightbox-gallery-1\"><img loading=\"lazy\" decoding=\"async\" width=\"150\" height=\"150\" src=\"https:\/\/www.arquimaster.com.ar\/web\/wp-content\/uploads\/2020\/10\/reforma_edificio_vallirana_47_2-150x150.jpg\" class=\"attachment-thumbnail size-thumbnail\" alt=\"Reforma de edificio de viviendas Vallirana 47 \/ vora\" aria-describedby=\"gallery-1-60293\" \/><\/a>\n\t\t\t<\/div>\n\t\t\t\t<figcaption class='wp-caption-text gallery-caption' id='gallery-1-60293'>\n\t\t\t\tReforma de edificio de viviendas Vallirana 47 \/ vora (\u00a9 Adri\u00e0 Goula)\n\t\t\t\t<\/figcaption><\/figure><figure class='gallery-item'>\n\t\t\t<div class='gallery-icon portrait'>\n\t\t\t\t<a href='https:\/\/www.arquimaster.com.ar\/web\/wp-content\/uploads\/2020\/10\/reforma_edificio_vallirana_47_3.jpg' title=\"Reforma de edificio de viviendas Vallirana 47 \/ vora (\u00a9 Adri\u00e0 Goula)\" data-rl_title=\"Reforma de edificio de viviendas Vallirana 47 \/ vora (\u00a9 Adri\u00e0 Goula)\" class=\"rl-gallery-link\" data-rl_caption=\"Reforma de edificio de viviendas Vallirana 47 \/ vora (\u00a9 Adri\u00e0 Goula)\" data-rel=\"lightbox-gallery-1\"><img loading=\"lazy\" decoding=\"async\" width=\"150\" height=\"150\" src=\"https:\/\/www.arquimaster.com.ar\/web\/wp-content\/uploads\/2020\/10\/reforma_edificio_vallirana_47_3-150x150.jpg\" class=\"attachment-thumbnail size-thumbnail\" alt=\"Reforma de edificio de viviendas Vallirana 47 \/ vora\" aria-describedby=\"gallery-1-60294\" \/><\/a>\n\t\t\t<\/div>\n\t\t\t\t<figcaption class='wp-caption-text gallery-caption' id='gallery-1-60294'>\n\t\t\t\tReforma de edificio de viviendas Vallirana 47 \/ vora (\u00a9 Adri\u00e0 Goula)\n\t\t\t\t<\/figcaption><\/figure><figure class='gallery-item'>\n\t\t\t<div class='gallery-icon portrait'>\n\t\t\t\t<a href='https:\/\/www.arquimaster.com.ar\/web\/wp-content\/uploads\/2020\/10\/reforma_edificio_vallirana_47_4.jpg' title=\"Reforma de edificio de viviendas Vallirana 47 \/ vora (\u00a9 Adri\u00e0 Goula)\" data-rl_title=\"Reforma de edificio de viviendas Vallirana 47 \/ vora (\u00a9 Adri\u00e0 Goula)\" class=\"rl-gallery-link\" data-rl_caption=\"Reforma de edificio de viviendas Vallirana 47 \/ vora (\u00a9 Adri\u00e0 Goula)\" data-rel=\"lightbox-gallery-1\"><img loading=\"lazy\" decoding=\"async\" width=\"150\" height=\"150\" src=\"https:\/\/www.arquimaster.com.ar\/web\/wp-content\/uploads\/2020\/10\/reforma_edificio_vallirana_47_4-150x150.jpg\" class=\"attachment-thumbnail size-thumbnail\" alt=\"Reforma de edificio de viviendas Vallirana 47 \/ vora\" aria-describedby=\"gallery-1-60295\" \/><\/a>\n\t\t\t<\/div>\n\t\t\t\t<figcaption class='wp-caption-text gallery-caption' id='gallery-1-60295'>\n\t\t\t\tReforma de edificio de viviendas Vallirana 47 \/ vora (\u00a9 Adri\u00e0 Goula)\n\t\t\t\t<\/figcaption><\/figure><figure class='gallery-item'>\n\t\t\t<div class='gallery-icon portrait'>\n\t\t\t\t<a href='https:\/\/www.arquimaster.com.ar\/web\/wp-content\/uploads\/2020\/10\/reforma_edificio_vallirana_47_5.jpg' title=\"Reforma de edificio de viviendas Vallirana 47 \/ vora (\u00a9 Adri\u00e0 Goula)\" data-rl_title=\"Reforma de edificio de viviendas Vallirana 47 \/ vora (\u00a9 Adri\u00e0 Goula)\" class=\"rl-gallery-link\" data-rl_caption=\"Reforma de edificio de viviendas Vallirana 47 \/ vora (\u00a9 Adri\u00e0 Goula)\" data-rel=\"lightbox-gallery-1\"><img loading=\"lazy\" decoding=\"async\" width=\"150\" height=\"150\" src=\"https:\/\/www.arquimaster.com.ar\/web\/wp-content\/uploads\/2020\/10\/reforma_edificio_vallirana_47_5-150x150.jpg\" class=\"attachment-thumbnail size-thumbnail\" alt=\"Reforma de edificio de viviendas Vallirana 47 \/ vora\" aria-describedby=\"gallery-1-60296\" \/><\/a>\n\t\t\t<\/div>\n\t\t\t\t<figcaption class='wp-caption-text gallery-caption' id='gallery-1-60296'>\n\t\t\t\tReforma de edificio de viviendas Vallirana 47 \/ vora (\u00a9 Adri\u00e0 Goula)\n\t\t\t\t<\/figcaption><\/figure><figure class='gallery-item'>\n\t\t\t<div class='gallery-icon portrait'>\n\t\t\t\t<a href='https:\/\/www.arquimaster.com.ar\/web\/wp-content\/uploads\/2020\/10\/reforma_edificio_vallirana_47_6.jpg' title=\"Reforma de edificio de viviendas Vallirana 47 \/ vora (\u00a9 Adri\u00e0 Goula)\" data-rl_title=\"Reforma de edificio de viviendas Vallirana 47 \/ vora (\u00a9 Adri\u00e0 Goula)\" class=\"rl-gallery-link\" data-rl_caption=\"Reforma de edificio de viviendas Vallirana 47 \/ vora (\u00a9 Adri\u00e0 Goula)\" data-rel=\"lightbox-gallery-1\"><img loading=\"lazy\" decoding=\"async\" width=\"150\" height=\"150\" src=\"https:\/\/www.arquimaster.com.ar\/web\/wp-content\/uploads\/2020\/10\/reforma_edificio_vallirana_47_6-150x150.jpg\" class=\"attachment-thumbnail size-thumbnail\" alt=\"Reforma de edificio de viviendas Vallirana 47 \/ vora\" aria-describedby=\"gallery-1-60297\" \/><\/a>\n\t\t\t<\/div>\n\t\t\t\t<figcaption class='wp-caption-text gallery-caption' id='gallery-1-60297'>\n\t\t\t\tReforma de edificio de viviendas Vallirana 47 \/ vora (\u00a9 Adri\u00e0 Goula)\n\t\t\t\t<\/figcaption><\/figure><figure class='gallery-item'>\n\t\t\t<div class='gallery-icon portrait'>\n\t\t\t\t<a href='https:\/\/www.arquimaster.com.ar\/web\/wp-content\/uploads\/2020\/10\/reforma_edificio_vallirana_47_7.jpg' title=\"Reforma de edificio de viviendas Vallirana 47 \/ vora (\u00a9 Adri\u00e0 Goula)\" data-rl_title=\"Reforma de edificio de viviendas Vallirana 47 \/ vora (\u00a9 Adri\u00e0 Goula)\" class=\"rl-gallery-link\" data-rl_caption=\"Reforma de edificio de viviendas Vallirana 47 \/ vora (\u00a9 Adri\u00e0 Goula)\" data-rel=\"lightbox-gallery-1\"><img loading=\"lazy\" decoding=\"async\" width=\"150\" height=\"150\" src=\"https:\/\/www.arquimaster.com.ar\/web\/wp-content\/uploads\/2020\/10\/reforma_edificio_vallirana_47_7-150x150.jpg\" class=\"attachment-thumbnail size-thumbnail\" alt=\"Reforma de edificio de viviendas Vallirana 47 \/ vora\" aria-describedby=\"gallery-1-60298\" \/><\/a>\n\t\t\t<\/div>\n\t\t\t\t<figcaption class='wp-caption-text gallery-caption' id='gallery-1-60298'>\n\t\t\t\tReforma de edificio de viviendas Vallirana 47 \/ vora (\u00a9 Adri\u00e0 Goula)\n\t\t\t\t<\/figcaption><\/figure><figure class='gallery-item'>\n\t\t\t<div class='gallery-icon portrait'>\n\t\t\t\t<a href='https:\/\/www.arquimaster.com.ar\/web\/wp-content\/uploads\/2020\/10\/reforma_edificio_vallirana_47_8.jpg' title=\"Reforma de edificio de viviendas Vallirana 47 \/ vora (\u00a9 Adri\u00e0 Goula)\" data-rl_title=\"Reforma de edificio de viviendas Vallirana 47 \/ vora (\u00a9 Adri\u00e0 Goula)\" class=\"rl-gallery-link\" data-rl_caption=\"Reforma de edificio de viviendas Vallirana 47 \/ vora (\u00a9 Adri\u00e0 Goula)\" data-rel=\"lightbox-gallery-1\"><img loading=\"lazy\" decoding=\"async\" width=\"150\" height=\"150\" src=\"https:\/\/www.arquimaster.com.ar\/web\/wp-content\/uploads\/2020\/10\/reforma_edificio_vallirana_47_8-150x150.jpg\" class=\"attachment-thumbnail size-thumbnail\" alt=\"Reforma de edificio de viviendas Vallirana 47 \/ vora\" aria-describedby=\"gallery-1-60299\" \/><\/a>\n\t\t\t<\/div>\n\t\t\t\t<figcaption class='wp-caption-text gallery-caption' id='gallery-1-60299'>\n\t\t\t\tReforma de edificio de viviendas Vallirana 47 \/ vora (\u00a9 Adri\u00e0 Goula)\n\t\t\t\t<\/figcaption><\/figure><figure class='gallery-item'>\n\t\t\t<div class='gallery-icon portrait'>\n\t\t\t\t<a href='https:\/\/www.arquimaster.com.ar\/web\/wp-content\/uploads\/2020\/10\/reforma_edificio_vallirana_47_9.jpg' title=\"Reforma de edificio de viviendas Vallirana 47 \/ vora (\u00a9 Adri\u00e0 Goula)\" data-rl_title=\"Reforma de edificio de viviendas Vallirana 47 \/ vora (\u00a9 Adri\u00e0 Goula)\" class=\"rl-gallery-link\" data-rl_caption=\"Reforma de edificio de viviendas Vallirana 47 \/ vora (\u00a9 Adri\u00e0 Goula)\" data-rel=\"lightbox-gallery-1\"><img loading=\"lazy\" decoding=\"async\" width=\"150\" height=\"150\" src=\"https:\/\/www.arquimaster.com.ar\/web\/wp-content\/uploads\/2020\/10\/reforma_edificio_vallirana_47_9-150x150.jpg\" class=\"attachment-thumbnail size-thumbnail\" alt=\"Reforma de edificio de viviendas Vallirana 47 \/ vora\" aria-describedby=\"gallery-1-60300\" \/><\/a>\n\t\t\t<\/div>\n\t\t\t\t<figcaption class='wp-caption-text gallery-caption' id='gallery-1-60300'>\n\t\t\t\tReforma de edificio de viviendas Vallirana 47 \/ vora (\u00a9 Adri\u00e0 Goula)\n\t\t\t\t<\/figcaption><\/figure><figure class='gallery-item'>\n\t\t\t<div class='gallery-icon portrait'>\n\t\t\t\t<a href='https:\/\/www.arquimaster.com.ar\/web\/wp-content\/uploads\/2020\/10\/reforma_edificio_vallirana_47_10.jpg' title=\"Reforma de edificio de viviendas Vallirana 47 \/ vora (\u00a9 Adri\u00e0 Goula)\" data-rl_title=\"Reforma de edificio de viviendas Vallirana 47 \/ vora (\u00a9 Adri\u00e0 Goula)\" class=\"rl-gallery-link\" data-rl_caption=\"Reforma de edificio de viviendas Vallirana 47 \/ vora (\u00a9 Adri\u00e0 Goula)\" data-rel=\"lightbox-gallery-1\"><img loading=\"lazy\" decoding=\"async\" width=\"150\" height=\"150\" src=\"https:\/\/www.arquimaster.com.ar\/web\/wp-content\/uploads\/2020\/10\/reforma_edificio_vallirana_47_10-150x150.jpg\" class=\"attachment-thumbnail size-thumbnail\" alt=\"Reforma de edificio de viviendas Vallirana 47 \/ vora\" aria-describedby=\"gallery-1-60301\" \/><\/a>\n\t\t\t<\/div>\n\t\t\t\t<figcaption class='wp-caption-text gallery-caption' id='gallery-1-60301'>\n\t\t\t\tReforma de edificio de viviendas Vallirana 47 \/ vora (\u00a9 Adri\u00e0 Goula)\n\t\t\t\t<\/figcaption><\/figure><figure class='gallery-item'>\n\t\t\t<div class='gallery-icon portrait'>\n\t\t\t\t<a href='https:\/\/www.arquimaster.com.ar\/web\/wp-content\/uploads\/2020\/10\/reforma_edificio_vallirana_47_11.jpg' title=\"Reforma de edificio de viviendas Vallirana 47 \/ vora (\u00a9 Adri\u00e0 Goula)\" data-rl_title=\"Reforma de edificio de viviendas Vallirana 47 \/ vora (\u00a9 Adri\u00e0 Goula)\" class=\"rl-gallery-link\" data-rl_caption=\"Reforma de edificio de viviendas Vallirana 47 \/ vora (\u00a9 Adri\u00e0 Goula)\" data-rel=\"lightbox-gallery-1\"><img loading=\"lazy\" decoding=\"async\" width=\"150\" height=\"150\" src=\"https:\/\/www.arquimaster.com.ar\/web\/wp-content\/uploads\/2020\/10\/reforma_edificio_vallirana_47_11-150x150.jpg\" class=\"attachment-thumbnail size-thumbnail\" alt=\"Reforma de edificio de viviendas Vallirana 47 \/ vora\" aria-describedby=\"gallery-1-60302\" \/><\/a>\n\t\t\t<\/div>\n\t\t\t\t<figcaption class='wp-caption-text gallery-caption' id='gallery-1-60302'>\n\t\t\t\tReforma de edificio de viviendas Vallirana 47 \/ vora (\u00a9 Adri\u00e0 Goula)\n\t\t\t\t<\/figcaption><\/figure><figure class='gallery-item'>\n\t\t\t<div class='gallery-icon portrait'>\n\t\t\t\t<a href='https:\/\/www.arquimaster.com.ar\/web\/wp-content\/uploads\/2020\/10\/reforma_edificio_vallirana_47_12.jpg' title=\"Reforma de edificio de viviendas Vallirana 47 \/ vora (\u00a9 Adri\u00e0 Goula)\" data-rl_title=\"Reforma de edificio de viviendas Vallirana 47 \/ vora (\u00a9 Adri\u00e0 Goula)\" class=\"rl-gallery-link\" data-rl_caption=\"Reforma de edificio de viviendas Vallirana 47 \/ vora (\u00a9 Adri\u00e0 Goula)\" data-rel=\"lightbox-gallery-1\"><img loading=\"lazy\" decoding=\"async\" width=\"150\" height=\"150\" src=\"https:\/\/www.arquimaster.com.ar\/web\/wp-content\/uploads\/2020\/10\/reforma_edificio_vallirana_47_12-150x150.jpg\" class=\"attachment-thumbnail size-thumbnail\" alt=\"Reforma de edificio de viviendas Vallirana 47 \/ vora\" aria-describedby=\"gallery-1-60303\" \/><\/a>\n\t\t\t<\/div>\n\t\t\t\t<figcaption class='wp-caption-text gallery-caption' id='gallery-1-60303'>\n\t\t\t\tReforma de edificio de viviendas Vallirana 47 \/ vora (\u00a9 Adri\u00e0 Goula)\n\t\t\t\t<\/figcaption><\/figure><figure class='gallery-item'>\n\t\t\t<div class='gallery-icon portrait'>\n\t\t\t\t<a href='https:\/\/www.arquimaster.com.ar\/web\/wp-content\/uploads\/2020\/10\/reforma_edificio_vallirana_47_13.jpg' title=\"Reforma de edificio de viviendas Vallirana 47 \/ vora (\u00a9 Adri\u00e0 Goula)\" data-rl_title=\"Reforma de edificio de viviendas Vallirana 47 \/ vora (\u00a9 Adri\u00e0 Goula)\" class=\"rl-gallery-link\" data-rl_caption=\"Reforma de edificio de viviendas Vallirana 47 \/ vora (\u00a9 Adri\u00e0 Goula)\" data-rel=\"lightbox-gallery-1\"><img loading=\"lazy\" decoding=\"async\" width=\"150\" height=\"150\" src=\"https:\/\/www.arquimaster.com.ar\/web\/wp-content\/uploads\/2020\/10\/reforma_edificio_vallirana_47_13-150x150.jpg\" class=\"attachment-thumbnail size-thumbnail\" alt=\"Reforma de edificio de viviendas Vallirana 47 \/ vora\" aria-describedby=\"gallery-1-60304\" \/><\/a>\n\t\t\t<\/div>\n\t\t\t\t<figcaption class='wp-caption-text gallery-caption' id='gallery-1-60304'>\n\t\t\t\tReforma de edificio de viviendas Vallirana 47 \/ vora (\u00a9 Adri\u00e0 Goula)\n\t\t\t\t<\/figcaption><\/figure><figure class='gallery-item'>\n\t\t\t<div class='gallery-icon portrait'>\n\t\t\t\t<a href='https:\/\/www.arquimaster.com.ar\/web\/wp-content\/uploads\/2020\/10\/reforma_edificio_vallirana_47_14.jpg' title=\"Reforma de edificio de viviendas Vallirana 47 \/ vora (\u00a9 Adri\u00e0 Goula)\" data-rl_title=\"Reforma de edificio de viviendas Vallirana 47 \/ vora (\u00a9 Adri\u00e0 Goula)\" class=\"rl-gallery-link\" data-rl_caption=\"Reforma de edificio de viviendas Vallirana 47 \/ vora (\u00a9 Adri\u00e0 Goula)\" data-rel=\"lightbox-gallery-1\"><img loading=\"lazy\" decoding=\"async\" width=\"150\" height=\"150\" src=\"https:\/\/www.arquimaster.com.ar\/web\/wp-content\/uploads\/2020\/10\/reforma_edificio_vallirana_47_14-150x150.jpg\" class=\"attachment-thumbnail size-thumbnail\" alt=\"Reforma de edificio de viviendas Vallirana 47 \/ vora\" aria-describedby=\"gallery-1-60305\" \/><\/a>\n\t\t\t<\/div>\n\t\t\t\t<figcaption class='wp-caption-text gallery-caption' id='gallery-1-60305'>\n\t\t\t\tReforma de edificio de viviendas Vallirana 47 \/ vora (\u00a9 Adri\u00e0 Goula)\n\t\t\t\t<\/figcaption><\/figure><figure class='gallery-item'>\n\t\t\t<div class='gallery-icon portrait'>\n\t\t\t\t<a href='https:\/\/www.arquimaster.com.ar\/web\/wp-content\/uploads\/2020\/10\/reforma_edificio_vallirana_47_15.jpg' title=\"Reforma de edificio de viviendas Vallirana 47 \/ vora (\u00a9 Adri\u00e0 Goula)\" data-rl_title=\"Reforma de edificio de viviendas Vallirana 47 \/ vora (\u00a9 Adri\u00e0 Goula)\" class=\"rl-gallery-link\" data-rl_caption=\"Reforma de edificio de viviendas Vallirana 47 \/ vora (\u00a9 Adri\u00e0 Goula)\" data-rel=\"lightbox-gallery-1\"><img loading=\"lazy\" decoding=\"async\" width=\"150\" height=\"150\" src=\"https:\/\/www.arquimaster.com.ar\/web\/wp-content\/uploads\/2020\/10\/reforma_edificio_vallirana_47_15-150x150.jpg\" class=\"attachment-thumbnail size-thumbnail\" alt=\"Reforma de edificio de viviendas Vallirana 47 \/ vora\" aria-describedby=\"gallery-1-60306\" \/><\/a>\n\t\t\t<\/div>\n\t\t\t\t<figcaption class='wp-caption-text gallery-caption' id='gallery-1-60306'>\n\t\t\t\tReforma de edificio de viviendas Vallirana 47 \/ vora (\u00a9 Adri\u00e0 Goula)\n\t\t\t\t<\/figcaption><\/figure><figure class='gallery-item'>\n\t\t\t<div class='gallery-icon portrait'>\n\t\t\t\t<a href='https:\/\/www.arquimaster.com.ar\/web\/wp-content\/uploads\/2020\/10\/reforma_edificio_vallirana_47_16.jpg' title=\"Reforma de edificio de viviendas Vallirana 47 \/ vora (\u00a9 Adri\u00e0 Goula)\" data-rl_title=\"Reforma de edificio de viviendas Vallirana 47 \/ vora (\u00a9 Adri\u00e0 Goula)\" class=\"rl-gallery-link\" data-rl_caption=\"Reforma de edificio de viviendas Vallirana 47 \/ vora (\u00a9 Adri\u00e0 Goula)\" data-rel=\"lightbox-gallery-1\"><img loading=\"lazy\" decoding=\"async\" width=\"150\" height=\"150\" src=\"https:\/\/www.arquimaster.com.ar\/web\/wp-content\/uploads\/2020\/10\/reforma_edificio_vallirana_47_16-150x150.jpg\" class=\"attachment-thumbnail size-thumbnail\" alt=\"Reforma de edificio de viviendas Vallirana 47 \/ vora\" aria-describedby=\"gallery-1-60307\" \/><\/a>\n\t\t\t<\/div>\n\t\t\t\t<figcaption class='wp-caption-text gallery-caption' id='gallery-1-60307'>\n\t\t\t\tReforma de edificio de viviendas Vallirana 47 \/ vora (\u00a9 Adri\u00e0 Goula)\n\t\t\t\t<\/figcaption><\/figure><figure class='gallery-item'>\n\t\t\t<div class='gallery-icon landscape'>\n\t\t\t\t<a href='https:\/\/www.arquimaster.com.ar\/web\/wp-content\/uploads\/2020\/10\/reforma_edificio_vallirana_47_17.jpg' title=\"Reforma de edificio de viviendas Vallirana 47 \/ vora (\u00a9 Adri\u00e0 Goula)\" data-rl_title=\"Reforma de edificio de viviendas Vallirana 47 \/ vora (\u00a9 Adri\u00e0 Goula)\" class=\"rl-gallery-link\" data-rl_caption=\"Reforma de edificio de viviendas Vallirana 47 \/ vora (\u00a9 Adri\u00e0 Goula)\" data-rel=\"lightbox-gallery-1\"><img loading=\"lazy\" decoding=\"async\" width=\"150\" height=\"150\" src=\"https:\/\/www.arquimaster.com.ar\/web\/wp-content\/uploads\/2020\/10\/reforma_edificio_vallirana_47_17-150x150.jpg\" class=\"attachment-thumbnail size-thumbnail\" alt=\"Reforma de edificio de viviendas Vallirana 47 \/ vora\" aria-describedby=\"gallery-1-60308\" \/><\/a>\n\t\t\t<\/div>\n\t\t\t\t<figcaption class='wp-caption-text gallery-caption' id='gallery-1-60308'>\n\t\t\t\tReforma de edificio de viviendas Vallirana 47 \/ vora (\u00a9 Adri\u00e0 Goula)\n\t\t\t\t<\/figcaption><\/figure><figure class='gallery-item'>\n\t\t\t<div class='gallery-icon portrait'>\n\t\t\t\t<a href='https:\/\/www.arquimaster.com.ar\/web\/wp-content\/uploads\/2020\/10\/reforma_edificio_vallirana_47_18.jpg' title=\"Reforma de edificio de viviendas Vallirana 47 \/ vora\" data-rl_title=\"Reforma de edificio de viviendas Vallirana 47 \/ vora\" class=\"rl-gallery-link\" data-rl_caption=\"Reforma de edificio de viviendas Vallirana 47 \/ vora\" data-rel=\"lightbox-gallery-1\"><img loading=\"lazy\" decoding=\"async\" width=\"150\" height=\"150\" src=\"https:\/\/www.arquimaster.com.ar\/web\/wp-content\/uploads\/2020\/10\/reforma_edificio_vallirana_47_18-150x150.jpg\" class=\"attachment-thumbnail size-thumbnail\" alt=\"Reforma de edificio de viviendas Vallirana 47 \/ vora\" aria-describedby=\"gallery-1-60309\" \/><\/a>\n\t\t\t<\/div>\n\t\t\t\t<figcaption class='wp-caption-text gallery-caption' id='gallery-1-60309'>\n\t\t\t\tReforma de edificio de viviendas Vallirana 47 \/ vora\n\t\t\t\t<\/figcaption><\/figure><figure class='gallery-item'>\n\t\t\t<div class='gallery-icon portrait'>\n\t\t\t\t<a href='https:\/\/www.arquimaster.com.ar\/web\/wp-content\/uploads\/2020\/10\/reforma_edificio_vallirana_47_19.jpg' title=\"Reforma de edificio de viviendas Vallirana 47 \/ vora\" data-rl_title=\"Reforma de edificio de viviendas Vallirana 47 \/ vora\" class=\"rl-gallery-link\" data-rl_caption=\"Reforma de edificio de viviendas Vallirana 47 \/ vora\" data-rel=\"lightbox-gallery-1\"><img loading=\"lazy\" decoding=\"async\" width=\"150\" height=\"150\" src=\"https:\/\/www.arquimaster.com.ar\/web\/wp-content\/uploads\/2020\/10\/reforma_edificio_vallirana_47_19-150x150.jpg\" class=\"attachment-thumbnail size-thumbnail\" alt=\"Reforma de edificio de viviendas Vallirana 47 \/ vora\" aria-describedby=\"gallery-1-60310\" \/><\/a>\n\t\t\t<\/div>\n\t\t\t\t<figcaption class='wp-caption-text gallery-caption' id='gallery-1-60310'>\n\t\t\t\tReforma de edificio de viviendas Vallirana 47 \/ vora\n\t\t\t\t<\/figcaption><\/figure><figure class='gallery-item'>\n\t\t\t<div class='gallery-icon landscape'>\n\t\t\t\t<a href='https:\/\/www.arquimaster.com.ar\/web\/wp-content\/uploads\/2020\/10\/reforma_edificio_vallirana_47_20.jpg' title=\"Reforma de edificio de viviendas Vallirana 47 \/ vora\" data-rl_title=\"Reforma de edificio de viviendas Vallirana 47 \/ vora\" class=\"rl-gallery-link\" data-rl_caption=\"Reforma de edificio de viviendas Vallirana 47 \/ vora\" data-rel=\"lightbox-gallery-1\"><img loading=\"lazy\" decoding=\"async\" width=\"150\" height=\"150\" src=\"https:\/\/www.arquimaster.com.ar\/web\/wp-content\/uploads\/2020\/10\/reforma_edificio_vallirana_47_20-150x150.jpg\" class=\"attachment-thumbnail size-thumbnail\" alt=\"Reforma de edificio de viviendas Vallirana 47 \/ vora\" aria-describedby=\"gallery-1-60311\" \/><\/a>\n\t\t\t<\/div>\n\t\t\t\t<figcaption class='wp-caption-text gallery-caption' id='gallery-1-60311'>\n\t\t\t\tReforma de edificio de viviendas Vallirana 47 \/ vora\n\t\t\t\t<\/figcaption><\/figure>\n\t\t<\/div>\n\n<p>Vallirana 47 es un edificio construido en 1923, bastante an\u00f3nimo y discreto. Su valor no radica en ninguna singularidad, sino en el sentido de continuidad de una \u00e9poca. Ten\u00eda una distribuci\u00f3n convencional de pasillo y estancias peque\u00f1as, poco alterada, e interiores con pavimentos de mosaico hidr\u00e1ulico, molduras de escayola en algunos techos, puertas y ventanas altas y estrechas de madera pintada, persianas de librillo, etc. En algunas de las viviendas a\u00fan hab\u00eda elementos originales que hoy en d\u00eda cuestan de encontrar.<\/p>\n<p>Estimulados por la idea de intervenci\u00f3n de Pontejos (conservaci\u00f3n y preservaci\u00f3n), dimos un paso m\u00e1s all\u00e1 en las estrategias de aprovechamiento y transformaci\u00f3n de preexistencias ensayadas en obras anteriores, llevando la actuaci\u00f3n a un nivel de hibridaci\u00f3n entre lo nuevo y lo viejo al que no hab\u00edamos llegado nunca antes. Actuamos con la identidad del edificio de manera a la vez continuista y disruptiva, con una actitud respetuosa y a la vez l\u00fadica.<\/p>\n<p>El nuevo orden espacial se superpone de forma expresiva al existente, mediante la fricci\u00f3n y el desplazamiento. Pavimentos y techos contienen el orden y jerarqu\u00eda de espacios original, mientras que los tabiques concentran al mismo tiempo parte de esta memoria y tambi\u00e9n lo transformado.<\/p>\n<p>Las nuevas aportaciones materiales se hibridan con lo preexistente en el detalle y el ornamento. Se reciclaron muchos materiales y elementos del propio edificio, que le mantienen la continuidad ambiental. Y todo lo que se a\u00f1adi\u00f3 de nuevo enlaza con esta continuidad desde los aspectos m\u00e1s t\u00e1ctiles a los m\u00e1s abstractos: azulejos esmaltados, aplicaci\u00f3n de patrones gr\u00e1ficos extra\u00eddos de rejas del edificio, papeles de pared, etc. En esta aproximaci\u00f3n sensorial se incorpor\u00f3 tambi\u00e9n la estratificaci\u00f3n de calidades que caracteriza los edificios de viviendas de aquella \u00e9poca, concretamente en el detalle de algunos revestimientos y elementos.<\/p>\n<p>En definitiva, construimos una densidad de capas de percepci\u00f3n e informaci\u00f3n en los interiores, que aporta complejidad y vibraci\u00f3n. Vibraci\u00f3n con significado para quien quiera interpretarlo, que a la vez genera un confort visual deliberadamente alejado de las superficies lisas y an\u00f3nimas, para que los futuros inquilinos se sientan como en casa desde el primer d\u00eda.<\/p>\n<p><strong>Ficha t\u00e9cnica<\/strong><br \/>Ubicaci\u00f3n: Calle Vallirana 47, Barcelona<br \/>Arquitectos: vora (Pere Buil, Toni Riba)<br \/>Equipo: Alex Etxeberria, Quim Olea, Lorenz Kraut, Pol Bosch, Veronika Halo<br \/>Estructura: Eskubi-Turr\u00f3 Arquitectes<br \/>Instalaciones: Quadrifoli<br \/>Mediciones y presupuestos: Gerard Codina<br \/>Gesti\u00f3n Integral: Gerard Codina<br \/>Constructor: Metric Integra<br \/>Promotor: Pontejos. Conservaci\u00f3n y Preservaci\u00f3n<br \/>Superficie: 490 m2<br \/>Proyecto: 2017<br \/>Obra: 2017-2019<br \/>Fotos: Adri\u00e0 Goula<\/p>\n<p><strong>Contacto<\/strong><br \/><a href=\"http:\/\/www.vora.cat\" target=\"_blank\" rel=\"noopener noreferrer\">http:\/\/www.vora.cat<\/a><\/p>\n<p><strong>Sobre vora<\/strong><br \/>vora es un estudio de arquitectura en funcionamiento en Barcelona desde el a\u00f1o 2000. Lo encabezan Pere Buil y Toni Riba, ambos graduados en la ETSAB el a\u00f1o 2000. Combinan el trabajo de producci\u00f3n arquitect\u00f3nica con la docencia, el comisariado y la acci\u00f3n cultural. El estudio es conocido por su trabajo a distintas escalas: desde la redefinici\u00f3n de espacios p\u00fablicos, algunos de ellos de importante valor simb\u00f3lico, hasta peque\u00f1os espacios privados. Sus intervenciones comparten una sensibilidad por los rastros materiales del pasado como punto de partida para generar una narrativa proyectual propia, que emerge necesariamente compleja y enriquecida por las distintas capas de interpretaci\u00f3n. Las memorias del lugar y tambi\u00e9n de los usos, colectivas o individuales, son tomadas como herramientas en el proceso de dise\u00f1o. Su trabajo ha sido publicado en m\u00faltiples revistas de inter\u00e9s local e internacional, y ha recibido numerosos reconocimientos, entre los que cabe destacar algunos como el Premio Frame 2020, Premio Archmarathon 2014, Premio Ciudad de Barcelona 2013, Premio Ajac 2012, Premio Arquitectura Plus 2011, Premio Bonaplata 2007, y honores y selecciones en varias ediciones delos Premios FAD, ENOR, Bigmat, The Plan, Arquia Pr\u00f3xima, Premio Eurpeo de intervenci\u00f3n en el Patrimonio, Bienal Espa\u00f1ola de Arquitectura, Bienal Internacional de Paisaje. Su trabajo ha sido objeto de exposici\u00f3n monogr\u00e1fica \u00abShared Identities\u00bb en la galer\u00eda Kolektiv de Belgrado en 2018, y expuesto en la Bienal de Arquitectura de Venecia en las ediciones 2014 y 2016, en el Pabell\u00f3n de Espa\u00f1a i en el de Catalu\u00f1a. Recientemente tambi\u00e9n ha formado parte de las exposiciones \u00abOpen Space Connection 2016. \u00c1rea Metropolitana de Barcelona-Metr\u00f3poli L\u00e9manique\u00bb en Lausanne y Barcelona, \u00abArquitecturas en el paisaje. Catalu\u00f1a 2000-2017\u00bb, exposici\u00f3n itinerante en distintas sedes de Catalunya, y en m\u00faltiples ediciones de la Bienal Internacional del Paisaje.<\/p>\n\n\n<div style=\"height:20px\" aria-hidden=\"true\" class=\"wp-block-spacer\"><\/div>\n\n\n<p><em><strong>English version<\/strong><\/em><\/p>\n<p><em><strong>Vallirana 47<\/strong><\/em><br><em>Hybrid superposition<\/em><br><em>Barcelona, Spain<\/em><br><em>vora<\/em><\/p>\n<p><em>Refurbishment of a small housing building in Barcelona<\/em><\/p>\n<p><em>Vallirana 47 was recently awarded \u00abbest small apartment of the year\u00bb at the Frame Awards 2020. The project received previously several recognitions such as honorable mention at the Tile of Spain Award 2019, finalist at the Arquitectura Plus awards 2019 and Surface Design awards 2020; and was selected at Fad awards 2019, The Plan awards 2019, Catalunya Construcci\u00f3 Award 2019 and Dezeen Awards 2019.<\/em><\/p>\n<p><em>Vallirana 47 is a sensible refurbishment of a small housing building between party walls in Barcelona, designed by vora and finished in 2019.<\/em><\/p>\n<p><em>Vallirana 47 is a quite anonymous and discreet building. Its value doesn&#8217;t lie within any singular identity, but in the sense of continuity of an epoch. The work consists of the refurbishment of 5 of the 6 dwellings in the building, and the common spaces.<\/em><\/p>\n<p><em>Aroused by the way of thinking of the client \u00abPontejos (conservation and preservation)\u00bb, the architects brought the project to a high level of hybridization between the new and the old, to which they had never achieved before. They worked with the identity of the building in a way that is both continuous and disruptive, with a respectful and at the same time playful attitude.<\/em><\/p>\n<p><em>The new spatial arrangement is superimposed to the existing one in an expressive way, through friction and displacement. Pavements and ceilings incorporate the order and hierarchy of the original spaces, while the partitions express, at the same time, part of this memory, as well as the transformations made.<\/em><\/p>\n<p><em>The intervention, in a material approach, tries to hybridize with the pre-existing. Many materials and elements of the building were reused, which maintain the atmospheric continuity. Everything that was added, links with this continuity, from the most tactile aspects to the most abstract ones: glazed tiles, application of graphic patterns extracted from the building&#8217;s grids, wall papers, etc. In this sensory approach, it was also incorporated the stratification of qualities that characterized the residential buildings of that time, specifically in the detail of some coatings and elements.<\/em><\/p>\n<p><em>Finally, the architects built a density of layers of perception and information in the interiors, which provides complexity and vibration. Meaningful vibration for those who want to interpret it, which at the same time generates visual comfort, deliberately away from the smooth and anonymous surfaces, so the future tenants will feel at home from the very first day.<\/em><\/p>\n<p><em><strong>About vora<\/strong><\/em><br><em>vora is an architecture studio founded in 2000 by Pere Buil and Toni Riba, both graduated at Barcelona School of Architecture (ETSAB) in 2000. They combine their design and construction activity with teaching, curating and cultural activism.<\/em><\/p>\n<p><em>They are known for their work on different scales: from redefinition of public spaces, some of them with an important symbolic value, to small private enclosures. All the interventions share the sensibility for the material traces of the past as the starting point for the generation of project\u2019s narrative, which emerges necessarily complex and enriched by the different interpretative layers. Memory of the place as well as the memory of the use, collective or individual, are used as tools in the design process.<\/em><\/p>\n<p><em>Their work has been published in different magazines of local and international importance and has been recognized in many occasions: Frame Awards 2020, Archmarathon award 2014, City of Barcelona award 2013, AJAC 2012, Arquitectura + 2011, Bonaplata 2007. Their designs were also finalists and shortlisted in several editions of FAD awards, ENOR, Spanish Architecture Biennale (BEAU), European Biennial of Landscape Architecture, Bigmat awards, The Plan awards and Arquia\/Pr\u00f3xima.<\/em><\/p>\n<p><em>They had the first solo exhibition \u00abShared Identities\u00bb in 2018 at the Kolektiv Gallery, in Belgrade. Their work has also been exhibited in 2014 and 2016 in the Catalan and Spanish pavilions at the Venice Biennale of Architecture.<\/em><\/p>\n<div style=\"font-size: 0px; height: 0px; line-height: 0px; margin: 0; padding: 0; clear: both;\"><\/div><div style=\"margin-top: 0px; margin-bottom: 0px;\" class=\"sharethis-inline-share-buttons\" ><\/div>","protected":false},"excerpt":{"rendered":"<p>Las nuevas aportaciones materiales se hibridan con lo preexistente en el detalle&#8230;<\/p>\n","protected":false},"author":1,"featured_media":60312,"comment_status":"closed","ping_status":"closed","sticky":false,"template":"","format":"standard","meta":{"_uag_custom_page_level_css":"","footnotes":""},"categories":[80,1,82],"tags":[679,87,104,6572,6485,1043,6573,91,6571],"class_list":["post-60291","post","type-post","status-publish","format-standard","has-post-thumbnail","hentry","category-edificio-viviendas","category-proyecto","category-rehabilitaciones","tag-barcelona","tag-edificio-de-viviendas","tag-espana","tag-pere-buil","tag-reforma-de-apartamento","tag-reforma-de-vivienda","tag-toni-riba","tag-vivienda-multifamiliar","tag-vora","generate-columns","tablet-grid-50","mobile-grid-100","grid-parent","grid-50"],"yoast_head":"<!-- This site is optimized with the Yoast SEO plugin v27.3 - https:\/\/yoast.com\/product\/yoast-seo-wordpress\/ -->\n<title>Reforma de edificio de viviendas Vallirana 47 \/ vora - Arquimaster<\/title>\n<meta name=\"description\" content=\"Las nuevas aportaciones materiales se hibridan con lo preexistente en el detalle y el ornamento.\" \/>\n<meta name=\"robots\" content=\"index, follow, max-snippet:-1, max-image-preview:large, max-video-preview:-1\" \/>\n<link rel=\"canonical\" href=\"https:\/\/www.arquimaster.com.ar\/web\/reforma-de-edificio-de-viviendas-vallirana-47-vora\/\" \/>\n<meta property=\"og:locale\" content=\"es_ES\" \/>\n<meta property=\"og:type\" content=\"article\" \/>\n<meta property=\"og:title\" content=\"Reforma de edificio de viviendas Vallirana 47 \/ vora\" \/>\n<meta property=\"og:description\" content=\"Las nuevas aportaciones materiales se hibridan con lo preexistente en el detalle y el ornamento.\" \/>\n<meta property=\"og:url\" content=\"https:\/\/www.arquimaster.com.ar\/web\/reforma-de-edificio-de-viviendas-vallirana-47-vora\/\" \/>\n<meta property=\"og:site_name\" content=\"Arquimaster\" \/>\n<meta property=\"article:publisher\" content=\"http:\/\/www.facebook.com\/ARQUIMASTER.com.ar\" \/>\n<meta property=\"article:published_time\" content=\"2020-10-22T17:30:09+00:00\" \/>\n<meta property=\"article:modified_time\" content=\"2020-10-29T18:32:53+00:00\" \/>\n<meta property=\"og:image\" content=\"https:\/\/www.arquimaster.com.ar\/web\/wp-content\/uploads\/2020\/10\/reforma_edificio_vallirana_47_slide.jpg\" \/>\n\t<meta property=\"og:image:width\" content=\"698\" \/>\n\t<meta property=\"og:image:height\" content=\"364\" \/>\n\t<meta property=\"og:image:type\" content=\"image\/jpeg\" \/>\n<meta name=\"author\" content=\"Arquimaster\" \/>\n<meta name=\"twitter:card\" content=\"summary_large_image\" \/>\n<meta name=\"twitter:title\" content=\"Reforma de edificio de viviendas Vallirana 47 \/ vora\" \/>\n<meta name=\"twitter:description\" content=\"Las nuevas aportaciones materiales se hibridan con lo preexistente en el detalle y el ornamento.\" \/>\n<meta name=\"twitter:image\" content=\"https:\/\/www.arquimaster.com.ar\/web\/wp-content\/uploads\/2020\/10\/reforma_edificio_vallirana_47_slide.jpg\" \/>\n<meta name=\"twitter:creator\" content=\"@arquimaster\" \/>\n<meta name=\"twitter:site\" content=\"@arquimaster\" \/>\n<meta name=\"twitter:label1\" content=\"Escrito por\" \/>\n\t<meta name=\"twitter:data1\" content=\"Arquimaster\" \/>\n\t<meta name=\"twitter:label2\" content=\"Tiempo de lectura\" \/>\n\t<meta name=\"twitter:data2\" content=\"7 minutos\" \/>\n<script type=\"application\/ld+json\" class=\"yoast-schema-graph\">{\"@context\":\"https:\\\/\\\/schema.org\",\"@graph\":[{\"@type\":\"Article\",\"@id\":\"https:\\\/\\\/www.arquimaster.com.ar\\\/web\\\/reforma-de-edificio-de-viviendas-vallirana-47-vora\\\/#article\",\"isPartOf\":{\"@id\":\"https:\\\/\\\/www.arquimaster.com.ar\\\/web\\\/reforma-de-edificio-de-viviendas-vallirana-47-vora\\\/\"},\"author\":{\"name\":\"Arquimaster\",\"@id\":\"https:\\\/\\\/www.arquimaster.com.ar\\\/web\\\/#\\\/schema\\\/person\\\/359e9f7c00193fcde068e0dd2ceb0028\"},\"headline\":\"Reforma de edificio de viviendas Vallirana 47 \\\/ vora\",\"datePublished\":\"2020-10-22T17:30:09+00:00\",\"dateModified\":\"2020-10-29T18:32:53+00:00\",\"mainEntityOfPage\":{\"@id\":\"https:\\\/\\\/www.arquimaster.com.ar\\\/web\\\/reforma-de-edificio-de-viviendas-vallirana-47-vora\\\/\"},\"wordCount\":1458,\"publisher\":{\"@id\":\"https:\\\/\\\/www.arquimaster.com.ar\\\/web\\\/#organization\"},\"image\":{\"@id\":\"https:\\\/\\\/www.arquimaster.com.ar\\\/web\\\/reforma-de-edificio-de-viviendas-vallirana-47-vora\\\/#primaryimage\"},\"thumbnailUrl\":\"https:\\\/\\\/www.arquimaster.com.ar\\\/web\\\/wp-content\\\/uploads\\\/2020\\\/10\\\/reforma_edificio_vallirana_47_slide.jpg\",\"keywords\":[\"Barcelona\",\"edificio de viviendas\",\"Espa\u00f1a\",\"Pere Buil\",\"reforma de apartamento\",\"reforma de vivienda\",\"Toni Riba\",\"vivienda multifamiliar\",\"vora\"],\"articleSection\":[\"Edificios de viviendas\",\"Proyecto\",\"Rehabilitaciones y ampliaciones\"],\"inLanguage\":\"es\"},{\"@type\":\"WebPage\",\"@id\":\"https:\\\/\\\/www.arquimaster.com.ar\\\/web\\\/reforma-de-edificio-de-viviendas-vallirana-47-vora\\\/\",\"url\":\"https:\\\/\\\/www.arquimaster.com.ar\\\/web\\\/reforma-de-edificio-de-viviendas-vallirana-47-vora\\\/\",\"name\":\"Reforma de edificio de viviendas Vallirana 47 \\\/ vora - Arquimaster\",\"isPartOf\":{\"@id\":\"https:\\\/\\\/www.arquimaster.com.ar\\\/web\\\/#website\"},\"primaryImageOfPage\":{\"@id\":\"https:\\\/\\\/www.arquimaster.com.ar\\\/web\\\/reforma-de-edificio-de-viviendas-vallirana-47-vora\\\/#primaryimage\"},\"image\":{\"@id\":\"https:\\\/\\\/www.arquimaster.com.ar\\\/web\\\/reforma-de-edificio-de-viviendas-vallirana-47-vora\\\/#primaryimage\"},\"thumbnailUrl\":\"https:\\\/\\\/www.arquimaster.com.ar\\\/web\\\/wp-content\\\/uploads\\\/2020\\\/10\\\/reforma_edificio_vallirana_47_slide.jpg\",\"datePublished\":\"2020-10-22T17:30:09+00:00\",\"dateModified\":\"2020-10-29T18:32:53+00:00\",\"description\":\"Las nuevas aportaciones materiales se hibridan con lo preexistente en el detalle y el ornamento.\",\"breadcrumb\":{\"@id\":\"https:\\\/\\\/www.arquimaster.com.ar\\\/web\\\/reforma-de-edificio-de-viviendas-vallirana-47-vora\\\/#breadcrumb\"},\"inLanguage\":\"es\",\"potentialAction\":[{\"@type\":\"ReadAction\",\"target\":[\"https:\\\/\\\/www.arquimaster.com.ar\\\/web\\\/reforma-de-edificio-de-viviendas-vallirana-47-vora\\\/\"]}]},{\"@type\":\"ImageObject\",\"inLanguage\":\"es\",\"@id\":\"https:\\\/\\\/www.arquimaster.com.ar\\\/web\\\/reforma-de-edificio-de-viviendas-vallirana-47-vora\\\/#primaryimage\",\"url\":\"https:\\\/\\\/www.arquimaster.com.ar\\\/web\\\/wp-content\\\/uploads\\\/2020\\\/10\\\/reforma_edificio_vallirana_47_slide.jpg\",\"contentUrl\":\"https:\\\/\\\/www.arquimaster.com.ar\\\/web\\\/wp-content\\\/uploads\\\/2020\\\/10\\\/reforma_edificio_vallirana_47_slide.jpg\",\"width\":698,\"height\":364,\"caption\":\"Reforma de edificio de viviendas Vallirana 47 \\\/ vora\"},{\"@type\":\"BreadcrumbList\",\"@id\":\"https:\\\/\\\/www.arquimaster.com.ar\\\/web\\\/reforma-de-edificio-de-viviendas-vallirana-47-vora\\\/#breadcrumb\",\"itemListElement\":[{\"@type\":\"ListItem\",\"position\":1,\"name\":\"Portada\",\"item\":\"https:\\\/\\\/www.arquimaster.com.ar\\\/web\\\/\"},{\"@type\":\"ListItem\",\"position\":2,\"name\":\"Reforma de edificio de viviendas Vallirana 47 \\\/ vora\"}]},{\"@type\":\"WebSite\",\"@id\":\"https:\\\/\\\/www.arquimaster.com.ar\\\/web\\\/#website\",\"url\":\"https:\\\/\\\/www.arquimaster.com.ar\\\/web\\\/\",\"name\":\"Arquimaster\",\"description\":\"Web de arquitectura, dise\u00f1o y construccion\",\"publisher\":{\"@id\":\"https:\\\/\\\/www.arquimaster.com.ar\\\/web\\\/#organization\"},\"potentialAction\":[{\"@type\":\"SearchAction\",\"target\":{\"@type\":\"EntryPoint\",\"urlTemplate\":\"https:\\\/\\\/www.arquimaster.com.ar\\\/web\\\/?s={search_term_string}\"},\"query-input\":{\"@type\":\"PropertyValueSpecification\",\"valueRequired\":true,\"valueName\":\"search_term_string\"}}],\"inLanguage\":\"es\"},{\"@type\":\"Organization\",\"@id\":\"https:\\\/\\\/www.arquimaster.com.ar\\\/web\\\/#organization\",\"name\":\"Arquimaster\",\"url\":\"https:\\\/\\\/www.arquimaster.com.ar\\\/web\\\/\",\"logo\":{\"@type\":\"ImageObject\",\"inLanguage\":\"es\",\"@id\":\"https:\\\/\\\/www.arquimaster.com.ar\\\/web\\\/#\\\/schema\\\/logo\\\/image\\\/\",\"url\":\"https:\\\/\\\/www.arquimaster.com.ar\\\/web\\\/wp-content\\\/uploads\\\/2022\\\/06\\\/arquimaster.png\",\"contentUrl\":\"https:\\\/\\\/www.arquimaster.com.ar\\\/web\\\/wp-content\\\/uploads\\\/2022\\\/06\\\/arquimaster.png\",\"width\":594,\"height\":78,\"caption\":\"Arquimaster\"},\"image\":{\"@id\":\"https:\\\/\\\/www.arquimaster.com.ar\\\/web\\\/#\\\/schema\\\/logo\\\/image\\\/\"},\"sameAs\":[\"http:\\\/\\\/www.facebook.com\\\/ARQUIMASTER.com.ar\",\"https:\\\/\\\/x.com\\\/arquimaster\",\"https:\\\/\\\/www.instagram.com\\\/arquimasterblog\\\/\",\"https:\\\/\\\/www.linkedin.com\\\/company\\\/arquimaster\",\"https:\\\/\\\/www.pinterest.com\\\/arquimaster\",\"https:\\\/\\\/t.me\\\/arquimaster\"]},{\"@type\":\"Person\",\"@id\":\"https:\\\/\\\/www.arquimaster.com.ar\\\/web\\\/#\\\/schema\\\/person\\\/359e9f7c00193fcde068e0dd2ceb0028\",\"name\":\"Arquimaster\"}]}<\/script>\n<!-- \/ Yoast SEO plugin. -->","yoast_head_json":{"title":"Reforma de edificio de viviendas Vallirana 47 \/ vora - Arquimaster","description":"Las nuevas aportaciones materiales se hibridan con lo preexistente en el detalle y el ornamento.","robots":{"index":"index","follow":"follow","max-snippet":"max-snippet:-1","max-image-preview":"max-image-preview:large","max-video-preview":"max-video-preview:-1"},"canonical":"https:\/\/www.arquimaster.com.ar\/web\/reforma-de-edificio-de-viviendas-vallirana-47-vora\/","og_locale":"es_ES","og_type":"article","og_title":"Reforma de edificio de viviendas Vallirana 47 \/ vora","og_description":"Las nuevas aportaciones materiales se hibridan con lo preexistente en el detalle y el ornamento.","og_url":"https:\/\/www.arquimaster.com.ar\/web\/reforma-de-edificio-de-viviendas-vallirana-47-vora\/","og_site_name":"Arquimaster","article_publisher":"http:\/\/www.facebook.com\/ARQUIMASTER.com.ar","article_published_time":"2020-10-22T17:30:09+00:00","article_modified_time":"2020-10-29T18:32:53+00:00","og_image":[{"width":698,"height":364,"url":"https:\/\/www.arquimaster.com.ar\/web\/wp-content\/uploads\/2020\/10\/reforma_edificio_vallirana_47_slide.jpg","type":"image\/jpeg"}],"author":"Arquimaster","twitter_card":"summary_large_image","twitter_title":"Reforma de edificio de viviendas Vallirana 47 \/ vora","twitter_description":"Las nuevas aportaciones materiales se hibridan con lo preexistente en el detalle y el ornamento.","twitter_image":"https:\/\/www.arquimaster.com.ar\/web\/wp-content\/uploads\/2020\/10\/reforma_edificio_vallirana_47_slide.jpg","twitter_creator":"@arquimaster","twitter_site":"@arquimaster","twitter_misc":{"Escrito por":"Arquimaster","Tiempo de lectura":"7 minutos"},"schema":{"@context":"https:\/\/schema.org","@graph":[{"@type":"Article","@id":"https:\/\/www.arquimaster.com.ar\/web\/reforma-de-edificio-de-viviendas-vallirana-47-vora\/#article","isPartOf":{"@id":"https:\/\/www.arquimaster.com.ar\/web\/reforma-de-edificio-de-viviendas-vallirana-47-vora\/"},"author":{"name":"Arquimaster","@id":"https:\/\/www.arquimaster.com.ar\/web\/#\/schema\/person\/359e9f7c00193fcde068e0dd2ceb0028"},"headline":"Reforma de edificio de viviendas Vallirana 47 \/ vora","datePublished":"2020-10-22T17:30:09+00:00","dateModified":"2020-10-29T18:32:53+00:00","mainEntityOfPage":{"@id":"https:\/\/www.arquimaster.com.ar\/web\/reforma-de-edificio-de-viviendas-vallirana-47-vora\/"},"wordCount":1458,"publisher":{"@id":"https:\/\/www.arquimaster.com.ar\/web\/#organization"},"image":{"@id":"https:\/\/www.arquimaster.com.ar\/web\/reforma-de-edificio-de-viviendas-vallirana-47-vora\/#primaryimage"},"thumbnailUrl":"https:\/\/www.arquimaster.com.ar\/web\/wp-content\/uploads\/2020\/10\/reforma_edificio_vallirana_47_slide.jpg","keywords":["Barcelona","edificio de viviendas","Espa\u00f1a","Pere Buil","reforma de apartamento","reforma de vivienda","Toni Riba","vivienda multifamiliar","vora"],"articleSection":["Edificios de viviendas","Proyecto","Rehabilitaciones y ampliaciones"],"inLanguage":"es"},{"@type":"WebPage","@id":"https:\/\/www.arquimaster.com.ar\/web\/reforma-de-edificio-de-viviendas-vallirana-47-vora\/","url":"https:\/\/www.arquimaster.com.ar\/web\/reforma-de-edificio-de-viviendas-vallirana-47-vora\/","name":"Reforma de edificio de viviendas Vallirana 47 \/ vora - Arquimaster","isPartOf":{"@id":"https:\/\/www.arquimaster.com.ar\/web\/#website"},"primaryImageOfPage":{"@id":"https:\/\/www.arquimaster.com.ar\/web\/reforma-de-edificio-de-viviendas-vallirana-47-vora\/#primaryimage"},"image":{"@id":"https:\/\/www.arquimaster.com.ar\/web\/reforma-de-edificio-de-viviendas-vallirana-47-vora\/#primaryimage"},"thumbnailUrl":"https:\/\/www.arquimaster.com.ar\/web\/wp-content\/uploads\/2020\/10\/reforma_edificio_vallirana_47_slide.jpg","datePublished":"2020-10-22T17:30:09+00:00","dateModified":"2020-10-29T18:32:53+00:00","description":"Las nuevas aportaciones materiales se hibridan con lo preexistente en el detalle y el ornamento.","breadcrumb":{"@id":"https:\/\/www.arquimaster.com.ar\/web\/reforma-de-edificio-de-viviendas-vallirana-47-vora\/#breadcrumb"},"inLanguage":"es","potentialAction":[{"@type":"ReadAction","target":["https:\/\/www.arquimaster.com.ar\/web\/reforma-de-edificio-de-viviendas-vallirana-47-vora\/"]}]},{"@type":"ImageObject","inLanguage":"es","@id":"https:\/\/www.arquimaster.com.ar\/web\/reforma-de-edificio-de-viviendas-vallirana-47-vora\/#primaryimage","url":"https:\/\/www.arquimaster.com.ar\/web\/wp-content\/uploads\/2020\/10\/reforma_edificio_vallirana_47_slide.jpg","contentUrl":"https:\/\/www.arquimaster.com.ar\/web\/wp-content\/uploads\/2020\/10\/reforma_edificio_vallirana_47_slide.jpg","width":698,"height":364,"caption":"Reforma de edificio de viviendas Vallirana 47 \/ vora"},{"@type":"BreadcrumbList","@id":"https:\/\/www.arquimaster.com.ar\/web\/reforma-de-edificio-de-viviendas-vallirana-47-vora\/#breadcrumb","itemListElement":[{"@type":"ListItem","position":1,"name":"Portada","item":"https:\/\/www.arquimaster.com.ar\/web\/"},{"@type":"ListItem","position":2,"name":"Reforma de edificio de viviendas Vallirana 47 \/ vora"}]},{"@type":"WebSite","@id":"https:\/\/www.arquimaster.com.ar\/web\/#website","url":"https:\/\/www.arquimaster.com.ar\/web\/","name":"Arquimaster","description":"Web de arquitectura, dise\u00f1o y construccion","publisher":{"@id":"https:\/\/www.arquimaster.com.ar\/web\/#organization"},"potentialAction":[{"@type":"SearchAction","target":{"@type":"EntryPoint","urlTemplate":"https:\/\/www.arquimaster.com.ar\/web\/?s={search_term_string}"},"query-input":{"@type":"PropertyValueSpecification","valueRequired":true,"valueName":"search_term_string"}}],"inLanguage":"es"},{"@type":"Organization","@id":"https:\/\/www.arquimaster.com.ar\/web\/#organization","name":"Arquimaster","url":"https:\/\/www.arquimaster.com.ar\/web\/","logo":{"@type":"ImageObject","inLanguage":"es","@id":"https:\/\/www.arquimaster.com.ar\/web\/#\/schema\/logo\/image\/","url":"https:\/\/www.arquimaster.com.ar\/web\/wp-content\/uploads\/2022\/06\/arquimaster.png","contentUrl":"https:\/\/www.arquimaster.com.ar\/web\/wp-content\/uploads\/2022\/06\/arquimaster.png","width":594,"height":78,"caption":"Arquimaster"},"image":{"@id":"https:\/\/www.arquimaster.com.ar\/web\/#\/schema\/logo\/image\/"},"sameAs":["http:\/\/www.facebook.com\/ARQUIMASTER.com.ar","https:\/\/x.com\/arquimaster","https:\/\/www.instagram.com\/arquimasterblog\/","https:\/\/www.linkedin.com\/company\/arquimaster","https:\/\/www.pinterest.com\/arquimaster","https:\/\/t.me\/arquimaster"]},{"@type":"Person","@id":"https:\/\/www.arquimaster.com.ar\/web\/#\/schema\/person\/359e9f7c00193fcde068e0dd2ceb0028","name":"Arquimaster"}]}},"uagb_featured_image_src":{"full":["https:\/\/www.arquimaster.com.ar\/web\/wp-content\/uploads\/2020\/10\/reforma_edificio_vallirana_47_slide.jpg",698,364,false],"thumbnail":["https:\/\/www.arquimaster.com.ar\/web\/wp-content\/uploads\/2020\/10\/reforma_edificio_vallirana_47_slide-150x150.jpg",150,150,true],"medium":["https:\/\/www.arquimaster.com.ar\/web\/wp-content\/uploads\/2020\/10\/reforma_edificio_vallirana_47_slide.jpg",698,364,false],"medium_large":["https:\/\/www.arquimaster.com.ar\/web\/wp-content\/uploads\/2020\/10\/reforma_edificio_vallirana_47_slide.jpg",698,364,false],"large":["https:\/\/www.arquimaster.com.ar\/web\/wp-content\/uploads\/2020\/10\/reforma_edificio_vallirana_47_slide.jpg",698,364,false],"1536x1536":["https:\/\/www.arquimaster.com.ar\/web\/wp-content\/uploads\/2020\/10\/reforma_edificio_vallirana_47_slide.jpg",698,364,false],"2048x2048":["https:\/\/www.arquimaster.com.ar\/web\/wp-content\/uploads\/2020\/10\/reforma_edificio_vallirana_47_slide.jpg",698,364,false]},"uagb_author_info":{"display_name":"Arquimaster","author_link":"https:\/\/www.arquimaster.com.ar\/web\/author\/arquimaster\/"},"uagb_comment_info":0,"uagb_excerpt":"Las nuevas aportaciones materiales se hibridan con lo preexistente en el detalle...","_links":{"self":[{"href":"https:\/\/www.arquimaster.com.ar\/web\/wp-json\/wp\/v2\/posts\/60291","targetHints":{"allow":["GET"]}}],"collection":[{"href":"https:\/\/www.arquimaster.com.ar\/web\/wp-json\/wp\/v2\/posts"}],"about":[{"href":"https:\/\/www.arquimaster.com.ar\/web\/wp-json\/wp\/v2\/types\/post"}],"author":[{"embeddable":true,"href":"https:\/\/www.arquimaster.com.ar\/web\/wp-json\/wp\/v2\/users\/1"}],"replies":[{"embeddable":true,"href":"https:\/\/www.arquimaster.com.ar\/web\/wp-json\/wp\/v2\/comments?post=60291"}],"version-history":[{"count":2,"href":"https:\/\/www.arquimaster.com.ar\/web\/wp-json\/wp\/v2\/posts\/60291\/revisions"}],"predecessor-version":[{"id":60314,"href":"https:\/\/www.arquimaster.com.ar\/web\/wp-json\/wp\/v2\/posts\/60291\/revisions\/60314"}],"wp:featuredmedia":[{"embeddable":true,"href":"https:\/\/www.arquimaster.com.ar\/web\/wp-json\/wp\/v2\/media\/60312"}],"wp:attachment":[{"href":"https:\/\/www.arquimaster.com.ar\/web\/wp-json\/wp\/v2\/media?parent=60291"}],"wp:term":[{"taxonomy":"category","embeddable":true,"href":"https:\/\/www.arquimaster.com.ar\/web\/wp-json\/wp\/v2\/categories?post=60291"},{"taxonomy":"post_tag","embeddable":true,"href":"https:\/\/www.arquimaster.com.ar\/web\/wp-json\/wp\/v2\/tags?post=60291"}],"curies":[{"name":"wp","href":"https:\/\/api.w.org\/{rel}","templated":true}]}}