{"id":60348,"date":"2020-10-29T11:54:47","date_gmt":"2020-10-29T14:54:47","guid":{"rendered":"https:\/\/www.arquimaster.com.ar\/web\/?p=60348"},"modified":"2022-02-23T14:42:56","modified_gmt":"2022-02-23T17:42:56","slug":"archivos-del-departamento-de-los-altos-pirineos-idom","status":"publish","type":"post","link":"https:\/\/www.arquimaster.com.ar\/web\/archivos-del-departamento-de-los-altos-pirineos-idom\/","title":{"rendered":"Archivos del Departamento de los Altos Pirineos \/ IDOM"},"content":{"rendered":"<div style=\"margin-top: 0px; margin-bottom: 0px;\" class=\"sharethis-inline-share-buttons\" ><\/div><div class=\"b812932af2e751442846f039925109de\" data-index=\"1\" style=\"float: none; margin:25px 0 25px 0; text-align:center;\">\n<script async src=\"https:\/\/pagead2.googlesyndication.com\/pagead\/js\/adsbygoogle.js\"><\/script>\r\n<!-- Arquimaster (superior) -->\r\n<ins class=\"adsbygoogle\"\r\n     style=\"display:block\"\r\n     data-ad-client=\"ca-pub-6351072698456832\"\r\n     data-ad-slot=\"6455489680\"\r\n     data-ad-format=\"auto\"\r\n     data-full-width-responsive=\"true\"><\/ins>\r\n<script>\r\n     (adsbygoogle = window.adsbygoogle || []).push({});\r\n<\/script>\n<\/div>\n<p><strong>Archivos del Departamento de los Altos Pirineos<\/strong> (Tarbes, Francia) por <strong>IDOM<\/strong>. La propuesta recupera el m\u00e1ximo posible del interesante edificio prexistente, a\u00f1adiendo una ampliaci\u00f3n que tiene como objetivo mantener el esp\u00edritu del original dotando al conjunto de una vocaci\u00f3n a\u00fan m\u00e1s publica y representativa.<\/p>\n<div id='gallery-1' class='gallery galleryid-60348 gallery-columns-3 gallery-size-thumbnail'><figure class='gallery-item'>\n\t\t\t<div class='gallery-icon landscape'>\n\t\t\t\t<a href='https:\/\/www.arquimaster.com.ar\/web\/wp-content\/uploads\/2020\/10\/archivos_altos_pirineos1.jpg' title=\"Archivos del Departamento de los Altos Pirineos \/ Idom\" data-rl_title=\"Archivos del Departamento de los Altos Pirineos \/ Idom\" class=\"rl-gallery-link\" data-rl_caption=\"Archivos del Departamento de los Altos Pirineos \/ Idom\" data-rel=\"lightbox-gallery-1\"><img loading=\"lazy\" decoding=\"async\" width=\"150\" height=\"150\" src=\"https:\/\/www.arquimaster.com.ar\/web\/wp-content\/uploads\/2020\/10\/archivos_altos_pirineos1-150x150.jpg\" class=\"attachment-thumbnail size-thumbnail\" alt=\"Archivos del Departamento de los Altos Pirineos \/ Idom\" aria-describedby=\"gallery-1-60350\" \/><\/a>\n\t\t\t<\/div>\n\t\t\t\t<figcaption class='wp-caption-text gallery-caption' id='gallery-1-60350'>\n\t\t\t\tArchivos del Departamento de los Altos Pirineos \/ Idom\n\t\t\t\t<\/figcaption><\/figure><figure class='gallery-item'>\n\t\t\t<div class='gallery-icon landscape'>\n\t\t\t\t<a href='https:\/\/www.arquimaster.com.ar\/web\/wp-content\/uploads\/2020\/10\/archivos_altos_pirineos2.jpg' title=\"Archivos del Departamento de los Altos Pirineos \/ Idom\" data-rl_title=\"Archivos del Departamento de los Altos Pirineos \/ Idom\" class=\"rl-gallery-link\" data-rl_caption=\"Archivos del Departamento de los Altos Pirineos \/ Idom\" data-rel=\"lightbox-gallery-1\"><img loading=\"lazy\" decoding=\"async\" width=\"150\" height=\"150\" src=\"https:\/\/www.arquimaster.com.ar\/web\/wp-content\/uploads\/2020\/10\/archivos_altos_pirineos2-150x150.jpg\" class=\"attachment-thumbnail size-thumbnail\" alt=\"Archivos del Departamento de los Altos Pirineos \/ Idom\" aria-describedby=\"gallery-1-60351\" \/><\/a>\n\t\t\t<\/div>\n\t\t\t\t<figcaption class='wp-caption-text gallery-caption' id='gallery-1-60351'>\n\t\t\t\tArchivos del Departamento de los Altos Pirineos \/ Idom\n\t\t\t\t<\/figcaption><\/figure><figure class='gallery-item'>\n\t\t\t<div class='gallery-icon landscape'>\n\t\t\t\t<a href='https:\/\/www.arquimaster.com.ar\/web\/wp-content\/uploads\/2020\/10\/archivos_altos_pirineos3.jpg' title=\"Archivos del Departamento de los Altos Pirineos \/ Idom\" data-rl_title=\"Archivos del Departamento de los Altos Pirineos \/ Idom\" class=\"rl-gallery-link\" data-rl_caption=\"Archivos del Departamento de los Altos Pirineos \/ Idom\" data-rel=\"lightbox-gallery-1\"><img loading=\"lazy\" decoding=\"async\" width=\"150\" height=\"150\" src=\"https:\/\/www.arquimaster.com.ar\/web\/wp-content\/uploads\/2020\/10\/archivos_altos_pirineos3-150x150.jpg\" class=\"attachment-thumbnail size-thumbnail\" alt=\"Archivos del Departamento de los Altos Pirineos \/ Idom\" aria-describedby=\"gallery-1-60352\" \/><\/a>\n\t\t\t<\/div>\n\t\t\t\t<figcaption class='wp-caption-text gallery-caption' id='gallery-1-60352'>\n\t\t\t\tArchivos del Departamento de los Altos Pirineos \/ Idom\n\t\t\t\t<\/figcaption><\/figure><figure class='gallery-item'>\n\t\t\t<div class='gallery-icon landscape'>\n\t\t\t\t<a href='https:\/\/www.arquimaster.com.ar\/web\/wp-content\/uploads\/2020\/10\/archivos_altos_pirineos4.jpg' title=\"Archivos del Departamento de los Altos Pirineos \/ Idom\" data-rl_title=\"Archivos del Departamento de los Altos Pirineos \/ Idom\" class=\"rl-gallery-link\" data-rl_caption=\"Archivos del Departamento de los Altos Pirineos \/ Idom\" data-rel=\"lightbox-gallery-1\"><img loading=\"lazy\" decoding=\"async\" width=\"150\" height=\"150\" src=\"https:\/\/www.arquimaster.com.ar\/web\/wp-content\/uploads\/2020\/10\/archivos_altos_pirineos4-150x150.jpg\" class=\"attachment-thumbnail size-thumbnail\" alt=\"Archivos del Departamento de los Altos Pirineos \/ Idom\" aria-describedby=\"gallery-1-60353\" srcset=\"https:\/\/www.arquimaster.com.ar\/web\/wp-content\/uploads\/2020\/10\/archivos_altos_pirineos4-150x150.jpg 150w, https:\/\/www.arquimaster.com.ar\/web\/wp-content\/uploads\/2020\/10\/archivos_altos_pirineos4-1024x1024.jpg 1024w, https:\/\/www.arquimaster.com.ar\/web\/wp-content\/uploads\/2020\/10\/archivos_altos_pirineos4-768x768.jpg 768w, https:\/\/www.arquimaster.com.ar\/web\/wp-content\/uploads\/2020\/10\/archivos_altos_pirineos4.jpg 1500w\" sizes=\"auto, (max-width: 150px) 100vw, 150px\" \/><\/a>\n\t\t\t<\/div>\n\t\t\t\t<figcaption class='wp-caption-text gallery-caption' id='gallery-1-60353'>\n\t\t\t\tArchivos del Departamento de los Altos Pirineos \/ Idom\n\t\t\t\t<\/figcaption><\/figure><figure class='gallery-item'>\n\t\t\t<div class='gallery-icon portrait'>\n\t\t\t\t<a href='https:\/\/www.arquimaster.com.ar\/web\/wp-content\/uploads\/2020\/10\/archivos_altos_pirineos5.jpg' title=\"Archivos del Departamento de los Altos Pirineos \/ Idom\" data-rl_title=\"Archivos del Departamento de los Altos Pirineos \/ Idom\" class=\"rl-gallery-link\" data-rl_caption=\"Archivos del Departamento de los Altos Pirineos \/ Idom\" data-rel=\"lightbox-gallery-1\"><img loading=\"lazy\" decoding=\"async\" width=\"150\" height=\"150\" src=\"https:\/\/www.arquimaster.com.ar\/web\/wp-content\/uploads\/2020\/10\/archivos_altos_pirineos5-150x150.jpg\" class=\"attachment-thumbnail size-thumbnail\" alt=\"Archivos del Departamento de los Altos Pirineos \/ Idom\" aria-describedby=\"gallery-1-60354\" \/><\/a>\n\t\t\t<\/div>\n\t\t\t\t<figcaption class='wp-caption-text gallery-caption' id='gallery-1-60354'>\n\t\t\t\tArchivos del Departamento de los Altos Pirineos \/ Idom\n\t\t\t\t<\/figcaption><\/figure><figure class='gallery-item'>\n\t\t\t<div class='gallery-icon landscape'>\n\t\t\t\t<a href='https:\/\/www.arquimaster.com.ar\/web\/wp-content\/uploads\/2020\/10\/archivos_altos_pirineos6.jpg' title=\"Archivos del Departamento de los Altos Pirineos \/ Idom\" data-rl_title=\"Archivos del Departamento de los Altos Pirineos \/ Idom\" class=\"rl-gallery-link\" data-rl_caption=\"Archivos del Departamento de los Altos Pirineos \/ Idom\" data-rel=\"lightbox-gallery-1\"><img loading=\"lazy\" decoding=\"async\" width=\"150\" height=\"150\" src=\"https:\/\/www.arquimaster.com.ar\/web\/wp-content\/uploads\/2020\/10\/archivos_altos_pirineos6-150x150.jpg\" class=\"attachment-thumbnail size-thumbnail\" alt=\"Archivos del Departamento de los Altos Pirineos \/ Idom\" aria-describedby=\"gallery-1-60355\" \/><\/a>\n\t\t\t<\/div>\n\t\t\t\t<figcaption class='wp-caption-text gallery-caption' id='gallery-1-60355'>\n\t\t\t\tArchivos del Departamento de los Altos Pirineos \/ Idom\n\t\t\t\t<\/figcaption><\/figure><figure class='gallery-item'>\n\t\t\t<div class='gallery-icon landscape'>\n\t\t\t\t<a href='https:\/\/www.arquimaster.com.ar\/web\/wp-content\/uploads\/2020\/10\/archivos_altos_pirineos7.jpg' title=\"Archivos del Departamento de los Altos Pirineos \/ Idom\" data-rl_title=\"Archivos del Departamento de los Altos Pirineos \/ Idom\" class=\"rl-gallery-link\" data-rl_caption=\"Archivos del Departamento de los Altos Pirineos \/ Idom\" data-rel=\"lightbox-gallery-1\"><img loading=\"lazy\" decoding=\"async\" width=\"150\" height=\"150\" src=\"https:\/\/www.arquimaster.com.ar\/web\/wp-content\/uploads\/2020\/10\/archivos_altos_pirineos7-150x150.jpg\" class=\"attachment-thumbnail size-thumbnail\" alt=\"Archivos del Departamento de los Altos Pirineos \/ Idom\" aria-describedby=\"gallery-1-60356\" \/><\/a>\n\t\t\t<\/div>\n\t\t\t\t<figcaption class='wp-caption-text gallery-caption' id='gallery-1-60356'>\n\t\t\t\tArchivos del Departamento de los Altos Pirineos \/ Idom\n\t\t\t\t<\/figcaption><\/figure><figure class='gallery-item'>\n\t\t\t<div class='gallery-icon portrait'>\n\t\t\t\t<a href='https:\/\/www.arquimaster.com.ar\/web\/wp-content\/uploads\/2020\/10\/archivos_altos_pirineos8.jpg' title=\"Archivos del Departamento de los Altos Pirineos \/ Idom (axonometria)\" data-rl_title=\"Archivos del Departamento de los Altos Pirineos \/ Idom (axonometria)\" class=\"rl-gallery-link\" data-rl_caption=\"Archivos del Departamento de los Altos Pirineos \/ Idom (axonometria)\" data-rel=\"lightbox-gallery-1\"><img loading=\"lazy\" decoding=\"async\" width=\"150\" height=\"150\" src=\"https:\/\/www.arquimaster.com.ar\/web\/wp-content\/uploads\/2020\/10\/archivos_altos_pirineos8-150x150.jpg\" class=\"attachment-thumbnail size-thumbnail\" alt=\"Archivos del Departamento de los Altos Pirineos \/ Idom\" aria-describedby=\"gallery-1-60357\" \/><\/a>\n\t\t\t<\/div>\n\t\t\t\t<figcaption class='wp-caption-text gallery-caption' id='gallery-1-60357'>\n\t\t\t\tArchivos del Departamento de los Altos Pirineos \/ Idom (axonometria)\n\t\t\t\t<\/figcaption><\/figure><figure class='gallery-item'>\n\t\t\t<div class='gallery-icon landscape'>\n\t\t\t\t<a href='https:\/\/www.arquimaster.com.ar\/web\/wp-content\/uploads\/2020\/10\/archivos_altos_pirineos9.jpg' title=\"Archivos del Departamento de los Altos Pirineos \/ Idom (vista norte)\" data-rl_title=\"Archivos del Departamento de los Altos Pirineos \/ Idom (vista norte)\" class=\"rl-gallery-link\" data-rl_caption=\"Archivos del Departamento de los Altos Pirineos \/ Idom (vista norte)\" data-rel=\"lightbox-gallery-1\"><img loading=\"lazy\" decoding=\"async\" width=\"150\" height=\"150\" src=\"https:\/\/www.arquimaster.com.ar\/web\/wp-content\/uploads\/2020\/10\/archivos_altos_pirineos9-150x150.jpg\" class=\"attachment-thumbnail size-thumbnail\" alt=\"Archivos del Departamento de los Altos Pirineos \/ Idom\" aria-describedby=\"gallery-1-60358\" \/><\/a>\n\t\t\t<\/div>\n\t\t\t\t<figcaption class='wp-caption-text gallery-caption' id='gallery-1-60358'>\n\t\t\t\tArchivos del Departamento de los Altos Pirineos \/ Idom (vista norte)\n\t\t\t\t<\/figcaption><\/figure><figure class='gallery-item'>\n\t\t\t<div class='gallery-icon landscape'>\n\t\t\t\t<a href='https:\/\/www.arquimaster.com.ar\/web\/wp-content\/uploads\/2020\/10\/archivos_altos_pirineos10.jpg' title=\"Archivos del Departamento de los Altos Pirineos \/ Idom (vista sur)\" data-rl_title=\"Archivos del Departamento de los Altos Pirineos \/ Idom (vista sur)\" class=\"rl-gallery-link\" data-rl_caption=\"Archivos del Departamento de los Altos Pirineos \/ Idom (vista sur)\" data-rel=\"lightbox-gallery-1\"><img loading=\"lazy\" decoding=\"async\" width=\"150\" height=\"150\" src=\"https:\/\/www.arquimaster.com.ar\/web\/wp-content\/uploads\/2020\/10\/archivos_altos_pirineos10-150x150.jpg\" class=\"attachment-thumbnail size-thumbnail\" alt=\"Archivos del Departamento de los Altos Pirineos \/ Idom\" aria-describedby=\"gallery-1-60359\" \/><\/a>\n\t\t\t<\/div>\n\t\t\t\t<figcaption class='wp-caption-text gallery-caption' id='gallery-1-60359'>\n\t\t\t\tArchivos del Departamento de los Altos Pirineos \/ Idom (vista sur)\n\t\t\t\t<\/figcaption><\/figure><figure class='gallery-item'>\n\t\t\t<div class='gallery-icon landscape'>\n\t\t\t\t<a href='https:\/\/www.arquimaster.com.ar\/web\/wp-content\/uploads\/2020\/10\/archivos_altos_pirineos11.jpg' title=\"Archivos del Departamento de los Altos Pirineos \/ Idom (vista este)\" data-rl_title=\"Archivos del Departamento de los Altos Pirineos \/ Idom (vista este)\" class=\"rl-gallery-link\" data-rl_caption=\"Archivos del Departamento de los Altos Pirineos \/ Idom (vista este)\" data-rel=\"lightbox-gallery-1\"><img loading=\"lazy\" decoding=\"async\" width=\"150\" height=\"150\" src=\"https:\/\/www.arquimaster.com.ar\/web\/wp-content\/uploads\/2020\/10\/archivos_altos_pirineos11-150x150.jpg\" class=\"attachment-thumbnail size-thumbnail\" alt=\"Archivos del Departamento de los Altos Pirineos \/ Idom\" aria-describedby=\"gallery-1-60360\" \/><\/a>\n\t\t\t<\/div>\n\t\t\t\t<figcaption class='wp-caption-text gallery-caption' id='gallery-1-60360'>\n\t\t\t\tArchivos del Departamento de los Altos Pirineos \/ Idom (vista este)\n\t\t\t\t<\/figcaption><\/figure><figure class='gallery-item'>\n\t\t\t<div class='gallery-icon landscape'>\n\t\t\t\t<a href='https:\/\/www.arquimaster.com.ar\/web\/wp-content\/uploads\/2020\/10\/archivos_altos_pirineos12.jpg' title=\"Archivos del Departamento de los Altos Pirineos \/ Idom (vista oeste)\" data-rl_title=\"Archivos del Departamento de los Altos Pirineos \/ Idom (vista oeste)\" class=\"rl-gallery-link\" data-rl_caption=\"Archivos del Departamento de los Altos Pirineos \/ Idom (vista oeste)\" data-rel=\"lightbox-gallery-1\"><img loading=\"lazy\" decoding=\"async\" width=\"150\" height=\"150\" src=\"https:\/\/www.arquimaster.com.ar\/web\/wp-content\/uploads\/2020\/10\/archivos_altos_pirineos12-150x150.jpg\" class=\"attachment-thumbnail size-thumbnail\" alt=\"Archivos del Departamento de los Altos Pirineos \/ Idom\" aria-describedby=\"gallery-1-60361\" \/><\/a>\n\t\t\t<\/div>\n\t\t\t\t<figcaption class='wp-caption-text gallery-caption' id='gallery-1-60361'>\n\t\t\t\tArchivos del Departamento de los Altos Pirineos \/ Idom (vista oeste)\n\t\t\t\t<\/figcaption><\/figure>\n\t\t<\/div>\n\n<p>El departamento de los Altos Pirineos convoc\u00f3 concurso p\u00fablico en diciembre de 2019 para la redacci\u00f3n del proyecto y la direcci\u00f3n de obra de los Archivos del Departamento de los Altos Pirineos, con el requisito de mantener el cuerpo central del hist\u00f3rico edificio existente, l&#8217;\u00c9cole Normale de Filles, y la posibilidad de atravesarlo peatonalmente como se hace actualmente por sus laterales.<\/p>\n<p>La propuesta ganadora de IDOM mantiene el cuerpo central del edificio existente, tal y como exig\u00eda el pliego de condiciones, adem\u00e1s de los dos cuerpos laterales principales, con el objetivo de respetar, tanto como fuera posible, su imagen original, propiedad del inconsciente colectivo de la ciudad de Tarbes.<\/p>\n<p>En la rehabilitaci\u00f3n del edificio preexistente, se albergar\u00e1n los usos de recepci\u00f3n, sal\u00f3n de actos y exposiciones, oficinas y sala de consulta y lectura, usos que por sus caracter\u00edsticas no exigen altos niveles de resistencia estructural.<\/p>\n<p>Con este mismo criterio de respecto al edificio original, se dise\u00f1a la nueva edificaci\u00f3n de ampliaci\u00f3n, que albergar\u00e1 la parte del programa de archivos, con un alto nivel de exigencia en t\u00e9rminos estructurales y de condiciones de temperatura y humedad.<\/p>\n<p>Se propone una geometr\u00eda similar a la preexistente, con una imagen m\u00e1s contempor\u00e1nea, que pone en valor la que en este momento es la fachada trasera, manteniendo materiales del edificio original como, por ejemplo, las cubiertas de pizarra, y a\u00f1adiendo, tanto a la edificaci\u00f3n a rehabilitar como a la de nueva construcci\u00f3n, la madera como material que dar\u00e1 una mayor prestancia y amabilidad al conjunto.<\/p>\n<p>Respecto al objetivo de potenciar su aportaci\u00f3n de valor al espacio p\u00fablico, adem\u00e1s de la propia aportaci\u00f3n de su uso, se dise\u00f1a una plaza, manteniendo los \u00e1rboles de gran porte existentes, que rompe el l\u00edmite actual entre la propiedad y la calle, definido por una valla y una puerta que pasa a ser el motivo central de la plaza como gesto a la memoria hist\u00f3rica del edificio. As\u00ed mismo, se organizan y distribuyen los espacios y usos del edificio para que el p\u00fablico lo pueda atravesar pasando as\u00ed a actuar como elemento de conexi\u00f3n, y no de separaci\u00f3n urbana, y fomentando el conocimiento del nuevo edificio por parte de un n\u00famero mayor de ciudadanos.<\/p>\n<p><strong>Ficha t\u00e9cnica<\/strong><br \/>\nNombre: Archivo Departamental de Altos Pirineos<br \/>\nUbicaci\u00f3n: Tarbes, Francia<br \/>\nProyectista: IDOM<br \/>\nCliente: Departamento de Altos Pirineos (D\u00e9partement des Hautes-Pyr\u00e9n\u00e9es<br \/>\nSector de trabajo: Oficinas y Sedes Corporativas, Educaci\u00f3n, Cultura<br \/>\nTipo de servicio: Proyectos de arquitectura e ingenier\u00eda, Direcci\u00f3n de obra<br \/>\nTipo de intervenci\u00f3n: Rehabilitaci\u00f3n y Obra Nueva<br \/>\nDirector de Proyecto: In\u00e9s L\u00f3pez<br \/>\nArquitectos responsables: I\u00f1aki Garai, In\u00e9s L\u00f3pez, Gohar Manrique<br \/>\nArquitectos colaboradores: Cristina Jodar, Jos\u00e9 Manuel Pando, Pablo Blanco<br \/>\nArquitecto local: Duffau &amp; Associ\u00e9<br \/>\nGesti\u00f3n del Proyecto: In\u00e9s L\u00f3pez<br \/>\nCostes: Vernet Eco<br \/>\nEstructuras: Alberto Ayensa, Miguel Angel Valverde<br \/>\nClimatizaci\u00f3n: Jon Zubiaurre, Lucas Legay<br \/>\nLuz: Miguel Garc\u00eda<br \/>\nElectricidad: Jon Zubiaurre, Lucas Legay<br \/>\nAc\u00fastica: Angela Lorenzo<br \/>\nCommissioning: Alterea<br \/>\nInfograf\u00edas: Roberto Fern\u00e1ndez de Gamboa, Alfonso Alvarez<br \/>\nDirecci\u00f3n de Obra: In\u00e9s L\u00f3pez<br \/>\nPlanificaci\u00f3n de lotes en obra: Jo\u00ebl Bassi<br \/>\nSuperficie aproximada: Edificaci\u00f3n: 10.392 m2 y Exterior: 3698 m2<br \/>\nFecha de proyecto: 2020-2021<br \/>\nFecha de ejecucion: 2021-2022<\/p>\n<p><strong>Contacto<\/strong><br \/>\n<a href=\"http:\/\/www.idom.com\" target=\"_blank\" rel=\"noopener noreferrer\">http:\/\/www.idom.com<\/a><\/p>\n\n<div style=\"font-size: 0px; height: 0px; line-height: 0px; margin: 0; padding: 0; clear: both;\"><\/div><div style=\"margin-top: 0px; margin-bottom: 0px;\" class=\"sharethis-inline-share-buttons\" ><\/div>","protected":false},"excerpt":{"rendered":"<p>La propuesta recupera el m\u00e1ximo posible del interesante edificio prexistente&#8230;<\/p>\n","protected":false},"author":1,"featured_media":60349,"comment_status":"closed","ping_status":"closed","sticky":false,"template":"","format":"standard","meta":{"_uag_custom_page_level_css":"","footnotes":""},"categories":[3767,1],"tags":[6577,6575,5885,2486,1467,680,912,6576],"class_list":["post-60348","post","type-post","status-publish","format-standard","has-post-thumbnail","hentry","category-arquitectura-institucional","category-proyecto","tag-altos-pirineos","tag-archivos","tag-arquitectura-institucional","tag-francia","tag-idom","tag-rehabilitacion","tag-restauracion","tag-tarbes","generate-columns","tablet-grid-50","mobile-grid-100","grid-parent","grid-50"],"yoast_head":"<!-- This site is optimized with the Yoast SEO plugin v27.3 - https:\/\/yoast.com\/product\/yoast-seo-wordpress\/ -->\n<title>Archivos del Departamento de los Altos Pirineos \/ IDOM - Arquimaster<\/title>\n<meta name=\"description\" content=\"La propuesta recupera el m\u00e1ximo posible del interesante edificio prexistente, a\u00f1adiendo una ampliaci\u00f3n dotando al conjunto de una vocaci\u00f3n a\u00fan m\u00e1s publica y representativa.\" \/>\n<meta name=\"robots\" content=\"index, follow, max-snippet:-1, max-image-preview:large, max-video-preview:-1\" \/>\n<link rel=\"canonical\" href=\"https:\/\/www.arquimaster.com.ar\/web\/archivos-del-departamento-de-los-altos-pirineos-idom\/\" \/>\n<meta property=\"og:locale\" content=\"es_ES\" \/>\n<meta property=\"og:type\" content=\"article\" \/>\n<meta property=\"og:title\" content=\"Archivos del Departamento de los Altos Pirineos \/ Idom\" \/>\n<meta property=\"og:description\" content=\"La propuesta recupera el m\u00e1ximo posible del interesante edificio prexistente, a\u00f1adiendo una ampliaci\u00f3n dotando al conjunto de una vocaci\u00f3n a\u00fan m\u00e1s publica y representativa.\" \/>\n<meta property=\"og:url\" content=\"https:\/\/www.arquimaster.com.ar\/web\/archivos-del-departamento-de-los-altos-pirineos-idom\/\" \/>\n<meta property=\"og:site_name\" content=\"Arquimaster\" \/>\n<meta property=\"article:publisher\" content=\"http:\/\/www.facebook.com\/ARQUIMASTER.com.ar\" \/>\n<meta property=\"article:published_time\" content=\"2020-10-29T14:54:47+00:00\" \/>\n<meta property=\"article:modified_time\" content=\"2022-02-23T17:42:56+00:00\" \/>\n<meta property=\"og:image\" content=\"https:\/\/www.arquimaster.com.ar\/web\/wp-content\/uploads\/2020\/10\/archivos_altos_pirineos_slide.jpg\" \/>\n\t<meta property=\"og:image:width\" content=\"698\" \/>\n\t<meta property=\"og:image:height\" content=\"364\" \/>\n\t<meta property=\"og:image:type\" content=\"image\/jpeg\" \/>\n<meta name=\"author\" content=\"Arquimaster\" \/>\n<meta name=\"twitter:card\" content=\"summary_large_image\" \/>\n<meta name=\"twitter:title\" content=\"Archivos del Departamento de los Altos Pirineos \/ Idom\" \/>\n<meta name=\"twitter:description\" content=\"La propuesta recupera el m\u00e1ximo posible del interesante edificio prexistente, a\u00f1adiendo una ampliaci\u00f3n dotando al conjunto de una vocaci\u00f3n a\u00fan m\u00e1s publica y representativa.\" \/>\n<meta name=\"twitter:image\" content=\"https:\/\/www.arquimaster.com.ar\/web\/wp-content\/uploads\/2020\/10\/archivos_altos_pirineos_slide.jpg\" \/>\n<meta name=\"twitter:creator\" content=\"@arquimaster\" \/>\n<meta name=\"twitter:site\" content=\"@arquimaster\" \/>\n<meta name=\"twitter:label1\" content=\"Escrito por\" \/>\n\t<meta name=\"twitter:data1\" content=\"Arquimaster\" \/>\n\t<meta name=\"twitter:label2\" content=\"Tiempo de lectura\" \/>\n\t<meta name=\"twitter:data2\" content=\"3 minutos\" \/>\n<script type=\"application\/ld+json\" class=\"yoast-schema-graph\">{\"@context\":\"https:\\\/\\\/schema.org\",\"@graph\":[{\"@type\":\"Article\",\"@id\":\"https:\\\/\\\/www.arquimaster.com.ar\\\/web\\\/archivos-del-departamento-de-los-altos-pirineos-idom\\\/#article\",\"isPartOf\":{\"@id\":\"https:\\\/\\\/www.arquimaster.com.ar\\\/web\\\/archivos-del-departamento-de-los-altos-pirineos-idom\\\/\"},\"author\":{\"name\":\"Arquimaster\",\"@id\":\"https:\\\/\\\/www.arquimaster.com.ar\\\/web\\\/#\\\/schema\\\/person\\\/359e9f7c00193fcde068e0dd2ceb0028\"},\"headline\":\"Archivos del Departamento de los Altos Pirineos \\\/ IDOM\",\"datePublished\":\"2020-10-29T14:54:47+00:00\",\"dateModified\":\"2022-02-23T17:42:56+00:00\",\"mainEntityOfPage\":{\"@id\":\"https:\\\/\\\/www.arquimaster.com.ar\\\/web\\\/archivos-del-departamento-de-los-altos-pirineos-idom\\\/\"},\"wordCount\":634,\"publisher\":{\"@id\":\"https:\\\/\\\/www.arquimaster.com.ar\\\/web\\\/#organization\"},\"image\":{\"@id\":\"https:\\\/\\\/www.arquimaster.com.ar\\\/web\\\/archivos-del-departamento-de-los-altos-pirineos-idom\\\/#primaryimage\"},\"thumbnailUrl\":\"https:\\\/\\\/www.arquimaster.com.ar\\\/web\\\/wp-content\\\/uploads\\\/2020\\\/10\\\/archivos_altos_pirineos_slide.jpg\",\"keywords\":[\"Altos Pirineos\",\"archivos\",\"arquitectura institucional\",\"Francia\",\"IDOM\",\"rehabilitaci\u00f3n\",\"restauraci\u00f3n\",\"Tarbes\"],\"articleSection\":[\"Arquitectura institucional\",\"Proyecto\"],\"inLanguage\":\"es\"},{\"@type\":\"WebPage\",\"@id\":\"https:\\\/\\\/www.arquimaster.com.ar\\\/web\\\/archivos-del-departamento-de-los-altos-pirineos-idom\\\/\",\"url\":\"https:\\\/\\\/www.arquimaster.com.ar\\\/web\\\/archivos-del-departamento-de-los-altos-pirineos-idom\\\/\",\"name\":\"Archivos del Departamento de los Altos Pirineos \\\/ IDOM - Arquimaster\",\"isPartOf\":{\"@id\":\"https:\\\/\\\/www.arquimaster.com.ar\\\/web\\\/#website\"},\"primaryImageOfPage\":{\"@id\":\"https:\\\/\\\/www.arquimaster.com.ar\\\/web\\\/archivos-del-departamento-de-los-altos-pirineos-idom\\\/#primaryimage\"},\"image\":{\"@id\":\"https:\\\/\\\/www.arquimaster.com.ar\\\/web\\\/archivos-del-departamento-de-los-altos-pirineos-idom\\\/#primaryimage\"},\"thumbnailUrl\":\"https:\\\/\\\/www.arquimaster.com.ar\\\/web\\\/wp-content\\\/uploads\\\/2020\\\/10\\\/archivos_altos_pirineos_slide.jpg\",\"datePublished\":\"2020-10-29T14:54:47+00:00\",\"dateModified\":\"2022-02-23T17:42:56+00:00\",\"description\":\"La propuesta recupera el m\u00e1ximo posible del interesante edificio prexistente, a\u00f1adiendo una ampliaci\u00f3n dotando al conjunto de una vocaci\u00f3n a\u00fan m\u00e1s publica y representativa.\",\"breadcrumb\":{\"@id\":\"https:\\\/\\\/www.arquimaster.com.ar\\\/web\\\/archivos-del-departamento-de-los-altos-pirineos-idom\\\/#breadcrumb\"},\"inLanguage\":\"es\",\"potentialAction\":[{\"@type\":\"ReadAction\",\"target\":[\"https:\\\/\\\/www.arquimaster.com.ar\\\/web\\\/archivos-del-departamento-de-los-altos-pirineos-idom\\\/\"]}]},{\"@type\":\"ImageObject\",\"inLanguage\":\"es\",\"@id\":\"https:\\\/\\\/www.arquimaster.com.ar\\\/web\\\/archivos-del-departamento-de-los-altos-pirineos-idom\\\/#primaryimage\",\"url\":\"https:\\\/\\\/www.arquimaster.com.ar\\\/web\\\/wp-content\\\/uploads\\\/2020\\\/10\\\/archivos_altos_pirineos_slide.jpg\",\"contentUrl\":\"https:\\\/\\\/www.arquimaster.com.ar\\\/web\\\/wp-content\\\/uploads\\\/2020\\\/10\\\/archivos_altos_pirineos_slide.jpg\",\"width\":698,\"height\":364,\"caption\":\"Archivos del Departamento de los Altos Pirineos \\\/ Idom\"},{\"@type\":\"BreadcrumbList\",\"@id\":\"https:\\\/\\\/www.arquimaster.com.ar\\\/web\\\/archivos-del-departamento-de-los-altos-pirineos-idom\\\/#breadcrumb\",\"itemListElement\":[{\"@type\":\"ListItem\",\"position\":1,\"name\":\"Portada\",\"item\":\"https:\\\/\\\/www.arquimaster.com.ar\\\/web\\\/\"},{\"@type\":\"ListItem\",\"position\":2,\"name\":\"Archivos del Departamento de los Altos Pirineos \\\/ IDOM\"}]},{\"@type\":\"WebSite\",\"@id\":\"https:\\\/\\\/www.arquimaster.com.ar\\\/web\\\/#website\",\"url\":\"https:\\\/\\\/www.arquimaster.com.ar\\\/web\\\/\",\"name\":\"Arquimaster\",\"description\":\"Web de arquitectura, dise\u00f1o y construccion\",\"publisher\":{\"@id\":\"https:\\\/\\\/www.arquimaster.com.ar\\\/web\\\/#organization\"},\"potentialAction\":[{\"@type\":\"SearchAction\",\"target\":{\"@type\":\"EntryPoint\",\"urlTemplate\":\"https:\\\/\\\/www.arquimaster.com.ar\\\/web\\\/?s={search_term_string}\"},\"query-input\":{\"@type\":\"PropertyValueSpecification\",\"valueRequired\":true,\"valueName\":\"search_term_string\"}}],\"inLanguage\":\"es\"},{\"@type\":\"Organization\",\"@id\":\"https:\\\/\\\/www.arquimaster.com.ar\\\/web\\\/#organization\",\"name\":\"Arquimaster\",\"url\":\"https:\\\/\\\/www.arquimaster.com.ar\\\/web\\\/\",\"logo\":{\"@type\":\"ImageObject\",\"inLanguage\":\"es\",\"@id\":\"https:\\\/\\\/www.arquimaster.com.ar\\\/web\\\/#\\\/schema\\\/logo\\\/image\\\/\",\"url\":\"https:\\\/\\\/www.arquimaster.com.ar\\\/web\\\/wp-content\\\/uploads\\\/2022\\\/06\\\/arquimaster.png\",\"contentUrl\":\"https:\\\/\\\/www.arquimaster.com.ar\\\/web\\\/wp-content\\\/uploads\\\/2022\\\/06\\\/arquimaster.png\",\"width\":594,\"height\":78,\"caption\":\"Arquimaster\"},\"image\":{\"@id\":\"https:\\\/\\\/www.arquimaster.com.ar\\\/web\\\/#\\\/schema\\\/logo\\\/image\\\/\"},\"sameAs\":[\"http:\\\/\\\/www.facebook.com\\\/ARQUIMASTER.com.ar\",\"https:\\\/\\\/x.com\\\/arquimaster\",\"https:\\\/\\\/www.instagram.com\\\/arquimasterblog\\\/\",\"https:\\\/\\\/www.linkedin.com\\\/company\\\/arquimaster\",\"https:\\\/\\\/www.pinterest.com\\\/arquimaster\",\"https:\\\/\\\/t.me\\\/arquimaster\"]},{\"@type\":\"Person\",\"@id\":\"https:\\\/\\\/www.arquimaster.com.ar\\\/web\\\/#\\\/schema\\\/person\\\/359e9f7c00193fcde068e0dd2ceb0028\",\"name\":\"Arquimaster\"}]}<\/script>\n<!-- \/ Yoast SEO plugin. -->","yoast_head_json":{"title":"Archivos del Departamento de los Altos Pirineos \/ IDOM - Arquimaster","description":"La propuesta recupera el m\u00e1ximo posible del interesante edificio prexistente, a\u00f1adiendo una ampliaci\u00f3n dotando al conjunto de una vocaci\u00f3n a\u00fan m\u00e1s publica y representativa.","robots":{"index":"index","follow":"follow","max-snippet":"max-snippet:-1","max-image-preview":"max-image-preview:large","max-video-preview":"max-video-preview:-1"},"canonical":"https:\/\/www.arquimaster.com.ar\/web\/archivos-del-departamento-de-los-altos-pirineos-idom\/","og_locale":"es_ES","og_type":"article","og_title":"Archivos del Departamento de los Altos Pirineos \/ Idom","og_description":"La propuesta recupera el m\u00e1ximo posible del interesante edificio prexistente, a\u00f1adiendo una ampliaci\u00f3n dotando al conjunto de una vocaci\u00f3n a\u00fan m\u00e1s publica y representativa.","og_url":"https:\/\/www.arquimaster.com.ar\/web\/archivos-del-departamento-de-los-altos-pirineos-idom\/","og_site_name":"Arquimaster","article_publisher":"http:\/\/www.facebook.com\/ARQUIMASTER.com.ar","article_published_time":"2020-10-29T14:54:47+00:00","article_modified_time":"2022-02-23T17:42:56+00:00","og_image":[{"width":698,"height":364,"url":"https:\/\/www.arquimaster.com.ar\/web\/wp-content\/uploads\/2020\/10\/archivos_altos_pirineos_slide.jpg","type":"image\/jpeg"}],"author":"Arquimaster","twitter_card":"summary_large_image","twitter_title":"Archivos del Departamento de los Altos Pirineos \/ Idom","twitter_description":"La propuesta recupera el m\u00e1ximo posible del interesante edificio prexistente, a\u00f1adiendo una ampliaci\u00f3n dotando al conjunto de una vocaci\u00f3n a\u00fan m\u00e1s publica y representativa.","twitter_image":"https:\/\/www.arquimaster.com.ar\/web\/wp-content\/uploads\/2020\/10\/archivos_altos_pirineos_slide.jpg","twitter_creator":"@arquimaster","twitter_site":"@arquimaster","twitter_misc":{"Escrito por":"Arquimaster","Tiempo de lectura":"3 minutos"},"schema":{"@context":"https:\/\/schema.org","@graph":[{"@type":"Article","@id":"https:\/\/www.arquimaster.com.ar\/web\/archivos-del-departamento-de-los-altos-pirineos-idom\/#article","isPartOf":{"@id":"https:\/\/www.arquimaster.com.ar\/web\/archivos-del-departamento-de-los-altos-pirineos-idom\/"},"author":{"name":"Arquimaster","@id":"https:\/\/www.arquimaster.com.ar\/web\/#\/schema\/person\/359e9f7c00193fcde068e0dd2ceb0028"},"headline":"Archivos del Departamento de los Altos Pirineos \/ IDOM","datePublished":"2020-10-29T14:54:47+00:00","dateModified":"2022-02-23T17:42:56+00:00","mainEntityOfPage":{"@id":"https:\/\/www.arquimaster.com.ar\/web\/archivos-del-departamento-de-los-altos-pirineos-idom\/"},"wordCount":634,"publisher":{"@id":"https:\/\/www.arquimaster.com.ar\/web\/#organization"},"image":{"@id":"https:\/\/www.arquimaster.com.ar\/web\/archivos-del-departamento-de-los-altos-pirineos-idom\/#primaryimage"},"thumbnailUrl":"https:\/\/www.arquimaster.com.ar\/web\/wp-content\/uploads\/2020\/10\/archivos_altos_pirineos_slide.jpg","keywords":["Altos Pirineos","archivos","arquitectura institucional","Francia","IDOM","rehabilitaci\u00f3n","restauraci\u00f3n","Tarbes"],"articleSection":["Arquitectura institucional","Proyecto"],"inLanguage":"es"},{"@type":"WebPage","@id":"https:\/\/www.arquimaster.com.ar\/web\/archivos-del-departamento-de-los-altos-pirineos-idom\/","url":"https:\/\/www.arquimaster.com.ar\/web\/archivos-del-departamento-de-los-altos-pirineos-idom\/","name":"Archivos del Departamento de los Altos Pirineos \/ IDOM - Arquimaster","isPartOf":{"@id":"https:\/\/www.arquimaster.com.ar\/web\/#website"},"primaryImageOfPage":{"@id":"https:\/\/www.arquimaster.com.ar\/web\/archivos-del-departamento-de-los-altos-pirineos-idom\/#primaryimage"},"image":{"@id":"https:\/\/www.arquimaster.com.ar\/web\/archivos-del-departamento-de-los-altos-pirineos-idom\/#primaryimage"},"thumbnailUrl":"https:\/\/www.arquimaster.com.ar\/web\/wp-content\/uploads\/2020\/10\/archivos_altos_pirineos_slide.jpg","datePublished":"2020-10-29T14:54:47+00:00","dateModified":"2022-02-23T17:42:56+00:00","description":"La propuesta recupera el m\u00e1ximo posible del interesante edificio prexistente, a\u00f1adiendo una ampliaci\u00f3n dotando al conjunto de una vocaci\u00f3n a\u00fan m\u00e1s publica y representativa.","breadcrumb":{"@id":"https:\/\/www.arquimaster.com.ar\/web\/archivos-del-departamento-de-los-altos-pirineos-idom\/#breadcrumb"},"inLanguage":"es","potentialAction":[{"@type":"ReadAction","target":["https:\/\/www.arquimaster.com.ar\/web\/archivos-del-departamento-de-los-altos-pirineos-idom\/"]}]},{"@type":"ImageObject","inLanguage":"es","@id":"https:\/\/www.arquimaster.com.ar\/web\/archivos-del-departamento-de-los-altos-pirineos-idom\/#primaryimage","url":"https:\/\/www.arquimaster.com.ar\/web\/wp-content\/uploads\/2020\/10\/archivos_altos_pirineos_slide.jpg","contentUrl":"https:\/\/www.arquimaster.com.ar\/web\/wp-content\/uploads\/2020\/10\/archivos_altos_pirineos_slide.jpg","width":698,"height":364,"caption":"Archivos del Departamento de los Altos Pirineos \/ Idom"},{"@type":"BreadcrumbList","@id":"https:\/\/www.arquimaster.com.ar\/web\/archivos-del-departamento-de-los-altos-pirineos-idom\/#breadcrumb","itemListElement":[{"@type":"ListItem","position":1,"name":"Portada","item":"https:\/\/www.arquimaster.com.ar\/web\/"},{"@type":"ListItem","position":2,"name":"Archivos del Departamento de los Altos Pirineos \/ IDOM"}]},{"@type":"WebSite","@id":"https:\/\/www.arquimaster.com.ar\/web\/#website","url":"https:\/\/www.arquimaster.com.ar\/web\/","name":"Arquimaster","description":"Web de arquitectura, dise\u00f1o y construccion","publisher":{"@id":"https:\/\/www.arquimaster.com.ar\/web\/#organization"},"potentialAction":[{"@type":"SearchAction","target":{"@type":"EntryPoint","urlTemplate":"https:\/\/www.arquimaster.com.ar\/web\/?s={search_term_string}"},"query-input":{"@type":"PropertyValueSpecification","valueRequired":true,"valueName":"search_term_string"}}],"inLanguage":"es"},{"@type":"Organization","@id":"https:\/\/www.arquimaster.com.ar\/web\/#organization","name":"Arquimaster","url":"https:\/\/www.arquimaster.com.ar\/web\/","logo":{"@type":"ImageObject","inLanguage":"es","@id":"https:\/\/www.arquimaster.com.ar\/web\/#\/schema\/logo\/image\/","url":"https:\/\/www.arquimaster.com.ar\/web\/wp-content\/uploads\/2022\/06\/arquimaster.png","contentUrl":"https:\/\/www.arquimaster.com.ar\/web\/wp-content\/uploads\/2022\/06\/arquimaster.png","width":594,"height":78,"caption":"Arquimaster"},"image":{"@id":"https:\/\/www.arquimaster.com.ar\/web\/#\/schema\/logo\/image\/"},"sameAs":["http:\/\/www.facebook.com\/ARQUIMASTER.com.ar","https:\/\/x.com\/arquimaster","https:\/\/www.instagram.com\/arquimasterblog\/","https:\/\/www.linkedin.com\/company\/arquimaster","https:\/\/www.pinterest.com\/arquimaster","https:\/\/t.me\/arquimaster"]},{"@type":"Person","@id":"https:\/\/www.arquimaster.com.ar\/web\/#\/schema\/person\/359e9f7c00193fcde068e0dd2ceb0028","name":"Arquimaster"}]}},"uagb_featured_image_src":{"full":["https:\/\/www.arquimaster.com.ar\/web\/wp-content\/uploads\/2020\/10\/archivos_altos_pirineos_slide.jpg",698,364,false],"thumbnail":["https:\/\/www.arquimaster.com.ar\/web\/wp-content\/uploads\/2020\/10\/archivos_altos_pirineos_slide-150x150.jpg",150,150,true],"medium":["https:\/\/www.arquimaster.com.ar\/web\/wp-content\/uploads\/2020\/10\/archivos_altos_pirineos_slide.jpg",698,364,false],"medium_large":["https:\/\/www.arquimaster.com.ar\/web\/wp-content\/uploads\/2020\/10\/archivos_altos_pirineos_slide.jpg",698,364,false],"large":["https:\/\/www.arquimaster.com.ar\/web\/wp-content\/uploads\/2020\/10\/archivos_altos_pirineos_slide.jpg",698,364,false],"1536x1536":["https:\/\/www.arquimaster.com.ar\/web\/wp-content\/uploads\/2020\/10\/archivos_altos_pirineos_slide.jpg",698,364,false],"2048x2048":["https:\/\/www.arquimaster.com.ar\/web\/wp-content\/uploads\/2020\/10\/archivos_altos_pirineos_slide.jpg",698,364,false]},"uagb_author_info":{"display_name":"Arquimaster","author_link":"https:\/\/www.arquimaster.com.ar\/web\/author\/arquimaster\/"},"uagb_comment_info":0,"uagb_excerpt":"La propuesta recupera el m\u00e1ximo posible del interesante edificio prexistente...","_links":{"self":[{"href":"https:\/\/www.arquimaster.com.ar\/web\/wp-json\/wp\/v2\/posts\/60348","targetHints":{"allow":["GET"]}}],"collection":[{"href":"https:\/\/www.arquimaster.com.ar\/web\/wp-json\/wp\/v2\/posts"}],"about":[{"href":"https:\/\/www.arquimaster.com.ar\/web\/wp-json\/wp\/v2\/types\/post"}],"author":[{"embeddable":true,"href":"https:\/\/www.arquimaster.com.ar\/web\/wp-json\/wp\/v2\/users\/1"}],"replies":[{"embeddable":true,"href":"https:\/\/www.arquimaster.com.ar\/web\/wp-json\/wp\/v2\/comments?post=60348"}],"version-history":[{"count":2,"href":"https:\/\/www.arquimaster.com.ar\/web\/wp-json\/wp\/v2\/posts\/60348\/revisions"}],"predecessor-version":[{"id":68937,"href":"https:\/\/www.arquimaster.com.ar\/web\/wp-json\/wp\/v2\/posts\/60348\/revisions\/68937"}],"wp:featuredmedia":[{"embeddable":true,"href":"https:\/\/www.arquimaster.com.ar\/web\/wp-json\/wp\/v2\/media\/60349"}],"wp:attachment":[{"href":"https:\/\/www.arquimaster.com.ar\/web\/wp-json\/wp\/v2\/media?parent=60348"}],"wp:term":[{"taxonomy":"category","embeddable":true,"href":"https:\/\/www.arquimaster.com.ar\/web\/wp-json\/wp\/v2\/categories?post=60348"},{"taxonomy":"post_tag","embeddable":true,"href":"https:\/\/www.arquimaster.com.ar\/web\/wp-json\/wp\/v2\/tags?post=60348"}],"curies":[{"name":"wp","href":"https:\/\/api.w.org\/{rel}","templated":true}]}}