{"id":60363,"date":"2020-10-29T12:36:58","date_gmt":"2020-10-29T15:36:58","guid":{"rendered":"https:\/\/www.arquimaster.com.ar\/web\/?p=60363"},"modified":"2020-11-13T15:16:37","modified_gmt":"2020-11-13T18:16:37","slug":"casa-dm9-emiliano-castoro-arquitectos","status":"publish","type":"post","link":"https:\/\/www.arquimaster.com.ar\/web\/casa-dm9-emiliano-castoro-arquitectos\/","title":{"rendered":"Casa-DM9 \/ Emiliano Castoro Arquitectos"},"content":{"rendered":"<div style=\"margin-top: 0px; margin-bottom: 0px;\" class=\"sharethis-inline-share-buttons\" ><\/div><div class=\"b812932af2e751442846f039925109de\" data-index=\"1\" style=\"float: none; margin:25px 0 25px 0; text-align:center;\">\n<script async src=\"https:\/\/pagead2.googlesyndication.com\/pagead\/js\/adsbygoogle.js\"><\/script>\r\n<!-- Arquimaster (superior) -->\r\n<ins class=\"adsbygoogle\"\r\n     style=\"display:block\"\r\n     data-ad-client=\"ca-pub-6351072698456832\"\r\n     data-ad-slot=\"6455489680\"\r\n     data-ad-format=\"auto\"\r\n     data-full-width-responsive=\"true\"><\/ins>\r\n<script>\r\n     (adsbygoogle = window.adsbygoogle || []).push({});\r\n<\/script>\n<\/div>\n<p><strong>Casa-DM9<\/strong> (Gral. Rodriguez, Pcia. de Buenos Aires, Argentina) por <strong>Emiliano Castoro Arquitectos<\/strong>. Esta vivienda fue proyectada como una casa de fin de semana, para una familia que reside en Capital Federal, con hijos adultos y sin nietos. El barrio en el que se encuentra ubicada, es un Club de Campo con una arboleda frondosa y antigua no muy habitual para los j\u00f3venes desarrollos. Por eso, el acceso a casa est\u00e1 enmarcado por un extenso camino de \u00e1rboles de las especie Liquidambar.<\/p>\n<div id='gallery-1' class='gallery galleryid-60363 gallery-columns-3 gallery-size-thumbnail'><figure class='gallery-item'>\n\t\t\t<div class='gallery-icon landscape'>\n\t\t\t\t<a href='https:\/\/www.arquimaster.com.ar\/web\/wp-content\/uploads\/2020\/10\/casa_dm9_1.jpg' title=\"Casa-DM9 \/ Emiliano Castoro Arquitectos\" data-rl_title=\"Casa-DM9 \/ Emiliano Castoro Arquitectos\" class=\"rl-gallery-link\" data-rl_caption=\"Casa-DM9 \/ Emiliano Castoro Arquitectos\" data-rel=\"lightbox-gallery-1\"><img loading=\"lazy\" decoding=\"async\" width=\"150\" height=\"150\" src=\"https:\/\/www.arquimaster.com.ar\/web\/wp-content\/uploads\/2020\/10\/casa_dm9_1-150x150.jpg\" class=\"attachment-thumbnail size-thumbnail\" alt=\"Casa-DM9 \/ Emiliano Castoro Arquitectos\" aria-describedby=\"gallery-1-60365\" \/><\/a>\n\t\t\t<\/div>\n\t\t\t\t<figcaption class='wp-caption-text gallery-caption' id='gallery-1-60365'>\n\t\t\t\tCasa-DM9 \/ Emiliano Castoro Arquitectos\n\t\t\t\t<\/figcaption><\/figure><figure class='gallery-item'>\n\t\t\t<div class='gallery-icon landscape'>\n\t\t\t\t<a href='https:\/\/www.arquimaster.com.ar\/web\/wp-content\/uploads\/2020\/10\/casa_dm9_2.jpg' title=\"Casa-DM9 \/ Emiliano Castoro Arquitectos\" data-rl_title=\"Casa-DM9 \/ Emiliano Castoro Arquitectos\" class=\"rl-gallery-link\" data-rl_caption=\"Casa-DM9 \/ Emiliano Castoro Arquitectos\" data-rel=\"lightbox-gallery-1\"><img loading=\"lazy\" decoding=\"async\" width=\"150\" height=\"150\" src=\"https:\/\/www.arquimaster.com.ar\/web\/wp-content\/uploads\/2020\/10\/casa_dm9_2-150x150.jpg\" class=\"attachment-thumbnail size-thumbnail\" alt=\"Casa-DM9 \/ Emiliano Castoro Arquitectos\" aria-describedby=\"gallery-1-60366\" \/><\/a>\n\t\t\t<\/div>\n\t\t\t\t<figcaption class='wp-caption-text gallery-caption' id='gallery-1-60366'>\n\t\t\t\tCasa-DM9 \/ Emiliano Castoro Arquitectos\n\t\t\t\t<\/figcaption><\/figure><figure class='gallery-item'>\n\t\t\t<div class='gallery-icon landscape'>\n\t\t\t\t<a href='https:\/\/www.arquimaster.com.ar\/web\/wp-content\/uploads\/2020\/10\/casa_dm9_3.jpg' title=\"Casa-DM9 \/ Emiliano Castoro Arquitectos\" data-rl_title=\"Casa-DM9 \/ Emiliano Castoro Arquitectos\" class=\"rl-gallery-link\" data-rl_caption=\"Casa-DM9 \/ Emiliano Castoro Arquitectos\" data-rel=\"lightbox-gallery-1\"><img loading=\"lazy\" decoding=\"async\" width=\"150\" height=\"150\" src=\"https:\/\/www.arquimaster.com.ar\/web\/wp-content\/uploads\/2020\/10\/casa_dm9_3-150x150.jpg\" class=\"attachment-thumbnail size-thumbnail\" alt=\"Casa-DM9 \/ Emiliano Castoro Arquitectos\" aria-describedby=\"gallery-1-60367\" \/><\/a>\n\t\t\t<\/div>\n\t\t\t\t<figcaption class='wp-caption-text gallery-caption' id='gallery-1-60367'>\n\t\t\t\tCasa-DM9 \/ Emiliano Castoro Arquitectos\n\t\t\t\t<\/figcaption><\/figure><figure class='gallery-item'>\n\t\t\t<div class='gallery-icon landscape'>\n\t\t\t\t<a href='https:\/\/www.arquimaster.com.ar\/web\/wp-content\/uploads\/2020\/10\/casa_dm9_4.jpg' title=\"Casa-DM9 \/ Emiliano Castoro Arquitectos\" data-rl_title=\"Casa-DM9 \/ Emiliano Castoro Arquitectos\" class=\"rl-gallery-link\" data-rl_caption=\"Casa-DM9 \/ Emiliano Castoro Arquitectos\" data-rel=\"lightbox-gallery-1\"><img loading=\"lazy\" decoding=\"async\" width=\"150\" height=\"150\" src=\"https:\/\/www.arquimaster.com.ar\/web\/wp-content\/uploads\/2020\/10\/casa_dm9_4-150x150.jpg\" class=\"attachment-thumbnail size-thumbnail\" alt=\"Casa-DM9 \/ Emiliano Castoro Arquitectos\" aria-describedby=\"gallery-1-60368\" \/><\/a>\n\t\t\t<\/div>\n\t\t\t\t<figcaption class='wp-caption-text gallery-caption' id='gallery-1-60368'>\n\t\t\t\tCasa-DM9 \/ Emiliano Castoro Arquitectos\n\t\t\t\t<\/figcaption><\/figure><figure class='gallery-item'>\n\t\t\t<div class='gallery-icon landscape'>\n\t\t\t\t<a href='https:\/\/www.arquimaster.com.ar\/web\/wp-content\/uploads\/2020\/10\/casa_dm9_5.jpg' title=\"Casa-DM9 \/ Emiliano Castoro Arquitectos\" data-rl_title=\"Casa-DM9 \/ Emiliano Castoro Arquitectos\" class=\"rl-gallery-link\" data-rl_caption=\"Casa-DM9 \/ Emiliano Castoro Arquitectos\" data-rel=\"lightbox-gallery-1\"><img loading=\"lazy\" decoding=\"async\" width=\"150\" height=\"150\" src=\"https:\/\/www.arquimaster.com.ar\/web\/wp-content\/uploads\/2020\/10\/casa_dm9_5-150x150.jpg\" class=\"attachment-thumbnail size-thumbnail\" alt=\"Casa-DM9 \/ Emiliano Castoro Arquitectos\" aria-describedby=\"gallery-1-60369\" \/><\/a>\n\t\t\t<\/div>\n\t\t\t\t<figcaption class='wp-caption-text gallery-caption' id='gallery-1-60369'>\n\t\t\t\tCasa-DM9 \/ Emiliano Castoro Arquitectos\n\t\t\t\t<\/figcaption><\/figure><figure class='gallery-item'>\n\t\t\t<div class='gallery-icon landscape'>\n\t\t\t\t<a href='https:\/\/www.arquimaster.com.ar\/web\/wp-content\/uploads\/2020\/10\/casa_dm9_6.jpg' title=\"Casa-DM9 \/ Emiliano Castoro Arquitectos\" data-rl_title=\"Casa-DM9 \/ Emiliano Castoro Arquitectos\" class=\"rl-gallery-link\" data-rl_caption=\"Casa-DM9 \/ Emiliano Castoro Arquitectos\" data-rel=\"lightbox-gallery-1\"><img loading=\"lazy\" decoding=\"async\" width=\"150\" height=\"150\" src=\"https:\/\/www.arquimaster.com.ar\/web\/wp-content\/uploads\/2020\/10\/casa_dm9_6-150x150.jpg\" class=\"attachment-thumbnail size-thumbnail\" alt=\"Casa-DM9 \/ Emiliano Castoro Arquitectos\" aria-describedby=\"gallery-1-60370\" \/><\/a>\n\t\t\t<\/div>\n\t\t\t\t<figcaption class='wp-caption-text gallery-caption' id='gallery-1-60370'>\n\t\t\t\tCasa-DM9 \/ Emiliano Castoro Arquitectos\n\t\t\t\t<\/figcaption><\/figure><figure class='gallery-item'>\n\t\t\t<div class='gallery-icon landscape'>\n\t\t\t\t<a href='https:\/\/www.arquimaster.com.ar\/web\/wp-content\/uploads\/2020\/10\/casa_dm9_7.jpg' title=\"Casa-DM9 \/ Emiliano Castoro Arquitectos\" data-rl_title=\"Casa-DM9 \/ Emiliano Castoro Arquitectos\" class=\"rl-gallery-link\" data-rl_caption=\"Casa-DM9 \/ Emiliano Castoro Arquitectos\" data-rel=\"lightbox-gallery-1\"><img loading=\"lazy\" decoding=\"async\" width=\"150\" height=\"150\" src=\"https:\/\/www.arquimaster.com.ar\/web\/wp-content\/uploads\/2020\/10\/casa_dm9_7-150x150.jpg\" class=\"attachment-thumbnail size-thumbnail\" alt=\"Casa-DM9 \/ Emiliano Castoro Arquitectos\" aria-describedby=\"gallery-1-60371\" \/><\/a>\n\t\t\t<\/div>\n\t\t\t\t<figcaption class='wp-caption-text gallery-caption' id='gallery-1-60371'>\n\t\t\t\tCasa-DM9 \/ Emiliano Castoro Arquitectos\n\t\t\t\t<\/figcaption><\/figure><figure class='gallery-item'>\n\t\t\t<div class='gallery-icon landscape'>\n\t\t\t\t<a href='https:\/\/www.arquimaster.com.ar\/web\/wp-content\/uploads\/2020\/10\/casa_dm9_8.jpg' title=\"Casa-DM9 \/ Emiliano Castoro Arquitectos\" data-rl_title=\"Casa-DM9 \/ Emiliano Castoro Arquitectos\" class=\"rl-gallery-link\" data-rl_caption=\"Casa-DM9 \/ Emiliano Castoro Arquitectos\" data-rel=\"lightbox-gallery-1\"><img loading=\"lazy\" decoding=\"async\" width=\"150\" height=\"150\" src=\"https:\/\/www.arquimaster.com.ar\/web\/wp-content\/uploads\/2020\/10\/casa_dm9_8-150x150.jpg\" class=\"attachment-thumbnail size-thumbnail\" alt=\"Casa-DM9 \/ Emiliano Castoro Arquitectos\" aria-describedby=\"gallery-1-60372\" \/><\/a>\n\t\t\t<\/div>\n\t\t\t\t<figcaption class='wp-caption-text gallery-caption' id='gallery-1-60372'>\n\t\t\t\tCasa-DM9 \/ Emiliano Castoro Arquitectos\n\t\t\t\t<\/figcaption><\/figure><figure class='gallery-item'>\n\t\t\t<div class='gallery-icon landscape'>\n\t\t\t\t<a href='https:\/\/www.arquimaster.com.ar\/web\/wp-content\/uploads\/2020\/10\/casa_dm9_9.jpg' title=\"Casa-DM9 \/ Emiliano Castoro Arquitectos\" data-rl_title=\"Casa-DM9 \/ Emiliano Castoro Arquitectos\" class=\"rl-gallery-link\" data-rl_caption=\"Casa-DM9 \/ Emiliano Castoro Arquitectos\" data-rel=\"lightbox-gallery-1\"><img loading=\"lazy\" decoding=\"async\" width=\"150\" height=\"150\" src=\"https:\/\/www.arquimaster.com.ar\/web\/wp-content\/uploads\/2020\/10\/casa_dm9_9-150x150.jpg\" class=\"attachment-thumbnail size-thumbnail\" alt=\"Casa-DM9 \/ Emiliano Castoro Arquitectos\" aria-describedby=\"gallery-1-60373\" \/><\/a>\n\t\t\t<\/div>\n\t\t\t\t<figcaption class='wp-caption-text gallery-caption' id='gallery-1-60373'>\n\t\t\t\tCasa-DM9 \/ Emiliano Castoro Arquitectos\n\t\t\t\t<\/figcaption><\/figure><figure class='gallery-item'>\n\t\t\t<div class='gallery-icon landscape'>\n\t\t\t\t<a href='https:\/\/www.arquimaster.com.ar\/web\/wp-content\/uploads\/2020\/10\/casa_dm9_10.jpg' title=\"Casa-DM9 \/ Emiliano Castoro Arquitectos\" data-rl_title=\"Casa-DM9 \/ Emiliano Castoro Arquitectos\" class=\"rl-gallery-link\" data-rl_caption=\"Casa-DM9 \/ Emiliano Castoro Arquitectos\" data-rel=\"lightbox-gallery-1\"><img loading=\"lazy\" decoding=\"async\" width=\"150\" height=\"150\" src=\"https:\/\/www.arquimaster.com.ar\/web\/wp-content\/uploads\/2020\/10\/casa_dm9_10-150x150.jpg\" class=\"attachment-thumbnail size-thumbnail\" alt=\"Casa-DM9 \/ Emiliano Castoro Arquitectos\" aria-describedby=\"gallery-1-60374\" \/><\/a>\n\t\t\t<\/div>\n\t\t\t\t<figcaption class='wp-caption-text gallery-caption' id='gallery-1-60374'>\n\t\t\t\tCasa-DM9 \/ Emiliano Castoro Arquitectos\n\t\t\t\t<\/figcaption><\/figure><figure class='gallery-item'>\n\t\t\t<div class='gallery-icon landscape'>\n\t\t\t\t<a href='https:\/\/www.arquimaster.com.ar\/web\/wp-content\/uploads\/2020\/10\/casa_dm9_11.jpg' title=\"Casa-DM9 \/ Emiliano Castoro Arquitectos\" data-rl_title=\"Casa-DM9 \/ Emiliano Castoro Arquitectos\" class=\"rl-gallery-link\" data-rl_caption=\"Casa-DM9 \/ Emiliano Castoro Arquitectos\" data-rel=\"lightbox-gallery-1\"><img loading=\"lazy\" decoding=\"async\" width=\"150\" height=\"150\" src=\"https:\/\/www.arquimaster.com.ar\/web\/wp-content\/uploads\/2020\/10\/casa_dm9_11-150x150.jpg\" class=\"attachment-thumbnail size-thumbnail\" alt=\"Casa-DM9 \/ Emiliano Castoro Arquitectos\" aria-describedby=\"gallery-1-60375\" \/><\/a>\n\t\t\t<\/div>\n\t\t\t\t<figcaption class='wp-caption-text gallery-caption' id='gallery-1-60375'>\n\t\t\t\tCasa-DM9 \/ Emiliano Castoro Arquitectos\n\t\t\t\t<\/figcaption><\/figure><figure class='gallery-item'>\n\t\t\t<div class='gallery-icon landscape'>\n\t\t\t\t<a href='https:\/\/www.arquimaster.com.ar\/web\/wp-content\/uploads\/2020\/10\/casa_dm9_12.jpg' title=\"Casa-DM9 \/ Emiliano Castoro Arquitectos\" data-rl_title=\"Casa-DM9 \/ Emiliano Castoro Arquitectos\" class=\"rl-gallery-link\" data-rl_caption=\"Casa-DM9 \/ Emiliano Castoro Arquitectos\" data-rel=\"lightbox-gallery-1\"><img loading=\"lazy\" decoding=\"async\" width=\"150\" height=\"150\" src=\"https:\/\/www.arquimaster.com.ar\/web\/wp-content\/uploads\/2020\/10\/casa_dm9_12-150x150.jpg\" class=\"attachment-thumbnail size-thumbnail\" alt=\"Casa-DM9 \/ Emiliano Castoro Arquitectos\" aria-describedby=\"gallery-1-60376\" \/><\/a>\n\t\t\t<\/div>\n\t\t\t\t<figcaption class='wp-caption-text gallery-caption' id='gallery-1-60376'>\n\t\t\t\tCasa-DM9 \/ Emiliano Castoro Arquitectos\n\t\t\t\t<\/figcaption><\/figure><figure class='gallery-item'>\n\t\t\t<div class='gallery-icon landscape'>\n\t\t\t\t<a href='https:\/\/www.arquimaster.com.ar\/web\/wp-content\/uploads\/2020\/10\/casa_dm9_13.jpg' title=\"Casa-DM9 \/ Emiliano Castoro Arquitectos\" data-rl_title=\"Casa-DM9 \/ Emiliano Castoro Arquitectos\" class=\"rl-gallery-link\" data-rl_caption=\"Casa-DM9 \/ Emiliano Castoro Arquitectos\" data-rel=\"lightbox-gallery-1\"><img loading=\"lazy\" decoding=\"async\" width=\"150\" height=\"150\" src=\"https:\/\/www.arquimaster.com.ar\/web\/wp-content\/uploads\/2020\/10\/casa_dm9_13-150x150.jpg\" class=\"attachment-thumbnail size-thumbnail\" alt=\"Casa-DM9 \/ Emiliano Castoro Arquitectos\" aria-describedby=\"gallery-1-60377\" \/><\/a>\n\t\t\t<\/div>\n\t\t\t\t<figcaption class='wp-caption-text gallery-caption' id='gallery-1-60377'>\n\t\t\t\tCasa-DM9 \/ Emiliano Castoro Arquitectos\n\t\t\t\t<\/figcaption><\/figure><figure class='gallery-item'>\n\t\t\t<div class='gallery-icon landscape'>\n\t\t\t\t<a href='https:\/\/www.arquimaster.com.ar\/web\/wp-content\/uploads\/2020\/10\/casa_dm9_14.jpg' title=\"Casa-DM9 \/ Emiliano Castoro Arquitectos\" data-rl_title=\"Casa-DM9 \/ Emiliano Castoro Arquitectos\" class=\"rl-gallery-link\" data-rl_caption=\"Casa-DM9 \/ Emiliano Castoro Arquitectos\" data-rel=\"lightbox-gallery-1\"><img loading=\"lazy\" decoding=\"async\" width=\"150\" height=\"150\" src=\"https:\/\/www.arquimaster.com.ar\/web\/wp-content\/uploads\/2020\/10\/casa_dm9_14-150x150.jpg\" class=\"attachment-thumbnail size-thumbnail\" alt=\"Casa-DM9 \/ Emiliano Castoro Arquitectos\" aria-describedby=\"gallery-1-60378\" \/><\/a>\n\t\t\t<\/div>\n\t\t\t\t<figcaption class='wp-caption-text gallery-caption' id='gallery-1-60378'>\n\t\t\t\tCasa-DM9 \/ Emiliano Castoro Arquitectos\n\t\t\t\t<\/figcaption><\/figure><figure class='gallery-item'>\n\t\t\t<div class='gallery-icon landscape'>\n\t\t\t\t<a href='https:\/\/www.arquimaster.com.ar\/web\/wp-content\/uploads\/2020\/10\/casa_dm9_15.jpg' title=\"Casa-DM9 \/ Emiliano Castoro Arquitectos\" data-rl_title=\"Casa-DM9 \/ Emiliano Castoro Arquitectos\" class=\"rl-gallery-link\" data-rl_caption=\"Casa-DM9 \/ Emiliano Castoro Arquitectos\" data-rel=\"lightbox-gallery-1\"><img loading=\"lazy\" decoding=\"async\" width=\"150\" height=\"150\" src=\"https:\/\/www.arquimaster.com.ar\/web\/wp-content\/uploads\/2020\/10\/casa_dm9_15-150x150.jpg\" class=\"attachment-thumbnail size-thumbnail\" alt=\"Casa-DM9 \/ Emiliano Castoro Arquitectos\" aria-describedby=\"gallery-1-60379\" \/><\/a>\n\t\t\t<\/div>\n\t\t\t\t<figcaption class='wp-caption-text gallery-caption' id='gallery-1-60379'>\n\t\t\t\tCasa-DM9 \/ Emiliano Castoro Arquitectos\n\t\t\t\t<\/figcaption><\/figure><figure class='gallery-item'>\n\t\t\t<div class='gallery-icon landscape'>\n\t\t\t\t<a href='https:\/\/www.arquimaster.com.ar\/web\/wp-content\/uploads\/2020\/10\/casa_dm9_16.jpg' title=\"Casa-DM9 \/ Emiliano Castoro Arquitectos\" data-rl_title=\"Casa-DM9 \/ Emiliano Castoro Arquitectos\" class=\"rl-gallery-link\" data-rl_caption=\"Casa-DM9 \/ Emiliano Castoro Arquitectos\" data-rel=\"lightbox-gallery-1\"><img loading=\"lazy\" decoding=\"async\" width=\"150\" height=\"150\" src=\"https:\/\/www.arquimaster.com.ar\/web\/wp-content\/uploads\/2020\/10\/casa_dm9_16-150x150.jpg\" class=\"attachment-thumbnail size-thumbnail\" alt=\"Casa-DM9 \/ Emiliano Castoro Arquitectos\" aria-describedby=\"gallery-1-60380\" \/><\/a>\n\t\t\t<\/div>\n\t\t\t\t<figcaption class='wp-caption-text gallery-caption' id='gallery-1-60380'>\n\t\t\t\tCasa-DM9 \/ Emiliano Castoro Arquitectos\n\t\t\t\t<\/figcaption><\/figure><figure class='gallery-item'>\n\t\t\t<div class='gallery-icon landscape'>\n\t\t\t\t<a href='https:\/\/www.arquimaster.com.ar\/web\/wp-content\/uploads\/2020\/10\/casa_dm9_17.jpg' title=\"Casa-DM9 \/ Emiliano Castoro Arquitectos\" data-rl_title=\"Casa-DM9 \/ Emiliano Castoro Arquitectos\" class=\"rl-gallery-link\" data-rl_caption=\"Casa-DM9 \/ Emiliano Castoro Arquitectos\" data-rel=\"lightbox-gallery-1\"><img loading=\"lazy\" decoding=\"async\" width=\"150\" height=\"150\" src=\"https:\/\/www.arquimaster.com.ar\/web\/wp-content\/uploads\/2020\/10\/casa_dm9_17-150x150.jpg\" class=\"attachment-thumbnail size-thumbnail\" alt=\"Casa-DM9 \/ Emiliano Castoro Arquitectos\" aria-describedby=\"gallery-1-60381\" \/><\/a>\n\t\t\t<\/div>\n\t\t\t\t<figcaption class='wp-caption-text gallery-caption' id='gallery-1-60381'>\n\t\t\t\tCasa-DM9 \/ Emiliano Castoro Arquitectos\n\t\t\t\t<\/figcaption><\/figure><figure class='gallery-item'>\n\t\t\t<div class='gallery-icon landscape'>\n\t\t\t\t<a href='https:\/\/www.arquimaster.com.ar\/web\/wp-content\/uploads\/2020\/10\/casa_dm9_18.jpg' title=\"Casa-DM9 \/ Emiliano Castoro Arquitectos\" data-rl_title=\"Casa-DM9 \/ Emiliano Castoro Arquitectos\" class=\"rl-gallery-link\" data-rl_caption=\"Casa-DM9 \/ Emiliano Castoro Arquitectos\" data-rel=\"lightbox-gallery-1\"><img loading=\"lazy\" decoding=\"async\" width=\"150\" height=\"150\" src=\"https:\/\/www.arquimaster.com.ar\/web\/wp-content\/uploads\/2020\/10\/casa_dm9_18-150x150.jpg\" class=\"attachment-thumbnail size-thumbnail\" alt=\"Casa-DM9 \/ Emiliano Castoro Arquitectos\" aria-describedby=\"gallery-1-60382\" \/><\/a>\n\t\t\t<\/div>\n\t\t\t\t<figcaption class='wp-caption-text gallery-caption' id='gallery-1-60382'>\n\t\t\t\tCasa-DM9 \/ Emiliano Castoro Arquitectos\n\t\t\t\t<\/figcaption><\/figure><figure class='gallery-item'>\n\t\t\t<div class='gallery-icon landscape'>\n\t\t\t\t<a href='https:\/\/www.arquimaster.com.ar\/web\/wp-content\/uploads\/2020\/10\/casa_dm9_19.jpg' title=\"Casa-DM9 \/ Emiliano Castoro Arquitectos\" data-rl_title=\"Casa-DM9 \/ Emiliano Castoro Arquitectos\" class=\"rl-gallery-link\" data-rl_caption=\"Casa-DM9 \/ Emiliano Castoro Arquitectos\" data-rel=\"lightbox-gallery-1\"><img loading=\"lazy\" decoding=\"async\" width=\"150\" height=\"150\" src=\"https:\/\/www.arquimaster.com.ar\/web\/wp-content\/uploads\/2020\/10\/casa_dm9_19-150x150.jpg\" class=\"attachment-thumbnail size-thumbnail\" alt=\"Casa-DM9 \/ Emiliano Castoro Arquitectos\" aria-describedby=\"gallery-1-60383\" \/><\/a>\n\t\t\t<\/div>\n\t\t\t\t<figcaption class='wp-caption-text gallery-caption' id='gallery-1-60383'>\n\t\t\t\tCasa-DM9 \/ Emiliano Castoro Arquitectos\n\t\t\t\t<\/figcaption><\/figure><figure class='gallery-item'>\n\t\t\t<div class='gallery-icon landscape'>\n\t\t\t\t<a href='https:\/\/www.arquimaster.com.ar\/web\/wp-content\/uploads\/2020\/10\/casa_dm9_20.jpg' title=\"Casa-DM9 \/ Emiliano Castoro Arquitectos\" data-rl_title=\"Casa-DM9 \/ Emiliano Castoro Arquitectos\" class=\"rl-gallery-link\" data-rl_caption=\"Casa-DM9 \/ Emiliano Castoro Arquitectos\" data-rel=\"lightbox-gallery-1\"><img loading=\"lazy\" decoding=\"async\" width=\"150\" height=\"150\" src=\"https:\/\/www.arquimaster.com.ar\/web\/wp-content\/uploads\/2020\/10\/casa_dm9_20-150x150.jpg\" class=\"attachment-thumbnail size-thumbnail\" alt=\"Casa-DM9 \/ Emiliano Castoro Arquitectos\" aria-describedby=\"gallery-1-60384\" \/><\/a>\n\t\t\t<\/div>\n\t\t\t\t<figcaption class='wp-caption-text gallery-caption' id='gallery-1-60384'>\n\t\t\t\tCasa-DM9 \/ Emiliano Castoro Arquitectos\n\t\t\t\t<\/figcaption><\/figure><figure class='gallery-item'>\n\t\t\t<div class='gallery-icon landscape'>\n\t\t\t\t<a href='https:\/\/www.arquimaster.com.ar\/web\/wp-content\/uploads\/2020\/10\/casa_dm9_21.jpg' title=\"Casa-DM9 \/ Emiliano Castoro Arquitectos\" data-rl_title=\"Casa-DM9 \/ Emiliano Castoro Arquitectos\" class=\"rl-gallery-link\" data-rl_caption=\"Casa-DM9 \/ Emiliano Castoro Arquitectos\" data-rel=\"lightbox-gallery-1\"><img loading=\"lazy\" decoding=\"async\" width=\"150\" height=\"150\" src=\"https:\/\/www.arquimaster.com.ar\/web\/wp-content\/uploads\/2020\/10\/casa_dm9_21-150x150.jpg\" class=\"attachment-thumbnail size-thumbnail\" alt=\"Casa-DM9 \/ Emiliano Castoro Arquitectos\" aria-describedby=\"gallery-1-60385\" \/><\/a>\n\t\t\t<\/div>\n\t\t\t\t<figcaption class='wp-caption-text gallery-caption' id='gallery-1-60385'>\n\t\t\t\tCasa-DM9 \/ Emiliano Castoro Arquitectos\n\t\t\t\t<\/figcaption><\/figure><figure class='gallery-item'>\n\t\t\t<div class='gallery-icon landscape'>\n\t\t\t\t<a href='https:\/\/www.arquimaster.com.ar\/web\/wp-content\/uploads\/2020\/10\/casa_dm9_22.jpg' title=\"Casa-DM9 \/ Emiliano Castoro Arquitectos\" data-rl_title=\"Casa-DM9 \/ Emiliano Castoro Arquitectos\" class=\"rl-gallery-link\" data-rl_caption=\"Casa-DM9 \/ Emiliano Castoro Arquitectos\" data-rel=\"lightbox-gallery-1\"><img loading=\"lazy\" decoding=\"async\" width=\"150\" height=\"150\" src=\"https:\/\/www.arquimaster.com.ar\/web\/wp-content\/uploads\/2020\/10\/casa_dm9_22-150x150.jpg\" class=\"attachment-thumbnail size-thumbnail\" alt=\"Casa-DM9 \/ Emiliano Castoro Arquitectos\" aria-describedby=\"gallery-1-60386\" \/><\/a>\n\t\t\t<\/div>\n\t\t\t\t<figcaption class='wp-caption-text gallery-caption' id='gallery-1-60386'>\n\t\t\t\tCasa-DM9 \/ Emiliano Castoro Arquitectos\n\t\t\t\t<\/figcaption><\/figure><figure class='gallery-item'>\n\t\t\t<div class='gallery-icon landscape'>\n\t\t\t\t<a href='https:\/\/www.arquimaster.com.ar\/web\/wp-content\/uploads\/2020\/10\/casa_dm9_23.jpg' title=\"Casa-DM9 \/ Emiliano Castoro Arquitectos\" data-rl_title=\"Casa-DM9 \/ Emiliano Castoro Arquitectos\" class=\"rl-gallery-link\" data-rl_caption=\"Casa-DM9 \/ Emiliano Castoro Arquitectos\" data-rel=\"lightbox-gallery-1\"><img loading=\"lazy\" decoding=\"async\" width=\"150\" height=\"150\" src=\"https:\/\/www.arquimaster.com.ar\/web\/wp-content\/uploads\/2020\/10\/casa_dm9_23-150x150.jpg\" class=\"attachment-thumbnail size-thumbnail\" alt=\"Casa-DM9 \/ Emiliano Castoro Arquitectos\" aria-describedby=\"gallery-1-60387\" \/><\/a>\n\t\t\t<\/div>\n\t\t\t\t<figcaption class='wp-caption-text gallery-caption' id='gallery-1-60387'>\n\t\t\t\tCasa-DM9 \/ Emiliano Castoro Arquitectos\n\t\t\t\t<\/figcaption><\/figure><figure class='gallery-item'>\n\t\t\t<div class='gallery-icon landscape'>\n\t\t\t\t<a href='https:\/\/www.arquimaster.com.ar\/web\/wp-content\/uploads\/2020\/10\/casa_dm9_24.jpg' title=\"Casa-DM9 \/ Emiliano Castoro Arquitectos\" data-rl_title=\"Casa-DM9 \/ Emiliano Castoro Arquitectos\" class=\"rl-gallery-link\" data-rl_caption=\"Casa-DM9 \/ Emiliano Castoro Arquitectos\" data-rel=\"lightbox-gallery-1\"><img loading=\"lazy\" decoding=\"async\" width=\"150\" height=\"150\" src=\"https:\/\/www.arquimaster.com.ar\/web\/wp-content\/uploads\/2020\/10\/casa_dm9_24-150x150.jpg\" class=\"attachment-thumbnail size-thumbnail\" alt=\"Casa-DM9 \/ Emiliano Castoro Arquitectos\" aria-describedby=\"gallery-1-60388\" \/><\/a>\n\t\t\t<\/div>\n\t\t\t\t<figcaption class='wp-caption-text gallery-caption' id='gallery-1-60388'>\n\t\t\t\tCasa-DM9 \/ Emiliano Castoro Arquitectos\n\t\t\t\t<\/figcaption><\/figure><figure class='gallery-item'>\n\t\t\t<div class='gallery-icon landscape'>\n\t\t\t\t<a href='https:\/\/www.arquimaster.com.ar\/web\/wp-content\/uploads\/2020\/10\/casa_dm9_25.jpg' title=\"Casa-DM9 \/ Emiliano Castoro Arquitectos\" data-rl_title=\"Casa-DM9 \/ Emiliano Castoro Arquitectos\" class=\"rl-gallery-link\" data-rl_caption=\"Casa-DM9 \/ Emiliano Castoro Arquitectos\" data-rel=\"lightbox-gallery-1\"><img loading=\"lazy\" decoding=\"async\" width=\"150\" height=\"150\" src=\"https:\/\/www.arquimaster.com.ar\/web\/wp-content\/uploads\/2020\/10\/casa_dm9_25-150x150.jpg\" class=\"attachment-thumbnail size-thumbnail\" alt=\"Casa-DM9 \/ Emiliano Castoro Arquitectos\" aria-describedby=\"gallery-1-60389\" \/><\/a>\n\t\t\t<\/div>\n\t\t\t\t<figcaption class='wp-caption-text gallery-caption' id='gallery-1-60389'>\n\t\t\t\tCasa-DM9 \/ Emiliano Castoro Arquitectos\n\t\t\t\t<\/figcaption><\/figure><figure class='gallery-item'>\n\t\t\t<div class='gallery-icon landscape'>\n\t\t\t\t<a href='https:\/\/www.arquimaster.com.ar\/web\/wp-content\/uploads\/2020\/10\/casa_dm9_26.jpg' title=\"Casa-DM9 \/ Emiliano Castoro Arquitectos\" data-rl_title=\"Casa-DM9 \/ Emiliano Castoro Arquitectos\" class=\"rl-gallery-link\" data-rl_caption=\"Casa-DM9 \/ Emiliano Castoro Arquitectos\" data-rel=\"lightbox-gallery-1\"><img loading=\"lazy\" decoding=\"async\" width=\"150\" height=\"150\" src=\"https:\/\/www.arquimaster.com.ar\/web\/wp-content\/uploads\/2020\/10\/casa_dm9_26-150x150.jpg\" class=\"attachment-thumbnail size-thumbnail\" alt=\"Casa-DM9 \/ Emiliano Castoro Arquitectos\" aria-describedby=\"gallery-1-60390\" \/><\/a>\n\t\t\t<\/div>\n\t\t\t\t<figcaption class='wp-caption-text gallery-caption' id='gallery-1-60390'>\n\t\t\t\tCasa-DM9 \/ Emiliano Castoro Arquitectos\n\t\t\t\t<\/figcaption><\/figure><figure class='gallery-item'>\n\t\t\t<div class='gallery-icon landscape'>\n\t\t\t\t<a href='https:\/\/www.arquimaster.com.ar\/web\/wp-content\/uploads\/2020\/10\/casa_dm9_27.jpg' title=\"Casa-DM9 \/ Emiliano Castoro Arquitectos\" data-rl_title=\"Casa-DM9 \/ Emiliano Castoro Arquitectos\" class=\"rl-gallery-link\" data-rl_caption=\"Casa-DM9 \/ Emiliano Castoro Arquitectos\" data-rel=\"lightbox-gallery-1\"><img loading=\"lazy\" decoding=\"async\" width=\"150\" height=\"150\" src=\"https:\/\/www.arquimaster.com.ar\/web\/wp-content\/uploads\/2020\/10\/casa_dm9_27-150x150.jpg\" class=\"attachment-thumbnail size-thumbnail\" alt=\"Casa-DM9 \/ Emiliano Castoro Arquitectos\" aria-describedby=\"gallery-1-60391\" \/><\/a>\n\t\t\t<\/div>\n\t\t\t\t<figcaption class='wp-caption-text gallery-caption' id='gallery-1-60391'>\n\t\t\t\tCasa-DM9 \/ Emiliano Castoro Arquitectos\n\t\t\t\t<\/figcaption><\/figure><figure class='gallery-item'>\n\t\t\t<div class='gallery-icon landscape'>\n\t\t\t\t<a href='https:\/\/www.arquimaster.com.ar\/web\/wp-content\/uploads\/2020\/10\/casa_dm9_28.jpg' title=\"Casa-DM9 \/ Emiliano Castoro Arquitectos\" data-rl_title=\"Casa-DM9 \/ Emiliano Castoro Arquitectos\" class=\"rl-gallery-link\" data-rl_caption=\"Casa-DM9 \/ Emiliano Castoro Arquitectos\" data-rel=\"lightbox-gallery-1\"><img loading=\"lazy\" decoding=\"async\" width=\"150\" height=\"150\" src=\"https:\/\/www.arquimaster.com.ar\/web\/wp-content\/uploads\/2020\/10\/casa_dm9_28-150x150.jpg\" class=\"attachment-thumbnail size-thumbnail\" alt=\"Casa-DM9 \/ Emiliano Castoro Arquitectos\" aria-describedby=\"gallery-1-60392\" \/><\/a>\n\t\t\t<\/div>\n\t\t\t\t<figcaption class='wp-caption-text gallery-caption' id='gallery-1-60392'>\n\t\t\t\tCasa-DM9 \/ Emiliano Castoro Arquitectos\n\t\t\t\t<\/figcaption><\/figure><figure class='gallery-item'>\n\t\t\t<div class='gallery-icon landscape'>\n\t\t\t\t<a href='https:\/\/www.arquimaster.com.ar\/web\/wp-content\/uploads\/2020\/10\/casa_dm9_29.jpg' title=\"Casa-DM9 \/ Emiliano Castoro Arquitectos\" data-rl_title=\"Casa-DM9 \/ Emiliano Castoro Arquitectos\" class=\"rl-gallery-link\" data-rl_caption=\"Casa-DM9 \/ Emiliano Castoro Arquitectos\" data-rel=\"lightbox-gallery-1\"><img loading=\"lazy\" decoding=\"async\" width=\"150\" height=\"150\" src=\"https:\/\/www.arquimaster.com.ar\/web\/wp-content\/uploads\/2020\/10\/casa_dm9_29-150x150.jpg\" class=\"attachment-thumbnail size-thumbnail\" alt=\"Casa-DM9 \/ Emiliano Castoro Arquitectos\" aria-describedby=\"gallery-1-60393\" \/><\/a>\n\t\t\t<\/div>\n\t\t\t\t<figcaption class='wp-caption-text gallery-caption' id='gallery-1-60393'>\n\t\t\t\tCasa-DM9 \/ Emiliano Castoro Arquitectos\n\t\t\t\t<\/figcaption><\/figure><figure class='gallery-item'>\n\t\t\t<div class='gallery-icon landscape'>\n\t\t\t\t<a href='https:\/\/www.arquimaster.com.ar\/web\/wp-content\/uploads\/2020\/10\/casa_dm9_30.jpg' title=\"Casa-DM9 \/ Emiliano Castoro Arquitectos\" data-rl_title=\"Casa-DM9 \/ Emiliano Castoro Arquitectos\" class=\"rl-gallery-link\" data-rl_caption=\"Casa-DM9 \/ Emiliano Castoro Arquitectos\" data-rel=\"lightbox-gallery-1\"><img loading=\"lazy\" decoding=\"async\" width=\"150\" height=\"150\" src=\"https:\/\/www.arquimaster.com.ar\/web\/wp-content\/uploads\/2020\/10\/casa_dm9_30-150x150.jpg\" class=\"attachment-thumbnail size-thumbnail\" alt=\"Casa-DM9 \/ Emiliano Castoro Arquitectos\" aria-describedby=\"gallery-1-60394\" \/><\/a>\n\t\t\t<\/div>\n\t\t\t\t<figcaption class='wp-caption-text gallery-caption' id='gallery-1-60394'>\n\t\t\t\tCasa-DM9 \/ Emiliano Castoro Arquitectos\n\t\t\t\t<\/figcaption><\/figure><figure class='gallery-item'>\n\t\t\t<div class='gallery-icon landscape'>\n\t\t\t\t<a href='https:\/\/www.arquimaster.com.ar\/web\/wp-content\/uploads\/2020\/10\/casa_dm9_31.jpg' title=\"Casa-DM9 \/ Emiliano Castoro Arquitectos\" data-rl_title=\"Casa-DM9 \/ Emiliano Castoro Arquitectos\" class=\"rl-gallery-link\" data-rl_caption=\"Casa-DM9 \/ Emiliano Castoro Arquitectos\" data-rel=\"lightbox-gallery-1\"><img loading=\"lazy\" decoding=\"async\" width=\"150\" height=\"150\" src=\"https:\/\/www.arquimaster.com.ar\/web\/wp-content\/uploads\/2020\/10\/casa_dm9_31-150x150.jpg\" class=\"attachment-thumbnail size-thumbnail\" alt=\"Casa-DM9 \/ Emiliano Castoro Arquitectos\" aria-describedby=\"gallery-1-60395\" \/><\/a>\n\t\t\t<\/div>\n\t\t\t\t<figcaption class='wp-caption-text gallery-caption' id='gallery-1-60395'>\n\t\t\t\tCasa-DM9 \/ Emiliano Castoro Arquitectos\n\t\t\t\t<\/figcaption><\/figure><figure class='gallery-item'>\n\t\t\t<div class='gallery-icon portrait'>\n\t\t\t\t<a href='https:\/\/www.arquimaster.com.ar\/web\/wp-content\/uploads\/2020\/10\/casa_dm9_32.jpg' title=\"Casa-DM9 \/ Emiliano Castoro Arquitectos\" data-rl_title=\"Casa-DM9 \/ Emiliano Castoro Arquitectos\" class=\"rl-gallery-link\" data-rl_caption=\"Casa-DM9 \/ Emiliano Castoro Arquitectos\" data-rel=\"lightbox-gallery-1\"><img loading=\"lazy\" decoding=\"async\" width=\"150\" height=\"150\" src=\"https:\/\/www.arquimaster.com.ar\/web\/wp-content\/uploads\/2020\/10\/casa_dm9_32-150x150.jpg\" class=\"attachment-thumbnail size-thumbnail\" alt=\"Casa-DM9 \/ Emiliano Castoro Arquitectos\" aria-describedby=\"gallery-1-60396\" \/><\/a>\n\t\t\t<\/div>\n\t\t\t\t<figcaption class='wp-caption-text gallery-caption' id='gallery-1-60396'>\n\t\t\t\tCasa-DM9 \/ Emiliano Castoro Arquitectos\n\t\t\t\t<\/figcaption><\/figure><figure class='gallery-item'>\n\t\t\t<div class='gallery-icon landscape'>\n\t\t\t\t<a href='https:\/\/www.arquimaster.com.ar\/web\/wp-content\/uploads\/2020\/10\/casa_dm9_33.jpg' title=\"Casa-DM9 \/ Emiliano Castoro Arquitectos (planta baja)\" data-rl_title=\"Casa-DM9 \/ Emiliano Castoro Arquitectos (planta baja)\" class=\"rl-gallery-link\" data-rl_caption=\"Casa-DM9 \/ Emiliano Castoro Arquitectos (planta baja)\" data-rel=\"lightbox-gallery-1\"><img loading=\"lazy\" decoding=\"async\" width=\"150\" height=\"150\" src=\"https:\/\/www.arquimaster.com.ar\/web\/wp-content\/uploads\/2020\/10\/casa_dm9_33-150x150.jpg\" class=\"attachment-thumbnail size-thumbnail\" alt=\"Casa-DM9 \/ Emiliano Castoro Arquitectos\" aria-describedby=\"gallery-1-60397\" \/><\/a>\n\t\t\t<\/div>\n\t\t\t\t<figcaption class='wp-caption-text gallery-caption' id='gallery-1-60397'>\n\t\t\t\tCasa-DM9 \/ Emiliano Castoro Arquitectos (planta baja)\n\t\t\t\t<\/figcaption><\/figure><figure class='gallery-item'>\n\t\t\t<div class='gallery-icon landscape'>\n\t\t\t\t<a href='https:\/\/www.arquimaster.com.ar\/web\/wp-content\/uploads\/2020\/10\/casa_dm9_34.jpg' title=\"Casa-DM9 \/ Emiliano Castoro Arquitectos (planta alta)\" data-rl_title=\"Casa-DM9 \/ Emiliano Castoro Arquitectos (planta alta)\" class=\"rl-gallery-link\" data-rl_caption=\"Casa-DM9 \/ Emiliano Castoro Arquitectos (planta alta)\" data-rel=\"lightbox-gallery-1\"><img loading=\"lazy\" decoding=\"async\" width=\"150\" height=\"150\" src=\"https:\/\/www.arquimaster.com.ar\/web\/wp-content\/uploads\/2020\/10\/casa_dm9_34-150x150.jpg\" class=\"attachment-thumbnail size-thumbnail\" alt=\"Casa-DM9 \/ Emiliano Castoro Arquitectos\" aria-describedby=\"gallery-1-60398\" \/><\/a>\n\t\t\t<\/div>\n\t\t\t\t<figcaption class='wp-caption-text gallery-caption' id='gallery-1-60398'>\n\t\t\t\tCasa-DM9 \/ Emiliano Castoro Arquitectos (planta alta)\n\t\t\t\t<\/figcaption><\/figure><figure class='gallery-item'>\n\t\t\t<div class='gallery-icon landscape'>\n\t\t\t\t<a href='https:\/\/www.arquimaster.com.ar\/web\/wp-content\/uploads\/2020\/10\/casa_dm9_35.jpg' title=\"Casa-DM9 \/ Emiliano Castoro Arquitectos (cortes)\" data-rl_title=\"Casa-DM9 \/ Emiliano Castoro Arquitectos (cortes)\" class=\"rl-gallery-link\" data-rl_caption=\"Casa-DM9 \/ Emiliano Castoro Arquitectos (cortes)\" data-rel=\"lightbox-gallery-1\"><img loading=\"lazy\" decoding=\"async\" width=\"150\" height=\"150\" src=\"https:\/\/www.arquimaster.com.ar\/web\/wp-content\/uploads\/2020\/10\/casa_dm9_35-150x150.jpg\" class=\"attachment-thumbnail size-thumbnail\" alt=\"Casa-DM9 \/ Emiliano Castoro Arquitectos\" aria-describedby=\"gallery-1-60399\" \/><\/a>\n\t\t\t<\/div>\n\t\t\t\t<figcaption class='wp-caption-text gallery-caption' id='gallery-1-60399'>\n\t\t\t\tCasa-DM9 \/ Emiliano Castoro Arquitectos (cortes)\n\t\t\t\t<\/figcaption><\/figure><figure class='gallery-item'>\n\t\t\t<div class='gallery-icon landscape'>\n\t\t\t\t<a href='https:\/\/www.arquimaster.com.ar\/web\/wp-content\/uploads\/2020\/10\/casa_dm9_36.jpg' title=\"Casa-DM9 \/ Emiliano Castoro Arquitectos (vistas)\" data-rl_title=\"Casa-DM9 \/ Emiliano Castoro Arquitectos (vistas)\" class=\"rl-gallery-link\" data-rl_caption=\"Casa-DM9 \/ Emiliano Castoro Arquitectos (vistas)\" data-rel=\"lightbox-gallery-1\"><img loading=\"lazy\" decoding=\"async\" width=\"150\" height=\"150\" src=\"https:\/\/www.arquimaster.com.ar\/web\/wp-content\/uploads\/2020\/10\/casa_dm9_36-150x150.jpg\" class=\"attachment-thumbnail size-thumbnail\" alt=\"Casa-DM9 \/ Emiliano Castoro Arquitectos\" aria-describedby=\"gallery-1-60400\" \/><\/a>\n\t\t\t<\/div>\n\t\t\t\t<figcaption class='wp-caption-text gallery-caption' id='gallery-1-60400'>\n\t\t\t\tCasa-DM9 \/ Emiliano Castoro Arquitectos (vistas)\n\t\t\t\t<\/figcaption><\/figure>\n\t\t<\/div>\n\n<p>El pedido fue conciso: \u00abUna casa de fin de semana para disfrutar, que no exija mantenimiento\u00bb. El dise\u00f1o y la obra resultante se basaron en esta premisa, por eso carece de materiales d\u00e9biles expuestos que necesiten atenci\u00f3n, todas las aberturas de PVC se encuentran foliadas, y se utiliz\u00f3 piso de porcelanato imitaci\u00f3n madera para los dormitorios.<\/p>\n<p>El hecho de implantar la casa en un terreno at\u00edpico, configur\u00f3 el mayor desaf\u00edo al momento de dise\u00f1ar: con una superficie de 1300 m2 pero solo 17 metros de frente y 53 metros de fondo. Considerando que se trata de un dise\u00f1o de per\u00edmetro libre, se estableci\u00f3 que no deb\u00eda faltar en ninguno de los ambientes el contacto con el verde exterior, ya que hace a la calidad y calidez de todos los ambientes.<\/p>\n<p>El desarrollo del programa se divide en dos plantas. Los espacios comunes se agrupan en un ala de la planta baja junto con los servicios; mientras que en otra ala se ubican los dormitorios de los hijos, pr\u00f3ximos a una sala de TV, cuyo ingreso es por el estar comedor en doble altura.<\/p>\n<p>La cocina oficia como n\u00facleo articulador entre el sector com\u00fan interno y el externo, comunic\u00e1ndose con el quincho y la parrilla. Por su parte, en la planta alta se distribuyen la suite principal y una suite de hu\u00e9spedes.<\/p>\n<p><strong>Ficha t\u00e9cnica<\/strong><br \/>\nNombre: Casa-DM9<br \/>\nUbicaci\u00f3n: Gral. Rodriguez, Pcia. de Buenos Aires, Argentina<br \/>\nProyecto, Direcci\u00f3n y Construcci\u00f3n: Emiliano Castoro Arquitectos<br \/>\nSuperficie cubierta: 450 m2<\/p>\n<p><strong>Contacto<\/strong><br \/>\n<a href=\"http:\/\/www.ecastoroarquitectos.com.ar\" target=\"_blank\" rel=\"noopener noreferrer\">http:\/\/www.ecastoroarquitectos.com.ar<\/a><\/p>\n<p><strong>Sobre Emiliano Castoro Arquitectos<\/strong><br \/>\nSe trata de un equipo de arquitectos dedicados al dise\u00f1o, construcci\u00f3n y direcci\u00f3n de obras unifamiliares y multifamiliares, as\u00ed como tambi\u00e9n locales comerciales. Desde la eficiencia y el dise\u00f1o constructivo, en sus obras cobra un gran valor el cuidado del medio ambiente. Por eso, hay un claro foco en materiales nobles, desde el hormig\u00f3n armado, el ladrillo visto o los muros de piedra.<\/p>\n\n<div style=\"font-size: 0px; height: 0px; line-height: 0px; margin: 0; padding: 0; clear: both;\"><\/div><div style=\"margin-top: 0px; margin-bottom: 0px;\" class=\"sharethis-inline-share-buttons\" ><\/div>","protected":false},"excerpt":{"rendered":"<p>Casa de fin de semana ubicada en un club de campo con una arboleda frondosa y antigua&#8230;<\/p>\n","protected":false},"author":1,"featured_media":60364,"comment_status":"closed","ping_status":"closed","sticky":false,"template":"","format":"standard","meta":{"_uag_custom_page_level_css":"","footnotes":""},"categories":[1,251],"tags":[4282,16,2157,2156,847,1926,6579,6578,6471],"class_list":["post-60363","post","type-post","status-publish","format-standard","has-post-thumbnail","hentry","category-proyecto","category-casas-de-playa","tag-arquitectura-residencial","tag-buenos-aires","tag-casa-de-descanso","tag-casa-de-fin-de-semana","tag-casa-en-barrio-cerrado","tag-club-de-campo","tag-emiliano-castoro-arquitectos","tag-general-rodriguez","tag-vivienda-no-permanente","generate-columns","tablet-grid-50","mobile-grid-100","grid-parent","grid-50"],"yoast_head":"<!-- This site is optimized with the Yoast SEO plugin v27.3 - https:\/\/yoast.com\/product\/yoast-seo-wordpress\/ -->\n<title>Casa-DM9 \/ Emiliano Castoro Arquitectos - Arquimaster<\/title>\n<meta name=\"description\" content=\"Casa de fin de semana para una familia que reside en la ciudad, ubicada en un club de campo con una arboleda frondosa y antigua.\" \/>\n<meta name=\"robots\" content=\"index, follow, max-snippet:-1, max-image-preview:large, max-video-preview:-1\" \/>\n<link rel=\"canonical\" href=\"https:\/\/www.arquimaster.com.ar\/web\/casa-dm9-emiliano-castoro-arquitectos\/\" \/>\n<meta property=\"og:locale\" content=\"es_ES\" \/>\n<meta property=\"og:type\" content=\"article\" \/>\n<meta property=\"og:title\" content=\"Casa-DM9 \/ Emiliano Castoro Arquitectos\" \/>\n<meta property=\"og:description\" content=\"Casa de fin de semana para una familia que reside en la ciudad, ubicada en un club de campo con una arboleda frondosa y antigua.\" \/>\n<meta property=\"og:url\" content=\"https:\/\/www.arquimaster.com.ar\/web\/casa-dm9-emiliano-castoro-arquitectos\/\" \/>\n<meta property=\"og:site_name\" content=\"Arquimaster\" \/>\n<meta property=\"article:publisher\" content=\"http:\/\/www.facebook.com\/ARQUIMASTER.com.ar\" \/>\n<meta property=\"article:published_time\" content=\"2020-10-29T15:36:58+00:00\" \/>\n<meta property=\"article:modified_time\" content=\"2020-11-13T18:16:37+00:00\" \/>\n<meta property=\"og:image\" content=\"https:\/\/www.arquimaster.com.ar\/web\/wp-content\/uploads\/2020\/10\/casa_dm9_slide.jpg\" \/>\n\t<meta property=\"og:image:width\" content=\"698\" \/>\n\t<meta property=\"og:image:height\" content=\"364\" \/>\n\t<meta property=\"og:image:type\" content=\"image\/jpeg\" \/>\n<meta name=\"author\" content=\"Arquimaster\" \/>\n<meta name=\"twitter:card\" content=\"summary_large_image\" \/>\n<meta name=\"twitter:title\" content=\"Casa-DM9 \/ Emiliano Castoro Arquitectos\" \/>\n<meta name=\"twitter:description\" content=\"Casa de fin de semana para una familia que reside en la ciudad, ubicada en un club de campo con una arboleda frondosa y antigua.\" \/>\n<meta name=\"twitter:image\" content=\"https:\/\/www.arquimaster.com.ar\/web\/wp-content\/uploads\/2020\/10\/casa_dm9_slide.jpg\" \/>\n<meta name=\"twitter:creator\" content=\"@arquimaster\" \/>\n<meta name=\"twitter:site\" content=\"@arquimaster\" \/>\n<meta name=\"twitter:label1\" content=\"Escrito por\" \/>\n\t<meta name=\"twitter:data1\" content=\"Arquimaster\" \/>\n\t<meta name=\"twitter:label2\" content=\"Tiempo de lectura\" \/>\n\t<meta name=\"twitter:data2\" content=\"2 minutos\" \/>\n<script type=\"application\/ld+json\" class=\"yoast-schema-graph\">{\"@context\":\"https:\\\/\\\/schema.org\",\"@graph\":[{\"@type\":\"Article\",\"@id\":\"https:\\\/\\\/www.arquimaster.com.ar\\\/web\\\/casa-dm9-emiliano-castoro-arquitectos\\\/#article\",\"isPartOf\":{\"@id\":\"https:\\\/\\\/www.arquimaster.com.ar\\\/web\\\/casa-dm9-emiliano-castoro-arquitectos\\\/\"},\"author\":{\"name\":\"Arquimaster\",\"@id\":\"https:\\\/\\\/www.arquimaster.com.ar\\\/web\\\/#\\\/schema\\\/person\\\/359e9f7c00193fcde068e0dd2ceb0028\"},\"headline\":\"Casa-DM9 \\\/ Emiliano Castoro Arquitectos\",\"datePublished\":\"2020-10-29T15:36:58+00:00\",\"dateModified\":\"2020-11-13T18:16:37+00:00\",\"mainEntityOfPage\":{\"@id\":\"https:\\\/\\\/www.arquimaster.com.ar\\\/web\\\/casa-dm9-emiliano-castoro-arquitectos\\\/\"},\"wordCount\":428,\"publisher\":{\"@id\":\"https:\\\/\\\/www.arquimaster.com.ar\\\/web\\\/#organization\"},\"image\":{\"@id\":\"https:\\\/\\\/www.arquimaster.com.ar\\\/web\\\/casa-dm9-emiliano-castoro-arquitectos\\\/#primaryimage\"},\"thumbnailUrl\":\"https:\\\/\\\/www.arquimaster.com.ar\\\/web\\\/wp-content\\\/uploads\\\/2020\\\/10\\\/casa_dm9_slide.jpg\",\"keywords\":[\"arquitectura residencial\",\"Buenos Aires\",\"casa de descanso\",\"casa de fin de semana\",\"casa en barrio cerrado\",\"club de campo\",\"Emiliano Castoro Arquitectos\",\"General Rodriguez\",\"vivienda no permanente\"],\"articleSection\":[\"Proyecto\",\"Vivienda no permanente\"],\"inLanguage\":\"es\"},{\"@type\":\"WebPage\",\"@id\":\"https:\\\/\\\/www.arquimaster.com.ar\\\/web\\\/casa-dm9-emiliano-castoro-arquitectos\\\/\",\"url\":\"https:\\\/\\\/www.arquimaster.com.ar\\\/web\\\/casa-dm9-emiliano-castoro-arquitectos\\\/\",\"name\":\"Casa-DM9 \\\/ Emiliano Castoro Arquitectos - Arquimaster\",\"isPartOf\":{\"@id\":\"https:\\\/\\\/www.arquimaster.com.ar\\\/web\\\/#website\"},\"primaryImageOfPage\":{\"@id\":\"https:\\\/\\\/www.arquimaster.com.ar\\\/web\\\/casa-dm9-emiliano-castoro-arquitectos\\\/#primaryimage\"},\"image\":{\"@id\":\"https:\\\/\\\/www.arquimaster.com.ar\\\/web\\\/casa-dm9-emiliano-castoro-arquitectos\\\/#primaryimage\"},\"thumbnailUrl\":\"https:\\\/\\\/www.arquimaster.com.ar\\\/web\\\/wp-content\\\/uploads\\\/2020\\\/10\\\/casa_dm9_slide.jpg\",\"datePublished\":\"2020-10-29T15:36:58+00:00\",\"dateModified\":\"2020-11-13T18:16:37+00:00\",\"description\":\"Casa de fin de semana para una familia que reside en la ciudad, ubicada en un club de campo con una arboleda frondosa y antigua.\",\"breadcrumb\":{\"@id\":\"https:\\\/\\\/www.arquimaster.com.ar\\\/web\\\/casa-dm9-emiliano-castoro-arquitectos\\\/#breadcrumb\"},\"inLanguage\":\"es\",\"potentialAction\":[{\"@type\":\"ReadAction\",\"target\":[\"https:\\\/\\\/www.arquimaster.com.ar\\\/web\\\/casa-dm9-emiliano-castoro-arquitectos\\\/\"]}]},{\"@type\":\"ImageObject\",\"inLanguage\":\"es\",\"@id\":\"https:\\\/\\\/www.arquimaster.com.ar\\\/web\\\/casa-dm9-emiliano-castoro-arquitectos\\\/#primaryimage\",\"url\":\"https:\\\/\\\/www.arquimaster.com.ar\\\/web\\\/wp-content\\\/uploads\\\/2020\\\/10\\\/casa_dm9_slide.jpg\",\"contentUrl\":\"https:\\\/\\\/www.arquimaster.com.ar\\\/web\\\/wp-content\\\/uploads\\\/2020\\\/10\\\/casa_dm9_slide.jpg\",\"width\":698,\"height\":364,\"caption\":\"Casa-DM9 \\\/ Emiliano Castoro Arquitectos\"},{\"@type\":\"BreadcrumbList\",\"@id\":\"https:\\\/\\\/www.arquimaster.com.ar\\\/web\\\/casa-dm9-emiliano-castoro-arquitectos\\\/#breadcrumb\",\"itemListElement\":[{\"@type\":\"ListItem\",\"position\":1,\"name\":\"Portada\",\"item\":\"https:\\\/\\\/www.arquimaster.com.ar\\\/web\\\/\"},{\"@type\":\"ListItem\",\"position\":2,\"name\":\"Casa-DM9 \\\/ Emiliano Castoro Arquitectos\"}]},{\"@type\":\"WebSite\",\"@id\":\"https:\\\/\\\/www.arquimaster.com.ar\\\/web\\\/#website\",\"url\":\"https:\\\/\\\/www.arquimaster.com.ar\\\/web\\\/\",\"name\":\"Arquimaster\",\"description\":\"Web de arquitectura, dise\u00f1o y construccion\",\"publisher\":{\"@id\":\"https:\\\/\\\/www.arquimaster.com.ar\\\/web\\\/#organization\"},\"potentialAction\":[{\"@type\":\"SearchAction\",\"target\":{\"@type\":\"EntryPoint\",\"urlTemplate\":\"https:\\\/\\\/www.arquimaster.com.ar\\\/web\\\/?s={search_term_string}\"},\"query-input\":{\"@type\":\"PropertyValueSpecification\",\"valueRequired\":true,\"valueName\":\"search_term_string\"}}],\"inLanguage\":\"es\"},{\"@type\":\"Organization\",\"@id\":\"https:\\\/\\\/www.arquimaster.com.ar\\\/web\\\/#organization\",\"name\":\"Arquimaster\",\"url\":\"https:\\\/\\\/www.arquimaster.com.ar\\\/web\\\/\",\"logo\":{\"@type\":\"ImageObject\",\"inLanguage\":\"es\",\"@id\":\"https:\\\/\\\/www.arquimaster.com.ar\\\/web\\\/#\\\/schema\\\/logo\\\/image\\\/\",\"url\":\"https:\\\/\\\/www.arquimaster.com.ar\\\/web\\\/wp-content\\\/uploads\\\/2022\\\/06\\\/arquimaster.png\",\"contentUrl\":\"https:\\\/\\\/www.arquimaster.com.ar\\\/web\\\/wp-content\\\/uploads\\\/2022\\\/06\\\/arquimaster.png\",\"width\":594,\"height\":78,\"caption\":\"Arquimaster\"},\"image\":{\"@id\":\"https:\\\/\\\/www.arquimaster.com.ar\\\/web\\\/#\\\/schema\\\/logo\\\/image\\\/\"},\"sameAs\":[\"http:\\\/\\\/www.facebook.com\\\/ARQUIMASTER.com.ar\",\"https:\\\/\\\/x.com\\\/arquimaster\",\"https:\\\/\\\/www.instagram.com\\\/arquimasterblog\\\/\",\"https:\\\/\\\/www.linkedin.com\\\/company\\\/arquimaster\",\"https:\\\/\\\/www.pinterest.com\\\/arquimaster\",\"https:\\\/\\\/t.me\\\/arquimaster\"]},{\"@type\":\"Person\",\"@id\":\"https:\\\/\\\/www.arquimaster.com.ar\\\/web\\\/#\\\/schema\\\/person\\\/359e9f7c00193fcde068e0dd2ceb0028\",\"name\":\"Arquimaster\"}]}<\/script>\n<!-- \/ Yoast SEO plugin. -->","yoast_head_json":{"title":"Casa-DM9 \/ Emiliano Castoro Arquitectos - Arquimaster","description":"Casa de fin de semana para una familia que reside en la ciudad, ubicada en un club de campo con una arboleda frondosa y antigua.","robots":{"index":"index","follow":"follow","max-snippet":"max-snippet:-1","max-image-preview":"max-image-preview:large","max-video-preview":"max-video-preview:-1"},"canonical":"https:\/\/www.arquimaster.com.ar\/web\/casa-dm9-emiliano-castoro-arquitectos\/","og_locale":"es_ES","og_type":"article","og_title":"Casa-DM9 \/ Emiliano Castoro Arquitectos","og_description":"Casa de fin de semana para una familia que reside en la ciudad, ubicada en un club de campo con una arboleda frondosa y antigua.","og_url":"https:\/\/www.arquimaster.com.ar\/web\/casa-dm9-emiliano-castoro-arquitectos\/","og_site_name":"Arquimaster","article_publisher":"http:\/\/www.facebook.com\/ARQUIMASTER.com.ar","article_published_time":"2020-10-29T15:36:58+00:00","article_modified_time":"2020-11-13T18:16:37+00:00","og_image":[{"width":698,"height":364,"url":"https:\/\/www.arquimaster.com.ar\/web\/wp-content\/uploads\/2020\/10\/casa_dm9_slide.jpg","type":"image\/jpeg"}],"author":"Arquimaster","twitter_card":"summary_large_image","twitter_title":"Casa-DM9 \/ Emiliano Castoro Arquitectos","twitter_description":"Casa de fin de semana para una familia que reside en la ciudad, ubicada en un club de campo con una arboleda frondosa y antigua.","twitter_image":"https:\/\/www.arquimaster.com.ar\/web\/wp-content\/uploads\/2020\/10\/casa_dm9_slide.jpg","twitter_creator":"@arquimaster","twitter_site":"@arquimaster","twitter_misc":{"Escrito por":"Arquimaster","Tiempo de lectura":"2 minutos"},"schema":{"@context":"https:\/\/schema.org","@graph":[{"@type":"Article","@id":"https:\/\/www.arquimaster.com.ar\/web\/casa-dm9-emiliano-castoro-arquitectos\/#article","isPartOf":{"@id":"https:\/\/www.arquimaster.com.ar\/web\/casa-dm9-emiliano-castoro-arquitectos\/"},"author":{"name":"Arquimaster","@id":"https:\/\/www.arquimaster.com.ar\/web\/#\/schema\/person\/359e9f7c00193fcde068e0dd2ceb0028"},"headline":"Casa-DM9 \/ Emiliano Castoro Arquitectos","datePublished":"2020-10-29T15:36:58+00:00","dateModified":"2020-11-13T18:16:37+00:00","mainEntityOfPage":{"@id":"https:\/\/www.arquimaster.com.ar\/web\/casa-dm9-emiliano-castoro-arquitectos\/"},"wordCount":428,"publisher":{"@id":"https:\/\/www.arquimaster.com.ar\/web\/#organization"},"image":{"@id":"https:\/\/www.arquimaster.com.ar\/web\/casa-dm9-emiliano-castoro-arquitectos\/#primaryimage"},"thumbnailUrl":"https:\/\/www.arquimaster.com.ar\/web\/wp-content\/uploads\/2020\/10\/casa_dm9_slide.jpg","keywords":["arquitectura residencial","Buenos Aires","casa de descanso","casa de fin de semana","casa en barrio cerrado","club de campo","Emiliano Castoro Arquitectos","General Rodriguez","vivienda no permanente"],"articleSection":["Proyecto","Vivienda no permanente"],"inLanguage":"es"},{"@type":"WebPage","@id":"https:\/\/www.arquimaster.com.ar\/web\/casa-dm9-emiliano-castoro-arquitectos\/","url":"https:\/\/www.arquimaster.com.ar\/web\/casa-dm9-emiliano-castoro-arquitectos\/","name":"Casa-DM9 \/ Emiliano Castoro Arquitectos - Arquimaster","isPartOf":{"@id":"https:\/\/www.arquimaster.com.ar\/web\/#website"},"primaryImageOfPage":{"@id":"https:\/\/www.arquimaster.com.ar\/web\/casa-dm9-emiliano-castoro-arquitectos\/#primaryimage"},"image":{"@id":"https:\/\/www.arquimaster.com.ar\/web\/casa-dm9-emiliano-castoro-arquitectos\/#primaryimage"},"thumbnailUrl":"https:\/\/www.arquimaster.com.ar\/web\/wp-content\/uploads\/2020\/10\/casa_dm9_slide.jpg","datePublished":"2020-10-29T15:36:58+00:00","dateModified":"2020-11-13T18:16:37+00:00","description":"Casa de fin de semana para una familia que reside en la ciudad, ubicada en un club de campo con una arboleda frondosa y antigua.","breadcrumb":{"@id":"https:\/\/www.arquimaster.com.ar\/web\/casa-dm9-emiliano-castoro-arquitectos\/#breadcrumb"},"inLanguage":"es","potentialAction":[{"@type":"ReadAction","target":["https:\/\/www.arquimaster.com.ar\/web\/casa-dm9-emiliano-castoro-arquitectos\/"]}]},{"@type":"ImageObject","inLanguage":"es","@id":"https:\/\/www.arquimaster.com.ar\/web\/casa-dm9-emiliano-castoro-arquitectos\/#primaryimage","url":"https:\/\/www.arquimaster.com.ar\/web\/wp-content\/uploads\/2020\/10\/casa_dm9_slide.jpg","contentUrl":"https:\/\/www.arquimaster.com.ar\/web\/wp-content\/uploads\/2020\/10\/casa_dm9_slide.jpg","width":698,"height":364,"caption":"Casa-DM9 \/ Emiliano Castoro Arquitectos"},{"@type":"BreadcrumbList","@id":"https:\/\/www.arquimaster.com.ar\/web\/casa-dm9-emiliano-castoro-arquitectos\/#breadcrumb","itemListElement":[{"@type":"ListItem","position":1,"name":"Portada","item":"https:\/\/www.arquimaster.com.ar\/web\/"},{"@type":"ListItem","position":2,"name":"Casa-DM9 \/ Emiliano Castoro Arquitectos"}]},{"@type":"WebSite","@id":"https:\/\/www.arquimaster.com.ar\/web\/#website","url":"https:\/\/www.arquimaster.com.ar\/web\/","name":"Arquimaster","description":"Web de arquitectura, dise\u00f1o y construccion","publisher":{"@id":"https:\/\/www.arquimaster.com.ar\/web\/#organization"},"potentialAction":[{"@type":"SearchAction","target":{"@type":"EntryPoint","urlTemplate":"https:\/\/www.arquimaster.com.ar\/web\/?s={search_term_string}"},"query-input":{"@type":"PropertyValueSpecification","valueRequired":true,"valueName":"search_term_string"}}],"inLanguage":"es"},{"@type":"Organization","@id":"https:\/\/www.arquimaster.com.ar\/web\/#organization","name":"Arquimaster","url":"https:\/\/www.arquimaster.com.ar\/web\/","logo":{"@type":"ImageObject","inLanguage":"es","@id":"https:\/\/www.arquimaster.com.ar\/web\/#\/schema\/logo\/image\/","url":"https:\/\/www.arquimaster.com.ar\/web\/wp-content\/uploads\/2022\/06\/arquimaster.png","contentUrl":"https:\/\/www.arquimaster.com.ar\/web\/wp-content\/uploads\/2022\/06\/arquimaster.png","width":594,"height":78,"caption":"Arquimaster"},"image":{"@id":"https:\/\/www.arquimaster.com.ar\/web\/#\/schema\/logo\/image\/"},"sameAs":["http:\/\/www.facebook.com\/ARQUIMASTER.com.ar","https:\/\/x.com\/arquimaster","https:\/\/www.instagram.com\/arquimasterblog\/","https:\/\/www.linkedin.com\/company\/arquimaster","https:\/\/www.pinterest.com\/arquimaster","https:\/\/t.me\/arquimaster"]},{"@type":"Person","@id":"https:\/\/www.arquimaster.com.ar\/web\/#\/schema\/person\/359e9f7c00193fcde068e0dd2ceb0028","name":"Arquimaster"}]}},"uagb_featured_image_src":{"full":["https:\/\/www.arquimaster.com.ar\/web\/wp-content\/uploads\/2020\/10\/casa_dm9_slide.jpg",698,364,false],"thumbnail":["https:\/\/www.arquimaster.com.ar\/web\/wp-content\/uploads\/2020\/10\/casa_dm9_slide-150x150.jpg",150,150,true],"medium":["https:\/\/www.arquimaster.com.ar\/web\/wp-content\/uploads\/2020\/10\/casa_dm9_slide.jpg",698,364,false],"medium_large":["https:\/\/www.arquimaster.com.ar\/web\/wp-content\/uploads\/2020\/10\/casa_dm9_slide.jpg",698,364,false],"large":["https:\/\/www.arquimaster.com.ar\/web\/wp-content\/uploads\/2020\/10\/casa_dm9_slide.jpg",698,364,false],"1536x1536":["https:\/\/www.arquimaster.com.ar\/web\/wp-content\/uploads\/2020\/10\/casa_dm9_slide.jpg",698,364,false],"2048x2048":["https:\/\/www.arquimaster.com.ar\/web\/wp-content\/uploads\/2020\/10\/casa_dm9_slide.jpg",698,364,false]},"uagb_author_info":{"display_name":"Arquimaster","author_link":"https:\/\/www.arquimaster.com.ar\/web\/author\/arquimaster\/"},"uagb_comment_info":0,"uagb_excerpt":"Casa de fin de semana ubicada en un club de campo con una arboleda frondosa y antigua...","_links":{"self":[{"href":"https:\/\/www.arquimaster.com.ar\/web\/wp-json\/wp\/v2\/posts\/60363","targetHints":{"allow":["GET"]}}],"collection":[{"href":"https:\/\/www.arquimaster.com.ar\/web\/wp-json\/wp\/v2\/posts"}],"about":[{"href":"https:\/\/www.arquimaster.com.ar\/web\/wp-json\/wp\/v2\/types\/post"}],"author":[{"embeddable":true,"href":"https:\/\/www.arquimaster.com.ar\/web\/wp-json\/wp\/v2\/users\/1"}],"replies":[{"embeddable":true,"href":"https:\/\/www.arquimaster.com.ar\/web\/wp-json\/wp\/v2\/comments?post=60363"}],"version-history":[{"count":1,"href":"https:\/\/www.arquimaster.com.ar\/web\/wp-json\/wp\/v2\/posts\/60363\/revisions"}],"predecessor-version":[{"id":60401,"href":"https:\/\/www.arquimaster.com.ar\/web\/wp-json\/wp\/v2\/posts\/60363\/revisions\/60401"}],"wp:featuredmedia":[{"embeddable":true,"href":"https:\/\/www.arquimaster.com.ar\/web\/wp-json\/wp\/v2\/media\/60364"}],"wp:attachment":[{"href":"https:\/\/www.arquimaster.com.ar\/web\/wp-json\/wp\/v2\/media?parent=60363"}],"wp:term":[{"taxonomy":"category","embeddable":true,"href":"https:\/\/www.arquimaster.com.ar\/web\/wp-json\/wp\/v2\/categories?post=60363"},{"taxonomy":"post_tag","embeddable":true,"href":"https:\/\/www.arquimaster.com.ar\/web\/wp-json\/wp\/v2\/tags?post=60363"}],"curies":[{"name":"wp","href":"https:\/\/api.w.org\/{rel}","templated":true}]}}