{"id":60402,"date":"2020-10-29T15:02:01","date_gmt":"2020-10-29T18:02:01","guid":{"rendered":"https:\/\/www.arquimaster.com.ar\/web\/?p=60402"},"modified":"2020-11-06T14:32:11","modified_gmt":"2020-11-06T17:32:11","slug":"polideportivo-y-ordenacion-interior-de-manzana-en-el-turo-de-la-peira-arquitectura-anna-noguera","status":"publish","type":"post","link":"https:\/\/www.arquimaster.com.ar\/web\/polideportivo-y-ordenacion-interior-de-manzana-en-el-turo-de-la-peira-arquitectura-anna-noguera\/","title":{"rendered":"Polideportivo y ordenaci\u00f3n interior de manzana en el Tur\u00f3 de la Peira \/ Arquitectura Anna Noguera"},"content":{"rendered":"<div style=\"margin-top: 0px; margin-bottom: 0px;\" class=\"sharethis-inline-share-buttons\" ><\/div><div class=\"b812932af2e751442846f039925109de\" data-index=\"1\" style=\"float: none; margin:25px 0 25px 0; text-align:center;\">\n<script async src=\"https:\/\/pagead2.googlesyndication.com\/pagead\/js\/adsbygoogle.js\"><\/script>\r\n<!-- Arquimaster (superior) -->\r\n<ins class=\"adsbygoogle\"\r\n     style=\"display:block\"\r\n     data-ad-client=\"ca-pub-6351072698456832\"\r\n     data-ad-slot=\"6455489680\"\r\n     data-ad-format=\"auto\"\r\n     data-full-width-responsive=\"true\"><\/ins>\r\n<script>\r\n     (adsbygoogle = window.adsbygoogle || []).push({});\r\n<\/script>\n<\/div>\n<p><strong>Polideportivo y ordenaci\u00f3n interior de manzana en el Tur\u00f3 de la Peira<\/strong> (Barcelona) por <strong>Arquitectura Anna Noguera<\/strong>. El Ayuntamiento de Barcelona convoc\u00f3 en 2014 un concurso de ideas para la ordenaci\u00f3n paisaj\u00edstica del interior de manzana y un equipamiento deportivo consistente en una piscina interior climatizada y una pista polideportiva. La propuesta ganadora fue valorada por la integraci\u00f3n paisaj\u00edstica del edificio singular vegetalizado en un interior de manzana y por su apuesta por la sostenibilidad y el respeto al medio ambiente.<\/p>\n<div id='gallery-1' class='gallery galleryid-60402 gallery-columns-3 gallery-size-thumbnail'><figure class='gallery-item'>\n\t\t\t<div class='gallery-icon landscape'>\n\t\t\t\t<a href='https:\/\/www.arquimaster.com.ar\/web\/wp-content\/uploads\/2020\/10\/polideportivo_turo_de_la_peira1.jpg' title=\"Polideportivo y ordenaci\u00f3n interior de manzana en el Tur\u00f3 de la Peira \/ Arquitectura Anna Noguera (\u00a9 Enric Duch)\" data-rl_title=\"Polideportivo y ordenaci\u00f3n interior de manzana en el Tur\u00f3 de la Peira \/ Arquitectura Anna Noguera (\u00a9 Enric Duch)\" class=\"rl-gallery-link\" data-rl_caption=\"Polideportivo y ordenaci\u00f3n interior de manzana en el Tur\u00f3 de la Peira \/ Arquitectura Anna Noguera (\u00a9 Enric Duch)\" data-rel=\"lightbox-gallery-1\"><img loading=\"lazy\" decoding=\"async\" width=\"150\" height=\"150\" src=\"https:\/\/www.arquimaster.com.ar\/web\/wp-content\/uploads\/2020\/10\/polideportivo_turo_de_la_peira1-150x150.jpg\" class=\"attachment-thumbnail size-thumbnail\" alt=\"Polideportivo y ordenaci\u00f3n interior de manzana en el Tur\u00f3 de la Peira \/ Arquitectura Anna Noguera\" aria-describedby=\"gallery-1-60404\" \/><\/a>\n\t\t\t<\/div>\n\t\t\t\t<figcaption class='wp-caption-text gallery-caption' id='gallery-1-60404'>\n\t\t\t\tPolideportivo y ordenaci\u00f3n interior de manzana en el Tur\u00f3 de la Peira \/ Arquitectura Anna Noguera (\u00a9 Enric Duch)\n\t\t\t\t<\/figcaption><\/figure><figure class='gallery-item'>\n\t\t\t<div class='gallery-icon landscape'>\n\t\t\t\t<a href='https:\/\/www.arquimaster.com.ar\/web\/wp-content\/uploads\/2020\/10\/polideportivo_turo_de_la_peira2.jpg' title=\"Polideportivo y ordenaci\u00f3n interior de manzana en el Tur\u00f3 de la Peira \/ Arquitectura Anna Noguera (\u00a9 Enric Duch)\" data-rl_title=\"Polideportivo y ordenaci\u00f3n interior de manzana en el Tur\u00f3 de la Peira \/ Arquitectura Anna Noguera (\u00a9 Enric Duch)\" class=\"rl-gallery-link\" data-rl_caption=\"Polideportivo y ordenaci\u00f3n interior de manzana en el Tur\u00f3 de la Peira \/ Arquitectura Anna Noguera (\u00a9 Enric Duch)\" data-rel=\"lightbox-gallery-1\"><img loading=\"lazy\" decoding=\"async\" width=\"150\" height=\"150\" src=\"https:\/\/www.arquimaster.com.ar\/web\/wp-content\/uploads\/2020\/10\/polideportivo_turo_de_la_peira2-150x150.jpg\" class=\"attachment-thumbnail size-thumbnail\" alt=\"Polideportivo y ordenaci\u00f3n interior de manzana en el Tur\u00f3 de la Peira \/ Arquitectura Anna Noguera\" aria-describedby=\"gallery-1-60405\" \/><\/a>\n\t\t\t<\/div>\n\t\t\t\t<figcaption class='wp-caption-text gallery-caption' id='gallery-1-60405'>\n\t\t\t\tPolideportivo y ordenaci\u00f3n interior de manzana en el Tur\u00f3 de la Peira \/ Arquitectura Anna Noguera (\u00a9 Enric Duch)\n\t\t\t\t<\/figcaption><\/figure><figure class='gallery-item'>\n\t\t\t<div class='gallery-icon landscape'>\n\t\t\t\t<a href='https:\/\/www.arquimaster.com.ar\/web\/wp-content\/uploads\/2020\/10\/polideportivo_turo_de_la_peira3.jpg' title=\"Polideportivo y ordenaci\u00f3n interior de manzana en el Tur\u00f3 de la Peira \/ Arquitectura Anna Noguera (\u00a9 Enric Duch)\" data-rl_title=\"Polideportivo y ordenaci\u00f3n interior de manzana en el Tur\u00f3 de la Peira \/ Arquitectura Anna Noguera (\u00a9 Enric Duch)\" class=\"rl-gallery-link\" data-rl_caption=\"Polideportivo y ordenaci\u00f3n interior de manzana en el Tur\u00f3 de la Peira \/ Arquitectura Anna Noguera (\u00a9 Enric Duch)\" data-rel=\"lightbox-gallery-1\"><img loading=\"lazy\" decoding=\"async\" width=\"150\" height=\"150\" src=\"https:\/\/www.arquimaster.com.ar\/web\/wp-content\/uploads\/2020\/10\/polideportivo_turo_de_la_peira3-150x150.jpg\" class=\"attachment-thumbnail size-thumbnail\" alt=\"Polideportivo y ordenaci\u00f3n interior de manzana en el Tur\u00f3 de la Peira \/ Arquitectura Anna Noguera\" aria-describedby=\"gallery-1-60406\" \/><\/a>\n\t\t\t<\/div>\n\t\t\t\t<figcaption class='wp-caption-text gallery-caption' id='gallery-1-60406'>\n\t\t\t\tPolideportivo y ordenaci\u00f3n interior de manzana en el Tur\u00f3 de la Peira \/ Arquitectura Anna Noguera (\u00a9 Enric Duch)\n\t\t\t\t<\/figcaption><\/figure><figure class='gallery-item'>\n\t\t\t<div class='gallery-icon portrait'>\n\t\t\t\t<a href='https:\/\/www.arquimaster.com.ar\/web\/wp-content\/uploads\/2020\/10\/polideportivo_turo_de_la_peira4.jpg' title=\"Polideportivo y ordenaci\u00f3n interior de manzana en el Tur\u00f3 de la Peira \/ Arquitectura Anna Noguera (\u00a9 Enric Duch)\" data-rl_title=\"Polideportivo y ordenaci\u00f3n interior de manzana en el Tur\u00f3 de la Peira \/ Arquitectura Anna Noguera (\u00a9 Enric Duch)\" class=\"rl-gallery-link\" data-rl_caption=\"Polideportivo y ordenaci\u00f3n interior de manzana en el Tur\u00f3 de la Peira \/ Arquitectura Anna Noguera (\u00a9 Enric Duch)\" data-rel=\"lightbox-gallery-1\"><img loading=\"lazy\" decoding=\"async\" width=\"150\" height=\"150\" src=\"https:\/\/www.arquimaster.com.ar\/web\/wp-content\/uploads\/2020\/10\/polideportivo_turo_de_la_peira4-150x150.jpg\" class=\"attachment-thumbnail size-thumbnail\" alt=\"Polideportivo y ordenaci\u00f3n interior de manzana en el Tur\u00f3 de la Peira \/ Arquitectura Anna Noguera\" aria-describedby=\"gallery-1-60407\" \/><\/a>\n\t\t\t<\/div>\n\t\t\t\t<figcaption class='wp-caption-text gallery-caption' id='gallery-1-60407'>\n\t\t\t\tPolideportivo y ordenaci\u00f3n interior de manzana en el Tur\u00f3 de la Peira \/ Arquitectura Anna Noguera (\u00a9 Enric Duch)\n\t\t\t\t<\/figcaption><\/figure><figure class='gallery-item'>\n\t\t\t<div class='gallery-icon landscape'>\n\t\t\t\t<a href='https:\/\/www.arquimaster.com.ar\/web\/wp-content\/uploads\/2020\/10\/polideportivo_turo_de_la_peira5.jpg' title=\"Polideportivo y ordenaci\u00f3n interior de manzana en el Tur\u00f3 de la Peira \/ Arquitectura Anna Noguera (\u00a9 Enric Duch)\" data-rl_title=\"Polideportivo y ordenaci\u00f3n interior de manzana en el Tur\u00f3 de la Peira \/ Arquitectura Anna Noguera (\u00a9 Enric Duch)\" class=\"rl-gallery-link\" data-rl_caption=\"Polideportivo y ordenaci\u00f3n interior de manzana en el Tur\u00f3 de la Peira \/ Arquitectura Anna Noguera (\u00a9 Enric Duch)\" data-rel=\"lightbox-gallery-1\"><img loading=\"lazy\" decoding=\"async\" width=\"150\" height=\"150\" src=\"https:\/\/www.arquimaster.com.ar\/web\/wp-content\/uploads\/2020\/10\/polideportivo_turo_de_la_peira5-150x150.jpg\" class=\"attachment-thumbnail size-thumbnail\" alt=\"Polideportivo y ordenaci\u00f3n interior de manzana en el Tur\u00f3 de la Peira \/ Arquitectura Anna Noguera\" aria-describedby=\"gallery-1-60408\" \/><\/a>\n\t\t\t<\/div>\n\t\t\t\t<figcaption class='wp-caption-text gallery-caption' id='gallery-1-60408'>\n\t\t\t\tPolideportivo y ordenaci\u00f3n interior de manzana en el Tur\u00f3 de la Peira \/ Arquitectura Anna Noguera (\u00a9 Enric Duch)\n\t\t\t\t<\/figcaption><\/figure><figure class='gallery-item'>\n\t\t\t<div class='gallery-icon landscape'>\n\t\t\t\t<a href='https:\/\/www.arquimaster.com.ar\/web\/wp-content\/uploads\/2020\/10\/polideportivo_turo_de_la_peira6.jpg' title=\"Polideportivo y ordenaci\u00f3n interior de manzana en el Tur\u00f3 de la Peira \/ Arquitectura Anna Noguera (\u00a9 Enric Duch)\" data-rl_title=\"Polideportivo y ordenaci\u00f3n interior de manzana en el Tur\u00f3 de la Peira \/ Arquitectura Anna Noguera (\u00a9 Enric Duch)\" class=\"rl-gallery-link\" data-rl_caption=\"Polideportivo y ordenaci\u00f3n interior de manzana en el Tur\u00f3 de la Peira \/ Arquitectura Anna Noguera (\u00a9 Enric Duch)\" data-rel=\"lightbox-gallery-1\"><img loading=\"lazy\" decoding=\"async\" width=\"150\" height=\"150\" src=\"https:\/\/www.arquimaster.com.ar\/web\/wp-content\/uploads\/2020\/10\/polideportivo_turo_de_la_peira6-150x150.jpg\" class=\"attachment-thumbnail size-thumbnail\" alt=\"Polideportivo y ordenaci\u00f3n interior de manzana en el Tur\u00f3 de la Peira \/ Arquitectura Anna Noguera\" aria-describedby=\"gallery-1-60409\" \/><\/a>\n\t\t\t<\/div>\n\t\t\t\t<figcaption class='wp-caption-text gallery-caption' id='gallery-1-60409'>\n\t\t\t\tPolideportivo y ordenaci\u00f3n interior de manzana en el Tur\u00f3 de la Peira \/ Arquitectura Anna Noguera (\u00a9 Enric Duch)\n\t\t\t\t<\/figcaption><\/figure><figure class='gallery-item'>\n\t\t\t<div class='gallery-icon portrait'>\n\t\t\t\t<a href='https:\/\/www.arquimaster.com.ar\/web\/wp-content\/uploads\/2020\/10\/polideportivo_turo_de_la_peira7.jpg' title=\"Polideportivo y ordenaci\u00f3n interior de manzana en el Tur\u00f3 de la Peira \/ Arquitectura Anna Noguera (\u00a9 Enric Duch)\" data-rl_title=\"Polideportivo y ordenaci\u00f3n interior de manzana en el Tur\u00f3 de la Peira \/ Arquitectura Anna Noguera (\u00a9 Enric Duch)\" class=\"rl-gallery-link\" data-rl_caption=\"Polideportivo y ordenaci\u00f3n interior de manzana en el Tur\u00f3 de la Peira \/ Arquitectura Anna Noguera (\u00a9 Enric Duch)\" data-rel=\"lightbox-gallery-1\"><img loading=\"lazy\" decoding=\"async\" width=\"150\" height=\"150\" src=\"https:\/\/www.arquimaster.com.ar\/web\/wp-content\/uploads\/2020\/10\/polideportivo_turo_de_la_peira7-150x150.jpg\" class=\"attachment-thumbnail size-thumbnail\" alt=\"Polideportivo y ordenaci\u00f3n interior de manzana en el Tur\u00f3 de la Peira \/ Arquitectura Anna Noguera\" aria-describedby=\"gallery-1-60410\" \/><\/a>\n\t\t\t<\/div>\n\t\t\t\t<figcaption class='wp-caption-text gallery-caption' id='gallery-1-60410'>\n\t\t\t\tPolideportivo y ordenaci\u00f3n interior de manzana en el Tur\u00f3 de la Peira \/ Arquitectura Anna Noguera (\u00a9 Enric Duch)\n\t\t\t\t<\/figcaption><\/figure><figure class='gallery-item'>\n\t\t\t<div class='gallery-icon landscape'>\n\t\t\t\t<a href='https:\/\/www.arquimaster.com.ar\/web\/wp-content\/uploads\/2020\/10\/polideportivo_turo_de_la_peira8.jpg' title=\"Polideportivo y ordenaci\u00f3n interior de manzana en el Tur\u00f3 de la Peira \/ Arquitectura Anna Noguera (\u00a9 Enric Duch)\" data-rl_title=\"Polideportivo y ordenaci\u00f3n interior de manzana en el Tur\u00f3 de la Peira \/ Arquitectura Anna Noguera (\u00a9 Enric Duch)\" class=\"rl-gallery-link\" data-rl_caption=\"Polideportivo y ordenaci\u00f3n interior de manzana en el Tur\u00f3 de la Peira \/ Arquitectura Anna Noguera (\u00a9 Enric Duch)\" data-rel=\"lightbox-gallery-1\"><img loading=\"lazy\" decoding=\"async\" width=\"150\" height=\"150\" src=\"https:\/\/www.arquimaster.com.ar\/web\/wp-content\/uploads\/2020\/10\/polideportivo_turo_de_la_peira8-150x150.jpg\" class=\"attachment-thumbnail size-thumbnail\" alt=\"Polideportivo y ordenaci\u00f3n interior de manzana en el Tur\u00f3 de la Peira \/ Arquitectura Anna Noguera\" aria-describedby=\"gallery-1-60411\" \/><\/a>\n\t\t\t<\/div>\n\t\t\t\t<figcaption class='wp-caption-text gallery-caption' id='gallery-1-60411'>\n\t\t\t\tPolideportivo y ordenaci\u00f3n interior de manzana en el Tur\u00f3 de la Peira \/ Arquitectura Anna Noguera (\u00a9 Enric Duch)\n\t\t\t\t<\/figcaption><\/figure><figure class='gallery-item'>\n\t\t\t<div class='gallery-icon landscape'>\n\t\t\t\t<a href='https:\/\/www.arquimaster.com.ar\/web\/wp-content\/uploads\/2020\/10\/polideportivo_turo_de_la_peira9.jpg' title=\"Polideportivo y ordenaci\u00f3n interior de manzana en el Tur\u00f3 de la Peira \/ Arquitectura Anna Noguera (\u00a9 Enric Duch)\" data-rl_title=\"Polideportivo y ordenaci\u00f3n interior de manzana en el Tur\u00f3 de la Peira \/ Arquitectura Anna Noguera (\u00a9 Enric Duch)\" class=\"rl-gallery-link\" data-rl_caption=\"Polideportivo y ordenaci\u00f3n interior de manzana en el Tur\u00f3 de la Peira \/ Arquitectura Anna Noguera (\u00a9 Enric Duch)\" data-rel=\"lightbox-gallery-1\"><img loading=\"lazy\" decoding=\"async\" width=\"150\" height=\"150\" src=\"https:\/\/www.arquimaster.com.ar\/web\/wp-content\/uploads\/2020\/10\/polideportivo_turo_de_la_peira9-150x150.jpg\" class=\"attachment-thumbnail size-thumbnail\" alt=\"Polideportivo y ordenaci\u00f3n interior de manzana en el Tur\u00f3 de la Peira \/ Arquitectura Anna Noguera\" aria-describedby=\"gallery-1-60412\" \/><\/a>\n\t\t\t<\/div>\n\t\t\t\t<figcaption class='wp-caption-text gallery-caption' id='gallery-1-60412'>\n\t\t\t\tPolideportivo y ordenaci\u00f3n interior de manzana en el Tur\u00f3 de la Peira \/ Arquitectura Anna Noguera (\u00a9 Enric Duch)\n\t\t\t\t<\/figcaption><\/figure><figure class='gallery-item'>\n\t\t\t<div class='gallery-icon portrait'>\n\t\t\t\t<a href='https:\/\/www.arquimaster.com.ar\/web\/wp-content\/uploads\/2020\/10\/polideportivo_turo_de_la_peira10.jpg' title=\"Polideportivo y ordenaci\u00f3n interior de manzana en el Tur\u00f3 de la Peira \/ Arquitectura Anna Noguera (\u00a9 Enric Duch)\" data-rl_title=\"Polideportivo y ordenaci\u00f3n interior de manzana en el Tur\u00f3 de la Peira \/ Arquitectura Anna Noguera (\u00a9 Enric Duch)\" class=\"rl-gallery-link\" data-rl_caption=\"Polideportivo y ordenaci\u00f3n interior de manzana en el Tur\u00f3 de la Peira \/ Arquitectura Anna Noguera (\u00a9 Enric Duch)\" data-rel=\"lightbox-gallery-1\"><img loading=\"lazy\" decoding=\"async\" width=\"150\" height=\"150\" src=\"https:\/\/www.arquimaster.com.ar\/web\/wp-content\/uploads\/2020\/10\/polideportivo_turo_de_la_peira10-150x150.jpg\" class=\"attachment-thumbnail size-thumbnail\" alt=\"Polideportivo y ordenaci\u00f3n interior de manzana en el Tur\u00f3 de la Peira \/ Arquitectura Anna Noguera\" aria-describedby=\"gallery-1-60413\" \/><\/a>\n\t\t\t<\/div>\n\t\t\t\t<figcaption class='wp-caption-text gallery-caption' id='gallery-1-60413'>\n\t\t\t\tPolideportivo y ordenaci\u00f3n interior de manzana en el Tur\u00f3 de la Peira \/ Arquitectura Anna Noguera (\u00a9 Enric Duch)\n\t\t\t\t<\/figcaption><\/figure><figure class='gallery-item'>\n\t\t\t<div class='gallery-icon landscape'>\n\t\t\t\t<a href='https:\/\/www.arquimaster.com.ar\/web\/wp-content\/uploads\/2020\/10\/polideportivo_turo_de_la_peira11.jpg' title=\"Polideportivo y ordenaci\u00f3n interior de manzana en el Tur\u00f3 de la Peira \/ Arquitectura Anna Noguera (\u00a9 Enric Duch)\" data-rl_title=\"Polideportivo y ordenaci\u00f3n interior de manzana en el Tur\u00f3 de la Peira \/ Arquitectura Anna Noguera (\u00a9 Enric Duch)\" class=\"rl-gallery-link\" data-rl_caption=\"Polideportivo y ordenaci\u00f3n interior de manzana en el Tur\u00f3 de la Peira \/ Arquitectura Anna Noguera (\u00a9 Enric Duch)\" data-rel=\"lightbox-gallery-1\"><img loading=\"lazy\" decoding=\"async\" width=\"150\" height=\"150\" src=\"https:\/\/www.arquimaster.com.ar\/web\/wp-content\/uploads\/2020\/10\/polideportivo_turo_de_la_peira11-150x150.jpg\" class=\"attachment-thumbnail size-thumbnail\" alt=\"Polideportivo y ordenaci\u00f3n interior de manzana en el Tur\u00f3 de la Peira \/ Arquitectura Anna Noguera\" aria-describedby=\"gallery-1-60414\" \/><\/a>\n\t\t\t<\/div>\n\t\t\t\t<figcaption class='wp-caption-text gallery-caption' id='gallery-1-60414'>\n\t\t\t\tPolideportivo y ordenaci\u00f3n interior de manzana en el Tur\u00f3 de la Peira \/ Arquitectura Anna Noguera (\u00a9 Enric Duch)\n\t\t\t\t<\/figcaption><\/figure><figure class='gallery-item'>\n\t\t\t<div class='gallery-icon landscape'>\n\t\t\t\t<a href='https:\/\/www.arquimaster.com.ar\/web\/wp-content\/uploads\/2020\/10\/polideportivo_turo_de_la_peira12.jpg' title=\"Polideportivo y ordenaci\u00f3n interior de manzana en el Tur\u00f3 de la Peira \/ Arquitectura Anna Noguera (\u00a9 Enric Duch)\" data-rl_title=\"Polideportivo y ordenaci\u00f3n interior de manzana en el Tur\u00f3 de la Peira \/ Arquitectura Anna Noguera (\u00a9 Enric Duch)\" class=\"rl-gallery-link\" data-rl_caption=\"Polideportivo y ordenaci\u00f3n interior de manzana en el Tur\u00f3 de la Peira \/ Arquitectura Anna Noguera (\u00a9 Enric Duch)\" data-rel=\"lightbox-gallery-1\"><img loading=\"lazy\" decoding=\"async\" width=\"150\" height=\"150\" src=\"https:\/\/www.arquimaster.com.ar\/web\/wp-content\/uploads\/2020\/10\/polideportivo_turo_de_la_peira12-150x150.jpg\" class=\"attachment-thumbnail size-thumbnail\" alt=\"Polideportivo y ordenaci\u00f3n interior de manzana en el Tur\u00f3 de la Peira \/ Arquitectura Anna Noguera\" aria-describedby=\"gallery-1-60415\" \/><\/a>\n\t\t\t<\/div>\n\t\t\t\t<figcaption class='wp-caption-text gallery-caption' id='gallery-1-60415'>\n\t\t\t\tPolideportivo y ordenaci\u00f3n interior de manzana en el Tur\u00f3 de la Peira \/ Arquitectura Anna Noguera (\u00a9 Enric Duch)\n\t\t\t\t<\/figcaption><\/figure><figure class='gallery-item'>\n\t\t\t<div class='gallery-icon portrait'>\n\t\t\t\t<a href='https:\/\/www.arquimaster.com.ar\/web\/wp-content\/uploads\/2020\/10\/polideportivo_turo_de_la_peira13.jpg' title=\"Polideportivo y ordenaci\u00f3n interior de manzana en el Tur\u00f3 de la Peira \/ Arquitectura Anna Noguera (\u00a9 Enric Duch)\" data-rl_title=\"Polideportivo y ordenaci\u00f3n interior de manzana en el Tur\u00f3 de la Peira \/ Arquitectura Anna Noguera (\u00a9 Enric Duch)\" class=\"rl-gallery-link\" data-rl_caption=\"Polideportivo y ordenaci\u00f3n interior de manzana en el Tur\u00f3 de la Peira \/ Arquitectura Anna Noguera (\u00a9 Enric Duch)\" data-rel=\"lightbox-gallery-1\"><img loading=\"lazy\" decoding=\"async\" width=\"150\" height=\"150\" src=\"https:\/\/www.arquimaster.com.ar\/web\/wp-content\/uploads\/2020\/10\/polideportivo_turo_de_la_peira13-150x150.jpg\" class=\"attachment-thumbnail size-thumbnail\" alt=\"Polideportivo y ordenaci\u00f3n interior de manzana en el Tur\u00f3 de la Peira \/ Arquitectura Anna Noguera\" aria-describedby=\"gallery-1-60416\" \/><\/a>\n\t\t\t<\/div>\n\t\t\t\t<figcaption class='wp-caption-text gallery-caption' id='gallery-1-60416'>\n\t\t\t\tPolideportivo y ordenaci\u00f3n interior de manzana en el Tur\u00f3 de la Peira \/ Arquitectura Anna Noguera (\u00a9 Enric Duch)\n\t\t\t\t<\/figcaption><\/figure><figure class='gallery-item'>\n\t\t\t<div class='gallery-icon landscape'>\n\t\t\t\t<a href='https:\/\/www.arquimaster.com.ar\/web\/wp-content\/uploads\/2020\/10\/polideportivo_turo_de_la_peira14.jpg' title=\"Polideportivo y ordenaci\u00f3n interior de manzana en el Tur\u00f3 de la Peira \/ Arquitectura Anna Noguera (\u00a9 Enric Duch)\" data-rl_title=\"Polideportivo y ordenaci\u00f3n interior de manzana en el Tur\u00f3 de la Peira \/ Arquitectura Anna Noguera (\u00a9 Enric Duch)\" class=\"rl-gallery-link\" data-rl_caption=\"Polideportivo y ordenaci\u00f3n interior de manzana en el Tur\u00f3 de la Peira \/ Arquitectura Anna Noguera (\u00a9 Enric Duch)\" data-rel=\"lightbox-gallery-1\"><img loading=\"lazy\" decoding=\"async\" width=\"150\" height=\"150\" src=\"https:\/\/www.arquimaster.com.ar\/web\/wp-content\/uploads\/2020\/10\/polideportivo_turo_de_la_peira14-150x150.jpg\" class=\"attachment-thumbnail size-thumbnail\" alt=\"Polideportivo y ordenaci\u00f3n interior de manzana en el Tur\u00f3 de la Peira \/ Arquitectura Anna Noguera\" aria-describedby=\"gallery-1-60417\" \/><\/a>\n\t\t\t<\/div>\n\t\t\t\t<figcaption class='wp-caption-text gallery-caption' id='gallery-1-60417'>\n\t\t\t\tPolideportivo y ordenaci\u00f3n interior de manzana en el Tur\u00f3 de la Peira \/ Arquitectura Anna Noguera (\u00a9 Enric Duch)\n\t\t\t\t<\/figcaption><\/figure><figure class='gallery-item'>\n\t\t\t<div class='gallery-icon portrait'>\n\t\t\t\t<a href='https:\/\/www.arquimaster.com.ar\/web\/wp-content\/uploads\/2020\/10\/polideportivo_turo_de_la_peira15.jpg' title=\"Polideportivo y ordenaci\u00f3n interior de manzana en el Tur\u00f3 de la Peira \/ Arquitectura Anna Noguera (\u00a9 Enric Duch)\" data-rl_title=\"Polideportivo y ordenaci\u00f3n interior de manzana en el Tur\u00f3 de la Peira \/ Arquitectura Anna Noguera (\u00a9 Enric Duch)\" class=\"rl-gallery-link\" data-rl_caption=\"Polideportivo y ordenaci\u00f3n interior de manzana en el Tur\u00f3 de la Peira \/ Arquitectura Anna Noguera (\u00a9 Enric Duch)\" data-rel=\"lightbox-gallery-1\"><img loading=\"lazy\" decoding=\"async\" width=\"150\" height=\"150\" src=\"https:\/\/www.arquimaster.com.ar\/web\/wp-content\/uploads\/2020\/10\/polideportivo_turo_de_la_peira15-150x150.jpg\" class=\"attachment-thumbnail size-thumbnail\" alt=\"Polideportivo y ordenaci\u00f3n interior de manzana en el Tur\u00f3 de la Peira \/ Arquitectura Anna Noguera\" aria-describedby=\"gallery-1-60418\" \/><\/a>\n\t\t\t<\/div>\n\t\t\t\t<figcaption class='wp-caption-text gallery-caption' id='gallery-1-60418'>\n\t\t\t\tPolideportivo y ordenaci\u00f3n interior de manzana en el Tur\u00f3 de la Peira \/ Arquitectura Anna Noguera (\u00a9 Enric Duch)\n\t\t\t\t<\/figcaption><\/figure><figure class='gallery-item'>\n\t\t\t<div class='gallery-icon landscape'>\n\t\t\t\t<a href='https:\/\/www.arquimaster.com.ar\/web\/wp-content\/uploads\/2020\/10\/polideportivo_turo_de_la_peira16.jpg' title=\"Polideportivo y ordenaci\u00f3n interior de manzana en el Tur\u00f3 de la Peira \/ Arquitectura Anna Noguera (\u00a9 Enric Duch)\" data-rl_title=\"Polideportivo y ordenaci\u00f3n interior de manzana en el Tur\u00f3 de la Peira \/ Arquitectura Anna Noguera (\u00a9 Enric Duch)\" class=\"rl-gallery-link\" data-rl_caption=\"Polideportivo y ordenaci\u00f3n interior de manzana en el Tur\u00f3 de la Peira \/ Arquitectura Anna Noguera (\u00a9 Enric Duch)\" data-rel=\"lightbox-gallery-1\"><img loading=\"lazy\" decoding=\"async\" width=\"150\" height=\"150\" src=\"https:\/\/www.arquimaster.com.ar\/web\/wp-content\/uploads\/2020\/10\/polideportivo_turo_de_la_peira16-150x150.jpg\" class=\"attachment-thumbnail size-thumbnail\" alt=\"Polideportivo y ordenaci\u00f3n interior de manzana en el Tur\u00f3 de la Peira \/ Arquitectura Anna Noguera\" aria-describedby=\"gallery-1-60419\" \/><\/a>\n\t\t\t<\/div>\n\t\t\t\t<figcaption class='wp-caption-text gallery-caption' id='gallery-1-60419'>\n\t\t\t\tPolideportivo y ordenaci\u00f3n interior de manzana en el Tur\u00f3 de la Peira \/ Arquitectura Anna Noguera (\u00a9 Enric Duch)\n\t\t\t\t<\/figcaption><\/figure><figure class='gallery-item'>\n\t\t\t<div class='gallery-icon landscape'>\n\t\t\t\t<a href='https:\/\/www.arquimaster.com.ar\/web\/wp-content\/uploads\/2020\/10\/polideportivo_turo_de_la_peira17.jpg' title=\"Polideportivo y ordenaci\u00f3n interior de manzana en el Tur\u00f3 de la Peira \/ Arquitectura Anna Noguera (planta)\" data-rl_title=\"Polideportivo y ordenaci\u00f3n interior de manzana en el Tur\u00f3 de la Peira \/ Arquitectura Anna Noguera (planta)\" class=\"rl-gallery-link\" data-rl_caption=\"Polideportivo y ordenaci\u00f3n interior de manzana en el Tur\u00f3 de la Peira \/ Arquitectura Anna Noguera (planta)\" data-rel=\"lightbox-gallery-1\"><img loading=\"lazy\" decoding=\"async\" width=\"150\" height=\"150\" src=\"https:\/\/www.arquimaster.com.ar\/web\/wp-content\/uploads\/2020\/10\/polideportivo_turo_de_la_peira17-150x150.jpg\" class=\"attachment-thumbnail size-thumbnail\" alt=\"Polideportivo y ordenaci\u00f3n interior de manzana en el Tur\u00f3 de la Peira \/ Arquitectura Anna Noguera\" aria-describedby=\"gallery-1-60420\" \/><\/a>\n\t\t\t<\/div>\n\t\t\t\t<figcaption class='wp-caption-text gallery-caption' id='gallery-1-60420'>\n\t\t\t\tPolideportivo y ordenaci\u00f3n interior de manzana en el Tur\u00f3 de la Peira \/ Arquitectura Anna Noguera (planta)\n\t\t\t\t<\/figcaption><\/figure><figure class='gallery-item'>\n\t\t\t<div class='gallery-icon landscape'>\n\t\t\t\t<a href='https:\/\/www.arquimaster.com.ar\/web\/wp-content\/uploads\/2020\/10\/polideportivo_turo_de_la_peira18.jpg' title=\"Polideportivo y ordenaci\u00f3n interior de manzana en el Tur\u00f3 de la Peira \/ Arquitectura Anna Noguera (corte)\" data-rl_title=\"Polideportivo y ordenaci\u00f3n interior de manzana en el Tur\u00f3 de la Peira \/ Arquitectura Anna Noguera (corte)\" class=\"rl-gallery-link\" data-rl_caption=\"Polideportivo y ordenaci\u00f3n interior de manzana en el Tur\u00f3 de la Peira \/ Arquitectura Anna Noguera (corte)\" data-rel=\"lightbox-gallery-1\"><img loading=\"lazy\" decoding=\"async\" width=\"150\" height=\"150\" src=\"https:\/\/www.arquimaster.com.ar\/web\/wp-content\/uploads\/2020\/10\/polideportivo_turo_de_la_peira18-150x150.jpg\" class=\"attachment-thumbnail size-thumbnail\" alt=\"Polideportivo y ordenaci\u00f3n interior de manzana en el Tur\u00f3 de la Peira \/ Arquitectura Anna Noguera\" aria-describedby=\"gallery-1-60421\" \/><\/a>\n\t\t\t<\/div>\n\t\t\t\t<figcaption class='wp-caption-text gallery-caption' id='gallery-1-60421'>\n\t\t\t\tPolideportivo y ordenaci\u00f3n interior de manzana en el Tur\u00f3 de la Peira \/ Arquitectura Anna Noguera (corte)\n\t\t\t\t<\/figcaption><\/figure><figure class='gallery-item'>\n\t\t\t<div class='gallery-icon landscape'>\n\t\t\t\t<a href='https:\/\/www.arquimaster.com.ar\/web\/wp-content\/uploads\/2020\/10\/polideportivo_turo_de_la_peira19.jpg' title=\"Polideportivo y ordenaci\u00f3n interior de manzana en el Tur\u00f3 de la Peira \/ Arquitectura Anna Noguera (entorno urbano anterior a la intervencion)\" data-rl_title=\"Polideportivo y ordenaci\u00f3n interior de manzana en el Tur\u00f3 de la Peira \/ Arquitectura Anna Noguera (entorno urbano anterior a la intervencion)\" class=\"rl-gallery-link\" data-rl_caption=\"Polideportivo y ordenaci\u00f3n interior de manzana en el Tur\u00f3 de la Peira \/ Arquitectura Anna Noguera (entorno urbano anterior a la intervencion)\" data-rel=\"lightbox-gallery-1\"><img loading=\"lazy\" decoding=\"async\" width=\"150\" height=\"150\" src=\"https:\/\/www.arquimaster.com.ar\/web\/wp-content\/uploads\/2020\/10\/polideportivo_turo_de_la_peira19-150x150.jpg\" class=\"attachment-thumbnail size-thumbnail\" alt=\"Polideportivo y ordenaci\u00f3n interior de manzana en el Tur\u00f3 de la Peira \/ Arquitectura Anna Noguera\" aria-describedby=\"gallery-1-60422\" \/><\/a>\n\t\t\t<\/div>\n\t\t\t\t<figcaption class='wp-caption-text gallery-caption' id='gallery-1-60422'>\n\t\t\t\tPolideportivo y ordenaci\u00f3n interior de manzana en el Tur\u00f3 de la Peira \/ Arquitectura Anna Noguera (entorno urbano anterior a la intervencion)\n\t\t\t\t<\/figcaption><\/figure>\n\t\t<\/div>\n\n<p><strong>Preexistencias: Un entorno urbano duro y desestructurado<\/strong><br \/>El barrio del Tur\u00f3 de la Peira se caracteriza por una gran densidad edificatoria de bloques de viviendas de los a\u00f1os &#8217;60 de gran altura, y por la poca dotaci\u00f3n de espacios verdes.<\/p>\n<p>El patio de manzana donde se realiza la intervenci\u00f3n es un espacio enmarcado por una trama heterog\u00e9nea de diferentes tipolog\u00edas de viviendas y ocupado, antes de la actuaci\u00f3n, por dos equipamientos dispersos y obsoletos; una piscina y una pista exterior.<\/p>\n<p>El resultado era un entorno urbano inh\u00f3spito y desestructurado, caracterizado por la suma de espacios residuales de superficies duras, muros y escaleras de hormig\u00f3n que salvaban el desnivel existente entre las dos calles, y por una ausencia total de vegetaci\u00f3n.<\/p>\n<p><strong>Regeneraci\u00f3n urbana con una infraestructura verde<\/strong><br \/>Se propuso una regeneraci\u00f3n integral a nivel urban\u00edstico, concentrando los dos equipamientos en un solo edificio, con el fin de liberar espacio y crear un gran jard\u00edn.<\/p>\n<p>Una operaci\u00f3n de desmineralizaci\u00f3n y renaturalizaci\u00f3n, eliminando muros y superficies duras y salvando los desniveles con taludes ajardinados que permiten diferentes recorridos adaptados y crean zonas de estar y juegos infantiles.<\/p>\n<p>El interior de manzana se ha convertido en un espacio p\u00fablico ajardinado que aporta calidad ambiental, que es un lugar de relaci\u00f3n social, y que sirve de pre\u00e1mbulo del equipamiento.<\/p>\n<p><strong>Integraci\u00f3n volum\u00e9trica, el edificio es un elemento m\u00e1s del jard\u00edn<\/strong><br \/>El edificio se sit\u00faa semiempotrado en el terreno, adapt\u00e1ndose a la topograf\u00eda y salvando el desnivel existente entre las dos calles.<\/p>\n<p>La fachada a la calle Sant Iscle se configura como un frente urbano, con un porche en esquina que ampl\u00eda la acera y nos invita a entrar.<\/p>\n<p>El edificio minimiza su impacto hacia el jard\u00edn con una galer\u00eda verde que lo envuelve. El edificio es otro elemento del jard\u00edn y dialoga con el espacio verde exterior.<\/p>\n<p><strong>Naturalizaci\u00f3n y calidez de los espacios<\/strong><br \/>La propuesta pone especial \u00e9nfasis en las percepciones que el espacio f\u00edsico transmite al usuario. La iluminaci\u00f3n natural, la vegetaci\u00f3n y la utilizaci\u00f3n de materiales como la madera, aportan un ambiente acogedor y c\u00e1lido, alejado de la frialdad caracter\u00edstica de muchos equipamientos similares.<\/p>\n<p><strong>Energ\u00eda: Sostenibilidad y eficiencia energ\u00e9tica<\/strong><\/p>\n<p><strong>Arquitectura pasiva<\/strong><br \/>El dise\u00f1o del edificio se ha realizado con criterios de arquitectura pasiva. El volumen compacto y empotrado en el terreno minimiza la superficie de fachada evitando p\u00e9rdidas t\u00e9rmicas.<\/p>\n<p>El acondicionamiento clim\u00e1tico de la pista se realiza exclusivamente de manera natural. Ventanas laterales combinadas con 24 lucernarios est\u00e1n monitorizados mediante un sistema inteligente de automatizaci\u00f3n que funciona con sensores de temperatura, humedad, CO2 y lluvia, garantizando la ventilaci\u00f3n e iluminaci\u00f3n natural.<\/p>\n<p>La configuraci\u00f3n de las distintas partes de la envolvente se ha determinado de forma selectiva seg\u00fan la orientaci\u00f3n solar.<\/p>\n<p><strong>Sistemas eficientes: Monitorizaci\u00f3n y aerotermia<\/strong><br \/>La climatizaci\u00f3n de la piscina y la producci\u00f3n de agua caliente se produce mediante un sistema muy eficiente de aerotermia que aprovecha la producci\u00f3n el\u00e9ctrica fotovoltaica.<\/p>\n<p><strong>Producci\u00f3n de energ\u00eda renovable fotovoltaica<\/strong><br \/>El edificio cuenta con m\u00e1s de mil metros de cubierta ocupados por placas fotovoltaicas, que generan 95.534 kWh anuales.<\/p>\n<p><strong>Recursos naturales: Reducci\u00f3n de la huella ecol\u00f3gica<\/strong><\/p>\n<p><strong>Estructura 100% de madera prefabricada<\/strong><br \/>Las excelentes caracter\u00edsticas de la madera en relaci\u00f3n a su ciclo de vida, fue una de las razones por las que se eligi\u00f3 este sistema prefabricado de madera laminada. Se valor\u00f3 asimismo su buen comportamiento mec\u00e1nico, adecuaci\u00f3n al ambiente de la piscina, ligereza y consiguiente ahorro en cimentaci\u00f3n y su rapidez de ejecuci\u00f3n (8 semanas).<\/p>\n<p><strong>Espacio bioclim\u00e1tico: Fachada verde<\/strong><br \/>Una galer\u00eda vegetal compuesta por jardineras lineales y malla de acero electrosoldada por donde trepan las plantas, rodea el edificio protegi\u00e9ndolo del asoleo, tamizando la luz y creando un espacio bioclim\u00e1tico que permite disfrutar de los cambios de estaci\u00f3n y flo-raci\u00f3n durante todo el a\u00f1o.<\/p>\n<p>El sistema de plantaci\u00f3n de fachada es hidrop\u00f3nico, elegido por su ligereza, durabilidad del sustrato, capacidad de retenci\u00f3n de agua y facilidad de instalaci\u00f3n.<\/p>\n<p><strong>Retenci\u00f3n, recuperaci\u00f3n y reutilizaci\u00f3n de aguas pluviales y grises<\/strong><br \/>Un gran dep\u00f3sito situado en el s\u00f3tano recoge el agua pluvial desde la cubierta para su reciclaje y utilizaci\u00f3n para la totalidad del riego de la fachada verde.<\/p>\n<p>La urbanizaci\u00f3n del jard\u00edn se compone de superficies permeables donde los desniveles se construyen con taludes vegetales que acaban en franjas drenantes que recogen el agua de lluvia para retornarla en su totalidad al fre\u00e1tico.<\/p>\n<p><strong>Ficha t\u00e9cnica<\/strong><br \/>Nombre: Polideportivo y ordenaci\u00f3n interior de manzana en el Tur\u00f3 de la Peira<br \/>Ubicaci\u00f3n: Carrer Sant Iscle 50-54, Barcelona, Espa\u00f1a<br \/>Arquitectos: Anna Noguera, Javier Fernandez<br \/>Construction Time Frame: 2016-2018 <br \/>Superficie: 4.430 m2 (construida) + 3.952 m2 (paisajismo)<br \/>Promotor: BIMSA, Institut Barcelona Esports (IBE), Ajuntament de Barcelona <br \/>Arquitecto t\u00e9cnico: D\u00eddac Dalmau<br \/>C\u00e1lculo de estructuras: Manel Fern\u00e1ndez, Ton Coll (Bernuz Fern\u00e1ndez SLP)<br \/>Equipo redactor: Carles Rubio, Javier L\u00f3pez, Lara Ferrer, Marc Busquets<br \/>Paisaje: Anna Zahonero, Pepa Mor\u00e1n, V\u00edctor Adorno<br \/>Sostenibilidad, estrategia energ\u00e9tica, ingeniero de instalaciones: Xavier Salt\u00f3 (Caba Sostenibilitat)<br \/>Consultor Passivhaus, simulaci\u00f3n energ\u00e9tica: Micheel Wassouf, Oliver Style (Progetic)<br \/>Fotografias: <a href=\"https:\/\/enricduch.com\/projects\/work\/\" target=\"_blank\" rel=\"noopener noreferrer\">Enric Duch<\/a><\/p>\n<p><strong>Video<\/strong><br \/><a href=\"https:\/\/vimeo.com\/350209835\/d7d0405a9f\" target=\"_blank\" rel=\"noopener noreferrer\">https:\/\/vimeo.com\/350209835\/d7d0405a9f<\/a><br \/>Producci\u00f3n ejecutiva: Arquitectura Anna Noguera<br \/>Direcci\u00f3n y edici\u00f3n: Miguel Alcalde<br \/>Fotografia: Daniel Mart\u00ednez<\/p>\n<p><strong>Contacto<\/strong><br \/><a href=\"http:\/\/www.annanoguera.com\" target=\"_blank\" rel=\"noopener noreferrer\">http:\/\/www.annanoguera.com<\/a><\/p>\n<p><strong>Acerca del proyectista<\/strong><br \/>Arquitectura Anna Noguera estudio fundado en 1992 con una amplia experiencia, reconocido por los premios recibidos y la difusi\u00f3n de sus obras. \u00abEl trabajo del estudio se caracteriza por la atenta mirada al contexto y paisaje, la vuelta a los materiales y t\u00e9cnicas tradicionales desde una visi\u00f3n contempor\u00e1nea, y la sostenibilidad e innovaci\u00f3n tecnol\u00f3gica entendidas como partes intr\u00ednsecas del propio proyecto\u00bb.<\/p>\n\n\n<div style=\"height:20px\" aria-hidden=\"true\" class=\"wp-block-spacer\"><\/div>\n\n\n<p><em><strong>English version<\/strong><\/em><\/p>\n<p><em><strong>Tur\u00f3 de la Peira&#8217;s Sports Center and layout of the interior urban block<\/strong><\/em><br><em>Barcelona, Spain<\/em><br><em>Arquitectura Anna Noguera<\/em><\/p>\n<p><em>In 2014 the Barcelona City Council held an architectural competition for the landscape planning of an interior urban block and a sports facility consisting of an indoor heated swimming pool and a sports court.<\/em><\/p>\n<p><em>The winning proposal was valued for its landscape integration of a singular greened building in an interior urban block and its commitment to sustainability and respect for the environment.<\/em><\/p>\n<p><em><strong>Preexisting Conditions, a Harsh and Desolate Urban Environment<\/strong><\/em><br><em>Tur\u00f3 de la Peira Quarter is characterized by the abundance of low-cost social housing from the &#8217;60s and a high density of buildings. A district with a lack of green areas and a shortage of public facilities.<\/em><\/p>\n<p><em>The urban environment before the intervention was an unstructured space consisting of a sum of residual spaces. A space occupied by a sports court tucked between neighbouring buildings, a pool of obsolete facilities. An urban landscape of hard pavement, concrete walls and total absence of vegetation.<\/em><\/p>\n<p><em><strong>Urban Regeneration with a Green Infrastructure<\/strong><\/em><br><em>The concentration of the two facilities in a single building allowed to free space to create a new garden.<\/em><\/p>\n<p><em>A space of permeable surfaces, where the unleveled slopes are bridged with green slopes. A place of social relationship, a preamble to the new facility. A garden that provides quality of life and serves as a support of biodiversity.<\/em><\/p>\n<p><em><strong>Volumetric Integration, the Building is One Further Element of the Garden<\/strong><\/em><br><em>The new facility is composed of the overlap of two large spaces; a Heated swimming pool on the ground floor and sports court on the upper floor.<\/em><\/p>\n<p><em>The building is placed half-buried, adapting to the topography and bridging the difference in level between the two streets. The facade to Sant Isle Street has an urban character, with a corner porch that extends the sidewalk and invites us to enter.<\/em><\/p>\n<p><em>The building minimizes its impact on the garden with a green gallery that surrounds it. The volume is one more element of the garden, not mimicking but dialoguing with it.<\/em><\/p>\n<p><em><strong>Naturalize Interior Spaces<\/strong><\/em><br><em>The proposal places special emphasis on the perceptions that the space transmits to the user. The natural lighting, the vegetation and the use of wood provide a warm atmosphere, away from the coldness of other similar facilities.<\/em><\/p>\n<p><em><strong>Energy Efficiency and Self-Sufficiency<\/strong><\/em><\/p>\n<p><em><strong>Passive Architecture<\/strong><\/em><br><em>The design of the building has been carried out with passive architecture criteria. The compact and embedded volume in the ground minimizes the fa\u00e7ade surface avoiding thermal losses.<\/em><\/p>\n<p><em>The climatic conditioning and ventilation of the court take place exclusively with natural systems. 24 skylights and lateral windows monitored by sensors, ensure proper cross-ventilation and lighting.<\/em><\/p>\n<p><em>The thermal insulation of the whole enclosure has been selectively treated according to solar orientation.<\/em><\/p>\n<p><em><strong>Use of High-Efficiency Systems<\/strong><\/em><br><em>The building has an aerothermal system that allows the recovery of heat for the production of hot water.<\/em><\/p>\n<p><em><strong>Renewable Energy Production<\/strong><\/em><br><em>The photovoltaic panels occupy the entire roof deck and generate 95.534 kWh per year.<\/em><\/p>\n<p><em><strong>Construction Systems and Materials Sustainability<\/strong><\/em><\/p>\n<p><em><strong>100% Prefabricated Laminated Wood Structure<\/strong><\/em><br><em>The excellent characteristics of the wood concerning its lifecycle were one of the reasons for choosing the prefabricated system in laminated wood. It was also assessed its good mechanical performance, its adequacy to the environment of the pool, its lightness and consequent savings in the foundations and its short construction time (8 weeks).<\/em><\/p>\n<p><em><strong>Green Facade<\/strong><\/em><br><em>A green gallery surrounds the building protecting it from the sun and creating a bioclimatic space. The plantation system is hydroponic, chosen for its lightness, the durability of the substrate, the capacity of water retention and ease of installation.<\/em><\/p>\n<p><em>From the court, the entire green facade is perceived through the curtain wall, enjoying its flowering changes according to the time of the year.<\/em><\/p>\n<p><em><strong>Water Recycling<\/strong><\/em><br><em>A large tank located in the basement collects the water from the roof for recycling and use for the entire irrigation of the green facade through a hydroponic system.<\/em><\/p>\n<p><em>In the garden&#8217;s site development, draining strips at the bottom of the slopes collect rainwater to return it to the water table.<\/em><\/p>\n<p><em><strong>About<\/strong><\/em><br><em>Arquitectura Anna Noguera studio was founded in 1992, has a wide experience, and is recognized for the awards received and the dissemination of its works. The study work is characterized by the careful look at the context and landscape, the return to the traditional materials and techniques from a contemporary vision and the sustainability and technological innovation understood as intrinsic parts of the project.<\/em><\/p>\n<div style=\"font-size: 0px; height: 0px; line-height: 0px; margin: 0; padding: 0; clear: both;\"><\/div><div style=\"margin-top: 0px; margin-bottom: 0px;\" class=\"sharethis-inline-share-buttons\" ><\/div>","protected":false},"excerpt":{"rendered":"<p>El dise\u00f1o del edificio se ha realizado con criterios de arquitectura pasiva&#8230;<\/p>\n","protected":false},"author":1,"featured_media":60403,"comment_status":"closed","ping_status":"closed","sticky":false,"template":"","format":"standard","meta":{"_uag_custom_page_level_css":"","footnotes":""},"categories":[1479,1,713],"tags":[852,6580,2556,5730,838,679,2416,1881,129,193,5649,104,1035,701,709,1522,3197,1038,4537,555],"class_list":["post-60402","post","type-post","status-publish","format-standard","has-post-thumbnail","hentry","category-edificios-para-el-deporte","category-proyecto","category-proyectos-urbanos","tag-aerotermia","tag-arquitectura-anna-noguera","tag-arquitectura-deportiva","tag-arquitectura-pasiva","tag-arquitectura-sostenible","tag-barcelona","tag-construccion-en-madera","tag-construccion-sostenible","tag-eficiencia-energetica","tag-energia-fotovoltaica","tag-envolventes-sostenibles","tag-espana","tag-fachadas-verdes","tag-madera","tag-paisajismo","tag-piscina","tag-polideportivo","tag-reutilizacion-de-agua-de-lluvia","tag-reutilizacion-de-agua-pluvial","tag-sostenibilidad","generate-columns","tablet-grid-50","mobile-grid-100","grid-parent","grid-50"],"yoast_head":"<!-- This site is optimized with the Yoast SEO plugin v27.3 - https:\/\/yoast.com\/product\/yoast-seo-wordpress\/ -->\n<title>Polideportivo y ordenaci\u00f3n interior de manzana en el Tur\u00f3 de la Peira \/ Arquitectura Anna Noguera - Arquimaster<\/title>\n<meta name=\"description\" content=\"El dise\u00f1o del edificio se ha realizado con criterios de arquitectura pasiva. La iluminaci\u00f3n natural, la vegetaci\u00f3n y la utilizaci\u00f3n de materiales como la madera, aportan un ambiente acogedor y c\u00e1lido.\" \/>\n<meta name=\"robots\" content=\"index, follow, max-snippet:-1, max-image-preview:large, max-video-preview:-1\" \/>\n<link rel=\"canonical\" href=\"https:\/\/www.arquimaster.com.ar\/web\/polideportivo-y-ordenacion-interior-de-manzana-en-el-turo-de-la-peira-arquitectura-anna-noguera\/\" \/>\n<meta property=\"og:locale\" content=\"es_ES\" \/>\n<meta property=\"og:type\" content=\"article\" \/>\n<meta property=\"og:title\" content=\"Polideportivo y ordenaci\u00f3n interior de manzana en el Tur\u00f3 de la Peira \/ Arquitectura Anna Noguera\" \/>\n<meta property=\"og:description\" content=\"El dise\u00f1o del edificio se ha realizado con criterios de arquitectura pasiva. La iluminaci\u00f3n natural, la vegetaci\u00f3n y la utilizaci\u00f3n de materiales como la madera, aportan un ambiente acogedor y c\u00e1lido.\" \/>\n<meta property=\"og:url\" content=\"https:\/\/www.arquimaster.com.ar\/web\/polideportivo-y-ordenacion-interior-de-manzana-en-el-turo-de-la-peira-arquitectura-anna-noguera\/\" \/>\n<meta property=\"og:site_name\" content=\"Arquimaster\" \/>\n<meta property=\"article:publisher\" content=\"http:\/\/www.facebook.com\/ARQUIMASTER.com.ar\" \/>\n<meta property=\"article:published_time\" content=\"2020-10-29T18:02:01+00:00\" \/>\n<meta property=\"article:modified_time\" content=\"2020-11-06T17:32:11+00:00\" \/>\n<meta property=\"og:image\" content=\"https:\/\/www.arquimaster.com.ar\/web\/wp-content\/uploads\/2020\/10\/polideportivo_turo_de_la_peira_slide.jpg\" \/>\n\t<meta property=\"og:image:width\" content=\"698\" \/>\n\t<meta property=\"og:image:height\" content=\"364\" \/>\n\t<meta property=\"og:image:type\" content=\"image\/jpeg\" \/>\n<meta name=\"author\" content=\"Arquimaster\" \/>\n<meta name=\"twitter:card\" content=\"summary_large_image\" \/>\n<meta name=\"twitter:title\" content=\"Polideportivo y ordenaci\u00f3n interior de manzana en el Tur\u00f3 de la Peira \/ Arquitectura Anna Noguera\" \/>\n<meta name=\"twitter:description\" content=\"El dise\u00f1o del edificio se ha realizado con criterios de arquitectura pasiva. La iluminaci\u00f3n natural, la vegetaci\u00f3n y la utilizaci\u00f3n de materiales como la madera, aportan un ambiente acogedor y c\u00e1lido.\" \/>\n<meta name=\"twitter:image\" content=\"https:\/\/www.arquimaster.com.ar\/web\/wp-content\/uploads\/2020\/10\/polideportivo_turo_de_la_peira_slide.jpg\" \/>\n<meta name=\"twitter:creator\" content=\"@arquimaster\" \/>\n<meta name=\"twitter:site\" content=\"@arquimaster\" \/>\n<meta name=\"twitter:label1\" content=\"Escrito por\" \/>\n\t<meta name=\"twitter:data1\" content=\"Arquimaster\" \/>\n\t<meta name=\"twitter:label2\" content=\"Tiempo de lectura\" \/>\n\t<meta name=\"twitter:data2\" content=\"9 minutos\" \/>\n<script type=\"application\/ld+json\" class=\"yoast-schema-graph\">{\"@context\":\"https:\\\/\\\/schema.org\",\"@graph\":[{\"@type\":\"Article\",\"@id\":\"https:\\\/\\\/www.arquimaster.com.ar\\\/web\\\/polideportivo-y-ordenacion-interior-de-manzana-en-el-turo-de-la-peira-arquitectura-anna-noguera\\\/#article\",\"isPartOf\":{\"@id\":\"https:\\\/\\\/www.arquimaster.com.ar\\\/web\\\/polideportivo-y-ordenacion-interior-de-manzana-en-el-turo-de-la-peira-arquitectura-anna-noguera\\\/\"},\"author\":{\"name\":\"Arquimaster\",\"@id\":\"https:\\\/\\\/www.arquimaster.com.ar\\\/web\\\/#\\\/schema\\\/person\\\/359e9f7c00193fcde068e0dd2ceb0028\"},\"headline\":\"Polideportivo y ordenaci\u00f3n interior de manzana en el Tur\u00f3 de la Peira \\\/ Arquitectura Anna Noguera\",\"datePublished\":\"2020-10-29T18:02:01+00:00\",\"dateModified\":\"2020-11-06T17:32:11+00:00\",\"mainEntityOfPage\":{\"@id\":\"https:\\\/\\\/www.arquimaster.com.ar\\\/web\\\/polideportivo-y-ordenacion-interior-de-manzana-en-el-turo-de-la-peira-arquitectura-anna-noguera\\\/\"},\"wordCount\":1850,\"publisher\":{\"@id\":\"https:\\\/\\\/www.arquimaster.com.ar\\\/web\\\/#organization\"},\"image\":{\"@id\":\"https:\\\/\\\/www.arquimaster.com.ar\\\/web\\\/polideportivo-y-ordenacion-interior-de-manzana-en-el-turo-de-la-peira-arquitectura-anna-noguera\\\/#primaryimage\"},\"thumbnailUrl\":\"https:\\\/\\\/www.arquimaster.com.ar\\\/web\\\/wp-content\\\/uploads\\\/2020\\\/10\\\/polideportivo_turo_de_la_peira_slide.jpg\",\"keywords\":[\"aerotermia\",\"Arquitectura Anna Noguera\",\"arquitectura deportiva\",\"arquitectura pasiva\",\"arquitectura sostenible\",\"Barcelona\",\"construccion en madera\",\"construccion sostenible\",\"eficiencia energ\u00e9tica\",\"energ\u00eda fotovoltaica\",\"envolventes sostenibles\",\"Espa\u00f1a\",\"fachadas verdes\",\"madera\",\"paisajismo\",\"piscina\",\"polideportivo\",\"reutilizaci\u00f3n de agua de lluvia\",\"reutilizaci\u00f3n de agua pluvial\",\"sostenibilidad\"],\"articleSection\":[\"Edificios para el deporte\",\"Proyecto\",\"Proyectos urbanos\"],\"inLanguage\":\"es\"},{\"@type\":\"WebPage\",\"@id\":\"https:\\\/\\\/www.arquimaster.com.ar\\\/web\\\/polideportivo-y-ordenacion-interior-de-manzana-en-el-turo-de-la-peira-arquitectura-anna-noguera\\\/\",\"url\":\"https:\\\/\\\/www.arquimaster.com.ar\\\/web\\\/polideportivo-y-ordenacion-interior-de-manzana-en-el-turo-de-la-peira-arquitectura-anna-noguera\\\/\",\"name\":\"Polideportivo y ordenaci\u00f3n interior de manzana en el Tur\u00f3 de la Peira \\\/ Arquitectura Anna Noguera - Arquimaster\",\"isPartOf\":{\"@id\":\"https:\\\/\\\/www.arquimaster.com.ar\\\/web\\\/#website\"},\"primaryImageOfPage\":{\"@id\":\"https:\\\/\\\/www.arquimaster.com.ar\\\/web\\\/polideportivo-y-ordenacion-interior-de-manzana-en-el-turo-de-la-peira-arquitectura-anna-noguera\\\/#primaryimage\"},\"image\":{\"@id\":\"https:\\\/\\\/www.arquimaster.com.ar\\\/web\\\/polideportivo-y-ordenacion-interior-de-manzana-en-el-turo-de-la-peira-arquitectura-anna-noguera\\\/#primaryimage\"},\"thumbnailUrl\":\"https:\\\/\\\/www.arquimaster.com.ar\\\/web\\\/wp-content\\\/uploads\\\/2020\\\/10\\\/polideportivo_turo_de_la_peira_slide.jpg\",\"datePublished\":\"2020-10-29T18:02:01+00:00\",\"dateModified\":\"2020-11-06T17:32:11+00:00\",\"description\":\"El dise\u00f1o del edificio se ha realizado con criterios de arquitectura pasiva. La iluminaci\u00f3n natural, la vegetaci\u00f3n y la utilizaci\u00f3n de materiales como la madera, aportan un ambiente acogedor y c\u00e1lido.\",\"breadcrumb\":{\"@id\":\"https:\\\/\\\/www.arquimaster.com.ar\\\/web\\\/polideportivo-y-ordenacion-interior-de-manzana-en-el-turo-de-la-peira-arquitectura-anna-noguera\\\/#breadcrumb\"},\"inLanguage\":\"es\",\"potentialAction\":[{\"@type\":\"ReadAction\",\"target\":[\"https:\\\/\\\/www.arquimaster.com.ar\\\/web\\\/polideportivo-y-ordenacion-interior-de-manzana-en-el-turo-de-la-peira-arquitectura-anna-noguera\\\/\"]}]},{\"@type\":\"ImageObject\",\"inLanguage\":\"es\",\"@id\":\"https:\\\/\\\/www.arquimaster.com.ar\\\/web\\\/polideportivo-y-ordenacion-interior-de-manzana-en-el-turo-de-la-peira-arquitectura-anna-noguera\\\/#primaryimage\",\"url\":\"https:\\\/\\\/www.arquimaster.com.ar\\\/web\\\/wp-content\\\/uploads\\\/2020\\\/10\\\/polideportivo_turo_de_la_peira_slide.jpg\",\"contentUrl\":\"https:\\\/\\\/www.arquimaster.com.ar\\\/web\\\/wp-content\\\/uploads\\\/2020\\\/10\\\/polideportivo_turo_de_la_peira_slide.jpg\",\"width\":698,\"height\":364,\"caption\":\"Polideportivo y ordenaci\u00f3n interior de manzana en el Tur\u00f3 de la Peira \\\/ Arquitectura Anna Noguera\"},{\"@type\":\"BreadcrumbList\",\"@id\":\"https:\\\/\\\/www.arquimaster.com.ar\\\/web\\\/polideportivo-y-ordenacion-interior-de-manzana-en-el-turo-de-la-peira-arquitectura-anna-noguera\\\/#breadcrumb\",\"itemListElement\":[{\"@type\":\"ListItem\",\"position\":1,\"name\":\"Portada\",\"item\":\"https:\\\/\\\/www.arquimaster.com.ar\\\/web\\\/\"},{\"@type\":\"ListItem\",\"position\":2,\"name\":\"Polideportivo y ordenaci\u00f3n interior de manzana en el Tur\u00f3 de la Peira \\\/ Arquitectura Anna Noguera\"}]},{\"@type\":\"WebSite\",\"@id\":\"https:\\\/\\\/www.arquimaster.com.ar\\\/web\\\/#website\",\"url\":\"https:\\\/\\\/www.arquimaster.com.ar\\\/web\\\/\",\"name\":\"Arquimaster\",\"description\":\"Web de arquitectura, dise\u00f1o y construccion\",\"publisher\":{\"@id\":\"https:\\\/\\\/www.arquimaster.com.ar\\\/web\\\/#organization\"},\"potentialAction\":[{\"@type\":\"SearchAction\",\"target\":{\"@type\":\"EntryPoint\",\"urlTemplate\":\"https:\\\/\\\/www.arquimaster.com.ar\\\/web\\\/?s={search_term_string}\"},\"query-input\":{\"@type\":\"PropertyValueSpecification\",\"valueRequired\":true,\"valueName\":\"search_term_string\"}}],\"inLanguage\":\"es\"},{\"@type\":\"Organization\",\"@id\":\"https:\\\/\\\/www.arquimaster.com.ar\\\/web\\\/#organization\",\"name\":\"Arquimaster\",\"url\":\"https:\\\/\\\/www.arquimaster.com.ar\\\/web\\\/\",\"logo\":{\"@type\":\"ImageObject\",\"inLanguage\":\"es\",\"@id\":\"https:\\\/\\\/www.arquimaster.com.ar\\\/web\\\/#\\\/schema\\\/logo\\\/image\\\/\",\"url\":\"https:\\\/\\\/www.arquimaster.com.ar\\\/web\\\/wp-content\\\/uploads\\\/2022\\\/06\\\/arquimaster.png\",\"contentUrl\":\"https:\\\/\\\/www.arquimaster.com.ar\\\/web\\\/wp-content\\\/uploads\\\/2022\\\/06\\\/arquimaster.png\",\"width\":594,\"height\":78,\"caption\":\"Arquimaster\"},\"image\":{\"@id\":\"https:\\\/\\\/www.arquimaster.com.ar\\\/web\\\/#\\\/schema\\\/logo\\\/image\\\/\"},\"sameAs\":[\"http:\\\/\\\/www.facebook.com\\\/ARQUIMASTER.com.ar\",\"https:\\\/\\\/x.com\\\/arquimaster\",\"https:\\\/\\\/www.instagram.com\\\/arquimasterblog\\\/\",\"https:\\\/\\\/www.linkedin.com\\\/company\\\/arquimaster\",\"https:\\\/\\\/www.pinterest.com\\\/arquimaster\",\"https:\\\/\\\/t.me\\\/arquimaster\"]},{\"@type\":\"Person\",\"@id\":\"https:\\\/\\\/www.arquimaster.com.ar\\\/web\\\/#\\\/schema\\\/person\\\/359e9f7c00193fcde068e0dd2ceb0028\",\"name\":\"Arquimaster\"}]}<\/script>\n<!-- \/ Yoast SEO plugin. -->","yoast_head_json":{"title":"Polideportivo y ordenaci\u00f3n interior de manzana en el Tur\u00f3 de la Peira \/ Arquitectura Anna Noguera - Arquimaster","description":"El dise\u00f1o del edificio se ha realizado con criterios de arquitectura pasiva. La iluminaci\u00f3n natural, la vegetaci\u00f3n y la utilizaci\u00f3n de materiales como la madera, aportan un ambiente acogedor y c\u00e1lido.","robots":{"index":"index","follow":"follow","max-snippet":"max-snippet:-1","max-image-preview":"max-image-preview:large","max-video-preview":"max-video-preview:-1"},"canonical":"https:\/\/www.arquimaster.com.ar\/web\/polideportivo-y-ordenacion-interior-de-manzana-en-el-turo-de-la-peira-arquitectura-anna-noguera\/","og_locale":"es_ES","og_type":"article","og_title":"Polideportivo y ordenaci\u00f3n interior de manzana en el Tur\u00f3 de la Peira \/ Arquitectura Anna Noguera","og_description":"El dise\u00f1o del edificio se ha realizado con criterios de arquitectura pasiva. La iluminaci\u00f3n natural, la vegetaci\u00f3n y la utilizaci\u00f3n de materiales como la madera, aportan un ambiente acogedor y c\u00e1lido.","og_url":"https:\/\/www.arquimaster.com.ar\/web\/polideportivo-y-ordenacion-interior-de-manzana-en-el-turo-de-la-peira-arquitectura-anna-noguera\/","og_site_name":"Arquimaster","article_publisher":"http:\/\/www.facebook.com\/ARQUIMASTER.com.ar","article_published_time":"2020-10-29T18:02:01+00:00","article_modified_time":"2020-11-06T17:32:11+00:00","og_image":[{"width":698,"height":364,"url":"https:\/\/www.arquimaster.com.ar\/web\/wp-content\/uploads\/2020\/10\/polideportivo_turo_de_la_peira_slide.jpg","type":"image\/jpeg"}],"author":"Arquimaster","twitter_card":"summary_large_image","twitter_title":"Polideportivo y ordenaci\u00f3n interior de manzana en el Tur\u00f3 de la Peira \/ Arquitectura Anna Noguera","twitter_description":"El dise\u00f1o del edificio se ha realizado con criterios de arquitectura pasiva. La iluminaci\u00f3n natural, la vegetaci\u00f3n y la utilizaci\u00f3n de materiales como la madera, aportan un ambiente acogedor y c\u00e1lido.","twitter_image":"https:\/\/www.arquimaster.com.ar\/web\/wp-content\/uploads\/2020\/10\/polideportivo_turo_de_la_peira_slide.jpg","twitter_creator":"@arquimaster","twitter_site":"@arquimaster","twitter_misc":{"Escrito por":"Arquimaster","Tiempo de lectura":"9 minutos"},"schema":{"@context":"https:\/\/schema.org","@graph":[{"@type":"Article","@id":"https:\/\/www.arquimaster.com.ar\/web\/polideportivo-y-ordenacion-interior-de-manzana-en-el-turo-de-la-peira-arquitectura-anna-noguera\/#article","isPartOf":{"@id":"https:\/\/www.arquimaster.com.ar\/web\/polideportivo-y-ordenacion-interior-de-manzana-en-el-turo-de-la-peira-arquitectura-anna-noguera\/"},"author":{"name":"Arquimaster","@id":"https:\/\/www.arquimaster.com.ar\/web\/#\/schema\/person\/359e9f7c00193fcde068e0dd2ceb0028"},"headline":"Polideportivo y ordenaci\u00f3n interior de manzana en el Tur\u00f3 de la Peira \/ Arquitectura Anna Noguera","datePublished":"2020-10-29T18:02:01+00:00","dateModified":"2020-11-06T17:32:11+00:00","mainEntityOfPage":{"@id":"https:\/\/www.arquimaster.com.ar\/web\/polideportivo-y-ordenacion-interior-de-manzana-en-el-turo-de-la-peira-arquitectura-anna-noguera\/"},"wordCount":1850,"publisher":{"@id":"https:\/\/www.arquimaster.com.ar\/web\/#organization"},"image":{"@id":"https:\/\/www.arquimaster.com.ar\/web\/polideportivo-y-ordenacion-interior-de-manzana-en-el-turo-de-la-peira-arquitectura-anna-noguera\/#primaryimage"},"thumbnailUrl":"https:\/\/www.arquimaster.com.ar\/web\/wp-content\/uploads\/2020\/10\/polideportivo_turo_de_la_peira_slide.jpg","keywords":["aerotermia","Arquitectura Anna Noguera","arquitectura deportiva","arquitectura pasiva","arquitectura sostenible","Barcelona","construccion en madera","construccion sostenible","eficiencia energ\u00e9tica","energ\u00eda fotovoltaica","envolventes sostenibles","Espa\u00f1a","fachadas verdes","madera","paisajismo","piscina","polideportivo","reutilizaci\u00f3n de agua de lluvia","reutilizaci\u00f3n de agua pluvial","sostenibilidad"],"articleSection":["Edificios para el deporte","Proyecto","Proyectos urbanos"],"inLanguage":"es"},{"@type":"WebPage","@id":"https:\/\/www.arquimaster.com.ar\/web\/polideportivo-y-ordenacion-interior-de-manzana-en-el-turo-de-la-peira-arquitectura-anna-noguera\/","url":"https:\/\/www.arquimaster.com.ar\/web\/polideportivo-y-ordenacion-interior-de-manzana-en-el-turo-de-la-peira-arquitectura-anna-noguera\/","name":"Polideportivo y ordenaci\u00f3n interior de manzana en el Tur\u00f3 de la Peira \/ Arquitectura Anna Noguera - Arquimaster","isPartOf":{"@id":"https:\/\/www.arquimaster.com.ar\/web\/#website"},"primaryImageOfPage":{"@id":"https:\/\/www.arquimaster.com.ar\/web\/polideportivo-y-ordenacion-interior-de-manzana-en-el-turo-de-la-peira-arquitectura-anna-noguera\/#primaryimage"},"image":{"@id":"https:\/\/www.arquimaster.com.ar\/web\/polideportivo-y-ordenacion-interior-de-manzana-en-el-turo-de-la-peira-arquitectura-anna-noguera\/#primaryimage"},"thumbnailUrl":"https:\/\/www.arquimaster.com.ar\/web\/wp-content\/uploads\/2020\/10\/polideportivo_turo_de_la_peira_slide.jpg","datePublished":"2020-10-29T18:02:01+00:00","dateModified":"2020-11-06T17:32:11+00:00","description":"El dise\u00f1o del edificio se ha realizado con criterios de arquitectura pasiva. La iluminaci\u00f3n natural, la vegetaci\u00f3n y la utilizaci\u00f3n de materiales como la madera, aportan un ambiente acogedor y c\u00e1lido.","breadcrumb":{"@id":"https:\/\/www.arquimaster.com.ar\/web\/polideportivo-y-ordenacion-interior-de-manzana-en-el-turo-de-la-peira-arquitectura-anna-noguera\/#breadcrumb"},"inLanguage":"es","potentialAction":[{"@type":"ReadAction","target":["https:\/\/www.arquimaster.com.ar\/web\/polideportivo-y-ordenacion-interior-de-manzana-en-el-turo-de-la-peira-arquitectura-anna-noguera\/"]}]},{"@type":"ImageObject","inLanguage":"es","@id":"https:\/\/www.arquimaster.com.ar\/web\/polideportivo-y-ordenacion-interior-de-manzana-en-el-turo-de-la-peira-arquitectura-anna-noguera\/#primaryimage","url":"https:\/\/www.arquimaster.com.ar\/web\/wp-content\/uploads\/2020\/10\/polideportivo_turo_de_la_peira_slide.jpg","contentUrl":"https:\/\/www.arquimaster.com.ar\/web\/wp-content\/uploads\/2020\/10\/polideportivo_turo_de_la_peira_slide.jpg","width":698,"height":364,"caption":"Polideportivo y ordenaci\u00f3n interior de manzana en el Tur\u00f3 de la Peira \/ Arquitectura Anna Noguera"},{"@type":"BreadcrumbList","@id":"https:\/\/www.arquimaster.com.ar\/web\/polideportivo-y-ordenacion-interior-de-manzana-en-el-turo-de-la-peira-arquitectura-anna-noguera\/#breadcrumb","itemListElement":[{"@type":"ListItem","position":1,"name":"Portada","item":"https:\/\/www.arquimaster.com.ar\/web\/"},{"@type":"ListItem","position":2,"name":"Polideportivo y ordenaci\u00f3n interior de manzana en el Tur\u00f3 de la Peira \/ Arquitectura Anna Noguera"}]},{"@type":"WebSite","@id":"https:\/\/www.arquimaster.com.ar\/web\/#website","url":"https:\/\/www.arquimaster.com.ar\/web\/","name":"Arquimaster","description":"Web de arquitectura, dise\u00f1o y construccion","publisher":{"@id":"https:\/\/www.arquimaster.com.ar\/web\/#organization"},"potentialAction":[{"@type":"SearchAction","target":{"@type":"EntryPoint","urlTemplate":"https:\/\/www.arquimaster.com.ar\/web\/?s={search_term_string}"},"query-input":{"@type":"PropertyValueSpecification","valueRequired":true,"valueName":"search_term_string"}}],"inLanguage":"es"},{"@type":"Organization","@id":"https:\/\/www.arquimaster.com.ar\/web\/#organization","name":"Arquimaster","url":"https:\/\/www.arquimaster.com.ar\/web\/","logo":{"@type":"ImageObject","inLanguage":"es","@id":"https:\/\/www.arquimaster.com.ar\/web\/#\/schema\/logo\/image\/","url":"https:\/\/www.arquimaster.com.ar\/web\/wp-content\/uploads\/2022\/06\/arquimaster.png","contentUrl":"https:\/\/www.arquimaster.com.ar\/web\/wp-content\/uploads\/2022\/06\/arquimaster.png","width":594,"height":78,"caption":"Arquimaster"},"image":{"@id":"https:\/\/www.arquimaster.com.ar\/web\/#\/schema\/logo\/image\/"},"sameAs":["http:\/\/www.facebook.com\/ARQUIMASTER.com.ar","https:\/\/x.com\/arquimaster","https:\/\/www.instagram.com\/arquimasterblog\/","https:\/\/www.linkedin.com\/company\/arquimaster","https:\/\/www.pinterest.com\/arquimaster","https:\/\/t.me\/arquimaster"]},{"@type":"Person","@id":"https:\/\/www.arquimaster.com.ar\/web\/#\/schema\/person\/359e9f7c00193fcde068e0dd2ceb0028","name":"Arquimaster"}]}},"uagb_featured_image_src":{"full":["https:\/\/www.arquimaster.com.ar\/web\/wp-content\/uploads\/2020\/10\/polideportivo_turo_de_la_peira_slide.jpg",698,364,false],"thumbnail":["https:\/\/www.arquimaster.com.ar\/web\/wp-content\/uploads\/2020\/10\/polideportivo_turo_de_la_peira_slide-150x150.jpg",150,150,true],"medium":["https:\/\/www.arquimaster.com.ar\/web\/wp-content\/uploads\/2020\/10\/polideportivo_turo_de_la_peira_slide.jpg",698,364,false],"medium_large":["https:\/\/www.arquimaster.com.ar\/web\/wp-content\/uploads\/2020\/10\/polideportivo_turo_de_la_peira_slide.jpg",698,364,false],"large":["https:\/\/www.arquimaster.com.ar\/web\/wp-content\/uploads\/2020\/10\/polideportivo_turo_de_la_peira_slide.jpg",698,364,false],"1536x1536":["https:\/\/www.arquimaster.com.ar\/web\/wp-content\/uploads\/2020\/10\/polideportivo_turo_de_la_peira_slide.jpg",698,364,false],"2048x2048":["https:\/\/www.arquimaster.com.ar\/web\/wp-content\/uploads\/2020\/10\/polideportivo_turo_de_la_peira_slide.jpg",698,364,false]},"uagb_author_info":{"display_name":"Arquimaster","author_link":"https:\/\/www.arquimaster.com.ar\/web\/author\/arquimaster\/"},"uagb_comment_info":0,"uagb_excerpt":"El dise\u00f1o del edificio se ha realizado con criterios de arquitectura pasiva...","_links":{"self":[{"href":"https:\/\/www.arquimaster.com.ar\/web\/wp-json\/wp\/v2\/posts\/60402","targetHints":{"allow":["GET"]}}],"collection":[{"href":"https:\/\/www.arquimaster.com.ar\/web\/wp-json\/wp\/v2\/posts"}],"about":[{"href":"https:\/\/www.arquimaster.com.ar\/web\/wp-json\/wp\/v2\/types\/post"}],"author":[{"embeddable":true,"href":"https:\/\/www.arquimaster.com.ar\/web\/wp-json\/wp\/v2\/users\/1"}],"replies":[{"embeddable":true,"href":"https:\/\/www.arquimaster.com.ar\/web\/wp-json\/wp\/v2\/comments?post=60402"}],"version-history":[{"count":2,"href":"https:\/\/www.arquimaster.com.ar\/web\/wp-json\/wp\/v2\/posts\/60402\/revisions"}],"predecessor-version":[{"id":60628,"href":"https:\/\/www.arquimaster.com.ar\/web\/wp-json\/wp\/v2\/posts\/60402\/revisions\/60628"}],"wp:featuredmedia":[{"embeddable":true,"href":"https:\/\/www.arquimaster.com.ar\/web\/wp-json\/wp\/v2\/media\/60403"}],"wp:attachment":[{"href":"https:\/\/www.arquimaster.com.ar\/web\/wp-json\/wp\/v2\/media?parent=60402"}],"wp:term":[{"taxonomy":"category","embeddable":true,"href":"https:\/\/www.arquimaster.com.ar\/web\/wp-json\/wp\/v2\/categories?post=60402"},{"taxonomy":"post_tag","embeddable":true,"href":"https:\/\/www.arquimaster.com.ar\/web\/wp-json\/wp\/v2\/tags?post=60402"}],"curies":[{"name":"wp","href":"https:\/\/api.w.org\/{rel}","templated":true}]}}