{"id":60424,"date":"2020-10-29T10:08:59","date_gmt":"2020-10-29T13:08:59","guid":{"rendered":"https:\/\/www.arquimaster.com.ar\/web\/?p=60424"},"modified":"2020-11-03T12:31:24","modified_gmt":"2020-11-03T15:31:24","slug":"el-nido-departamento-turistico-maria-beatriz-blanco","status":"publish","type":"post","link":"https:\/\/www.arquimaster.com.ar\/web\/el-nido-departamento-turistico-maria-beatriz-blanco\/","title":{"rendered":"\u00abEl Nido\u00bb Departamento turistico \/ Mar\u00eda Beatriz Blanco"},"content":{"rendered":"<div style=\"margin-top: 0px; margin-bottom: 0px;\" class=\"sharethis-inline-share-buttons\" ><\/div><div class=\"b812932af2e751442846f039925109de\" data-index=\"1\" style=\"float: none; margin:25px 0 25px 0; text-align:center;\">\n<script async src=\"https:\/\/pagead2.googlesyndication.com\/pagead\/js\/adsbygoogle.js\"><\/script>\r\n<!-- Arquimaster (superior) -->\r\n<ins class=\"adsbygoogle\"\r\n     style=\"display:block\"\r\n     data-ad-client=\"ca-pub-6351072698456832\"\r\n     data-ad-slot=\"6455489680\"\r\n     data-ad-format=\"auto\"\r\n     data-full-width-responsive=\"true\"><\/ins>\r\n<script>\r\n     (adsbygoogle = window.adsbygoogle || []).push({});\r\n<\/script>\n<\/div>\n<p><strong>\u00abEl Nido\u00bb Departamento turistico<\/strong> por <strong>Mar\u00eda Beatriz Blanco<\/strong>. El proyecto obtuvo el 2\u00ba Acc\u00e9sit en el 5\u00ba Premio Internacional InterCIDEC 2020 cuyo tema consisti\u00f3 en el dise\u00f1o de interior de un Apartamento Tur\u00edstico Sostenible. Hospedarse en un hotel es mucho m\u00e1s que encontrar un sitio para dormir: El hu\u00e9sped busca una experiencia diferente que le permita salir de su rutina cotidiana.<\/p>\n<p>En los \u00faltimos a\u00f1os, viajar se ha convertido en uno de los deseos m\u00e1s populares en el mundo y la industria del turismo cada vez realiza mayores ofertas de sitios para hospedarse. En consecuencia, los turistas o viajeros de negocios se han puesto m\u00e1s exigentes a la hora de seleccionar el lugar donde establecerse y, cada vez m\u00e1s se le otorga una mayor importancia a la selecci\u00f3n del lugar donde establecerse durante una estad\u00eda de viaje, teniendo en consideraci\u00f3n tanto el precio, la ubicaci\u00f3n y el confort, como los servicios a los que puede acceder.<\/p>\n<p>La facilidad de acceso a los medios digitales para la b\u00fasqueda de sitios ha incrementado la demanda de departamentos conque tienen mayor similitud en las caracter\u00edsticas de servicios a una vivienda.<\/p>\n<p>Temas como el Covid, tornados, inundaciones y otros desastres clim\u00e1ticos, pueden provocar alteraciones en los planes de viajes y prolongar las estad\u00edas. Adicionalmente, esta \u00abnueva normalidad \u00bb que estamos transitando nos lleva a buscar un remanso de tranquilidad para poder tener un descanso alejado de las preocupaciones.<\/p>\n<div id='gallery-1' class='gallery galleryid-60424 gallery-columns-3 gallery-size-thumbnail'><figure class='gallery-item'>\n\t\t\t<div class='gallery-icon landscape'>\n\t\t\t\t<a href='https:\/\/www.arquimaster.com.ar\/web\/wp-content\/uploads\/2020\/10\/departamento_el_nido1.jpg' title=\"&quot;El Nido&quot; Departamento turistico \/ Mar\u00eda Beatriz Blanco\" data-rl_title=\"&quot;El Nido&quot; Departamento turistico \/ Mar\u00eda Beatriz Blanco\" class=\"rl-gallery-link\" data-rl_caption=\"&quot;El Nido&quot; Departamento turistico \/ Mar\u00eda Beatriz Blanco\" data-rel=\"lightbox-gallery-1\"><img loading=\"lazy\" decoding=\"async\" width=\"150\" height=\"150\" src=\"https:\/\/www.arquimaster.com.ar\/web\/wp-content\/uploads\/2020\/10\/departamento_el_nido1-150x150.jpg\" class=\"attachment-thumbnail size-thumbnail\" alt=\"&quot;El Nido&quot; Departamento turistico \/ Mar\u00eda Beatriz Blanco\" aria-describedby=\"gallery-1-60426\" \/><\/a>\n\t\t\t<\/div>\n\t\t\t\t<figcaption class='wp-caption-text gallery-caption' id='gallery-1-60426'>\n\t\t\t\t\u00abEl Nido\u00bb Departamento turistico \/ Mar\u00eda Beatriz Blanco\n\t\t\t\t<\/figcaption><\/figure><figure class='gallery-item'>\n\t\t\t<div class='gallery-icon landscape'>\n\t\t\t\t<a href='https:\/\/www.arquimaster.com.ar\/web\/wp-content\/uploads\/2020\/10\/departamento_el_nido2.jpg' title=\"&quot;El Nido&quot; Departamento turistico \/ Mar\u00eda Beatriz Blanco\" data-rl_title=\"&quot;El Nido&quot; Departamento turistico \/ Mar\u00eda Beatriz Blanco\" class=\"rl-gallery-link\" data-rl_caption=\"&quot;El Nido&quot; Departamento turistico \/ Mar\u00eda Beatriz Blanco\" data-rel=\"lightbox-gallery-1\"><img loading=\"lazy\" decoding=\"async\" width=\"150\" height=\"150\" src=\"https:\/\/www.arquimaster.com.ar\/web\/wp-content\/uploads\/2020\/10\/departamento_el_nido2-150x150.jpg\" class=\"attachment-thumbnail size-thumbnail\" alt=\"&quot;El Nido&quot; Departamento turistico \/ Mar\u00eda Beatriz Blanco\" aria-describedby=\"gallery-1-60427\" \/><\/a>\n\t\t\t<\/div>\n\t\t\t\t<figcaption class='wp-caption-text gallery-caption' id='gallery-1-60427'>\n\t\t\t\t\u00abEl Nido\u00bb Departamento turistico \/ Mar\u00eda Beatriz Blanco\n\t\t\t\t<\/figcaption><\/figure><figure class='gallery-item'>\n\t\t\t<div class='gallery-icon landscape'>\n\t\t\t\t<a href='https:\/\/www.arquimaster.com.ar\/web\/wp-content\/uploads\/2020\/10\/departamento_el_nido3.jpg' title=\"&quot;El Nido&quot; Departamento turistico \/ Mar\u00eda Beatriz Blanco\" data-rl_title=\"&quot;El Nido&quot; Departamento turistico \/ Mar\u00eda Beatriz Blanco\" class=\"rl-gallery-link\" data-rl_caption=\"&quot;El Nido&quot; Departamento turistico \/ Mar\u00eda Beatriz Blanco\" data-rel=\"lightbox-gallery-1\"><img loading=\"lazy\" decoding=\"async\" width=\"150\" height=\"150\" src=\"https:\/\/www.arquimaster.com.ar\/web\/wp-content\/uploads\/2020\/10\/departamento_el_nido3-150x150.jpg\" class=\"attachment-thumbnail size-thumbnail\" alt=\"&quot;El Nido&quot; Departamento turistico \/ Mar\u00eda Beatriz Blanco\" aria-describedby=\"gallery-1-60428\" \/><\/a>\n\t\t\t<\/div>\n\t\t\t\t<figcaption class='wp-caption-text gallery-caption' id='gallery-1-60428'>\n\t\t\t\t\u00abEl Nido\u00bb Departamento turistico \/ Mar\u00eda Beatriz Blanco\n\t\t\t\t<\/figcaption><\/figure><figure class='gallery-item'>\n\t\t\t<div class='gallery-icon landscape'>\n\t\t\t\t<a href='https:\/\/www.arquimaster.com.ar\/web\/wp-content\/uploads\/2020\/10\/departamento_el_nido4.jpg' title=\"&quot;El Nido&quot; Departamento turistico \/ Mar\u00eda Beatriz Blanco\" data-rl_title=\"&quot;El Nido&quot; Departamento turistico \/ Mar\u00eda Beatriz Blanco\" class=\"rl-gallery-link\" data-rl_caption=\"&quot;El Nido&quot; Departamento turistico \/ Mar\u00eda Beatriz Blanco\" data-rel=\"lightbox-gallery-1\"><img loading=\"lazy\" decoding=\"async\" width=\"150\" height=\"150\" src=\"https:\/\/www.arquimaster.com.ar\/web\/wp-content\/uploads\/2020\/10\/departamento_el_nido4-150x150.jpg\" class=\"attachment-thumbnail size-thumbnail\" alt=\"&quot;El Nido&quot; Departamento turistico \/ Mar\u00eda Beatriz Blanco\" aria-describedby=\"gallery-1-60429\" \/><\/a>\n\t\t\t<\/div>\n\t\t\t\t<figcaption class='wp-caption-text gallery-caption' id='gallery-1-60429'>\n\t\t\t\t\u00abEl Nido\u00bb Departamento turistico \/ Mar\u00eda Beatriz Blanco\n\t\t\t\t<\/figcaption><\/figure><figure class='gallery-item'>\n\t\t\t<div class='gallery-icon landscape'>\n\t\t\t\t<a href='https:\/\/www.arquimaster.com.ar\/web\/wp-content\/uploads\/2020\/10\/departamento_el_nido5.jpg' title=\"&quot;El Nido&quot; Departamento turistico \/ Mar\u00eda Beatriz Blanco\" data-rl_title=\"&quot;El Nido&quot; Departamento turistico \/ Mar\u00eda Beatriz Blanco\" class=\"rl-gallery-link\" data-rl_caption=\"&quot;El Nido&quot; Departamento turistico \/ Mar\u00eda Beatriz Blanco\" data-rel=\"lightbox-gallery-1\"><img loading=\"lazy\" decoding=\"async\" width=\"150\" height=\"150\" src=\"https:\/\/www.arquimaster.com.ar\/web\/wp-content\/uploads\/2020\/10\/departamento_el_nido5-150x150.jpg\" class=\"attachment-thumbnail size-thumbnail\" alt=\"&quot;El Nido&quot; Departamento turistico \/ Mar\u00eda Beatriz Blanco\" aria-describedby=\"gallery-1-60430\" \/><\/a>\n\t\t\t<\/div>\n\t\t\t\t<figcaption class='wp-caption-text gallery-caption' id='gallery-1-60430'>\n\t\t\t\t\u00abEl Nido\u00bb Departamento turistico \/ Mar\u00eda Beatriz Blanco\n\t\t\t\t<\/figcaption><\/figure><figure class='gallery-item'>\n\t\t\t<div class='gallery-icon landscape'>\n\t\t\t\t<a href='https:\/\/www.arquimaster.com.ar\/web\/wp-content\/uploads\/2020\/10\/departamento_el_nido6.jpg' title=\"&quot;El Nido&quot; Departamento turistico \/ Mar\u00eda Beatriz Blanco\" data-rl_title=\"&quot;El Nido&quot; Departamento turistico \/ Mar\u00eda Beatriz Blanco\" class=\"rl-gallery-link\" data-rl_caption=\"&quot;El Nido&quot; Departamento turistico \/ Mar\u00eda Beatriz Blanco\" data-rel=\"lightbox-gallery-1\"><img loading=\"lazy\" decoding=\"async\" width=\"150\" height=\"150\" src=\"https:\/\/www.arquimaster.com.ar\/web\/wp-content\/uploads\/2020\/10\/departamento_el_nido6-150x150.jpg\" class=\"attachment-thumbnail size-thumbnail\" alt=\"&quot;El Nido&quot; Departamento turistico \/ Mar\u00eda Beatriz Blanco\" aria-describedby=\"gallery-1-60431\" \/><\/a>\n\t\t\t<\/div>\n\t\t\t\t<figcaption class='wp-caption-text gallery-caption' id='gallery-1-60431'>\n\t\t\t\t\u00abEl Nido\u00bb Departamento turistico \/ Mar\u00eda Beatriz Blanco\n\t\t\t\t<\/figcaption><\/figure><figure class='gallery-item'>\n\t\t\t<div class='gallery-icon portrait'>\n\t\t\t\t<a href='https:\/\/www.arquimaster.com.ar\/web\/wp-content\/uploads\/2020\/10\/departamento_el_nido7.jpg' title=\"&quot;El Nido&quot; Departamento turistico \/ Mar\u00eda Beatriz Blanco\" data-rl_title=\"&quot;El Nido&quot; Departamento turistico \/ Mar\u00eda Beatriz Blanco\" class=\"rl-gallery-link\" data-rl_caption=\"&quot;El Nido&quot; Departamento turistico \/ Mar\u00eda Beatriz Blanco\" data-rel=\"lightbox-gallery-1\"><img loading=\"lazy\" decoding=\"async\" width=\"150\" height=\"150\" src=\"https:\/\/www.arquimaster.com.ar\/web\/wp-content\/uploads\/2020\/10\/departamento_el_nido7-150x150.jpg\" class=\"attachment-thumbnail size-thumbnail\" alt=\"&quot;El Nido&quot; Departamento turistico \/ Mar\u00eda Beatriz Blanco\" aria-describedby=\"gallery-1-60432\" \/><\/a>\n\t\t\t<\/div>\n\t\t\t\t<figcaption class='wp-caption-text gallery-caption' id='gallery-1-60432'>\n\t\t\t\t\u00abEl Nido\u00bb Departamento turistico \/ Mar\u00eda Beatriz Blanco\n\t\t\t\t<\/figcaption><\/figure><figure class='gallery-item'>\n\t\t\t<div class='gallery-icon landscape'>\n\t\t\t\t<a href='https:\/\/www.arquimaster.com.ar\/web\/wp-content\/uploads\/2020\/10\/departamento_el_nido8.jpg' title=\"&quot;El Nido&quot; Departamento turistico \/ Mar\u00eda Beatriz Blanco\" data-rl_title=\"&quot;El Nido&quot; Departamento turistico \/ Mar\u00eda Beatriz Blanco\" class=\"rl-gallery-link\" data-rl_caption=\"&quot;El Nido&quot; Departamento turistico \/ Mar\u00eda Beatriz Blanco\" data-rel=\"lightbox-gallery-1\"><img loading=\"lazy\" decoding=\"async\" width=\"150\" height=\"150\" src=\"https:\/\/www.arquimaster.com.ar\/web\/wp-content\/uploads\/2020\/10\/departamento_el_nido8-150x150.jpg\" class=\"attachment-thumbnail size-thumbnail\" alt=\"&quot;El Nido&quot; Departamento turistico \/ Mar\u00eda Beatriz Blanco\" aria-describedby=\"gallery-1-60433\" srcset=\"https:\/\/www.arquimaster.com.ar\/web\/wp-content\/uploads\/2020\/10\/departamento_el_nido8-150x150.jpg 150w, https:\/\/www.arquimaster.com.ar\/web\/wp-content\/uploads\/2020\/10\/departamento_el_nido8-1024x1024.jpg 1024w, https:\/\/www.arquimaster.com.ar\/web\/wp-content\/uploads\/2020\/10\/departamento_el_nido8-768x768.jpg 768w, https:\/\/www.arquimaster.com.ar\/web\/wp-content\/uploads\/2020\/10\/departamento_el_nido8.jpg 1500w\" sizes=\"auto, (max-width: 150px) 100vw, 150px\" \/><\/a>\n\t\t\t<\/div>\n\t\t\t\t<figcaption class='wp-caption-text gallery-caption' id='gallery-1-60433'>\n\t\t\t\t\u00abEl Nido\u00bb Departamento turistico \/ Mar\u00eda Beatriz Blanco\n\t\t\t\t<\/figcaption><\/figure><figure class='gallery-item'>\n\t\t\t<div class='gallery-icon landscape'>\n\t\t\t\t<a href='https:\/\/www.arquimaster.com.ar\/web\/wp-content\/uploads\/2020\/10\/departamento_el_nido9.jpg' title=\"&quot;El Nido&quot; Departamento turistico \/ Mar\u00eda Beatriz Blanco\" data-rl_title=\"&quot;El Nido&quot; Departamento turistico \/ Mar\u00eda Beatriz Blanco\" class=\"rl-gallery-link\" data-rl_caption=\"&quot;El Nido&quot; Departamento turistico \/ Mar\u00eda Beatriz Blanco\" data-rel=\"lightbox-gallery-1\"><img loading=\"lazy\" decoding=\"async\" width=\"150\" height=\"150\" src=\"https:\/\/www.arquimaster.com.ar\/web\/wp-content\/uploads\/2020\/10\/departamento_el_nido9-150x150.jpg\" class=\"attachment-thumbnail size-thumbnail\" alt=\"&quot;El Nido&quot; Departamento turistico \/ Mar\u00eda Beatriz Blanco\" aria-describedby=\"gallery-1-60434\" srcset=\"https:\/\/www.arquimaster.com.ar\/web\/wp-content\/uploads\/2020\/10\/departamento_el_nido9-150x150.jpg 150w, https:\/\/www.arquimaster.com.ar\/web\/wp-content\/uploads\/2020\/10\/departamento_el_nido9-1024x1024.jpg 1024w, https:\/\/www.arquimaster.com.ar\/web\/wp-content\/uploads\/2020\/10\/departamento_el_nido9-768x768.jpg 768w, https:\/\/www.arquimaster.com.ar\/web\/wp-content\/uploads\/2020\/10\/departamento_el_nido9.jpg 1500w\" sizes=\"auto, (max-width: 150px) 100vw, 150px\" \/><\/a>\n\t\t\t<\/div>\n\t\t\t\t<figcaption class='wp-caption-text gallery-caption' id='gallery-1-60434'>\n\t\t\t\t\u00abEl Nido\u00bb Departamento turistico \/ Mar\u00eda Beatriz Blanco\n\t\t\t\t<\/figcaption><\/figure><figure class='gallery-item'>\n\t\t\t<div class='gallery-icon landscape'>\n\t\t\t\t<a href='https:\/\/www.arquimaster.com.ar\/web\/wp-content\/uploads\/2020\/10\/departamento_el_nido10.jpg' title=\"&quot;El Nido&quot; Departamento turistico \/ Mar\u00eda Beatriz Blanco\" data-rl_title=\"&quot;El Nido&quot; Departamento turistico \/ Mar\u00eda Beatriz Blanco\" class=\"rl-gallery-link\" data-rl_caption=\"&quot;El Nido&quot; Departamento turistico \/ Mar\u00eda Beatriz Blanco\" data-rel=\"lightbox-gallery-1\"><img loading=\"lazy\" decoding=\"async\" width=\"150\" height=\"150\" src=\"https:\/\/www.arquimaster.com.ar\/web\/wp-content\/uploads\/2020\/10\/departamento_el_nido10-150x150.jpg\" class=\"attachment-thumbnail size-thumbnail\" alt=\"&quot;El Nido&quot; Departamento turistico \/ Mar\u00eda Beatriz Blanco\" aria-describedby=\"gallery-1-60435\" \/><\/a>\n\t\t\t<\/div>\n\t\t\t\t<figcaption class='wp-caption-text gallery-caption' id='gallery-1-60435'>\n\t\t\t\t\u00abEl Nido\u00bb Departamento turistico \/ Mar\u00eda Beatriz Blanco\n\t\t\t\t<\/figcaption><\/figure><figure class='gallery-item'>\n\t\t\t<div class='gallery-icon landscape'>\n\t\t\t\t<a href='https:\/\/www.arquimaster.com.ar\/web\/wp-content\/uploads\/2020\/10\/departamento_el_nido11.jpg' title=\"&quot;El Nido&quot; Departamento turistico \/ Mar\u00eda Beatriz Blanco\" data-rl_title=\"&quot;El Nido&quot; Departamento turistico \/ Mar\u00eda Beatriz Blanco\" class=\"rl-gallery-link\" data-rl_caption=\"&quot;El Nido&quot; Departamento turistico \/ Mar\u00eda Beatriz Blanco\" data-rel=\"lightbox-gallery-1\"><img loading=\"lazy\" decoding=\"async\" width=\"150\" height=\"150\" src=\"https:\/\/www.arquimaster.com.ar\/web\/wp-content\/uploads\/2020\/10\/departamento_el_nido11-150x150.jpg\" class=\"attachment-thumbnail size-thumbnail\" alt=\"&quot;El Nido&quot; Departamento turistico \/ Mar\u00eda Beatriz Blanco\" aria-describedby=\"gallery-1-60436\" \/><\/a>\n\t\t\t<\/div>\n\t\t\t\t<figcaption class='wp-caption-text gallery-caption' id='gallery-1-60436'>\n\t\t\t\t\u00abEl Nido\u00bb Departamento turistico \/ Mar\u00eda Beatriz Blanco\n\t\t\t\t<\/figcaption><\/figure><figure class='gallery-item'>\n\t\t\t<div class='gallery-icon landscape'>\n\t\t\t\t<a href='https:\/\/www.arquimaster.com.ar\/web\/wp-content\/uploads\/2020\/10\/departamento_el_nido12.jpg' title=\"&quot;El Nido&quot; Departamento turistico \/ Mar\u00eda Beatriz Blanco\" data-rl_title=\"&quot;El Nido&quot; Departamento turistico \/ Mar\u00eda Beatriz Blanco\" class=\"rl-gallery-link\" data-rl_caption=\"&quot;El Nido&quot; Departamento turistico \/ Mar\u00eda Beatriz Blanco\" data-rel=\"lightbox-gallery-1\"><img loading=\"lazy\" decoding=\"async\" width=\"150\" height=\"150\" src=\"https:\/\/www.arquimaster.com.ar\/web\/wp-content\/uploads\/2020\/10\/departamento_el_nido12-150x150.jpg\" class=\"attachment-thumbnail size-thumbnail\" alt=\"&quot;El Nido&quot; Departamento turistico \/ Mar\u00eda Beatriz Blanco\" aria-describedby=\"gallery-1-60437\" \/><\/a>\n\t\t\t<\/div>\n\t\t\t\t<figcaption class='wp-caption-text gallery-caption' id='gallery-1-60437'>\n\t\t\t\t\u00abEl Nido\u00bb Departamento turistico \/ Mar\u00eda Beatriz Blanco\n\t\t\t\t<\/figcaption><\/figure><figure class='gallery-item'>\n\t\t\t<div class='gallery-icon landscape'>\n\t\t\t\t<a href='https:\/\/www.arquimaster.com.ar\/web\/wp-content\/uploads\/2020\/10\/departamento_el_nido13.jpg' title=\"&quot;El Nido&quot; Departamento turistico \/ Mar\u00eda Beatriz Blanco\" data-rl_title=\"&quot;El Nido&quot; Departamento turistico \/ Mar\u00eda Beatriz Blanco\" class=\"rl-gallery-link\" data-rl_caption=\"&quot;El Nido&quot; Departamento turistico \/ Mar\u00eda Beatriz Blanco\" data-rel=\"lightbox-gallery-1\"><img loading=\"lazy\" decoding=\"async\" width=\"150\" height=\"150\" src=\"https:\/\/www.arquimaster.com.ar\/web\/wp-content\/uploads\/2020\/10\/departamento_el_nido13-150x150.jpg\" class=\"attachment-thumbnail size-thumbnail\" alt=\"&quot;El Nido&quot; Departamento turistico \/ Mar\u00eda Beatriz Blanco\" aria-describedby=\"gallery-1-60438\" \/><\/a>\n\t\t\t<\/div>\n\t\t\t\t<figcaption class='wp-caption-text gallery-caption' id='gallery-1-60438'>\n\t\t\t\t\u00abEl Nido\u00bb Departamento turistico \/ Mar\u00eda Beatriz Blanco\n\t\t\t\t<\/figcaption><\/figure><figure class='gallery-item'>\n\t\t\t<div class='gallery-icon landscape'>\n\t\t\t\t<a href='https:\/\/www.arquimaster.com.ar\/web\/wp-content\/uploads\/2020\/10\/departamento_el_nido14.jpg' title=\"&quot;El Nido&quot; Departamento turistico \/ Mar\u00eda Beatriz Blanco (planta)\" data-rl_title=\"&quot;El Nido&quot; Departamento turistico \/ Mar\u00eda Beatriz Blanco (planta)\" class=\"rl-gallery-link\" data-rl_caption=\"&quot;El Nido&quot; Departamento turistico \/ Mar\u00eda Beatriz Blanco (planta)\" data-rel=\"lightbox-gallery-1\"><img loading=\"lazy\" decoding=\"async\" width=\"150\" height=\"150\" src=\"https:\/\/www.arquimaster.com.ar\/web\/wp-content\/uploads\/2020\/10\/departamento_el_nido14-150x150.jpg\" class=\"attachment-thumbnail size-thumbnail\" alt=\"&quot;El Nido&quot; Departamento turistico \/ Mar\u00eda Beatriz Blanco\" aria-describedby=\"gallery-1-60439\" \/><\/a>\n\t\t\t<\/div>\n\t\t\t\t<figcaption class='wp-caption-text gallery-caption' id='gallery-1-60439'>\n\t\t\t\t\u00abEl Nido\u00bb Departamento turistico \/ Mar\u00eda Beatriz Blanco (planta)\n\t\t\t\t<\/figcaption><\/figure><figure class='gallery-item'>\n\t\t\t<div class='gallery-icon landscape'>\n\t\t\t\t<a href='https:\/\/www.arquimaster.com.ar\/web\/wp-content\/uploads\/2020\/10\/departamento_el_nido15.jpg' title=\"&quot;El Nido&quot; Departamento turistico \/ Mar\u00eda Beatriz Blanco (corte vista)\" data-rl_title=\"&quot;El Nido&quot; Departamento turistico \/ Mar\u00eda Beatriz Blanco (corte vista)\" class=\"rl-gallery-link\" data-rl_caption=\"&quot;El Nido&quot; Departamento turistico \/ Mar\u00eda Beatriz Blanco (corte vista)\" data-rel=\"lightbox-gallery-1\"><img loading=\"lazy\" decoding=\"async\" width=\"150\" height=\"150\" src=\"https:\/\/www.arquimaster.com.ar\/web\/wp-content\/uploads\/2020\/10\/departamento_el_nido15-150x150.jpg\" class=\"attachment-thumbnail size-thumbnail\" alt=\"&quot;El Nido&quot; Departamento turistico \/ Mar\u00eda Beatriz Blanco\" aria-describedby=\"gallery-1-60440\" \/><\/a>\n\t\t\t<\/div>\n\t\t\t\t<figcaption class='wp-caption-text gallery-caption' id='gallery-1-60440'>\n\t\t\t\t\u00abEl Nido\u00bb Departamento turistico \/ Mar\u00eda Beatriz Blanco (corte vista)\n\t\t\t\t<\/figcaption><\/figure><figure class='gallery-item'>\n\t\t\t<div class='gallery-icon landscape'>\n\t\t\t\t<a href='https:\/\/www.arquimaster.com.ar\/web\/wp-content\/uploads\/2020\/10\/departamento_el_nido16.jpg' title=\"&quot;El Nido&quot; Departamento turistico \/ Mar\u00eda Beatriz Blanco (corte vista)\" data-rl_title=\"&quot;El Nido&quot; Departamento turistico \/ Mar\u00eda Beatriz Blanco (corte vista)\" class=\"rl-gallery-link\" data-rl_caption=\"&quot;El Nido&quot; Departamento turistico \/ Mar\u00eda Beatriz Blanco (corte vista)\" data-rel=\"lightbox-gallery-1\"><img loading=\"lazy\" decoding=\"async\" width=\"150\" height=\"150\" src=\"https:\/\/www.arquimaster.com.ar\/web\/wp-content\/uploads\/2020\/10\/departamento_el_nido16-150x150.jpg\" class=\"attachment-thumbnail size-thumbnail\" alt=\"&quot;El Nido&quot; Departamento turistico \/ Mar\u00eda Beatriz Blanco\" aria-describedby=\"gallery-1-60441\" \/><\/a>\n\t\t\t<\/div>\n\t\t\t\t<figcaption class='wp-caption-text gallery-caption' id='gallery-1-60441'>\n\t\t\t\t\u00abEl Nido\u00bb Departamento turistico \/ Mar\u00eda Beatriz Blanco (corte vista)\n\t\t\t\t<\/figcaption><\/figure><figure class='gallery-item'>\n\t\t\t<div class='gallery-icon landscape'>\n\t\t\t\t<a href='https:\/\/www.arquimaster.com.ar\/web\/wp-content\/uploads\/2020\/10\/departamento_el_nido17.jpg' title=\"&quot;El Nido&quot; Departamento turistico \/ Mar\u00eda Beatriz Blanco (despiece)\" data-rl_title=\"&quot;El Nido&quot; Departamento turistico \/ Mar\u00eda Beatriz Blanco (despiece)\" class=\"rl-gallery-link\" data-rl_caption=\"&quot;El Nido&quot; Departamento turistico \/ Mar\u00eda Beatriz Blanco (despiece)\" data-rel=\"lightbox-gallery-1\"><img loading=\"lazy\" decoding=\"async\" width=\"150\" height=\"150\" src=\"https:\/\/www.arquimaster.com.ar\/web\/wp-content\/uploads\/2020\/10\/departamento_el_nido17-150x150.jpg\" class=\"attachment-thumbnail size-thumbnail\" alt=\"&quot;El Nido&quot; Departamento turistico \/ Mar\u00eda Beatriz Blanco\" aria-describedby=\"gallery-1-60442\" \/><\/a>\n\t\t\t<\/div>\n\t\t\t\t<figcaption class='wp-caption-text gallery-caption' id='gallery-1-60442'>\n\t\t\t\t\u00abEl Nido\u00bb Departamento turistico \/ Mar\u00eda Beatriz Blanco (despiece)\n\t\t\t\t<\/figcaption><\/figure><figure class='gallery-item'>\n\t\t\t<div class='gallery-icon landscape'>\n\t\t\t\t<a href='https:\/\/www.arquimaster.com.ar\/web\/wp-content\/uploads\/2020\/10\/departamento_el_nido18.jpg' title=\"&quot;El Nido&quot; Departamento turistico \/ Mar\u00eda Beatriz Blanco (planta arquitetonica)\" data-rl_title=\"&quot;El Nido&quot; Departamento turistico \/ Mar\u00eda Beatriz Blanco (planta arquitetonica)\" class=\"rl-gallery-link\" data-rl_caption=\"&quot;El Nido&quot; Departamento turistico \/ Mar\u00eda Beatriz Blanco (planta arquitetonica)\" data-rel=\"lightbox-gallery-1\"><img loading=\"lazy\" decoding=\"async\" width=\"150\" height=\"150\" src=\"https:\/\/www.arquimaster.com.ar\/web\/wp-content\/uploads\/2020\/10\/departamento_el_nido18-150x150.jpg\" class=\"attachment-thumbnail size-thumbnail\" alt=\"&quot;El Nido&quot; Departamento turistico \/ Mar\u00eda Beatriz Blanco\" aria-describedby=\"gallery-1-60443\" \/><\/a>\n\t\t\t<\/div>\n\t\t\t\t<figcaption class='wp-caption-text gallery-caption' id='gallery-1-60443'>\n\t\t\t\t\u00abEl Nido\u00bb Departamento turistico \/ Mar\u00eda Beatriz Blanco (planta arquitetonica)\n\t\t\t\t<\/figcaption><\/figure>\n\t\t<\/div>\n\n<p><strong>Concepto<\/strong><br \/>\nLa propuesta se centra, principalmente, en un segmento de p\u00fablico exquisito y pr\u00e1ctico, que busca lugares agradables y singulares, con un dise\u00f1o muy cuidado, con detalles personalizados, y que no resigna el confort y la comodidad de un hogar. Un lugar no s\u00f3lo para dormir, sino para poder trabajar, relajarse y hasta poder disfrutar de una comida tranquila luego o de una jornada laboral o de un intenso d\u00eda de turismo, un nido que lo contenga, mientras se encuentra alejado de su verdadero hogar.<\/p>\n<p>Este p\u00fablico es amplio, en cuanto a edades y situaciones. Puede ser un viajero de negocios, una pareja y hasta una familia con uno o dos ni\u00f1os.<\/p>\n<p>Por esta raz\u00f3n se busc\u00f3 generar un espacio en donde se pueda encontrar esa contenci\u00f3n buscada: un lujar para relajar y poder conectarse con uno mismo y sus necesidades, que cuente con la versatilidad y flexibilidad para cada viajero pueda adaptarlo a sus necesidades funcionales y est\u00e9ticas y a las situaciones en las que se encuentre.<\/p>\n<p>Por todo lo antedicho, se pens\u00f3 en un concepto que combine las ventajas de diversas tipolog\u00edas de espacios de alojamiento temporario. Y as\u00ed, se propuso una habitaci\u00f3n con detalles de calidez de dise\u00f1o casi personalizados, servicios de apart, pero que se podr\u00eda llevar a cabo en un hotel de tama\u00f1o convencional.<\/p>\n<p>Con un espacio amplio y despejado, que favorezca al relax, con detalles de dise\u00f1o que puedan adaptarse a los lugares en que el hotel est\u00e9 situado, ambient\u00e1ndolo con objetos vern\u00e1culos, para sentir una experiencia c\u00e1lida e inigualable.<\/p>\n<p>La incorporaci\u00f3n de un espacio exterior dentro de la propuesta de habitaci\u00f3n, resulta novedosa y un factor diferencial, para poder concretar los objetivos buscados, en los nuevos espacios para habitar.<\/p>\n<p><strong>Idea rectora<\/strong><br \/>\nEl proyecto consiste en la realizaci\u00f3n de un espacio cubierto por un cielorraso \u00fanico que, a trav\u00e9s de las ondulaciones que va adquiriendo en la trayectoria que realiza y la calidez del material seleccionado, sirve como elemento que cobija y como unificador al mismo tiempo del conjunto.<\/p>\n<p>El espacio central del proyecto est\u00e1 delimitado por un piso de madera que recorre toda el \u00e1rea de estar y dormir (desde la expansi\u00f3n hasta la cama, elev\u00e1ndose en este punto para convertirse en el respaldo de la misma).<\/p>\n<p>El solado de circulaciones y \u00e1rea sanitaria es una superficie lisa y pulida, acorde a la sensaci\u00f3n de higiene requerida (m\u00e1rmoles, piedras sinterizadas, porcelanatos, etc).<\/p>\n<p>El conjunto cielorraso y el solado lineal, direccionan intencionalmente el foco de atenci\u00f3n hacia la expansi\u00f3n con el objetivo de generar visuales que generen distensi\u00f3n.<\/p>\n<p>Los elementos \u00abde utilidad funcional \u00bb se disponen en las paredes laterales componiendo muebles y funcionando, al mismo tiempo como elementos decorativos.<\/p>\n<p><strong>Los materiales<\/strong><br \/>\nEsta propuesta fue pensada para ser realizada con materiales sustentables y renovables y la elecci\u00f3n definitiva de cada uno de ellos se realizar\u00eda en funci\u00f3n de las posibilidades y econom\u00edas del sitio en el que se asiente, teniendo en cuenta los objetivos buscados en cada sector descripto.<\/p>\n<p><strong>Propuesta<\/strong><br \/>\n1. Espacio de recambio de ropa y calzado de calle y guardado de elementos de sanitizaci\u00f3n (post Covid).<br \/>\n2. \u00c1rea kitchenette.<br \/>\n3. Espacio guardado.<br \/>\n4. Sector apoya maletas.<br \/>\n5. Mueble de guardado de elementos de comedor.<br \/>\n6. Cama adicional rebatible.<br \/>\n7. Puertas plegadizas.<\/p>\n<p><strong>Acceso<\/strong><br \/>\nEl hall de ingreso a la unidad est\u00e1 conformado, hacia un lado por un mueble longitudinal y, hacia el otro por el volumen que encierra al \u00e1rea sanitaria. Al fondo, ya desde el acceso, se percibe el \u00e1rea verde, preparando al visitante para la experiencia.<\/p>\n<p>El primer sector del mueble (ref. 1 en planta) corresponde al espacio de recambio de ropa y calzado de calle. All\u00ed se proveen pantuflas y batas, y se disponen percheros Hang, para guardado de abrigos.<\/p>\n<p><strong>Sector Kitchenette<\/strong><br \/>\nUna puerta aloja elementos b\u00e1sicos de mini kitchenette: frigobar, microondas, cafetera y vajilla. La puerta contigua, corresponde al sector de guardado (ref. 3 en planta).<\/p>\n<p><strong>Ba\u00f1o<\/strong><br \/>\nUn elemento curvo, realizado en resina sint\u00e9tica o alg\u00fan otro material maleable, de textura lisa y de f\u00e1cil limpieza, da privacidad al sector de inodoro y bidet. En su cara externa, en conexi\u00f3n con la unidad, se aloja una bacha y espejo adicional.<\/p>\n<p>La ba\u00f1era brinda la doble posibilidad de uso: en intimidad, si se despliega la puerta plegadiza<br \/>\n(ref. 7 en planta) o en conexi\u00f3n con la totalidad del ambiente.<\/p>\n<p>Completan el mueble de melanina, un sector de apoyo de equipaje que, eventualmente, y de acuerdo a las caracter\u00edsticas y demandas del usuario, se puede ambientar con objetos decorativos (ref. 4 en planta)<\/p>\n<p>Al final de su recorrido, se \u00abpega a la pared\u00bb dando lugar y actuando de respaldo del escritorio \u00abPoet\u00bb, que junto con la silla Bazk, conforman el espacio destinado al trabajo.<\/p>\n<p><strong>La expansi\u00f3n<\/strong><br \/>\nEl sector de expansi\u00f3n es el punto focal de la propuesta. En su cara externa (fachada del edificio), est\u00e1 contenido por una estructura enrejada que act\u00faa al mismo tiempo de baranda de protecci\u00f3n y de sost\u00e9n de las enredaderas que, junto con los \u00e1rboles y\/o vegetaci\u00f3n de altura que pasan por uno de sus laterales y las plantas que se alojan en las macetas enfrentadas, generan un microclima que colabora tanto con la distenci\u00f3n como con la absorci\u00f3n de ruidos exteriores o interiores del edificio si est\u00e1 en el contrafrente.<\/p>\n<p>Al mismo tiempo, este espacio funciona, indudablemente, como pulm\u00f3n verde hacia la ciudad. El equipamiento del mismo se compone con un banco Inside, que \u00abdialoga\u00bb formalmente con el cielorraso que lo cubre y termina de reforzar el foco visual y dar car\u00e1cter al espacio.<\/p>\n<p>Como apoyo se utilizaron mesas bajas Brena, en una escala m\u00e1s peque\u00f1a. Unas l\u00e1mparas escult\u00f3ricas completan la ambientaci\u00f3n.<\/p>\n<p><strong>Flexibilidad de uso<\/strong><br \/>\nAlgunos elementos como los bancos y m\u00f3dulos de mesas, est\u00e1n dise\u00f1ados para conformar en su conjunto una pieza escultural y de ambientaci\u00f3n del espacio. De esta forma, aportan la posibilidad de mantener la superficie despejada y con mayor amplitud y dar respuestas a distintas necesidades y deseos de diferentes usuarios o momentos del d\u00eda.<\/p>\n<p>Un sistema liviano de puertas plegadizas, permite sectorizar el espacio. Participa de este conjunto una cama adicional rebatible para grupos m\u00e1s numerosos.<\/p>\n<p>El televisor permite su plegado y guardado en el cielorraso, por un sistema automatizado que lo repliega y extiende. De esta manera no hay necesidad de equipamiento adicional que entorpezca la continuidad espacial ni interrumpa las visuales extendidas.<\/p>\n<p>El solado del \u00e1rea de descanso\/estar es de madera que aporta calidez en este sector para dar mayor confort ante una posible circulaci\u00f3n sin calzado.<\/p>\n<p>La cama se recuesta sobre el respaldo de madera que \u00abse levanta\u00bb del piso conformando un \u00fanico elemento junto con las mesas de noche que forman parte del mismo conjunto.<\/p>\n<p>Se propone la utilizaci\u00f3n de un pie de cama Lumi o Brin. Alineada con dicho pie de cama, se dispone una alfombra de colores c\u00e1lidos, que sirve al sector de estar. Se contemplan la posibilidad de reemplazar la cama doble por dos camas simples.<\/p>\n<p>Todos los elementos que componen el proyecto tienen la posibilidad de ser trabajados en taller, otorgando grandes ventajas a la hora de ejecutar la obra o reemplazar alguno de dichos elementos.<\/p>\n<p><strong>Ficha t\u00e9cnica<\/strong><br \/>\nNombre: El Nido<br \/>\nProyectista: Arq. Mar\u00eda Beatriz Blanco (mbb estudio)<br \/>\nTipologia: Apartamento Tur\u00edstico Sostenible<br \/>\nPremios: 2\u00ba Accesit en el 5\u00ba Premio Internacional InterCIDEC 2020<\/p>\n<p><strong>Contacto<\/strong><br \/>\n<a href=\"http:\/\/www.mariabeatrizblanco.com\" target=\"_blank\" rel=\"noopener noreferrer\">http:\/\/www.mariabeatrizblanco.com<\/a><\/p>\n\n<div style=\"font-size: 0px; height: 0px; line-height: 0px; margin: 0; padding: 0; clear: both;\"><\/div><div style=\"margin-top: 0px; margin-bottom: 0px;\" class=\"sharethis-inline-share-buttons\" ><\/div>","protected":false},"excerpt":{"rendered":"<p>El proyecto obtuvo un Acc\u00e9sit en el 5\u00ba Premio Internacional InterCIDEC 2020&#8230;<\/p>\n","protected":false},"author":1,"featured_media":60425,"comment_status":"closed","ping_status":"closed","sticky":false,"template":"","format":"standard","meta":{"_uag_custom_page_level_css":"","footnotes":""},"categories":[79,1,81],"tags":[6583,5581,249,6581,6582,100,102,556],"class_list":["post-60424","post","type-post","status-publish","format-standard","has-post-thumbnail","hentry","category-departamentos","category-proyecto","category-proyectos-concursos","tag-alojamiento-temporario","tag-apartamento","tag-departamento","tag-maria-beatriz-blanco","tag-mbb-estudio","tag-proyectos-para-concursos","tag-resultados-de-concursos","tag-sostenible","generate-columns","tablet-grid-50","mobile-grid-100","grid-parent","grid-50"],"yoast_head":"<!-- This site is optimized with the Yoast SEO plugin v27.3 - https:\/\/yoast.com\/product\/yoast-seo-wordpress\/ -->\n<title>&quot;El Nido&quot; Departamento turistico \/ Mar\u00eda Beatriz Blanco - Arquimaster<\/title>\n<meta name=\"description\" content=\"El proyecto obtuvo un Acc\u00e9sit en el 5\u00ba Premio Internacional InterCIDEC 2020 cuyo tema consisti\u00f3 en el dise\u00f1o de interior de un Apartamento Tur\u00edstico Sostenible.\" \/>\n<meta name=\"robots\" content=\"index, follow, max-snippet:-1, max-image-preview:large, max-video-preview:-1\" \/>\n<link rel=\"canonical\" href=\"https:\/\/www.arquimaster.com.ar\/web\/el-nido-departamento-turistico-maria-beatriz-blanco\/\" \/>\n<meta property=\"og:locale\" content=\"es_ES\" \/>\n<meta property=\"og:type\" content=\"article\" \/>\n<meta property=\"og:title\" content=\"&quot;El Nido&quot; Departamento turistico \/ Mar\u00eda Beatriz Blanco\" \/>\n<meta property=\"og:description\" content=\"El proyecto obtuvo un Acc\u00e9sit en el 5\u00ba Premio Internacional InterCIDEC 2020 cuyo tema consisti\u00f3 en el dise\u00f1o de interior de un Apartamento Tur\u00edstico Sostenible.\" \/>\n<meta property=\"og:url\" content=\"https:\/\/www.arquimaster.com.ar\/web\/el-nido-departamento-turistico-maria-beatriz-blanco\/\" \/>\n<meta property=\"og:site_name\" content=\"Arquimaster\" \/>\n<meta property=\"article:publisher\" content=\"http:\/\/www.facebook.com\/ARQUIMASTER.com.ar\" \/>\n<meta property=\"article:published_time\" content=\"2020-10-29T13:08:59+00:00\" \/>\n<meta property=\"article:modified_time\" content=\"2020-11-03T15:31:24+00:00\" \/>\n<meta property=\"og:image\" content=\"https:\/\/www.arquimaster.com.ar\/web\/wp-content\/uploads\/2020\/10\/departamento_el_nido_slide.jpg\" \/>\n\t<meta property=\"og:image:width\" content=\"698\" \/>\n\t<meta property=\"og:image:height\" content=\"364\" \/>\n\t<meta property=\"og:image:type\" content=\"image\/jpeg\" \/>\n<meta name=\"author\" content=\"Arquimaster\" \/>\n<meta name=\"twitter:card\" content=\"summary_large_image\" \/>\n<meta name=\"twitter:title\" content=\"&quot;El Nido&quot; Departamento turistico \/ Mar\u00eda Beatriz Blanco\" \/>\n<meta name=\"twitter:description\" content=\"El proyecto obtuvo un Acc\u00e9sit en el 5\u00ba Premio Internacional InterCIDEC 2020 cuyo tema consisti\u00f3 en el dise\u00f1o de interior de un Apartamento Tur\u00edstico Sostenible.\" \/>\n<meta name=\"twitter:image\" content=\"https:\/\/www.arquimaster.com.ar\/web\/wp-content\/uploads\/2020\/10\/departamento_el_nido_slide.jpg\" \/>\n<meta name=\"twitter:creator\" content=\"@arquimaster\" \/>\n<meta name=\"twitter:site\" content=\"@arquimaster\" \/>\n<meta name=\"twitter:label1\" content=\"Escrito por\" \/>\n\t<meta name=\"twitter:data1\" content=\"Arquimaster\" \/>\n\t<meta name=\"twitter:label2\" content=\"Tiempo de lectura\" \/>\n\t<meta name=\"twitter:data2\" content=\"8 minutos\" \/>\n<script type=\"application\/ld+json\" class=\"yoast-schema-graph\">{\"@context\":\"https:\\\/\\\/schema.org\",\"@graph\":[{\"@type\":\"Article\",\"@id\":\"https:\\\/\\\/www.arquimaster.com.ar\\\/web\\\/el-nido-departamento-turistico-maria-beatriz-blanco\\\/#article\",\"isPartOf\":{\"@id\":\"https:\\\/\\\/www.arquimaster.com.ar\\\/web\\\/el-nido-departamento-turistico-maria-beatriz-blanco\\\/\"},\"author\":{\"name\":\"Arquimaster\",\"@id\":\"https:\\\/\\\/www.arquimaster.com.ar\\\/web\\\/#\\\/schema\\\/person\\\/359e9f7c00193fcde068e0dd2ceb0028\"},\"headline\":\"\u00abEl Nido\u00bb Departamento turistico \\\/ Mar\u00eda Beatriz Blanco\",\"datePublished\":\"2020-10-29T13:08:59+00:00\",\"dateModified\":\"2020-11-03T15:31:24+00:00\",\"mainEntityOfPage\":{\"@id\":\"https:\\\/\\\/www.arquimaster.com.ar\\\/web\\\/el-nido-departamento-turistico-maria-beatriz-blanco\\\/\"},\"wordCount\":1533,\"publisher\":{\"@id\":\"https:\\\/\\\/www.arquimaster.com.ar\\\/web\\\/#organization\"},\"image\":{\"@id\":\"https:\\\/\\\/www.arquimaster.com.ar\\\/web\\\/el-nido-departamento-turistico-maria-beatriz-blanco\\\/#primaryimage\"},\"thumbnailUrl\":\"https:\\\/\\\/www.arquimaster.com.ar\\\/web\\\/wp-content\\\/uploads\\\/2020\\\/10\\\/departamento_el_nido_slide.jpg\",\"keywords\":[\"alojamiento temporario\",\"apartamento\",\"departamento\",\"Maria Beatriz Blanco\",\"mbb estudio\",\"proyectos para concursos\",\"resultados de concursos\",\"sostenible\"],\"articleSection\":[\"Departamentos y Lofts\",\"Proyecto\",\"Proyectos para Concursos\"],\"inLanguage\":\"es\"},{\"@type\":\"WebPage\",\"@id\":\"https:\\\/\\\/www.arquimaster.com.ar\\\/web\\\/el-nido-departamento-turistico-maria-beatriz-blanco\\\/\",\"url\":\"https:\\\/\\\/www.arquimaster.com.ar\\\/web\\\/el-nido-departamento-turistico-maria-beatriz-blanco\\\/\",\"name\":\"\\\"El Nido\\\" Departamento turistico \\\/ Mar\u00eda Beatriz Blanco - Arquimaster\",\"isPartOf\":{\"@id\":\"https:\\\/\\\/www.arquimaster.com.ar\\\/web\\\/#website\"},\"primaryImageOfPage\":{\"@id\":\"https:\\\/\\\/www.arquimaster.com.ar\\\/web\\\/el-nido-departamento-turistico-maria-beatriz-blanco\\\/#primaryimage\"},\"image\":{\"@id\":\"https:\\\/\\\/www.arquimaster.com.ar\\\/web\\\/el-nido-departamento-turistico-maria-beatriz-blanco\\\/#primaryimage\"},\"thumbnailUrl\":\"https:\\\/\\\/www.arquimaster.com.ar\\\/web\\\/wp-content\\\/uploads\\\/2020\\\/10\\\/departamento_el_nido_slide.jpg\",\"datePublished\":\"2020-10-29T13:08:59+00:00\",\"dateModified\":\"2020-11-03T15:31:24+00:00\",\"description\":\"El proyecto obtuvo un Acc\u00e9sit en el 5\u00ba Premio Internacional InterCIDEC 2020 cuyo tema consisti\u00f3 en el dise\u00f1o de interior de un Apartamento Tur\u00edstico Sostenible.\",\"breadcrumb\":{\"@id\":\"https:\\\/\\\/www.arquimaster.com.ar\\\/web\\\/el-nido-departamento-turistico-maria-beatriz-blanco\\\/#breadcrumb\"},\"inLanguage\":\"es\",\"potentialAction\":[{\"@type\":\"ReadAction\",\"target\":[\"https:\\\/\\\/www.arquimaster.com.ar\\\/web\\\/el-nido-departamento-turistico-maria-beatriz-blanco\\\/\"]}]},{\"@type\":\"ImageObject\",\"inLanguage\":\"es\",\"@id\":\"https:\\\/\\\/www.arquimaster.com.ar\\\/web\\\/el-nido-departamento-turistico-maria-beatriz-blanco\\\/#primaryimage\",\"url\":\"https:\\\/\\\/www.arquimaster.com.ar\\\/web\\\/wp-content\\\/uploads\\\/2020\\\/10\\\/departamento_el_nido_slide.jpg\",\"contentUrl\":\"https:\\\/\\\/www.arquimaster.com.ar\\\/web\\\/wp-content\\\/uploads\\\/2020\\\/10\\\/departamento_el_nido_slide.jpg\",\"width\":698,\"height\":364,\"caption\":\"\\\"El Nido\\\" Departamento turistico \\\/ Mar\u00eda Beatriz Blanco\"},{\"@type\":\"BreadcrumbList\",\"@id\":\"https:\\\/\\\/www.arquimaster.com.ar\\\/web\\\/el-nido-departamento-turistico-maria-beatriz-blanco\\\/#breadcrumb\",\"itemListElement\":[{\"@type\":\"ListItem\",\"position\":1,\"name\":\"Portada\",\"item\":\"https:\\\/\\\/www.arquimaster.com.ar\\\/web\\\/\"},{\"@type\":\"ListItem\",\"position\":2,\"name\":\"\u00abEl Nido\u00bb Departamento turistico \\\/ Mar\u00eda Beatriz Blanco\"}]},{\"@type\":\"WebSite\",\"@id\":\"https:\\\/\\\/www.arquimaster.com.ar\\\/web\\\/#website\",\"url\":\"https:\\\/\\\/www.arquimaster.com.ar\\\/web\\\/\",\"name\":\"Arquimaster\",\"description\":\"Web de arquitectura, dise\u00f1o y construccion\",\"publisher\":{\"@id\":\"https:\\\/\\\/www.arquimaster.com.ar\\\/web\\\/#organization\"},\"potentialAction\":[{\"@type\":\"SearchAction\",\"target\":{\"@type\":\"EntryPoint\",\"urlTemplate\":\"https:\\\/\\\/www.arquimaster.com.ar\\\/web\\\/?s={search_term_string}\"},\"query-input\":{\"@type\":\"PropertyValueSpecification\",\"valueRequired\":true,\"valueName\":\"search_term_string\"}}],\"inLanguage\":\"es\"},{\"@type\":\"Organization\",\"@id\":\"https:\\\/\\\/www.arquimaster.com.ar\\\/web\\\/#organization\",\"name\":\"Arquimaster\",\"url\":\"https:\\\/\\\/www.arquimaster.com.ar\\\/web\\\/\",\"logo\":{\"@type\":\"ImageObject\",\"inLanguage\":\"es\",\"@id\":\"https:\\\/\\\/www.arquimaster.com.ar\\\/web\\\/#\\\/schema\\\/logo\\\/image\\\/\",\"url\":\"https:\\\/\\\/www.arquimaster.com.ar\\\/web\\\/wp-content\\\/uploads\\\/2022\\\/06\\\/arquimaster.png\",\"contentUrl\":\"https:\\\/\\\/www.arquimaster.com.ar\\\/web\\\/wp-content\\\/uploads\\\/2022\\\/06\\\/arquimaster.png\",\"width\":594,\"height\":78,\"caption\":\"Arquimaster\"},\"image\":{\"@id\":\"https:\\\/\\\/www.arquimaster.com.ar\\\/web\\\/#\\\/schema\\\/logo\\\/image\\\/\"},\"sameAs\":[\"http:\\\/\\\/www.facebook.com\\\/ARQUIMASTER.com.ar\",\"https:\\\/\\\/x.com\\\/arquimaster\",\"https:\\\/\\\/www.instagram.com\\\/arquimasterblog\\\/\",\"https:\\\/\\\/www.linkedin.com\\\/company\\\/arquimaster\",\"https:\\\/\\\/www.pinterest.com\\\/arquimaster\",\"https:\\\/\\\/t.me\\\/arquimaster\"]},{\"@type\":\"Person\",\"@id\":\"https:\\\/\\\/www.arquimaster.com.ar\\\/web\\\/#\\\/schema\\\/person\\\/359e9f7c00193fcde068e0dd2ceb0028\",\"name\":\"Arquimaster\"}]}<\/script>\n<!-- \/ Yoast SEO plugin. -->","yoast_head_json":{"title":"\"El Nido\" Departamento turistico \/ Mar\u00eda Beatriz Blanco - Arquimaster","description":"El proyecto obtuvo un Acc\u00e9sit en el 5\u00ba Premio Internacional InterCIDEC 2020 cuyo tema consisti\u00f3 en el dise\u00f1o de interior de un Apartamento Tur\u00edstico Sostenible.","robots":{"index":"index","follow":"follow","max-snippet":"max-snippet:-1","max-image-preview":"max-image-preview:large","max-video-preview":"max-video-preview:-1"},"canonical":"https:\/\/www.arquimaster.com.ar\/web\/el-nido-departamento-turistico-maria-beatriz-blanco\/","og_locale":"es_ES","og_type":"article","og_title":"\"El Nido\" Departamento turistico \/ Mar\u00eda Beatriz Blanco","og_description":"El proyecto obtuvo un Acc\u00e9sit en el 5\u00ba Premio Internacional InterCIDEC 2020 cuyo tema consisti\u00f3 en el dise\u00f1o de interior de un Apartamento Tur\u00edstico Sostenible.","og_url":"https:\/\/www.arquimaster.com.ar\/web\/el-nido-departamento-turistico-maria-beatriz-blanco\/","og_site_name":"Arquimaster","article_publisher":"http:\/\/www.facebook.com\/ARQUIMASTER.com.ar","article_published_time":"2020-10-29T13:08:59+00:00","article_modified_time":"2020-11-03T15:31:24+00:00","og_image":[{"width":698,"height":364,"url":"https:\/\/www.arquimaster.com.ar\/web\/wp-content\/uploads\/2020\/10\/departamento_el_nido_slide.jpg","type":"image\/jpeg"}],"author":"Arquimaster","twitter_card":"summary_large_image","twitter_title":"\"El Nido\" Departamento turistico \/ Mar\u00eda Beatriz Blanco","twitter_description":"El proyecto obtuvo un Acc\u00e9sit en el 5\u00ba Premio Internacional InterCIDEC 2020 cuyo tema consisti\u00f3 en el dise\u00f1o de interior de un Apartamento Tur\u00edstico Sostenible.","twitter_image":"https:\/\/www.arquimaster.com.ar\/web\/wp-content\/uploads\/2020\/10\/departamento_el_nido_slide.jpg","twitter_creator":"@arquimaster","twitter_site":"@arquimaster","twitter_misc":{"Escrito por":"Arquimaster","Tiempo de lectura":"8 minutos"},"schema":{"@context":"https:\/\/schema.org","@graph":[{"@type":"Article","@id":"https:\/\/www.arquimaster.com.ar\/web\/el-nido-departamento-turistico-maria-beatriz-blanco\/#article","isPartOf":{"@id":"https:\/\/www.arquimaster.com.ar\/web\/el-nido-departamento-turistico-maria-beatriz-blanco\/"},"author":{"name":"Arquimaster","@id":"https:\/\/www.arquimaster.com.ar\/web\/#\/schema\/person\/359e9f7c00193fcde068e0dd2ceb0028"},"headline":"\u00abEl Nido\u00bb Departamento turistico \/ Mar\u00eda Beatriz Blanco","datePublished":"2020-10-29T13:08:59+00:00","dateModified":"2020-11-03T15:31:24+00:00","mainEntityOfPage":{"@id":"https:\/\/www.arquimaster.com.ar\/web\/el-nido-departamento-turistico-maria-beatriz-blanco\/"},"wordCount":1533,"publisher":{"@id":"https:\/\/www.arquimaster.com.ar\/web\/#organization"},"image":{"@id":"https:\/\/www.arquimaster.com.ar\/web\/el-nido-departamento-turistico-maria-beatriz-blanco\/#primaryimage"},"thumbnailUrl":"https:\/\/www.arquimaster.com.ar\/web\/wp-content\/uploads\/2020\/10\/departamento_el_nido_slide.jpg","keywords":["alojamiento temporario","apartamento","departamento","Maria Beatriz Blanco","mbb estudio","proyectos para concursos","resultados de concursos","sostenible"],"articleSection":["Departamentos y Lofts","Proyecto","Proyectos para Concursos"],"inLanguage":"es"},{"@type":"WebPage","@id":"https:\/\/www.arquimaster.com.ar\/web\/el-nido-departamento-turistico-maria-beatriz-blanco\/","url":"https:\/\/www.arquimaster.com.ar\/web\/el-nido-departamento-turistico-maria-beatriz-blanco\/","name":"\"El Nido\" Departamento turistico \/ Mar\u00eda Beatriz Blanco - Arquimaster","isPartOf":{"@id":"https:\/\/www.arquimaster.com.ar\/web\/#website"},"primaryImageOfPage":{"@id":"https:\/\/www.arquimaster.com.ar\/web\/el-nido-departamento-turistico-maria-beatriz-blanco\/#primaryimage"},"image":{"@id":"https:\/\/www.arquimaster.com.ar\/web\/el-nido-departamento-turistico-maria-beatriz-blanco\/#primaryimage"},"thumbnailUrl":"https:\/\/www.arquimaster.com.ar\/web\/wp-content\/uploads\/2020\/10\/departamento_el_nido_slide.jpg","datePublished":"2020-10-29T13:08:59+00:00","dateModified":"2020-11-03T15:31:24+00:00","description":"El proyecto obtuvo un Acc\u00e9sit en el 5\u00ba Premio Internacional InterCIDEC 2020 cuyo tema consisti\u00f3 en el dise\u00f1o de interior de un Apartamento Tur\u00edstico Sostenible.","breadcrumb":{"@id":"https:\/\/www.arquimaster.com.ar\/web\/el-nido-departamento-turistico-maria-beatriz-blanco\/#breadcrumb"},"inLanguage":"es","potentialAction":[{"@type":"ReadAction","target":["https:\/\/www.arquimaster.com.ar\/web\/el-nido-departamento-turistico-maria-beatriz-blanco\/"]}]},{"@type":"ImageObject","inLanguage":"es","@id":"https:\/\/www.arquimaster.com.ar\/web\/el-nido-departamento-turistico-maria-beatriz-blanco\/#primaryimage","url":"https:\/\/www.arquimaster.com.ar\/web\/wp-content\/uploads\/2020\/10\/departamento_el_nido_slide.jpg","contentUrl":"https:\/\/www.arquimaster.com.ar\/web\/wp-content\/uploads\/2020\/10\/departamento_el_nido_slide.jpg","width":698,"height":364,"caption":"\"El Nido\" Departamento turistico \/ Mar\u00eda Beatriz Blanco"},{"@type":"BreadcrumbList","@id":"https:\/\/www.arquimaster.com.ar\/web\/el-nido-departamento-turistico-maria-beatriz-blanco\/#breadcrumb","itemListElement":[{"@type":"ListItem","position":1,"name":"Portada","item":"https:\/\/www.arquimaster.com.ar\/web\/"},{"@type":"ListItem","position":2,"name":"\u00abEl Nido\u00bb Departamento turistico \/ Mar\u00eda Beatriz Blanco"}]},{"@type":"WebSite","@id":"https:\/\/www.arquimaster.com.ar\/web\/#website","url":"https:\/\/www.arquimaster.com.ar\/web\/","name":"Arquimaster","description":"Web de arquitectura, dise\u00f1o y construccion","publisher":{"@id":"https:\/\/www.arquimaster.com.ar\/web\/#organization"},"potentialAction":[{"@type":"SearchAction","target":{"@type":"EntryPoint","urlTemplate":"https:\/\/www.arquimaster.com.ar\/web\/?s={search_term_string}"},"query-input":{"@type":"PropertyValueSpecification","valueRequired":true,"valueName":"search_term_string"}}],"inLanguage":"es"},{"@type":"Organization","@id":"https:\/\/www.arquimaster.com.ar\/web\/#organization","name":"Arquimaster","url":"https:\/\/www.arquimaster.com.ar\/web\/","logo":{"@type":"ImageObject","inLanguage":"es","@id":"https:\/\/www.arquimaster.com.ar\/web\/#\/schema\/logo\/image\/","url":"https:\/\/www.arquimaster.com.ar\/web\/wp-content\/uploads\/2022\/06\/arquimaster.png","contentUrl":"https:\/\/www.arquimaster.com.ar\/web\/wp-content\/uploads\/2022\/06\/arquimaster.png","width":594,"height":78,"caption":"Arquimaster"},"image":{"@id":"https:\/\/www.arquimaster.com.ar\/web\/#\/schema\/logo\/image\/"},"sameAs":["http:\/\/www.facebook.com\/ARQUIMASTER.com.ar","https:\/\/x.com\/arquimaster","https:\/\/www.instagram.com\/arquimasterblog\/","https:\/\/www.linkedin.com\/company\/arquimaster","https:\/\/www.pinterest.com\/arquimaster","https:\/\/t.me\/arquimaster"]},{"@type":"Person","@id":"https:\/\/www.arquimaster.com.ar\/web\/#\/schema\/person\/359e9f7c00193fcde068e0dd2ceb0028","name":"Arquimaster"}]}},"uagb_featured_image_src":{"full":["https:\/\/www.arquimaster.com.ar\/web\/wp-content\/uploads\/2020\/10\/departamento_el_nido_slide.jpg",698,364,false],"thumbnail":["https:\/\/www.arquimaster.com.ar\/web\/wp-content\/uploads\/2020\/10\/departamento_el_nido_slide-150x150.jpg",150,150,true],"medium":["https:\/\/www.arquimaster.com.ar\/web\/wp-content\/uploads\/2020\/10\/departamento_el_nido_slide.jpg",698,364,false],"medium_large":["https:\/\/www.arquimaster.com.ar\/web\/wp-content\/uploads\/2020\/10\/departamento_el_nido_slide.jpg",698,364,false],"large":["https:\/\/www.arquimaster.com.ar\/web\/wp-content\/uploads\/2020\/10\/departamento_el_nido_slide.jpg",698,364,false],"1536x1536":["https:\/\/www.arquimaster.com.ar\/web\/wp-content\/uploads\/2020\/10\/departamento_el_nido_slide.jpg",698,364,false],"2048x2048":["https:\/\/www.arquimaster.com.ar\/web\/wp-content\/uploads\/2020\/10\/departamento_el_nido_slide.jpg",698,364,false]},"uagb_author_info":{"display_name":"Arquimaster","author_link":"https:\/\/www.arquimaster.com.ar\/web\/author\/arquimaster\/"},"uagb_comment_info":0,"uagb_excerpt":"El proyecto obtuvo un Acc\u00e9sit en el 5\u00ba Premio Internacional InterCIDEC 2020...","_links":{"self":[{"href":"https:\/\/www.arquimaster.com.ar\/web\/wp-json\/wp\/v2\/posts\/60424","targetHints":{"allow":["GET"]}}],"collection":[{"href":"https:\/\/www.arquimaster.com.ar\/web\/wp-json\/wp\/v2\/posts"}],"about":[{"href":"https:\/\/www.arquimaster.com.ar\/web\/wp-json\/wp\/v2\/types\/post"}],"author":[{"embeddable":true,"href":"https:\/\/www.arquimaster.com.ar\/web\/wp-json\/wp\/v2\/users\/1"}],"replies":[{"embeddable":true,"href":"https:\/\/www.arquimaster.com.ar\/web\/wp-json\/wp\/v2\/comments?post=60424"}],"version-history":[{"count":2,"href":"https:\/\/www.arquimaster.com.ar\/web\/wp-json\/wp\/v2\/posts\/60424\/revisions"}],"predecessor-version":[{"id":60445,"href":"https:\/\/www.arquimaster.com.ar\/web\/wp-json\/wp\/v2\/posts\/60424\/revisions\/60445"}],"wp:featuredmedia":[{"embeddable":true,"href":"https:\/\/www.arquimaster.com.ar\/web\/wp-json\/wp\/v2\/media\/60425"}],"wp:attachment":[{"href":"https:\/\/www.arquimaster.com.ar\/web\/wp-json\/wp\/v2\/media?parent=60424"}],"wp:term":[{"taxonomy":"category","embeddable":true,"href":"https:\/\/www.arquimaster.com.ar\/web\/wp-json\/wp\/v2\/categories?post=60424"},{"taxonomy":"post_tag","embeddable":true,"href":"https:\/\/www.arquimaster.com.ar\/web\/wp-json\/wp\/v2\/tags?post=60424"}],"curies":[{"name":"wp","href":"https:\/\/api.w.org\/{rel}","templated":true}]}}