{"id":60541,"date":"2020-11-05T16:19:45","date_gmt":"2020-11-05T19:19:45","guid":{"rendered":"https:\/\/www.arquimaster.com.ar\/web\/?p=60541"},"modified":"2020-11-16T13:20:22","modified_gmt":"2020-11-16T16:20:22","slug":"oficinas-eco-responsables-mansartis-fern-by-deardesign-studio","status":"publish","type":"post","link":"https:\/\/www.arquimaster.com.ar\/web\/oficinas-eco-responsables-mansartis-fern-by-deardesign-studio\/","title":{"rendered":"Mansartis oficinas eco-responsables \/ Fern \u00b7 by deardesign studio"},"content":{"rendered":"<div style=\"margin-top: 0px; margin-bottom: 0px;\" class=\"sharethis-inline-share-buttons\" ><\/div><div class=\"b812932af2e751442846f039925109de\" data-index=\"1\" style=\"float: none; margin:25px 0 25px 0; text-align:center;\">\n<script async src=\"https:\/\/pagead2.googlesyndication.com\/pagead\/js\/adsbygoogle.js\"><\/script>\r\n<!-- Arquimaster (superior) -->\r\n<ins class=\"adsbygoogle\"\r\n     style=\"display:block\"\r\n     data-ad-client=\"ca-pub-6351072698456832\"\r\n     data-ad-slot=\"6455489680\"\r\n     data-ad-format=\"auto\"\r\n     data-full-width-responsive=\"true\"><\/ins>\r\n<script>\r\n     (adsbygoogle = window.adsbygoogle || []).push({});\r\n<\/script>\n<\/div>\n<p><strong>Oficinas eco-responsables Mansartis<\/strong> (Plaza Vend\u00f4me, Par\u00eds, Francia) por <strong>Fern \u00b7 by deardesign studio<\/strong>. Fern, la nueva marca de eco-dise\u00f1o especializada en proyectos sostenibles por deardesign studio, presentan el proyecto Mansartis en la plaza Vend\u00f4me de Par\u00eds. Un espacio eco-responsable de alta gama distribuido en 300 m2 y dise\u00f1ado con materiales recuperados y reciclados.<\/p>\n<p>El nuevo proyecto Mansartis responde a la demanda social de soluciones sostenibles que generan un entorno laboral saludable para las empresas y sus empleados. Las soluciones sostenibles para los lugares de trabajo requieren un proceso de dise\u00f1o ecol\u00f3gico que genere impacto social, medioambiental y econ\u00f3mico. Mansartis es un paradigma de esta triple necesidad al ser un proyecto de alta gama con un 70% de materiales usados considerados eco-responsables. El espacio de trabajo de Mansartis demuestra que el dise\u00f1o ecol\u00f3gico puede convertirse en la nueva norma.<\/p>\n<div id='gallery-1' class='gallery galleryid-60541 gallery-columns-3 gallery-size-thumbnail'><figure class='gallery-item'>\n\t\t\t<div class='gallery-icon landscape'>\n\t\t\t\t<a href='https:\/\/www.arquimaster.com.ar\/web\/wp-content\/uploads\/2020\/11\/mansartis1.jpg' title=\"Oficinas eco-responsables Mansartis \/ Fern \u00b7 by deardesign studio (\u00a9 Xavi Torrent)\" data-rl_title=\"Oficinas eco-responsables Mansartis \/ Fern \u00b7 by deardesign studio (\u00a9 Xavi Torrent)\" class=\"rl-gallery-link\" data-rl_caption=\"Oficinas eco-responsables Mansartis \/ Fern \u00b7 by deardesign studio (\u00a9 Xavi Torrent)\" data-rel=\"lightbox-gallery-1\"><img loading=\"lazy\" decoding=\"async\" width=\"150\" height=\"150\" src=\"https:\/\/www.arquimaster.com.ar\/web\/wp-content\/uploads\/2020\/11\/mansartis1-150x150.jpg\" class=\"attachment-thumbnail size-thumbnail\" alt=\"Oficinas eco-responsables Mansartis \/ Fern \u00b7 by deardesign studio\" aria-describedby=\"gallery-1-60543\" \/><\/a>\n\t\t\t<\/div>\n\t\t\t\t<figcaption class='wp-caption-text gallery-caption' id='gallery-1-60543'>\n\t\t\t\tOficinas eco-responsables Mansartis \/ Fern \u00b7 by deardesign studio (\u00a9 Xavi Torrent)\n\t\t\t\t<\/figcaption><\/figure><figure class='gallery-item'>\n\t\t\t<div class='gallery-icon landscape'>\n\t\t\t\t<a href='https:\/\/www.arquimaster.com.ar\/web\/wp-content\/uploads\/2020\/11\/mansartis2.jpg' title=\"Oficinas eco-responsables Mansartis \/ Fern \u00b7 by deardesign studio (\u00a9 Xavi Torrent)\" data-rl_title=\"Oficinas eco-responsables Mansartis \/ Fern \u00b7 by deardesign studio (\u00a9 Xavi Torrent)\" class=\"rl-gallery-link\" data-rl_caption=\"Oficinas eco-responsables Mansartis \/ Fern \u00b7 by deardesign studio (\u00a9 Xavi Torrent)\" data-rel=\"lightbox-gallery-1\"><img loading=\"lazy\" decoding=\"async\" width=\"150\" height=\"150\" src=\"https:\/\/www.arquimaster.com.ar\/web\/wp-content\/uploads\/2020\/11\/mansartis2-150x150.jpg\" class=\"attachment-thumbnail size-thumbnail\" alt=\"Oficinas eco-responsables Mansartis \/ Fern \u00b7 by deardesign studio\" aria-describedby=\"gallery-1-60544\" \/><\/a>\n\t\t\t<\/div>\n\t\t\t\t<figcaption class='wp-caption-text gallery-caption' id='gallery-1-60544'>\n\t\t\t\tOficinas eco-responsables Mansartis \/ Fern \u00b7 by deardesign studio (\u00a9 Xavi Torrent)\n\t\t\t\t<\/figcaption><\/figure><figure class='gallery-item'>\n\t\t\t<div class='gallery-icon landscape'>\n\t\t\t\t<a href='https:\/\/www.arquimaster.com.ar\/web\/wp-content\/uploads\/2020\/11\/mansartis3.jpg' title=\"Oficinas eco-responsables Mansartis \/ Fern \u00b7 by deardesign studio (\u00a9 Xavi Torrent)\" data-rl_title=\"Oficinas eco-responsables Mansartis \/ Fern \u00b7 by deardesign studio (\u00a9 Xavi Torrent)\" class=\"rl-gallery-link\" data-rl_caption=\"Oficinas eco-responsables Mansartis \/ Fern \u00b7 by deardesign studio (\u00a9 Xavi Torrent)\" data-rel=\"lightbox-gallery-1\"><img loading=\"lazy\" decoding=\"async\" width=\"150\" height=\"150\" src=\"https:\/\/www.arquimaster.com.ar\/web\/wp-content\/uploads\/2020\/11\/mansartis3-150x150.jpg\" class=\"attachment-thumbnail size-thumbnail\" alt=\"Oficinas eco-responsables Mansartis \/ Fern \u00b7 by deardesign studio\" aria-describedby=\"gallery-1-60545\" \/><\/a>\n\t\t\t<\/div>\n\t\t\t\t<figcaption class='wp-caption-text gallery-caption' id='gallery-1-60545'>\n\t\t\t\tOficinas eco-responsables Mansartis \/ Fern \u00b7 by deardesign studio (\u00a9 Xavi Torrent)\n\t\t\t\t<\/figcaption><\/figure><figure class='gallery-item'>\n\t\t\t<div class='gallery-icon landscape'>\n\t\t\t\t<a href='https:\/\/www.arquimaster.com.ar\/web\/wp-content\/uploads\/2020\/11\/mansartis4.jpg' title=\"Oficinas eco-responsables Mansartis \/ Fern \u00b7 by deardesign studio (\u00a9 Xavi Torrent)\" data-rl_title=\"Oficinas eco-responsables Mansartis \/ Fern \u00b7 by deardesign studio (\u00a9 Xavi Torrent)\" class=\"rl-gallery-link\" data-rl_caption=\"Oficinas eco-responsables Mansartis \/ Fern \u00b7 by deardesign studio (\u00a9 Xavi Torrent)\" data-rel=\"lightbox-gallery-1\"><img loading=\"lazy\" decoding=\"async\" width=\"150\" height=\"150\" src=\"https:\/\/www.arquimaster.com.ar\/web\/wp-content\/uploads\/2020\/11\/mansartis4-150x150.jpg\" class=\"attachment-thumbnail size-thumbnail\" alt=\"Oficinas eco-responsables Mansartis \/ Fern \u00b7 by deardesign studio\" aria-describedby=\"gallery-1-60546\" \/><\/a>\n\t\t\t<\/div>\n\t\t\t\t<figcaption class='wp-caption-text gallery-caption' id='gallery-1-60546'>\n\t\t\t\tOficinas eco-responsables Mansartis \/ Fern \u00b7 by deardesign studio (\u00a9 Xavi Torrent)\n\t\t\t\t<\/figcaption><\/figure><figure class='gallery-item'>\n\t\t\t<div class='gallery-icon landscape'>\n\t\t\t\t<a href='https:\/\/www.arquimaster.com.ar\/web\/wp-content\/uploads\/2020\/11\/mansartis5.jpg' title=\"Oficinas eco-responsables Mansartis \/ Fern \u00b7 by deardesign studio (\u00a9 Xavi Torrent)\" data-rl_title=\"Oficinas eco-responsables Mansartis \/ Fern \u00b7 by deardesign studio (\u00a9 Xavi Torrent)\" class=\"rl-gallery-link\" data-rl_caption=\"Oficinas eco-responsables Mansartis \/ Fern \u00b7 by deardesign studio (\u00a9 Xavi Torrent)\" data-rel=\"lightbox-gallery-1\"><img loading=\"lazy\" decoding=\"async\" width=\"150\" height=\"150\" src=\"https:\/\/www.arquimaster.com.ar\/web\/wp-content\/uploads\/2020\/11\/mansartis5-150x150.jpg\" class=\"attachment-thumbnail size-thumbnail\" alt=\"Oficinas eco-responsables Mansartis \/ Fern \u00b7 by deardesign studio\" aria-describedby=\"gallery-1-60547\" \/><\/a>\n\t\t\t<\/div>\n\t\t\t\t<figcaption class='wp-caption-text gallery-caption' id='gallery-1-60547'>\n\t\t\t\tOficinas eco-responsables Mansartis \/ Fern \u00b7 by deardesign studio (\u00a9 Xavi Torrent)\n\t\t\t\t<\/figcaption><\/figure><figure class='gallery-item'>\n\t\t\t<div class='gallery-icon portrait'>\n\t\t\t\t<a href='https:\/\/www.arquimaster.com.ar\/web\/wp-content\/uploads\/2020\/11\/mansartis6.jpg' title=\"Oficinas eco-responsables Mansartis \/ Fern \u00b7 by deardesign studio (\u00a9 Xavi Torrent)\" data-rl_title=\"Oficinas eco-responsables Mansartis \/ Fern \u00b7 by deardesign studio (\u00a9 Xavi Torrent)\" class=\"rl-gallery-link\" data-rl_caption=\"Oficinas eco-responsables Mansartis \/ Fern \u00b7 by deardesign studio (\u00a9 Xavi Torrent)\" data-rel=\"lightbox-gallery-1\"><img loading=\"lazy\" decoding=\"async\" width=\"150\" height=\"150\" src=\"https:\/\/www.arquimaster.com.ar\/web\/wp-content\/uploads\/2020\/11\/mansartis6-150x150.jpg\" class=\"attachment-thumbnail size-thumbnail\" alt=\"Oficinas eco-responsables Mansartis \/ Fern \u00b7 by deardesign studio\" aria-describedby=\"gallery-1-60548\" \/><\/a>\n\t\t\t<\/div>\n\t\t\t\t<figcaption class='wp-caption-text gallery-caption' id='gallery-1-60548'>\n\t\t\t\tOficinas eco-responsables Mansartis \/ Fern \u00b7 by deardesign studio (\u00a9 Xavi Torrent)\n\t\t\t\t<\/figcaption><\/figure><figure class='gallery-item'>\n\t\t\t<div class='gallery-icon landscape'>\n\t\t\t\t<a href='https:\/\/www.arquimaster.com.ar\/web\/wp-content\/uploads\/2020\/11\/mansartis7.jpg' title=\"Oficinas eco-responsables Mansartis \/ Fern \u00b7 by deardesign studio (\u00a9 Xavi Torrent)\" data-rl_title=\"Oficinas eco-responsables Mansartis \/ Fern \u00b7 by deardesign studio (\u00a9 Xavi Torrent)\" class=\"rl-gallery-link\" data-rl_caption=\"Oficinas eco-responsables Mansartis \/ Fern \u00b7 by deardesign studio (\u00a9 Xavi Torrent)\" data-rel=\"lightbox-gallery-1\"><img loading=\"lazy\" decoding=\"async\" width=\"150\" height=\"150\" src=\"https:\/\/www.arquimaster.com.ar\/web\/wp-content\/uploads\/2020\/11\/mansartis7-150x150.jpg\" class=\"attachment-thumbnail size-thumbnail\" alt=\"Oficinas eco-responsables Mansartis \/ Fern \u00b7 by deardesign studio\" aria-describedby=\"gallery-1-60549\" \/><\/a>\n\t\t\t<\/div>\n\t\t\t\t<figcaption class='wp-caption-text gallery-caption' id='gallery-1-60549'>\n\t\t\t\tOficinas eco-responsables Mansartis \/ Fern \u00b7 by deardesign studio (\u00a9 Xavi Torrent)\n\t\t\t\t<\/figcaption><\/figure><figure class='gallery-item'>\n\t\t\t<div class='gallery-icon portrait'>\n\t\t\t\t<a href='https:\/\/www.arquimaster.com.ar\/web\/wp-content\/uploads\/2020\/11\/mansartis8.jpg' title=\"Oficinas eco-responsables Mansartis \/ Fern \u00b7 by deardesign studio (\u00a9 Xavi Torrent)\" data-rl_title=\"Oficinas eco-responsables Mansartis \/ Fern \u00b7 by deardesign studio (\u00a9 Xavi Torrent)\" class=\"rl-gallery-link\" data-rl_caption=\"Oficinas eco-responsables Mansartis \/ Fern \u00b7 by deardesign studio (\u00a9 Xavi Torrent)\" data-rel=\"lightbox-gallery-1\"><img loading=\"lazy\" decoding=\"async\" width=\"150\" height=\"150\" src=\"https:\/\/www.arquimaster.com.ar\/web\/wp-content\/uploads\/2020\/11\/mansartis8-150x150.jpg\" class=\"attachment-thumbnail size-thumbnail\" alt=\"Oficinas eco-responsables Mansartis \/ Fern \u00b7 by deardesign studio\" aria-describedby=\"gallery-1-60550\" \/><\/a>\n\t\t\t<\/div>\n\t\t\t\t<figcaption class='wp-caption-text gallery-caption' id='gallery-1-60550'>\n\t\t\t\tOficinas eco-responsables Mansartis \/ Fern \u00b7 by deardesign studio (\u00a9 Xavi Torrent)\n\t\t\t\t<\/figcaption><\/figure><figure class='gallery-item'>\n\t\t\t<div class='gallery-icon landscape'>\n\t\t\t\t<a href='https:\/\/www.arquimaster.com.ar\/web\/wp-content\/uploads\/2020\/11\/mansartis9.jpg' title=\"Oficinas eco-responsables Mansartis \/ Fern \u00b7 by deardesign studio (\u00a9 Xavi Torrent)\" data-rl_title=\"Oficinas eco-responsables Mansartis \/ Fern \u00b7 by deardesign studio (\u00a9 Xavi Torrent)\" class=\"rl-gallery-link\" data-rl_caption=\"Oficinas eco-responsables Mansartis \/ Fern \u00b7 by deardesign studio (\u00a9 Xavi Torrent)\" data-rel=\"lightbox-gallery-1\"><img loading=\"lazy\" decoding=\"async\" width=\"150\" height=\"150\" src=\"https:\/\/www.arquimaster.com.ar\/web\/wp-content\/uploads\/2020\/11\/mansartis9-150x150.jpg\" class=\"attachment-thumbnail size-thumbnail\" alt=\"Oficinas eco-responsables Mansartis \/ Fern \u00b7 by deardesign studio\" aria-describedby=\"gallery-1-60551\" \/><\/a>\n\t\t\t<\/div>\n\t\t\t\t<figcaption class='wp-caption-text gallery-caption' id='gallery-1-60551'>\n\t\t\t\tOficinas eco-responsables Mansartis \/ Fern \u00b7 by deardesign studio (\u00a9 Xavi Torrent)\n\t\t\t\t<\/figcaption><\/figure><figure class='gallery-item'>\n\t\t\t<div class='gallery-icon landscape'>\n\t\t\t\t<a href='https:\/\/www.arquimaster.com.ar\/web\/wp-content\/uploads\/2020\/11\/mansartis10.jpg' title=\"Oficinas eco-responsables Mansartis \/ Fern \u00b7 by deardesign studio (\u00a9 Xavi Torrent)\" data-rl_title=\"Oficinas eco-responsables Mansartis \/ Fern \u00b7 by deardesign studio (\u00a9 Xavi Torrent)\" class=\"rl-gallery-link\" data-rl_caption=\"Oficinas eco-responsables Mansartis \/ Fern \u00b7 by deardesign studio (\u00a9 Xavi Torrent)\" data-rel=\"lightbox-gallery-1\"><img loading=\"lazy\" decoding=\"async\" width=\"150\" height=\"150\" src=\"https:\/\/www.arquimaster.com.ar\/web\/wp-content\/uploads\/2020\/11\/mansartis10-150x150.jpg\" class=\"attachment-thumbnail size-thumbnail\" alt=\"Oficinas eco-responsables Mansartis \/ Fern \u00b7 by deardesign studio\" aria-describedby=\"gallery-1-60552\" \/><\/a>\n\t\t\t<\/div>\n\t\t\t\t<figcaption class='wp-caption-text gallery-caption' id='gallery-1-60552'>\n\t\t\t\tOficinas eco-responsables Mansartis \/ Fern \u00b7 by deardesign studio (\u00a9 Xavi Torrent)\n\t\t\t\t<\/figcaption><\/figure><figure class='gallery-item'>\n\t\t\t<div class='gallery-icon portrait'>\n\t\t\t\t<a href='https:\/\/www.arquimaster.com.ar\/web\/wp-content\/uploads\/2020\/11\/mansartis11.jpg' title=\"Oficinas eco-responsables Mansartis \/ Fern \u00b7 by deardesign studio (\u00a9 Xavi Torrent)\" data-rl_title=\"Oficinas eco-responsables Mansartis \/ Fern \u00b7 by deardesign studio (\u00a9 Xavi Torrent)\" class=\"rl-gallery-link\" data-rl_caption=\"Oficinas eco-responsables Mansartis \/ Fern \u00b7 by deardesign studio (\u00a9 Xavi Torrent)\" data-rel=\"lightbox-gallery-1\"><img loading=\"lazy\" decoding=\"async\" width=\"150\" height=\"150\" src=\"https:\/\/www.arquimaster.com.ar\/web\/wp-content\/uploads\/2020\/11\/mansartis11-150x150.jpg\" class=\"attachment-thumbnail size-thumbnail\" alt=\"Oficinas eco-responsables Mansartis \/ Fern \u00b7 by deardesign studio\" aria-describedby=\"gallery-1-60553\" \/><\/a>\n\t\t\t<\/div>\n\t\t\t\t<figcaption class='wp-caption-text gallery-caption' id='gallery-1-60553'>\n\t\t\t\tOficinas eco-responsables Mansartis \/ Fern \u00b7 by deardesign studio (\u00a9 Xavi Torrent)\n\t\t\t\t<\/figcaption><\/figure><figure class='gallery-item'>\n\t\t\t<div class='gallery-icon portrait'>\n\t\t\t\t<a href='https:\/\/www.arquimaster.com.ar\/web\/wp-content\/uploads\/2020\/11\/mansartis12.jpg' title=\"Oficinas eco-responsables Mansartis \/ Fern \u00b7 by deardesign studio (\u00a9 Xavi Torrent)\" data-rl_title=\"Oficinas eco-responsables Mansartis \/ Fern \u00b7 by deardesign studio (\u00a9 Xavi Torrent)\" class=\"rl-gallery-link\" data-rl_caption=\"Oficinas eco-responsables Mansartis \/ Fern \u00b7 by deardesign studio (\u00a9 Xavi Torrent)\" data-rel=\"lightbox-gallery-1\"><img loading=\"lazy\" decoding=\"async\" width=\"150\" height=\"150\" src=\"https:\/\/www.arquimaster.com.ar\/web\/wp-content\/uploads\/2020\/11\/mansartis12-150x150.jpg\" class=\"attachment-thumbnail size-thumbnail\" alt=\"Oficinas eco-responsables Mansartis \/ Fern \u00b7 by deardesign studio\" aria-describedby=\"gallery-1-60554\" \/><\/a>\n\t\t\t<\/div>\n\t\t\t\t<figcaption class='wp-caption-text gallery-caption' id='gallery-1-60554'>\n\t\t\t\tOficinas eco-responsables Mansartis \/ Fern \u00b7 by deardesign studio (\u00a9 Xavi Torrent)\n\t\t\t\t<\/figcaption><\/figure><figure class='gallery-item'>\n\t\t\t<div class='gallery-icon portrait'>\n\t\t\t\t<a href='https:\/\/www.arquimaster.com.ar\/web\/wp-content\/uploads\/2020\/11\/mansartis13.jpg' title=\"Oficinas eco-responsables Mansartis \/ Fern \u00b7 by deardesign studio (\u00a9 Xavi Torrent)\" data-rl_title=\"Oficinas eco-responsables Mansartis \/ Fern \u00b7 by deardesign studio (\u00a9 Xavi Torrent)\" class=\"rl-gallery-link\" data-rl_caption=\"Oficinas eco-responsables Mansartis \/ Fern \u00b7 by deardesign studio (\u00a9 Xavi Torrent)\" data-rel=\"lightbox-gallery-1\"><img loading=\"lazy\" decoding=\"async\" width=\"150\" height=\"150\" src=\"https:\/\/www.arquimaster.com.ar\/web\/wp-content\/uploads\/2020\/11\/mansartis13-150x150.jpg\" class=\"attachment-thumbnail size-thumbnail\" alt=\"Oficinas eco-responsables Mansartis \/ Fern \u00b7 by deardesign studio\" aria-describedby=\"gallery-1-60555\" \/><\/a>\n\t\t\t<\/div>\n\t\t\t\t<figcaption class='wp-caption-text gallery-caption' id='gallery-1-60555'>\n\t\t\t\tOficinas eco-responsables Mansartis \/ Fern \u00b7 by deardesign studio (\u00a9 Xavi Torrent)\n\t\t\t\t<\/figcaption><\/figure><figure class='gallery-item'>\n\t\t\t<div class='gallery-icon portrait'>\n\t\t\t\t<a href='https:\/\/www.arquimaster.com.ar\/web\/wp-content\/uploads\/2020\/11\/mansartis14.jpg' title=\"Oficinas eco-responsables Mansartis \/ Fern \u00b7 by deardesign studio (\u00a9 Xavi Torrent)\" data-rl_title=\"Oficinas eco-responsables Mansartis \/ Fern \u00b7 by deardesign studio (\u00a9 Xavi Torrent)\" class=\"rl-gallery-link\" data-rl_caption=\"Oficinas eco-responsables Mansartis \/ Fern \u00b7 by deardesign studio (\u00a9 Xavi Torrent)\" data-rel=\"lightbox-gallery-1\"><img loading=\"lazy\" decoding=\"async\" width=\"150\" height=\"150\" src=\"https:\/\/www.arquimaster.com.ar\/web\/wp-content\/uploads\/2020\/11\/mansartis14-150x150.jpg\" class=\"attachment-thumbnail size-thumbnail\" alt=\"Oficinas eco-responsables Mansartis \/ Fern \u00b7 by deardesign studio\" aria-describedby=\"gallery-1-60556\" \/><\/a>\n\t\t\t<\/div>\n\t\t\t\t<figcaption class='wp-caption-text gallery-caption' id='gallery-1-60556'>\n\t\t\t\tOficinas eco-responsables Mansartis \/ Fern \u00b7 by deardesign studio (\u00a9 Xavi Torrent)\n\t\t\t\t<\/figcaption><\/figure><figure class='gallery-item'>\n\t\t\t<div class='gallery-icon portrait'>\n\t\t\t\t<a href='https:\/\/www.arquimaster.com.ar\/web\/wp-content\/uploads\/2020\/11\/mansartis15.jpg' title=\"Oficinas eco-responsables Mansartis \/ Fern \u00b7 by deardesign studio (\u00a9 Xavi Torrent)\" data-rl_title=\"Oficinas eco-responsables Mansartis \/ Fern \u00b7 by deardesign studio (\u00a9 Xavi Torrent)\" class=\"rl-gallery-link\" data-rl_caption=\"Oficinas eco-responsables Mansartis \/ Fern \u00b7 by deardesign studio (\u00a9 Xavi Torrent)\" data-rel=\"lightbox-gallery-1\"><img loading=\"lazy\" decoding=\"async\" width=\"150\" height=\"150\" src=\"https:\/\/www.arquimaster.com.ar\/web\/wp-content\/uploads\/2020\/11\/mansartis15-150x150.jpg\" class=\"attachment-thumbnail size-thumbnail\" alt=\"Oficinas eco-responsables Mansartis \/ Fern \u00b7 by deardesign studio\" aria-describedby=\"gallery-1-60557\" \/><\/a>\n\t\t\t<\/div>\n\t\t\t\t<figcaption class='wp-caption-text gallery-caption' id='gallery-1-60557'>\n\t\t\t\tOficinas eco-responsables Mansartis \/ Fern \u00b7 by deardesign studio (\u00a9 Xavi Torrent)\n\t\t\t\t<\/figcaption><\/figure><figure class='gallery-item'>\n\t\t\t<div class='gallery-icon portrait'>\n\t\t\t\t<a href='https:\/\/www.arquimaster.com.ar\/web\/wp-content\/uploads\/2020\/11\/mansartis16.jpg' title=\"Oficinas eco-responsables Mansartis \/ Fern \u00b7 by deardesign studio (\u00a9 Xavi Torrent)\" data-rl_title=\"Oficinas eco-responsables Mansartis \/ Fern \u00b7 by deardesign studio (\u00a9 Xavi Torrent)\" class=\"rl-gallery-link\" data-rl_caption=\"Oficinas eco-responsables Mansartis \/ Fern \u00b7 by deardesign studio (\u00a9 Xavi Torrent)\" data-rel=\"lightbox-gallery-1\"><img loading=\"lazy\" decoding=\"async\" width=\"150\" height=\"150\" src=\"https:\/\/www.arquimaster.com.ar\/web\/wp-content\/uploads\/2020\/11\/mansartis16-150x150.jpg\" class=\"attachment-thumbnail size-thumbnail\" alt=\"Oficinas eco-responsables Mansartis \/ Fern \u00b7 by deardesign studio\" aria-describedby=\"gallery-1-60558\" \/><\/a>\n\t\t\t<\/div>\n\t\t\t\t<figcaption class='wp-caption-text gallery-caption' id='gallery-1-60558'>\n\t\t\t\tOficinas eco-responsables Mansartis \/ Fern \u00b7 by deardesign studio (\u00a9 Xavi Torrent)\n\t\t\t\t<\/figcaption><\/figure><figure class='gallery-item'>\n\t\t\t<div class='gallery-icon portrait'>\n\t\t\t\t<a href='https:\/\/www.arquimaster.com.ar\/web\/wp-content\/uploads\/2020\/11\/mansartis17.jpg' title=\"Oficinas eco-responsables Mansartis \/ Fern \u00b7 by deardesign studio (\u00a9 Xavi Torrent)\" data-rl_title=\"Oficinas eco-responsables Mansartis \/ Fern \u00b7 by deardesign studio (\u00a9 Xavi Torrent)\" class=\"rl-gallery-link\" data-rl_caption=\"Oficinas eco-responsables Mansartis \/ Fern \u00b7 by deardesign studio (\u00a9 Xavi Torrent)\" data-rel=\"lightbox-gallery-1\"><img loading=\"lazy\" decoding=\"async\" width=\"150\" height=\"150\" src=\"https:\/\/www.arquimaster.com.ar\/web\/wp-content\/uploads\/2020\/11\/mansartis17-150x150.jpg\" class=\"attachment-thumbnail size-thumbnail\" alt=\"Oficinas eco-responsables Mansartis \/ Fern \u00b7 by deardesign studio\" aria-describedby=\"gallery-1-60559\" \/><\/a>\n\t\t\t<\/div>\n\t\t\t\t<figcaption class='wp-caption-text gallery-caption' id='gallery-1-60559'>\n\t\t\t\tOficinas eco-responsables Mansartis \/ Fern \u00b7 by deardesign studio (\u00a9 Xavi Torrent)\n\t\t\t\t<\/figcaption><\/figure><figure class='gallery-item'>\n\t\t\t<div class='gallery-icon portrait'>\n\t\t\t\t<a href='https:\/\/www.arquimaster.com.ar\/web\/wp-content\/uploads\/2020\/11\/mansartis18.jpg' title=\"Oficinas eco-responsables Mansartis \/ Fern \u00b7 by deardesign studio (\u00a9 Xavi Torrent)\" data-rl_title=\"Oficinas eco-responsables Mansartis \/ Fern \u00b7 by deardesign studio (\u00a9 Xavi Torrent)\" class=\"rl-gallery-link\" data-rl_caption=\"Oficinas eco-responsables Mansartis \/ Fern \u00b7 by deardesign studio (\u00a9 Xavi Torrent)\" data-rel=\"lightbox-gallery-1\"><img loading=\"lazy\" decoding=\"async\" width=\"150\" height=\"150\" src=\"https:\/\/www.arquimaster.com.ar\/web\/wp-content\/uploads\/2020\/11\/mansartis18-150x150.jpg\" class=\"attachment-thumbnail size-thumbnail\" alt=\"Oficinas eco-responsables Mansartis \/ Fern \u00b7 by deardesign studio\" aria-describedby=\"gallery-1-60560\" \/><\/a>\n\t\t\t<\/div>\n\t\t\t\t<figcaption class='wp-caption-text gallery-caption' id='gallery-1-60560'>\n\t\t\t\tOficinas eco-responsables Mansartis \/ Fern \u00b7 by deardesign studio (\u00a9 Xavi Torrent)\n\t\t\t\t<\/figcaption><\/figure><figure class='gallery-item'>\n\t\t\t<div class='gallery-icon portrait'>\n\t\t\t\t<a href='https:\/\/www.arquimaster.com.ar\/web\/wp-content\/uploads\/2020\/11\/mansartis19.jpg' title=\"Oficinas eco-responsables Mansartis \/ Fern \u00b7 by deardesign studio (\u00a9 Xavi Torrent)\" data-rl_title=\"Oficinas eco-responsables Mansartis \/ Fern \u00b7 by deardesign studio (\u00a9 Xavi Torrent)\" class=\"rl-gallery-link\" data-rl_caption=\"Oficinas eco-responsables Mansartis \/ Fern \u00b7 by deardesign studio (\u00a9 Xavi Torrent)\" data-rel=\"lightbox-gallery-1\"><img loading=\"lazy\" decoding=\"async\" width=\"150\" height=\"150\" src=\"https:\/\/www.arquimaster.com.ar\/web\/wp-content\/uploads\/2020\/11\/mansartis19-150x150.jpg\" class=\"attachment-thumbnail size-thumbnail\" alt=\"Oficinas eco-responsables Mansartis \/ Fern \u00b7 by deardesign studio\" aria-describedby=\"gallery-1-60561\" \/><\/a>\n\t\t\t<\/div>\n\t\t\t\t<figcaption class='wp-caption-text gallery-caption' id='gallery-1-60561'>\n\t\t\t\tOficinas eco-responsables Mansartis \/ Fern \u00b7 by deardesign studio (\u00a9 Xavi Torrent)\n\t\t\t\t<\/figcaption><\/figure><figure class='gallery-item'>\n\t\t\t<div class='gallery-icon portrait'>\n\t\t\t\t<a href='https:\/\/www.arquimaster.com.ar\/web\/wp-content\/uploads\/2020\/11\/mansartis20.jpg' title=\"Oficinas eco-responsables Mansartis \/ Fern \u00b7 by deardesign studio (\u00a9 Xavi Torrent)\" data-rl_title=\"Oficinas eco-responsables Mansartis \/ Fern \u00b7 by deardesign studio (\u00a9 Xavi Torrent)\" class=\"rl-gallery-link\" data-rl_caption=\"Oficinas eco-responsables Mansartis \/ Fern \u00b7 by deardesign studio (\u00a9 Xavi Torrent)\" data-rel=\"lightbox-gallery-1\"><img loading=\"lazy\" decoding=\"async\" width=\"150\" height=\"150\" src=\"https:\/\/www.arquimaster.com.ar\/web\/wp-content\/uploads\/2020\/11\/mansartis20-150x150.jpg\" class=\"attachment-thumbnail size-thumbnail\" alt=\"Oficinas eco-responsables Mansartis \/ Fern \u00b7 by deardesign studio\" aria-describedby=\"gallery-1-60562\" \/><\/a>\n\t\t\t<\/div>\n\t\t\t\t<figcaption class='wp-caption-text gallery-caption' id='gallery-1-60562'>\n\t\t\t\tOficinas eco-responsables Mansartis \/ Fern \u00b7 by deardesign studio (\u00a9 Xavi Torrent)\n\t\t\t\t<\/figcaption><\/figure><figure class='gallery-item'>\n\t\t\t<div class='gallery-icon landscape'>\n\t\t\t\t<a href='https:\/\/www.arquimaster.com.ar\/web\/wp-content\/uploads\/2020\/11\/mansartis21.jpg' title=\"Oficinas eco-responsables Mansartis \/ Fern \u00b7 by deardesign studio (\u00a9 Xavi Torrent)\" data-rl_title=\"Oficinas eco-responsables Mansartis \/ Fern \u00b7 by deardesign studio (\u00a9 Xavi Torrent)\" class=\"rl-gallery-link\" data-rl_caption=\"Oficinas eco-responsables Mansartis \/ Fern \u00b7 by deardesign studio (\u00a9 Xavi Torrent)\" data-rel=\"lightbox-gallery-1\"><img loading=\"lazy\" decoding=\"async\" width=\"150\" height=\"150\" src=\"https:\/\/www.arquimaster.com.ar\/web\/wp-content\/uploads\/2020\/11\/mansartis21-150x150.jpg\" class=\"attachment-thumbnail size-thumbnail\" alt=\"Oficinas eco-responsables Mansartis \/ Fern \u00b7 by deardesign studio\" aria-describedby=\"gallery-1-60563\" \/><\/a>\n\t\t\t<\/div>\n\t\t\t\t<figcaption class='wp-caption-text gallery-caption' id='gallery-1-60563'>\n\t\t\t\tOficinas eco-responsables Mansartis \/ Fern \u00b7 by deardesign studio (\u00a9 Xavi Torrent)\n\t\t\t\t<\/figcaption><\/figure><figure class='gallery-item'>\n\t\t\t<div class='gallery-icon landscape'>\n\t\t\t\t<a href='https:\/\/www.arquimaster.com.ar\/web\/wp-content\/uploads\/2020\/11\/mansartis22.jpg' title=\"Oficinas eco-responsables Mansartis \/ Fern \u00b7 by deardesign studio (\u00a9 Xavi Torrent)\" data-rl_title=\"Oficinas eco-responsables Mansartis \/ Fern \u00b7 by deardesign studio (\u00a9 Xavi Torrent)\" class=\"rl-gallery-link\" data-rl_caption=\"Oficinas eco-responsables Mansartis \/ Fern \u00b7 by deardesign studio (\u00a9 Xavi Torrent)\" data-rel=\"lightbox-gallery-1\"><img loading=\"lazy\" decoding=\"async\" width=\"150\" height=\"150\" src=\"https:\/\/www.arquimaster.com.ar\/web\/wp-content\/uploads\/2020\/11\/mansartis22-150x150.jpg\" class=\"attachment-thumbnail size-thumbnail\" alt=\"Oficinas eco-responsables Mansartis \/ Fern \u00b7 by deardesign studio\" aria-describedby=\"gallery-1-60564\" \/><\/a>\n\t\t\t<\/div>\n\t\t\t\t<figcaption class='wp-caption-text gallery-caption' id='gallery-1-60564'>\n\t\t\t\tOficinas eco-responsables Mansartis \/ Fern \u00b7 by deardesign studio (\u00a9 Xavi Torrent)\n\t\t\t\t<\/figcaption><\/figure><figure class='gallery-item'>\n\t\t\t<div class='gallery-icon landscape'>\n\t\t\t\t<a href='https:\/\/www.arquimaster.com.ar\/web\/wp-content\/uploads\/2020\/11\/mansartis23.jpg' title=\"Oficinas eco-responsables Mansartis \/ Fern \u00b7 by deardesign studio (\u00a9 Xavi Torrent)\" data-rl_title=\"Oficinas eco-responsables Mansartis \/ Fern \u00b7 by deardesign studio (\u00a9 Xavi Torrent)\" class=\"rl-gallery-link\" data-rl_caption=\"Oficinas eco-responsables Mansartis \/ Fern \u00b7 by deardesign studio (\u00a9 Xavi Torrent)\" data-rel=\"lightbox-gallery-1\"><img loading=\"lazy\" decoding=\"async\" width=\"150\" height=\"150\" src=\"https:\/\/www.arquimaster.com.ar\/web\/wp-content\/uploads\/2020\/11\/mansartis23-150x150.jpg\" class=\"attachment-thumbnail size-thumbnail\" alt=\"Oficinas eco-responsables Mansartis \/ Fern \u00b7 by deardesign studio\" aria-describedby=\"gallery-1-60565\" \/><\/a>\n\t\t\t<\/div>\n\t\t\t\t<figcaption class='wp-caption-text gallery-caption' id='gallery-1-60565'>\n\t\t\t\tOficinas eco-responsables Mansartis \/ Fern \u00b7 by deardesign studio (\u00a9 Xavi Torrent)\n\t\t\t\t<\/figcaption><\/figure><figure class='gallery-item'>\n\t\t\t<div class='gallery-icon landscape'>\n\t\t\t\t<a href='https:\/\/www.arquimaster.com.ar\/web\/wp-content\/uploads\/2020\/11\/mansartis24.jpg' title=\"Ignasi Llaurad\u00f3 (deardesign studio) y C\u00e9cile Imbert (Fern \u00b7)\" data-rl_title=\"Ignasi Llaurad\u00f3 (deardesign studio) y C\u00e9cile Imbert (Fern \u00b7)\" class=\"rl-gallery-link\" data-rl_caption=\"Ignasi Llaurad\u00f3 (deardesign studio) y C\u00e9cile Imbert (Fern \u00b7)\" data-rel=\"lightbox-gallery-1\"><img loading=\"lazy\" decoding=\"async\" width=\"150\" height=\"150\" src=\"https:\/\/www.arquimaster.com.ar\/web\/wp-content\/uploads\/2020\/11\/mansartis24-150x150.jpg\" class=\"attachment-thumbnail size-thumbnail\" alt=\"Oficinas eco-responsables Mansartis \/ Fern \u00b7 by deardesign studio\" aria-describedby=\"gallery-1-60566\" \/><\/a>\n\t\t\t<\/div>\n\t\t\t\t<figcaption class='wp-caption-text gallery-caption' id='gallery-1-60566'>\n\t\t\t\tIgnasi Llaurad\u00f3 (deardesign studio) y C\u00e9cile Imbert (Fern \u00b7)\n\t\t\t\t<\/figcaption><\/figure>\n\t\t<\/div>\n\n<p><strong>Nuestro enfoque hacia el dise\u00f1o ecol\u00f3gico<\/strong><br \/>\nEl proceso de investigaci\u00f3n y desarrollo del proyecto Mansartis comenz\u00f3 con la exploraci\u00f3n de paisajes naturales de la Provenza francesa y de Catalu\u00f1a. Mientras se buscaba inspiraci\u00f3n en la tierra y la artesan\u00eda local, se encontraron, de forma innovadora, materiales para recuperar o reciclar. Los viajes llevaron al equipo a canteras y vertederos, desde el interior hasta las costas para localizar materiales que pudieran cobrar una segunda vida.<\/p>\n<p>A trav\u00e9s de este proyecto se implementaron herramientas de ecodise\u00f1o. Desde la formaci\u00f3n de equipos de dise\u00f1o y producci\u00f3n hasta la asociaci\u00f3n con entidades de recuperaci\u00f3n de materiales, se utiliz\u00f3 una estricta lista de verificaci\u00f3n para garantizar el mejor resultado de dise\u00f1o ecol\u00f3gico.<\/p>\n<p><strong>Especificaciones del proyecto Mansartis en la plaza Vend\u00f4me<\/strong><\/p>\n<p><strong>Bienestar<\/strong><br \/>\nPara garantizar el bienestar de los empleados, el equipo creativo dise\u00f1\u00f3 el espacio de la oficina como una combinaci\u00f3n de espacio abierto y privado. Fomentar la colaboraci\u00f3n en \u00e1reas bien iluminadas aporta valor al bienestar, al igual que los muebles ergon\u00f3micos y los materiales de construcci\u00f3n saludables.<\/p>\n<p><strong>Recuperado y reciclado<\/strong><br \/>\nEl proyecto Mansartis cuenta con materiales recuperados y reciclados en su coraz\u00f3n ya que los muebles fueron dise\u00f1ados con madera de roble y acero recuperado, MDF Cradle2Cradle y pl\u00e1stico 100% reciclado. El roble se recuper\u00f3 de los antiguos trenes SNCF y todas las superficies de trabajo de las mesas se derivan de residuos pl\u00e1sticos post industriales. Dos de los dise\u00f1os, el AU Box y el FD Desk, se combinan a la perfecci\u00f3n con los marcos de roble y yeso plenum que recubren la pared. El dise\u00f1o interior fue equipado con parquet de roble original FSC y alfombras realizadas con material reciclado.<\/p>\n<p><strong>Acabados de alta gama<\/strong><br \/>\nLos dise\u00f1adores trabajaron con experimentados artesanos para producir muebles y espacios con acabados de alta gama. Aunque el proyecto Mansartis utiliz\u00f3 materiales recuperados y reciclados, los resultados son todo menos sencillos o comunes. Cada parte del dise\u00f1o resalta la simplicidad moderada y la movilidad innovadora. Junto con los muebles hechos a medida, se incorporaron materiales Cradle2Cradle y con certificaci\u00f3n ecol\u00f3gica de la UE que alinearon los asientos, los suelos y los accesorios con los principios de dise\u00f1o ecol\u00f3gico del proyecto.<\/p>\n<p><strong>Resultados<\/strong><br \/>\nEl 70% de los materiales del proyecto proceden de fuentes recuperados y reciclados. Los beneficios para los empleados incluyen un espacio de trabajo flexible, un entorno funcional, una iluminaci\u00f3n natural, materiales de construcci\u00f3n saludables y un esquema de color sereno que fomenta el pensamiento creativo.<\/p>\n<p>Para los empleados, las empresas y el resto de p\u00fablicos interesados, las soluciones de dise\u00f1o ecol\u00f3gico en el lugar de trabajo pueden:<\/p>\n<p>\u00b7 Minimizar el impacto ambiental reciclando y recuperando materiales para reducir los desechos, la contaminaci\u00f3n y la degradaci\u00f3n del medio ambiente.<\/p>\n<p>\u00b7 Optimizar el impacto social difundiendo la importancia de la eco-responsabilidad a todos los grupos de inter\u00e9s de la empresa y cuidando la salud y el bienestar de los empleados.<\/p>\n<p>\u00b7 Generar beneficios econ\u00f3micos mejorando la lealtad y el compromiso de los empleados y aumentando la productividad en la oficina.<\/p>\n<p><strong>Sostenibilidad como necesidad<\/strong><br \/>\nEl desarrollo sostenible es una necesidad empresarial que puede ser abordada por un proceso innovador de eco-dise\u00f1o. Adem\u00e1s, los proyectos eco-dise\u00f1ados pueden resultar un motor para la integraci\u00f3n de pr\u00e1cticas eco-responsables, as\u00ed como tambi\u00e9n una soluci\u00f3n que permita dar respuesta a las expectativas de los empleados y clientes de la empresa respecto a sus compromisos de RSC.<\/p>\n<p>Al ofrecer soluciones para lugares de trabajo eco-responsables, las empresas estar\u00e1n en una mejor posici\u00f3n para fortalecer el compromiso con sus empleados y para atraer nuevos talentos. Fern cree firmemente en una acci\u00f3n colectiva para crear espacios laborales sostenibles e invitan a empresas, particulares e inversores a trabajar juntos para lograr un futuro eco-positivo.<\/p>\n<p>Su compromiso con el impacto cero nunca ha sido tan fuerte y contin\u00faan impulsando este nuevo paradigma de sostenibilidad. El objetivo de las dos empresas es hacer del eco-dise\u00f1o la nueva norma y ampliar la comunidad de equipos de trabajo que compartan esta misma visi\u00f3n.<\/p>\n<p>Para lograr este prop\u00f3sito, Fern\u00b7 se fusiona con deardesign studio para combinar su complementaria experiencia y permitir que el equipo se expanda y mejore el proceso de dise\u00f1o ecol\u00f3gico, a la vez que mantiene el firme objetivo de poder ayudar a los clientes en el desarrollo de sus propias estrategias sostenibles.<\/p>\n<p><strong>Video<\/strong><br \/>\n<a href=\"https:\/\/vimeo.com\/461037874\" target=\"_blank\" rel=\"noopener noreferrer\">https:\/\/vimeo.com\/461037874<\/a><\/p>\n<p><strong>Ficha t\u00e9cnica<\/strong><br \/>\nNombre: Oficinas Mansartis<br \/>\nUbicaci\u00f3n: Plaza Vend\u00f4me, Par\u00eds, Francia<br \/>\nCliente: Mansartis<br \/>\nEstudio de dise\u00f1o: Fern \u00b7 by deardesign studio<br \/>\nDirector Creativo: Ignasi Llaurad\u00f3<br \/>\nFern \u00b7 Fundadora: C\u00e9cile Imbert<br \/>\nDise\u00f1adores: Ignasi Llaurad\u00f3, Paul Serizay, Aya Ulan<br \/>\nFot\u00f3grafo: <a href=\"http:\/\/www.xavitorrent.com\" target=\"_blank\" rel=\"noopener noreferrer\">Xavi Torrent<\/a><\/p>\n<p><strong>Contacto<\/strong><br \/>\n<a href=\"https:\/\/www.fern.paris\/\" target=\"_blank\" rel=\"noopener noreferrer\">https:\/\/www.fern.paris\/<\/a><br \/>\n<a href=\"https:\/\/deardesign.studio\/\" target=\"_blank\" rel=\"noopener noreferrer\">https:\/\/deardesign.studio\/<\/a><\/p>\n<p><strong>Sobre Fern \u00b7<\/strong><br \/>\nFern \u00b7 fue fundada en 2018 por C\u00e9cile Imbert con el objetivo de abordar la falta de sostenibilidad en el dise\u00f1o de los espacios de trabajo. La compa\u00f1\u00eda trata de redise\u00f1ar los entornos laborales alej\u00e1ndose del desperdicio de nuevos materiales y apostando por un sistema circular con materiales reciclados y reciclables.<\/p>\n<p><strong>Sobre deardesign studio<\/strong><br \/>\ndeardesign fue fundado en 2005 por Ignasi Llaurad\u00f3. En la actualidad, deardesign crea objetos y espacios que combinan alma, sostenibilidad y eficiencia en dise\u00f1o, poniendo \u00e9nfasis en c\u00f3mo los espacios de trabajo tienen que ser concebidos para resultar eco-responsables y funcionales.<\/p>\n\n<div style=\"font-size: 0px; height: 0px; line-height: 0px; margin: 0; padding: 0; clear: both;\"><\/div><div style=\"margin-top: 0px; margin-bottom: 0px;\" class=\"sharethis-inline-share-buttons\" ><\/div>","protected":false},"excerpt":{"rendered":"<p>Un espacio de alta gama dise\u00f1ado con materiales recuperados y reciclados&#8230;<\/p>\n","protected":false},"author":1,"featured_media":60542,"comment_status":"closed","ping_status":"closed","sticky":false,"template":"","format":"standard","meta":{"_uag_custom_page_level_css":"","footnotes":""},"categories":[76,1],"tags":[1362,6611,6609,6606,6608,2486,6610,6607,255,2592,2982,6612,1292],"class_list":["post-60541","post","type-post","status-publish","format-standard","has-post-thumbnail","hentry","category-arquitectura-corporativa","category-proyecto","tag-arquitectura-corporativa-2","tag-cecile-imbert","tag-deardesign-studio","tag-eco-responsable","tag-fern","tag-francia","tag-ignasi-llaurado","tag-mansartis","tag-oficinas","tag-oficinas-sustentables","tag-paris","tag-plaza-vendome","tag-workplaces","generate-columns","tablet-grid-50","mobile-grid-100","grid-parent","grid-50"],"yoast_head":"<!-- This site is optimized with the Yoast SEO plugin v27.3 - https:\/\/yoast.com\/product\/yoast-seo-wordpress\/ -->\n<title>Mansartis oficinas eco-responsables \/ Fern \u00b7 by deardesign studio - Arquimaster<\/title>\n<meta name=\"description\" content=\"De Par\u00eds a Barcelona, los dise\u00f1adores unen sus fuerzas para crear un espacio de trabajo eco-responsable y de gama alta para impulsar el cambio.\" \/>\n<meta name=\"robots\" content=\"index, follow, max-snippet:-1, max-image-preview:large, max-video-preview:-1\" \/>\n<link rel=\"canonical\" href=\"https:\/\/www.arquimaster.com.ar\/web\/oficinas-eco-responsables-mansartis-fern-by-deardesign-studio\/\" \/>\n<meta property=\"og:locale\" content=\"es_ES\" \/>\n<meta property=\"og:type\" content=\"article\" \/>\n<meta property=\"og:title\" content=\"Oficinas eco-responsables Mansartis \/ Fern \u00b7 by deardesign studio\" \/>\n<meta property=\"og:description\" content=\"De Par\u00eds a Barcelona, los dise\u00f1adores unen sus fuerzas para crear un espacio de trabajo eco-responsable y de gama alta para impulsar el cambio.\" \/>\n<meta property=\"og:url\" content=\"https:\/\/www.arquimaster.com.ar\/web\/oficinas-eco-responsables-mansartis-fern-by-deardesign-studio\/\" \/>\n<meta property=\"og:site_name\" content=\"Arquimaster\" \/>\n<meta property=\"article:publisher\" content=\"http:\/\/www.facebook.com\/ARQUIMASTER.com.ar\" \/>\n<meta property=\"article:published_time\" content=\"2020-11-05T19:19:45+00:00\" \/>\n<meta property=\"article:modified_time\" content=\"2020-11-16T16:20:22+00:00\" \/>\n<meta property=\"og:image\" content=\"https:\/\/www.arquimaster.com.ar\/web\/wp-content\/uploads\/2020\/11\/mansartis_slide.jpg\" \/>\n\t<meta property=\"og:image:width\" content=\"698\" \/>\n\t<meta property=\"og:image:height\" content=\"364\" \/>\n\t<meta property=\"og:image:type\" content=\"image\/jpeg\" \/>\n<meta name=\"author\" content=\"Arquimaster\" \/>\n<meta name=\"twitter:card\" content=\"summary_large_image\" \/>\n<meta name=\"twitter:title\" content=\"Oficinas eco-responsables Mansartis \/ Fern \u00b7 by deardesign studio\" \/>\n<meta name=\"twitter:description\" content=\"De Par\u00eds a Barcelona, los dise\u00f1adores unen sus fuerzas para crear un espacio de trabajo eco-responsable y de gama alta para impulsar el cambio.\" \/>\n<meta name=\"twitter:image\" content=\"https:\/\/www.arquimaster.com.ar\/web\/wp-content\/uploads\/2020\/11\/mansartis_slide.jpg\" \/>\n<meta name=\"twitter:creator\" content=\"@arquimaster\" \/>\n<meta name=\"twitter:site\" content=\"@arquimaster\" \/>\n<meta name=\"twitter:label1\" content=\"Escrito por\" \/>\n\t<meta name=\"twitter:data1\" content=\"Arquimaster\" \/>\n\t<meta name=\"twitter:label2\" content=\"Tiempo de lectura\" \/>\n\t<meta name=\"twitter:data2\" content=\"5 minutos\" \/>\n<script type=\"application\/ld+json\" class=\"yoast-schema-graph\">{\"@context\":\"https:\\\/\\\/schema.org\",\"@graph\":[{\"@type\":\"Article\",\"@id\":\"https:\\\/\\\/www.arquimaster.com.ar\\\/web\\\/oficinas-eco-responsables-mansartis-fern-by-deardesign-studio\\\/#article\",\"isPartOf\":{\"@id\":\"https:\\\/\\\/www.arquimaster.com.ar\\\/web\\\/oficinas-eco-responsables-mansartis-fern-by-deardesign-studio\\\/\"},\"author\":{\"name\":\"Arquimaster\",\"@id\":\"https:\\\/\\\/www.arquimaster.com.ar\\\/web\\\/#\\\/schema\\\/person\\\/359e9f7c00193fcde068e0dd2ceb0028\"},\"headline\":\"Mansartis oficinas eco-responsables \\\/ Fern \u00b7 by deardesign studio\",\"datePublished\":\"2020-11-05T19:19:45+00:00\",\"dateModified\":\"2020-11-16T16:20:22+00:00\",\"mainEntityOfPage\":{\"@id\":\"https:\\\/\\\/www.arquimaster.com.ar\\\/web\\\/oficinas-eco-responsables-mansartis-fern-by-deardesign-studio\\\/\"},\"wordCount\":1082,\"publisher\":{\"@id\":\"https:\\\/\\\/www.arquimaster.com.ar\\\/web\\\/#organization\"},\"image\":{\"@id\":\"https:\\\/\\\/www.arquimaster.com.ar\\\/web\\\/oficinas-eco-responsables-mansartis-fern-by-deardesign-studio\\\/#primaryimage\"},\"thumbnailUrl\":\"https:\\\/\\\/www.arquimaster.com.ar\\\/web\\\/wp-content\\\/uploads\\\/2020\\\/11\\\/mansartis_slide.jpg\",\"keywords\":[\"arquitectura corporativa\",\"C\u00e9cile Imbert\",\"deardesign studio\",\"eco-responsable\",\"Fern\",\"Francia\",\"Ignasi Llaurad\u00f3\",\"Mansartis\",\"oficinas\",\"oficinas sustentables\",\"Paris\",\"Plaza Vend\u00f4me\",\"workplaces\"],\"articleSection\":[\"Arquitectura corporativa\",\"Proyecto\"],\"inLanguage\":\"es\"},{\"@type\":\"WebPage\",\"@id\":\"https:\\\/\\\/www.arquimaster.com.ar\\\/web\\\/oficinas-eco-responsables-mansartis-fern-by-deardesign-studio\\\/\",\"url\":\"https:\\\/\\\/www.arquimaster.com.ar\\\/web\\\/oficinas-eco-responsables-mansartis-fern-by-deardesign-studio\\\/\",\"name\":\"Mansartis oficinas eco-responsables \\\/ Fern \u00b7 by deardesign studio - Arquimaster\",\"isPartOf\":{\"@id\":\"https:\\\/\\\/www.arquimaster.com.ar\\\/web\\\/#website\"},\"primaryImageOfPage\":{\"@id\":\"https:\\\/\\\/www.arquimaster.com.ar\\\/web\\\/oficinas-eco-responsables-mansartis-fern-by-deardesign-studio\\\/#primaryimage\"},\"image\":{\"@id\":\"https:\\\/\\\/www.arquimaster.com.ar\\\/web\\\/oficinas-eco-responsables-mansartis-fern-by-deardesign-studio\\\/#primaryimage\"},\"thumbnailUrl\":\"https:\\\/\\\/www.arquimaster.com.ar\\\/web\\\/wp-content\\\/uploads\\\/2020\\\/11\\\/mansartis_slide.jpg\",\"datePublished\":\"2020-11-05T19:19:45+00:00\",\"dateModified\":\"2020-11-16T16:20:22+00:00\",\"description\":\"De Par\u00eds a Barcelona, los dise\u00f1adores unen sus fuerzas para crear un espacio de trabajo eco-responsable y de gama alta para impulsar el cambio.\",\"breadcrumb\":{\"@id\":\"https:\\\/\\\/www.arquimaster.com.ar\\\/web\\\/oficinas-eco-responsables-mansartis-fern-by-deardesign-studio\\\/#breadcrumb\"},\"inLanguage\":\"es\",\"potentialAction\":[{\"@type\":\"ReadAction\",\"target\":[\"https:\\\/\\\/www.arquimaster.com.ar\\\/web\\\/oficinas-eco-responsables-mansartis-fern-by-deardesign-studio\\\/\"]}]},{\"@type\":\"ImageObject\",\"inLanguage\":\"es\",\"@id\":\"https:\\\/\\\/www.arquimaster.com.ar\\\/web\\\/oficinas-eco-responsables-mansartis-fern-by-deardesign-studio\\\/#primaryimage\",\"url\":\"https:\\\/\\\/www.arquimaster.com.ar\\\/web\\\/wp-content\\\/uploads\\\/2020\\\/11\\\/mansartis_slide.jpg\",\"contentUrl\":\"https:\\\/\\\/www.arquimaster.com.ar\\\/web\\\/wp-content\\\/uploads\\\/2020\\\/11\\\/mansartis_slide.jpg\",\"width\":698,\"height\":364,\"caption\":\"Oficinas eco-responsables Mansartis \\\/ Fern \u00b7 by deardesign studio\"},{\"@type\":\"BreadcrumbList\",\"@id\":\"https:\\\/\\\/www.arquimaster.com.ar\\\/web\\\/oficinas-eco-responsables-mansartis-fern-by-deardesign-studio\\\/#breadcrumb\",\"itemListElement\":[{\"@type\":\"ListItem\",\"position\":1,\"name\":\"Portada\",\"item\":\"https:\\\/\\\/www.arquimaster.com.ar\\\/web\\\/\"},{\"@type\":\"ListItem\",\"position\":2,\"name\":\"Mansartis oficinas eco-responsables \\\/ Fern \u00b7 by deardesign studio\"}]},{\"@type\":\"WebSite\",\"@id\":\"https:\\\/\\\/www.arquimaster.com.ar\\\/web\\\/#website\",\"url\":\"https:\\\/\\\/www.arquimaster.com.ar\\\/web\\\/\",\"name\":\"Arquimaster\",\"description\":\"Web de arquitectura, dise\u00f1o y construccion\",\"publisher\":{\"@id\":\"https:\\\/\\\/www.arquimaster.com.ar\\\/web\\\/#organization\"},\"potentialAction\":[{\"@type\":\"SearchAction\",\"target\":{\"@type\":\"EntryPoint\",\"urlTemplate\":\"https:\\\/\\\/www.arquimaster.com.ar\\\/web\\\/?s={search_term_string}\"},\"query-input\":{\"@type\":\"PropertyValueSpecification\",\"valueRequired\":true,\"valueName\":\"search_term_string\"}}],\"inLanguage\":\"es\"},{\"@type\":\"Organization\",\"@id\":\"https:\\\/\\\/www.arquimaster.com.ar\\\/web\\\/#organization\",\"name\":\"Arquimaster\",\"url\":\"https:\\\/\\\/www.arquimaster.com.ar\\\/web\\\/\",\"logo\":{\"@type\":\"ImageObject\",\"inLanguage\":\"es\",\"@id\":\"https:\\\/\\\/www.arquimaster.com.ar\\\/web\\\/#\\\/schema\\\/logo\\\/image\\\/\",\"url\":\"https:\\\/\\\/www.arquimaster.com.ar\\\/web\\\/wp-content\\\/uploads\\\/2022\\\/06\\\/arquimaster.png\",\"contentUrl\":\"https:\\\/\\\/www.arquimaster.com.ar\\\/web\\\/wp-content\\\/uploads\\\/2022\\\/06\\\/arquimaster.png\",\"width\":594,\"height\":78,\"caption\":\"Arquimaster\"},\"image\":{\"@id\":\"https:\\\/\\\/www.arquimaster.com.ar\\\/web\\\/#\\\/schema\\\/logo\\\/image\\\/\"},\"sameAs\":[\"http:\\\/\\\/www.facebook.com\\\/ARQUIMASTER.com.ar\",\"https:\\\/\\\/x.com\\\/arquimaster\",\"https:\\\/\\\/www.instagram.com\\\/arquimasterblog\\\/\",\"https:\\\/\\\/www.linkedin.com\\\/company\\\/arquimaster\",\"https:\\\/\\\/www.pinterest.com\\\/arquimaster\",\"https:\\\/\\\/t.me\\\/arquimaster\"]},{\"@type\":\"Person\",\"@id\":\"https:\\\/\\\/www.arquimaster.com.ar\\\/web\\\/#\\\/schema\\\/person\\\/359e9f7c00193fcde068e0dd2ceb0028\",\"name\":\"Arquimaster\"}]}<\/script>\n<!-- \/ Yoast SEO plugin. -->","yoast_head_json":{"title":"Mansartis oficinas eco-responsables \/ Fern \u00b7 by deardesign studio - Arquimaster","description":"De Par\u00eds a Barcelona, los dise\u00f1adores unen sus fuerzas para crear un espacio de trabajo eco-responsable y de gama alta para impulsar el cambio.","robots":{"index":"index","follow":"follow","max-snippet":"max-snippet:-1","max-image-preview":"max-image-preview:large","max-video-preview":"max-video-preview:-1"},"canonical":"https:\/\/www.arquimaster.com.ar\/web\/oficinas-eco-responsables-mansartis-fern-by-deardesign-studio\/","og_locale":"es_ES","og_type":"article","og_title":"Oficinas eco-responsables Mansartis \/ Fern \u00b7 by deardesign studio","og_description":"De Par\u00eds a Barcelona, los dise\u00f1adores unen sus fuerzas para crear un espacio de trabajo eco-responsable y de gama alta para impulsar el cambio.","og_url":"https:\/\/www.arquimaster.com.ar\/web\/oficinas-eco-responsables-mansartis-fern-by-deardesign-studio\/","og_site_name":"Arquimaster","article_publisher":"http:\/\/www.facebook.com\/ARQUIMASTER.com.ar","article_published_time":"2020-11-05T19:19:45+00:00","article_modified_time":"2020-11-16T16:20:22+00:00","og_image":[{"width":698,"height":364,"url":"https:\/\/www.arquimaster.com.ar\/web\/wp-content\/uploads\/2020\/11\/mansartis_slide.jpg","type":"image\/jpeg"}],"author":"Arquimaster","twitter_card":"summary_large_image","twitter_title":"Oficinas eco-responsables Mansartis \/ Fern \u00b7 by deardesign studio","twitter_description":"De Par\u00eds a Barcelona, los dise\u00f1adores unen sus fuerzas para crear un espacio de trabajo eco-responsable y de gama alta para impulsar el cambio.","twitter_image":"https:\/\/www.arquimaster.com.ar\/web\/wp-content\/uploads\/2020\/11\/mansartis_slide.jpg","twitter_creator":"@arquimaster","twitter_site":"@arquimaster","twitter_misc":{"Escrito por":"Arquimaster","Tiempo de lectura":"5 minutos"},"schema":{"@context":"https:\/\/schema.org","@graph":[{"@type":"Article","@id":"https:\/\/www.arquimaster.com.ar\/web\/oficinas-eco-responsables-mansartis-fern-by-deardesign-studio\/#article","isPartOf":{"@id":"https:\/\/www.arquimaster.com.ar\/web\/oficinas-eco-responsables-mansartis-fern-by-deardesign-studio\/"},"author":{"name":"Arquimaster","@id":"https:\/\/www.arquimaster.com.ar\/web\/#\/schema\/person\/359e9f7c00193fcde068e0dd2ceb0028"},"headline":"Mansartis oficinas eco-responsables \/ Fern \u00b7 by deardesign studio","datePublished":"2020-11-05T19:19:45+00:00","dateModified":"2020-11-16T16:20:22+00:00","mainEntityOfPage":{"@id":"https:\/\/www.arquimaster.com.ar\/web\/oficinas-eco-responsables-mansartis-fern-by-deardesign-studio\/"},"wordCount":1082,"publisher":{"@id":"https:\/\/www.arquimaster.com.ar\/web\/#organization"},"image":{"@id":"https:\/\/www.arquimaster.com.ar\/web\/oficinas-eco-responsables-mansartis-fern-by-deardesign-studio\/#primaryimage"},"thumbnailUrl":"https:\/\/www.arquimaster.com.ar\/web\/wp-content\/uploads\/2020\/11\/mansartis_slide.jpg","keywords":["arquitectura corporativa","C\u00e9cile Imbert","deardesign studio","eco-responsable","Fern","Francia","Ignasi Llaurad\u00f3","Mansartis","oficinas","oficinas sustentables","Paris","Plaza Vend\u00f4me","workplaces"],"articleSection":["Arquitectura corporativa","Proyecto"],"inLanguage":"es"},{"@type":"WebPage","@id":"https:\/\/www.arquimaster.com.ar\/web\/oficinas-eco-responsables-mansartis-fern-by-deardesign-studio\/","url":"https:\/\/www.arquimaster.com.ar\/web\/oficinas-eco-responsables-mansartis-fern-by-deardesign-studio\/","name":"Mansartis oficinas eco-responsables \/ Fern \u00b7 by deardesign studio - Arquimaster","isPartOf":{"@id":"https:\/\/www.arquimaster.com.ar\/web\/#website"},"primaryImageOfPage":{"@id":"https:\/\/www.arquimaster.com.ar\/web\/oficinas-eco-responsables-mansartis-fern-by-deardesign-studio\/#primaryimage"},"image":{"@id":"https:\/\/www.arquimaster.com.ar\/web\/oficinas-eco-responsables-mansartis-fern-by-deardesign-studio\/#primaryimage"},"thumbnailUrl":"https:\/\/www.arquimaster.com.ar\/web\/wp-content\/uploads\/2020\/11\/mansartis_slide.jpg","datePublished":"2020-11-05T19:19:45+00:00","dateModified":"2020-11-16T16:20:22+00:00","description":"De Par\u00eds a Barcelona, los dise\u00f1adores unen sus fuerzas para crear un espacio de trabajo eco-responsable y de gama alta para impulsar el cambio.","breadcrumb":{"@id":"https:\/\/www.arquimaster.com.ar\/web\/oficinas-eco-responsables-mansartis-fern-by-deardesign-studio\/#breadcrumb"},"inLanguage":"es","potentialAction":[{"@type":"ReadAction","target":["https:\/\/www.arquimaster.com.ar\/web\/oficinas-eco-responsables-mansartis-fern-by-deardesign-studio\/"]}]},{"@type":"ImageObject","inLanguage":"es","@id":"https:\/\/www.arquimaster.com.ar\/web\/oficinas-eco-responsables-mansartis-fern-by-deardesign-studio\/#primaryimage","url":"https:\/\/www.arquimaster.com.ar\/web\/wp-content\/uploads\/2020\/11\/mansartis_slide.jpg","contentUrl":"https:\/\/www.arquimaster.com.ar\/web\/wp-content\/uploads\/2020\/11\/mansartis_slide.jpg","width":698,"height":364,"caption":"Oficinas eco-responsables Mansartis \/ Fern \u00b7 by deardesign studio"},{"@type":"BreadcrumbList","@id":"https:\/\/www.arquimaster.com.ar\/web\/oficinas-eco-responsables-mansartis-fern-by-deardesign-studio\/#breadcrumb","itemListElement":[{"@type":"ListItem","position":1,"name":"Portada","item":"https:\/\/www.arquimaster.com.ar\/web\/"},{"@type":"ListItem","position":2,"name":"Mansartis oficinas eco-responsables \/ Fern \u00b7 by deardesign studio"}]},{"@type":"WebSite","@id":"https:\/\/www.arquimaster.com.ar\/web\/#website","url":"https:\/\/www.arquimaster.com.ar\/web\/","name":"Arquimaster","description":"Web de arquitectura, dise\u00f1o y construccion","publisher":{"@id":"https:\/\/www.arquimaster.com.ar\/web\/#organization"},"potentialAction":[{"@type":"SearchAction","target":{"@type":"EntryPoint","urlTemplate":"https:\/\/www.arquimaster.com.ar\/web\/?s={search_term_string}"},"query-input":{"@type":"PropertyValueSpecification","valueRequired":true,"valueName":"search_term_string"}}],"inLanguage":"es"},{"@type":"Organization","@id":"https:\/\/www.arquimaster.com.ar\/web\/#organization","name":"Arquimaster","url":"https:\/\/www.arquimaster.com.ar\/web\/","logo":{"@type":"ImageObject","inLanguage":"es","@id":"https:\/\/www.arquimaster.com.ar\/web\/#\/schema\/logo\/image\/","url":"https:\/\/www.arquimaster.com.ar\/web\/wp-content\/uploads\/2022\/06\/arquimaster.png","contentUrl":"https:\/\/www.arquimaster.com.ar\/web\/wp-content\/uploads\/2022\/06\/arquimaster.png","width":594,"height":78,"caption":"Arquimaster"},"image":{"@id":"https:\/\/www.arquimaster.com.ar\/web\/#\/schema\/logo\/image\/"},"sameAs":["http:\/\/www.facebook.com\/ARQUIMASTER.com.ar","https:\/\/x.com\/arquimaster","https:\/\/www.instagram.com\/arquimasterblog\/","https:\/\/www.linkedin.com\/company\/arquimaster","https:\/\/www.pinterest.com\/arquimaster","https:\/\/t.me\/arquimaster"]},{"@type":"Person","@id":"https:\/\/www.arquimaster.com.ar\/web\/#\/schema\/person\/359e9f7c00193fcde068e0dd2ceb0028","name":"Arquimaster"}]}},"uagb_featured_image_src":{"full":["https:\/\/www.arquimaster.com.ar\/web\/wp-content\/uploads\/2020\/11\/mansartis_slide.jpg",698,364,false],"thumbnail":["https:\/\/www.arquimaster.com.ar\/web\/wp-content\/uploads\/2020\/11\/mansartis_slide-150x150.jpg",150,150,true],"medium":["https:\/\/www.arquimaster.com.ar\/web\/wp-content\/uploads\/2020\/11\/mansartis_slide.jpg",698,364,false],"medium_large":["https:\/\/www.arquimaster.com.ar\/web\/wp-content\/uploads\/2020\/11\/mansartis_slide.jpg",698,364,false],"large":["https:\/\/www.arquimaster.com.ar\/web\/wp-content\/uploads\/2020\/11\/mansartis_slide.jpg",698,364,false],"1536x1536":["https:\/\/www.arquimaster.com.ar\/web\/wp-content\/uploads\/2020\/11\/mansartis_slide.jpg",698,364,false],"2048x2048":["https:\/\/www.arquimaster.com.ar\/web\/wp-content\/uploads\/2020\/11\/mansartis_slide.jpg",698,364,false]},"uagb_author_info":{"display_name":"Arquimaster","author_link":"https:\/\/www.arquimaster.com.ar\/web\/author\/arquimaster\/"},"uagb_comment_info":0,"uagb_excerpt":"Un espacio de alta gama dise\u00f1ado con materiales recuperados y reciclados...","_links":{"self":[{"href":"https:\/\/www.arquimaster.com.ar\/web\/wp-json\/wp\/v2\/posts\/60541","targetHints":{"allow":["GET"]}}],"collection":[{"href":"https:\/\/www.arquimaster.com.ar\/web\/wp-json\/wp\/v2\/posts"}],"about":[{"href":"https:\/\/www.arquimaster.com.ar\/web\/wp-json\/wp\/v2\/types\/post"}],"author":[{"embeddable":true,"href":"https:\/\/www.arquimaster.com.ar\/web\/wp-json\/wp\/v2\/users\/1"}],"replies":[{"embeddable":true,"href":"https:\/\/www.arquimaster.com.ar\/web\/wp-json\/wp\/v2\/comments?post=60541"}],"version-history":[{"count":3,"href":"https:\/\/www.arquimaster.com.ar\/web\/wp-json\/wp\/v2\/posts\/60541\/revisions"}],"predecessor-version":[{"id":60623,"href":"https:\/\/www.arquimaster.com.ar\/web\/wp-json\/wp\/v2\/posts\/60541\/revisions\/60623"}],"wp:featuredmedia":[{"embeddable":true,"href":"https:\/\/www.arquimaster.com.ar\/web\/wp-json\/wp\/v2\/media\/60542"}],"wp:attachment":[{"href":"https:\/\/www.arquimaster.com.ar\/web\/wp-json\/wp\/v2\/media?parent=60541"}],"wp:term":[{"taxonomy":"category","embeddable":true,"href":"https:\/\/www.arquimaster.com.ar\/web\/wp-json\/wp\/v2\/categories?post=60541"},{"taxonomy":"post_tag","embeddable":true,"href":"https:\/\/www.arquimaster.com.ar\/web\/wp-json\/wp\/v2\/tags?post=60541"}],"curies":[{"name":"wp","href":"https:\/\/api.w.org\/{rel}","templated":true}]}}