{"id":60569,"date":"2020-11-05T17:37:57","date_gmt":"2020-11-05T20:37:57","guid":{"rendered":"https:\/\/www.arquimaster.com.ar\/web\/?p=60569"},"modified":"2020-12-01T16:10:11","modified_gmt":"2020-12-01T19:10:11","slug":"casa-o-fieiro-una-casa-a-traccion-dentro-de-otra-a-compresion-arturo-franco","status":"publish","type":"post","link":"https:\/\/www.arquimaster.com.ar\/web\/casa-o-fieiro-una-casa-a-traccion-dentro-de-otra-a-compresion-arturo-franco\/","title":{"rendered":"Casa O Fieiro. Una casa a tracci\u00f3n dentro de otra a compresi\u00f3n \/ Arturo Franco"},"content":{"rendered":"<div style=\"margin-top: 0px; margin-bottom: 0px;\" class=\"sharethis-inline-share-buttons\" ><\/div><div class=\"b812932af2e751442846f039925109de\" data-index=\"1\" style=\"float: none; margin:25px 0 25px 0; text-align:center;\">\n<script async src=\"https:\/\/pagead2.googlesyndication.com\/pagead\/js\/adsbygoogle.js\"><\/script>\r\n<!-- Arquimaster (superior) -->\r\n<ins class=\"adsbygoogle\"\r\n     style=\"display:block\"\r\n     data-ad-client=\"ca-pub-6351072698456832\"\r\n     data-ad-slot=\"6455489680\"\r\n     data-ad-format=\"auto\"\r\n     data-full-width-responsive=\"true\"><\/ins>\r\n<script>\r\n     (adsbygoogle = window.adsbygoogle || []).push({});\r\n<\/script>\n<\/div>\n<p><strong>Casa O Fieiro. Una casa a tracci\u00f3n dentro de otra a compresi\u00f3n<\/strong> (Lugar de O Fieiro, Municipio de Mazaricos, La Coru\u00f1a, Espa\u00f1a) por <strong>Arturo Franco<\/strong>. La aldea de O Fieiro se encuentra situada en el entorno natural del Monte Pindo, conocido como el olimpo celta, una formaci\u00f3n rocosa de granito de la que salen todas las casas tradicionales gallegas de la zona. El proyecto contempla la rehabilitaci\u00f3n de una peque\u00f1a cuadra para animales, una casa de labranza de 1920 construida con muros de piedra de grandes sillares de granito bien concertados, de 70-80 cm de espesor, con una cubierta a dos aguas de placas de fibrocemento apoyada sobre una estructura de viguetas de hormig\u00f3n pretensadas.<\/p>\n<div id='gallery-1' class='gallery galleryid-60569 gallery-columns-3 gallery-size-thumbnail'><figure class='gallery-item'>\n\t\t\t<div class='gallery-icon landscape'>\n\t\t\t\t<a href='https:\/\/www.arquimaster.com.ar\/web\/wp-content\/uploads\/2020\/11\/casa_o_fieiro1.jpg' title=\"Casa O Fieiro. Una casa a tracci\u00f3n dentro de otra a compresi\u00f3n \/ Arturo Franco (\u00a9 Alfonso Quiroga)\" data-rl_title=\"Casa O Fieiro. Una casa a tracci\u00f3n dentro de otra a compresi\u00f3n \/ Arturo Franco (\u00a9 Alfonso Quiroga)\" class=\"rl-gallery-link\" data-rl_caption=\"Casa O Fieiro. Una casa a tracci\u00f3n dentro de otra a compresi\u00f3n \/ Arturo Franco (\u00a9 Alfonso Quiroga)\" data-rel=\"lightbox-gallery-1\"><img loading=\"lazy\" decoding=\"async\" width=\"150\" height=\"150\" src=\"https:\/\/www.arquimaster.com.ar\/web\/wp-content\/uploads\/2020\/11\/casa_o_fieiro1-150x150.jpg\" class=\"attachment-thumbnail size-thumbnail\" alt=\"Casa O Fieiro. Una casa a tracci\u00f3n dentro de otra a compresi\u00f3n \/ Arturo Franco\" aria-describedby=\"gallery-1-60571\" \/><\/a>\n\t\t\t<\/div>\n\t\t\t\t<figcaption class='wp-caption-text gallery-caption' id='gallery-1-60571'>\n\t\t\t\tCasa O Fieiro. Una casa a tracci\u00f3n dentro de otra a compresi\u00f3n \/ Arturo Franco (\u00a9 Alfonso Quiroga)\n\t\t\t\t<\/figcaption><\/figure><figure class='gallery-item'>\n\t\t\t<div class='gallery-icon landscape'>\n\t\t\t\t<a href='https:\/\/www.arquimaster.com.ar\/web\/wp-content\/uploads\/2020\/11\/casa_o_fieiro2.jpg' title=\"Casa O Fieiro. Una casa a tracci\u00f3n dentro de otra a compresi\u00f3n \/ Arturo Franco (\u00a9 Alfonso Quiroga)\" data-rl_title=\"Casa O Fieiro. Una casa a tracci\u00f3n dentro de otra a compresi\u00f3n \/ Arturo Franco (\u00a9 Alfonso Quiroga)\" class=\"rl-gallery-link\" data-rl_caption=\"Casa O Fieiro. Una casa a tracci\u00f3n dentro de otra a compresi\u00f3n \/ Arturo Franco (\u00a9 Alfonso Quiroga)\" data-rel=\"lightbox-gallery-1\"><img loading=\"lazy\" decoding=\"async\" width=\"150\" height=\"150\" src=\"https:\/\/www.arquimaster.com.ar\/web\/wp-content\/uploads\/2020\/11\/casa_o_fieiro2-150x150.jpg\" class=\"attachment-thumbnail size-thumbnail\" alt=\"Casa O Fieiro. Una casa a tracci\u00f3n dentro de otra a compresi\u00f3n \/ Arturo Franco\" aria-describedby=\"gallery-1-60572\" \/><\/a>\n\t\t\t<\/div>\n\t\t\t\t<figcaption class='wp-caption-text gallery-caption' id='gallery-1-60572'>\n\t\t\t\tCasa O Fieiro. Una casa a tracci\u00f3n dentro de otra a compresi\u00f3n \/ Arturo Franco (\u00a9 Alfonso Quiroga)\n\t\t\t\t<\/figcaption><\/figure><figure class='gallery-item'>\n\t\t\t<div class='gallery-icon portrait'>\n\t\t\t\t<a href='https:\/\/www.arquimaster.com.ar\/web\/wp-content\/uploads\/2020\/11\/casa_o_fieiro3.jpg' title=\"Casa O Fieiro. Una casa a tracci\u00f3n dentro de otra a compresi\u00f3n \/ Arturo Franco (\u00a9 Alfonso Quiroga)\" data-rl_title=\"Casa O Fieiro. Una casa a tracci\u00f3n dentro de otra a compresi\u00f3n \/ Arturo Franco (\u00a9 Alfonso Quiroga)\" class=\"rl-gallery-link\" data-rl_caption=\"Casa O Fieiro. Una casa a tracci\u00f3n dentro de otra a compresi\u00f3n \/ Arturo Franco (\u00a9 Alfonso Quiroga)\" data-rel=\"lightbox-gallery-1\"><img loading=\"lazy\" decoding=\"async\" width=\"150\" height=\"150\" src=\"https:\/\/www.arquimaster.com.ar\/web\/wp-content\/uploads\/2020\/11\/casa_o_fieiro3-150x150.jpg\" class=\"attachment-thumbnail size-thumbnail\" alt=\"Casa O Fieiro. Una casa a tracci\u00f3n dentro de otra a compresi\u00f3n \/ Arturo Franco\" aria-describedby=\"gallery-1-60573\" \/><\/a>\n\t\t\t<\/div>\n\t\t\t\t<figcaption class='wp-caption-text gallery-caption' id='gallery-1-60573'>\n\t\t\t\tCasa O Fieiro. Una casa a tracci\u00f3n dentro de otra a compresi\u00f3n \/ Arturo Franco (\u00a9 Alfonso Quiroga)\n\t\t\t\t<\/figcaption><\/figure><figure class='gallery-item'>\n\t\t\t<div class='gallery-icon landscape'>\n\t\t\t\t<a href='https:\/\/www.arquimaster.com.ar\/web\/wp-content\/uploads\/2020\/11\/casa_o_fieiro4.jpg' title=\"Casa O Fieiro. Una casa a tracci\u00f3n dentro de otra a compresi\u00f3n \/ Arturo Franco (\u00a9 Alfonso Quiroga)\" data-rl_title=\"Casa O Fieiro. Una casa a tracci\u00f3n dentro de otra a compresi\u00f3n \/ Arturo Franco (\u00a9 Alfonso Quiroga)\" class=\"rl-gallery-link\" data-rl_caption=\"Casa O Fieiro. Una casa a tracci\u00f3n dentro de otra a compresi\u00f3n \/ Arturo Franco (\u00a9 Alfonso Quiroga)\" data-rel=\"lightbox-gallery-1\"><img loading=\"lazy\" decoding=\"async\" width=\"150\" height=\"150\" src=\"https:\/\/www.arquimaster.com.ar\/web\/wp-content\/uploads\/2020\/11\/casa_o_fieiro4-150x150.jpg\" class=\"attachment-thumbnail size-thumbnail\" alt=\"Casa O Fieiro. Una casa a tracci\u00f3n dentro de otra a compresi\u00f3n \/ Arturo Franco\" aria-describedby=\"gallery-1-60574\" srcset=\"https:\/\/www.arquimaster.com.ar\/web\/wp-content\/uploads\/2020\/11\/casa_o_fieiro4-150x150.jpg 150w, https:\/\/www.arquimaster.com.ar\/web\/wp-content\/uploads\/2020\/11\/casa_o_fieiro4-1024x1024.jpg 1024w, https:\/\/www.arquimaster.com.ar\/web\/wp-content\/uploads\/2020\/11\/casa_o_fieiro4-768x768.jpg 768w, https:\/\/www.arquimaster.com.ar\/web\/wp-content\/uploads\/2020\/11\/casa_o_fieiro4.jpg 1500w\" sizes=\"auto, (max-width: 150px) 100vw, 150px\" \/><\/a>\n\t\t\t<\/div>\n\t\t\t\t<figcaption class='wp-caption-text gallery-caption' id='gallery-1-60574'>\n\t\t\t\tCasa O Fieiro. Una casa a tracci\u00f3n dentro de otra a compresi\u00f3n \/ Arturo Franco (\u00a9 Alfonso Quiroga)\n\t\t\t\t<\/figcaption><\/figure><figure class='gallery-item'>\n\t\t\t<div class='gallery-icon landscape'>\n\t\t\t\t<a href='https:\/\/www.arquimaster.com.ar\/web\/wp-content\/uploads\/2020\/11\/casa_o_fieiro5.jpg' title=\"Casa O Fieiro. Una casa a tracci\u00f3n dentro de otra a compresi\u00f3n \/ Arturo Franco (\u00a9 Alfonso Quiroga)\" data-rl_title=\"Casa O Fieiro. Una casa a tracci\u00f3n dentro de otra a compresi\u00f3n \/ Arturo Franco (\u00a9 Alfonso Quiroga)\" class=\"rl-gallery-link\" data-rl_caption=\"Casa O Fieiro. Una casa a tracci\u00f3n dentro de otra a compresi\u00f3n \/ Arturo Franco (\u00a9 Alfonso Quiroga)\" data-rel=\"lightbox-gallery-1\"><img loading=\"lazy\" decoding=\"async\" width=\"150\" height=\"150\" src=\"https:\/\/www.arquimaster.com.ar\/web\/wp-content\/uploads\/2020\/11\/casa_o_fieiro5-150x150.jpg\" class=\"attachment-thumbnail size-thumbnail\" alt=\"Casa O Fieiro. Una casa a tracci\u00f3n dentro de otra a compresi\u00f3n \/ Arturo Franco\" aria-describedby=\"gallery-1-60575\" \/><\/a>\n\t\t\t<\/div>\n\t\t\t\t<figcaption class='wp-caption-text gallery-caption' id='gallery-1-60575'>\n\t\t\t\tCasa O Fieiro. Una casa a tracci\u00f3n dentro de otra a compresi\u00f3n \/ Arturo Franco (\u00a9 Alfonso Quiroga)\n\t\t\t\t<\/figcaption><\/figure><figure class='gallery-item'>\n\t\t\t<div class='gallery-icon portrait'>\n\t\t\t\t<a href='https:\/\/www.arquimaster.com.ar\/web\/wp-content\/uploads\/2020\/11\/casa_o_fieiro6.jpg' title=\"Casa O Fieiro. Una casa a tracci\u00f3n dentro de otra a compresi\u00f3n \/ Arturo Franco (\u00a9 Alfonso Quiroga)\" data-rl_title=\"Casa O Fieiro. Una casa a tracci\u00f3n dentro de otra a compresi\u00f3n \/ Arturo Franco (\u00a9 Alfonso Quiroga)\" class=\"rl-gallery-link\" data-rl_caption=\"Casa O Fieiro. Una casa a tracci\u00f3n dentro de otra a compresi\u00f3n \/ Arturo Franco (\u00a9 Alfonso Quiroga)\" data-rel=\"lightbox-gallery-1\"><img loading=\"lazy\" decoding=\"async\" width=\"150\" height=\"150\" src=\"https:\/\/www.arquimaster.com.ar\/web\/wp-content\/uploads\/2020\/11\/casa_o_fieiro6-150x150.jpg\" class=\"attachment-thumbnail size-thumbnail\" alt=\"Casa O Fieiro. Una casa a tracci\u00f3n dentro de otra a compresi\u00f3n \/ Arturo Franco\" aria-describedby=\"gallery-1-60576\" \/><\/a>\n\t\t\t<\/div>\n\t\t\t\t<figcaption class='wp-caption-text gallery-caption' id='gallery-1-60576'>\n\t\t\t\tCasa O Fieiro. Una casa a tracci\u00f3n dentro de otra a compresi\u00f3n \/ Arturo Franco (\u00a9 Alfonso Quiroga)\n\t\t\t\t<\/figcaption><\/figure><figure class='gallery-item'>\n\t\t\t<div class='gallery-icon landscape'>\n\t\t\t\t<a href='https:\/\/www.arquimaster.com.ar\/web\/wp-content\/uploads\/2020\/11\/casa_o_fieiro7.jpg' title=\"Casa O Fieiro. Una casa a tracci\u00f3n dentro de otra a compresi\u00f3n \/ Arturo Franco (\u00a9 Alfonso Quiroga)\" data-rl_title=\"Casa O Fieiro. Una casa a tracci\u00f3n dentro de otra a compresi\u00f3n \/ Arturo Franco (\u00a9 Alfonso Quiroga)\" class=\"rl-gallery-link\" data-rl_caption=\"Casa O Fieiro. Una casa a tracci\u00f3n dentro de otra a compresi\u00f3n \/ Arturo Franco (\u00a9 Alfonso Quiroga)\" data-rel=\"lightbox-gallery-1\"><img loading=\"lazy\" decoding=\"async\" width=\"150\" height=\"150\" src=\"https:\/\/www.arquimaster.com.ar\/web\/wp-content\/uploads\/2020\/11\/casa_o_fieiro7-150x150.jpg\" class=\"attachment-thumbnail size-thumbnail\" alt=\"Casa O Fieiro. Una casa a tracci\u00f3n dentro de otra a compresi\u00f3n \/ Arturo Franco\" aria-describedby=\"gallery-1-60577\" \/><\/a>\n\t\t\t<\/div>\n\t\t\t\t<figcaption class='wp-caption-text gallery-caption' id='gallery-1-60577'>\n\t\t\t\tCasa O Fieiro. Una casa a tracci\u00f3n dentro de otra a compresi\u00f3n \/ Arturo Franco (\u00a9 Alfonso Quiroga)\n\t\t\t\t<\/figcaption><\/figure><figure class='gallery-item'>\n\t\t\t<div class='gallery-icon portrait'>\n\t\t\t\t<a href='https:\/\/www.arquimaster.com.ar\/web\/wp-content\/uploads\/2020\/11\/casa_o_fieiro8.jpg' title=\"Casa O Fieiro. Una casa a tracci\u00f3n dentro de otra a compresi\u00f3n \/ Arturo Franco (\u00a9 Alfonso Quiroga)\" data-rl_title=\"Casa O Fieiro. Una casa a tracci\u00f3n dentro de otra a compresi\u00f3n \/ Arturo Franco (\u00a9 Alfonso Quiroga)\" class=\"rl-gallery-link\" data-rl_caption=\"Casa O Fieiro. Una casa a tracci\u00f3n dentro de otra a compresi\u00f3n \/ Arturo Franco (\u00a9 Alfonso Quiroga)\" data-rel=\"lightbox-gallery-1\"><img loading=\"lazy\" decoding=\"async\" width=\"150\" height=\"150\" src=\"https:\/\/www.arquimaster.com.ar\/web\/wp-content\/uploads\/2020\/11\/casa_o_fieiro8-150x150.jpg\" class=\"attachment-thumbnail size-thumbnail\" alt=\"Casa O Fieiro. Una casa a tracci\u00f3n dentro de otra a compresi\u00f3n \/ Arturo Franco\" aria-describedby=\"gallery-1-60578\" \/><\/a>\n\t\t\t<\/div>\n\t\t\t\t<figcaption class='wp-caption-text gallery-caption' id='gallery-1-60578'>\n\t\t\t\tCasa O Fieiro. Una casa a tracci\u00f3n dentro de otra a compresi\u00f3n \/ Arturo Franco (\u00a9 Alfonso Quiroga)\n\t\t\t\t<\/figcaption><\/figure><figure class='gallery-item'>\n\t\t\t<div class='gallery-icon landscape'>\n\t\t\t\t<a href='https:\/\/www.arquimaster.com.ar\/web\/wp-content\/uploads\/2020\/11\/casa_o_fieiro9.jpg' title=\"Casa O Fieiro. Una casa a tracci\u00f3n dentro de otra a compresi\u00f3n \/ Arturo Franco (\u00a9 Alfonso Quiroga)\" data-rl_title=\"Casa O Fieiro. Una casa a tracci\u00f3n dentro de otra a compresi\u00f3n \/ Arturo Franco (\u00a9 Alfonso Quiroga)\" class=\"rl-gallery-link\" data-rl_caption=\"Casa O Fieiro. Una casa a tracci\u00f3n dentro de otra a compresi\u00f3n \/ Arturo Franco (\u00a9 Alfonso Quiroga)\" data-rel=\"lightbox-gallery-1\"><img loading=\"lazy\" decoding=\"async\" width=\"150\" height=\"150\" src=\"https:\/\/www.arquimaster.com.ar\/web\/wp-content\/uploads\/2020\/11\/casa_o_fieiro9-150x150.jpg\" class=\"attachment-thumbnail size-thumbnail\" alt=\"Casa O Fieiro. Una casa a tracci\u00f3n dentro de otra a compresi\u00f3n \/ Arturo Franco\" aria-describedby=\"gallery-1-60579\" \/><\/a>\n\t\t\t<\/div>\n\t\t\t\t<figcaption class='wp-caption-text gallery-caption' id='gallery-1-60579'>\n\t\t\t\tCasa O Fieiro. Una casa a tracci\u00f3n dentro de otra a compresi\u00f3n \/ Arturo Franco (\u00a9 Alfonso Quiroga)\n\t\t\t\t<\/figcaption><\/figure><figure class='gallery-item'>\n\t\t\t<div class='gallery-icon landscape'>\n\t\t\t\t<a href='https:\/\/www.arquimaster.com.ar\/web\/wp-content\/uploads\/2020\/11\/casa_o_fieiro10.jpg' title=\"Casa O Fieiro. Una casa a tracci\u00f3n dentro de otra a compresi\u00f3n \/ Arturo Franco (\u00a9 Alfonso Quiroga)\" data-rl_title=\"Casa O Fieiro. Una casa a tracci\u00f3n dentro de otra a compresi\u00f3n \/ Arturo Franco (\u00a9 Alfonso Quiroga)\" class=\"rl-gallery-link\" data-rl_caption=\"Casa O Fieiro. Una casa a tracci\u00f3n dentro de otra a compresi\u00f3n \/ Arturo Franco (\u00a9 Alfonso Quiroga)\" data-rel=\"lightbox-gallery-1\"><img loading=\"lazy\" decoding=\"async\" width=\"150\" height=\"150\" src=\"https:\/\/www.arquimaster.com.ar\/web\/wp-content\/uploads\/2020\/11\/casa_o_fieiro10-150x150.jpg\" class=\"attachment-thumbnail size-thumbnail\" alt=\"Casa O Fieiro. Una casa a tracci\u00f3n dentro de otra a compresi\u00f3n \/ Arturo Franco\" aria-describedby=\"gallery-1-60580\" \/><\/a>\n\t\t\t<\/div>\n\t\t\t\t<figcaption class='wp-caption-text gallery-caption' id='gallery-1-60580'>\n\t\t\t\tCasa O Fieiro. Una casa a tracci\u00f3n dentro de otra a compresi\u00f3n \/ Arturo Franco (\u00a9 Alfonso Quiroga)\n\t\t\t\t<\/figcaption><\/figure><figure class='gallery-item'>\n\t\t\t<div class='gallery-icon portrait'>\n\t\t\t\t<a href='https:\/\/www.arquimaster.com.ar\/web\/wp-content\/uploads\/2020\/11\/casa_o_fieiro11.jpg' title=\"Casa O Fieiro. Una casa a tracci\u00f3n dentro de otra a compresi\u00f3n \/ Arturo Franco (\u00a9 Alfonso Quiroga)\" data-rl_title=\"Casa O Fieiro. Una casa a tracci\u00f3n dentro de otra a compresi\u00f3n \/ Arturo Franco (\u00a9 Alfonso Quiroga)\" class=\"rl-gallery-link\" data-rl_caption=\"Casa O Fieiro. Una casa a tracci\u00f3n dentro de otra a compresi\u00f3n \/ Arturo Franco (\u00a9 Alfonso Quiroga)\" data-rel=\"lightbox-gallery-1\"><img loading=\"lazy\" decoding=\"async\" width=\"150\" height=\"150\" src=\"https:\/\/www.arquimaster.com.ar\/web\/wp-content\/uploads\/2020\/11\/casa_o_fieiro11-150x150.jpg\" class=\"attachment-thumbnail size-thumbnail\" alt=\"Casa O Fieiro. Una casa a tracci\u00f3n dentro de otra a compresi\u00f3n \/ Arturo Franco\" aria-describedby=\"gallery-1-60581\" \/><\/a>\n\t\t\t<\/div>\n\t\t\t\t<figcaption class='wp-caption-text gallery-caption' id='gallery-1-60581'>\n\t\t\t\tCasa O Fieiro. Una casa a tracci\u00f3n dentro de otra a compresi\u00f3n \/ Arturo Franco (\u00a9 Alfonso Quiroga)\n\t\t\t\t<\/figcaption><\/figure><figure class='gallery-item'>\n\t\t\t<div class='gallery-icon portrait'>\n\t\t\t\t<a href='https:\/\/www.arquimaster.com.ar\/web\/wp-content\/uploads\/2020\/11\/casa_o_fieiro12.jpg' title=\"Casa O Fieiro. Una casa a tracci\u00f3n dentro de otra a compresi\u00f3n \/ Arturo Franco (\u00a9 Alfonso Quiroga)\" data-rl_title=\"Casa O Fieiro. Una casa a tracci\u00f3n dentro de otra a compresi\u00f3n \/ Arturo Franco (\u00a9 Alfonso Quiroga)\" class=\"rl-gallery-link\" data-rl_caption=\"Casa O Fieiro. Una casa a tracci\u00f3n dentro de otra a compresi\u00f3n \/ Arturo Franco (\u00a9 Alfonso Quiroga)\" data-rel=\"lightbox-gallery-1\"><img loading=\"lazy\" decoding=\"async\" width=\"150\" height=\"150\" src=\"https:\/\/www.arquimaster.com.ar\/web\/wp-content\/uploads\/2020\/11\/casa_o_fieiro12-150x150.jpg\" class=\"attachment-thumbnail size-thumbnail\" alt=\"Casa O Fieiro. Una casa a tracci\u00f3n dentro de otra a compresi\u00f3n \/ Arturo Franco\" aria-describedby=\"gallery-1-60582\" \/><\/a>\n\t\t\t<\/div>\n\t\t\t\t<figcaption class='wp-caption-text gallery-caption' id='gallery-1-60582'>\n\t\t\t\tCasa O Fieiro. Una casa a tracci\u00f3n dentro de otra a compresi\u00f3n \/ Arturo Franco (\u00a9 Alfonso Quiroga)\n\t\t\t\t<\/figcaption><\/figure><figure class='gallery-item'>\n\t\t\t<div class='gallery-icon landscape'>\n\t\t\t\t<a href='https:\/\/www.arquimaster.com.ar\/web\/wp-content\/uploads\/2020\/11\/casa_o_fieiro13.jpg' title=\"Casa O Fieiro. Una casa a tracci\u00f3n dentro de otra a compresi\u00f3n \/ Arturo Franco (planta baja)\" data-rl_title=\"Casa O Fieiro. Una casa a tracci\u00f3n dentro de otra a compresi\u00f3n \/ Arturo Franco (planta baja)\" class=\"rl-gallery-link\" data-rl_caption=\"Casa O Fieiro. Una casa a tracci\u00f3n dentro de otra a compresi\u00f3n \/ Arturo Franco (planta baja)\" data-rel=\"lightbox-gallery-1\"><img loading=\"lazy\" decoding=\"async\" width=\"150\" height=\"150\" src=\"https:\/\/www.arquimaster.com.ar\/web\/wp-content\/uploads\/2020\/11\/casa_o_fieiro13-150x150.jpg\" class=\"attachment-thumbnail size-thumbnail\" alt=\"Casa O Fieiro. Una casa a tracci\u00f3n dentro de otra a compresi\u00f3n \/ Arturo Franco\" aria-describedby=\"gallery-1-60583\" \/><\/a>\n\t\t\t<\/div>\n\t\t\t\t<figcaption class='wp-caption-text gallery-caption' id='gallery-1-60583'>\n\t\t\t\tCasa O Fieiro. Una casa a tracci\u00f3n dentro de otra a compresi\u00f3n \/ Arturo Franco (planta baja)\n\t\t\t\t<\/figcaption><\/figure><figure class='gallery-item'>\n\t\t\t<div class='gallery-icon landscape'>\n\t\t\t\t<a href='https:\/\/www.arquimaster.com.ar\/web\/wp-content\/uploads\/2020\/11\/casa_o_fieiro14.jpg' title=\"Casa O Fieiro. Una casa a tracci\u00f3n dentro de otra a compresi\u00f3n \/ Arturo Franco (planta 1\u00ba nivel)\" data-rl_title=\"Casa O Fieiro. Una casa a tracci\u00f3n dentro de otra a compresi\u00f3n \/ Arturo Franco (planta 1\u00ba nivel)\" class=\"rl-gallery-link\" data-rl_caption=\"Casa O Fieiro. Una casa a tracci\u00f3n dentro de otra a compresi\u00f3n \/ Arturo Franco (planta 1\u00ba nivel)\" data-rel=\"lightbox-gallery-1\"><img loading=\"lazy\" decoding=\"async\" width=\"150\" height=\"150\" src=\"https:\/\/www.arquimaster.com.ar\/web\/wp-content\/uploads\/2020\/11\/casa_o_fieiro14-150x150.jpg\" class=\"attachment-thumbnail size-thumbnail\" alt=\"Casa O Fieiro. Una casa a tracci\u00f3n dentro de otra a compresi\u00f3n \/ Arturo Franco\" aria-describedby=\"gallery-1-60584\" \/><\/a>\n\t\t\t<\/div>\n\t\t\t\t<figcaption class='wp-caption-text gallery-caption' id='gallery-1-60584'>\n\t\t\t\tCasa O Fieiro. Una casa a tracci\u00f3n dentro de otra a compresi\u00f3n \/ Arturo Franco (planta 1\u00ba nivel)\n\t\t\t\t<\/figcaption><\/figure><figure class='gallery-item'>\n\t\t\t<div class='gallery-icon landscape'>\n\t\t\t\t<a href='https:\/\/www.arquimaster.com.ar\/web\/wp-content\/uploads\/2020\/11\/casa_o_fieiro15.jpg' title=\"Casa O Fieiro. Una casa a tracci\u00f3n dentro de otra a compresi\u00f3n \/ Arturo Franco (planta 2\u00ba nivel)\" data-rl_title=\"Casa O Fieiro. Una casa a tracci\u00f3n dentro de otra a compresi\u00f3n \/ Arturo Franco (planta 2\u00ba nivel)\" class=\"rl-gallery-link\" data-rl_caption=\"Casa O Fieiro. Una casa a tracci\u00f3n dentro de otra a compresi\u00f3n \/ Arturo Franco (planta 2\u00ba nivel)\" data-rel=\"lightbox-gallery-1\"><img loading=\"lazy\" decoding=\"async\" width=\"150\" height=\"150\" src=\"https:\/\/www.arquimaster.com.ar\/web\/wp-content\/uploads\/2020\/11\/casa_o_fieiro15-150x150.jpg\" class=\"attachment-thumbnail size-thumbnail\" alt=\"Casa O Fieiro. Una casa a tracci\u00f3n dentro de otra a compresi\u00f3n \/ Arturo Franco\" aria-describedby=\"gallery-1-60585\" \/><\/a>\n\t\t\t<\/div>\n\t\t\t\t<figcaption class='wp-caption-text gallery-caption' id='gallery-1-60585'>\n\t\t\t\tCasa O Fieiro. Una casa a tracci\u00f3n dentro de otra a compresi\u00f3n \/ Arturo Franco (planta 2\u00ba nivel)\n\t\t\t\t<\/figcaption><\/figure><figure class='gallery-item'>\n\t\t\t<div class='gallery-icon landscape'>\n\t\t\t\t<a href='https:\/\/www.arquimaster.com.ar\/web\/wp-content\/uploads\/2020\/11\/casa_o_fieiro16.jpg' title=\"Casa O Fieiro. Una casa a tracci\u00f3n dentro de otra a compresi\u00f3n \/ Arturo Franco (vista)\" data-rl_title=\"Casa O Fieiro. Una casa a tracci\u00f3n dentro de otra a compresi\u00f3n \/ Arturo Franco (vista)\" class=\"rl-gallery-link\" data-rl_caption=\"Casa O Fieiro. Una casa a tracci\u00f3n dentro de otra a compresi\u00f3n \/ Arturo Franco (vista)\" data-rel=\"lightbox-gallery-1\"><img loading=\"lazy\" decoding=\"async\" width=\"150\" height=\"150\" src=\"https:\/\/www.arquimaster.com.ar\/web\/wp-content\/uploads\/2020\/11\/casa_o_fieiro16-150x150.jpg\" class=\"attachment-thumbnail size-thumbnail\" alt=\"Casa O Fieiro. Una casa a tracci\u00f3n dentro de otra a compresi\u00f3n \/ Arturo Franco\" aria-describedby=\"gallery-1-60586\" \/><\/a>\n\t\t\t<\/div>\n\t\t\t\t<figcaption class='wp-caption-text gallery-caption' id='gallery-1-60586'>\n\t\t\t\tCasa O Fieiro. Una casa a tracci\u00f3n dentro de otra a compresi\u00f3n \/ Arturo Franco (vista)\n\t\t\t\t<\/figcaption><\/figure><figure class='gallery-item'>\n\t\t\t<div class='gallery-icon landscape'>\n\t\t\t\t<a href='https:\/\/www.arquimaster.com.ar\/web\/wp-content\/uploads\/2020\/11\/casa_o_fieiro17.jpg' title=\"Casa O Fieiro. Una casa a tracci\u00f3n dentro de otra a compresi\u00f3n \/ Arturo Franco (vista)\" data-rl_title=\"Casa O Fieiro. Una casa a tracci\u00f3n dentro de otra a compresi\u00f3n \/ Arturo Franco (vista)\" class=\"rl-gallery-link\" data-rl_caption=\"Casa O Fieiro. Una casa a tracci\u00f3n dentro de otra a compresi\u00f3n \/ Arturo Franco (vista)\" data-rel=\"lightbox-gallery-1\"><img loading=\"lazy\" decoding=\"async\" width=\"150\" height=\"150\" src=\"https:\/\/www.arquimaster.com.ar\/web\/wp-content\/uploads\/2020\/11\/casa_o_fieiro17-150x150.jpg\" class=\"attachment-thumbnail size-thumbnail\" alt=\"Casa O Fieiro. Una casa a tracci\u00f3n dentro de otra a compresi\u00f3n \/ Arturo Franco\" aria-describedby=\"gallery-1-60587\" \/><\/a>\n\t\t\t<\/div>\n\t\t\t\t<figcaption class='wp-caption-text gallery-caption' id='gallery-1-60587'>\n\t\t\t\tCasa O Fieiro. Una casa a tracci\u00f3n dentro de otra a compresi\u00f3n \/ Arturo Franco (vista)\n\t\t\t\t<\/figcaption><\/figure><figure class='gallery-item'>\n\t\t\t<div class='gallery-icon landscape'>\n\t\t\t\t<a href='https:\/\/www.arquimaster.com.ar\/web\/wp-content\/uploads\/2020\/11\/casa_o_fieiro18.jpg' title=\"Casa O Fieiro. Una casa a tracci\u00f3n dentro de otra a compresi\u00f3n \/ Arturo Franco (vista)\" data-rl_title=\"Casa O Fieiro. Una casa a tracci\u00f3n dentro de otra a compresi\u00f3n \/ Arturo Franco (vista)\" class=\"rl-gallery-link\" data-rl_caption=\"Casa O Fieiro. Una casa a tracci\u00f3n dentro de otra a compresi\u00f3n \/ Arturo Franco (vista)\" data-rel=\"lightbox-gallery-1\"><img loading=\"lazy\" decoding=\"async\" width=\"150\" height=\"150\" src=\"https:\/\/www.arquimaster.com.ar\/web\/wp-content\/uploads\/2020\/11\/casa_o_fieiro18-150x150.jpg\" class=\"attachment-thumbnail size-thumbnail\" alt=\"Casa O Fieiro. Una casa a tracci\u00f3n dentro de otra a compresi\u00f3n \/ Arturo Franco\" aria-describedby=\"gallery-1-60588\" \/><\/a>\n\t\t\t<\/div>\n\t\t\t\t<figcaption class='wp-caption-text gallery-caption' id='gallery-1-60588'>\n\t\t\t\tCasa O Fieiro. Una casa a tracci\u00f3n dentro de otra a compresi\u00f3n \/ Arturo Franco (vista)\n\t\t\t\t<\/figcaption><\/figure><figure class='gallery-item'>\n\t\t\t<div class='gallery-icon landscape'>\n\t\t\t\t<a href='https:\/\/www.arquimaster.com.ar\/web\/wp-content\/uploads\/2020\/11\/casa_o_fieiro19.jpg' title=\"Casa O Fieiro. Una casa a tracci\u00f3n dentro de otra a compresi\u00f3n \/ Arturo Franco (implantaci\u00f3n)\" data-rl_title=\"Casa O Fieiro. Una casa a tracci\u00f3n dentro de otra a compresi\u00f3n \/ Arturo Franco (implantaci\u00f3n)\" class=\"rl-gallery-link\" data-rl_caption=\"Casa O Fieiro. Una casa a tracci\u00f3n dentro de otra a compresi\u00f3n \/ Arturo Franco (implantaci\u00f3n)\" data-rel=\"lightbox-gallery-1\"><img loading=\"lazy\" decoding=\"async\" width=\"150\" height=\"150\" src=\"https:\/\/www.arquimaster.com.ar\/web\/wp-content\/uploads\/2020\/11\/casa_o_fieiro19-150x150.jpg\" class=\"attachment-thumbnail size-thumbnail\" alt=\"Casa O Fieiro. Una casa a tracci\u00f3n dentro de otra a compresi\u00f3n \/ Arturo Franco\" aria-describedby=\"gallery-1-60589\" \/><\/a>\n\t\t\t<\/div>\n\t\t\t\t<figcaption class='wp-caption-text gallery-caption' id='gallery-1-60589'>\n\t\t\t\tCasa O Fieiro. Una casa a tracci\u00f3n dentro de otra a compresi\u00f3n \/ Arturo Franco (implantaci\u00f3n)\n\t\t\t\t<\/figcaption><\/figure><figure class='gallery-item'>\n\t\t\t<div class='gallery-icon landscape'>\n\t\t\t\t<a href='https:\/\/www.arquimaster.com.ar\/web\/wp-content\/uploads\/2020\/11\/casa_o_fieiro20.jpg' title=\"Casa O Fieiro. Una casa a tracci\u00f3n dentro de otra a compresi\u00f3n \/ Arturo Franco (perspectiva)\" data-rl_title=\"Casa O Fieiro. Una casa a tracci\u00f3n dentro de otra a compresi\u00f3n \/ Arturo Franco (perspectiva)\" class=\"rl-gallery-link\" data-rl_caption=\"Casa O Fieiro. Una casa a tracci\u00f3n dentro de otra a compresi\u00f3n \/ Arturo Franco (perspectiva)\" data-rel=\"lightbox-gallery-1\"><img loading=\"lazy\" decoding=\"async\" width=\"150\" height=\"150\" src=\"https:\/\/www.arquimaster.com.ar\/web\/wp-content\/uploads\/2020\/11\/casa_o_fieiro20-150x150.jpg\" class=\"attachment-thumbnail size-thumbnail\" alt=\"Casa O Fieiro. Una casa a tracci\u00f3n dentro de otra a compresi\u00f3n \/ Arturo Franco\" aria-describedby=\"gallery-1-60590\" \/><\/a>\n\t\t\t<\/div>\n\t\t\t\t<figcaption class='wp-caption-text gallery-caption' id='gallery-1-60590'>\n\t\t\t\tCasa O Fieiro. Una casa a tracci\u00f3n dentro de otra a compresi\u00f3n \/ Arturo Franco (perspectiva)\n\t\t\t\t<\/figcaption><\/figure><figure class='gallery-item'>\n\t\t\t<div class='gallery-icon landscape'>\n\t\t\t\t<a href='https:\/\/www.arquimaster.com.ar\/web\/wp-content\/uploads\/2020\/11\/casa_o_fieiro21.jpg' title=\"Casa O Fieiro. Una casa a tracci\u00f3n dentro de otra a compresi\u00f3n \/ Arturo Franco (esquema estructural)\" data-rl_title=\"Casa O Fieiro. Una casa a tracci\u00f3n dentro de otra a compresi\u00f3n \/ Arturo Franco (esquema estructural)\" class=\"rl-gallery-link\" data-rl_caption=\"Casa O Fieiro. Una casa a tracci\u00f3n dentro de otra a compresi\u00f3n \/ Arturo Franco (esquema estructural)\" data-rel=\"lightbox-gallery-1\"><img loading=\"lazy\" decoding=\"async\" width=\"150\" height=\"150\" src=\"https:\/\/www.arquimaster.com.ar\/web\/wp-content\/uploads\/2020\/11\/casa_o_fieiro21-150x150.jpg\" class=\"attachment-thumbnail size-thumbnail\" alt=\"Casa O Fieiro. Una casa a tracci\u00f3n dentro de otra a compresi\u00f3n \/ Arturo Franco\" aria-describedby=\"gallery-1-60591\" \/><\/a>\n\t\t\t<\/div>\n\t\t\t\t<figcaption class='wp-caption-text gallery-caption' id='gallery-1-60591'>\n\t\t\t\tCasa O Fieiro. Una casa a tracci\u00f3n dentro de otra a compresi\u00f3n \/ Arturo Franco (esquema estructural)\n\t\t\t\t<\/figcaption><\/figure><figure class='gallery-item'>\n\t\t\t<div class='gallery-icon landscape'>\n\t\t\t\t<a href='https:\/\/www.arquimaster.com.ar\/web\/wp-content\/uploads\/2020\/11\/casa_o_fieiro22.jpg' title=\"Casa O Fieiro. Una casa a tracci\u00f3n dentro de otra a compresi\u00f3n \/ Arturo Franco (axonometria estado anterior)\" data-rl_title=\"Casa O Fieiro. Una casa a tracci\u00f3n dentro de otra a compresi\u00f3n \/ Arturo Franco (axonometria estado anterior)\" class=\"rl-gallery-link\" data-rl_caption=\"Casa O Fieiro. Una casa a tracci\u00f3n dentro de otra a compresi\u00f3n \/ Arturo Franco (axonometria estado anterior)\" data-rel=\"lightbox-gallery-1\"><img loading=\"lazy\" decoding=\"async\" width=\"150\" height=\"150\" src=\"https:\/\/www.arquimaster.com.ar\/web\/wp-content\/uploads\/2020\/11\/casa_o_fieiro22-150x150.jpg\" class=\"attachment-thumbnail size-thumbnail\" alt=\"Casa O Fieiro. Una casa a tracci\u00f3n dentro de otra a compresi\u00f3n \/ Arturo Franco\" aria-describedby=\"gallery-1-60592\" \/><\/a>\n\t\t\t<\/div>\n\t\t\t\t<figcaption class='wp-caption-text gallery-caption' id='gallery-1-60592'>\n\t\t\t\tCasa O Fieiro. Una casa a tracci\u00f3n dentro de otra a compresi\u00f3n \/ Arturo Franco (axonometria estado anterior)\n\t\t\t\t<\/figcaption><\/figure><figure class='gallery-item'>\n\t\t\t<div class='gallery-icon landscape'>\n\t\t\t\t<a href='https:\/\/www.arquimaster.com.ar\/web\/wp-content\/uploads\/2020\/11\/casa_o_fieiro23.jpg' title=\"Casa O Fieiro. Una casa a tracci\u00f3n dentro de otra a compresi\u00f3n \/ Arturo Franco (axonometria estado reformado)\" data-rl_title=\"Casa O Fieiro. Una casa a tracci\u00f3n dentro de otra a compresi\u00f3n \/ Arturo Franco (axonometria estado reformado)\" class=\"rl-gallery-link\" data-rl_caption=\"Casa O Fieiro. Una casa a tracci\u00f3n dentro de otra a compresi\u00f3n \/ Arturo Franco (axonometria estado reformado)\" data-rel=\"lightbox-gallery-1\"><img loading=\"lazy\" decoding=\"async\" width=\"150\" height=\"150\" src=\"https:\/\/www.arquimaster.com.ar\/web\/wp-content\/uploads\/2020\/11\/casa_o_fieiro23-150x150.jpg\" class=\"attachment-thumbnail size-thumbnail\" alt=\"Casa O Fieiro. Una casa a tracci\u00f3n dentro de otra a compresi\u00f3n \/ Arturo Franco\" aria-describedby=\"gallery-1-60593\" \/><\/a>\n\t\t\t<\/div>\n\t\t\t\t<figcaption class='wp-caption-text gallery-caption' id='gallery-1-60593'>\n\t\t\t\tCasa O Fieiro. Una casa a tracci\u00f3n dentro de otra a compresi\u00f3n \/ Arturo Franco (axonometria estado reformado)\n\t\t\t\t<\/figcaption><\/figure><figure class='gallery-item'>\n\t\t\t<div class='gallery-icon landscape'>\n\t\t\t\t<a href='https:\/\/www.arquimaster.com.ar\/web\/wp-content\/uploads\/2020\/11\/casa_o_fieiro24.jpg' title=\"Casa O Fieiro. Una casa a tracci\u00f3n dentro de otra a compresi\u00f3n \/ Arturo Franco (axonometria estado reformado)\" data-rl_title=\"Casa O Fieiro. Una casa a tracci\u00f3n dentro de otra a compresi\u00f3n \/ Arturo Franco (axonometria estado reformado)\" class=\"rl-gallery-link\" data-rl_caption=\"Casa O Fieiro. Una casa a tracci\u00f3n dentro de otra a compresi\u00f3n \/ Arturo Franco (axonometria estado reformado)\" data-rel=\"lightbox-gallery-1\"><img loading=\"lazy\" decoding=\"async\" width=\"150\" height=\"150\" src=\"https:\/\/www.arquimaster.com.ar\/web\/wp-content\/uploads\/2020\/11\/casa_o_fieiro24-150x150.jpg\" class=\"attachment-thumbnail size-thumbnail\" alt=\"Casa O Fieiro. Una casa a tracci\u00f3n dentro de otra a compresi\u00f3n \/ Arturo Franco\" aria-describedby=\"gallery-1-60594\" \/><\/a>\n\t\t\t<\/div>\n\t\t\t\t<figcaption class='wp-caption-text gallery-caption' id='gallery-1-60594'>\n\t\t\t\tCasa O Fieiro. Una casa a tracci\u00f3n dentro de otra a compresi\u00f3n \/ Arturo Franco (axonometria estado reformado)\n\t\t\t\t<\/figcaption><\/figure>\n\t\t<\/div>\n\n<p>La vivienda original contaba con un pasillo de acceso situado en el centro, separando dos espacios, en uno de ellos se ubicaba la cuadra para el ganado, mientras que en el otro se dispon\u00eda la cocina con horno de piedra y una hornacina donde se encontraba el fregadero, bajo la ventana. Este espacio daba acceso a una planta superior, ahora derruida, a trav\u00e9s de una escalera de piedra, donde se localizaban las habitaciones.<\/p>\n<p>Contiguo a la vivienda, a noreste, hay un volumen adosado de piedra de una \u00fanica planta, con cubierta a dos aguas, que albergaba un almac\u00e9n. En el lado suroeste hay otro volumen integrado en el volumen principal, con dos plantas sobre rasante, la segunda planta tambi\u00e9n derruida y tambi\u00e9n destinado a almac\u00e9n. Ninguno de estos vol\u00famenes estaba conectado entre s\u00ed por el interior, disponiendo cada uno de ellos de su propio acceso desde el exterior.<\/p>\n<p>La intervenci\u00f3n para rehabilitar la cuadra y transformarla en una vivienda se basa en el concepto general de aprovechar su sistema de muros de carga que trabajan a compresi\u00f3n y utilizarlo como contenedor y soporte de una nueva estructura de forjados de madera trabajando a tracci\u00f3n.<\/p>\n<p>El sistema constructivo y estructural se resuelve con tres materiales, madera, acero y cinchas de cami\u00f3n, en colaboraci\u00f3n con la piedra original.<\/p>\n<p>En primer lugar, se realizan aperturas de mechinales en los muros de mamposter\u00eda a distintas alturas en las que se insertan tres durmientes de secci\u00f3n met\u00e1lica. Los forjados de tablones de madera de pino se empotran en el muro de f\u00e1brica sobre los durmientes met\u00e1licos y se fijan a compresi\u00f3n mediante cu\u00f1as de madera.<\/p>\n<p>Los forjados salvan unas luces de hasta 5,20 metros. Los tablones est\u00e1n sueltos, sin encolar ni machihembrar. Para darles estabilidad se dispone de cinchas de amarre que los envuelven, \u00e9stas se fijan sobre los paramentos verticales de piedra mediante un sistema de anclaje con aros de acero inoxidable, haciendo que el conjunto trabaje a tracci\u00f3n.<\/p>\n<p>En segundo lugar, se ha conservado la cubierta original de viguetas de hormig\u00f3n pretensadas y placas de fibrocemento, a la que se ha colocado encima una segunda cubierta de placas de fibrocemento apoyada sobre rastreles met\u00e1licos, para generar una cubierta ventilada. En la zona oeste se ha demolido la cubierta original para abrir una terraza en la planta superior y aprovechar as\u00ed la entrada de luz natural desde esta orientaci\u00f3n.<\/p>\n<p>Toda la estructura permanece a la vista, incluido una protecci\u00f3n en la cara inferior de la cubierta de lamas de madera maciza de pino apoyadas sobre el ala de la vigueta de hormig\u00f3n.<\/p>\n<p>Se han sustituido todas las carpinter\u00edas exteriores e interiores, que estaban en mal estado o inexistentes, por unas nuevas carpinter\u00edas met\u00e1licas. Y se han conservado todas las divisiones interiores de piedra, saneando los muros e incorporando nuevos huecos para conectar los espacios entre s\u00ed. Adem\u00e1s, se han conservado otros elementos de piedra singulares, como las escaleras, la chimenea, el fregadero y una pila.<\/p>\n<p>La vivienda se ha articulado en torno a dos espacios principales en doble y triple altura, conectados visualmente en todas sus diagonales y en relaci\u00f3n constante con el exterior. En ellos se desarrolla el programa asociado con el d\u00eda, como comer, cocinar, reunirse, trabajar, jugar, socializar, relajarse, etc. En el volumen integrado situado en la zona oeste, en un \u00e1mbito m\u00e1s privado, se sit\u00faan los dormitorios. Finalmente, en el volumen anexo al noreste, se ha ubicado un dormitorio adicional, que es independiente de la vivienda principal.<\/p>\n<p>Para conectar los espacios verticales se han conservado las escaleras originales, de pelda\u00f1os formados por piedras de grandes dimensiones que descargan su peso en el terreno, como antagonista, se ha dise\u00f1ado una nueva escalera de chapa met\u00e1lica que parece levitar sobre el forjado de madera.<\/p>\n<p>La vieja cuadra se ha convertido as\u00ed en una casa que se vive como una topograf\u00eda natural. Una cueva habitada por peque\u00f1os salvajes de manera poco convencional. Como en el bosque, en la naturaleza, en el Monte Pindo, uno tiene que moverse mirando al suelo, y hacia arriba, alerta, con precauci\u00f3n. Una casa sostenible como las casas de pueblo, sin imposturas tecnol\u00f3gicas.<\/p>\n<p><strong>Ficha t\u00e9cnica<\/strong><br \/>Nombre: Casa O Fieiro<br \/>Ubicaci\u00f3n: Lugar de O Fieiro, Municipio de Mazaricos, La Coru\u00f1a, Espa\u00f1a<br \/>Arquitecto: Arturo Franco<br \/>Arquitecto T\u00e9cnico: Diego Castellanos<br \/>Arquitectos colaboradores: Patricia Herr\u00e1ez, Mario Azor\u00edn <br \/>Asesor de estructuras: Juan Rey &#8211; Mecanismo, dise\u00f1o y c\u00e1lculo de estructuras, S.L.<br \/>Empresa constructora: Manuel Barreiro Castro<br \/>Almac\u00e9n de maderas: Maderas Rado S.L.<br \/>Carpintero: Priegue S.L.<br \/>Cerrajero: Talleres Lado S.L.<br \/>Tipolog\u00eda: Residencial, vivienda unifamiliar<br \/>Estado: Construido<br \/>Promotor: Ana Rom\u00e1n<br \/>Coste: 45.000 \u20ac<br \/>A\u00f1o: 2020<br \/>Superficie construida: 199,82 m2<br \/>Fot\u00f3grafo: Alfonso Quiroga<\/p>\n<p><strong>Contacto<\/strong><br \/><a href=\"http:\/\/www.arturofranco.es\" target=\"_blank\" rel=\"noopener noreferrer\">http:\/\/www.arturofranco.es<\/a><\/p>\n\n\n<div style=\"height:20px\" aria-hidden=\"true\" class=\"wp-block-spacer\"><\/div>\n\n\n<p><strong>Textos del arquitecto<\/strong><\/p>\n<p>Texto escrito durante marzo de 2020:<\/p>\n<p><em>\u00abEstos d\u00edas estoy construyendo una casa en la aldea, la tierra de mis antepasados, en el olimpo celta [1]. En realidad, es una rehabilitaci\u00f3n de una peque\u00f1a cuadra para animales de grandes sillares de granito bien concertados. Casi como ocupar una cueva. Voy a utilizar solo tablones de madera de pino de Oreg\u00f3n de 7 cm de espesor para resolver los forjados. Ustedes se preguntar\u00e1n, y por qu\u00e9 de Oreg\u00f3n y no del pa\u00eds. Esa es una lucha entre las polillas y yo. Las polillas sufren m\u00e1s del est\u00f3mago con una madera que no es aut\u00f3ctona y eso, al menos, es ganar la primera batalla.<\/em><\/p>\n<p><em>Los forjados tienen que salvar una distancia entre apoyos de 5,20 metros. Los tablones sueltos sin encolar ni machihembrar lo resolver\u00e1n todo ayudados de unas sencillas cinchas de cami\u00f3n.<\/em><\/p>\n<p><em>El carpintero que me vendi\u00f3 las maderas dice que no va a funcionar, el calculista de estructuras, un tipo infalible, tiene serias dudas, y yo no hago m\u00e1s que apelar al sentido com\u00fan o lo que es lo mismo, recordar aquella frase evasiva: &#8216;Pero si Dios trabaja a tracci\u00f3n&#8217;&#8230; Pronto sabremos si, como escrib\u00eda el viejo Oteiza, &#8216;existe Dios al noroeste&#8217; [2], o tal vez no\u00bb.<\/em><\/p>\n<p>[1] Hace referencia al Monte Pindo que se encuentra en el concello coru\u00f1\u00e9s de Carnota.<br>[2] OTEIZA, Jorge: Existe dios al noroeste, Navarra: Pamiela, 1990.<\/p>\n<p>Texto escrito durante octubre de 2020:<\/p>\n<p><em>\u00abAhora la vieja cuadra se ha convertido en una casa que se vive como una topograf\u00eda natural. Una cueva habitada por peque\u00f1os salvajes de manera poco convencional. Como en el bosque, en la naturaleza, en el Monte Pindo, uno tiene que moverse mirando al suelo, y hacia arriba, alerta, con precauci\u00f3n. Una casa sostenible como las casas de pueblo, sin imposturas tecnol\u00f3gicas. Muros de piedra de 70\/80 cent\u00edmetros, una triple cubierta ventilada de fibrocemento y madera y una nueva ventana abierta al oeste para exprimir el sol de la tarde, tan necesitado en esta tierra sin sol\u00bb.<\/em><\/p>\n<div style=\"font-size: 0px; height: 0px; line-height: 0px; margin: 0; padding: 0; clear: both;\"><\/div><div style=\"margin-top: 0px; margin-bottom: 0px;\" class=\"sharethis-inline-share-buttons\" ><\/div>","protected":false},"excerpt":{"rendered":"<p>La rehabilitaci\u00f3n se resuelve con madera, acero, cinchas de cami\u00f3n y piedra&#8230;<\/p>\n","protected":false},"author":1,"featured_media":60570,"comment_status":"closed","ping_status":"closed","sticky":false,"template":"","format":"standard","meta":{"_uag_custom_page_level_css":"","footnotes":""},"categories":[1,83],"tags":[3920,2953,4233,104,6613,701,6614,6390,1706,680,254],"class_list":["post-60569","post","type-post","status-publish","format-standard","has-post-thumbnail","hentry","category-proyecto","category-vivienda-unifamiliar","tag-a-coruna","tag-acero","tag-arturo-franco","tag-espana","tag-la-coruna","tag-madera","tag-o-fieiro","tag-piedra","tag-refaccion","tag-rehabilitacion","tag-vivienda-unifamiliar-2","generate-columns","tablet-grid-50","mobile-grid-100","grid-parent","grid-50"],"yoast_head":"<!-- This site is optimized with the Yoast SEO plugin v27.3 - https:\/\/yoast.com\/product\/yoast-seo-wordpress\/ -->\n<title>Casa O Fieiro. Una casa a tracci\u00f3n dentro de otra a compresi\u00f3n \/ Arturo Franco - Arquimaster<\/title>\n<meta name=\"description\" content=\"El sistema constructivo y estructural se resuelve con tres materiales, madera, acero y cinchas de cami\u00f3n, en colaboraci\u00f3n con la piedra original.\" \/>\n<meta name=\"robots\" content=\"index, follow, max-snippet:-1, max-image-preview:large, max-video-preview:-1\" \/>\n<link rel=\"canonical\" href=\"https:\/\/www.arquimaster.com.ar\/web\/casa-o-fieiro-una-casa-a-traccion-dentro-de-otra-a-compresion-arturo-franco\/\" \/>\n<meta property=\"og:locale\" content=\"es_ES\" \/>\n<meta property=\"og:type\" content=\"article\" \/>\n<meta property=\"og:title\" content=\"Casa O Fieiro. Una casa a tracci\u00f3n dentro de otra a compresi\u00f3n \/ Arturo Franco\" \/>\n<meta property=\"og:description\" content=\"El sistema constructivo y estructural se resuelve con tres materiales, madera, acero y cinchas de cami\u00f3n, en colaboraci\u00f3n con la piedra original.\" \/>\n<meta property=\"og:url\" content=\"https:\/\/www.arquimaster.com.ar\/web\/casa-o-fieiro-una-casa-a-traccion-dentro-de-otra-a-compresion-arturo-franco\/\" \/>\n<meta property=\"og:site_name\" content=\"Arquimaster\" \/>\n<meta property=\"article:publisher\" content=\"http:\/\/www.facebook.com\/ARQUIMASTER.com.ar\" \/>\n<meta property=\"article:published_time\" content=\"2020-11-05T20:37:57+00:00\" \/>\n<meta property=\"article:modified_time\" content=\"2020-12-01T19:10:11+00:00\" \/>\n<meta property=\"og:image\" content=\"https:\/\/www.arquimaster.com.ar\/web\/wp-content\/uploads\/2020\/11\/casa_o_fieiro_slide.jpg\" \/>\n\t<meta property=\"og:image:width\" content=\"698\" \/>\n\t<meta property=\"og:image:height\" content=\"364\" \/>\n\t<meta property=\"og:image:type\" content=\"image\/jpeg\" \/>\n<meta name=\"author\" content=\"Arquimaster\" \/>\n<meta name=\"twitter:card\" content=\"summary_large_image\" \/>\n<meta name=\"twitter:title\" content=\"Casa O Fieiro. Una casa a tracci\u00f3n dentro de otra a compresi\u00f3n \/ Arturo Franco\" \/>\n<meta name=\"twitter:description\" content=\"El sistema constructivo y estructural se resuelve con tres materiales, madera, acero y cinchas de cami\u00f3n, en colaboraci\u00f3n con la piedra original.\" \/>\n<meta name=\"twitter:image\" content=\"https:\/\/www.arquimaster.com.ar\/web\/wp-content\/uploads\/2020\/11\/casa_o_fieiro_slide.jpg\" \/>\n<meta name=\"twitter:creator\" content=\"@arquimaster\" \/>\n<meta name=\"twitter:site\" content=\"@arquimaster\" \/>\n<meta name=\"twitter:label1\" content=\"Escrito por\" \/>\n\t<meta name=\"twitter:data1\" content=\"Arquimaster\" \/>\n\t<meta name=\"twitter:label2\" content=\"Tiempo de lectura\" \/>\n\t<meta name=\"twitter:data2\" content=\"6 minutos\" \/>\n<script type=\"application\/ld+json\" class=\"yoast-schema-graph\">{\"@context\":\"https:\\\/\\\/schema.org\",\"@graph\":[{\"@type\":\"Article\",\"@id\":\"https:\\\/\\\/www.arquimaster.com.ar\\\/web\\\/casa-o-fieiro-una-casa-a-traccion-dentro-de-otra-a-compresion-arturo-franco\\\/#article\",\"isPartOf\":{\"@id\":\"https:\\\/\\\/www.arquimaster.com.ar\\\/web\\\/casa-o-fieiro-una-casa-a-traccion-dentro-de-otra-a-compresion-arturo-franco\\\/\"},\"author\":{\"name\":\"Arquimaster\",\"@id\":\"https:\\\/\\\/www.arquimaster.com.ar\\\/web\\\/#\\\/schema\\\/person\\\/359e9f7c00193fcde068e0dd2ceb0028\"},\"headline\":\"Casa O Fieiro. Una casa a tracci\u00f3n dentro de otra a compresi\u00f3n \\\/ Arturo Franco\",\"datePublished\":\"2020-11-05T20:37:57+00:00\",\"dateModified\":\"2020-12-01T19:10:11+00:00\",\"mainEntityOfPage\":{\"@id\":\"https:\\\/\\\/www.arquimaster.com.ar\\\/web\\\/casa-o-fieiro-una-casa-a-traccion-dentro-de-otra-a-compresion-arturo-franco\\\/\"},\"wordCount\":1308,\"publisher\":{\"@id\":\"https:\\\/\\\/www.arquimaster.com.ar\\\/web\\\/#organization\"},\"image\":{\"@id\":\"https:\\\/\\\/www.arquimaster.com.ar\\\/web\\\/casa-o-fieiro-una-casa-a-traccion-dentro-de-otra-a-compresion-arturo-franco\\\/#primaryimage\"},\"thumbnailUrl\":\"https:\\\/\\\/www.arquimaster.com.ar\\\/web\\\/wp-content\\\/uploads\\\/2020\\\/11\\\/casa_o_fieiro_slide.jpg\",\"keywords\":[\"A Coru\u00f1a\",\"acero\",\"Arturo Franco\",\"Espa\u00f1a\",\"La Coru\u00f1a\",\"madera\",\"O Fieiro\",\"piedra\",\"refacci\u00f3n\",\"rehabilitaci\u00f3n\",\"vivienda unifamiliar\"],\"articleSection\":[\"Proyecto\",\"Vivienda unifamiliar y PH\"],\"inLanguage\":\"es\"},{\"@type\":\"WebPage\",\"@id\":\"https:\\\/\\\/www.arquimaster.com.ar\\\/web\\\/casa-o-fieiro-una-casa-a-traccion-dentro-de-otra-a-compresion-arturo-franco\\\/\",\"url\":\"https:\\\/\\\/www.arquimaster.com.ar\\\/web\\\/casa-o-fieiro-una-casa-a-traccion-dentro-de-otra-a-compresion-arturo-franco\\\/\",\"name\":\"Casa O Fieiro. Una casa a tracci\u00f3n dentro de otra a compresi\u00f3n \\\/ Arturo Franco - Arquimaster\",\"isPartOf\":{\"@id\":\"https:\\\/\\\/www.arquimaster.com.ar\\\/web\\\/#website\"},\"primaryImageOfPage\":{\"@id\":\"https:\\\/\\\/www.arquimaster.com.ar\\\/web\\\/casa-o-fieiro-una-casa-a-traccion-dentro-de-otra-a-compresion-arturo-franco\\\/#primaryimage\"},\"image\":{\"@id\":\"https:\\\/\\\/www.arquimaster.com.ar\\\/web\\\/casa-o-fieiro-una-casa-a-traccion-dentro-de-otra-a-compresion-arturo-franco\\\/#primaryimage\"},\"thumbnailUrl\":\"https:\\\/\\\/www.arquimaster.com.ar\\\/web\\\/wp-content\\\/uploads\\\/2020\\\/11\\\/casa_o_fieiro_slide.jpg\",\"datePublished\":\"2020-11-05T20:37:57+00:00\",\"dateModified\":\"2020-12-01T19:10:11+00:00\",\"description\":\"El sistema constructivo y estructural se resuelve con tres materiales, madera, acero y cinchas de cami\u00f3n, en colaboraci\u00f3n con la piedra original.\",\"breadcrumb\":{\"@id\":\"https:\\\/\\\/www.arquimaster.com.ar\\\/web\\\/casa-o-fieiro-una-casa-a-traccion-dentro-de-otra-a-compresion-arturo-franco\\\/#breadcrumb\"},\"inLanguage\":\"es\",\"potentialAction\":[{\"@type\":\"ReadAction\",\"target\":[\"https:\\\/\\\/www.arquimaster.com.ar\\\/web\\\/casa-o-fieiro-una-casa-a-traccion-dentro-de-otra-a-compresion-arturo-franco\\\/\"]}]},{\"@type\":\"ImageObject\",\"inLanguage\":\"es\",\"@id\":\"https:\\\/\\\/www.arquimaster.com.ar\\\/web\\\/casa-o-fieiro-una-casa-a-traccion-dentro-de-otra-a-compresion-arturo-franco\\\/#primaryimage\",\"url\":\"https:\\\/\\\/www.arquimaster.com.ar\\\/web\\\/wp-content\\\/uploads\\\/2020\\\/11\\\/casa_o_fieiro_slide.jpg\",\"contentUrl\":\"https:\\\/\\\/www.arquimaster.com.ar\\\/web\\\/wp-content\\\/uploads\\\/2020\\\/11\\\/casa_o_fieiro_slide.jpg\",\"width\":698,\"height\":364,\"caption\":\"Casa O Fieiro. Una casa a tracci\u00f3n dentro de otra a compresi\u00f3n \\\/ Arturo Franco\"},{\"@type\":\"BreadcrumbList\",\"@id\":\"https:\\\/\\\/www.arquimaster.com.ar\\\/web\\\/casa-o-fieiro-una-casa-a-traccion-dentro-de-otra-a-compresion-arturo-franco\\\/#breadcrumb\",\"itemListElement\":[{\"@type\":\"ListItem\",\"position\":1,\"name\":\"Portada\",\"item\":\"https:\\\/\\\/www.arquimaster.com.ar\\\/web\\\/\"},{\"@type\":\"ListItem\",\"position\":2,\"name\":\"Casa O Fieiro. Una casa a tracci\u00f3n dentro de otra a compresi\u00f3n \\\/ Arturo Franco\"}]},{\"@type\":\"WebSite\",\"@id\":\"https:\\\/\\\/www.arquimaster.com.ar\\\/web\\\/#website\",\"url\":\"https:\\\/\\\/www.arquimaster.com.ar\\\/web\\\/\",\"name\":\"Arquimaster\",\"description\":\"Web de arquitectura, dise\u00f1o y construccion\",\"publisher\":{\"@id\":\"https:\\\/\\\/www.arquimaster.com.ar\\\/web\\\/#organization\"},\"potentialAction\":[{\"@type\":\"SearchAction\",\"target\":{\"@type\":\"EntryPoint\",\"urlTemplate\":\"https:\\\/\\\/www.arquimaster.com.ar\\\/web\\\/?s={search_term_string}\"},\"query-input\":{\"@type\":\"PropertyValueSpecification\",\"valueRequired\":true,\"valueName\":\"search_term_string\"}}],\"inLanguage\":\"es\"},{\"@type\":\"Organization\",\"@id\":\"https:\\\/\\\/www.arquimaster.com.ar\\\/web\\\/#organization\",\"name\":\"Arquimaster\",\"url\":\"https:\\\/\\\/www.arquimaster.com.ar\\\/web\\\/\",\"logo\":{\"@type\":\"ImageObject\",\"inLanguage\":\"es\",\"@id\":\"https:\\\/\\\/www.arquimaster.com.ar\\\/web\\\/#\\\/schema\\\/logo\\\/image\\\/\",\"url\":\"https:\\\/\\\/www.arquimaster.com.ar\\\/web\\\/wp-content\\\/uploads\\\/2022\\\/06\\\/arquimaster.png\",\"contentUrl\":\"https:\\\/\\\/www.arquimaster.com.ar\\\/web\\\/wp-content\\\/uploads\\\/2022\\\/06\\\/arquimaster.png\",\"width\":594,\"height\":78,\"caption\":\"Arquimaster\"},\"image\":{\"@id\":\"https:\\\/\\\/www.arquimaster.com.ar\\\/web\\\/#\\\/schema\\\/logo\\\/image\\\/\"},\"sameAs\":[\"http:\\\/\\\/www.facebook.com\\\/ARQUIMASTER.com.ar\",\"https:\\\/\\\/x.com\\\/arquimaster\",\"https:\\\/\\\/www.instagram.com\\\/arquimasterblog\\\/\",\"https:\\\/\\\/www.linkedin.com\\\/company\\\/arquimaster\",\"https:\\\/\\\/www.pinterest.com\\\/arquimaster\",\"https:\\\/\\\/t.me\\\/arquimaster\"]},{\"@type\":\"Person\",\"@id\":\"https:\\\/\\\/www.arquimaster.com.ar\\\/web\\\/#\\\/schema\\\/person\\\/359e9f7c00193fcde068e0dd2ceb0028\",\"name\":\"Arquimaster\"}]}<\/script>\n<!-- \/ Yoast SEO plugin. -->","yoast_head_json":{"title":"Casa O Fieiro. Una casa a tracci\u00f3n dentro de otra a compresi\u00f3n \/ Arturo Franco - Arquimaster","description":"El sistema constructivo y estructural se resuelve con tres materiales, madera, acero y cinchas de cami\u00f3n, en colaboraci\u00f3n con la piedra original.","robots":{"index":"index","follow":"follow","max-snippet":"max-snippet:-1","max-image-preview":"max-image-preview:large","max-video-preview":"max-video-preview:-1"},"canonical":"https:\/\/www.arquimaster.com.ar\/web\/casa-o-fieiro-una-casa-a-traccion-dentro-de-otra-a-compresion-arturo-franco\/","og_locale":"es_ES","og_type":"article","og_title":"Casa O Fieiro. Una casa a tracci\u00f3n dentro de otra a compresi\u00f3n \/ Arturo Franco","og_description":"El sistema constructivo y estructural se resuelve con tres materiales, madera, acero y cinchas de cami\u00f3n, en colaboraci\u00f3n con la piedra original.","og_url":"https:\/\/www.arquimaster.com.ar\/web\/casa-o-fieiro-una-casa-a-traccion-dentro-de-otra-a-compresion-arturo-franco\/","og_site_name":"Arquimaster","article_publisher":"http:\/\/www.facebook.com\/ARQUIMASTER.com.ar","article_published_time":"2020-11-05T20:37:57+00:00","article_modified_time":"2020-12-01T19:10:11+00:00","og_image":[{"width":698,"height":364,"url":"https:\/\/www.arquimaster.com.ar\/web\/wp-content\/uploads\/2020\/11\/casa_o_fieiro_slide.jpg","type":"image\/jpeg"}],"author":"Arquimaster","twitter_card":"summary_large_image","twitter_title":"Casa O Fieiro. Una casa a tracci\u00f3n dentro de otra a compresi\u00f3n \/ Arturo Franco","twitter_description":"El sistema constructivo y estructural se resuelve con tres materiales, madera, acero y cinchas de cami\u00f3n, en colaboraci\u00f3n con la piedra original.","twitter_image":"https:\/\/www.arquimaster.com.ar\/web\/wp-content\/uploads\/2020\/11\/casa_o_fieiro_slide.jpg","twitter_creator":"@arquimaster","twitter_site":"@arquimaster","twitter_misc":{"Escrito por":"Arquimaster","Tiempo de lectura":"6 minutos"},"schema":{"@context":"https:\/\/schema.org","@graph":[{"@type":"Article","@id":"https:\/\/www.arquimaster.com.ar\/web\/casa-o-fieiro-una-casa-a-traccion-dentro-de-otra-a-compresion-arturo-franco\/#article","isPartOf":{"@id":"https:\/\/www.arquimaster.com.ar\/web\/casa-o-fieiro-una-casa-a-traccion-dentro-de-otra-a-compresion-arturo-franco\/"},"author":{"name":"Arquimaster","@id":"https:\/\/www.arquimaster.com.ar\/web\/#\/schema\/person\/359e9f7c00193fcde068e0dd2ceb0028"},"headline":"Casa O Fieiro. Una casa a tracci\u00f3n dentro de otra a compresi\u00f3n \/ Arturo Franco","datePublished":"2020-11-05T20:37:57+00:00","dateModified":"2020-12-01T19:10:11+00:00","mainEntityOfPage":{"@id":"https:\/\/www.arquimaster.com.ar\/web\/casa-o-fieiro-una-casa-a-traccion-dentro-de-otra-a-compresion-arturo-franco\/"},"wordCount":1308,"publisher":{"@id":"https:\/\/www.arquimaster.com.ar\/web\/#organization"},"image":{"@id":"https:\/\/www.arquimaster.com.ar\/web\/casa-o-fieiro-una-casa-a-traccion-dentro-de-otra-a-compresion-arturo-franco\/#primaryimage"},"thumbnailUrl":"https:\/\/www.arquimaster.com.ar\/web\/wp-content\/uploads\/2020\/11\/casa_o_fieiro_slide.jpg","keywords":["A Coru\u00f1a","acero","Arturo Franco","Espa\u00f1a","La Coru\u00f1a","madera","O Fieiro","piedra","refacci\u00f3n","rehabilitaci\u00f3n","vivienda unifamiliar"],"articleSection":["Proyecto","Vivienda unifamiliar y PH"],"inLanguage":"es"},{"@type":"WebPage","@id":"https:\/\/www.arquimaster.com.ar\/web\/casa-o-fieiro-una-casa-a-traccion-dentro-de-otra-a-compresion-arturo-franco\/","url":"https:\/\/www.arquimaster.com.ar\/web\/casa-o-fieiro-una-casa-a-traccion-dentro-de-otra-a-compresion-arturo-franco\/","name":"Casa O Fieiro. Una casa a tracci\u00f3n dentro de otra a compresi\u00f3n \/ Arturo Franco - Arquimaster","isPartOf":{"@id":"https:\/\/www.arquimaster.com.ar\/web\/#website"},"primaryImageOfPage":{"@id":"https:\/\/www.arquimaster.com.ar\/web\/casa-o-fieiro-una-casa-a-traccion-dentro-de-otra-a-compresion-arturo-franco\/#primaryimage"},"image":{"@id":"https:\/\/www.arquimaster.com.ar\/web\/casa-o-fieiro-una-casa-a-traccion-dentro-de-otra-a-compresion-arturo-franco\/#primaryimage"},"thumbnailUrl":"https:\/\/www.arquimaster.com.ar\/web\/wp-content\/uploads\/2020\/11\/casa_o_fieiro_slide.jpg","datePublished":"2020-11-05T20:37:57+00:00","dateModified":"2020-12-01T19:10:11+00:00","description":"El sistema constructivo y estructural se resuelve con tres materiales, madera, acero y cinchas de cami\u00f3n, en colaboraci\u00f3n con la piedra original.","breadcrumb":{"@id":"https:\/\/www.arquimaster.com.ar\/web\/casa-o-fieiro-una-casa-a-traccion-dentro-de-otra-a-compresion-arturo-franco\/#breadcrumb"},"inLanguage":"es","potentialAction":[{"@type":"ReadAction","target":["https:\/\/www.arquimaster.com.ar\/web\/casa-o-fieiro-una-casa-a-traccion-dentro-de-otra-a-compresion-arturo-franco\/"]}]},{"@type":"ImageObject","inLanguage":"es","@id":"https:\/\/www.arquimaster.com.ar\/web\/casa-o-fieiro-una-casa-a-traccion-dentro-de-otra-a-compresion-arturo-franco\/#primaryimage","url":"https:\/\/www.arquimaster.com.ar\/web\/wp-content\/uploads\/2020\/11\/casa_o_fieiro_slide.jpg","contentUrl":"https:\/\/www.arquimaster.com.ar\/web\/wp-content\/uploads\/2020\/11\/casa_o_fieiro_slide.jpg","width":698,"height":364,"caption":"Casa O Fieiro. Una casa a tracci\u00f3n dentro de otra a compresi\u00f3n \/ Arturo Franco"},{"@type":"BreadcrumbList","@id":"https:\/\/www.arquimaster.com.ar\/web\/casa-o-fieiro-una-casa-a-traccion-dentro-de-otra-a-compresion-arturo-franco\/#breadcrumb","itemListElement":[{"@type":"ListItem","position":1,"name":"Portada","item":"https:\/\/www.arquimaster.com.ar\/web\/"},{"@type":"ListItem","position":2,"name":"Casa O Fieiro. Una casa a tracci\u00f3n dentro de otra a compresi\u00f3n \/ Arturo Franco"}]},{"@type":"WebSite","@id":"https:\/\/www.arquimaster.com.ar\/web\/#website","url":"https:\/\/www.arquimaster.com.ar\/web\/","name":"Arquimaster","description":"Web de arquitectura, dise\u00f1o y construccion","publisher":{"@id":"https:\/\/www.arquimaster.com.ar\/web\/#organization"},"potentialAction":[{"@type":"SearchAction","target":{"@type":"EntryPoint","urlTemplate":"https:\/\/www.arquimaster.com.ar\/web\/?s={search_term_string}"},"query-input":{"@type":"PropertyValueSpecification","valueRequired":true,"valueName":"search_term_string"}}],"inLanguage":"es"},{"@type":"Organization","@id":"https:\/\/www.arquimaster.com.ar\/web\/#organization","name":"Arquimaster","url":"https:\/\/www.arquimaster.com.ar\/web\/","logo":{"@type":"ImageObject","inLanguage":"es","@id":"https:\/\/www.arquimaster.com.ar\/web\/#\/schema\/logo\/image\/","url":"https:\/\/www.arquimaster.com.ar\/web\/wp-content\/uploads\/2022\/06\/arquimaster.png","contentUrl":"https:\/\/www.arquimaster.com.ar\/web\/wp-content\/uploads\/2022\/06\/arquimaster.png","width":594,"height":78,"caption":"Arquimaster"},"image":{"@id":"https:\/\/www.arquimaster.com.ar\/web\/#\/schema\/logo\/image\/"},"sameAs":["http:\/\/www.facebook.com\/ARQUIMASTER.com.ar","https:\/\/x.com\/arquimaster","https:\/\/www.instagram.com\/arquimasterblog\/","https:\/\/www.linkedin.com\/company\/arquimaster","https:\/\/www.pinterest.com\/arquimaster","https:\/\/t.me\/arquimaster"]},{"@type":"Person","@id":"https:\/\/www.arquimaster.com.ar\/web\/#\/schema\/person\/359e9f7c00193fcde068e0dd2ceb0028","name":"Arquimaster"}]}},"uagb_featured_image_src":{"full":["https:\/\/www.arquimaster.com.ar\/web\/wp-content\/uploads\/2020\/11\/casa_o_fieiro_slide.jpg",698,364,false],"thumbnail":["https:\/\/www.arquimaster.com.ar\/web\/wp-content\/uploads\/2020\/11\/casa_o_fieiro_slide-150x150.jpg",150,150,true],"medium":["https:\/\/www.arquimaster.com.ar\/web\/wp-content\/uploads\/2020\/11\/casa_o_fieiro_slide.jpg",698,364,false],"medium_large":["https:\/\/www.arquimaster.com.ar\/web\/wp-content\/uploads\/2020\/11\/casa_o_fieiro_slide.jpg",698,364,false],"large":["https:\/\/www.arquimaster.com.ar\/web\/wp-content\/uploads\/2020\/11\/casa_o_fieiro_slide.jpg",698,364,false],"1536x1536":["https:\/\/www.arquimaster.com.ar\/web\/wp-content\/uploads\/2020\/11\/casa_o_fieiro_slide.jpg",698,364,false],"2048x2048":["https:\/\/www.arquimaster.com.ar\/web\/wp-content\/uploads\/2020\/11\/casa_o_fieiro_slide.jpg",698,364,false]},"uagb_author_info":{"display_name":"Arquimaster","author_link":"https:\/\/www.arquimaster.com.ar\/web\/author\/arquimaster\/"},"uagb_comment_info":0,"uagb_excerpt":"La rehabilitaci\u00f3n se resuelve con madera, acero, cinchas de cami\u00f3n y piedra...","_links":{"self":[{"href":"https:\/\/www.arquimaster.com.ar\/web\/wp-json\/wp\/v2\/posts\/60569","targetHints":{"allow":["GET"]}}],"collection":[{"href":"https:\/\/www.arquimaster.com.ar\/web\/wp-json\/wp\/v2\/posts"}],"about":[{"href":"https:\/\/www.arquimaster.com.ar\/web\/wp-json\/wp\/v2\/types\/post"}],"author":[{"embeddable":true,"href":"https:\/\/www.arquimaster.com.ar\/web\/wp-json\/wp\/v2\/users\/1"}],"replies":[{"embeddable":true,"href":"https:\/\/www.arquimaster.com.ar\/web\/wp-json\/wp\/v2\/comments?post=60569"}],"version-history":[{"count":3,"href":"https:\/\/www.arquimaster.com.ar\/web\/wp-json\/wp\/v2\/posts\/60569\/revisions"}],"predecessor-version":[{"id":60625,"href":"https:\/\/www.arquimaster.com.ar\/web\/wp-json\/wp\/v2\/posts\/60569\/revisions\/60625"}],"wp:featuredmedia":[{"embeddable":true,"href":"https:\/\/www.arquimaster.com.ar\/web\/wp-json\/wp\/v2\/media\/60570"}],"wp:attachment":[{"href":"https:\/\/www.arquimaster.com.ar\/web\/wp-json\/wp\/v2\/media?parent=60569"}],"wp:term":[{"taxonomy":"category","embeddable":true,"href":"https:\/\/www.arquimaster.com.ar\/web\/wp-json\/wp\/v2\/categories?post=60569"},{"taxonomy":"post_tag","embeddable":true,"href":"https:\/\/www.arquimaster.com.ar\/web\/wp-json\/wp\/v2\/tags?post=60569"}],"curies":[{"name":"wp","href":"https:\/\/api.w.org\/{rel}","templated":true}]}}