{"id":60795,"date":"2020-11-12T19:03:32","date_gmt":"2020-11-12T22:03:32","guid":{"rendered":"https:\/\/www.arquimaster.com.ar\/web\/?p=60795"},"modified":"2020-12-06T14:09:56","modified_gmt":"2020-12-06T17:09:56","slug":"vivienda-social-en-pinotepa-nacional-hda-hector-delmar-arquitectura-mn-diseno","status":"publish","type":"post","link":"https:\/\/www.arquimaster.com.ar\/web\/vivienda-social-en-pinotepa-nacional-hda-hector-delmar-arquitectura-mn-diseno\/","title":{"rendered":"Vivienda Social en Pinotepa Nacional \/ HDA:\u00a0Hector Delmar Arquitectura, M+N Dise\u00f1o"},"content":{"rendered":"<div style=\"margin-top: 0px; margin-bottom: 0px;\" class=\"sharethis-inline-share-buttons\" ><\/div><div class=\"b812932af2e751442846f039925109de\" data-index=\"1\" style=\"float: none; margin:25px 0 25px 0; text-align:center;\">\n<script async src=\"https:\/\/pagead2.googlesyndication.com\/pagead\/js\/adsbygoogle.js\"><\/script>\r\n<!-- Arquimaster (superior) -->\r\n<ins class=\"adsbygoogle\"\r\n     style=\"display:block\"\r\n     data-ad-client=\"ca-pub-6351072698456832\"\r\n     data-ad-slot=\"6455489680\"\r\n     data-ad-format=\"auto\"\r\n     data-full-width-responsive=\"true\"><\/ins>\r\n<script>\r\n     (adsbygoogle = window.adsbygoogle || []).push({});\r\n<\/script>\n<\/div>\n<p><strong>Vivienda Social en Pinotepa Nacional<\/strong> (Oaxaca, M\u00e9xico) por <strong>HDA:&nbsp;Hector Delmar Arquitectura, M+N Dise\u00f1o<\/strong>. Ubicada a 5 kil\u00f3metros de la localidad de Pinotepa Nacional, en Oaxaca, esta propuesta surge a partir de la colaboraci\u00f3n entre arquitectos, desarrolladores y principalmente los habitantes de la zona, como respuesta a la demanda de espacios habitables en su comunidad, que se integraran a su estilo de vida y actividades.<\/p>\n<div id='gallery-1' class='gallery galleryid-60795 gallery-columns-3 gallery-size-thumbnail'><figure class='gallery-item'>\n\t\t\t<div class='gallery-icon landscape'>\n\t\t\t\t<a href='https:\/\/www.arquimaster.com.ar\/web\/wp-content\/uploads\/2020\/11\/vivienda_social_pinotepa1.jpg' title=\"Vivienda Social en Pinotepa Nacional \/ HDA:\u00a0Hector Delmar Arquitectura, M+N Dise\u00f1o (\u00a9 Jaime Navarro Soto)\" data-rl_title=\"Vivienda Social en Pinotepa Nacional \/ HDA:\u00a0Hector Delmar Arquitectura, M+N Dise\u00f1o (\u00a9 Jaime Navarro Soto)\" class=\"rl-gallery-link\" data-rl_caption=\"Vivienda Social en Pinotepa Nacional \/ HDA:\u00a0Hector Delmar Arquitectura, M+N Dise\u00f1o (\u00a9 Jaime Navarro Soto)\" data-rel=\"lightbox-gallery-1\"><img loading=\"lazy\" decoding=\"async\" width=\"150\" height=\"150\" src=\"https:\/\/www.arquimaster.com.ar\/web\/wp-content\/uploads\/2020\/11\/vivienda_social_pinotepa1-150x150.jpg\" class=\"attachment-thumbnail size-thumbnail\" alt=\"Vivienda Social en Pinotepa Nacional \/ HDA:\u00a0Hector Delmar Arquitectura, M+N Dise\u00f1o\" aria-describedby=\"gallery-1-60797\" \/><\/a>\n\t\t\t<\/div>\n\t\t\t\t<figcaption class='wp-caption-text gallery-caption' id='gallery-1-60797'>\n\t\t\t\tVivienda Social en Pinotepa Nacional \/ HDA:\u00a0Hector Delmar Arquitectura, M+N Dise\u00f1o (\u00a9 Jaime Navarro Soto)\n\t\t\t\t<\/figcaption><\/figure><figure class='gallery-item'>\n\t\t\t<div class='gallery-icon landscape'>\n\t\t\t\t<a href='https:\/\/www.arquimaster.com.ar\/web\/wp-content\/uploads\/2020\/11\/vivienda_social_pinotepa2.jpg' title=\"Vivienda Social en Pinotepa Nacional \/ HDA:\u00a0Hector Delmar Arquitectura, M+N Dise\u00f1o (\u00a9 Jaime Navarro Soto)\" data-rl_title=\"Vivienda Social en Pinotepa Nacional \/ HDA:\u00a0Hector Delmar Arquitectura, M+N Dise\u00f1o (\u00a9 Jaime Navarro Soto)\" class=\"rl-gallery-link\" data-rl_caption=\"Vivienda Social en Pinotepa Nacional \/ HDA:\u00a0Hector Delmar Arquitectura, M+N Dise\u00f1o (\u00a9 Jaime Navarro Soto)\" data-rel=\"lightbox-gallery-1\"><img loading=\"lazy\" decoding=\"async\" width=\"150\" height=\"150\" src=\"https:\/\/www.arquimaster.com.ar\/web\/wp-content\/uploads\/2020\/11\/vivienda_social_pinotepa2-150x150.jpg\" class=\"attachment-thumbnail size-thumbnail\" alt=\"Vivienda Social en Pinotepa Nacional \/ HDA:\u00a0Hector Delmar Arquitectura, M+N Dise\u00f1o\" aria-describedby=\"gallery-1-60798\" \/><\/a>\n\t\t\t<\/div>\n\t\t\t\t<figcaption class='wp-caption-text gallery-caption' id='gallery-1-60798'>\n\t\t\t\tVivienda Social en Pinotepa Nacional \/ HDA:\u00a0Hector Delmar Arquitectura, M+N Dise\u00f1o (\u00a9 Jaime Navarro Soto)\n\t\t\t\t<\/figcaption><\/figure><figure class='gallery-item'>\n\t\t\t<div class='gallery-icon landscape'>\n\t\t\t\t<a href='https:\/\/www.arquimaster.com.ar\/web\/wp-content\/uploads\/2020\/11\/vivienda_social_pinotepa3.jpg' title=\"Vivienda Social en Pinotepa Nacional \/ HDA:\u00a0Hector Delmar Arquitectura, M+N Dise\u00f1o (\u00a9 Jaime Navarro Soto)\" data-rl_title=\"Vivienda Social en Pinotepa Nacional \/ HDA:\u00a0Hector Delmar Arquitectura, M+N Dise\u00f1o (\u00a9 Jaime Navarro Soto)\" class=\"rl-gallery-link\" data-rl_caption=\"Vivienda Social en Pinotepa Nacional \/ HDA:\u00a0Hector Delmar Arquitectura, M+N Dise\u00f1o (\u00a9 Jaime Navarro Soto)\" data-rel=\"lightbox-gallery-1\"><img loading=\"lazy\" decoding=\"async\" width=\"150\" height=\"150\" src=\"https:\/\/www.arquimaster.com.ar\/web\/wp-content\/uploads\/2020\/11\/vivienda_social_pinotepa3-150x150.jpg\" class=\"attachment-thumbnail size-thumbnail\" alt=\"Vivienda Social en Pinotepa Nacional \/ HDA:\u00a0Hector Delmar Arquitectura, M+N Dise\u00f1o\" aria-describedby=\"gallery-1-60799\" \/><\/a>\n\t\t\t<\/div>\n\t\t\t\t<figcaption class='wp-caption-text gallery-caption' id='gallery-1-60799'>\n\t\t\t\tVivienda Social en Pinotepa Nacional \/ HDA:\u00a0Hector Delmar Arquitectura, M+N Dise\u00f1o (\u00a9 Jaime Navarro Soto)\n\t\t\t\t<\/figcaption><\/figure><figure class='gallery-item'>\n\t\t\t<div class='gallery-icon landscape'>\n\t\t\t\t<a href='https:\/\/www.arquimaster.com.ar\/web\/wp-content\/uploads\/2020\/11\/vivienda_social_pinotepa4.jpg' title=\"Vivienda Social en Pinotepa Nacional \/ HDA:\u00a0Hector Delmar Arquitectura, M+N Dise\u00f1o (\u00a9 Jaime Navarro Soto)\" data-rl_title=\"Vivienda Social en Pinotepa Nacional \/ HDA:\u00a0Hector Delmar Arquitectura, M+N Dise\u00f1o (\u00a9 Jaime Navarro Soto)\" class=\"rl-gallery-link\" data-rl_caption=\"Vivienda Social en Pinotepa Nacional \/ HDA:\u00a0Hector Delmar Arquitectura, M+N Dise\u00f1o (\u00a9 Jaime Navarro Soto)\" data-rel=\"lightbox-gallery-1\"><img loading=\"lazy\" decoding=\"async\" width=\"150\" height=\"150\" src=\"https:\/\/www.arquimaster.com.ar\/web\/wp-content\/uploads\/2020\/11\/vivienda_social_pinotepa4-150x150.jpg\" class=\"attachment-thumbnail size-thumbnail\" alt=\"Vivienda Social en Pinotepa Nacional \/ HDA:\u00a0Hector Delmar Arquitectura, M+N Dise\u00f1o\" aria-describedby=\"gallery-1-60800\" \/><\/a>\n\t\t\t<\/div>\n\t\t\t\t<figcaption class='wp-caption-text gallery-caption' id='gallery-1-60800'>\n\t\t\t\tVivienda Social en Pinotepa Nacional \/ HDA:\u00a0Hector Delmar Arquitectura, M+N Dise\u00f1o (\u00a9 Jaime Navarro Soto)\n\t\t\t\t<\/figcaption><\/figure><figure class='gallery-item'>\n\t\t\t<div class='gallery-icon landscape'>\n\t\t\t\t<a href='https:\/\/www.arquimaster.com.ar\/web\/wp-content\/uploads\/2020\/11\/vivienda_social_pinotepa5.jpg' title=\"Vivienda Social en Pinotepa Nacional \/ HDA:\u00a0Hector Delmar Arquitectura, M+N Dise\u00f1o (\u00a9 Jaime Navarro Soto)\" data-rl_title=\"Vivienda Social en Pinotepa Nacional \/ HDA:\u00a0Hector Delmar Arquitectura, M+N Dise\u00f1o (\u00a9 Jaime Navarro Soto)\" class=\"rl-gallery-link\" data-rl_caption=\"Vivienda Social en Pinotepa Nacional \/ HDA:\u00a0Hector Delmar Arquitectura, M+N Dise\u00f1o (\u00a9 Jaime Navarro Soto)\" data-rel=\"lightbox-gallery-1\"><img loading=\"lazy\" decoding=\"async\" width=\"150\" height=\"150\" src=\"https:\/\/www.arquimaster.com.ar\/web\/wp-content\/uploads\/2020\/11\/vivienda_social_pinotepa5-150x150.jpg\" class=\"attachment-thumbnail size-thumbnail\" alt=\"Vivienda Social en Pinotepa Nacional \/ HDA:\u00a0Hector Delmar Arquitectura, M+N Dise\u00f1o\" aria-describedby=\"gallery-1-60801\" \/><\/a>\n\t\t\t<\/div>\n\t\t\t\t<figcaption class='wp-caption-text gallery-caption' id='gallery-1-60801'>\n\t\t\t\tVivienda Social en Pinotepa Nacional \/ HDA:\u00a0Hector Delmar Arquitectura, M+N Dise\u00f1o (\u00a9 Jaime Navarro Soto)\n\t\t\t\t<\/figcaption><\/figure><figure class='gallery-item'>\n\t\t\t<div class='gallery-icon portrait'>\n\t\t\t\t<a href='https:\/\/www.arquimaster.com.ar\/web\/wp-content\/uploads\/2020\/11\/vivienda_social_pinotepa6.jpg' title=\"Vivienda Social en Pinotepa Nacional \/ HDA:\u00a0Hector Delmar Arquitectura, M+N Dise\u00f1o (\u00a9 Jaime Navarro Soto)\" data-rl_title=\"Vivienda Social en Pinotepa Nacional \/ HDA:\u00a0Hector Delmar Arquitectura, M+N Dise\u00f1o (\u00a9 Jaime Navarro Soto)\" class=\"rl-gallery-link\" data-rl_caption=\"Vivienda Social en Pinotepa Nacional \/ HDA:\u00a0Hector Delmar Arquitectura, M+N Dise\u00f1o (\u00a9 Jaime Navarro Soto)\" data-rel=\"lightbox-gallery-1\"><img loading=\"lazy\" decoding=\"async\" width=\"150\" height=\"150\" src=\"https:\/\/www.arquimaster.com.ar\/web\/wp-content\/uploads\/2020\/11\/vivienda_social_pinotepa6-150x150.jpg\" class=\"attachment-thumbnail size-thumbnail\" alt=\"Vivienda Social en Pinotepa Nacional \/ HDA:\u00a0Hector Delmar Arquitectura, M+N Dise\u00f1o\" aria-describedby=\"gallery-1-60802\" \/><\/a>\n\t\t\t<\/div>\n\t\t\t\t<figcaption class='wp-caption-text gallery-caption' id='gallery-1-60802'>\n\t\t\t\tVivienda Social en Pinotepa Nacional \/ HDA:\u00a0Hector Delmar Arquitectura, M+N Dise\u00f1o (\u00a9 Jaime Navarro Soto)\n\t\t\t\t<\/figcaption><\/figure><figure class='gallery-item'>\n\t\t\t<div class='gallery-icon portrait'>\n\t\t\t\t<a href='https:\/\/www.arquimaster.com.ar\/web\/wp-content\/uploads\/2020\/11\/vivienda_social_pinotepa7.jpg' title=\"Vivienda Social en Pinotepa Nacional \/ HDA:\u00a0Hector Delmar Arquitectura, M+N Dise\u00f1o (\u00a9 Jaime Navarro Soto)\" data-rl_title=\"Vivienda Social en Pinotepa Nacional \/ HDA:\u00a0Hector Delmar Arquitectura, M+N Dise\u00f1o (\u00a9 Jaime Navarro Soto)\" class=\"rl-gallery-link\" data-rl_caption=\"Vivienda Social en Pinotepa Nacional \/ HDA:\u00a0Hector Delmar Arquitectura, M+N Dise\u00f1o (\u00a9 Jaime Navarro Soto)\" data-rel=\"lightbox-gallery-1\"><img loading=\"lazy\" decoding=\"async\" width=\"150\" height=\"150\" src=\"https:\/\/www.arquimaster.com.ar\/web\/wp-content\/uploads\/2020\/11\/vivienda_social_pinotepa7-150x150.jpg\" class=\"attachment-thumbnail size-thumbnail\" alt=\"Vivienda Social en Pinotepa Nacional \/ HDA:\u00a0Hector Delmar Arquitectura, M+N Dise\u00f1o\" aria-describedby=\"gallery-1-60803\" \/><\/a>\n\t\t\t<\/div>\n\t\t\t\t<figcaption class='wp-caption-text gallery-caption' id='gallery-1-60803'>\n\t\t\t\tVivienda Social en Pinotepa Nacional \/ HDA:\u00a0Hector Delmar Arquitectura, M+N Dise\u00f1o (\u00a9 Jaime Navarro Soto)\n\t\t\t\t<\/figcaption><\/figure><figure class='gallery-item'>\n\t\t\t<div class='gallery-icon portrait'>\n\t\t\t\t<a href='https:\/\/www.arquimaster.com.ar\/web\/wp-content\/uploads\/2020\/11\/vivienda_social_pinotepa8.jpg' title=\"Vivienda Social en Pinotepa Nacional \/ HDA:\u00a0Hector Delmar Arquitectura, M+N Dise\u00f1o (\u00a9 Jaime Navarro Soto)\" data-rl_title=\"Vivienda Social en Pinotepa Nacional \/ HDA:\u00a0Hector Delmar Arquitectura, M+N Dise\u00f1o (\u00a9 Jaime Navarro Soto)\" class=\"rl-gallery-link\" data-rl_caption=\"Vivienda Social en Pinotepa Nacional \/ HDA:\u00a0Hector Delmar Arquitectura, M+N Dise\u00f1o (\u00a9 Jaime Navarro Soto)\" data-rel=\"lightbox-gallery-1\"><img loading=\"lazy\" decoding=\"async\" width=\"150\" height=\"150\" src=\"https:\/\/www.arquimaster.com.ar\/web\/wp-content\/uploads\/2020\/11\/vivienda_social_pinotepa8-150x150.jpg\" class=\"attachment-thumbnail size-thumbnail\" alt=\"Vivienda Social en Pinotepa Nacional \/ HDA:\u00a0Hector Delmar Arquitectura, M+N Dise\u00f1o\" aria-describedby=\"gallery-1-60804\" \/><\/a>\n\t\t\t<\/div>\n\t\t\t\t<figcaption class='wp-caption-text gallery-caption' id='gallery-1-60804'>\n\t\t\t\tVivienda Social en Pinotepa Nacional \/ HDA:\u00a0Hector Delmar Arquitectura, M+N Dise\u00f1o (\u00a9 Jaime Navarro Soto)\n\t\t\t\t<\/figcaption><\/figure><figure class='gallery-item'>\n\t\t\t<div class='gallery-icon portrait'>\n\t\t\t\t<a href='https:\/\/www.arquimaster.com.ar\/web\/wp-content\/uploads\/2020\/11\/vivienda_social_pinotepa9.jpg' title=\"Vivienda Social en Pinotepa Nacional \/ HDA:\u00a0Hector Delmar Arquitectura, M+N Dise\u00f1o (\u00a9 Jaime Navarro Soto)\" data-rl_title=\"Vivienda Social en Pinotepa Nacional \/ HDA:\u00a0Hector Delmar Arquitectura, M+N Dise\u00f1o (\u00a9 Jaime Navarro Soto)\" class=\"rl-gallery-link\" data-rl_caption=\"Vivienda Social en Pinotepa Nacional \/ HDA:\u00a0Hector Delmar Arquitectura, M+N Dise\u00f1o (\u00a9 Jaime Navarro Soto)\" data-rel=\"lightbox-gallery-1\"><img loading=\"lazy\" decoding=\"async\" width=\"150\" height=\"150\" src=\"https:\/\/www.arquimaster.com.ar\/web\/wp-content\/uploads\/2020\/11\/vivienda_social_pinotepa9-150x150.jpg\" class=\"attachment-thumbnail size-thumbnail\" alt=\"Vivienda Social en Pinotepa Nacional \/ HDA:\u00a0Hector Delmar Arquitectura, M+N Dise\u00f1o\" aria-describedby=\"gallery-1-60805\" \/><\/a>\n\t\t\t<\/div>\n\t\t\t\t<figcaption class='wp-caption-text gallery-caption' id='gallery-1-60805'>\n\t\t\t\tVivienda Social en Pinotepa Nacional \/ HDA:\u00a0Hector Delmar Arquitectura, M+N Dise\u00f1o (\u00a9 Jaime Navarro Soto)\n\t\t\t\t<\/figcaption><\/figure><figure class='gallery-item'>\n\t\t\t<div class='gallery-icon portrait'>\n\t\t\t\t<a href='https:\/\/www.arquimaster.com.ar\/web\/wp-content\/uploads\/2020\/11\/vivienda_social_pinotepa10.jpg' title=\"Vivienda Social en Pinotepa Nacional \/ HDA:\u00a0Hector Delmar Arquitectura, M+N Dise\u00f1o (\u00a9 Jaime Navarro Soto)\" data-rl_title=\"Vivienda Social en Pinotepa Nacional \/ HDA:\u00a0Hector Delmar Arquitectura, M+N Dise\u00f1o (\u00a9 Jaime Navarro Soto)\" class=\"rl-gallery-link\" data-rl_caption=\"Vivienda Social en Pinotepa Nacional \/ HDA:\u00a0Hector Delmar Arquitectura, M+N Dise\u00f1o (\u00a9 Jaime Navarro Soto)\" data-rel=\"lightbox-gallery-1\"><img loading=\"lazy\" decoding=\"async\" width=\"150\" height=\"150\" src=\"https:\/\/www.arquimaster.com.ar\/web\/wp-content\/uploads\/2020\/11\/vivienda_social_pinotepa10-150x150.jpg\" class=\"attachment-thumbnail size-thumbnail\" alt=\"Vivienda Social en Pinotepa Nacional \/ HDA:\u00a0Hector Delmar Arquitectura, M+N Dise\u00f1o\" aria-describedby=\"gallery-1-60806\" \/><\/a>\n\t\t\t<\/div>\n\t\t\t\t<figcaption class='wp-caption-text gallery-caption' id='gallery-1-60806'>\n\t\t\t\tVivienda Social en Pinotepa Nacional \/ HDA:\u00a0Hector Delmar Arquitectura, M+N Dise\u00f1o (\u00a9 Jaime Navarro Soto)\n\t\t\t\t<\/figcaption><\/figure><figure class='gallery-item'>\n\t\t\t<div class='gallery-icon landscape'>\n\t\t\t\t<a href='https:\/\/www.arquimaster.com.ar\/web\/wp-content\/uploads\/2020\/11\/vivienda_social_pinotepa11.jpg' title=\"Vivienda Social en Pinotepa Nacional \/ HDA:\u00a0Hector Delmar Arquitectura, M+N Dise\u00f1o (\u00a9 Jaime Navarro Soto)\" data-rl_title=\"Vivienda Social en Pinotepa Nacional \/ HDA:\u00a0Hector Delmar Arquitectura, M+N Dise\u00f1o (\u00a9 Jaime Navarro Soto)\" class=\"rl-gallery-link\" data-rl_caption=\"Vivienda Social en Pinotepa Nacional \/ HDA:\u00a0Hector Delmar Arquitectura, M+N Dise\u00f1o (\u00a9 Jaime Navarro Soto)\" data-rel=\"lightbox-gallery-1\"><img loading=\"lazy\" decoding=\"async\" width=\"150\" height=\"150\" src=\"https:\/\/www.arquimaster.com.ar\/web\/wp-content\/uploads\/2020\/11\/vivienda_social_pinotepa11-150x150.jpg\" class=\"attachment-thumbnail size-thumbnail\" alt=\"Vivienda Social en Pinotepa Nacional \/ HDA:\u00a0Hector Delmar Arquitectura, M+N Dise\u00f1o\" aria-describedby=\"gallery-1-60807\" \/><\/a>\n\t\t\t<\/div>\n\t\t\t\t<figcaption class='wp-caption-text gallery-caption' id='gallery-1-60807'>\n\t\t\t\tVivienda Social en Pinotepa Nacional \/ HDA:\u00a0Hector Delmar Arquitectura, M+N Dise\u00f1o (\u00a9 Jaime Navarro Soto)\n\t\t\t\t<\/figcaption><\/figure><figure class='gallery-item'>\n\t\t\t<div class='gallery-icon landscape'>\n\t\t\t\t<a href='https:\/\/www.arquimaster.com.ar\/web\/wp-content\/uploads\/2020\/11\/vivienda_social_pinotepa12.jpg' title=\"Vivienda Social en Pinotepa Nacional \/ HDA:\u00a0Hector Delmar Arquitectura, M+N Dise\u00f1o (\u00a9 Jaime Navarro Soto)\" data-rl_title=\"Vivienda Social en Pinotepa Nacional \/ HDA:\u00a0Hector Delmar Arquitectura, M+N Dise\u00f1o (\u00a9 Jaime Navarro Soto)\" class=\"rl-gallery-link\" data-rl_caption=\"Vivienda Social en Pinotepa Nacional \/ HDA:\u00a0Hector Delmar Arquitectura, M+N Dise\u00f1o (\u00a9 Jaime Navarro Soto)\" data-rel=\"lightbox-gallery-1\"><img loading=\"lazy\" decoding=\"async\" width=\"150\" height=\"150\" src=\"https:\/\/www.arquimaster.com.ar\/web\/wp-content\/uploads\/2020\/11\/vivienda_social_pinotepa12-150x150.jpg\" class=\"attachment-thumbnail size-thumbnail\" alt=\"Vivienda Social en Pinotepa Nacional \/ HDA:\u00a0Hector Delmar Arquitectura, M+N Dise\u00f1o\" aria-describedby=\"gallery-1-60808\" \/><\/a>\n\t\t\t<\/div>\n\t\t\t\t<figcaption class='wp-caption-text gallery-caption' id='gallery-1-60808'>\n\t\t\t\tVivienda Social en Pinotepa Nacional \/ HDA:\u00a0Hector Delmar Arquitectura, M+N Dise\u00f1o (\u00a9 Jaime Navarro Soto)\n\t\t\t\t<\/figcaption><\/figure><figure class='gallery-item'>\n\t\t\t<div class='gallery-icon landscape'>\n\t\t\t\t<a href='https:\/\/www.arquimaster.com.ar\/web\/wp-content\/uploads\/2020\/11\/vivienda_social_pinotepa13.jpg' title=\"Vivienda Social en Pinotepa Nacional \/ HDA:\u00a0Hector Delmar Arquitectura, M+N Dise\u00f1o (\u00a9 Jaime Navarro Soto)\" data-rl_title=\"Vivienda Social en Pinotepa Nacional \/ HDA:\u00a0Hector Delmar Arquitectura, M+N Dise\u00f1o (\u00a9 Jaime Navarro Soto)\" class=\"rl-gallery-link\" data-rl_caption=\"Vivienda Social en Pinotepa Nacional \/ HDA:\u00a0Hector Delmar Arquitectura, M+N Dise\u00f1o (\u00a9 Jaime Navarro Soto)\" data-rel=\"lightbox-gallery-1\"><img loading=\"lazy\" decoding=\"async\" width=\"150\" height=\"150\" src=\"https:\/\/www.arquimaster.com.ar\/web\/wp-content\/uploads\/2020\/11\/vivienda_social_pinotepa13-150x150.jpg\" class=\"attachment-thumbnail size-thumbnail\" alt=\"Vivienda Social en Pinotepa Nacional \/ HDA:\u00a0Hector Delmar Arquitectura, M+N Dise\u00f1o\" aria-describedby=\"gallery-1-60809\" \/><\/a>\n\t\t\t<\/div>\n\t\t\t\t<figcaption class='wp-caption-text gallery-caption' id='gallery-1-60809'>\n\t\t\t\tVivienda Social en Pinotepa Nacional \/ HDA:\u00a0Hector Delmar Arquitectura, M+N Dise\u00f1o (\u00a9 Jaime Navarro Soto)\n\t\t\t\t<\/figcaption><\/figure><figure class='gallery-item'>\n\t\t\t<div class='gallery-icon portrait'>\n\t\t\t\t<a href='https:\/\/www.arquimaster.com.ar\/web\/wp-content\/uploads\/2020\/11\/vivienda_social_pinotepa14.jpg' title=\"Vivienda Social en Pinotepa Nacional \/ HDA:\u00a0Hector Delmar Arquitectura, M+N Dise\u00f1o (\u00a9 Jaime Navarro Soto)\" data-rl_title=\"Vivienda Social en Pinotepa Nacional \/ HDA:\u00a0Hector Delmar Arquitectura, M+N Dise\u00f1o (\u00a9 Jaime Navarro Soto)\" class=\"rl-gallery-link\" data-rl_caption=\"Vivienda Social en Pinotepa Nacional \/ HDA:\u00a0Hector Delmar Arquitectura, M+N Dise\u00f1o (\u00a9 Jaime Navarro Soto)\" data-rel=\"lightbox-gallery-1\"><img loading=\"lazy\" decoding=\"async\" width=\"150\" height=\"150\" src=\"https:\/\/www.arquimaster.com.ar\/web\/wp-content\/uploads\/2020\/11\/vivienda_social_pinotepa14-150x150.jpg\" class=\"attachment-thumbnail size-thumbnail\" alt=\"Vivienda Social en Pinotepa Nacional \/ HDA:\u00a0Hector Delmar Arquitectura, M+N Dise\u00f1o\" aria-describedby=\"gallery-1-60810\" \/><\/a>\n\t\t\t<\/div>\n\t\t\t\t<figcaption class='wp-caption-text gallery-caption' id='gallery-1-60810'>\n\t\t\t\tVivienda Social en Pinotepa Nacional \/ HDA:\u00a0Hector Delmar Arquitectura, M+N Dise\u00f1o (\u00a9 Jaime Navarro Soto)\n\t\t\t\t<\/figcaption><\/figure><figure class='gallery-item'>\n\t\t\t<div class='gallery-icon landscape'>\n\t\t\t\t<a href='https:\/\/www.arquimaster.com.ar\/web\/wp-content\/uploads\/2020\/11\/vivienda_social_pinotepa15.jpg' title=\"Vivienda Social en Pinotepa Nacional \/ HDA:\u00a0Hector Delmar Arquitectura, M+N Dise\u00f1o (\u00a9 Jaime Navarro Soto)\" data-rl_title=\"Vivienda Social en Pinotepa Nacional \/ HDA:\u00a0Hector Delmar Arquitectura, M+N Dise\u00f1o (\u00a9 Jaime Navarro Soto)\" class=\"rl-gallery-link\" data-rl_caption=\"Vivienda Social en Pinotepa Nacional \/ HDA:\u00a0Hector Delmar Arquitectura, M+N Dise\u00f1o (\u00a9 Jaime Navarro Soto)\" data-rel=\"lightbox-gallery-1\"><img loading=\"lazy\" decoding=\"async\" width=\"150\" height=\"150\" src=\"https:\/\/www.arquimaster.com.ar\/web\/wp-content\/uploads\/2020\/11\/vivienda_social_pinotepa15-150x150.jpg\" class=\"attachment-thumbnail size-thumbnail\" alt=\"Vivienda Social en Pinotepa Nacional \/ HDA:\u00a0Hector Delmar Arquitectura, M+N Dise\u00f1o\" aria-describedby=\"gallery-1-60811\" \/><\/a>\n\t\t\t<\/div>\n\t\t\t\t<figcaption class='wp-caption-text gallery-caption' id='gallery-1-60811'>\n\t\t\t\tVivienda Social en Pinotepa Nacional \/ HDA:\u00a0Hector Delmar Arquitectura, M+N Dise\u00f1o (\u00a9 Jaime Navarro Soto)\n\t\t\t\t<\/figcaption><\/figure><figure class='gallery-item'>\n\t\t\t<div class='gallery-icon landscape'>\n\t\t\t\t<a href='https:\/\/www.arquimaster.com.ar\/web\/wp-content\/uploads\/2020\/11\/vivienda_social_pinotepa16.jpg' title=\"Vivienda Social en Pinotepa Nacional \/ HDA:\u00a0Hector Delmar Arquitectura, M+N Dise\u00f1o (planta)\" data-rl_title=\"Vivienda Social en Pinotepa Nacional \/ HDA:\u00a0Hector Delmar Arquitectura, M+N Dise\u00f1o (planta)\" class=\"rl-gallery-link\" data-rl_caption=\"Vivienda Social en Pinotepa Nacional \/ HDA:\u00a0Hector Delmar Arquitectura, M+N Dise\u00f1o (planta)\" data-rel=\"lightbox-gallery-1\"><img loading=\"lazy\" decoding=\"async\" width=\"150\" height=\"150\" src=\"https:\/\/www.arquimaster.com.ar\/web\/wp-content\/uploads\/2020\/11\/vivienda_social_pinotepa16-150x150.jpg\" class=\"attachment-thumbnail size-thumbnail\" alt=\"Vivienda Social en Pinotepa Nacional \/ HDA:\u00a0Hector Delmar Arquitectura, M+N Dise\u00f1o\" aria-describedby=\"gallery-1-60812\" \/><\/a>\n\t\t\t<\/div>\n\t\t\t\t<figcaption class='wp-caption-text gallery-caption' id='gallery-1-60812'>\n\t\t\t\tVivienda Social en Pinotepa Nacional \/ HDA:\u00a0Hector Delmar Arquitectura, M+N Dise\u00f1o (planta)\n\t\t\t\t<\/figcaption><\/figure><figure class='gallery-item'>\n\t\t\t<div class='gallery-icon landscape'>\n\t\t\t\t<a href='https:\/\/www.arquimaster.com.ar\/web\/wp-content\/uploads\/2020\/11\/vivienda_social_pinotepa17.jpg' title=\"Vivienda Social en Pinotepa Nacional \/ HDA:\u00a0Hector Delmar Arquitectura, M+N Dise\u00f1o (corte y vista)\" data-rl_title=\"Vivienda Social en Pinotepa Nacional \/ HDA:\u00a0Hector Delmar Arquitectura, M+N Dise\u00f1o (corte y vista)\" class=\"rl-gallery-link\" data-rl_caption=\"Vivienda Social en Pinotepa Nacional \/ HDA:\u00a0Hector Delmar Arquitectura, M+N Dise\u00f1o (corte y vista)\" data-rel=\"lightbox-gallery-1\"><img loading=\"lazy\" decoding=\"async\" width=\"150\" height=\"150\" src=\"https:\/\/www.arquimaster.com.ar\/web\/wp-content\/uploads\/2020\/11\/vivienda_social_pinotepa17-150x150.jpg\" class=\"attachment-thumbnail size-thumbnail\" alt=\"Vivienda Social en Pinotepa Nacional \/ HDA:\u00a0Hector Delmar Arquitectura, M+N Dise\u00f1o\" aria-describedby=\"gallery-1-60813\" \/><\/a>\n\t\t\t<\/div>\n\t\t\t\t<figcaption class='wp-caption-text gallery-caption' id='gallery-1-60813'>\n\t\t\t\tVivienda Social en Pinotepa Nacional \/ HDA:\u00a0Hector Delmar Arquitectura, M+N Dise\u00f1o (corte y vista)\n\t\t\t\t<\/figcaption><\/figure><figure class='gallery-item'>\n\t\t\t<div class='gallery-icon landscape'>\n\t\t\t\t<a href='https:\/\/www.arquimaster.com.ar\/web\/wp-content\/uploads\/2020\/11\/vivienda_social_pinotepa18.jpg' title=\"Vivienda Social en Pinotepa Nacional \/ HDA:\u00a0Hector Delmar Arquitectura, M+N Dise\u00f1o (an\u00e1lisis bioclim\u00e1tico)\" data-rl_title=\"Vivienda Social en Pinotepa Nacional \/ HDA:\u00a0Hector Delmar Arquitectura, M+N Dise\u00f1o (an\u00e1lisis bioclim\u00e1tico)\" class=\"rl-gallery-link\" data-rl_caption=\"Vivienda Social en Pinotepa Nacional \/ HDA:\u00a0Hector Delmar Arquitectura, M+N Dise\u00f1o (an\u00e1lisis bioclim\u00e1tico)\" data-rel=\"lightbox-gallery-1\"><img loading=\"lazy\" decoding=\"async\" width=\"150\" height=\"150\" src=\"https:\/\/www.arquimaster.com.ar\/web\/wp-content\/uploads\/2020\/11\/vivienda_social_pinotepa18-150x150.jpg\" class=\"attachment-thumbnail size-thumbnail\" alt=\"Vivienda Social en Pinotepa Nacional \/ HDA:\u00a0Hector Delmar Arquitectura, M+N Dise\u00f1o\" aria-describedby=\"gallery-1-60814\" \/><\/a>\n\t\t\t<\/div>\n\t\t\t\t<figcaption class='wp-caption-text gallery-caption' id='gallery-1-60814'>\n\t\t\t\tVivienda Social en Pinotepa Nacional \/ HDA:\u00a0Hector Delmar Arquitectura, M+N Dise\u00f1o (an\u00e1lisis bioclim\u00e1tico)\n\t\t\t\t<\/figcaption><\/figure><figure class='gallery-item'>\n\t\t\t<div class='gallery-icon portrait'>\n\t\t\t\t<a href='https:\/\/www.arquimaster.com.ar\/web\/wp-content\/uploads\/2020\/11\/vivienda_social_pinotepa19.jpg' title=\"Vivienda Social en Pinotepa Nacional \/ HDA:\u00a0Hector Delmar Arquitectura, M+N Dise\u00f1o (H\u00e9ctor Delmar Albarr\u00e1n)\" data-rl_title=\"Vivienda Social en Pinotepa Nacional \/ HDA:\u00a0Hector Delmar Arquitectura, M+N Dise\u00f1o (H\u00e9ctor Delmar Albarr\u00e1n)\" class=\"rl-gallery-link\" data-rl_caption=\"Vivienda Social en Pinotepa Nacional \/ HDA:\u00a0Hector Delmar Arquitectura, M+N Dise\u00f1o (H\u00e9ctor Delmar Albarr\u00e1n)\" data-rel=\"lightbox-gallery-1\"><img loading=\"lazy\" decoding=\"async\" width=\"150\" height=\"150\" src=\"https:\/\/www.arquimaster.com.ar\/web\/wp-content\/uploads\/2020\/11\/vivienda_social_pinotepa19-150x150.jpg\" class=\"attachment-thumbnail size-thumbnail\" alt=\"Vivienda Social en Pinotepa Nacional \/ HDA:\u00a0Hector Delmar Arquitectura, M+N Dise\u00f1o\" aria-describedby=\"gallery-1-60815\" \/><\/a>\n\t\t\t<\/div>\n\t\t\t\t<figcaption class='wp-caption-text gallery-caption' id='gallery-1-60815'>\n\t\t\t\tVivienda Social en Pinotepa Nacional \/ HDA:\u00a0Hector Delmar Arquitectura, M+N Dise\u00f1o (H\u00e9ctor Delmar Albarr\u00e1n)\n\t\t\t\t<\/figcaption><\/figure><figure class='gallery-item'>\n\t\t\t<div class='gallery-icon landscape'>\n\t\t\t\t<a href='https:\/\/www.arquimaster.com.ar\/web\/wp-content\/uploads\/2020\/11\/vivienda_social_pinotepa20.jpg' title=\"Vivienda Social en Pinotepa Nacional \/ HDA:\u00a0Hector Delmar Arquitectura, M+N Dise\u00f1o (Guillermo Mart\u00ednez Coghlan)\" data-rl_title=\"Vivienda Social en Pinotepa Nacional \/ HDA:\u00a0Hector Delmar Arquitectura, M+N Dise\u00f1o (Guillermo Mart\u00ednez Coghlan)\" class=\"rl-gallery-link\" data-rl_caption=\"Vivienda Social en Pinotepa Nacional \/ HDA:\u00a0Hector Delmar Arquitectura, M+N Dise\u00f1o (Guillermo Mart\u00ednez Coghlan)\" data-rel=\"lightbox-gallery-1\"><img loading=\"lazy\" decoding=\"async\" width=\"150\" height=\"150\" src=\"https:\/\/www.arquimaster.com.ar\/web\/wp-content\/uploads\/2020\/11\/vivienda_social_pinotepa20-150x150.jpg\" class=\"attachment-thumbnail size-thumbnail\" alt=\"Vivienda Social en Pinotepa Nacional \/ HDA:\u00a0Hector Delmar Arquitectura, M+N Dise\u00f1o\" aria-describedby=\"gallery-1-60816\" \/><\/a>\n\t\t\t<\/div>\n\t\t\t\t<figcaption class='wp-caption-text gallery-caption' id='gallery-1-60816'>\n\t\t\t\tVivienda Social en Pinotepa Nacional \/ HDA:\u00a0Hector Delmar Arquitectura, M+N Dise\u00f1o (Guillermo Mart\u00ednez Coghlan)\n\t\t\t\t<\/figcaption><\/figure>\n\t\t<\/div>\n\n<p>A partir de un an\u00e1lisis del sitio e intercambio de ideas, se logr\u00f3 un proceso de arquitectura participativa y comunitaria para dise\u00f1ar las viviendas de 38 familias en una comunidad principalmente dedicada a la agricultura, donde se entrevist\u00f3 a los usuarios para que representaran en un dibujo su vivienda ideal, recopilando distintos puntos de vista sobre sus necesidades y tradiciones. En base a lo anterior, se defini\u00f3 el punto de partida del proyecto, donde cada vivienda responde a las necesidades de cada familia, al clima de la regi\u00f3n, su orientaci\u00f3n y topograf\u00eda.<\/p>\n<p>Cada propuesta se compone de dos vol\u00famenes con losas a dos aguas, cada uno dise\u00f1ado para dividir las \u00e1reas comunes de las privadas. En su fachada, se generaron vanos reducidos en forma de celos\u00eda que se adaptan al tama\u00f1o de los bloques, permitiendo una \u00f3ptima ventilaci\u00f3n de los espacios interiores. La forma de las cubiertas hace referencia a las ideolog\u00edas que los habitantes dibujaron para una vivienda, misma que eluden a las construcciones vern\u00e1culas de la regi\u00f3n; este elemento se adapta a las caracter\u00edsticas clim\u00e1ticas del sitio, donde la alta humedad y precipitaci\u00f3n predominan.<\/p>\n<p>Cada bloque de vivienda es separado por un patio intermedio, que se define como un espacio de transici\u00f3n abierto y semi-privado al mismo tiempo, ya que ah\u00ed es donde se llevan a cabo las actividades cotidianas, contando con un \u00e1rea techada para cocinar, un ba\u00f1o com\u00fan y un espacio libre para la siembra de milpa o huerto, y la crianza de animales.<\/p>\n<p>Los materiales utilizados se eligieron por su disponibilidad inmediata y costo accesible. Se usaron elementos cuyo sistema constructivo y caracter\u00edsticas les brindaran resistencia s\u00edsmica y confort t\u00e9rmico a las viviendas. La materialidad se compone por bloques de barro extruido para los muros, con una envolvente de cemento que se impermeabiliz\u00f3 con una mezcla de cal y selladores para evitar la incidencia solar y filtraci\u00f3n de humedad.<\/p>\n<p>A diferencia de otros proyectos de inter\u00e9s social sin planeaci\u00f3n comunitaria, estas casas se construyeron en los predios que ya son propiedad de los usuarios, insert\u00e1ndose en el tejido rural existente y dando sentido de pertenencia a la poblaci\u00f3n.<\/p>\n<p><strong>Ficha t\u00e9cnica<\/strong><br \/>\nNombre: Vivienda Social en Pinotepa Nacional<br \/>\nUbicaci\u00f3n: Pinotepa Nacional, Oaxaca, M\u00e9xico<br \/>\nArquitectura: HDA:&nbsp;Hector Delmar Arquitectura, M+N Dise\u00f1o<br \/>\nArquitectos a cargo: H\u00e9ctor Delmar Albarr\u00e1n y Guillermo Mart\u00ednez Coghlan<br \/>\nColaboradores: Constanza Lara Kane, Juan Carlos Fuentes<br \/>\nConstructor: HABVITA<br \/>\nSuperficie: 38 viviendas de 51 m2<br \/>\nA\u00f1o de construcci\u00f3n: 2019<br \/>\nFotograf\u00edas: Jaime Navarro Soto<\/p>\n<p><strong>Contacto<\/strong><br \/>\nFacebook: @HDA.Arquitectura.Bioclimatica<br \/>\nInstagram: @hdaarquitectura<\/p>\n<p><strong>Acerca de HDA: H\u00e9ctor Delmar Arquitectura<\/strong><br \/>\nFundada en 2014 por H\u00e9ctor Delmar en la ciudad de M\u00e9xico, HDA: H\u00e9ctor Delmar Arquitectura es una oficina de arquitectura y dise\u00f1o bioclim\u00e1tico, que aborda sus proyectos mediante 4 procesos creativos y conceptuales: Dise\u00f1o, Construcci\u00f3n, Consultor\u00eda y Acad\u00e9mica.<\/p>\n<p>La oficina se caracteriza por dise\u00f1o de espacios con directrices sustentables y bioclim\u00e1ticas, manteniendo una profunda relaci\u00f3n y respeto hacia su entorno edificado y el medio ambiente. Su obra construida es definida por el uso de mano de obra local y materiales de la regi\u00f3n de cada proyecto donde se emplaza, resultando en procesos constructivos amigables con su contexto.<\/p>\n<p>Parte de su metodolog\u00eda de dise\u00f1o consiste en brindar consultor\u00edas de estrategias bioclim\u00e1ticas, partiendo del an\u00e1lisis cient\u00edfico para entender las condiciones y caracter\u00edsticas del sitio en todas sus escalas, en funci\u00f3n de promover el confort en los espacios, con el menor gasto de recursos y energ\u00eda. Acad\u00e9micamente, organiza talleres y eventos desde la docencia, con el fin de discutir la idea de la \u201csustentabilidad\u201d y su relaci\u00f3n con la arquitectura.<\/p>\n<p><strong>H\u00e9ctor Delmar Albarr\u00e1n<\/strong> (Ciudad de M\u00e9xico, 1982) es arquitecto por la Universidad Iberoamericana UIA, con maestr\u00eda en Dise\u00f1o Sostenible por la Universidad de S\u00eddney, Australia. En 2012, organiz\u00f3 el 1er Encuentro de Dise\u00f1o y Construcci\u00f3n Sustentable en M\u00e9xico, reuniendo a diversos acad\u00e9micos y profesionistas de alrededor del mundo para discutir sobre la sustentabilidad y la ciudad. Durante el 2013, form\u00f3 parte del M\u00e1ster Class Internacional de Glenn Murcutt, y particip\u00f3 en el curso de Living Building Challenge con Jason McLennan.<\/p>\n<p>En 2019, resulta ganador en el Premio de Interiorismo Mexicano PRISMA en la categor\u00eda Mejor Interiorismo Residencial menor de 150 m2. Actualmente es docente por la Universidad Iberoamericana y ha sido invitado como sinodal en la Universidad An\u00e1huac campus Norte. En 2020 se afilia dentro del Colegio de Arquitectos de la Ciudad de M\u00e9xico.<\/p>\n<p><strong>Acerca de M+N, Dise\u00f1o e Iluminaci\u00f3n<\/strong><br \/>\nM+N es un despacho de arquitectura mexicano fundado en 2004. Conforme fue avanzando, se convirti\u00f3 en un estudio de iluminaci\u00f3n. Es dirigido por Guillermo Mart\u00ednez Coghlan y Mar\u00eda Eugenia Nava.<\/p>\n\n<div style=\"font-size: 0px; height: 0px; line-height: 0px; margin: 0; padding: 0; clear: both;\"><\/div><div style=\"margin-top: 0px; margin-bottom: 0px;\" class=\"sharethis-inline-share-buttons\" ><\/div>","protected":false},"excerpt":{"rendered":"<p>Proceso de arquitectura participativa y comunitaria para dise\u00f1ar las viviendas&#8230;<\/p>\n","protected":false},"author":1,"featured_media":60796,"comment_status":"closed","ping_status":"closed","sticky":false,"template":"","format":"standard","meta":{"_uag_custom_page_level_css":"","footnotes":""},"categories":[1,83],"tags":[6633,6630,6632,6631,24,2137,6629,105,254],"class_list":["post-60795","post","type-post","status-publish","format-standard","has-post-thumbnail","hentry","category-proyecto","category-vivienda-unifamiliar","tag-guillermo-martinez-coghlan","tag-hda-hector-delmar-arquitectura","tag-hector-delmar-albarran","tag-mn-diseno","tag-mexico","tag-oaxaca","tag-pinotepa-nacional","tag-vivienda-social","tag-vivienda-unifamiliar-2","generate-columns","tablet-grid-50","mobile-grid-100","grid-parent","grid-50"],"yoast_head":"<!-- This site is optimized with the Yoast SEO plugin v27.3 - https:\/\/yoast.com\/product\/yoast-seo-wordpress\/ -->\n<title>Vivienda Social en Pinotepa Nacional \/ HDA:\u00a0Hector Delmar Arquitectura, M+N Dise\u00f1o - Arquimaster<\/title>\n<meta name=\"description\" content=\"Proceso de arquitectura participativa y comunitaria para dise\u00f1ar las viviendas de 38 familias en una comunidad principalmente dedicada a la agricultura.\" \/>\n<meta name=\"robots\" content=\"index, follow, max-snippet:-1, max-image-preview:large, max-video-preview:-1\" \/>\n<link rel=\"canonical\" href=\"https:\/\/www.arquimaster.com.ar\/web\/vivienda-social-en-pinotepa-nacional-hda-hector-delmar-arquitectura-mn-diseno\/\" \/>\n<meta property=\"og:locale\" content=\"es_ES\" \/>\n<meta property=\"og:type\" content=\"article\" \/>\n<meta property=\"og:title\" content=\"Vivienda Social en Pinotepa Nacional \/ HDA: Hector Delmar Arquitectura, M+N Dise\u00f1o\" \/>\n<meta property=\"og:description\" content=\"Proceso de arquitectura participativa y comunitaria para dise\u00f1ar las viviendas de 38 familias en una comunidad principalmente dedicada a la agricultura.\" \/>\n<meta property=\"og:url\" content=\"https:\/\/www.arquimaster.com.ar\/web\/vivienda-social-en-pinotepa-nacional-hda-hector-delmar-arquitectura-mn-diseno\/\" \/>\n<meta property=\"og:site_name\" content=\"Arquimaster\" \/>\n<meta property=\"article:publisher\" content=\"http:\/\/www.facebook.com\/ARQUIMASTER.com.ar\" \/>\n<meta property=\"article:published_time\" content=\"2020-11-12T22:03:32+00:00\" \/>\n<meta property=\"article:modified_time\" content=\"2020-12-06T17:09:56+00:00\" \/>\n<meta property=\"og:image\" content=\"https:\/\/www.arquimaster.com.ar\/web\/wp-content\/uploads\/2020\/11\/vivienda_social_pinotepa_slide.jpg\" \/>\n\t<meta property=\"og:image:width\" content=\"698\" \/>\n\t<meta property=\"og:image:height\" content=\"364\" \/>\n\t<meta property=\"og:image:type\" content=\"image\/jpeg\" \/>\n<meta name=\"author\" content=\"Arquimaster\" \/>\n<meta name=\"twitter:card\" content=\"summary_large_image\" \/>\n<meta name=\"twitter:title\" content=\"Vivienda Social en Pinotepa Nacional \/ HDA: Hector Delmar Arquitectura, M+N Dise\u00f1o\" \/>\n<meta name=\"twitter:description\" content=\"Proceso de arquitectura participativa y comunitaria para dise\u00f1ar las viviendas de 38 familias en una comunidad principalmente dedicada a la agricultura.\" \/>\n<meta name=\"twitter:image\" content=\"https:\/\/www.arquimaster.com.ar\/web\/wp-content\/uploads\/2020\/11\/vivienda_social_pinotepa_slide.jpg\" \/>\n<meta name=\"twitter:creator\" content=\"@arquimaster\" \/>\n<meta name=\"twitter:site\" content=\"@arquimaster\" \/>\n<meta name=\"twitter:label1\" content=\"Escrito por\" \/>\n\t<meta name=\"twitter:data1\" content=\"Arquimaster\" \/>\n\t<meta name=\"twitter:label2\" content=\"Tiempo de lectura\" \/>\n\t<meta name=\"twitter:data2\" content=\"5 minutos\" \/>\n<script type=\"application\/ld+json\" class=\"yoast-schema-graph\">{\"@context\":\"https:\\\/\\\/schema.org\",\"@graph\":[{\"@type\":\"Article\",\"@id\":\"https:\\\/\\\/www.arquimaster.com.ar\\\/web\\\/vivienda-social-en-pinotepa-nacional-hda-hector-delmar-arquitectura-mn-diseno\\\/#article\",\"isPartOf\":{\"@id\":\"https:\\\/\\\/www.arquimaster.com.ar\\\/web\\\/vivienda-social-en-pinotepa-nacional-hda-hector-delmar-arquitectura-mn-diseno\\\/\"},\"author\":{\"name\":\"Arquimaster\",\"@id\":\"https:\\\/\\\/www.arquimaster.com.ar\\\/web\\\/#\\\/schema\\\/person\\\/359e9f7c00193fcde068e0dd2ceb0028\"},\"headline\":\"Vivienda Social en Pinotepa Nacional \\\/ HDA:\u00a0Hector Delmar Arquitectura, M+N Dise\u00f1o\",\"datePublished\":\"2020-11-12T22:03:32+00:00\",\"dateModified\":\"2020-12-06T17:09:56+00:00\",\"mainEntityOfPage\":{\"@id\":\"https:\\\/\\\/www.arquimaster.com.ar\\\/web\\\/vivienda-social-en-pinotepa-nacional-hda-hector-delmar-arquitectura-mn-diseno\\\/\"},\"wordCount\":915,\"publisher\":{\"@id\":\"https:\\\/\\\/www.arquimaster.com.ar\\\/web\\\/#organization\"},\"image\":{\"@id\":\"https:\\\/\\\/www.arquimaster.com.ar\\\/web\\\/vivienda-social-en-pinotepa-nacional-hda-hector-delmar-arquitectura-mn-diseno\\\/#primaryimage\"},\"thumbnailUrl\":\"https:\\\/\\\/www.arquimaster.com.ar\\\/web\\\/wp-content\\\/uploads\\\/2020\\\/11\\\/vivienda_social_pinotepa_slide.jpg\",\"keywords\":[\"Guillermo Mart\u00ednez Coghlan\",\"HDA:\u00a0Hector Delmar Arquitectura\",\"H\u00e9ctor Delmar Albarr\u00e1n\",\"M+N Dise\u00f1o\",\"Mexico\",\"Oaxaca\",\"Pinotepa Nacional\",\"vivienda social\",\"vivienda unifamiliar\"],\"articleSection\":[\"Proyecto\",\"Vivienda unifamiliar y PH\"],\"inLanguage\":\"es\"},{\"@type\":\"WebPage\",\"@id\":\"https:\\\/\\\/www.arquimaster.com.ar\\\/web\\\/vivienda-social-en-pinotepa-nacional-hda-hector-delmar-arquitectura-mn-diseno\\\/\",\"url\":\"https:\\\/\\\/www.arquimaster.com.ar\\\/web\\\/vivienda-social-en-pinotepa-nacional-hda-hector-delmar-arquitectura-mn-diseno\\\/\",\"name\":\"Vivienda Social en Pinotepa Nacional \\\/ HDA:\u00a0Hector Delmar Arquitectura, M+N Dise\u00f1o - Arquimaster\",\"isPartOf\":{\"@id\":\"https:\\\/\\\/www.arquimaster.com.ar\\\/web\\\/#website\"},\"primaryImageOfPage\":{\"@id\":\"https:\\\/\\\/www.arquimaster.com.ar\\\/web\\\/vivienda-social-en-pinotepa-nacional-hda-hector-delmar-arquitectura-mn-diseno\\\/#primaryimage\"},\"image\":{\"@id\":\"https:\\\/\\\/www.arquimaster.com.ar\\\/web\\\/vivienda-social-en-pinotepa-nacional-hda-hector-delmar-arquitectura-mn-diseno\\\/#primaryimage\"},\"thumbnailUrl\":\"https:\\\/\\\/www.arquimaster.com.ar\\\/web\\\/wp-content\\\/uploads\\\/2020\\\/11\\\/vivienda_social_pinotepa_slide.jpg\",\"datePublished\":\"2020-11-12T22:03:32+00:00\",\"dateModified\":\"2020-12-06T17:09:56+00:00\",\"description\":\"Proceso de arquitectura participativa y comunitaria para dise\u00f1ar las viviendas de 38 familias en una comunidad principalmente dedicada a la agricultura.\",\"breadcrumb\":{\"@id\":\"https:\\\/\\\/www.arquimaster.com.ar\\\/web\\\/vivienda-social-en-pinotepa-nacional-hda-hector-delmar-arquitectura-mn-diseno\\\/#breadcrumb\"},\"inLanguage\":\"es\",\"potentialAction\":[{\"@type\":\"ReadAction\",\"target\":[\"https:\\\/\\\/www.arquimaster.com.ar\\\/web\\\/vivienda-social-en-pinotepa-nacional-hda-hector-delmar-arquitectura-mn-diseno\\\/\"]}]},{\"@type\":\"ImageObject\",\"inLanguage\":\"es\",\"@id\":\"https:\\\/\\\/www.arquimaster.com.ar\\\/web\\\/vivienda-social-en-pinotepa-nacional-hda-hector-delmar-arquitectura-mn-diseno\\\/#primaryimage\",\"url\":\"https:\\\/\\\/www.arquimaster.com.ar\\\/web\\\/wp-content\\\/uploads\\\/2020\\\/11\\\/vivienda_social_pinotepa_slide.jpg\",\"contentUrl\":\"https:\\\/\\\/www.arquimaster.com.ar\\\/web\\\/wp-content\\\/uploads\\\/2020\\\/11\\\/vivienda_social_pinotepa_slide.jpg\",\"width\":698,\"height\":364,\"caption\":\"Vivienda Social en Pinotepa Nacional \\\/ HDA:\u00a0Hector Delmar Arquitectura, M+N Dise\u00f1o\"},{\"@type\":\"BreadcrumbList\",\"@id\":\"https:\\\/\\\/www.arquimaster.com.ar\\\/web\\\/vivienda-social-en-pinotepa-nacional-hda-hector-delmar-arquitectura-mn-diseno\\\/#breadcrumb\",\"itemListElement\":[{\"@type\":\"ListItem\",\"position\":1,\"name\":\"Portada\",\"item\":\"https:\\\/\\\/www.arquimaster.com.ar\\\/web\\\/\"},{\"@type\":\"ListItem\",\"position\":2,\"name\":\"Vivienda Social en Pinotepa Nacional \\\/ HDA:\u00a0Hector Delmar Arquitectura, M+N Dise\u00f1o\"}]},{\"@type\":\"WebSite\",\"@id\":\"https:\\\/\\\/www.arquimaster.com.ar\\\/web\\\/#website\",\"url\":\"https:\\\/\\\/www.arquimaster.com.ar\\\/web\\\/\",\"name\":\"Arquimaster\",\"description\":\"Web de arquitectura, dise\u00f1o y construccion\",\"publisher\":{\"@id\":\"https:\\\/\\\/www.arquimaster.com.ar\\\/web\\\/#organization\"},\"potentialAction\":[{\"@type\":\"SearchAction\",\"target\":{\"@type\":\"EntryPoint\",\"urlTemplate\":\"https:\\\/\\\/www.arquimaster.com.ar\\\/web\\\/?s={search_term_string}\"},\"query-input\":{\"@type\":\"PropertyValueSpecification\",\"valueRequired\":true,\"valueName\":\"search_term_string\"}}],\"inLanguage\":\"es\"},{\"@type\":\"Organization\",\"@id\":\"https:\\\/\\\/www.arquimaster.com.ar\\\/web\\\/#organization\",\"name\":\"Arquimaster\",\"url\":\"https:\\\/\\\/www.arquimaster.com.ar\\\/web\\\/\",\"logo\":{\"@type\":\"ImageObject\",\"inLanguage\":\"es\",\"@id\":\"https:\\\/\\\/www.arquimaster.com.ar\\\/web\\\/#\\\/schema\\\/logo\\\/image\\\/\",\"url\":\"https:\\\/\\\/www.arquimaster.com.ar\\\/web\\\/wp-content\\\/uploads\\\/2022\\\/06\\\/arquimaster.png\",\"contentUrl\":\"https:\\\/\\\/www.arquimaster.com.ar\\\/web\\\/wp-content\\\/uploads\\\/2022\\\/06\\\/arquimaster.png\",\"width\":594,\"height\":78,\"caption\":\"Arquimaster\"},\"image\":{\"@id\":\"https:\\\/\\\/www.arquimaster.com.ar\\\/web\\\/#\\\/schema\\\/logo\\\/image\\\/\"},\"sameAs\":[\"http:\\\/\\\/www.facebook.com\\\/ARQUIMASTER.com.ar\",\"https:\\\/\\\/x.com\\\/arquimaster\",\"https:\\\/\\\/www.instagram.com\\\/arquimasterblog\\\/\",\"https:\\\/\\\/www.linkedin.com\\\/company\\\/arquimaster\",\"https:\\\/\\\/www.pinterest.com\\\/arquimaster\",\"https:\\\/\\\/t.me\\\/arquimaster\"]},{\"@type\":\"Person\",\"@id\":\"https:\\\/\\\/www.arquimaster.com.ar\\\/web\\\/#\\\/schema\\\/person\\\/359e9f7c00193fcde068e0dd2ceb0028\",\"name\":\"Arquimaster\"}]}<\/script>\n<!-- \/ Yoast SEO plugin. -->","yoast_head_json":{"title":"Vivienda Social en Pinotepa Nacional \/ HDA:\u00a0Hector Delmar Arquitectura, M+N Dise\u00f1o - Arquimaster","description":"Proceso de arquitectura participativa y comunitaria para dise\u00f1ar las viviendas de 38 familias en una comunidad principalmente dedicada a la agricultura.","robots":{"index":"index","follow":"follow","max-snippet":"max-snippet:-1","max-image-preview":"max-image-preview:large","max-video-preview":"max-video-preview:-1"},"canonical":"https:\/\/www.arquimaster.com.ar\/web\/vivienda-social-en-pinotepa-nacional-hda-hector-delmar-arquitectura-mn-diseno\/","og_locale":"es_ES","og_type":"article","og_title":"Vivienda Social en Pinotepa Nacional \/ HDA: Hector Delmar Arquitectura, M+N Dise\u00f1o","og_description":"Proceso de arquitectura participativa y comunitaria para dise\u00f1ar las viviendas de 38 familias en una comunidad principalmente dedicada a la agricultura.","og_url":"https:\/\/www.arquimaster.com.ar\/web\/vivienda-social-en-pinotepa-nacional-hda-hector-delmar-arquitectura-mn-diseno\/","og_site_name":"Arquimaster","article_publisher":"http:\/\/www.facebook.com\/ARQUIMASTER.com.ar","article_published_time":"2020-11-12T22:03:32+00:00","article_modified_time":"2020-12-06T17:09:56+00:00","og_image":[{"width":698,"height":364,"url":"https:\/\/www.arquimaster.com.ar\/web\/wp-content\/uploads\/2020\/11\/vivienda_social_pinotepa_slide.jpg","type":"image\/jpeg"}],"author":"Arquimaster","twitter_card":"summary_large_image","twitter_title":"Vivienda Social en Pinotepa Nacional \/ HDA: Hector Delmar Arquitectura, M+N Dise\u00f1o","twitter_description":"Proceso de arquitectura participativa y comunitaria para dise\u00f1ar las viviendas de 38 familias en una comunidad principalmente dedicada a la agricultura.","twitter_image":"https:\/\/www.arquimaster.com.ar\/web\/wp-content\/uploads\/2020\/11\/vivienda_social_pinotepa_slide.jpg","twitter_creator":"@arquimaster","twitter_site":"@arquimaster","twitter_misc":{"Escrito por":"Arquimaster","Tiempo de lectura":"5 minutos"},"schema":{"@context":"https:\/\/schema.org","@graph":[{"@type":"Article","@id":"https:\/\/www.arquimaster.com.ar\/web\/vivienda-social-en-pinotepa-nacional-hda-hector-delmar-arquitectura-mn-diseno\/#article","isPartOf":{"@id":"https:\/\/www.arquimaster.com.ar\/web\/vivienda-social-en-pinotepa-nacional-hda-hector-delmar-arquitectura-mn-diseno\/"},"author":{"name":"Arquimaster","@id":"https:\/\/www.arquimaster.com.ar\/web\/#\/schema\/person\/359e9f7c00193fcde068e0dd2ceb0028"},"headline":"Vivienda Social en Pinotepa Nacional \/ HDA:\u00a0Hector Delmar Arquitectura, M+N Dise\u00f1o","datePublished":"2020-11-12T22:03:32+00:00","dateModified":"2020-12-06T17:09:56+00:00","mainEntityOfPage":{"@id":"https:\/\/www.arquimaster.com.ar\/web\/vivienda-social-en-pinotepa-nacional-hda-hector-delmar-arquitectura-mn-diseno\/"},"wordCount":915,"publisher":{"@id":"https:\/\/www.arquimaster.com.ar\/web\/#organization"},"image":{"@id":"https:\/\/www.arquimaster.com.ar\/web\/vivienda-social-en-pinotepa-nacional-hda-hector-delmar-arquitectura-mn-diseno\/#primaryimage"},"thumbnailUrl":"https:\/\/www.arquimaster.com.ar\/web\/wp-content\/uploads\/2020\/11\/vivienda_social_pinotepa_slide.jpg","keywords":["Guillermo Mart\u00ednez Coghlan","HDA:\u00a0Hector Delmar Arquitectura","H\u00e9ctor Delmar Albarr\u00e1n","M+N Dise\u00f1o","Mexico","Oaxaca","Pinotepa Nacional","vivienda social","vivienda unifamiliar"],"articleSection":["Proyecto","Vivienda unifamiliar y PH"],"inLanguage":"es"},{"@type":"WebPage","@id":"https:\/\/www.arquimaster.com.ar\/web\/vivienda-social-en-pinotepa-nacional-hda-hector-delmar-arquitectura-mn-diseno\/","url":"https:\/\/www.arquimaster.com.ar\/web\/vivienda-social-en-pinotepa-nacional-hda-hector-delmar-arquitectura-mn-diseno\/","name":"Vivienda Social en Pinotepa Nacional \/ HDA:\u00a0Hector Delmar Arquitectura, M+N Dise\u00f1o - Arquimaster","isPartOf":{"@id":"https:\/\/www.arquimaster.com.ar\/web\/#website"},"primaryImageOfPage":{"@id":"https:\/\/www.arquimaster.com.ar\/web\/vivienda-social-en-pinotepa-nacional-hda-hector-delmar-arquitectura-mn-diseno\/#primaryimage"},"image":{"@id":"https:\/\/www.arquimaster.com.ar\/web\/vivienda-social-en-pinotepa-nacional-hda-hector-delmar-arquitectura-mn-diseno\/#primaryimage"},"thumbnailUrl":"https:\/\/www.arquimaster.com.ar\/web\/wp-content\/uploads\/2020\/11\/vivienda_social_pinotepa_slide.jpg","datePublished":"2020-11-12T22:03:32+00:00","dateModified":"2020-12-06T17:09:56+00:00","description":"Proceso de arquitectura participativa y comunitaria para dise\u00f1ar las viviendas de 38 familias en una comunidad principalmente dedicada a la agricultura.","breadcrumb":{"@id":"https:\/\/www.arquimaster.com.ar\/web\/vivienda-social-en-pinotepa-nacional-hda-hector-delmar-arquitectura-mn-diseno\/#breadcrumb"},"inLanguage":"es","potentialAction":[{"@type":"ReadAction","target":["https:\/\/www.arquimaster.com.ar\/web\/vivienda-social-en-pinotepa-nacional-hda-hector-delmar-arquitectura-mn-diseno\/"]}]},{"@type":"ImageObject","inLanguage":"es","@id":"https:\/\/www.arquimaster.com.ar\/web\/vivienda-social-en-pinotepa-nacional-hda-hector-delmar-arquitectura-mn-diseno\/#primaryimage","url":"https:\/\/www.arquimaster.com.ar\/web\/wp-content\/uploads\/2020\/11\/vivienda_social_pinotepa_slide.jpg","contentUrl":"https:\/\/www.arquimaster.com.ar\/web\/wp-content\/uploads\/2020\/11\/vivienda_social_pinotepa_slide.jpg","width":698,"height":364,"caption":"Vivienda Social en Pinotepa Nacional \/ HDA:\u00a0Hector Delmar Arquitectura, M+N Dise\u00f1o"},{"@type":"BreadcrumbList","@id":"https:\/\/www.arquimaster.com.ar\/web\/vivienda-social-en-pinotepa-nacional-hda-hector-delmar-arquitectura-mn-diseno\/#breadcrumb","itemListElement":[{"@type":"ListItem","position":1,"name":"Portada","item":"https:\/\/www.arquimaster.com.ar\/web\/"},{"@type":"ListItem","position":2,"name":"Vivienda Social en Pinotepa Nacional \/ HDA:\u00a0Hector Delmar Arquitectura, M+N Dise\u00f1o"}]},{"@type":"WebSite","@id":"https:\/\/www.arquimaster.com.ar\/web\/#website","url":"https:\/\/www.arquimaster.com.ar\/web\/","name":"Arquimaster","description":"Web de arquitectura, dise\u00f1o y construccion","publisher":{"@id":"https:\/\/www.arquimaster.com.ar\/web\/#organization"},"potentialAction":[{"@type":"SearchAction","target":{"@type":"EntryPoint","urlTemplate":"https:\/\/www.arquimaster.com.ar\/web\/?s={search_term_string}"},"query-input":{"@type":"PropertyValueSpecification","valueRequired":true,"valueName":"search_term_string"}}],"inLanguage":"es"},{"@type":"Organization","@id":"https:\/\/www.arquimaster.com.ar\/web\/#organization","name":"Arquimaster","url":"https:\/\/www.arquimaster.com.ar\/web\/","logo":{"@type":"ImageObject","inLanguage":"es","@id":"https:\/\/www.arquimaster.com.ar\/web\/#\/schema\/logo\/image\/","url":"https:\/\/www.arquimaster.com.ar\/web\/wp-content\/uploads\/2022\/06\/arquimaster.png","contentUrl":"https:\/\/www.arquimaster.com.ar\/web\/wp-content\/uploads\/2022\/06\/arquimaster.png","width":594,"height":78,"caption":"Arquimaster"},"image":{"@id":"https:\/\/www.arquimaster.com.ar\/web\/#\/schema\/logo\/image\/"},"sameAs":["http:\/\/www.facebook.com\/ARQUIMASTER.com.ar","https:\/\/x.com\/arquimaster","https:\/\/www.instagram.com\/arquimasterblog\/","https:\/\/www.linkedin.com\/company\/arquimaster","https:\/\/www.pinterest.com\/arquimaster","https:\/\/t.me\/arquimaster"]},{"@type":"Person","@id":"https:\/\/www.arquimaster.com.ar\/web\/#\/schema\/person\/359e9f7c00193fcde068e0dd2ceb0028","name":"Arquimaster"}]}},"uagb_featured_image_src":{"full":["https:\/\/www.arquimaster.com.ar\/web\/wp-content\/uploads\/2020\/11\/vivienda_social_pinotepa_slide.jpg",698,364,false],"thumbnail":["https:\/\/www.arquimaster.com.ar\/web\/wp-content\/uploads\/2020\/11\/vivienda_social_pinotepa_slide-150x150.jpg",150,150,true],"medium":["https:\/\/www.arquimaster.com.ar\/web\/wp-content\/uploads\/2020\/11\/vivienda_social_pinotepa_slide.jpg",698,364,false],"medium_large":["https:\/\/www.arquimaster.com.ar\/web\/wp-content\/uploads\/2020\/11\/vivienda_social_pinotepa_slide.jpg",698,364,false],"large":["https:\/\/www.arquimaster.com.ar\/web\/wp-content\/uploads\/2020\/11\/vivienda_social_pinotepa_slide.jpg",698,364,false],"1536x1536":["https:\/\/www.arquimaster.com.ar\/web\/wp-content\/uploads\/2020\/11\/vivienda_social_pinotepa_slide.jpg",698,364,false],"2048x2048":["https:\/\/www.arquimaster.com.ar\/web\/wp-content\/uploads\/2020\/11\/vivienda_social_pinotepa_slide.jpg",698,364,false]},"uagb_author_info":{"display_name":"Arquimaster","author_link":"https:\/\/www.arquimaster.com.ar\/web\/author\/arquimaster\/"},"uagb_comment_info":0,"uagb_excerpt":"Proceso de arquitectura participativa y comunitaria para dise\u00f1ar las viviendas...","_links":{"self":[{"href":"https:\/\/www.arquimaster.com.ar\/web\/wp-json\/wp\/v2\/posts\/60795","targetHints":{"allow":["GET"]}}],"collection":[{"href":"https:\/\/www.arquimaster.com.ar\/web\/wp-json\/wp\/v2\/posts"}],"about":[{"href":"https:\/\/www.arquimaster.com.ar\/web\/wp-json\/wp\/v2\/types\/post"}],"author":[{"embeddable":true,"href":"https:\/\/www.arquimaster.com.ar\/web\/wp-json\/wp\/v2\/users\/1"}],"replies":[{"embeddable":true,"href":"https:\/\/www.arquimaster.com.ar\/web\/wp-json\/wp\/v2\/comments?post=60795"}],"version-history":[{"count":2,"href":"https:\/\/www.arquimaster.com.ar\/web\/wp-json\/wp\/v2\/posts\/60795\/revisions"}],"predecessor-version":[{"id":60818,"href":"https:\/\/www.arquimaster.com.ar\/web\/wp-json\/wp\/v2\/posts\/60795\/revisions\/60818"}],"wp:featuredmedia":[{"embeddable":true,"href":"https:\/\/www.arquimaster.com.ar\/web\/wp-json\/wp\/v2\/media\/60796"}],"wp:attachment":[{"href":"https:\/\/www.arquimaster.com.ar\/web\/wp-json\/wp\/v2\/media?parent=60795"}],"wp:term":[{"taxonomy":"category","embeddable":true,"href":"https:\/\/www.arquimaster.com.ar\/web\/wp-json\/wp\/v2\/categories?post=60795"},{"taxonomy":"post_tag","embeddable":true,"href":"https:\/\/www.arquimaster.com.ar\/web\/wp-json\/wp\/v2\/tags?post=60795"}],"curies":[{"name":"wp","href":"https:\/\/api.w.org\/{rel}","templated":true}]}}