{"id":60961,"date":"2020-11-19T19:22:36","date_gmt":"2020-11-19T22:22:36","guid":{"rendered":"https:\/\/www.arquimaster.com.ar\/web\/?p=60961"},"modified":"2020-12-17T14:55:02","modified_gmt":"2020-12-17T17:55:02","slug":"edificio-bonjo-v-moire-arquitectos","status":"publish","type":"post","link":"https:\/\/www.arquimaster.com.ar\/web\/edificio-bonjo-v-moire-arquitectos\/","title":{"rendered":"Edificio Bonjo V \/ Moir\u00eb Arquitectos"},"content":{"rendered":"<div style=\"margin-top: 0px; margin-bottom: 0px;\" class=\"sharethis-inline-share-buttons\" ><\/div><div class=\"b812932af2e751442846f039925109de\" data-index=\"1\" style=\"float: none; margin:25px 0 25px 0; text-align:center;\">\n<script async src=\"https:\/\/pagead2.googlesyndication.com\/pagead\/js\/adsbygoogle.js\"><\/script>\r\n<!-- Arquimaster (superior) -->\r\n<ins class=\"adsbygoogle\"\r\n     style=\"display:block\"\r\n     data-ad-client=\"ca-pub-6351072698456832\"\r\n     data-ad-slot=\"6455489680\"\r\n     data-ad-format=\"auto\"\r\n     data-full-width-responsive=\"true\"><\/ins>\r\n<script>\r\n     (adsbygoogle = window.adsbygoogle || []).push({});\r\n<\/script>\n<\/div>\n<p><strong>Edificio Bonjo V<\/strong> (Mar del Plata, Pcia. de Buenos Aires, Argentina) por <strong>Moir\u00eb Arquitectos<\/strong>. Ubicado en un terreno de 11.46 x 21.65 metros de la Ciudad de Mar del Plata, en una zona que se encuentra en plena renovaci\u00f3n de su tejido edilicio, Bonjo V se concibe como un edificio residencial de est\u00e9tica contempor\u00e1nea compuesto por un hall de acceso y cocheras en planta baja, ocho niveles de departamentos de dos ambientes en semipisos, una planta superior de quincho y terraza, y un subsuelo de cocheras.<\/p>\n<div id='gallery-1' class='gallery galleryid-60961 gallery-columns-3 gallery-size-thumbnail'><figure class='gallery-item'>\n\t\t\t<div class='gallery-icon landscape'>\n\t\t\t\t<a href='https:\/\/www.arquimaster.com.ar\/web\/wp-content\/uploads\/2020\/11\/edificio_bonjo_v1.jpg' title=\"Edificio Bonjo V \/ Moir\u00eb Arquitectos (\u00a9 Obralinda)\" data-rl_title=\"Edificio Bonjo V \/ Moir\u00eb Arquitectos (\u00a9 Obralinda)\" class=\"rl-gallery-link\" data-rl_caption=\"Edificio Bonjo V \/ Moir\u00eb Arquitectos (\u00a9 Obralinda)\" data-rel=\"lightbox-gallery-1\"><img loading=\"lazy\" decoding=\"async\" width=\"150\" height=\"150\" src=\"https:\/\/www.arquimaster.com.ar\/web\/wp-content\/uploads\/2020\/11\/edificio_bonjo_v1-150x150.jpg\" class=\"attachment-thumbnail size-thumbnail\" alt=\"Edificio Bonjo V \/ Moir\u00eb Arquitectos\" aria-describedby=\"gallery-1-60963\" \/><\/a>\n\t\t\t<\/div>\n\t\t\t\t<figcaption class='wp-caption-text gallery-caption' id='gallery-1-60963'>\n\t\t\t\tEdificio Bonjo V \/ Moir\u00eb Arquitectos (\u00a9 Obralinda)\n\t\t\t\t<\/figcaption><\/figure><figure class='gallery-item'>\n\t\t\t<div class='gallery-icon portrait'>\n\t\t\t\t<a href='https:\/\/www.arquimaster.com.ar\/web\/wp-content\/uploads\/2020\/11\/edificio_bonjo_v2.jpg' title=\"Edificio Bonjo V \/ Moir\u00eb Arquitectos (\u00a9 Obralinda)\" data-rl_title=\"Edificio Bonjo V \/ Moir\u00eb Arquitectos (\u00a9 Obralinda)\" class=\"rl-gallery-link\" data-rl_caption=\"Edificio Bonjo V \/ Moir\u00eb Arquitectos (\u00a9 Obralinda)\" data-rel=\"lightbox-gallery-1\"><img loading=\"lazy\" decoding=\"async\" width=\"150\" height=\"150\" src=\"https:\/\/www.arquimaster.com.ar\/web\/wp-content\/uploads\/2020\/11\/edificio_bonjo_v2-150x150.jpg\" class=\"attachment-thumbnail size-thumbnail\" alt=\"Edificio Bonjo V \/ Moir\u00eb Arquitectos\" aria-describedby=\"gallery-1-60964\" \/><\/a>\n\t\t\t<\/div>\n\t\t\t\t<figcaption class='wp-caption-text gallery-caption' id='gallery-1-60964'>\n\t\t\t\tEdificio Bonjo V \/ Moir\u00eb Arquitectos (\u00a9 Obralinda)\n\t\t\t\t<\/figcaption><\/figure><figure class='gallery-item'>\n\t\t\t<div class='gallery-icon portrait'>\n\t\t\t\t<a href='https:\/\/www.arquimaster.com.ar\/web\/wp-content\/uploads\/2020\/11\/edificio_bonjo_v3.jpg' title=\"Edificio Bonjo V \/ Moir\u00eb Arquitectos (\u00a9 Obralinda)\" data-rl_title=\"Edificio Bonjo V \/ Moir\u00eb Arquitectos (\u00a9 Obralinda)\" class=\"rl-gallery-link\" data-rl_caption=\"Edificio Bonjo V \/ Moir\u00eb Arquitectos (\u00a9 Obralinda)\" data-rel=\"lightbox-gallery-1\"><img loading=\"lazy\" decoding=\"async\" width=\"150\" height=\"150\" src=\"https:\/\/www.arquimaster.com.ar\/web\/wp-content\/uploads\/2020\/11\/edificio_bonjo_v3-150x150.jpg\" class=\"attachment-thumbnail size-thumbnail\" alt=\"Edificio Bonjo V \/ Moir\u00eb Arquitectos\" aria-describedby=\"gallery-1-60965\" \/><\/a>\n\t\t\t<\/div>\n\t\t\t\t<figcaption class='wp-caption-text gallery-caption' id='gallery-1-60965'>\n\t\t\t\tEdificio Bonjo V \/ Moir\u00eb Arquitectos (\u00a9 Obralinda)\n\t\t\t\t<\/figcaption><\/figure><figure class='gallery-item'>\n\t\t\t<div class='gallery-icon portrait'>\n\t\t\t\t<a href='https:\/\/www.arquimaster.com.ar\/web\/wp-content\/uploads\/2020\/11\/edificio_bonjo_v4.jpg' title=\"Edificio Bonjo V \/ Moir\u00eb Arquitectos (\u00a9 Obralinda)\" data-rl_title=\"Edificio Bonjo V \/ Moir\u00eb Arquitectos (\u00a9 Obralinda)\" class=\"rl-gallery-link\" data-rl_caption=\"Edificio Bonjo V \/ Moir\u00eb Arquitectos (\u00a9 Obralinda)\" data-rel=\"lightbox-gallery-1\"><img loading=\"lazy\" decoding=\"async\" width=\"150\" height=\"150\" src=\"https:\/\/www.arquimaster.com.ar\/web\/wp-content\/uploads\/2020\/11\/edificio_bonjo_v4-150x150.jpg\" class=\"attachment-thumbnail size-thumbnail\" alt=\"Edificio Bonjo V \/ Moir\u00eb Arquitectos\" aria-describedby=\"gallery-1-60966\" \/><\/a>\n\t\t\t<\/div>\n\t\t\t\t<figcaption class='wp-caption-text gallery-caption' id='gallery-1-60966'>\n\t\t\t\tEdificio Bonjo V \/ Moir\u00eb Arquitectos (\u00a9 Obralinda)\n\t\t\t\t<\/figcaption><\/figure><figure class='gallery-item'>\n\t\t\t<div class='gallery-icon portrait'>\n\t\t\t\t<a href='https:\/\/www.arquimaster.com.ar\/web\/wp-content\/uploads\/2020\/11\/edificio_bonjo_v5.jpg' title=\"Edificio Bonjo V \/ Moir\u00eb Arquitectos (\u00a9 Obralinda)\" data-rl_title=\"Edificio Bonjo V \/ Moir\u00eb Arquitectos (\u00a9 Obralinda)\" class=\"rl-gallery-link\" data-rl_caption=\"Edificio Bonjo V \/ Moir\u00eb Arquitectos (\u00a9 Obralinda)\" data-rel=\"lightbox-gallery-1\"><img loading=\"lazy\" decoding=\"async\" width=\"150\" height=\"150\" src=\"https:\/\/www.arquimaster.com.ar\/web\/wp-content\/uploads\/2020\/11\/edificio_bonjo_v5-150x150.jpg\" class=\"attachment-thumbnail size-thumbnail\" alt=\"Edificio Bonjo V \/ Moir\u00eb Arquitectos\" aria-describedby=\"gallery-1-60967\" \/><\/a>\n\t\t\t<\/div>\n\t\t\t\t<figcaption class='wp-caption-text gallery-caption' id='gallery-1-60967'>\n\t\t\t\tEdificio Bonjo V \/ Moir\u00eb Arquitectos (\u00a9 Obralinda)\n\t\t\t\t<\/figcaption><\/figure><figure class='gallery-item'>\n\t\t\t<div class='gallery-icon portrait'>\n\t\t\t\t<a href='https:\/\/www.arquimaster.com.ar\/web\/wp-content\/uploads\/2020\/11\/edificio_bonjo_v6.jpg' title=\"Edificio Bonjo V \/ Moir\u00eb Arquitectos (\u00a9 Obralinda)\" data-rl_title=\"Edificio Bonjo V \/ Moir\u00eb Arquitectos (\u00a9 Obralinda)\" class=\"rl-gallery-link\" data-rl_caption=\"Edificio Bonjo V \/ Moir\u00eb Arquitectos (\u00a9 Obralinda)\" data-rel=\"lightbox-gallery-1\"><img loading=\"lazy\" decoding=\"async\" width=\"150\" height=\"150\" src=\"https:\/\/www.arquimaster.com.ar\/web\/wp-content\/uploads\/2020\/11\/edificio_bonjo_v6-150x150.jpg\" class=\"attachment-thumbnail size-thumbnail\" alt=\"Edificio Bonjo V \/ Moir\u00eb Arquitectos\" aria-describedby=\"gallery-1-60968\" \/><\/a>\n\t\t\t<\/div>\n\t\t\t\t<figcaption class='wp-caption-text gallery-caption' id='gallery-1-60968'>\n\t\t\t\tEdificio Bonjo V \/ Moir\u00eb Arquitectos (\u00a9 Obralinda)\n\t\t\t\t<\/figcaption><\/figure><figure class='gallery-item'>\n\t\t\t<div class='gallery-icon portrait'>\n\t\t\t\t<a href='https:\/\/www.arquimaster.com.ar\/web\/wp-content\/uploads\/2020\/11\/edificio_bonjo_v7.jpg' title=\"Edificio Bonjo V \/ Moir\u00eb Arquitectos (\u00a9 Obralinda)\" data-rl_title=\"Edificio Bonjo V \/ Moir\u00eb Arquitectos (\u00a9 Obralinda)\" class=\"rl-gallery-link\" data-rl_caption=\"Edificio Bonjo V \/ Moir\u00eb Arquitectos (\u00a9 Obralinda)\" data-rel=\"lightbox-gallery-1\"><img loading=\"lazy\" decoding=\"async\" width=\"150\" height=\"150\" src=\"https:\/\/www.arquimaster.com.ar\/web\/wp-content\/uploads\/2020\/11\/edificio_bonjo_v7-150x150.jpg\" class=\"attachment-thumbnail size-thumbnail\" alt=\"Edificio Bonjo V \/ Moir\u00eb Arquitectos\" aria-describedby=\"gallery-1-60969\" \/><\/a>\n\t\t\t<\/div>\n\t\t\t\t<figcaption class='wp-caption-text gallery-caption' id='gallery-1-60969'>\n\t\t\t\tEdificio Bonjo V \/ Moir\u00eb Arquitectos (\u00a9 Obralinda)\n\t\t\t\t<\/figcaption><\/figure><figure class='gallery-item'>\n\t\t\t<div class='gallery-icon landscape'>\n\t\t\t\t<a href='https:\/\/www.arquimaster.com.ar\/web\/wp-content\/uploads\/2020\/11\/edificio_bonjo_v8.jpg' title=\"Edificio Bonjo V \/ Moir\u00eb Arquitectos (\u00a9 Obralinda)\" data-rl_title=\"Edificio Bonjo V \/ Moir\u00eb Arquitectos (\u00a9 Obralinda)\" class=\"rl-gallery-link\" data-rl_caption=\"Edificio Bonjo V \/ Moir\u00eb Arquitectos (\u00a9 Obralinda)\" data-rel=\"lightbox-gallery-1\"><img loading=\"lazy\" decoding=\"async\" width=\"150\" height=\"150\" src=\"https:\/\/www.arquimaster.com.ar\/web\/wp-content\/uploads\/2020\/11\/edificio_bonjo_v8-150x150.jpg\" class=\"attachment-thumbnail size-thumbnail\" alt=\"Edificio Bonjo V \/ Moir\u00eb Arquitectos\" aria-describedby=\"gallery-1-60970\" \/><\/a>\n\t\t\t<\/div>\n\t\t\t\t<figcaption class='wp-caption-text gallery-caption' id='gallery-1-60970'>\n\t\t\t\tEdificio Bonjo V \/ Moir\u00eb Arquitectos (\u00a9 Obralinda)\n\t\t\t\t<\/figcaption><\/figure><figure class='gallery-item'>\n\t\t\t<div class='gallery-icon portrait'>\n\t\t\t\t<a href='https:\/\/www.arquimaster.com.ar\/web\/wp-content\/uploads\/2020\/11\/edificio_bonjo_v9.jpg' title=\"Edificio Bonjo V \/ Moir\u00eb Arquitectos (\u00a9 Obralinda)\" data-rl_title=\"Edificio Bonjo V \/ Moir\u00eb Arquitectos (\u00a9 Obralinda)\" class=\"rl-gallery-link\" data-rl_caption=\"Edificio Bonjo V \/ Moir\u00eb Arquitectos (\u00a9 Obralinda)\" data-rel=\"lightbox-gallery-1\"><img loading=\"lazy\" decoding=\"async\" width=\"150\" height=\"150\" src=\"https:\/\/www.arquimaster.com.ar\/web\/wp-content\/uploads\/2020\/11\/edificio_bonjo_v9-150x150.jpg\" class=\"attachment-thumbnail size-thumbnail\" alt=\"Edificio Bonjo V \/ Moir\u00eb Arquitectos\" aria-describedby=\"gallery-1-60971\" \/><\/a>\n\t\t\t<\/div>\n\t\t\t\t<figcaption class='wp-caption-text gallery-caption' id='gallery-1-60971'>\n\t\t\t\tEdificio Bonjo V \/ Moir\u00eb Arquitectos (\u00a9 Obralinda)\n\t\t\t\t<\/figcaption><\/figure><figure class='gallery-item'>\n\t\t\t<div class='gallery-icon landscape'>\n\t\t\t\t<a href='https:\/\/www.arquimaster.com.ar\/web\/wp-content\/uploads\/2020\/11\/edificio_bonjo_v10.jpg' title=\"Edificio Bonjo V \/ Moir\u00eb Arquitectos (\u00a9 Obralinda)\" data-rl_title=\"Edificio Bonjo V \/ Moir\u00eb Arquitectos (\u00a9 Obralinda)\" class=\"rl-gallery-link\" data-rl_caption=\"Edificio Bonjo V \/ Moir\u00eb Arquitectos (\u00a9 Obralinda)\" data-rel=\"lightbox-gallery-1\"><img loading=\"lazy\" decoding=\"async\" width=\"150\" height=\"150\" src=\"https:\/\/www.arquimaster.com.ar\/web\/wp-content\/uploads\/2020\/11\/edificio_bonjo_v10-150x150.jpg\" class=\"attachment-thumbnail size-thumbnail\" alt=\"Edificio Bonjo V \/ Moir\u00eb Arquitectos\" aria-describedby=\"gallery-1-60972\" \/><\/a>\n\t\t\t<\/div>\n\t\t\t\t<figcaption class='wp-caption-text gallery-caption' id='gallery-1-60972'>\n\t\t\t\tEdificio Bonjo V \/ Moir\u00eb Arquitectos (\u00a9 Obralinda)\n\t\t\t\t<\/figcaption><\/figure><figure class='gallery-item'>\n\t\t\t<div class='gallery-icon landscape'>\n\t\t\t\t<a href='https:\/\/www.arquimaster.com.ar\/web\/wp-content\/uploads\/2020\/11\/edificio_bonjo_v11.jpg' title=\"Edificio Bonjo V \/ Moir\u00eb Arquitectos (\u00a9 Obralinda)\" data-rl_title=\"Edificio Bonjo V \/ Moir\u00eb Arquitectos (\u00a9 Obralinda)\" class=\"rl-gallery-link\" data-rl_caption=\"Edificio Bonjo V \/ Moir\u00eb Arquitectos (\u00a9 Obralinda)\" data-rel=\"lightbox-gallery-1\"><img loading=\"lazy\" decoding=\"async\" width=\"150\" height=\"150\" src=\"https:\/\/www.arquimaster.com.ar\/web\/wp-content\/uploads\/2020\/11\/edificio_bonjo_v11-150x150.jpg\" class=\"attachment-thumbnail size-thumbnail\" alt=\"Edificio Bonjo V \/ Moir\u00eb Arquitectos\" aria-describedby=\"gallery-1-60973\" \/><\/a>\n\t\t\t<\/div>\n\t\t\t\t<figcaption class='wp-caption-text gallery-caption' id='gallery-1-60973'>\n\t\t\t\tEdificio Bonjo V \/ Moir\u00eb Arquitectos (\u00a9 Obralinda)\n\t\t\t\t<\/figcaption><\/figure><figure class='gallery-item'>\n\t\t\t<div class='gallery-icon landscape'>\n\t\t\t\t<a href='https:\/\/www.arquimaster.com.ar\/web\/wp-content\/uploads\/2020\/11\/edificio_bonjo_v12.jpg' title=\"Edificio Bonjo V \/ Moir\u00eb Arquitectos (\u00a9 Obralinda)\" data-rl_title=\"Edificio Bonjo V \/ Moir\u00eb Arquitectos (\u00a9 Obralinda)\" class=\"rl-gallery-link\" data-rl_caption=\"Edificio Bonjo V \/ Moir\u00eb Arquitectos (\u00a9 Obralinda)\" data-rel=\"lightbox-gallery-1\"><img loading=\"lazy\" decoding=\"async\" width=\"150\" height=\"150\" src=\"https:\/\/www.arquimaster.com.ar\/web\/wp-content\/uploads\/2020\/11\/edificio_bonjo_v12-150x150.jpg\" class=\"attachment-thumbnail size-thumbnail\" alt=\"Edificio Bonjo V \/ Moir\u00eb Arquitectos\" aria-describedby=\"gallery-1-60974\" \/><\/a>\n\t\t\t<\/div>\n\t\t\t\t<figcaption class='wp-caption-text gallery-caption' id='gallery-1-60974'>\n\t\t\t\tEdificio Bonjo V \/ Moir\u00eb Arquitectos (\u00a9 Obralinda)\n\t\t\t\t<\/figcaption><\/figure><figure class='gallery-item'>\n\t\t\t<div class='gallery-icon portrait'>\n\t\t\t\t<a href='https:\/\/www.arquimaster.com.ar\/web\/wp-content\/uploads\/2020\/11\/edificio_bonjo_v13.jpg' title=\"Edificio Bonjo V \/ Moir\u00eb Arquitectos (\u00a9 Obralinda)\" data-rl_title=\"Edificio Bonjo V \/ Moir\u00eb Arquitectos (\u00a9 Obralinda)\" class=\"rl-gallery-link\" data-rl_caption=\"Edificio Bonjo V \/ Moir\u00eb Arquitectos (\u00a9 Obralinda)\" data-rel=\"lightbox-gallery-1\"><img loading=\"lazy\" decoding=\"async\" width=\"150\" height=\"150\" src=\"https:\/\/www.arquimaster.com.ar\/web\/wp-content\/uploads\/2020\/11\/edificio_bonjo_v13-150x150.jpg\" class=\"attachment-thumbnail size-thumbnail\" alt=\"Edificio Bonjo V \/ Moir\u00eb Arquitectos\" aria-describedby=\"gallery-1-60975\" \/><\/a>\n\t\t\t<\/div>\n\t\t\t\t<figcaption class='wp-caption-text gallery-caption' id='gallery-1-60975'>\n\t\t\t\tEdificio Bonjo V \/ Moir\u00eb Arquitectos (\u00a9 Obralinda)\n\t\t\t\t<\/figcaption><\/figure><figure class='gallery-item'>\n\t\t\t<div class='gallery-icon landscape'>\n\t\t\t\t<a href='https:\/\/www.arquimaster.com.ar\/web\/wp-content\/uploads\/2020\/11\/edificio_bonjo_v14.jpg' title=\"Edificio Bonjo V \/ Moir\u00eb Arquitectos (\u00a9 Obralinda)\" data-rl_title=\"Edificio Bonjo V \/ Moir\u00eb Arquitectos (\u00a9 Obralinda)\" class=\"rl-gallery-link\" data-rl_caption=\"Edificio Bonjo V \/ Moir\u00eb Arquitectos (\u00a9 Obralinda)\" data-rel=\"lightbox-gallery-1\"><img loading=\"lazy\" decoding=\"async\" width=\"150\" height=\"150\" src=\"https:\/\/www.arquimaster.com.ar\/web\/wp-content\/uploads\/2020\/11\/edificio_bonjo_v14-150x150.jpg\" class=\"attachment-thumbnail size-thumbnail\" alt=\"Edificio Bonjo V \/ Moir\u00eb Arquitectos\" aria-describedby=\"gallery-1-60976\" \/><\/a>\n\t\t\t<\/div>\n\t\t\t\t<figcaption class='wp-caption-text gallery-caption' id='gallery-1-60976'>\n\t\t\t\tEdificio Bonjo V \/ Moir\u00eb Arquitectos (\u00a9 Obralinda)\n\t\t\t\t<\/figcaption><\/figure><figure class='gallery-item'>\n\t\t\t<div class='gallery-icon portrait'>\n\t\t\t\t<a href='https:\/\/www.arquimaster.com.ar\/web\/wp-content\/uploads\/2020\/11\/edificio_bonjo_v15.jpg' title=\"Edificio Bonjo V \/ Moir\u00eb Arquitectos (\u00a9 Obralinda)\" data-rl_title=\"Edificio Bonjo V \/ Moir\u00eb Arquitectos (\u00a9 Obralinda)\" class=\"rl-gallery-link\" data-rl_caption=\"Edificio Bonjo V \/ Moir\u00eb Arquitectos (\u00a9 Obralinda)\" data-rel=\"lightbox-gallery-1\"><img loading=\"lazy\" decoding=\"async\" width=\"150\" height=\"150\" src=\"https:\/\/www.arquimaster.com.ar\/web\/wp-content\/uploads\/2020\/11\/edificio_bonjo_v15-150x150.jpg\" class=\"attachment-thumbnail size-thumbnail\" alt=\"Edificio Bonjo V \/ Moir\u00eb Arquitectos\" aria-describedby=\"gallery-1-60977\" \/><\/a>\n\t\t\t<\/div>\n\t\t\t\t<figcaption class='wp-caption-text gallery-caption' id='gallery-1-60977'>\n\t\t\t\tEdificio Bonjo V \/ Moir\u00eb Arquitectos (\u00a9 Obralinda)\n\t\t\t\t<\/figcaption><\/figure><figure class='gallery-item'>\n\t\t\t<div class='gallery-icon landscape'>\n\t\t\t\t<a href='https:\/\/www.arquimaster.com.ar\/web\/wp-content\/uploads\/2020\/11\/edificio_bonjo_v16.jpg' title=\"Edificio Bonjo V \/ Moir\u00eb Arquitectos (\u00a9 Obralinda)\" data-rl_title=\"Edificio Bonjo V \/ Moir\u00eb Arquitectos (\u00a9 Obralinda)\" class=\"rl-gallery-link\" data-rl_caption=\"Edificio Bonjo V \/ Moir\u00eb Arquitectos (\u00a9 Obralinda)\" data-rel=\"lightbox-gallery-1\"><img loading=\"lazy\" decoding=\"async\" width=\"150\" height=\"150\" src=\"https:\/\/www.arquimaster.com.ar\/web\/wp-content\/uploads\/2020\/11\/edificio_bonjo_v16-150x150.jpg\" class=\"attachment-thumbnail size-thumbnail\" alt=\"Edificio Bonjo V \/ Moir\u00eb Arquitectos\" aria-describedby=\"gallery-1-60978\" \/><\/a>\n\t\t\t<\/div>\n\t\t\t\t<figcaption class='wp-caption-text gallery-caption' id='gallery-1-60978'>\n\t\t\t\tEdificio Bonjo V \/ Moir\u00eb Arquitectos (\u00a9 Obralinda)\n\t\t\t\t<\/figcaption><\/figure><figure class='gallery-item'>\n\t\t\t<div class='gallery-icon landscape'>\n\t\t\t\t<a href='https:\/\/www.arquimaster.com.ar\/web\/wp-content\/uploads\/2020\/11\/edificio_bonjo_v17.jpg' title=\"Edificio Bonjo V \/ Moir\u00eb Arquitectos (\u00a9 Obralinda)\" data-rl_title=\"Edificio Bonjo V \/ Moir\u00eb Arquitectos (\u00a9 Obralinda)\" class=\"rl-gallery-link\" data-rl_caption=\"Edificio Bonjo V \/ Moir\u00eb Arquitectos (\u00a9 Obralinda)\" data-rel=\"lightbox-gallery-1\"><img loading=\"lazy\" decoding=\"async\" width=\"150\" height=\"150\" src=\"https:\/\/www.arquimaster.com.ar\/web\/wp-content\/uploads\/2020\/11\/edificio_bonjo_v17-150x150.jpg\" class=\"attachment-thumbnail size-thumbnail\" alt=\"Edificio Bonjo V \/ Moir\u00eb Arquitectos\" aria-describedby=\"gallery-1-60979\" \/><\/a>\n\t\t\t<\/div>\n\t\t\t\t<figcaption class='wp-caption-text gallery-caption' id='gallery-1-60979'>\n\t\t\t\tEdificio Bonjo V \/ Moir\u00eb Arquitectos (\u00a9 Obralinda)\n\t\t\t\t<\/figcaption><\/figure><figure class='gallery-item'>\n\t\t\t<div class='gallery-icon landscape'>\n\t\t\t\t<a href='https:\/\/www.arquimaster.com.ar\/web\/wp-content\/uploads\/2020\/11\/edificio_bonjo_v18.jpg' title=\"Edificio Bonjo V \/ Moir\u00eb Arquitectos (\u00a9 Obralinda)\" data-rl_title=\"Edificio Bonjo V \/ Moir\u00eb Arquitectos (\u00a9 Obralinda)\" class=\"rl-gallery-link\" data-rl_caption=\"Edificio Bonjo V \/ Moir\u00eb Arquitectos (\u00a9 Obralinda)\" data-rel=\"lightbox-gallery-1\"><img loading=\"lazy\" decoding=\"async\" width=\"150\" height=\"150\" src=\"https:\/\/www.arquimaster.com.ar\/web\/wp-content\/uploads\/2020\/11\/edificio_bonjo_v18-150x150.jpg\" class=\"attachment-thumbnail size-thumbnail\" alt=\"Edificio Bonjo V \/ Moir\u00eb Arquitectos\" aria-describedby=\"gallery-1-60980\" \/><\/a>\n\t\t\t<\/div>\n\t\t\t\t<figcaption class='wp-caption-text gallery-caption' id='gallery-1-60980'>\n\t\t\t\tEdificio Bonjo V \/ Moir\u00eb Arquitectos (\u00a9 Obralinda)\n\t\t\t\t<\/figcaption><\/figure><figure class='gallery-item'>\n\t\t\t<div class='gallery-icon landscape'>\n\t\t\t\t<a href='https:\/\/www.arquimaster.com.ar\/web\/wp-content\/uploads\/2020\/11\/edificio_bonjo_v19.jpg' title=\"Edificio Bonjo V \/ Moir\u00eb Arquitectos (\u00a9 Obralinda)\" data-rl_title=\"Edificio Bonjo V \/ Moir\u00eb Arquitectos (\u00a9 Obralinda)\" class=\"rl-gallery-link\" data-rl_caption=\"Edificio Bonjo V \/ Moir\u00eb Arquitectos (\u00a9 Obralinda)\" data-rel=\"lightbox-gallery-1\"><img loading=\"lazy\" decoding=\"async\" width=\"150\" height=\"150\" src=\"https:\/\/www.arquimaster.com.ar\/web\/wp-content\/uploads\/2020\/11\/edificio_bonjo_v19-150x150.jpg\" class=\"attachment-thumbnail size-thumbnail\" alt=\"Edificio Bonjo V \/ Moir\u00eb Arquitectos\" aria-describedby=\"gallery-1-60981\" \/><\/a>\n\t\t\t<\/div>\n\t\t\t\t<figcaption class='wp-caption-text gallery-caption' id='gallery-1-60981'>\n\t\t\t\tEdificio Bonjo V \/ Moir\u00eb Arquitectos (\u00a9 Obralinda)\n\t\t\t\t<\/figcaption><\/figure><figure class='gallery-item'>\n\t\t\t<div class='gallery-icon portrait'>\n\t\t\t\t<a href='https:\/\/www.arquimaster.com.ar\/web\/wp-content\/uploads\/2020\/11\/edificio_bonjo_v20.jpg' title=\"Edificio Bonjo V \/ Moir\u00eb Arquitectos (\u00a9 Obralinda)\" data-rl_title=\"Edificio Bonjo V \/ Moir\u00eb Arquitectos (\u00a9 Obralinda)\" class=\"rl-gallery-link\" data-rl_caption=\"Edificio Bonjo V \/ Moir\u00eb Arquitectos (\u00a9 Obralinda)\" data-rel=\"lightbox-gallery-1\"><img loading=\"lazy\" decoding=\"async\" width=\"150\" height=\"150\" src=\"https:\/\/www.arquimaster.com.ar\/web\/wp-content\/uploads\/2020\/11\/edificio_bonjo_v20-150x150.jpg\" class=\"attachment-thumbnail size-thumbnail\" alt=\"Edificio Bonjo V \/ Moir\u00eb Arquitectos\" aria-describedby=\"gallery-1-60982\" \/><\/a>\n\t\t\t<\/div>\n\t\t\t\t<figcaption class='wp-caption-text gallery-caption' id='gallery-1-60982'>\n\t\t\t\tEdificio Bonjo V \/ Moir\u00eb Arquitectos (\u00a9 Obralinda)\n\t\t\t\t<\/figcaption><\/figure><figure class='gallery-item'>\n\t\t\t<div class='gallery-icon portrait'>\n\t\t\t\t<a href='https:\/\/www.arquimaster.com.ar\/web\/wp-content\/uploads\/2020\/11\/edificio_bonjo_v21.jpg' title=\"Edificio Bonjo V \/ Moir\u00eb Arquitectos (\u00a9 Obralinda)\" data-rl_title=\"Edificio Bonjo V \/ Moir\u00eb Arquitectos (\u00a9 Obralinda)\" class=\"rl-gallery-link\" data-rl_caption=\"Edificio Bonjo V \/ Moir\u00eb Arquitectos (\u00a9 Obralinda)\" data-rel=\"lightbox-gallery-1\"><img loading=\"lazy\" decoding=\"async\" width=\"150\" height=\"150\" src=\"https:\/\/www.arquimaster.com.ar\/web\/wp-content\/uploads\/2020\/11\/edificio_bonjo_v21-150x150.jpg\" class=\"attachment-thumbnail size-thumbnail\" alt=\"Edificio Bonjo V \/ Moir\u00eb Arquitectos\" aria-describedby=\"gallery-1-60983\" \/><\/a>\n\t\t\t<\/div>\n\t\t\t\t<figcaption class='wp-caption-text gallery-caption' id='gallery-1-60983'>\n\t\t\t\tEdificio Bonjo V \/ Moir\u00eb Arquitectos (\u00a9 Obralinda)\n\t\t\t\t<\/figcaption><\/figure><figure class='gallery-item'>\n\t\t\t<div class='gallery-icon landscape'>\n\t\t\t\t<a href='https:\/\/www.arquimaster.com.ar\/web\/wp-content\/uploads\/2020\/11\/edificio_bonjo_v22.jpg' title=\"Edificio Bonjo V \/ Moir\u00eb Arquitectos (\u00a9 Obralinda)\" data-rl_title=\"Edificio Bonjo V \/ Moir\u00eb Arquitectos (\u00a9 Obralinda)\" class=\"rl-gallery-link\" data-rl_caption=\"Edificio Bonjo V \/ Moir\u00eb Arquitectos (\u00a9 Obralinda)\" data-rel=\"lightbox-gallery-1\"><img loading=\"lazy\" decoding=\"async\" width=\"150\" height=\"150\" src=\"https:\/\/www.arquimaster.com.ar\/web\/wp-content\/uploads\/2020\/11\/edificio_bonjo_v22-150x150.jpg\" class=\"attachment-thumbnail size-thumbnail\" alt=\"Edificio Bonjo V \/ Moir\u00eb Arquitectos\" aria-describedby=\"gallery-1-60984\" \/><\/a>\n\t\t\t<\/div>\n\t\t\t\t<figcaption class='wp-caption-text gallery-caption' id='gallery-1-60984'>\n\t\t\t\tEdificio Bonjo V \/ Moir\u00eb Arquitectos (\u00a9 Obralinda)\n\t\t\t\t<\/figcaption><\/figure><figure class='gallery-item'>\n\t\t\t<div class='gallery-icon portrait'>\n\t\t\t\t<a href='https:\/\/www.arquimaster.com.ar\/web\/wp-content\/uploads\/2020\/11\/edificio_bonjo_v23.jpg' title=\"Edificio Bonjo V \/ Moir\u00eb Arquitectos (\u00a9 Obralinda)\" data-rl_title=\"Edificio Bonjo V \/ Moir\u00eb Arquitectos (\u00a9 Obralinda)\" class=\"rl-gallery-link\" data-rl_caption=\"Edificio Bonjo V \/ Moir\u00eb Arquitectos (\u00a9 Obralinda)\" data-rel=\"lightbox-gallery-1\"><img loading=\"lazy\" decoding=\"async\" width=\"150\" height=\"150\" src=\"https:\/\/www.arquimaster.com.ar\/web\/wp-content\/uploads\/2020\/11\/edificio_bonjo_v23-150x150.jpg\" class=\"attachment-thumbnail size-thumbnail\" alt=\"Edificio Bonjo V \/ Moir\u00eb Arquitectos\" aria-describedby=\"gallery-1-60985\" \/><\/a>\n\t\t\t<\/div>\n\t\t\t\t<figcaption class='wp-caption-text gallery-caption' id='gallery-1-60985'>\n\t\t\t\tEdificio Bonjo V \/ Moir\u00eb Arquitectos (\u00a9 Obralinda)\n\t\t\t\t<\/figcaption><\/figure><figure class='gallery-item'>\n\t\t\t<div class='gallery-icon landscape'>\n\t\t\t\t<a href='https:\/\/www.arquimaster.com.ar\/web\/wp-content\/uploads\/2020\/11\/edificio_bonjo_v24.jpg' title=\"Edificio Bonjo V \/ Moir\u00eb Arquitectos (\u00a9 Obralinda)\" data-rl_title=\"Edificio Bonjo V \/ Moir\u00eb Arquitectos (\u00a9 Obralinda)\" class=\"rl-gallery-link\" data-rl_caption=\"Edificio Bonjo V \/ Moir\u00eb Arquitectos (\u00a9 Obralinda)\" data-rel=\"lightbox-gallery-1\"><img loading=\"lazy\" decoding=\"async\" width=\"150\" height=\"150\" src=\"https:\/\/www.arquimaster.com.ar\/web\/wp-content\/uploads\/2020\/11\/edificio_bonjo_v24-150x150.jpg\" class=\"attachment-thumbnail size-thumbnail\" alt=\"Edificio Bonjo V \/ Moir\u00eb Arquitectos\" aria-describedby=\"gallery-1-60986\" \/><\/a>\n\t\t\t<\/div>\n\t\t\t\t<figcaption class='wp-caption-text gallery-caption' id='gallery-1-60986'>\n\t\t\t\tEdificio Bonjo V \/ Moir\u00eb Arquitectos (\u00a9 Obralinda)\n\t\t\t\t<\/figcaption><\/figure><figure class='gallery-item'>\n\t\t\t<div class='gallery-icon portrait'>\n\t\t\t\t<a href='https:\/\/www.arquimaster.com.ar\/web\/wp-content\/uploads\/2020\/11\/edificio_bonjo_v25.jpg' title=\"Edificio Bonjo V \/ Moir\u00eb Arquitectos (\u00a9 Obralinda)\" data-rl_title=\"Edificio Bonjo V \/ Moir\u00eb Arquitectos (\u00a9 Obralinda)\" class=\"rl-gallery-link\" data-rl_caption=\"Edificio Bonjo V \/ Moir\u00eb Arquitectos (\u00a9 Obralinda)\" data-rel=\"lightbox-gallery-1\"><img loading=\"lazy\" decoding=\"async\" width=\"150\" height=\"150\" src=\"https:\/\/www.arquimaster.com.ar\/web\/wp-content\/uploads\/2020\/11\/edificio_bonjo_v25-150x150.jpg\" class=\"attachment-thumbnail size-thumbnail\" alt=\"Edificio Bonjo V \/ Moir\u00eb Arquitectos\" aria-describedby=\"gallery-1-60987\" \/><\/a>\n\t\t\t<\/div>\n\t\t\t\t<figcaption class='wp-caption-text gallery-caption' id='gallery-1-60987'>\n\t\t\t\tEdificio Bonjo V \/ Moir\u00eb Arquitectos (\u00a9 Obralinda)\n\t\t\t\t<\/figcaption><\/figure><figure class='gallery-item'>\n\t\t\t<div class='gallery-icon portrait'>\n\t\t\t\t<a href='https:\/\/www.arquimaster.com.ar\/web\/wp-content\/uploads\/2020\/11\/edificio_bonjo_v26.jpg' title=\"Edificio Bonjo V \/ Moir\u00eb Arquitectos (\u00a9 Obralinda)\" data-rl_title=\"Edificio Bonjo V \/ Moir\u00eb Arquitectos (\u00a9 Obralinda)\" class=\"rl-gallery-link\" data-rl_caption=\"Edificio Bonjo V \/ Moir\u00eb Arquitectos (\u00a9 Obralinda)\" data-rel=\"lightbox-gallery-1\"><img loading=\"lazy\" decoding=\"async\" width=\"150\" height=\"150\" src=\"https:\/\/www.arquimaster.com.ar\/web\/wp-content\/uploads\/2020\/11\/edificio_bonjo_v26-150x150.jpg\" class=\"attachment-thumbnail size-thumbnail\" alt=\"Edificio Bonjo V \/ Moir\u00eb Arquitectos\" aria-describedby=\"gallery-1-60988\" \/><\/a>\n\t\t\t<\/div>\n\t\t\t\t<figcaption class='wp-caption-text gallery-caption' id='gallery-1-60988'>\n\t\t\t\tEdificio Bonjo V \/ Moir\u00eb Arquitectos (\u00a9 Obralinda)\n\t\t\t\t<\/figcaption><\/figure><figure class='gallery-item'>\n\t\t\t<div class='gallery-icon landscape'>\n\t\t\t\t<a href='https:\/\/www.arquimaster.com.ar\/web\/wp-content\/uploads\/2020\/11\/edificio_bonjo_v27.jpg' title=\"Edificio Bonjo V \/ Moir\u00eb Arquitectos (\u00a9 Obralinda)\" data-rl_title=\"Edificio Bonjo V \/ Moir\u00eb Arquitectos (\u00a9 Obralinda)\" class=\"rl-gallery-link\" data-rl_caption=\"Edificio Bonjo V \/ Moir\u00eb Arquitectos (\u00a9 Obralinda)\" data-rel=\"lightbox-gallery-1\"><img loading=\"lazy\" decoding=\"async\" width=\"150\" height=\"150\" src=\"https:\/\/www.arquimaster.com.ar\/web\/wp-content\/uploads\/2020\/11\/edificio_bonjo_v27-150x150.jpg\" class=\"attachment-thumbnail size-thumbnail\" alt=\"Edificio Bonjo V \/ Moir\u00eb Arquitectos\" aria-describedby=\"gallery-1-60989\" \/><\/a>\n\t\t\t<\/div>\n\t\t\t\t<figcaption class='wp-caption-text gallery-caption' id='gallery-1-60989'>\n\t\t\t\tEdificio Bonjo V \/ Moir\u00eb Arquitectos (\u00a9 Obralinda)\n\t\t\t\t<\/figcaption><\/figure><figure class='gallery-item'>\n\t\t\t<div class='gallery-icon portrait'>\n\t\t\t\t<a href='https:\/\/www.arquimaster.com.ar\/web\/wp-content\/uploads\/2020\/11\/edificio_bonjo_v28.jpg' title=\"Edificio Bonjo V \/ Moir\u00eb Arquitectos (\u00a9 Obralinda)\" data-rl_title=\"Edificio Bonjo V \/ Moir\u00eb Arquitectos (\u00a9 Obralinda)\" class=\"rl-gallery-link\" data-rl_caption=\"Edificio Bonjo V \/ Moir\u00eb Arquitectos (\u00a9 Obralinda)\" data-rel=\"lightbox-gallery-1\"><img loading=\"lazy\" decoding=\"async\" width=\"150\" height=\"150\" src=\"https:\/\/www.arquimaster.com.ar\/web\/wp-content\/uploads\/2020\/11\/edificio_bonjo_v28-150x150.jpg\" class=\"attachment-thumbnail size-thumbnail\" alt=\"Edificio Bonjo V \/ Moir\u00eb Arquitectos\" aria-describedby=\"gallery-1-60990\" \/><\/a>\n\t\t\t<\/div>\n\t\t\t\t<figcaption class='wp-caption-text gallery-caption' id='gallery-1-60990'>\n\t\t\t\tEdificio Bonjo V \/ Moir\u00eb Arquitectos (\u00a9 Obralinda)\n\t\t\t\t<\/figcaption><\/figure><figure class='gallery-item'>\n\t\t\t<div class='gallery-icon portrait'>\n\t\t\t\t<a href='https:\/\/www.arquimaster.com.ar\/web\/wp-content\/uploads\/2020\/11\/edificio_bonjo_v29.jpg' title=\"Edificio Bonjo V \/ Moir\u00eb Arquitectos (planta subsuelo)\" data-rl_title=\"Edificio Bonjo V \/ Moir\u00eb Arquitectos (planta subsuelo)\" class=\"rl-gallery-link\" data-rl_caption=\"Edificio Bonjo V \/ Moir\u00eb Arquitectos (planta subsuelo)\" data-rel=\"lightbox-gallery-1\"><img loading=\"lazy\" decoding=\"async\" width=\"150\" height=\"150\" src=\"https:\/\/www.arquimaster.com.ar\/web\/wp-content\/uploads\/2020\/11\/edificio_bonjo_v29-150x150.jpg\" class=\"attachment-thumbnail size-thumbnail\" alt=\"Edificio Bonjo V \/ Moir\u00eb Arquitectos\" aria-describedby=\"gallery-1-60991\" \/><\/a>\n\t\t\t<\/div>\n\t\t\t\t<figcaption class='wp-caption-text gallery-caption' id='gallery-1-60991'>\n\t\t\t\tEdificio Bonjo V \/ Moir\u00eb Arquitectos (planta subsuelo)\n\t\t\t\t<\/figcaption><\/figure><figure class='gallery-item'>\n\t\t\t<div class='gallery-icon portrait'>\n\t\t\t\t<a href='https:\/\/www.arquimaster.com.ar\/web\/wp-content\/uploads\/2020\/11\/edificio_bonjo_v30.jpg' title=\"Edificio Bonjo V \/ Moir\u00eb Arquitectos (planta baja)\" data-rl_title=\"Edificio Bonjo V \/ Moir\u00eb Arquitectos (planta baja)\" class=\"rl-gallery-link\" data-rl_caption=\"Edificio Bonjo V \/ Moir\u00eb Arquitectos (planta baja)\" data-rel=\"lightbox-gallery-1\"><img loading=\"lazy\" decoding=\"async\" width=\"150\" height=\"150\" src=\"https:\/\/www.arquimaster.com.ar\/web\/wp-content\/uploads\/2020\/11\/edificio_bonjo_v30-150x150.jpg\" class=\"attachment-thumbnail size-thumbnail\" alt=\"Edificio Bonjo V \/ Moir\u00eb Arquitectos\" aria-describedby=\"gallery-1-60992\" \/><\/a>\n\t\t\t<\/div>\n\t\t\t\t<figcaption class='wp-caption-text gallery-caption' id='gallery-1-60992'>\n\t\t\t\tEdificio Bonjo V \/ Moir\u00eb Arquitectos (planta baja)\n\t\t\t\t<\/figcaption><\/figure><figure class='gallery-item'>\n\t\t\t<div class='gallery-icon portrait'>\n\t\t\t\t<a href='https:\/\/www.arquimaster.com.ar\/web\/wp-content\/uploads\/2020\/11\/edificio_bonjo_v31.jpg' title=\"Edificio Bonjo V \/ Moir\u00eb Arquitectos (planta tipo)\" data-rl_title=\"Edificio Bonjo V \/ Moir\u00eb Arquitectos (planta tipo)\" class=\"rl-gallery-link\" data-rl_caption=\"Edificio Bonjo V \/ Moir\u00eb Arquitectos (planta tipo)\" data-rel=\"lightbox-gallery-1\"><img loading=\"lazy\" decoding=\"async\" width=\"150\" height=\"150\" src=\"https:\/\/www.arquimaster.com.ar\/web\/wp-content\/uploads\/2020\/11\/edificio_bonjo_v31-150x150.jpg\" class=\"attachment-thumbnail size-thumbnail\" alt=\"Edificio Bonjo V \/ Moir\u00eb Arquitectos\" aria-describedby=\"gallery-1-60993\" \/><\/a>\n\t\t\t<\/div>\n\t\t\t\t<figcaption class='wp-caption-text gallery-caption' id='gallery-1-60993'>\n\t\t\t\tEdificio Bonjo V \/ Moir\u00eb Arquitectos (planta tipo)\n\t\t\t\t<\/figcaption><\/figure><figure class='gallery-item'>\n\t\t\t<div class='gallery-icon portrait'>\n\t\t\t\t<a href='https:\/\/www.arquimaster.com.ar\/web\/wp-content\/uploads\/2020\/11\/edificio_bonjo_v32.jpg' title=\"Edificio Bonjo V \/ Moir\u00eb Arquitectos (planta quincho)\" data-rl_title=\"Edificio Bonjo V \/ Moir\u00eb Arquitectos (planta quincho)\" class=\"rl-gallery-link\" data-rl_caption=\"Edificio Bonjo V \/ Moir\u00eb Arquitectos (planta quincho)\" data-rel=\"lightbox-gallery-1\"><img loading=\"lazy\" decoding=\"async\" width=\"150\" height=\"150\" src=\"https:\/\/www.arquimaster.com.ar\/web\/wp-content\/uploads\/2020\/11\/edificio_bonjo_v32-150x150.jpg\" class=\"attachment-thumbnail size-thumbnail\" alt=\"Edificio Bonjo V \/ Moir\u00eb Arquitectos\" aria-describedby=\"gallery-1-60994\" \/><\/a>\n\t\t\t<\/div>\n\t\t\t\t<figcaption class='wp-caption-text gallery-caption' id='gallery-1-60994'>\n\t\t\t\tEdificio Bonjo V \/ Moir\u00eb Arquitectos (planta quincho)\n\t\t\t\t<\/figcaption><\/figure><figure class='gallery-item'>\n\t\t\t<div class='gallery-icon portrait'>\n\t\t\t\t<a href='https:\/\/www.arquimaster.com.ar\/web\/wp-content\/uploads\/2020\/11\/edificio_bonjo_v33.jpg' title=\"Edificio Bonjo V \/ Moir\u00eb Arquitectos (corte)\" data-rl_title=\"Edificio Bonjo V \/ Moir\u00eb Arquitectos (corte)\" class=\"rl-gallery-link\" data-rl_caption=\"Edificio Bonjo V \/ Moir\u00eb Arquitectos (corte)\" data-rel=\"lightbox-gallery-1\"><img loading=\"lazy\" decoding=\"async\" width=\"150\" height=\"150\" src=\"https:\/\/www.arquimaster.com.ar\/web\/wp-content\/uploads\/2020\/11\/edificio_bonjo_v33-150x150.jpg\" class=\"attachment-thumbnail size-thumbnail\" alt=\"Edificio Bonjo V \/ Moir\u00eb Arquitectos\" aria-describedby=\"gallery-1-60995\" \/><\/a>\n\t\t\t<\/div>\n\t\t\t\t<figcaption class='wp-caption-text gallery-caption' id='gallery-1-60995'>\n\t\t\t\tEdificio Bonjo V \/ Moir\u00eb Arquitectos (corte)\n\t\t\t\t<\/figcaption><\/figure><figure class='gallery-item'>\n\t\t\t<div class='gallery-icon portrait'>\n\t\t\t\t<a href='https:\/\/www.arquimaster.com.ar\/web\/wp-content\/uploads\/2020\/11\/edificio_bonjo_v34.jpg' title=\"Edificio Bonjo V \/ Moir\u00eb Arquitectos (vista)\" data-rl_title=\"Edificio Bonjo V \/ Moir\u00eb Arquitectos (vista)\" class=\"rl-gallery-link\" data-rl_caption=\"Edificio Bonjo V \/ Moir\u00eb Arquitectos (vista)\" data-rel=\"lightbox-gallery-1\"><img loading=\"lazy\" decoding=\"async\" width=\"150\" height=\"150\" src=\"https:\/\/www.arquimaster.com.ar\/web\/wp-content\/uploads\/2020\/11\/edificio_bonjo_v34-150x150.jpg\" class=\"attachment-thumbnail size-thumbnail\" alt=\"Edificio Bonjo V \/ Moir\u00eb Arquitectos\" aria-describedby=\"gallery-1-60996\" \/><\/a>\n\t\t\t<\/div>\n\t\t\t\t<figcaption class='wp-caption-text gallery-caption' id='gallery-1-60996'>\n\t\t\t\tEdificio Bonjo V \/ Moir\u00eb Arquitectos (vista)\n\t\t\t\t<\/figcaption><\/figure>\n\t\t<\/div>\n\n<p>Establecidas estas condiciones, el proyecto pretende profundizar en la conformaci\u00f3n de un l\u00edmite de car\u00e1cter tridimensional, que ayude a potenciar el espacio interior y el exterior, y la relaci\u00f3n entre el edificio y la ciudad.<\/p>\n<p>Dicho l\u00edmite funciona como filtro de privacidad y ruidos mientras responde a su implantaci\u00f3n en cuanto genera un espacio de expansi\u00f3n protegido del clima y de los fuertes vientos de la Ciudad de Mar del Plata.<\/p>\n<p>Los balcones conforman un espacio intermedio que no es un espacio interior ni exterior sino un espacio relacional, que a modo de umbral, permite participar e intercambiar con el espacio p\u00fablico.<\/p>\n<p>El l\u00edmite tridimensional se constituye a partir de la perforaci\u00f3n del paralelep\u00edpedo que conforma el edificio, para obtener una doble piel articulada por los balcones.<\/p>\n<p>Hacia el exterior, se materializa con una secuencia variable de planos verticales de ladrillo visto y revoque pintado, que mientras le otorgan movimiento a la fachada, contribuye a que el l\u00edmite dialogue con el contexto urbano, tomando de este ciertos significantes materiales que forman parte de la producci\u00f3n cultural y la memoria colectiva.<\/p>\n<p><strong>Ficha t\u00e9cnica<\/strong><br \/>\nNombre: Edificio Bonjo V<br \/>\nUbicaci\u00f3n: Mar del Plata, Pcia. de Buenos Aires, Argentina<br \/>\nProyectistas: Moir\u00eb Arquitectos<br \/>\nEmpresa desarrolladora: Edificios Bonjo<br \/>\nSuperficie cubierta: 1000 m2<br \/>\nSuperficie semicubierta: 87 m2<br \/>\nSuperficie cocheras: 286 m2<br \/>\nFecha: 2020<br \/>\nFotografias: <a href=\"https:\/\/www.instagram.com\/obralinda_\" target=\"_blank\" rel=\"noopener noreferrer\">Obralinda<\/a><\/p>\n<p><strong>Contacto<\/strong><br \/>\n<a href=\"https:\/\/www.moirearqs.com.ar\" target=\"_blank\" rel=\"noopener noreferrer\">https:\/\/www.moirearqs.com.ar<\/a><\/p>\n\n<div style=\"font-size: 0px; height: 0px; line-height: 0px; margin: 0; padding: 0; clear: both;\"><\/div><div style=\"margin-top: 0px; margin-bottom: 0px;\" class=\"sharethis-inline-share-buttons\" ><\/div>","protected":false},"excerpt":{"rendered":"<p>El l\u00edmite tridimensional potencia la relaci\u00f3n entre el edificio y la ciudad&#8230;<\/p>\n","protected":false},"author":1,"featured_media":60962,"comment_status":"closed","ping_status":"closed","sticky":false,"template":"","format":"standard","meta":{"_uag_custom_page_level_css":"","footnotes":""},"categories":[80,1],"tags":[4282,87,458,871,91],"class_list":["post-60961","post","type-post","status-publish","format-standard","has-post-thumbnail","hentry","category-edificio-viviendas","category-proyecto","tag-arquitectura-residencial","tag-edificio-de-viviendas","tag-mar-del-plata","tag-moire-arquitectos","tag-vivienda-multifamiliar","generate-columns","tablet-grid-50","mobile-grid-100","grid-parent","grid-50"],"yoast_head":"<!-- This site is optimized with the Yoast SEO plugin v27.3 - https:\/\/yoast.com\/product\/yoast-seo-wordpress\/ -->\n<title>Edificio Bonjo V \/ Moir\u00eb Arquitectos - Arquimaster<\/title>\n<meta name=\"description\" content=\"Profundiza en la conformaci\u00f3n de un l\u00edmite de car\u00e1cter tridimensional, que ayuda a potenciar la relaci\u00f3n entre el edificio y la ciudad.\" \/>\n<meta name=\"robots\" content=\"index, follow, max-snippet:-1, max-image-preview:large, max-video-preview:-1\" \/>\n<link rel=\"canonical\" href=\"https:\/\/www.arquimaster.com.ar\/web\/edificio-bonjo-v-moire-arquitectos\/\" \/>\n<meta property=\"og:locale\" content=\"es_ES\" \/>\n<meta property=\"og:type\" content=\"article\" \/>\n<meta property=\"og:title\" content=\"Edificio Bonjo V \/ Moir\u00eb Arquitectos\" \/>\n<meta property=\"og:description\" content=\"Profundiza en la conformaci\u00f3n de un l\u00edmite de car\u00e1cter tridimensional, que ayuda a potenciar la relaci\u00f3n entre el edificio y la ciudad.\" \/>\n<meta property=\"og:url\" content=\"https:\/\/www.arquimaster.com.ar\/web\/edificio-bonjo-v-moire-arquitectos\/\" \/>\n<meta property=\"og:site_name\" content=\"Arquimaster\" \/>\n<meta property=\"article:publisher\" content=\"http:\/\/www.facebook.com\/ARQUIMASTER.com.ar\" \/>\n<meta property=\"article:published_time\" content=\"2020-11-19T22:22:36+00:00\" \/>\n<meta property=\"article:modified_time\" content=\"2020-12-17T17:55:02+00:00\" \/>\n<meta property=\"og:image\" content=\"https:\/\/www.arquimaster.com.ar\/web\/wp-content\/uploads\/2020\/11\/edificio_bonjo_v_slide.jpg\" \/>\n\t<meta property=\"og:image:width\" content=\"698\" \/>\n\t<meta property=\"og:image:height\" content=\"364\" \/>\n\t<meta property=\"og:image:type\" content=\"image\/jpeg\" \/>\n<meta name=\"author\" content=\"Arquimaster\" \/>\n<meta name=\"twitter:card\" content=\"summary_large_image\" \/>\n<meta name=\"twitter:title\" content=\"Edificio Bonjo V \/ Moir\u00eb Arquitectos\" \/>\n<meta name=\"twitter:description\" content=\"Profundiza en la conformaci\u00f3n de un l\u00edmite de car\u00e1cter tridimensional, que ayuda a potenciar la relaci\u00f3n entre el edificio y la ciudad.\" \/>\n<meta name=\"twitter:image\" content=\"https:\/\/www.arquimaster.com.ar\/web\/wp-content\/uploads\/2020\/11\/edificio_bonjo_v_slide.jpg\" \/>\n<meta name=\"twitter:creator\" content=\"@arquimaster\" \/>\n<meta name=\"twitter:site\" content=\"@arquimaster\" \/>\n<meta name=\"twitter:label1\" content=\"Escrito por\" \/>\n\t<meta name=\"twitter:data1\" content=\"Arquimaster\" \/>\n\t<meta name=\"twitter:label2\" content=\"Tiempo de lectura\" \/>\n\t<meta name=\"twitter:data2\" content=\"2 minutos\" \/>\n<script type=\"application\/ld+json\" class=\"yoast-schema-graph\">{\"@context\":\"https:\\\/\\\/schema.org\",\"@graph\":[{\"@type\":\"Article\",\"@id\":\"https:\\\/\\\/www.arquimaster.com.ar\\\/web\\\/edificio-bonjo-v-moire-arquitectos\\\/#article\",\"isPartOf\":{\"@id\":\"https:\\\/\\\/www.arquimaster.com.ar\\\/web\\\/edificio-bonjo-v-moire-arquitectos\\\/\"},\"author\":{\"name\":\"Arquimaster\",\"@id\":\"https:\\\/\\\/www.arquimaster.com.ar\\\/web\\\/#\\\/schema\\\/person\\\/359e9f7c00193fcde068e0dd2ceb0028\"},\"headline\":\"Edificio Bonjo V \\\/ Moir\u00eb Arquitectos\",\"datePublished\":\"2020-11-19T22:22:36+00:00\",\"dateModified\":\"2020-12-17T17:55:02+00:00\",\"mainEntityOfPage\":{\"@id\":\"https:\\\/\\\/www.arquimaster.com.ar\\\/web\\\/edificio-bonjo-v-moire-arquitectos\\\/\"},\"wordCount\":331,\"publisher\":{\"@id\":\"https:\\\/\\\/www.arquimaster.com.ar\\\/web\\\/#organization\"},\"image\":{\"@id\":\"https:\\\/\\\/www.arquimaster.com.ar\\\/web\\\/edificio-bonjo-v-moire-arquitectos\\\/#primaryimage\"},\"thumbnailUrl\":\"https:\\\/\\\/www.arquimaster.com.ar\\\/web\\\/wp-content\\\/uploads\\\/2020\\\/11\\\/edificio_bonjo_v_slide.jpg\",\"keywords\":[\"arquitectura residencial\",\"edificio de viviendas\",\"Mar del Plata\",\"Moir\u00eb Arquitectos\",\"vivienda multifamiliar\"],\"articleSection\":[\"Edificios de viviendas\",\"Proyecto\"],\"inLanguage\":\"es\"},{\"@type\":\"WebPage\",\"@id\":\"https:\\\/\\\/www.arquimaster.com.ar\\\/web\\\/edificio-bonjo-v-moire-arquitectos\\\/\",\"url\":\"https:\\\/\\\/www.arquimaster.com.ar\\\/web\\\/edificio-bonjo-v-moire-arquitectos\\\/\",\"name\":\"Edificio Bonjo V \\\/ Moir\u00eb Arquitectos - Arquimaster\",\"isPartOf\":{\"@id\":\"https:\\\/\\\/www.arquimaster.com.ar\\\/web\\\/#website\"},\"primaryImageOfPage\":{\"@id\":\"https:\\\/\\\/www.arquimaster.com.ar\\\/web\\\/edificio-bonjo-v-moire-arquitectos\\\/#primaryimage\"},\"image\":{\"@id\":\"https:\\\/\\\/www.arquimaster.com.ar\\\/web\\\/edificio-bonjo-v-moire-arquitectos\\\/#primaryimage\"},\"thumbnailUrl\":\"https:\\\/\\\/www.arquimaster.com.ar\\\/web\\\/wp-content\\\/uploads\\\/2020\\\/11\\\/edificio_bonjo_v_slide.jpg\",\"datePublished\":\"2020-11-19T22:22:36+00:00\",\"dateModified\":\"2020-12-17T17:55:02+00:00\",\"description\":\"Profundiza en la conformaci\u00f3n de un l\u00edmite de car\u00e1cter tridimensional, que ayuda a potenciar la relaci\u00f3n entre el edificio y la ciudad.\",\"breadcrumb\":{\"@id\":\"https:\\\/\\\/www.arquimaster.com.ar\\\/web\\\/edificio-bonjo-v-moire-arquitectos\\\/#breadcrumb\"},\"inLanguage\":\"es\",\"potentialAction\":[{\"@type\":\"ReadAction\",\"target\":[\"https:\\\/\\\/www.arquimaster.com.ar\\\/web\\\/edificio-bonjo-v-moire-arquitectos\\\/\"]}]},{\"@type\":\"ImageObject\",\"inLanguage\":\"es\",\"@id\":\"https:\\\/\\\/www.arquimaster.com.ar\\\/web\\\/edificio-bonjo-v-moire-arquitectos\\\/#primaryimage\",\"url\":\"https:\\\/\\\/www.arquimaster.com.ar\\\/web\\\/wp-content\\\/uploads\\\/2020\\\/11\\\/edificio_bonjo_v_slide.jpg\",\"contentUrl\":\"https:\\\/\\\/www.arquimaster.com.ar\\\/web\\\/wp-content\\\/uploads\\\/2020\\\/11\\\/edificio_bonjo_v_slide.jpg\",\"width\":698,\"height\":364,\"caption\":\"Edificio Bonjo V \\\/ Moir\u00eb Arquitectos\"},{\"@type\":\"BreadcrumbList\",\"@id\":\"https:\\\/\\\/www.arquimaster.com.ar\\\/web\\\/edificio-bonjo-v-moire-arquitectos\\\/#breadcrumb\",\"itemListElement\":[{\"@type\":\"ListItem\",\"position\":1,\"name\":\"Portada\",\"item\":\"https:\\\/\\\/www.arquimaster.com.ar\\\/web\\\/\"},{\"@type\":\"ListItem\",\"position\":2,\"name\":\"Edificio Bonjo V \\\/ Moir\u00eb Arquitectos\"}]},{\"@type\":\"WebSite\",\"@id\":\"https:\\\/\\\/www.arquimaster.com.ar\\\/web\\\/#website\",\"url\":\"https:\\\/\\\/www.arquimaster.com.ar\\\/web\\\/\",\"name\":\"Arquimaster\",\"description\":\"Web de arquitectura, dise\u00f1o y construccion\",\"publisher\":{\"@id\":\"https:\\\/\\\/www.arquimaster.com.ar\\\/web\\\/#organization\"},\"potentialAction\":[{\"@type\":\"SearchAction\",\"target\":{\"@type\":\"EntryPoint\",\"urlTemplate\":\"https:\\\/\\\/www.arquimaster.com.ar\\\/web\\\/?s={search_term_string}\"},\"query-input\":{\"@type\":\"PropertyValueSpecification\",\"valueRequired\":true,\"valueName\":\"search_term_string\"}}],\"inLanguage\":\"es\"},{\"@type\":\"Organization\",\"@id\":\"https:\\\/\\\/www.arquimaster.com.ar\\\/web\\\/#organization\",\"name\":\"Arquimaster\",\"url\":\"https:\\\/\\\/www.arquimaster.com.ar\\\/web\\\/\",\"logo\":{\"@type\":\"ImageObject\",\"inLanguage\":\"es\",\"@id\":\"https:\\\/\\\/www.arquimaster.com.ar\\\/web\\\/#\\\/schema\\\/logo\\\/image\\\/\",\"url\":\"https:\\\/\\\/www.arquimaster.com.ar\\\/web\\\/wp-content\\\/uploads\\\/2022\\\/06\\\/arquimaster.png\",\"contentUrl\":\"https:\\\/\\\/www.arquimaster.com.ar\\\/web\\\/wp-content\\\/uploads\\\/2022\\\/06\\\/arquimaster.png\",\"width\":594,\"height\":78,\"caption\":\"Arquimaster\"},\"image\":{\"@id\":\"https:\\\/\\\/www.arquimaster.com.ar\\\/web\\\/#\\\/schema\\\/logo\\\/image\\\/\"},\"sameAs\":[\"http:\\\/\\\/www.facebook.com\\\/ARQUIMASTER.com.ar\",\"https:\\\/\\\/x.com\\\/arquimaster\",\"https:\\\/\\\/www.instagram.com\\\/arquimasterblog\\\/\",\"https:\\\/\\\/www.linkedin.com\\\/company\\\/arquimaster\",\"https:\\\/\\\/www.pinterest.com\\\/arquimaster\",\"https:\\\/\\\/t.me\\\/arquimaster\"]},{\"@type\":\"Person\",\"@id\":\"https:\\\/\\\/www.arquimaster.com.ar\\\/web\\\/#\\\/schema\\\/person\\\/359e9f7c00193fcde068e0dd2ceb0028\",\"name\":\"Arquimaster\"}]}<\/script>\n<!-- \/ Yoast SEO plugin. -->","yoast_head_json":{"title":"Edificio Bonjo V \/ Moir\u00eb Arquitectos - Arquimaster","description":"Profundiza en la conformaci\u00f3n de un l\u00edmite de car\u00e1cter tridimensional, que ayuda a potenciar la relaci\u00f3n entre el edificio y la ciudad.","robots":{"index":"index","follow":"follow","max-snippet":"max-snippet:-1","max-image-preview":"max-image-preview:large","max-video-preview":"max-video-preview:-1"},"canonical":"https:\/\/www.arquimaster.com.ar\/web\/edificio-bonjo-v-moire-arquitectos\/","og_locale":"es_ES","og_type":"article","og_title":"Edificio Bonjo V \/ Moir\u00eb Arquitectos","og_description":"Profundiza en la conformaci\u00f3n de un l\u00edmite de car\u00e1cter tridimensional, que ayuda a potenciar la relaci\u00f3n entre el edificio y la ciudad.","og_url":"https:\/\/www.arquimaster.com.ar\/web\/edificio-bonjo-v-moire-arquitectos\/","og_site_name":"Arquimaster","article_publisher":"http:\/\/www.facebook.com\/ARQUIMASTER.com.ar","article_published_time":"2020-11-19T22:22:36+00:00","article_modified_time":"2020-12-17T17:55:02+00:00","og_image":[{"width":698,"height":364,"url":"https:\/\/www.arquimaster.com.ar\/web\/wp-content\/uploads\/2020\/11\/edificio_bonjo_v_slide.jpg","type":"image\/jpeg"}],"author":"Arquimaster","twitter_card":"summary_large_image","twitter_title":"Edificio Bonjo V \/ Moir\u00eb Arquitectos","twitter_description":"Profundiza en la conformaci\u00f3n de un l\u00edmite de car\u00e1cter tridimensional, que ayuda a potenciar la relaci\u00f3n entre el edificio y la ciudad.","twitter_image":"https:\/\/www.arquimaster.com.ar\/web\/wp-content\/uploads\/2020\/11\/edificio_bonjo_v_slide.jpg","twitter_creator":"@arquimaster","twitter_site":"@arquimaster","twitter_misc":{"Escrito por":"Arquimaster","Tiempo de lectura":"2 minutos"},"schema":{"@context":"https:\/\/schema.org","@graph":[{"@type":"Article","@id":"https:\/\/www.arquimaster.com.ar\/web\/edificio-bonjo-v-moire-arquitectos\/#article","isPartOf":{"@id":"https:\/\/www.arquimaster.com.ar\/web\/edificio-bonjo-v-moire-arquitectos\/"},"author":{"name":"Arquimaster","@id":"https:\/\/www.arquimaster.com.ar\/web\/#\/schema\/person\/359e9f7c00193fcde068e0dd2ceb0028"},"headline":"Edificio Bonjo V \/ Moir\u00eb Arquitectos","datePublished":"2020-11-19T22:22:36+00:00","dateModified":"2020-12-17T17:55:02+00:00","mainEntityOfPage":{"@id":"https:\/\/www.arquimaster.com.ar\/web\/edificio-bonjo-v-moire-arquitectos\/"},"wordCount":331,"publisher":{"@id":"https:\/\/www.arquimaster.com.ar\/web\/#organization"},"image":{"@id":"https:\/\/www.arquimaster.com.ar\/web\/edificio-bonjo-v-moire-arquitectos\/#primaryimage"},"thumbnailUrl":"https:\/\/www.arquimaster.com.ar\/web\/wp-content\/uploads\/2020\/11\/edificio_bonjo_v_slide.jpg","keywords":["arquitectura residencial","edificio de viviendas","Mar del Plata","Moir\u00eb Arquitectos","vivienda multifamiliar"],"articleSection":["Edificios de viviendas","Proyecto"],"inLanguage":"es"},{"@type":"WebPage","@id":"https:\/\/www.arquimaster.com.ar\/web\/edificio-bonjo-v-moire-arquitectos\/","url":"https:\/\/www.arquimaster.com.ar\/web\/edificio-bonjo-v-moire-arquitectos\/","name":"Edificio Bonjo V \/ Moir\u00eb Arquitectos - Arquimaster","isPartOf":{"@id":"https:\/\/www.arquimaster.com.ar\/web\/#website"},"primaryImageOfPage":{"@id":"https:\/\/www.arquimaster.com.ar\/web\/edificio-bonjo-v-moire-arquitectos\/#primaryimage"},"image":{"@id":"https:\/\/www.arquimaster.com.ar\/web\/edificio-bonjo-v-moire-arquitectos\/#primaryimage"},"thumbnailUrl":"https:\/\/www.arquimaster.com.ar\/web\/wp-content\/uploads\/2020\/11\/edificio_bonjo_v_slide.jpg","datePublished":"2020-11-19T22:22:36+00:00","dateModified":"2020-12-17T17:55:02+00:00","description":"Profundiza en la conformaci\u00f3n de un l\u00edmite de car\u00e1cter tridimensional, que ayuda a potenciar la relaci\u00f3n entre el edificio y la ciudad.","breadcrumb":{"@id":"https:\/\/www.arquimaster.com.ar\/web\/edificio-bonjo-v-moire-arquitectos\/#breadcrumb"},"inLanguage":"es","potentialAction":[{"@type":"ReadAction","target":["https:\/\/www.arquimaster.com.ar\/web\/edificio-bonjo-v-moire-arquitectos\/"]}]},{"@type":"ImageObject","inLanguage":"es","@id":"https:\/\/www.arquimaster.com.ar\/web\/edificio-bonjo-v-moire-arquitectos\/#primaryimage","url":"https:\/\/www.arquimaster.com.ar\/web\/wp-content\/uploads\/2020\/11\/edificio_bonjo_v_slide.jpg","contentUrl":"https:\/\/www.arquimaster.com.ar\/web\/wp-content\/uploads\/2020\/11\/edificio_bonjo_v_slide.jpg","width":698,"height":364,"caption":"Edificio Bonjo V \/ Moir\u00eb Arquitectos"},{"@type":"BreadcrumbList","@id":"https:\/\/www.arquimaster.com.ar\/web\/edificio-bonjo-v-moire-arquitectos\/#breadcrumb","itemListElement":[{"@type":"ListItem","position":1,"name":"Portada","item":"https:\/\/www.arquimaster.com.ar\/web\/"},{"@type":"ListItem","position":2,"name":"Edificio Bonjo V \/ Moir\u00eb Arquitectos"}]},{"@type":"WebSite","@id":"https:\/\/www.arquimaster.com.ar\/web\/#website","url":"https:\/\/www.arquimaster.com.ar\/web\/","name":"Arquimaster","description":"Web de arquitectura, dise\u00f1o y construccion","publisher":{"@id":"https:\/\/www.arquimaster.com.ar\/web\/#organization"},"potentialAction":[{"@type":"SearchAction","target":{"@type":"EntryPoint","urlTemplate":"https:\/\/www.arquimaster.com.ar\/web\/?s={search_term_string}"},"query-input":{"@type":"PropertyValueSpecification","valueRequired":true,"valueName":"search_term_string"}}],"inLanguage":"es"},{"@type":"Organization","@id":"https:\/\/www.arquimaster.com.ar\/web\/#organization","name":"Arquimaster","url":"https:\/\/www.arquimaster.com.ar\/web\/","logo":{"@type":"ImageObject","inLanguage":"es","@id":"https:\/\/www.arquimaster.com.ar\/web\/#\/schema\/logo\/image\/","url":"https:\/\/www.arquimaster.com.ar\/web\/wp-content\/uploads\/2022\/06\/arquimaster.png","contentUrl":"https:\/\/www.arquimaster.com.ar\/web\/wp-content\/uploads\/2022\/06\/arquimaster.png","width":594,"height":78,"caption":"Arquimaster"},"image":{"@id":"https:\/\/www.arquimaster.com.ar\/web\/#\/schema\/logo\/image\/"},"sameAs":["http:\/\/www.facebook.com\/ARQUIMASTER.com.ar","https:\/\/x.com\/arquimaster","https:\/\/www.instagram.com\/arquimasterblog\/","https:\/\/www.linkedin.com\/company\/arquimaster","https:\/\/www.pinterest.com\/arquimaster","https:\/\/t.me\/arquimaster"]},{"@type":"Person","@id":"https:\/\/www.arquimaster.com.ar\/web\/#\/schema\/person\/359e9f7c00193fcde068e0dd2ceb0028","name":"Arquimaster"}]}},"uagb_featured_image_src":{"full":["https:\/\/www.arquimaster.com.ar\/web\/wp-content\/uploads\/2020\/11\/edificio_bonjo_v_slide.jpg",698,364,false],"thumbnail":["https:\/\/www.arquimaster.com.ar\/web\/wp-content\/uploads\/2020\/11\/edificio_bonjo_v_slide-150x150.jpg",150,150,true],"medium":["https:\/\/www.arquimaster.com.ar\/web\/wp-content\/uploads\/2020\/11\/edificio_bonjo_v_slide.jpg",698,364,false],"medium_large":["https:\/\/www.arquimaster.com.ar\/web\/wp-content\/uploads\/2020\/11\/edificio_bonjo_v_slide.jpg",698,364,false],"large":["https:\/\/www.arquimaster.com.ar\/web\/wp-content\/uploads\/2020\/11\/edificio_bonjo_v_slide.jpg",698,364,false],"1536x1536":["https:\/\/www.arquimaster.com.ar\/web\/wp-content\/uploads\/2020\/11\/edificio_bonjo_v_slide.jpg",698,364,false],"2048x2048":["https:\/\/www.arquimaster.com.ar\/web\/wp-content\/uploads\/2020\/11\/edificio_bonjo_v_slide.jpg",698,364,false]},"uagb_author_info":{"display_name":"Arquimaster","author_link":"https:\/\/www.arquimaster.com.ar\/web\/author\/arquimaster\/"},"uagb_comment_info":0,"uagb_excerpt":"El l\u00edmite tridimensional potencia la relaci\u00f3n entre el edificio y la ciudad...","_links":{"self":[{"href":"https:\/\/www.arquimaster.com.ar\/web\/wp-json\/wp\/v2\/posts\/60961","targetHints":{"allow":["GET"]}}],"collection":[{"href":"https:\/\/www.arquimaster.com.ar\/web\/wp-json\/wp\/v2\/posts"}],"about":[{"href":"https:\/\/www.arquimaster.com.ar\/web\/wp-json\/wp\/v2\/types\/post"}],"author":[{"embeddable":true,"href":"https:\/\/www.arquimaster.com.ar\/web\/wp-json\/wp\/v2\/users\/1"}],"replies":[{"embeddable":true,"href":"https:\/\/www.arquimaster.com.ar\/web\/wp-json\/wp\/v2\/comments?post=60961"}],"version-history":[{"count":2,"href":"https:\/\/www.arquimaster.com.ar\/web\/wp-json\/wp\/v2\/posts\/60961\/revisions"}],"predecessor-version":[{"id":60998,"href":"https:\/\/www.arquimaster.com.ar\/web\/wp-json\/wp\/v2\/posts\/60961\/revisions\/60998"}],"wp:featuredmedia":[{"embeddable":true,"href":"https:\/\/www.arquimaster.com.ar\/web\/wp-json\/wp\/v2\/media\/60962"}],"wp:attachment":[{"href":"https:\/\/www.arquimaster.com.ar\/web\/wp-json\/wp\/v2\/media?parent=60961"}],"wp:term":[{"taxonomy":"category","embeddable":true,"href":"https:\/\/www.arquimaster.com.ar\/web\/wp-json\/wp\/v2\/categories?post=60961"},{"taxonomy":"post_tag","embeddable":true,"href":"https:\/\/www.arquimaster.com.ar\/web\/wp-json\/wp\/v2\/tags?post=60961"}],"curies":[{"name":"wp","href":"https:\/\/api.w.org\/{rel}","templated":true}]}}