{"id":61433,"date":"2020-12-17T16:32:38","date_gmt":"2020-12-17T19:32:38","guid":{"rendered":"https:\/\/www.arquimaster.com.ar\/web\/?p=61433"},"modified":"2026-04-15T16:23:02","modified_gmt":"2026-04-15T19:23:02","slug":"oficina-de-arquitectura-de-carbone-arquitectos-carbone-arquitectos","status":"publish","type":"post","link":"https:\/\/www.arquimaster.com.ar\/web\/oficina-de-arquitectura-de-carbone-arquitectos-carbone-arquitectos\/","title":{"rendered":"Oficina de Arquitectura de Carbone Arquitectos \/ Carbone Arquitectos"},"content":{"rendered":"<div style=\"margin-top: 0px; margin-bottom: 0px;\" class=\"sharethis-inline-share-buttons\" ><\/div><div class=\"b812932af2e751442846f039925109de\" data-index=\"1\" style=\"float: none; margin:25px 0 25px 0; text-align:center;\">\n<script async src=\"https:\/\/pagead2.googlesyndication.com\/pagead\/js\/adsbygoogle.js\"><\/script>\r\n<!-- Arquimaster (superior) -->\r\n<ins class=\"adsbygoogle\"\r\n     style=\"display:block\"\r\n     data-ad-client=\"ca-pub-6351072698456832\"\r\n     data-ad-slot=\"6455489680\"\r\n     data-ad-format=\"auto\"\r\n     data-full-width-responsive=\"true\"><\/ins>\r\n<script>\r\n     (adsbygoogle = window.adsbygoogle || []).push({});\r\n<\/script>\n<\/div>\n<p><strong>Oficina de Arquitectura de Carbone Arquitectos<\/strong> (Castelar, Pcia. de Buenos Aires, Argentina) por <strong>Carbone Arquitectos<\/strong>. En el partido de Castelar, zona oeste del Gran Buenos Aires, sobre la arteria principal que conecta el tejido del barrio en su sentido longitudinal, con frente a dicha avenida la cual concentra y articula la mayor cantidad de actividades econ\u00f3micas, c\u00edvicas y culturales de la ciudad. En un predio de esquina con orientaci\u00f3n sudoeste en el \u00faltimo piso de un edificio de tres plantas con amplias visuales a la ciudad se encuentran las nuevas oficinas de Carbone Arquitectos.<\/p>\n<div id='gallery-1' class='gallery galleryid-61433 gallery-columns-3 gallery-size-thumbnail'><figure class='gallery-item'>\n\t\t\t<div class='gallery-icon landscape'>\n\t\t\t\t<a href='https:\/\/www.arquimaster.com.ar\/web\/wp-content\/uploads\/2020\/12\/oficina_arquitectura_carbone1.jpg' title=\"Oficina de Arquitectura de Carbone Arquitectos \/ Carbone Arquitectos (\u00a9 Bruto Studio)\" data-rl_title=\"Oficina de Arquitectura de Carbone Arquitectos \/ Carbone Arquitectos (\u00a9 Bruto Studio)\" class=\"rl-gallery-link\" data-rl_caption=\"Oficina de Arquitectura de Carbone Arquitectos \/ Carbone Arquitectos (\u00a9 Bruto Studio)\" data-rel=\"lightbox-gallery-1\"><img loading=\"lazy\" decoding=\"async\" width=\"150\" height=\"150\" src=\"https:\/\/www.arquimaster.com.ar\/web\/wp-content\/uploads\/2020\/12\/oficina_arquitectura_carbone1-150x150.jpg\" class=\"attachment-thumbnail size-thumbnail\" alt=\"Oficina de Arquitectura de Carbone Arquitectos \/ Carbone Arquitectos\" aria-describedby=\"gallery-1-61435\" \/><\/a>\n\t\t\t<\/div>\n\t\t\t\t<figcaption class='wp-caption-text gallery-caption' id='gallery-1-61435'>\n\t\t\t\tOficina de Arquitectura de Carbone Arquitectos \/ Carbone Arquitectos (\u00a9 Bruto Studio)\n\t\t\t\t<\/figcaption><\/figure><figure class='gallery-item'>\n\t\t\t<div class='gallery-icon portrait'>\n\t\t\t\t<a href='https:\/\/www.arquimaster.com.ar\/web\/wp-content\/uploads\/2020\/12\/oficina_arquitectura_carbone2.jpg' title=\"Oficina de Arquitectura de Carbone Arquitectos \/ Carbone Arquitectos (\u00a9 Bruto Studio)\" data-rl_title=\"Oficina de Arquitectura de Carbone Arquitectos \/ Carbone Arquitectos (\u00a9 Bruto Studio)\" class=\"rl-gallery-link\" data-rl_caption=\"Oficina de Arquitectura de Carbone Arquitectos \/ Carbone Arquitectos (\u00a9 Bruto Studio)\" data-rel=\"lightbox-gallery-1\"><img loading=\"lazy\" decoding=\"async\" width=\"150\" height=\"150\" src=\"https:\/\/www.arquimaster.com.ar\/web\/wp-content\/uploads\/2020\/12\/oficina_arquitectura_carbone2-150x150.jpg\" class=\"attachment-thumbnail size-thumbnail\" alt=\"Oficina de Arquitectura de Carbone Arquitectos \/ Carbone Arquitectos\" aria-describedby=\"gallery-1-61436\" \/><\/a>\n\t\t\t<\/div>\n\t\t\t\t<figcaption class='wp-caption-text gallery-caption' id='gallery-1-61436'>\n\t\t\t\tOficina de Arquitectura de Carbone Arquitectos \/ Carbone Arquitectos (\u00a9 Bruto Studio)\n\t\t\t\t<\/figcaption><\/figure><figure class='gallery-item'>\n\t\t\t<div class='gallery-icon landscape'>\n\t\t\t\t<a href='https:\/\/www.arquimaster.com.ar\/web\/wp-content\/uploads\/2020\/12\/oficina_arquitectura_carbone3.jpg' title=\"Oficina de Arquitectura de Carbone Arquitectos \/ Carbone Arquitectos (\u00a9 Bruto Studio)\" data-rl_title=\"Oficina de Arquitectura de Carbone Arquitectos \/ Carbone Arquitectos (\u00a9 Bruto Studio)\" class=\"rl-gallery-link\" data-rl_caption=\"Oficina de Arquitectura de Carbone Arquitectos \/ Carbone Arquitectos (\u00a9 Bruto Studio)\" data-rel=\"lightbox-gallery-1\"><img loading=\"lazy\" decoding=\"async\" width=\"150\" height=\"150\" src=\"https:\/\/www.arquimaster.com.ar\/web\/wp-content\/uploads\/2020\/12\/oficina_arquitectura_carbone3-150x150.jpg\" class=\"attachment-thumbnail size-thumbnail\" alt=\"Oficina de Arquitectura de Carbone Arquitectos \/ Carbone Arquitectos\" aria-describedby=\"gallery-1-61437\" \/><\/a>\n\t\t\t<\/div>\n\t\t\t\t<figcaption class='wp-caption-text gallery-caption' id='gallery-1-61437'>\n\t\t\t\tOficina de Arquitectura de Carbone Arquitectos \/ Carbone Arquitectos (\u00a9 Bruto Studio)\n\t\t\t\t<\/figcaption><\/figure><figure class='gallery-item'>\n\t\t\t<div class='gallery-icon portrait'>\n\t\t\t\t<a href='https:\/\/www.arquimaster.com.ar\/web\/wp-content\/uploads\/2020\/12\/oficina_arquitectura_carbone4.jpg' title=\"Oficina de Arquitectura de Carbone Arquitectos \/ Carbone Arquitectos (\u00a9 Bruto Studio)\" data-rl_title=\"Oficina de Arquitectura de Carbone Arquitectos \/ Carbone Arquitectos (\u00a9 Bruto Studio)\" class=\"rl-gallery-link\" data-rl_caption=\"Oficina de Arquitectura de Carbone Arquitectos \/ Carbone Arquitectos (\u00a9 Bruto Studio)\" data-rel=\"lightbox-gallery-1\"><img loading=\"lazy\" decoding=\"async\" width=\"150\" height=\"150\" src=\"https:\/\/www.arquimaster.com.ar\/web\/wp-content\/uploads\/2020\/12\/oficina_arquitectura_carbone4-150x150.jpg\" class=\"attachment-thumbnail size-thumbnail\" alt=\"Oficina de Arquitectura de Carbone Arquitectos \/ Carbone Arquitectos\" aria-describedby=\"gallery-1-61438\" \/><\/a>\n\t\t\t<\/div>\n\t\t\t\t<figcaption class='wp-caption-text gallery-caption' id='gallery-1-61438'>\n\t\t\t\tOficina de Arquitectura de Carbone Arquitectos \/ Carbone Arquitectos (\u00a9 Bruto Studio)\n\t\t\t\t<\/figcaption><\/figure><figure class='gallery-item'>\n\t\t\t<div class='gallery-icon landscape'>\n\t\t\t\t<a href='https:\/\/www.arquimaster.com.ar\/web\/wp-content\/uploads\/2020\/12\/oficina_arquitectura_carbone5.jpg' title=\"Oficina de Arquitectura de Carbone Arquitectos \/ Carbone Arquitectos (\u00a9 Bruto Studio)\" data-rl_title=\"Oficina de Arquitectura de Carbone Arquitectos \/ Carbone Arquitectos (\u00a9 Bruto Studio)\" class=\"rl-gallery-link\" data-rl_caption=\"Oficina de Arquitectura de Carbone Arquitectos \/ Carbone Arquitectos (\u00a9 Bruto Studio)\" data-rel=\"lightbox-gallery-1\"><img loading=\"lazy\" decoding=\"async\" width=\"150\" height=\"150\" src=\"https:\/\/www.arquimaster.com.ar\/web\/wp-content\/uploads\/2020\/12\/oficina_arquitectura_carbone5-150x150.jpg\" class=\"attachment-thumbnail size-thumbnail\" alt=\"Oficina de Arquitectura de Carbone Arquitectos \/ Carbone Arquitectos\" aria-describedby=\"gallery-1-61439\" \/><\/a>\n\t\t\t<\/div>\n\t\t\t\t<figcaption class='wp-caption-text gallery-caption' id='gallery-1-61439'>\n\t\t\t\tOficina de Arquitectura de Carbone Arquitectos \/ Carbone Arquitectos (\u00a9 Bruto Studio)\n\t\t\t\t<\/figcaption><\/figure><figure class='gallery-item'>\n\t\t\t<div class='gallery-icon portrait'>\n\t\t\t\t<a href='https:\/\/www.arquimaster.com.ar\/web\/wp-content\/uploads\/2020\/12\/oficina_arquitectura_carbone6.jpg' title=\"Oficina de Arquitectura de Carbone Arquitectos \/ Carbone Arquitectos (\u00a9 Bruto Studio)\" data-rl_title=\"Oficina de Arquitectura de Carbone Arquitectos \/ Carbone Arquitectos (\u00a9 Bruto Studio)\" class=\"rl-gallery-link\" data-rl_caption=\"Oficina de Arquitectura de Carbone Arquitectos \/ Carbone Arquitectos (\u00a9 Bruto Studio)\" data-rel=\"lightbox-gallery-1\"><img loading=\"lazy\" decoding=\"async\" width=\"150\" height=\"150\" src=\"https:\/\/www.arquimaster.com.ar\/web\/wp-content\/uploads\/2020\/12\/oficina_arquitectura_carbone6-150x150.jpg\" class=\"attachment-thumbnail size-thumbnail\" alt=\"Oficina de Arquitectura de Carbone Arquitectos \/ Carbone Arquitectos\" aria-describedby=\"gallery-1-61440\" \/><\/a>\n\t\t\t<\/div>\n\t\t\t\t<figcaption class='wp-caption-text gallery-caption' id='gallery-1-61440'>\n\t\t\t\tOficina de Arquitectura de Carbone Arquitectos \/ Carbone Arquitectos (\u00a9 Bruto Studio)\n\t\t\t\t<\/figcaption><\/figure><figure class='gallery-item'>\n\t\t\t<div class='gallery-icon portrait'>\n\t\t\t\t<a href='https:\/\/www.arquimaster.com.ar\/web\/wp-content\/uploads\/2020\/12\/oficina_arquitectura_carbone7.jpg' title=\"Oficina de Arquitectura de Carbone Arquitectos \/ Carbone Arquitectos (\u00a9 Bruto Studio)\" data-rl_title=\"Oficina de Arquitectura de Carbone Arquitectos \/ Carbone Arquitectos (\u00a9 Bruto Studio)\" class=\"rl-gallery-link\" data-rl_caption=\"Oficina de Arquitectura de Carbone Arquitectos \/ Carbone Arquitectos (\u00a9 Bruto Studio)\" data-rel=\"lightbox-gallery-1\"><img loading=\"lazy\" decoding=\"async\" width=\"150\" height=\"150\" src=\"https:\/\/www.arquimaster.com.ar\/web\/wp-content\/uploads\/2020\/12\/oficina_arquitectura_carbone7-150x150.jpg\" class=\"attachment-thumbnail size-thumbnail\" alt=\"Oficina de Arquitectura de Carbone Arquitectos \/ Carbone Arquitectos\" aria-describedby=\"gallery-1-61441\" \/><\/a>\n\t\t\t<\/div>\n\t\t\t\t<figcaption class='wp-caption-text gallery-caption' id='gallery-1-61441'>\n\t\t\t\tOficina de Arquitectura de Carbone Arquitectos \/ Carbone Arquitectos (\u00a9 Bruto Studio)\n\t\t\t\t<\/figcaption><\/figure><figure class='gallery-item'>\n\t\t\t<div class='gallery-icon landscape'>\n\t\t\t\t<a href='https:\/\/www.arquimaster.com.ar\/web\/wp-content\/uploads\/2020\/12\/oficina_arquitectura_carbone8.jpg' title=\"Oficina de Arquitectura de Carbone Arquitectos \/ Carbone Arquitectos (\u00a9 Bruto Studio)\" data-rl_title=\"Oficina de Arquitectura de Carbone Arquitectos \/ Carbone Arquitectos (\u00a9 Bruto Studio)\" class=\"rl-gallery-link\" data-rl_caption=\"Oficina de Arquitectura de Carbone Arquitectos \/ Carbone Arquitectos (\u00a9 Bruto Studio)\" data-rel=\"lightbox-gallery-1\"><img loading=\"lazy\" decoding=\"async\" width=\"150\" height=\"150\" src=\"https:\/\/www.arquimaster.com.ar\/web\/wp-content\/uploads\/2020\/12\/oficina_arquitectura_carbone8-150x150.jpg\" class=\"attachment-thumbnail size-thumbnail\" alt=\"Oficina de Arquitectura de Carbone Arquitectos \/ Carbone Arquitectos\" aria-describedby=\"gallery-1-61442\" \/><\/a>\n\t\t\t<\/div>\n\t\t\t\t<figcaption class='wp-caption-text gallery-caption' id='gallery-1-61442'>\n\t\t\t\tOficina de Arquitectura de Carbone Arquitectos \/ Carbone Arquitectos (\u00a9 Bruto Studio)\n\t\t\t\t<\/figcaption><\/figure><figure class='gallery-item'>\n\t\t\t<div class='gallery-icon landscape'>\n\t\t\t\t<a href='https:\/\/www.arquimaster.com.ar\/web\/wp-content\/uploads\/2020\/12\/oficina_arquitectura_carbone9.jpg' title=\"Oficina de Arquitectura de Carbone Arquitectos \/ Carbone Arquitectos (\u00a9 Bruto Studio)\" data-rl_title=\"Oficina de Arquitectura de Carbone Arquitectos \/ Carbone Arquitectos (\u00a9 Bruto Studio)\" class=\"rl-gallery-link\" data-rl_caption=\"Oficina de Arquitectura de Carbone Arquitectos \/ Carbone Arquitectos (\u00a9 Bruto Studio)\" data-rel=\"lightbox-gallery-1\"><img loading=\"lazy\" decoding=\"async\" width=\"150\" height=\"150\" src=\"https:\/\/www.arquimaster.com.ar\/web\/wp-content\/uploads\/2020\/12\/oficina_arquitectura_carbone9-150x150.jpg\" class=\"attachment-thumbnail size-thumbnail\" alt=\"Oficina de Arquitectura de Carbone Arquitectos \/ Carbone Arquitectos\" aria-describedby=\"gallery-1-61443\" \/><\/a>\n\t\t\t<\/div>\n\t\t\t\t<figcaption class='wp-caption-text gallery-caption' id='gallery-1-61443'>\n\t\t\t\tOficina de Arquitectura de Carbone Arquitectos \/ Carbone Arquitectos (\u00a9 Bruto Studio)\n\t\t\t\t<\/figcaption><\/figure><figure class='gallery-item'>\n\t\t\t<div class='gallery-icon landscape'>\n\t\t\t\t<a href='https:\/\/www.arquimaster.com.ar\/web\/wp-content\/uploads\/2020\/12\/oficina_arquitectura_carbone10.jpg' title=\"Oficina de Arquitectura de Carbone Arquitectos \/ Carbone Arquitectos (\u00a9 Bruto Studio)\" data-rl_title=\"Oficina de Arquitectura de Carbone Arquitectos \/ Carbone Arquitectos (\u00a9 Bruto Studio)\" class=\"rl-gallery-link\" data-rl_caption=\"Oficina de Arquitectura de Carbone Arquitectos \/ Carbone Arquitectos (\u00a9 Bruto Studio)\" data-rel=\"lightbox-gallery-1\"><img loading=\"lazy\" decoding=\"async\" width=\"150\" height=\"150\" src=\"https:\/\/www.arquimaster.com.ar\/web\/wp-content\/uploads\/2020\/12\/oficina_arquitectura_carbone10-150x150.jpg\" class=\"attachment-thumbnail size-thumbnail\" alt=\"Oficina de Arquitectura de Carbone Arquitectos \/ Carbone Arquitectos\" aria-describedby=\"gallery-1-61444\" \/><\/a>\n\t\t\t<\/div>\n\t\t\t\t<figcaption class='wp-caption-text gallery-caption' id='gallery-1-61444'>\n\t\t\t\tOficina de Arquitectura de Carbone Arquitectos \/ Carbone Arquitectos (\u00a9 Bruto Studio)\n\t\t\t\t<\/figcaption><\/figure><figure class='gallery-item'>\n\t\t\t<div class='gallery-icon portrait'>\n\t\t\t\t<a href='https:\/\/www.arquimaster.com.ar\/web\/wp-content\/uploads\/2020\/12\/oficina_arquitectura_carbone11.jpg' title=\"Oficina de Arquitectura de Carbone Arquitectos \/ Carbone Arquitectos (\u00a9 Bruto Studio)\" data-rl_title=\"Oficina de Arquitectura de Carbone Arquitectos \/ Carbone Arquitectos (\u00a9 Bruto Studio)\" class=\"rl-gallery-link\" data-rl_caption=\"Oficina de Arquitectura de Carbone Arquitectos \/ Carbone Arquitectos (\u00a9 Bruto Studio)\" data-rel=\"lightbox-gallery-1\"><img loading=\"lazy\" decoding=\"async\" width=\"150\" height=\"150\" src=\"https:\/\/www.arquimaster.com.ar\/web\/wp-content\/uploads\/2020\/12\/oficina_arquitectura_carbone11-150x150.jpg\" class=\"attachment-thumbnail size-thumbnail\" alt=\"Oficina de Arquitectura de Carbone Arquitectos \/ Carbone Arquitectos\" aria-describedby=\"gallery-1-61445\" \/><\/a>\n\t\t\t<\/div>\n\t\t\t\t<figcaption class='wp-caption-text gallery-caption' id='gallery-1-61445'>\n\t\t\t\tOficina de Arquitectura de Carbone Arquitectos \/ Carbone Arquitectos (\u00a9 Bruto Studio)\n\t\t\t\t<\/figcaption><\/figure><figure class='gallery-item'>\n\t\t\t<div class='gallery-icon portrait'>\n\t\t\t\t<a href='https:\/\/www.arquimaster.com.ar\/web\/wp-content\/uploads\/2020\/12\/oficina_arquitectura_carbone12.jpg' title=\"Oficina de Arquitectura de Carbone Arquitectos \/ Carbone Arquitectos (\u00a9 Bruto Studio)\" data-rl_title=\"Oficina de Arquitectura de Carbone Arquitectos \/ Carbone Arquitectos (\u00a9 Bruto Studio)\" class=\"rl-gallery-link\" data-rl_caption=\"Oficina de Arquitectura de Carbone Arquitectos \/ Carbone Arquitectos (\u00a9 Bruto Studio)\" data-rel=\"lightbox-gallery-1\"><img loading=\"lazy\" decoding=\"async\" width=\"150\" height=\"150\" src=\"https:\/\/www.arquimaster.com.ar\/web\/wp-content\/uploads\/2020\/12\/oficina_arquitectura_carbone12-150x150.jpg\" class=\"attachment-thumbnail size-thumbnail\" alt=\"Oficina de Arquitectura de Carbone Arquitectos \/ Carbone Arquitectos\" aria-describedby=\"gallery-1-61446\" \/><\/a>\n\t\t\t<\/div>\n\t\t\t\t<figcaption class='wp-caption-text gallery-caption' id='gallery-1-61446'>\n\t\t\t\tOficina de Arquitectura de Carbone Arquitectos \/ Carbone Arquitectos (\u00a9 Bruto Studio)\n\t\t\t\t<\/figcaption><\/figure><figure class='gallery-item'>\n\t\t\t<div class='gallery-icon portrait'>\n\t\t\t\t<a href='https:\/\/www.arquimaster.com.ar\/web\/wp-content\/uploads\/2020\/12\/oficina_arquitectura_carbone13.jpg' title=\"Oficina de Arquitectura de Carbone Arquitectos \/ Carbone Arquitectos (\u00a9 Bruto Studio)\" data-rl_title=\"Oficina de Arquitectura de Carbone Arquitectos \/ Carbone Arquitectos (\u00a9 Bruto Studio)\" class=\"rl-gallery-link\" data-rl_caption=\"Oficina de Arquitectura de Carbone Arquitectos \/ Carbone Arquitectos (\u00a9 Bruto Studio)\" data-rel=\"lightbox-gallery-1\"><img loading=\"lazy\" decoding=\"async\" width=\"150\" height=\"150\" src=\"https:\/\/www.arquimaster.com.ar\/web\/wp-content\/uploads\/2020\/12\/oficina_arquitectura_carbone13-150x150.jpg\" class=\"attachment-thumbnail size-thumbnail\" alt=\"Oficina de Arquitectura de Carbone Arquitectos \/ Carbone Arquitectos\" aria-describedby=\"gallery-1-61447\" \/><\/a>\n\t\t\t<\/div>\n\t\t\t\t<figcaption class='wp-caption-text gallery-caption' id='gallery-1-61447'>\n\t\t\t\tOficina de Arquitectura de Carbone Arquitectos \/ Carbone Arquitectos (\u00a9 Bruto Studio)\n\t\t\t\t<\/figcaption><\/figure><figure class='gallery-item'>\n\t\t\t<div class='gallery-icon portrait'>\n\t\t\t\t<a href='https:\/\/www.arquimaster.com.ar\/web\/wp-content\/uploads\/2020\/12\/oficina_arquitectura_carbone14.jpg' title=\"Oficina de Arquitectura de Carbone Arquitectos \/ Carbone Arquitectos (\u00a9 Bruto Studio)\" data-rl_title=\"Oficina de Arquitectura de Carbone Arquitectos \/ Carbone Arquitectos (\u00a9 Bruto Studio)\" class=\"rl-gallery-link\" data-rl_caption=\"Oficina de Arquitectura de Carbone Arquitectos \/ Carbone Arquitectos (\u00a9 Bruto Studio)\" data-rel=\"lightbox-gallery-1\"><img loading=\"lazy\" decoding=\"async\" width=\"150\" height=\"150\" src=\"https:\/\/www.arquimaster.com.ar\/web\/wp-content\/uploads\/2020\/12\/oficina_arquitectura_carbone14-150x150.jpg\" class=\"attachment-thumbnail size-thumbnail\" alt=\"Oficina de Arquitectura de Carbone Arquitectos \/ Carbone Arquitectos\" aria-describedby=\"gallery-1-61448\" \/><\/a>\n\t\t\t<\/div>\n\t\t\t\t<figcaption class='wp-caption-text gallery-caption' id='gallery-1-61448'>\n\t\t\t\tOficina de Arquitectura de Carbone Arquitectos \/ Carbone Arquitectos (\u00a9 Bruto Studio)\n\t\t\t\t<\/figcaption><\/figure><figure class='gallery-item'>\n\t\t\t<div class='gallery-icon portrait'>\n\t\t\t\t<a href='https:\/\/www.arquimaster.com.ar\/web\/wp-content\/uploads\/2020\/12\/oficina_arquitectura_carbone15.jpg' title=\"Oficina de Arquitectura de Carbone Arquitectos \/ Carbone Arquitectos (\u00a9 Bruto Studio)\" data-rl_title=\"Oficina de Arquitectura de Carbone Arquitectos \/ Carbone Arquitectos (\u00a9 Bruto Studio)\" class=\"rl-gallery-link\" data-rl_caption=\"Oficina de Arquitectura de Carbone Arquitectos \/ Carbone Arquitectos (\u00a9 Bruto Studio)\" data-rel=\"lightbox-gallery-1\"><img loading=\"lazy\" decoding=\"async\" width=\"150\" height=\"150\" src=\"https:\/\/www.arquimaster.com.ar\/web\/wp-content\/uploads\/2020\/12\/oficina_arquitectura_carbone15-150x150.jpg\" class=\"attachment-thumbnail size-thumbnail\" alt=\"Oficina de Arquitectura de Carbone Arquitectos \/ Carbone Arquitectos\" aria-describedby=\"gallery-1-61449\" \/><\/a>\n\t\t\t<\/div>\n\t\t\t\t<figcaption class='wp-caption-text gallery-caption' id='gallery-1-61449'>\n\t\t\t\tOficina de Arquitectura de Carbone Arquitectos \/ Carbone Arquitectos (\u00a9 Bruto Studio)\n\t\t\t\t<\/figcaption><\/figure><figure class='gallery-item'>\n\t\t\t<div class='gallery-icon portrait'>\n\t\t\t\t<a href='https:\/\/www.arquimaster.com.ar\/web\/wp-content\/uploads\/2020\/12\/oficina_arquitectura_carbone16.jpg' title=\"Oficina de Arquitectura de Carbone Arquitectos \/ Carbone Arquitectos (\u00a9 Bruto Studio)\" data-rl_title=\"Oficina de Arquitectura de Carbone Arquitectos \/ Carbone Arquitectos (\u00a9 Bruto Studio)\" class=\"rl-gallery-link\" data-rl_caption=\"Oficina de Arquitectura de Carbone Arquitectos \/ Carbone Arquitectos (\u00a9 Bruto Studio)\" data-rel=\"lightbox-gallery-1\"><img loading=\"lazy\" decoding=\"async\" width=\"150\" height=\"150\" src=\"https:\/\/www.arquimaster.com.ar\/web\/wp-content\/uploads\/2020\/12\/oficina_arquitectura_carbone16-150x150.jpg\" class=\"attachment-thumbnail size-thumbnail\" alt=\"Oficina de Arquitectura de Carbone Arquitectos \/ Carbone Arquitectos\" aria-describedby=\"gallery-1-61450\" \/><\/a>\n\t\t\t<\/div>\n\t\t\t\t<figcaption class='wp-caption-text gallery-caption' id='gallery-1-61450'>\n\t\t\t\tOficina de Arquitectura de Carbone Arquitectos \/ Carbone Arquitectos (\u00a9 Bruto Studio)\n\t\t\t\t<\/figcaption><\/figure><figure class='gallery-item'>\n\t\t\t<div class='gallery-icon portrait'>\n\t\t\t\t<a href='https:\/\/www.arquimaster.com.ar\/web\/wp-content\/uploads\/2020\/12\/oficina_arquitectura_carbone17.jpg' title=\"Oficina de Arquitectura de Carbone Arquitectos \/ Carbone Arquitectos (\u00a9 Bruto Studio)\" data-rl_title=\"Oficina de Arquitectura de Carbone Arquitectos \/ Carbone Arquitectos (\u00a9 Bruto Studio)\" class=\"rl-gallery-link\" data-rl_caption=\"Oficina de Arquitectura de Carbone Arquitectos \/ Carbone Arquitectos (\u00a9 Bruto Studio)\" data-rel=\"lightbox-gallery-1\"><img loading=\"lazy\" decoding=\"async\" width=\"150\" height=\"150\" src=\"https:\/\/www.arquimaster.com.ar\/web\/wp-content\/uploads\/2020\/12\/oficina_arquitectura_carbone17-150x150.jpg\" class=\"attachment-thumbnail size-thumbnail\" alt=\"Oficina de Arquitectura de Carbone Arquitectos \/ Carbone Arquitectos\" aria-describedby=\"gallery-1-61451\" \/><\/a>\n\t\t\t<\/div>\n\t\t\t\t<figcaption class='wp-caption-text gallery-caption' id='gallery-1-61451'>\n\t\t\t\tOficina de Arquitectura de Carbone Arquitectos \/ Carbone Arquitectos (\u00a9 Bruto Studio)\n\t\t\t\t<\/figcaption><\/figure><figure class='gallery-item'>\n\t\t\t<div class='gallery-icon portrait'>\n\t\t\t\t<a href='https:\/\/www.arquimaster.com.ar\/web\/wp-content\/uploads\/2020\/12\/oficina_arquitectura_carbone18.jpg' title=\"Oficina de Arquitectura de Carbone Arquitectos \/ Carbone Arquitectos (\u00a9 Bruto Studio)\" data-rl_title=\"Oficina de Arquitectura de Carbone Arquitectos \/ Carbone Arquitectos (\u00a9 Bruto Studio)\" class=\"rl-gallery-link\" data-rl_caption=\"Oficina de Arquitectura de Carbone Arquitectos \/ Carbone Arquitectos (\u00a9 Bruto Studio)\" data-rel=\"lightbox-gallery-1\"><img loading=\"lazy\" decoding=\"async\" width=\"150\" height=\"150\" src=\"https:\/\/www.arquimaster.com.ar\/web\/wp-content\/uploads\/2020\/12\/oficina_arquitectura_carbone18-150x150.jpg\" class=\"attachment-thumbnail size-thumbnail\" alt=\"Oficina de Arquitectura de Carbone Arquitectos \/ Carbone Arquitectos\" aria-describedby=\"gallery-1-61452\" \/><\/a>\n\t\t\t<\/div>\n\t\t\t\t<figcaption class='wp-caption-text gallery-caption' id='gallery-1-61452'>\n\t\t\t\tOficina de Arquitectura de Carbone Arquitectos \/ Carbone Arquitectos (\u00a9 Bruto Studio)\n\t\t\t\t<\/figcaption><\/figure><figure class='gallery-item'>\n\t\t\t<div class='gallery-icon portrait'>\n\t\t\t\t<a href='https:\/\/www.arquimaster.com.ar\/web\/wp-content\/uploads\/2020\/12\/oficina_arquitectura_carbone19.jpg' title=\"Oficina de Arquitectura de Carbone Arquitectos \/ Carbone Arquitectos (\u00a9 Bruto Studio)\" data-rl_title=\"Oficina de Arquitectura de Carbone Arquitectos \/ Carbone Arquitectos (\u00a9 Bruto Studio)\" class=\"rl-gallery-link\" data-rl_caption=\"Oficina de Arquitectura de Carbone Arquitectos \/ Carbone Arquitectos (\u00a9 Bruto Studio)\" data-rel=\"lightbox-gallery-1\"><img loading=\"lazy\" decoding=\"async\" width=\"150\" height=\"150\" src=\"https:\/\/www.arquimaster.com.ar\/web\/wp-content\/uploads\/2020\/12\/oficina_arquitectura_carbone19-150x150.jpg\" class=\"attachment-thumbnail size-thumbnail\" alt=\"Oficina de Arquitectura de Carbone Arquitectos \/ Carbone Arquitectos\" aria-describedby=\"gallery-1-61453\" \/><\/a>\n\t\t\t<\/div>\n\t\t\t\t<figcaption class='wp-caption-text gallery-caption' id='gallery-1-61453'>\n\t\t\t\tOficina de Arquitectura de Carbone Arquitectos \/ Carbone Arquitectos (\u00a9 Bruto Studio)\n\t\t\t\t<\/figcaption><\/figure><figure class='gallery-item'>\n\t\t\t<div class='gallery-icon portrait'>\n\t\t\t\t<a href='https:\/\/www.arquimaster.com.ar\/web\/wp-content\/uploads\/2020\/12\/oficina_arquitectura_carbone20.jpg' title=\"Oficina de Arquitectura de Carbone Arquitectos \/ Carbone Arquitectos (\u00a9 Bruto Studio)\" data-rl_title=\"Oficina de Arquitectura de Carbone Arquitectos \/ Carbone Arquitectos (\u00a9 Bruto Studio)\" class=\"rl-gallery-link\" data-rl_caption=\"Oficina de Arquitectura de Carbone Arquitectos \/ Carbone Arquitectos (\u00a9 Bruto Studio)\" data-rel=\"lightbox-gallery-1\"><img loading=\"lazy\" decoding=\"async\" width=\"150\" height=\"150\" src=\"https:\/\/www.arquimaster.com.ar\/web\/wp-content\/uploads\/2020\/12\/oficina_arquitectura_carbone20-150x150.jpg\" class=\"attachment-thumbnail size-thumbnail\" alt=\"Oficina de Arquitectura de Carbone Arquitectos \/ Carbone Arquitectos\" aria-describedby=\"gallery-1-61454\" \/><\/a>\n\t\t\t<\/div>\n\t\t\t\t<figcaption class='wp-caption-text gallery-caption' id='gallery-1-61454'>\n\t\t\t\tOficina de Arquitectura de Carbone Arquitectos \/ Carbone Arquitectos (\u00a9 Bruto Studio)\n\t\t\t\t<\/figcaption><\/figure><figure class='gallery-item'>\n\t\t\t<div class='gallery-icon portrait'>\n\t\t\t\t<a href='https:\/\/www.arquimaster.com.ar\/web\/wp-content\/uploads\/2020\/12\/oficina_arquitectura_carbone21.jpg' title=\"Oficina de Arquitectura de Carbone Arquitectos \/ Carbone Arquitectos (\u00a9 Bruto Studio)\" data-rl_title=\"Oficina de Arquitectura de Carbone Arquitectos \/ Carbone Arquitectos (\u00a9 Bruto Studio)\" class=\"rl-gallery-link\" data-rl_caption=\"Oficina de Arquitectura de Carbone Arquitectos \/ Carbone Arquitectos (\u00a9 Bruto Studio)\" data-rel=\"lightbox-gallery-1\"><img loading=\"lazy\" decoding=\"async\" width=\"150\" height=\"150\" src=\"https:\/\/www.arquimaster.com.ar\/web\/wp-content\/uploads\/2020\/12\/oficina_arquitectura_carbone21-150x150.jpg\" class=\"attachment-thumbnail size-thumbnail\" alt=\"Oficina de Arquitectura de Carbone Arquitectos \/ Carbone Arquitectos\" aria-describedby=\"gallery-1-61455\" \/><\/a>\n\t\t\t<\/div>\n\t\t\t\t<figcaption class='wp-caption-text gallery-caption' id='gallery-1-61455'>\n\t\t\t\tOficina de Arquitectura de Carbone Arquitectos \/ Carbone Arquitectos (\u00a9 Bruto Studio)\n\t\t\t\t<\/figcaption><\/figure><figure class='gallery-item'>\n\t\t\t<div class='gallery-icon portrait'>\n\t\t\t\t<a href='https:\/\/www.arquimaster.com.ar\/web\/wp-content\/uploads\/2020\/12\/oficina_arquitectura_carbone22.jpg' title=\"Oficina de Arquitectura de Carbone Arquitectos \/ Carbone Arquitectos (\u00a9 Bruto Studio)\" data-rl_title=\"Oficina de Arquitectura de Carbone Arquitectos \/ Carbone Arquitectos (\u00a9 Bruto Studio)\" class=\"rl-gallery-link\" data-rl_caption=\"Oficina de Arquitectura de Carbone Arquitectos \/ Carbone Arquitectos (\u00a9 Bruto Studio)\" data-rel=\"lightbox-gallery-1\"><img loading=\"lazy\" decoding=\"async\" width=\"150\" height=\"150\" src=\"https:\/\/www.arquimaster.com.ar\/web\/wp-content\/uploads\/2020\/12\/oficina_arquitectura_carbone22-150x150.jpg\" class=\"attachment-thumbnail size-thumbnail\" alt=\"Oficina de Arquitectura de Carbone Arquitectos \/ Carbone Arquitectos\" aria-describedby=\"gallery-1-61456\" \/><\/a>\n\t\t\t<\/div>\n\t\t\t\t<figcaption class='wp-caption-text gallery-caption' id='gallery-1-61456'>\n\t\t\t\tOficina de Arquitectura de Carbone Arquitectos \/ Carbone Arquitectos (\u00a9 Bruto Studio)\n\t\t\t\t<\/figcaption><\/figure><figure class='gallery-item'>\n\t\t\t<div class='gallery-icon landscape'>\n\t\t\t\t<a href='https:\/\/www.arquimaster.com.ar\/web\/wp-content\/uploads\/2020\/12\/oficina_arquitectura_carbone23.jpg' title=\"Oficina de Arquitectura de Carbone Arquitectos \/ Carbone Arquitectos (\u00a9 Bruto Studio)\" data-rl_title=\"Oficina de Arquitectura de Carbone Arquitectos \/ Carbone Arquitectos (\u00a9 Bruto Studio)\" class=\"rl-gallery-link\" data-rl_caption=\"Oficina de Arquitectura de Carbone Arquitectos \/ Carbone Arquitectos (\u00a9 Bruto Studio)\" data-rel=\"lightbox-gallery-1\"><img loading=\"lazy\" decoding=\"async\" width=\"150\" height=\"150\" src=\"https:\/\/www.arquimaster.com.ar\/web\/wp-content\/uploads\/2020\/12\/oficina_arquitectura_carbone23-150x150.jpg\" class=\"attachment-thumbnail size-thumbnail\" alt=\"Oficina de Arquitectura de Carbone Arquitectos \/ Carbone Arquitectos\" aria-describedby=\"gallery-1-61457\" \/><\/a>\n\t\t\t<\/div>\n\t\t\t\t<figcaption class='wp-caption-text gallery-caption' id='gallery-1-61457'>\n\t\t\t\tOficina de Arquitectura de Carbone Arquitectos \/ Carbone Arquitectos (\u00a9 Bruto Studio)\n\t\t\t\t<\/figcaption><\/figure><figure class='gallery-item'>\n\t\t\t<div class='gallery-icon portrait'>\n\t\t\t\t<a href='https:\/\/www.arquimaster.com.ar\/web\/wp-content\/uploads\/2020\/12\/oficina_arquitectura_carbone24.jpg' title=\"Oficina de Arquitectura de Carbone Arquitectos \/ Carbone Arquitectos (\u00a9 Bruto Studio)\" data-rl_title=\"Oficina de Arquitectura de Carbone Arquitectos \/ Carbone Arquitectos (\u00a9 Bruto Studio)\" class=\"rl-gallery-link\" data-rl_caption=\"Oficina de Arquitectura de Carbone Arquitectos \/ Carbone Arquitectos (\u00a9 Bruto Studio)\" data-rel=\"lightbox-gallery-1\"><img loading=\"lazy\" decoding=\"async\" width=\"150\" height=\"150\" src=\"https:\/\/www.arquimaster.com.ar\/web\/wp-content\/uploads\/2020\/12\/oficina_arquitectura_carbone24-150x150.jpg\" class=\"attachment-thumbnail size-thumbnail\" alt=\"Oficina de Arquitectura de Carbone Arquitectos \/ Carbone Arquitectos\" aria-describedby=\"gallery-1-61458\" \/><\/a>\n\t\t\t<\/div>\n\t\t\t\t<figcaption class='wp-caption-text gallery-caption' id='gallery-1-61458'>\n\t\t\t\tOficina de Arquitectura de Carbone Arquitectos \/ Carbone Arquitectos (\u00a9 Bruto Studio)\n\t\t\t\t<\/figcaption><\/figure><figure class='gallery-item'>\n\t\t\t<div class='gallery-icon landscape'>\n\t\t\t\t<a href='https:\/\/www.arquimaster.com.ar\/web\/wp-content\/uploads\/2020\/12\/oficina_arquitectura_carbone25.jpg' title=\"Oficina de Arquitectura de Carbone Arquitectos \/ Carbone Arquitectos (planta)\" data-rl_title=\"Oficina de Arquitectura de Carbone Arquitectos \/ Carbone Arquitectos (planta)\" class=\"rl-gallery-link\" data-rl_caption=\"Oficina de Arquitectura de Carbone Arquitectos \/ Carbone Arquitectos (planta)\" data-rel=\"lightbox-gallery-1\"><img loading=\"lazy\" decoding=\"async\" width=\"150\" height=\"150\" src=\"https:\/\/www.arquimaster.com.ar\/web\/wp-content\/uploads\/2020\/12\/oficina_arquitectura_carbone25-150x150.jpg\" class=\"attachment-thumbnail size-thumbnail\" alt=\"Oficina de Arquitectura de Carbone Arquitectos \/ Carbone Arquitectos\" aria-describedby=\"gallery-1-61459\" \/><\/a>\n\t\t\t<\/div>\n\t\t\t\t<figcaption class='wp-caption-text gallery-caption' id='gallery-1-61459'>\n\t\t\t\tOficina de Arquitectura de Carbone Arquitectos \/ Carbone Arquitectos (planta)\n\t\t\t\t<\/figcaption><\/figure><figure class='gallery-item'>\n\t\t\t<div class='gallery-icon landscape'>\n\t\t\t\t<a href='https:\/\/www.arquimaster.com.ar\/web\/wp-content\/uploads\/2020\/12\/oficina_arquitectura_carbone26.jpg' title=\"Oficina de Arquitectura de Carbone Arquitectos \/ Carbone Arquitectos (corte)\" data-rl_title=\"Oficina de Arquitectura de Carbone Arquitectos \/ Carbone Arquitectos (corte)\" class=\"rl-gallery-link\" data-rl_caption=\"Oficina de Arquitectura de Carbone Arquitectos \/ Carbone Arquitectos (corte)\" data-rel=\"lightbox-gallery-1\"><img loading=\"lazy\" decoding=\"async\" width=\"150\" height=\"150\" src=\"https:\/\/www.arquimaster.com.ar\/web\/wp-content\/uploads\/2020\/12\/oficina_arquitectura_carbone26-150x150.jpg\" class=\"attachment-thumbnail size-thumbnail\" alt=\"Oficina de Arquitectura de Carbone Arquitectos \/ Carbone Arquitectos\" aria-describedby=\"gallery-1-61460\" \/><\/a>\n\t\t\t<\/div>\n\t\t\t\t<figcaption class='wp-caption-text gallery-caption' id='gallery-1-61460'>\n\t\t\t\tOficina de Arquitectura de Carbone Arquitectos \/ Carbone Arquitectos (corte)\n\t\t\t\t<\/figcaption><\/figure><figure class='gallery-item'>\n\t\t\t<div class='gallery-icon landscape'>\n\t\t\t\t<a href='https:\/\/www.arquimaster.com.ar\/web\/wp-content\/uploads\/2020\/12\/oficina_arquitectura_carbone27.jpg' title=\"Oficina de Arquitectura de Carbone Arquitectos \/ Carbone Arquitectos (axonometria)\" data-rl_title=\"Oficina de Arquitectura de Carbone Arquitectos \/ Carbone Arquitectos (axonometria)\" class=\"rl-gallery-link\" data-rl_caption=\"Oficina de Arquitectura de Carbone Arquitectos \/ Carbone Arquitectos (axonometria)\" data-rel=\"lightbox-gallery-1\"><img loading=\"lazy\" decoding=\"async\" width=\"150\" height=\"150\" src=\"https:\/\/www.arquimaster.com.ar\/web\/wp-content\/uploads\/2020\/12\/oficina_arquitectura_carbone27-150x150.jpg\" class=\"attachment-thumbnail size-thumbnail\" alt=\"Oficina de Arquitectura de Carbone Arquitectos \/ Carbone Arquitectos\" aria-describedby=\"gallery-1-61461\" \/><\/a>\n\t\t\t<\/div>\n\t\t\t\t<figcaption class='wp-caption-text gallery-caption' id='gallery-1-61461'>\n\t\t\t\tOficina de Arquitectura de Carbone Arquitectos \/ Carbone Arquitectos (axonometria)\n\t\t\t\t<\/figcaption><\/figure>\n\t\t<\/div>\n\n<p>A partir de la necesidad de ampliar el espacio y crear un ambiente m\u00e1s ameno, flexible, y din\u00e1mico. Que nos permita absorber, conformar y reconfigurar un amplio abanico de actividades que var\u00edan y se adaptan de acuerdo a los desaf\u00edos y compromisos que como equipo podemos tomar, es que decidimos dar lugar a la materializaci\u00f3n de nuestra nuevas oficinas. Oficinas que se adaptan y amoldan a nuestras necesidades y h\u00e1bitos a la hora de trabajar.<\/p>\n<p>El punto neur\u00e1lgico del proyecto tiene que ver con la necesidad de conformar espacios que operen en forma integrada. Con continuidad y fluidez sin perder la autonom\u00eda e independencia funcional. Permiti\u00e9ndonos manejarnos en un espacio \u00fanico donde se desarrollan actividades diversas en forma simult\u00e1nea.<\/p>\n<p>Nuestra \u00abcasa\u00bb alberga un sinf\u00edn de tareas que van variando a lo largo del d\u00eda y del tiempo que dan forma y moldean el espacio en el que trabajamos. Por ello decidimos optar por una disposici\u00f3n del espacio \u00abtradicional\u00bb al mismo tiempo que incorporamos conceptos contempor\u00e1neos relacionados con la permeabilidad, transparencia y heterogeneidad del espacio generando una oficina din\u00e1mica y vers\u00e1til con un gran car\u00e1cter atemporal.<\/p>\n<p>Con el fin de generar una interacci\u00f3n din\u00e1mica entre quienes trabajamos y quienes nos visitan, como en la \u00abcocina abierta\u00bb en un restaurante, que nos permite mostrar que es lo que hacemos, producimos y como trabajamos es que decidimos integrar las \u00e1reas de acceso, espera y recepci\u00f3n con los espacios de trabajo donde se encuentra el equipo de dise\u00f1o, desarrollo y documentaci\u00f3n. Dichos espacios se encuentra en relaci\u00f3n directa con la sala de reuniones, las \u00e1reas de servicio y el balc\u00f3n lleno de vida y vegetaci\u00f3n.<\/p>\n<p>La circulaci\u00f3n de la oficina se articulada a partir de un pasillo de car\u00e1cter lineal que vincula las diferentes \u00e1reas y desemboca en la oficina de Obra y Administraci\u00f3n. \u00c1reas que por su car\u00e1cter particular est\u00e1n necesariamente independizadas del resto de los espacios tanto en forma program\u00e1tica como funcional, lo que permite que dichas \u00e1reas se desarrollen con cierta autonom\u00eda en las horas de mayor concurrencia al espacio laboral.<\/p>\n<p>La materialidad est\u00e1 pensada a partir de la utilizaci\u00f3n de maderas claras, combinadas con colores neutros, en escala de grises, dejando un lugar al vidrio y la vegetaci\u00f3n los que dan vida y color a la vez que contrastan y armonizan el car\u00e1cter del lugar.<\/p>\n<p>En s\u00edntesis, pensamos el espacio acorde a nuestra forma de trabajar, permitiendo que el espacio se adapte a nosotros, nos potencie y consolide. Entendiendo que el d\u00eda a d\u00eda dentro de una oficina que desarrolla, gerencia y ejecuta obras de arquitectura de todo tipo, tama\u00f1o y actividad conlleva una gran vor\u00e1gine e intensidad.<\/p>\n<p><strong>Ficha t\u00e9cnica<\/strong><br \/>Nombre: Carbone Arquitectos Oficina de Arquitectura<br \/>Ubicaci\u00f3n: Castelar, Pcia. de Buenos Aires, Argentina<br \/>Oficina de Arquitectura: Carbone Arquitectos<br \/>Arquitectos a Cargo: Franco Carbone, Marcelo J. Carbone, Ignacio Germano<br \/>Equipo de Dise\u00f1o: Elizabeth Kessler, Leandro Furfori<br \/>A\u00f1o finalizaci\u00f3n construcci\u00f3n: 2020<br \/>Superficie construida: 80 m2<br \/>Fotograf\u00edas: Bruto Studio<br \/>Instagram: @grupo.crbn<\/p>\n\n\n<div style=\"height:20px\" aria-hidden=\"true\" class=\"wp-block-spacer\"><\/div>\n\n\n<p><em><strong>English version<\/strong><\/em><\/p>\n<p><em>In the suburbs of Buenos Aires, in a middle sized town call Castelar, 20 miles away from the center of the city. Next to the main avenue the one that cross the city alongside, where most of the activities, cultural civic and economical are centered. Up on a three floor building with great views of the city the new office of Carbone Architects are allocated.<\/em><\/p>\n<p><em>We needed to grow and growing demands space, when we think about space we think about flexibility, a space mixed betwieen quietness and dynamic areas. Which ones might be able to be configured and reconfigured dependind on the challenges that we take as a team. So we start building a new office one that can be easily adapt and mold to our shape.<\/em><\/p>\n<p><em>While thinking about the office, the main issue about the project is related whit the need of configuring spaces that works all together and independently without loosing continuity and fluency. Allowing us to work in a unique space were we can work in different activities simultaneously.<\/em><\/p>\n<p><em>In our little new \u00abhome\u00bb a lot of different activities takes place simultaneously. And these activities changes as long as the day goes by. This activities shapes our needs and the way we work. So we decided to separate the different specs of the office in a \u00abconventional\u00bb way including at the same time modern concepts like permeability, transparency and flexibility, having in the end a very dynamic space, versatile timeless space.<\/em><\/p>\n<p><em>We love to show our work so in order to allow the people who visit us to see what we do in a common day, we decided to mix all together. The access, the reception and the working area were designer work diary. This spaces are tightly related with the conference room and de balcony were a lot of vegetation is placed so we can be surrounded by nature the whole day, leaving the technical and de administrative areas independently separated so we can have a space apart from the view to have some private spaces.<\/em><\/p>\n<p><em>The election of the materials was really easy, we love wood and neutral colors, so we mixed all of it in a single office including a lot of glass and vegetation so we can have the outside inside the office so we can have a very comfortable place to work.<\/em><\/p>\n<div style=\"font-size: 0px; height: 0px; line-height: 0px; margin: 0; padding: 0; clear: both;\"><\/div><div style=\"margin-top: 0px; margin-bottom: 0px;\" class=\"sharethis-inline-share-buttons\" ><\/div>","protected":false},"excerpt":{"rendered":"<p>Pensamos el espacio acorde a nuestra forma de trabajar, permitiendo&#8230;<\/p>\n","protected":false},"author":1,"featured_media":61434,"comment_status":"closed","ping_status":"closed","sticky":false,"template":"","format":"standard","meta":{"_uag_custom_page_level_css":"","footnotes":""},"categories":[76,1],"tags":[5623,2023,5318,5624,5625,6706,6705,255],"class_list":["post-61433","post","type-post","status-publish","format-standard","has-post-thumbnail","hentry","category-arquitectura-corporativa","category-proyecto","tag-carbone-arquitectos","tag-castelar","tag-estudio-de-arquitectura","tag-franco-carbone","tag-ignacio-germano","tag-marcelo-carbone","tag-oficina-de-arquitectura","tag-oficinas","generate-columns","tablet-grid-50","mobile-grid-100","grid-parent","grid-50"],"yoast_head":"<!-- This site is optimized with the Yoast SEO plugin v27.3 - https:\/\/yoast.com\/product\/yoast-seo-wordpress\/ -->\n<title>Oficina de Arquitectura de Carbone Arquitectos \/ Carbone Arquitectos - Arquimaster<\/title>\n<meta name=\"description\" content=\"Pensamos el espacio acorde a nuestra forma de trabajar, permitiendo que se adapte a nosotros, nos potencie y consolide.\" \/>\n<meta name=\"robots\" content=\"index, follow, max-snippet:-1, max-image-preview:large, max-video-preview:-1\" \/>\n<link rel=\"canonical\" href=\"https:\/\/www.arquimaster.com.ar\/web\/oficina-de-arquitectura-de-carbone-arquitectos-carbone-arquitectos\/\" \/>\n<meta property=\"og:locale\" content=\"es_ES\" \/>\n<meta property=\"og:type\" content=\"article\" \/>\n<meta property=\"og:title\" content=\"Oficina de Arquitectura de Carbone Arquitectos \/ Carbone Arquitectos\" \/>\n<meta property=\"og:description\" content=\"Pensamos el espacio acorde a nuestra forma de trabajar, permitiendo que se adapte a nosotros, nos potencie y consolide.\" \/>\n<meta property=\"og:url\" content=\"https:\/\/www.arquimaster.com.ar\/web\/oficina-de-arquitectura-de-carbone-arquitectos-carbone-arquitectos\/\" \/>\n<meta property=\"og:site_name\" content=\"Arquimaster\" \/>\n<meta property=\"article:publisher\" content=\"http:\/\/www.facebook.com\/ARQUIMASTER.com.ar\" \/>\n<meta property=\"article:published_time\" content=\"2020-12-17T19:32:38+00:00\" \/>\n<meta property=\"article:modified_time\" content=\"2026-04-15T19:23:02+00:00\" \/>\n<meta property=\"og:image\" content=\"https:\/\/www.arquimaster.com.ar\/web\/wp-content\/uploads\/2020\/12\/oficina_arquitectura_carbone_slide.jpg\" \/>\n\t<meta property=\"og:image:width\" content=\"698\" \/>\n\t<meta property=\"og:image:height\" content=\"364\" \/>\n\t<meta property=\"og:image:type\" content=\"image\/jpeg\" \/>\n<meta name=\"author\" content=\"Arquimaster\" \/>\n<meta name=\"twitter:card\" content=\"summary_large_image\" \/>\n<meta name=\"twitter:title\" content=\"Oficina de Arquitectura de Carbone Arquitectos \/ Carbone Arquitectos\" \/>\n<meta name=\"twitter:description\" content=\"Pensamos el espacio acorde a nuestra forma de trabajar, permitiendo que se adapte a nosotros, nos potencie y consolide.\" \/>\n<meta name=\"twitter:image\" content=\"https:\/\/www.arquimaster.com.ar\/web\/wp-content\/uploads\/2020\/12\/oficina_arquitectura_carbone_slide.jpg\" \/>\n<meta name=\"twitter:creator\" content=\"@arquimaster\" \/>\n<meta name=\"twitter:site\" content=\"@arquimaster\" \/>\n<meta name=\"twitter:label1\" content=\"Escrito por\" \/>\n\t<meta name=\"twitter:data1\" content=\"Arquimaster\" \/>\n\t<meta name=\"twitter:label2\" content=\"Tiempo de lectura\" \/>\n\t<meta name=\"twitter:data2\" content=\"5 minutos\" \/>\n<script type=\"application\/ld+json\" class=\"yoast-schema-graph\">{\"@context\":\"https:\\\/\\\/schema.org\",\"@graph\":[{\"@type\":\"Article\",\"@id\":\"https:\\\/\\\/www.arquimaster.com.ar\\\/web\\\/oficina-de-arquitectura-de-carbone-arquitectos-carbone-arquitectos\\\/#article\",\"isPartOf\":{\"@id\":\"https:\\\/\\\/www.arquimaster.com.ar\\\/web\\\/oficina-de-arquitectura-de-carbone-arquitectos-carbone-arquitectos\\\/\"},\"author\":{\"name\":\"Arquimaster\",\"@id\":\"https:\\\/\\\/www.arquimaster.com.ar\\\/web\\\/#\\\/schema\\\/person\\\/359e9f7c00193fcde068e0dd2ceb0028\"},\"headline\":\"Oficina de Arquitectura de Carbone Arquitectos \\\/ Carbone Arquitectos\",\"datePublished\":\"2020-12-17T19:32:38+00:00\",\"dateModified\":\"2026-04-15T19:23:02+00:00\",\"mainEntityOfPage\":{\"@id\":\"https:\\\/\\\/www.arquimaster.com.ar\\\/web\\\/oficina-de-arquitectura-de-carbone-arquitectos-carbone-arquitectos\\\/\"},\"wordCount\":1030,\"publisher\":{\"@id\":\"https:\\\/\\\/www.arquimaster.com.ar\\\/web\\\/#organization\"},\"image\":{\"@id\":\"https:\\\/\\\/www.arquimaster.com.ar\\\/web\\\/oficina-de-arquitectura-de-carbone-arquitectos-carbone-arquitectos\\\/#primaryimage\"},\"thumbnailUrl\":\"https:\\\/\\\/www.arquimaster.com.ar\\\/web\\\/wp-content\\\/uploads\\\/2020\\\/12\\\/oficina_arquitectura_carbone_slide.jpg\",\"keywords\":[\"Carbone Arquitectos\",\"Castelar\",\"estudio de arquitectura\",\"Franco Carbone\",\"Ignacio Germano\",\"Marcelo Carbone\",\"oficina de arquitectura\",\"oficinas\"],\"articleSection\":[\"Arquitectura corporativa\",\"Proyecto\"],\"inLanguage\":\"es\"},{\"@type\":\"WebPage\",\"@id\":\"https:\\\/\\\/www.arquimaster.com.ar\\\/web\\\/oficina-de-arquitectura-de-carbone-arquitectos-carbone-arquitectos\\\/\",\"url\":\"https:\\\/\\\/www.arquimaster.com.ar\\\/web\\\/oficina-de-arquitectura-de-carbone-arquitectos-carbone-arquitectos\\\/\",\"name\":\"Oficina de Arquitectura de Carbone Arquitectos \\\/ Carbone Arquitectos - Arquimaster\",\"isPartOf\":{\"@id\":\"https:\\\/\\\/www.arquimaster.com.ar\\\/web\\\/#website\"},\"primaryImageOfPage\":{\"@id\":\"https:\\\/\\\/www.arquimaster.com.ar\\\/web\\\/oficina-de-arquitectura-de-carbone-arquitectos-carbone-arquitectos\\\/#primaryimage\"},\"image\":{\"@id\":\"https:\\\/\\\/www.arquimaster.com.ar\\\/web\\\/oficina-de-arquitectura-de-carbone-arquitectos-carbone-arquitectos\\\/#primaryimage\"},\"thumbnailUrl\":\"https:\\\/\\\/www.arquimaster.com.ar\\\/web\\\/wp-content\\\/uploads\\\/2020\\\/12\\\/oficina_arquitectura_carbone_slide.jpg\",\"datePublished\":\"2020-12-17T19:32:38+00:00\",\"dateModified\":\"2026-04-15T19:23:02+00:00\",\"description\":\"Pensamos el espacio acorde a nuestra forma de trabajar, permitiendo que se adapte a nosotros, nos potencie y consolide.\",\"breadcrumb\":{\"@id\":\"https:\\\/\\\/www.arquimaster.com.ar\\\/web\\\/oficina-de-arquitectura-de-carbone-arquitectos-carbone-arquitectos\\\/#breadcrumb\"},\"inLanguage\":\"es\",\"potentialAction\":[{\"@type\":\"ReadAction\",\"target\":[\"https:\\\/\\\/www.arquimaster.com.ar\\\/web\\\/oficina-de-arquitectura-de-carbone-arquitectos-carbone-arquitectos\\\/\"]}]},{\"@type\":\"ImageObject\",\"inLanguage\":\"es\",\"@id\":\"https:\\\/\\\/www.arquimaster.com.ar\\\/web\\\/oficina-de-arquitectura-de-carbone-arquitectos-carbone-arquitectos\\\/#primaryimage\",\"url\":\"https:\\\/\\\/www.arquimaster.com.ar\\\/web\\\/wp-content\\\/uploads\\\/2020\\\/12\\\/oficina_arquitectura_carbone_slide.jpg\",\"contentUrl\":\"https:\\\/\\\/www.arquimaster.com.ar\\\/web\\\/wp-content\\\/uploads\\\/2020\\\/12\\\/oficina_arquitectura_carbone_slide.jpg\",\"width\":698,\"height\":364,\"caption\":\"Oficina de Arquitectura de Carbone Arquitectos \\\/ Carbone Arquitectos\"},{\"@type\":\"BreadcrumbList\",\"@id\":\"https:\\\/\\\/www.arquimaster.com.ar\\\/web\\\/oficina-de-arquitectura-de-carbone-arquitectos-carbone-arquitectos\\\/#breadcrumb\",\"itemListElement\":[{\"@type\":\"ListItem\",\"position\":1,\"name\":\"Portada\",\"item\":\"https:\\\/\\\/www.arquimaster.com.ar\\\/web\\\/\"},{\"@type\":\"ListItem\",\"position\":2,\"name\":\"Oficina de Arquitectura de Carbone Arquitectos \\\/ Carbone Arquitectos\"}]},{\"@type\":\"WebSite\",\"@id\":\"https:\\\/\\\/www.arquimaster.com.ar\\\/web\\\/#website\",\"url\":\"https:\\\/\\\/www.arquimaster.com.ar\\\/web\\\/\",\"name\":\"Arquimaster\",\"description\":\"Web de arquitectura, dise\u00f1o y construccion\",\"publisher\":{\"@id\":\"https:\\\/\\\/www.arquimaster.com.ar\\\/web\\\/#organization\"},\"potentialAction\":[{\"@type\":\"SearchAction\",\"target\":{\"@type\":\"EntryPoint\",\"urlTemplate\":\"https:\\\/\\\/www.arquimaster.com.ar\\\/web\\\/?s={search_term_string}\"},\"query-input\":{\"@type\":\"PropertyValueSpecification\",\"valueRequired\":true,\"valueName\":\"search_term_string\"}}],\"inLanguage\":\"es\"},{\"@type\":\"Organization\",\"@id\":\"https:\\\/\\\/www.arquimaster.com.ar\\\/web\\\/#organization\",\"name\":\"Arquimaster\",\"url\":\"https:\\\/\\\/www.arquimaster.com.ar\\\/web\\\/\",\"logo\":{\"@type\":\"ImageObject\",\"inLanguage\":\"es\",\"@id\":\"https:\\\/\\\/www.arquimaster.com.ar\\\/web\\\/#\\\/schema\\\/logo\\\/image\\\/\",\"url\":\"https:\\\/\\\/www.arquimaster.com.ar\\\/web\\\/wp-content\\\/uploads\\\/2022\\\/06\\\/arquimaster.png\",\"contentUrl\":\"https:\\\/\\\/www.arquimaster.com.ar\\\/web\\\/wp-content\\\/uploads\\\/2022\\\/06\\\/arquimaster.png\",\"width\":594,\"height\":78,\"caption\":\"Arquimaster\"},\"image\":{\"@id\":\"https:\\\/\\\/www.arquimaster.com.ar\\\/web\\\/#\\\/schema\\\/logo\\\/image\\\/\"},\"sameAs\":[\"http:\\\/\\\/www.facebook.com\\\/ARQUIMASTER.com.ar\",\"https:\\\/\\\/x.com\\\/arquimaster\",\"https:\\\/\\\/www.instagram.com\\\/arquimasterblog\\\/\",\"https:\\\/\\\/www.linkedin.com\\\/company\\\/arquimaster\",\"https:\\\/\\\/www.pinterest.com\\\/arquimaster\",\"https:\\\/\\\/t.me\\\/arquimaster\"]},{\"@type\":\"Person\",\"@id\":\"https:\\\/\\\/www.arquimaster.com.ar\\\/web\\\/#\\\/schema\\\/person\\\/359e9f7c00193fcde068e0dd2ceb0028\",\"name\":\"Arquimaster\"}]}<\/script>\n<!-- \/ Yoast SEO plugin. -->","yoast_head_json":{"title":"Oficina de Arquitectura de Carbone Arquitectos \/ Carbone Arquitectos - Arquimaster","description":"Pensamos el espacio acorde a nuestra forma de trabajar, permitiendo que se adapte a nosotros, nos potencie y consolide.","robots":{"index":"index","follow":"follow","max-snippet":"max-snippet:-1","max-image-preview":"max-image-preview:large","max-video-preview":"max-video-preview:-1"},"canonical":"https:\/\/www.arquimaster.com.ar\/web\/oficina-de-arquitectura-de-carbone-arquitectos-carbone-arquitectos\/","og_locale":"es_ES","og_type":"article","og_title":"Oficina de Arquitectura de Carbone Arquitectos \/ Carbone Arquitectos","og_description":"Pensamos el espacio acorde a nuestra forma de trabajar, permitiendo que se adapte a nosotros, nos potencie y consolide.","og_url":"https:\/\/www.arquimaster.com.ar\/web\/oficina-de-arquitectura-de-carbone-arquitectos-carbone-arquitectos\/","og_site_name":"Arquimaster","article_publisher":"http:\/\/www.facebook.com\/ARQUIMASTER.com.ar","article_published_time":"2020-12-17T19:32:38+00:00","article_modified_time":"2026-04-15T19:23:02+00:00","og_image":[{"width":698,"height":364,"url":"https:\/\/www.arquimaster.com.ar\/web\/wp-content\/uploads\/2020\/12\/oficina_arquitectura_carbone_slide.jpg","type":"image\/jpeg"}],"author":"Arquimaster","twitter_card":"summary_large_image","twitter_title":"Oficina de Arquitectura de Carbone Arquitectos \/ Carbone Arquitectos","twitter_description":"Pensamos el espacio acorde a nuestra forma de trabajar, permitiendo que se adapte a nosotros, nos potencie y consolide.","twitter_image":"https:\/\/www.arquimaster.com.ar\/web\/wp-content\/uploads\/2020\/12\/oficina_arquitectura_carbone_slide.jpg","twitter_creator":"@arquimaster","twitter_site":"@arquimaster","twitter_misc":{"Escrito por":"Arquimaster","Tiempo de lectura":"5 minutos"},"schema":{"@context":"https:\/\/schema.org","@graph":[{"@type":"Article","@id":"https:\/\/www.arquimaster.com.ar\/web\/oficina-de-arquitectura-de-carbone-arquitectos-carbone-arquitectos\/#article","isPartOf":{"@id":"https:\/\/www.arquimaster.com.ar\/web\/oficina-de-arquitectura-de-carbone-arquitectos-carbone-arquitectos\/"},"author":{"name":"Arquimaster","@id":"https:\/\/www.arquimaster.com.ar\/web\/#\/schema\/person\/359e9f7c00193fcde068e0dd2ceb0028"},"headline":"Oficina de Arquitectura de Carbone Arquitectos \/ Carbone Arquitectos","datePublished":"2020-12-17T19:32:38+00:00","dateModified":"2026-04-15T19:23:02+00:00","mainEntityOfPage":{"@id":"https:\/\/www.arquimaster.com.ar\/web\/oficina-de-arquitectura-de-carbone-arquitectos-carbone-arquitectos\/"},"wordCount":1030,"publisher":{"@id":"https:\/\/www.arquimaster.com.ar\/web\/#organization"},"image":{"@id":"https:\/\/www.arquimaster.com.ar\/web\/oficina-de-arquitectura-de-carbone-arquitectos-carbone-arquitectos\/#primaryimage"},"thumbnailUrl":"https:\/\/www.arquimaster.com.ar\/web\/wp-content\/uploads\/2020\/12\/oficina_arquitectura_carbone_slide.jpg","keywords":["Carbone Arquitectos","Castelar","estudio de arquitectura","Franco Carbone","Ignacio Germano","Marcelo Carbone","oficina de arquitectura","oficinas"],"articleSection":["Arquitectura corporativa","Proyecto"],"inLanguage":"es"},{"@type":"WebPage","@id":"https:\/\/www.arquimaster.com.ar\/web\/oficina-de-arquitectura-de-carbone-arquitectos-carbone-arquitectos\/","url":"https:\/\/www.arquimaster.com.ar\/web\/oficina-de-arquitectura-de-carbone-arquitectos-carbone-arquitectos\/","name":"Oficina de Arquitectura de Carbone Arquitectos \/ Carbone Arquitectos - Arquimaster","isPartOf":{"@id":"https:\/\/www.arquimaster.com.ar\/web\/#website"},"primaryImageOfPage":{"@id":"https:\/\/www.arquimaster.com.ar\/web\/oficina-de-arquitectura-de-carbone-arquitectos-carbone-arquitectos\/#primaryimage"},"image":{"@id":"https:\/\/www.arquimaster.com.ar\/web\/oficina-de-arquitectura-de-carbone-arquitectos-carbone-arquitectos\/#primaryimage"},"thumbnailUrl":"https:\/\/www.arquimaster.com.ar\/web\/wp-content\/uploads\/2020\/12\/oficina_arquitectura_carbone_slide.jpg","datePublished":"2020-12-17T19:32:38+00:00","dateModified":"2026-04-15T19:23:02+00:00","description":"Pensamos el espacio acorde a nuestra forma de trabajar, permitiendo que se adapte a nosotros, nos potencie y consolide.","breadcrumb":{"@id":"https:\/\/www.arquimaster.com.ar\/web\/oficina-de-arquitectura-de-carbone-arquitectos-carbone-arquitectos\/#breadcrumb"},"inLanguage":"es","potentialAction":[{"@type":"ReadAction","target":["https:\/\/www.arquimaster.com.ar\/web\/oficina-de-arquitectura-de-carbone-arquitectos-carbone-arquitectos\/"]}]},{"@type":"ImageObject","inLanguage":"es","@id":"https:\/\/www.arquimaster.com.ar\/web\/oficina-de-arquitectura-de-carbone-arquitectos-carbone-arquitectos\/#primaryimage","url":"https:\/\/www.arquimaster.com.ar\/web\/wp-content\/uploads\/2020\/12\/oficina_arquitectura_carbone_slide.jpg","contentUrl":"https:\/\/www.arquimaster.com.ar\/web\/wp-content\/uploads\/2020\/12\/oficina_arquitectura_carbone_slide.jpg","width":698,"height":364,"caption":"Oficina de Arquitectura de Carbone Arquitectos \/ Carbone Arquitectos"},{"@type":"BreadcrumbList","@id":"https:\/\/www.arquimaster.com.ar\/web\/oficina-de-arquitectura-de-carbone-arquitectos-carbone-arquitectos\/#breadcrumb","itemListElement":[{"@type":"ListItem","position":1,"name":"Portada","item":"https:\/\/www.arquimaster.com.ar\/web\/"},{"@type":"ListItem","position":2,"name":"Oficina de Arquitectura de Carbone Arquitectos \/ Carbone Arquitectos"}]},{"@type":"WebSite","@id":"https:\/\/www.arquimaster.com.ar\/web\/#website","url":"https:\/\/www.arquimaster.com.ar\/web\/","name":"Arquimaster","description":"Web de arquitectura, dise\u00f1o y construccion","publisher":{"@id":"https:\/\/www.arquimaster.com.ar\/web\/#organization"},"potentialAction":[{"@type":"SearchAction","target":{"@type":"EntryPoint","urlTemplate":"https:\/\/www.arquimaster.com.ar\/web\/?s={search_term_string}"},"query-input":{"@type":"PropertyValueSpecification","valueRequired":true,"valueName":"search_term_string"}}],"inLanguage":"es"},{"@type":"Organization","@id":"https:\/\/www.arquimaster.com.ar\/web\/#organization","name":"Arquimaster","url":"https:\/\/www.arquimaster.com.ar\/web\/","logo":{"@type":"ImageObject","inLanguage":"es","@id":"https:\/\/www.arquimaster.com.ar\/web\/#\/schema\/logo\/image\/","url":"https:\/\/www.arquimaster.com.ar\/web\/wp-content\/uploads\/2022\/06\/arquimaster.png","contentUrl":"https:\/\/www.arquimaster.com.ar\/web\/wp-content\/uploads\/2022\/06\/arquimaster.png","width":594,"height":78,"caption":"Arquimaster"},"image":{"@id":"https:\/\/www.arquimaster.com.ar\/web\/#\/schema\/logo\/image\/"},"sameAs":["http:\/\/www.facebook.com\/ARQUIMASTER.com.ar","https:\/\/x.com\/arquimaster","https:\/\/www.instagram.com\/arquimasterblog\/","https:\/\/www.linkedin.com\/company\/arquimaster","https:\/\/www.pinterest.com\/arquimaster","https:\/\/t.me\/arquimaster"]},{"@type":"Person","@id":"https:\/\/www.arquimaster.com.ar\/web\/#\/schema\/person\/359e9f7c00193fcde068e0dd2ceb0028","name":"Arquimaster"}]}},"uagb_featured_image_src":{"full":["https:\/\/www.arquimaster.com.ar\/web\/wp-content\/uploads\/2020\/12\/oficina_arquitectura_carbone_slide.jpg",698,364,false],"thumbnail":["https:\/\/www.arquimaster.com.ar\/web\/wp-content\/uploads\/2020\/12\/oficina_arquitectura_carbone_slide-150x150.jpg",150,150,true],"medium":["https:\/\/www.arquimaster.com.ar\/web\/wp-content\/uploads\/2020\/12\/oficina_arquitectura_carbone_slide.jpg",698,364,false],"medium_large":["https:\/\/www.arquimaster.com.ar\/web\/wp-content\/uploads\/2020\/12\/oficina_arquitectura_carbone_slide.jpg",698,364,false],"large":["https:\/\/www.arquimaster.com.ar\/web\/wp-content\/uploads\/2020\/12\/oficina_arquitectura_carbone_slide.jpg",698,364,false],"1536x1536":["https:\/\/www.arquimaster.com.ar\/web\/wp-content\/uploads\/2020\/12\/oficina_arquitectura_carbone_slide.jpg",698,364,false],"2048x2048":["https:\/\/www.arquimaster.com.ar\/web\/wp-content\/uploads\/2020\/12\/oficina_arquitectura_carbone_slide.jpg",698,364,false]},"uagb_author_info":{"display_name":"Arquimaster","author_link":"https:\/\/www.arquimaster.com.ar\/web\/author\/arquimaster\/"},"uagb_comment_info":0,"uagb_excerpt":"Pensamos el espacio acorde a nuestra forma de trabajar, permitiendo...","_links":{"self":[{"href":"https:\/\/www.arquimaster.com.ar\/web\/wp-json\/wp\/v2\/posts\/61433","targetHints":{"allow":["GET"]}}],"collection":[{"href":"https:\/\/www.arquimaster.com.ar\/web\/wp-json\/wp\/v2\/posts"}],"about":[{"href":"https:\/\/www.arquimaster.com.ar\/web\/wp-json\/wp\/v2\/types\/post"}],"author":[{"embeddable":true,"href":"https:\/\/www.arquimaster.com.ar\/web\/wp-json\/wp\/v2\/users\/1"}],"replies":[{"embeddable":true,"href":"https:\/\/www.arquimaster.com.ar\/web\/wp-json\/wp\/v2\/comments?post=61433"}],"version-history":[{"count":4,"href":"https:\/\/www.arquimaster.com.ar\/web\/wp-json\/wp\/v2\/posts\/61433\/revisions"}],"predecessor-version":[{"id":88456,"href":"https:\/\/www.arquimaster.com.ar\/web\/wp-json\/wp\/v2\/posts\/61433\/revisions\/88456"}],"wp:featuredmedia":[{"embeddable":true,"href":"https:\/\/www.arquimaster.com.ar\/web\/wp-json\/wp\/v2\/media\/61434"}],"wp:attachment":[{"href":"https:\/\/www.arquimaster.com.ar\/web\/wp-json\/wp\/v2\/media?parent=61433"}],"wp:term":[{"taxonomy":"category","embeddable":true,"href":"https:\/\/www.arquimaster.com.ar\/web\/wp-json\/wp\/v2\/categories?post=61433"},{"taxonomy":"post_tag","embeddable":true,"href":"https:\/\/www.arquimaster.com.ar\/web\/wp-json\/wp\/v2\/tags?post=61433"}],"curies":[{"name":"wp","href":"https:\/\/api.w.org\/{rel}","templated":true}]}}