{"id":61519,"date":"2020-12-14T17:46:19","date_gmt":"2020-12-14T20:46:19","guid":{"rendered":"https:\/\/www.arquimaster.com.ar\/web\/?p=61519"},"modified":"2021-01-29T17:12:54","modified_gmt":"2021-01-29T20:12:54","slug":"lg-invita-a-cambiar-de-aire-nuevos-equipos-de-aire-acondicionado-dual-cool-y-art-cool","status":"publish","type":"post","link":"https:\/\/www.arquimaster.com.ar\/web\/lg-invita-a-cambiar-de-aire-nuevos-equipos-de-aire-acondicionado-dual-cool-y-art-cool\/","title":{"rendered":"LG invita a \u00abCambiar de aire\u00bb: nuevos equipos de aire acondicionado Dual Cool y Art Cool"},"content":{"rendered":"<div style=\"margin-top: 0px; margin-bottom: 0px;\" class=\"sharethis-inline-share-buttons\" ><\/div><div class=\"b812932af2e751442846f039925109de\" data-index=\"1\" style=\"float: none; margin:25px 0 25px 0; text-align:center;\">\n<script async src=\"https:\/\/pagead2.googlesyndication.com\/pagead\/js\/adsbygoogle.js\"><\/script>\r\n<!-- Arquimaster (superior) -->\r\n<ins class=\"adsbygoogle\"\r\n     style=\"display:block\"\r\n     data-ad-client=\"ca-pub-6351072698456832\"\r\n     data-ad-slot=\"6455489680\"\r\n     data-ad-format=\"auto\"\r\n     data-full-width-responsive=\"true\"><\/ins>\r\n<script>\r\n     (adsbygoogle = window.adsbygoogle || []).push({});\r\n<\/script>\n<\/div>\n<h3><em><strong>En este contexto pand\u00e9mico, donde las personas pasan mucho m\u00e1s tiempo en sus hogares, la compa\u00f1\u00eda surcoreana presenta sus aires acondicionados Dual Cool y Art Cool que enfr\u00edan m\u00e1s r\u00e1pido, consumen menos energ\u00eda y purifican el aire.<\/strong><\/em><\/h3>\n<p>La cuarentena trajo consigo gran cantidad de cambios. Muchas de las cosas que conoc\u00edamos tuvieron que reinventarse: desde el modo de trabajar y estudiar hasta las formas en que nos vinculamos con nuestros seres queridos. La expresi\u00f3n<strong> \u00abCambiar de Aire\u00bb<\/strong> tambi\u00e9n se resignific\u00f3: se convirti\u00f3 en una alusi\u00f3n a la reinvenci\u00f3n de nuestros espacios, para sentirnos m\u00e1s c\u00f3modos y a gusto.<\/p>\n<p>Cambiando un solo elemento podemos darle un nuevo aire a nuestra casa. Por eso LG, invita a <strong>\u00abCambiar de Aire\u00bb<\/strong> con una campa\u00f1a orientada a promover los beneficios de sus modelos de aires acondicionados, una pieza clave en la reinvenci\u00f3n de los espacios cotidianos principalmente con la llegada de la estaci\u00f3n m\u00e1s calurosa del a\u00f1o.<\/p>\n<div id='gallery-1' class='gallery galleryid-61519 gallery-columns-3 gallery-size-thumbnail'><figure class='gallery-item'>\n\t\t\t<div class='gallery-icon landscape'>\n\t\t\t\t<a href='https:\/\/www.arquimaster.com.ar\/web\/wp-content\/uploads\/2020\/12\/lg_artcool_1.jpg' title=\"LG invita a &quot;Cambiar de aire&quot;: nuevos equipos de aire acondicionado Dual Cool y Art Cool\" data-rl_title=\"LG invita a &quot;Cambiar de aire&quot;: nuevos equipos de aire acondicionado Dual Cool y Art Cool\" class=\"rl-gallery-link\" data-rl_caption=\"LG invita a &quot;Cambiar de aire&quot;: nuevos equipos de aire acondicionado Dual Cool y Art Cool\" data-rel=\"lightbox-gallery-1\"><img loading=\"lazy\" decoding=\"async\" width=\"150\" height=\"150\" src=\"https:\/\/www.arquimaster.com.ar\/web\/wp-content\/uploads\/2020\/12\/lg_artcool_1-150x150.jpg\" class=\"attachment-thumbnail size-thumbnail\" alt=\"LG invita a &quot;Cambiar de aire&quot;: nuevos equipos de aire acondicionado Dual Cool y Art Cool\" aria-describedby=\"gallery-1-61520\" \/><\/a>\n\t\t\t<\/div>\n\t\t\t\t<figcaption class='wp-caption-text gallery-caption' id='gallery-1-61520'>\n\t\t\t\tLG invita a \u00abCambiar de aire\u00bb: nuevos equipos de aire acondicionado Dual Cool y Art Cool\n\t\t\t\t<\/figcaption><\/figure><figure class='gallery-item'>\n\t\t\t<div class='gallery-icon landscape'>\n\t\t\t\t<a href='https:\/\/www.arquimaster.com.ar\/web\/wp-content\/uploads\/2020\/12\/lg_dual_cool_2.jpg' title=\"LG invita a &quot;Cambiar de aire&quot;: nuevos equipos de aire acondicionado Dual Cool y Art Cool\" data-rl_title=\"LG invita a &quot;Cambiar de aire&quot;: nuevos equipos de aire acondicionado Dual Cool y Art Cool\" class=\"rl-gallery-link\" data-rl_caption=\"LG invita a &quot;Cambiar de aire&quot;: nuevos equipos de aire acondicionado Dual Cool y Art Cool\" data-rel=\"lightbox-gallery-1\"><img loading=\"lazy\" decoding=\"async\" width=\"150\" height=\"150\" src=\"https:\/\/www.arquimaster.com.ar\/web\/wp-content\/uploads\/2020\/12\/lg_dual_cool_2-150x150.jpg\" class=\"attachment-thumbnail size-thumbnail\" alt=\"LG invita a &quot;Cambiar de aire&quot;: nuevos equipos de aire acondicionado Dual Cool y Art Cool\" aria-describedby=\"gallery-1-61522\" \/><\/a>\n\t\t\t<\/div>\n\t\t\t\t<figcaption class='wp-caption-text gallery-caption' id='gallery-1-61522'>\n\t\t\t\tLG invita a \u00abCambiar de aire\u00bb: nuevos equipos de aire acondicionado Dual Cool y Art Cool\n\t\t\t\t<\/figcaption><\/figure><figure class='gallery-item'>\n\t\t\t<div class='gallery-icon landscape'>\n\t\t\t\t<a href='https:\/\/www.arquimaster.com.ar\/web\/wp-content\/uploads\/2020\/12\/lg_dual_cool_3.jpg' title=\"LG invita a &quot;Cambiar de aire&quot;: nuevos equipos de aire acondicionado Dual Cool y Art Cool\" data-rl_title=\"LG invita a &quot;Cambiar de aire&quot;: nuevos equipos de aire acondicionado Dual Cool y Art Cool\" class=\"rl-gallery-link\" data-rl_caption=\"LG invita a &quot;Cambiar de aire&quot;: nuevos equipos de aire acondicionado Dual Cool y Art Cool\" data-rel=\"lightbox-gallery-1\"><img loading=\"lazy\" decoding=\"async\" width=\"150\" height=\"150\" src=\"https:\/\/www.arquimaster.com.ar\/web\/wp-content\/uploads\/2020\/12\/lg_dual_cool_3-150x150.jpg\" class=\"attachment-thumbnail size-thumbnail\" alt=\"LG invita a &quot;Cambiar de aire&quot;: nuevos equipos de aire acondicionado Dual Cool y Art Cool\" aria-describedby=\"gallery-1-61523\" \/><\/a>\n\t\t\t<\/div>\n\t\t\t\t<figcaption class='wp-caption-text gallery-caption' id='gallery-1-61523'>\n\t\t\t\tLG invita a \u00abCambiar de aire\u00bb: nuevos equipos de aire acondicionado Dual Cool y Art Cool\n\t\t\t\t<\/figcaption><\/figure>\n\t\t<\/div>\n\n<p>Se trata de las l<strong>\u00edneas Art Cool y Dual Cool<\/strong> que la compa\u00f1\u00eda presenta en el pa\u00eds y que incluyen significativas mejoras de rendimiento y estilo. Los equipos Art Cool cuentan con un dise\u00f1o estilizado y minimalista con terminaciones espejadas que son ideales para generar un ambiente arm\u00f3nico y elegante en el hogar. Este modelo posee la funci\u00f3n <strong>Smart Feature-ThinQ<\/strong> que permite acceder al aire acondicionado a cualquier hora, desde cualquier lugar con un equipo con <strong>Wi-Fi<\/strong> y la aplicaci\u00f3n exclusiva de los electrodom\u00e9sticos LG.<\/p>\n<p><em>\u00abEn los \u00faltimos a\u00f1os fuimos testigos de c\u00f3mo se aceler\u00f3 la tendencia de los consumidores en buscar equipos que combinen lo mejor de la tecnolog\u00eda, ahorro de energ\u00eda y que adem\u00e1s tengan un dise\u00f1o innovador que permita revalorizar los ambientes. LG cuenta con los mejores aires del mercado que conjuga cada una de estas caracter\u00edsticas\u00bb<\/em>, sostuvo <strong>Mariela Coda<\/strong>, Marketing Senior Manager de LG Argentina.<\/p>\n<p>LG destaca las caracter\u00edsticas de sus modelos que se diferencian sobre el resto de los disponibles en el mercado:<\/p>\n<p><strong>Ahorro de energ\u00eda y enfriamiento m\u00e1s r\u00e1pido<\/strong>: Los aires acondicionados de LG poseen tecnolog\u00eda <strong>Dual Inverter<\/strong>, que ahorra hasta un 70% m\u00e1s de energ\u00eda en comparaci\u00f3n con la funci\u00f3n \u2018\u2019On-Off\u2019\u2019 presente en los aires tradicionales. Adem\u00e1s, permite adaptar su velocidad a las necesidades del consumidor, manteniendo la temperatura del ambiente dentro de la zona de confort definida por el usuario. En \u00e9pocas de muchos cortes de luz, y baja tensi\u00f3n, estos modelos pueden funcionar con hasta un 20% menos que la tensi\u00f3n normal gracias a su tecnolog\u00eda de estabilizaci\u00f3n electr\u00f3nica.<\/p>\n<p>Enfr\u00eda r\u00e1pidamente gracias a su rango de enfriamiento de alta velocidad con Compresor Dual Inverter&#x2122;, de manera que expulsa el aire y vuelve los espacios m\u00e1s frescos un 40% m\u00e1s r\u00e1pido.<\/p>\n<p><strong>Aire m\u00e1s puro<\/strong>: El ionizador de los aires acondicionados de LG elimina hasta 99% de las bacterias, sustancias nocivas y malos olores en 60 minutos, esterilizando el aire del hogar en cinco pasos. Son los \u00fanicos aires del mercado recomendados por FUNDALER (Fundaci\u00f3n Para el Estudio del Asma y otras Enfermedades Al\u00e9rgicas) dado que poseen filtros especiales para limpiar el aire de cada ambiente, eliminando bacterias y agentes al\u00e9rgicos.<\/p>\n<p><strong>Menor ruido<\/strong>: Los modelos de aires de LG operan en niveles de sonido bajos, gracias al ventilador de inclinaci\u00f3n exclusiva y al Compresor Dual Inverter&#x2122;, que eliminan el ruido innecesario y permiten un funcionamiento m\u00e1s suave.<\/p>\n<p><strong>Instalaci\u00f3n f\u00e1cil y r\u00e1pida<\/strong>: LG dise\u00f1a sus aires acondicionados de modo que su instalaci\u00f3n sea sencilla y eficiente. Adem\u00e1s, su dise\u00f1o elegante hace que se adapten armoniosamente a la est\u00e9tica de cualquier espacio habitable.<\/p>\n<p><strong>10 a\u00f1os de garant\u00eda<\/strong>: LG ofrece 10 a\u00f1os de garant\u00eda sobre el compresor Dual Inverter. Asegura la vida \u00fatil y la m\u00e1xima durabilidad del equipo.<\/p>\n<p>La llegada del calor y las altas temperaturas obligar\u00e1 a reorganizar el tiempo que se pasa en los hogares. Reorganizar cada uno de nuestros espacios har\u00e1 que cada lugar adquiera una relevancia distinta. <strong>\u00abCambiar de aire\u00bb<\/strong> es la propuesta que LG ofrece para mejorar la calidad de vida de las personas, con productos innovadores y de \u00faltima tecnolog\u00eda que ya se encuentran disponibles en el mercado argentino.<\/p>\n<p><strong>Acerca de LG Electronics, Inc.<\/strong><br \/>\nLG Home Appliance &amp; Air Solution Company es l\u00edder mundial en electrodom\u00e9sticos, soluciones para el hogar inteligente, sistemas de calidad del aire y productos visionarios con inteligencia artificial. La compa\u00f1\u00eda est\u00e1 creando soluciones totales para el hogar con sus tecnolog\u00edas centrales l\u00edderes en la industria y se compromete a mejorar la vida de los consumidores de todo el mundo mediante el desarrollo de electrodom\u00e9sticos y productos de soluci\u00f3n de aire cuidadosamente dise\u00f1ados. Juntos, estos productos ofrecen una mayor comodidad, un rendimiento excelente y un funcionamiento eficiente.<\/p>\n\n<div style=\"font-size: 0px; height: 0px; line-height: 0px; margin: 0; padding: 0; clear: both;\"><\/div><div style=\"margin-top: 0px; margin-bottom: 0px;\" class=\"sharethis-inline-share-buttons\" ><\/div>","protected":false},"excerpt":{"rendered":"<p>Enfr\u00edan m\u00e1s r\u00e1pido, consumen menos energ\u00eda y purifican el aire&#8230;<\/p>\n","protected":false},"author":1,"featured_media":61521,"comment_status":"closed","ping_status":"closed","sticky":false,"template":"","format":"standard","meta":{"_uag_custom_page_level_css":"","footnotes":""},"categories":[40,41],"tags":[42,284,5756,6716,129,288,6717,5597,6714,5598,6133,6342,6419],"class_list":["post-61519","post","type-post","status-publish","format-standard","has-post-thumbnail","hentry","category-construccion","category-materiales-tecnologias","tag-ahorro-energetico","tag-aire-acondicionado","tag-covid-19","tag-dual-inverter","tag-eficiencia-energetica","tag-inverter","tag-ionizador","tag-lg","tag-lg-electronics","tag-lg-electronics-argentina","tag-pandemia","tag-post-covid","tag-protocolo-covid-19","generate-columns","tablet-grid-50","mobile-grid-100","grid-parent","grid-50"],"yoast_head":"<!-- This site is optimized with the Yoast SEO plugin v27.3 - https:\/\/yoast.com\/product\/yoast-seo-wordpress\/ -->\n<title>LG invita a &quot;Cambiar de aire&quot;: nuevos equipos de aire acondicionado Dual Cool y Art Cool - Arquimaster<\/title>\n<meta name=\"description\" content=\"Enfr\u00edan m\u00e1s r\u00e1pido, consumen menos energ\u00eda y purifican el aire gracias a la tecnologia Dual Inverter.\" \/>\n<meta name=\"robots\" content=\"index, follow, max-snippet:-1, max-image-preview:large, max-video-preview:-1\" \/>\n<link rel=\"canonical\" href=\"https:\/\/www.arquimaster.com.ar\/web\/lg-invita-a-cambiar-de-aire-nuevos-equipos-de-aire-acondicionado-dual-cool-y-art-cool\/\" \/>\n<meta property=\"og:locale\" content=\"es_ES\" \/>\n<meta property=\"og:type\" content=\"article\" \/>\n<meta property=\"og:title\" content=\"LG invita a &quot;Cambiar de aire&quot;: nuevos equipos de aire acondicionado Dual Cool y Art Cool\" \/>\n<meta property=\"og:description\" content=\"Enfr\u00edan m\u00e1s r\u00e1pido, consumen menos energ\u00eda y purifican el aire gracias a la tecnologia Dual Inverter.\" \/>\n<meta property=\"og:url\" content=\"https:\/\/www.arquimaster.com.ar\/web\/lg-invita-a-cambiar-de-aire-nuevos-equipos-de-aire-acondicionado-dual-cool-y-art-cool\/\" \/>\n<meta property=\"og:site_name\" content=\"Arquimaster\" \/>\n<meta property=\"article:publisher\" content=\"http:\/\/www.facebook.com\/ARQUIMASTER.com.ar\" \/>\n<meta property=\"article:published_time\" content=\"2020-12-14T20:46:19+00:00\" \/>\n<meta property=\"article:modified_time\" content=\"2021-01-29T20:12:54+00:00\" \/>\n<meta property=\"og:image\" content=\"https:\/\/www.arquimaster.com.ar\/web\/wp-content\/uploads\/2020\/12\/lg_artcool_slide.jpg\" \/>\n\t<meta property=\"og:image:width\" content=\"698\" \/>\n\t<meta property=\"og:image:height\" content=\"364\" \/>\n\t<meta property=\"og:image:type\" content=\"image\/jpeg\" \/>\n<meta name=\"author\" content=\"Arquimaster\" \/>\n<meta name=\"twitter:card\" content=\"summary_large_image\" \/>\n<meta name=\"twitter:title\" content=\"LG invita a &quot;Cambiar de aire&quot;: nuevos equipos de aire acondicionado Dual Cool y Art Cool\" \/>\n<meta name=\"twitter:description\" content=\"Enfr\u00edan m\u00e1s r\u00e1pido, consumen menos energ\u00eda y purifican el aire gracias a la tecnologia Dual Inverter.\" \/>\n<meta name=\"twitter:image\" content=\"https:\/\/www.arquimaster.com.ar\/web\/wp-content\/uploads\/2020\/12\/lg_artcool_slide.jpg\" \/>\n<meta name=\"twitter:creator\" content=\"@arquimaster\" \/>\n<meta name=\"twitter:site\" content=\"@arquimaster\" \/>\n<meta name=\"twitter:label1\" content=\"Escrito por\" \/>\n\t<meta name=\"twitter:data1\" content=\"Arquimaster\" \/>\n\t<meta name=\"twitter:label2\" content=\"Tiempo de lectura\" \/>\n\t<meta name=\"twitter:data2\" content=\"4 minutos\" \/>\n<script type=\"application\/ld+json\" class=\"yoast-schema-graph\">{\"@context\":\"https:\\\/\\\/schema.org\",\"@graph\":[{\"@type\":\"Article\",\"@id\":\"https:\\\/\\\/www.arquimaster.com.ar\\\/web\\\/lg-invita-a-cambiar-de-aire-nuevos-equipos-de-aire-acondicionado-dual-cool-y-art-cool\\\/#article\",\"isPartOf\":{\"@id\":\"https:\\\/\\\/www.arquimaster.com.ar\\\/web\\\/lg-invita-a-cambiar-de-aire-nuevos-equipos-de-aire-acondicionado-dual-cool-y-art-cool\\\/\"},\"author\":{\"name\":\"Arquimaster\",\"@id\":\"https:\\\/\\\/www.arquimaster.com.ar\\\/web\\\/#\\\/schema\\\/person\\\/359e9f7c00193fcde068e0dd2ceb0028\"},\"headline\":\"LG invita a \u00abCambiar de aire\u00bb: nuevos equipos de aire acondicionado Dual Cool y Art Cool\",\"datePublished\":\"2020-12-14T20:46:19+00:00\",\"dateModified\":\"2021-01-29T20:12:54+00:00\",\"mainEntityOfPage\":{\"@id\":\"https:\\\/\\\/www.arquimaster.com.ar\\\/web\\\/lg-invita-a-cambiar-de-aire-nuevos-equipos-de-aire-acondicionado-dual-cool-y-art-cool\\\/\"},\"wordCount\":861,\"publisher\":{\"@id\":\"https:\\\/\\\/www.arquimaster.com.ar\\\/web\\\/#organization\"},\"image\":{\"@id\":\"https:\\\/\\\/www.arquimaster.com.ar\\\/web\\\/lg-invita-a-cambiar-de-aire-nuevos-equipos-de-aire-acondicionado-dual-cool-y-art-cool\\\/#primaryimage\"},\"thumbnailUrl\":\"https:\\\/\\\/www.arquimaster.com.ar\\\/web\\\/wp-content\\\/uploads\\\/2020\\\/12\\\/lg_artcool_slide.jpg\",\"keywords\":[\"ahorro energetico\",\"aire acondicionado\",\"Covid-19\",\"Dual Inverter\",\"eficiencia energ\u00e9tica\",\"Inverter\",\"ionizador\",\"LG\",\"LG Electronics\",\"LG Electronics Argentina\",\"pandemia\",\"Post-Covid\",\"protocolo Covid-19\"],\"articleSection\":[\"Construccion\",\"Materiales y tecnologias\"],\"inLanguage\":\"es\"},{\"@type\":\"WebPage\",\"@id\":\"https:\\\/\\\/www.arquimaster.com.ar\\\/web\\\/lg-invita-a-cambiar-de-aire-nuevos-equipos-de-aire-acondicionado-dual-cool-y-art-cool\\\/\",\"url\":\"https:\\\/\\\/www.arquimaster.com.ar\\\/web\\\/lg-invita-a-cambiar-de-aire-nuevos-equipos-de-aire-acondicionado-dual-cool-y-art-cool\\\/\",\"name\":\"LG invita a \\\"Cambiar de aire\\\": nuevos equipos de aire acondicionado Dual Cool y Art Cool - Arquimaster\",\"isPartOf\":{\"@id\":\"https:\\\/\\\/www.arquimaster.com.ar\\\/web\\\/#website\"},\"primaryImageOfPage\":{\"@id\":\"https:\\\/\\\/www.arquimaster.com.ar\\\/web\\\/lg-invita-a-cambiar-de-aire-nuevos-equipos-de-aire-acondicionado-dual-cool-y-art-cool\\\/#primaryimage\"},\"image\":{\"@id\":\"https:\\\/\\\/www.arquimaster.com.ar\\\/web\\\/lg-invita-a-cambiar-de-aire-nuevos-equipos-de-aire-acondicionado-dual-cool-y-art-cool\\\/#primaryimage\"},\"thumbnailUrl\":\"https:\\\/\\\/www.arquimaster.com.ar\\\/web\\\/wp-content\\\/uploads\\\/2020\\\/12\\\/lg_artcool_slide.jpg\",\"datePublished\":\"2020-12-14T20:46:19+00:00\",\"dateModified\":\"2021-01-29T20:12:54+00:00\",\"description\":\"Enfr\u00edan m\u00e1s r\u00e1pido, consumen menos energ\u00eda y purifican el aire gracias a la tecnologia Dual Inverter.\",\"breadcrumb\":{\"@id\":\"https:\\\/\\\/www.arquimaster.com.ar\\\/web\\\/lg-invita-a-cambiar-de-aire-nuevos-equipos-de-aire-acondicionado-dual-cool-y-art-cool\\\/#breadcrumb\"},\"inLanguage\":\"es\",\"potentialAction\":[{\"@type\":\"ReadAction\",\"target\":[\"https:\\\/\\\/www.arquimaster.com.ar\\\/web\\\/lg-invita-a-cambiar-de-aire-nuevos-equipos-de-aire-acondicionado-dual-cool-y-art-cool\\\/\"]}]},{\"@type\":\"ImageObject\",\"inLanguage\":\"es\",\"@id\":\"https:\\\/\\\/www.arquimaster.com.ar\\\/web\\\/lg-invita-a-cambiar-de-aire-nuevos-equipos-de-aire-acondicionado-dual-cool-y-art-cool\\\/#primaryimage\",\"url\":\"https:\\\/\\\/www.arquimaster.com.ar\\\/web\\\/wp-content\\\/uploads\\\/2020\\\/12\\\/lg_artcool_slide.jpg\",\"contentUrl\":\"https:\\\/\\\/www.arquimaster.com.ar\\\/web\\\/wp-content\\\/uploads\\\/2020\\\/12\\\/lg_artcool_slide.jpg\",\"width\":698,\"height\":364,\"caption\":\"LG invita a \\\"Cambiar de aire\\\": nuevos equipos de aire acondicionado Dual Cool y Art Cool\"},{\"@type\":\"BreadcrumbList\",\"@id\":\"https:\\\/\\\/www.arquimaster.com.ar\\\/web\\\/lg-invita-a-cambiar-de-aire-nuevos-equipos-de-aire-acondicionado-dual-cool-y-art-cool\\\/#breadcrumb\",\"itemListElement\":[{\"@type\":\"ListItem\",\"position\":1,\"name\":\"Portada\",\"item\":\"https:\\\/\\\/www.arquimaster.com.ar\\\/web\\\/\"},{\"@type\":\"ListItem\",\"position\":2,\"name\":\"LG invita a \u00abCambiar de aire\u00bb: nuevos equipos de aire acondicionado Dual Cool y Art Cool\"}]},{\"@type\":\"WebSite\",\"@id\":\"https:\\\/\\\/www.arquimaster.com.ar\\\/web\\\/#website\",\"url\":\"https:\\\/\\\/www.arquimaster.com.ar\\\/web\\\/\",\"name\":\"Arquimaster\",\"description\":\"Web de arquitectura, dise\u00f1o y construccion\",\"publisher\":{\"@id\":\"https:\\\/\\\/www.arquimaster.com.ar\\\/web\\\/#organization\"},\"potentialAction\":[{\"@type\":\"SearchAction\",\"target\":{\"@type\":\"EntryPoint\",\"urlTemplate\":\"https:\\\/\\\/www.arquimaster.com.ar\\\/web\\\/?s={search_term_string}\"},\"query-input\":{\"@type\":\"PropertyValueSpecification\",\"valueRequired\":true,\"valueName\":\"search_term_string\"}}],\"inLanguage\":\"es\"},{\"@type\":\"Organization\",\"@id\":\"https:\\\/\\\/www.arquimaster.com.ar\\\/web\\\/#organization\",\"name\":\"Arquimaster\",\"url\":\"https:\\\/\\\/www.arquimaster.com.ar\\\/web\\\/\",\"logo\":{\"@type\":\"ImageObject\",\"inLanguage\":\"es\",\"@id\":\"https:\\\/\\\/www.arquimaster.com.ar\\\/web\\\/#\\\/schema\\\/logo\\\/image\\\/\",\"url\":\"https:\\\/\\\/www.arquimaster.com.ar\\\/web\\\/wp-content\\\/uploads\\\/2022\\\/06\\\/arquimaster.png\",\"contentUrl\":\"https:\\\/\\\/www.arquimaster.com.ar\\\/web\\\/wp-content\\\/uploads\\\/2022\\\/06\\\/arquimaster.png\",\"width\":594,\"height\":78,\"caption\":\"Arquimaster\"},\"image\":{\"@id\":\"https:\\\/\\\/www.arquimaster.com.ar\\\/web\\\/#\\\/schema\\\/logo\\\/image\\\/\"},\"sameAs\":[\"http:\\\/\\\/www.facebook.com\\\/ARQUIMASTER.com.ar\",\"https:\\\/\\\/x.com\\\/arquimaster\",\"https:\\\/\\\/www.instagram.com\\\/arquimasterblog\\\/\",\"https:\\\/\\\/www.linkedin.com\\\/company\\\/arquimaster\",\"https:\\\/\\\/www.pinterest.com\\\/arquimaster\",\"https:\\\/\\\/t.me\\\/arquimaster\"]},{\"@type\":\"Person\",\"@id\":\"https:\\\/\\\/www.arquimaster.com.ar\\\/web\\\/#\\\/schema\\\/person\\\/359e9f7c00193fcde068e0dd2ceb0028\",\"name\":\"Arquimaster\"}]}<\/script>\n<!-- \/ Yoast SEO plugin. -->","yoast_head_json":{"title":"LG invita a \"Cambiar de aire\": nuevos equipos de aire acondicionado Dual Cool y Art Cool - Arquimaster","description":"Enfr\u00edan m\u00e1s r\u00e1pido, consumen menos energ\u00eda y purifican el aire gracias a la tecnologia Dual Inverter.","robots":{"index":"index","follow":"follow","max-snippet":"max-snippet:-1","max-image-preview":"max-image-preview:large","max-video-preview":"max-video-preview:-1"},"canonical":"https:\/\/www.arquimaster.com.ar\/web\/lg-invita-a-cambiar-de-aire-nuevos-equipos-de-aire-acondicionado-dual-cool-y-art-cool\/","og_locale":"es_ES","og_type":"article","og_title":"LG invita a \"Cambiar de aire\": nuevos equipos de aire acondicionado Dual Cool y Art Cool","og_description":"Enfr\u00edan m\u00e1s r\u00e1pido, consumen menos energ\u00eda y purifican el aire gracias a la tecnologia Dual Inverter.","og_url":"https:\/\/www.arquimaster.com.ar\/web\/lg-invita-a-cambiar-de-aire-nuevos-equipos-de-aire-acondicionado-dual-cool-y-art-cool\/","og_site_name":"Arquimaster","article_publisher":"http:\/\/www.facebook.com\/ARQUIMASTER.com.ar","article_published_time":"2020-12-14T20:46:19+00:00","article_modified_time":"2021-01-29T20:12:54+00:00","og_image":[{"width":698,"height":364,"url":"https:\/\/www.arquimaster.com.ar\/web\/wp-content\/uploads\/2020\/12\/lg_artcool_slide.jpg","type":"image\/jpeg"}],"author":"Arquimaster","twitter_card":"summary_large_image","twitter_title":"LG invita a \"Cambiar de aire\": nuevos equipos de aire acondicionado Dual Cool y Art Cool","twitter_description":"Enfr\u00edan m\u00e1s r\u00e1pido, consumen menos energ\u00eda y purifican el aire gracias a la tecnologia Dual Inverter.","twitter_image":"https:\/\/www.arquimaster.com.ar\/web\/wp-content\/uploads\/2020\/12\/lg_artcool_slide.jpg","twitter_creator":"@arquimaster","twitter_site":"@arquimaster","twitter_misc":{"Escrito por":"Arquimaster","Tiempo de lectura":"4 minutos"},"schema":{"@context":"https:\/\/schema.org","@graph":[{"@type":"Article","@id":"https:\/\/www.arquimaster.com.ar\/web\/lg-invita-a-cambiar-de-aire-nuevos-equipos-de-aire-acondicionado-dual-cool-y-art-cool\/#article","isPartOf":{"@id":"https:\/\/www.arquimaster.com.ar\/web\/lg-invita-a-cambiar-de-aire-nuevos-equipos-de-aire-acondicionado-dual-cool-y-art-cool\/"},"author":{"name":"Arquimaster","@id":"https:\/\/www.arquimaster.com.ar\/web\/#\/schema\/person\/359e9f7c00193fcde068e0dd2ceb0028"},"headline":"LG invita a \u00abCambiar de aire\u00bb: nuevos equipos de aire acondicionado Dual Cool y Art Cool","datePublished":"2020-12-14T20:46:19+00:00","dateModified":"2021-01-29T20:12:54+00:00","mainEntityOfPage":{"@id":"https:\/\/www.arquimaster.com.ar\/web\/lg-invita-a-cambiar-de-aire-nuevos-equipos-de-aire-acondicionado-dual-cool-y-art-cool\/"},"wordCount":861,"publisher":{"@id":"https:\/\/www.arquimaster.com.ar\/web\/#organization"},"image":{"@id":"https:\/\/www.arquimaster.com.ar\/web\/lg-invita-a-cambiar-de-aire-nuevos-equipos-de-aire-acondicionado-dual-cool-y-art-cool\/#primaryimage"},"thumbnailUrl":"https:\/\/www.arquimaster.com.ar\/web\/wp-content\/uploads\/2020\/12\/lg_artcool_slide.jpg","keywords":["ahorro energetico","aire acondicionado","Covid-19","Dual Inverter","eficiencia energ\u00e9tica","Inverter","ionizador","LG","LG Electronics","LG Electronics Argentina","pandemia","Post-Covid","protocolo Covid-19"],"articleSection":["Construccion","Materiales y tecnologias"],"inLanguage":"es"},{"@type":"WebPage","@id":"https:\/\/www.arquimaster.com.ar\/web\/lg-invita-a-cambiar-de-aire-nuevos-equipos-de-aire-acondicionado-dual-cool-y-art-cool\/","url":"https:\/\/www.arquimaster.com.ar\/web\/lg-invita-a-cambiar-de-aire-nuevos-equipos-de-aire-acondicionado-dual-cool-y-art-cool\/","name":"LG invita a \"Cambiar de aire\": nuevos equipos de aire acondicionado Dual Cool y Art Cool - Arquimaster","isPartOf":{"@id":"https:\/\/www.arquimaster.com.ar\/web\/#website"},"primaryImageOfPage":{"@id":"https:\/\/www.arquimaster.com.ar\/web\/lg-invita-a-cambiar-de-aire-nuevos-equipos-de-aire-acondicionado-dual-cool-y-art-cool\/#primaryimage"},"image":{"@id":"https:\/\/www.arquimaster.com.ar\/web\/lg-invita-a-cambiar-de-aire-nuevos-equipos-de-aire-acondicionado-dual-cool-y-art-cool\/#primaryimage"},"thumbnailUrl":"https:\/\/www.arquimaster.com.ar\/web\/wp-content\/uploads\/2020\/12\/lg_artcool_slide.jpg","datePublished":"2020-12-14T20:46:19+00:00","dateModified":"2021-01-29T20:12:54+00:00","description":"Enfr\u00edan m\u00e1s r\u00e1pido, consumen menos energ\u00eda y purifican el aire gracias a la tecnologia Dual Inverter.","breadcrumb":{"@id":"https:\/\/www.arquimaster.com.ar\/web\/lg-invita-a-cambiar-de-aire-nuevos-equipos-de-aire-acondicionado-dual-cool-y-art-cool\/#breadcrumb"},"inLanguage":"es","potentialAction":[{"@type":"ReadAction","target":["https:\/\/www.arquimaster.com.ar\/web\/lg-invita-a-cambiar-de-aire-nuevos-equipos-de-aire-acondicionado-dual-cool-y-art-cool\/"]}]},{"@type":"ImageObject","inLanguage":"es","@id":"https:\/\/www.arquimaster.com.ar\/web\/lg-invita-a-cambiar-de-aire-nuevos-equipos-de-aire-acondicionado-dual-cool-y-art-cool\/#primaryimage","url":"https:\/\/www.arquimaster.com.ar\/web\/wp-content\/uploads\/2020\/12\/lg_artcool_slide.jpg","contentUrl":"https:\/\/www.arquimaster.com.ar\/web\/wp-content\/uploads\/2020\/12\/lg_artcool_slide.jpg","width":698,"height":364,"caption":"LG invita a \"Cambiar de aire\": nuevos equipos de aire acondicionado Dual Cool y Art Cool"},{"@type":"BreadcrumbList","@id":"https:\/\/www.arquimaster.com.ar\/web\/lg-invita-a-cambiar-de-aire-nuevos-equipos-de-aire-acondicionado-dual-cool-y-art-cool\/#breadcrumb","itemListElement":[{"@type":"ListItem","position":1,"name":"Portada","item":"https:\/\/www.arquimaster.com.ar\/web\/"},{"@type":"ListItem","position":2,"name":"LG invita a \u00abCambiar de aire\u00bb: nuevos equipos de aire acondicionado Dual Cool y Art Cool"}]},{"@type":"WebSite","@id":"https:\/\/www.arquimaster.com.ar\/web\/#website","url":"https:\/\/www.arquimaster.com.ar\/web\/","name":"Arquimaster","description":"Web de arquitectura, dise\u00f1o y construccion","publisher":{"@id":"https:\/\/www.arquimaster.com.ar\/web\/#organization"},"potentialAction":[{"@type":"SearchAction","target":{"@type":"EntryPoint","urlTemplate":"https:\/\/www.arquimaster.com.ar\/web\/?s={search_term_string}"},"query-input":{"@type":"PropertyValueSpecification","valueRequired":true,"valueName":"search_term_string"}}],"inLanguage":"es"},{"@type":"Organization","@id":"https:\/\/www.arquimaster.com.ar\/web\/#organization","name":"Arquimaster","url":"https:\/\/www.arquimaster.com.ar\/web\/","logo":{"@type":"ImageObject","inLanguage":"es","@id":"https:\/\/www.arquimaster.com.ar\/web\/#\/schema\/logo\/image\/","url":"https:\/\/www.arquimaster.com.ar\/web\/wp-content\/uploads\/2022\/06\/arquimaster.png","contentUrl":"https:\/\/www.arquimaster.com.ar\/web\/wp-content\/uploads\/2022\/06\/arquimaster.png","width":594,"height":78,"caption":"Arquimaster"},"image":{"@id":"https:\/\/www.arquimaster.com.ar\/web\/#\/schema\/logo\/image\/"},"sameAs":["http:\/\/www.facebook.com\/ARQUIMASTER.com.ar","https:\/\/x.com\/arquimaster","https:\/\/www.instagram.com\/arquimasterblog\/","https:\/\/www.linkedin.com\/company\/arquimaster","https:\/\/www.pinterest.com\/arquimaster","https:\/\/t.me\/arquimaster"]},{"@type":"Person","@id":"https:\/\/www.arquimaster.com.ar\/web\/#\/schema\/person\/359e9f7c00193fcde068e0dd2ceb0028","name":"Arquimaster"}]}},"uagb_featured_image_src":{"full":["https:\/\/www.arquimaster.com.ar\/web\/wp-content\/uploads\/2020\/12\/lg_artcool_slide.jpg",698,364,false],"thumbnail":["https:\/\/www.arquimaster.com.ar\/web\/wp-content\/uploads\/2020\/12\/lg_artcool_slide-150x150.jpg",150,150,true],"medium":["https:\/\/www.arquimaster.com.ar\/web\/wp-content\/uploads\/2020\/12\/lg_artcool_slide.jpg",698,364,false],"medium_large":["https:\/\/www.arquimaster.com.ar\/web\/wp-content\/uploads\/2020\/12\/lg_artcool_slide.jpg",698,364,false],"large":["https:\/\/www.arquimaster.com.ar\/web\/wp-content\/uploads\/2020\/12\/lg_artcool_slide.jpg",698,364,false],"1536x1536":["https:\/\/www.arquimaster.com.ar\/web\/wp-content\/uploads\/2020\/12\/lg_artcool_slide.jpg",698,364,false],"2048x2048":["https:\/\/www.arquimaster.com.ar\/web\/wp-content\/uploads\/2020\/12\/lg_artcool_slide.jpg",698,364,false]},"uagb_author_info":{"display_name":"Arquimaster","author_link":"https:\/\/www.arquimaster.com.ar\/web\/author\/arquimaster\/"},"uagb_comment_info":0,"uagb_excerpt":"Enfr\u00edan m\u00e1s r\u00e1pido, consumen menos energ\u00eda y purifican el aire...","_links":{"self":[{"href":"https:\/\/www.arquimaster.com.ar\/web\/wp-json\/wp\/v2\/posts\/61519","targetHints":{"allow":["GET"]}}],"collection":[{"href":"https:\/\/www.arquimaster.com.ar\/web\/wp-json\/wp\/v2\/posts"}],"about":[{"href":"https:\/\/www.arquimaster.com.ar\/web\/wp-json\/wp\/v2\/types\/post"}],"author":[{"embeddable":true,"href":"https:\/\/www.arquimaster.com.ar\/web\/wp-json\/wp\/v2\/users\/1"}],"replies":[{"embeddable":true,"href":"https:\/\/www.arquimaster.com.ar\/web\/wp-json\/wp\/v2\/comments?post=61519"}],"version-history":[{"count":1,"href":"https:\/\/www.arquimaster.com.ar\/web\/wp-json\/wp\/v2\/posts\/61519\/revisions"}],"predecessor-version":[{"id":61524,"href":"https:\/\/www.arquimaster.com.ar\/web\/wp-json\/wp\/v2\/posts\/61519\/revisions\/61524"}],"wp:featuredmedia":[{"embeddable":true,"href":"https:\/\/www.arquimaster.com.ar\/web\/wp-json\/wp\/v2\/media\/61521"}],"wp:attachment":[{"href":"https:\/\/www.arquimaster.com.ar\/web\/wp-json\/wp\/v2\/media?parent=61519"}],"wp:term":[{"taxonomy":"category","embeddable":true,"href":"https:\/\/www.arquimaster.com.ar\/web\/wp-json\/wp\/v2\/categories?post=61519"},{"taxonomy":"post_tag","embeddable":true,"href":"https:\/\/www.arquimaster.com.ar\/web\/wp-json\/wp\/v2\/tags?post=61519"}],"curies":[{"name":"wp","href":"https:\/\/api.w.org\/{rel}","templated":true}]}}