{"id":61663,"date":"2020-12-28T20:40:26","date_gmt":"2020-12-28T23:40:26","guid":{"rendered":"https:\/\/www.arquimaster.com.ar\/web\/?p=61663"},"modified":"2021-02-28T16:49:08","modified_gmt":"2021-02-28T19:49:08","slug":"proyecto-centro-cultural-e-interpretativo-rumi-llanqha-christian-verde-y-carlo-gonzalo","status":"publish","type":"post","link":"https:\/\/www.arquimaster.com.ar\/web\/proyecto-centro-cultural-e-interpretativo-rumi-llanqha-christian-verde-y-carlo-gonzalo\/","title":{"rendered":"Proyecto Centro Cultural e Interpretativo Rumi Llanqha \/ Christian Verde y Carlo Gonzalo"},"content":{"rendered":"<div style=\"margin-top: 0px; margin-bottom: 0px;\" class=\"sharethis-inline-share-buttons\" ><\/div><div class=\"b812932af2e751442846f039925109de\" data-index=\"1\" style=\"float: none; margin:25px 0 25px 0; text-align:center;\">\n<script async src=\"https:\/\/pagead2.googlesyndication.com\/pagead\/js\/adsbygoogle.js\"><\/script>\r\n<!-- Arquimaster (superior) -->\r\n<ins class=\"adsbygoogle\"\r\n     style=\"display:block\"\r\n     data-ad-client=\"ca-pub-6351072698456832\"\r\n     data-ad-slot=\"6455489680\"\r\n     data-ad-format=\"auto\"\r\n     data-full-width-responsive=\"true\"><\/ins>\r\n<script>\r\n     (adsbygoogle = window.adsbygoogle || []).push({});\r\n<\/script>\n<\/div>\n<p><strong>Proyecto Centro Cultural e Interpretativo Rumi Llanqha<\/strong> (Lampa, Per\u00fa) por <strong>Christian Verde y Carlo Gonzalo<\/strong>. Proyecto ganador de la octava versi\u00f3n TEAM20 Architecture and Planning Graduation Projects Competition, un concurso internacional de proyectos de tesis de estudiantes de arquitectura, el cual tiene como objetivo brindar a los estudiantes del \u00faltimo a\u00f1o una plataforma para sus voces \u00fanicas en t\u00e9rminos de arquitectura, desarrollo urbano y rural, problemas del entorno construido y en general, la relaci\u00f3n del hombre-tierra. El concurso est\u00e1 organizado por, NCKU Departament of Architecture. Se presentaron al concurso mas de 700 proyectos a nivel internacional, de los cuales clasificaron 30 finalistas. Los trabajos fueron evaluados por un jurado compuesto por 88 arquitectos del Sur de Asia, Europa y Sudam\u00e9rica.<\/p>\n<div id='gallery-1' class='gallery galleryid-61663 gallery-columns-3 gallery-size-thumbnail'><figure class='gallery-item'>\n\t\t\t<div class='gallery-icon landscape'>\n\t\t\t\t<a href='https:\/\/www.arquimaster.com.ar\/web\/wp-content\/uploads\/2020\/12\/centro_cultural_rumi_llanqha1.jpg' title=\"Proyecto Centro Cultural e Interpretativo Rumi Llanqha \/ Christian Verde y Carlo Gonzalo\" data-rl_title=\"Proyecto Centro Cultural e Interpretativo Rumi Llanqha \/ Christian Verde y Carlo Gonzalo\" class=\"rl-gallery-link\" data-rl_caption=\"Proyecto Centro Cultural e Interpretativo Rumi Llanqha \/ Christian Verde y Carlo Gonzalo\" data-rel=\"lightbox-gallery-1\"><img loading=\"lazy\" decoding=\"async\" width=\"150\" height=\"150\" src=\"https:\/\/www.arquimaster.com.ar\/web\/wp-content\/uploads\/2020\/12\/centro_cultural_rumi_llanqha1-150x150.jpg\" class=\"attachment-thumbnail size-thumbnail\" alt=\"Proyecto Centro Cultural e Interpretativo Rumi Llanqha \/ Christian Verde y Carlo Gonzalo\" aria-describedby=\"gallery-1-61665\" \/><\/a>\n\t\t\t<\/div>\n\t\t\t\t<figcaption class='wp-caption-text gallery-caption' id='gallery-1-61665'>\n\t\t\t\tProyecto Centro Cultural e Interpretativo Rumi Llanqha \/ Christian Verde y Carlo Gonzalo\n\t\t\t\t<\/figcaption><\/figure><figure class='gallery-item'>\n\t\t\t<div class='gallery-icon landscape'>\n\t\t\t\t<a href='https:\/\/www.arquimaster.com.ar\/web\/wp-content\/uploads\/2020\/12\/centro_cultural_rumi_llanqha2.jpg' title=\"Proyecto Centro Cultural e Interpretativo Rumi Llanqha \/ Christian Verde y Carlo Gonzalo\" data-rl_title=\"Proyecto Centro Cultural e Interpretativo Rumi Llanqha \/ Christian Verde y Carlo Gonzalo\" class=\"rl-gallery-link\" data-rl_caption=\"Proyecto Centro Cultural e Interpretativo Rumi Llanqha \/ Christian Verde y Carlo Gonzalo\" data-rel=\"lightbox-gallery-1\"><img loading=\"lazy\" decoding=\"async\" width=\"150\" height=\"150\" src=\"https:\/\/www.arquimaster.com.ar\/web\/wp-content\/uploads\/2020\/12\/centro_cultural_rumi_llanqha2-150x150.jpg\" class=\"attachment-thumbnail size-thumbnail\" alt=\"Proyecto Centro Cultural e Interpretativo Rumi Llanqha \/ Christian Verde y Carlo Gonzalo\" aria-describedby=\"gallery-1-61666\" \/><\/a>\n\t\t\t<\/div>\n\t\t\t\t<figcaption class='wp-caption-text gallery-caption' id='gallery-1-61666'>\n\t\t\t\tProyecto Centro Cultural e Interpretativo Rumi Llanqha \/ Christian Verde y Carlo Gonzalo\n\t\t\t\t<\/figcaption><\/figure><figure class='gallery-item'>\n\t\t\t<div class='gallery-icon landscape'>\n\t\t\t\t<a href='https:\/\/www.arquimaster.com.ar\/web\/wp-content\/uploads\/2020\/12\/centro_cultural_rumi_llanqha3.jpg' title=\"Proyecto Centro Cultural e Interpretativo Rumi Llanqha \/ Christian Verde y Carlo Gonzalo\" data-rl_title=\"Proyecto Centro Cultural e Interpretativo Rumi Llanqha \/ Christian Verde y Carlo Gonzalo\" class=\"rl-gallery-link\" data-rl_caption=\"Proyecto Centro Cultural e Interpretativo Rumi Llanqha \/ Christian Verde y Carlo Gonzalo\" data-rel=\"lightbox-gallery-1\"><img loading=\"lazy\" decoding=\"async\" width=\"150\" height=\"150\" src=\"https:\/\/www.arquimaster.com.ar\/web\/wp-content\/uploads\/2020\/12\/centro_cultural_rumi_llanqha3-150x150.jpg\" class=\"attachment-thumbnail size-thumbnail\" alt=\"Proyecto Centro Cultural e Interpretativo Rumi Llanqha \/ Christian Verde y Carlo Gonzalo\" aria-describedby=\"gallery-1-61667\" \/><\/a>\n\t\t\t<\/div>\n\t\t\t\t<figcaption class='wp-caption-text gallery-caption' id='gallery-1-61667'>\n\t\t\t\tProyecto Centro Cultural e Interpretativo Rumi Llanqha \/ Christian Verde y Carlo Gonzalo\n\t\t\t\t<\/figcaption><\/figure><figure class='gallery-item'>\n\t\t\t<div class='gallery-icon landscape'>\n\t\t\t\t<a href='https:\/\/www.arquimaster.com.ar\/web\/wp-content\/uploads\/2020\/12\/centro_cultural_rumi_llanqha4.jpg' title=\"Proyecto Centro Cultural e Interpretativo Rumi Llanqha \/ Christian Verde y Carlo Gonzalo\" data-rl_title=\"Proyecto Centro Cultural e Interpretativo Rumi Llanqha \/ Christian Verde y Carlo Gonzalo\" class=\"rl-gallery-link\" data-rl_caption=\"Proyecto Centro Cultural e Interpretativo Rumi Llanqha \/ Christian Verde y Carlo Gonzalo\" data-rel=\"lightbox-gallery-1\"><img loading=\"lazy\" decoding=\"async\" width=\"150\" height=\"150\" src=\"https:\/\/www.arquimaster.com.ar\/web\/wp-content\/uploads\/2020\/12\/centro_cultural_rumi_llanqha4-150x150.jpg\" class=\"attachment-thumbnail size-thumbnail\" alt=\"Proyecto Centro Cultural e Interpretativo Rumi Llanqha \/ Christian Verde y Carlo Gonzalo\" aria-describedby=\"gallery-1-61668\" \/><\/a>\n\t\t\t<\/div>\n\t\t\t\t<figcaption class='wp-caption-text gallery-caption' id='gallery-1-61668'>\n\t\t\t\tProyecto Centro Cultural e Interpretativo Rumi Llanqha \/ Christian Verde y Carlo Gonzalo\n\t\t\t\t<\/figcaption><\/figure><figure class='gallery-item'>\n\t\t\t<div class='gallery-icon landscape'>\n\t\t\t\t<a href='https:\/\/www.arquimaster.com.ar\/web\/wp-content\/uploads\/2020\/12\/centro_cultural_rumi_llanqha5.jpg' title=\"Proyecto Centro Cultural e Interpretativo Rumi Llanqha \/ Christian Verde y Carlo Gonzalo\" data-rl_title=\"Proyecto Centro Cultural e Interpretativo Rumi Llanqha \/ Christian Verde y Carlo Gonzalo\" class=\"rl-gallery-link\" data-rl_caption=\"Proyecto Centro Cultural e Interpretativo Rumi Llanqha \/ Christian Verde y Carlo Gonzalo\" data-rel=\"lightbox-gallery-1\"><img loading=\"lazy\" decoding=\"async\" width=\"150\" height=\"150\" src=\"https:\/\/www.arquimaster.com.ar\/web\/wp-content\/uploads\/2020\/12\/centro_cultural_rumi_llanqha5-150x150.jpg\" class=\"attachment-thumbnail size-thumbnail\" alt=\"Proyecto Centro Cultural e Interpretativo Rumi Llanqha \/ Christian Verde y Carlo Gonzalo\" aria-describedby=\"gallery-1-61669\" \/><\/a>\n\t\t\t<\/div>\n\t\t\t\t<figcaption class='wp-caption-text gallery-caption' id='gallery-1-61669'>\n\t\t\t\tProyecto Centro Cultural e Interpretativo Rumi Llanqha \/ Christian Verde y Carlo Gonzalo\n\t\t\t\t<\/figcaption><\/figure><figure class='gallery-item'>\n\t\t\t<div class='gallery-icon landscape'>\n\t\t\t\t<a href='https:\/\/www.arquimaster.com.ar\/web\/wp-content\/uploads\/2020\/12\/centro_cultural_rumi_llanqha6.jpg' title=\"Proyecto Centro Cultural e Interpretativo Rumi Llanqha \/ Christian Verde y Carlo Gonzalo\" data-rl_title=\"Proyecto Centro Cultural e Interpretativo Rumi Llanqha \/ Christian Verde y Carlo Gonzalo\" class=\"rl-gallery-link\" data-rl_caption=\"Proyecto Centro Cultural e Interpretativo Rumi Llanqha \/ Christian Verde y Carlo Gonzalo\" data-rel=\"lightbox-gallery-1\"><img loading=\"lazy\" decoding=\"async\" width=\"150\" height=\"150\" src=\"https:\/\/www.arquimaster.com.ar\/web\/wp-content\/uploads\/2020\/12\/centro_cultural_rumi_llanqha6-150x150.jpg\" class=\"attachment-thumbnail size-thumbnail\" alt=\"Proyecto Centro Cultural e Interpretativo Rumi Llanqha \/ Christian Verde y Carlo Gonzalo\" aria-describedby=\"gallery-1-61670\" \/><\/a>\n\t\t\t<\/div>\n\t\t\t\t<figcaption class='wp-caption-text gallery-caption' id='gallery-1-61670'>\n\t\t\t\tProyecto Centro Cultural e Interpretativo Rumi Llanqha \/ Christian Verde y Carlo Gonzalo\n\t\t\t\t<\/figcaption><\/figure><figure class='gallery-item'>\n\t\t\t<div class='gallery-icon landscape'>\n\t\t\t\t<a href='https:\/\/www.arquimaster.com.ar\/web\/wp-content\/uploads\/2020\/12\/centro_cultural_rumi_llanqha7.jpg' title=\"Proyecto Centro Cultural e Interpretativo Rumi Llanqha \/ Christian Verde y Carlo Gonzalo (corte)\" data-rl_title=\"Proyecto Centro Cultural e Interpretativo Rumi Llanqha \/ Christian Verde y Carlo Gonzalo (corte)\" class=\"rl-gallery-link\" data-rl_caption=\"Proyecto Centro Cultural e Interpretativo Rumi Llanqha \/ Christian Verde y Carlo Gonzalo (corte)\" data-rel=\"lightbox-gallery-1\"><img loading=\"lazy\" decoding=\"async\" width=\"150\" height=\"150\" src=\"https:\/\/www.arquimaster.com.ar\/web\/wp-content\/uploads\/2020\/12\/centro_cultural_rumi_llanqha7-150x150.jpg\" class=\"attachment-thumbnail size-thumbnail\" alt=\"Proyecto Centro Cultural e Interpretativo Rumi Llanqha \/ Christian Verde y Carlo Gonzalo\" aria-describedby=\"gallery-1-61671\" \/><\/a>\n\t\t\t<\/div>\n\t\t\t\t<figcaption class='wp-caption-text gallery-caption' id='gallery-1-61671'>\n\t\t\t\tProyecto Centro Cultural e Interpretativo Rumi Llanqha \/ Christian Verde y Carlo Gonzalo (corte)\n\t\t\t\t<\/figcaption><\/figure><figure class='gallery-item'>\n\t\t\t<div class='gallery-icon landscape'>\n\t\t\t\t<a href='https:\/\/www.arquimaster.com.ar\/web\/wp-content\/uploads\/2020\/12\/centro_cultural_rumi_llanqha8.jpg' title=\"Proyecto Centro Cultural e Interpretativo Rumi Llanqha \/ Christian Verde y Carlo Gonzalo (corte)\" data-rl_title=\"Proyecto Centro Cultural e Interpretativo Rumi Llanqha \/ Christian Verde y Carlo Gonzalo (corte)\" class=\"rl-gallery-link\" data-rl_caption=\"Proyecto Centro Cultural e Interpretativo Rumi Llanqha \/ Christian Verde y Carlo Gonzalo (corte)\" data-rel=\"lightbox-gallery-1\"><img loading=\"lazy\" decoding=\"async\" width=\"150\" height=\"150\" src=\"https:\/\/www.arquimaster.com.ar\/web\/wp-content\/uploads\/2020\/12\/centro_cultural_rumi_llanqha8-150x150.jpg\" class=\"attachment-thumbnail size-thumbnail\" alt=\"Proyecto Centro Cultural e Interpretativo Rumi Llanqha \/ Christian Verde y Carlo Gonzalo\" aria-describedby=\"gallery-1-61672\" \/><\/a>\n\t\t\t<\/div>\n\t\t\t\t<figcaption class='wp-caption-text gallery-caption' id='gallery-1-61672'>\n\t\t\t\tProyecto Centro Cultural e Interpretativo Rumi Llanqha \/ Christian Verde y Carlo Gonzalo (corte)\n\t\t\t\t<\/figcaption><\/figure><figure class='gallery-item'>\n\t\t\t<div class='gallery-icon landscape'>\n\t\t\t\t<a href='https:\/\/www.arquimaster.com.ar\/web\/wp-content\/uploads\/2020\/12\/centro_cultural_rumi_llanqha9.jpg' title=\"Proyecto Centro Cultural e Interpretativo Rumi Llanqha \/ Christian Verde y Carlo Gonzalo (vista)\" data-rl_title=\"Proyecto Centro Cultural e Interpretativo Rumi Llanqha \/ Christian Verde y Carlo Gonzalo (vista)\" class=\"rl-gallery-link\" data-rl_caption=\"Proyecto Centro Cultural e Interpretativo Rumi Llanqha \/ Christian Verde y Carlo Gonzalo (vista)\" data-rel=\"lightbox-gallery-1\"><img loading=\"lazy\" decoding=\"async\" width=\"150\" height=\"150\" src=\"https:\/\/www.arquimaster.com.ar\/web\/wp-content\/uploads\/2020\/12\/centro_cultural_rumi_llanqha9-150x150.jpg\" class=\"attachment-thumbnail size-thumbnail\" alt=\"Proyecto Centro Cultural e Interpretativo Rumi Llanqha \/ Christian Verde y Carlo Gonzalo\" aria-describedby=\"gallery-1-61673\" \/><\/a>\n\t\t\t<\/div>\n\t\t\t\t<figcaption class='wp-caption-text gallery-caption' id='gallery-1-61673'>\n\t\t\t\tProyecto Centro Cultural e Interpretativo Rumi Llanqha \/ Christian Verde y Carlo Gonzalo (vista)\n\t\t\t\t<\/figcaption><\/figure><figure class='gallery-item'>\n\t\t\t<div class='gallery-icon landscape'>\n\t\t\t\t<a href='https:\/\/www.arquimaster.com.ar\/web\/wp-content\/uploads\/2020\/12\/centro_cultural_rumi_llanqha10.jpg' title=\"Proyecto Centro Cultural e Interpretativo Rumi Llanqha \/ Christian Verde y Carlo Gonzalo (vista)\" data-rl_title=\"Proyecto Centro Cultural e Interpretativo Rumi Llanqha \/ Christian Verde y Carlo Gonzalo (vista)\" class=\"rl-gallery-link\" data-rl_caption=\"Proyecto Centro Cultural e Interpretativo Rumi Llanqha \/ Christian Verde y Carlo Gonzalo (vista)\" data-rel=\"lightbox-gallery-1\"><img loading=\"lazy\" decoding=\"async\" width=\"150\" height=\"150\" src=\"https:\/\/www.arquimaster.com.ar\/web\/wp-content\/uploads\/2020\/12\/centro_cultural_rumi_llanqha10-150x150.jpg\" class=\"attachment-thumbnail size-thumbnail\" alt=\"Proyecto Centro Cultural e Interpretativo Rumi Llanqha \/ Christian Verde y Carlo Gonzalo\" aria-describedby=\"gallery-1-61674\" \/><\/a>\n\t\t\t<\/div>\n\t\t\t\t<figcaption class='wp-caption-text gallery-caption' id='gallery-1-61674'>\n\t\t\t\tProyecto Centro Cultural e Interpretativo Rumi Llanqha \/ Christian Verde y Carlo Gonzalo (vista)\n\t\t\t\t<\/figcaption><\/figure><figure class='gallery-item'>\n\t\t\t<div class='gallery-icon landscape'>\n\t\t\t\t<a href='https:\/\/www.arquimaster.com.ar\/web\/wp-content\/uploads\/2020\/12\/centro_cultural_rumi_llanqha11.jpg' title=\"Proyecto Centro Cultural e Interpretativo Rumi Llanqha \/ Christian Verde y Carlo Gonzalo (vista)\" data-rl_title=\"Proyecto Centro Cultural e Interpretativo Rumi Llanqha \/ Christian Verde y Carlo Gonzalo (vista)\" class=\"rl-gallery-link\" data-rl_caption=\"Proyecto Centro Cultural e Interpretativo Rumi Llanqha \/ Christian Verde y Carlo Gonzalo (vista)\" data-rel=\"lightbox-gallery-1\"><img loading=\"lazy\" decoding=\"async\" width=\"150\" height=\"150\" src=\"https:\/\/www.arquimaster.com.ar\/web\/wp-content\/uploads\/2020\/12\/centro_cultural_rumi_llanqha11-150x150.jpg\" class=\"attachment-thumbnail size-thumbnail\" alt=\"Proyecto Centro Cultural e Interpretativo Rumi Llanqha \/ Christian Verde y Carlo Gonzalo\" aria-describedby=\"gallery-1-61675\" \/><\/a>\n\t\t\t<\/div>\n\t\t\t\t<figcaption class='wp-caption-text gallery-caption' id='gallery-1-61675'>\n\t\t\t\tProyecto Centro Cultural e Interpretativo Rumi Llanqha \/ Christian Verde y Carlo Gonzalo (vista)\n\t\t\t\t<\/figcaption><\/figure><figure class='gallery-item'>\n\t\t\t<div class='gallery-icon landscape'>\n\t\t\t\t<a href='https:\/\/www.arquimaster.com.ar\/web\/wp-content\/uploads\/2020\/12\/centro_cultural_rumi_llanqha12.jpg' title=\"Proyecto Centro Cultural e Interpretativo Rumi Llanqha \/ Christian Verde y Carlo Gonzalo (vista)\" data-rl_title=\"Proyecto Centro Cultural e Interpretativo Rumi Llanqha \/ Christian Verde y Carlo Gonzalo (vista)\" class=\"rl-gallery-link\" data-rl_caption=\"Proyecto Centro Cultural e Interpretativo Rumi Llanqha \/ Christian Verde y Carlo Gonzalo (vista)\" data-rel=\"lightbox-gallery-1\"><img loading=\"lazy\" decoding=\"async\" width=\"150\" height=\"150\" src=\"https:\/\/www.arquimaster.com.ar\/web\/wp-content\/uploads\/2020\/12\/centro_cultural_rumi_llanqha12-150x150.jpg\" class=\"attachment-thumbnail size-thumbnail\" alt=\"Proyecto Centro Cultural e Interpretativo Rumi Llanqha \/ Christian Verde y Carlo Gonzalo\" aria-describedby=\"gallery-1-61676\" \/><\/a>\n\t\t\t<\/div>\n\t\t\t\t<figcaption class='wp-caption-text gallery-caption' id='gallery-1-61676'>\n\t\t\t\tProyecto Centro Cultural e Interpretativo Rumi Llanqha \/ Christian Verde y Carlo Gonzalo (vista)\n\t\t\t\t<\/figcaption><\/figure>\n\t\t<\/div>\n\n<p>El Centro Cultural e Interpretativo Rumi Llanqha hace referencia a la piedra en la ciudad rosada, este elemento natural y significativo como el bosque de piedras de Tinajani que rodea a Lampa con su voluminosa monumentalidad. Siendo ahora representada como principal estrategia proyectual, para esta vez escudar al centro hist\u00f3rico de Lampa de las construcciones contempor\u00e1neas que da\u00f1an su composici\u00f3n hist\u00f3rica, ya sea por la altura, materialidad o por su composici\u00f3n.<\/p>\n<p>Es a partir de ah\u00ed la importancia del terreno vac\u00edo que se encuentra entre un tejido hist\u00f3rico y uno contempor\u00e1neo. Teniendo una posibilidad para que el proyecto pueda ser un borde para el tejido contempor\u00e1neo y por el lado del centro hist\u00f3rico generar un silencio arquitect\u00f3nico, con la continuidad de las atmosferas lape\u00f1as, esto a trav\u00e9s de los espacios del proyecto para lo cual se utilizaron como factores compositivos, la gen\u00e9tica de las casonas, las condiciones de calle colonial, el recorrido de catumbas y los edificios monumentales de Lampa.<\/p>\n<p>De igual forma, el proyecto es invisible hacia el centro hist\u00f3rico; se proyect\u00f3 una l\u00ednea imaginaria que tiene como origen el punto de referencia con menor \u00e1ngulo visual de la plaza mayor, esta se proyecta a partir de la rasante del techo de una de las 5 casonas coloniales que constituyen nuestro entorno inmediato. Resultando una directriz que construir\u00e1 el l\u00edmite de altura al momento de proyectar el nuevo centro de interpretaci\u00f3n.<\/p>\n<p>Seg\u00fan el jurado: <em>\u00abEl Proyecto destaca por la claridad de las operaciones formales y materiales que intervienen en la constituci\u00f3n del caso hist\u00f3rico de Lampa con nuevos programas, destac\u00e1ndose la propuesta de los vol\u00famenes insertos en su interior y su predominancia de la masa sobre el vac\u00edo. Sobresale adem\u00e1s en la calidad de su representaci\u00f3n, tanto en las perspectivas como en sus axonom\u00e9tricas y diagramas conceptuales\u00bb<\/em>.<\/p>\n<p><strong>Ficha t\u00e9cnica<\/strong><br \/>\nProyecto: Centro Cultural e Interpretativo Rumi Llanqha<br \/>\nUbicaci\u00f3n: Lampa, Per\u00fa<br \/>\nAutor: Christian Verde y Carlo Gonzalo<br \/>\nProfesor Gu\u00eda: Ricardo huanqui y Carmen Ribas, Universidad de Lima, Per\u00fa<br \/>\nPremios: 1\u00ba Puesto TEAM20 Architecture and Planning Graduation Projects Competition<\/p>\n\n<div style=\"font-size: 0px; height: 0px; line-height: 0px; margin: 0; padding: 0; clear: both;\"><\/div><div style=\"margin-top: 0px; margin-bottom: 0px;\" class=\"sharethis-inline-share-buttons\" ><\/div>","protected":false},"excerpt":{"rendered":"<p>Ganador de concurso internacional de proyectos de tesis de estudiantes de arquitectura&#8230;<\/p>\n","protected":false},"author":1,"featured_media":61664,"comment_status":"closed","ping_status":"closed","sticky":false,"template":"","format":"standard","meta":{"_uag_custom_page_level_css":"","footnotes":""},"categories":[1,407],"tags":[4573,6730,787,6729,4571,408,89,704],"class_list":["post-61663","post","type-post","status-publish","format-standard","has-post-thumbnail","hentry","category-proyecto","category-proyectos-estudiantes","tag-arquitectura-cultural","tag-carlo-gonzalo","tag-centro-cultural","tag-christian-verde","tag-edificios-culturales","tag-estudiantes","tag-peru","tag-proyecto-fin-de-carrera","generate-columns","tablet-grid-50","mobile-grid-100","grid-parent","grid-50"],"yoast_head":"<!-- This site is optimized with the Yoast SEO plugin v27.3 - https:\/\/yoast.com\/product\/yoast-seo-wordpress\/ -->\n<title>Proyecto Centro Cultural e Interpretativo Rumi Llanqha \/ Christian Verde y Carlo Gonzalo - Arquimaster<\/title>\n<meta name=\"description\" content=\"Proyecto ganador de la octava versi\u00f3n TEAM20 Architecture and Planning Graduation Projects Competition, un concurso de proyectos de tesis.\" \/>\n<meta name=\"robots\" content=\"index, follow, max-snippet:-1, max-image-preview:large, max-video-preview:-1\" \/>\n<link rel=\"canonical\" href=\"https:\/\/www.arquimaster.com.ar\/web\/proyecto-centro-cultural-e-interpretativo-rumi-llanqha-christian-verde-y-carlo-gonzalo\/\" \/>\n<meta property=\"og:locale\" content=\"es_ES\" \/>\n<meta property=\"og:type\" content=\"article\" \/>\n<meta property=\"og:title\" content=\"Proyecto Centro Cultural e Interpretativo Rumi Llanqha \/ Christian Verde y Carlo Gonzalo\" \/>\n<meta property=\"og:description\" content=\"Proyecto ganador de la octava versi\u00f3n TEAM20 Architecture and Planning Graduation Projects Competition, un concurso de proyectos de tesis.\" \/>\n<meta property=\"og:url\" content=\"https:\/\/www.arquimaster.com.ar\/web\/proyecto-centro-cultural-e-interpretativo-rumi-llanqha-christian-verde-y-carlo-gonzalo\/\" \/>\n<meta property=\"og:site_name\" content=\"Arquimaster\" \/>\n<meta property=\"article:publisher\" content=\"http:\/\/www.facebook.com\/ARQUIMASTER.com.ar\" \/>\n<meta property=\"article:published_time\" content=\"2020-12-28T23:40:26+00:00\" \/>\n<meta property=\"article:modified_time\" content=\"2021-02-28T19:49:08+00:00\" \/>\n<meta property=\"og:image\" content=\"https:\/\/www.arquimaster.com.ar\/web\/wp-content\/uploads\/2020\/12\/centro_cultural_rumi_llanqha_slide.jpg\" \/>\n\t<meta property=\"og:image:width\" content=\"698\" \/>\n\t<meta property=\"og:image:height\" content=\"364\" \/>\n\t<meta property=\"og:image:type\" content=\"image\/jpeg\" \/>\n<meta name=\"author\" content=\"Arquimaster\" \/>\n<meta name=\"twitter:card\" content=\"summary_large_image\" \/>\n<meta name=\"twitter:title\" content=\"Proyecto Centro Cultural e Interpretativo Rumi Llanqha \/ Christian Verde y Carlo Gonzalo\" \/>\n<meta name=\"twitter:description\" content=\"Proyecto ganador de la octava versi\u00f3n TEAM20 Architecture and Planning Graduation Projects Competition, un concurso de proyectos de tesis.\" \/>\n<meta name=\"twitter:image\" content=\"https:\/\/www.arquimaster.com.ar\/web\/wp-content\/uploads\/2020\/12\/centro_cultural_rumi_llanqha_slide.jpg\" \/>\n<meta name=\"twitter:creator\" content=\"@arquimaster\" \/>\n<meta name=\"twitter:site\" content=\"@arquimaster\" \/>\n<meta name=\"twitter:label1\" content=\"Escrito por\" \/>\n\t<meta name=\"twitter:data1\" content=\"Arquimaster\" \/>\n\t<meta name=\"twitter:label2\" content=\"Tiempo de lectura\" \/>\n\t<meta name=\"twitter:data2\" content=\"2 minutos\" \/>\n<script type=\"application\/ld+json\" class=\"yoast-schema-graph\">{\"@context\":\"https:\\\/\\\/schema.org\",\"@graph\":[{\"@type\":\"Article\",\"@id\":\"https:\\\/\\\/www.arquimaster.com.ar\\\/web\\\/proyecto-centro-cultural-e-interpretativo-rumi-llanqha-christian-verde-y-carlo-gonzalo\\\/#article\",\"isPartOf\":{\"@id\":\"https:\\\/\\\/www.arquimaster.com.ar\\\/web\\\/proyecto-centro-cultural-e-interpretativo-rumi-llanqha-christian-verde-y-carlo-gonzalo\\\/\"},\"author\":{\"name\":\"Arquimaster\",\"@id\":\"https:\\\/\\\/www.arquimaster.com.ar\\\/web\\\/#\\\/schema\\\/person\\\/359e9f7c00193fcde068e0dd2ceb0028\"},\"headline\":\"Proyecto Centro Cultural e Interpretativo Rumi Llanqha \\\/ Christian Verde y Carlo Gonzalo\",\"datePublished\":\"2020-12-28T23:40:26+00:00\",\"dateModified\":\"2021-02-28T19:49:08+00:00\",\"mainEntityOfPage\":{\"@id\":\"https:\\\/\\\/www.arquimaster.com.ar\\\/web\\\/proyecto-centro-cultural-e-interpretativo-rumi-llanqha-christian-verde-y-carlo-gonzalo\\\/\"},\"wordCount\":504,\"publisher\":{\"@id\":\"https:\\\/\\\/www.arquimaster.com.ar\\\/web\\\/#organization\"},\"image\":{\"@id\":\"https:\\\/\\\/www.arquimaster.com.ar\\\/web\\\/proyecto-centro-cultural-e-interpretativo-rumi-llanqha-christian-verde-y-carlo-gonzalo\\\/#primaryimage\"},\"thumbnailUrl\":\"https:\\\/\\\/www.arquimaster.com.ar\\\/web\\\/wp-content\\\/uploads\\\/2020\\\/12\\\/centro_cultural_rumi_llanqha_slide.jpg\",\"keywords\":[\"arquitectura cultural\",\"Carlo Gonzalo\",\"centro cultural\",\"Christian Verde\",\"edificios culturales\",\"estudiantes\",\"Peru\",\"Proyecto Fin de Carrera\"],\"articleSection\":[\"Proyecto\",\"Proyectos de estudiantes\"],\"inLanguage\":\"es\"},{\"@type\":\"WebPage\",\"@id\":\"https:\\\/\\\/www.arquimaster.com.ar\\\/web\\\/proyecto-centro-cultural-e-interpretativo-rumi-llanqha-christian-verde-y-carlo-gonzalo\\\/\",\"url\":\"https:\\\/\\\/www.arquimaster.com.ar\\\/web\\\/proyecto-centro-cultural-e-interpretativo-rumi-llanqha-christian-verde-y-carlo-gonzalo\\\/\",\"name\":\"Proyecto Centro Cultural e Interpretativo Rumi Llanqha \\\/ Christian Verde y Carlo Gonzalo - Arquimaster\",\"isPartOf\":{\"@id\":\"https:\\\/\\\/www.arquimaster.com.ar\\\/web\\\/#website\"},\"primaryImageOfPage\":{\"@id\":\"https:\\\/\\\/www.arquimaster.com.ar\\\/web\\\/proyecto-centro-cultural-e-interpretativo-rumi-llanqha-christian-verde-y-carlo-gonzalo\\\/#primaryimage\"},\"image\":{\"@id\":\"https:\\\/\\\/www.arquimaster.com.ar\\\/web\\\/proyecto-centro-cultural-e-interpretativo-rumi-llanqha-christian-verde-y-carlo-gonzalo\\\/#primaryimage\"},\"thumbnailUrl\":\"https:\\\/\\\/www.arquimaster.com.ar\\\/web\\\/wp-content\\\/uploads\\\/2020\\\/12\\\/centro_cultural_rumi_llanqha_slide.jpg\",\"datePublished\":\"2020-12-28T23:40:26+00:00\",\"dateModified\":\"2021-02-28T19:49:08+00:00\",\"description\":\"Proyecto ganador de la octava versi\u00f3n TEAM20 Architecture and Planning Graduation Projects Competition, un concurso de proyectos de tesis.\",\"breadcrumb\":{\"@id\":\"https:\\\/\\\/www.arquimaster.com.ar\\\/web\\\/proyecto-centro-cultural-e-interpretativo-rumi-llanqha-christian-verde-y-carlo-gonzalo\\\/#breadcrumb\"},\"inLanguage\":\"es\",\"potentialAction\":[{\"@type\":\"ReadAction\",\"target\":[\"https:\\\/\\\/www.arquimaster.com.ar\\\/web\\\/proyecto-centro-cultural-e-interpretativo-rumi-llanqha-christian-verde-y-carlo-gonzalo\\\/\"]}]},{\"@type\":\"ImageObject\",\"inLanguage\":\"es\",\"@id\":\"https:\\\/\\\/www.arquimaster.com.ar\\\/web\\\/proyecto-centro-cultural-e-interpretativo-rumi-llanqha-christian-verde-y-carlo-gonzalo\\\/#primaryimage\",\"url\":\"https:\\\/\\\/www.arquimaster.com.ar\\\/web\\\/wp-content\\\/uploads\\\/2020\\\/12\\\/centro_cultural_rumi_llanqha_slide.jpg\",\"contentUrl\":\"https:\\\/\\\/www.arquimaster.com.ar\\\/web\\\/wp-content\\\/uploads\\\/2020\\\/12\\\/centro_cultural_rumi_llanqha_slide.jpg\",\"width\":698,\"height\":364,\"caption\":\"Proyecto Centro Cultural e Interpretativo Rumi Llanqha \\\/ Christian Verde y Carlo Gonzalo\"},{\"@type\":\"BreadcrumbList\",\"@id\":\"https:\\\/\\\/www.arquimaster.com.ar\\\/web\\\/proyecto-centro-cultural-e-interpretativo-rumi-llanqha-christian-verde-y-carlo-gonzalo\\\/#breadcrumb\",\"itemListElement\":[{\"@type\":\"ListItem\",\"position\":1,\"name\":\"Portada\",\"item\":\"https:\\\/\\\/www.arquimaster.com.ar\\\/web\\\/\"},{\"@type\":\"ListItem\",\"position\":2,\"name\":\"Proyecto Centro Cultural e Interpretativo Rumi Llanqha \\\/ Christian Verde y Carlo Gonzalo\"}]},{\"@type\":\"WebSite\",\"@id\":\"https:\\\/\\\/www.arquimaster.com.ar\\\/web\\\/#website\",\"url\":\"https:\\\/\\\/www.arquimaster.com.ar\\\/web\\\/\",\"name\":\"Arquimaster\",\"description\":\"Web de arquitectura, dise\u00f1o y construccion\",\"publisher\":{\"@id\":\"https:\\\/\\\/www.arquimaster.com.ar\\\/web\\\/#organization\"},\"potentialAction\":[{\"@type\":\"SearchAction\",\"target\":{\"@type\":\"EntryPoint\",\"urlTemplate\":\"https:\\\/\\\/www.arquimaster.com.ar\\\/web\\\/?s={search_term_string}\"},\"query-input\":{\"@type\":\"PropertyValueSpecification\",\"valueRequired\":true,\"valueName\":\"search_term_string\"}}],\"inLanguage\":\"es\"},{\"@type\":\"Organization\",\"@id\":\"https:\\\/\\\/www.arquimaster.com.ar\\\/web\\\/#organization\",\"name\":\"Arquimaster\",\"url\":\"https:\\\/\\\/www.arquimaster.com.ar\\\/web\\\/\",\"logo\":{\"@type\":\"ImageObject\",\"inLanguage\":\"es\",\"@id\":\"https:\\\/\\\/www.arquimaster.com.ar\\\/web\\\/#\\\/schema\\\/logo\\\/image\\\/\",\"url\":\"https:\\\/\\\/www.arquimaster.com.ar\\\/web\\\/wp-content\\\/uploads\\\/2022\\\/06\\\/arquimaster.png\",\"contentUrl\":\"https:\\\/\\\/www.arquimaster.com.ar\\\/web\\\/wp-content\\\/uploads\\\/2022\\\/06\\\/arquimaster.png\",\"width\":594,\"height\":78,\"caption\":\"Arquimaster\"},\"image\":{\"@id\":\"https:\\\/\\\/www.arquimaster.com.ar\\\/web\\\/#\\\/schema\\\/logo\\\/image\\\/\"},\"sameAs\":[\"http:\\\/\\\/www.facebook.com\\\/ARQUIMASTER.com.ar\",\"https:\\\/\\\/x.com\\\/arquimaster\",\"https:\\\/\\\/www.instagram.com\\\/arquimasterblog\\\/\",\"https:\\\/\\\/www.linkedin.com\\\/company\\\/arquimaster\",\"https:\\\/\\\/www.pinterest.com\\\/arquimaster\",\"https:\\\/\\\/t.me\\\/arquimaster\"]},{\"@type\":\"Person\",\"@id\":\"https:\\\/\\\/www.arquimaster.com.ar\\\/web\\\/#\\\/schema\\\/person\\\/359e9f7c00193fcde068e0dd2ceb0028\",\"name\":\"Arquimaster\"}]}<\/script>\n<!-- \/ Yoast SEO plugin. -->","yoast_head_json":{"title":"Proyecto Centro Cultural e Interpretativo Rumi Llanqha \/ Christian Verde y Carlo Gonzalo - Arquimaster","description":"Proyecto ganador de la octava versi\u00f3n TEAM20 Architecture and Planning Graduation Projects Competition, un concurso de proyectos de tesis.","robots":{"index":"index","follow":"follow","max-snippet":"max-snippet:-1","max-image-preview":"max-image-preview:large","max-video-preview":"max-video-preview:-1"},"canonical":"https:\/\/www.arquimaster.com.ar\/web\/proyecto-centro-cultural-e-interpretativo-rumi-llanqha-christian-verde-y-carlo-gonzalo\/","og_locale":"es_ES","og_type":"article","og_title":"Proyecto Centro Cultural e Interpretativo Rumi Llanqha \/ Christian Verde y Carlo Gonzalo","og_description":"Proyecto ganador de la octava versi\u00f3n TEAM20 Architecture and Planning Graduation Projects Competition, un concurso de proyectos de tesis.","og_url":"https:\/\/www.arquimaster.com.ar\/web\/proyecto-centro-cultural-e-interpretativo-rumi-llanqha-christian-verde-y-carlo-gonzalo\/","og_site_name":"Arquimaster","article_publisher":"http:\/\/www.facebook.com\/ARQUIMASTER.com.ar","article_published_time":"2020-12-28T23:40:26+00:00","article_modified_time":"2021-02-28T19:49:08+00:00","og_image":[{"width":698,"height":364,"url":"https:\/\/www.arquimaster.com.ar\/web\/wp-content\/uploads\/2020\/12\/centro_cultural_rumi_llanqha_slide.jpg","type":"image\/jpeg"}],"author":"Arquimaster","twitter_card":"summary_large_image","twitter_title":"Proyecto Centro Cultural e Interpretativo Rumi Llanqha \/ Christian Verde y Carlo Gonzalo","twitter_description":"Proyecto ganador de la octava versi\u00f3n TEAM20 Architecture and Planning Graduation Projects Competition, un concurso de proyectos de tesis.","twitter_image":"https:\/\/www.arquimaster.com.ar\/web\/wp-content\/uploads\/2020\/12\/centro_cultural_rumi_llanqha_slide.jpg","twitter_creator":"@arquimaster","twitter_site":"@arquimaster","twitter_misc":{"Escrito por":"Arquimaster","Tiempo de lectura":"2 minutos"},"schema":{"@context":"https:\/\/schema.org","@graph":[{"@type":"Article","@id":"https:\/\/www.arquimaster.com.ar\/web\/proyecto-centro-cultural-e-interpretativo-rumi-llanqha-christian-verde-y-carlo-gonzalo\/#article","isPartOf":{"@id":"https:\/\/www.arquimaster.com.ar\/web\/proyecto-centro-cultural-e-interpretativo-rumi-llanqha-christian-verde-y-carlo-gonzalo\/"},"author":{"name":"Arquimaster","@id":"https:\/\/www.arquimaster.com.ar\/web\/#\/schema\/person\/359e9f7c00193fcde068e0dd2ceb0028"},"headline":"Proyecto Centro Cultural e Interpretativo Rumi Llanqha \/ Christian Verde y Carlo Gonzalo","datePublished":"2020-12-28T23:40:26+00:00","dateModified":"2021-02-28T19:49:08+00:00","mainEntityOfPage":{"@id":"https:\/\/www.arquimaster.com.ar\/web\/proyecto-centro-cultural-e-interpretativo-rumi-llanqha-christian-verde-y-carlo-gonzalo\/"},"wordCount":504,"publisher":{"@id":"https:\/\/www.arquimaster.com.ar\/web\/#organization"},"image":{"@id":"https:\/\/www.arquimaster.com.ar\/web\/proyecto-centro-cultural-e-interpretativo-rumi-llanqha-christian-verde-y-carlo-gonzalo\/#primaryimage"},"thumbnailUrl":"https:\/\/www.arquimaster.com.ar\/web\/wp-content\/uploads\/2020\/12\/centro_cultural_rumi_llanqha_slide.jpg","keywords":["arquitectura cultural","Carlo Gonzalo","centro cultural","Christian Verde","edificios culturales","estudiantes","Peru","Proyecto Fin de Carrera"],"articleSection":["Proyecto","Proyectos de estudiantes"],"inLanguage":"es"},{"@type":"WebPage","@id":"https:\/\/www.arquimaster.com.ar\/web\/proyecto-centro-cultural-e-interpretativo-rumi-llanqha-christian-verde-y-carlo-gonzalo\/","url":"https:\/\/www.arquimaster.com.ar\/web\/proyecto-centro-cultural-e-interpretativo-rumi-llanqha-christian-verde-y-carlo-gonzalo\/","name":"Proyecto Centro Cultural e Interpretativo Rumi Llanqha \/ Christian Verde y Carlo Gonzalo - Arquimaster","isPartOf":{"@id":"https:\/\/www.arquimaster.com.ar\/web\/#website"},"primaryImageOfPage":{"@id":"https:\/\/www.arquimaster.com.ar\/web\/proyecto-centro-cultural-e-interpretativo-rumi-llanqha-christian-verde-y-carlo-gonzalo\/#primaryimage"},"image":{"@id":"https:\/\/www.arquimaster.com.ar\/web\/proyecto-centro-cultural-e-interpretativo-rumi-llanqha-christian-verde-y-carlo-gonzalo\/#primaryimage"},"thumbnailUrl":"https:\/\/www.arquimaster.com.ar\/web\/wp-content\/uploads\/2020\/12\/centro_cultural_rumi_llanqha_slide.jpg","datePublished":"2020-12-28T23:40:26+00:00","dateModified":"2021-02-28T19:49:08+00:00","description":"Proyecto ganador de la octava versi\u00f3n TEAM20 Architecture and Planning Graduation Projects Competition, un concurso de proyectos de tesis.","breadcrumb":{"@id":"https:\/\/www.arquimaster.com.ar\/web\/proyecto-centro-cultural-e-interpretativo-rumi-llanqha-christian-verde-y-carlo-gonzalo\/#breadcrumb"},"inLanguage":"es","potentialAction":[{"@type":"ReadAction","target":["https:\/\/www.arquimaster.com.ar\/web\/proyecto-centro-cultural-e-interpretativo-rumi-llanqha-christian-verde-y-carlo-gonzalo\/"]}]},{"@type":"ImageObject","inLanguage":"es","@id":"https:\/\/www.arquimaster.com.ar\/web\/proyecto-centro-cultural-e-interpretativo-rumi-llanqha-christian-verde-y-carlo-gonzalo\/#primaryimage","url":"https:\/\/www.arquimaster.com.ar\/web\/wp-content\/uploads\/2020\/12\/centro_cultural_rumi_llanqha_slide.jpg","contentUrl":"https:\/\/www.arquimaster.com.ar\/web\/wp-content\/uploads\/2020\/12\/centro_cultural_rumi_llanqha_slide.jpg","width":698,"height":364,"caption":"Proyecto Centro Cultural e Interpretativo Rumi Llanqha \/ Christian Verde y Carlo Gonzalo"},{"@type":"BreadcrumbList","@id":"https:\/\/www.arquimaster.com.ar\/web\/proyecto-centro-cultural-e-interpretativo-rumi-llanqha-christian-verde-y-carlo-gonzalo\/#breadcrumb","itemListElement":[{"@type":"ListItem","position":1,"name":"Portada","item":"https:\/\/www.arquimaster.com.ar\/web\/"},{"@type":"ListItem","position":2,"name":"Proyecto Centro Cultural e Interpretativo Rumi Llanqha \/ Christian Verde y Carlo Gonzalo"}]},{"@type":"WebSite","@id":"https:\/\/www.arquimaster.com.ar\/web\/#website","url":"https:\/\/www.arquimaster.com.ar\/web\/","name":"Arquimaster","description":"Web de arquitectura, dise\u00f1o y construccion","publisher":{"@id":"https:\/\/www.arquimaster.com.ar\/web\/#organization"},"potentialAction":[{"@type":"SearchAction","target":{"@type":"EntryPoint","urlTemplate":"https:\/\/www.arquimaster.com.ar\/web\/?s={search_term_string}"},"query-input":{"@type":"PropertyValueSpecification","valueRequired":true,"valueName":"search_term_string"}}],"inLanguage":"es"},{"@type":"Organization","@id":"https:\/\/www.arquimaster.com.ar\/web\/#organization","name":"Arquimaster","url":"https:\/\/www.arquimaster.com.ar\/web\/","logo":{"@type":"ImageObject","inLanguage":"es","@id":"https:\/\/www.arquimaster.com.ar\/web\/#\/schema\/logo\/image\/","url":"https:\/\/www.arquimaster.com.ar\/web\/wp-content\/uploads\/2022\/06\/arquimaster.png","contentUrl":"https:\/\/www.arquimaster.com.ar\/web\/wp-content\/uploads\/2022\/06\/arquimaster.png","width":594,"height":78,"caption":"Arquimaster"},"image":{"@id":"https:\/\/www.arquimaster.com.ar\/web\/#\/schema\/logo\/image\/"},"sameAs":["http:\/\/www.facebook.com\/ARQUIMASTER.com.ar","https:\/\/x.com\/arquimaster","https:\/\/www.instagram.com\/arquimasterblog\/","https:\/\/www.linkedin.com\/company\/arquimaster","https:\/\/www.pinterest.com\/arquimaster","https:\/\/t.me\/arquimaster"]},{"@type":"Person","@id":"https:\/\/www.arquimaster.com.ar\/web\/#\/schema\/person\/359e9f7c00193fcde068e0dd2ceb0028","name":"Arquimaster"}]}},"uagb_featured_image_src":{"full":["https:\/\/www.arquimaster.com.ar\/web\/wp-content\/uploads\/2020\/12\/centro_cultural_rumi_llanqha_slide.jpg",698,364,false],"thumbnail":["https:\/\/www.arquimaster.com.ar\/web\/wp-content\/uploads\/2020\/12\/centro_cultural_rumi_llanqha_slide-150x150.jpg",150,150,true],"medium":["https:\/\/www.arquimaster.com.ar\/web\/wp-content\/uploads\/2020\/12\/centro_cultural_rumi_llanqha_slide.jpg",698,364,false],"medium_large":["https:\/\/www.arquimaster.com.ar\/web\/wp-content\/uploads\/2020\/12\/centro_cultural_rumi_llanqha_slide.jpg",698,364,false],"large":["https:\/\/www.arquimaster.com.ar\/web\/wp-content\/uploads\/2020\/12\/centro_cultural_rumi_llanqha_slide.jpg",698,364,false],"1536x1536":["https:\/\/www.arquimaster.com.ar\/web\/wp-content\/uploads\/2020\/12\/centro_cultural_rumi_llanqha_slide.jpg",698,364,false],"2048x2048":["https:\/\/www.arquimaster.com.ar\/web\/wp-content\/uploads\/2020\/12\/centro_cultural_rumi_llanqha_slide.jpg",698,364,false]},"uagb_author_info":{"display_name":"Arquimaster","author_link":"https:\/\/www.arquimaster.com.ar\/web\/author\/arquimaster\/"},"uagb_comment_info":0,"uagb_excerpt":"Ganador de concurso internacional de proyectos de tesis de estudiantes de arquitectura...","_links":{"self":[{"href":"https:\/\/www.arquimaster.com.ar\/web\/wp-json\/wp\/v2\/posts\/61663","targetHints":{"allow":["GET"]}}],"collection":[{"href":"https:\/\/www.arquimaster.com.ar\/web\/wp-json\/wp\/v2\/posts"}],"about":[{"href":"https:\/\/www.arquimaster.com.ar\/web\/wp-json\/wp\/v2\/types\/post"}],"author":[{"embeddable":true,"href":"https:\/\/www.arquimaster.com.ar\/web\/wp-json\/wp\/v2\/users\/1"}],"replies":[{"embeddable":true,"href":"https:\/\/www.arquimaster.com.ar\/web\/wp-json\/wp\/v2\/comments?post=61663"}],"version-history":[{"count":2,"href":"https:\/\/www.arquimaster.com.ar\/web\/wp-json\/wp\/v2\/posts\/61663\/revisions"}],"predecessor-version":[{"id":61678,"href":"https:\/\/www.arquimaster.com.ar\/web\/wp-json\/wp\/v2\/posts\/61663\/revisions\/61678"}],"wp:featuredmedia":[{"embeddable":true,"href":"https:\/\/www.arquimaster.com.ar\/web\/wp-json\/wp\/v2\/media\/61664"}],"wp:attachment":[{"href":"https:\/\/www.arquimaster.com.ar\/web\/wp-json\/wp\/v2\/media?parent=61663"}],"wp:term":[{"taxonomy":"category","embeddable":true,"href":"https:\/\/www.arquimaster.com.ar\/web\/wp-json\/wp\/v2\/categories?post=61663"},{"taxonomy":"post_tag","embeddable":true,"href":"https:\/\/www.arquimaster.com.ar\/web\/wp-json\/wp\/v2\/tags?post=61663"}],"curies":[{"name":"wp","href":"https:\/\/api.w.org\/{rel}","templated":true}]}}