{"id":61771,"date":"2021-01-07T18:14:27","date_gmt":"2021-01-07T21:14:27","guid":{"rendered":"https:\/\/www.arquimaster.com.ar\/web\/?p=61771"},"modified":"2021-06-09T14:07:54","modified_gmt":"2021-06-09T17:07:54","slug":"oficinas-pondera-din-interiorismo","status":"publish","type":"post","link":"https:\/\/www.arquimaster.com.ar\/web\/oficinas-pondera-din-interiorismo\/","title":{"rendered":"Oficinas Pondera \/ DIN interiorismo"},"content":{"rendered":"<div style=\"margin-top: 0px; margin-bottom: 0px;\" class=\"sharethis-inline-share-buttons\" ><\/div><div class=\"b812932af2e751442846f039925109de\" data-index=\"1\" style=\"float: none; margin:25px 0 25px 0; text-align:center;\">\n<script async src=\"https:\/\/pagead2.googlesyndication.com\/pagead\/js\/adsbygoogle.js\"><\/script>\r\n<!-- Arquimaster (superior) -->\r\n<ins class=\"adsbygoogle\"\r\n     style=\"display:block\"\r\n     data-ad-client=\"ca-pub-6351072698456832\"\r\n     data-ad-slot=\"6455489680\"\r\n     data-ad-format=\"auto\"\r\n     data-full-width-responsive=\"true\"><\/ins>\r\n<script>\r\n     (adsbygoogle = window.adsbygoogle || []).push({});\r\n<\/script>\n<\/div>\n<p><strong>Oficinas Pondera<\/strong> (Ciudad de M\u00e9xico) por<strong> DIN interiorismo<\/strong> en colaboraci\u00f3n con <strong>Arq. Cristina Keller<\/strong>. Un proyecto de oficinas con un dise\u00f1o que ofreciera la suficiente amplitud de movimiento y a la vez tuviera espacios privados, fue la propuesta de DIN interiorismo ante el reto de desarrollar un \u00e1rea din\u00e1mica que permitiera a los usuarios trabajar con mucho espacio en una planta semi abierta de 111 metros cuadrados.<\/p>\n<div id='gallery-1' class='gallery galleryid-61771 gallery-columns-3 gallery-size-thumbnail'><figure class='gallery-item'>\n\t\t\t<div class='gallery-icon landscape'>\n\t\t\t\t<a href='https:\/\/www.arquimaster.com.ar\/web\/wp-content\/uploads\/2021\/01\/oficinas_pondera1.jpg' title=\"Oficinas Pondera \/ DIN interiorismo (\u00a9 Arturo Ch\u00e1vez)\" data-rl_title=\"Oficinas Pondera \/ DIN interiorismo (\u00a9 Arturo Ch\u00e1vez)\" class=\"rl-gallery-link\" data-rl_caption=\"Oficinas Pondera \/ DIN interiorismo (\u00a9 Arturo Ch\u00e1vez)\" data-rel=\"lightbox-gallery-1\"><img loading=\"lazy\" decoding=\"async\" width=\"150\" height=\"150\" src=\"https:\/\/www.arquimaster.com.ar\/web\/wp-content\/uploads\/2021\/01\/oficinas_pondera1-150x150.jpg\" class=\"attachment-thumbnail size-thumbnail\" alt=\"Oficinas Pondera \/ DIN interiorismo\" aria-describedby=\"gallery-1-61773\" \/><\/a>\n\t\t\t<\/div>\n\t\t\t\t<figcaption class='wp-caption-text gallery-caption' id='gallery-1-61773'>\n\t\t\t\tOficinas Pondera \/ DIN interiorismo (\u00a9 Arturo Ch\u00e1vez)\n\t\t\t\t<\/figcaption><\/figure><figure class='gallery-item'>\n\t\t\t<div class='gallery-icon portrait'>\n\t\t\t\t<a href='https:\/\/www.arquimaster.com.ar\/web\/wp-content\/uploads\/2021\/01\/oficinas_pondera2.jpg' title=\"Oficinas Pondera \/ DIN interiorismo (\u00a9 Arturo Ch\u00e1vez)\" data-rl_title=\"Oficinas Pondera \/ DIN interiorismo (\u00a9 Arturo Ch\u00e1vez)\" class=\"rl-gallery-link\" data-rl_caption=\"Oficinas Pondera \/ DIN interiorismo (\u00a9 Arturo Ch\u00e1vez)\" data-rel=\"lightbox-gallery-1\"><img loading=\"lazy\" decoding=\"async\" width=\"150\" height=\"150\" src=\"https:\/\/www.arquimaster.com.ar\/web\/wp-content\/uploads\/2021\/01\/oficinas_pondera2-150x150.jpg\" class=\"attachment-thumbnail size-thumbnail\" alt=\"Oficinas Pondera \/ DIN interiorismo\" aria-describedby=\"gallery-1-61774\" \/><\/a>\n\t\t\t<\/div>\n\t\t\t\t<figcaption class='wp-caption-text gallery-caption' id='gallery-1-61774'>\n\t\t\t\tOficinas Pondera \/ DIN interiorismo (\u00a9 Arturo Ch\u00e1vez)\n\t\t\t\t<\/figcaption><\/figure><figure class='gallery-item'>\n\t\t\t<div class='gallery-icon portrait'>\n\t\t\t\t<a href='https:\/\/www.arquimaster.com.ar\/web\/wp-content\/uploads\/2021\/01\/oficinas_pondera3.jpg' title=\"Oficinas Pondera \/ DIN interiorismo (\u00a9 Arturo Ch\u00e1vez)\" data-rl_title=\"Oficinas Pondera \/ DIN interiorismo (\u00a9 Arturo Ch\u00e1vez)\" class=\"rl-gallery-link\" data-rl_caption=\"Oficinas Pondera \/ DIN interiorismo (\u00a9 Arturo Ch\u00e1vez)\" data-rel=\"lightbox-gallery-1\"><img loading=\"lazy\" decoding=\"async\" width=\"150\" height=\"150\" src=\"https:\/\/www.arquimaster.com.ar\/web\/wp-content\/uploads\/2021\/01\/oficinas_pondera3-150x150.jpg\" class=\"attachment-thumbnail size-thumbnail\" alt=\"Oficinas Pondera \/ DIN interiorismo\" aria-describedby=\"gallery-1-61775\" \/><\/a>\n\t\t\t<\/div>\n\t\t\t\t<figcaption class='wp-caption-text gallery-caption' id='gallery-1-61775'>\n\t\t\t\tOficinas Pondera \/ DIN interiorismo (\u00a9 Arturo Ch\u00e1vez)\n\t\t\t\t<\/figcaption><\/figure><figure class='gallery-item'>\n\t\t\t<div class='gallery-icon landscape'>\n\t\t\t\t<a href='https:\/\/www.arquimaster.com.ar\/web\/wp-content\/uploads\/2021\/01\/oficinas_pondera4.jpg' title=\"Oficinas Pondera \/ DIN interiorismo (\u00a9 Arturo Ch\u00e1vez)\" data-rl_title=\"Oficinas Pondera \/ DIN interiorismo (\u00a9 Arturo Ch\u00e1vez)\" class=\"rl-gallery-link\" data-rl_caption=\"Oficinas Pondera \/ DIN interiorismo (\u00a9 Arturo Ch\u00e1vez)\" data-rel=\"lightbox-gallery-1\"><img loading=\"lazy\" decoding=\"async\" width=\"150\" height=\"150\" src=\"https:\/\/www.arquimaster.com.ar\/web\/wp-content\/uploads\/2021\/01\/oficinas_pondera4-150x150.jpg\" class=\"attachment-thumbnail size-thumbnail\" alt=\"Oficinas Pondera \/ DIN interiorismo\" aria-describedby=\"gallery-1-61776\" \/><\/a>\n\t\t\t<\/div>\n\t\t\t\t<figcaption class='wp-caption-text gallery-caption' id='gallery-1-61776'>\n\t\t\t\tOficinas Pondera \/ DIN interiorismo (\u00a9 Arturo Ch\u00e1vez)\n\t\t\t\t<\/figcaption><\/figure><figure class='gallery-item'>\n\t\t\t<div class='gallery-icon portrait'>\n\t\t\t\t<a href='https:\/\/www.arquimaster.com.ar\/web\/wp-content\/uploads\/2021\/01\/oficinas_pondera5.jpg' title=\"Oficinas Pondera \/ DIN interiorismo (\u00a9 Arturo Ch\u00e1vez)\" data-rl_title=\"Oficinas Pondera \/ DIN interiorismo (\u00a9 Arturo Ch\u00e1vez)\" class=\"rl-gallery-link\" data-rl_caption=\"Oficinas Pondera \/ DIN interiorismo (\u00a9 Arturo Ch\u00e1vez)\" data-rel=\"lightbox-gallery-1\"><img loading=\"lazy\" decoding=\"async\" width=\"150\" height=\"150\" src=\"https:\/\/www.arquimaster.com.ar\/web\/wp-content\/uploads\/2021\/01\/oficinas_pondera5-150x150.jpg\" class=\"attachment-thumbnail size-thumbnail\" alt=\"Oficinas Pondera \/ DIN interiorismo\" aria-describedby=\"gallery-1-61777\" \/><\/a>\n\t\t\t<\/div>\n\t\t\t\t<figcaption class='wp-caption-text gallery-caption' id='gallery-1-61777'>\n\t\t\t\tOficinas Pondera \/ DIN interiorismo (\u00a9 Arturo Ch\u00e1vez)\n\t\t\t\t<\/figcaption><\/figure><figure class='gallery-item'>\n\t\t\t<div class='gallery-icon portrait'>\n\t\t\t\t<a href='https:\/\/www.arquimaster.com.ar\/web\/wp-content\/uploads\/2021\/01\/oficinas_pondera6.jpg' title=\"Oficinas Pondera \/ DIN interiorismo (\u00a9 Arturo Ch\u00e1vez)\" data-rl_title=\"Oficinas Pondera \/ DIN interiorismo (\u00a9 Arturo Ch\u00e1vez)\" class=\"rl-gallery-link\" data-rl_caption=\"Oficinas Pondera \/ DIN interiorismo (\u00a9 Arturo Ch\u00e1vez)\" data-rel=\"lightbox-gallery-1\"><img loading=\"lazy\" decoding=\"async\" width=\"150\" height=\"150\" src=\"https:\/\/www.arquimaster.com.ar\/web\/wp-content\/uploads\/2021\/01\/oficinas_pondera6-150x150.jpg\" class=\"attachment-thumbnail size-thumbnail\" alt=\"Oficinas Pondera \/ DIN interiorismo\" aria-describedby=\"gallery-1-61778\" \/><\/a>\n\t\t\t<\/div>\n\t\t\t\t<figcaption class='wp-caption-text gallery-caption' id='gallery-1-61778'>\n\t\t\t\tOficinas Pondera \/ DIN interiorismo (\u00a9 Arturo Ch\u00e1vez)\n\t\t\t\t<\/figcaption><\/figure><figure class='gallery-item'>\n\t\t\t<div class='gallery-icon landscape'>\n\t\t\t\t<a href='https:\/\/www.arquimaster.com.ar\/web\/wp-content\/uploads\/2021\/01\/oficinas_pondera7.jpg' title=\"Oficinas Pondera \/ DIN interiorismo (\u00a9 Arturo Ch\u00e1vez)\" data-rl_title=\"Oficinas Pondera \/ DIN interiorismo (\u00a9 Arturo Ch\u00e1vez)\" class=\"rl-gallery-link\" data-rl_caption=\"Oficinas Pondera \/ DIN interiorismo (\u00a9 Arturo Ch\u00e1vez)\" data-rel=\"lightbox-gallery-1\"><img loading=\"lazy\" decoding=\"async\" width=\"150\" height=\"150\" src=\"https:\/\/www.arquimaster.com.ar\/web\/wp-content\/uploads\/2021\/01\/oficinas_pondera7-150x150.jpg\" class=\"attachment-thumbnail size-thumbnail\" alt=\"Oficinas Pondera \/ DIN interiorismo\" aria-describedby=\"gallery-1-61779\" \/><\/a>\n\t\t\t<\/div>\n\t\t\t\t<figcaption class='wp-caption-text gallery-caption' id='gallery-1-61779'>\n\t\t\t\tOficinas Pondera \/ DIN interiorismo (\u00a9 Arturo Ch\u00e1vez)\n\t\t\t\t<\/figcaption><\/figure><figure class='gallery-item'>\n\t\t\t<div class='gallery-icon portrait'>\n\t\t\t\t<a href='https:\/\/www.arquimaster.com.ar\/web\/wp-content\/uploads\/2021\/01\/oficinas_pondera8.jpg' title=\"Oficinas Pondera \/ DIN interiorismo (\u00a9 Arturo Ch\u00e1vez)\" data-rl_title=\"Oficinas Pondera \/ DIN interiorismo (\u00a9 Arturo Ch\u00e1vez)\" class=\"rl-gallery-link\" data-rl_caption=\"Oficinas Pondera \/ DIN interiorismo (\u00a9 Arturo Ch\u00e1vez)\" data-rel=\"lightbox-gallery-1\"><img loading=\"lazy\" decoding=\"async\" width=\"150\" height=\"150\" src=\"https:\/\/www.arquimaster.com.ar\/web\/wp-content\/uploads\/2021\/01\/oficinas_pondera8-150x150.jpg\" class=\"attachment-thumbnail size-thumbnail\" alt=\"Oficinas Pondera \/ DIN interiorismo\" aria-describedby=\"gallery-1-61780\" \/><\/a>\n\t\t\t<\/div>\n\t\t\t\t<figcaption class='wp-caption-text gallery-caption' id='gallery-1-61780'>\n\t\t\t\tOficinas Pondera \/ DIN interiorismo (\u00a9 Arturo Ch\u00e1vez)\n\t\t\t\t<\/figcaption><\/figure><figure class='gallery-item'>\n\t\t\t<div class='gallery-icon portrait'>\n\t\t\t\t<a href='https:\/\/www.arquimaster.com.ar\/web\/wp-content\/uploads\/2021\/01\/oficinas_pondera9.jpg' title=\"Oficinas Pondera \/ DIN interiorismo (\u00a9 Arturo Ch\u00e1vez)\" data-rl_title=\"Oficinas Pondera \/ DIN interiorismo (\u00a9 Arturo Ch\u00e1vez)\" class=\"rl-gallery-link\" data-rl_caption=\"Oficinas Pondera \/ DIN interiorismo (\u00a9 Arturo Ch\u00e1vez)\" data-rel=\"lightbox-gallery-1\"><img loading=\"lazy\" decoding=\"async\" width=\"150\" height=\"150\" src=\"https:\/\/www.arquimaster.com.ar\/web\/wp-content\/uploads\/2021\/01\/oficinas_pondera9-150x150.jpg\" class=\"attachment-thumbnail size-thumbnail\" alt=\"Oficinas Pondera \/ DIN interiorismo\" aria-describedby=\"gallery-1-61781\" \/><\/a>\n\t\t\t<\/div>\n\t\t\t\t<figcaption class='wp-caption-text gallery-caption' id='gallery-1-61781'>\n\t\t\t\tOficinas Pondera \/ DIN interiorismo (\u00a9 Arturo Ch\u00e1vez)\n\t\t\t\t<\/figcaption><\/figure><figure class='gallery-item'>\n\t\t\t<div class='gallery-icon portrait'>\n\t\t\t\t<a href='https:\/\/www.arquimaster.com.ar\/web\/wp-content\/uploads\/2021\/01\/oficinas_pondera10.jpg' title=\"Oficinas Pondera \/ DIN interiorismo (\u00a9 Arturo Ch\u00e1vez)\" data-rl_title=\"Oficinas Pondera \/ DIN interiorismo (\u00a9 Arturo Ch\u00e1vez)\" class=\"rl-gallery-link\" data-rl_caption=\"Oficinas Pondera \/ DIN interiorismo (\u00a9 Arturo Ch\u00e1vez)\" data-rel=\"lightbox-gallery-1\"><img loading=\"lazy\" decoding=\"async\" width=\"150\" height=\"150\" src=\"https:\/\/www.arquimaster.com.ar\/web\/wp-content\/uploads\/2021\/01\/oficinas_pondera10-150x150.jpg\" class=\"attachment-thumbnail size-thumbnail\" alt=\"Oficinas Pondera \/ DIN interiorismo\" aria-describedby=\"gallery-1-61782\" \/><\/a>\n\t\t\t<\/div>\n\t\t\t\t<figcaption class='wp-caption-text gallery-caption' id='gallery-1-61782'>\n\t\t\t\tOficinas Pondera \/ DIN interiorismo (\u00a9 Arturo Ch\u00e1vez)\n\t\t\t\t<\/figcaption><\/figure><figure class='gallery-item'>\n\t\t\t<div class='gallery-icon landscape'>\n\t\t\t\t<a href='https:\/\/www.arquimaster.com.ar\/web\/wp-content\/uploads\/2021\/01\/oficinas_pondera11.jpg' title=\"Oficinas Pondera \/ DIN interiorismo (planta)\" data-rl_title=\"Oficinas Pondera \/ DIN interiorismo (planta)\" class=\"rl-gallery-link\" data-rl_caption=\"Oficinas Pondera \/ DIN interiorismo (planta)\" data-rel=\"lightbox-gallery-1\"><img loading=\"lazy\" decoding=\"async\" width=\"150\" height=\"150\" src=\"https:\/\/www.arquimaster.com.ar\/web\/wp-content\/uploads\/2021\/01\/oficinas_pondera11-150x150.jpg\" class=\"attachment-thumbnail size-thumbnail\" alt=\"Oficinas Pondera \/ DIN interiorismo\" aria-describedby=\"gallery-1-61783\" \/><\/a>\n\t\t\t<\/div>\n\t\t\t\t<figcaption class='wp-caption-text gallery-caption' id='gallery-1-61783'>\n\t\t\t\tOficinas Pondera \/ DIN interiorismo (planta)\n\t\t\t\t<\/figcaption><\/figure><figure class='gallery-item'>\n\t\t\t<div class='gallery-icon landscape'>\n\t\t\t\t<a href='https:\/\/www.arquimaster.com.ar\/web\/wp-content\/uploads\/2021\/01\/oficinas_pondera12.jpg' title=\"Oficinas Pondera \/ DIN interiorismo (cortes)\" data-rl_title=\"Oficinas Pondera \/ DIN interiorismo (cortes)\" class=\"rl-gallery-link\" data-rl_caption=\"Oficinas Pondera \/ DIN interiorismo (cortes)\" data-rel=\"lightbox-gallery-1\"><img loading=\"lazy\" decoding=\"async\" width=\"150\" height=\"150\" src=\"https:\/\/www.arquimaster.com.ar\/web\/wp-content\/uploads\/2021\/01\/oficinas_pondera12-150x150.jpg\" class=\"attachment-thumbnail size-thumbnail\" alt=\"Oficinas Pondera \/ DIN interiorismo\" aria-describedby=\"gallery-1-61784\" \/><\/a>\n\t\t\t<\/div>\n\t\t\t\t<figcaption class='wp-caption-text gallery-caption' id='gallery-1-61784'>\n\t\t\t\tOficinas Pondera \/ DIN interiorismo (cortes)\n\t\t\t\t<\/figcaption><\/figure>\n\t\t<\/div>\n\n<p>Un proyecto que destaca por su sencilla combinaci\u00f3n de elementos y materiales, cuyo color y textura hacen el contraste necesario para invitar a trabajar. La disposici\u00f3n ordenada del mobiliario y el color gris de los muros se rompe con el elemento protag\u00f3nico -que en este caso es el plaf\u00f3n tipo origami- que vestibula y divide la sala de juntas de la oficina principal y \u00e1rea de operativos.<\/p>\n<p>La oficina principal y la sala de juntas est\u00e1n divididas con cristal, lo que las integra visualmente con el resto de la oficina, adem\u00e1s estos cristales pueden ser usados como pizarrones. El piso de tablero OSB ayuda a amortiguar la ac\u00fastica y dar calidez al espacio.<\/p>\n<p>Los espacios abiertos ayudan al trabajo en equipo y control pleno de operaci\u00f3n sin embargo tambi\u00e9n est\u00e1 prevista una peque\u00f1a \u00e1rea en donde los operativos puedan tomar llamadas con mayor privacidad o bien descansar unos minutos para cambiar a una posici\u00f3n m\u00e1s relajada.<\/p>\n<p>Algunos acentos de color azul y verde se observan en los muros y ciertos detalles en los muebles, discretas notas que dan movimiento y dinamismo al ambiente general. El interiorista Aurelio V\u00e1zquez junto con su equipo lograron hacer un espacio contempor\u00e1neo sin sacrificar la calidez y la funcionalidad del espacio.<\/p>\n<p><strong>Ficha t\u00e9cnica<\/strong><br>Nombre: Pondera<br>Ubicaci\u00f3n: Ciudad de M\u00e9xico <br>Dise\u00f1o interior: DIN interiorismo<br>Interiorista: Aurelio V\u00e1zquez<br>Colaboraciones: En colaboraci\u00f3n con Arq. Cristina Keller<br>\u00c1rea: 111 m2<br>A\u00f1o: 2018<br>Fotograf\u00eda: Arturo Ch\u00e1vez<\/p>\n<p><strong>Contacto<\/strong><br><a href=\"http:\/\/www.din.com.mx\" target=\"_blank\" rel=\"noopener\">http:\/\/www.din.com.mx<\/a><\/p>\n\n\n<div style=\"height:20px\" aria-hidden=\"true\" class=\"wp-block-spacer\"><\/div>\n\n\n<p><em><strong>English version<\/strong><\/em><\/p>\n<p><em>DIN interiorismo&#8217;s submission for this office project focused on a design with the adequate range of movement and private spaces at the same time. The challenge to address was developing a dynamic area that allowed the users to work with plenty of space in a semi open area of 111 sqm.<\/em><\/p>\n<p><em>It is a project that stands out for its simple combination of elements and materials, where color and texture make the necessary contrast inviting to work. The orderly arrangement of the furniture and gray walls break with the central element -which in this case is an origami style plafond- that receives and divides the meeting room from the main office and operative area.<\/em><\/p>\n<p><em>The main office and the meeting room are divided by glass that integrates them visually with the rest of the office and may also be used as drawing board. Warmth and acoustics were achieved using OSB board floors. Open spaces trigger teamwork and full control of the operation, however there is foreseen a small area for private phone calls or to disconnect for a few minutes to change into a more relaxed position.<\/em><\/p>\n<p><em>The walls and certain details in the furniture have blue and green color accents, discreet notes to give movement and dynamism to the general environment. Interior designer Aurelio V\u00e1zquez and his team managed to create a contemporary space without giving up the warmth and functionality of the space.<\/em><\/p>\n<div style=\"font-size: 0px; height: 0px; line-height: 0px; margin: 0; padding: 0; clear: both;\"><\/div><div style=\"margin-top: 0px; margin-bottom: 0px;\" class=\"sharethis-inline-share-buttons\" ><\/div>","protected":false},"excerpt":{"rendered":"<p>Dise\u00f1o que ofrece la suficiente amplitud de movimiento y espacios privados a la vez&#8230;<\/p>\n","protected":false},"author":1,"featured_media":61772,"comment_status":"closed","ping_status":"closed","sticky":false,"template":"","format":"standard","meta":{"_uag_custom_page_level_css":"","footnotes":""},"categories":[76,1],"tags":[1362,2159,250,6736,2158,1294,24,255],"class_list":["post-61771","post","type-post","status-publish","format-standard","has-post-thumbnail","hentry","category-arquitectura-corporativa","category-proyecto","tag-arquitectura-corporativa-2","tag-aurelio-vazquez","tag-ciudad-de-mexico","tag-cristina-keller","tag-din-interiorismo","tag-diseno-de-oficinas","tag-mexico","tag-oficinas","generate-columns","tablet-grid-50","mobile-grid-100","grid-parent","grid-50"],"yoast_head":"<!-- This site is optimized with the Yoast SEO plugin v27.3 - https:\/\/yoast.com\/product\/yoast-seo-wordpress\/ -->\n<title>Oficinas Pondera \/ DIN interiorismo - Arquimaster<\/title>\n<meta name=\"description\" content=\"Un proyecto de oficinas con un dise\u00f1o que ofreciera la suficiente amplitud de movimiento y a la vez tuviera espacios privados.\" \/>\n<meta name=\"robots\" content=\"index, follow, max-snippet:-1, max-image-preview:large, max-video-preview:-1\" \/>\n<link rel=\"canonical\" href=\"https:\/\/www.arquimaster.com.ar\/web\/oficinas-pondera-din-interiorismo\/\" \/>\n<meta property=\"og:locale\" content=\"es_ES\" \/>\n<meta property=\"og:type\" content=\"article\" \/>\n<meta property=\"og:title\" content=\"Oficinas Pondera \/ DIN interiorismo\" \/>\n<meta property=\"og:description\" content=\"Un proyecto de oficinas con un dise\u00f1o que ofreciera la suficiente amplitud de movimiento y a la vez tuviera espacios privados\" \/>\n<meta property=\"og:url\" content=\"https:\/\/www.arquimaster.com.ar\/web\/oficinas-pondera-din-interiorismo\/\" \/>\n<meta property=\"og:site_name\" content=\"Arquimaster\" \/>\n<meta property=\"article:publisher\" content=\"http:\/\/www.facebook.com\/ARQUIMASTER.com.ar\" \/>\n<meta property=\"article:published_time\" content=\"2021-01-07T21:14:27+00:00\" \/>\n<meta property=\"article:modified_time\" content=\"2021-06-09T17:07:54+00:00\" \/>\n<meta property=\"og:image\" content=\"https:\/\/www.arquimaster.com.ar\/web\/wp-content\/uploads\/2021\/01\/oficinas_pondera_slide.jpg\" \/>\n\t<meta property=\"og:image:width\" content=\"698\" \/>\n\t<meta property=\"og:image:height\" content=\"364\" \/>\n\t<meta property=\"og:image:type\" content=\"image\/jpeg\" \/>\n<meta name=\"author\" content=\"Arquimaster\" \/>\n<meta name=\"twitter:card\" content=\"summary_large_image\" \/>\n<meta name=\"twitter:title\" content=\"Oficinas Pondera \/ DIN interiorismo\" \/>\n<meta name=\"twitter:description\" content=\"Un proyecto de oficinas con un dise\u00f1o que ofreciera la suficiente amplitud de movimiento y a la vez tuviera espacios privados\" \/>\n<meta name=\"twitter:image\" content=\"https:\/\/www.arquimaster.com.ar\/web\/wp-content\/uploads\/2021\/01\/oficinas_pondera_slide.jpg\" \/>\n<meta name=\"twitter:creator\" content=\"@arquimaster\" \/>\n<meta name=\"twitter:site\" content=\"@arquimaster\" \/>\n<meta name=\"twitter:label1\" content=\"Escrito por\" \/>\n\t<meta name=\"twitter:data1\" content=\"Arquimaster\" \/>\n\t<meta name=\"twitter:label2\" content=\"Tiempo de lectura\" \/>\n\t<meta name=\"twitter:data2\" content=\"3 minutos\" \/>\n<script type=\"application\/ld+json\" class=\"yoast-schema-graph\">{\"@context\":\"https:\\\/\\\/schema.org\",\"@graph\":[{\"@type\":\"Article\",\"@id\":\"https:\\\/\\\/www.arquimaster.com.ar\\\/web\\\/oficinas-pondera-din-interiorismo\\\/#article\",\"isPartOf\":{\"@id\":\"https:\\\/\\\/www.arquimaster.com.ar\\\/web\\\/oficinas-pondera-din-interiorismo\\\/\"},\"author\":{\"name\":\"Arquimaster\",\"@id\":\"https:\\\/\\\/www.arquimaster.com.ar\\\/web\\\/#\\\/schema\\\/person\\\/359e9f7c00193fcde068e0dd2ceb0028\"},\"headline\":\"Oficinas Pondera \\\/ DIN interiorismo\",\"datePublished\":\"2021-01-07T21:14:27+00:00\",\"dateModified\":\"2021-06-09T17:07:54+00:00\",\"mainEntityOfPage\":{\"@id\":\"https:\\\/\\\/www.arquimaster.com.ar\\\/web\\\/oficinas-pondera-din-interiorismo\\\/\"},\"wordCount\":576,\"publisher\":{\"@id\":\"https:\\\/\\\/www.arquimaster.com.ar\\\/web\\\/#organization\"},\"image\":{\"@id\":\"https:\\\/\\\/www.arquimaster.com.ar\\\/web\\\/oficinas-pondera-din-interiorismo\\\/#primaryimage\"},\"thumbnailUrl\":\"https:\\\/\\\/www.arquimaster.com.ar\\\/web\\\/wp-content\\\/uploads\\\/2021\\\/01\\\/oficinas_pondera_slide.jpg\",\"keywords\":[\"arquitectura corporativa\",\"Aurelio V\u00e1zquez\",\"Ciudad de Mexico\",\"Cristina Keller\",\"DIN interiorismo\",\"dise\u00f1o de oficinas\",\"Mexico\",\"oficinas\"],\"articleSection\":[\"Arquitectura corporativa\",\"Proyecto\"],\"inLanguage\":\"es\"},{\"@type\":\"WebPage\",\"@id\":\"https:\\\/\\\/www.arquimaster.com.ar\\\/web\\\/oficinas-pondera-din-interiorismo\\\/\",\"url\":\"https:\\\/\\\/www.arquimaster.com.ar\\\/web\\\/oficinas-pondera-din-interiorismo\\\/\",\"name\":\"Oficinas Pondera \\\/ DIN interiorismo - Arquimaster\",\"isPartOf\":{\"@id\":\"https:\\\/\\\/www.arquimaster.com.ar\\\/web\\\/#website\"},\"primaryImageOfPage\":{\"@id\":\"https:\\\/\\\/www.arquimaster.com.ar\\\/web\\\/oficinas-pondera-din-interiorismo\\\/#primaryimage\"},\"image\":{\"@id\":\"https:\\\/\\\/www.arquimaster.com.ar\\\/web\\\/oficinas-pondera-din-interiorismo\\\/#primaryimage\"},\"thumbnailUrl\":\"https:\\\/\\\/www.arquimaster.com.ar\\\/web\\\/wp-content\\\/uploads\\\/2021\\\/01\\\/oficinas_pondera_slide.jpg\",\"datePublished\":\"2021-01-07T21:14:27+00:00\",\"dateModified\":\"2021-06-09T17:07:54+00:00\",\"description\":\"Un proyecto de oficinas con un dise\u00f1o que ofreciera la suficiente amplitud de movimiento y a la vez tuviera espacios privados.\",\"breadcrumb\":{\"@id\":\"https:\\\/\\\/www.arquimaster.com.ar\\\/web\\\/oficinas-pondera-din-interiorismo\\\/#breadcrumb\"},\"inLanguage\":\"es\",\"potentialAction\":[{\"@type\":\"ReadAction\",\"target\":[\"https:\\\/\\\/www.arquimaster.com.ar\\\/web\\\/oficinas-pondera-din-interiorismo\\\/\"]}]},{\"@type\":\"ImageObject\",\"inLanguage\":\"es\",\"@id\":\"https:\\\/\\\/www.arquimaster.com.ar\\\/web\\\/oficinas-pondera-din-interiorismo\\\/#primaryimage\",\"url\":\"https:\\\/\\\/www.arquimaster.com.ar\\\/web\\\/wp-content\\\/uploads\\\/2021\\\/01\\\/oficinas_pondera_slide.jpg\",\"contentUrl\":\"https:\\\/\\\/www.arquimaster.com.ar\\\/web\\\/wp-content\\\/uploads\\\/2021\\\/01\\\/oficinas_pondera_slide.jpg\",\"width\":698,\"height\":364,\"caption\":\"Oficinas Pondera \\\/ DIN interiorismo\"},{\"@type\":\"BreadcrumbList\",\"@id\":\"https:\\\/\\\/www.arquimaster.com.ar\\\/web\\\/oficinas-pondera-din-interiorismo\\\/#breadcrumb\",\"itemListElement\":[{\"@type\":\"ListItem\",\"position\":1,\"name\":\"Portada\",\"item\":\"https:\\\/\\\/www.arquimaster.com.ar\\\/web\\\/\"},{\"@type\":\"ListItem\",\"position\":2,\"name\":\"Oficinas Pondera \\\/ DIN interiorismo\"}]},{\"@type\":\"WebSite\",\"@id\":\"https:\\\/\\\/www.arquimaster.com.ar\\\/web\\\/#website\",\"url\":\"https:\\\/\\\/www.arquimaster.com.ar\\\/web\\\/\",\"name\":\"Arquimaster\",\"description\":\"Web de arquitectura, dise\u00f1o y construccion\",\"publisher\":{\"@id\":\"https:\\\/\\\/www.arquimaster.com.ar\\\/web\\\/#organization\"},\"potentialAction\":[{\"@type\":\"SearchAction\",\"target\":{\"@type\":\"EntryPoint\",\"urlTemplate\":\"https:\\\/\\\/www.arquimaster.com.ar\\\/web\\\/?s={search_term_string}\"},\"query-input\":{\"@type\":\"PropertyValueSpecification\",\"valueRequired\":true,\"valueName\":\"search_term_string\"}}],\"inLanguage\":\"es\"},{\"@type\":\"Organization\",\"@id\":\"https:\\\/\\\/www.arquimaster.com.ar\\\/web\\\/#organization\",\"name\":\"Arquimaster\",\"url\":\"https:\\\/\\\/www.arquimaster.com.ar\\\/web\\\/\",\"logo\":{\"@type\":\"ImageObject\",\"inLanguage\":\"es\",\"@id\":\"https:\\\/\\\/www.arquimaster.com.ar\\\/web\\\/#\\\/schema\\\/logo\\\/image\\\/\",\"url\":\"https:\\\/\\\/www.arquimaster.com.ar\\\/web\\\/wp-content\\\/uploads\\\/2022\\\/06\\\/arquimaster.png\",\"contentUrl\":\"https:\\\/\\\/www.arquimaster.com.ar\\\/web\\\/wp-content\\\/uploads\\\/2022\\\/06\\\/arquimaster.png\",\"width\":594,\"height\":78,\"caption\":\"Arquimaster\"},\"image\":{\"@id\":\"https:\\\/\\\/www.arquimaster.com.ar\\\/web\\\/#\\\/schema\\\/logo\\\/image\\\/\"},\"sameAs\":[\"http:\\\/\\\/www.facebook.com\\\/ARQUIMASTER.com.ar\",\"https:\\\/\\\/x.com\\\/arquimaster\",\"https:\\\/\\\/www.instagram.com\\\/arquimasterblog\\\/\",\"https:\\\/\\\/www.linkedin.com\\\/company\\\/arquimaster\",\"https:\\\/\\\/www.pinterest.com\\\/arquimaster\",\"https:\\\/\\\/t.me\\\/arquimaster\"]},{\"@type\":\"Person\",\"@id\":\"https:\\\/\\\/www.arquimaster.com.ar\\\/web\\\/#\\\/schema\\\/person\\\/359e9f7c00193fcde068e0dd2ceb0028\",\"name\":\"Arquimaster\"}]}<\/script>\n<!-- \/ Yoast SEO plugin. -->","yoast_head_json":{"title":"Oficinas Pondera \/ DIN interiorismo - Arquimaster","description":"Un proyecto de oficinas con un dise\u00f1o que ofreciera la suficiente amplitud de movimiento y a la vez tuviera espacios privados.","robots":{"index":"index","follow":"follow","max-snippet":"max-snippet:-1","max-image-preview":"max-image-preview:large","max-video-preview":"max-video-preview:-1"},"canonical":"https:\/\/www.arquimaster.com.ar\/web\/oficinas-pondera-din-interiorismo\/","og_locale":"es_ES","og_type":"article","og_title":"Oficinas Pondera \/ DIN interiorismo","og_description":"Un proyecto de oficinas con un dise\u00f1o que ofreciera la suficiente amplitud de movimiento y a la vez tuviera espacios privados","og_url":"https:\/\/www.arquimaster.com.ar\/web\/oficinas-pondera-din-interiorismo\/","og_site_name":"Arquimaster","article_publisher":"http:\/\/www.facebook.com\/ARQUIMASTER.com.ar","article_published_time":"2021-01-07T21:14:27+00:00","article_modified_time":"2021-06-09T17:07:54+00:00","og_image":[{"width":698,"height":364,"url":"https:\/\/www.arquimaster.com.ar\/web\/wp-content\/uploads\/2021\/01\/oficinas_pondera_slide.jpg","type":"image\/jpeg"}],"author":"Arquimaster","twitter_card":"summary_large_image","twitter_title":"Oficinas Pondera \/ DIN interiorismo","twitter_description":"Un proyecto de oficinas con un dise\u00f1o que ofreciera la suficiente amplitud de movimiento y a la vez tuviera espacios privados","twitter_image":"https:\/\/www.arquimaster.com.ar\/web\/wp-content\/uploads\/2021\/01\/oficinas_pondera_slide.jpg","twitter_creator":"@arquimaster","twitter_site":"@arquimaster","twitter_misc":{"Escrito por":"Arquimaster","Tiempo de lectura":"3 minutos"},"schema":{"@context":"https:\/\/schema.org","@graph":[{"@type":"Article","@id":"https:\/\/www.arquimaster.com.ar\/web\/oficinas-pondera-din-interiorismo\/#article","isPartOf":{"@id":"https:\/\/www.arquimaster.com.ar\/web\/oficinas-pondera-din-interiorismo\/"},"author":{"name":"Arquimaster","@id":"https:\/\/www.arquimaster.com.ar\/web\/#\/schema\/person\/359e9f7c00193fcde068e0dd2ceb0028"},"headline":"Oficinas Pondera \/ DIN interiorismo","datePublished":"2021-01-07T21:14:27+00:00","dateModified":"2021-06-09T17:07:54+00:00","mainEntityOfPage":{"@id":"https:\/\/www.arquimaster.com.ar\/web\/oficinas-pondera-din-interiorismo\/"},"wordCount":576,"publisher":{"@id":"https:\/\/www.arquimaster.com.ar\/web\/#organization"},"image":{"@id":"https:\/\/www.arquimaster.com.ar\/web\/oficinas-pondera-din-interiorismo\/#primaryimage"},"thumbnailUrl":"https:\/\/www.arquimaster.com.ar\/web\/wp-content\/uploads\/2021\/01\/oficinas_pondera_slide.jpg","keywords":["arquitectura corporativa","Aurelio V\u00e1zquez","Ciudad de Mexico","Cristina Keller","DIN interiorismo","dise\u00f1o de oficinas","Mexico","oficinas"],"articleSection":["Arquitectura corporativa","Proyecto"],"inLanguage":"es"},{"@type":"WebPage","@id":"https:\/\/www.arquimaster.com.ar\/web\/oficinas-pondera-din-interiorismo\/","url":"https:\/\/www.arquimaster.com.ar\/web\/oficinas-pondera-din-interiorismo\/","name":"Oficinas Pondera \/ DIN interiorismo - Arquimaster","isPartOf":{"@id":"https:\/\/www.arquimaster.com.ar\/web\/#website"},"primaryImageOfPage":{"@id":"https:\/\/www.arquimaster.com.ar\/web\/oficinas-pondera-din-interiorismo\/#primaryimage"},"image":{"@id":"https:\/\/www.arquimaster.com.ar\/web\/oficinas-pondera-din-interiorismo\/#primaryimage"},"thumbnailUrl":"https:\/\/www.arquimaster.com.ar\/web\/wp-content\/uploads\/2021\/01\/oficinas_pondera_slide.jpg","datePublished":"2021-01-07T21:14:27+00:00","dateModified":"2021-06-09T17:07:54+00:00","description":"Un proyecto de oficinas con un dise\u00f1o que ofreciera la suficiente amplitud de movimiento y a la vez tuviera espacios privados.","breadcrumb":{"@id":"https:\/\/www.arquimaster.com.ar\/web\/oficinas-pondera-din-interiorismo\/#breadcrumb"},"inLanguage":"es","potentialAction":[{"@type":"ReadAction","target":["https:\/\/www.arquimaster.com.ar\/web\/oficinas-pondera-din-interiorismo\/"]}]},{"@type":"ImageObject","inLanguage":"es","@id":"https:\/\/www.arquimaster.com.ar\/web\/oficinas-pondera-din-interiorismo\/#primaryimage","url":"https:\/\/www.arquimaster.com.ar\/web\/wp-content\/uploads\/2021\/01\/oficinas_pondera_slide.jpg","contentUrl":"https:\/\/www.arquimaster.com.ar\/web\/wp-content\/uploads\/2021\/01\/oficinas_pondera_slide.jpg","width":698,"height":364,"caption":"Oficinas Pondera \/ DIN interiorismo"},{"@type":"BreadcrumbList","@id":"https:\/\/www.arquimaster.com.ar\/web\/oficinas-pondera-din-interiorismo\/#breadcrumb","itemListElement":[{"@type":"ListItem","position":1,"name":"Portada","item":"https:\/\/www.arquimaster.com.ar\/web\/"},{"@type":"ListItem","position":2,"name":"Oficinas Pondera \/ DIN interiorismo"}]},{"@type":"WebSite","@id":"https:\/\/www.arquimaster.com.ar\/web\/#website","url":"https:\/\/www.arquimaster.com.ar\/web\/","name":"Arquimaster","description":"Web de arquitectura, dise\u00f1o y construccion","publisher":{"@id":"https:\/\/www.arquimaster.com.ar\/web\/#organization"},"potentialAction":[{"@type":"SearchAction","target":{"@type":"EntryPoint","urlTemplate":"https:\/\/www.arquimaster.com.ar\/web\/?s={search_term_string}"},"query-input":{"@type":"PropertyValueSpecification","valueRequired":true,"valueName":"search_term_string"}}],"inLanguage":"es"},{"@type":"Organization","@id":"https:\/\/www.arquimaster.com.ar\/web\/#organization","name":"Arquimaster","url":"https:\/\/www.arquimaster.com.ar\/web\/","logo":{"@type":"ImageObject","inLanguage":"es","@id":"https:\/\/www.arquimaster.com.ar\/web\/#\/schema\/logo\/image\/","url":"https:\/\/www.arquimaster.com.ar\/web\/wp-content\/uploads\/2022\/06\/arquimaster.png","contentUrl":"https:\/\/www.arquimaster.com.ar\/web\/wp-content\/uploads\/2022\/06\/arquimaster.png","width":594,"height":78,"caption":"Arquimaster"},"image":{"@id":"https:\/\/www.arquimaster.com.ar\/web\/#\/schema\/logo\/image\/"},"sameAs":["http:\/\/www.facebook.com\/ARQUIMASTER.com.ar","https:\/\/x.com\/arquimaster","https:\/\/www.instagram.com\/arquimasterblog\/","https:\/\/www.linkedin.com\/company\/arquimaster","https:\/\/www.pinterest.com\/arquimaster","https:\/\/t.me\/arquimaster"]},{"@type":"Person","@id":"https:\/\/www.arquimaster.com.ar\/web\/#\/schema\/person\/359e9f7c00193fcde068e0dd2ceb0028","name":"Arquimaster"}]}},"uagb_featured_image_src":{"full":["https:\/\/www.arquimaster.com.ar\/web\/wp-content\/uploads\/2021\/01\/oficinas_pondera_slide.jpg",698,364,false],"thumbnail":["https:\/\/www.arquimaster.com.ar\/web\/wp-content\/uploads\/2021\/01\/oficinas_pondera_slide-150x150.jpg",150,150,true],"medium":["https:\/\/www.arquimaster.com.ar\/web\/wp-content\/uploads\/2021\/01\/oficinas_pondera_slide.jpg",698,364,false],"medium_large":["https:\/\/www.arquimaster.com.ar\/web\/wp-content\/uploads\/2021\/01\/oficinas_pondera_slide.jpg",698,364,false],"large":["https:\/\/www.arquimaster.com.ar\/web\/wp-content\/uploads\/2021\/01\/oficinas_pondera_slide.jpg",698,364,false],"1536x1536":["https:\/\/www.arquimaster.com.ar\/web\/wp-content\/uploads\/2021\/01\/oficinas_pondera_slide.jpg",698,364,false],"2048x2048":["https:\/\/www.arquimaster.com.ar\/web\/wp-content\/uploads\/2021\/01\/oficinas_pondera_slide.jpg",698,364,false]},"uagb_author_info":{"display_name":"Arquimaster","author_link":"https:\/\/www.arquimaster.com.ar\/web\/author\/arquimaster\/"},"uagb_comment_info":0,"uagb_excerpt":"Dise\u00f1o que ofrece la suficiente amplitud de movimiento y espacios privados a la vez...","_links":{"self":[{"href":"https:\/\/www.arquimaster.com.ar\/web\/wp-json\/wp\/v2\/posts\/61771","targetHints":{"allow":["GET"]}}],"collection":[{"href":"https:\/\/www.arquimaster.com.ar\/web\/wp-json\/wp\/v2\/posts"}],"about":[{"href":"https:\/\/www.arquimaster.com.ar\/web\/wp-json\/wp\/v2\/types\/post"}],"author":[{"embeddable":true,"href":"https:\/\/www.arquimaster.com.ar\/web\/wp-json\/wp\/v2\/users\/1"}],"replies":[{"embeddable":true,"href":"https:\/\/www.arquimaster.com.ar\/web\/wp-json\/wp\/v2\/comments?post=61771"}],"version-history":[{"count":2,"href":"https:\/\/www.arquimaster.com.ar\/web\/wp-json\/wp\/v2\/posts\/61771\/revisions"}],"predecessor-version":[{"id":65691,"href":"https:\/\/www.arquimaster.com.ar\/web\/wp-json\/wp\/v2\/posts\/61771\/revisions\/65691"}],"wp:featuredmedia":[{"embeddable":true,"href":"https:\/\/www.arquimaster.com.ar\/web\/wp-json\/wp\/v2\/media\/61772"}],"wp:attachment":[{"href":"https:\/\/www.arquimaster.com.ar\/web\/wp-json\/wp\/v2\/media?parent=61771"}],"wp:term":[{"taxonomy":"category","embeddable":true,"href":"https:\/\/www.arquimaster.com.ar\/web\/wp-json\/wp\/v2\/categories?post=61771"},{"taxonomy":"post_tag","embeddable":true,"href":"https:\/\/www.arquimaster.com.ar\/web\/wp-json\/wp\/v2\/tags?post=61771"}],"curies":[{"name":"wp","href":"https:\/\/api.w.org\/{rel}","templated":true}]}}