{"id":61808,"date":"2021-01-07T19:22:49","date_gmt":"2021-01-07T22:22:49","guid":{"rendered":"https:\/\/www.arquimaster.com.ar\/web\/?p=61808"},"modified":"2021-04-04T18:34:36","modified_gmt":"2021-04-04T21:34:36","slug":"edificio-residencial-n-07-pjv-arquitetura","status":"publish","type":"post","link":"https:\/\/www.arquimaster.com.ar\/web\/edificio-residencial-n-07-pjv-arquitetura\/","title":{"rendered":"Edificio Residencial N 07 \/ PJV Arquitetura"},"content":{"rendered":"<div style=\"margin-top: 0px; margin-bottom: 0px;\" class=\"sharethis-inline-share-buttons\" ><\/div><div class=\"b812932af2e751442846f039925109de\" data-index=\"1\" style=\"float: none; margin:25px 0 25px 0; text-align:center;\">\n<script async src=\"https:\/\/pagead2.googlesyndication.com\/pagead\/js\/adsbygoogle.js\"><\/script>\r\n<!-- Arquimaster (superior) -->\r\n<ins class=\"adsbygoogle\"\r\n     style=\"display:block\"\r\n     data-ad-client=\"ca-pub-6351072698456832\"\r\n     data-ad-slot=\"6455489680\"\r\n     data-ad-format=\"auto\"\r\n     data-full-width-responsive=\"true\"><\/ins>\r\n<script>\r\n     (adsbygoogle = window.adsbygoogle || []).push({});\r\n<\/script>\n<\/div>\n<p><strong>Edificio Residencial N 07<\/strong> (Balneario Pi\u00e7arras, Santa Catarina, Brasil) por <strong>PJV Arquitetura<\/strong> (Pablo J. Vailatti). El edificio Residencial N 07 est\u00e1 constituido por seis apartamentos residenciales y se ubica en Balne\u00e1rio Pi\u00e7arras en la costa norte del estado de Santa Catarina. El terreno elegido se ubica cercano a la avenida principal, posee hermosas vistas al mar y mide s\u00f3lo 244 metros cuadrados, con 12 metros de frente y 22 metros de largo. La propuesta busca ofrecer al mercado un edificio con arquitectura contempor\u00e1nea autoral, sin los vicios y repeticiones del mercado inmobiliario en general.<\/p>\n<div id='gallery-1' class='gallery galleryid-61808 gallery-columns-3 gallery-size-thumbnail'><figure class='gallery-item'>\n\t\t\t<div class='gallery-icon landscape'>\n\t\t\t\t<a href='https:\/\/www.arquimaster.com.ar\/web\/wp-content\/uploads\/2021\/01\/edificio_residencial_n07_1.jpg' title=\"Edificio Residencial N 07 \/ PJV Arquitetura (\u00a9 Alexandre Zelinski)\" data-rl_title=\"Edificio Residencial N 07 \/ PJV Arquitetura (\u00a9 Alexandre Zelinski)\" class=\"rl-gallery-link\" data-rl_caption=\"Edificio Residencial N 07 \/ PJV Arquitetura (\u00a9 Alexandre Zelinski)\" data-rel=\"lightbox-gallery-1\"><img loading=\"lazy\" decoding=\"async\" width=\"150\" height=\"150\" src=\"https:\/\/www.arquimaster.com.ar\/web\/wp-content\/uploads\/2021\/01\/edificio_residencial_n07_1-150x150.jpg\" class=\"attachment-thumbnail size-thumbnail\" alt=\"Edificio Residencial N 07 \/ PJV Arquitetura\" aria-describedby=\"gallery-1-61809\" \/><\/a>\n\t\t\t<\/div>\n\t\t\t\t<figcaption class='wp-caption-text gallery-caption' id='gallery-1-61809'>\n\t\t\t\tEdificio Residencial N 07 \/ PJV Arquitetura (\u00a9 Alexandre Zelinski)\n\t\t\t\t<\/figcaption><\/figure><figure class='gallery-item'>\n\t\t\t<div class='gallery-icon portrait'>\n\t\t\t\t<a href='https:\/\/www.arquimaster.com.ar\/web\/wp-content\/uploads\/2021\/01\/edificio_residencial_n07_2.jpg' title=\"Edificio Residencial N 07 \/ PJV Arquitetura (\u00a9 Alexandre Zelinski)\" data-rl_title=\"Edificio Residencial N 07 \/ PJV Arquitetura (\u00a9 Alexandre Zelinski)\" class=\"rl-gallery-link\" data-rl_caption=\"Edificio Residencial N 07 \/ PJV Arquitetura (\u00a9 Alexandre Zelinski)\" data-rel=\"lightbox-gallery-1\"><img loading=\"lazy\" decoding=\"async\" width=\"150\" height=\"150\" src=\"https:\/\/www.arquimaster.com.ar\/web\/wp-content\/uploads\/2021\/01\/edificio_residencial_n07_2-150x150.jpg\" class=\"attachment-thumbnail size-thumbnail\" alt=\"Edificio Residencial N 07 \/ PJV Arquitetura\" aria-describedby=\"gallery-1-61810\" \/><\/a>\n\t\t\t<\/div>\n\t\t\t\t<figcaption class='wp-caption-text gallery-caption' id='gallery-1-61810'>\n\t\t\t\tEdificio Residencial N 07 \/ PJV Arquitetura (\u00a9 Alexandre Zelinski)\n\t\t\t\t<\/figcaption><\/figure><figure class='gallery-item'>\n\t\t\t<div class='gallery-icon landscape'>\n\t\t\t\t<a href='https:\/\/www.arquimaster.com.ar\/web\/wp-content\/uploads\/2021\/01\/edificio_residencial_n07_3.jpg' title=\"Edificio Residencial N 07 \/ PJV Arquitetura (\u00a9 Alexandre Zelinski)\" data-rl_title=\"Edificio Residencial N 07 \/ PJV Arquitetura (\u00a9 Alexandre Zelinski)\" class=\"rl-gallery-link\" data-rl_caption=\"Edificio Residencial N 07 \/ PJV Arquitetura (\u00a9 Alexandre Zelinski)\" data-rel=\"lightbox-gallery-1\"><img loading=\"lazy\" decoding=\"async\" width=\"150\" height=\"150\" src=\"https:\/\/www.arquimaster.com.ar\/web\/wp-content\/uploads\/2021\/01\/edificio_residencial_n07_3-150x150.jpg\" class=\"attachment-thumbnail size-thumbnail\" alt=\"Edificio Residencial N 07 \/ PJV Arquitetura\" aria-describedby=\"gallery-1-61811\" \/><\/a>\n\t\t\t<\/div>\n\t\t\t\t<figcaption class='wp-caption-text gallery-caption' id='gallery-1-61811'>\n\t\t\t\tEdificio Residencial N 07 \/ PJV Arquitetura (\u00a9 Alexandre Zelinski)\n\t\t\t\t<\/figcaption><\/figure><figure class='gallery-item'>\n\t\t\t<div class='gallery-icon landscape'>\n\t\t\t\t<a href='https:\/\/www.arquimaster.com.ar\/web\/wp-content\/uploads\/2021\/01\/edificio_residencial_n07_4.jpg' title=\"Edificio Residencial N 07 \/ PJV Arquitetura (\u00a9 Alexandre Zelinski)\" data-rl_title=\"Edificio Residencial N 07 \/ PJV Arquitetura (\u00a9 Alexandre Zelinski)\" class=\"rl-gallery-link\" data-rl_caption=\"Edificio Residencial N 07 \/ PJV Arquitetura (\u00a9 Alexandre Zelinski)\" data-rel=\"lightbox-gallery-1\"><img loading=\"lazy\" decoding=\"async\" width=\"150\" height=\"150\" src=\"https:\/\/www.arquimaster.com.ar\/web\/wp-content\/uploads\/2021\/01\/edificio_residencial_n07_4-150x150.jpg\" class=\"attachment-thumbnail size-thumbnail\" alt=\"Edificio Residencial N 07 \/ PJV Arquitetura\" aria-describedby=\"gallery-1-61812\" \/><\/a>\n\t\t\t<\/div>\n\t\t\t\t<figcaption class='wp-caption-text gallery-caption' id='gallery-1-61812'>\n\t\t\t\tEdificio Residencial N 07 \/ PJV Arquitetura (\u00a9 Alexandre Zelinski)\n\t\t\t\t<\/figcaption><\/figure><figure class='gallery-item'>\n\t\t\t<div class='gallery-icon landscape'>\n\t\t\t\t<a href='https:\/\/www.arquimaster.com.ar\/web\/wp-content\/uploads\/2021\/01\/edificio_residencial_n07_5.jpg' title=\"Edificio Residencial N 07 \/ PJV Arquitetura (\u00a9 Alexandre Zelinski)\" data-rl_title=\"Edificio Residencial N 07 \/ PJV Arquitetura (\u00a9 Alexandre Zelinski)\" class=\"rl-gallery-link\" data-rl_caption=\"Edificio Residencial N 07 \/ PJV Arquitetura (\u00a9 Alexandre Zelinski)\" data-rel=\"lightbox-gallery-1\"><img loading=\"lazy\" decoding=\"async\" width=\"150\" height=\"150\" src=\"https:\/\/www.arquimaster.com.ar\/web\/wp-content\/uploads\/2021\/01\/edificio_residencial_n07_5-150x150.jpg\" class=\"attachment-thumbnail size-thumbnail\" alt=\"Edificio Residencial N 07 \/ PJV Arquitetura\" aria-describedby=\"gallery-1-61813\" \/><\/a>\n\t\t\t<\/div>\n\t\t\t\t<figcaption class='wp-caption-text gallery-caption' id='gallery-1-61813'>\n\t\t\t\tEdificio Residencial N 07 \/ PJV Arquitetura (\u00a9 Alexandre Zelinski)\n\t\t\t\t<\/figcaption><\/figure><figure class='gallery-item'>\n\t\t\t<div class='gallery-icon landscape'>\n\t\t\t\t<a href='https:\/\/www.arquimaster.com.ar\/web\/wp-content\/uploads\/2021\/01\/edificio_residencial_n07_6.jpg' title=\"Edificio Residencial N 07 \/ PJV Arquitetura (\u00a9 Alexandre Zelinski)\" data-rl_title=\"Edificio Residencial N 07 \/ PJV Arquitetura (\u00a9 Alexandre Zelinski)\" class=\"rl-gallery-link\" data-rl_caption=\"Edificio Residencial N 07 \/ PJV Arquitetura (\u00a9 Alexandre Zelinski)\" data-rel=\"lightbox-gallery-1\"><img loading=\"lazy\" decoding=\"async\" width=\"150\" height=\"150\" src=\"https:\/\/www.arquimaster.com.ar\/web\/wp-content\/uploads\/2021\/01\/edificio_residencial_n07_6-150x150.jpg\" class=\"attachment-thumbnail size-thumbnail\" alt=\"Edificio Residencial N 07 \/ PJV Arquitetura\" aria-describedby=\"gallery-1-61814\" \/><\/a>\n\t\t\t<\/div>\n\t\t\t\t<figcaption class='wp-caption-text gallery-caption' id='gallery-1-61814'>\n\t\t\t\tEdificio Residencial N 07 \/ PJV Arquitetura (\u00a9 Alexandre Zelinski)\n\t\t\t\t<\/figcaption><\/figure><figure class='gallery-item'>\n\t\t\t<div class='gallery-icon landscape'>\n\t\t\t\t<a href='https:\/\/www.arquimaster.com.ar\/web\/wp-content\/uploads\/2021\/01\/edificio_residencial_n07_7.jpg' title=\"Edificio Residencial N 07 \/ PJV Arquitetura (\u00a9 Alexandre Zelinski)\" data-rl_title=\"Edificio Residencial N 07 \/ PJV Arquitetura (\u00a9 Alexandre Zelinski)\" class=\"rl-gallery-link\" data-rl_caption=\"Edificio Residencial N 07 \/ PJV Arquitetura (\u00a9 Alexandre Zelinski)\" data-rel=\"lightbox-gallery-1\"><img loading=\"lazy\" decoding=\"async\" width=\"150\" height=\"150\" src=\"https:\/\/www.arquimaster.com.ar\/web\/wp-content\/uploads\/2021\/01\/edificio_residencial_n07_7-150x150.jpg\" class=\"attachment-thumbnail size-thumbnail\" alt=\"Edificio Residencial N 07 \/ PJV Arquitetura\" aria-describedby=\"gallery-1-61815\" \/><\/a>\n\t\t\t<\/div>\n\t\t\t\t<figcaption class='wp-caption-text gallery-caption' id='gallery-1-61815'>\n\t\t\t\tEdificio Residencial N 07 \/ PJV Arquitetura (\u00a9 Alexandre Zelinski)\n\t\t\t\t<\/figcaption><\/figure><figure class='gallery-item'>\n\t\t\t<div class='gallery-icon landscape'>\n\t\t\t\t<a href='https:\/\/www.arquimaster.com.ar\/web\/wp-content\/uploads\/2021\/01\/edificio_residencial_n07_8.jpg' title=\"Edificio Residencial N 07 \/ PJV Arquitetura (\u00a9 Alexandre Zelinski)\" data-rl_title=\"Edificio Residencial N 07 \/ PJV Arquitetura (\u00a9 Alexandre Zelinski)\" class=\"rl-gallery-link\" data-rl_caption=\"Edificio Residencial N 07 \/ PJV Arquitetura (\u00a9 Alexandre Zelinski)\" data-rel=\"lightbox-gallery-1\"><img loading=\"lazy\" decoding=\"async\" width=\"150\" height=\"150\" src=\"https:\/\/www.arquimaster.com.ar\/web\/wp-content\/uploads\/2021\/01\/edificio_residencial_n07_8-150x150.jpg\" class=\"attachment-thumbnail size-thumbnail\" alt=\"Edificio Residencial N 07 \/ PJV Arquitetura\" aria-describedby=\"gallery-1-61816\" \/><\/a>\n\t\t\t<\/div>\n\t\t\t\t<figcaption class='wp-caption-text gallery-caption' id='gallery-1-61816'>\n\t\t\t\tEdificio Residencial N 07 \/ PJV Arquitetura (\u00a9 Alexandre Zelinski)\n\t\t\t\t<\/figcaption><\/figure><figure class='gallery-item'>\n\t\t\t<div class='gallery-icon portrait'>\n\t\t\t\t<a href='https:\/\/www.arquimaster.com.ar\/web\/wp-content\/uploads\/2021\/01\/edificio_residencial_n07_9.jpg' title=\"Edificio Residencial N 07 \/ PJV Arquitetura (\u00a9 Alexandre Zelinski)\" data-rl_title=\"Edificio Residencial N 07 \/ PJV Arquitetura (\u00a9 Alexandre Zelinski)\" class=\"rl-gallery-link\" data-rl_caption=\"Edificio Residencial N 07 \/ PJV Arquitetura (\u00a9 Alexandre Zelinski)\" data-rel=\"lightbox-gallery-1\"><img loading=\"lazy\" decoding=\"async\" width=\"150\" height=\"150\" src=\"https:\/\/www.arquimaster.com.ar\/web\/wp-content\/uploads\/2021\/01\/edificio_residencial_n07_9-150x150.jpg\" class=\"attachment-thumbnail size-thumbnail\" alt=\"Edificio Residencial N 07 \/ PJV Arquitetura\" aria-describedby=\"gallery-1-61817\" \/><\/a>\n\t\t\t<\/div>\n\t\t\t\t<figcaption class='wp-caption-text gallery-caption' id='gallery-1-61817'>\n\t\t\t\tEdificio Residencial N 07 \/ PJV Arquitetura (\u00a9 Alexandre Zelinski)\n\t\t\t\t<\/figcaption><\/figure><figure class='gallery-item'>\n\t\t\t<div class='gallery-icon portrait'>\n\t\t\t\t<a href='https:\/\/www.arquimaster.com.ar\/web\/wp-content\/uploads\/2021\/01\/edificio_residencial_n07_10.jpg' title=\"Edificio Residencial N 07 \/ PJV Arquitetura (\u00a9 Alexandre Zelinski)\" data-rl_title=\"Edificio Residencial N 07 \/ PJV Arquitetura (\u00a9 Alexandre Zelinski)\" class=\"rl-gallery-link\" data-rl_caption=\"Edificio Residencial N 07 \/ PJV Arquitetura (\u00a9 Alexandre Zelinski)\" data-rel=\"lightbox-gallery-1\"><img loading=\"lazy\" decoding=\"async\" width=\"150\" height=\"150\" src=\"https:\/\/www.arquimaster.com.ar\/web\/wp-content\/uploads\/2021\/01\/edificio_residencial_n07_10-150x150.jpg\" class=\"attachment-thumbnail size-thumbnail\" alt=\"Edificio Residencial N 07 \/ PJV Arquitetura\" aria-describedby=\"gallery-1-61818\" \/><\/a>\n\t\t\t<\/div>\n\t\t\t\t<figcaption class='wp-caption-text gallery-caption' id='gallery-1-61818'>\n\t\t\t\tEdificio Residencial N 07 \/ PJV Arquitetura (\u00a9 Alexandre Zelinski)\n\t\t\t\t<\/figcaption><\/figure><figure class='gallery-item'>\n\t\t\t<div class='gallery-icon landscape'>\n\t\t\t\t<a href='https:\/\/www.arquimaster.com.ar\/web\/wp-content\/uploads\/2021\/01\/edificio_residencial_n07_11.jpg' title=\"Edificio Residencial N 07 \/ PJV Arquitetura (\u00a9 Alexandre Zelinski)\" data-rl_title=\"Edificio Residencial N 07 \/ PJV Arquitetura (\u00a9 Alexandre Zelinski)\" class=\"rl-gallery-link\" data-rl_caption=\"Edificio Residencial N 07 \/ PJV Arquitetura (\u00a9 Alexandre Zelinski)\" data-rel=\"lightbox-gallery-1\"><img loading=\"lazy\" decoding=\"async\" width=\"150\" height=\"150\" src=\"https:\/\/www.arquimaster.com.ar\/web\/wp-content\/uploads\/2021\/01\/edificio_residencial_n07_11-150x150.jpg\" class=\"attachment-thumbnail size-thumbnail\" alt=\"Edificio Residencial N 07 \/ PJV Arquitetura\" aria-describedby=\"gallery-1-61819\" \/><\/a>\n\t\t\t<\/div>\n\t\t\t\t<figcaption class='wp-caption-text gallery-caption' id='gallery-1-61819'>\n\t\t\t\tEdificio Residencial N 07 \/ PJV Arquitetura (\u00a9 Alexandre Zelinski)\n\t\t\t\t<\/figcaption><\/figure><figure class='gallery-item'>\n\t\t\t<div class='gallery-icon portrait'>\n\t\t\t\t<a href='https:\/\/www.arquimaster.com.ar\/web\/wp-content\/uploads\/2021\/01\/edificio_residencial_n07_12.jpg' title=\"Edificio Residencial N 07 \/ PJV Arquitetura (\u00a9 Alexandre Zelinski)\" data-rl_title=\"Edificio Residencial N 07 \/ PJV Arquitetura (\u00a9 Alexandre Zelinski)\" class=\"rl-gallery-link\" data-rl_caption=\"Edificio Residencial N 07 \/ PJV Arquitetura (\u00a9 Alexandre Zelinski)\" data-rel=\"lightbox-gallery-1\"><img loading=\"lazy\" decoding=\"async\" width=\"150\" height=\"150\" src=\"https:\/\/www.arquimaster.com.ar\/web\/wp-content\/uploads\/2021\/01\/edificio_residencial_n07_12-150x150.jpg\" class=\"attachment-thumbnail size-thumbnail\" alt=\"Edificio Residencial N 07 \/ PJV Arquitetura\" aria-describedby=\"gallery-1-61820\" \/><\/a>\n\t\t\t<\/div>\n\t\t\t\t<figcaption class='wp-caption-text gallery-caption' id='gallery-1-61820'>\n\t\t\t\tEdificio Residencial N 07 \/ PJV Arquitetura (\u00a9 Alexandre Zelinski)\n\t\t\t\t<\/figcaption><\/figure><figure class='gallery-item'>\n\t\t\t<div class='gallery-icon landscape'>\n\t\t\t\t<a href='https:\/\/www.arquimaster.com.ar\/web\/wp-content\/uploads\/2021\/01\/edificio_residencial_n07_13.jpg' title=\"Edificio Residencial N 07 \/ PJV Arquitetura (\u00a9 Alexandre Zelinski)\" data-rl_title=\"Edificio Residencial N 07 \/ PJV Arquitetura (\u00a9 Alexandre Zelinski)\" class=\"rl-gallery-link\" data-rl_caption=\"Edificio Residencial N 07 \/ PJV Arquitetura (\u00a9 Alexandre Zelinski)\" data-rel=\"lightbox-gallery-1\"><img loading=\"lazy\" decoding=\"async\" width=\"150\" height=\"150\" src=\"https:\/\/www.arquimaster.com.ar\/web\/wp-content\/uploads\/2021\/01\/edificio_residencial_n07_13-150x150.jpg\" class=\"attachment-thumbnail size-thumbnail\" alt=\"Edificio Residencial N 07 \/ PJV Arquitetura\" aria-describedby=\"gallery-1-61821\" \/><\/a>\n\t\t\t<\/div>\n\t\t\t\t<figcaption class='wp-caption-text gallery-caption' id='gallery-1-61821'>\n\t\t\t\tEdificio Residencial N 07 \/ PJV Arquitetura (\u00a9 Alexandre Zelinski)\n\t\t\t\t<\/figcaption><\/figure><figure class='gallery-item'>\n\t\t\t<div class='gallery-icon landscape'>\n\t\t\t\t<a href='https:\/\/www.arquimaster.com.ar\/web\/wp-content\/uploads\/2021\/01\/edificio_residencial_n07_14.jpg' title=\"Edificio Residencial N 07 \/ PJV Arquitetura (\u00a9 Alexandre Zelinski)\" data-rl_title=\"Edificio Residencial N 07 \/ PJV Arquitetura (\u00a9 Alexandre Zelinski)\" class=\"rl-gallery-link\" data-rl_caption=\"Edificio Residencial N 07 \/ PJV Arquitetura (\u00a9 Alexandre Zelinski)\" data-rel=\"lightbox-gallery-1\"><img loading=\"lazy\" decoding=\"async\" width=\"150\" height=\"150\" src=\"https:\/\/www.arquimaster.com.ar\/web\/wp-content\/uploads\/2021\/01\/edificio_residencial_n07_14-150x150.jpg\" class=\"attachment-thumbnail size-thumbnail\" alt=\"Edificio Residencial N 07 \/ PJV Arquitetura\" aria-describedby=\"gallery-1-61822\" \/><\/a>\n\t\t\t<\/div>\n\t\t\t\t<figcaption class='wp-caption-text gallery-caption' id='gallery-1-61822'>\n\t\t\t\tEdificio Residencial N 07 \/ PJV Arquitetura (\u00a9 Alexandre Zelinski)\n\t\t\t\t<\/figcaption><\/figure><figure class='gallery-item'>\n\t\t\t<div class='gallery-icon portrait'>\n\t\t\t\t<a href='https:\/\/www.arquimaster.com.ar\/web\/wp-content\/uploads\/2021\/01\/edificio_residencial_n07_15.jpg' title=\"Edificio Residencial N 07 \/ PJV Arquitetura (\u00a9 Alexandre Zelinski)\" data-rl_title=\"Edificio Residencial N 07 \/ PJV Arquitetura (\u00a9 Alexandre Zelinski)\" class=\"rl-gallery-link\" data-rl_caption=\"Edificio Residencial N 07 \/ PJV Arquitetura (\u00a9 Alexandre Zelinski)\" data-rel=\"lightbox-gallery-1\"><img loading=\"lazy\" decoding=\"async\" width=\"150\" height=\"150\" src=\"https:\/\/www.arquimaster.com.ar\/web\/wp-content\/uploads\/2021\/01\/edificio_residencial_n07_15-150x150.jpg\" class=\"attachment-thumbnail size-thumbnail\" alt=\"Edificio Residencial N 07 \/ PJV Arquitetura\" aria-describedby=\"gallery-1-61823\" \/><\/a>\n\t\t\t<\/div>\n\t\t\t\t<figcaption class='wp-caption-text gallery-caption' id='gallery-1-61823'>\n\t\t\t\tEdificio Residencial N 07 \/ PJV Arquitetura (\u00a9 Alexandre Zelinski)\n\t\t\t\t<\/figcaption><\/figure><figure class='gallery-item'>\n\t\t\t<div class='gallery-icon landscape'>\n\t\t\t\t<a href='https:\/\/www.arquimaster.com.ar\/web\/wp-content\/uploads\/2021\/01\/edificio_residencial_n07_16.jpg' title=\"Edificio Residencial N 07 \/ PJV Arquitetura (\u00a9 Alexandre Zelinski)\" data-rl_title=\"Edificio Residencial N 07 \/ PJV Arquitetura (\u00a9 Alexandre Zelinski)\" class=\"rl-gallery-link\" data-rl_caption=\"Edificio Residencial N 07 \/ PJV Arquitetura (\u00a9 Alexandre Zelinski)\" data-rel=\"lightbox-gallery-1\"><img loading=\"lazy\" decoding=\"async\" width=\"150\" height=\"150\" src=\"https:\/\/www.arquimaster.com.ar\/web\/wp-content\/uploads\/2021\/01\/edificio_residencial_n07_16-150x150.jpg\" class=\"attachment-thumbnail size-thumbnail\" alt=\"Edificio Residencial N 07 \/ PJV Arquitetura\" aria-describedby=\"gallery-1-61824\" \/><\/a>\n\t\t\t<\/div>\n\t\t\t\t<figcaption class='wp-caption-text gallery-caption' id='gallery-1-61824'>\n\t\t\t\tEdificio Residencial N 07 \/ PJV Arquitetura (\u00a9 Alexandre Zelinski)\n\t\t\t\t<\/figcaption><\/figure><figure class='gallery-item'>\n\t\t\t<div class='gallery-icon portrait'>\n\t\t\t\t<a href='https:\/\/www.arquimaster.com.ar\/web\/wp-content\/uploads\/2021\/01\/edificio_residencial_n07_17.jpg' title=\"Edificio Residencial N 07 \/ PJV Arquitetura (\u00a9 Alexandre Zelinski)\" data-rl_title=\"Edificio Residencial N 07 \/ PJV Arquitetura (\u00a9 Alexandre Zelinski)\" class=\"rl-gallery-link\" data-rl_caption=\"Edificio Residencial N 07 \/ PJV Arquitetura (\u00a9 Alexandre Zelinski)\" data-rel=\"lightbox-gallery-1\"><img loading=\"lazy\" decoding=\"async\" width=\"150\" height=\"150\" src=\"https:\/\/www.arquimaster.com.ar\/web\/wp-content\/uploads\/2021\/01\/edificio_residencial_n07_17-150x150.jpg\" class=\"attachment-thumbnail size-thumbnail\" alt=\"Edificio Residencial N 07 \/ PJV Arquitetura\" aria-describedby=\"gallery-1-61825\" \/><\/a>\n\t\t\t<\/div>\n\t\t\t\t<figcaption class='wp-caption-text gallery-caption' id='gallery-1-61825'>\n\t\t\t\tEdificio Residencial N 07 \/ PJV Arquitetura (\u00a9 Alexandre Zelinski)\n\t\t\t\t<\/figcaption><\/figure><figure class='gallery-item'>\n\t\t\t<div class='gallery-icon landscape'>\n\t\t\t\t<a href='https:\/\/www.arquimaster.com.ar\/web\/wp-content\/uploads\/2021\/01\/edificio_residencial_n07_18.jpg' title=\"Edificio Residencial N 07 \/ PJV Arquitetura (\u00a9 Alexandre Zelinski)\" data-rl_title=\"Edificio Residencial N 07 \/ PJV Arquitetura (\u00a9 Alexandre Zelinski)\" class=\"rl-gallery-link\" data-rl_caption=\"Edificio Residencial N 07 \/ PJV Arquitetura (\u00a9 Alexandre Zelinski)\" data-rel=\"lightbox-gallery-1\"><img loading=\"lazy\" decoding=\"async\" width=\"150\" height=\"150\" src=\"https:\/\/www.arquimaster.com.ar\/web\/wp-content\/uploads\/2021\/01\/edificio_residencial_n07_18-150x150.jpg\" class=\"attachment-thumbnail size-thumbnail\" alt=\"Edificio Residencial N 07 \/ PJV Arquitetura\" aria-describedby=\"gallery-1-61826\" \/><\/a>\n\t\t\t<\/div>\n\t\t\t\t<figcaption class='wp-caption-text gallery-caption' id='gallery-1-61826'>\n\t\t\t\tEdificio Residencial N 07 \/ PJV Arquitetura (\u00a9 Alexandre Zelinski)\n\t\t\t\t<\/figcaption><\/figure><figure class='gallery-item'>\n\t\t\t<div class='gallery-icon landscape'>\n\t\t\t\t<a href='https:\/\/www.arquimaster.com.ar\/web\/wp-content\/uploads\/2021\/01\/edificio_residencial_n07_19.jpg' title=\"Edificio Residencial N 07 \/ PJV Arquitetura (\u00a9 Alexandre Zelinski)\" data-rl_title=\"Edificio Residencial N 07 \/ PJV Arquitetura (\u00a9 Alexandre Zelinski)\" class=\"rl-gallery-link\" data-rl_caption=\"Edificio Residencial N 07 \/ PJV Arquitetura (\u00a9 Alexandre Zelinski)\" data-rel=\"lightbox-gallery-1\"><img loading=\"lazy\" decoding=\"async\" width=\"150\" height=\"150\" src=\"https:\/\/www.arquimaster.com.ar\/web\/wp-content\/uploads\/2021\/01\/edificio_residencial_n07_19-150x150.jpg\" class=\"attachment-thumbnail size-thumbnail\" alt=\"Edificio Residencial N 07 \/ PJV Arquitetura\" aria-describedby=\"gallery-1-61827\" \/><\/a>\n\t\t\t<\/div>\n\t\t\t\t<figcaption class='wp-caption-text gallery-caption' id='gallery-1-61827'>\n\t\t\t\tEdificio Residencial N 07 \/ PJV Arquitetura (\u00a9 Alexandre Zelinski)\n\t\t\t\t<\/figcaption><\/figure><figure class='gallery-item'>\n\t\t\t<div class='gallery-icon landscape'>\n\t\t\t\t<a href='https:\/\/www.arquimaster.com.ar\/web\/wp-content\/uploads\/2021\/01\/edificio_residencial_n07_20.jpg' title=\"Edificio Residencial N 07 \/ PJV Arquitetura (\u00a9 Alexandre Zelinski)\" data-rl_title=\"Edificio Residencial N 07 \/ PJV Arquitetura (\u00a9 Alexandre Zelinski)\" class=\"rl-gallery-link\" data-rl_caption=\"Edificio Residencial N 07 \/ PJV Arquitetura (\u00a9 Alexandre Zelinski)\" data-rel=\"lightbox-gallery-1\"><img loading=\"lazy\" decoding=\"async\" width=\"150\" height=\"150\" src=\"https:\/\/www.arquimaster.com.ar\/web\/wp-content\/uploads\/2021\/01\/edificio_residencial_n07_20-150x150.jpg\" class=\"attachment-thumbnail size-thumbnail\" alt=\"Edificio Residencial N 07 \/ PJV Arquitetura\" aria-describedby=\"gallery-1-61828\" \/><\/a>\n\t\t\t<\/div>\n\t\t\t\t<figcaption class='wp-caption-text gallery-caption' id='gallery-1-61828'>\n\t\t\t\tEdificio Residencial N 07 \/ PJV Arquitetura (\u00a9 Alexandre Zelinski)\n\t\t\t\t<\/figcaption><\/figure><figure class='gallery-item'>\n\t\t\t<div class='gallery-icon landscape'>\n\t\t\t\t<a href='https:\/\/www.arquimaster.com.ar\/web\/wp-content\/uploads\/2021\/01\/edificio_residencial_n07_21.jpg' title=\"Edificio Residencial N 07 \/ PJV Arquitetura (\u00a9 Alexandre Zelinski)\" data-rl_title=\"Edificio Residencial N 07 \/ PJV Arquitetura (\u00a9 Alexandre Zelinski)\" class=\"rl-gallery-link\" data-rl_caption=\"Edificio Residencial N 07 \/ PJV Arquitetura (\u00a9 Alexandre Zelinski)\" data-rel=\"lightbox-gallery-1\"><img loading=\"lazy\" decoding=\"async\" width=\"150\" height=\"150\" src=\"https:\/\/www.arquimaster.com.ar\/web\/wp-content\/uploads\/2021\/01\/edificio_residencial_n07_21-150x150.jpg\" class=\"attachment-thumbnail size-thumbnail\" alt=\"Edificio Residencial N 07 \/ PJV Arquitetura\" aria-describedby=\"gallery-1-61829\" \/><\/a>\n\t\t\t<\/div>\n\t\t\t\t<figcaption class='wp-caption-text gallery-caption' id='gallery-1-61829'>\n\t\t\t\tEdificio Residencial N 07 \/ PJV Arquitetura (\u00a9 Alexandre Zelinski)\n\t\t\t\t<\/figcaption><\/figure><figure class='gallery-item'>\n\t\t\t<div class='gallery-icon portrait'>\n\t\t\t\t<a href='https:\/\/www.arquimaster.com.ar\/web\/wp-content\/uploads\/2021\/01\/edificio_residencial_n07_22.jpg' title=\"Edificio Residencial N 07 \/ PJV Arquitetura (\u00a9 Alexandre Zelinski)\" data-rl_title=\"Edificio Residencial N 07 \/ PJV Arquitetura (\u00a9 Alexandre Zelinski)\" class=\"rl-gallery-link\" data-rl_caption=\"Edificio Residencial N 07 \/ PJV Arquitetura (\u00a9 Alexandre Zelinski)\" data-rel=\"lightbox-gallery-1\"><img loading=\"lazy\" decoding=\"async\" width=\"150\" height=\"150\" src=\"https:\/\/www.arquimaster.com.ar\/web\/wp-content\/uploads\/2021\/01\/edificio_residencial_n07_22-150x150.jpg\" class=\"attachment-thumbnail size-thumbnail\" alt=\"Edificio Residencial N 07 \/ PJV Arquitetura\" aria-describedby=\"gallery-1-61830\" \/><\/a>\n\t\t\t<\/div>\n\t\t\t\t<figcaption class='wp-caption-text gallery-caption' id='gallery-1-61830'>\n\t\t\t\tEdificio Residencial N 07 \/ PJV Arquitetura (\u00a9 Alexandre Zelinski)\n\t\t\t\t<\/figcaption><\/figure><figure class='gallery-item'>\n\t\t\t<div class='gallery-icon landscape'>\n\t\t\t\t<a href='https:\/\/www.arquimaster.com.ar\/web\/wp-content\/uploads\/2021\/01\/edificio_residencial_n07_23.jpg' title=\"Edificio Residencial N 07 \/ PJV Arquitetura (\u00a9 Alexandre Zelinski)\" data-rl_title=\"Edificio Residencial N 07 \/ PJV Arquitetura (\u00a9 Alexandre Zelinski)\" class=\"rl-gallery-link\" data-rl_caption=\"Edificio Residencial N 07 \/ PJV Arquitetura (\u00a9 Alexandre Zelinski)\" data-rel=\"lightbox-gallery-1\"><img loading=\"lazy\" decoding=\"async\" width=\"150\" height=\"150\" src=\"https:\/\/www.arquimaster.com.ar\/web\/wp-content\/uploads\/2021\/01\/edificio_residencial_n07_23-150x150.jpg\" class=\"attachment-thumbnail size-thumbnail\" alt=\"Edificio Residencial N 07 \/ PJV Arquitetura\" aria-describedby=\"gallery-1-61831\" \/><\/a>\n\t\t\t<\/div>\n\t\t\t\t<figcaption class='wp-caption-text gallery-caption' id='gallery-1-61831'>\n\t\t\t\tEdificio Residencial N 07 \/ PJV Arquitetura (\u00a9 Alexandre Zelinski)\n\t\t\t\t<\/figcaption><\/figure><figure class='gallery-item'>\n\t\t\t<div class='gallery-icon landscape'>\n\t\t\t\t<a href='https:\/\/www.arquimaster.com.ar\/web\/wp-content\/uploads\/2021\/01\/edificio_residencial_n07_24.jpg' title=\"Edificio Residencial N 07 \/ PJV Arquitetura (\u00a9 Alexandre Zelinski)\" data-rl_title=\"Edificio Residencial N 07 \/ PJV Arquitetura (\u00a9 Alexandre Zelinski)\" class=\"rl-gallery-link\" data-rl_caption=\"Edificio Residencial N 07 \/ PJV Arquitetura (\u00a9 Alexandre Zelinski)\" data-rel=\"lightbox-gallery-1\"><img loading=\"lazy\" decoding=\"async\" width=\"150\" height=\"150\" src=\"https:\/\/www.arquimaster.com.ar\/web\/wp-content\/uploads\/2021\/01\/edificio_residencial_n07_24-150x150.jpg\" class=\"attachment-thumbnail size-thumbnail\" alt=\"Edificio Residencial N 07 \/ PJV Arquitetura\" aria-describedby=\"gallery-1-61832\" \/><\/a>\n\t\t\t<\/div>\n\t\t\t\t<figcaption class='wp-caption-text gallery-caption' id='gallery-1-61832'>\n\t\t\t\tEdificio Residencial N 07 \/ PJV Arquitetura (\u00a9 Alexandre Zelinski)\n\t\t\t\t<\/figcaption><\/figure><figure class='gallery-item'>\n\t\t\t<div class='gallery-icon portrait'>\n\t\t\t\t<a href='https:\/\/www.arquimaster.com.ar\/web\/wp-content\/uploads\/2021\/01\/edificio_residencial_n07_25.jpg' title=\"Edificio Residencial N 07 \/ PJV Arquitetura (\u00a9 Alexandre Zelinski)\" data-rl_title=\"Edificio Residencial N 07 \/ PJV Arquitetura (\u00a9 Alexandre Zelinski)\" class=\"rl-gallery-link\" data-rl_caption=\"Edificio Residencial N 07 \/ PJV Arquitetura (\u00a9 Alexandre Zelinski)\" data-rel=\"lightbox-gallery-1\"><img loading=\"lazy\" decoding=\"async\" width=\"150\" height=\"150\" src=\"https:\/\/www.arquimaster.com.ar\/web\/wp-content\/uploads\/2021\/01\/edificio_residencial_n07_25-150x150.jpg\" class=\"attachment-thumbnail size-thumbnail\" alt=\"Edificio Residencial N 07 \/ PJV Arquitetura\" aria-describedby=\"gallery-1-61833\" \/><\/a>\n\t\t\t<\/div>\n\t\t\t\t<figcaption class='wp-caption-text gallery-caption' id='gallery-1-61833'>\n\t\t\t\tEdificio Residencial N 07 \/ PJV Arquitetura (\u00a9 Alexandre Zelinski)\n\t\t\t\t<\/figcaption><\/figure><figure class='gallery-item'>\n\t\t\t<div class='gallery-icon landscape'>\n\t\t\t\t<a href='https:\/\/www.arquimaster.com.ar\/web\/wp-content\/uploads\/2021\/01\/edificio_residencial_n07_26.jpg' title=\"Edificio Residencial N 07 \/ PJV Arquitetura (\u00a9 Alexandre Zelinski)\" data-rl_title=\"Edificio Residencial N 07 \/ PJV Arquitetura (\u00a9 Alexandre Zelinski)\" class=\"rl-gallery-link\" data-rl_caption=\"Edificio Residencial N 07 \/ PJV Arquitetura (\u00a9 Alexandre Zelinski)\" data-rel=\"lightbox-gallery-1\"><img loading=\"lazy\" decoding=\"async\" width=\"150\" height=\"150\" src=\"https:\/\/www.arquimaster.com.ar\/web\/wp-content\/uploads\/2021\/01\/edificio_residencial_n07_26-150x150.jpg\" class=\"attachment-thumbnail size-thumbnail\" alt=\"Edificio Residencial N 07 \/ PJV Arquitetura\" aria-describedby=\"gallery-1-61834\" \/><\/a>\n\t\t\t<\/div>\n\t\t\t\t<figcaption class='wp-caption-text gallery-caption' id='gallery-1-61834'>\n\t\t\t\tEdificio Residencial N 07 \/ PJV Arquitetura (\u00a9 Alexandre Zelinski)\n\t\t\t\t<\/figcaption><\/figure><figure class='gallery-item'>\n\t\t\t<div class='gallery-icon portrait'>\n\t\t\t\t<a href='https:\/\/www.arquimaster.com.ar\/web\/wp-content\/uploads\/2021\/01\/edificio_residencial_n07_27.jpg' title=\"Edificio Residencial N 07 \/ PJV Arquitetura (\u00a9 Alexandre Zelinski)\" data-rl_title=\"Edificio Residencial N 07 \/ PJV Arquitetura (\u00a9 Alexandre Zelinski)\" class=\"rl-gallery-link\" data-rl_caption=\"Edificio Residencial N 07 \/ PJV Arquitetura (\u00a9 Alexandre Zelinski)\" data-rel=\"lightbox-gallery-1\"><img loading=\"lazy\" decoding=\"async\" width=\"150\" height=\"150\" src=\"https:\/\/www.arquimaster.com.ar\/web\/wp-content\/uploads\/2021\/01\/edificio_residencial_n07_27-150x150.jpg\" class=\"attachment-thumbnail size-thumbnail\" alt=\"Edificio Residencial N 07 \/ PJV Arquitetura\" aria-describedby=\"gallery-1-61835\" \/><\/a>\n\t\t\t<\/div>\n\t\t\t\t<figcaption class='wp-caption-text gallery-caption' id='gallery-1-61835'>\n\t\t\t\tEdificio Residencial N 07 \/ PJV Arquitetura (\u00a9 Alexandre Zelinski)\n\t\t\t\t<\/figcaption><\/figure><figure class='gallery-item'>\n\t\t\t<div class='gallery-icon portrait'>\n\t\t\t\t<a href='https:\/\/www.arquimaster.com.ar\/web\/wp-content\/uploads\/2021\/01\/edificio_residencial_n07_28.jpg' title=\"Edificio Residencial N 07 \/ PJV Arquitetura (\u00a9 Alexandre Zelinski)\" data-rl_title=\"Edificio Residencial N 07 \/ PJV Arquitetura (\u00a9 Alexandre Zelinski)\" class=\"rl-gallery-link\" data-rl_caption=\"Edificio Residencial N 07 \/ PJV Arquitetura (\u00a9 Alexandre Zelinski)\" data-rel=\"lightbox-gallery-1\"><img loading=\"lazy\" decoding=\"async\" width=\"150\" height=\"150\" src=\"https:\/\/www.arquimaster.com.ar\/web\/wp-content\/uploads\/2021\/01\/edificio_residencial_n07_28-150x150.jpg\" class=\"attachment-thumbnail size-thumbnail\" alt=\"Edificio Residencial N 07 \/ PJV Arquitetura\" aria-describedby=\"gallery-1-61836\" \/><\/a>\n\t\t\t<\/div>\n\t\t\t\t<figcaption class='wp-caption-text gallery-caption' id='gallery-1-61836'>\n\t\t\t\tEdificio Residencial N 07 \/ PJV Arquitetura (\u00a9 Alexandre Zelinski)\n\t\t\t\t<\/figcaption><\/figure><figure class='gallery-item'>\n\t\t\t<div class='gallery-icon portrait'>\n\t\t\t\t<a href='https:\/\/www.arquimaster.com.ar\/web\/wp-content\/uploads\/2021\/01\/edificio_residencial_n07_29.jpg' title=\"Edificio Residencial N 07 \/ PJV Arquitetura (\u00a9 Alexandre Zelinski)\" data-rl_title=\"Edificio Residencial N 07 \/ PJV Arquitetura (\u00a9 Alexandre Zelinski)\" class=\"rl-gallery-link\" data-rl_caption=\"Edificio Residencial N 07 \/ PJV Arquitetura (\u00a9 Alexandre Zelinski)\" data-rel=\"lightbox-gallery-1\"><img loading=\"lazy\" decoding=\"async\" width=\"150\" height=\"150\" src=\"https:\/\/www.arquimaster.com.ar\/web\/wp-content\/uploads\/2021\/01\/edificio_residencial_n07_29-150x150.jpg\" class=\"attachment-thumbnail size-thumbnail\" alt=\"Edificio Residencial N 07 \/ PJV Arquitetura\" aria-describedby=\"gallery-1-61837\" \/><\/a>\n\t\t\t<\/div>\n\t\t\t\t<figcaption class='wp-caption-text gallery-caption' id='gallery-1-61837'>\n\t\t\t\tEdificio Residencial N 07 \/ PJV Arquitetura (\u00a9 Alexandre Zelinski)\n\t\t\t\t<\/figcaption><\/figure><figure class='gallery-item'>\n\t\t\t<div class='gallery-icon landscape'>\n\t\t\t\t<a href='https:\/\/www.arquimaster.com.ar\/web\/wp-content\/uploads\/2021\/01\/edificio_residencial_n07_30.jpg' title=\"Edificio Residencial N 07 \/ PJV Arquitetura (\u00a9 Alexandre Zelinski)\" data-rl_title=\"Edificio Residencial N 07 \/ PJV Arquitetura (\u00a9 Alexandre Zelinski)\" class=\"rl-gallery-link\" data-rl_caption=\"Edificio Residencial N 07 \/ PJV Arquitetura (\u00a9 Alexandre Zelinski)\" data-rel=\"lightbox-gallery-1\"><img loading=\"lazy\" decoding=\"async\" width=\"150\" height=\"150\" src=\"https:\/\/www.arquimaster.com.ar\/web\/wp-content\/uploads\/2021\/01\/edificio_residencial_n07_30-150x150.jpg\" class=\"attachment-thumbnail size-thumbnail\" alt=\"Edificio Residencial N 07 \/ PJV Arquitetura\" aria-describedby=\"gallery-1-61838\" \/><\/a>\n\t\t\t<\/div>\n\t\t\t\t<figcaption class='wp-caption-text gallery-caption' id='gallery-1-61838'>\n\t\t\t\tEdificio Residencial N 07 \/ PJV Arquitetura (\u00a9 Alexandre Zelinski)\n\t\t\t\t<\/figcaption><\/figure><figure class='gallery-item'>\n\t\t\t<div class='gallery-icon landscape'>\n\t\t\t\t<a href='https:\/\/www.arquimaster.com.ar\/web\/wp-content\/uploads\/2021\/01\/edificio_residencial_n07_31.jpg' title=\"Edificio Residencial N 07 \/ PJV Arquitetura (\u00a9 Alexandre Zelinski)\" data-rl_title=\"Edificio Residencial N 07 \/ PJV Arquitetura (\u00a9 Alexandre Zelinski)\" class=\"rl-gallery-link\" data-rl_caption=\"Edificio Residencial N 07 \/ PJV Arquitetura (\u00a9 Alexandre Zelinski)\" data-rel=\"lightbox-gallery-1\"><img loading=\"lazy\" decoding=\"async\" width=\"150\" height=\"150\" src=\"https:\/\/www.arquimaster.com.ar\/web\/wp-content\/uploads\/2021\/01\/edificio_residencial_n07_31-150x150.jpg\" class=\"attachment-thumbnail size-thumbnail\" alt=\"Edificio Residencial N 07 \/ PJV Arquitetura\" aria-describedby=\"gallery-1-61839\" \/><\/a>\n\t\t\t<\/div>\n\t\t\t\t<figcaption class='wp-caption-text gallery-caption' id='gallery-1-61839'>\n\t\t\t\tEdificio Residencial N 07 \/ PJV Arquitetura (\u00a9 Alexandre Zelinski)\n\t\t\t\t<\/figcaption><\/figure><figure class='gallery-item'>\n\t\t\t<div class='gallery-icon landscape'>\n\t\t\t\t<a href='https:\/\/www.arquimaster.com.ar\/web\/wp-content\/uploads\/2021\/01\/edificio_residencial_n07_32.jpg' title=\"Edificio Residencial N 07 \/ PJV Arquitetura (\u00a9 Alexandre Zelinski)\" data-rl_title=\"Edificio Residencial N 07 \/ PJV Arquitetura (\u00a9 Alexandre Zelinski)\" class=\"rl-gallery-link\" data-rl_caption=\"Edificio Residencial N 07 \/ PJV Arquitetura (\u00a9 Alexandre Zelinski)\" data-rel=\"lightbox-gallery-1\"><img loading=\"lazy\" decoding=\"async\" width=\"150\" height=\"150\" src=\"https:\/\/www.arquimaster.com.ar\/web\/wp-content\/uploads\/2021\/01\/edificio_residencial_n07_32-150x150.jpg\" class=\"attachment-thumbnail size-thumbnail\" alt=\"Edificio Residencial N 07 \/ PJV Arquitetura\" aria-describedby=\"gallery-1-61840\" \/><\/a>\n\t\t\t<\/div>\n\t\t\t\t<figcaption class='wp-caption-text gallery-caption' id='gallery-1-61840'>\n\t\t\t\tEdificio Residencial N 07 \/ PJV Arquitetura (\u00a9 Alexandre Zelinski)\n\t\t\t\t<\/figcaption><\/figure><figure class='gallery-item'>\n\t\t\t<div class='gallery-icon portrait'>\n\t\t\t\t<a href='https:\/\/www.arquimaster.com.ar\/web\/wp-content\/uploads\/2021\/01\/edificio_residencial_n07_33.jpg' title=\"Edificio Residencial N 07 \/ PJV Arquitetura (\u00a9 Alexandre Zelinski)\" data-rl_title=\"Edificio Residencial N 07 \/ PJV Arquitetura (\u00a9 Alexandre Zelinski)\" class=\"rl-gallery-link\" data-rl_caption=\"Edificio Residencial N 07 \/ PJV Arquitetura (\u00a9 Alexandre Zelinski)\" data-rel=\"lightbox-gallery-1\"><img loading=\"lazy\" decoding=\"async\" width=\"150\" height=\"150\" src=\"https:\/\/www.arquimaster.com.ar\/web\/wp-content\/uploads\/2021\/01\/edificio_residencial_n07_33-150x150.jpg\" class=\"attachment-thumbnail size-thumbnail\" alt=\"Edificio Residencial N 07 \/ PJV Arquitetura\" aria-describedby=\"gallery-1-61841\" \/><\/a>\n\t\t\t<\/div>\n\t\t\t\t<figcaption class='wp-caption-text gallery-caption' id='gallery-1-61841'>\n\t\t\t\tEdificio Residencial N 07 \/ PJV Arquitetura (\u00a9 Alexandre Zelinski)\n\t\t\t\t<\/figcaption><\/figure><figure class='gallery-item'>\n\t\t\t<div class='gallery-icon landscape'>\n\t\t\t\t<a href='https:\/\/www.arquimaster.com.ar\/web\/wp-content\/uploads\/2021\/01\/edificio_residencial_n07_34.jpg' title=\"Edificio Residencial N 07 \/ PJV Arquitetura (\u00a9 Alexandre Zelinski)\" data-rl_title=\"Edificio Residencial N 07 \/ PJV Arquitetura (\u00a9 Alexandre Zelinski)\" class=\"rl-gallery-link\" data-rl_caption=\"Edificio Residencial N 07 \/ PJV Arquitetura (\u00a9 Alexandre Zelinski)\" data-rel=\"lightbox-gallery-1\"><img loading=\"lazy\" decoding=\"async\" width=\"150\" height=\"150\" src=\"https:\/\/www.arquimaster.com.ar\/web\/wp-content\/uploads\/2021\/01\/edificio_residencial_n07_34-150x150.jpg\" class=\"attachment-thumbnail size-thumbnail\" alt=\"Edificio Residencial N 07 \/ PJV Arquitetura\" aria-describedby=\"gallery-1-61842\" \/><\/a>\n\t\t\t<\/div>\n\t\t\t\t<figcaption class='wp-caption-text gallery-caption' id='gallery-1-61842'>\n\t\t\t\tEdificio Residencial N 07 \/ PJV Arquitetura (\u00a9 Alexandre Zelinski)\n\t\t\t\t<\/figcaption><\/figure><figure class='gallery-item'>\n\t\t\t<div class='gallery-icon landscape'>\n\t\t\t\t<a href='https:\/\/www.arquimaster.com.ar\/web\/wp-content\/uploads\/2021\/01\/edificio_residencial_n07_35.jpg' title=\"Edificio Residencial N 07 \/ PJV Arquitetura (\u00a9 Alexandre Zelinski)\" data-rl_title=\"Edificio Residencial N 07 \/ PJV Arquitetura (\u00a9 Alexandre Zelinski)\" class=\"rl-gallery-link\" data-rl_caption=\"Edificio Residencial N 07 \/ PJV Arquitetura (\u00a9 Alexandre Zelinski)\" data-rel=\"lightbox-gallery-1\"><img loading=\"lazy\" decoding=\"async\" width=\"150\" height=\"150\" src=\"https:\/\/www.arquimaster.com.ar\/web\/wp-content\/uploads\/2021\/01\/edificio_residencial_n07_35-150x150.jpg\" class=\"attachment-thumbnail size-thumbnail\" alt=\"Edificio Residencial N 07 \/ PJV Arquitetura\" aria-describedby=\"gallery-1-61843\" \/><\/a>\n\t\t\t<\/div>\n\t\t\t\t<figcaption class='wp-caption-text gallery-caption' id='gallery-1-61843'>\n\t\t\t\tEdificio Residencial N 07 \/ PJV Arquitetura (\u00a9 Alexandre Zelinski)\n\t\t\t\t<\/figcaption><\/figure><figure class='gallery-item'>\n\t\t\t<div class='gallery-icon landscape'>\n\t\t\t\t<a href='https:\/\/www.arquimaster.com.ar\/web\/wp-content\/uploads\/2021\/01\/edificio_residencial_n07_36.jpg' title=\"Edificio Residencial N 07 \/ PJV Arquitetura (emplazamiento)\" data-rl_title=\"Edificio Residencial N 07 \/ PJV Arquitetura (emplazamiento)\" class=\"rl-gallery-link\" data-rl_caption=\"Edificio Residencial N 07 \/ PJV Arquitetura (emplazamiento)\" data-rel=\"lightbox-gallery-1\"><img loading=\"lazy\" decoding=\"async\" width=\"150\" height=\"150\" src=\"https:\/\/www.arquimaster.com.ar\/web\/wp-content\/uploads\/2021\/01\/edificio_residencial_n07_36-150x150.jpg\" class=\"attachment-thumbnail size-thumbnail\" alt=\"Edificio Residencial N 07 \/ PJV Arquitetura\" aria-describedby=\"gallery-1-61844\" \/><\/a>\n\t\t\t<\/div>\n\t\t\t\t<figcaption class='wp-caption-text gallery-caption' id='gallery-1-61844'>\n\t\t\t\tEdificio Residencial N 07 \/ PJV Arquitetura (emplazamiento)\n\t\t\t\t<\/figcaption><\/figure><figure class='gallery-item'>\n\t\t\t<div class='gallery-icon landscape'>\n\t\t\t\t<a href='https:\/\/www.arquimaster.com.ar\/web\/wp-content\/uploads\/2021\/01\/edificio_residencial_n07_37.jpg' title=\"Edificio Residencial N 07 \/ PJV Arquitetura (implantacion)\" data-rl_title=\"Edificio Residencial N 07 \/ PJV Arquitetura (implantacion)\" class=\"rl-gallery-link\" data-rl_caption=\"Edificio Residencial N 07 \/ PJV Arquitetura (implantacion)\" data-rel=\"lightbox-gallery-1\"><img loading=\"lazy\" decoding=\"async\" width=\"150\" height=\"150\" src=\"https:\/\/www.arquimaster.com.ar\/web\/wp-content\/uploads\/2021\/01\/edificio_residencial_n07_37-150x150.jpg\" class=\"attachment-thumbnail size-thumbnail\" alt=\"Edificio Residencial N 07 \/ PJV Arquitetura\" aria-describedby=\"gallery-1-61845\" \/><\/a>\n\t\t\t<\/div>\n\t\t\t\t<figcaption class='wp-caption-text gallery-caption' id='gallery-1-61845'>\n\t\t\t\tEdificio Residencial N 07 \/ PJV Arquitetura (implantacion)\n\t\t\t\t<\/figcaption><\/figure><figure class='gallery-item'>\n\t\t\t<div class='gallery-icon landscape'>\n\t\t\t\t<a href='https:\/\/www.arquimaster.com.ar\/web\/wp-content\/uploads\/2021\/01\/edificio_residencial_n07_38.jpg' title=\"Edificio Residencial N 07 \/ PJV Arquitetura (planta baja)\" data-rl_title=\"Edificio Residencial N 07 \/ PJV Arquitetura (planta baja)\" class=\"rl-gallery-link\" data-rl_caption=\"Edificio Residencial N 07 \/ PJV Arquitetura (planta baja)\" data-rel=\"lightbox-gallery-1\"><img loading=\"lazy\" decoding=\"async\" width=\"150\" height=\"150\" src=\"https:\/\/www.arquimaster.com.ar\/web\/wp-content\/uploads\/2021\/01\/edificio_residencial_n07_38-150x150.jpg\" class=\"attachment-thumbnail size-thumbnail\" alt=\"Edificio Residencial N 07 \/ PJV Arquitetura\" aria-describedby=\"gallery-1-61846\" \/><\/a>\n\t\t\t<\/div>\n\t\t\t\t<figcaption class='wp-caption-text gallery-caption' id='gallery-1-61846'>\n\t\t\t\tEdificio Residencial N 07 \/ PJV Arquitetura (planta baja)\n\t\t\t\t<\/figcaption><\/figure><figure class='gallery-item'>\n\t\t\t<div class='gallery-icon landscape'>\n\t\t\t\t<a href='https:\/\/www.arquimaster.com.ar\/web\/wp-content\/uploads\/2021\/01\/edificio_residencial_n07_39.jpg' title=\"Edificio Residencial N 07 \/ PJV Arquitetura (planta tipo)\" data-rl_title=\"Edificio Residencial N 07 \/ PJV Arquitetura (planta tipo)\" class=\"rl-gallery-link\" data-rl_caption=\"Edificio Residencial N 07 \/ PJV Arquitetura (planta tipo)\" data-rel=\"lightbox-gallery-1\"><img loading=\"lazy\" decoding=\"async\" width=\"150\" height=\"150\" src=\"https:\/\/www.arquimaster.com.ar\/web\/wp-content\/uploads\/2021\/01\/edificio_residencial_n07_39-150x150.jpg\" class=\"attachment-thumbnail size-thumbnail\" alt=\"Edificio Residencial N 07 \/ PJV Arquitetura\" aria-describedby=\"gallery-1-61847\" \/><\/a>\n\t\t\t<\/div>\n\t\t\t\t<figcaption class='wp-caption-text gallery-caption' id='gallery-1-61847'>\n\t\t\t\tEdificio Residencial N 07 \/ PJV Arquitetura (planta tipo)\n\t\t\t\t<\/figcaption><\/figure><figure class='gallery-item'>\n\t\t\t<div class='gallery-icon landscape'>\n\t\t\t\t<a href='https:\/\/www.arquimaster.com.ar\/web\/wp-content\/uploads\/2021\/01\/edificio_residencial_n07_40.jpg' title=\"Edificio Residencial N 07 \/ PJV Arquitetura (corte)\" data-rl_title=\"Edificio Residencial N 07 \/ PJV Arquitetura (corte)\" class=\"rl-gallery-link\" data-rl_caption=\"Edificio Residencial N 07 \/ PJV Arquitetura (corte)\" data-rel=\"lightbox-gallery-1\"><img loading=\"lazy\" decoding=\"async\" width=\"150\" height=\"150\" src=\"https:\/\/www.arquimaster.com.ar\/web\/wp-content\/uploads\/2021\/01\/edificio_residencial_n07_40-150x150.jpg\" class=\"attachment-thumbnail size-thumbnail\" alt=\"Edificio Residencial N 07 \/ PJV Arquitetura\" aria-describedby=\"gallery-1-61848\" \/><\/a>\n\t\t\t<\/div>\n\t\t\t\t<figcaption class='wp-caption-text gallery-caption' id='gallery-1-61848'>\n\t\t\t\tEdificio Residencial N 07 \/ PJV Arquitetura (corte)\n\t\t\t\t<\/figcaption><\/figure><figure class='gallery-item'>\n\t\t\t<div class='gallery-icon landscape'>\n\t\t\t\t<a href='https:\/\/www.arquimaster.com.ar\/web\/wp-content\/uploads\/2021\/01\/edificio_residencial_n07_41.jpg' title=\"Edificio Residencial N 07 \/ PJV Arquitetura (corte)\" data-rl_title=\"Edificio Residencial N 07 \/ PJV Arquitetura (corte)\" class=\"rl-gallery-link\" data-rl_caption=\"Edificio Residencial N 07 \/ PJV Arquitetura (corte)\" data-rel=\"lightbox-gallery-1\"><img loading=\"lazy\" decoding=\"async\" width=\"150\" height=\"150\" src=\"https:\/\/www.arquimaster.com.ar\/web\/wp-content\/uploads\/2021\/01\/edificio_residencial_n07_41-150x150.jpg\" class=\"attachment-thumbnail size-thumbnail\" alt=\"Edificio Residencial N 07 \/ PJV Arquitetura\" aria-describedby=\"gallery-1-61849\" \/><\/a>\n\t\t\t<\/div>\n\t\t\t\t<figcaption class='wp-caption-text gallery-caption' id='gallery-1-61849'>\n\t\t\t\tEdificio Residencial N 07 \/ PJV Arquitetura (corte)\n\t\t\t\t<\/figcaption><\/figure><figure class='gallery-item'>\n\t\t\t<div class='gallery-icon landscape'>\n\t\t\t\t<a href='https:\/\/www.arquimaster.com.ar\/web\/wp-content\/uploads\/2021\/01\/edificio_residencial_n07_42.jpg' title=\"Edificio Residencial N 07 \/ PJV Arquitetura (vista)\" data-rl_title=\"Edificio Residencial N 07 \/ PJV Arquitetura (vista)\" class=\"rl-gallery-link\" data-rl_caption=\"Edificio Residencial N 07 \/ PJV Arquitetura (vista)\" data-rel=\"lightbox-gallery-1\"><img loading=\"lazy\" decoding=\"async\" width=\"150\" height=\"150\" src=\"https:\/\/www.arquimaster.com.ar\/web\/wp-content\/uploads\/2021\/01\/edificio_residencial_n07_42-150x150.jpg\" class=\"attachment-thumbnail size-thumbnail\" alt=\"Edificio Residencial N 07 \/ PJV Arquitetura\" aria-describedby=\"gallery-1-61850\" \/><\/a>\n\t\t\t<\/div>\n\t\t\t\t<figcaption class='wp-caption-text gallery-caption' id='gallery-1-61850'>\n\t\t\t\tEdificio Residencial N 07 \/ PJV Arquitetura (vista)\n\t\t\t\t<\/figcaption><\/figure><figure class='gallery-item'>\n\t\t\t<div class='gallery-icon landscape'>\n\t\t\t\t<a href='https:\/\/www.arquimaster.com.ar\/web\/wp-content\/uploads\/2021\/01\/edificio_residencial_n07_43.jpg' title=\"Edificio Residencial N 07 \/ PJV Arquitetura (vista)\" data-rl_title=\"Edificio Residencial N 07 \/ PJV Arquitetura (vista)\" class=\"rl-gallery-link\" data-rl_caption=\"Edificio Residencial N 07 \/ PJV Arquitetura (vista)\" data-rel=\"lightbox-gallery-1\"><img loading=\"lazy\" decoding=\"async\" width=\"150\" height=\"150\" src=\"https:\/\/www.arquimaster.com.ar\/web\/wp-content\/uploads\/2021\/01\/edificio_residencial_n07_43-150x150.jpg\" class=\"attachment-thumbnail size-thumbnail\" alt=\"Edificio Residencial N 07 \/ PJV Arquitetura\" aria-describedby=\"gallery-1-61851\" \/><\/a>\n\t\t\t<\/div>\n\t\t\t\t<figcaption class='wp-caption-text gallery-caption' id='gallery-1-61851'>\n\t\t\t\tEdificio Residencial N 07 \/ PJV Arquitetura (vista)\n\t\t\t\t<\/figcaption><\/figure><figure class='gallery-item'>\n\t\t\t<div class='gallery-icon landscape'>\n\t\t\t\t<a href='https:\/\/www.arquimaster.com.ar\/web\/wp-content\/uploads\/2021\/01\/edificio_residencial_n07_44.jpg' title=\"Edificio Residencial N 07 \/ PJV Arquitetura (croquis)\" data-rl_title=\"Edificio Residencial N 07 \/ PJV Arquitetura (croquis)\" class=\"rl-gallery-link\" data-rl_caption=\"Edificio Residencial N 07 \/ PJV Arquitetura (croquis)\" data-rel=\"lightbox-gallery-1\"><img loading=\"lazy\" decoding=\"async\" width=\"150\" height=\"150\" src=\"https:\/\/www.arquimaster.com.ar\/web\/wp-content\/uploads\/2021\/01\/edificio_residencial_n07_44-150x150.jpg\" class=\"attachment-thumbnail size-thumbnail\" alt=\"Edificio Residencial N 07 \/ PJV Arquitetura\" aria-describedby=\"gallery-1-61852\" \/><\/a>\n\t\t\t<\/div>\n\t\t\t\t<figcaption class='wp-caption-text gallery-caption' id='gallery-1-61852'>\n\t\t\t\tEdificio Residencial N 07 \/ PJV Arquitetura (croquis)\n\t\t\t\t<\/figcaption><\/figure><figure class='gallery-item'>\n\t\t\t<div class='gallery-icon landscape'>\n\t\t\t\t<a href='https:\/\/www.arquimaster.com.ar\/web\/wp-content\/uploads\/2021\/01\/edificio_residencial_n07_45.jpg' title=\"Edificio Residencial N 07 \/ PJV Arquitetura (croquis)\" data-rl_title=\"Edificio Residencial N 07 \/ PJV Arquitetura (croquis)\" class=\"rl-gallery-link\" data-rl_caption=\"Edificio Residencial N 07 \/ PJV Arquitetura (croquis)\" data-rel=\"lightbox-gallery-1\"><img loading=\"lazy\" decoding=\"async\" width=\"150\" height=\"150\" src=\"https:\/\/www.arquimaster.com.ar\/web\/wp-content\/uploads\/2021\/01\/edificio_residencial_n07_45-150x150.jpg\" class=\"attachment-thumbnail size-thumbnail\" alt=\"Edificio Residencial N 07 \/ PJV Arquitetura\" aria-describedby=\"gallery-1-61853\" \/><\/a>\n\t\t\t<\/div>\n\t\t\t\t<figcaption class='wp-caption-text gallery-caption' id='gallery-1-61853'>\n\t\t\t\tEdificio Residencial N 07 \/ PJV Arquitetura (croquis)\n\t\t\t\t<\/figcaption><\/figure><figure class='gallery-item'>\n\t\t\t<div class='gallery-icon landscape'>\n\t\t\t\t<a href='https:\/\/www.arquimaster.com.ar\/web\/wp-content\/uploads\/2021\/01\/edificio_residencial_n07_46.jpg' title=\"Edificio Residencial N 07 \/ PJV Arquitetura (croquis)\" data-rl_title=\"Edificio Residencial N 07 \/ PJV Arquitetura (croquis)\" class=\"rl-gallery-link\" data-rl_caption=\"Edificio Residencial N 07 \/ PJV Arquitetura (croquis)\" data-rel=\"lightbox-gallery-1\"><img loading=\"lazy\" decoding=\"async\" width=\"150\" height=\"150\" src=\"https:\/\/www.arquimaster.com.ar\/web\/wp-content\/uploads\/2021\/01\/edificio_residencial_n07_46-150x150.jpg\" class=\"attachment-thumbnail size-thumbnail\" alt=\"Edificio Residencial N 07 \/ PJV Arquitetura\" aria-describedby=\"gallery-1-61854\" \/><\/a>\n\t\t\t<\/div>\n\t\t\t\t<figcaption class='wp-caption-text gallery-caption' id='gallery-1-61854'>\n\t\t\t\tEdificio Residencial N 07 \/ PJV Arquitetura (croquis)\n\t\t\t\t<\/figcaption><\/figure><figure class='gallery-item'>\n\t\t\t<div class='gallery-icon landscape'>\n\t\t\t\t<a href='https:\/\/www.arquimaster.com.ar\/web\/wp-content\/uploads\/2021\/01\/edificio_residencial_n07_47.jpg' title=\"Edificio Residencial N 07 \/ PJV Arquitetura (croquis)\" data-rl_title=\"Edificio Residencial N 07 \/ PJV Arquitetura (croquis)\" class=\"rl-gallery-link\" data-rl_caption=\"Edificio Residencial N 07 \/ PJV Arquitetura (croquis)\" data-rel=\"lightbox-gallery-1\"><img loading=\"lazy\" decoding=\"async\" width=\"150\" height=\"150\" src=\"https:\/\/www.arquimaster.com.ar\/web\/wp-content\/uploads\/2021\/01\/edificio_residencial_n07_47-150x150.jpg\" class=\"attachment-thumbnail size-thumbnail\" alt=\"Edificio Residencial N 07 \/ PJV Arquitetura\" aria-describedby=\"gallery-1-61855\" \/><\/a>\n\t\t\t<\/div>\n\t\t\t\t<figcaption class='wp-caption-text gallery-caption' id='gallery-1-61855'>\n\t\t\t\tEdificio Residencial N 07 \/ PJV Arquitetura (croquis)\n\t\t\t\t<\/figcaption><\/figure><figure class='gallery-item'>\n\t\t\t<div class='gallery-icon portrait'>\n\t\t\t\t<a href='https:\/\/www.arquimaster.com.ar\/web\/wp-content\/uploads\/2021\/01\/edificio_residencial_n07_48.jpg' title=\"Edificio Residencial N 07 \/ PJV Arquitetura (croquis)\" data-rl_title=\"Edificio Residencial N 07 \/ PJV Arquitetura (croquis)\" class=\"rl-gallery-link\" data-rl_caption=\"Edificio Residencial N 07 \/ PJV Arquitetura (croquis)\" data-rel=\"lightbox-gallery-1\"><img loading=\"lazy\" decoding=\"async\" width=\"150\" height=\"150\" src=\"https:\/\/www.arquimaster.com.ar\/web\/wp-content\/uploads\/2021\/01\/edificio_residencial_n07_48-150x150.jpg\" class=\"attachment-thumbnail size-thumbnail\" alt=\"Edificio Residencial N 07 \/ PJV Arquitetura\" aria-describedby=\"gallery-1-61856\" \/><\/a>\n\t\t\t<\/div>\n\t\t\t\t<figcaption class='wp-caption-text gallery-caption' id='gallery-1-61856'>\n\t\t\t\tEdificio Residencial N 07 \/ PJV Arquitetura (croquis)\n\t\t\t\t<\/figcaption><\/figure><figure class='gallery-item'>\n\t\t\t<div class='gallery-icon landscape'>\n\t\t\t\t<a href='https:\/\/www.arquimaster.com.ar\/web\/wp-content\/uploads\/2021\/01\/edificio_residencial_n07_49.jpg' title=\"Edificio Residencial N 07 \/ PJV Arquitetura (croquis)\" data-rl_title=\"Edificio Residencial N 07 \/ PJV Arquitetura (croquis)\" class=\"rl-gallery-link\" data-rl_caption=\"Edificio Residencial N 07 \/ PJV Arquitetura (croquis)\" data-rel=\"lightbox-gallery-1\"><img loading=\"lazy\" decoding=\"async\" width=\"150\" height=\"150\" src=\"https:\/\/www.arquimaster.com.ar\/web\/wp-content\/uploads\/2021\/01\/edificio_residencial_n07_49-150x150.jpg\" class=\"attachment-thumbnail size-thumbnail\" alt=\"Edificio Residencial N 07 \/ PJV Arquitetura\" aria-describedby=\"gallery-1-61857\" \/><\/a>\n\t\t\t<\/div>\n\t\t\t\t<figcaption class='wp-caption-text gallery-caption' id='gallery-1-61857'>\n\t\t\t\tEdificio Residencial N 07 \/ PJV Arquitetura (croquis)\n\t\t\t\t<\/figcaption><\/figure><figure class='gallery-item'>\n\t\t\t<div class='gallery-icon landscape'>\n\t\t\t\t<a href='https:\/\/www.arquimaster.com.ar\/web\/wp-content\/uploads\/2021\/01\/edificio_residencial_n07_50.jpg' title=\"Edificio Residencial N 07 \/ PJV Arquitetura (croquis)\" data-rl_title=\"Edificio Residencial N 07 \/ PJV Arquitetura (croquis)\" class=\"rl-gallery-link\" data-rl_caption=\"Edificio Residencial N 07 \/ PJV Arquitetura (croquis)\" data-rel=\"lightbox-gallery-1\"><img loading=\"lazy\" decoding=\"async\" width=\"150\" height=\"150\" src=\"https:\/\/www.arquimaster.com.ar\/web\/wp-content\/uploads\/2021\/01\/edificio_residencial_n07_50-150x150.jpg\" class=\"attachment-thumbnail size-thumbnail\" alt=\"Edificio Residencial N 07 \/ PJV Arquitetura\" aria-describedby=\"gallery-1-61858\" \/><\/a>\n\t\t\t<\/div>\n\t\t\t\t<figcaption class='wp-caption-text gallery-caption' id='gallery-1-61858'>\n\t\t\t\tEdificio Residencial N 07 \/ PJV Arquitetura (croquis)\n\t\t\t\t<\/figcaption><\/figure><figure class='gallery-item'>\n\t\t\t<div class='gallery-icon landscape'>\n\t\t\t\t<a href='https:\/\/www.arquimaster.com.ar\/web\/wp-content\/uploads\/2021\/01\/edificio_residencial_n07_51.jpg' title=\"Edificio Residencial N 07 \/ PJV Arquitetura (croquis)\" data-rl_title=\"Edificio Residencial N 07 \/ PJV Arquitetura (croquis)\" class=\"rl-gallery-link\" data-rl_caption=\"Edificio Residencial N 07 \/ PJV Arquitetura (croquis)\" data-rel=\"lightbox-gallery-1\"><img loading=\"lazy\" decoding=\"async\" width=\"150\" height=\"150\" src=\"https:\/\/www.arquimaster.com.ar\/web\/wp-content\/uploads\/2021\/01\/edificio_residencial_n07_51-150x150.jpg\" class=\"attachment-thumbnail size-thumbnail\" alt=\"Edificio Residencial N 07 \/ PJV Arquitetura\" aria-describedby=\"gallery-1-61859\" \/><\/a>\n\t\t\t<\/div>\n\t\t\t\t<figcaption class='wp-caption-text gallery-caption' id='gallery-1-61859'>\n\t\t\t\tEdificio Residencial N 07 \/ PJV Arquitetura (croquis)\n\t\t\t\t<\/figcaption><\/figure><figure class='gallery-item'>\n\t\t\t<div class='gallery-icon portrait'>\n\t\t\t\t<a href='https:\/\/www.arquimaster.com.ar\/web\/wp-content\/uploads\/2021\/01\/edificio_residencial_n07_52.jpg' title=\"Edificio Residencial N 07 \/ PJV Arquitetura (croquis)\" data-rl_title=\"Edificio Residencial N 07 \/ PJV Arquitetura (croquis)\" class=\"rl-gallery-link\" data-rl_caption=\"Edificio Residencial N 07 \/ PJV Arquitetura (croquis)\" data-rel=\"lightbox-gallery-1\"><img loading=\"lazy\" decoding=\"async\" width=\"150\" height=\"150\" src=\"https:\/\/www.arquimaster.com.ar\/web\/wp-content\/uploads\/2021\/01\/edificio_residencial_n07_52-150x150.jpg\" class=\"attachment-thumbnail size-thumbnail\" alt=\"Edificio Residencial N 07 \/ PJV Arquitetura\" aria-describedby=\"gallery-1-61860\" \/><\/a>\n\t\t\t<\/div>\n\t\t\t\t<figcaption class='wp-caption-text gallery-caption' id='gallery-1-61860'>\n\t\t\t\tEdificio Residencial N 07 \/ PJV Arquitetura (croquis)\n\t\t\t\t<\/figcaption><\/figure>\n\t\t<\/div>\n\n<p>El proyecto arquitect\u00f3nico busc\u00f3 solucionar el programa propuesto a trav\u00e9s de las siguientes premisas b\u00e1sicas: crear una soluci\u00f3n estructural clara, que pudiera orientar la propia forma de la edificaci\u00f3n; crear una planta baja lo m\u00e1s libre posible; implantar la edificaci\u00f3n buscando la mejor relaci\u00f3n con el entorno y las vistas del paisaje local; utilizar materiales en su forma bruta, tales como hormig\u00f3n y ladrillo aparente y evitar el uso de revestimientos externos.<\/p>\n<p>Formalmente, la arquitectura presenta un lenguaje universal, simple y claro, a trav\u00e9s del uso de l\u00edneas rectas y elementos abstractos. Los balcones en balance y las vigas en hormig\u00f3n visto formatean las fachadas frontal y posterior del edificio. Dos torres en alba\u00f1iler\u00eda negra perforadas en la parte superior dibujan las chimeneas de las parrillas. La cornisa superior en hormig\u00f3n visto con 1,2 metros de altura busca crear un coronamiento para la edificaci\u00f3n.<\/p>\n<p>El principio fundamental del proyecto ha sido no ocultar la estructura en concreto que sostiene el edificio. As\u00ed, las vigas y columnas, as\u00ed como las losas de las escaleras se dejan en hormig\u00f3n visto y juntamente con las paredes en ladrillo aparente son responsables por el car\u00e1cter \u00abbrutalista\u00bb que se anhela para la edificaci\u00f3n.<\/p>\n<p>Otro aspecto cuidadosamente considerado en el proyecto ha sido la creaci\u00f3n de un dise\u00f1o claro y limpio, que uniera todas las 24 ventanas que forman la fachada oriental del edificio, lo que se logr\u00f3 de una manera muy simple pint\u00e1ndose de negro y rebaj\u00e1ndose dos cent\u00edmetros las partes en alba\u00f1iler\u00eda que conectan las ventanas de habitaciones y ba\u00f1os.<\/p>\n<p>El edificio consta de planta baja y 3 pisos superiores. El piso bajo est\u00e1 abierto y est\u00e1 constituido por las columnas del n\u00facleo de circulaci\u00f3n vertical y de las plazas de garage. Tiene un hall central y dos apartamentos por piso. La planta de los apartamentos es bastante simple, posee un \u00e1rea social \u00fanica, que comprende cocina, comedor, sala de estar y balc\u00f3n, y una zona \u00edntima con las habitaciones y los ba\u00f1os. La propuesta del balc\u00f3n social junto al lateral ocidental garantiza al ambiente una vista permanente al mar, incluso con el surgimiento de futuros edificios vecinos.<\/p>\n<p>La arquitectura propuesta para esta edificaci\u00f3n es contempor\u00e1nea y honesta, que busca su referencia y su forma de encarar el proyecto en las premisas de la arquitectura moderna, con especial atenci\u00f3n a la estructura de la edificaci\u00f3n, luego la cubierta y, finalmente, los cerramientos y el dise\u00f1o las carpinterias.<\/p>\n<p>Los principales materiales utilizados en la obra fueron hormig\u00f3n visto, ladrillos vistos, vidrio templado y perfiles de aluminio negro. El suelo de la planta baja es en hormig\u00f3n alisado y el revestimiento interno de los pisos en porcelanato mate rectificado con aspecto de hormig\u00f3n.<\/p>\n<p><strong>Ficha t\u00e9cnica<\/strong><br \/>Nombre: Edificio Residencial N 07<br \/>Ubicaci\u00f3n: Balneario Pi\u00e7arras, Santa Catarina,Brasil<br \/>Oficina: PJV Arquitetura<br \/>Arquitecto responsable: Pablo Jos\u00e9 Vailatti<br \/>Colaboradores: Ana Neves, Vinicius Schewe<br \/>Proyecto estructural: Ing. Anam\u00e9lia Adriano<br \/>Dise\u00f1o el\u00e9ctrico: Eng. Luiz Negri<br \/>Proyecto instalaciones: Ing. Anam\u00e9lia Adriano<br \/>Ejecuci\u00f3n de la obra: Arq. Pablo J. Vailatti<br \/>Cliente: PJV Arquitectura<br \/>Constructora: GHS Constru\u00e7\u00f5es<br \/>Superficie total construida: 632 m2<br \/>A\u00f1o de realizaci\u00f3n de la obra: 2017<br \/>Fot\u00f3grafo: <a href=\"http:\/\/zelinski.com.br\/\" target=\"_blank\" rel=\"noopener\">Alexandre Zelinski<\/a><\/p>\n<p><strong>Contacto<\/strong><br \/><a href=\"http:\/\/www.pjvarquitetura.com.br\" target=\"_blank\" rel=\"noopener\">http:\/\/www.pjvarquitetura.com.br<\/a><\/p>\n<p><strong>Sobre el proyectista<\/strong><br \/>PJV Arquitetura es una oficina creada y dirigida por el arquitecto Pablo Jos\u00e9 Vailatti y est\u00e1 ubicada en la ciudad de Penha, en el estado de Santa Catarina, Brasil. La oficina cree en la vigencia de la arquitectura moderna como norte de su pensamiento. Busca a trav\u00e9s de sus proyectos contribuir para una adecuada formaci\u00f3n de la ciudad y mejor\u00edas del espacio urbano. Explota en sus proyectos algunos principios modernos, como raciocinio, orden y unificaci\u00f3n, junto con las necesidades actuales, como versatilidad, medio ambiente y tecnolog\u00eda. Busca referencias en los mejores proyectos de la historia de la arquitectura moderna brasilera y mundial. PJV Arquitetura posee diversos trabajos realizados, tales como: casas de playa, edificios residenciales, hoteles, espacios urbanos, y participaci\u00f3n en varios concursos.<\/p>\n\n\n<div style=\"height:20px\" aria-hidden=\"true\" class=\"wp-block-spacer\"><\/div>\n\n\n<p><em><strong>English version<\/strong><\/em><\/p>\n<p><em>The Residencial N 07 building consists of six residential apartments, located in Balne\u00e1rio Pi\u00e7arras, north coast of Santa Catarina State.<\/em><\/p>\n<p><em>The land chosen is located on the main avenue, with beautiful view of the sea. It measures only 244 square meters, that is 12 meters front by 22 meters long.<\/em><\/p>\n<p><em>The proposal seeks to offer to the market a building with contemporary authorial architecture, without the vices and repetitions normally presented by the real estate market.<\/em><\/p>\n<p><em>The architectural project sought to solve the proposed program through the following basic premises: to create a clear structural solution, which can guide the way of the building, to create a ground floor as free as possible, to implant the building aiming at the best relationship with the environment and the views of the local landscape, to use materials in their raw condition, such as concrete and brick, avoiding the use of external coatings.<\/em><\/p>\n<p><em>Formally, the architecture presents a universal language, simple and clear by making use of straight lines and abstract elements. Rocking balconies and exposed concrete beams shape the front and back facades of the building. Two black masonry towers drilled at the top draw the chimneys of the barbecue grill. And the upper platband 1.2 meters high in apparent concrete seeks to create a crown for the building.<\/em><\/p>\n<p><em>The fundamental principle of the project was not to hide the concrete structure that sustains the building. As a result, the beams and pillars, as well as the slabs of the stairs, are left in concrete and are responsible, together with the walls in apparent brick, for the intended \u00abbrutalist\u00bb appearance of the edification.<\/em><\/p>\n<p><em>Another concern of the project was to create a clean design that would unite all 24 windows that form the east fa\u00e7ade of the building. This was possible in a very simple way: just by painting in black and lowering 2 centimeters the masonry parts that connect these windows to bedrooms and bathrooms.<\/em><\/p>\n<p><em>The building consists of a ground floor and 3 floors. The ground floor is open consisting of pillars, the vertical circulation core and the parking spaces. The ground floor has a central hall and two apartments per floor. The ground plan of the apartments is quite simple. It has a unique social area comprising kitchen, dining, living and balcony, and an intimate area with bedrooms and bathrooms. The proposal of the social balcony along the west side guarantees to this environment a permanent view to the sea, even with other buildings are built on the neighborhood in the future.<\/em><\/p>\n<p><em>The proposed architecture for this building is contemporary and honest. It seeks its reference and its way of approaching the project in the premises of modern architecture, with special attention to the structures the building, then its coverage, and finally, the closures and the framing design.<\/em><\/p>\n<p><em>The main materials used in the work were apparent concrete, apparent brick, tempered glass and black aluminum profiles. The floor of the ground floor is in smoothed concrete and the inner coating of the floors is in rectified matte porcelain with cement-like appearance.<\/em><\/p>\n<p><em><strong>Our Office<\/strong><\/em><br><em>PJV Arquitetura is an architecture office founded and directed by architect Jos\u00e9 Pablo Vailatti, located in Penha, Santa Catarina State, Brazil. The office believes in modern architecture as its guide thinking. Through its projects it expects to contribute for the proper growing of the city and for urban space improvements. Its projects explore some principles of modern design, such as: rationalization, organization and universalizing connected to the current needs, like versatility, environment and technology. It frequently searches for references on the best projects in the Brazilian and world modern architecture history. PJV Arquitetura has developed several works, such as: projects for beach houses, residential buildings, hotels, urban spaces and takes part in several bids.<\/em><\/p>\n\n\n<div style=\"height:20px\" aria-hidden=\"true\" class=\"wp-block-spacer\"><\/div>\n\n\n<p><em><strong>Vers\u00e3o em portugu\u00eas<\/strong><\/em><\/p>\n<p><em>O edif\u00edcio Residencial N 07 \u00e9 um edif\u00edcio constitu\u00eddo por seis apartamentos residenciais, localizado em Balne\u00e1rio Pi\u00e7arras, litoral norte de Santa Catarina.<\/em><\/p>\n<p><em>O terreno escolhido est\u00e1 pr\u00f3ximo a avenida principal, com bela vista para o mar e possui apenas 244 metros quadrados, sendo 12 metros de frente por 22 metros de comprimento.<\/em><\/p>\n<p><em>A proposta busca oferecer ao mercado um edif\u00edcio com arquitetura contempor\u00e2nea auto-ral, sem os v\u00edcios e repeti\u00e7\u00f5es que o mercado imobili\u00e1rio apresenta.<\/em><\/p>\n<p><em>O projeto arquitet\u00f4nico buscou resolver o programa proposto, atrav\u00e9s das seguintes pre-missas b\u00e1sicas: criar uma solu\u00e7\u00e3o estrutural clara, que possa orientar a pr\u00f3pria forma da edifica\u00e7\u00e3o, criar um pavimento t\u00e9rreo o mais livre poss\u00edvel, implantar a edifica\u00e7\u00e3o buscando a melhor rela\u00e7\u00e3o com o entorno e as vistas da paisagem local, utilizar materiais na sua condi\u00e7\u00e3o bruta, como concreto e tijolo aparente, evitando o uso de revestimentos externos.<\/em><\/p>\n<p><em>Formalmente, a arquitetura apresenta uma linguagem universal, simples e clara, fazendo uso de linhas retas e elementos abstratos. Sacadas em balan\u00e7o e vigas em concreto apa-rente formatam as fachadas frontal e posterior do edif\u00edcio. Duas torres em alvenaria preta perfuradas na parte superior desenham as chamin\u00e9s das churrasqueiras. E a platibanda superior em concreto aparente com 1,2 metros de altura busca criar um coronamento para a edifica\u00e7\u00e3o.<\/em><\/p>\n<p><em>O princ\u00edpio fundamental do projeto foi n\u00e3o esconder a estrutura em concreto que susten-ta o edif\u00edcio. Sendo assim, as vigas e pilares, bem como as lajes das escadas s\u00e3o deixadas em concreto aparente e s\u00e3o respons\u00e1veis, juntamente com as paredes em tijolo aparente, pelo car\u00e1ter \u201cbrutalista\u201d que se almeja para a edifica\u00e7\u00e3o.<\/em><\/p>\n<p><em>Outra preocupa\u00e7\u00e3o do projeto foi criar um desenho claro, limpo, que unisse todas as 24 janelas que formam a fachada leste do edif\u00edcio, e isto foi feito de uma maneira muito simples, apenas pintando de preto e rebaixando em 2 cent\u00edmetros as partes em alvenaria que conectam estas janelas de quartos e banheiros.<\/em><\/p>\n<p><em>O edif\u00edcio possui um pavimento t\u00e9rreo e 3 pavimentos tipo. O pavimento t\u00e9rreo \u00e9 aberto, constitu\u00eddo de pilotis, do n\u00facleo de circula\u00e7\u00e3o vertical e das vagas de garagem. J\u00e1 o pavi-mento tipo possui um hall central e dois apartamentos por andar.<\/em><\/p>\n<p><em>A planta baixa dos apar-tamentos \u00e9 bastante simples, possui uma \u00e1rea social \u00fanica, que compreende cozinha, jan-tar, estar e varanda, e uma \u00e1rea \u00edntima com os quartos e banheiros. A proposta da varan-da social junto a lateral oeste garante a este ambiente uma vista permanente para o mar, mesmo com o surgimento de futuros pr\u00e9dios vizinhos.<\/em><\/p>\n<p><em>A arquitetura proposta para esta edifica\u00e7\u00e3o \u00e9 uma arquitetura contempor\u00e2nea, honesta, que busca sua refer\u00eancia e sua forma de encarar o projeto nas premissas da arquitetura moderna, dando aten\u00e7\u00e3o especial ao que estrutura a edifica\u00e7\u00e3o, em seguida a sua cober-tura, e por fim aos fechamentos e desenho das esquadrias.<\/em><\/p>\n<p><em>Os principais materiais utilizados na obra foram concreto aparente, tijolo aparente, vidro temperados e perfis em alum\u00ednio preto. O piso do pavimento t\u00e9rreo \u00e9 em concreto alisado e o revestimento interno dos pisos em porcelanato fosco retificado, apar\u00eancia de cimento.<\/em><\/p>\n<p><em><strong>O escrit\u00f3rio<\/strong><\/em><br><em>PJV Arquitetura \u00e9 um escrit\u00f3rio de arquitetura fundado e dirigido pelo arquiteto Pablo Jos\u00e9 Vailatti, localizado na cidade de Penha, Santa Catarina, Brasil. A empresa acredita na vig\u00eancia da arquitetura moderna como norteadora do seu pensamento arquitet\u00f4nico. Busca atrav\u00e9s de seus projetos contribuir para a adequada forma\u00e7\u00e3o da cidade e melhoria do espa\u00e7o urbano. Explora em seus projetos alguns princ\u00edpios do projeto moderno, tais como: racionaliza\u00e7\u00e3o, ordem e universaliza\u00e7\u00e3o, aliados a necessidades atuais, como versatilidade, meio ambiente e tecnologia. Busca suas refer\u00eancias nos melhores projetos da hist\u00f3ria da arquitetura moderna brasileira e mundial. PJV Arquitetura possui diversos trabalhos realizados, tais como: projetos de casas de praia, edif\u00edcios residenciais, hot\u00e9is, espa\u00e7os urbanos, al\u00e9m da participa\u00e7\u00e3o em concursos.<\/em><\/p>\n<div style=\"font-size: 0px; height: 0px; line-height: 0px; margin: 0; padding: 0; clear: both;\"><\/div><div style=\"margin-top: 0px; margin-bottom: 0px;\" class=\"sharethis-inline-share-buttons\" ><\/div>","protected":false},"excerpt":{"rendered":"<p>Un edificio con arquitectura contempor\u00e1nea autoral, sin los vicios y repeticiones&#8230;<\/p>\n","protected":false},"author":1,"featured_media":61861,"comment_status":"closed","ping_status":"closed","sticky":false,"template":"","format":"standard","meta":{"_uag_custom_page_level_css":"","footnotes":""},"categories":[80,1],"tags":[4282,803,87,3693,3692,3694,91],"class_list":["post-61808","post","type-post","status-publish","format-standard","has-post-thumbnail","hentry","category-edificio-viviendas","category-proyecto","tag-arquitectura-residencial","tag-brasil","tag-edificio-de-viviendas","tag-pablo-j-vailatti","tag-pjv-arquitetura","tag-santa-catarina","tag-vivienda-multifamiliar","generate-columns","tablet-grid-50","mobile-grid-100","grid-parent","grid-50"],"yoast_head":"<!-- This site is optimized with the Yoast SEO plugin v27.3 - https:\/\/yoast.com\/product\/yoast-seo-wordpress\/ -->\n<title>Edificio Residencial N 07 \/ PJV Arquitetura - Arquimaster<\/title>\n<meta name=\"description\" content=\"Un edificio con arquitectura contempor\u00e1nea autoral, sin los vicios y repeticiones del mercado inmobiliario en general.\" \/>\n<meta name=\"robots\" content=\"index, follow, max-snippet:-1, max-image-preview:large, max-video-preview:-1\" \/>\n<link rel=\"canonical\" href=\"https:\/\/www.arquimaster.com.ar\/web\/edificio-residencial-n-07-pjv-arquitetura\/\" \/>\n<meta property=\"og:locale\" content=\"es_ES\" \/>\n<meta property=\"og:type\" content=\"article\" \/>\n<meta property=\"og:title\" content=\"Edificio Residencial N 07 \/ PJV Arquitetura\" \/>\n<meta property=\"og:description\" content=\"Un edificio con arquitectura contempor\u00e1nea autoral, sin los vicios y repeticiones del mercado inmobiliario en general.\" \/>\n<meta property=\"og:url\" content=\"https:\/\/www.arquimaster.com.ar\/web\/edificio-residencial-n-07-pjv-arquitetura\/\" \/>\n<meta property=\"og:site_name\" content=\"Arquimaster\" \/>\n<meta property=\"article:publisher\" content=\"http:\/\/www.facebook.com\/ARQUIMASTER.com.ar\" \/>\n<meta property=\"article:published_time\" content=\"2021-01-07T22:22:49+00:00\" \/>\n<meta property=\"article:modified_time\" content=\"2021-04-04T21:34:36+00:00\" \/>\n<meta property=\"og:image\" content=\"https:\/\/www.arquimaster.com.ar\/web\/wp-content\/uploads\/2021\/01\/edificio_residencial_n07_slide.jpg\" \/>\n\t<meta property=\"og:image:width\" content=\"698\" \/>\n\t<meta property=\"og:image:height\" content=\"364\" \/>\n\t<meta property=\"og:image:type\" content=\"image\/jpeg\" \/>\n<meta name=\"author\" content=\"Arquimaster\" \/>\n<meta name=\"twitter:card\" content=\"summary_large_image\" \/>\n<meta name=\"twitter:title\" content=\"Edificio Residencial N 07 \/ PJV Arquitetura\" \/>\n<meta name=\"twitter:description\" content=\"Un edificio con arquitectura contempor\u00e1nea autoral, sin los vicios y repeticiones del mercado inmobiliario en general.\" \/>\n<meta name=\"twitter:image\" content=\"https:\/\/www.arquimaster.com.ar\/web\/wp-content\/uploads\/2021\/01\/edificio_residencial_n07_slide.jpg\" \/>\n<meta name=\"twitter:creator\" content=\"@arquimaster\" \/>\n<meta name=\"twitter:site\" content=\"@arquimaster\" \/>\n<meta name=\"twitter:label1\" content=\"Escrito por\" \/>\n\t<meta name=\"twitter:data1\" content=\"Arquimaster\" \/>\n\t<meta name=\"twitter:label2\" content=\"Tiempo de lectura\" \/>\n\t<meta name=\"twitter:data2\" content=\"9 minutos\" \/>\n<script type=\"application\/ld+json\" class=\"yoast-schema-graph\">{\"@context\":\"https:\\\/\\\/schema.org\",\"@graph\":[{\"@type\":\"Article\",\"@id\":\"https:\\\/\\\/www.arquimaster.com.ar\\\/web\\\/edificio-residencial-n-07-pjv-arquitetura\\\/#article\",\"isPartOf\":{\"@id\":\"https:\\\/\\\/www.arquimaster.com.ar\\\/web\\\/edificio-residencial-n-07-pjv-arquitetura\\\/\"},\"author\":{\"name\":\"Arquimaster\",\"@id\":\"https:\\\/\\\/www.arquimaster.com.ar\\\/web\\\/#\\\/schema\\\/person\\\/359e9f7c00193fcde068e0dd2ceb0028\"},\"headline\":\"Edificio Residencial N 07 \\\/ PJV Arquitetura\",\"datePublished\":\"2021-01-07T22:22:49+00:00\",\"dateModified\":\"2021-04-04T21:34:36+00:00\",\"mainEntityOfPage\":{\"@id\":\"https:\\\/\\\/www.arquimaster.com.ar\\\/web\\\/edificio-residencial-n-07-pjv-arquitetura\\\/\"},\"wordCount\":2096,\"publisher\":{\"@id\":\"https:\\\/\\\/www.arquimaster.com.ar\\\/web\\\/#organization\"},\"image\":{\"@id\":\"https:\\\/\\\/www.arquimaster.com.ar\\\/web\\\/edificio-residencial-n-07-pjv-arquitetura\\\/#primaryimage\"},\"thumbnailUrl\":\"https:\\\/\\\/www.arquimaster.com.ar\\\/web\\\/wp-content\\\/uploads\\\/2021\\\/01\\\/edificio_residencial_n07_slide.jpg\",\"keywords\":[\"arquitectura residencial\",\"Brasil\",\"edificio de viviendas\",\"Pablo J. Vailatti\",\"PJV Arquitetura\",\"Santa Catarina\",\"vivienda multifamiliar\"],\"articleSection\":[\"Edificios de viviendas\",\"Proyecto\"],\"inLanguage\":\"es\"},{\"@type\":\"WebPage\",\"@id\":\"https:\\\/\\\/www.arquimaster.com.ar\\\/web\\\/edificio-residencial-n-07-pjv-arquitetura\\\/\",\"url\":\"https:\\\/\\\/www.arquimaster.com.ar\\\/web\\\/edificio-residencial-n-07-pjv-arquitetura\\\/\",\"name\":\"Edificio Residencial N 07 \\\/ PJV Arquitetura - Arquimaster\",\"isPartOf\":{\"@id\":\"https:\\\/\\\/www.arquimaster.com.ar\\\/web\\\/#website\"},\"primaryImageOfPage\":{\"@id\":\"https:\\\/\\\/www.arquimaster.com.ar\\\/web\\\/edificio-residencial-n-07-pjv-arquitetura\\\/#primaryimage\"},\"image\":{\"@id\":\"https:\\\/\\\/www.arquimaster.com.ar\\\/web\\\/edificio-residencial-n-07-pjv-arquitetura\\\/#primaryimage\"},\"thumbnailUrl\":\"https:\\\/\\\/www.arquimaster.com.ar\\\/web\\\/wp-content\\\/uploads\\\/2021\\\/01\\\/edificio_residencial_n07_slide.jpg\",\"datePublished\":\"2021-01-07T22:22:49+00:00\",\"dateModified\":\"2021-04-04T21:34:36+00:00\",\"description\":\"Un edificio con arquitectura contempor\u00e1nea autoral, sin los vicios y repeticiones del mercado inmobiliario en general.\",\"breadcrumb\":{\"@id\":\"https:\\\/\\\/www.arquimaster.com.ar\\\/web\\\/edificio-residencial-n-07-pjv-arquitetura\\\/#breadcrumb\"},\"inLanguage\":\"es\",\"potentialAction\":[{\"@type\":\"ReadAction\",\"target\":[\"https:\\\/\\\/www.arquimaster.com.ar\\\/web\\\/edificio-residencial-n-07-pjv-arquitetura\\\/\"]}]},{\"@type\":\"ImageObject\",\"inLanguage\":\"es\",\"@id\":\"https:\\\/\\\/www.arquimaster.com.ar\\\/web\\\/edificio-residencial-n-07-pjv-arquitetura\\\/#primaryimage\",\"url\":\"https:\\\/\\\/www.arquimaster.com.ar\\\/web\\\/wp-content\\\/uploads\\\/2021\\\/01\\\/edificio_residencial_n07_slide.jpg\",\"contentUrl\":\"https:\\\/\\\/www.arquimaster.com.ar\\\/web\\\/wp-content\\\/uploads\\\/2021\\\/01\\\/edificio_residencial_n07_slide.jpg\",\"width\":698,\"height\":364,\"caption\":\"Edificio Residencial N 07 \\\/ PJV Arquitetura\"},{\"@type\":\"BreadcrumbList\",\"@id\":\"https:\\\/\\\/www.arquimaster.com.ar\\\/web\\\/edificio-residencial-n-07-pjv-arquitetura\\\/#breadcrumb\",\"itemListElement\":[{\"@type\":\"ListItem\",\"position\":1,\"name\":\"Portada\",\"item\":\"https:\\\/\\\/www.arquimaster.com.ar\\\/web\\\/\"},{\"@type\":\"ListItem\",\"position\":2,\"name\":\"Edificio Residencial N 07 \\\/ PJV Arquitetura\"}]},{\"@type\":\"WebSite\",\"@id\":\"https:\\\/\\\/www.arquimaster.com.ar\\\/web\\\/#website\",\"url\":\"https:\\\/\\\/www.arquimaster.com.ar\\\/web\\\/\",\"name\":\"Arquimaster\",\"description\":\"Web de arquitectura, dise\u00f1o y construccion\",\"publisher\":{\"@id\":\"https:\\\/\\\/www.arquimaster.com.ar\\\/web\\\/#organization\"},\"potentialAction\":[{\"@type\":\"SearchAction\",\"target\":{\"@type\":\"EntryPoint\",\"urlTemplate\":\"https:\\\/\\\/www.arquimaster.com.ar\\\/web\\\/?s={search_term_string}\"},\"query-input\":{\"@type\":\"PropertyValueSpecification\",\"valueRequired\":true,\"valueName\":\"search_term_string\"}}],\"inLanguage\":\"es\"},{\"@type\":\"Organization\",\"@id\":\"https:\\\/\\\/www.arquimaster.com.ar\\\/web\\\/#organization\",\"name\":\"Arquimaster\",\"url\":\"https:\\\/\\\/www.arquimaster.com.ar\\\/web\\\/\",\"logo\":{\"@type\":\"ImageObject\",\"inLanguage\":\"es\",\"@id\":\"https:\\\/\\\/www.arquimaster.com.ar\\\/web\\\/#\\\/schema\\\/logo\\\/image\\\/\",\"url\":\"https:\\\/\\\/www.arquimaster.com.ar\\\/web\\\/wp-content\\\/uploads\\\/2022\\\/06\\\/arquimaster.png\",\"contentUrl\":\"https:\\\/\\\/www.arquimaster.com.ar\\\/web\\\/wp-content\\\/uploads\\\/2022\\\/06\\\/arquimaster.png\",\"width\":594,\"height\":78,\"caption\":\"Arquimaster\"},\"image\":{\"@id\":\"https:\\\/\\\/www.arquimaster.com.ar\\\/web\\\/#\\\/schema\\\/logo\\\/image\\\/\"},\"sameAs\":[\"http:\\\/\\\/www.facebook.com\\\/ARQUIMASTER.com.ar\",\"https:\\\/\\\/x.com\\\/arquimaster\",\"https:\\\/\\\/www.instagram.com\\\/arquimasterblog\\\/\",\"https:\\\/\\\/www.linkedin.com\\\/company\\\/arquimaster\",\"https:\\\/\\\/www.pinterest.com\\\/arquimaster\",\"https:\\\/\\\/t.me\\\/arquimaster\"]},{\"@type\":\"Person\",\"@id\":\"https:\\\/\\\/www.arquimaster.com.ar\\\/web\\\/#\\\/schema\\\/person\\\/359e9f7c00193fcde068e0dd2ceb0028\",\"name\":\"Arquimaster\"}]}<\/script>\n<!-- \/ Yoast SEO plugin. -->","yoast_head_json":{"title":"Edificio Residencial N 07 \/ PJV Arquitetura - Arquimaster","description":"Un edificio con arquitectura contempor\u00e1nea autoral, sin los vicios y repeticiones del mercado inmobiliario en general.","robots":{"index":"index","follow":"follow","max-snippet":"max-snippet:-1","max-image-preview":"max-image-preview:large","max-video-preview":"max-video-preview:-1"},"canonical":"https:\/\/www.arquimaster.com.ar\/web\/edificio-residencial-n-07-pjv-arquitetura\/","og_locale":"es_ES","og_type":"article","og_title":"Edificio Residencial N 07 \/ PJV Arquitetura","og_description":"Un edificio con arquitectura contempor\u00e1nea autoral, sin los vicios y repeticiones del mercado inmobiliario en general.","og_url":"https:\/\/www.arquimaster.com.ar\/web\/edificio-residencial-n-07-pjv-arquitetura\/","og_site_name":"Arquimaster","article_publisher":"http:\/\/www.facebook.com\/ARQUIMASTER.com.ar","article_published_time":"2021-01-07T22:22:49+00:00","article_modified_time":"2021-04-04T21:34:36+00:00","og_image":[{"width":698,"height":364,"url":"https:\/\/www.arquimaster.com.ar\/web\/wp-content\/uploads\/2021\/01\/edificio_residencial_n07_slide.jpg","type":"image\/jpeg"}],"author":"Arquimaster","twitter_card":"summary_large_image","twitter_title":"Edificio Residencial N 07 \/ PJV Arquitetura","twitter_description":"Un edificio con arquitectura contempor\u00e1nea autoral, sin los vicios y repeticiones del mercado inmobiliario en general.","twitter_image":"https:\/\/www.arquimaster.com.ar\/web\/wp-content\/uploads\/2021\/01\/edificio_residencial_n07_slide.jpg","twitter_creator":"@arquimaster","twitter_site":"@arquimaster","twitter_misc":{"Escrito por":"Arquimaster","Tiempo de lectura":"9 minutos"},"schema":{"@context":"https:\/\/schema.org","@graph":[{"@type":"Article","@id":"https:\/\/www.arquimaster.com.ar\/web\/edificio-residencial-n-07-pjv-arquitetura\/#article","isPartOf":{"@id":"https:\/\/www.arquimaster.com.ar\/web\/edificio-residencial-n-07-pjv-arquitetura\/"},"author":{"name":"Arquimaster","@id":"https:\/\/www.arquimaster.com.ar\/web\/#\/schema\/person\/359e9f7c00193fcde068e0dd2ceb0028"},"headline":"Edificio Residencial N 07 \/ PJV Arquitetura","datePublished":"2021-01-07T22:22:49+00:00","dateModified":"2021-04-04T21:34:36+00:00","mainEntityOfPage":{"@id":"https:\/\/www.arquimaster.com.ar\/web\/edificio-residencial-n-07-pjv-arquitetura\/"},"wordCount":2096,"publisher":{"@id":"https:\/\/www.arquimaster.com.ar\/web\/#organization"},"image":{"@id":"https:\/\/www.arquimaster.com.ar\/web\/edificio-residencial-n-07-pjv-arquitetura\/#primaryimage"},"thumbnailUrl":"https:\/\/www.arquimaster.com.ar\/web\/wp-content\/uploads\/2021\/01\/edificio_residencial_n07_slide.jpg","keywords":["arquitectura residencial","Brasil","edificio de viviendas","Pablo J. Vailatti","PJV Arquitetura","Santa Catarina","vivienda multifamiliar"],"articleSection":["Edificios de viviendas","Proyecto"],"inLanguage":"es"},{"@type":"WebPage","@id":"https:\/\/www.arquimaster.com.ar\/web\/edificio-residencial-n-07-pjv-arquitetura\/","url":"https:\/\/www.arquimaster.com.ar\/web\/edificio-residencial-n-07-pjv-arquitetura\/","name":"Edificio Residencial N 07 \/ PJV Arquitetura - Arquimaster","isPartOf":{"@id":"https:\/\/www.arquimaster.com.ar\/web\/#website"},"primaryImageOfPage":{"@id":"https:\/\/www.arquimaster.com.ar\/web\/edificio-residencial-n-07-pjv-arquitetura\/#primaryimage"},"image":{"@id":"https:\/\/www.arquimaster.com.ar\/web\/edificio-residencial-n-07-pjv-arquitetura\/#primaryimage"},"thumbnailUrl":"https:\/\/www.arquimaster.com.ar\/web\/wp-content\/uploads\/2021\/01\/edificio_residencial_n07_slide.jpg","datePublished":"2021-01-07T22:22:49+00:00","dateModified":"2021-04-04T21:34:36+00:00","description":"Un edificio con arquitectura contempor\u00e1nea autoral, sin los vicios y repeticiones del mercado inmobiliario en general.","breadcrumb":{"@id":"https:\/\/www.arquimaster.com.ar\/web\/edificio-residencial-n-07-pjv-arquitetura\/#breadcrumb"},"inLanguage":"es","potentialAction":[{"@type":"ReadAction","target":["https:\/\/www.arquimaster.com.ar\/web\/edificio-residencial-n-07-pjv-arquitetura\/"]}]},{"@type":"ImageObject","inLanguage":"es","@id":"https:\/\/www.arquimaster.com.ar\/web\/edificio-residencial-n-07-pjv-arquitetura\/#primaryimage","url":"https:\/\/www.arquimaster.com.ar\/web\/wp-content\/uploads\/2021\/01\/edificio_residencial_n07_slide.jpg","contentUrl":"https:\/\/www.arquimaster.com.ar\/web\/wp-content\/uploads\/2021\/01\/edificio_residencial_n07_slide.jpg","width":698,"height":364,"caption":"Edificio Residencial N 07 \/ PJV Arquitetura"},{"@type":"BreadcrumbList","@id":"https:\/\/www.arquimaster.com.ar\/web\/edificio-residencial-n-07-pjv-arquitetura\/#breadcrumb","itemListElement":[{"@type":"ListItem","position":1,"name":"Portada","item":"https:\/\/www.arquimaster.com.ar\/web\/"},{"@type":"ListItem","position":2,"name":"Edificio Residencial N 07 \/ PJV Arquitetura"}]},{"@type":"WebSite","@id":"https:\/\/www.arquimaster.com.ar\/web\/#website","url":"https:\/\/www.arquimaster.com.ar\/web\/","name":"Arquimaster","description":"Web de arquitectura, dise\u00f1o y construccion","publisher":{"@id":"https:\/\/www.arquimaster.com.ar\/web\/#organization"},"potentialAction":[{"@type":"SearchAction","target":{"@type":"EntryPoint","urlTemplate":"https:\/\/www.arquimaster.com.ar\/web\/?s={search_term_string}"},"query-input":{"@type":"PropertyValueSpecification","valueRequired":true,"valueName":"search_term_string"}}],"inLanguage":"es"},{"@type":"Organization","@id":"https:\/\/www.arquimaster.com.ar\/web\/#organization","name":"Arquimaster","url":"https:\/\/www.arquimaster.com.ar\/web\/","logo":{"@type":"ImageObject","inLanguage":"es","@id":"https:\/\/www.arquimaster.com.ar\/web\/#\/schema\/logo\/image\/","url":"https:\/\/www.arquimaster.com.ar\/web\/wp-content\/uploads\/2022\/06\/arquimaster.png","contentUrl":"https:\/\/www.arquimaster.com.ar\/web\/wp-content\/uploads\/2022\/06\/arquimaster.png","width":594,"height":78,"caption":"Arquimaster"},"image":{"@id":"https:\/\/www.arquimaster.com.ar\/web\/#\/schema\/logo\/image\/"},"sameAs":["http:\/\/www.facebook.com\/ARQUIMASTER.com.ar","https:\/\/x.com\/arquimaster","https:\/\/www.instagram.com\/arquimasterblog\/","https:\/\/www.linkedin.com\/company\/arquimaster","https:\/\/www.pinterest.com\/arquimaster","https:\/\/t.me\/arquimaster"]},{"@type":"Person","@id":"https:\/\/www.arquimaster.com.ar\/web\/#\/schema\/person\/359e9f7c00193fcde068e0dd2ceb0028","name":"Arquimaster"}]}},"uagb_featured_image_src":{"full":["https:\/\/www.arquimaster.com.ar\/web\/wp-content\/uploads\/2021\/01\/edificio_residencial_n07_slide.jpg",698,364,false],"thumbnail":["https:\/\/www.arquimaster.com.ar\/web\/wp-content\/uploads\/2021\/01\/edificio_residencial_n07_slide-150x150.jpg",150,150,true],"medium":["https:\/\/www.arquimaster.com.ar\/web\/wp-content\/uploads\/2021\/01\/edificio_residencial_n07_slide.jpg",698,364,false],"medium_large":["https:\/\/www.arquimaster.com.ar\/web\/wp-content\/uploads\/2021\/01\/edificio_residencial_n07_slide.jpg",698,364,false],"large":["https:\/\/www.arquimaster.com.ar\/web\/wp-content\/uploads\/2021\/01\/edificio_residencial_n07_slide.jpg",698,364,false],"1536x1536":["https:\/\/www.arquimaster.com.ar\/web\/wp-content\/uploads\/2021\/01\/edificio_residencial_n07_slide.jpg",698,364,false],"2048x2048":["https:\/\/www.arquimaster.com.ar\/web\/wp-content\/uploads\/2021\/01\/edificio_residencial_n07_slide.jpg",698,364,false]},"uagb_author_info":{"display_name":"Arquimaster","author_link":"https:\/\/www.arquimaster.com.ar\/web\/author\/arquimaster\/"},"uagb_comment_info":0,"uagb_excerpt":"Un edificio con arquitectura contempor\u00e1nea autoral, sin los vicios y repeticiones...","_links":{"self":[{"href":"https:\/\/www.arquimaster.com.ar\/web\/wp-json\/wp\/v2\/posts\/61808","targetHints":{"allow":["GET"]}}],"collection":[{"href":"https:\/\/www.arquimaster.com.ar\/web\/wp-json\/wp\/v2\/posts"}],"about":[{"href":"https:\/\/www.arquimaster.com.ar\/web\/wp-json\/wp\/v2\/types\/post"}],"author":[{"embeddable":true,"href":"https:\/\/www.arquimaster.com.ar\/web\/wp-json\/wp\/v2\/users\/1"}],"replies":[{"embeddable":true,"href":"https:\/\/www.arquimaster.com.ar\/web\/wp-json\/wp\/v2\/comments?post=61808"}],"version-history":[{"count":2,"href":"https:\/\/www.arquimaster.com.ar\/web\/wp-json\/wp\/v2\/posts\/61808\/revisions"}],"predecessor-version":[{"id":63984,"href":"https:\/\/www.arquimaster.com.ar\/web\/wp-json\/wp\/v2\/posts\/61808\/revisions\/63984"}],"wp:featuredmedia":[{"embeddable":true,"href":"https:\/\/www.arquimaster.com.ar\/web\/wp-json\/wp\/v2\/media\/61861"}],"wp:attachment":[{"href":"https:\/\/www.arquimaster.com.ar\/web\/wp-json\/wp\/v2\/media?parent=61808"}],"wp:term":[{"taxonomy":"category","embeddable":true,"href":"https:\/\/www.arquimaster.com.ar\/web\/wp-json\/wp\/v2\/categories?post=61808"},{"taxonomy":"post_tag","embeddable":true,"href":"https:\/\/www.arquimaster.com.ar\/web\/wp-json\/wp\/v2\/tags?post=61808"}],"curies":[{"name":"wp","href":"https:\/\/api.w.org\/{rel}","templated":true}]}}