{"id":62105,"date":"2021-01-14T19:52:51","date_gmt":"2021-01-14T22:52:51","guid":{"rendered":"https:\/\/www.arquimaster.com.ar\/web\/?p=62105"},"modified":"2021-06-13T19:34:00","modified_gmt":"2021-06-13T22:34:00","slug":"hangar-baltt-pjv-arquitetura","status":"publish","type":"post","link":"https:\/\/www.arquimaster.com.ar\/web\/hangar-baltt-pjv-arquitetura\/","title":{"rendered":"Hangar Baltt \/ PJV Arquitetura"},"content":{"rendered":"<div style=\"margin-top: 0px; margin-bottom: 0px;\" class=\"sharethis-inline-share-buttons\" ><\/div><div class=\"b812932af2e751442846f039925109de\" data-index=\"1\" style=\"float: none; margin:25px 0 25px 0; text-align:center;\">\n<script async src=\"https:\/\/pagead2.googlesyndication.com\/pagead\/js\/adsbygoogle.js\"><\/script>\r\n<!-- Arquimaster (superior) -->\r\n<ins class=\"adsbygoogle\"\r\n     style=\"display:block\"\r\n     data-ad-client=\"ca-pub-6351072698456832\"\r\n     data-ad-slot=\"6455489680\"\r\n     data-ad-format=\"auto\"\r\n     data-full-width-responsive=\"true\"><\/ins>\r\n<script>\r\n     (adsbygoogle = window.adsbygoogle || []).push({});\r\n<\/script>\n<\/div>\n<p><strong>Hangar Baltt<\/strong> (Penha, Estado de Santa Catarina, Brasil) por <strong>PJV Arquitetura<\/strong>. Este proyecto parti\u00f3 del pedido de un cliente que deseaba construir un hangar para guardar aeronaves y m\u00e1quinas afines. El lugar elegido fue el terreno donde se encuentra su casa de campo, una gran \u00e1rea con fuerte relaci\u00f3n con la naturaleza y f\u00e1cil acceso por la carretera BR 101.<\/p>\n<div id='gallery-1' class='gallery galleryid-62105 gallery-columns-3 gallery-size-thumbnail'><figure class='gallery-item'>\n\t\t\t<div class='gallery-icon landscape'>\n\t\t\t\t<a href='https:\/\/www.arquimaster.com.ar\/web\/wp-content\/uploads\/2021\/01\/hangar_baltt1.jpg' title=\"Hangar Baltt \/ PJV Arquitetura (\u00a9 Alexandre Zelinski)\" data-rl_title=\"Hangar Baltt \/ PJV Arquitetura (\u00a9 Alexandre Zelinski)\" class=\"rl-gallery-link\" data-rl_caption=\"Hangar Baltt \/ PJV Arquitetura (\u00a9 Alexandre Zelinski)\" data-rel=\"lightbox-gallery-1\"><img loading=\"lazy\" decoding=\"async\" width=\"150\" height=\"150\" src=\"https:\/\/www.arquimaster.com.ar\/web\/wp-content\/uploads\/2021\/01\/hangar_baltt1-150x150.jpg\" class=\"attachment-thumbnail size-thumbnail\" alt=\"Hangar Baltt \/ PJV Arquitetura\" aria-describedby=\"gallery-1-62107\" \/><\/a>\n\t\t\t<\/div>\n\t\t\t\t<figcaption class='wp-caption-text gallery-caption' id='gallery-1-62107'>\n\t\t\t\tHangar Baltt \/ PJV Arquitetura (\u00a9 Alexandre Zelinski)\n\t\t\t\t<\/figcaption><\/figure><figure class='gallery-item'>\n\t\t\t<div class='gallery-icon landscape'>\n\t\t\t\t<a href='https:\/\/www.arquimaster.com.ar\/web\/wp-content\/uploads\/2021\/01\/hangar_baltt2.jpg' title=\"Hangar Baltt \/ PJV Arquitetura (\u00a9 Alexandre Zelinski)\" data-rl_title=\"Hangar Baltt \/ PJV Arquitetura (\u00a9 Alexandre Zelinski)\" class=\"rl-gallery-link\" data-rl_caption=\"Hangar Baltt \/ PJV Arquitetura (\u00a9 Alexandre Zelinski)\" data-rel=\"lightbox-gallery-1\"><img loading=\"lazy\" decoding=\"async\" width=\"150\" height=\"150\" src=\"https:\/\/www.arquimaster.com.ar\/web\/wp-content\/uploads\/2021\/01\/hangar_baltt2-150x150.jpg\" class=\"attachment-thumbnail size-thumbnail\" alt=\"Hangar Baltt \/ PJV Arquitetura\" aria-describedby=\"gallery-1-62108\" \/><\/a>\n\t\t\t<\/div>\n\t\t\t\t<figcaption class='wp-caption-text gallery-caption' id='gallery-1-62108'>\n\t\t\t\tHangar Baltt \/ PJV Arquitetura (\u00a9 Alexandre Zelinski)\n\t\t\t\t<\/figcaption><\/figure><figure class='gallery-item'>\n\t\t\t<div class='gallery-icon landscape'>\n\t\t\t\t<a href='https:\/\/www.arquimaster.com.ar\/web\/wp-content\/uploads\/2021\/01\/hangar_baltt3.jpg' title=\"Hangar Baltt \/ PJV Arquitetura (\u00a9 Alexandre Zelinski)\" data-rl_title=\"Hangar Baltt \/ PJV Arquitetura (\u00a9 Alexandre Zelinski)\" class=\"rl-gallery-link\" data-rl_caption=\"Hangar Baltt \/ PJV Arquitetura (\u00a9 Alexandre Zelinski)\" data-rel=\"lightbox-gallery-1\"><img loading=\"lazy\" decoding=\"async\" width=\"150\" height=\"150\" src=\"https:\/\/www.arquimaster.com.ar\/web\/wp-content\/uploads\/2021\/01\/hangar_baltt3-150x150.jpg\" class=\"attachment-thumbnail size-thumbnail\" alt=\"Hangar Baltt \/ PJV Arquitetura\" aria-describedby=\"gallery-1-62109\" \/><\/a>\n\t\t\t<\/div>\n\t\t\t\t<figcaption class='wp-caption-text gallery-caption' id='gallery-1-62109'>\n\t\t\t\tHangar Baltt \/ PJV Arquitetura (\u00a9 Alexandre Zelinski)\n\t\t\t\t<\/figcaption><\/figure><figure class='gallery-item'>\n\t\t\t<div class='gallery-icon landscape'>\n\t\t\t\t<a href='https:\/\/www.arquimaster.com.ar\/web\/wp-content\/uploads\/2021\/01\/hangar_baltt4.jpg' title=\"Hangar Baltt \/ PJV Arquitetura (\u00a9 Alexandre Zelinski)\" data-rl_title=\"Hangar Baltt \/ PJV Arquitetura (\u00a9 Alexandre Zelinski)\" class=\"rl-gallery-link\" data-rl_caption=\"Hangar Baltt \/ PJV Arquitetura (\u00a9 Alexandre Zelinski)\" data-rel=\"lightbox-gallery-1\"><img loading=\"lazy\" decoding=\"async\" width=\"150\" height=\"150\" src=\"https:\/\/www.arquimaster.com.ar\/web\/wp-content\/uploads\/2021\/01\/hangar_baltt4-150x150.jpg\" class=\"attachment-thumbnail size-thumbnail\" alt=\"Hangar Baltt \/ PJV Arquitetura\" aria-describedby=\"gallery-1-62110\" \/><\/a>\n\t\t\t<\/div>\n\t\t\t\t<figcaption class='wp-caption-text gallery-caption' id='gallery-1-62110'>\n\t\t\t\tHangar Baltt \/ PJV Arquitetura (\u00a9 Alexandre Zelinski)\n\t\t\t\t<\/figcaption><\/figure><figure class='gallery-item'>\n\t\t\t<div class='gallery-icon landscape'>\n\t\t\t\t<a href='https:\/\/www.arquimaster.com.ar\/web\/wp-content\/uploads\/2021\/01\/hangar_baltt5.jpg' title=\"Hangar Baltt \/ PJV Arquitetura (\u00a9 Alexandre Zelinski)\" data-rl_title=\"Hangar Baltt \/ PJV Arquitetura (\u00a9 Alexandre Zelinski)\" class=\"rl-gallery-link\" data-rl_caption=\"Hangar Baltt \/ PJV Arquitetura (\u00a9 Alexandre Zelinski)\" data-rel=\"lightbox-gallery-1\"><img loading=\"lazy\" decoding=\"async\" width=\"150\" height=\"150\" src=\"https:\/\/www.arquimaster.com.ar\/web\/wp-content\/uploads\/2021\/01\/hangar_baltt5-150x150.jpg\" class=\"attachment-thumbnail size-thumbnail\" alt=\"Hangar Baltt \/ PJV Arquitetura\" aria-describedby=\"gallery-1-62111\" \/><\/a>\n\t\t\t<\/div>\n\t\t\t\t<figcaption class='wp-caption-text gallery-caption' id='gallery-1-62111'>\n\t\t\t\tHangar Baltt \/ PJV Arquitetura (\u00a9 Alexandre Zelinski)\n\t\t\t\t<\/figcaption><\/figure><figure class='gallery-item'>\n\t\t\t<div class='gallery-icon landscape'>\n\t\t\t\t<a href='https:\/\/www.arquimaster.com.ar\/web\/wp-content\/uploads\/2021\/01\/hangar_baltt6.jpg' title=\"Hangar Baltt \/ PJV Arquitetura (\u00a9 Alexandre Zelinski)\" data-rl_title=\"Hangar Baltt \/ PJV Arquitetura (\u00a9 Alexandre Zelinski)\" class=\"rl-gallery-link\" data-rl_caption=\"Hangar Baltt \/ PJV Arquitetura (\u00a9 Alexandre Zelinski)\" data-rel=\"lightbox-gallery-1\"><img loading=\"lazy\" decoding=\"async\" width=\"150\" height=\"150\" src=\"https:\/\/www.arquimaster.com.ar\/web\/wp-content\/uploads\/2021\/01\/hangar_baltt6-150x150.jpg\" class=\"attachment-thumbnail size-thumbnail\" alt=\"Hangar Baltt \/ PJV Arquitetura\" aria-describedby=\"gallery-1-62112\" srcset=\"https:\/\/www.arquimaster.com.ar\/web\/wp-content\/uploads\/2021\/01\/hangar_baltt6-150x150.jpg 150w, https:\/\/www.arquimaster.com.ar\/web\/wp-content\/uploads\/2021\/01\/hangar_baltt6-1024x1024.jpg 1024w, https:\/\/www.arquimaster.com.ar\/web\/wp-content\/uploads\/2021\/01\/hangar_baltt6-768x768.jpg 768w, https:\/\/www.arquimaster.com.ar\/web\/wp-content\/uploads\/2021\/01\/hangar_baltt6.jpg 1500w\" sizes=\"auto, (max-width: 150px) 100vw, 150px\" \/><\/a>\n\t\t\t<\/div>\n\t\t\t\t<figcaption class='wp-caption-text gallery-caption' id='gallery-1-62112'>\n\t\t\t\tHangar Baltt \/ PJV Arquitetura (\u00a9 Alexandre Zelinski)\n\t\t\t\t<\/figcaption><\/figure><figure class='gallery-item'>\n\t\t\t<div class='gallery-icon landscape'>\n\t\t\t\t<a href='https:\/\/www.arquimaster.com.ar\/web\/wp-content\/uploads\/2021\/01\/hangar_baltt7.jpg' title=\"Hangar Baltt \/ PJV Arquitetura (\u00a9 Alexandre Zelinski)\" data-rl_title=\"Hangar Baltt \/ PJV Arquitetura (\u00a9 Alexandre Zelinski)\" class=\"rl-gallery-link\" data-rl_caption=\"Hangar Baltt \/ PJV Arquitetura (\u00a9 Alexandre Zelinski)\" data-rel=\"lightbox-gallery-1\"><img loading=\"lazy\" decoding=\"async\" width=\"150\" height=\"150\" src=\"https:\/\/www.arquimaster.com.ar\/web\/wp-content\/uploads\/2021\/01\/hangar_baltt7-150x150.jpg\" class=\"attachment-thumbnail size-thumbnail\" alt=\"Hangar Baltt \/ PJV Arquitetura\" aria-describedby=\"gallery-1-62113\" \/><\/a>\n\t\t\t<\/div>\n\t\t\t\t<figcaption class='wp-caption-text gallery-caption' id='gallery-1-62113'>\n\t\t\t\tHangar Baltt \/ PJV Arquitetura (\u00a9 Alexandre Zelinski)\n\t\t\t\t<\/figcaption><\/figure><figure class='gallery-item'>\n\t\t\t<div class='gallery-icon portrait'>\n\t\t\t\t<a href='https:\/\/www.arquimaster.com.ar\/web\/wp-content\/uploads\/2021\/01\/hangar_baltt8.jpg' title=\"Hangar Baltt \/ PJV Arquitetura (\u00a9 Alexandre Zelinski)\" data-rl_title=\"Hangar Baltt \/ PJV Arquitetura (\u00a9 Alexandre Zelinski)\" class=\"rl-gallery-link\" data-rl_caption=\"Hangar Baltt \/ PJV Arquitetura (\u00a9 Alexandre Zelinski)\" data-rel=\"lightbox-gallery-1\"><img loading=\"lazy\" decoding=\"async\" width=\"150\" height=\"150\" src=\"https:\/\/www.arquimaster.com.ar\/web\/wp-content\/uploads\/2021\/01\/hangar_baltt8-150x150.jpg\" class=\"attachment-thumbnail size-thumbnail\" alt=\"Hangar Baltt \/ PJV Arquitetura\" aria-describedby=\"gallery-1-62114\" \/><\/a>\n\t\t\t<\/div>\n\t\t\t\t<figcaption class='wp-caption-text gallery-caption' id='gallery-1-62114'>\n\t\t\t\tHangar Baltt \/ PJV Arquitetura (\u00a9 Alexandre Zelinski)\n\t\t\t\t<\/figcaption><\/figure><figure class='gallery-item'>\n\t\t\t<div class='gallery-icon landscape'>\n\t\t\t\t<a href='https:\/\/www.arquimaster.com.ar\/web\/wp-content\/uploads\/2021\/01\/hangar_baltt9.jpg' title=\"Hangar Baltt \/ PJV Arquitetura (\u00a9 Alexandre Zelinski)\" data-rl_title=\"Hangar Baltt \/ PJV Arquitetura (\u00a9 Alexandre Zelinski)\" class=\"rl-gallery-link\" data-rl_caption=\"Hangar Baltt \/ PJV Arquitetura (\u00a9 Alexandre Zelinski)\" data-rel=\"lightbox-gallery-1\"><img loading=\"lazy\" decoding=\"async\" width=\"150\" height=\"150\" src=\"https:\/\/www.arquimaster.com.ar\/web\/wp-content\/uploads\/2021\/01\/hangar_baltt9-150x150.jpg\" class=\"attachment-thumbnail size-thumbnail\" alt=\"Hangar Baltt \/ PJV Arquitetura\" aria-describedby=\"gallery-1-62115\" \/><\/a>\n\t\t\t<\/div>\n\t\t\t\t<figcaption class='wp-caption-text gallery-caption' id='gallery-1-62115'>\n\t\t\t\tHangar Baltt \/ PJV Arquitetura (\u00a9 Alexandre Zelinski)\n\t\t\t\t<\/figcaption><\/figure><figure class='gallery-item'>\n\t\t\t<div class='gallery-icon landscape'>\n\t\t\t\t<a href='https:\/\/www.arquimaster.com.ar\/web\/wp-content\/uploads\/2021\/01\/hangar_baltt10.jpg' title=\"Hangar Baltt \/ PJV Arquitetura (\u00a9 Alexandre Zelinski)\" data-rl_title=\"Hangar Baltt \/ PJV Arquitetura (\u00a9 Alexandre Zelinski)\" class=\"rl-gallery-link\" data-rl_caption=\"Hangar Baltt \/ PJV Arquitetura (\u00a9 Alexandre Zelinski)\" data-rel=\"lightbox-gallery-1\"><img loading=\"lazy\" decoding=\"async\" width=\"150\" height=\"150\" src=\"https:\/\/www.arquimaster.com.ar\/web\/wp-content\/uploads\/2021\/01\/hangar_baltt10-150x150.jpg\" class=\"attachment-thumbnail size-thumbnail\" alt=\"Hangar Baltt \/ PJV Arquitetura\" aria-describedby=\"gallery-1-62116\" \/><\/a>\n\t\t\t<\/div>\n\t\t\t\t<figcaption class='wp-caption-text gallery-caption' id='gallery-1-62116'>\n\t\t\t\tHangar Baltt \/ PJV Arquitetura (\u00a9 Alexandre Zelinski)\n\t\t\t\t<\/figcaption><\/figure><figure class='gallery-item'>\n\t\t\t<div class='gallery-icon landscape'>\n\t\t\t\t<a href='https:\/\/www.arquimaster.com.ar\/web\/wp-content\/uploads\/2021\/01\/hangar_baltt11.jpg' title=\"Hangar Baltt \/ PJV Arquitetura (\u00a9 Alexandre Zelinski)\" data-rl_title=\"Hangar Baltt \/ PJV Arquitetura (\u00a9 Alexandre Zelinski)\" class=\"rl-gallery-link\" data-rl_caption=\"Hangar Baltt \/ PJV Arquitetura (\u00a9 Alexandre Zelinski)\" data-rel=\"lightbox-gallery-1\"><img loading=\"lazy\" decoding=\"async\" width=\"150\" height=\"150\" src=\"https:\/\/www.arquimaster.com.ar\/web\/wp-content\/uploads\/2021\/01\/hangar_baltt11-150x150.jpg\" class=\"attachment-thumbnail size-thumbnail\" alt=\"Hangar Baltt \/ PJV Arquitetura\" aria-describedby=\"gallery-1-62117\" \/><\/a>\n\t\t\t<\/div>\n\t\t\t\t<figcaption class='wp-caption-text gallery-caption' id='gallery-1-62117'>\n\t\t\t\tHangar Baltt \/ PJV Arquitetura (\u00a9 Alexandre Zelinski)\n\t\t\t\t<\/figcaption><\/figure><figure class='gallery-item'>\n\t\t\t<div class='gallery-icon landscape'>\n\t\t\t\t<a href='https:\/\/www.arquimaster.com.ar\/web\/wp-content\/uploads\/2021\/01\/hangar_baltt12.jpg' title=\"Hangar Baltt \/ PJV Arquitetura (\u00a9 Alexandre Zelinski)\" data-rl_title=\"Hangar Baltt \/ PJV Arquitetura (\u00a9 Alexandre Zelinski)\" class=\"rl-gallery-link\" data-rl_caption=\"Hangar Baltt \/ PJV Arquitetura (\u00a9 Alexandre Zelinski)\" data-rel=\"lightbox-gallery-1\"><img loading=\"lazy\" decoding=\"async\" width=\"150\" height=\"150\" src=\"https:\/\/www.arquimaster.com.ar\/web\/wp-content\/uploads\/2021\/01\/hangar_baltt12-150x150.jpg\" class=\"attachment-thumbnail size-thumbnail\" alt=\"Hangar Baltt \/ PJV Arquitetura\" aria-describedby=\"gallery-1-62118\" \/><\/a>\n\t\t\t<\/div>\n\t\t\t\t<figcaption class='wp-caption-text gallery-caption' id='gallery-1-62118'>\n\t\t\t\tHangar Baltt \/ PJV Arquitetura (\u00a9 Alexandre Zelinski)\n\t\t\t\t<\/figcaption><\/figure><figure class='gallery-item'>\n\t\t\t<div class='gallery-icon landscape'>\n\t\t\t\t<a href='https:\/\/www.arquimaster.com.ar\/web\/wp-content\/uploads\/2021\/01\/hangar_baltt13.jpg' title=\"Hangar Baltt \/ PJV Arquitetura (\u00a9 Alexandre Zelinski)\" data-rl_title=\"Hangar Baltt \/ PJV Arquitetura (\u00a9 Alexandre Zelinski)\" class=\"rl-gallery-link\" data-rl_caption=\"Hangar Baltt \/ PJV Arquitetura (\u00a9 Alexandre Zelinski)\" data-rel=\"lightbox-gallery-1\"><img loading=\"lazy\" decoding=\"async\" width=\"150\" height=\"150\" src=\"https:\/\/www.arquimaster.com.ar\/web\/wp-content\/uploads\/2021\/01\/hangar_baltt13-150x150.jpg\" class=\"attachment-thumbnail size-thumbnail\" alt=\"Hangar Baltt \/ PJV Arquitetura\" aria-describedby=\"gallery-1-62119\" \/><\/a>\n\t\t\t<\/div>\n\t\t\t\t<figcaption class='wp-caption-text gallery-caption' id='gallery-1-62119'>\n\t\t\t\tHangar Baltt \/ PJV Arquitetura (\u00a9 Alexandre Zelinski)\n\t\t\t\t<\/figcaption><\/figure><figure class='gallery-item'>\n\t\t\t<div class='gallery-icon landscape'>\n\t\t\t\t<a href='https:\/\/www.arquimaster.com.ar\/web\/wp-content\/uploads\/2021\/01\/hangar_baltt14.jpg' title=\"Hangar Baltt \/ PJV Arquitetura (\u00a9 Alexandre Zelinski)\" data-rl_title=\"Hangar Baltt \/ PJV Arquitetura (\u00a9 Alexandre Zelinski)\" class=\"rl-gallery-link\" data-rl_caption=\"Hangar Baltt \/ PJV Arquitetura (\u00a9 Alexandre Zelinski)\" data-rel=\"lightbox-gallery-1\"><img loading=\"lazy\" decoding=\"async\" width=\"150\" height=\"150\" src=\"https:\/\/www.arquimaster.com.ar\/web\/wp-content\/uploads\/2021\/01\/hangar_baltt14-150x150.jpg\" class=\"attachment-thumbnail size-thumbnail\" alt=\"Hangar Baltt \/ PJV Arquitetura\" aria-describedby=\"gallery-1-62120\" \/><\/a>\n\t\t\t<\/div>\n\t\t\t\t<figcaption class='wp-caption-text gallery-caption' id='gallery-1-62120'>\n\t\t\t\tHangar Baltt \/ PJV Arquitetura (\u00a9 Alexandre Zelinski)\n\t\t\t\t<\/figcaption><\/figure><figure class='gallery-item'>\n\t\t\t<div class='gallery-icon landscape'>\n\t\t\t\t<a href='https:\/\/www.arquimaster.com.ar\/web\/wp-content\/uploads\/2021\/01\/hangar_baltt15.jpg' title=\"Hangar Baltt \/ PJV Arquitetura (\u00a9 Alexandre Zelinski)\" data-rl_title=\"Hangar Baltt \/ PJV Arquitetura (\u00a9 Alexandre Zelinski)\" class=\"rl-gallery-link\" data-rl_caption=\"Hangar Baltt \/ PJV Arquitetura (\u00a9 Alexandre Zelinski)\" data-rel=\"lightbox-gallery-1\"><img loading=\"lazy\" decoding=\"async\" width=\"150\" height=\"150\" src=\"https:\/\/www.arquimaster.com.ar\/web\/wp-content\/uploads\/2021\/01\/hangar_baltt15-150x150.jpg\" class=\"attachment-thumbnail size-thumbnail\" alt=\"Hangar Baltt \/ PJV Arquitetura\" aria-describedby=\"gallery-1-62121\" \/><\/a>\n\t\t\t<\/div>\n\t\t\t\t<figcaption class='wp-caption-text gallery-caption' id='gallery-1-62121'>\n\t\t\t\tHangar Baltt \/ PJV Arquitetura (\u00a9 Alexandre Zelinski)\n\t\t\t\t<\/figcaption><\/figure><figure class='gallery-item'>\n\t\t\t<div class='gallery-icon landscape'>\n\t\t\t\t<a href='https:\/\/www.arquimaster.com.ar\/web\/wp-content\/uploads\/2021\/01\/hangar_baltt16.jpg' title=\"Hangar Baltt \/ PJV Arquitetura (\u00a9 Alexandre Zelinski)\" data-rl_title=\"Hangar Baltt \/ PJV Arquitetura (\u00a9 Alexandre Zelinski)\" class=\"rl-gallery-link\" data-rl_caption=\"Hangar Baltt \/ PJV Arquitetura (\u00a9 Alexandre Zelinski)\" data-rel=\"lightbox-gallery-1\"><img loading=\"lazy\" decoding=\"async\" width=\"150\" height=\"150\" src=\"https:\/\/www.arquimaster.com.ar\/web\/wp-content\/uploads\/2021\/01\/hangar_baltt16-150x150.jpg\" class=\"attachment-thumbnail size-thumbnail\" alt=\"Hangar Baltt \/ PJV Arquitetura\" aria-describedby=\"gallery-1-62122\" \/><\/a>\n\t\t\t<\/div>\n\t\t\t\t<figcaption class='wp-caption-text gallery-caption' id='gallery-1-62122'>\n\t\t\t\tHangar Baltt \/ PJV Arquitetura (\u00a9 Alexandre Zelinski)\n\t\t\t\t<\/figcaption><\/figure><figure class='gallery-item'>\n\t\t\t<div class='gallery-icon landscape'>\n\t\t\t\t<a href='https:\/\/www.arquimaster.com.ar\/web\/wp-content\/uploads\/2021\/01\/hangar_baltt17.jpg' title=\"Hangar Baltt \/ PJV Arquitetura (\u00a9 Alexandre Zelinski)\" data-rl_title=\"Hangar Baltt \/ PJV Arquitetura (\u00a9 Alexandre Zelinski)\" class=\"rl-gallery-link\" data-rl_caption=\"Hangar Baltt \/ PJV Arquitetura (\u00a9 Alexandre Zelinski)\" data-rel=\"lightbox-gallery-1\"><img loading=\"lazy\" decoding=\"async\" width=\"150\" height=\"150\" src=\"https:\/\/www.arquimaster.com.ar\/web\/wp-content\/uploads\/2021\/01\/hangar_baltt17-150x150.jpg\" class=\"attachment-thumbnail size-thumbnail\" alt=\"Hangar Baltt \/ PJV Arquitetura\" aria-describedby=\"gallery-1-62123\" \/><\/a>\n\t\t\t<\/div>\n\t\t\t\t<figcaption class='wp-caption-text gallery-caption' id='gallery-1-62123'>\n\t\t\t\tHangar Baltt \/ PJV Arquitetura (\u00a9 Alexandre Zelinski)\n\t\t\t\t<\/figcaption><\/figure><figure class='gallery-item'>\n\t\t\t<div class='gallery-icon portrait'>\n\t\t\t\t<a href='https:\/\/www.arquimaster.com.ar\/web\/wp-content\/uploads\/2021\/01\/hangar_baltt18.jpg' title=\"Hangar Baltt \/ PJV Arquitetura (\u00a9 Alexandre Zelinski)\" data-rl_title=\"Hangar Baltt \/ PJV Arquitetura (\u00a9 Alexandre Zelinski)\" class=\"rl-gallery-link\" data-rl_caption=\"Hangar Baltt \/ PJV Arquitetura (\u00a9 Alexandre Zelinski)\" data-rel=\"lightbox-gallery-1\"><img loading=\"lazy\" decoding=\"async\" width=\"150\" height=\"150\" src=\"https:\/\/www.arquimaster.com.ar\/web\/wp-content\/uploads\/2021\/01\/hangar_baltt18-150x150.jpg\" class=\"attachment-thumbnail size-thumbnail\" alt=\"Hangar Baltt \/ PJV Arquitetura\" aria-describedby=\"gallery-1-62124\" \/><\/a>\n\t\t\t<\/div>\n\t\t\t\t<figcaption class='wp-caption-text gallery-caption' id='gallery-1-62124'>\n\t\t\t\tHangar Baltt \/ PJV Arquitetura (\u00a9 Alexandre Zelinski)\n\t\t\t\t<\/figcaption><\/figure><figure class='gallery-item'>\n\t\t\t<div class='gallery-icon portrait'>\n\t\t\t\t<a href='https:\/\/www.arquimaster.com.ar\/web\/wp-content\/uploads\/2021\/01\/hangar_baltt19.jpg' title=\"Hangar Baltt \/ PJV Arquitetura (\u00a9 Alexandre Zelinski)\" data-rl_title=\"Hangar Baltt \/ PJV Arquitetura (\u00a9 Alexandre Zelinski)\" class=\"rl-gallery-link\" data-rl_caption=\"Hangar Baltt \/ PJV Arquitetura (\u00a9 Alexandre Zelinski)\" data-rel=\"lightbox-gallery-1\"><img loading=\"lazy\" decoding=\"async\" width=\"150\" height=\"150\" src=\"https:\/\/www.arquimaster.com.ar\/web\/wp-content\/uploads\/2021\/01\/hangar_baltt19-150x150.jpg\" class=\"attachment-thumbnail size-thumbnail\" alt=\"Hangar Baltt \/ PJV Arquitetura\" aria-describedby=\"gallery-1-62125\" \/><\/a>\n\t\t\t<\/div>\n\t\t\t\t<figcaption class='wp-caption-text gallery-caption' id='gallery-1-62125'>\n\t\t\t\tHangar Baltt \/ PJV Arquitetura (\u00a9 Alexandre Zelinski)\n\t\t\t\t<\/figcaption><\/figure><figure class='gallery-item'>\n\t\t\t<div class='gallery-icon landscape'>\n\t\t\t\t<a href='https:\/\/www.arquimaster.com.ar\/web\/wp-content\/uploads\/2021\/01\/hangar_baltt20.jpg' title=\"Hangar Baltt \/ PJV Arquitetura (\u00a9 Alexandre Zelinski)\" data-rl_title=\"Hangar Baltt \/ PJV Arquitetura (\u00a9 Alexandre Zelinski)\" class=\"rl-gallery-link\" data-rl_caption=\"Hangar Baltt \/ PJV Arquitetura (\u00a9 Alexandre Zelinski)\" data-rel=\"lightbox-gallery-1\"><img loading=\"lazy\" decoding=\"async\" width=\"150\" height=\"150\" src=\"https:\/\/www.arquimaster.com.ar\/web\/wp-content\/uploads\/2021\/01\/hangar_baltt20-150x150.jpg\" class=\"attachment-thumbnail size-thumbnail\" alt=\"Hangar Baltt \/ PJV Arquitetura\" aria-describedby=\"gallery-1-62126\" \/><\/a>\n\t\t\t<\/div>\n\t\t\t\t<figcaption class='wp-caption-text gallery-caption' id='gallery-1-62126'>\n\t\t\t\tHangar Baltt \/ PJV Arquitetura (\u00a9 Alexandre Zelinski)\n\t\t\t\t<\/figcaption><\/figure><figure class='gallery-item'>\n\t\t\t<div class='gallery-icon landscape'>\n\t\t\t\t<a href='https:\/\/www.arquimaster.com.ar\/web\/wp-content\/uploads\/2021\/01\/hangar_baltt21.jpg' title=\"Hangar Baltt \/ PJV Arquitetura (\u00a9 Alexandre Zelinski)\" data-rl_title=\"Hangar Baltt \/ PJV Arquitetura (\u00a9 Alexandre Zelinski)\" class=\"rl-gallery-link\" data-rl_caption=\"Hangar Baltt \/ PJV Arquitetura (\u00a9 Alexandre Zelinski)\" data-rel=\"lightbox-gallery-1\"><img loading=\"lazy\" decoding=\"async\" width=\"150\" height=\"150\" src=\"https:\/\/www.arquimaster.com.ar\/web\/wp-content\/uploads\/2021\/01\/hangar_baltt21-150x150.jpg\" class=\"attachment-thumbnail size-thumbnail\" alt=\"Hangar Baltt \/ PJV Arquitetura\" aria-describedby=\"gallery-1-62127\" \/><\/a>\n\t\t\t<\/div>\n\t\t\t\t<figcaption class='wp-caption-text gallery-caption' id='gallery-1-62127'>\n\t\t\t\tHangar Baltt \/ PJV Arquitetura (\u00a9 Alexandre Zelinski)\n\t\t\t\t<\/figcaption><\/figure><figure class='gallery-item'>\n\t\t\t<div class='gallery-icon landscape'>\n\t\t\t\t<a href='https:\/\/www.arquimaster.com.ar\/web\/wp-content\/uploads\/2021\/01\/hangar_baltt22.jpg' title=\"Hangar Baltt \/ PJV Arquitetura (\u00a9 Alexandre Zelinski)\" data-rl_title=\"Hangar Baltt \/ PJV Arquitetura (\u00a9 Alexandre Zelinski)\" class=\"rl-gallery-link\" data-rl_caption=\"Hangar Baltt \/ PJV Arquitetura (\u00a9 Alexandre Zelinski)\" data-rel=\"lightbox-gallery-1\"><img loading=\"lazy\" decoding=\"async\" width=\"150\" height=\"150\" src=\"https:\/\/www.arquimaster.com.ar\/web\/wp-content\/uploads\/2021\/01\/hangar_baltt22-150x150.jpg\" class=\"attachment-thumbnail size-thumbnail\" alt=\"Hangar Baltt \/ PJV Arquitetura\" aria-describedby=\"gallery-1-62128\" \/><\/a>\n\t\t\t<\/div>\n\t\t\t\t<figcaption class='wp-caption-text gallery-caption' id='gallery-1-62128'>\n\t\t\t\tHangar Baltt \/ PJV Arquitetura (\u00a9 Alexandre Zelinski)\n\t\t\t\t<\/figcaption><\/figure><figure class='gallery-item'>\n\t\t\t<div class='gallery-icon landscape'>\n\t\t\t\t<a href='https:\/\/www.arquimaster.com.ar\/web\/wp-content\/uploads\/2021\/01\/hangar_baltt23.jpg' title=\"Hangar Baltt \/ PJV Arquitetura (\u00a9 Alexandre Zelinski)\" data-rl_title=\"Hangar Baltt \/ PJV Arquitetura (\u00a9 Alexandre Zelinski)\" class=\"rl-gallery-link\" data-rl_caption=\"Hangar Baltt \/ PJV Arquitetura (\u00a9 Alexandre Zelinski)\" data-rel=\"lightbox-gallery-1\"><img loading=\"lazy\" decoding=\"async\" width=\"150\" height=\"150\" src=\"https:\/\/www.arquimaster.com.ar\/web\/wp-content\/uploads\/2021\/01\/hangar_baltt23-150x150.jpg\" class=\"attachment-thumbnail size-thumbnail\" alt=\"Hangar Baltt \/ PJV Arquitetura\" aria-describedby=\"gallery-1-62129\" \/><\/a>\n\t\t\t<\/div>\n\t\t\t\t<figcaption class='wp-caption-text gallery-caption' id='gallery-1-62129'>\n\t\t\t\tHangar Baltt \/ PJV Arquitetura (\u00a9 Alexandre Zelinski)\n\t\t\t\t<\/figcaption><\/figure><figure class='gallery-item'>\n\t\t\t<div class='gallery-icon landscape'>\n\t\t\t\t<a href='https:\/\/www.arquimaster.com.ar\/web\/wp-content\/uploads\/2021\/01\/hangar_baltt24.jpg' title=\"Hangar Baltt \/ PJV Arquitetura (\u00a9 Alexandre Zelinski)\" data-rl_title=\"Hangar Baltt \/ PJV Arquitetura (\u00a9 Alexandre Zelinski)\" class=\"rl-gallery-link\" data-rl_caption=\"Hangar Baltt \/ PJV Arquitetura (\u00a9 Alexandre Zelinski)\" data-rel=\"lightbox-gallery-1\"><img loading=\"lazy\" decoding=\"async\" width=\"150\" height=\"150\" src=\"https:\/\/www.arquimaster.com.ar\/web\/wp-content\/uploads\/2021\/01\/hangar_baltt24-150x150.jpg\" class=\"attachment-thumbnail size-thumbnail\" alt=\"Hangar Baltt \/ PJV Arquitetura\" aria-describedby=\"gallery-1-62130\" \/><\/a>\n\t\t\t<\/div>\n\t\t\t\t<figcaption class='wp-caption-text gallery-caption' id='gallery-1-62130'>\n\t\t\t\tHangar Baltt \/ PJV Arquitetura (\u00a9 Alexandre Zelinski)\n\t\t\t\t<\/figcaption><\/figure><figure class='gallery-item'>\n\t\t\t<div class='gallery-icon landscape'>\n\t\t\t\t<a href='https:\/\/www.arquimaster.com.ar\/web\/wp-content\/uploads\/2021\/01\/hangar_baltt25.jpg' title=\"Hangar Baltt \/ PJV Arquitetura (\u00a9 Alexandre Zelinski)\" data-rl_title=\"Hangar Baltt \/ PJV Arquitetura (\u00a9 Alexandre Zelinski)\" class=\"rl-gallery-link\" data-rl_caption=\"Hangar Baltt \/ PJV Arquitetura (\u00a9 Alexandre Zelinski)\" data-rel=\"lightbox-gallery-1\"><img loading=\"lazy\" decoding=\"async\" width=\"150\" height=\"150\" src=\"https:\/\/www.arquimaster.com.ar\/web\/wp-content\/uploads\/2021\/01\/hangar_baltt25-150x150.jpg\" class=\"attachment-thumbnail size-thumbnail\" alt=\"Hangar Baltt \/ PJV Arquitetura\" aria-describedby=\"gallery-1-62131\" \/><\/a>\n\t\t\t<\/div>\n\t\t\t\t<figcaption class='wp-caption-text gallery-caption' id='gallery-1-62131'>\n\t\t\t\tHangar Baltt \/ PJV Arquitetura (\u00a9 Alexandre Zelinski)\n\t\t\t\t<\/figcaption><\/figure><figure class='gallery-item'>\n\t\t\t<div class='gallery-icon landscape'>\n\t\t\t\t<a href='https:\/\/www.arquimaster.com.ar\/web\/wp-content\/uploads\/2021\/01\/hangar_baltt26.jpg' title=\"Hangar Baltt \/ PJV Arquitetura (\u00a9 Alexandre Zelinski)\" data-rl_title=\"Hangar Baltt \/ PJV Arquitetura (\u00a9 Alexandre Zelinski)\" class=\"rl-gallery-link\" data-rl_caption=\"Hangar Baltt \/ PJV Arquitetura (\u00a9 Alexandre Zelinski)\" data-rel=\"lightbox-gallery-1\"><img loading=\"lazy\" decoding=\"async\" width=\"150\" height=\"150\" src=\"https:\/\/www.arquimaster.com.ar\/web\/wp-content\/uploads\/2021\/01\/hangar_baltt26-150x150.jpg\" class=\"attachment-thumbnail size-thumbnail\" alt=\"Hangar Baltt \/ PJV Arquitetura\" aria-describedby=\"gallery-1-62132\" \/><\/a>\n\t\t\t<\/div>\n\t\t\t\t<figcaption class='wp-caption-text gallery-caption' id='gallery-1-62132'>\n\t\t\t\tHangar Baltt \/ PJV Arquitetura (\u00a9 Alexandre Zelinski)\n\t\t\t\t<\/figcaption><\/figure><figure class='gallery-item'>\n\t\t\t<div class='gallery-icon landscape'>\n\t\t\t\t<a href='https:\/\/www.arquimaster.com.ar\/web\/wp-content\/uploads\/2021\/01\/hangar_baltt27.jpg' title=\"Hangar Baltt \/ PJV Arquitetura (\u00a9 Alexandre Zelinski)\" data-rl_title=\"Hangar Baltt \/ PJV Arquitetura (\u00a9 Alexandre Zelinski)\" class=\"rl-gallery-link\" data-rl_caption=\"Hangar Baltt \/ PJV Arquitetura (\u00a9 Alexandre Zelinski)\" data-rel=\"lightbox-gallery-1\"><img loading=\"lazy\" decoding=\"async\" width=\"150\" height=\"150\" src=\"https:\/\/www.arquimaster.com.ar\/web\/wp-content\/uploads\/2021\/01\/hangar_baltt27-150x150.jpg\" class=\"attachment-thumbnail size-thumbnail\" alt=\"Hangar Baltt \/ PJV Arquitetura\" aria-describedby=\"gallery-1-62133\" \/><\/a>\n\t\t\t<\/div>\n\t\t\t\t<figcaption class='wp-caption-text gallery-caption' id='gallery-1-62133'>\n\t\t\t\tHangar Baltt \/ PJV Arquitetura (\u00a9 Alexandre Zelinski)\n\t\t\t\t<\/figcaption><\/figure><figure class='gallery-item'>\n\t\t\t<div class='gallery-icon landscape'>\n\t\t\t\t<a href='https:\/\/www.arquimaster.com.ar\/web\/wp-content\/uploads\/2021\/01\/hangar_baltt28.jpg' title=\"Hangar Baltt \/ PJV Arquitetura (\u00a9 Alexandre Zelinski)\" data-rl_title=\"Hangar Baltt \/ PJV Arquitetura (\u00a9 Alexandre Zelinski)\" class=\"rl-gallery-link\" data-rl_caption=\"Hangar Baltt \/ PJV Arquitetura (\u00a9 Alexandre Zelinski)\" data-rel=\"lightbox-gallery-1\"><img loading=\"lazy\" decoding=\"async\" width=\"150\" height=\"150\" src=\"https:\/\/www.arquimaster.com.ar\/web\/wp-content\/uploads\/2021\/01\/hangar_baltt28-150x150.jpg\" class=\"attachment-thumbnail size-thumbnail\" alt=\"Hangar Baltt \/ PJV Arquitetura\" aria-describedby=\"gallery-1-62134\" \/><\/a>\n\t\t\t<\/div>\n\t\t\t\t<figcaption class='wp-caption-text gallery-caption' id='gallery-1-62134'>\n\t\t\t\tHangar Baltt \/ PJV Arquitetura (\u00a9 Alexandre Zelinski)\n\t\t\t\t<\/figcaption><\/figure><figure class='gallery-item'>\n\t\t\t<div class='gallery-icon portrait'>\n\t\t\t\t<a href='https:\/\/www.arquimaster.com.ar\/web\/wp-content\/uploads\/2021\/01\/hangar_baltt29.jpg' title=\"Hangar Baltt \/ PJV Arquitetura (\u00a9 Alexandre Zelinski)\" data-rl_title=\"Hangar Baltt \/ PJV Arquitetura (\u00a9 Alexandre Zelinski)\" class=\"rl-gallery-link\" data-rl_caption=\"Hangar Baltt \/ PJV Arquitetura (\u00a9 Alexandre Zelinski)\" data-rel=\"lightbox-gallery-1\"><img loading=\"lazy\" decoding=\"async\" width=\"150\" height=\"150\" src=\"https:\/\/www.arquimaster.com.ar\/web\/wp-content\/uploads\/2021\/01\/hangar_baltt29-150x150.jpg\" class=\"attachment-thumbnail size-thumbnail\" alt=\"Hangar Baltt \/ PJV Arquitetura\" aria-describedby=\"gallery-1-62135\" \/><\/a>\n\t\t\t<\/div>\n\t\t\t\t<figcaption class='wp-caption-text gallery-caption' id='gallery-1-62135'>\n\t\t\t\tHangar Baltt \/ PJV Arquitetura (\u00a9 Alexandre Zelinski)\n\t\t\t\t<\/figcaption><\/figure><figure class='gallery-item'>\n\t\t\t<div class='gallery-icon landscape'>\n\t\t\t\t<a href='https:\/\/www.arquimaster.com.ar\/web\/wp-content\/uploads\/2021\/01\/hangar_baltt30.jpg' title=\"Hangar Baltt \/ PJV Arquitetura (\u00a9 Alexandre Zelinski)\" data-rl_title=\"Hangar Baltt \/ PJV Arquitetura (\u00a9 Alexandre Zelinski)\" class=\"rl-gallery-link\" data-rl_caption=\"Hangar Baltt \/ PJV Arquitetura (\u00a9 Alexandre Zelinski)\" data-rel=\"lightbox-gallery-1\"><img loading=\"lazy\" decoding=\"async\" width=\"150\" height=\"150\" src=\"https:\/\/www.arquimaster.com.ar\/web\/wp-content\/uploads\/2021\/01\/hangar_baltt30-150x150.jpg\" class=\"attachment-thumbnail size-thumbnail\" alt=\"Hangar Baltt \/ PJV Arquitetura\" aria-describedby=\"gallery-1-62136\" \/><\/a>\n\t\t\t<\/div>\n\t\t\t\t<figcaption class='wp-caption-text gallery-caption' id='gallery-1-62136'>\n\t\t\t\tHangar Baltt \/ PJV Arquitetura (\u00a9 Alexandre Zelinski)\n\t\t\t\t<\/figcaption><\/figure><figure class='gallery-item'>\n\t\t\t<div class='gallery-icon landscape'>\n\t\t\t\t<a href='https:\/\/www.arquimaster.com.ar\/web\/wp-content\/uploads\/2021\/01\/hangar_baltt31.jpg' title=\"Hangar Baltt \/ PJV Arquitetura (\u00a9 Alexandre Zelinski)\" data-rl_title=\"Hangar Baltt \/ PJV Arquitetura (\u00a9 Alexandre Zelinski)\" class=\"rl-gallery-link\" data-rl_caption=\"Hangar Baltt \/ PJV Arquitetura (\u00a9 Alexandre Zelinski)\" data-rel=\"lightbox-gallery-1\"><img loading=\"lazy\" decoding=\"async\" width=\"150\" height=\"150\" src=\"https:\/\/www.arquimaster.com.ar\/web\/wp-content\/uploads\/2021\/01\/hangar_baltt31-150x150.jpg\" class=\"attachment-thumbnail size-thumbnail\" alt=\"Hangar Baltt \/ PJV Arquitetura\" aria-describedby=\"gallery-1-62137\" \/><\/a>\n\t\t\t<\/div>\n\t\t\t\t<figcaption class='wp-caption-text gallery-caption' id='gallery-1-62137'>\n\t\t\t\tHangar Baltt \/ PJV Arquitetura (\u00a9 Alexandre Zelinski)\n\t\t\t\t<\/figcaption><\/figure><figure class='gallery-item'>\n\t\t\t<div class='gallery-icon landscape'>\n\t\t\t\t<a href='https:\/\/www.arquimaster.com.ar\/web\/wp-content\/uploads\/2021\/01\/hangar_baltt32.jpg' title=\"Hangar Baltt \/ PJV Arquitetura (emplazamiento)\" data-rl_title=\"Hangar Baltt \/ PJV Arquitetura (emplazamiento)\" class=\"rl-gallery-link\" data-rl_caption=\"Hangar Baltt \/ PJV Arquitetura (emplazamiento)\" data-rel=\"lightbox-gallery-1\"><img loading=\"lazy\" decoding=\"async\" width=\"150\" height=\"150\" src=\"https:\/\/www.arquimaster.com.ar\/web\/wp-content\/uploads\/2021\/01\/hangar_baltt32-150x150.jpg\" class=\"attachment-thumbnail size-thumbnail\" alt=\"Hangar Baltt \/ PJV Arquitetura\" aria-describedby=\"gallery-1-62138\" \/><\/a>\n\t\t\t<\/div>\n\t\t\t\t<figcaption class='wp-caption-text gallery-caption' id='gallery-1-62138'>\n\t\t\t\tHangar Baltt \/ PJV Arquitetura (emplazamiento)\n\t\t\t\t<\/figcaption><\/figure><figure class='gallery-item'>\n\t\t\t<div class='gallery-icon portrait'>\n\t\t\t\t<a href='https:\/\/www.arquimaster.com.ar\/web\/wp-content\/uploads\/2021\/01\/hangar_baltt33.jpg' title=\"Hangar Baltt \/ PJV Arquitetura (implantacion)\" data-rl_title=\"Hangar Baltt \/ PJV Arquitetura (implantacion)\" class=\"rl-gallery-link\" data-rl_caption=\"Hangar Baltt \/ PJV Arquitetura (implantacion)\" data-rel=\"lightbox-gallery-1\"><img loading=\"lazy\" decoding=\"async\" width=\"150\" height=\"150\" src=\"https:\/\/www.arquimaster.com.ar\/web\/wp-content\/uploads\/2021\/01\/hangar_baltt33-150x150.jpg\" class=\"attachment-thumbnail size-thumbnail\" alt=\"Hangar Baltt \/ PJV Arquitetura\" aria-describedby=\"gallery-1-62139\" \/><\/a>\n\t\t\t<\/div>\n\t\t\t\t<figcaption class='wp-caption-text gallery-caption' id='gallery-1-62139'>\n\t\t\t\tHangar Baltt \/ PJV Arquitetura (implantacion)\n\t\t\t\t<\/figcaption><\/figure><figure class='gallery-item'>\n\t\t\t<div class='gallery-icon portrait'>\n\t\t\t\t<a href='https:\/\/www.arquimaster.com.ar\/web\/wp-content\/uploads\/2021\/01\/hangar_baltt34.jpg' title=\"Hangar Baltt \/ PJV Arquitetura (planta baja)\" data-rl_title=\"Hangar Baltt \/ PJV Arquitetura (planta baja)\" class=\"rl-gallery-link\" data-rl_caption=\"Hangar Baltt \/ PJV Arquitetura (planta baja)\" data-rel=\"lightbox-gallery-1\"><img loading=\"lazy\" decoding=\"async\" width=\"150\" height=\"150\" src=\"https:\/\/www.arquimaster.com.ar\/web\/wp-content\/uploads\/2021\/01\/hangar_baltt34-150x150.jpg\" class=\"attachment-thumbnail size-thumbnail\" alt=\"Hangar Baltt \/ PJV Arquitetura\" aria-describedby=\"gallery-1-62140\" \/><\/a>\n\t\t\t<\/div>\n\t\t\t\t<figcaption class='wp-caption-text gallery-caption' id='gallery-1-62140'>\n\t\t\t\tHangar Baltt \/ PJV Arquitetura (planta baja)\n\t\t\t\t<\/figcaption><\/figure><figure class='gallery-item'>\n\t\t\t<div class='gallery-icon portrait'>\n\t\t\t\t<a href='https:\/\/www.arquimaster.com.ar\/web\/wp-content\/uploads\/2021\/01\/hangar_baltt35.jpg' title=\"Hangar Baltt \/ PJV Arquitetura (planta 1\u00ba piso)\" data-rl_title=\"Hangar Baltt \/ PJV Arquitetura (planta 1\u00ba piso)\" class=\"rl-gallery-link\" data-rl_caption=\"Hangar Baltt \/ PJV Arquitetura (planta 1\u00ba piso)\" data-rel=\"lightbox-gallery-1\"><img loading=\"lazy\" decoding=\"async\" width=\"150\" height=\"150\" src=\"https:\/\/www.arquimaster.com.ar\/web\/wp-content\/uploads\/2021\/01\/hangar_baltt35-150x150.jpg\" class=\"attachment-thumbnail size-thumbnail\" alt=\"Hangar Baltt \/ PJV Arquitetura\" aria-describedby=\"gallery-1-62141\" \/><\/a>\n\t\t\t<\/div>\n\t\t\t\t<figcaption class='wp-caption-text gallery-caption' id='gallery-1-62141'>\n\t\t\t\tHangar Baltt \/ PJV Arquitetura (planta 1\u00ba piso)\n\t\t\t\t<\/figcaption><\/figure><figure class='gallery-item'>\n\t\t\t<div class='gallery-icon portrait'>\n\t\t\t\t<a href='https:\/\/www.arquimaster.com.ar\/web\/wp-content\/uploads\/2021\/01\/hangar_baltt36.jpg' title=\"Hangar Baltt \/ PJV Arquitetura (planta 2\u00ba piso)\" data-rl_title=\"Hangar Baltt \/ PJV Arquitetura (planta 2\u00ba piso)\" class=\"rl-gallery-link\" data-rl_caption=\"Hangar Baltt \/ PJV Arquitetura (planta 2\u00ba piso)\" data-rel=\"lightbox-gallery-1\"><img loading=\"lazy\" decoding=\"async\" width=\"150\" height=\"150\" src=\"https:\/\/www.arquimaster.com.ar\/web\/wp-content\/uploads\/2021\/01\/hangar_baltt36-150x150.jpg\" class=\"attachment-thumbnail size-thumbnail\" alt=\"Hangar Baltt \/ PJV Arquitetura\" aria-describedby=\"gallery-1-62142\" \/><\/a>\n\t\t\t<\/div>\n\t\t\t\t<figcaption class='wp-caption-text gallery-caption' id='gallery-1-62142'>\n\t\t\t\tHangar Baltt \/ PJV Arquitetura (planta 2\u00ba piso)\n\t\t\t\t<\/figcaption><\/figure><figure class='gallery-item'>\n\t\t\t<div class='gallery-icon portrait'>\n\t\t\t\t<a href='https:\/\/www.arquimaster.com.ar\/web\/wp-content\/uploads\/2021\/01\/hangar_baltt37.jpg' title=\"Hangar Baltt \/ PJV Arquitetura (planta de techos)\" data-rl_title=\"Hangar Baltt \/ PJV Arquitetura (planta de techos)\" class=\"rl-gallery-link\" data-rl_caption=\"Hangar Baltt \/ PJV Arquitetura (planta de techos)\" data-rel=\"lightbox-gallery-1\"><img loading=\"lazy\" decoding=\"async\" width=\"150\" height=\"150\" src=\"https:\/\/www.arquimaster.com.ar\/web\/wp-content\/uploads\/2021\/01\/hangar_baltt37-150x150.jpg\" class=\"attachment-thumbnail size-thumbnail\" alt=\"Hangar Baltt \/ PJV Arquitetura\" aria-describedby=\"gallery-1-62143\" \/><\/a>\n\t\t\t<\/div>\n\t\t\t\t<figcaption class='wp-caption-text gallery-caption' id='gallery-1-62143'>\n\t\t\t\tHangar Baltt \/ PJV Arquitetura (planta de techos)\n\t\t\t\t<\/figcaption><\/figure><figure class='gallery-item'>\n\t\t\t<div class='gallery-icon landscape'>\n\t\t\t\t<a href='https:\/\/www.arquimaster.com.ar\/web\/wp-content\/uploads\/2021\/01\/hangar_baltt38.jpg' title=\"Hangar Baltt \/ PJV Arquitetura (corte)\" data-rl_title=\"Hangar Baltt \/ PJV Arquitetura (corte)\" class=\"rl-gallery-link\" data-rl_caption=\"Hangar Baltt \/ PJV Arquitetura (corte)\" data-rel=\"lightbox-gallery-1\"><img loading=\"lazy\" decoding=\"async\" width=\"150\" height=\"150\" src=\"https:\/\/www.arquimaster.com.ar\/web\/wp-content\/uploads\/2021\/01\/hangar_baltt38-150x150.jpg\" class=\"attachment-thumbnail size-thumbnail\" alt=\"Hangar Baltt \/ PJV Arquitetura\" aria-describedby=\"gallery-1-62144\" \/><\/a>\n\t\t\t<\/div>\n\t\t\t\t<figcaption class='wp-caption-text gallery-caption' id='gallery-1-62144'>\n\t\t\t\tHangar Baltt \/ PJV Arquitetura (corte)\n\t\t\t\t<\/figcaption><\/figure><figure class='gallery-item'>\n\t\t\t<div class='gallery-icon landscape'>\n\t\t\t\t<a href='https:\/\/www.arquimaster.com.ar\/web\/wp-content\/uploads\/2021\/01\/hangar_baltt39.jpg' title=\"Hangar Baltt \/ PJV Arquitetura (corte)\" data-rl_title=\"Hangar Baltt \/ PJV Arquitetura (corte)\" class=\"rl-gallery-link\" data-rl_caption=\"Hangar Baltt \/ PJV Arquitetura (corte)\" data-rel=\"lightbox-gallery-1\"><img loading=\"lazy\" decoding=\"async\" width=\"150\" height=\"150\" src=\"https:\/\/www.arquimaster.com.ar\/web\/wp-content\/uploads\/2021\/01\/hangar_baltt39-150x150.jpg\" class=\"attachment-thumbnail size-thumbnail\" alt=\"Hangar Baltt \/ PJV Arquitetura\" aria-describedby=\"gallery-1-62145\" \/><\/a>\n\t\t\t<\/div>\n\t\t\t\t<figcaption class='wp-caption-text gallery-caption' id='gallery-1-62145'>\n\t\t\t\tHangar Baltt \/ PJV Arquitetura (corte)\n\t\t\t\t<\/figcaption><\/figure><figure class='gallery-item'>\n\t\t\t<div class='gallery-icon landscape'>\n\t\t\t\t<a href='https:\/\/www.arquimaster.com.ar\/web\/wp-content\/uploads\/2021\/01\/hangar_baltt40.jpg' title=\"Hangar Baltt \/ PJV Arquitetura (vista)\" data-rl_title=\"Hangar Baltt \/ PJV Arquitetura (vista)\" class=\"rl-gallery-link\" data-rl_caption=\"Hangar Baltt \/ PJV Arquitetura (vista)\" data-rel=\"lightbox-gallery-1\"><img loading=\"lazy\" decoding=\"async\" width=\"150\" height=\"150\" src=\"https:\/\/www.arquimaster.com.ar\/web\/wp-content\/uploads\/2021\/01\/hangar_baltt40-150x150.jpg\" class=\"attachment-thumbnail size-thumbnail\" alt=\"Hangar Baltt \/ PJV Arquitetura\" aria-describedby=\"gallery-1-62146\" \/><\/a>\n\t\t\t<\/div>\n\t\t\t\t<figcaption class='wp-caption-text gallery-caption' id='gallery-1-62146'>\n\t\t\t\tHangar Baltt \/ PJV Arquitetura (vista)\n\t\t\t\t<\/figcaption><\/figure><figure class='gallery-item'>\n\t\t\t<div class='gallery-icon landscape'>\n\t\t\t\t<a href='https:\/\/www.arquimaster.com.ar\/web\/wp-content\/uploads\/2021\/01\/hangar_baltt41.jpg' title=\"Hangar Baltt \/ PJV Arquitetura (vista)\" data-rl_title=\"Hangar Baltt \/ PJV Arquitetura (vista)\" class=\"rl-gallery-link\" data-rl_caption=\"Hangar Baltt \/ PJV Arquitetura (vista)\" data-rel=\"lightbox-gallery-1\"><img loading=\"lazy\" decoding=\"async\" width=\"150\" height=\"150\" src=\"https:\/\/www.arquimaster.com.ar\/web\/wp-content\/uploads\/2021\/01\/hangar_baltt41-150x150.jpg\" class=\"attachment-thumbnail size-thumbnail\" alt=\"Hangar Baltt \/ PJV Arquitetura\" aria-describedby=\"gallery-1-62147\" \/><\/a>\n\t\t\t<\/div>\n\t\t\t\t<figcaption class='wp-caption-text gallery-caption' id='gallery-1-62147'>\n\t\t\t\tHangar Baltt \/ PJV Arquitetura (vista)\n\t\t\t\t<\/figcaption><\/figure>\n\t\t<\/div>\n\n<p>Dos grandes lagos organizan las v\u00edas internas del lugar y separan de un lado la casa existente y del otro la nueva construcci\u00f3n.<\/p>\n<p>La implantaci\u00f3n del hangar se dio en la porci\u00f3n norte del terreno, en una meseta libre, rodeada de monta\u00f1as y vegetaci\u00f3n abundante al fondo.<\/p>\n<p>El programa completo se constituy\u00f3 de un galp\u00f3n para guardar las aeronaves y taller de apoyo, adem\u00e1s de espacios de trabajo y comodidades para los pilotos.<\/p>\n<p>Dos premisas orientaron el proyecto: el reaprovechamiento de la estructura de un galp\u00f3n pre-moldeado que hab\u00eda sido desmontado y la utilizaci\u00f3n de bloques de hormig\u00f3n, los cuales ser\u00edan producidos por el propio cliente.<\/p>\n<p>La estructura del galp\u00f3n pre-moldeado mide 17&#215;28,55 metros, con una superficie total de 480 m2. Junto a ella se propuso un volumen adjunto, con tres niveles.<\/p>\n<p>En la planta baja se ubica un taller de apoyo al hangar, lavabos y la recepci\u00f3n, con pie derecho doble. En el primer piso se ubica la oficina con un balc\u00f3n con vistas hacia dentro del galp\u00f3n y un panel de cristal que enmarca el paisaje. En el segundo piso se ubica la sala de reuniones, con una gran mesa y los dos pisos para pilotos, estos con acceso independiente a trav\u00e9s de una escalera circular en los fondos de la edificaci\u00f3n.<\/p>\n<p>Los principales materiales utilizados en esta obra fueron: estructura pre-moldeada reaprovechada, techos y bloques en concreto, carpinter\u00edas en PVC, granito negro y hierro.<\/p>\n<p>Se utiliz\u00f3 una puerta de contenedor, pintada en negro y amarillo, para acceder a la recepci\u00f3n con el fin de reforzar el car\u00e1cter industrial del edificio.<\/p>\n<p>En el exterior, la estructura prefabricada fue pintada de negro y enmarca los bloques en concreto rojizos. En el interior del galp\u00f3n todos los materiales fueron pintados de blanco, trayendo a este ambiente caracter\u00edsticas de amplitud, limpieza y homogeneidad.<\/p>\n<p>Para la construcci\u00f3n del bloque adjunto al galp\u00f3n, se utilizaron bloques en concreto en dos tama\u00f1os y distintos acabados. El bloque m\u00e1s grande rojizo de 15 cent\u00edmetros de ancho se us\u00f3 para cerrar el galp\u00f3n y en la mayor\u00eda de las paredes internas y externas. Se usaron bloques de color gris de 10 cent\u00edmetros de ancho en algunas paredes internas y en la uni\u00f3n entre las ventanas en la fachada sur.<\/p>\n<p>Toda la parte estructural de la obra, as\u00ed como las instalaciones hidr\u00e1ulicas y el\u00e9ctricas se pasaron por el interior de los bloques en concreto. Para la escorrent\u00eda del agua de lluvia, por ejemplo, se usaron tuber\u00edas con un di\u00e1metro de 75 mm, los cuales descienden verticalmente dentro de los bloques.<\/p>\n<p>Este es un proyecto que explora el dise\u00f1o industrial. Es un trabajo que expone claramente su tecnolog\u00eda constructiva, mediante la reutilizaci\u00f3n de elementos pre-moldeados ya utilizados en otras obras y que utiliza el bloque de hormig\u00f3n como el elemento principal en la construcci\u00f3n, a veces como una estructura, otras veces simplemente como un cierre.<\/p>\n<p><strong>Ficha t\u00e9cnica<\/strong><br>Nombre: Hangar Baltt<br>Ubicaci\u00f3n: Penha, Estado de Santa Catarina, Brasil<br>Oficina de Arquitectura: PJV Arquitetura<br>Arquitecto Responsable: Pablo J. Vailatti<br>Colaboradores: H\u00e9rica Manentti, Vinicius Schewee<br>Ejecuci\u00f3n de la obra: Baltt Empreiteira<br>Cliente: Rog\u00e9rio Baltt <br>Superficie total construida: 780 m2<br>A\u00f1o de finalizaci\u00f3n de la obra: 2017<br>Fot\u00f3grafo: <a href=\"http:\/\/www.zelinski.com.br\" target=\"_blank\" rel=\"noopener\">Alexandre Zelinski<\/a><\/p>\n<p><strong>Contacto<\/strong><br><a href=\"http:\/\/www.pjvarquitetura.com.br\" target=\"_blank\" rel=\"noopener\">http:\/\/www.pjvarquitetura.com.br<\/a><\/p>\n<p><strong>Sobre el proyectista<\/strong><br>PJV Arquitetura es una oficina creada y dirigida por el arquitecto Pablo Jos\u00e9 Vailatti y est\u00e1 ubicada en la ciudad de Penha, en el estado de Santa Catarina, Brasil. La oficina cree en la vigencia de la arquitectura moderna como norte de su pensamiento. Busca a trav\u00e9s de sus proyectos contribuir para una adecuada formaci\u00f3n de la ciudad y mejor\u00edas del espacio urbano. Explota en sus proyectos algunos principios modernos, como raciocinio, orden y unificaci\u00f3n, junto con las necesidades actuales, como versatilidad, medio ambiente y tecnolog\u00eda. Busca referencias en los mejores proyectos de la historia de la arquitectura moderna brasilera y mundial. PJV Arquitetura posee diversos trabajos realizados, tales como: casas de playa, edificios residenciales, hoteles, espacios urbanos, y participaci\u00f3n en varios concursos.<\/p>\n\n\n<div style=\"height:20px\" aria-hidden=\"true\" class=\"wp-block-spacer\"><\/div>\n\n\n<p><em><strong>English version<\/strong><\/em><\/p>\n<p><em>This project began after ordering from a customer who wanted to build a hangar to house aircraft and related machines.<\/em><\/p>\n<p><em>The chosen place was the land where his country house is located, with a large area and strong relationship with nature. It is easily accessible by road BR-101.<\/em><\/p>\n<p><em>Two large lakes organize the internal ways of the area. At one side is located the existing house and, on the other side the new construction.<\/em><\/p>\n<p><em>The hangar was installed in the northern portion of the terrain, on a free plateau surrounded by mountains and abundant vegetation in the background.<\/em><\/p>\n<p><em>The complete program consisted of a shed to store the aircraft and a support and maintenance workshop, plus workspaces and apartments for the pilots.<\/em><\/p>\n<p><em>Two premises guided the project: the reuse of the structure of a pre-cast shed that had been dismantled and the use of concrete blocks, which would be produced by the customer.<\/em><\/p>\n<p><em>The structure of the pre-cast shed measures 17&#215;28.55 m, with a total area of 480 m2. A volume with three levels was proposed to be attached to the existing structure.<\/em><\/p>\n<p><em>On the ground floor, there are a hangar maintenance shop, toilets and a double stud. On the second level there is an office with a balcony that leads into the shed and a glass panel that frames the landscape. On the third and last level there is a meeting room with a large table and two pilot flats, which allows independent access through an existing circular staircase at the back of the building.<\/em><\/p>\n<p><em>The main materials used in this work were: reused pre-cast structure, concrete ceilings, concrete blocks, PVC frames, black granite, lattice panel slab and iron.<\/em><\/p>\n<p><em>A container door, painted in black and yellow, was used for access to the reception in order to reinforce the industrial character of the building.<\/em><\/p>\n<p><em>On the outside, the pre-cast structure was painted black, which frames the blocks in reddish concrete. Internally, all materials were painted white, providing the environment with amplitude, cleanliness and homogeneity characteristics.<\/em><\/p>\n<p><em>In the construction of the block annexed to the shed, concrete blocks were used, in two different sizes and different finishing. The larger reddish 15 centimeters wide block was used to close the shed and for most of the internal and external walls. Gray colored 10 centimeters wide blocks were used on some internal walls and at the junction between the windows on the south fa\u00e7ade.<\/em><\/p>\n<p><em>All the structural work, both the building hardware and concrete, as well as hydraulic and electrical piping were passed through the concrete blocks. For rainwater runoff, for example, were used 75 mm diameter pipes, which descend vertically inside the blocks.<\/em><\/p>\n<p><em>This is a project that explores industrial design. It is a work that clearly exposes its constructive technology, by reusing pre-fabricated elements already used in other works and that uses the concrete block as the main element in the construction, sometimes as a structure, or simply as a closure.<\/em><\/p>\n<p><em><strong>Our Office<\/strong><\/em><br><em>PJV Arquitetura is an architecture office founded and directed by architect Jos\u00e9 Pablo Vailatti, located in Penha, Santa Catarina State, Brazil. The office believes in modern architecture as its guide thinking. Through its projects it expects to contribute for the proper growing of the city and for urban space improvements. Its projects explore some principles of modern design, such as: rationalization, organization and universalizing connected to the current needs, like versatility, environment and technology. It frequently searches for references on the best projects in the Brazilian and world modern architecture history. PJV Arquitetura has developed several works, such as: projects for beach houses, residential buildings, hotels, urban spaces and takes part in several bids.<\/em><\/p>\n\n\n<div style=\"height:20px\" aria-hidden=\"true\" class=\"wp-block-spacer\"><\/div>\n\n\n<p><em><strong>Vers\u00e3o em portugu\u00eas<\/strong><\/em><\/p>\n<p><em>Este projeto partiu da encomenda de um cliente que desejava construir um hangar para guardar aeronaves e m\u00e1quinas afins.<\/em><\/p>\n<p><em>O local escolhido foi o terreno onde se encontra sua casa de campo, uma grande \u00e1rea com forte rela\u00e7\u00e3o com a natureza e f\u00e1cil acesso pela BR 101.<\/em><\/p>\n<p><em>Dois grandes lagos organizam as vias internas do lugar e separam de um lado a casa exis-tente, e de outro a nova constru\u00e7\u00e3o.<\/em><\/p>\n<p><em>A implanta\u00e7\u00e3o do hangar deu-se na por\u00e7\u00e3o norte do terreno, em um plat\u00f4 livre, cercado de montanhas e vegeta\u00e7\u00e3o abundante ao fundo.<\/em><\/p>\n<p><em>O programa completo constituiu-se de um galp\u00e3o para guardar as aeronaves e oficina de apoio acrescido de espa\u00e7os de trabalho e apartamentos para os pilotos.<\/em><\/p>\n<p><em>Duas premissas orientaram o projeto, o reaproveitamento da estrutura de um galp\u00e3o pr\u00e9-moldado que havia sido desmontado e a utiliza\u00e7\u00e3o de blocos de concreto, que seriam produzidos pelo pr\u00f3prio cliente.<\/em><\/p>\n<p><em>A estrutura do galp\u00e3o pr\u00e9-moldado mede 17&#215;28,55 m, possuindo \u00e1rea total de 480 m2, e junto a ela foi proposto um volume anexo, com tr\u00eas n\u00edveis.<\/em><\/p>\n<p><em>No pavimento t\u00e9rreo, dispomos a oficina de apoio ao hangar, lavabos e a recep\u00e7\u00e3o com p\u00e9-direito duplo. No segundo n\u00edvel est\u00e1 o escrit\u00f3rio com uma sacada para dentro do gal-p\u00e3o e um painel em vidro que emoldura a paisagem. No terceiro e \u00faltimo n\u00edvel est\u00e1 a sala de reuni\u00f5es com uma grande mesa e os dois flats para pilotos, estes com acesso indepen-dente atrav\u00e9s de uma escada circular nos fundos da edifica\u00e7\u00e3o.<\/em><\/p>\n<p><em>Os principais materiais utilizados nesta obra foram: estrutura pr\u00e9-moldada reaproveitada, telh\u00f5es em concreto, blocos em concreto, esquadrias em pvc, granito preto, laje painel treli\u00e7ada e ferro.<\/em><\/p>\n<p><em>Na porta de entrada da recep\u00e7\u00e3o, foi utilizada um porta de container, pintada nas cores preto e amarelo, refor\u00e7ando o car\u00e1ter industrial da edifica\u00e7\u00e3o.<\/em><\/p>\n<p><em>Na parte externa, a estrutura pr\u00e9-moldada foi pintada de preto e emoldura os blocos em concreto avermelhados. Internamente ao galp\u00e3o, todos os materiais foram pintados de branco, trazendo a este ambiente caracter\u00edsticas de amplitude, limpeza e homogeneidade.<\/em><\/p>\n<p><em>Para a constru\u00e7\u00e3o deste bloco anexo ao galp\u00e3o foram utilizados blocos em concreto com dois tipos de tamanhos e acabamentos diferentes.<\/em><\/p>\n<p><em>O bloco maior em tom avermelhado, com 15 cent\u00edmetros de largura, foi utilizado para o fechamento do galp\u00e3o e para grande parte das paredes externas e internas. Os blocos na cor cinza, e com apenas 10 cent\u00edmetros, foram utilizados em algumas paredes internas e na jun\u00e7\u00e3o entre as janelas na fachada sul.<\/em><\/p>\n<p><em>Toda a parte estrutural da obra, tanto ferragem e concreto, quanto as tubula\u00e7\u00f5es hidr\u00e1u-licas, bem como os eletrodutos el\u00e9tricos foram passados por por dentro dos blocos em concreto.<\/em><\/p>\n<p><em>As descidas das \u00e1guas pluviais por exemplo utilizam tubos de 75 mm de di\u00e2metro, e des-cem verticalmente por dentro dos blocos.<\/em><\/p>\n<p><em>\u00c9 um projeto que explora o design industrial, uma obra que exp\u00f5e claramente sua tecno-logia construtiva, que reaproveita elementos pr\u00e9-fabricados j\u00e1 utilizados em outras obras e que utiliza o bloco de concreto como principal elemento na constru\u00e7\u00e3o, ora como estru-tura, ora simplesmente como fechamento.<\/em><\/p>\n<p><em><strong>O escrit\u00f3rio<\/strong><\/em><br><em>PJV Arquitetura \u00e9 um escrit\u00f3rio de arquitetura fundado e dirigido pelo arquiteto Pablo Jos\u00e9 Vailatti, localizado na cidade de Penha, Santa Catarina, Brasil. A empresa acredita na vig\u00eancia da arquitetura moderna como norteadora do seu pensamento arquitet\u00f4nico. Busca atrav\u00e9s de seus projetos contribuir para a adequada forma\u00e7\u00e3o da cidade e melhoria do espa\u00e7o urbano. Explora em seus projetos alguns princ\u00edpios do projeto moderno, tais como: racionaliza\u00e7\u00e3o, ordem e universaliza\u00e7\u00e3o, aliados a necessidades atuais, como versatilidade, meio ambiente e tecnologia. Busca suas refer\u00eancias nos melhores projetos da hist\u00f3ria da arquitetura moderna brasileira e mundial. PJV Arquitetura possui diversos trabalhos realizados, tais como: projetos de casas de praia, edif\u00edcios residenciais, hot\u00e9is, espa\u00e7os urbanos, al\u00e9m da participa\u00e7\u00e3o em concursos.<\/em><\/p>\n<div style=\"font-size: 0px; height: 0px; line-height: 0px; margin: 0; padding: 0; clear: both;\"><\/div><div style=\"margin-top: 0px; margin-bottom: 0px;\" class=\"sharethis-inline-share-buttons\" ><\/div>","protected":false},"excerpt":{"rendered":"<p>Explora el dise\u00f1o industrial, exponiendo claramente su tecnolog\u00eda constructiva&#8230;<\/p>\n","protected":false},"author":1,"featured_media":62106,"comment_status":"closed","ping_status":"closed","sticky":false,"template":"","format":"standard","meta":{"_uag_custom_page_level_css":"","footnotes":""},"categories":[6789,1],"tags":[6697,803,3035,6791,6790,6793,3810,3693,6792,3692,3694,6795],"class_list":["post-62105","post","type-post","status-publish","format-standard","has-post-thumbnail","hentry","category-arquitectura-industrial","category-proyecto","tag-arquitectura-industrial","tag-brasil","tag-depositos","tag-galpon","tag-hangar","tag-herica-manentti","tag-naves-industriales","tag-pablo-j-vailatti","tag-penha","tag-pjv-arquitetura","tag-santa-catarina","tag-vinicius-schewee","generate-columns","tablet-grid-50","mobile-grid-100","grid-parent","grid-50"],"yoast_head":"<!-- This site is optimized with the Yoast SEO plugin v27.3 - https:\/\/yoast.com\/product\/yoast-seo-wordpress\/ -->\n<title>Hangar Baltt \/ PJV Arquitetura - Arquimaster<\/title>\n<meta name=\"description\" content=\"El proyecto explora el dise\u00f1o industrial, exponiendo claramente su tecnolog\u00eda constructiva, mediante la reutilizaci\u00f3n de elementos premoldeados.\" \/>\n<meta name=\"robots\" content=\"index, follow, max-snippet:-1, max-image-preview:large, max-video-preview:-1\" \/>\n<link rel=\"canonical\" href=\"https:\/\/www.arquimaster.com.ar\/web\/hangar-baltt-pjv-arquitetura\/\" \/>\n<meta property=\"og:locale\" content=\"es_ES\" \/>\n<meta property=\"og:type\" content=\"article\" \/>\n<meta property=\"og:title\" content=\"Hangar Baltt \/ PJV Arquitetura\" \/>\n<meta property=\"og:description\" content=\"El proyecto explora el dise\u00f1o industrial, exponiendo claramente su tecnolog\u00eda constructiva, mediante la reutilizaci\u00f3n de elementos premoldeados.\" \/>\n<meta property=\"og:url\" content=\"https:\/\/www.arquimaster.com.ar\/web\/hangar-baltt-pjv-arquitetura\/\" \/>\n<meta property=\"og:site_name\" content=\"Arquimaster\" \/>\n<meta property=\"article:publisher\" content=\"http:\/\/www.facebook.com\/ARQUIMASTER.com.ar\" \/>\n<meta property=\"article:published_time\" content=\"2021-01-14T22:52:51+00:00\" \/>\n<meta property=\"article:modified_time\" content=\"2021-06-13T22:34:00+00:00\" \/>\n<meta property=\"og:image\" content=\"https:\/\/www.arquimaster.com.ar\/web\/wp-content\/uploads\/2021\/01\/hangar_baltt_slide.jpg\" \/>\n\t<meta property=\"og:image:width\" content=\"698\" \/>\n\t<meta property=\"og:image:height\" content=\"364\" \/>\n\t<meta property=\"og:image:type\" content=\"image\/jpeg\" \/>\n<meta name=\"author\" content=\"Arquimaster\" \/>\n<meta name=\"twitter:card\" content=\"summary_large_image\" \/>\n<meta name=\"twitter:title\" content=\"Hangar Baltt \/ PJV Arquitetura\" \/>\n<meta name=\"twitter:description\" content=\"El proyecto explora el dise\u00f1o industrial, exponiendo claramente su tecnolog\u00eda constructiva, mediante la reutilizaci\u00f3n de elementos premoldeados.\" \/>\n<meta name=\"twitter:image\" content=\"https:\/\/www.arquimaster.com.ar\/web\/wp-content\/uploads\/2021\/01\/hangar_baltt_slide.jpg\" \/>\n<meta name=\"twitter:creator\" content=\"@arquimaster\" \/>\n<meta name=\"twitter:site\" content=\"@arquimaster\" \/>\n<meta name=\"twitter:label1\" content=\"Escrito por\" \/>\n\t<meta name=\"twitter:data1\" content=\"Arquimaster\" \/>\n\t<meta name=\"twitter:label2\" content=\"Tiempo de lectura\" \/>\n\t<meta name=\"twitter:data2\" content=\"9 minutos\" \/>\n<script type=\"application\/ld+json\" class=\"yoast-schema-graph\">{\"@context\":\"https:\\\/\\\/schema.org\",\"@graph\":[{\"@type\":\"Article\",\"@id\":\"https:\\\/\\\/www.arquimaster.com.ar\\\/web\\\/hangar-baltt-pjv-arquitetura\\\/#article\",\"isPartOf\":{\"@id\":\"https:\\\/\\\/www.arquimaster.com.ar\\\/web\\\/hangar-baltt-pjv-arquitetura\\\/\"},\"author\":{\"name\":\"Arquimaster\",\"@id\":\"https:\\\/\\\/www.arquimaster.com.ar\\\/web\\\/#\\\/schema\\\/person\\\/359e9f7c00193fcde068e0dd2ceb0028\"},\"headline\":\"Hangar Baltt \\\/ PJV Arquitetura\",\"datePublished\":\"2021-01-14T22:52:51+00:00\",\"dateModified\":\"2021-06-13T22:34:00+00:00\",\"mainEntityOfPage\":{\"@id\":\"https:\\\/\\\/www.arquimaster.com.ar\\\/web\\\/hangar-baltt-pjv-arquitetura\\\/\"},\"wordCount\":2062,\"publisher\":{\"@id\":\"https:\\\/\\\/www.arquimaster.com.ar\\\/web\\\/#organization\"},\"image\":{\"@id\":\"https:\\\/\\\/www.arquimaster.com.ar\\\/web\\\/hangar-baltt-pjv-arquitetura\\\/#primaryimage\"},\"thumbnailUrl\":\"https:\\\/\\\/www.arquimaster.com.ar\\\/web\\\/wp-content\\\/uploads\\\/2021\\\/01\\\/hangar_baltt_slide.jpg\",\"keywords\":[\"arquitectura industrial\",\"Brasil\",\"depositos\",\"galp\u00f3n\",\"hangar\",\"H\u00e9rica Manentti\",\"naves industriales\",\"Pablo J. Vailatti\",\"Penha\",\"PJV Arquitetura\",\"Santa Catarina\",\"Vinicius Schewee\"],\"articleSection\":[\"Arquitectura industrial\",\"Proyecto\"],\"inLanguage\":\"es\"},{\"@type\":\"WebPage\",\"@id\":\"https:\\\/\\\/www.arquimaster.com.ar\\\/web\\\/hangar-baltt-pjv-arquitetura\\\/\",\"url\":\"https:\\\/\\\/www.arquimaster.com.ar\\\/web\\\/hangar-baltt-pjv-arquitetura\\\/\",\"name\":\"Hangar Baltt \\\/ PJV Arquitetura - Arquimaster\",\"isPartOf\":{\"@id\":\"https:\\\/\\\/www.arquimaster.com.ar\\\/web\\\/#website\"},\"primaryImageOfPage\":{\"@id\":\"https:\\\/\\\/www.arquimaster.com.ar\\\/web\\\/hangar-baltt-pjv-arquitetura\\\/#primaryimage\"},\"image\":{\"@id\":\"https:\\\/\\\/www.arquimaster.com.ar\\\/web\\\/hangar-baltt-pjv-arquitetura\\\/#primaryimage\"},\"thumbnailUrl\":\"https:\\\/\\\/www.arquimaster.com.ar\\\/web\\\/wp-content\\\/uploads\\\/2021\\\/01\\\/hangar_baltt_slide.jpg\",\"datePublished\":\"2021-01-14T22:52:51+00:00\",\"dateModified\":\"2021-06-13T22:34:00+00:00\",\"description\":\"El proyecto explora el dise\u00f1o industrial, exponiendo claramente su tecnolog\u00eda constructiva, mediante la reutilizaci\u00f3n de elementos premoldeados.\",\"breadcrumb\":{\"@id\":\"https:\\\/\\\/www.arquimaster.com.ar\\\/web\\\/hangar-baltt-pjv-arquitetura\\\/#breadcrumb\"},\"inLanguage\":\"es\",\"potentialAction\":[{\"@type\":\"ReadAction\",\"target\":[\"https:\\\/\\\/www.arquimaster.com.ar\\\/web\\\/hangar-baltt-pjv-arquitetura\\\/\"]}]},{\"@type\":\"ImageObject\",\"inLanguage\":\"es\",\"@id\":\"https:\\\/\\\/www.arquimaster.com.ar\\\/web\\\/hangar-baltt-pjv-arquitetura\\\/#primaryimage\",\"url\":\"https:\\\/\\\/www.arquimaster.com.ar\\\/web\\\/wp-content\\\/uploads\\\/2021\\\/01\\\/hangar_baltt_slide.jpg\",\"contentUrl\":\"https:\\\/\\\/www.arquimaster.com.ar\\\/web\\\/wp-content\\\/uploads\\\/2021\\\/01\\\/hangar_baltt_slide.jpg\",\"width\":698,\"height\":364,\"caption\":\"Hangar Baltt \\\/ PJV Arquitetura\"},{\"@type\":\"BreadcrumbList\",\"@id\":\"https:\\\/\\\/www.arquimaster.com.ar\\\/web\\\/hangar-baltt-pjv-arquitetura\\\/#breadcrumb\",\"itemListElement\":[{\"@type\":\"ListItem\",\"position\":1,\"name\":\"Portada\",\"item\":\"https:\\\/\\\/www.arquimaster.com.ar\\\/web\\\/\"},{\"@type\":\"ListItem\",\"position\":2,\"name\":\"Hangar Baltt \\\/ PJV Arquitetura\"}]},{\"@type\":\"WebSite\",\"@id\":\"https:\\\/\\\/www.arquimaster.com.ar\\\/web\\\/#website\",\"url\":\"https:\\\/\\\/www.arquimaster.com.ar\\\/web\\\/\",\"name\":\"Arquimaster\",\"description\":\"Web de arquitectura, dise\u00f1o y construccion\",\"publisher\":{\"@id\":\"https:\\\/\\\/www.arquimaster.com.ar\\\/web\\\/#organization\"},\"potentialAction\":[{\"@type\":\"SearchAction\",\"target\":{\"@type\":\"EntryPoint\",\"urlTemplate\":\"https:\\\/\\\/www.arquimaster.com.ar\\\/web\\\/?s={search_term_string}\"},\"query-input\":{\"@type\":\"PropertyValueSpecification\",\"valueRequired\":true,\"valueName\":\"search_term_string\"}}],\"inLanguage\":\"es\"},{\"@type\":\"Organization\",\"@id\":\"https:\\\/\\\/www.arquimaster.com.ar\\\/web\\\/#organization\",\"name\":\"Arquimaster\",\"url\":\"https:\\\/\\\/www.arquimaster.com.ar\\\/web\\\/\",\"logo\":{\"@type\":\"ImageObject\",\"inLanguage\":\"es\",\"@id\":\"https:\\\/\\\/www.arquimaster.com.ar\\\/web\\\/#\\\/schema\\\/logo\\\/image\\\/\",\"url\":\"https:\\\/\\\/www.arquimaster.com.ar\\\/web\\\/wp-content\\\/uploads\\\/2022\\\/06\\\/arquimaster.png\",\"contentUrl\":\"https:\\\/\\\/www.arquimaster.com.ar\\\/web\\\/wp-content\\\/uploads\\\/2022\\\/06\\\/arquimaster.png\",\"width\":594,\"height\":78,\"caption\":\"Arquimaster\"},\"image\":{\"@id\":\"https:\\\/\\\/www.arquimaster.com.ar\\\/web\\\/#\\\/schema\\\/logo\\\/image\\\/\"},\"sameAs\":[\"http:\\\/\\\/www.facebook.com\\\/ARQUIMASTER.com.ar\",\"https:\\\/\\\/x.com\\\/arquimaster\",\"https:\\\/\\\/www.instagram.com\\\/arquimasterblog\\\/\",\"https:\\\/\\\/www.linkedin.com\\\/company\\\/arquimaster\",\"https:\\\/\\\/www.pinterest.com\\\/arquimaster\",\"https:\\\/\\\/t.me\\\/arquimaster\"]},{\"@type\":\"Person\",\"@id\":\"https:\\\/\\\/www.arquimaster.com.ar\\\/web\\\/#\\\/schema\\\/person\\\/359e9f7c00193fcde068e0dd2ceb0028\",\"name\":\"Arquimaster\"}]}<\/script>\n<!-- \/ Yoast SEO plugin. -->","yoast_head_json":{"title":"Hangar Baltt \/ PJV Arquitetura - Arquimaster","description":"El proyecto explora el dise\u00f1o industrial, exponiendo claramente su tecnolog\u00eda constructiva, mediante la reutilizaci\u00f3n de elementos premoldeados.","robots":{"index":"index","follow":"follow","max-snippet":"max-snippet:-1","max-image-preview":"max-image-preview:large","max-video-preview":"max-video-preview:-1"},"canonical":"https:\/\/www.arquimaster.com.ar\/web\/hangar-baltt-pjv-arquitetura\/","og_locale":"es_ES","og_type":"article","og_title":"Hangar Baltt \/ PJV Arquitetura","og_description":"El proyecto explora el dise\u00f1o industrial, exponiendo claramente su tecnolog\u00eda constructiva, mediante la reutilizaci\u00f3n de elementos premoldeados.","og_url":"https:\/\/www.arquimaster.com.ar\/web\/hangar-baltt-pjv-arquitetura\/","og_site_name":"Arquimaster","article_publisher":"http:\/\/www.facebook.com\/ARQUIMASTER.com.ar","article_published_time":"2021-01-14T22:52:51+00:00","article_modified_time":"2021-06-13T22:34:00+00:00","og_image":[{"width":698,"height":364,"url":"https:\/\/www.arquimaster.com.ar\/web\/wp-content\/uploads\/2021\/01\/hangar_baltt_slide.jpg","type":"image\/jpeg"}],"author":"Arquimaster","twitter_card":"summary_large_image","twitter_title":"Hangar Baltt \/ PJV Arquitetura","twitter_description":"El proyecto explora el dise\u00f1o industrial, exponiendo claramente su tecnolog\u00eda constructiva, mediante la reutilizaci\u00f3n de elementos premoldeados.","twitter_image":"https:\/\/www.arquimaster.com.ar\/web\/wp-content\/uploads\/2021\/01\/hangar_baltt_slide.jpg","twitter_creator":"@arquimaster","twitter_site":"@arquimaster","twitter_misc":{"Escrito por":"Arquimaster","Tiempo de lectura":"9 minutos"},"schema":{"@context":"https:\/\/schema.org","@graph":[{"@type":"Article","@id":"https:\/\/www.arquimaster.com.ar\/web\/hangar-baltt-pjv-arquitetura\/#article","isPartOf":{"@id":"https:\/\/www.arquimaster.com.ar\/web\/hangar-baltt-pjv-arquitetura\/"},"author":{"name":"Arquimaster","@id":"https:\/\/www.arquimaster.com.ar\/web\/#\/schema\/person\/359e9f7c00193fcde068e0dd2ceb0028"},"headline":"Hangar Baltt \/ PJV Arquitetura","datePublished":"2021-01-14T22:52:51+00:00","dateModified":"2021-06-13T22:34:00+00:00","mainEntityOfPage":{"@id":"https:\/\/www.arquimaster.com.ar\/web\/hangar-baltt-pjv-arquitetura\/"},"wordCount":2062,"publisher":{"@id":"https:\/\/www.arquimaster.com.ar\/web\/#organization"},"image":{"@id":"https:\/\/www.arquimaster.com.ar\/web\/hangar-baltt-pjv-arquitetura\/#primaryimage"},"thumbnailUrl":"https:\/\/www.arquimaster.com.ar\/web\/wp-content\/uploads\/2021\/01\/hangar_baltt_slide.jpg","keywords":["arquitectura industrial","Brasil","depositos","galp\u00f3n","hangar","H\u00e9rica Manentti","naves industriales","Pablo J. Vailatti","Penha","PJV Arquitetura","Santa Catarina","Vinicius Schewee"],"articleSection":["Arquitectura industrial","Proyecto"],"inLanguage":"es"},{"@type":"WebPage","@id":"https:\/\/www.arquimaster.com.ar\/web\/hangar-baltt-pjv-arquitetura\/","url":"https:\/\/www.arquimaster.com.ar\/web\/hangar-baltt-pjv-arquitetura\/","name":"Hangar Baltt \/ PJV Arquitetura - Arquimaster","isPartOf":{"@id":"https:\/\/www.arquimaster.com.ar\/web\/#website"},"primaryImageOfPage":{"@id":"https:\/\/www.arquimaster.com.ar\/web\/hangar-baltt-pjv-arquitetura\/#primaryimage"},"image":{"@id":"https:\/\/www.arquimaster.com.ar\/web\/hangar-baltt-pjv-arquitetura\/#primaryimage"},"thumbnailUrl":"https:\/\/www.arquimaster.com.ar\/web\/wp-content\/uploads\/2021\/01\/hangar_baltt_slide.jpg","datePublished":"2021-01-14T22:52:51+00:00","dateModified":"2021-06-13T22:34:00+00:00","description":"El proyecto explora el dise\u00f1o industrial, exponiendo claramente su tecnolog\u00eda constructiva, mediante la reutilizaci\u00f3n de elementos premoldeados.","breadcrumb":{"@id":"https:\/\/www.arquimaster.com.ar\/web\/hangar-baltt-pjv-arquitetura\/#breadcrumb"},"inLanguage":"es","potentialAction":[{"@type":"ReadAction","target":["https:\/\/www.arquimaster.com.ar\/web\/hangar-baltt-pjv-arquitetura\/"]}]},{"@type":"ImageObject","inLanguage":"es","@id":"https:\/\/www.arquimaster.com.ar\/web\/hangar-baltt-pjv-arquitetura\/#primaryimage","url":"https:\/\/www.arquimaster.com.ar\/web\/wp-content\/uploads\/2021\/01\/hangar_baltt_slide.jpg","contentUrl":"https:\/\/www.arquimaster.com.ar\/web\/wp-content\/uploads\/2021\/01\/hangar_baltt_slide.jpg","width":698,"height":364,"caption":"Hangar Baltt \/ PJV Arquitetura"},{"@type":"BreadcrumbList","@id":"https:\/\/www.arquimaster.com.ar\/web\/hangar-baltt-pjv-arquitetura\/#breadcrumb","itemListElement":[{"@type":"ListItem","position":1,"name":"Portada","item":"https:\/\/www.arquimaster.com.ar\/web\/"},{"@type":"ListItem","position":2,"name":"Hangar Baltt \/ PJV Arquitetura"}]},{"@type":"WebSite","@id":"https:\/\/www.arquimaster.com.ar\/web\/#website","url":"https:\/\/www.arquimaster.com.ar\/web\/","name":"Arquimaster","description":"Web de arquitectura, dise\u00f1o y construccion","publisher":{"@id":"https:\/\/www.arquimaster.com.ar\/web\/#organization"},"potentialAction":[{"@type":"SearchAction","target":{"@type":"EntryPoint","urlTemplate":"https:\/\/www.arquimaster.com.ar\/web\/?s={search_term_string}"},"query-input":{"@type":"PropertyValueSpecification","valueRequired":true,"valueName":"search_term_string"}}],"inLanguage":"es"},{"@type":"Organization","@id":"https:\/\/www.arquimaster.com.ar\/web\/#organization","name":"Arquimaster","url":"https:\/\/www.arquimaster.com.ar\/web\/","logo":{"@type":"ImageObject","inLanguage":"es","@id":"https:\/\/www.arquimaster.com.ar\/web\/#\/schema\/logo\/image\/","url":"https:\/\/www.arquimaster.com.ar\/web\/wp-content\/uploads\/2022\/06\/arquimaster.png","contentUrl":"https:\/\/www.arquimaster.com.ar\/web\/wp-content\/uploads\/2022\/06\/arquimaster.png","width":594,"height":78,"caption":"Arquimaster"},"image":{"@id":"https:\/\/www.arquimaster.com.ar\/web\/#\/schema\/logo\/image\/"},"sameAs":["http:\/\/www.facebook.com\/ARQUIMASTER.com.ar","https:\/\/x.com\/arquimaster","https:\/\/www.instagram.com\/arquimasterblog\/","https:\/\/www.linkedin.com\/company\/arquimaster","https:\/\/www.pinterest.com\/arquimaster","https:\/\/t.me\/arquimaster"]},{"@type":"Person","@id":"https:\/\/www.arquimaster.com.ar\/web\/#\/schema\/person\/359e9f7c00193fcde068e0dd2ceb0028","name":"Arquimaster"}]}},"uagb_featured_image_src":{"full":["https:\/\/www.arquimaster.com.ar\/web\/wp-content\/uploads\/2021\/01\/hangar_baltt_slide.jpg",698,364,false],"thumbnail":["https:\/\/www.arquimaster.com.ar\/web\/wp-content\/uploads\/2021\/01\/hangar_baltt_slide-150x150.jpg",150,150,true],"medium":["https:\/\/www.arquimaster.com.ar\/web\/wp-content\/uploads\/2021\/01\/hangar_baltt_slide.jpg",698,364,false],"medium_large":["https:\/\/www.arquimaster.com.ar\/web\/wp-content\/uploads\/2021\/01\/hangar_baltt_slide.jpg",698,364,false],"large":["https:\/\/www.arquimaster.com.ar\/web\/wp-content\/uploads\/2021\/01\/hangar_baltt_slide.jpg",698,364,false],"1536x1536":["https:\/\/www.arquimaster.com.ar\/web\/wp-content\/uploads\/2021\/01\/hangar_baltt_slide.jpg",698,364,false],"2048x2048":["https:\/\/www.arquimaster.com.ar\/web\/wp-content\/uploads\/2021\/01\/hangar_baltt_slide.jpg",698,364,false]},"uagb_author_info":{"display_name":"Arquimaster","author_link":"https:\/\/www.arquimaster.com.ar\/web\/author\/arquimaster\/"},"uagb_comment_info":0,"uagb_excerpt":"Explora el dise\u00f1o industrial, exponiendo claramente su tecnolog\u00eda constructiva...","_links":{"self":[{"href":"https:\/\/www.arquimaster.com.ar\/web\/wp-json\/wp\/v2\/posts\/62105","targetHints":{"allow":["GET"]}}],"collection":[{"href":"https:\/\/www.arquimaster.com.ar\/web\/wp-json\/wp\/v2\/posts"}],"about":[{"href":"https:\/\/www.arquimaster.com.ar\/web\/wp-json\/wp\/v2\/types\/post"}],"author":[{"embeddable":true,"href":"https:\/\/www.arquimaster.com.ar\/web\/wp-json\/wp\/v2\/users\/1"}],"replies":[{"embeddable":true,"href":"https:\/\/www.arquimaster.com.ar\/web\/wp-json\/wp\/v2\/comments?post=62105"}],"version-history":[{"count":2,"href":"https:\/\/www.arquimaster.com.ar\/web\/wp-json\/wp\/v2\/posts\/62105\/revisions"}],"predecessor-version":[{"id":62150,"href":"https:\/\/www.arquimaster.com.ar\/web\/wp-json\/wp\/v2\/posts\/62105\/revisions\/62150"}],"wp:featuredmedia":[{"embeddable":true,"href":"https:\/\/www.arquimaster.com.ar\/web\/wp-json\/wp\/v2\/media\/62106"}],"wp:attachment":[{"href":"https:\/\/www.arquimaster.com.ar\/web\/wp-json\/wp\/v2\/media?parent=62105"}],"wp:term":[{"taxonomy":"category","embeddable":true,"href":"https:\/\/www.arquimaster.com.ar\/web\/wp-json\/wp\/v2\/categories?post=62105"},{"taxonomy":"post_tag","embeddable":true,"href":"https:\/\/www.arquimaster.com.ar\/web\/wp-json\/wp\/v2\/tags?post=62105"}],"curies":[{"name":"wp","href":"https:\/\/api.w.org\/{rel}","templated":true}]}}