{"id":6219,"date":"2013-01-24T21:08:07","date_gmt":"2013-01-24T21:08:07","guid":{"rendered":"http:\/\/www.arquimaster.com.ar\/web\/?p=6219"},"modified":"2014-04-13T21:35:02","modified_gmt":"2014-04-13T21:35:02","slug":"locales-comerciales-hudson-factorrecurso","status":"publish","type":"post","link":"https:\/\/www.arquimaster.com.ar\/web\/locales-comerciales-hudson-factorrecurso\/","title":{"rendered":"Locales comerciales Hudson \/ Factor:Recurso"},"content":{"rendered":"<div style=\"margin-top: 0px; margin-bottom: 0px;\" class=\"sharethis-inline-share-buttons\" ><\/div><div class=\"b812932af2e751442846f039925109de\" data-index=\"1\" style=\"float: none; margin:25px 0 25px 0; text-align:center;\">\n<script async src=\"https:\/\/pagead2.googlesyndication.com\/pagead\/js\/adsbygoogle.js\"><\/script>\r\n<!-- Arquimaster (superior) -->\r\n<ins class=\"adsbygoogle\"\r\n     style=\"display:block\"\r\n     data-ad-client=\"ca-pub-6351072698456832\"\r\n     data-ad-slot=\"6455489680\"\r\n     data-ad-format=\"auto\"\r\n     data-full-width-responsive=\"true\"><\/ins>\r\n<script>\r\n     (adsbygoogle = window.adsbygoogle || []).push({});\r\n<\/script>\n<\/div>\n<p><strong>Locales comerciales Hudson<\/strong> (San Pedro Garza Garc\u00eda,Nuevo Leon, Mexico) por <strong>Factor:Recurso<\/strong>. San Pedro Garza Garc\u00eda es un foco de progreso econ\u00f3mico y un emprendedor cultural importante en el estado de Nuevo Le\u00f3n. Su privilegiada ubicaci\u00f3n geogr\u00e1fica ha prove\u00eddo a sus pobladores de los recursos necesarios para mantener su calidad de vida.<\/p>\n<div id='gallery-1' class='gallery galleryid-6219 gallery-columns-3 gallery-size-thumbnail'><figure class='gallery-item'>\n\t\t\t<div class='gallery-icon landscape'>\n\t\t\t\t<a href='https:\/\/www.arquimaster.com.ar\/web\/wp-content\/uploads\/2014\/04\/proyecto_hudson1b.jpg' title=\"Locales comerciales Hudson \/ Factor:Recurso (\u00a9 Carlos Rodriguez Garrido)\" data-rl_title=\"Locales comerciales Hudson \/ Factor:Recurso (\u00a9 Carlos Rodriguez Garrido)\" class=\"rl-gallery-link\" data-rl_caption=\"Locales comerciales Hudson \/ Factor:Recurso (\u00a9 Carlos Rodriguez Garrido)\" data-rel=\"lightbox-gallery-1\"><img loading=\"lazy\" decoding=\"async\" width=\"150\" height=\"150\" src=\"https:\/\/www.arquimaster.com.ar\/web\/wp-content\/uploads\/2014\/04\/proyecto_hudson1b-150x150.jpg\" class=\"attachment-thumbnail size-thumbnail\" alt=\"\" aria-describedby=\"gallery-1-6221\" srcset=\"https:\/\/www.arquimaster.com.ar\/web\/wp-content\/uploads\/2014\/04\/proyecto_hudson1b-150x150.jpg 150w, https:\/\/www.arquimaster.com.ar\/web\/wp-content\/uploads\/2014\/04\/proyecto_hudson1b-50x50.jpg 50w, https:\/\/www.arquimaster.com.ar\/web\/wp-content\/uploads\/2014\/04\/proyecto_hudson1b-125x125.jpg 125w\" sizes=\"auto, (max-width: 150px) 100vw, 150px\" \/><\/a>\n\t\t\t<\/div>\n\t\t\t\t<figcaption class='wp-caption-text gallery-caption' id='gallery-1-6221'>\n\t\t\t\tLocales comerciales Hudson \/ Factor:Recurso (\u00a9 Carlos Rodriguez Garrido)\n\t\t\t\t<\/figcaption><\/figure><figure class='gallery-item'>\n\t\t\t<div class='gallery-icon landscape'>\n\t\t\t\t<a href='https:\/\/www.arquimaster.com.ar\/web\/wp-content\/uploads\/2014\/04\/proyecto_hudson2b.jpg' title=\"Locales comerciales Hudson \/ Factor:Recurso (\u00a9 Carlos Rodriguez Garrido)\" data-rl_title=\"Locales comerciales Hudson \/ Factor:Recurso (\u00a9 Carlos Rodriguez Garrido)\" class=\"rl-gallery-link\" data-rl_caption=\"Locales comerciales Hudson \/ Factor:Recurso (\u00a9 Carlos Rodriguez Garrido)\" data-rel=\"lightbox-gallery-1\"><img loading=\"lazy\" decoding=\"async\" width=\"150\" height=\"150\" src=\"https:\/\/www.arquimaster.com.ar\/web\/wp-content\/uploads\/2014\/04\/proyecto_hudson2b-150x150.jpg\" class=\"attachment-thumbnail size-thumbnail\" alt=\"\" aria-describedby=\"gallery-1-6222\" srcset=\"https:\/\/www.arquimaster.com.ar\/web\/wp-content\/uploads\/2014\/04\/proyecto_hudson2b-150x150.jpg 150w, https:\/\/www.arquimaster.com.ar\/web\/wp-content\/uploads\/2014\/04\/proyecto_hudson2b-50x50.jpg 50w, https:\/\/www.arquimaster.com.ar\/web\/wp-content\/uploads\/2014\/04\/proyecto_hudson2b-125x125.jpg 125w\" sizes=\"auto, (max-width: 150px) 100vw, 150px\" \/><\/a>\n\t\t\t<\/div>\n\t\t\t\t<figcaption class='wp-caption-text gallery-caption' id='gallery-1-6222'>\n\t\t\t\tLocales comerciales Hudson \/ Factor:Recurso (\u00a9 Carlos Rodriguez Garrido)\n\t\t\t\t<\/figcaption><\/figure><figure class='gallery-item'>\n\t\t\t<div class='gallery-icon landscape'>\n\t\t\t\t<a href='https:\/\/www.arquimaster.com.ar\/web\/wp-content\/uploads\/2014\/04\/proyecto_hudson3b.jpg' title=\"Locales comerciales Hudson \/ Factor:Recurso (\u00a9 Carlos Rodriguez Garrido)\" data-rl_title=\"Locales comerciales Hudson \/ Factor:Recurso (\u00a9 Carlos Rodriguez Garrido)\" class=\"rl-gallery-link\" data-rl_caption=\"Locales comerciales Hudson \/ Factor:Recurso (\u00a9 Carlos Rodriguez Garrido)\" data-rel=\"lightbox-gallery-1\"><img loading=\"lazy\" decoding=\"async\" width=\"150\" height=\"150\" src=\"https:\/\/www.arquimaster.com.ar\/web\/wp-content\/uploads\/2014\/04\/proyecto_hudson3b-150x150.jpg\" class=\"attachment-thumbnail size-thumbnail\" alt=\"\" aria-describedby=\"gallery-1-6223\" srcset=\"https:\/\/www.arquimaster.com.ar\/web\/wp-content\/uploads\/2014\/04\/proyecto_hudson3b-150x150.jpg 150w, https:\/\/www.arquimaster.com.ar\/web\/wp-content\/uploads\/2014\/04\/proyecto_hudson3b-50x50.jpg 50w, https:\/\/www.arquimaster.com.ar\/web\/wp-content\/uploads\/2014\/04\/proyecto_hudson3b-125x125.jpg 125w\" sizes=\"auto, (max-width: 150px) 100vw, 150px\" \/><\/a>\n\t\t\t<\/div>\n\t\t\t\t<figcaption class='wp-caption-text gallery-caption' id='gallery-1-6223'>\n\t\t\t\tLocales comerciales Hudson \/ Factor:Recurso (\u00a9 Carlos Rodriguez Garrido)\n\t\t\t\t<\/figcaption><\/figure><figure class='gallery-item'>\n\t\t\t<div class='gallery-icon landscape'>\n\t\t\t\t<a href='https:\/\/www.arquimaster.com.ar\/web\/wp-content\/uploads\/2014\/04\/proyecto_hudson4b.jpg' title=\"Locales comerciales Hudson \/ Factor:Recurso (\u00a9 Carlos Rodriguez Garrido)\" data-rl_title=\"Locales comerciales Hudson \/ Factor:Recurso (\u00a9 Carlos Rodriguez Garrido)\" class=\"rl-gallery-link\" data-rl_caption=\"Locales comerciales Hudson \/ Factor:Recurso (\u00a9 Carlos Rodriguez Garrido)\" data-rel=\"lightbox-gallery-1\"><img loading=\"lazy\" decoding=\"async\" width=\"150\" height=\"150\" src=\"https:\/\/www.arquimaster.com.ar\/web\/wp-content\/uploads\/2014\/04\/proyecto_hudson4b-150x150.jpg\" class=\"attachment-thumbnail size-thumbnail\" alt=\"\" aria-describedby=\"gallery-1-6224\" srcset=\"https:\/\/www.arquimaster.com.ar\/web\/wp-content\/uploads\/2014\/04\/proyecto_hudson4b-150x150.jpg 150w, https:\/\/www.arquimaster.com.ar\/web\/wp-content\/uploads\/2014\/04\/proyecto_hudson4b-50x50.jpg 50w, https:\/\/www.arquimaster.com.ar\/web\/wp-content\/uploads\/2014\/04\/proyecto_hudson4b-125x125.jpg 125w\" sizes=\"auto, (max-width: 150px) 100vw, 150px\" \/><\/a>\n\t\t\t<\/div>\n\t\t\t\t<figcaption class='wp-caption-text gallery-caption' id='gallery-1-6224'>\n\t\t\t\tLocales comerciales Hudson \/ Factor:Recurso (\u00a9 Carlos Rodriguez Garrido)\n\t\t\t\t<\/figcaption><\/figure><figure class='gallery-item'>\n\t\t\t<div class='gallery-icon landscape'>\n\t\t\t\t<a href='https:\/\/www.arquimaster.com.ar\/web\/wp-content\/uploads\/2014\/04\/proyecto_hudson5b.jpg' title=\"Locales comerciales Hudson \/ Factor:Recurso (\u00a9 Carlos Rodriguez Garrido)\" data-rl_title=\"Locales comerciales Hudson \/ Factor:Recurso (\u00a9 Carlos Rodriguez Garrido)\" class=\"rl-gallery-link\" data-rl_caption=\"Locales comerciales Hudson \/ Factor:Recurso (\u00a9 Carlos Rodriguez Garrido)\" data-rel=\"lightbox-gallery-1\"><img loading=\"lazy\" decoding=\"async\" width=\"150\" height=\"150\" src=\"https:\/\/www.arquimaster.com.ar\/web\/wp-content\/uploads\/2014\/04\/proyecto_hudson5b-150x150.jpg\" class=\"attachment-thumbnail size-thumbnail\" alt=\"\" aria-describedby=\"gallery-1-6225\" srcset=\"https:\/\/www.arquimaster.com.ar\/web\/wp-content\/uploads\/2014\/04\/proyecto_hudson5b-150x150.jpg 150w, https:\/\/www.arquimaster.com.ar\/web\/wp-content\/uploads\/2014\/04\/proyecto_hudson5b-50x50.jpg 50w, https:\/\/www.arquimaster.com.ar\/web\/wp-content\/uploads\/2014\/04\/proyecto_hudson5b-125x125.jpg 125w\" sizes=\"auto, (max-width: 150px) 100vw, 150px\" \/><\/a>\n\t\t\t<\/div>\n\t\t\t\t<figcaption class='wp-caption-text gallery-caption' id='gallery-1-6225'>\n\t\t\t\tLocales comerciales Hudson \/ Factor:Recurso (\u00a9 Carlos Rodriguez Garrido)\n\t\t\t\t<\/figcaption><\/figure><figure class='gallery-item'>\n\t\t\t<div class='gallery-icon landscape'>\n\t\t\t\t<a href='https:\/\/www.arquimaster.com.ar\/web\/wp-content\/uploads\/2014\/04\/proyecto_hudson6b.jpg' title=\"Locales comerciales Hudson \/ Factor:Recurso (\u00a9 Carlos Rodriguez Garrido)\" data-rl_title=\"Locales comerciales Hudson \/ Factor:Recurso (\u00a9 Carlos Rodriguez Garrido)\" class=\"rl-gallery-link\" data-rl_caption=\"Locales comerciales Hudson \/ Factor:Recurso (\u00a9 Carlos Rodriguez Garrido)\" data-rel=\"lightbox-gallery-1\"><img loading=\"lazy\" decoding=\"async\" width=\"150\" height=\"150\" src=\"https:\/\/www.arquimaster.com.ar\/web\/wp-content\/uploads\/2014\/04\/proyecto_hudson6b-150x150.jpg\" class=\"attachment-thumbnail size-thumbnail\" alt=\"\" aria-describedby=\"gallery-1-6226\" srcset=\"https:\/\/www.arquimaster.com.ar\/web\/wp-content\/uploads\/2014\/04\/proyecto_hudson6b-150x150.jpg 150w, https:\/\/www.arquimaster.com.ar\/web\/wp-content\/uploads\/2014\/04\/proyecto_hudson6b-50x50.jpg 50w, https:\/\/www.arquimaster.com.ar\/web\/wp-content\/uploads\/2014\/04\/proyecto_hudson6b-125x125.jpg 125w\" sizes=\"auto, (max-width: 150px) 100vw, 150px\" \/><\/a>\n\t\t\t<\/div>\n\t\t\t\t<figcaption class='wp-caption-text gallery-caption' id='gallery-1-6226'>\n\t\t\t\tLocales comerciales Hudson \/ Factor:Recurso (\u00a9 Carlos Rodriguez Garrido)\n\t\t\t\t<\/figcaption><\/figure><figure class='gallery-item'>\n\t\t\t<div class='gallery-icon landscape'>\n\t\t\t\t<a href='https:\/\/www.arquimaster.com.ar\/web\/wp-content\/uploads\/2014\/04\/proyecto_hudson7b.jpg' title=\"Locales comerciales Hudson \/ Factor:Recurso (\u00a9 Carlos Rodriguez Garrido)\" data-rl_title=\"Locales comerciales Hudson \/ Factor:Recurso (\u00a9 Carlos Rodriguez Garrido)\" class=\"rl-gallery-link\" data-rl_caption=\"Locales comerciales Hudson \/ Factor:Recurso (\u00a9 Carlos Rodriguez Garrido)\" data-rel=\"lightbox-gallery-1\"><img loading=\"lazy\" decoding=\"async\" width=\"150\" height=\"150\" src=\"https:\/\/www.arquimaster.com.ar\/web\/wp-content\/uploads\/2014\/04\/proyecto_hudson7b-150x150.jpg\" class=\"attachment-thumbnail size-thumbnail\" alt=\"\" aria-describedby=\"gallery-1-6227\" srcset=\"https:\/\/www.arquimaster.com.ar\/web\/wp-content\/uploads\/2014\/04\/proyecto_hudson7b-150x150.jpg 150w, https:\/\/www.arquimaster.com.ar\/web\/wp-content\/uploads\/2014\/04\/proyecto_hudson7b-50x50.jpg 50w, https:\/\/www.arquimaster.com.ar\/web\/wp-content\/uploads\/2014\/04\/proyecto_hudson7b-125x125.jpg 125w\" sizes=\"auto, (max-width: 150px) 100vw, 150px\" \/><\/a>\n\t\t\t<\/div>\n\t\t\t\t<figcaption class='wp-caption-text gallery-caption' id='gallery-1-6227'>\n\t\t\t\tLocales comerciales Hudson \/ Factor:Recurso (\u00a9 Carlos Rodriguez Garrido)\n\t\t\t\t<\/figcaption><\/figure><figure class='gallery-item'>\n\t\t\t<div class='gallery-icon landscape'>\n\t\t\t\t<a href='https:\/\/www.arquimaster.com.ar\/web\/wp-content\/uploads\/2014\/04\/proyecto_hudson8b.jpg' title=\"Locales comerciales Hudson \/ Factor:Recurso (\u00a9 Carlos Rodriguez Garrido)\" data-rl_title=\"Locales comerciales Hudson \/ Factor:Recurso (\u00a9 Carlos Rodriguez Garrido)\" class=\"rl-gallery-link\" data-rl_caption=\"Locales comerciales Hudson \/ Factor:Recurso (\u00a9 Carlos Rodriguez Garrido)\" data-rel=\"lightbox-gallery-1\"><img loading=\"lazy\" decoding=\"async\" width=\"150\" height=\"150\" src=\"https:\/\/www.arquimaster.com.ar\/web\/wp-content\/uploads\/2014\/04\/proyecto_hudson8b-150x150.jpg\" class=\"attachment-thumbnail size-thumbnail\" alt=\"\" aria-describedby=\"gallery-1-6228\" srcset=\"https:\/\/www.arquimaster.com.ar\/web\/wp-content\/uploads\/2014\/04\/proyecto_hudson8b-150x150.jpg 150w, https:\/\/www.arquimaster.com.ar\/web\/wp-content\/uploads\/2014\/04\/proyecto_hudson8b-50x50.jpg 50w, https:\/\/www.arquimaster.com.ar\/web\/wp-content\/uploads\/2014\/04\/proyecto_hudson8b-125x125.jpg 125w\" sizes=\"auto, (max-width: 150px) 100vw, 150px\" \/><\/a>\n\t\t\t<\/div>\n\t\t\t\t<figcaption class='wp-caption-text gallery-caption' id='gallery-1-6228'>\n\t\t\t\tLocales comerciales Hudson \/ Factor:Recurso (\u00a9 Carlos Rodriguez Garrido)\n\t\t\t\t<\/figcaption><\/figure><figure class='gallery-item'>\n\t\t\t<div class='gallery-icon landscape'>\n\t\t\t\t<a href='https:\/\/www.arquimaster.com.ar\/web\/wp-content\/uploads\/2014\/04\/proyecto_hudson9b.jpg' title=\"Locales comerciales Hudson \/ Factor:Recurso (\u00a9 Carlos Rodriguez Garrido)\" data-rl_title=\"Locales comerciales Hudson \/ Factor:Recurso (\u00a9 Carlos Rodriguez Garrido)\" class=\"rl-gallery-link\" data-rl_caption=\"Locales comerciales Hudson \/ Factor:Recurso (\u00a9 Carlos Rodriguez Garrido)\" data-rel=\"lightbox-gallery-1\"><img loading=\"lazy\" decoding=\"async\" width=\"150\" height=\"150\" src=\"https:\/\/www.arquimaster.com.ar\/web\/wp-content\/uploads\/2014\/04\/proyecto_hudson9b-150x150.jpg\" class=\"attachment-thumbnail size-thumbnail\" alt=\"\" aria-describedby=\"gallery-1-6229\" srcset=\"https:\/\/www.arquimaster.com.ar\/web\/wp-content\/uploads\/2014\/04\/proyecto_hudson9b-150x150.jpg 150w, https:\/\/www.arquimaster.com.ar\/web\/wp-content\/uploads\/2014\/04\/proyecto_hudson9b-50x50.jpg 50w, https:\/\/www.arquimaster.com.ar\/web\/wp-content\/uploads\/2014\/04\/proyecto_hudson9b-125x125.jpg 125w\" sizes=\"auto, (max-width: 150px) 100vw, 150px\" \/><\/a>\n\t\t\t<\/div>\n\t\t\t\t<figcaption class='wp-caption-text gallery-caption' id='gallery-1-6229'>\n\t\t\t\tLocales comerciales Hudson \/ Factor:Recurso (\u00a9 Carlos Rodriguez Garrido)\n\t\t\t\t<\/figcaption><\/figure><figure class='gallery-item'>\n\t\t\t<div class='gallery-icon landscape'>\n\t\t\t\t<a href='https:\/\/www.arquimaster.com.ar\/web\/wp-content\/uploads\/2014\/04\/proyecto_hudson10b.jpg' title=\"Locales comerciales Hudson \/ Factor:Recurso (\u00a9 Carlos Rodriguez Garrido)\" data-rl_title=\"Locales comerciales Hudson \/ Factor:Recurso (\u00a9 Carlos Rodriguez Garrido)\" class=\"rl-gallery-link\" data-rl_caption=\"Locales comerciales Hudson \/ Factor:Recurso (\u00a9 Carlos Rodriguez Garrido)\" data-rel=\"lightbox-gallery-1\"><img loading=\"lazy\" decoding=\"async\" width=\"150\" height=\"150\" src=\"https:\/\/www.arquimaster.com.ar\/web\/wp-content\/uploads\/2014\/04\/proyecto_hudson10b-150x150.jpg\" class=\"attachment-thumbnail size-thumbnail\" alt=\"\" aria-describedby=\"gallery-1-6230\" srcset=\"https:\/\/www.arquimaster.com.ar\/web\/wp-content\/uploads\/2014\/04\/proyecto_hudson10b-150x150.jpg 150w, https:\/\/www.arquimaster.com.ar\/web\/wp-content\/uploads\/2014\/04\/proyecto_hudson10b-50x50.jpg 50w, https:\/\/www.arquimaster.com.ar\/web\/wp-content\/uploads\/2014\/04\/proyecto_hudson10b-125x125.jpg 125w\" sizes=\"auto, (max-width: 150px) 100vw, 150px\" \/><\/a>\n\t\t\t<\/div>\n\t\t\t\t<figcaption class='wp-caption-text gallery-caption' id='gallery-1-6230'>\n\t\t\t\tLocales comerciales Hudson \/ Factor:Recurso (\u00a9 Carlos Rodriguez Garrido)\n\t\t\t\t<\/figcaption><\/figure><figure class='gallery-item'>\n\t\t\t<div class='gallery-icon portrait'>\n\t\t\t\t<a href='https:\/\/www.arquimaster.com.ar\/web\/wp-content\/uploads\/2014\/04\/proyecto_hudson11b.jpg' title=\"Locales comerciales Hudson \/ Factor:Recurso (\u00a9 Carlos Rodriguez Garrido)\" data-rl_title=\"Locales comerciales Hudson \/ Factor:Recurso (\u00a9 Carlos Rodriguez Garrido)\" class=\"rl-gallery-link\" data-rl_caption=\"Locales comerciales Hudson \/ Factor:Recurso (\u00a9 Carlos Rodriguez Garrido)\" data-rel=\"lightbox-gallery-1\"><img loading=\"lazy\" decoding=\"async\" width=\"150\" height=\"150\" src=\"https:\/\/www.arquimaster.com.ar\/web\/wp-content\/uploads\/2014\/04\/proyecto_hudson11b-150x150.jpg\" class=\"attachment-thumbnail size-thumbnail\" alt=\"\" aria-describedby=\"gallery-1-6231\" srcset=\"https:\/\/www.arquimaster.com.ar\/web\/wp-content\/uploads\/2014\/04\/proyecto_hudson11b-150x150.jpg 150w, https:\/\/www.arquimaster.com.ar\/web\/wp-content\/uploads\/2014\/04\/proyecto_hudson11b-50x50.jpg 50w, https:\/\/www.arquimaster.com.ar\/web\/wp-content\/uploads\/2014\/04\/proyecto_hudson11b-125x125.jpg 125w\" sizes=\"auto, (max-width: 150px) 100vw, 150px\" \/><\/a>\n\t\t\t<\/div>\n\t\t\t\t<figcaption class='wp-caption-text gallery-caption' id='gallery-1-6231'>\n\t\t\t\tLocales comerciales Hudson \/ Factor:Recurso (\u00a9 Carlos Rodriguez Garrido)\n\t\t\t\t<\/figcaption><\/figure><figure class='gallery-item'>\n\t\t\t<div class='gallery-icon portrait'>\n\t\t\t\t<a href='https:\/\/www.arquimaster.com.ar\/web\/wp-content\/uploads\/2014\/04\/proyecto_hudson12b.jpg' title=\"Locales comerciales Hudson \/ Factor:Recurso (\u00a9 Carlos Rodriguez Garrido)\" data-rl_title=\"Locales comerciales Hudson \/ Factor:Recurso (\u00a9 Carlos Rodriguez Garrido)\" class=\"rl-gallery-link\" data-rl_caption=\"Locales comerciales Hudson \/ Factor:Recurso (\u00a9 Carlos Rodriguez Garrido)\" data-rel=\"lightbox-gallery-1\"><img loading=\"lazy\" decoding=\"async\" width=\"150\" height=\"150\" src=\"https:\/\/www.arquimaster.com.ar\/web\/wp-content\/uploads\/2014\/04\/proyecto_hudson12b-150x150.jpg\" class=\"attachment-thumbnail size-thumbnail\" alt=\"\" aria-describedby=\"gallery-1-6232\" srcset=\"https:\/\/www.arquimaster.com.ar\/web\/wp-content\/uploads\/2014\/04\/proyecto_hudson12b-150x150.jpg 150w, https:\/\/www.arquimaster.com.ar\/web\/wp-content\/uploads\/2014\/04\/proyecto_hudson12b-50x50.jpg 50w, https:\/\/www.arquimaster.com.ar\/web\/wp-content\/uploads\/2014\/04\/proyecto_hudson12b-125x125.jpg 125w\" sizes=\"auto, (max-width: 150px) 100vw, 150px\" \/><\/a>\n\t\t\t<\/div>\n\t\t\t\t<figcaption class='wp-caption-text gallery-caption' id='gallery-1-6232'>\n\t\t\t\tLocales comerciales Hudson \/ Factor:Recurso (\u00a9 Carlos Rodriguez Garrido)\n\t\t\t\t<\/figcaption><\/figure><figure class='gallery-item'>\n\t\t\t<div class='gallery-icon portrait'>\n\t\t\t\t<a href='https:\/\/www.arquimaster.com.ar\/web\/wp-content\/uploads\/2014\/04\/proyecto_hudson13b.jpg' title=\"Locales comerciales Hudson \/ Factor:Recurso (\u00a9 Carlos Rodriguez Garrido)\" data-rl_title=\"Locales comerciales Hudson \/ Factor:Recurso (\u00a9 Carlos Rodriguez Garrido)\" class=\"rl-gallery-link\" data-rl_caption=\"Locales comerciales Hudson \/ Factor:Recurso (\u00a9 Carlos Rodriguez Garrido)\" data-rel=\"lightbox-gallery-1\"><img loading=\"lazy\" decoding=\"async\" width=\"150\" height=\"150\" src=\"https:\/\/www.arquimaster.com.ar\/web\/wp-content\/uploads\/2014\/04\/proyecto_hudson13b-150x150.jpg\" class=\"attachment-thumbnail size-thumbnail\" alt=\"\" aria-describedby=\"gallery-1-6233\" srcset=\"https:\/\/www.arquimaster.com.ar\/web\/wp-content\/uploads\/2014\/04\/proyecto_hudson13b-150x150.jpg 150w, https:\/\/www.arquimaster.com.ar\/web\/wp-content\/uploads\/2014\/04\/proyecto_hudson13b-50x50.jpg 50w, https:\/\/www.arquimaster.com.ar\/web\/wp-content\/uploads\/2014\/04\/proyecto_hudson13b-125x125.jpg 125w\" sizes=\"auto, (max-width: 150px) 100vw, 150px\" \/><\/a>\n\t\t\t<\/div>\n\t\t\t\t<figcaption class='wp-caption-text gallery-caption' id='gallery-1-6233'>\n\t\t\t\tLocales comerciales Hudson \/ Factor:Recurso (\u00a9 Carlos Rodriguez Garrido)\n\t\t\t\t<\/figcaption><\/figure><figure class='gallery-item'>\n\t\t\t<div class='gallery-icon portrait'>\n\t\t\t\t<a href='https:\/\/www.arquimaster.com.ar\/web\/wp-content\/uploads\/2014\/04\/proyecto_hudson14b.jpg' title=\"Locales comerciales Hudson \/ Factor:Recurso (\u00a9 Carlos Rodriguez Garrido)\" data-rl_title=\"Locales comerciales Hudson \/ Factor:Recurso (\u00a9 Carlos Rodriguez Garrido)\" class=\"rl-gallery-link\" data-rl_caption=\"Locales comerciales Hudson \/ Factor:Recurso (\u00a9 Carlos Rodriguez Garrido)\" data-rel=\"lightbox-gallery-1\"><img loading=\"lazy\" decoding=\"async\" width=\"150\" height=\"150\" src=\"https:\/\/www.arquimaster.com.ar\/web\/wp-content\/uploads\/2014\/04\/proyecto_hudson14b-150x150.jpg\" class=\"attachment-thumbnail size-thumbnail\" alt=\"\" aria-describedby=\"gallery-1-6234\" srcset=\"https:\/\/www.arquimaster.com.ar\/web\/wp-content\/uploads\/2014\/04\/proyecto_hudson14b-150x150.jpg 150w, https:\/\/www.arquimaster.com.ar\/web\/wp-content\/uploads\/2014\/04\/proyecto_hudson14b-50x50.jpg 50w, https:\/\/www.arquimaster.com.ar\/web\/wp-content\/uploads\/2014\/04\/proyecto_hudson14b-125x125.jpg 125w\" sizes=\"auto, (max-width: 150px) 100vw, 150px\" \/><\/a>\n\t\t\t<\/div>\n\t\t\t\t<figcaption class='wp-caption-text gallery-caption' id='gallery-1-6234'>\n\t\t\t\tLocales comerciales Hudson \/ Factor:Recurso (\u00a9 Carlos Rodriguez Garrido)\n\t\t\t\t<\/figcaption><\/figure><figure class='gallery-item'>\n\t\t\t<div class='gallery-icon landscape'>\n\t\t\t\t<a href='https:\/\/www.arquimaster.com.ar\/web\/wp-content\/uploads\/2014\/04\/proyecto_hudson15b.jpg' title=\"Locales comerciales Hudson \/ Factor:Recurso (\u00a9 Carlos Rodriguez Garrido)\" data-rl_title=\"Locales comerciales Hudson \/ Factor:Recurso (\u00a9 Carlos Rodriguez Garrido)\" class=\"rl-gallery-link\" data-rl_caption=\"Locales comerciales Hudson \/ Factor:Recurso (\u00a9 Carlos Rodriguez Garrido)\" data-rel=\"lightbox-gallery-1\"><img loading=\"lazy\" decoding=\"async\" width=\"150\" height=\"150\" src=\"https:\/\/www.arquimaster.com.ar\/web\/wp-content\/uploads\/2014\/04\/proyecto_hudson15b-150x150.jpg\" class=\"attachment-thumbnail size-thumbnail\" alt=\"\" aria-describedby=\"gallery-1-6235\" srcset=\"https:\/\/www.arquimaster.com.ar\/web\/wp-content\/uploads\/2014\/04\/proyecto_hudson15b-150x150.jpg 150w, https:\/\/www.arquimaster.com.ar\/web\/wp-content\/uploads\/2014\/04\/proyecto_hudson15b-50x50.jpg 50w, https:\/\/www.arquimaster.com.ar\/web\/wp-content\/uploads\/2014\/04\/proyecto_hudson15b-125x125.jpg 125w\" sizes=\"auto, (max-width: 150px) 100vw, 150px\" \/><\/a>\n\t\t\t<\/div>\n\t\t\t\t<figcaption class='wp-caption-text gallery-caption' id='gallery-1-6235'>\n\t\t\t\tLocales comerciales Hudson \/ Factor:Recurso (\u00a9 Carlos Rodriguez Garrido)\n\t\t\t\t<\/figcaption><\/figure><figure class='gallery-item'>\n\t\t\t<div class='gallery-icon landscape'>\n\t\t\t\t<a href='https:\/\/www.arquimaster.com.ar\/web\/wp-content\/uploads\/2014\/04\/proyecto_hudson16b.jpg' title=\"Locales comerciales Hudson \/ Factor:Recurso (\u00a9 Carlos Rodriguez Garrido)\" data-rl_title=\"Locales comerciales Hudson \/ Factor:Recurso (\u00a9 Carlos Rodriguez Garrido)\" class=\"rl-gallery-link\" data-rl_caption=\"Locales comerciales Hudson \/ Factor:Recurso (\u00a9 Carlos Rodriguez Garrido)\" data-rel=\"lightbox-gallery-1\"><img loading=\"lazy\" decoding=\"async\" width=\"150\" height=\"150\" src=\"https:\/\/www.arquimaster.com.ar\/web\/wp-content\/uploads\/2014\/04\/proyecto_hudson16b-150x150.jpg\" class=\"attachment-thumbnail size-thumbnail\" alt=\"\" aria-describedby=\"gallery-1-6236\" srcset=\"https:\/\/www.arquimaster.com.ar\/web\/wp-content\/uploads\/2014\/04\/proyecto_hudson16b-150x150.jpg 150w, https:\/\/www.arquimaster.com.ar\/web\/wp-content\/uploads\/2014\/04\/proyecto_hudson16b-50x50.jpg 50w, https:\/\/www.arquimaster.com.ar\/web\/wp-content\/uploads\/2014\/04\/proyecto_hudson16b-125x125.jpg 125w\" sizes=\"auto, (max-width: 150px) 100vw, 150px\" \/><\/a>\n\t\t\t<\/div>\n\t\t\t\t<figcaption class='wp-caption-text gallery-caption' id='gallery-1-6236'>\n\t\t\t\tLocales comerciales Hudson \/ Factor:Recurso (\u00a9 Carlos Rodriguez Garrido)\n\t\t\t\t<\/figcaption><\/figure><figure class='gallery-item'>\n\t\t\t<div class='gallery-icon landscape'>\n\t\t\t\t<a href='https:\/\/www.arquimaster.com.ar\/web\/wp-content\/uploads\/2014\/04\/proyecto_hudson17b.jpg' title=\"Locales comerciales Hudson \/ Factor:Recurso\" data-rl_title=\"Locales comerciales Hudson \/ Factor:Recurso\" class=\"rl-gallery-link\" data-rl_caption=\"Locales comerciales Hudson \/ Factor:Recurso\" data-rel=\"lightbox-gallery-1\"><img loading=\"lazy\" decoding=\"async\" width=\"150\" height=\"150\" src=\"https:\/\/www.arquimaster.com.ar\/web\/wp-content\/uploads\/2014\/04\/proyecto_hudson17b-150x150.jpg\" class=\"attachment-thumbnail size-thumbnail\" alt=\"\" aria-describedby=\"gallery-1-6237\" srcset=\"https:\/\/www.arquimaster.com.ar\/web\/wp-content\/uploads\/2014\/04\/proyecto_hudson17b-150x150.jpg 150w, https:\/\/www.arquimaster.com.ar\/web\/wp-content\/uploads\/2014\/04\/proyecto_hudson17b-50x50.jpg 50w, https:\/\/www.arquimaster.com.ar\/web\/wp-content\/uploads\/2014\/04\/proyecto_hudson17b-125x125.jpg 125w\" sizes=\"auto, (max-width: 150px) 100vw, 150px\" \/><\/a>\n\t\t\t<\/div>\n\t\t\t\t<figcaption class='wp-caption-text gallery-caption' id='gallery-1-6237'>\n\t\t\t\tLocales comerciales Hudson \/ Factor:Recurso\n\t\t\t\t<\/figcaption><\/figure><figure class='gallery-item'>\n\t\t\t<div class='gallery-icon landscape'>\n\t\t\t\t<a href='https:\/\/www.arquimaster.com.ar\/web\/wp-content\/uploads\/2014\/04\/proyecto_hudson18b.jpg' title=\"Locales comerciales Hudson \/ Factor:Recurso\" data-rl_title=\"Locales comerciales Hudson \/ Factor:Recurso\" class=\"rl-gallery-link\" data-rl_caption=\"Locales comerciales Hudson \/ Factor:Recurso\" data-rel=\"lightbox-gallery-1\"><img loading=\"lazy\" decoding=\"async\" width=\"150\" height=\"150\" src=\"https:\/\/www.arquimaster.com.ar\/web\/wp-content\/uploads\/2014\/04\/proyecto_hudson18b-150x150.jpg\" class=\"attachment-thumbnail size-thumbnail\" alt=\"\" aria-describedby=\"gallery-1-6238\" srcset=\"https:\/\/www.arquimaster.com.ar\/web\/wp-content\/uploads\/2014\/04\/proyecto_hudson18b-150x150.jpg 150w, https:\/\/www.arquimaster.com.ar\/web\/wp-content\/uploads\/2014\/04\/proyecto_hudson18b-50x50.jpg 50w, https:\/\/www.arquimaster.com.ar\/web\/wp-content\/uploads\/2014\/04\/proyecto_hudson18b-125x125.jpg 125w\" sizes=\"auto, (max-width: 150px) 100vw, 150px\" \/><\/a>\n\t\t\t<\/div>\n\t\t\t\t<figcaption class='wp-caption-text gallery-caption' id='gallery-1-6238'>\n\t\t\t\tLocales comerciales Hudson \/ Factor:Recurso\n\t\t\t\t<\/figcaption><\/figure><figure class='gallery-item'>\n\t\t\t<div class='gallery-icon landscape'>\n\t\t\t\t<a href='https:\/\/www.arquimaster.com.ar\/web\/wp-content\/uploads\/2014\/04\/proyecto_hudson19b.jpg' title=\"Locales comerciales Hudson \/ Factor:Recurso\" data-rl_title=\"Locales comerciales Hudson \/ Factor:Recurso\" class=\"rl-gallery-link\" data-rl_caption=\"Locales comerciales Hudson \/ Factor:Recurso\" data-rel=\"lightbox-gallery-1\"><img loading=\"lazy\" decoding=\"async\" width=\"150\" height=\"150\" src=\"https:\/\/www.arquimaster.com.ar\/web\/wp-content\/uploads\/2014\/04\/proyecto_hudson19b-150x150.jpg\" class=\"attachment-thumbnail size-thumbnail\" alt=\"\" aria-describedby=\"gallery-1-6239\" srcset=\"https:\/\/www.arquimaster.com.ar\/web\/wp-content\/uploads\/2014\/04\/proyecto_hudson19b-150x150.jpg 150w, https:\/\/www.arquimaster.com.ar\/web\/wp-content\/uploads\/2014\/04\/proyecto_hudson19b-50x50.jpg 50w, https:\/\/www.arquimaster.com.ar\/web\/wp-content\/uploads\/2014\/04\/proyecto_hudson19b-125x125.jpg 125w\" sizes=\"auto, (max-width: 150px) 100vw, 150px\" \/><\/a>\n\t\t\t<\/div>\n\t\t\t\t<figcaption class='wp-caption-text gallery-caption' id='gallery-1-6239'>\n\t\t\t\tLocales comerciales Hudson \/ Factor:Recurso\n\t\t\t\t<\/figcaption><\/figure><figure class='gallery-item'>\n\t\t\t<div class='gallery-icon landscape'>\n\t\t\t\t<a href='https:\/\/www.arquimaster.com.ar\/web\/wp-content\/uploads\/2014\/04\/proyecto_hudson20b.jpg' title=\"Locales comerciales Hudson \/ Factor:Recurso\" data-rl_title=\"Locales comerciales Hudson \/ Factor:Recurso\" class=\"rl-gallery-link\" data-rl_caption=\"Locales comerciales Hudson \/ Factor:Recurso\" data-rel=\"lightbox-gallery-1\"><img loading=\"lazy\" decoding=\"async\" width=\"150\" height=\"150\" src=\"https:\/\/www.arquimaster.com.ar\/web\/wp-content\/uploads\/2014\/04\/proyecto_hudson20b-150x150.jpg\" class=\"attachment-thumbnail size-thumbnail\" alt=\"\" aria-describedby=\"gallery-1-6240\" srcset=\"https:\/\/www.arquimaster.com.ar\/web\/wp-content\/uploads\/2014\/04\/proyecto_hudson20b-150x150.jpg 150w, https:\/\/www.arquimaster.com.ar\/web\/wp-content\/uploads\/2014\/04\/proyecto_hudson20b-50x50.jpg 50w, https:\/\/www.arquimaster.com.ar\/web\/wp-content\/uploads\/2014\/04\/proyecto_hudson20b-125x125.jpg 125w\" sizes=\"auto, (max-width: 150px) 100vw, 150px\" \/><\/a>\n\t\t\t<\/div>\n\t\t\t\t<figcaption class='wp-caption-text gallery-caption' id='gallery-1-6240'>\n\t\t\t\tLocales comerciales Hudson \/ Factor:Recurso\n\t\t\t\t<\/figcaption><\/figure><figure class='gallery-item'>\n\t\t\t<div class='gallery-icon landscape'>\n\t\t\t\t<a href='https:\/\/www.arquimaster.com.ar\/web\/wp-content\/uploads\/2014\/04\/proyecto_hudson21b.jpg' title=\"Locales comerciales Hudson \/ Factor:Recurso\" data-rl_title=\"Locales comerciales Hudson \/ Factor:Recurso\" class=\"rl-gallery-link\" data-rl_caption=\"Locales comerciales Hudson \/ Factor:Recurso\" data-rel=\"lightbox-gallery-1\"><img loading=\"lazy\" decoding=\"async\" width=\"150\" height=\"150\" src=\"https:\/\/www.arquimaster.com.ar\/web\/wp-content\/uploads\/2014\/04\/proyecto_hudson21b-150x150.jpg\" class=\"attachment-thumbnail size-thumbnail\" alt=\"\" aria-describedby=\"gallery-1-6241\" srcset=\"https:\/\/www.arquimaster.com.ar\/web\/wp-content\/uploads\/2014\/04\/proyecto_hudson21b-150x150.jpg 150w, https:\/\/www.arquimaster.com.ar\/web\/wp-content\/uploads\/2014\/04\/proyecto_hudson21b-50x50.jpg 50w, https:\/\/www.arquimaster.com.ar\/web\/wp-content\/uploads\/2014\/04\/proyecto_hudson21b-125x125.jpg 125w\" sizes=\"auto, (max-width: 150px) 100vw, 150px\" \/><\/a>\n\t\t\t<\/div>\n\t\t\t\t<figcaption class='wp-caption-text gallery-caption' id='gallery-1-6241'>\n\t\t\t\tLocales comerciales Hudson \/ Factor:Recurso\n\t\t\t\t<\/figcaption><\/figure><figure class='gallery-item'>\n\t\t\t<div class='gallery-icon landscape'>\n\t\t\t\t<a href='https:\/\/www.arquimaster.com.ar\/web\/wp-content\/uploads\/2014\/04\/proyecto_hudson22b.jpg' title=\"Locales comerciales Hudson \/ Factor:Recurso\" data-rl_title=\"Locales comerciales Hudson \/ Factor:Recurso\" class=\"rl-gallery-link\" data-rl_caption=\"Locales comerciales Hudson \/ Factor:Recurso\" data-rel=\"lightbox-gallery-1\"><img loading=\"lazy\" decoding=\"async\" width=\"150\" height=\"150\" src=\"https:\/\/www.arquimaster.com.ar\/web\/wp-content\/uploads\/2014\/04\/proyecto_hudson22b-150x150.jpg\" class=\"attachment-thumbnail size-thumbnail\" alt=\"\" aria-describedby=\"gallery-1-6242\" srcset=\"https:\/\/www.arquimaster.com.ar\/web\/wp-content\/uploads\/2014\/04\/proyecto_hudson22b-150x150.jpg 150w, https:\/\/www.arquimaster.com.ar\/web\/wp-content\/uploads\/2014\/04\/proyecto_hudson22b-50x50.jpg 50w, https:\/\/www.arquimaster.com.ar\/web\/wp-content\/uploads\/2014\/04\/proyecto_hudson22b-125x125.jpg 125w\" sizes=\"auto, (max-width: 150px) 100vw, 150px\" \/><\/a>\n\t\t\t<\/div>\n\t\t\t\t<figcaption class='wp-caption-text gallery-caption' id='gallery-1-6242'>\n\t\t\t\tLocales comerciales Hudson \/ Factor:Recurso\n\t\t\t\t<\/figcaption><\/figure><figure class='gallery-item'>\n\t\t\t<div class='gallery-icon landscape'>\n\t\t\t\t<a href='https:\/\/www.arquimaster.com.ar\/web\/wp-content\/uploads\/2014\/04\/proyecto_hudson_corte.jpg' title=\"Locales comerciales Hudson \/ Factor:Recurso (corte)\" data-rl_title=\"Locales comerciales Hudson \/ Factor:Recurso (corte)\" class=\"rl-gallery-link\" data-rl_caption=\"Locales comerciales Hudson \/ Factor:Recurso (corte)\" data-rel=\"lightbox-gallery-1\"><img loading=\"lazy\" decoding=\"async\" width=\"150\" height=\"150\" src=\"https:\/\/www.arquimaster.com.ar\/web\/wp-content\/uploads\/2014\/04\/proyecto_hudson_corte-150x150.jpg\" class=\"attachment-thumbnail size-thumbnail\" alt=\"\" aria-describedby=\"gallery-1-6243\" srcset=\"https:\/\/www.arquimaster.com.ar\/web\/wp-content\/uploads\/2014\/04\/proyecto_hudson_corte-150x150.jpg 150w, https:\/\/www.arquimaster.com.ar\/web\/wp-content\/uploads\/2014\/04\/proyecto_hudson_corte-50x50.jpg 50w, https:\/\/www.arquimaster.com.ar\/web\/wp-content\/uploads\/2014\/04\/proyecto_hudson_corte-125x125.jpg 125w\" sizes=\"auto, (max-width: 150px) 100vw, 150px\" \/><\/a>\n\t\t\t<\/div>\n\t\t\t\t<figcaption class='wp-caption-text gallery-caption' id='gallery-1-6243'>\n\t\t\t\tLocales comerciales Hudson \/ Factor:Recurso (corte)\n\t\t\t\t<\/figcaption><\/figure><figure class='gallery-item'>\n\t\t\t<div class='gallery-icon portrait'>\n\t\t\t\t<a href='https:\/\/www.arquimaster.com.ar\/web\/wp-content\/uploads\/2014\/04\/proyecto_hudson_pb.jpg' title=\"Locales comerciales Hudson \/ Factor:Recurso (planta baja)\" data-rl_title=\"Locales comerciales Hudson \/ Factor:Recurso (planta baja)\" class=\"rl-gallery-link\" data-rl_caption=\"Locales comerciales Hudson \/ Factor:Recurso (planta baja)\" data-rel=\"lightbox-gallery-1\"><img loading=\"lazy\" decoding=\"async\" width=\"150\" height=\"150\" src=\"https:\/\/www.arquimaster.com.ar\/web\/wp-content\/uploads\/2014\/04\/proyecto_hudson_pb-150x150.jpg\" class=\"attachment-thumbnail size-thumbnail\" alt=\"\" aria-describedby=\"gallery-1-6244\" srcset=\"https:\/\/www.arquimaster.com.ar\/web\/wp-content\/uploads\/2014\/04\/proyecto_hudson_pb-150x150.jpg 150w, https:\/\/www.arquimaster.com.ar\/web\/wp-content\/uploads\/2014\/04\/proyecto_hudson_pb-50x50.jpg 50w, https:\/\/www.arquimaster.com.ar\/web\/wp-content\/uploads\/2014\/04\/proyecto_hudson_pb-125x125.jpg 125w\" sizes=\"auto, (max-width: 150px) 100vw, 150px\" \/><\/a>\n\t\t\t<\/div>\n\t\t\t\t<figcaption class='wp-caption-text gallery-caption' id='gallery-1-6244'>\n\t\t\t\tLocales comerciales Hudson \/ Factor:Recurso (planta baja)\n\t\t\t\t<\/figcaption><\/figure><figure class='gallery-item'>\n\t\t\t<div class='gallery-icon portrait'>\n\t\t\t\t<a href='https:\/\/www.arquimaster.com.ar\/web\/wp-content\/uploads\/2014\/04\/proyecto_hudson_pe.jpg' title=\"Locales comerciales Hudson \/ Factor:Recurso (planta entrepiso)\" data-rl_title=\"Locales comerciales Hudson \/ Factor:Recurso (planta entrepiso)\" class=\"rl-gallery-link\" data-rl_caption=\"Locales comerciales Hudson \/ Factor:Recurso (planta entrepiso)\" data-rel=\"lightbox-gallery-1\"><img loading=\"lazy\" decoding=\"async\" width=\"150\" height=\"150\" src=\"https:\/\/www.arquimaster.com.ar\/web\/wp-content\/uploads\/2014\/04\/proyecto_hudson_pe-150x150.jpg\" class=\"attachment-thumbnail size-thumbnail\" alt=\"\" aria-describedby=\"gallery-1-6245\" srcset=\"https:\/\/www.arquimaster.com.ar\/web\/wp-content\/uploads\/2014\/04\/proyecto_hudson_pe-150x150.jpg 150w, https:\/\/www.arquimaster.com.ar\/web\/wp-content\/uploads\/2014\/04\/proyecto_hudson_pe-50x50.jpg 50w, https:\/\/www.arquimaster.com.ar\/web\/wp-content\/uploads\/2014\/04\/proyecto_hudson_pe-125x125.jpg 125w\" sizes=\"auto, (max-width: 150px) 100vw, 150px\" \/><\/a>\n\t\t\t<\/div>\n\t\t\t\t<figcaption class='wp-caption-text gallery-caption' id='gallery-1-6245'>\n\t\t\t\tLocales comerciales Hudson \/ Factor:Recurso (planta entrepiso)\n\t\t\t\t<\/figcaption><\/figure><figure class='gallery-item'>\n\t\t\t<div class='gallery-icon portrait'>\n\t\t\t\t<a href='https:\/\/www.arquimaster.com.ar\/web\/wp-content\/uploads\/2014\/04\/proyecto_hudson_ss.jpg' title=\"Locales comerciales Hudson \/ Factor:Recurso (planta subsuelo)\" data-rl_title=\"Locales comerciales Hudson \/ Factor:Recurso (planta subsuelo)\" class=\"rl-gallery-link\" data-rl_caption=\"Locales comerciales Hudson \/ Factor:Recurso (planta subsuelo)\" data-rel=\"lightbox-gallery-1\"><img loading=\"lazy\" decoding=\"async\" width=\"150\" height=\"150\" src=\"https:\/\/www.arquimaster.com.ar\/web\/wp-content\/uploads\/2014\/04\/proyecto_hudson_ss-150x150.jpg\" class=\"attachment-thumbnail size-thumbnail\" alt=\"\" aria-describedby=\"gallery-1-6246\" srcset=\"https:\/\/www.arquimaster.com.ar\/web\/wp-content\/uploads\/2014\/04\/proyecto_hudson_ss-150x150.jpg 150w, https:\/\/www.arquimaster.com.ar\/web\/wp-content\/uploads\/2014\/04\/proyecto_hudson_ss-50x50.jpg 50w, https:\/\/www.arquimaster.com.ar\/web\/wp-content\/uploads\/2014\/04\/proyecto_hudson_ss-125x125.jpg 125w\" sizes=\"auto, (max-width: 150px) 100vw, 150px\" \/><\/a>\n\t\t\t<\/div>\n\t\t\t\t<figcaption class='wp-caption-text gallery-caption' id='gallery-1-6246'>\n\t\t\t\tLocales comerciales Hudson \/ Factor:Recurso (planta subsuelo)\n\t\t\t\t<\/figcaption><\/figure>\n\t\t<\/div>\n\n<p>Se ubica a lo largo de la ladera Sur de la Sierra Madre, protegido en su periferia por barreras naturales. Mantiene una agradable temperatura promedio de 21 cent\u00edgrados, sin embargo su incidencia solar durante el verano puede aumentar la temperatura hasta los 45 cent\u00edgrados. Los vientos dominantes al principio y fin del invierno provienen del sureste, en verano, el viento pasa en direcci\u00f3n al sur.<\/p>\n<p>Su posici\u00f3n de altura en la regi\u00f3n, la compone un sustrato org\u00e1nico producto de la erosi\u00f3n del escurrimiento natural de la sierra, que aunado a la protecci\u00f3n de la sombra proyectada de la sierra, permiten el crecimiento de vegetaci\u00f3n m\u00e1s densa en comparaci\u00f3n con otras regiones.<\/p>\n<p>Esta combinaci\u00f3n de factores climatol\u00f3gicos y geol\u00f3gicos origin\u00f3 la creaci\u00f3n de haciendas, cuyos epicentros conforman la mayor\u00eda de las colonias importantes (privilegiadas) del municipio.<\/p>\n<p>El proyecto se ubica en la parte original de la Colonia del Valle, un prestigioso barrio de este municipio con una fuerte identidad cultural, que le proveen de la afluencia social y la calidad contextual para convertirlo en una sede importante de reuni\u00f3n social.<\/p>\n<p>Conocido como el Centrito Valle, la colonia resguarda patrones arquitect\u00f3nicos que tienen en com\u00fan un trazo modernista, circulaciones amplias, y abundantes \u00e1reas verdes.<\/p>\n<p>Ideada en su mayor\u00eda como una colonia habitacional, la reciente introducci\u00f3n del concepto de marca y de autor ha creado una tensi\u00f3n program\u00e1tica que ve desplazada a la atmosfera residencial en favor de un creciente flujo comercial.<\/p>\n<p>Esta apropiaci\u00f3n inadvertida se percibe sensorialmente como un espacio desorganizado y desolado, donde proyecto y contexto fracasan en su cumplimiento conceptual, deteriorando las condiciones originales de la colonia.<\/p>\n<p>En su mayor\u00eda, los proyectos creados y restaurados aqu\u00ed, conforman planes funcionales que olvidan su relaci\u00f3n espacio temporal en favor de un rendimiento econ\u00f3mico.<\/p>\n<p>En zonas que mantienen un aura habitacional, la morfolog\u00eda se ve dominada por la silueta de los \u00e1rboles y un ritmo aleatorio de alturas.<\/p>\n<p>El vac\u00edo central de las manzanas, est\u00e1 compuesto en su mayor\u00eda de vegetaci\u00f3n y promueve el balance de iluminaci\u00f3n, ventilaci\u00f3n, y otros factores naturales. Sin embargo, la evoluci\u00f3n contin\u00faa en direcci\u00f3n al uso de suelo comercial.<\/p>\n<p>El incremento en el flujo comercial ha tenido como consecuencia inmediata, el aumento del tr\u00e1fico vehicular.<\/p>\n<p>Esta situaci\u00f3n ha incrementado el valor del espacio frontal de las propiedades, apropi\u00e1ndose del espacio de banqueta, remetiendo el l\u00edmite de manzana para hacer frente a la creciente demanda de estacionamiento.<\/p>\n<p>Las avenidas, antes arboladas, se han convertido en escenograf\u00edas de concreto y cristal, que eliminan el car\u00e1cter peatonal del barrio.<\/p>\n<p>La falta de un orden comprometen al proyecto a ser precavido en sus decisiones fision\u00f3micas y espaciales, y procurar una participaci\u00f3n protagonista, pero respetuosa.<\/p>\n<p>Ubicado en una manzana con car\u00e1cter habitacional, el sitio se orienta norte-sur sobre una pendiente pr\u00e1cticamente plana. Se protege en su parte posterior (sur), con vegetaci\u00f3n arbolada.<\/p>\n<p>Su interior se mantiene reservado. Al frente, dos \u00e1rboles contienen los efectos de la creciente tendencia comercial, sin embargo, su estado es deteriorado.<\/p>\n<p>El tr\u00e1fico en la calle es moderado, pero existe un d\u00e9ficit de estacionamiento. Su accesibilidad es alta, proviene de la Av. G\u00f3mez Mor\u00edn y se prolonga al Parque Mississippi. En general, el sitio re\u00fane las caracter\u00edsticas que favorecen el uso de suelo y el programa asignado.<\/p>\n<p>Este proyecto act\u00faa a disposici\u00f3n de su contexto, infiltr\u00e1ndolo volum\u00e9tricamente y crom\u00e1ticamente, haciendo predecible y claro su prop\u00f3sito iconogr\u00e1fico (comercial globalizada) y satisfacer sus propias necesidades program\u00e1ticas.<\/p>\n<p>El resultante es una composici\u00f3n movement friendly, que concentra su fuerza visual r\u00edtmicamente para perspectivas en movimiento, adapt\u00e1ndose al cambio de posici\u00f3n del observador, considerando su posible trayectoria y velocidad, para crear escenas.<\/p>\n<p>Este proyecto dispone de su concepto para celebrar los beneficios, y en donde sea necesario, reducir las desventajas de variables como la iluminaci\u00f3n, ventilaci\u00f3n, protecci\u00f3n solar, el aislamiento t\u00e9rmico, impacto visual e impacto auditivo, y aquellas del funcionamiento y mantenimiento del proyecto.<\/p>\n<p>Para actuar positivamente sobre el usuario, el semis\u00f3tano, que funciona como estacionamiento, incorpora una especie de espacio ficticio, que evoca sostener una imagen neutra, casi fant\u00e1stica, procurando ser invitante, sociable, y fluido.<\/p>\n<p>Esta intervenci\u00f3n, de orden m\u00e1s artificial, busca reactivar el paisaje, y es determinante en las caracter\u00edsticas bidimensionales del proyecto.<\/p>\n<p>En conjunto, se busca un concepto avanzado y productivo.<\/p>\n<p><strong>Ficha t\u00e9cnica<\/strong><br \/>\nProyecto: Hudson<br \/>\nUbicaci\u00f3n: San Pedro Garza Garc\u00eda, Mexico<br \/>\nArquitectos: Factor:Recurso<br \/>\nTipologia: Locales Comerciales<br \/>\nA\u00f1o de la Obra: 2012<br \/>\n\u00c1rea construida: 1050 m2<br \/>\nFot\u00f3grafo: Carlos Rodriguez Garrido<\/p>\n<p><strong>Contacto: <\/strong><a href=\"http:\/\/www.factor-recurso.com\" target=\"_blank\">http:\/\/www.factor-recurso.com<\/a><\/p>\n\n<div style=\"font-size: 0px; height: 0px; line-height: 0px; margin: 0; padding: 0; clear: both;\"><\/div><div style=\"margin-top: 0px; margin-bottom: 0px;\" class=\"sharethis-inline-share-buttons\" ><\/div>","protected":false},"excerpt":{"rendered":"<p>El proyecto act\u00faa a disposici\u00f3n de su contexto, infiltr\u00e1ndolo volum\u00e9trica y crom\u00e1ticamente&#8230;<\/p>\n","protected":false},"author":1,"featured_media":6220,"comment_status":"closed","ping_status":"closed","sticky":false,"template":"","format":"standard","meta":{"_uag_custom_page_level_css":"","footnotes":""},"categories":[75,1],"tags":[1474,1513,24,1476,1475],"class_list":["post-6219","post","type-post","status-publish","format-standard","has-post-thumbnail","hentry","category-arquitectura-comercial","category-proyecto","tag-factorrecurso","tag-local-comercial","tag-mexico","tag-nuevo-leon","tag-san-pedro-garza-garcia","generate-columns","tablet-grid-50","mobile-grid-100","grid-parent","grid-50"],"yoast_head":"<!-- This site is optimized with the Yoast SEO plugin v27.3 - https:\/\/yoast.com\/product\/yoast-seo-wordpress\/ -->\n<title>Locales comerciales Hudson \/ Factor:Recurso - Arquimaster<\/title>\n<meta name=\"robots\" content=\"index, follow, max-snippet:-1, max-image-preview:large, max-video-preview:-1\" \/>\n<link rel=\"canonical\" href=\"https:\/\/www.arquimaster.com.ar\/web\/locales-comerciales-hudson-factorrecurso\/\" \/>\n<meta property=\"og:locale\" content=\"es_ES\" \/>\n<meta property=\"og:type\" content=\"article\" \/>\n<meta property=\"og:title\" content=\"Locales comerciales Hudson \/ Factor:Recurso - Arquimaster\" \/>\n<meta property=\"og:description\" content=\"El proyecto act\u00faa a disposici\u00f3n de su contexto, infiltr\u00e1ndolo volum\u00e9trica y crom\u00e1ticamente...\" \/>\n<meta property=\"og:url\" content=\"https:\/\/www.arquimaster.com.ar\/web\/locales-comerciales-hudson-factorrecurso\/\" \/>\n<meta property=\"og:site_name\" content=\"Arquimaster\" \/>\n<meta property=\"article:publisher\" content=\"http:\/\/www.facebook.com\/ARQUIMASTER.com.ar\" \/>\n<meta property=\"article:published_time\" content=\"2013-01-24T21:08:07+00:00\" \/>\n<meta property=\"article:modified_time\" content=\"2014-04-13T21:35:02+00:00\" \/>\n<meta property=\"og:image\" content=\"https:\/\/www.arquimaster.com.ar\/web\/wp-content\/uploads\/2014\/04\/proyecto_hudson_slide.jpg\" \/>\n\t<meta property=\"og:image:width\" content=\"642\" \/>\n\t<meta property=\"og:image:height\" content=\"336\" \/>\n\t<meta property=\"og:image:type\" content=\"image\/jpeg\" \/>\n<meta name=\"author\" content=\"Arquimaster\" \/>\n<meta name=\"twitter:card\" content=\"summary_large_image\" \/>\n<meta name=\"twitter:creator\" content=\"@arquimaster\" \/>\n<meta name=\"twitter:site\" content=\"@arquimaster\" \/>\n<meta name=\"twitter:label1\" content=\"Escrito por\" \/>\n\t<meta name=\"twitter:data1\" content=\"Arquimaster\" \/>\n\t<meta name=\"twitter:label2\" content=\"Tiempo de lectura\" \/>\n\t<meta name=\"twitter:data2\" content=\"4 minutos\" \/>\n<script type=\"application\/ld+json\" class=\"yoast-schema-graph\">{\"@context\":\"https:\\\/\\\/schema.org\",\"@graph\":[{\"@type\":\"Article\",\"@id\":\"https:\\\/\\\/www.arquimaster.com.ar\\\/web\\\/locales-comerciales-hudson-factorrecurso\\\/#article\",\"isPartOf\":{\"@id\":\"https:\\\/\\\/www.arquimaster.com.ar\\\/web\\\/locales-comerciales-hudson-factorrecurso\\\/\"},\"author\":{\"name\":\"Arquimaster\",\"@id\":\"https:\\\/\\\/www.arquimaster.com.ar\\\/web\\\/#\\\/schema\\\/person\\\/359e9f7c00193fcde068e0dd2ceb0028\"},\"headline\":\"Locales comerciales Hudson \\\/ Factor:Recurso\",\"datePublished\":\"2013-01-24T21:08:07+00:00\",\"dateModified\":\"2014-04-13T21:35:02+00:00\",\"mainEntityOfPage\":{\"@id\":\"https:\\\/\\\/www.arquimaster.com.ar\\\/web\\\/locales-comerciales-hudson-factorrecurso\\\/\"},\"wordCount\":878,\"publisher\":{\"@id\":\"https:\\\/\\\/www.arquimaster.com.ar\\\/web\\\/#organization\"},\"image\":{\"@id\":\"https:\\\/\\\/www.arquimaster.com.ar\\\/web\\\/locales-comerciales-hudson-factorrecurso\\\/#primaryimage\"},\"thumbnailUrl\":\"https:\\\/\\\/www.arquimaster.com.ar\\\/web\\\/wp-content\\\/uploads\\\/2014\\\/04\\\/proyecto_hudson_slide.jpg\",\"keywords\":[\"Factor:Recurso\",\"locales comerciales\",\"Mexico\",\"Nuevo Leon\",\"San Pedro Garza Garc\u00eda\"],\"articleSection\":[\"Arquitectura comercial\",\"Proyecto\"],\"inLanguage\":\"es\"},{\"@type\":\"WebPage\",\"@id\":\"https:\\\/\\\/www.arquimaster.com.ar\\\/web\\\/locales-comerciales-hudson-factorrecurso\\\/\",\"url\":\"https:\\\/\\\/www.arquimaster.com.ar\\\/web\\\/locales-comerciales-hudson-factorrecurso\\\/\",\"name\":\"Locales comerciales Hudson \\\/ Factor:Recurso - Arquimaster\",\"isPartOf\":{\"@id\":\"https:\\\/\\\/www.arquimaster.com.ar\\\/web\\\/#website\"},\"primaryImageOfPage\":{\"@id\":\"https:\\\/\\\/www.arquimaster.com.ar\\\/web\\\/locales-comerciales-hudson-factorrecurso\\\/#primaryimage\"},\"image\":{\"@id\":\"https:\\\/\\\/www.arquimaster.com.ar\\\/web\\\/locales-comerciales-hudson-factorrecurso\\\/#primaryimage\"},\"thumbnailUrl\":\"https:\\\/\\\/www.arquimaster.com.ar\\\/web\\\/wp-content\\\/uploads\\\/2014\\\/04\\\/proyecto_hudson_slide.jpg\",\"datePublished\":\"2013-01-24T21:08:07+00:00\",\"dateModified\":\"2014-04-13T21:35:02+00:00\",\"breadcrumb\":{\"@id\":\"https:\\\/\\\/www.arquimaster.com.ar\\\/web\\\/locales-comerciales-hudson-factorrecurso\\\/#breadcrumb\"},\"inLanguage\":\"es\",\"potentialAction\":[{\"@type\":\"ReadAction\",\"target\":[\"https:\\\/\\\/www.arquimaster.com.ar\\\/web\\\/locales-comerciales-hudson-factorrecurso\\\/\"]}]},{\"@type\":\"ImageObject\",\"inLanguage\":\"es\",\"@id\":\"https:\\\/\\\/www.arquimaster.com.ar\\\/web\\\/locales-comerciales-hudson-factorrecurso\\\/#primaryimage\",\"url\":\"https:\\\/\\\/www.arquimaster.com.ar\\\/web\\\/wp-content\\\/uploads\\\/2014\\\/04\\\/proyecto_hudson_slide.jpg\",\"contentUrl\":\"https:\\\/\\\/www.arquimaster.com.ar\\\/web\\\/wp-content\\\/uploads\\\/2014\\\/04\\\/proyecto_hudson_slide.jpg\",\"width\":642,\"height\":336},{\"@type\":\"BreadcrumbList\",\"@id\":\"https:\\\/\\\/www.arquimaster.com.ar\\\/web\\\/locales-comerciales-hudson-factorrecurso\\\/#breadcrumb\",\"itemListElement\":[{\"@type\":\"ListItem\",\"position\":1,\"name\":\"Portada\",\"item\":\"https:\\\/\\\/www.arquimaster.com.ar\\\/web\\\/\"},{\"@type\":\"ListItem\",\"position\":2,\"name\":\"Locales comerciales Hudson \\\/ Factor:Recurso\"}]},{\"@type\":\"WebSite\",\"@id\":\"https:\\\/\\\/www.arquimaster.com.ar\\\/web\\\/#website\",\"url\":\"https:\\\/\\\/www.arquimaster.com.ar\\\/web\\\/\",\"name\":\"Arquimaster\",\"description\":\"Web de arquitectura, dise\u00f1o y construccion\",\"publisher\":{\"@id\":\"https:\\\/\\\/www.arquimaster.com.ar\\\/web\\\/#organization\"},\"potentialAction\":[{\"@type\":\"SearchAction\",\"target\":{\"@type\":\"EntryPoint\",\"urlTemplate\":\"https:\\\/\\\/www.arquimaster.com.ar\\\/web\\\/?s={search_term_string}\"},\"query-input\":{\"@type\":\"PropertyValueSpecification\",\"valueRequired\":true,\"valueName\":\"search_term_string\"}}],\"inLanguage\":\"es\"},{\"@type\":\"Organization\",\"@id\":\"https:\\\/\\\/www.arquimaster.com.ar\\\/web\\\/#organization\",\"name\":\"Arquimaster\",\"url\":\"https:\\\/\\\/www.arquimaster.com.ar\\\/web\\\/\",\"logo\":{\"@type\":\"ImageObject\",\"inLanguage\":\"es\",\"@id\":\"https:\\\/\\\/www.arquimaster.com.ar\\\/web\\\/#\\\/schema\\\/logo\\\/image\\\/\",\"url\":\"https:\\\/\\\/www.arquimaster.com.ar\\\/web\\\/wp-content\\\/uploads\\\/2022\\\/06\\\/arquimaster.png\",\"contentUrl\":\"https:\\\/\\\/www.arquimaster.com.ar\\\/web\\\/wp-content\\\/uploads\\\/2022\\\/06\\\/arquimaster.png\",\"width\":594,\"height\":78,\"caption\":\"Arquimaster\"},\"image\":{\"@id\":\"https:\\\/\\\/www.arquimaster.com.ar\\\/web\\\/#\\\/schema\\\/logo\\\/image\\\/\"},\"sameAs\":[\"http:\\\/\\\/www.facebook.com\\\/ARQUIMASTER.com.ar\",\"https:\\\/\\\/x.com\\\/arquimaster\",\"https:\\\/\\\/www.instagram.com\\\/arquimasterblog\\\/\",\"https:\\\/\\\/www.linkedin.com\\\/company\\\/arquimaster\",\"https:\\\/\\\/www.pinterest.com\\\/arquimaster\",\"https:\\\/\\\/t.me\\\/arquimaster\"]},{\"@type\":\"Person\",\"@id\":\"https:\\\/\\\/www.arquimaster.com.ar\\\/web\\\/#\\\/schema\\\/person\\\/359e9f7c00193fcde068e0dd2ceb0028\",\"name\":\"Arquimaster\"}]}<\/script>\n<!-- \/ Yoast SEO plugin. -->","yoast_head_json":{"title":"Locales comerciales Hudson \/ Factor:Recurso - Arquimaster","robots":{"index":"index","follow":"follow","max-snippet":"max-snippet:-1","max-image-preview":"max-image-preview:large","max-video-preview":"max-video-preview:-1"},"canonical":"https:\/\/www.arquimaster.com.ar\/web\/locales-comerciales-hudson-factorrecurso\/","og_locale":"es_ES","og_type":"article","og_title":"Locales comerciales Hudson \/ Factor:Recurso - Arquimaster","og_description":"El proyecto act\u00faa a disposici\u00f3n de su contexto, infiltr\u00e1ndolo volum\u00e9trica y crom\u00e1ticamente...","og_url":"https:\/\/www.arquimaster.com.ar\/web\/locales-comerciales-hudson-factorrecurso\/","og_site_name":"Arquimaster","article_publisher":"http:\/\/www.facebook.com\/ARQUIMASTER.com.ar","article_published_time":"2013-01-24T21:08:07+00:00","article_modified_time":"2014-04-13T21:35:02+00:00","og_image":[{"width":642,"height":336,"url":"https:\/\/www.arquimaster.com.ar\/web\/wp-content\/uploads\/2014\/04\/proyecto_hudson_slide.jpg","type":"image\/jpeg"}],"author":"Arquimaster","twitter_card":"summary_large_image","twitter_creator":"@arquimaster","twitter_site":"@arquimaster","twitter_misc":{"Escrito por":"Arquimaster","Tiempo de lectura":"4 minutos"},"schema":{"@context":"https:\/\/schema.org","@graph":[{"@type":"Article","@id":"https:\/\/www.arquimaster.com.ar\/web\/locales-comerciales-hudson-factorrecurso\/#article","isPartOf":{"@id":"https:\/\/www.arquimaster.com.ar\/web\/locales-comerciales-hudson-factorrecurso\/"},"author":{"name":"Arquimaster","@id":"https:\/\/www.arquimaster.com.ar\/web\/#\/schema\/person\/359e9f7c00193fcde068e0dd2ceb0028"},"headline":"Locales comerciales Hudson \/ Factor:Recurso","datePublished":"2013-01-24T21:08:07+00:00","dateModified":"2014-04-13T21:35:02+00:00","mainEntityOfPage":{"@id":"https:\/\/www.arquimaster.com.ar\/web\/locales-comerciales-hudson-factorrecurso\/"},"wordCount":878,"publisher":{"@id":"https:\/\/www.arquimaster.com.ar\/web\/#organization"},"image":{"@id":"https:\/\/www.arquimaster.com.ar\/web\/locales-comerciales-hudson-factorrecurso\/#primaryimage"},"thumbnailUrl":"https:\/\/www.arquimaster.com.ar\/web\/wp-content\/uploads\/2014\/04\/proyecto_hudson_slide.jpg","keywords":["Factor:Recurso","locales comerciales","Mexico","Nuevo Leon","San Pedro Garza Garc\u00eda"],"articleSection":["Arquitectura comercial","Proyecto"],"inLanguage":"es"},{"@type":"WebPage","@id":"https:\/\/www.arquimaster.com.ar\/web\/locales-comerciales-hudson-factorrecurso\/","url":"https:\/\/www.arquimaster.com.ar\/web\/locales-comerciales-hudson-factorrecurso\/","name":"Locales comerciales Hudson \/ Factor:Recurso - Arquimaster","isPartOf":{"@id":"https:\/\/www.arquimaster.com.ar\/web\/#website"},"primaryImageOfPage":{"@id":"https:\/\/www.arquimaster.com.ar\/web\/locales-comerciales-hudson-factorrecurso\/#primaryimage"},"image":{"@id":"https:\/\/www.arquimaster.com.ar\/web\/locales-comerciales-hudson-factorrecurso\/#primaryimage"},"thumbnailUrl":"https:\/\/www.arquimaster.com.ar\/web\/wp-content\/uploads\/2014\/04\/proyecto_hudson_slide.jpg","datePublished":"2013-01-24T21:08:07+00:00","dateModified":"2014-04-13T21:35:02+00:00","breadcrumb":{"@id":"https:\/\/www.arquimaster.com.ar\/web\/locales-comerciales-hudson-factorrecurso\/#breadcrumb"},"inLanguage":"es","potentialAction":[{"@type":"ReadAction","target":["https:\/\/www.arquimaster.com.ar\/web\/locales-comerciales-hudson-factorrecurso\/"]}]},{"@type":"ImageObject","inLanguage":"es","@id":"https:\/\/www.arquimaster.com.ar\/web\/locales-comerciales-hudson-factorrecurso\/#primaryimage","url":"https:\/\/www.arquimaster.com.ar\/web\/wp-content\/uploads\/2014\/04\/proyecto_hudson_slide.jpg","contentUrl":"https:\/\/www.arquimaster.com.ar\/web\/wp-content\/uploads\/2014\/04\/proyecto_hudson_slide.jpg","width":642,"height":336},{"@type":"BreadcrumbList","@id":"https:\/\/www.arquimaster.com.ar\/web\/locales-comerciales-hudson-factorrecurso\/#breadcrumb","itemListElement":[{"@type":"ListItem","position":1,"name":"Portada","item":"https:\/\/www.arquimaster.com.ar\/web\/"},{"@type":"ListItem","position":2,"name":"Locales comerciales Hudson \/ Factor:Recurso"}]},{"@type":"WebSite","@id":"https:\/\/www.arquimaster.com.ar\/web\/#website","url":"https:\/\/www.arquimaster.com.ar\/web\/","name":"Arquimaster","description":"Web de arquitectura, dise\u00f1o y construccion","publisher":{"@id":"https:\/\/www.arquimaster.com.ar\/web\/#organization"},"potentialAction":[{"@type":"SearchAction","target":{"@type":"EntryPoint","urlTemplate":"https:\/\/www.arquimaster.com.ar\/web\/?s={search_term_string}"},"query-input":{"@type":"PropertyValueSpecification","valueRequired":true,"valueName":"search_term_string"}}],"inLanguage":"es"},{"@type":"Organization","@id":"https:\/\/www.arquimaster.com.ar\/web\/#organization","name":"Arquimaster","url":"https:\/\/www.arquimaster.com.ar\/web\/","logo":{"@type":"ImageObject","inLanguage":"es","@id":"https:\/\/www.arquimaster.com.ar\/web\/#\/schema\/logo\/image\/","url":"https:\/\/www.arquimaster.com.ar\/web\/wp-content\/uploads\/2022\/06\/arquimaster.png","contentUrl":"https:\/\/www.arquimaster.com.ar\/web\/wp-content\/uploads\/2022\/06\/arquimaster.png","width":594,"height":78,"caption":"Arquimaster"},"image":{"@id":"https:\/\/www.arquimaster.com.ar\/web\/#\/schema\/logo\/image\/"},"sameAs":["http:\/\/www.facebook.com\/ARQUIMASTER.com.ar","https:\/\/x.com\/arquimaster","https:\/\/www.instagram.com\/arquimasterblog\/","https:\/\/www.linkedin.com\/company\/arquimaster","https:\/\/www.pinterest.com\/arquimaster","https:\/\/t.me\/arquimaster"]},{"@type":"Person","@id":"https:\/\/www.arquimaster.com.ar\/web\/#\/schema\/person\/359e9f7c00193fcde068e0dd2ceb0028","name":"Arquimaster"}]}},"uagb_featured_image_src":{"full":["https:\/\/www.arquimaster.com.ar\/web\/wp-content\/uploads\/2014\/04\/proyecto_hudson_slide.jpg",642,336,false],"thumbnail":["https:\/\/www.arquimaster.com.ar\/web\/wp-content\/uploads\/2014\/04\/proyecto_hudson_slide-150x150.jpg",150,150,true],"medium":["https:\/\/www.arquimaster.com.ar\/web\/wp-content\/uploads\/2014\/04\/proyecto_hudson_slide-300x157.jpg",300,157,true],"medium_large":["https:\/\/www.arquimaster.com.ar\/web\/wp-content\/uploads\/2014\/04\/proyecto_hudson_slide.jpg",642,336,false],"large":["https:\/\/www.arquimaster.com.ar\/web\/wp-content\/uploads\/2014\/04\/proyecto_hudson_slide.jpg",642,336,false],"1536x1536":["https:\/\/www.arquimaster.com.ar\/web\/wp-content\/uploads\/2014\/04\/proyecto_hudson_slide.jpg",642,336,false],"2048x2048":["https:\/\/www.arquimaster.com.ar\/web\/wp-content\/uploads\/2014\/04\/proyecto_hudson_slide.jpg",642,336,false]},"uagb_author_info":{"display_name":"Arquimaster","author_link":"https:\/\/www.arquimaster.com.ar\/web\/author\/arquimaster\/"},"uagb_comment_info":0,"uagb_excerpt":"El proyecto act\u00faa a disposici\u00f3n de su contexto, infiltr\u00e1ndolo volum\u00e9trica y crom\u00e1ticamente...","_links":{"self":[{"href":"https:\/\/www.arquimaster.com.ar\/web\/wp-json\/wp\/v2\/posts\/6219","targetHints":{"allow":["GET"]}}],"collection":[{"href":"https:\/\/www.arquimaster.com.ar\/web\/wp-json\/wp\/v2\/posts"}],"about":[{"href":"https:\/\/www.arquimaster.com.ar\/web\/wp-json\/wp\/v2\/types\/post"}],"author":[{"embeddable":true,"href":"https:\/\/www.arquimaster.com.ar\/web\/wp-json\/wp\/v2\/users\/1"}],"replies":[{"embeddable":true,"href":"https:\/\/www.arquimaster.com.ar\/web\/wp-json\/wp\/v2\/comments?post=6219"}],"version-history":[{"count":0,"href":"https:\/\/www.arquimaster.com.ar\/web\/wp-json\/wp\/v2\/posts\/6219\/revisions"}],"wp:featuredmedia":[{"embeddable":true,"href":"https:\/\/www.arquimaster.com.ar\/web\/wp-json\/wp\/v2\/media\/6220"}],"wp:attachment":[{"href":"https:\/\/www.arquimaster.com.ar\/web\/wp-json\/wp\/v2\/media?parent=6219"}],"wp:term":[{"taxonomy":"category","embeddable":true,"href":"https:\/\/www.arquimaster.com.ar\/web\/wp-json\/wp\/v2\/categories?post=6219"},{"taxonomy":"post_tag","embeddable":true,"href":"https:\/\/www.arquimaster.com.ar\/web\/wp-json\/wp\/v2\/tags?post=6219"}],"curies":[{"name":"wp","href":"https:\/\/api.w.org\/{rel}","templated":true}]}}