{"id":62229,"date":"2021-01-21T15:07:00","date_gmt":"2021-01-21T18:07:00","guid":{"rendered":"https:\/\/www.arquimaster.com.ar\/web\/?p=62229"},"modified":"2021-06-18T19:25:35","modified_gmt":"2021-06-18T22:25:35","slug":"casa-csp-pjv-arquitetura","status":"publish","type":"post","link":"https:\/\/www.arquimaster.com.ar\/web\/casa-csp-pjv-arquitetura\/","title":{"rendered":"Casa CSP \/ PJV Arquitetura"},"content":{"rendered":"<div style=\"margin-top: 0px; margin-bottom: 0px;\" class=\"sharethis-inline-share-buttons\" ><\/div><div class=\"b812932af2e751442846f039925109de\" data-index=\"1\" style=\"float: none; margin:25px 0 25px 0; text-align:center;\">\n<script async src=\"https:\/\/pagead2.googlesyndication.com\/pagead\/js\/adsbygoogle.js\"><\/script>\r\n<!-- Arquimaster (superior) -->\r\n<ins class=\"adsbygoogle\"\r\n     style=\"display:block\"\r\n     data-ad-client=\"ca-pub-6351072698456832\"\r\n     data-ad-slot=\"6455489680\"\r\n     data-ad-format=\"auto\"\r\n     data-full-width-responsive=\"true\"><\/ins>\r\n<script>\r\n     (adsbygoogle = window.adsbygoogle || []).push({});\r\n<\/script>\n<\/div>\n<p><strong>Casa CSP<\/strong> (Penha, Santa Catarina, Brasil) por <strong>PJV Arquitetura<\/strong> (Pablo J. Vailatti + Marcio Rosa). Ubicada en la costa norte de Santa Catarina, Penha destaca por ser un destino turistico de playa, teniendo el Parque Beto Carrero World como ancla de desarrollo, adem\u00e1s de 19 hermosas playas. La Casa CSP se encuentra en la mayor de estas playas, Praia de Arma\u00e7\u00e3o, y tiene una ubicaci\u00f3n privilegiada en un terreno frente al mar.<\/p>\n<div id='gallery-1' class='gallery galleryid-62229 gallery-columns-3 gallery-size-thumbnail'><figure class='gallery-item'>\n\t\t\t<div class='gallery-icon landscape'>\n\t\t\t\t<a href='https:\/\/www.arquimaster.com.ar\/web\/wp-content\/uploads\/2021\/01\/casa_csp_ls1.jpg' title=\"Casa CSP \/ PJV Arquitetura (\u00a9 Larry Sestrem)\" data-rl_title=\"Casa CSP \/ PJV Arquitetura (\u00a9 Larry Sestrem)\" class=\"rl-gallery-link\" data-rl_caption=\"Casa CSP \/ PJV Arquitetura (\u00a9 Larry Sestrem)\" data-rel=\"lightbox-gallery-1\"><img loading=\"lazy\" decoding=\"async\" width=\"150\" height=\"150\" src=\"https:\/\/www.arquimaster.com.ar\/web\/wp-content\/uploads\/2021\/01\/casa_csp_ls1-150x150.jpg\" class=\"attachment-thumbnail size-thumbnail\" alt=\"Casa CSP \/ PJV Arquitetura\" aria-describedby=\"gallery-1-62230\" \/><\/a>\n\t\t\t<\/div>\n\t\t\t\t<figcaption class='wp-caption-text gallery-caption' id='gallery-1-62230'>\n\t\t\t\tCasa CSP \/ PJV Arquitetura (\u00a9 Larry Sestrem)\n\t\t\t\t<\/figcaption><\/figure><figure class='gallery-item'>\n\t\t\t<div class='gallery-icon landscape'>\n\t\t\t\t<a href='https:\/\/www.arquimaster.com.ar\/web\/wp-content\/uploads\/2021\/01\/casa_csp_ls2.jpg' title=\"Casa CSP \/ PJV Arquitetura (\u00a9 Larry Sestrem)\" data-rl_title=\"Casa CSP \/ PJV Arquitetura (\u00a9 Larry Sestrem)\" class=\"rl-gallery-link\" data-rl_caption=\"Casa CSP \/ PJV Arquitetura (\u00a9 Larry Sestrem)\" data-rel=\"lightbox-gallery-1\"><img loading=\"lazy\" decoding=\"async\" width=\"150\" height=\"150\" src=\"https:\/\/www.arquimaster.com.ar\/web\/wp-content\/uploads\/2021\/01\/casa_csp_ls2-150x150.jpg\" class=\"attachment-thumbnail size-thumbnail\" alt=\"Casa CSP \/ PJV Arquitetura\" aria-describedby=\"gallery-1-62231\" \/><\/a>\n\t\t\t<\/div>\n\t\t\t\t<figcaption class='wp-caption-text gallery-caption' id='gallery-1-62231'>\n\t\t\t\tCasa CSP \/ PJV Arquitetura (\u00a9 Larry Sestrem)\n\t\t\t\t<\/figcaption><\/figure><figure class='gallery-item'>\n\t\t\t<div class='gallery-icon landscape'>\n\t\t\t\t<a href='https:\/\/www.arquimaster.com.ar\/web\/wp-content\/uploads\/2021\/01\/casa_csp_ls3.jpg' title=\"Casa CSP \/ PJV Arquitetura (\u00a9 Larry Sestrem)\" data-rl_title=\"Casa CSP \/ PJV Arquitetura (\u00a9 Larry Sestrem)\" class=\"rl-gallery-link\" data-rl_caption=\"Casa CSP \/ PJV Arquitetura (\u00a9 Larry Sestrem)\" data-rel=\"lightbox-gallery-1\"><img loading=\"lazy\" decoding=\"async\" width=\"150\" height=\"150\" src=\"https:\/\/www.arquimaster.com.ar\/web\/wp-content\/uploads\/2021\/01\/casa_csp_ls3-150x150.jpg\" class=\"attachment-thumbnail size-thumbnail\" alt=\"Casa CSP \/ PJV Arquitetura\" aria-describedby=\"gallery-1-62232\" \/><\/a>\n\t\t\t<\/div>\n\t\t\t\t<figcaption class='wp-caption-text gallery-caption' id='gallery-1-62232'>\n\t\t\t\tCasa CSP \/ PJV Arquitetura (\u00a9 Larry Sestrem)\n\t\t\t\t<\/figcaption><\/figure><figure class='gallery-item'>\n\t\t\t<div class='gallery-icon landscape'>\n\t\t\t\t<a href='https:\/\/www.arquimaster.com.ar\/web\/wp-content\/uploads\/2021\/01\/casa_csp_ls4.jpg' title=\"Casa CSP \/ PJV Arquitetura (\u00a9 Larry Sestrem)\" data-rl_title=\"Casa CSP \/ PJV Arquitetura (\u00a9 Larry Sestrem)\" class=\"rl-gallery-link\" data-rl_caption=\"Casa CSP \/ PJV Arquitetura (\u00a9 Larry Sestrem)\" data-rel=\"lightbox-gallery-1\"><img loading=\"lazy\" decoding=\"async\" width=\"150\" height=\"150\" src=\"https:\/\/www.arquimaster.com.ar\/web\/wp-content\/uploads\/2021\/01\/casa_csp_ls4-150x150.jpg\" class=\"attachment-thumbnail size-thumbnail\" alt=\"Casa CSP \/ PJV Arquitetura\" aria-describedby=\"gallery-1-62233\" \/><\/a>\n\t\t\t<\/div>\n\t\t\t\t<figcaption class='wp-caption-text gallery-caption' id='gallery-1-62233'>\n\t\t\t\tCasa CSP \/ PJV Arquitetura (\u00a9 Larry Sestrem)\n\t\t\t\t<\/figcaption><\/figure><figure class='gallery-item'>\n\t\t\t<div class='gallery-icon landscape'>\n\t\t\t\t<a href='https:\/\/www.arquimaster.com.ar\/web\/wp-content\/uploads\/2021\/01\/casa_csp_ls5.jpg' title=\"Casa CSP \/ PJV Arquitetura (\u00a9 Larry Sestrem)\" data-rl_title=\"Casa CSP \/ PJV Arquitetura (\u00a9 Larry Sestrem)\" class=\"rl-gallery-link\" data-rl_caption=\"Casa CSP \/ PJV Arquitetura (\u00a9 Larry Sestrem)\" data-rel=\"lightbox-gallery-1\"><img loading=\"lazy\" decoding=\"async\" width=\"150\" height=\"150\" src=\"https:\/\/www.arquimaster.com.ar\/web\/wp-content\/uploads\/2021\/01\/casa_csp_ls5-150x150.jpg\" class=\"attachment-thumbnail size-thumbnail\" alt=\"Casa CSP \/ PJV Arquitetura\" aria-describedby=\"gallery-1-62234\" \/><\/a>\n\t\t\t<\/div>\n\t\t\t\t<figcaption class='wp-caption-text gallery-caption' id='gallery-1-62234'>\n\t\t\t\tCasa CSP \/ PJV Arquitetura (\u00a9 Larry Sestrem)\n\t\t\t\t<\/figcaption><\/figure><figure class='gallery-item'>\n\t\t\t<div class='gallery-icon portrait'>\n\t\t\t\t<a href='https:\/\/www.arquimaster.com.ar\/web\/wp-content\/uploads\/2021\/01\/casa_csp_ls6.jpg' title=\"Casa CSP \/ PJV Arquitetura (\u00a9 Larry Sestrem)\" data-rl_title=\"Casa CSP \/ PJV Arquitetura (\u00a9 Larry Sestrem)\" class=\"rl-gallery-link\" data-rl_caption=\"Casa CSP \/ PJV Arquitetura (\u00a9 Larry Sestrem)\" data-rel=\"lightbox-gallery-1\"><img loading=\"lazy\" decoding=\"async\" width=\"150\" height=\"150\" src=\"https:\/\/www.arquimaster.com.ar\/web\/wp-content\/uploads\/2021\/01\/casa_csp_ls6-150x150.jpg\" class=\"attachment-thumbnail size-thumbnail\" alt=\"Casa CSP \/ PJV Arquitetura\" aria-describedby=\"gallery-1-62235\" \/><\/a>\n\t\t\t<\/div>\n\t\t\t\t<figcaption class='wp-caption-text gallery-caption' id='gallery-1-62235'>\n\t\t\t\tCasa CSP \/ PJV Arquitetura (\u00a9 Larry Sestrem)\n\t\t\t\t<\/figcaption><\/figure><figure class='gallery-item'>\n\t\t\t<div class='gallery-icon landscape'>\n\t\t\t\t<a href='https:\/\/www.arquimaster.com.ar\/web\/wp-content\/uploads\/2021\/01\/casa_csp_ls7.jpg' title=\"Casa CSP \/ PJV Arquitetura (\u00a9 Larry Sestrem)\" data-rl_title=\"Casa CSP \/ PJV Arquitetura (\u00a9 Larry Sestrem)\" class=\"rl-gallery-link\" data-rl_caption=\"Casa CSP \/ PJV Arquitetura (\u00a9 Larry Sestrem)\" data-rel=\"lightbox-gallery-1\"><img loading=\"lazy\" decoding=\"async\" width=\"150\" height=\"150\" src=\"https:\/\/www.arquimaster.com.ar\/web\/wp-content\/uploads\/2021\/01\/casa_csp_ls7-150x150.jpg\" class=\"attachment-thumbnail size-thumbnail\" alt=\"Casa CSP \/ PJV Arquitetura\" aria-describedby=\"gallery-1-62236\" \/><\/a>\n\t\t\t<\/div>\n\t\t\t\t<figcaption class='wp-caption-text gallery-caption' id='gallery-1-62236'>\n\t\t\t\tCasa CSP \/ PJV Arquitetura (\u00a9 Larry Sestrem)\n\t\t\t\t<\/figcaption><\/figure><figure class='gallery-item'>\n\t\t\t<div class='gallery-icon landscape'>\n\t\t\t\t<a href='https:\/\/www.arquimaster.com.ar\/web\/wp-content\/uploads\/2021\/01\/casa_csp_ls8.jpg' title=\"Casa CSP \/ PJV Arquitetura (\u00a9 Larry Sestrem)\" data-rl_title=\"Casa CSP \/ PJV Arquitetura (\u00a9 Larry Sestrem)\" class=\"rl-gallery-link\" data-rl_caption=\"Casa CSP \/ PJV Arquitetura (\u00a9 Larry Sestrem)\" data-rel=\"lightbox-gallery-1\"><img loading=\"lazy\" decoding=\"async\" width=\"150\" height=\"150\" src=\"https:\/\/www.arquimaster.com.ar\/web\/wp-content\/uploads\/2021\/01\/casa_csp_ls8-150x150.jpg\" class=\"attachment-thumbnail size-thumbnail\" alt=\"Casa CSP \/ PJV Arquitetura\" aria-describedby=\"gallery-1-62237\" \/><\/a>\n\t\t\t<\/div>\n\t\t\t\t<figcaption class='wp-caption-text gallery-caption' id='gallery-1-62237'>\n\t\t\t\tCasa CSP \/ PJV Arquitetura (\u00a9 Larry Sestrem)\n\t\t\t\t<\/figcaption><\/figure><figure class='gallery-item'>\n\t\t\t<div class='gallery-icon landscape'>\n\t\t\t\t<a href='https:\/\/www.arquimaster.com.ar\/web\/wp-content\/uploads\/2021\/01\/casa_csp_ls9.jpg' title=\"Casa CSP \/ PJV Arquitetura (\u00a9 Larry Sestrem)\" data-rl_title=\"Casa CSP \/ PJV Arquitetura (\u00a9 Larry Sestrem)\" class=\"rl-gallery-link\" data-rl_caption=\"Casa CSP \/ PJV Arquitetura (\u00a9 Larry Sestrem)\" data-rel=\"lightbox-gallery-1\"><img loading=\"lazy\" decoding=\"async\" width=\"150\" height=\"150\" src=\"https:\/\/www.arquimaster.com.ar\/web\/wp-content\/uploads\/2021\/01\/casa_csp_ls9-150x150.jpg\" class=\"attachment-thumbnail size-thumbnail\" alt=\"Casa CSP \/ PJV Arquitetura\" aria-describedby=\"gallery-1-62238\" srcset=\"https:\/\/www.arquimaster.com.ar\/web\/wp-content\/uploads\/2021\/01\/casa_csp_ls9-150x150.jpg 150w, https:\/\/www.arquimaster.com.ar\/web\/wp-content\/uploads\/2021\/01\/casa_csp_ls9-1024x1024.jpg 1024w, https:\/\/www.arquimaster.com.ar\/web\/wp-content\/uploads\/2021\/01\/casa_csp_ls9-768x768.jpg 768w, https:\/\/www.arquimaster.com.ar\/web\/wp-content\/uploads\/2021\/01\/casa_csp_ls9.jpg 1500w\" sizes=\"auto, (max-width: 150px) 100vw, 150px\" \/><\/a>\n\t\t\t<\/div>\n\t\t\t\t<figcaption class='wp-caption-text gallery-caption' id='gallery-1-62238'>\n\t\t\t\tCasa CSP \/ PJV Arquitetura (\u00a9 Larry Sestrem)\n\t\t\t\t<\/figcaption><\/figure><figure class='gallery-item'>\n\t\t\t<div class='gallery-icon portrait'>\n\t\t\t\t<a href='https:\/\/www.arquimaster.com.ar\/web\/wp-content\/uploads\/2021\/01\/casa_csp_ls10.jpg' title=\"Casa CSP \/ PJV Arquitetura (\u00a9 Larry Sestrem)\" data-rl_title=\"Casa CSP \/ PJV Arquitetura (\u00a9 Larry Sestrem)\" class=\"rl-gallery-link\" data-rl_caption=\"Casa CSP \/ PJV Arquitetura (\u00a9 Larry Sestrem)\" data-rel=\"lightbox-gallery-1\"><img loading=\"lazy\" decoding=\"async\" width=\"150\" height=\"150\" src=\"https:\/\/www.arquimaster.com.ar\/web\/wp-content\/uploads\/2021\/01\/casa_csp_ls10-150x150.jpg\" class=\"attachment-thumbnail size-thumbnail\" alt=\"Casa CSP \/ PJV Arquitetura\" aria-describedby=\"gallery-1-62239\" \/><\/a>\n\t\t\t<\/div>\n\t\t\t\t<figcaption class='wp-caption-text gallery-caption' id='gallery-1-62239'>\n\t\t\t\tCasa CSP \/ PJV Arquitetura (\u00a9 Larry Sestrem)\n\t\t\t\t<\/figcaption><\/figure><figure class='gallery-item'>\n\t\t\t<div class='gallery-icon landscape'>\n\t\t\t\t<a href='https:\/\/www.arquimaster.com.ar\/web\/wp-content\/uploads\/2021\/01\/casa_csp_ls11.jpg' title=\"Casa CSP \/ PJV Arquitetura (\u00a9 Larry Sestrem)\" data-rl_title=\"Casa CSP \/ PJV Arquitetura (\u00a9 Larry Sestrem)\" class=\"rl-gallery-link\" data-rl_caption=\"Casa CSP \/ PJV Arquitetura (\u00a9 Larry Sestrem)\" data-rel=\"lightbox-gallery-1\"><img loading=\"lazy\" decoding=\"async\" width=\"150\" height=\"150\" src=\"https:\/\/www.arquimaster.com.ar\/web\/wp-content\/uploads\/2021\/01\/casa_csp_ls11-150x150.jpg\" class=\"attachment-thumbnail size-thumbnail\" alt=\"Casa CSP \/ PJV Arquitetura\" aria-describedby=\"gallery-1-62240\" \/><\/a>\n\t\t\t<\/div>\n\t\t\t\t<figcaption class='wp-caption-text gallery-caption' id='gallery-1-62240'>\n\t\t\t\tCasa CSP \/ PJV Arquitetura (\u00a9 Larry Sestrem)\n\t\t\t\t<\/figcaption><\/figure><figure class='gallery-item'>\n\t\t\t<div class='gallery-icon portrait'>\n\t\t\t\t<a href='https:\/\/www.arquimaster.com.ar\/web\/wp-content\/uploads\/2021\/01\/casa_csp_pv12.jpg' title=\"Casa CSP \/ PJV Arquitetura (\u00a9 Pablo Vailatti)\" data-rl_title=\"Casa CSP \/ PJV Arquitetura (\u00a9 Pablo Vailatti)\" class=\"rl-gallery-link\" data-rl_caption=\"Casa CSP \/ PJV Arquitetura (\u00a9 Pablo Vailatti)\" data-rel=\"lightbox-gallery-1\"><img loading=\"lazy\" decoding=\"async\" width=\"150\" height=\"150\" src=\"https:\/\/www.arquimaster.com.ar\/web\/wp-content\/uploads\/2021\/01\/casa_csp_pv12-150x150.jpg\" class=\"attachment-thumbnail size-thumbnail\" alt=\"Casa CSP \/ PJV Arquitetura\" aria-describedby=\"gallery-1-62241\" \/><\/a>\n\t\t\t<\/div>\n\t\t\t\t<figcaption class='wp-caption-text gallery-caption' id='gallery-1-62241'>\n\t\t\t\tCasa CSP \/ PJV Arquitetura (\u00a9 Pablo Vailatti)\n\t\t\t\t<\/figcaption><\/figure><figure class='gallery-item'>\n\t\t\t<div class='gallery-icon landscape'>\n\t\t\t\t<a href='https:\/\/www.arquimaster.com.ar\/web\/wp-content\/uploads\/2021\/01\/casa_csp_pv13.jpg' title=\"Casa CSP \/ PJV Arquitetura (\u00a9 Pablo Vailatti)\" data-rl_title=\"Casa CSP \/ PJV Arquitetura (\u00a9 Pablo Vailatti)\" class=\"rl-gallery-link\" data-rl_caption=\"Casa CSP \/ PJV Arquitetura (\u00a9 Pablo Vailatti)\" data-rel=\"lightbox-gallery-1\"><img loading=\"lazy\" decoding=\"async\" width=\"150\" height=\"150\" src=\"https:\/\/www.arquimaster.com.ar\/web\/wp-content\/uploads\/2021\/01\/casa_csp_pv13-150x150.jpg\" class=\"attachment-thumbnail size-thumbnail\" alt=\"Casa CSP \/ PJV Arquitetura\" aria-describedby=\"gallery-1-62242\" \/><\/a>\n\t\t\t<\/div>\n\t\t\t\t<figcaption class='wp-caption-text gallery-caption' id='gallery-1-62242'>\n\t\t\t\tCasa CSP \/ PJV Arquitetura (\u00a9 Pablo Vailatti)\n\t\t\t\t<\/figcaption><\/figure><figure class='gallery-item'>\n\t\t\t<div class='gallery-icon landscape'>\n\t\t\t\t<a href='https:\/\/www.arquimaster.com.ar\/web\/wp-content\/uploads\/2021\/01\/casa_csp_pv14.jpg' title=\"Casa CSP \/ PJV Arquitetura (\u00a9 Pablo Vailatti)\" data-rl_title=\"Casa CSP \/ PJV Arquitetura (\u00a9 Pablo Vailatti)\" class=\"rl-gallery-link\" data-rl_caption=\"Casa CSP \/ PJV Arquitetura (\u00a9 Pablo Vailatti)\" data-rel=\"lightbox-gallery-1\"><img loading=\"lazy\" decoding=\"async\" width=\"150\" height=\"150\" src=\"https:\/\/www.arquimaster.com.ar\/web\/wp-content\/uploads\/2021\/01\/casa_csp_pv14-150x150.jpg\" class=\"attachment-thumbnail size-thumbnail\" alt=\"Casa CSP \/ PJV Arquitetura\" aria-describedby=\"gallery-1-62243\" \/><\/a>\n\t\t\t<\/div>\n\t\t\t\t<figcaption class='wp-caption-text gallery-caption' id='gallery-1-62243'>\n\t\t\t\tCasa CSP \/ PJV Arquitetura (\u00a9 Pablo Vailatti)\n\t\t\t\t<\/figcaption><\/figure><figure class='gallery-item'>\n\t\t\t<div class='gallery-icon landscape'>\n\t\t\t\t<a href='https:\/\/www.arquimaster.com.ar\/web\/wp-content\/uploads\/2021\/01\/casa_csp_pv15.jpg' title=\"Casa CSP \/ PJV Arquitetura (\u00a9 Pablo Vailatti)\" data-rl_title=\"Casa CSP \/ PJV Arquitetura (\u00a9 Pablo Vailatti)\" class=\"rl-gallery-link\" data-rl_caption=\"Casa CSP \/ PJV Arquitetura (\u00a9 Pablo Vailatti)\" data-rel=\"lightbox-gallery-1\"><img loading=\"lazy\" decoding=\"async\" width=\"150\" height=\"150\" src=\"https:\/\/www.arquimaster.com.ar\/web\/wp-content\/uploads\/2021\/01\/casa_csp_pv15-150x150.jpg\" class=\"attachment-thumbnail size-thumbnail\" alt=\"Casa CSP \/ PJV Arquitetura\" aria-describedby=\"gallery-1-62244\" \/><\/a>\n\t\t\t<\/div>\n\t\t\t\t<figcaption class='wp-caption-text gallery-caption' id='gallery-1-62244'>\n\t\t\t\tCasa CSP \/ PJV Arquitetura (\u00a9 Pablo Vailatti)\n\t\t\t\t<\/figcaption><\/figure><figure class='gallery-item'>\n\t\t\t<div class='gallery-icon landscape'>\n\t\t\t\t<a href='https:\/\/www.arquimaster.com.ar\/web\/wp-content\/uploads\/2021\/01\/casa_csp_pv16.jpg' title=\"Casa CSP \/ PJV Arquitetura (\u00a9 Pablo Vailatti)\" data-rl_title=\"Casa CSP \/ PJV Arquitetura (\u00a9 Pablo Vailatti)\" class=\"rl-gallery-link\" data-rl_caption=\"Casa CSP \/ PJV Arquitetura (\u00a9 Pablo Vailatti)\" data-rel=\"lightbox-gallery-1\"><img loading=\"lazy\" decoding=\"async\" width=\"150\" height=\"150\" src=\"https:\/\/www.arquimaster.com.ar\/web\/wp-content\/uploads\/2021\/01\/casa_csp_pv16-150x150.jpg\" class=\"attachment-thumbnail size-thumbnail\" alt=\"Casa CSP \/ PJV Arquitetura\" aria-describedby=\"gallery-1-62245\" \/><\/a>\n\t\t\t<\/div>\n\t\t\t\t<figcaption class='wp-caption-text gallery-caption' id='gallery-1-62245'>\n\t\t\t\tCasa CSP \/ PJV Arquitetura (\u00a9 Pablo Vailatti)\n\t\t\t\t<\/figcaption><\/figure><figure class='gallery-item'>\n\t\t\t<div class='gallery-icon portrait'>\n\t\t\t\t<a href='https:\/\/www.arquimaster.com.ar\/web\/wp-content\/uploads\/2021\/01\/casa_csp_pv17.jpg' title=\"Casa CSP \/ PJV Arquitetura (\u00a9 Pablo Vailatti)\" data-rl_title=\"Casa CSP \/ PJV Arquitetura (\u00a9 Pablo Vailatti)\" class=\"rl-gallery-link\" data-rl_caption=\"Casa CSP \/ PJV Arquitetura (\u00a9 Pablo Vailatti)\" data-rel=\"lightbox-gallery-1\"><img loading=\"lazy\" decoding=\"async\" width=\"150\" height=\"150\" src=\"https:\/\/www.arquimaster.com.ar\/web\/wp-content\/uploads\/2021\/01\/casa_csp_pv17-150x150.jpg\" class=\"attachment-thumbnail size-thumbnail\" alt=\"Casa CSP \/ PJV Arquitetura\" aria-describedby=\"gallery-1-62246\" \/><\/a>\n\t\t\t<\/div>\n\t\t\t\t<figcaption class='wp-caption-text gallery-caption' id='gallery-1-62246'>\n\t\t\t\tCasa CSP \/ PJV Arquitetura (\u00a9 Pablo Vailatti)\n\t\t\t\t<\/figcaption><\/figure><figure class='gallery-item'>\n\t\t\t<div class='gallery-icon landscape'>\n\t\t\t\t<a href='https:\/\/www.arquimaster.com.ar\/web\/wp-content\/uploads\/2021\/01\/casa_csp_pv18.jpg' title=\"Casa CSP \/ PJV Arquitetura (\u00a9 Pablo Vailatti)\" data-rl_title=\"Casa CSP \/ PJV Arquitetura (\u00a9 Pablo Vailatti)\" class=\"rl-gallery-link\" data-rl_caption=\"Casa CSP \/ PJV Arquitetura (\u00a9 Pablo Vailatti)\" data-rel=\"lightbox-gallery-1\"><img loading=\"lazy\" decoding=\"async\" width=\"150\" height=\"150\" src=\"https:\/\/www.arquimaster.com.ar\/web\/wp-content\/uploads\/2021\/01\/casa_csp_pv18-150x150.jpg\" class=\"attachment-thumbnail size-thumbnail\" alt=\"Casa CSP \/ PJV Arquitetura\" aria-describedby=\"gallery-1-62247\" \/><\/a>\n\t\t\t<\/div>\n\t\t\t\t<figcaption class='wp-caption-text gallery-caption' id='gallery-1-62247'>\n\t\t\t\tCasa CSP \/ PJV Arquitetura (\u00a9 Pablo Vailatti)\n\t\t\t\t<\/figcaption><\/figure><figure class='gallery-item'>\n\t\t\t<div class='gallery-icon landscape'>\n\t\t\t\t<a href='https:\/\/www.arquimaster.com.ar\/web\/wp-content\/uploads\/2021\/01\/casa_csp_pv22.jpg' title=\"Casa CSP \/ PJV Arquitetura (\u00a9 Pablo Vailatti)\" data-rl_title=\"Casa CSP \/ PJV Arquitetura (\u00a9 Pablo Vailatti)\" class=\"rl-gallery-link\" data-rl_caption=\"Casa CSP \/ PJV Arquitetura (\u00a9 Pablo Vailatti)\" data-rel=\"lightbox-gallery-1\"><img loading=\"lazy\" decoding=\"async\" width=\"150\" height=\"150\" src=\"https:\/\/www.arquimaster.com.ar\/web\/wp-content\/uploads\/2021\/01\/casa_csp_pv22-150x150.jpg\" class=\"attachment-thumbnail size-thumbnail\" alt=\"Casa CSP \/ PJV Arquitetura\" aria-describedby=\"gallery-1-62248\" \/><\/a>\n\t\t\t<\/div>\n\t\t\t\t<figcaption class='wp-caption-text gallery-caption' id='gallery-1-62248'>\n\t\t\t\tCasa CSP \/ PJV Arquitetura (\u00a9 Pablo Vailatti)\n\t\t\t\t<\/figcaption><\/figure><figure class='gallery-item'>\n\t\t\t<div class='gallery-icon portrait'>\n\t\t\t\t<a href='https:\/\/www.arquimaster.com.ar\/web\/wp-content\/uploads\/2021\/01\/casa_csp_pv23.jpg' title=\"Casa CSP \/ PJV Arquitetura (\u00a9 Pablo Vailatti)\" data-rl_title=\"Casa CSP \/ PJV Arquitetura (\u00a9 Pablo Vailatti)\" class=\"rl-gallery-link\" data-rl_caption=\"Casa CSP \/ PJV Arquitetura (\u00a9 Pablo Vailatti)\" data-rel=\"lightbox-gallery-1\"><img loading=\"lazy\" decoding=\"async\" width=\"150\" height=\"150\" src=\"https:\/\/www.arquimaster.com.ar\/web\/wp-content\/uploads\/2021\/01\/casa_csp_pv23-150x150.jpg\" class=\"attachment-thumbnail size-thumbnail\" alt=\"Casa CSP \/ PJV Arquitetura\" aria-describedby=\"gallery-1-62249\" \/><\/a>\n\t\t\t<\/div>\n\t\t\t\t<figcaption class='wp-caption-text gallery-caption' id='gallery-1-62249'>\n\t\t\t\tCasa CSP \/ PJV Arquitetura (\u00a9 Pablo Vailatti)\n\t\t\t\t<\/figcaption><\/figure><figure class='gallery-item'>\n\t\t\t<div class='gallery-icon portrait'>\n\t\t\t\t<a href='https:\/\/www.arquimaster.com.ar\/web\/wp-content\/uploads\/2021\/01\/casa_csp_pv24.jpg' title=\"Casa CSP \/ PJV Arquitetura (\u00a9 Pablo Vailatti)\" data-rl_title=\"Casa CSP \/ PJV Arquitetura (\u00a9 Pablo Vailatti)\" class=\"rl-gallery-link\" data-rl_caption=\"Casa CSP \/ PJV Arquitetura (\u00a9 Pablo Vailatti)\" data-rel=\"lightbox-gallery-1\"><img loading=\"lazy\" decoding=\"async\" width=\"150\" height=\"150\" src=\"https:\/\/www.arquimaster.com.ar\/web\/wp-content\/uploads\/2021\/01\/casa_csp_pv24-150x150.jpg\" class=\"attachment-thumbnail size-thumbnail\" alt=\"Casa CSP \/ PJV Arquitetura\" aria-describedby=\"gallery-1-62250\" \/><\/a>\n\t\t\t<\/div>\n\t\t\t\t<figcaption class='wp-caption-text gallery-caption' id='gallery-1-62250'>\n\t\t\t\tCasa CSP \/ PJV Arquitetura (\u00a9 Pablo Vailatti)\n\t\t\t\t<\/figcaption><\/figure><figure class='gallery-item'>\n\t\t\t<div class='gallery-icon landscape'>\n\t\t\t\t<a href='https:\/\/www.arquimaster.com.ar\/web\/wp-content\/uploads\/2021\/01\/casa_csp_pv25.jpg' title=\"Casa CSP \/ PJV Arquitetura (\u00a9 Pablo Vailatti)\" data-rl_title=\"Casa CSP \/ PJV Arquitetura (\u00a9 Pablo Vailatti)\" class=\"rl-gallery-link\" data-rl_caption=\"Casa CSP \/ PJV Arquitetura (\u00a9 Pablo Vailatti)\" data-rel=\"lightbox-gallery-1\"><img loading=\"lazy\" decoding=\"async\" width=\"150\" height=\"150\" src=\"https:\/\/www.arquimaster.com.ar\/web\/wp-content\/uploads\/2021\/01\/casa_csp_pv25-150x150.jpg\" class=\"attachment-thumbnail size-thumbnail\" alt=\"Casa CSP \/ PJV Arquitetura\" aria-describedby=\"gallery-1-62251\" \/><\/a>\n\t\t\t<\/div>\n\t\t\t\t<figcaption class='wp-caption-text gallery-caption' id='gallery-1-62251'>\n\t\t\t\tCasa CSP \/ PJV Arquitetura (\u00a9 Pablo Vailatti)\n\t\t\t\t<\/figcaption><\/figure><figure class='gallery-item'>\n\t\t\t<div class='gallery-icon landscape'>\n\t\t\t\t<a href='https:\/\/www.arquimaster.com.ar\/web\/wp-content\/uploads\/2021\/01\/casa_csp_pv26.jpg' title=\"Casa CSP \/ PJV Arquitetura (\u00a9 Pablo Vailatti)\" data-rl_title=\"Casa CSP \/ PJV Arquitetura (\u00a9 Pablo Vailatti)\" class=\"rl-gallery-link\" data-rl_caption=\"Casa CSP \/ PJV Arquitetura (\u00a9 Pablo Vailatti)\" data-rel=\"lightbox-gallery-1\"><img loading=\"lazy\" decoding=\"async\" width=\"150\" height=\"150\" src=\"https:\/\/www.arquimaster.com.ar\/web\/wp-content\/uploads\/2021\/01\/casa_csp_pv26-150x150.jpg\" class=\"attachment-thumbnail size-thumbnail\" alt=\"Casa CSP \/ PJV Arquitetura\" aria-describedby=\"gallery-1-62252\" \/><\/a>\n\t\t\t<\/div>\n\t\t\t\t<figcaption class='wp-caption-text gallery-caption' id='gallery-1-62252'>\n\t\t\t\tCasa CSP \/ PJV Arquitetura (\u00a9 Pablo Vailatti)\n\t\t\t\t<\/figcaption><\/figure><figure class='gallery-item'>\n\t\t\t<div class='gallery-icon landscape'>\n\t\t\t\t<a href='https:\/\/www.arquimaster.com.ar\/web\/wp-content\/uploads\/2021\/01\/casa_csp_pv27.jpg' title=\"Casa CSP \/ PJV Arquitetura (\u00a9 Pablo Vailatti)\" data-rl_title=\"Casa CSP \/ PJV Arquitetura (\u00a9 Pablo Vailatti)\" class=\"rl-gallery-link\" data-rl_caption=\"Casa CSP \/ PJV Arquitetura (\u00a9 Pablo Vailatti)\" data-rel=\"lightbox-gallery-1\"><img loading=\"lazy\" decoding=\"async\" width=\"150\" height=\"150\" src=\"https:\/\/www.arquimaster.com.ar\/web\/wp-content\/uploads\/2021\/01\/casa_csp_pv27-150x150.jpg\" class=\"attachment-thumbnail size-thumbnail\" alt=\"Casa CSP \/ PJV Arquitetura\" aria-describedby=\"gallery-1-62253\" \/><\/a>\n\t\t\t<\/div>\n\t\t\t\t<figcaption class='wp-caption-text gallery-caption' id='gallery-1-62253'>\n\t\t\t\tCasa CSP \/ PJV Arquitetura (\u00a9 Pablo Vailatti)\n\t\t\t\t<\/figcaption><\/figure>\n\t\t<\/div>\n\n<p>El programa se distribuy\u00f3 en dos cuerpos construidos, la casa principal consta de 2 plantas y una zona de ocio en la planta baja, adem\u00e1s de una gran zona abierta con piscina, sol\u00e1rium, jard\u00edn, gacebo, spa y area de estar exterior.<\/p>\n<p>Para el emplazamiento del cuerpo principal se dej\u00f3 una gran hendidura en la parte norte del terreno, frente al mar, y en paralelo a este bloque se implant\u00f3 el bloque bajo, a\u00fan m\u00e1s atr\u00e1s en relaci\u00f3n al mar. En este espacio libre, orientado al norte y frente al mar, se ubicaron la piscina y otras \u00e1reas abiertas de ocio y socializaci\u00f3n, lo que permite disfrutar de la vista del paisaje del lugar, marcado por la playa, el mar y el horizonte.<\/p>\n<p>Conectando estas tres partes del proyecto, bloque principal, bloque bajo y \u00e1rea de piscina, se dise\u00f1\u00f3 una peque\u00f1a \u00e1rea en desnivel hundida en dos escalones con spa, chimenea y asientos al aire libre.<\/p>\n<div id='gallery-2' class='gallery galleryid-62229 gallery-columns-3 gallery-size-thumbnail'><figure class='gallery-item'>\n\t\t\t<div class='gallery-icon landscape'>\n\t\t\t\t<a href='https:\/\/www.arquimaster.com.ar\/web\/wp-content\/uploads\/2021\/01\/casa_csp_pv28.jpg' title=\"Casa CSP \/ PJV Arquitetura (\u00a9 Pablo Vailatti)\" data-rl_title=\"Casa CSP \/ PJV Arquitetura (\u00a9 Pablo Vailatti)\" class=\"rl-gallery-link\" data-rl_caption=\"Casa CSP \/ PJV Arquitetura (\u00a9 Pablo Vailatti)\" data-rel=\"lightbox-gallery-2\"><img loading=\"lazy\" decoding=\"async\" width=\"150\" height=\"150\" src=\"https:\/\/www.arquimaster.com.ar\/web\/wp-content\/uploads\/2021\/01\/casa_csp_pv28-150x150.jpg\" class=\"attachment-thumbnail size-thumbnail\" alt=\"Casa CSP \/ PJV Arquitetura\" aria-describedby=\"gallery-2-62254\" \/><\/a>\n\t\t\t<\/div>\n\t\t\t\t<figcaption class='wp-caption-text gallery-caption' id='gallery-2-62254'>\n\t\t\t\tCasa CSP \/ PJV Arquitetura (\u00a9 Pablo Vailatti)\n\t\t\t\t<\/figcaption><\/figure><figure class='gallery-item'>\n\t\t\t<div class='gallery-icon portrait'>\n\t\t\t\t<a href='https:\/\/www.arquimaster.com.ar\/web\/wp-content\/uploads\/2021\/01\/casa_csp_pv29.jpg' title=\"Casa CSP \/ PJV Arquitetura (\u00a9 Pablo Vailatti)\" data-rl_title=\"Casa CSP \/ PJV Arquitetura (\u00a9 Pablo Vailatti)\" class=\"rl-gallery-link\" data-rl_caption=\"Casa CSP \/ PJV Arquitetura (\u00a9 Pablo Vailatti)\" data-rel=\"lightbox-gallery-2\"><img loading=\"lazy\" decoding=\"async\" width=\"150\" height=\"150\" src=\"https:\/\/www.arquimaster.com.ar\/web\/wp-content\/uploads\/2021\/01\/casa_csp_pv29-150x150.jpg\" class=\"attachment-thumbnail size-thumbnail\" alt=\"Casa CSP \/ PJV Arquitetura\" aria-describedby=\"gallery-2-62255\" \/><\/a>\n\t\t\t<\/div>\n\t\t\t\t<figcaption class='wp-caption-text gallery-caption' id='gallery-2-62255'>\n\t\t\t\tCasa CSP \/ PJV Arquitetura (\u00a9 Pablo Vailatti)\n\t\t\t\t<\/figcaption><\/figure><figure class='gallery-item'>\n\t\t\t<div class='gallery-icon portrait'>\n\t\t\t\t<a href='https:\/\/www.arquimaster.com.ar\/web\/wp-content\/uploads\/2021\/01\/casa_csp_pv30.jpg' title=\"Casa CSP \/ PJV Arquitetura (\u00a9 Pablo Vailatti)\" data-rl_title=\"Casa CSP \/ PJV Arquitetura (\u00a9 Pablo Vailatti)\" class=\"rl-gallery-link\" data-rl_caption=\"Casa CSP \/ PJV Arquitetura (\u00a9 Pablo Vailatti)\" data-rel=\"lightbox-gallery-2\"><img loading=\"lazy\" decoding=\"async\" width=\"150\" height=\"150\" src=\"https:\/\/www.arquimaster.com.ar\/web\/wp-content\/uploads\/2021\/01\/casa_csp_pv30-150x150.jpg\" class=\"attachment-thumbnail size-thumbnail\" alt=\"Casa CSP \/ PJV Arquitetura\" aria-describedby=\"gallery-2-62256\" \/><\/a>\n\t\t\t<\/div>\n\t\t\t\t<figcaption class='wp-caption-text gallery-caption' id='gallery-2-62256'>\n\t\t\t\tCasa CSP \/ PJV Arquitetura (\u00a9 Pablo Vailatti)\n\t\t\t\t<\/figcaption><\/figure><figure class='gallery-item'>\n\t\t\t<div class='gallery-icon landscape'>\n\t\t\t\t<a href='https:\/\/www.arquimaster.com.ar\/web\/wp-content\/uploads\/2021\/01\/casa_csp_pv31.jpg' title=\"Casa CSP \/ PJV Arquitetura (\u00a9 Pablo Vailatti)\" data-rl_title=\"Casa CSP \/ PJV Arquitetura (\u00a9 Pablo Vailatti)\" class=\"rl-gallery-link\" data-rl_caption=\"Casa CSP \/ PJV Arquitetura (\u00a9 Pablo Vailatti)\" data-rel=\"lightbox-gallery-2\"><img loading=\"lazy\" decoding=\"async\" width=\"150\" height=\"150\" src=\"https:\/\/www.arquimaster.com.ar\/web\/wp-content\/uploads\/2021\/01\/casa_csp_pv31-150x150.jpg\" class=\"attachment-thumbnail size-thumbnail\" alt=\"Casa CSP \/ PJV Arquitetura\" aria-describedby=\"gallery-2-62257\" \/><\/a>\n\t\t\t<\/div>\n\t\t\t\t<figcaption class='wp-caption-text gallery-caption' id='gallery-2-62257'>\n\t\t\t\tCasa CSP \/ PJV Arquitetura (\u00a9 Pablo Vailatti)\n\t\t\t\t<\/figcaption><\/figure><figure class='gallery-item'>\n\t\t\t<div class='gallery-icon landscape'>\n\t\t\t\t<a href='https:\/\/www.arquimaster.com.ar\/web\/wp-content\/uploads\/2021\/01\/casa_csp_pv32.jpg' title=\"Casa CSP \/ PJV Arquitetura (\u00a9 Pablo Vailatti)\" data-rl_title=\"Casa CSP \/ PJV Arquitetura (\u00a9 Pablo Vailatti)\" class=\"rl-gallery-link\" data-rl_caption=\"Casa CSP \/ PJV Arquitetura (\u00a9 Pablo Vailatti)\" data-rel=\"lightbox-gallery-2\"><img loading=\"lazy\" decoding=\"async\" width=\"150\" height=\"150\" src=\"https:\/\/www.arquimaster.com.ar\/web\/wp-content\/uploads\/2021\/01\/casa_csp_pv32-150x150.jpg\" class=\"attachment-thumbnail size-thumbnail\" alt=\"Casa CSP \/ PJV Arquitetura\" aria-describedby=\"gallery-2-62258\" \/><\/a>\n\t\t\t<\/div>\n\t\t\t\t<figcaption class='wp-caption-text gallery-caption' id='gallery-2-62258'>\n\t\t\t\tCasa CSP \/ PJV Arquitetura (\u00a9 Pablo Vailatti)\n\t\t\t\t<\/figcaption><\/figure><figure class='gallery-item'>\n\t\t\t<div class='gallery-icon portrait'>\n\t\t\t\t<a href='https:\/\/www.arquimaster.com.ar\/web\/wp-content\/uploads\/2021\/01\/casa_csp_pv33.jpg' title=\"Casa CSP \/ PJV Arquitetura (\u00a9 Pablo Vailatti)\" data-rl_title=\"Casa CSP \/ PJV Arquitetura (\u00a9 Pablo Vailatti)\" class=\"rl-gallery-link\" data-rl_caption=\"Casa CSP \/ PJV Arquitetura (\u00a9 Pablo Vailatti)\" data-rel=\"lightbox-gallery-2\"><img loading=\"lazy\" decoding=\"async\" width=\"150\" height=\"150\" src=\"https:\/\/www.arquimaster.com.ar\/web\/wp-content\/uploads\/2021\/01\/casa_csp_pv33-150x150.jpg\" class=\"attachment-thumbnail size-thumbnail\" alt=\"Casa CSP \/ PJV Arquitetura\" aria-describedby=\"gallery-2-62259\" \/><\/a>\n\t\t\t<\/div>\n\t\t\t\t<figcaption class='wp-caption-text gallery-caption' id='gallery-2-62259'>\n\t\t\t\tCasa CSP \/ PJV Arquitetura (\u00a9 Pablo Vailatti)\n\t\t\t\t<\/figcaption><\/figure><figure class='gallery-item'>\n\t\t\t<div class='gallery-icon landscape'>\n\t\t\t\t<a href='https:\/\/www.arquimaster.com.ar\/web\/wp-content\/uploads\/2021\/01\/casa_csp_pv34.jpg' title=\"Casa CSP \/ PJV Arquitetura (\u00a9 Pablo Vailatti)\" data-rl_title=\"Casa CSP \/ PJV Arquitetura (\u00a9 Pablo Vailatti)\" class=\"rl-gallery-link\" data-rl_caption=\"Casa CSP \/ PJV Arquitetura (\u00a9 Pablo Vailatti)\" data-rel=\"lightbox-gallery-2\"><img loading=\"lazy\" decoding=\"async\" width=\"150\" height=\"150\" src=\"https:\/\/www.arquimaster.com.ar\/web\/wp-content\/uploads\/2021\/01\/casa_csp_pv34-150x150.jpg\" class=\"attachment-thumbnail size-thumbnail\" alt=\"Casa CSP \/ PJV Arquitetura\" aria-describedby=\"gallery-2-62260\" \/><\/a>\n\t\t\t<\/div>\n\t\t\t\t<figcaption class='wp-caption-text gallery-caption' id='gallery-2-62260'>\n\t\t\t\tCasa CSP \/ PJV Arquitetura (\u00a9 Pablo Vailatti)\n\t\t\t\t<\/figcaption><\/figure><figure class='gallery-item'>\n\t\t\t<div class='gallery-icon portrait'>\n\t\t\t\t<a href='https:\/\/www.arquimaster.com.ar\/web\/wp-content\/uploads\/2021\/01\/casa_csp_pv35.jpg' title=\"Casa CSP \/ PJV Arquitetura (\u00a9 Pablo Vailatti)\" data-rl_title=\"Casa CSP \/ PJV Arquitetura (\u00a9 Pablo Vailatti)\" class=\"rl-gallery-link\" data-rl_caption=\"Casa CSP \/ PJV Arquitetura (\u00a9 Pablo Vailatti)\" data-rel=\"lightbox-gallery-2\"><img loading=\"lazy\" decoding=\"async\" width=\"150\" height=\"150\" src=\"https:\/\/www.arquimaster.com.ar\/web\/wp-content\/uploads\/2021\/01\/casa_csp_pv35-150x150.jpg\" class=\"attachment-thumbnail size-thumbnail\" alt=\"Casa CSP \/ PJV Arquitetura\" aria-describedby=\"gallery-2-62261\" \/><\/a>\n\t\t\t<\/div>\n\t\t\t\t<figcaption class='wp-caption-text gallery-caption' id='gallery-2-62261'>\n\t\t\t\tCasa CSP \/ PJV Arquitetura (\u00a9 Pablo Vailatti)\n\t\t\t\t<\/figcaption><\/figure><figure class='gallery-item'>\n\t\t\t<div class='gallery-icon portrait'>\n\t\t\t\t<a href='https:\/\/www.arquimaster.com.ar\/web\/wp-content\/uploads\/2021\/01\/casa_csp_pv36.jpg' title=\"Casa CSP \/ PJV Arquitetura (\u00a9 Pablo Vailatti)\" data-rl_title=\"Casa CSP \/ PJV Arquitetura (\u00a9 Pablo Vailatti)\" class=\"rl-gallery-link\" data-rl_caption=\"Casa CSP \/ PJV Arquitetura (\u00a9 Pablo Vailatti)\" data-rel=\"lightbox-gallery-2\"><img loading=\"lazy\" decoding=\"async\" width=\"150\" height=\"150\" src=\"https:\/\/www.arquimaster.com.ar\/web\/wp-content\/uploads\/2021\/01\/casa_csp_pv36-150x150.jpg\" class=\"attachment-thumbnail size-thumbnail\" alt=\"Casa CSP \/ PJV Arquitetura\" aria-describedby=\"gallery-2-62262\" \/><\/a>\n\t\t\t<\/div>\n\t\t\t\t<figcaption class='wp-caption-text gallery-caption' id='gallery-2-62262'>\n\t\t\t\tCasa CSP \/ PJV Arquitetura (\u00a9 Pablo Vailatti)\n\t\t\t\t<\/figcaption><\/figure><figure class='gallery-item'>\n\t\t\t<div class='gallery-icon portrait'>\n\t\t\t\t<a href='https:\/\/www.arquimaster.com.ar\/web\/wp-content\/uploads\/2021\/01\/casa_csp_pv37.jpg' title=\"Casa CSP \/ PJV Arquitetura (\u00a9 Pablo Vailatti)\" data-rl_title=\"Casa CSP \/ PJV Arquitetura (\u00a9 Pablo Vailatti)\" class=\"rl-gallery-link\" data-rl_caption=\"Casa CSP \/ PJV Arquitetura (\u00a9 Pablo Vailatti)\" data-rel=\"lightbox-gallery-2\"><img loading=\"lazy\" decoding=\"async\" width=\"150\" height=\"150\" src=\"https:\/\/www.arquimaster.com.ar\/web\/wp-content\/uploads\/2021\/01\/casa_csp_pv37-150x150.jpg\" class=\"attachment-thumbnail size-thumbnail\" alt=\"Casa CSP \/ PJV Arquitetura\" aria-describedby=\"gallery-2-62263\" \/><\/a>\n\t\t\t<\/div>\n\t\t\t\t<figcaption class='wp-caption-text gallery-caption' id='gallery-2-62263'>\n\t\t\t\tCasa CSP \/ PJV Arquitetura (\u00a9 Pablo Vailatti)\n\t\t\t\t<\/figcaption><\/figure><figure class='gallery-item'>\n\t\t\t<div class='gallery-icon landscape'>\n\t\t\t\t<a href='https:\/\/www.arquimaster.com.ar\/web\/wp-content\/uploads\/2021\/01\/casa_csp_pv38.jpg' title=\"Casa CSP \/ PJV Arquitetura (\u00a9 Pablo Vailatti)\" data-rl_title=\"Casa CSP \/ PJV Arquitetura (\u00a9 Pablo Vailatti)\" class=\"rl-gallery-link\" data-rl_caption=\"Casa CSP \/ PJV Arquitetura (\u00a9 Pablo Vailatti)\" data-rel=\"lightbox-gallery-2\"><img loading=\"lazy\" decoding=\"async\" width=\"150\" height=\"150\" src=\"https:\/\/www.arquimaster.com.ar\/web\/wp-content\/uploads\/2021\/01\/casa_csp_pv38-150x150.jpg\" class=\"attachment-thumbnail size-thumbnail\" alt=\"Casa CSP \/ PJV Arquitetura\" aria-describedby=\"gallery-2-62264\" \/><\/a>\n\t\t\t<\/div>\n\t\t\t\t<figcaption class='wp-caption-text gallery-caption' id='gallery-2-62264'>\n\t\t\t\tCasa CSP \/ PJV Arquitetura (\u00a9 Pablo Vailatti)\n\t\t\t\t<\/figcaption><\/figure><figure class='gallery-item'>\n\t\t\t<div class='gallery-icon landscape'>\n\t\t\t\t<a href='https:\/\/www.arquimaster.com.ar\/web\/wp-content\/uploads\/2021\/01\/casa_csp_pv39.jpg' title=\"Casa CSP \/ PJV Arquitetura (\u00a9 Pablo Vailatti)\" data-rl_title=\"Casa CSP \/ PJV Arquitetura (\u00a9 Pablo Vailatti)\" class=\"rl-gallery-link\" data-rl_caption=\"Casa CSP \/ PJV Arquitetura (\u00a9 Pablo Vailatti)\" data-rel=\"lightbox-gallery-2\"><img loading=\"lazy\" decoding=\"async\" width=\"150\" height=\"150\" src=\"https:\/\/www.arquimaster.com.ar\/web\/wp-content\/uploads\/2021\/01\/casa_csp_pv39-150x150.jpg\" class=\"attachment-thumbnail size-thumbnail\" alt=\"Casa CSP \/ PJV Arquitetura\" aria-describedby=\"gallery-2-62265\" \/><\/a>\n\t\t\t<\/div>\n\t\t\t\t<figcaption class='wp-caption-text gallery-caption' id='gallery-2-62265'>\n\t\t\t\tCasa CSP \/ PJV Arquitetura (\u00a9 Pablo Vailatti)\n\t\t\t\t<\/figcaption><\/figure><figure class='gallery-item'>\n\t\t\t<div class='gallery-icon landscape'>\n\t\t\t\t<a href='https:\/\/www.arquimaster.com.ar\/web\/wp-content\/uploads\/2021\/01\/casa_csp_pv40.jpg' title=\"Casa CSP \/ PJV Arquitetura (\u00a9 Pablo Vailatti)\" data-rl_title=\"Casa CSP \/ PJV Arquitetura (\u00a9 Pablo Vailatti)\" class=\"rl-gallery-link\" data-rl_caption=\"Casa CSP \/ PJV Arquitetura (\u00a9 Pablo Vailatti)\" data-rel=\"lightbox-gallery-2\"><img loading=\"lazy\" decoding=\"async\" width=\"150\" height=\"150\" src=\"https:\/\/www.arquimaster.com.ar\/web\/wp-content\/uploads\/2021\/01\/casa_csp_pv40-150x150.jpg\" class=\"attachment-thumbnail size-thumbnail\" alt=\"Casa CSP \/ PJV Arquitetura\" aria-describedby=\"gallery-2-62266\" \/><\/a>\n\t\t\t<\/div>\n\t\t\t\t<figcaption class='wp-caption-text gallery-caption' id='gallery-2-62266'>\n\t\t\t\tCasa CSP \/ PJV Arquitetura (\u00a9 Pablo Vailatti)\n\t\t\t\t<\/figcaption><\/figure><figure class='gallery-item'>\n\t\t\t<div class='gallery-icon landscape'>\n\t\t\t\t<a href='https:\/\/www.arquimaster.com.ar\/web\/wp-content\/uploads\/2021\/01\/casa_csp_pv41.jpg' title=\"Casa CSP \/ PJV Arquitetura (\u00a9 Pablo Vailatti)\" data-rl_title=\"Casa CSP \/ PJV Arquitetura (\u00a9 Pablo Vailatti)\" class=\"rl-gallery-link\" data-rl_caption=\"Casa CSP \/ PJV Arquitetura (\u00a9 Pablo Vailatti)\" data-rel=\"lightbox-gallery-2\"><img loading=\"lazy\" decoding=\"async\" width=\"150\" height=\"150\" src=\"https:\/\/www.arquimaster.com.ar\/web\/wp-content\/uploads\/2021\/01\/casa_csp_pv41-150x150.jpg\" class=\"attachment-thumbnail size-thumbnail\" alt=\"Casa CSP \/ PJV Arquitetura\" aria-describedby=\"gallery-2-62267\" \/><\/a>\n\t\t\t<\/div>\n\t\t\t\t<figcaption class='wp-caption-text gallery-caption' id='gallery-2-62267'>\n\t\t\t\tCasa CSP \/ PJV Arquitetura (\u00a9 Pablo Vailatti)\n\t\t\t\t<\/figcaption><\/figure><figure class='gallery-item'>\n\t\t\t<div class='gallery-icon portrait'>\n\t\t\t\t<a href='https:\/\/www.arquimaster.com.ar\/web\/wp-content\/uploads\/2021\/01\/casa_csp_pv42.jpg' title=\"Casa CSP \/ PJV Arquitetura (\u00a9 Pablo Vailatti)\" data-rl_title=\"Casa CSP \/ PJV Arquitetura (\u00a9 Pablo Vailatti)\" class=\"rl-gallery-link\" data-rl_caption=\"Casa CSP \/ PJV Arquitetura (\u00a9 Pablo Vailatti)\" data-rel=\"lightbox-gallery-2\"><img loading=\"lazy\" decoding=\"async\" width=\"150\" height=\"150\" src=\"https:\/\/www.arquimaster.com.ar\/web\/wp-content\/uploads\/2021\/01\/casa_csp_pv42-150x150.jpg\" class=\"attachment-thumbnail size-thumbnail\" alt=\"Casa CSP \/ PJV Arquitetura\" aria-describedby=\"gallery-2-62268\" \/><\/a>\n\t\t\t<\/div>\n\t\t\t\t<figcaption class='wp-caption-text gallery-caption' id='gallery-2-62268'>\n\t\t\t\tCasa CSP \/ PJV Arquitetura (\u00a9 Pablo Vailatti)\n\t\t\t\t<\/figcaption><\/figure><figure class='gallery-item'>\n\t\t\t<div class='gallery-icon landscape'>\n\t\t\t\t<a href='https:\/\/www.arquimaster.com.ar\/web\/wp-content\/uploads\/2021\/01\/casa_csp_pv43.jpg' title=\"Casa CSP \/ PJV Arquitetura (\u00a9 Pablo Vailatti)\" data-rl_title=\"Casa CSP \/ PJV Arquitetura (\u00a9 Pablo Vailatti)\" class=\"rl-gallery-link\" data-rl_caption=\"Casa CSP \/ PJV Arquitetura (\u00a9 Pablo Vailatti)\" data-rel=\"lightbox-gallery-2\"><img loading=\"lazy\" decoding=\"async\" width=\"150\" height=\"150\" src=\"https:\/\/www.arquimaster.com.ar\/web\/wp-content\/uploads\/2021\/01\/casa_csp_pv43-150x150.jpg\" class=\"attachment-thumbnail size-thumbnail\" alt=\"Casa CSP \/ PJV Arquitetura\" aria-describedby=\"gallery-2-62269\" \/><\/a>\n\t\t\t<\/div>\n\t\t\t\t<figcaption class='wp-caption-text gallery-caption' id='gallery-2-62269'>\n\t\t\t\tCasa CSP \/ PJV Arquitetura (\u00a9 Pablo Vailatti)\n\t\t\t\t<\/figcaption><\/figure><figure class='gallery-item'>\n\t\t\t<div class='gallery-icon landscape'>\n\t\t\t\t<a href='https:\/\/www.arquimaster.com.ar\/web\/wp-content\/uploads\/2021\/01\/casa_csp_pv44.jpg' title=\"Casa CSP \/ PJV Arquitetura (\u00a9 Pablo Vailatti)\" data-rl_title=\"Casa CSP \/ PJV Arquitetura (\u00a9 Pablo Vailatti)\" class=\"rl-gallery-link\" data-rl_caption=\"Casa CSP \/ PJV Arquitetura (\u00a9 Pablo Vailatti)\" data-rel=\"lightbox-gallery-2\"><img loading=\"lazy\" decoding=\"async\" width=\"150\" height=\"150\" src=\"https:\/\/www.arquimaster.com.ar\/web\/wp-content\/uploads\/2021\/01\/casa_csp_pv44-150x150.jpg\" class=\"attachment-thumbnail size-thumbnail\" alt=\"Casa CSP \/ PJV Arquitetura\" aria-describedby=\"gallery-2-62270\" \/><\/a>\n\t\t\t<\/div>\n\t\t\t\t<figcaption class='wp-caption-text gallery-caption' id='gallery-2-62270'>\n\t\t\t\tCasa CSP \/ PJV Arquitetura (\u00a9 Pablo Vailatti)\n\t\t\t\t<\/figcaption><\/figure><figure class='gallery-item'>\n\t\t\t<div class='gallery-icon portrait'>\n\t\t\t\t<a href='https:\/\/www.arquimaster.com.ar\/web\/wp-content\/uploads\/2021\/01\/casa_csp_pv45.jpg' title=\"Casa CSP \/ PJV Arquitetura (\u00a9 Pablo Vailatti)\" data-rl_title=\"Casa CSP \/ PJV Arquitetura (\u00a9 Pablo Vailatti)\" class=\"rl-gallery-link\" data-rl_caption=\"Casa CSP \/ PJV Arquitetura (\u00a9 Pablo Vailatti)\" data-rel=\"lightbox-gallery-2\"><img loading=\"lazy\" decoding=\"async\" width=\"150\" height=\"150\" src=\"https:\/\/www.arquimaster.com.ar\/web\/wp-content\/uploads\/2021\/01\/casa_csp_pv45-150x150.jpg\" class=\"attachment-thumbnail size-thumbnail\" alt=\"Casa CSP \/ PJV Arquitetura\" aria-describedby=\"gallery-2-62271\" \/><\/a>\n\t\t\t<\/div>\n\t\t\t\t<figcaption class='wp-caption-text gallery-caption' id='gallery-2-62271'>\n\t\t\t\tCasa CSP \/ PJV Arquitetura (\u00a9 Pablo Vailatti)\n\t\t\t\t<\/figcaption><\/figure><figure class='gallery-item'>\n\t\t\t<div class='gallery-icon landscape'>\n\t\t\t\t<a href='https:\/\/www.arquimaster.com.ar\/web\/wp-content\/uploads\/2021\/01\/casa_csp_pv46.jpg' title=\"Casa CSP \/ PJV Arquitetura (\u00a9 Pablo Vailatti)\" data-rl_title=\"Casa CSP \/ PJV Arquitetura (\u00a9 Pablo Vailatti)\" class=\"rl-gallery-link\" data-rl_caption=\"Casa CSP \/ PJV Arquitetura (\u00a9 Pablo Vailatti)\" data-rel=\"lightbox-gallery-2\"><img loading=\"lazy\" decoding=\"async\" width=\"150\" height=\"150\" src=\"https:\/\/www.arquimaster.com.ar\/web\/wp-content\/uploads\/2021\/01\/casa_csp_pv46-150x150.jpg\" class=\"attachment-thumbnail size-thumbnail\" alt=\"Casa CSP \/ PJV Arquitetura\" aria-describedby=\"gallery-2-62272\" \/><\/a>\n\t\t\t<\/div>\n\t\t\t\t<figcaption class='wp-caption-text gallery-caption' id='gallery-2-62272'>\n\t\t\t\tCasa CSP \/ PJV Arquitetura (\u00a9 Pablo Vailatti)\n\t\t\t\t<\/figcaption><\/figure><figure class='gallery-item'>\n\t\t\t<div class='gallery-icon landscape'>\n\t\t\t\t<a href='https:\/\/www.arquimaster.com.ar\/web\/wp-content\/uploads\/2021\/01\/casa_csp_pv47.jpg' title=\"Casa CSP \/ PJV Arquitetura (\u00a9 Pablo Vailatti)\" data-rl_title=\"Casa CSP \/ PJV Arquitetura (\u00a9 Pablo Vailatti)\" class=\"rl-gallery-link\" data-rl_caption=\"Casa CSP \/ PJV Arquitetura (\u00a9 Pablo Vailatti)\" data-rel=\"lightbox-gallery-2\"><img loading=\"lazy\" decoding=\"async\" width=\"150\" height=\"150\" src=\"https:\/\/www.arquimaster.com.ar\/web\/wp-content\/uploads\/2021\/01\/casa_csp_pv47-150x150.jpg\" class=\"attachment-thumbnail size-thumbnail\" alt=\"Casa CSP \/ PJV Arquitetura\" aria-describedby=\"gallery-2-62273\" \/><\/a>\n\t\t\t<\/div>\n\t\t\t\t<figcaption class='wp-caption-text gallery-caption' id='gallery-2-62273'>\n\t\t\t\tCasa CSP \/ PJV Arquitetura (\u00a9 Pablo Vailatti)\n\t\t\t\t<\/figcaption><\/figure><figure class='gallery-item'>\n\t\t\t<div class='gallery-icon portrait'>\n\t\t\t\t<a href='https:\/\/www.arquimaster.com.ar\/web\/wp-content\/uploads\/2021\/01\/casa_csp_pv48.jpg' title=\"Casa CSP \/ PJV Arquitetura (\u00a9 Pablo Vailatti)\" data-rl_title=\"Casa CSP \/ PJV Arquitetura (\u00a9 Pablo Vailatti)\" class=\"rl-gallery-link\" data-rl_caption=\"Casa CSP \/ PJV Arquitetura (\u00a9 Pablo Vailatti)\" data-rel=\"lightbox-gallery-2\"><img loading=\"lazy\" decoding=\"async\" width=\"150\" height=\"150\" src=\"https:\/\/www.arquimaster.com.ar\/web\/wp-content\/uploads\/2021\/01\/casa_csp_pv48-150x150.jpg\" class=\"attachment-thumbnail size-thumbnail\" alt=\"Casa CSP \/ PJV Arquitetura\" aria-describedby=\"gallery-2-62274\" \/><\/a>\n\t\t\t<\/div>\n\t\t\t\t<figcaption class='wp-caption-text gallery-caption' id='gallery-2-62274'>\n\t\t\t\tCasa CSP \/ PJV Arquitetura (\u00a9 Pablo Vailatti)\n\t\t\t\t<\/figcaption><\/figure><figure class='gallery-item'>\n\t\t\t<div class='gallery-icon portrait'>\n\t\t\t\t<a href='https:\/\/www.arquimaster.com.ar\/web\/wp-content\/uploads\/2021\/01\/casa_csp_pv49.jpg' title=\"Casa CSP \/ PJV Arquitetura (\u00a9 Pablo Vailatti)\" data-rl_title=\"Casa CSP \/ PJV Arquitetura (\u00a9 Pablo Vailatti)\" class=\"rl-gallery-link\" data-rl_caption=\"Casa CSP \/ PJV Arquitetura (\u00a9 Pablo Vailatti)\" data-rel=\"lightbox-gallery-2\"><img loading=\"lazy\" decoding=\"async\" width=\"150\" height=\"150\" src=\"https:\/\/www.arquimaster.com.ar\/web\/wp-content\/uploads\/2021\/01\/casa_csp_pv49-150x150.jpg\" class=\"attachment-thumbnail size-thumbnail\" alt=\"Casa CSP \/ PJV Arquitetura\" aria-describedby=\"gallery-2-62275\" \/><\/a>\n\t\t\t<\/div>\n\t\t\t\t<figcaption class='wp-caption-text gallery-caption' id='gallery-2-62275'>\n\t\t\t\tCasa CSP \/ PJV Arquitetura (\u00a9 Pablo Vailatti)\n\t\t\t\t<\/figcaption><\/figure><figure class='gallery-item'>\n\t\t\t<div class='gallery-icon portrait'>\n\t\t\t\t<a href='https:\/\/www.arquimaster.com.ar\/web\/wp-content\/uploads\/2021\/01\/casa_csp_pv50.jpg' title=\"Casa CSP \/ PJV Arquitetura (\u00a9 Pablo Vailatti)\" data-rl_title=\"Casa CSP \/ PJV Arquitetura (\u00a9 Pablo Vailatti)\" class=\"rl-gallery-link\" data-rl_caption=\"Casa CSP \/ PJV Arquitetura (\u00a9 Pablo Vailatti)\" data-rel=\"lightbox-gallery-2\"><img loading=\"lazy\" decoding=\"async\" width=\"150\" height=\"150\" src=\"https:\/\/www.arquimaster.com.ar\/web\/wp-content\/uploads\/2021\/01\/casa_csp_pv50-150x150.jpg\" class=\"attachment-thumbnail size-thumbnail\" alt=\"Casa CSP \/ PJV Arquitetura\" aria-describedby=\"gallery-2-62276\" \/><\/a>\n\t\t\t<\/div>\n\t\t\t\t<figcaption class='wp-caption-text gallery-caption' id='gallery-2-62276'>\n\t\t\t\tCasa CSP \/ PJV Arquitetura (\u00a9 Pablo Vailatti)\n\t\t\t\t<\/figcaption><\/figure><figure class='gallery-item'>\n\t\t\t<div class='gallery-icon landscape'>\n\t\t\t\t<a href='https:\/\/www.arquimaster.com.ar\/web\/wp-content\/uploads\/2021\/01\/casa_csp_pv51.jpg' title=\"Casa CSP \/ PJV Arquitetura (\u00a9 Pablo Vailatti)\" data-rl_title=\"Casa CSP \/ PJV Arquitetura (\u00a9 Pablo Vailatti)\" class=\"rl-gallery-link\" data-rl_caption=\"Casa CSP \/ PJV Arquitetura (\u00a9 Pablo Vailatti)\" data-rel=\"lightbox-gallery-2\"><img loading=\"lazy\" decoding=\"async\" width=\"150\" height=\"150\" src=\"https:\/\/www.arquimaster.com.ar\/web\/wp-content\/uploads\/2021\/01\/casa_csp_pv51-150x150.jpg\" class=\"attachment-thumbnail size-thumbnail\" alt=\"Casa CSP \/ PJV Arquitetura\" aria-describedby=\"gallery-2-62277\" \/><\/a>\n\t\t\t<\/div>\n\t\t\t\t<figcaption class='wp-caption-text gallery-caption' id='gallery-2-62277'>\n\t\t\t\tCasa CSP \/ PJV Arquitetura (\u00a9 Pablo Vailatti)\n\t\t\t\t<\/figcaption><\/figure>\n\t\t<\/div>\n\n<p>La estructura portante de la casa est\u00e1 formada por vigas y pilares de hormig\u00f3n visto con unas dimensiones de 30&#215;70 cm.<\/p>\n<p>En la planta baja, la estructura consta de 6 columnas de hormig\u00f3n a la vista en su per\u00edmetro y en la planta superior el n\u00famero de columnas de hormig\u00f3n a la vista en el per\u00edmetro del volumen se convierte en 8, estando 4 de ellas ubicadas en los extremos de los voladizos.<\/p>\n<p>La s\u00edntesis estructural da forma a la arquitectura de esta residencia. El esqueleto de vigas y columnas expuestas forma un volumen pesado y al mismo tiempo flotante. Vigas y pilares robustos forman dos grandes voladizos, de seis y cuatro metros en las direcciones norte y sur. Al norte este voladizo forma la galer\u00eda social y al sur configura el espacio destinado a albergar los coches.<\/p>\n<div id='gallery-3' class='gallery galleryid-62229 gallery-columns-3 gallery-size-thumbnail'><figure class='gallery-item'>\n\t\t\t<div class='gallery-icon landscape'>\n\t\t\t\t<a href='https:\/\/www.arquimaster.com.ar\/web\/wp-content\/uploads\/2021\/01\/casa_csp_pv52.jpg' title=\"Casa CSP \/ PJV Arquitetura (implantacion)\" data-rl_title=\"Casa CSP \/ PJV Arquitetura (implantacion)\" class=\"rl-gallery-link\" data-rl_caption=\"Casa CSP \/ PJV Arquitetura (implantacion)\" data-rel=\"lightbox-gallery-3\"><img loading=\"lazy\" decoding=\"async\" width=\"150\" height=\"150\" src=\"https:\/\/www.arquimaster.com.ar\/web\/wp-content\/uploads\/2021\/01\/casa_csp_pv52-150x150.jpg\" class=\"attachment-thumbnail size-thumbnail\" alt=\"Casa CSP \/ PJV Arquitetura\" aria-describedby=\"gallery-3-62278\" \/><\/a>\n\t\t\t<\/div>\n\t\t\t\t<figcaption class='wp-caption-text gallery-caption' id='gallery-3-62278'>\n\t\t\t\tCasa CSP \/ PJV Arquitetura (implantacion)\n\t\t\t\t<\/figcaption><\/figure><figure class='gallery-item'>\n\t\t\t<div class='gallery-icon landscape'>\n\t\t\t\t<a href='https:\/\/www.arquimaster.com.ar\/web\/wp-content\/uploads\/2021\/01\/casa_csp_pv53.jpg' title=\"Casa CSP \/ PJV Arquitetura (planta baja)\" data-rl_title=\"Casa CSP \/ PJV Arquitetura (planta baja)\" class=\"rl-gallery-link\" data-rl_caption=\"Casa CSP \/ PJV Arquitetura (planta baja)\" data-rel=\"lightbox-gallery-3\"><img loading=\"lazy\" decoding=\"async\" width=\"150\" height=\"150\" src=\"https:\/\/www.arquimaster.com.ar\/web\/wp-content\/uploads\/2021\/01\/casa_csp_pv53-150x150.jpg\" class=\"attachment-thumbnail size-thumbnail\" alt=\"Casa CSP \/ PJV Arquitetura\" aria-describedby=\"gallery-3-62279\" \/><\/a>\n\t\t\t<\/div>\n\t\t\t\t<figcaption class='wp-caption-text gallery-caption' id='gallery-3-62279'>\n\t\t\t\tCasa CSP \/ PJV Arquitetura (planta baja)\n\t\t\t\t<\/figcaption><\/figure><figure class='gallery-item'>\n\t\t\t<div class='gallery-icon landscape'>\n\t\t\t\t<a href='https:\/\/www.arquimaster.com.ar\/web\/wp-content\/uploads\/2021\/01\/casa_csp_pv54.jpg' title=\"Casa CSP \/ PJV Arquitetura (planta alta)\" data-rl_title=\"Casa CSP \/ PJV Arquitetura (planta alta)\" class=\"rl-gallery-link\" data-rl_caption=\"Casa CSP \/ PJV Arquitetura (planta alta)\" data-rel=\"lightbox-gallery-3\"><img loading=\"lazy\" decoding=\"async\" width=\"150\" height=\"150\" src=\"https:\/\/www.arquimaster.com.ar\/web\/wp-content\/uploads\/2021\/01\/casa_csp_pv54-150x150.jpg\" class=\"attachment-thumbnail size-thumbnail\" alt=\"Casa CSP \/ PJV Arquitetura\" aria-describedby=\"gallery-3-62280\" \/><\/a>\n\t\t\t<\/div>\n\t\t\t\t<figcaption class='wp-caption-text gallery-caption' id='gallery-3-62280'>\n\t\t\t\tCasa CSP \/ PJV Arquitetura (planta alta)\n\t\t\t\t<\/figcaption><\/figure><figure class='gallery-item'>\n\t\t\t<div class='gallery-icon landscape'>\n\t\t\t\t<a href='https:\/\/www.arquimaster.com.ar\/web\/wp-content\/uploads\/2021\/01\/casa_csp_pv55.jpg' title=\"Casa CSP \/ PJV Arquitetura (planta de techos)\" data-rl_title=\"Casa CSP \/ PJV Arquitetura (planta de techos)\" class=\"rl-gallery-link\" data-rl_caption=\"Casa CSP \/ PJV Arquitetura (planta de techos)\" data-rel=\"lightbox-gallery-3\"><img loading=\"lazy\" decoding=\"async\" width=\"150\" height=\"150\" src=\"https:\/\/www.arquimaster.com.ar\/web\/wp-content\/uploads\/2021\/01\/casa_csp_pv55-150x150.jpg\" class=\"attachment-thumbnail size-thumbnail\" alt=\"Casa CSP \/ PJV Arquitetura\" aria-describedby=\"gallery-3-62281\" \/><\/a>\n\t\t\t<\/div>\n\t\t\t\t<figcaption class='wp-caption-text gallery-caption' id='gallery-3-62281'>\n\t\t\t\tCasa CSP \/ PJV Arquitetura (planta de techos)\n\t\t\t\t<\/figcaption><\/figure><figure class='gallery-item'>\n\t\t\t<div class='gallery-icon landscape'>\n\t\t\t\t<a href='https:\/\/www.arquimaster.com.ar\/web\/wp-content\/uploads\/2021\/01\/casa_csp_pv56.jpg' title=\"Casa CSP \/ PJV Arquitetura (corte)\" data-rl_title=\"Casa CSP \/ PJV Arquitetura (corte)\" class=\"rl-gallery-link\" data-rl_caption=\"Casa CSP \/ PJV Arquitetura (corte)\" data-rel=\"lightbox-gallery-3\"><img loading=\"lazy\" decoding=\"async\" width=\"150\" height=\"150\" src=\"https:\/\/www.arquimaster.com.ar\/web\/wp-content\/uploads\/2021\/01\/casa_csp_pv56-150x150.jpg\" class=\"attachment-thumbnail size-thumbnail\" alt=\"Casa CSP \/ PJV Arquitetura\" aria-describedby=\"gallery-3-62282\" \/><\/a>\n\t\t\t<\/div>\n\t\t\t\t<figcaption class='wp-caption-text gallery-caption' id='gallery-3-62282'>\n\t\t\t\tCasa CSP \/ PJV Arquitetura (corte)\n\t\t\t\t<\/figcaption><\/figure><figure class='gallery-item'>\n\t\t\t<div class='gallery-icon landscape'>\n\t\t\t\t<a href='https:\/\/www.arquimaster.com.ar\/web\/wp-content\/uploads\/2021\/01\/casa_csp_pv57.jpg' title=\"Casa CSP \/ PJV Arquitetura (corte)\" data-rl_title=\"Casa CSP \/ PJV Arquitetura (corte)\" class=\"rl-gallery-link\" data-rl_caption=\"Casa CSP \/ PJV Arquitetura (corte)\" data-rel=\"lightbox-gallery-3\"><img loading=\"lazy\" decoding=\"async\" width=\"150\" height=\"150\" src=\"https:\/\/www.arquimaster.com.ar\/web\/wp-content\/uploads\/2021\/01\/casa_csp_pv57-150x150.jpg\" class=\"attachment-thumbnail size-thumbnail\" alt=\"Casa CSP \/ PJV Arquitetura\" aria-describedby=\"gallery-3-62283\" \/><\/a>\n\t\t\t<\/div>\n\t\t\t\t<figcaption class='wp-caption-text gallery-caption' id='gallery-3-62283'>\n\t\t\t\tCasa CSP \/ PJV Arquitetura (corte)\n\t\t\t\t<\/figcaption><\/figure><figure class='gallery-item'>\n\t\t\t<div class='gallery-icon landscape'>\n\t\t\t\t<a href='https:\/\/www.arquimaster.com.ar\/web\/wp-content\/uploads\/2021\/01\/casa_csp_pv58.jpg' title=\"Casa CSP \/ PJV Arquitetura (corte)\" data-rl_title=\"Casa CSP \/ PJV Arquitetura (corte)\" class=\"rl-gallery-link\" data-rl_caption=\"Casa CSP \/ PJV Arquitetura (corte)\" data-rel=\"lightbox-gallery-3\"><img loading=\"lazy\" decoding=\"async\" width=\"150\" height=\"150\" src=\"https:\/\/www.arquimaster.com.ar\/web\/wp-content\/uploads\/2021\/01\/casa_csp_pv58-150x150.jpg\" class=\"attachment-thumbnail size-thumbnail\" alt=\"Casa CSP \/ PJV Arquitetura\" aria-describedby=\"gallery-3-62284\" \/><\/a>\n\t\t\t<\/div>\n\t\t\t\t<figcaption class='wp-caption-text gallery-caption' id='gallery-3-62284'>\n\t\t\t\tCasa CSP \/ PJV Arquitetura (corte)\n\t\t\t\t<\/figcaption><\/figure><figure class='gallery-item'>\n\t\t\t<div class='gallery-icon landscape'>\n\t\t\t\t<a href='https:\/\/www.arquimaster.com.ar\/web\/wp-content\/uploads\/2021\/01\/casa_csp_pv59.jpg' title=\"Casa CSP \/ PJV Arquitetura (corte)\" data-rl_title=\"Casa CSP \/ PJV Arquitetura (corte)\" class=\"rl-gallery-link\" data-rl_caption=\"Casa CSP \/ PJV Arquitetura (corte)\" data-rel=\"lightbox-gallery-3\"><img loading=\"lazy\" decoding=\"async\" width=\"150\" height=\"150\" src=\"https:\/\/www.arquimaster.com.ar\/web\/wp-content\/uploads\/2021\/01\/casa_csp_pv59-150x150.jpg\" class=\"attachment-thumbnail size-thumbnail\" alt=\"Casa CSP \/ PJV Arquitetura\" aria-describedby=\"gallery-3-62285\" \/><\/a>\n\t\t\t<\/div>\n\t\t\t\t<figcaption class='wp-caption-text gallery-caption' id='gallery-3-62285'>\n\t\t\t\tCasa CSP \/ PJV Arquitetura (corte)\n\t\t\t\t<\/figcaption><\/figure><figure class='gallery-item'>\n\t\t\t<div class='gallery-icon landscape'>\n\t\t\t\t<a href='https:\/\/www.arquimaster.com.ar\/web\/wp-content\/uploads\/2021\/01\/casa_csp_pv60.jpg' title=\"Casa CSP \/ PJV Arquitetura (vista)\" data-rl_title=\"Casa CSP \/ PJV Arquitetura (vista)\" class=\"rl-gallery-link\" data-rl_caption=\"Casa CSP \/ PJV Arquitetura (vista)\" data-rel=\"lightbox-gallery-3\"><img loading=\"lazy\" decoding=\"async\" width=\"150\" height=\"150\" src=\"https:\/\/www.arquimaster.com.ar\/web\/wp-content\/uploads\/2021\/01\/casa_csp_pv60-150x150.jpg\" class=\"attachment-thumbnail size-thumbnail\" alt=\"Casa CSP \/ PJV Arquitetura\" aria-describedby=\"gallery-3-62286\" \/><\/a>\n\t\t\t<\/div>\n\t\t\t\t<figcaption class='wp-caption-text gallery-caption' id='gallery-3-62286'>\n\t\t\t\tCasa CSP \/ PJV Arquitetura (vista)\n\t\t\t\t<\/figcaption><\/figure><figure class='gallery-item'>\n\t\t\t<div class='gallery-icon landscape'>\n\t\t\t\t<a href='https:\/\/www.arquimaster.com.ar\/web\/wp-content\/uploads\/2021\/01\/casa_csp_pv61.jpg' title=\"Casa CSP \/ PJV Arquitetura (vista)\" data-rl_title=\"Casa CSP \/ PJV Arquitetura (vista)\" class=\"rl-gallery-link\" data-rl_caption=\"Casa CSP \/ PJV Arquitetura (vista)\" data-rel=\"lightbox-gallery-3\"><img loading=\"lazy\" decoding=\"async\" width=\"150\" height=\"150\" src=\"https:\/\/www.arquimaster.com.ar\/web\/wp-content\/uploads\/2021\/01\/casa_csp_pv61-150x150.jpg\" class=\"attachment-thumbnail size-thumbnail\" alt=\"Casa CSP \/ PJV Arquitetura\" aria-describedby=\"gallery-3-62287\" \/><\/a>\n\t\t\t<\/div>\n\t\t\t\t<figcaption class='wp-caption-text gallery-caption' id='gallery-3-62287'>\n\t\t\t\tCasa CSP \/ PJV Arquitetura (vista)\n\t\t\t\t<\/figcaption><\/figure><figure class='gallery-item'>\n\t\t\t<div class='gallery-icon landscape'>\n\t\t\t\t<a href='https:\/\/www.arquimaster.com.ar\/web\/wp-content\/uploads\/2021\/01\/casa_csp_pv62.jpg' title=\"Casa CSP \/ PJV Arquitetura (vista)\" data-rl_title=\"Casa CSP \/ PJV Arquitetura (vista)\" class=\"rl-gallery-link\" data-rl_caption=\"Casa CSP \/ PJV Arquitetura (vista)\" data-rel=\"lightbox-gallery-3\"><img loading=\"lazy\" decoding=\"async\" width=\"150\" height=\"150\" src=\"https:\/\/www.arquimaster.com.ar\/web\/wp-content\/uploads\/2021\/01\/casa_csp_pv62-150x150.jpg\" class=\"attachment-thumbnail size-thumbnail\" alt=\"Casa CSP \/ PJV Arquitetura\" aria-describedby=\"gallery-3-62288\" \/><\/a>\n\t\t\t<\/div>\n\t\t\t\t<figcaption class='wp-caption-text gallery-caption' id='gallery-3-62288'>\n\t\t\t\tCasa CSP \/ PJV Arquitetura (vista)\n\t\t\t\t<\/figcaption><\/figure><figure class='gallery-item'>\n\t\t\t<div class='gallery-icon landscape'>\n\t\t\t\t<a href='https:\/\/www.arquimaster.com.ar\/web\/wp-content\/uploads\/2021\/01\/casa_csp_pv63.jpg' title=\"Casa CSP \/ PJV Arquitetura (vista)\" data-rl_title=\"Casa CSP \/ PJV Arquitetura (vista)\" class=\"rl-gallery-link\" data-rl_caption=\"Casa CSP \/ PJV Arquitetura (vista)\" data-rel=\"lightbox-gallery-3\"><img loading=\"lazy\" decoding=\"async\" width=\"150\" height=\"150\" src=\"https:\/\/www.arquimaster.com.ar\/web\/wp-content\/uploads\/2021\/01\/casa_csp_pv63-150x150.jpg\" class=\"attachment-thumbnail size-thumbnail\" alt=\"Casa CSP \/ PJV Arquitetura\" aria-describedby=\"gallery-3-62289\" \/><\/a>\n\t\t\t<\/div>\n\t\t\t\t<figcaption class='wp-caption-text gallery-caption' id='gallery-3-62289'>\n\t\t\t\tCasa CSP \/ PJV Arquitetura (vista)\n\t\t\t\t<\/figcaption><\/figure><figure class='gallery-item'>\n\t\t\t<div class='gallery-icon landscape'>\n\t\t\t\t<a href='https:\/\/www.arquimaster.com.ar\/web\/wp-content\/uploads\/2021\/01\/casa_csp_pv64.jpg' title=\"Casa CSP \/ PJV Arquitetura (croquis)\" data-rl_title=\"Casa CSP \/ PJV Arquitetura (croquis)\" class=\"rl-gallery-link\" data-rl_caption=\"Casa CSP \/ PJV Arquitetura (croquis)\" data-rel=\"lightbox-gallery-3\"><img loading=\"lazy\" decoding=\"async\" width=\"150\" height=\"150\" src=\"https:\/\/www.arquimaster.com.ar\/web\/wp-content\/uploads\/2021\/01\/casa_csp_pv64-150x150.jpg\" class=\"attachment-thumbnail size-thumbnail\" alt=\"Casa CSP \/ PJV Arquitetura\" aria-describedby=\"gallery-3-62290\" \/><\/a>\n\t\t\t<\/div>\n\t\t\t\t<figcaption class='wp-caption-text gallery-caption' id='gallery-3-62290'>\n\t\t\t\tCasa CSP \/ PJV Arquitetura (croquis)\n\t\t\t\t<\/figcaption><\/figure><figure class='gallery-item'>\n\t\t\t<div class='gallery-icon landscape'>\n\t\t\t\t<a href='https:\/\/www.arquimaster.com.ar\/web\/wp-content\/uploads\/2021\/01\/casa_csp_pv65.jpg' title=\"Casa CSP \/ PJV Arquitetura (croquis)\" data-rl_title=\"Casa CSP \/ PJV Arquitetura (croquis)\" class=\"rl-gallery-link\" data-rl_caption=\"Casa CSP \/ PJV Arquitetura (croquis)\" data-rel=\"lightbox-gallery-3\"><img loading=\"lazy\" decoding=\"async\" width=\"150\" height=\"150\" src=\"https:\/\/www.arquimaster.com.ar\/web\/wp-content\/uploads\/2021\/01\/casa_csp_pv65-150x150.jpg\" class=\"attachment-thumbnail size-thumbnail\" alt=\"Casa CSP \/ PJV Arquitetura\" aria-describedby=\"gallery-3-62291\" \/><\/a>\n\t\t\t<\/div>\n\t\t\t\t<figcaption class='wp-caption-text gallery-caption' id='gallery-3-62291'>\n\t\t\t\tCasa CSP \/ PJV Arquitetura (croquis)\n\t\t\t\t<\/figcaption><\/figure><figure class='gallery-item'>\n\t\t\t<div class='gallery-icon landscape'>\n\t\t\t\t<a href='https:\/\/www.arquimaster.com.ar\/web\/wp-content\/uploads\/2021\/01\/casa_csp_pv66.jpg' title=\"Casa CSP \/ PJV Arquitetura (croquis)\" data-rl_title=\"Casa CSP \/ PJV Arquitetura (croquis)\" class=\"rl-gallery-link\" data-rl_caption=\"Casa CSP \/ PJV Arquitetura (croquis)\" data-rel=\"lightbox-gallery-3\"><img loading=\"lazy\" decoding=\"async\" width=\"150\" height=\"150\" src=\"https:\/\/www.arquimaster.com.ar\/web\/wp-content\/uploads\/2021\/01\/casa_csp_pv66-150x150.jpg\" class=\"attachment-thumbnail size-thumbnail\" alt=\"Casa CSP \/ PJV Arquitetura\" aria-describedby=\"gallery-3-62292\" \/><\/a>\n\t\t\t<\/div>\n\t\t\t\t<figcaption class='wp-caption-text gallery-caption' id='gallery-3-62292'>\n\t\t\t\tCasa CSP \/ PJV Arquitetura (croquis)\n\t\t\t\t<\/figcaption><\/figure><figure class='gallery-item'>\n\t\t\t<div class='gallery-icon landscape'>\n\t\t\t\t<a href='https:\/\/www.arquimaster.com.ar\/web\/wp-content\/uploads\/2021\/01\/casa_csp_pv67.jpg' title=\"Casa CSP \/ PJV Arquitetura (croquis)\" data-rl_title=\"Casa CSP \/ PJV Arquitetura (croquis)\" class=\"rl-gallery-link\" data-rl_caption=\"Casa CSP \/ PJV Arquitetura (croquis)\" data-rel=\"lightbox-gallery-3\"><img loading=\"lazy\" decoding=\"async\" width=\"150\" height=\"150\" src=\"https:\/\/www.arquimaster.com.ar\/web\/wp-content\/uploads\/2021\/01\/casa_csp_pv67-150x150.jpg\" class=\"attachment-thumbnail size-thumbnail\" alt=\"Casa CSP \/ PJV Arquitetura\" aria-describedby=\"gallery-3-62293\" \/><\/a>\n\t\t\t<\/div>\n\t\t\t\t<figcaption class='wp-caption-text gallery-caption' id='gallery-3-62293'>\n\t\t\t\tCasa CSP \/ PJV Arquitetura (croquis)\n\t\t\t\t<\/figcaption><\/figure><figure class='gallery-item'>\n\t\t\t<div class='gallery-icon landscape'>\n\t\t\t\t<a href='https:\/\/www.arquimaster.com.ar\/web\/wp-content\/uploads\/2021\/01\/casa_csp_pv68.jpg' title=\"Casa CSP \/ PJV Arquitetura (croquis)\" data-rl_title=\"Casa CSP \/ PJV Arquitetura (croquis)\" class=\"rl-gallery-link\" data-rl_caption=\"Casa CSP \/ PJV Arquitetura (croquis)\" data-rel=\"lightbox-gallery-3\"><img loading=\"lazy\" decoding=\"async\" width=\"150\" height=\"150\" src=\"https:\/\/www.arquimaster.com.ar\/web\/wp-content\/uploads\/2021\/01\/casa_csp_pv68-150x150.jpg\" class=\"attachment-thumbnail size-thumbnail\" alt=\"Casa CSP \/ PJV Arquitetura\" aria-describedby=\"gallery-3-62294\" \/><\/a>\n\t\t\t<\/div>\n\t\t\t\t<figcaption class='wp-caption-text gallery-caption' id='gallery-3-62294'>\n\t\t\t\tCasa CSP \/ PJV Arquitetura (croquis)\n\t\t\t\t<\/figcaption><\/figure><figure class='gallery-item'>\n\t\t\t<div class='gallery-icon landscape'>\n\t\t\t\t<a href='https:\/\/www.arquimaster.com.ar\/web\/wp-content\/uploads\/2021\/01\/casa_csp_pv69.jpg' title=\"Casa CSP \/ PJV Arquitetura (croquis)\" data-rl_title=\"Casa CSP \/ PJV Arquitetura (croquis)\" class=\"rl-gallery-link\" data-rl_caption=\"Casa CSP \/ PJV Arquitetura (croquis)\" data-rel=\"lightbox-gallery-3\"><img loading=\"lazy\" decoding=\"async\" width=\"150\" height=\"150\" src=\"https:\/\/www.arquimaster.com.ar\/web\/wp-content\/uploads\/2021\/01\/casa_csp_pv69-150x150.jpg\" class=\"attachment-thumbnail size-thumbnail\" alt=\"Casa CSP \/ PJV Arquitetura\" aria-describedby=\"gallery-3-62295\" \/><\/a>\n\t\t\t<\/div>\n\t\t\t\t<figcaption class='wp-caption-text gallery-caption' id='gallery-3-62295'>\n\t\t\t\tCasa CSP \/ PJV Arquitetura (croquis)\n\t\t\t\t<\/figcaption><\/figure>\n\t\t<\/div>\n\n<p>La Casa CSP busca expresar en su arquitectura la fuerza de la verdad estructural. Una estructura ahuecada de hormig\u00f3n en la parte superior, configurando terrazas con sus techos recortados y voladizos en la planta baja, formando estos espacios cubiertos y abiertos, que integran las zonas exteriores.<\/p>\n<p>La terraza en el piso superior le brinda al sector \u00edntimo de la casa un espacio abierto, ventilado e iluminado, que permite el contacto con el espacio exterior y abierto de la residencia.<\/p>\n<p>Esta terraza tiene una vista privilegiada del lugar y permite hacer expl\u00edcita la estructura de la casa, la idea central del proyecto arquitect\u00f3nico, ya que al no tener cerramiento muestra solo sus partes estructurales, los sutiles negativos entre las vigas y columnas, los recortes en la losa de cubierta, y nos hace percibir esta arquitectura como la relaci\u00f3n entre la estructura del edificio y el paisaje del lugar, como una relaci\u00f3n entre programa, estructura y paisaje.<\/p>\n<p><strong>Ficha t\u00e9cnica<\/strong><br>Nombre: Casa CSP<br>Ubicaci\u00f3n: Penha, Santa Catarina, Brasil<br>Autor: Pablo J. Vailatti<br>Co-autor: Marcio Rosa<br>\u00c1rea construida: 740 m2<br>\u00c1rea del terreno: 1.650 m2<br>Inicio del proyecto: Julio 2011<br>Final de obra: Enero 2014<br>Proyecto estructural: Ing. Mikio Homma<br>Proyecto el\u00e9ctrico e hidr\u00e1ulico: Ing. Anam\u00e9lia Adriano<br>Fotografias: Larry Sestrem y Pablo Vailatti<\/p>\n<p><strong>Contacto<\/strong><br><a href=\"http:\/\/www.pjvarquitetura.com.br\" target=\"_blank\" rel=\"noopener\">http:\/\/www.pjvarquitetura.com.br<\/a><\/p>\n<p><strong>Sobre el proyectista<\/strong><br>PJV Arquitetura es una oficina creada y dirigida por el arquitecto Pablo Jos\u00e9 Vailatti y est\u00e1 ubicada en la ciudad de Penha, en el estado de Santa Catarina, Brasil. La oficina cree en la vigencia de la arquitectura moderna como norte de su pensamiento. Busca a trav\u00e9s de sus proyectos contribuir para una adecuada formaci\u00f3n de la ciudad y mejor\u00edas del espacio urbano. Explota en sus proyectos algunos principios modernos, como raciocinio, orden y unificaci\u00f3n, junto con las necesidades actuales, como versatilidad, medio ambiente y tecnolog\u00eda. Busca referencias en los mejores proyectos de la historia de la arquitectura moderna brasilera y mundial. PJV Arquitetura posee diversos trabajos realizados, tales como: casas de playa, edificios residenciales, hoteles, espacios urbanos, y participaci\u00f3n en varios concursos.<\/p>\n\n\n<div style=\"height:20px\" aria-hidden=\"true\" class=\"wp-block-spacer\"><\/div>\n\n\n<p><em><strong>Vers\u00e3o em portugu\u00eas<\/strong><\/em><\/p>\n<p><em>Situada no litoral norte de Santa Catarina, Penha destaca-se pelo turismo de divers\u00e3o e praia, tendo como \u00e2ncora do seu desenvolvimento o Parque Beto Carrero World, al\u00e9m de 19 belas praias. A casa CSP est\u00e1 localizada na maior destas praias, a Praia de Arma\u00e7\u00e3o, e possui localiza\u00e7\u00e3o privilegiada em terreno frente ao mar.<\/em><\/p>\n<p><em>O programa foi distribu\u00eddo em dois corpos constru\u00eddos, a casa principal com 2 pavimentos e a \u00e1rea de lazer em pavimento t\u00e9rreo, al\u00e9m de uma grande \u00e1rea aberta onde se encontra piscina, sol\u00e1rio, jardim, quiosque, spa e \u00e1rea de estar ao ar livre.<\/em><\/p>\n<p><em>Para a implanta\u00e7\u00e3o do corpo principal deixou-se um grande recuo na por\u00e7\u00e3o norte do terreno, voltada para o mar, e paralelamente a este bloco foi implantado o bloco baixo, ainda mais recuado em rela\u00e7\u00e3o ao mar. Neste espa\u00e7o livre, frente ao norte e frente ao mar, foi implantada a piscina e demais \u00e1reas abertas destinadas ao lazer e conv\u00edvio, permitindo que estas desfrutem da vista da paisagem do local, marcada pela praia, pelo mar e pelo horizonte.<\/em><\/p>\n<p><em>Interligando estas tr\u00eas partes do projeto, bloco principal, bloco baixo e \u00e1rea destinada \u00e0 piscina foram projetados uma pequena \u00e1rea rebaixada em dois degraus com spa, lareira e estar ao ar livre.<\/em><\/p>\n<p><em>A estrutura portante da casa \u00e9 formada por vigas e pilares em concreto aparente com dimens\u00f5es de 30 cm x 70 cm.<\/em><\/p>\n<p><em>No pavimento t\u00e9rreo a estrutura \u00e9 constitu\u00edda por 6 pilares aparentes em seu per\u00edmetro e no pavimento superior o n\u00famero de pilares aparentes no per\u00edmetro do volume passa a ser 8 pilares, estando 4 deles nas pontas dos balan\u00e7os.<\/em><\/p>\n<p><em>A s\u00edntese estrutural configura a arquitetura desta resid\u00eancia. O esqueleto de vigas e pilares aparentes formatam um volume pesado e ao mesmo tempo flutuante. Vigas e pilares robustos formatam dois grandes balan\u00e7os, de seis e quatro metros nas dire\u00e7\u00f5es norte e sul. Ao norte este balan\u00e7o configura a varanda social e ao sul, o maior balan\u00e7o configura o espa\u00e7o destinado ao abrigo dos autom\u00f3veis.<\/em><\/p>\n<p><em>A casa CSP busca expressar em sua arquitetura a for\u00e7a da verdade estrutural. Uma estrutura vazada de concreto na parte superior, configurando terra\u00e7os superiores com seus tetos recortados e balan\u00e7os na parte t\u00e9rrea, estes formatando espa\u00e7os cobertos e abertos, que integram-se as \u00e1reas externas.<\/em><\/p>\n<p><em>O terra\u00e7o no pavimento superior permite ao setor \u00edntimo da casa um espa\u00e7o aberto, ventilado, iluminado, que permite o contato com o espa\u00e7o externo e aberto da resid\u00eancia.<\/em><\/p>\n<p><em>Este terra\u00e7o possui vista privilegiada do local e permite que se possa explicitar a estrutura da casa, ideia central do projeto de arquitetura, pois ao n\u00e3o receber fechamento exibe apenas suas pe\u00e7as estruturais, os sutis negativos entre as vigas e pilares, os recortes na laje de cobertura, e nos faz perceber esta arquitetura como a rela\u00e7\u00e3o entre a estrutura da edifica\u00e7\u00e3o e a paisagem do local, como rela\u00e7\u00e3o entre programa, estrutura e paisagem.<\/em><\/p>\n<p><em><strong>O escrit\u00f3rio<\/strong><\/em><br><em>PJV Arquitetura \u00e9 um escrit\u00f3rio de arquitetura fundado e dirigido pelo arquiteto Pablo Jos\u00e9 Vailatti, localizado na cidade de Penha, Santa Catarina, Brasil. Al\u00e9m da atua\u00e7\u00e3o na \u00e1rea profissional, o arquiteto tamb\u00e9m atua como professor da disciplina de projeto arquitet\u00f4nico, na Unifebe &#8211; Centro Universit\u00e1rio de Brusque. O escrit\u00f3rio acredita na vig\u00eancia da arquitetura moderna como norteadora do seu pensamento arquitet\u00f4nico. Busca atrav\u00e9s de seus projetos contribuir para a adequada forma\u00e7\u00e3o da cidade e melhoria do espa\u00e7o urbano. Explora em seus projetos alguns princ\u00edpios do projeto moderno, como racionaliza\u00e7\u00e3o, ordem e universaliza\u00e7\u00e3o, aliados a necessidades atuais, como versatilidade, meio ambiente e tecnologia. Busca suas refer\u00eancias nos melhores projetos da hist\u00f3ria da arquitetura moderna brasileira e mundial. O escrit\u00f3rio PJV possui diversos trabalhos realizados, como: projetos de casas de praia, edif\u00edcios residenciais, hot\u00e9is, espa\u00e7os urbanos, al\u00e9m da participa\u00e7\u00e3o em concursos.<\/em><\/p>\n<p><\/p>\n<div style=\"font-size: 0px; height: 0px; line-height: 0px; margin: 0; padding: 0; clear: both;\"><\/div><div style=\"margin-top: 0px; margin-bottom: 0px;\" class=\"sharethis-inline-share-buttons\" ><\/div>","protected":false},"excerpt":{"rendered":"<p>La s\u00edntesis estructural da forma a la arquitectura de esta residencia&#8230;<\/p>\n","protected":false},"author":1,"featured_media":62296,"comment_status":"closed","ping_status":"closed","sticky":false,"template":"","format":"standard","meta":{"_uag_custom_page_level_css":"","footnotes":""},"categories":[1,251],"tags":[803,2157,2156,252,1176,1175,7001,3693,6792,3692,3694,6471],"class_list":["post-62229","post","type-post","status-publish","format-standard","has-post-thumbnail","hentry","category-proyecto","category-casas-de-playa","tag-brasil","tag-casa-de-descanso","tag-casa-de-fin-de-semana","tag-casa-de-playa","tag-hormigon-a-la-vista","tag-hormigon-visto","tag-marcio-rosa","tag-pablo-j-vailatti","tag-penha","tag-pjv-arquitetura","tag-santa-catarina","tag-vivienda-no-permanente","generate-columns","tablet-grid-50","mobile-grid-100","grid-parent","grid-50"],"yoast_head":"<!-- This site is optimized with the Yoast SEO plugin v27.3 - https:\/\/yoast.com\/product\/yoast-seo-wordpress\/ -->\n<title>Casa CSP \/ PJV Arquitetura - Arquimaster<\/title>\n<meta name=\"description\" content=\"La s\u00edntesis estructural da forma a la arquitectura de esta residencia conformando un volumen pesado y al mismo tiempo flotante.\" \/>\n<meta name=\"robots\" content=\"index, follow, max-snippet:-1, max-image-preview:large, max-video-preview:-1\" \/>\n<link rel=\"canonical\" href=\"https:\/\/www.arquimaster.com.ar\/web\/casa-csp-pjv-arquitetura\/\" \/>\n<meta property=\"og:locale\" content=\"es_ES\" \/>\n<meta property=\"og:type\" content=\"article\" \/>\n<meta property=\"og:title\" content=\"Casa CSP \/ PJV Arquitetura\" \/>\n<meta property=\"og:description\" content=\"La s\u00edntesis estructural da forma a la arquitectura de esta residencia conformando un volumen pesado y al mismo tiempo flotante.\" \/>\n<meta property=\"og:url\" content=\"https:\/\/www.arquimaster.com.ar\/web\/casa-csp-pjv-arquitetura\/\" \/>\n<meta property=\"og:site_name\" content=\"Arquimaster\" \/>\n<meta property=\"article:publisher\" content=\"http:\/\/www.facebook.com\/ARQUIMASTER.com.ar\" \/>\n<meta property=\"article:published_time\" content=\"2021-01-21T18:07:00+00:00\" \/>\n<meta property=\"article:modified_time\" content=\"2021-06-18T22:25:35+00:00\" \/>\n<meta property=\"og:image\" content=\"https:\/\/www.arquimaster.com.ar\/web\/wp-content\/uploads\/2021\/01\/casa_csp_slide.jpg\" \/>\n\t<meta property=\"og:image:width\" content=\"698\" \/>\n\t<meta property=\"og:image:height\" content=\"364\" \/>\n\t<meta property=\"og:image:type\" content=\"image\/jpeg\" \/>\n<meta name=\"author\" content=\"Arquimaster\" \/>\n<meta name=\"twitter:card\" content=\"summary_large_image\" \/>\n<meta name=\"twitter:title\" content=\"Casa CSP \/ PJV Arquitetura\" \/>\n<meta name=\"twitter:description\" content=\"La s\u00edntesis estructural da forma a la arquitectura de esta residencia conformando un volumen pesado y al mismo tiempo flotante.\" \/>\n<meta name=\"twitter:image\" content=\"https:\/\/www.arquimaster.com.ar\/web\/wp-content\/uploads\/2021\/01\/casa_csp_slide.jpg\" \/>\n<meta name=\"twitter:creator\" content=\"@arquimaster\" \/>\n<meta name=\"twitter:site\" content=\"@arquimaster\" \/>\n<meta name=\"twitter:label1\" content=\"Escrito por\" \/>\n\t<meta name=\"twitter:data1\" content=\"Arquimaster\" \/>\n\t<meta name=\"twitter:label2\" content=\"Tiempo de lectura\" \/>\n\t<meta name=\"twitter:data2\" content=\"6 minutos\" \/>\n<script type=\"application\/ld+json\" class=\"yoast-schema-graph\">{\"@context\":\"https:\\\/\\\/schema.org\",\"@graph\":[{\"@type\":\"Article\",\"@id\":\"https:\\\/\\\/www.arquimaster.com.ar\\\/web\\\/casa-csp-pjv-arquitetura\\\/#article\",\"isPartOf\":{\"@id\":\"https:\\\/\\\/www.arquimaster.com.ar\\\/web\\\/casa-csp-pjv-arquitetura\\\/\"},\"author\":{\"name\":\"Arquimaster\",\"@id\":\"https:\\\/\\\/www.arquimaster.com.ar\\\/web\\\/#\\\/schema\\\/person\\\/359e9f7c00193fcde068e0dd2ceb0028\"},\"headline\":\"Casa CSP \\\/ PJV Arquitetura\",\"datePublished\":\"2021-01-21T18:07:00+00:00\",\"dateModified\":\"2021-06-18T22:25:35+00:00\",\"mainEntityOfPage\":{\"@id\":\"https:\\\/\\\/www.arquimaster.com.ar\\\/web\\\/casa-csp-pjv-arquitetura\\\/\"},\"wordCount\":1422,\"publisher\":{\"@id\":\"https:\\\/\\\/www.arquimaster.com.ar\\\/web\\\/#organization\"},\"image\":{\"@id\":\"https:\\\/\\\/www.arquimaster.com.ar\\\/web\\\/casa-csp-pjv-arquitetura\\\/#primaryimage\"},\"thumbnailUrl\":\"https:\\\/\\\/www.arquimaster.com.ar\\\/web\\\/wp-content\\\/uploads\\\/2021\\\/01\\\/casa_csp_slide.jpg\",\"keywords\":[\"Brasil\",\"casa de descanso\",\"casa de fin de semana\",\"casa de playa\",\"hormig\u00f3n a la vista\",\"hormig\u00f3n visto\",\"Marcio Rosa\",\"Pablo J. Vailatti\",\"Penha\",\"PJV Arquitetura\",\"Santa Catarina\",\"vivienda no permanente\"],\"articleSection\":[\"Proyecto\",\"Vivienda no permanente\"],\"inLanguage\":\"es\"},{\"@type\":\"WebPage\",\"@id\":\"https:\\\/\\\/www.arquimaster.com.ar\\\/web\\\/casa-csp-pjv-arquitetura\\\/\",\"url\":\"https:\\\/\\\/www.arquimaster.com.ar\\\/web\\\/casa-csp-pjv-arquitetura\\\/\",\"name\":\"Casa CSP \\\/ PJV Arquitetura - Arquimaster\",\"isPartOf\":{\"@id\":\"https:\\\/\\\/www.arquimaster.com.ar\\\/web\\\/#website\"},\"primaryImageOfPage\":{\"@id\":\"https:\\\/\\\/www.arquimaster.com.ar\\\/web\\\/casa-csp-pjv-arquitetura\\\/#primaryimage\"},\"image\":{\"@id\":\"https:\\\/\\\/www.arquimaster.com.ar\\\/web\\\/casa-csp-pjv-arquitetura\\\/#primaryimage\"},\"thumbnailUrl\":\"https:\\\/\\\/www.arquimaster.com.ar\\\/web\\\/wp-content\\\/uploads\\\/2021\\\/01\\\/casa_csp_slide.jpg\",\"datePublished\":\"2021-01-21T18:07:00+00:00\",\"dateModified\":\"2021-06-18T22:25:35+00:00\",\"description\":\"La s\u00edntesis estructural da forma a la arquitectura de esta residencia conformando un volumen pesado y al mismo tiempo flotante.\",\"breadcrumb\":{\"@id\":\"https:\\\/\\\/www.arquimaster.com.ar\\\/web\\\/casa-csp-pjv-arquitetura\\\/#breadcrumb\"},\"inLanguage\":\"es\",\"potentialAction\":[{\"@type\":\"ReadAction\",\"target\":[\"https:\\\/\\\/www.arquimaster.com.ar\\\/web\\\/casa-csp-pjv-arquitetura\\\/\"]}]},{\"@type\":\"ImageObject\",\"inLanguage\":\"es\",\"@id\":\"https:\\\/\\\/www.arquimaster.com.ar\\\/web\\\/casa-csp-pjv-arquitetura\\\/#primaryimage\",\"url\":\"https:\\\/\\\/www.arquimaster.com.ar\\\/web\\\/wp-content\\\/uploads\\\/2021\\\/01\\\/casa_csp_slide.jpg\",\"contentUrl\":\"https:\\\/\\\/www.arquimaster.com.ar\\\/web\\\/wp-content\\\/uploads\\\/2021\\\/01\\\/casa_csp_slide.jpg\",\"width\":698,\"height\":364,\"caption\":\"Casa CSP \\\/ PJV Arquitetura\"},{\"@type\":\"BreadcrumbList\",\"@id\":\"https:\\\/\\\/www.arquimaster.com.ar\\\/web\\\/casa-csp-pjv-arquitetura\\\/#breadcrumb\",\"itemListElement\":[{\"@type\":\"ListItem\",\"position\":1,\"name\":\"Portada\",\"item\":\"https:\\\/\\\/www.arquimaster.com.ar\\\/web\\\/\"},{\"@type\":\"ListItem\",\"position\":2,\"name\":\"Casa CSP \\\/ PJV Arquitetura\"}]},{\"@type\":\"WebSite\",\"@id\":\"https:\\\/\\\/www.arquimaster.com.ar\\\/web\\\/#website\",\"url\":\"https:\\\/\\\/www.arquimaster.com.ar\\\/web\\\/\",\"name\":\"Arquimaster\",\"description\":\"Web de arquitectura, dise\u00f1o y construccion\",\"publisher\":{\"@id\":\"https:\\\/\\\/www.arquimaster.com.ar\\\/web\\\/#organization\"},\"potentialAction\":[{\"@type\":\"SearchAction\",\"target\":{\"@type\":\"EntryPoint\",\"urlTemplate\":\"https:\\\/\\\/www.arquimaster.com.ar\\\/web\\\/?s={search_term_string}\"},\"query-input\":{\"@type\":\"PropertyValueSpecification\",\"valueRequired\":true,\"valueName\":\"search_term_string\"}}],\"inLanguage\":\"es\"},{\"@type\":\"Organization\",\"@id\":\"https:\\\/\\\/www.arquimaster.com.ar\\\/web\\\/#organization\",\"name\":\"Arquimaster\",\"url\":\"https:\\\/\\\/www.arquimaster.com.ar\\\/web\\\/\",\"logo\":{\"@type\":\"ImageObject\",\"inLanguage\":\"es\",\"@id\":\"https:\\\/\\\/www.arquimaster.com.ar\\\/web\\\/#\\\/schema\\\/logo\\\/image\\\/\",\"url\":\"https:\\\/\\\/www.arquimaster.com.ar\\\/web\\\/wp-content\\\/uploads\\\/2022\\\/06\\\/arquimaster.png\",\"contentUrl\":\"https:\\\/\\\/www.arquimaster.com.ar\\\/web\\\/wp-content\\\/uploads\\\/2022\\\/06\\\/arquimaster.png\",\"width\":594,\"height\":78,\"caption\":\"Arquimaster\"},\"image\":{\"@id\":\"https:\\\/\\\/www.arquimaster.com.ar\\\/web\\\/#\\\/schema\\\/logo\\\/image\\\/\"},\"sameAs\":[\"http:\\\/\\\/www.facebook.com\\\/ARQUIMASTER.com.ar\",\"https:\\\/\\\/x.com\\\/arquimaster\",\"https:\\\/\\\/www.instagram.com\\\/arquimasterblog\\\/\",\"https:\\\/\\\/www.linkedin.com\\\/company\\\/arquimaster\",\"https:\\\/\\\/www.pinterest.com\\\/arquimaster\",\"https:\\\/\\\/t.me\\\/arquimaster\"]},{\"@type\":\"Person\",\"@id\":\"https:\\\/\\\/www.arquimaster.com.ar\\\/web\\\/#\\\/schema\\\/person\\\/359e9f7c00193fcde068e0dd2ceb0028\",\"name\":\"Arquimaster\"}]}<\/script>\n<!-- \/ Yoast SEO plugin. -->","yoast_head_json":{"title":"Casa CSP \/ PJV Arquitetura - Arquimaster","description":"La s\u00edntesis estructural da forma a la arquitectura de esta residencia conformando un volumen pesado y al mismo tiempo flotante.","robots":{"index":"index","follow":"follow","max-snippet":"max-snippet:-1","max-image-preview":"max-image-preview:large","max-video-preview":"max-video-preview:-1"},"canonical":"https:\/\/www.arquimaster.com.ar\/web\/casa-csp-pjv-arquitetura\/","og_locale":"es_ES","og_type":"article","og_title":"Casa CSP \/ PJV Arquitetura","og_description":"La s\u00edntesis estructural da forma a la arquitectura de esta residencia conformando un volumen pesado y al mismo tiempo flotante.","og_url":"https:\/\/www.arquimaster.com.ar\/web\/casa-csp-pjv-arquitetura\/","og_site_name":"Arquimaster","article_publisher":"http:\/\/www.facebook.com\/ARQUIMASTER.com.ar","article_published_time":"2021-01-21T18:07:00+00:00","article_modified_time":"2021-06-18T22:25:35+00:00","og_image":[{"width":698,"height":364,"url":"https:\/\/www.arquimaster.com.ar\/web\/wp-content\/uploads\/2021\/01\/casa_csp_slide.jpg","type":"image\/jpeg"}],"author":"Arquimaster","twitter_card":"summary_large_image","twitter_title":"Casa CSP \/ PJV Arquitetura","twitter_description":"La s\u00edntesis estructural da forma a la arquitectura de esta residencia conformando un volumen pesado y al mismo tiempo flotante.","twitter_image":"https:\/\/www.arquimaster.com.ar\/web\/wp-content\/uploads\/2021\/01\/casa_csp_slide.jpg","twitter_creator":"@arquimaster","twitter_site":"@arquimaster","twitter_misc":{"Escrito por":"Arquimaster","Tiempo de lectura":"6 minutos"},"schema":{"@context":"https:\/\/schema.org","@graph":[{"@type":"Article","@id":"https:\/\/www.arquimaster.com.ar\/web\/casa-csp-pjv-arquitetura\/#article","isPartOf":{"@id":"https:\/\/www.arquimaster.com.ar\/web\/casa-csp-pjv-arquitetura\/"},"author":{"name":"Arquimaster","@id":"https:\/\/www.arquimaster.com.ar\/web\/#\/schema\/person\/359e9f7c00193fcde068e0dd2ceb0028"},"headline":"Casa CSP \/ PJV Arquitetura","datePublished":"2021-01-21T18:07:00+00:00","dateModified":"2021-06-18T22:25:35+00:00","mainEntityOfPage":{"@id":"https:\/\/www.arquimaster.com.ar\/web\/casa-csp-pjv-arquitetura\/"},"wordCount":1422,"publisher":{"@id":"https:\/\/www.arquimaster.com.ar\/web\/#organization"},"image":{"@id":"https:\/\/www.arquimaster.com.ar\/web\/casa-csp-pjv-arquitetura\/#primaryimage"},"thumbnailUrl":"https:\/\/www.arquimaster.com.ar\/web\/wp-content\/uploads\/2021\/01\/casa_csp_slide.jpg","keywords":["Brasil","casa de descanso","casa de fin de semana","casa de playa","hormig\u00f3n a la vista","hormig\u00f3n visto","Marcio Rosa","Pablo J. Vailatti","Penha","PJV Arquitetura","Santa Catarina","vivienda no permanente"],"articleSection":["Proyecto","Vivienda no permanente"],"inLanguage":"es"},{"@type":"WebPage","@id":"https:\/\/www.arquimaster.com.ar\/web\/casa-csp-pjv-arquitetura\/","url":"https:\/\/www.arquimaster.com.ar\/web\/casa-csp-pjv-arquitetura\/","name":"Casa CSP \/ PJV Arquitetura - Arquimaster","isPartOf":{"@id":"https:\/\/www.arquimaster.com.ar\/web\/#website"},"primaryImageOfPage":{"@id":"https:\/\/www.arquimaster.com.ar\/web\/casa-csp-pjv-arquitetura\/#primaryimage"},"image":{"@id":"https:\/\/www.arquimaster.com.ar\/web\/casa-csp-pjv-arquitetura\/#primaryimage"},"thumbnailUrl":"https:\/\/www.arquimaster.com.ar\/web\/wp-content\/uploads\/2021\/01\/casa_csp_slide.jpg","datePublished":"2021-01-21T18:07:00+00:00","dateModified":"2021-06-18T22:25:35+00:00","description":"La s\u00edntesis estructural da forma a la arquitectura de esta residencia conformando un volumen pesado y al mismo tiempo flotante.","breadcrumb":{"@id":"https:\/\/www.arquimaster.com.ar\/web\/casa-csp-pjv-arquitetura\/#breadcrumb"},"inLanguage":"es","potentialAction":[{"@type":"ReadAction","target":["https:\/\/www.arquimaster.com.ar\/web\/casa-csp-pjv-arquitetura\/"]}]},{"@type":"ImageObject","inLanguage":"es","@id":"https:\/\/www.arquimaster.com.ar\/web\/casa-csp-pjv-arquitetura\/#primaryimage","url":"https:\/\/www.arquimaster.com.ar\/web\/wp-content\/uploads\/2021\/01\/casa_csp_slide.jpg","contentUrl":"https:\/\/www.arquimaster.com.ar\/web\/wp-content\/uploads\/2021\/01\/casa_csp_slide.jpg","width":698,"height":364,"caption":"Casa CSP \/ PJV Arquitetura"},{"@type":"BreadcrumbList","@id":"https:\/\/www.arquimaster.com.ar\/web\/casa-csp-pjv-arquitetura\/#breadcrumb","itemListElement":[{"@type":"ListItem","position":1,"name":"Portada","item":"https:\/\/www.arquimaster.com.ar\/web\/"},{"@type":"ListItem","position":2,"name":"Casa CSP \/ PJV Arquitetura"}]},{"@type":"WebSite","@id":"https:\/\/www.arquimaster.com.ar\/web\/#website","url":"https:\/\/www.arquimaster.com.ar\/web\/","name":"Arquimaster","description":"Web de arquitectura, dise\u00f1o y construccion","publisher":{"@id":"https:\/\/www.arquimaster.com.ar\/web\/#organization"},"potentialAction":[{"@type":"SearchAction","target":{"@type":"EntryPoint","urlTemplate":"https:\/\/www.arquimaster.com.ar\/web\/?s={search_term_string}"},"query-input":{"@type":"PropertyValueSpecification","valueRequired":true,"valueName":"search_term_string"}}],"inLanguage":"es"},{"@type":"Organization","@id":"https:\/\/www.arquimaster.com.ar\/web\/#organization","name":"Arquimaster","url":"https:\/\/www.arquimaster.com.ar\/web\/","logo":{"@type":"ImageObject","inLanguage":"es","@id":"https:\/\/www.arquimaster.com.ar\/web\/#\/schema\/logo\/image\/","url":"https:\/\/www.arquimaster.com.ar\/web\/wp-content\/uploads\/2022\/06\/arquimaster.png","contentUrl":"https:\/\/www.arquimaster.com.ar\/web\/wp-content\/uploads\/2022\/06\/arquimaster.png","width":594,"height":78,"caption":"Arquimaster"},"image":{"@id":"https:\/\/www.arquimaster.com.ar\/web\/#\/schema\/logo\/image\/"},"sameAs":["http:\/\/www.facebook.com\/ARQUIMASTER.com.ar","https:\/\/x.com\/arquimaster","https:\/\/www.instagram.com\/arquimasterblog\/","https:\/\/www.linkedin.com\/company\/arquimaster","https:\/\/www.pinterest.com\/arquimaster","https:\/\/t.me\/arquimaster"]},{"@type":"Person","@id":"https:\/\/www.arquimaster.com.ar\/web\/#\/schema\/person\/359e9f7c00193fcde068e0dd2ceb0028","name":"Arquimaster"}]}},"uagb_featured_image_src":{"full":["https:\/\/www.arquimaster.com.ar\/web\/wp-content\/uploads\/2021\/01\/casa_csp_slide.jpg",698,364,false],"thumbnail":["https:\/\/www.arquimaster.com.ar\/web\/wp-content\/uploads\/2021\/01\/casa_csp_slide-150x150.jpg",150,150,true],"medium":["https:\/\/www.arquimaster.com.ar\/web\/wp-content\/uploads\/2021\/01\/casa_csp_slide.jpg",698,364,false],"medium_large":["https:\/\/www.arquimaster.com.ar\/web\/wp-content\/uploads\/2021\/01\/casa_csp_slide.jpg",698,364,false],"large":["https:\/\/www.arquimaster.com.ar\/web\/wp-content\/uploads\/2021\/01\/casa_csp_slide.jpg",698,364,false],"1536x1536":["https:\/\/www.arquimaster.com.ar\/web\/wp-content\/uploads\/2021\/01\/casa_csp_slide.jpg",698,364,false],"2048x2048":["https:\/\/www.arquimaster.com.ar\/web\/wp-content\/uploads\/2021\/01\/casa_csp_slide.jpg",698,364,false]},"uagb_author_info":{"display_name":"Arquimaster","author_link":"https:\/\/www.arquimaster.com.ar\/web\/author\/arquimaster\/"},"uagb_comment_info":0,"uagb_excerpt":"La s\u00edntesis estructural da forma a la arquitectura de esta residencia...","_links":{"self":[{"href":"https:\/\/www.arquimaster.com.ar\/web\/wp-json\/wp\/v2\/posts\/62229","targetHints":{"allow":["GET"]}}],"collection":[{"href":"https:\/\/www.arquimaster.com.ar\/web\/wp-json\/wp\/v2\/posts"}],"about":[{"href":"https:\/\/www.arquimaster.com.ar\/web\/wp-json\/wp\/v2\/types\/post"}],"author":[{"embeddable":true,"href":"https:\/\/www.arquimaster.com.ar\/web\/wp-json\/wp\/v2\/users\/1"}],"replies":[{"embeddable":true,"href":"https:\/\/www.arquimaster.com.ar\/web\/wp-json\/wp\/v2\/comments?post=62229"}],"version-history":[{"count":2,"href":"https:\/\/www.arquimaster.com.ar\/web\/wp-json\/wp\/v2\/posts\/62229\/revisions"}],"predecessor-version":[{"id":65931,"href":"https:\/\/www.arquimaster.com.ar\/web\/wp-json\/wp\/v2\/posts\/62229\/revisions\/65931"}],"wp:featuredmedia":[{"embeddable":true,"href":"https:\/\/www.arquimaster.com.ar\/web\/wp-json\/wp\/v2\/media\/62296"}],"wp:attachment":[{"href":"https:\/\/www.arquimaster.com.ar\/web\/wp-json\/wp\/v2\/media?parent=62229"}],"wp:term":[{"taxonomy":"category","embeddable":true,"href":"https:\/\/www.arquimaster.com.ar\/web\/wp-json\/wp\/v2\/categories?post=62229"},{"taxonomy":"post_tag","embeddable":true,"href":"https:\/\/www.arquimaster.com.ar\/web\/wp-json\/wp\/v2\/tags?post=62229"}],"curies":[{"name":"wp","href":"https:\/\/api.w.org\/{rel}","templated":true}]}}