{"id":62298,"date":"2021-01-21T15:29:51","date_gmt":"2021-01-21T18:29:51","guid":{"rendered":"https:\/\/www.arquimaster.com.ar\/web\/?p=62298"},"modified":"2021-06-14T19:04:57","modified_gmt":"2021-06-14T22:04:57","slug":"destacamento-de-bomberos-zapadores-de-rafaela-otro-estudio","status":"publish","type":"post","link":"https:\/\/www.arquimaster.com.ar\/web\/destacamento-de-bomberos-zapadores-de-rafaela-otro-estudio\/","title":{"rendered":"Destacamento de Bomberos Zapadores de Rafaela \/ Otro Estudio"},"content":{"rendered":"<div style=\"margin-top: 0px; margin-bottom: 0px;\" class=\"sharethis-inline-share-buttons\" ><\/div><div class=\"b812932af2e751442846f039925109de\" data-index=\"1\" style=\"float: none; margin:25px 0 25px 0; text-align:center;\">\n<script async src=\"https:\/\/pagead2.googlesyndication.com\/pagead\/js\/adsbygoogle.js\"><\/script>\r\n<!-- Arquimaster (superior) -->\r\n<ins class=\"adsbygoogle\"\r\n     style=\"display:block\"\r\n     data-ad-client=\"ca-pub-6351072698456832\"\r\n     data-ad-slot=\"6455489680\"\r\n     data-ad-format=\"auto\"\r\n     data-full-width-responsive=\"true\"><\/ins>\r\n<script>\r\n     (adsbygoogle = window.adsbygoogle || []).push({});\r\n<\/script>\n<\/div>\n<p><strong>Destacamento de Bomberos Zapadores de Rafaela<\/strong> (\u00c1rea Industrial Rafaela, Pcia. de Santa Fe, Argentina) por <strong>Otro Estudio<\/strong>. El nuevo destacamento de Bomberos Zapadores de Rafaela (SF) forma parte de un proyecto que contempla varias etapas y en su conjunto componen un \u00e1rea de servicios para el sector NO de la ciudad. El mismo considera al terreno disponible entre Av. Octavio Zobboli y calle colectora (ingreso al \u00e1rea industrial tanto provincial como municipal), propiedad privada del Parque Industrial, como una plataforma posibilitante que constituye en s\u00ed misma un espacio p\u00fablico con un alto grado de representatividad, que en conjunto con el edificio propuesto cobra valor como intervenci\u00f3n a escala urbana; no s\u00f3lo definiendo el ingreso norte de la ciudad sino tambi\u00e9n otorg\u00e1ndole presencia institucional a uno de los polos productivos m\u00e1s importantes de la regi\u00f3n.<\/p>\n<div id='gallery-1' class='gallery galleryid-62298 gallery-columns-3 gallery-size-thumbnail'><figure class='gallery-item'>\n\t\t\t<div class='gallery-icon landscape'>\n\t\t\t\t<a href='https:\/\/www.arquimaster.com.ar\/web\/wp-content\/uploads\/2021\/01\/cuartel_bomberos_rafaela1.jpg' title=\"Destacamento de Bomberos Zapadores de Rafaela \/ Otro Estudio (\u00a9 Ramiro Sosa)\" data-rl_title=\"Destacamento de Bomberos Zapadores de Rafaela \/ Otro Estudio (\u00a9 Ramiro Sosa)\" class=\"rl-gallery-link\" data-rl_caption=\"Destacamento de Bomberos Zapadores de Rafaela \/ Otro Estudio (\u00a9 Ramiro Sosa)\" data-rel=\"lightbox-gallery-1\"><img loading=\"lazy\" decoding=\"async\" width=\"150\" height=\"150\" src=\"https:\/\/www.arquimaster.com.ar\/web\/wp-content\/uploads\/2021\/01\/cuartel_bomberos_rafaela1-150x150.jpg\" class=\"attachment-thumbnail size-thumbnail\" alt=\"Destacamento de Bomberos Zapadores de Rafaela \/ Otro Estudio\" aria-describedby=\"gallery-1-62300\" \/><\/a>\n\t\t\t<\/div>\n\t\t\t\t<figcaption class='wp-caption-text gallery-caption' id='gallery-1-62300'>\n\t\t\t\tDestacamento de Bomberos Zapadores de Rafaela \/ Otro Estudio (\u00a9 Ramiro Sosa)\n\t\t\t\t<\/figcaption><\/figure><figure class='gallery-item'>\n\t\t\t<div class='gallery-icon landscape'>\n\t\t\t\t<a href='https:\/\/www.arquimaster.com.ar\/web\/wp-content\/uploads\/2021\/01\/cuartel_bomberos_rafaela2.jpg' title=\"Destacamento de Bomberos Zapadores de Rafaela \/ Otro Estudio (\u00a9 Ramiro Sosa)\" data-rl_title=\"Destacamento de Bomberos Zapadores de Rafaela \/ Otro Estudio (\u00a9 Ramiro Sosa)\" class=\"rl-gallery-link\" data-rl_caption=\"Destacamento de Bomberos Zapadores de Rafaela \/ Otro Estudio (\u00a9 Ramiro Sosa)\" data-rel=\"lightbox-gallery-1\"><img loading=\"lazy\" decoding=\"async\" width=\"150\" height=\"150\" src=\"https:\/\/www.arquimaster.com.ar\/web\/wp-content\/uploads\/2021\/01\/cuartel_bomberos_rafaela2-150x150.jpg\" class=\"attachment-thumbnail size-thumbnail\" alt=\"Destacamento de Bomberos Zapadores de Rafaela \/ Otro Estudio\" aria-describedby=\"gallery-1-62301\" \/><\/a>\n\t\t\t<\/div>\n\t\t\t\t<figcaption class='wp-caption-text gallery-caption' id='gallery-1-62301'>\n\t\t\t\tDestacamento de Bomberos Zapadores de Rafaela \/ Otro Estudio (\u00a9 Ramiro Sosa)\n\t\t\t\t<\/figcaption><\/figure><figure class='gallery-item'>\n\t\t\t<div class='gallery-icon landscape'>\n\t\t\t\t<a href='https:\/\/www.arquimaster.com.ar\/web\/wp-content\/uploads\/2021\/01\/cuartel_bomberos_rafaela3.jpg' title=\"Destacamento de Bomberos Zapadores de Rafaela \/ Otro Estudio (\u00a9 Ramiro Sosa)\" data-rl_title=\"Destacamento de Bomberos Zapadores de Rafaela \/ Otro Estudio (\u00a9 Ramiro Sosa)\" class=\"rl-gallery-link\" data-rl_caption=\"Destacamento de Bomberos Zapadores de Rafaela \/ Otro Estudio (\u00a9 Ramiro Sosa)\" data-rel=\"lightbox-gallery-1\"><img loading=\"lazy\" decoding=\"async\" width=\"150\" height=\"150\" src=\"https:\/\/www.arquimaster.com.ar\/web\/wp-content\/uploads\/2021\/01\/cuartel_bomberos_rafaela3-150x150.jpg\" class=\"attachment-thumbnail size-thumbnail\" alt=\"Destacamento de Bomberos Zapadores de Rafaela \/ Otro Estudio\" aria-describedby=\"gallery-1-62302\" \/><\/a>\n\t\t\t<\/div>\n\t\t\t\t<figcaption class='wp-caption-text gallery-caption' id='gallery-1-62302'>\n\t\t\t\tDestacamento de Bomberos Zapadores de Rafaela \/ Otro Estudio (\u00a9 Ramiro Sosa)\n\t\t\t\t<\/figcaption><\/figure><figure class='gallery-item'>\n\t\t\t<div class='gallery-icon landscape'>\n\t\t\t\t<a href='https:\/\/www.arquimaster.com.ar\/web\/wp-content\/uploads\/2021\/01\/cuartel_bomberos_rafaela4.jpg' title=\"Destacamento de Bomberos Zapadores de Rafaela \/ Otro Estudio (\u00a9 Ramiro Sosa)\" data-rl_title=\"Destacamento de Bomberos Zapadores de Rafaela \/ Otro Estudio (\u00a9 Ramiro Sosa)\" class=\"rl-gallery-link\" data-rl_caption=\"Destacamento de Bomberos Zapadores de Rafaela \/ Otro Estudio (\u00a9 Ramiro Sosa)\" data-rel=\"lightbox-gallery-1\"><img loading=\"lazy\" decoding=\"async\" width=\"150\" height=\"150\" src=\"https:\/\/www.arquimaster.com.ar\/web\/wp-content\/uploads\/2021\/01\/cuartel_bomberos_rafaela4-150x150.jpg\" class=\"attachment-thumbnail size-thumbnail\" alt=\"Destacamento de Bomberos Zapadores de Rafaela \/ Otro Estudio\" aria-describedby=\"gallery-1-62303\" \/><\/a>\n\t\t\t<\/div>\n\t\t\t\t<figcaption class='wp-caption-text gallery-caption' id='gallery-1-62303'>\n\t\t\t\tDestacamento de Bomberos Zapadores de Rafaela \/ Otro Estudio (\u00a9 Ramiro Sosa)\n\t\t\t\t<\/figcaption><\/figure><figure class='gallery-item'>\n\t\t\t<div class='gallery-icon landscape'>\n\t\t\t\t<a href='https:\/\/www.arquimaster.com.ar\/web\/wp-content\/uploads\/2021\/01\/cuartel_bomberos_rafaela5.jpg' title=\"Destacamento de Bomberos Zapadores de Rafaela \/ Otro Estudio (\u00a9 Ramiro Sosa)\" data-rl_title=\"Destacamento de Bomberos Zapadores de Rafaela \/ Otro Estudio (\u00a9 Ramiro Sosa)\" class=\"rl-gallery-link\" data-rl_caption=\"Destacamento de Bomberos Zapadores de Rafaela \/ Otro Estudio (\u00a9 Ramiro Sosa)\" data-rel=\"lightbox-gallery-1\"><img loading=\"lazy\" decoding=\"async\" width=\"150\" height=\"150\" src=\"https:\/\/www.arquimaster.com.ar\/web\/wp-content\/uploads\/2021\/01\/cuartel_bomberos_rafaela5-150x150.jpg\" class=\"attachment-thumbnail size-thumbnail\" alt=\"Destacamento de Bomberos Zapadores de Rafaela \/ Otro Estudio\" aria-describedby=\"gallery-1-62304\" \/><\/a>\n\t\t\t<\/div>\n\t\t\t\t<figcaption class='wp-caption-text gallery-caption' id='gallery-1-62304'>\n\t\t\t\tDestacamento de Bomberos Zapadores de Rafaela \/ Otro Estudio (\u00a9 Ramiro Sosa)\n\t\t\t\t<\/figcaption><\/figure><figure class='gallery-item'>\n\t\t\t<div class='gallery-icon portrait'>\n\t\t\t\t<a href='https:\/\/www.arquimaster.com.ar\/web\/wp-content\/uploads\/2021\/01\/cuartel_bomberos_rafaela6.jpg' title=\"Destacamento de Bomberos Zapadores de Rafaela \/ Otro Estudio (\u00a9 Ramiro Sosa)\" data-rl_title=\"Destacamento de Bomberos Zapadores de Rafaela \/ Otro Estudio (\u00a9 Ramiro Sosa)\" class=\"rl-gallery-link\" data-rl_caption=\"Destacamento de Bomberos Zapadores de Rafaela \/ Otro Estudio (\u00a9 Ramiro Sosa)\" data-rel=\"lightbox-gallery-1\"><img loading=\"lazy\" decoding=\"async\" width=\"150\" height=\"150\" src=\"https:\/\/www.arquimaster.com.ar\/web\/wp-content\/uploads\/2021\/01\/cuartel_bomberos_rafaela6-150x150.jpg\" class=\"attachment-thumbnail size-thumbnail\" alt=\"Destacamento de Bomberos Zapadores de Rafaela \/ Otro Estudio\" aria-describedby=\"gallery-1-62305\" \/><\/a>\n\t\t\t<\/div>\n\t\t\t\t<figcaption class='wp-caption-text gallery-caption' id='gallery-1-62305'>\n\t\t\t\tDestacamento de Bomberos Zapadores de Rafaela \/ Otro Estudio (\u00a9 Ramiro Sosa)\n\t\t\t\t<\/figcaption><\/figure><figure class='gallery-item'>\n\t\t\t<div class='gallery-icon landscape'>\n\t\t\t\t<a href='https:\/\/www.arquimaster.com.ar\/web\/wp-content\/uploads\/2021\/01\/cuartel_bomberos_rafaela7.jpg' title=\"Destacamento de Bomberos Zapadores de Rafaela \/ Otro Estudio (\u00a9 Ramiro Sosa)\" data-rl_title=\"Destacamento de Bomberos Zapadores de Rafaela \/ Otro Estudio (\u00a9 Ramiro Sosa)\" class=\"rl-gallery-link\" data-rl_caption=\"Destacamento de Bomberos Zapadores de Rafaela \/ Otro Estudio (\u00a9 Ramiro Sosa)\" data-rel=\"lightbox-gallery-1\"><img loading=\"lazy\" decoding=\"async\" width=\"150\" height=\"150\" src=\"https:\/\/www.arquimaster.com.ar\/web\/wp-content\/uploads\/2021\/01\/cuartel_bomberos_rafaela7-150x150.jpg\" class=\"attachment-thumbnail size-thumbnail\" alt=\"Destacamento de Bomberos Zapadores de Rafaela \/ Otro Estudio\" aria-describedby=\"gallery-1-62306\" \/><\/a>\n\t\t\t<\/div>\n\t\t\t\t<figcaption class='wp-caption-text gallery-caption' id='gallery-1-62306'>\n\t\t\t\tDestacamento de Bomberos Zapadores de Rafaela \/ Otro Estudio (\u00a9 Ramiro Sosa)\n\t\t\t\t<\/figcaption><\/figure><figure class='gallery-item'>\n\t\t\t<div class='gallery-icon portrait'>\n\t\t\t\t<a href='https:\/\/www.arquimaster.com.ar\/web\/wp-content\/uploads\/2021\/01\/cuartel_bomberos_rafaela8.jpg' title=\"Destacamento de Bomberos Zapadores de Rafaela \/ Otro Estudio (\u00a9 Ramiro Sosa)\" data-rl_title=\"Destacamento de Bomberos Zapadores de Rafaela \/ Otro Estudio (\u00a9 Ramiro Sosa)\" class=\"rl-gallery-link\" data-rl_caption=\"Destacamento de Bomberos Zapadores de Rafaela \/ Otro Estudio (\u00a9 Ramiro Sosa)\" data-rel=\"lightbox-gallery-1\"><img loading=\"lazy\" decoding=\"async\" width=\"150\" height=\"150\" src=\"https:\/\/www.arquimaster.com.ar\/web\/wp-content\/uploads\/2021\/01\/cuartel_bomberos_rafaela8-150x150.jpg\" class=\"attachment-thumbnail size-thumbnail\" alt=\"Destacamento de Bomberos Zapadores de Rafaela \/ Otro Estudio\" aria-describedby=\"gallery-1-62307\" \/><\/a>\n\t\t\t<\/div>\n\t\t\t\t<figcaption class='wp-caption-text gallery-caption' id='gallery-1-62307'>\n\t\t\t\tDestacamento de Bomberos Zapadores de Rafaela \/ Otro Estudio (\u00a9 Ramiro Sosa)\n\t\t\t\t<\/figcaption><\/figure><figure class='gallery-item'>\n\t\t\t<div class='gallery-icon portrait'>\n\t\t\t\t<a href='https:\/\/www.arquimaster.com.ar\/web\/wp-content\/uploads\/2021\/01\/cuartel_bomberos_rafaela9.jpg' title=\"Destacamento de Bomberos Zapadores de Rafaela \/ Otro Estudio (\u00a9 Ramiro Sosa)\" data-rl_title=\"Destacamento de Bomberos Zapadores de Rafaela \/ Otro Estudio (\u00a9 Ramiro Sosa)\" class=\"rl-gallery-link\" data-rl_caption=\"Destacamento de Bomberos Zapadores de Rafaela \/ Otro Estudio (\u00a9 Ramiro Sosa)\" data-rel=\"lightbox-gallery-1\"><img loading=\"lazy\" decoding=\"async\" width=\"150\" height=\"150\" src=\"https:\/\/www.arquimaster.com.ar\/web\/wp-content\/uploads\/2021\/01\/cuartel_bomberos_rafaela9-150x150.jpg\" class=\"attachment-thumbnail size-thumbnail\" alt=\"Destacamento de Bomberos Zapadores de Rafaela \/ Otro Estudio\" aria-describedby=\"gallery-1-62308\" \/><\/a>\n\t\t\t<\/div>\n\t\t\t\t<figcaption class='wp-caption-text gallery-caption' id='gallery-1-62308'>\n\t\t\t\tDestacamento de Bomberos Zapadores de Rafaela \/ Otro Estudio (\u00a9 Ramiro Sosa)\n\t\t\t\t<\/figcaption><\/figure><figure class='gallery-item'>\n\t\t\t<div class='gallery-icon portrait'>\n\t\t\t\t<a href='https:\/\/www.arquimaster.com.ar\/web\/wp-content\/uploads\/2021\/01\/cuartel_bomberos_rafaela10.jpg' title=\"Destacamento de Bomberos Zapadores de Rafaela \/ Otro Estudio (\u00a9 Ramiro Sosa)\" data-rl_title=\"Destacamento de Bomberos Zapadores de Rafaela \/ Otro Estudio (\u00a9 Ramiro Sosa)\" class=\"rl-gallery-link\" data-rl_caption=\"Destacamento de Bomberos Zapadores de Rafaela \/ Otro Estudio (\u00a9 Ramiro Sosa)\" data-rel=\"lightbox-gallery-1\"><img loading=\"lazy\" decoding=\"async\" width=\"150\" height=\"150\" src=\"https:\/\/www.arquimaster.com.ar\/web\/wp-content\/uploads\/2021\/01\/cuartel_bomberos_rafaela10-150x150.jpg\" class=\"attachment-thumbnail size-thumbnail\" alt=\"Destacamento de Bomberos Zapadores de Rafaela \/ Otro Estudio\" aria-describedby=\"gallery-1-62309\" \/><\/a>\n\t\t\t<\/div>\n\t\t\t\t<figcaption class='wp-caption-text gallery-caption' id='gallery-1-62309'>\n\t\t\t\tDestacamento de Bomberos Zapadores de Rafaela \/ Otro Estudio (\u00a9 Ramiro Sosa)\n\t\t\t\t<\/figcaption><\/figure><figure class='gallery-item'>\n\t\t\t<div class='gallery-icon portrait'>\n\t\t\t\t<a href='https:\/\/www.arquimaster.com.ar\/web\/wp-content\/uploads\/2021\/01\/cuartel_bomberos_rafaela11.jpg' title=\"Destacamento de Bomberos Zapadores de Rafaela \/ Otro Estudio (\u00a9 Ramiro Sosa)\" data-rl_title=\"Destacamento de Bomberos Zapadores de Rafaela \/ Otro Estudio (\u00a9 Ramiro Sosa)\" class=\"rl-gallery-link\" data-rl_caption=\"Destacamento de Bomberos Zapadores de Rafaela \/ Otro Estudio (\u00a9 Ramiro Sosa)\" data-rel=\"lightbox-gallery-1\"><img loading=\"lazy\" decoding=\"async\" width=\"150\" height=\"150\" src=\"https:\/\/www.arquimaster.com.ar\/web\/wp-content\/uploads\/2021\/01\/cuartel_bomberos_rafaela11-150x150.jpg\" class=\"attachment-thumbnail size-thumbnail\" alt=\"Destacamento de Bomberos Zapadores de Rafaela \/ Otro Estudio\" aria-describedby=\"gallery-1-62310\" \/><\/a>\n\t\t\t<\/div>\n\t\t\t\t<figcaption class='wp-caption-text gallery-caption' id='gallery-1-62310'>\n\t\t\t\tDestacamento de Bomberos Zapadores de Rafaela \/ Otro Estudio (\u00a9 Ramiro Sosa)\n\t\t\t\t<\/figcaption><\/figure><figure class='gallery-item'>\n\t\t\t<div class='gallery-icon landscape'>\n\t\t\t\t<a href='https:\/\/www.arquimaster.com.ar\/web\/wp-content\/uploads\/2021\/01\/cuartel_bomberos_rafaela12.jpg' title=\"Destacamento de Bomberos Zapadores de Rafaela \/ Otro Estudio (\u00a9 Ramiro Sosa)\" data-rl_title=\"Destacamento de Bomberos Zapadores de Rafaela \/ Otro Estudio (\u00a9 Ramiro Sosa)\" class=\"rl-gallery-link\" data-rl_caption=\"Destacamento de Bomberos Zapadores de Rafaela \/ Otro Estudio (\u00a9 Ramiro Sosa)\" data-rel=\"lightbox-gallery-1\"><img loading=\"lazy\" decoding=\"async\" width=\"150\" height=\"150\" src=\"https:\/\/www.arquimaster.com.ar\/web\/wp-content\/uploads\/2021\/01\/cuartel_bomberos_rafaela12-150x150.jpg\" class=\"attachment-thumbnail size-thumbnail\" alt=\"Destacamento de Bomberos Zapadores de Rafaela \/ Otro Estudio\" aria-describedby=\"gallery-1-62311\" \/><\/a>\n\t\t\t<\/div>\n\t\t\t\t<figcaption class='wp-caption-text gallery-caption' id='gallery-1-62311'>\n\t\t\t\tDestacamento de Bomberos Zapadores de Rafaela \/ Otro Estudio (\u00a9 Ramiro Sosa)\n\t\t\t\t<\/figcaption><\/figure><figure class='gallery-item'>\n\t\t\t<div class='gallery-icon landscape'>\n\t\t\t\t<a href='https:\/\/www.arquimaster.com.ar\/web\/wp-content\/uploads\/2021\/01\/cuartel_bomberos_rafaela13.jpg' title=\"Destacamento de Bomberos Zapadores de Rafaela \/ Otro Estudio (\u00a9 Ramiro Sosa)\" data-rl_title=\"Destacamento de Bomberos Zapadores de Rafaela \/ Otro Estudio (\u00a9 Ramiro Sosa)\" class=\"rl-gallery-link\" data-rl_caption=\"Destacamento de Bomberos Zapadores de Rafaela \/ Otro Estudio (\u00a9 Ramiro Sosa)\" data-rel=\"lightbox-gallery-1\"><img loading=\"lazy\" decoding=\"async\" width=\"150\" height=\"150\" src=\"https:\/\/www.arquimaster.com.ar\/web\/wp-content\/uploads\/2021\/01\/cuartel_bomberos_rafaela13-150x150.jpg\" class=\"attachment-thumbnail size-thumbnail\" alt=\"Destacamento de Bomberos Zapadores de Rafaela \/ Otro Estudio\" aria-describedby=\"gallery-1-62312\" \/><\/a>\n\t\t\t<\/div>\n\t\t\t\t<figcaption class='wp-caption-text gallery-caption' id='gallery-1-62312'>\n\t\t\t\tDestacamento de Bomberos Zapadores de Rafaela \/ Otro Estudio (\u00a9 Ramiro Sosa)\n\t\t\t\t<\/figcaption><\/figure><figure class='gallery-item'>\n\t\t\t<div class='gallery-icon portrait'>\n\t\t\t\t<a href='https:\/\/www.arquimaster.com.ar\/web\/wp-content\/uploads\/2021\/01\/cuartel_bomberos_rafaela14.jpg' title=\"Destacamento de Bomberos Zapadores de Rafaela \/ Otro Estudio (\u00a9 Ramiro Sosa)\" data-rl_title=\"Destacamento de Bomberos Zapadores de Rafaela \/ Otro Estudio (\u00a9 Ramiro Sosa)\" class=\"rl-gallery-link\" data-rl_caption=\"Destacamento de Bomberos Zapadores de Rafaela \/ Otro Estudio (\u00a9 Ramiro Sosa)\" data-rel=\"lightbox-gallery-1\"><img loading=\"lazy\" decoding=\"async\" width=\"150\" height=\"150\" src=\"https:\/\/www.arquimaster.com.ar\/web\/wp-content\/uploads\/2021\/01\/cuartel_bomberos_rafaela14-150x150.jpg\" class=\"attachment-thumbnail size-thumbnail\" alt=\"Destacamento de Bomberos Zapadores de Rafaela \/ Otro Estudio\" aria-describedby=\"gallery-1-62313\" \/><\/a>\n\t\t\t<\/div>\n\t\t\t\t<figcaption class='wp-caption-text gallery-caption' id='gallery-1-62313'>\n\t\t\t\tDestacamento de Bomberos Zapadores de Rafaela \/ Otro Estudio (\u00a9 Ramiro Sosa)\n\t\t\t\t<\/figcaption><\/figure><figure class='gallery-item'>\n\t\t\t<div class='gallery-icon portrait'>\n\t\t\t\t<a href='https:\/\/www.arquimaster.com.ar\/web\/wp-content\/uploads\/2021\/01\/cuartel_bomberos_rafaela15.jpg' title=\"Destacamento de Bomberos Zapadores de Rafaela \/ Otro Estudio (\u00a9 Ramiro Sosa)\" data-rl_title=\"Destacamento de Bomberos Zapadores de Rafaela \/ Otro Estudio (\u00a9 Ramiro Sosa)\" class=\"rl-gallery-link\" data-rl_caption=\"Destacamento de Bomberos Zapadores de Rafaela \/ Otro Estudio (\u00a9 Ramiro Sosa)\" data-rel=\"lightbox-gallery-1\"><img loading=\"lazy\" decoding=\"async\" width=\"150\" height=\"150\" src=\"https:\/\/www.arquimaster.com.ar\/web\/wp-content\/uploads\/2021\/01\/cuartel_bomberos_rafaela15-150x150.jpg\" class=\"attachment-thumbnail size-thumbnail\" alt=\"Destacamento de Bomberos Zapadores de Rafaela \/ Otro Estudio\" aria-describedby=\"gallery-1-62314\" \/><\/a>\n\t\t\t<\/div>\n\t\t\t\t<figcaption class='wp-caption-text gallery-caption' id='gallery-1-62314'>\n\t\t\t\tDestacamento de Bomberos Zapadores de Rafaela \/ Otro Estudio (\u00a9 Ramiro Sosa)\n\t\t\t\t<\/figcaption><\/figure><figure class='gallery-item'>\n\t\t\t<div class='gallery-icon portrait'>\n\t\t\t\t<a href='https:\/\/www.arquimaster.com.ar\/web\/wp-content\/uploads\/2021\/01\/cuartel_bomberos_rafaela16.jpg' title=\"Destacamento de Bomberos Zapadores de Rafaela \/ Otro Estudio (\u00a9 Ramiro Sosa)\" data-rl_title=\"Destacamento de Bomberos Zapadores de Rafaela \/ Otro Estudio (\u00a9 Ramiro Sosa)\" class=\"rl-gallery-link\" data-rl_caption=\"Destacamento de Bomberos Zapadores de Rafaela \/ Otro Estudio (\u00a9 Ramiro Sosa)\" data-rel=\"lightbox-gallery-1\"><img loading=\"lazy\" decoding=\"async\" width=\"150\" height=\"150\" src=\"https:\/\/www.arquimaster.com.ar\/web\/wp-content\/uploads\/2021\/01\/cuartel_bomberos_rafaela16-150x150.jpg\" class=\"attachment-thumbnail size-thumbnail\" alt=\"Destacamento de Bomberos Zapadores de Rafaela \/ Otro Estudio\" aria-describedby=\"gallery-1-62315\" \/><\/a>\n\t\t\t<\/div>\n\t\t\t\t<figcaption class='wp-caption-text gallery-caption' id='gallery-1-62315'>\n\t\t\t\tDestacamento de Bomberos Zapadores de Rafaela \/ Otro Estudio (\u00a9 Ramiro Sosa)\n\t\t\t\t<\/figcaption><\/figure><figure class='gallery-item'>\n\t\t\t<div class='gallery-icon landscape'>\n\t\t\t\t<a href='https:\/\/www.arquimaster.com.ar\/web\/wp-content\/uploads\/2021\/01\/cuartel_bomberos_rafaela17.jpg' title=\"Destacamento de Bomberos Zapadores de Rafaela \/ Otro Estudio (\u00a9 Ramiro Sosa)\" data-rl_title=\"Destacamento de Bomberos Zapadores de Rafaela \/ Otro Estudio (\u00a9 Ramiro Sosa)\" class=\"rl-gallery-link\" data-rl_caption=\"Destacamento de Bomberos Zapadores de Rafaela \/ Otro Estudio (\u00a9 Ramiro Sosa)\" data-rel=\"lightbox-gallery-1\"><img loading=\"lazy\" decoding=\"async\" width=\"150\" height=\"150\" src=\"https:\/\/www.arquimaster.com.ar\/web\/wp-content\/uploads\/2021\/01\/cuartel_bomberos_rafaela17-150x150.jpg\" class=\"attachment-thumbnail size-thumbnail\" alt=\"Destacamento de Bomberos Zapadores de Rafaela \/ Otro Estudio\" aria-describedby=\"gallery-1-62316\" \/><\/a>\n\t\t\t<\/div>\n\t\t\t\t<figcaption class='wp-caption-text gallery-caption' id='gallery-1-62316'>\n\t\t\t\tDestacamento de Bomberos Zapadores de Rafaela \/ Otro Estudio (\u00a9 Ramiro Sosa)\n\t\t\t\t<\/figcaption><\/figure><figure class='gallery-item'>\n\t\t\t<div class='gallery-icon landscape'>\n\t\t\t\t<a href='https:\/\/www.arquimaster.com.ar\/web\/wp-content\/uploads\/2021\/01\/cuartel_bomberos_rafaela18.jpg' title=\"Destacamento de Bomberos Zapadores de Rafaela \/ Otro Estudio (\u00a9 Ramiro Sosa)\" data-rl_title=\"Destacamento de Bomberos Zapadores de Rafaela \/ Otro Estudio (\u00a9 Ramiro Sosa)\" class=\"rl-gallery-link\" data-rl_caption=\"Destacamento de Bomberos Zapadores de Rafaela \/ Otro Estudio (\u00a9 Ramiro Sosa)\" data-rel=\"lightbox-gallery-1\"><img loading=\"lazy\" decoding=\"async\" width=\"150\" height=\"150\" src=\"https:\/\/www.arquimaster.com.ar\/web\/wp-content\/uploads\/2021\/01\/cuartel_bomberos_rafaela18-150x150.jpg\" class=\"attachment-thumbnail size-thumbnail\" alt=\"Destacamento de Bomberos Zapadores de Rafaela \/ Otro Estudio\" aria-describedby=\"gallery-1-62317\" \/><\/a>\n\t\t\t<\/div>\n\t\t\t\t<figcaption class='wp-caption-text gallery-caption' id='gallery-1-62317'>\n\t\t\t\tDestacamento de Bomberos Zapadores de Rafaela \/ Otro Estudio (\u00a9 Ramiro Sosa)\n\t\t\t\t<\/figcaption><\/figure><figure class='gallery-item'>\n\t\t\t<div class='gallery-icon portrait'>\n\t\t\t\t<a href='https:\/\/www.arquimaster.com.ar\/web\/wp-content\/uploads\/2021\/01\/cuartel_bomberos_rafaela19.jpg' title=\"Destacamento de Bomberos Zapadores de Rafaela \/ Otro Estudio (\u00a9 Ramiro Sosa)\" data-rl_title=\"Destacamento de Bomberos Zapadores de Rafaela \/ Otro Estudio (\u00a9 Ramiro Sosa)\" class=\"rl-gallery-link\" data-rl_caption=\"Destacamento de Bomberos Zapadores de Rafaela \/ Otro Estudio (\u00a9 Ramiro Sosa)\" data-rel=\"lightbox-gallery-1\"><img loading=\"lazy\" decoding=\"async\" width=\"150\" height=\"150\" src=\"https:\/\/www.arquimaster.com.ar\/web\/wp-content\/uploads\/2021\/01\/cuartel_bomberos_rafaela19-150x150.jpg\" class=\"attachment-thumbnail size-thumbnail\" alt=\"Destacamento de Bomberos Zapadores de Rafaela \/ Otro Estudio\" aria-describedby=\"gallery-1-62318\" \/><\/a>\n\t\t\t<\/div>\n\t\t\t\t<figcaption class='wp-caption-text gallery-caption' id='gallery-1-62318'>\n\t\t\t\tDestacamento de Bomberos Zapadores de Rafaela \/ Otro Estudio (\u00a9 Ramiro Sosa)\n\t\t\t\t<\/figcaption><\/figure><figure class='gallery-item'>\n\t\t\t<div class='gallery-icon landscape'>\n\t\t\t\t<a href='https:\/\/www.arquimaster.com.ar\/web\/wp-content\/uploads\/2021\/01\/cuartel_bomberos_rafaela20.jpg' title=\"Destacamento de Bomberos Zapadores de Rafaela \/ Otro Estudio (\u00a9 Ramiro Sosa)\" data-rl_title=\"Destacamento de Bomberos Zapadores de Rafaela \/ Otro Estudio (\u00a9 Ramiro Sosa)\" class=\"rl-gallery-link\" data-rl_caption=\"Destacamento de Bomberos Zapadores de Rafaela \/ Otro Estudio (\u00a9 Ramiro Sosa)\" data-rel=\"lightbox-gallery-1\"><img loading=\"lazy\" decoding=\"async\" width=\"150\" height=\"150\" src=\"https:\/\/www.arquimaster.com.ar\/web\/wp-content\/uploads\/2021\/01\/cuartel_bomberos_rafaela20-150x150.jpg\" class=\"attachment-thumbnail size-thumbnail\" alt=\"Destacamento de Bomberos Zapadores de Rafaela \/ Otro Estudio\" aria-describedby=\"gallery-1-62319\" \/><\/a>\n\t\t\t<\/div>\n\t\t\t\t<figcaption class='wp-caption-text gallery-caption' id='gallery-1-62319'>\n\t\t\t\tDestacamento de Bomberos Zapadores de Rafaela \/ Otro Estudio (\u00a9 Ramiro Sosa)\n\t\t\t\t<\/figcaption><\/figure><figure class='gallery-item'>\n\t\t\t<div class='gallery-icon portrait'>\n\t\t\t\t<a href='https:\/\/www.arquimaster.com.ar\/web\/wp-content\/uploads\/2021\/01\/cuartel_bomberos_rafaela21.jpg' title=\"Destacamento de Bomberos Zapadores de Rafaela \/ Otro Estudio (\u00a9 Ramiro Sosa)\" data-rl_title=\"Destacamento de Bomberos Zapadores de Rafaela \/ Otro Estudio (\u00a9 Ramiro Sosa)\" class=\"rl-gallery-link\" data-rl_caption=\"Destacamento de Bomberos Zapadores de Rafaela \/ Otro Estudio (\u00a9 Ramiro Sosa)\" data-rel=\"lightbox-gallery-1\"><img loading=\"lazy\" decoding=\"async\" width=\"150\" height=\"150\" src=\"https:\/\/www.arquimaster.com.ar\/web\/wp-content\/uploads\/2021\/01\/cuartel_bomberos_rafaela21-150x150.jpg\" class=\"attachment-thumbnail size-thumbnail\" alt=\"Destacamento de Bomberos Zapadores de Rafaela \/ Otro Estudio\" aria-describedby=\"gallery-1-62320\" \/><\/a>\n\t\t\t<\/div>\n\t\t\t\t<figcaption class='wp-caption-text gallery-caption' id='gallery-1-62320'>\n\t\t\t\tDestacamento de Bomberos Zapadores de Rafaela \/ Otro Estudio (\u00a9 Ramiro Sosa)\n\t\t\t\t<\/figcaption><\/figure><figure class='gallery-item'>\n\t\t\t<div class='gallery-icon landscape'>\n\t\t\t\t<a href='https:\/\/www.arquimaster.com.ar\/web\/wp-content\/uploads\/2021\/01\/cuartel_bomberos_rafaela22.jpg' title=\"Destacamento de Bomberos Zapadores de Rafaela \/ Otro Estudio (\u00a9 Ramiro Sosa)\" data-rl_title=\"Destacamento de Bomberos Zapadores de Rafaela \/ Otro Estudio (\u00a9 Ramiro Sosa)\" class=\"rl-gallery-link\" data-rl_caption=\"Destacamento de Bomberos Zapadores de Rafaela \/ Otro Estudio (\u00a9 Ramiro Sosa)\" data-rel=\"lightbox-gallery-1\"><img loading=\"lazy\" decoding=\"async\" width=\"150\" height=\"150\" src=\"https:\/\/www.arquimaster.com.ar\/web\/wp-content\/uploads\/2021\/01\/cuartel_bomberos_rafaela22-150x150.jpg\" class=\"attachment-thumbnail size-thumbnail\" alt=\"Destacamento de Bomberos Zapadores de Rafaela \/ Otro Estudio\" aria-describedby=\"gallery-1-62321\" \/><\/a>\n\t\t\t<\/div>\n\t\t\t\t<figcaption class='wp-caption-text gallery-caption' id='gallery-1-62321'>\n\t\t\t\tDestacamento de Bomberos Zapadores de Rafaela \/ Otro Estudio (\u00a9 Ramiro Sosa)\n\t\t\t\t<\/figcaption><\/figure><figure class='gallery-item'>\n\t\t\t<div class='gallery-icon landscape'>\n\t\t\t\t<a href='https:\/\/www.arquimaster.com.ar\/web\/wp-content\/uploads\/2021\/01\/cuartel_bomberos_rafaela23.jpg' title=\"Destacamento de Bomberos Zapadores de Rafaela \/ Otro Estudio (\u00a9 Ramiro Sosa)\" data-rl_title=\"Destacamento de Bomberos Zapadores de Rafaela \/ Otro Estudio (\u00a9 Ramiro Sosa)\" class=\"rl-gallery-link\" data-rl_caption=\"Destacamento de Bomberos Zapadores de Rafaela \/ Otro Estudio (\u00a9 Ramiro Sosa)\" data-rel=\"lightbox-gallery-1\"><img loading=\"lazy\" decoding=\"async\" width=\"150\" height=\"150\" src=\"https:\/\/www.arquimaster.com.ar\/web\/wp-content\/uploads\/2021\/01\/cuartel_bomberos_rafaela23-150x150.jpg\" class=\"attachment-thumbnail size-thumbnail\" alt=\"Destacamento de Bomberos Zapadores de Rafaela \/ Otro Estudio\" aria-describedby=\"gallery-1-62322\" \/><\/a>\n\t\t\t<\/div>\n\t\t\t\t<figcaption class='wp-caption-text gallery-caption' id='gallery-1-62322'>\n\t\t\t\tDestacamento de Bomberos Zapadores de Rafaela \/ Otro Estudio (\u00a9 Ramiro Sosa)\n\t\t\t\t<\/figcaption><\/figure><figure class='gallery-item'>\n\t\t\t<div class='gallery-icon portrait'>\n\t\t\t\t<a href='https:\/\/www.arquimaster.com.ar\/web\/wp-content\/uploads\/2021\/01\/cuartel_bomberos_rafaela24.jpg' title=\"Destacamento de Bomberos Zapadores de Rafaela \/ Otro Estudio (\u00a9 Ramiro Sosa)\" data-rl_title=\"Destacamento de Bomberos Zapadores de Rafaela \/ Otro Estudio (\u00a9 Ramiro Sosa)\" class=\"rl-gallery-link\" data-rl_caption=\"Destacamento de Bomberos Zapadores de Rafaela \/ Otro Estudio (\u00a9 Ramiro Sosa)\" data-rel=\"lightbox-gallery-1\"><img loading=\"lazy\" decoding=\"async\" width=\"150\" height=\"150\" src=\"https:\/\/www.arquimaster.com.ar\/web\/wp-content\/uploads\/2021\/01\/cuartel_bomberos_rafaela24-150x150.jpg\" class=\"attachment-thumbnail size-thumbnail\" alt=\"Destacamento de Bomberos Zapadores de Rafaela \/ Otro Estudio\" aria-describedby=\"gallery-1-62323\" \/><\/a>\n\t\t\t<\/div>\n\t\t\t\t<figcaption class='wp-caption-text gallery-caption' id='gallery-1-62323'>\n\t\t\t\tDestacamento de Bomberos Zapadores de Rafaela \/ Otro Estudio (\u00a9 Ramiro Sosa)\n\t\t\t\t<\/figcaption><\/figure><figure class='gallery-item'>\n\t\t\t<div class='gallery-icon portrait'>\n\t\t\t\t<a href='https:\/\/www.arquimaster.com.ar\/web\/wp-content\/uploads\/2021\/01\/cuartel_bomberos_rafaela25.jpg' title=\"Destacamento de Bomberos Zapadores de Rafaela \/ Otro Estudio (\u00a9 Ramiro Sosa)\" data-rl_title=\"Destacamento de Bomberos Zapadores de Rafaela \/ Otro Estudio (\u00a9 Ramiro Sosa)\" class=\"rl-gallery-link\" data-rl_caption=\"Destacamento de Bomberos Zapadores de Rafaela \/ Otro Estudio (\u00a9 Ramiro Sosa)\" data-rel=\"lightbox-gallery-1\"><img loading=\"lazy\" decoding=\"async\" width=\"150\" height=\"150\" src=\"https:\/\/www.arquimaster.com.ar\/web\/wp-content\/uploads\/2021\/01\/cuartel_bomberos_rafaela25-150x150.jpg\" class=\"attachment-thumbnail size-thumbnail\" alt=\"Destacamento de Bomberos Zapadores de Rafaela \/ Otro Estudio\" aria-describedby=\"gallery-1-62324\" \/><\/a>\n\t\t\t<\/div>\n\t\t\t\t<figcaption class='wp-caption-text gallery-caption' id='gallery-1-62324'>\n\t\t\t\tDestacamento de Bomberos Zapadores de Rafaela \/ Otro Estudio (\u00a9 Ramiro Sosa)\n\t\t\t\t<\/figcaption><\/figure><figure class='gallery-item'>\n\t\t\t<div class='gallery-icon landscape'>\n\t\t\t\t<a href='https:\/\/www.arquimaster.com.ar\/web\/wp-content\/uploads\/2021\/01\/cuartel_bomberos_rafaela26.jpg' title=\"Destacamento de Bomberos Zapadores de Rafaela \/ Otro Estudio (\u00a9 Ramiro Sosa)\" data-rl_title=\"Destacamento de Bomberos Zapadores de Rafaela \/ Otro Estudio (\u00a9 Ramiro Sosa)\" class=\"rl-gallery-link\" data-rl_caption=\"Destacamento de Bomberos Zapadores de Rafaela \/ Otro Estudio (\u00a9 Ramiro Sosa)\" data-rel=\"lightbox-gallery-1\"><img loading=\"lazy\" decoding=\"async\" width=\"150\" height=\"150\" src=\"https:\/\/www.arquimaster.com.ar\/web\/wp-content\/uploads\/2021\/01\/cuartel_bomberos_rafaela26-150x150.jpg\" class=\"attachment-thumbnail size-thumbnail\" alt=\"Destacamento de Bomberos Zapadores de Rafaela \/ Otro Estudio\" aria-describedby=\"gallery-1-62325\" \/><\/a>\n\t\t\t<\/div>\n\t\t\t\t<figcaption class='wp-caption-text gallery-caption' id='gallery-1-62325'>\n\t\t\t\tDestacamento de Bomberos Zapadores de Rafaela \/ Otro Estudio (\u00a9 Ramiro Sosa)\n\t\t\t\t<\/figcaption><\/figure><figure class='gallery-item'>\n\t\t\t<div class='gallery-icon portrait'>\n\t\t\t\t<a href='https:\/\/www.arquimaster.com.ar\/web\/wp-content\/uploads\/2021\/01\/cuartel_bomberos_rafaela27.jpg' title=\"Destacamento de Bomberos Zapadores de Rafaela \/ Otro Estudio (\u00a9 Ramiro Sosa)\" data-rl_title=\"Destacamento de Bomberos Zapadores de Rafaela \/ Otro Estudio (\u00a9 Ramiro Sosa)\" class=\"rl-gallery-link\" data-rl_caption=\"Destacamento de Bomberos Zapadores de Rafaela \/ Otro Estudio (\u00a9 Ramiro Sosa)\" data-rel=\"lightbox-gallery-1\"><img loading=\"lazy\" decoding=\"async\" width=\"150\" height=\"150\" src=\"https:\/\/www.arquimaster.com.ar\/web\/wp-content\/uploads\/2021\/01\/cuartel_bomberos_rafaela27-150x150.jpg\" class=\"attachment-thumbnail size-thumbnail\" alt=\"Destacamento de Bomberos Zapadores de Rafaela \/ Otro Estudio\" aria-describedby=\"gallery-1-62326\" \/><\/a>\n\t\t\t<\/div>\n\t\t\t\t<figcaption class='wp-caption-text gallery-caption' id='gallery-1-62326'>\n\t\t\t\tDestacamento de Bomberos Zapadores de Rafaela \/ Otro Estudio (\u00a9 Ramiro Sosa)\n\t\t\t\t<\/figcaption><\/figure><figure class='gallery-item'>\n\t\t\t<div class='gallery-icon landscape'>\n\t\t\t\t<a href='https:\/\/www.arquimaster.com.ar\/web\/wp-content\/uploads\/2021\/01\/cuartel_bomberos_rafaela28.jpg' title=\"Destacamento de Bomberos Zapadores de Rafaela \/ Otro Estudio (\u00a9 Ramiro Sosa)\" data-rl_title=\"Destacamento de Bomberos Zapadores de Rafaela \/ Otro Estudio (\u00a9 Ramiro Sosa)\" class=\"rl-gallery-link\" data-rl_caption=\"Destacamento de Bomberos Zapadores de Rafaela \/ Otro Estudio (\u00a9 Ramiro Sosa)\" data-rel=\"lightbox-gallery-1\"><img loading=\"lazy\" decoding=\"async\" width=\"150\" height=\"150\" src=\"https:\/\/www.arquimaster.com.ar\/web\/wp-content\/uploads\/2021\/01\/cuartel_bomberos_rafaela28-150x150.jpg\" class=\"attachment-thumbnail size-thumbnail\" alt=\"Destacamento de Bomberos Zapadores de Rafaela \/ Otro Estudio\" aria-describedby=\"gallery-1-62327\" \/><\/a>\n\t\t\t<\/div>\n\t\t\t\t<figcaption class='wp-caption-text gallery-caption' id='gallery-1-62327'>\n\t\t\t\tDestacamento de Bomberos Zapadores de Rafaela \/ Otro Estudio (\u00a9 Ramiro Sosa)\n\t\t\t\t<\/figcaption><\/figure><figure class='gallery-item'>\n\t\t\t<div class='gallery-icon landscape'>\n\t\t\t\t<a href='https:\/\/www.arquimaster.com.ar\/web\/wp-content\/uploads\/2021\/01\/cuartel_bomberos_rafaela29.jpg' title=\"Destacamento de Bomberos Zapadores de Rafaela \/ Otro Estudio (\u00a9 Ramiro Sosa)\" data-rl_title=\"Destacamento de Bomberos Zapadores de Rafaela \/ Otro Estudio (\u00a9 Ramiro Sosa)\" class=\"rl-gallery-link\" data-rl_caption=\"Destacamento de Bomberos Zapadores de Rafaela \/ Otro Estudio (\u00a9 Ramiro Sosa)\" data-rel=\"lightbox-gallery-1\"><img loading=\"lazy\" decoding=\"async\" width=\"150\" height=\"150\" src=\"https:\/\/www.arquimaster.com.ar\/web\/wp-content\/uploads\/2021\/01\/cuartel_bomberos_rafaela29-150x150.jpg\" class=\"attachment-thumbnail size-thumbnail\" alt=\"Destacamento de Bomberos Zapadores de Rafaela \/ Otro Estudio\" aria-describedby=\"gallery-1-62328\" \/><\/a>\n\t\t\t<\/div>\n\t\t\t\t<figcaption class='wp-caption-text gallery-caption' id='gallery-1-62328'>\n\t\t\t\tDestacamento de Bomberos Zapadores de Rafaela \/ Otro Estudio (\u00a9 Ramiro Sosa)\n\t\t\t\t<\/figcaption><\/figure><figure class='gallery-item'>\n\t\t\t<div class='gallery-icon landscape'>\n\t\t\t\t<a href='https:\/\/www.arquimaster.com.ar\/web\/wp-content\/uploads\/2021\/01\/cuartel_bomberos_rafaela30.jpg' title=\"Destacamento de Bomberos Zapadores de Rafaela \/ Otro Estudio (\u00a9 Ramiro Sosa)\" data-rl_title=\"Destacamento de Bomberos Zapadores de Rafaela \/ Otro Estudio (\u00a9 Ramiro Sosa)\" class=\"rl-gallery-link\" data-rl_caption=\"Destacamento de Bomberos Zapadores de Rafaela \/ Otro Estudio (\u00a9 Ramiro Sosa)\" data-rel=\"lightbox-gallery-1\"><img loading=\"lazy\" decoding=\"async\" width=\"150\" height=\"150\" src=\"https:\/\/www.arquimaster.com.ar\/web\/wp-content\/uploads\/2021\/01\/cuartel_bomberos_rafaela30-150x150.jpg\" class=\"attachment-thumbnail size-thumbnail\" alt=\"Destacamento de Bomberos Zapadores de Rafaela \/ Otro Estudio\" aria-describedby=\"gallery-1-62329\" \/><\/a>\n\t\t\t<\/div>\n\t\t\t\t<figcaption class='wp-caption-text gallery-caption' id='gallery-1-62329'>\n\t\t\t\tDestacamento de Bomberos Zapadores de Rafaela \/ Otro Estudio (\u00a9 Ramiro Sosa)\n\t\t\t\t<\/figcaption><\/figure><figure class='gallery-item'>\n\t\t\t<div class='gallery-icon landscape'>\n\t\t\t\t<a href='https:\/\/www.arquimaster.com.ar\/web\/wp-content\/uploads\/2021\/01\/cuartel_bomberos_rafaela31.jpg' title=\"Destacamento de Bomberos Zapadores de Rafaela \/ Otro Estudio (\u00a9 Ramiro Sosa)\" data-rl_title=\"Destacamento de Bomberos Zapadores de Rafaela \/ Otro Estudio (\u00a9 Ramiro Sosa)\" class=\"rl-gallery-link\" data-rl_caption=\"Destacamento de Bomberos Zapadores de Rafaela \/ Otro Estudio (\u00a9 Ramiro Sosa)\" data-rel=\"lightbox-gallery-1\"><img loading=\"lazy\" decoding=\"async\" width=\"150\" height=\"150\" src=\"https:\/\/www.arquimaster.com.ar\/web\/wp-content\/uploads\/2021\/01\/cuartel_bomberos_rafaela31-150x150.jpg\" class=\"attachment-thumbnail size-thumbnail\" alt=\"Destacamento de Bomberos Zapadores de Rafaela \/ Otro Estudio\" aria-describedby=\"gallery-1-62330\" \/><\/a>\n\t\t\t<\/div>\n\t\t\t\t<figcaption class='wp-caption-text gallery-caption' id='gallery-1-62330'>\n\t\t\t\tDestacamento de Bomberos Zapadores de Rafaela \/ Otro Estudio (\u00a9 Ramiro Sosa)\n\t\t\t\t<\/figcaption><\/figure><figure class='gallery-item'>\n\t\t\t<div class='gallery-icon portrait'>\n\t\t\t\t<a href='https:\/\/www.arquimaster.com.ar\/web\/wp-content\/uploads\/2021\/01\/cuartel_bomberos_rafaela32.jpg' title=\"Destacamento de Bomberos Zapadores de Rafaela \/ Otro Estudio (\u00a9 Ramiro Sosa)\" data-rl_title=\"Destacamento de Bomberos Zapadores de Rafaela \/ Otro Estudio (\u00a9 Ramiro Sosa)\" class=\"rl-gallery-link\" data-rl_caption=\"Destacamento de Bomberos Zapadores de Rafaela \/ Otro Estudio (\u00a9 Ramiro Sosa)\" data-rel=\"lightbox-gallery-1\"><img loading=\"lazy\" decoding=\"async\" width=\"150\" height=\"150\" src=\"https:\/\/www.arquimaster.com.ar\/web\/wp-content\/uploads\/2021\/01\/cuartel_bomberos_rafaela32-150x150.jpg\" class=\"attachment-thumbnail size-thumbnail\" alt=\"Destacamento de Bomberos Zapadores de Rafaela \/ Otro Estudio\" aria-describedby=\"gallery-1-62331\" \/><\/a>\n\t\t\t<\/div>\n\t\t\t\t<figcaption class='wp-caption-text gallery-caption' id='gallery-1-62331'>\n\t\t\t\tDestacamento de Bomberos Zapadores de Rafaela \/ Otro Estudio (\u00a9 Ramiro Sosa)\n\t\t\t\t<\/figcaption><\/figure><figure class='gallery-item'>\n\t\t\t<div class='gallery-icon landscape'>\n\t\t\t\t<a href='https:\/\/www.arquimaster.com.ar\/web\/wp-content\/uploads\/2021\/01\/cuartel_bomberos_rafaela33.jpg' title=\"Destacamento de Bomberos Zapadores de Rafaela \/ Otro Estudio (\u00a9 Ramiro Sosa)\" data-rl_title=\"Destacamento de Bomberos Zapadores de Rafaela \/ Otro Estudio (\u00a9 Ramiro Sosa)\" class=\"rl-gallery-link\" data-rl_caption=\"Destacamento de Bomberos Zapadores de Rafaela \/ Otro Estudio (\u00a9 Ramiro Sosa)\" data-rel=\"lightbox-gallery-1\"><img loading=\"lazy\" decoding=\"async\" width=\"150\" height=\"150\" src=\"https:\/\/www.arquimaster.com.ar\/web\/wp-content\/uploads\/2021\/01\/cuartel_bomberos_rafaela33-150x150.jpg\" class=\"attachment-thumbnail size-thumbnail\" alt=\"Destacamento de Bomberos Zapadores de Rafaela \/ Otro Estudio\" aria-describedby=\"gallery-1-62332\" \/><\/a>\n\t\t\t<\/div>\n\t\t\t\t<figcaption class='wp-caption-text gallery-caption' id='gallery-1-62332'>\n\t\t\t\tDestacamento de Bomberos Zapadores de Rafaela \/ Otro Estudio (\u00a9 Ramiro Sosa)\n\t\t\t\t<\/figcaption><\/figure><figure class='gallery-item'>\n\t\t\t<div class='gallery-icon portrait'>\n\t\t\t\t<a href='https:\/\/www.arquimaster.com.ar\/web\/wp-content\/uploads\/2021\/01\/cuartel_bomberos_rafaela34.jpg' title=\"Destacamento de Bomberos Zapadores de Rafaela \/ Otro Estudio (\u00a9 Ramiro Sosa)\" data-rl_title=\"Destacamento de Bomberos Zapadores de Rafaela \/ Otro Estudio (\u00a9 Ramiro Sosa)\" class=\"rl-gallery-link\" data-rl_caption=\"Destacamento de Bomberos Zapadores de Rafaela \/ Otro Estudio (\u00a9 Ramiro Sosa)\" data-rel=\"lightbox-gallery-1\"><img loading=\"lazy\" decoding=\"async\" width=\"150\" height=\"150\" src=\"https:\/\/www.arquimaster.com.ar\/web\/wp-content\/uploads\/2021\/01\/cuartel_bomberos_rafaela34-150x150.jpg\" class=\"attachment-thumbnail size-thumbnail\" alt=\"Destacamento de Bomberos Zapadores de Rafaela \/ Otro Estudio\" aria-describedby=\"gallery-1-62333\" \/><\/a>\n\t\t\t<\/div>\n\t\t\t\t<figcaption class='wp-caption-text gallery-caption' id='gallery-1-62333'>\n\t\t\t\tDestacamento de Bomberos Zapadores de Rafaela \/ Otro Estudio (\u00a9 Ramiro Sosa)\n\t\t\t\t<\/figcaption><\/figure><figure class='gallery-item'>\n\t\t\t<div class='gallery-icon portrait'>\n\t\t\t\t<a href='https:\/\/www.arquimaster.com.ar\/web\/wp-content\/uploads\/2021\/01\/cuartel_bomberos_rafaela35.jpg' title=\"Destacamento de Bomberos Zapadores de Rafaela \/ Otro Estudio (\u00a9 Ramiro Sosa)\" data-rl_title=\"Destacamento de Bomberos Zapadores de Rafaela \/ Otro Estudio (\u00a9 Ramiro Sosa)\" class=\"rl-gallery-link\" data-rl_caption=\"Destacamento de Bomberos Zapadores de Rafaela \/ Otro Estudio (\u00a9 Ramiro Sosa)\" data-rel=\"lightbox-gallery-1\"><img loading=\"lazy\" decoding=\"async\" width=\"150\" height=\"150\" src=\"https:\/\/www.arquimaster.com.ar\/web\/wp-content\/uploads\/2021\/01\/cuartel_bomberos_rafaela35-150x150.jpg\" class=\"attachment-thumbnail size-thumbnail\" alt=\"Destacamento de Bomberos Zapadores de Rafaela \/ Otro Estudio\" aria-describedby=\"gallery-1-62334\" \/><\/a>\n\t\t\t<\/div>\n\t\t\t\t<figcaption class='wp-caption-text gallery-caption' id='gallery-1-62334'>\n\t\t\t\tDestacamento de Bomberos Zapadores de Rafaela \/ Otro Estudio (\u00a9 Ramiro Sosa)\n\t\t\t\t<\/figcaption><\/figure><figure class='gallery-item'>\n\t\t\t<div class='gallery-icon landscape'>\n\t\t\t\t<a href='https:\/\/www.arquimaster.com.ar\/web\/wp-content\/uploads\/2021\/01\/cuartel_bomberos_rafaela36.jpg' title=\"Destacamento de Bomberos Zapadores de Rafaela \/ Otro Estudio (\u00a9 Ramiro Sosa)\" data-rl_title=\"Destacamento de Bomberos Zapadores de Rafaela \/ Otro Estudio (\u00a9 Ramiro Sosa)\" class=\"rl-gallery-link\" data-rl_caption=\"Destacamento de Bomberos Zapadores de Rafaela \/ Otro Estudio (\u00a9 Ramiro Sosa)\" data-rel=\"lightbox-gallery-1\"><img loading=\"lazy\" decoding=\"async\" width=\"150\" height=\"150\" src=\"https:\/\/www.arquimaster.com.ar\/web\/wp-content\/uploads\/2021\/01\/cuartel_bomberos_rafaela36-150x150.jpg\" class=\"attachment-thumbnail size-thumbnail\" alt=\"Destacamento de Bomberos Zapadores de Rafaela \/ Otro Estudio\" aria-describedby=\"gallery-1-62335\" \/><\/a>\n\t\t\t<\/div>\n\t\t\t\t<figcaption class='wp-caption-text gallery-caption' id='gallery-1-62335'>\n\t\t\t\tDestacamento de Bomberos Zapadores de Rafaela \/ Otro Estudio (\u00a9 Ramiro Sosa)\n\t\t\t\t<\/figcaption><\/figure><figure class='gallery-item'>\n\t\t\t<div class='gallery-icon landscape'>\n\t\t\t\t<a href='https:\/\/www.arquimaster.com.ar\/web\/wp-content\/uploads\/2021\/01\/cuartel_bomberos_rafaela37.jpg' title=\"Destacamento de Bomberos Zapadores de Rafaela \/ Otro Estudio (\u00a9 Ramiro Sosa)\" data-rl_title=\"Destacamento de Bomberos Zapadores de Rafaela \/ Otro Estudio (\u00a9 Ramiro Sosa)\" class=\"rl-gallery-link\" data-rl_caption=\"Destacamento de Bomberos Zapadores de Rafaela \/ Otro Estudio (\u00a9 Ramiro Sosa)\" data-rel=\"lightbox-gallery-1\"><img loading=\"lazy\" decoding=\"async\" width=\"150\" height=\"150\" src=\"https:\/\/www.arquimaster.com.ar\/web\/wp-content\/uploads\/2021\/01\/cuartel_bomberos_rafaela37-150x150.jpg\" class=\"attachment-thumbnail size-thumbnail\" alt=\"Destacamento de Bomberos Zapadores de Rafaela \/ Otro Estudio\" aria-describedby=\"gallery-1-62336\" \/><\/a>\n\t\t\t<\/div>\n\t\t\t\t<figcaption class='wp-caption-text gallery-caption' id='gallery-1-62336'>\n\t\t\t\tDestacamento de Bomberos Zapadores de Rafaela \/ Otro Estudio (\u00a9 Ramiro Sosa)\n\t\t\t\t<\/figcaption><\/figure><figure class='gallery-item'>\n\t\t\t<div class='gallery-icon landscape'>\n\t\t\t\t<a href='https:\/\/www.arquimaster.com.ar\/web\/wp-content\/uploads\/2021\/01\/cuartel_bomberos_rafaela38.jpg' title=\"Destacamento de Bomberos Zapadores de Rafaela \/ Otro Estudio (planta baja)\" data-rl_title=\"Destacamento de Bomberos Zapadores de Rafaela \/ Otro Estudio (planta baja)\" class=\"rl-gallery-link\" data-rl_caption=\"Destacamento de Bomberos Zapadores de Rafaela \/ Otro Estudio (planta baja)\" data-rel=\"lightbox-gallery-1\"><img loading=\"lazy\" decoding=\"async\" width=\"150\" height=\"150\" src=\"https:\/\/www.arquimaster.com.ar\/web\/wp-content\/uploads\/2021\/01\/cuartel_bomberos_rafaela38-150x150.jpg\" class=\"attachment-thumbnail size-thumbnail\" alt=\"Destacamento de Bomberos Zapadores de Rafaela \/ Otro Estudio\" aria-describedby=\"gallery-1-62337\" \/><\/a>\n\t\t\t<\/div>\n\t\t\t\t<figcaption class='wp-caption-text gallery-caption' id='gallery-1-62337'>\n\t\t\t\tDestacamento de Bomberos Zapadores de Rafaela \/ Otro Estudio (planta baja)\n\t\t\t\t<\/figcaption><\/figure><figure class='gallery-item'>\n\t\t\t<div class='gallery-icon landscape'>\n\t\t\t\t<a href='https:\/\/www.arquimaster.com.ar\/web\/wp-content\/uploads\/2021\/01\/cuartel_bomberos_rafaela39.jpg' title=\"Destacamento de Bomberos Zapadores de Rafaela \/ Otro Estudio (planta alta)\" data-rl_title=\"Destacamento de Bomberos Zapadores de Rafaela \/ Otro Estudio (planta alta)\" class=\"rl-gallery-link\" data-rl_caption=\"Destacamento de Bomberos Zapadores de Rafaela \/ Otro Estudio (planta alta)\" data-rel=\"lightbox-gallery-1\"><img loading=\"lazy\" decoding=\"async\" width=\"150\" height=\"150\" src=\"https:\/\/www.arquimaster.com.ar\/web\/wp-content\/uploads\/2021\/01\/cuartel_bomberos_rafaela39-150x150.jpg\" class=\"attachment-thumbnail size-thumbnail\" alt=\"Destacamento de Bomberos Zapadores de Rafaela \/ Otro Estudio\" aria-describedby=\"gallery-1-62338\" \/><\/a>\n\t\t\t<\/div>\n\t\t\t\t<figcaption class='wp-caption-text gallery-caption' id='gallery-1-62338'>\n\t\t\t\tDestacamento de Bomberos Zapadores de Rafaela \/ Otro Estudio (planta alta)\n\t\t\t\t<\/figcaption><\/figure><figure class='gallery-item'>\n\t\t\t<div class='gallery-icon landscape'>\n\t\t\t\t<a href='https:\/\/www.arquimaster.com.ar\/web\/wp-content\/uploads\/2021\/01\/cuartel_bomberos_rafaela40.jpg' title=\"Destacamento de Bomberos Zapadores de Rafaela \/ Otro Estudio (planta de techos)\" data-rl_title=\"Destacamento de Bomberos Zapadores de Rafaela \/ Otro Estudio (planta de techos)\" class=\"rl-gallery-link\" data-rl_caption=\"Destacamento de Bomberos Zapadores de Rafaela \/ Otro Estudio (planta de techos)\" data-rel=\"lightbox-gallery-1\"><img loading=\"lazy\" decoding=\"async\" width=\"150\" height=\"150\" src=\"https:\/\/www.arquimaster.com.ar\/web\/wp-content\/uploads\/2021\/01\/cuartel_bomberos_rafaela40-150x150.jpg\" class=\"attachment-thumbnail size-thumbnail\" alt=\"Destacamento de Bomberos Zapadores de Rafaela \/ Otro Estudio\" aria-describedby=\"gallery-1-62339\" \/><\/a>\n\t\t\t<\/div>\n\t\t\t\t<figcaption class='wp-caption-text gallery-caption' id='gallery-1-62339'>\n\t\t\t\tDestacamento de Bomberos Zapadores de Rafaela \/ Otro Estudio (planta de techos)\n\t\t\t\t<\/figcaption><\/figure><figure class='gallery-item'>\n\t\t\t<div class='gallery-icon landscape'>\n\t\t\t\t<a href='https:\/\/www.arquimaster.com.ar\/web\/wp-content\/uploads\/2021\/01\/cuartel_bomberos_rafaela41.jpg' title=\"Destacamento de Bomberos Zapadores de Rafaela \/ Otro Estudio (corte)\" data-rl_title=\"Destacamento de Bomberos Zapadores de Rafaela \/ Otro Estudio (corte)\" class=\"rl-gallery-link\" data-rl_caption=\"Destacamento de Bomberos Zapadores de Rafaela \/ Otro Estudio (corte)\" data-rel=\"lightbox-gallery-1\"><img loading=\"lazy\" decoding=\"async\" width=\"150\" height=\"150\" src=\"https:\/\/www.arquimaster.com.ar\/web\/wp-content\/uploads\/2021\/01\/cuartel_bomberos_rafaela41-150x150.jpg\" class=\"attachment-thumbnail size-thumbnail\" alt=\"Destacamento de Bomberos Zapadores de Rafaela \/ Otro Estudio\" aria-describedby=\"gallery-1-62340\" \/><\/a>\n\t\t\t<\/div>\n\t\t\t\t<figcaption class='wp-caption-text gallery-caption' id='gallery-1-62340'>\n\t\t\t\tDestacamento de Bomberos Zapadores de Rafaela \/ Otro Estudio (corte)\n\t\t\t\t<\/figcaption><\/figure><figure class='gallery-item'>\n\t\t\t<div class='gallery-icon landscape'>\n\t\t\t\t<a href='https:\/\/www.arquimaster.com.ar\/web\/wp-content\/uploads\/2021\/01\/cuartel_bomberos_rafaela42.jpg' title=\"Destacamento de Bomberos Zapadores de Rafaela \/ Otro Estudio (corte)\" data-rl_title=\"Destacamento de Bomberos Zapadores de Rafaela \/ Otro Estudio (corte)\" class=\"rl-gallery-link\" data-rl_caption=\"Destacamento de Bomberos Zapadores de Rafaela \/ Otro Estudio (corte)\" data-rel=\"lightbox-gallery-1\"><img loading=\"lazy\" decoding=\"async\" width=\"150\" height=\"150\" src=\"https:\/\/www.arquimaster.com.ar\/web\/wp-content\/uploads\/2021\/01\/cuartel_bomberos_rafaela42-150x150.jpg\" class=\"attachment-thumbnail size-thumbnail\" alt=\"Destacamento de Bomberos Zapadores de Rafaela \/ Otro Estudio\" aria-describedby=\"gallery-1-62341\" \/><\/a>\n\t\t\t<\/div>\n\t\t\t\t<figcaption class='wp-caption-text gallery-caption' id='gallery-1-62341'>\n\t\t\t\tDestacamento de Bomberos Zapadores de Rafaela \/ Otro Estudio (corte)\n\t\t\t\t<\/figcaption><\/figure><figure class='gallery-item'>\n\t\t\t<div class='gallery-icon landscape'>\n\t\t\t\t<a href='https:\/\/www.arquimaster.com.ar\/web\/wp-content\/uploads\/2021\/01\/cuartel_bomberos_rafaela43.jpg' title=\"Destacamento de Bomberos Zapadores de Rafaela \/ Otro Estudio (corte)\" data-rl_title=\"Destacamento de Bomberos Zapadores de Rafaela \/ Otro Estudio (corte)\" class=\"rl-gallery-link\" data-rl_caption=\"Destacamento de Bomberos Zapadores de Rafaela \/ Otro Estudio (corte)\" data-rel=\"lightbox-gallery-1\"><img loading=\"lazy\" decoding=\"async\" width=\"150\" height=\"150\" src=\"https:\/\/www.arquimaster.com.ar\/web\/wp-content\/uploads\/2021\/01\/cuartel_bomberos_rafaela43-150x150.jpg\" class=\"attachment-thumbnail size-thumbnail\" alt=\"Destacamento de Bomberos Zapadores de Rafaela \/ Otro Estudio\" aria-describedby=\"gallery-1-62342\" \/><\/a>\n\t\t\t<\/div>\n\t\t\t\t<figcaption class='wp-caption-text gallery-caption' id='gallery-1-62342'>\n\t\t\t\tDestacamento de Bomberos Zapadores de Rafaela \/ Otro Estudio (corte)\n\t\t\t\t<\/figcaption><\/figure><figure class='gallery-item'>\n\t\t\t<div class='gallery-icon landscape'>\n\t\t\t\t<a href='https:\/\/www.arquimaster.com.ar\/web\/wp-content\/uploads\/2021\/01\/cuartel_bomberos_rafaela44.jpg' title=\"Destacamento de Bomberos Zapadores de Rafaela \/ Otro Estudio (vista)\" data-rl_title=\"Destacamento de Bomberos Zapadores de Rafaela \/ Otro Estudio (vista)\" class=\"rl-gallery-link\" data-rl_caption=\"Destacamento de Bomberos Zapadores de Rafaela \/ Otro Estudio (vista)\" data-rel=\"lightbox-gallery-1\"><img loading=\"lazy\" decoding=\"async\" width=\"150\" height=\"150\" src=\"https:\/\/www.arquimaster.com.ar\/web\/wp-content\/uploads\/2021\/01\/cuartel_bomberos_rafaela44-150x150.jpg\" class=\"attachment-thumbnail size-thumbnail\" alt=\"Destacamento de Bomberos Zapadores de Rafaela \/ Otro Estudio\" aria-describedby=\"gallery-1-62343\" \/><\/a>\n\t\t\t<\/div>\n\t\t\t\t<figcaption class='wp-caption-text gallery-caption' id='gallery-1-62343'>\n\t\t\t\tDestacamento de Bomberos Zapadores de Rafaela \/ Otro Estudio (vista)\n\t\t\t\t<\/figcaption><\/figure><figure class='gallery-item'>\n\t\t\t<div class='gallery-icon landscape'>\n\t\t\t\t<a href='https:\/\/www.arquimaster.com.ar\/web\/wp-content\/uploads\/2021\/01\/cuartel_bomberos_rafaela45.jpg' title=\"Destacamento de Bomberos Zapadores de Rafaela \/ Otro Estudio (axonometria)\" data-rl_title=\"Destacamento de Bomberos Zapadores de Rafaela \/ Otro Estudio (axonometria)\" class=\"rl-gallery-link\" data-rl_caption=\"Destacamento de Bomberos Zapadores de Rafaela \/ Otro Estudio (axonometria)\" data-rel=\"lightbox-gallery-1\"><img loading=\"lazy\" decoding=\"async\" width=\"150\" height=\"150\" src=\"https:\/\/www.arquimaster.com.ar\/web\/wp-content\/uploads\/2021\/01\/cuartel_bomberos_rafaela45-150x150.jpg\" class=\"attachment-thumbnail size-thumbnail\" alt=\"Destacamento de Bomberos Zapadores de Rafaela \/ Otro Estudio\" aria-describedby=\"gallery-1-62344\" \/><\/a>\n\t\t\t<\/div>\n\t\t\t\t<figcaption class='wp-caption-text gallery-caption' id='gallery-1-62344'>\n\t\t\t\tDestacamento de Bomberos Zapadores de Rafaela \/ Otro Estudio (axonometria)\n\t\t\t\t<\/figcaption><\/figure><figure class='gallery-item'>\n\t\t\t<div class='gallery-icon landscape'>\n\t\t\t\t<a href='https:\/\/www.arquimaster.com.ar\/web\/wp-content\/uploads\/2021\/01\/cuartel_bomberos_rafaela46.jpg' title=\"Destacamento de Bomberos Zapadores de Rafaela \/ Otro Estudio (detalle)\" data-rl_title=\"Destacamento de Bomberos Zapadores de Rafaela \/ Otro Estudio (detalle)\" class=\"rl-gallery-link\" data-rl_caption=\"Destacamento de Bomberos Zapadores de Rafaela \/ Otro Estudio (detalle)\" data-rel=\"lightbox-gallery-1\"><img loading=\"lazy\" decoding=\"async\" width=\"150\" height=\"150\" src=\"https:\/\/www.arquimaster.com.ar\/web\/wp-content\/uploads\/2021\/01\/cuartel_bomberos_rafaela46-150x150.jpg\" class=\"attachment-thumbnail size-thumbnail\" alt=\"Destacamento de Bomberos Zapadores de Rafaela \/ Otro Estudio\" aria-describedby=\"gallery-1-62345\" \/><\/a>\n\t\t\t<\/div>\n\t\t\t\t<figcaption class='wp-caption-text gallery-caption' id='gallery-1-62345'>\n\t\t\t\tDestacamento de Bomberos Zapadores de Rafaela \/ Otro Estudio (detalle)\n\t\t\t\t<\/figcaption><\/figure>\n\t\t<\/div>\n\n<p>La gesti\u00f3n de este proyecto en su totalidad parte de la iniciativa de privados radicados en los parques industriales locales, bajo la coordinaci\u00f3n de la gremial empresaria (CCIRR). La premisa planteada fue la de pensar un edificio que m\u00e1s all\u00e1 de su etapabilidad tenga una lectura \u00fanica y acabada en cada una de sus fases ya que el financiamiento provendr\u00eda de organismos p\u00fablicos, condici\u00f3n que generalmente afecta la continuidad de las obras seg\u00fan los ciclos electorales. En este sentido se plantearon tres m\u00f3dulos con funciones bien definidas y un volumen espacial acorde a ellas, articulados por espacios p\u00fablicos, que en sus diferentes gradientes ofician de conectores entre bloques, generan las pausas que posibilitan expansiones al exterior desde las distintas actividades a la vez que permiten una permeabilidad visual entre Av. Zobboli y la calle colectora.<\/p>\n<p>El edificio del destacamento propiamente dicho se resuelve en un volumen \u00fanico cuya implantaci\u00f3n prioriza la r\u00e1pida vinculaci\u00f3n con la red vial de jerarqu\u00eda que lo conecta con el \u00e1rea industrial y sanitaria en sentido este-oeste, y con el sector residencial de manera norte-sur. El proyecto contempla una gradaci\u00f3n espacial que va desde un \u00e1rea de doble altura donde se localiza el garage de autobombas, el cual se conecta con las dependencias de planta alta. En ella se localiza la sala de alarma y el casino de bomberos, ambos balconean sobre las cocheras y tienen conexi\u00f3n directa con las mismas ante una emergencia. Tambi\u00e9n se encuentra el dormitorio, vestuario y ba\u00f1o. A su vez la planta baja se completa con un sector destinado a emergencias m\u00e9dicas, con ingreso independiente.<\/p>\n<p>La tecnolog\u00eda constructiva rescata el lenguaje industrial del entorno y su escala. De este modo el cuartel se materializa \u00edntegramente con estructura met\u00e1lica, sus cerramientos con panel tipo s\u00e1ndwich de espuma de poliuretano con acabado met\u00e1lico en ambas caras de manera de reducir los costos de mantenimiento, los tiempos de montaje y terminaciones. Las dependencias interiores se estructuran a partir de divisorios livianos y el solado de planta alta lo constituye un piso vin\u00edlico t\u00e9cnico.<\/p>\n<p><strong>Ficha t\u00e9cnica<\/strong><br>Nombre, Destacamento de Bomberos Zapadores de Rafaela<br>Ubicaci\u00f3n: \u00c1rea Industrial Rafaela, Rafaela, Pcia. de Santa Fe, Argentina<br>Arquitectos: Otro Estudio [oficina de arquitectos]<br>Arq. Pedro Frund, Arq. Cristian Perret, Arq. Mauro Williner<br>Colaboraci\u00f3n piezas gr\u00e1ficas: Tom\u00e1s Sola<br>Empresa constructora y c\u00e1lculo estructural: Delta Ingenier\u00eda y Servicios <br>Paneler\u00eda: Acerolatina S.A<br>Pisos vin\u00edlicos t\u00e9cnicos: Pisos Innovadores <br>Hormigones y materiales de construcci\u00f3n: Menara Corral\u00f3n SA<br>Perfiler\u00eda met\u00e1lica: Acerma SA<br>Aberturas: Alumetal <br>Amoblamiento: Concepto E<br>Grifer\u00eda: FV SA<br>Sanitarios: ROCA<br>Revestimientos: Cerro Negro<br>Proveedor revestimientos, sanitarios y grifer\u00edas: Colom\u00e9 SA<br>Marmoler\u00eda: Firenze M\u00e1rmoles SRL<br>Superficie cubierta (destacamento bomberos): 255 m2<br>Superficie semicubierta (destacamento bomberos): 18 m2<br>Fecha de Anteproyecto general: 2015<br>Fecha de 1\u00ba Etapa SUM: 2016-2017 <br>Fecha de 2\u00ba Etapa Destacamento Bomberos: 2019-2020<br>Fotograf\u00edas: <a href=\"https:\/\/www.instagram.com\/ramirososafotografia\/\" target=\"_blank\" rel=\"noopener\">Ramiro Sosa<\/a><\/p>\n<p><strong>Contacto<\/strong><br><a href=\"https:\/\/www.instagram.com\/otroestudio.arquitectura\/\" target=\"_blank\" rel=\"noopener\">https:\/\/www.instagram.com\/otroestudio.arquitectura\/<\/a><\/p>\n\n\n<div style=\"height:20px\" aria-hidden=\"true\" class=\"wp-block-spacer\"><\/div>\n\n\n<p><em><strong>English version<\/strong><\/em><\/p>\n<p><em><strong>Rafaela Sapper Firefighter Detachment<\/strong><\/em><\/p>\n<p><em>The new Rafaela Sapper Firefighters Detachment is part of a project that includes several stages and together they make up a service area for the NW sector of the city. It considers the land available between Av. Octavio Zobboli and collector street (entrance to the industrial area, both provincial and municipal), private property of the Industrial Park, as an enabling platform that constitutes in itself a public space with a high degree of representation, that together with the proposed building it gains value as an intervention on an urban scale; not only defining the northern entrance of the city but also giving institutional presence to one of the most important productive poles in the region.<\/em><\/p>\n<p><em>The management of this project in its entirety is part of the initiative of private companies based in local industrial parks, under the coordination of the business union (CCIRR). The premise raised was to think of a building that, beyond its stage, has a unique and finished reading in each of its phases since the financing would come from public organizations, a condition that generally affects the continuity of the works according to the electoral cycles. In this sense, three modules with well-defined functions and a spatial volume according to them were proposed, articulated by public spaces, which in their different gradients act as connectors between blocks, generate pauses that allow expansions to the outside from the different activities at the same time that allow a visual permeability between Av. Zobboli and the collector street.<\/em><\/p>\n<p><em>The building of the detachment itself is resolved in a single volume whose implementation prioritizes the fast link with the hierarchical road network that connects it with the industrial and sanitary area in an east-west direction, and with the residential sector in a north-south way. The project contemplates a spatial gradation that goes from a double height area where the fire truck garage is located, which is connected to the upper floor rooms. In it the alarm room and the fire department are located, both have a balcony over the garages and have a direct connection with them in an emergency. There is also the bedroom, wardrobe and bathroom. In turn, the ground floor is completed with a sector for medical emergencies, with an independent entrance.<\/em><\/p>\n<p><em>Construction technology rescues the industrial language of the environment and its scale. In this way, the barracks are fully materialized with a metallic structure, its enclosures with a polyurethane foam sandwich panel with a metallic finish on both sides in order to reduce maintenance costs, assembly times and terminations. The interior rooms are structured from light partitions and the upstairs flooring is made up of a technical vinyl floor.<\/em><\/p>\n<div style=\"font-size: 0px; height: 0px; line-height: 0px; margin: 0; padding: 0; clear: both;\"><\/div><div style=\"margin-top: 0px; margin-bottom: 0px;\" class=\"sharethis-inline-share-buttons\" ><\/div>","protected":false},"excerpt":{"rendered":"<p>Se plantearon tres m\u00f3dulos con funciones bien definidas y un volumen espacial acorde&#8230;<\/p>\n","protected":false},"author":1,"featured_media":62299,"comment_status":"closed","ping_status":"closed","sticky":false,"template":"","format":"standard","meta":{"_uag_custom_page_level_css":"","footnotes":""},"categories":[3767,1],"tags":[6101,6814,6104,6810,6811,6102,6815,3810,6812,6103,6813,3281,29],"class_list":["post-62298","post","type-post","status-publish","format-standard","has-post-thumbnail","hentry","category-arquitectura-institucional","category-proyecto","tag-bomberos","tag-cristian-perret","tag-cuartel-de-bomberos","tag-destacamento","tag-destacamento-de-bomberos","tag-estacion-de-bomberos","tag-mauro-williner","tag-naves-industriales","tag-otro-estudio","tag-parque-de-bomberos","tag-pedro-frund","tag-rafaela","tag-santa-fe","generate-columns","tablet-grid-50","mobile-grid-100","grid-parent","grid-50"],"yoast_head":"<!-- This site is optimized with the Yoast SEO plugin v27.3 - https:\/\/yoast.com\/product\/yoast-seo-wordpress\/ -->\n<title>Destacamento de Bomberos Zapadores de Rafaela \/ Otro Estudio - Arquimaster<\/title>\n<meta name=\"description\" content=\"Se plantearon tres m\u00f3dulos con funciones bien definidas y un volumen espacial acorde a ellas, articulados por espacios p\u00fablicos.\" \/>\n<meta name=\"robots\" content=\"index, follow, max-snippet:-1, max-image-preview:large, max-video-preview:-1\" \/>\n<link rel=\"canonical\" href=\"https:\/\/www.arquimaster.com.ar\/web\/destacamento-de-bomberos-zapadores-de-rafaela-otro-estudio\/\" \/>\n<meta property=\"og:locale\" content=\"es_ES\" \/>\n<meta property=\"og:type\" content=\"article\" \/>\n<meta property=\"og:title\" content=\"Destacamento de Bomberos Zapadores de Rafaela \/ Otro Estudio\" \/>\n<meta property=\"og:description\" content=\"Se plantearon tres m\u00f3dulos con funciones bien definidas y un volumen espacial acorde a ellas, articulados por espacios p\u00fablicos.\" \/>\n<meta property=\"og:url\" content=\"https:\/\/www.arquimaster.com.ar\/web\/destacamento-de-bomberos-zapadores-de-rafaela-otro-estudio\/\" \/>\n<meta property=\"og:site_name\" content=\"Arquimaster\" \/>\n<meta property=\"article:publisher\" content=\"http:\/\/www.facebook.com\/ARQUIMASTER.com.ar\" \/>\n<meta property=\"article:published_time\" content=\"2021-01-21T18:29:51+00:00\" \/>\n<meta property=\"article:modified_time\" content=\"2021-06-14T22:04:57+00:00\" \/>\n<meta property=\"og:image\" content=\"https:\/\/www.arquimaster.com.ar\/web\/wp-content\/uploads\/2021\/01\/cuartel_bomberos_rafaela_slide.jpg\" \/>\n\t<meta property=\"og:image:width\" content=\"698\" \/>\n\t<meta property=\"og:image:height\" content=\"364\" \/>\n\t<meta property=\"og:image:type\" content=\"image\/jpeg\" \/>\n<meta name=\"author\" content=\"Arquimaster\" \/>\n<meta name=\"twitter:card\" content=\"summary_large_image\" \/>\n<meta name=\"twitter:title\" content=\"Destacamento de Bomberos Zapadores de Rafaela \/ Otro Estudio\" \/>\n<meta name=\"twitter:description\" content=\"Se plantearon tres m\u00f3dulos con funciones bien definidas y un volumen espacial acorde a ellas, articulados por espacios p\u00fablicos.\" \/>\n<meta name=\"twitter:image\" content=\"https:\/\/www.arquimaster.com.ar\/web\/wp-content\/uploads\/2021\/01\/cuartel_bomberos_rafaela_slide.jpg\" \/>\n<meta name=\"twitter:creator\" content=\"@arquimaster\" \/>\n<meta name=\"twitter:site\" content=\"@arquimaster\" \/>\n<meta name=\"twitter:label1\" content=\"Escrito por\" \/>\n\t<meta name=\"twitter:data1\" content=\"Arquimaster\" \/>\n\t<meta name=\"twitter:label2\" content=\"Tiempo de lectura\" \/>\n\t<meta name=\"twitter:data2\" content=\"5 minutos\" \/>\n<script type=\"application\/ld+json\" class=\"yoast-schema-graph\">{\"@context\":\"https:\\\/\\\/schema.org\",\"@graph\":[{\"@type\":\"Article\",\"@id\":\"https:\\\/\\\/www.arquimaster.com.ar\\\/web\\\/destacamento-de-bomberos-zapadores-de-rafaela-otro-estudio\\\/#article\",\"isPartOf\":{\"@id\":\"https:\\\/\\\/www.arquimaster.com.ar\\\/web\\\/destacamento-de-bomberos-zapadores-de-rafaela-otro-estudio\\\/\"},\"author\":{\"name\":\"Arquimaster\",\"@id\":\"https:\\\/\\\/www.arquimaster.com.ar\\\/web\\\/#\\\/schema\\\/person\\\/359e9f7c00193fcde068e0dd2ceb0028\"},\"headline\":\"Destacamento de Bomberos Zapadores de Rafaela \\\/ Otro Estudio\",\"datePublished\":\"2021-01-21T18:29:51+00:00\",\"dateModified\":\"2021-06-14T22:04:57+00:00\",\"mainEntityOfPage\":{\"@id\":\"https:\\\/\\\/www.arquimaster.com.ar\\\/web\\\/destacamento-de-bomberos-zapadores-de-rafaela-otro-estudio\\\/\"},\"wordCount\":1101,\"publisher\":{\"@id\":\"https:\\\/\\\/www.arquimaster.com.ar\\\/web\\\/#organization\"},\"image\":{\"@id\":\"https:\\\/\\\/www.arquimaster.com.ar\\\/web\\\/destacamento-de-bomberos-zapadores-de-rafaela-otro-estudio\\\/#primaryimage\"},\"thumbnailUrl\":\"https:\\\/\\\/www.arquimaster.com.ar\\\/web\\\/wp-content\\\/uploads\\\/2021\\\/01\\\/cuartel_bomberos_rafaela_slide.jpg\",\"keywords\":[\"bomberos\",\"Cristian Perret\",\"cuartel de bomberos\",\"destacamento\",\"destacamento de bomberos\",\"estacion de bomberos\",\"Mauro Williner\",\"naves industriales\",\"Otro Estudio\",\"parque de bomberos\",\"Pedro Frund\",\"Rafaela\",\"Santa Fe\"],\"articleSection\":[\"Arquitectura institucional\",\"Proyecto\"],\"inLanguage\":\"es\"},{\"@type\":\"WebPage\",\"@id\":\"https:\\\/\\\/www.arquimaster.com.ar\\\/web\\\/destacamento-de-bomberos-zapadores-de-rafaela-otro-estudio\\\/\",\"url\":\"https:\\\/\\\/www.arquimaster.com.ar\\\/web\\\/destacamento-de-bomberos-zapadores-de-rafaela-otro-estudio\\\/\",\"name\":\"Destacamento de Bomberos Zapadores de Rafaela \\\/ Otro Estudio - Arquimaster\",\"isPartOf\":{\"@id\":\"https:\\\/\\\/www.arquimaster.com.ar\\\/web\\\/#website\"},\"primaryImageOfPage\":{\"@id\":\"https:\\\/\\\/www.arquimaster.com.ar\\\/web\\\/destacamento-de-bomberos-zapadores-de-rafaela-otro-estudio\\\/#primaryimage\"},\"image\":{\"@id\":\"https:\\\/\\\/www.arquimaster.com.ar\\\/web\\\/destacamento-de-bomberos-zapadores-de-rafaela-otro-estudio\\\/#primaryimage\"},\"thumbnailUrl\":\"https:\\\/\\\/www.arquimaster.com.ar\\\/web\\\/wp-content\\\/uploads\\\/2021\\\/01\\\/cuartel_bomberos_rafaela_slide.jpg\",\"datePublished\":\"2021-01-21T18:29:51+00:00\",\"dateModified\":\"2021-06-14T22:04:57+00:00\",\"description\":\"Se plantearon tres m\u00f3dulos con funciones bien definidas y un volumen espacial acorde a ellas, articulados por espacios p\u00fablicos.\",\"breadcrumb\":{\"@id\":\"https:\\\/\\\/www.arquimaster.com.ar\\\/web\\\/destacamento-de-bomberos-zapadores-de-rafaela-otro-estudio\\\/#breadcrumb\"},\"inLanguage\":\"es\",\"potentialAction\":[{\"@type\":\"ReadAction\",\"target\":[\"https:\\\/\\\/www.arquimaster.com.ar\\\/web\\\/destacamento-de-bomberos-zapadores-de-rafaela-otro-estudio\\\/\"]}]},{\"@type\":\"ImageObject\",\"inLanguage\":\"es\",\"@id\":\"https:\\\/\\\/www.arquimaster.com.ar\\\/web\\\/destacamento-de-bomberos-zapadores-de-rafaela-otro-estudio\\\/#primaryimage\",\"url\":\"https:\\\/\\\/www.arquimaster.com.ar\\\/web\\\/wp-content\\\/uploads\\\/2021\\\/01\\\/cuartel_bomberos_rafaela_slide.jpg\",\"contentUrl\":\"https:\\\/\\\/www.arquimaster.com.ar\\\/web\\\/wp-content\\\/uploads\\\/2021\\\/01\\\/cuartel_bomberos_rafaela_slide.jpg\",\"width\":698,\"height\":364,\"caption\":\"Destacamento de Bomberos Zapadores de Rafaela \\\/ Otro Estudio\"},{\"@type\":\"BreadcrumbList\",\"@id\":\"https:\\\/\\\/www.arquimaster.com.ar\\\/web\\\/destacamento-de-bomberos-zapadores-de-rafaela-otro-estudio\\\/#breadcrumb\",\"itemListElement\":[{\"@type\":\"ListItem\",\"position\":1,\"name\":\"Portada\",\"item\":\"https:\\\/\\\/www.arquimaster.com.ar\\\/web\\\/\"},{\"@type\":\"ListItem\",\"position\":2,\"name\":\"Destacamento de Bomberos Zapadores de Rafaela \\\/ Otro Estudio\"}]},{\"@type\":\"WebSite\",\"@id\":\"https:\\\/\\\/www.arquimaster.com.ar\\\/web\\\/#website\",\"url\":\"https:\\\/\\\/www.arquimaster.com.ar\\\/web\\\/\",\"name\":\"Arquimaster\",\"description\":\"Web de arquitectura, dise\u00f1o y construccion\",\"publisher\":{\"@id\":\"https:\\\/\\\/www.arquimaster.com.ar\\\/web\\\/#organization\"},\"potentialAction\":[{\"@type\":\"SearchAction\",\"target\":{\"@type\":\"EntryPoint\",\"urlTemplate\":\"https:\\\/\\\/www.arquimaster.com.ar\\\/web\\\/?s={search_term_string}\"},\"query-input\":{\"@type\":\"PropertyValueSpecification\",\"valueRequired\":true,\"valueName\":\"search_term_string\"}}],\"inLanguage\":\"es\"},{\"@type\":\"Organization\",\"@id\":\"https:\\\/\\\/www.arquimaster.com.ar\\\/web\\\/#organization\",\"name\":\"Arquimaster\",\"url\":\"https:\\\/\\\/www.arquimaster.com.ar\\\/web\\\/\",\"logo\":{\"@type\":\"ImageObject\",\"inLanguage\":\"es\",\"@id\":\"https:\\\/\\\/www.arquimaster.com.ar\\\/web\\\/#\\\/schema\\\/logo\\\/image\\\/\",\"url\":\"https:\\\/\\\/www.arquimaster.com.ar\\\/web\\\/wp-content\\\/uploads\\\/2022\\\/06\\\/arquimaster.png\",\"contentUrl\":\"https:\\\/\\\/www.arquimaster.com.ar\\\/web\\\/wp-content\\\/uploads\\\/2022\\\/06\\\/arquimaster.png\",\"width\":594,\"height\":78,\"caption\":\"Arquimaster\"},\"image\":{\"@id\":\"https:\\\/\\\/www.arquimaster.com.ar\\\/web\\\/#\\\/schema\\\/logo\\\/image\\\/\"},\"sameAs\":[\"http:\\\/\\\/www.facebook.com\\\/ARQUIMASTER.com.ar\",\"https:\\\/\\\/x.com\\\/arquimaster\",\"https:\\\/\\\/www.instagram.com\\\/arquimasterblog\\\/\",\"https:\\\/\\\/www.linkedin.com\\\/company\\\/arquimaster\",\"https:\\\/\\\/www.pinterest.com\\\/arquimaster\",\"https:\\\/\\\/t.me\\\/arquimaster\"]},{\"@type\":\"Person\",\"@id\":\"https:\\\/\\\/www.arquimaster.com.ar\\\/web\\\/#\\\/schema\\\/person\\\/359e9f7c00193fcde068e0dd2ceb0028\",\"name\":\"Arquimaster\"}]}<\/script>\n<!-- \/ Yoast SEO plugin. -->","yoast_head_json":{"title":"Destacamento de Bomberos Zapadores de Rafaela \/ Otro Estudio - Arquimaster","description":"Se plantearon tres m\u00f3dulos con funciones bien definidas y un volumen espacial acorde a ellas, articulados por espacios p\u00fablicos.","robots":{"index":"index","follow":"follow","max-snippet":"max-snippet:-1","max-image-preview":"max-image-preview:large","max-video-preview":"max-video-preview:-1"},"canonical":"https:\/\/www.arquimaster.com.ar\/web\/destacamento-de-bomberos-zapadores-de-rafaela-otro-estudio\/","og_locale":"es_ES","og_type":"article","og_title":"Destacamento de Bomberos Zapadores de Rafaela \/ Otro Estudio","og_description":"Se plantearon tres m\u00f3dulos con funciones bien definidas y un volumen espacial acorde a ellas, articulados por espacios p\u00fablicos.","og_url":"https:\/\/www.arquimaster.com.ar\/web\/destacamento-de-bomberos-zapadores-de-rafaela-otro-estudio\/","og_site_name":"Arquimaster","article_publisher":"http:\/\/www.facebook.com\/ARQUIMASTER.com.ar","article_published_time":"2021-01-21T18:29:51+00:00","article_modified_time":"2021-06-14T22:04:57+00:00","og_image":[{"width":698,"height":364,"url":"https:\/\/www.arquimaster.com.ar\/web\/wp-content\/uploads\/2021\/01\/cuartel_bomberos_rafaela_slide.jpg","type":"image\/jpeg"}],"author":"Arquimaster","twitter_card":"summary_large_image","twitter_title":"Destacamento de Bomberos Zapadores de Rafaela \/ Otro Estudio","twitter_description":"Se plantearon tres m\u00f3dulos con funciones bien definidas y un volumen espacial acorde a ellas, articulados por espacios p\u00fablicos.","twitter_image":"https:\/\/www.arquimaster.com.ar\/web\/wp-content\/uploads\/2021\/01\/cuartel_bomberos_rafaela_slide.jpg","twitter_creator":"@arquimaster","twitter_site":"@arquimaster","twitter_misc":{"Escrito por":"Arquimaster","Tiempo de lectura":"5 minutos"},"schema":{"@context":"https:\/\/schema.org","@graph":[{"@type":"Article","@id":"https:\/\/www.arquimaster.com.ar\/web\/destacamento-de-bomberos-zapadores-de-rafaela-otro-estudio\/#article","isPartOf":{"@id":"https:\/\/www.arquimaster.com.ar\/web\/destacamento-de-bomberos-zapadores-de-rafaela-otro-estudio\/"},"author":{"name":"Arquimaster","@id":"https:\/\/www.arquimaster.com.ar\/web\/#\/schema\/person\/359e9f7c00193fcde068e0dd2ceb0028"},"headline":"Destacamento de Bomberos Zapadores de Rafaela \/ Otro Estudio","datePublished":"2021-01-21T18:29:51+00:00","dateModified":"2021-06-14T22:04:57+00:00","mainEntityOfPage":{"@id":"https:\/\/www.arquimaster.com.ar\/web\/destacamento-de-bomberos-zapadores-de-rafaela-otro-estudio\/"},"wordCount":1101,"publisher":{"@id":"https:\/\/www.arquimaster.com.ar\/web\/#organization"},"image":{"@id":"https:\/\/www.arquimaster.com.ar\/web\/destacamento-de-bomberos-zapadores-de-rafaela-otro-estudio\/#primaryimage"},"thumbnailUrl":"https:\/\/www.arquimaster.com.ar\/web\/wp-content\/uploads\/2021\/01\/cuartel_bomberos_rafaela_slide.jpg","keywords":["bomberos","Cristian Perret","cuartel de bomberos","destacamento","destacamento de bomberos","estacion de bomberos","Mauro Williner","naves industriales","Otro Estudio","parque de bomberos","Pedro Frund","Rafaela","Santa Fe"],"articleSection":["Arquitectura institucional","Proyecto"],"inLanguage":"es"},{"@type":"WebPage","@id":"https:\/\/www.arquimaster.com.ar\/web\/destacamento-de-bomberos-zapadores-de-rafaela-otro-estudio\/","url":"https:\/\/www.arquimaster.com.ar\/web\/destacamento-de-bomberos-zapadores-de-rafaela-otro-estudio\/","name":"Destacamento de Bomberos Zapadores de Rafaela \/ Otro Estudio - Arquimaster","isPartOf":{"@id":"https:\/\/www.arquimaster.com.ar\/web\/#website"},"primaryImageOfPage":{"@id":"https:\/\/www.arquimaster.com.ar\/web\/destacamento-de-bomberos-zapadores-de-rafaela-otro-estudio\/#primaryimage"},"image":{"@id":"https:\/\/www.arquimaster.com.ar\/web\/destacamento-de-bomberos-zapadores-de-rafaela-otro-estudio\/#primaryimage"},"thumbnailUrl":"https:\/\/www.arquimaster.com.ar\/web\/wp-content\/uploads\/2021\/01\/cuartel_bomberos_rafaela_slide.jpg","datePublished":"2021-01-21T18:29:51+00:00","dateModified":"2021-06-14T22:04:57+00:00","description":"Se plantearon tres m\u00f3dulos con funciones bien definidas y un volumen espacial acorde a ellas, articulados por espacios p\u00fablicos.","breadcrumb":{"@id":"https:\/\/www.arquimaster.com.ar\/web\/destacamento-de-bomberos-zapadores-de-rafaela-otro-estudio\/#breadcrumb"},"inLanguage":"es","potentialAction":[{"@type":"ReadAction","target":["https:\/\/www.arquimaster.com.ar\/web\/destacamento-de-bomberos-zapadores-de-rafaela-otro-estudio\/"]}]},{"@type":"ImageObject","inLanguage":"es","@id":"https:\/\/www.arquimaster.com.ar\/web\/destacamento-de-bomberos-zapadores-de-rafaela-otro-estudio\/#primaryimage","url":"https:\/\/www.arquimaster.com.ar\/web\/wp-content\/uploads\/2021\/01\/cuartel_bomberos_rafaela_slide.jpg","contentUrl":"https:\/\/www.arquimaster.com.ar\/web\/wp-content\/uploads\/2021\/01\/cuartel_bomberos_rafaela_slide.jpg","width":698,"height":364,"caption":"Destacamento de Bomberos Zapadores de Rafaela \/ Otro Estudio"},{"@type":"BreadcrumbList","@id":"https:\/\/www.arquimaster.com.ar\/web\/destacamento-de-bomberos-zapadores-de-rafaela-otro-estudio\/#breadcrumb","itemListElement":[{"@type":"ListItem","position":1,"name":"Portada","item":"https:\/\/www.arquimaster.com.ar\/web\/"},{"@type":"ListItem","position":2,"name":"Destacamento de Bomberos Zapadores de Rafaela \/ Otro Estudio"}]},{"@type":"WebSite","@id":"https:\/\/www.arquimaster.com.ar\/web\/#website","url":"https:\/\/www.arquimaster.com.ar\/web\/","name":"Arquimaster","description":"Web de arquitectura, dise\u00f1o y construccion","publisher":{"@id":"https:\/\/www.arquimaster.com.ar\/web\/#organization"},"potentialAction":[{"@type":"SearchAction","target":{"@type":"EntryPoint","urlTemplate":"https:\/\/www.arquimaster.com.ar\/web\/?s={search_term_string}"},"query-input":{"@type":"PropertyValueSpecification","valueRequired":true,"valueName":"search_term_string"}}],"inLanguage":"es"},{"@type":"Organization","@id":"https:\/\/www.arquimaster.com.ar\/web\/#organization","name":"Arquimaster","url":"https:\/\/www.arquimaster.com.ar\/web\/","logo":{"@type":"ImageObject","inLanguage":"es","@id":"https:\/\/www.arquimaster.com.ar\/web\/#\/schema\/logo\/image\/","url":"https:\/\/www.arquimaster.com.ar\/web\/wp-content\/uploads\/2022\/06\/arquimaster.png","contentUrl":"https:\/\/www.arquimaster.com.ar\/web\/wp-content\/uploads\/2022\/06\/arquimaster.png","width":594,"height":78,"caption":"Arquimaster"},"image":{"@id":"https:\/\/www.arquimaster.com.ar\/web\/#\/schema\/logo\/image\/"},"sameAs":["http:\/\/www.facebook.com\/ARQUIMASTER.com.ar","https:\/\/x.com\/arquimaster","https:\/\/www.instagram.com\/arquimasterblog\/","https:\/\/www.linkedin.com\/company\/arquimaster","https:\/\/www.pinterest.com\/arquimaster","https:\/\/t.me\/arquimaster"]},{"@type":"Person","@id":"https:\/\/www.arquimaster.com.ar\/web\/#\/schema\/person\/359e9f7c00193fcde068e0dd2ceb0028","name":"Arquimaster"}]}},"uagb_featured_image_src":{"full":["https:\/\/www.arquimaster.com.ar\/web\/wp-content\/uploads\/2021\/01\/cuartel_bomberos_rafaela_slide.jpg",698,364,false],"thumbnail":["https:\/\/www.arquimaster.com.ar\/web\/wp-content\/uploads\/2021\/01\/cuartel_bomberos_rafaela_slide-150x150.jpg",150,150,true],"medium":["https:\/\/www.arquimaster.com.ar\/web\/wp-content\/uploads\/2021\/01\/cuartel_bomberos_rafaela_slide.jpg",698,364,false],"medium_large":["https:\/\/www.arquimaster.com.ar\/web\/wp-content\/uploads\/2021\/01\/cuartel_bomberos_rafaela_slide.jpg",698,364,false],"large":["https:\/\/www.arquimaster.com.ar\/web\/wp-content\/uploads\/2021\/01\/cuartel_bomberos_rafaela_slide.jpg",698,364,false],"1536x1536":["https:\/\/www.arquimaster.com.ar\/web\/wp-content\/uploads\/2021\/01\/cuartel_bomberos_rafaela_slide.jpg",698,364,false],"2048x2048":["https:\/\/www.arquimaster.com.ar\/web\/wp-content\/uploads\/2021\/01\/cuartel_bomberos_rafaela_slide.jpg",698,364,false]},"uagb_author_info":{"display_name":"Arquimaster","author_link":"https:\/\/www.arquimaster.com.ar\/web\/author\/arquimaster\/"},"uagb_comment_info":0,"uagb_excerpt":"Se plantearon tres m\u00f3dulos con funciones bien definidas y un volumen espacial acorde...","_links":{"self":[{"href":"https:\/\/www.arquimaster.com.ar\/web\/wp-json\/wp\/v2\/posts\/62298","targetHints":{"allow":["GET"]}}],"collection":[{"href":"https:\/\/www.arquimaster.com.ar\/web\/wp-json\/wp\/v2\/posts"}],"about":[{"href":"https:\/\/www.arquimaster.com.ar\/web\/wp-json\/wp\/v2\/types\/post"}],"author":[{"embeddable":true,"href":"https:\/\/www.arquimaster.com.ar\/web\/wp-json\/wp\/v2\/users\/1"}],"replies":[{"embeddable":true,"href":"https:\/\/www.arquimaster.com.ar\/web\/wp-json\/wp\/v2\/comments?post=62298"}],"version-history":[{"count":2,"href":"https:\/\/www.arquimaster.com.ar\/web\/wp-json\/wp\/v2\/posts\/62298\/revisions"}],"predecessor-version":[{"id":65791,"href":"https:\/\/www.arquimaster.com.ar\/web\/wp-json\/wp\/v2\/posts\/62298\/revisions\/65791"}],"wp:featuredmedia":[{"embeddable":true,"href":"https:\/\/www.arquimaster.com.ar\/web\/wp-json\/wp\/v2\/media\/62299"}],"wp:attachment":[{"href":"https:\/\/www.arquimaster.com.ar\/web\/wp-json\/wp\/v2\/media?parent=62298"}],"wp:term":[{"taxonomy":"category","embeddable":true,"href":"https:\/\/www.arquimaster.com.ar\/web\/wp-json\/wp\/v2\/categories?post=62298"},{"taxonomy":"post_tag","embeddable":true,"href":"https:\/\/www.arquimaster.com.ar\/web\/wp-json\/wp\/v2\/tags?post=62298"}],"curies":[{"name":"wp","href":"https:\/\/api.w.org\/{rel}","templated":true}]}}