{"id":62382,"date":"2021-01-25T16:01:00","date_gmt":"2021-01-25T19:01:00","guid":{"rendered":"https:\/\/www.arquimaster.com.ar\/web\/?p=62382"},"modified":"2025-07-25T20:18:26","modified_gmt":"2025-07-25T23:18:26","slug":"las-3-tendencias-que-toman-forma-y-fuerza-en-el-habitar-luego-de-un-2020-a-pura-casa","status":"publish","type":"post","link":"https:\/\/www.arquimaster.com.ar\/web\/las-3-tendencias-que-toman-forma-y-fuerza-en-el-habitar-luego-de-un-2020-a-pura-casa\/","title":{"rendered":"Las 3 tendencias que toman forma y fuerza en el habitar luego de un 2020 a pura casa"},"content":{"rendered":"<div style=\"margin-top: 0px; margin-bottom: 0px;\" class=\"sharethis-inline-share-buttons\" ><\/div><div class=\"b812932af2e751442846f039925109de\" data-index=\"1\" style=\"float: none; margin:25px 0 25px 0; text-align:center;\">\n<script async src=\"https:\/\/pagead2.googlesyndication.com\/pagead\/js\/adsbygoogle.js\"><\/script>\r\n<!-- Arquimaster (superior) -->\r\n<ins class=\"adsbygoogle\"\r\n     style=\"display:block\"\r\n     data-ad-client=\"ca-pub-6351072698456832\"\r\n     data-ad-slot=\"6455489680\"\r\n     data-ad-format=\"auto\"\r\n     data-full-width-responsive=\"true\"><\/ins>\r\n<script>\r\n     (adsbygoogle = window.adsbygoogle || []).push({});\r\n<\/script>\n<\/div>\n<p>El Covid-19, el aislamiento social y la cuarentena han acelerado procesos de cambios que se ven\u00edan dando de una manera paulatina y sutil. En este tiempo donde las experiencias y las emociones se vieron potenciadas, tambi\u00e9n se instalaron con m\u00e1s fuerza algunas tendencias en la forma de vivir nuestras casas.<\/p>\n<p><a href=\"https:\/\/www.arquimaster.com.ar\/web\/tag\/hafele\/\">H\u00e4fele Argentina<\/a>, empresa l\u00edder mundial en sistemas inteligentes de dise\u00f1o y herrajes con presencia en m\u00e1s de 80 pa\u00edses, realiza un an\u00e1lisis sobre las <strong>nuevas formas de habitar<\/strong> que tomaron mayor protagonismo en los \u00faltimos meses y que nos muestran un camino hacia el 2021.<\/p>\n<div id='gallery-1' class='gallery galleryid-62382 gallery-columns-3 gallery-size-thumbnail'><figure class='gallery-item'>\n\t\t\t<div class='gallery-icon landscape'>\n\t\t\t\t<a href='https:\/\/www.arquimaster.com.ar\/web\/wp-content\/uploads\/2021\/01\/tendencias_habitar1.jpg' title=\"Las 3 tendencias que toman forma y fuerza en el habitar luego de un 2020 a pura casa\" data-rl_title=\"Las 3 tendencias que toman forma y fuerza en el habitar luego de un 2020 a pura casa\" class=\"rl-gallery-link\" data-rl_caption=\"Las 3 tendencias que toman forma y fuerza en el habitar luego de un 2020 a pura casa\" data-rel=\"lightbox-gallery-1\"><img loading=\"lazy\" decoding=\"async\" width=\"150\" height=\"150\" src=\"https:\/\/www.arquimaster.com.ar\/web\/wp-content\/uploads\/2021\/01\/tendencias_habitar1-150x150.jpg\" class=\"attachment-thumbnail size-thumbnail\" alt=\"Las 3 tendencias que toman forma y fuerza en el habitar luego de un 2020 a pura casa\" aria-describedby=\"gallery-1-62384\" \/><\/a>\n\t\t\t<\/div>\n\t\t\t\t<figcaption class='wp-caption-text gallery-caption' id='gallery-1-62384'>\n\t\t\t\tLas 3 tendencias que toman forma y fuerza en el habitar luego de un 2020 a pura casa\n\t\t\t\t<\/figcaption><\/figure><figure class='gallery-item'>\n\t\t\t<div class='gallery-icon landscape'>\n\t\t\t\t<a href='https:\/\/www.arquimaster.com.ar\/web\/wp-content\/uploads\/2021\/01\/tendencias_habitar2.jpg' title=\"Las 3 tendencias que toman forma y fuerza en el habitar luego de un 2020 a pura casa\" data-rl_title=\"Las 3 tendencias que toman forma y fuerza en el habitar luego de un 2020 a pura casa\" class=\"rl-gallery-link\" data-rl_caption=\"Las 3 tendencias que toman forma y fuerza en el habitar luego de un 2020 a pura casa\" data-rel=\"lightbox-gallery-1\"><img loading=\"lazy\" decoding=\"async\" width=\"150\" height=\"150\" src=\"https:\/\/www.arquimaster.com.ar\/web\/wp-content\/uploads\/2021\/01\/tendencias_habitar2-150x150.jpg\" class=\"attachment-thumbnail size-thumbnail\" alt=\"Las 3 tendencias que toman forma y fuerza en el habitar luego de un 2020 a pura casa\" aria-describedby=\"gallery-1-62385\" \/><\/a>\n\t\t\t<\/div>\n\t\t\t\t<figcaption class='wp-caption-text gallery-caption' id='gallery-1-62385'>\n\t\t\t\tLas 3 tendencias que toman forma y fuerza en el habitar luego de un 2020 a pura casa\n\t\t\t\t<\/figcaption><\/figure><figure class='gallery-item'>\n\t\t\t<div class='gallery-icon landscape'>\n\t\t\t\t<a href='https:\/\/www.arquimaster.com.ar\/web\/wp-content\/uploads\/2021\/01\/tendencias_habitar3.jpg' title=\"Las 3 tendencias que toman forma y fuerza en el habitar luego de un 2020 a pura casa\" data-rl_title=\"Las 3 tendencias que toman forma y fuerza en el habitar luego de un 2020 a pura casa\" class=\"rl-gallery-link\" data-rl_caption=\"Las 3 tendencias que toman forma y fuerza en el habitar luego de un 2020 a pura casa\" data-rel=\"lightbox-gallery-1\"><img loading=\"lazy\" decoding=\"async\" width=\"150\" height=\"150\" src=\"https:\/\/www.arquimaster.com.ar\/web\/wp-content\/uploads\/2021\/01\/tendencias_habitar3-150x150.jpg\" class=\"attachment-thumbnail size-thumbnail\" alt=\"Las 3 tendencias que toman forma y fuerza en el habitar luego de un 2020 a pura casa\" aria-describedby=\"gallery-1-62386\" \/><\/a>\n\t\t\t<\/div>\n\t\t\t\t<figcaption class='wp-caption-text gallery-caption' id='gallery-1-62386'>\n\t\t\t\tLas 3 tendencias que toman forma y fuerza en el habitar luego de un 2020 a pura casa\n\t\t\t\t<\/figcaption><\/figure><figure class='gallery-item'>\n\t\t\t<div class='gallery-icon landscape'>\n\t\t\t\t<a href='https:\/\/www.arquimaster.com.ar\/web\/wp-content\/uploads\/2021\/01\/tendencias_habitar4.jpg' title=\"Las 3 tendencias que toman forma y fuerza en el habitar luego de un 2020 a pura casa\" data-rl_title=\"Las 3 tendencias que toman forma y fuerza en el habitar luego de un 2020 a pura casa\" class=\"rl-gallery-link\" data-rl_caption=\"Las 3 tendencias que toman forma y fuerza en el habitar luego de un 2020 a pura casa\" data-rel=\"lightbox-gallery-1\"><img loading=\"lazy\" decoding=\"async\" width=\"150\" height=\"150\" src=\"https:\/\/www.arquimaster.com.ar\/web\/wp-content\/uploads\/2021\/01\/tendencias_habitar4-150x150.jpg\" class=\"attachment-thumbnail size-thumbnail\" alt=\"Las 3 tendencias que toman forma y fuerza en el habitar luego de un 2020 a pura casa\" aria-describedby=\"gallery-1-62387\" \/><\/a>\n\t\t\t<\/div>\n\t\t\t\t<figcaption class='wp-caption-text gallery-caption' id='gallery-1-62387'>\n\t\t\t\tLas 3 tendencias que toman forma y fuerza en el habitar luego de un 2020 a pura casa\n\t\t\t\t<\/figcaption><\/figure>\n\t\t<\/div>\n\n<p><strong>Reconfiguraci\u00f3n de los espacios<\/strong>. En pocos d\u00edas tuvimos la capacidad de reconfigurar nuestras rutinas de vida, y la de todos los miembros convivientes de nuestra familia. Y con ello le demandamos a los espacios que habitamos mayor capacidad de adaptarse a nuestras necesidades, m\u00e1s exigentes y cambiantes.<\/p>\n<p>Nuestros dormitorios debieron ofrecernos espacios de trabajo, o de escuela. Los livings de los m\u00e1s atletas se convirtieron en gimnasios. Las cocinas en restaurantes que funcionaban las 4 comidas al d\u00eda, etc. Con estos cambios tambi\u00e9n crecieron las consultas y la demanda de soluciones como camas rebatibles, camas escritorios que no pierden la verticalidad, puertas corredizas para dividir e integrar ambientes seg\u00fan cada necesidad, escritorios regulables en altura, etc.<\/p>\n<p><strong>Disfrutar de los procesos<\/strong>. Debimos hacernos el tiempo para ocuparnos de todo. La casa, el trabajo, las tareas de los m\u00e1s peque\u00f1os. Y parte de alcanzar el objetivo fue entender que deb\u00edamos descubrir c\u00f3mo disfrutar de los procesos.<\/p>\n<p>Cocinar pod\u00eda pasar a ser una fiesta si se contaba con las soluciones que nos permitieran tener todo al alcance de la mano. O mantener el orden algo f\u00e1cil de materializar con los espacios de guardado dise\u00f1ados con este fin. La funcionalidad que nos ofrece confort nos otorga sensaciones gratificantes facilitando nuestras tareas diarias.<\/p>\n<p><strong>Renovarse<\/strong>. Estar todo el d\u00eda en casa, nos hizo reflexionar sobre absolutamente todo y con ello repasamos si cada espacio nos brindaba todo aquello que necesit\u00e1bamos. Quienes no buscaban encarar grandes obras, pero s\u00ed un refresh, repensaron sus espacios y se animaron a incorporar peque\u00f1os cambios que representaran grandes transformaciones. Desde soluciones inteligentes de dise\u00f1o que sumaban funcionalidad y confort como estaciones de carga USB en lugares estrat\u00e9gicos para los dispositivos o los organizadores de cajones para encontrar todo r\u00e1pido o el simple cambio de tiradores que ofrec\u00edan un nuevo look para nuestros muebles de living, comedor o incluso dormitorio.<\/p>\n<p>Un aire nuevo que nos permit\u00eda sentir que nuestro hogar era el mejor lugar para estar, permanecer y cuidarnos. Cambios que durante mucho tiempo postergamos o que tal vez no hab\u00edamos pensado, pero que ahora que est\u00e1bamos en casa identific\u00e1bamos como propuestas que nos pod\u00edan representar una nueva oportunidad para nuestros lugares.<\/p>\n<p>El 2020 qued\u00f3 atr\u00e1s. Pero con grandes aprendizajes para disfrutar de nuestras casas que seguro nos dar\u00e1n mayor confort en el presente y el futuro. Se trata de conectarse realmente con nuestro hogar y seguir descubriendo el sin fin de oportunidades que nos ofrece para que sea siempre un gran aliado del bienestar personal y familiar.<\/p>\n<p><em>\u00abH\u00e4fele Argentina cuenta con un squad de expertos por ambientes que est\u00e1n disponibles para asesorar a cualquiera que desee sumarle calidad de vida a sus metros cuadrados\u00bb<\/em>, coment\u00f3 <strong>Fernanda Smith<\/strong>, gerente de Producto y Comunicaciones de la empresa alemana.<\/p>\n<p><strong>Acerca de H\u00e4fele<\/strong><br \/>\nEmpresa de origen alem\u00e1n, l\u00edder en herrajes, accesorios y sistemas inteligentes de dise\u00f1o para muebles y arquitectura con 37 filiales propias y presencia en m\u00e1s de 150 pa\u00edses. A trav\u00e9s de sus cat\u00e1logos con miles de art\u00edculos se adapta a la demanda de los distintos mercados en todo el mundo con la m\u00e1s alta calidad y servicio de log\u00edstica.<\/p>\n\n<div style=\"font-size: 0px; height: 0px; line-height: 0px; margin: 0; padding: 0; clear: both;\"><\/div><div style=\"margin-top: 0px; margin-bottom: 0px;\" class=\"sharethis-inline-share-buttons\" ><\/div>","protected":false},"excerpt":{"rendered":"<p>Se instalaron con m\u00e1s fuerza algunas tendencias en la forma de vivir nuestras casas&#8230;<\/p>\n","protected":false},"author":1,"featured_media":62383,"comment_status":"closed","ping_status":"closed","sticky":false,"template":"","format":"standard","meta":{"_uag_custom_page_level_css":"","footnotes":""},"categories":[55,56],"tags":[5756,5137,38,4007,6584,4008,5278,6342],"class_list":["post-62382","post","type-post","status-publish","format-standard","has-post-thumbnail","hentry","category-diseno","category-diseno-interior-decoracion","tag-covid-19","tag-diseno-de-cocinas","tag-diseno-interior","tag-hafele","tag-hafele-argentina","tag-herrajes","tag-mundo-hafele","tag-post-covid","generate-columns","tablet-grid-50","mobile-grid-100","grid-parent","grid-50"],"yoast_head":"<!-- This site is optimized with the Yoast SEO plugin v27.3 - https:\/\/yoast.com\/product\/yoast-seo-wordpress\/ -->\n<title>Las 3 tendencias que toman forma y fuerza en el habitar luego de un 2020 a pura casa - Arquimaster<\/title>\n<meta name=\"description\" content=\"En este tiempo de pandemia se instalaron con m\u00e1s fuerza algunas tendencias en la forma de vivir nuestras casas.\" \/>\n<meta name=\"robots\" content=\"index, follow, max-snippet:-1, max-image-preview:large, max-video-preview:-1\" \/>\n<link rel=\"canonical\" href=\"https:\/\/www.arquimaster.com.ar\/web\/las-3-tendencias-que-toman-forma-y-fuerza-en-el-habitar-luego-de-un-2020-a-pura-casa\/\" \/>\n<meta property=\"og:locale\" content=\"es_ES\" \/>\n<meta property=\"og:type\" content=\"article\" \/>\n<meta property=\"og:title\" content=\"Las 3 tendencias que toman forma y fuerza en el habitar luego de un 2020 a pura casa\" \/>\n<meta property=\"og:description\" content=\"En este tiempo de pandemia se instalaron con m\u00e1s fuerza algunas tendencias en la forma de vivir nuestras casas.\" \/>\n<meta property=\"og:url\" content=\"https:\/\/www.arquimaster.com.ar\/web\/las-3-tendencias-que-toman-forma-y-fuerza-en-el-habitar-luego-de-un-2020-a-pura-casa\/\" \/>\n<meta property=\"og:site_name\" content=\"Arquimaster\" \/>\n<meta property=\"article:publisher\" content=\"http:\/\/www.facebook.com\/ARQUIMASTER.com.ar\" \/>\n<meta property=\"article:published_time\" content=\"2021-01-25T19:01:00+00:00\" \/>\n<meta property=\"article:modified_time\" content=\"2025-07-25T23:18:26+00:00\" \/>\n<meta property=\"og:image\" content=\"https:\/\/www.arquimaster.com.ar\/web\/wp-content\/uploads\/2021\/01\/tendencias_habitar_slide.jpg\" \/>\n\t<meta property=\"og:image:width\" content=\"698\" \/>\n\t<meta property=\"og:image:height\" content=\"364\" \/>\n\t<meta property=\"og:image:type\" content=\"image\/jpeg\" \/>\n<meta name=\"author\" content=\"Arquimaster\" \/>\n<meta name=\"twitter:card\" content=\"summary_large_image\" \/>\n<meta name=\"twitter:title\" content=\"Las 3 tendencias que toman forma y fuerza en el habitar luego de un 2020 a pura casa\" \/>\n<meta name=\"twitter:description\" content=\"En este tiempo de pandemia se instalaron con m\u00e1s fuerza algunas tendencias en la forma de vivir nuestras casas.\" \/>\n<meta name=\"twitter:image\" content=\"https:\/\/www.arquimaster.com.ar\/web\/wp-content\/uploads\/2021\/01\/tendencias_habitar_slide.jpg\" \/>\n<meta name=\"twitter:creator\" content=\"@arquimaster\" \/>\n<meta name=\"twitter:site\" content=\"@arquimaster\" \/>\n<meta name=\"twitter:label1\" content=\"Escrito por\" \/>\n\t<meta name=\"twitter:data1\" content=\"Arquimaster\" \/>\n\t<meta name=\"twitter:label2\" content=\"Tiempo de lectura\" \/>\n\t<meta name=\"twitter:data2\" content=\"4 minutos\" \/>\n<script type=\"application\/ld+json\" class=\"yoast-schema-graph\">{\"@context\":\"https:\\\/\\\/schema.org\",\"@graph\":[{\"@type\":\"Article\",\"@id\":\"https:\\\/\\\/www.arquimaster.com.ar\\\/web\\\/las-3-tendencias-que-toman-forma-y-fuerza-en-el-habitar-luego-de-un-2020-a-pura-casa\\\/#article\",\"isPartOf\":{\"@id\":\"https:\\\/\\\/www.arquimaster.com.ar\\\/web\\\/las-3-tendencias-que-toman-forma-y-fuerza-en-el-habitar-luego-de-un-2020-a-pura-casa\\\/\"},\"author\":{\"name\":\"Arquimaster\",\"@id\":\"https:\\\/\\\/www.arquimaster.com.ar\\\/web\\\/#\\\/schema\\\/person\\\/359e9f7c00193fcde068e0dd2ceb0028\"},\"headline\":\"Las 3 tendencias que toman forma y fuerza en el habitar luego de un 2020 a pura casa\",\"datePublished\":\"2021-01-25T19:01:00+00:00\",\"dateModified\":\"2025-07-25T23:18:26+00:00\",\"mainEntityOfPage\":{\"@id\":\"https:\\\/\\\/www.arquimaster.com.ar\\\/web\\\/las-3-tendencias-que-toman-forma-y-fuerza-en-el-habitar-luego-de-un-2020-a-pura-casa\\\/\"},\"wordCount\":676,\"publisher\":{\"@id\":\"https:\\\/\\\/www.arquimaster.com.ar\\\/web\\\/#organization\"},\"image\":{\"@id\":\"https:\\\/\\\/www.arquimaster.com.ar\\\/web\\\/las-3-tendencias-que-toman-forma-y-fuerza-en-el-habitar-luego-de-un-2020-a-pura-casa\\\/#primaryimage\"},\"thumbnailUrl\":\"https:\\\/\\\/www.arquimaster.com.ar\\\/web\\\/wp-content\\\/uploads\\\/2021\\\/01\\\/tendencias_habitar_slide.jpg\",\"keywords\":[\"Covid-19\",\"dise\u00f1o de cocinas\",\"dise\u00f1o interior\",\"H\u00e4fele\",\"H\u00e4fele Argentina\",\"herrajes\",\"Mundo Hafele\",\"Post-Covid\"],\"articleSection\":[\"Dise\u00f1o\",\"Dise\u00f1o interior y decoracion\"],\"inLanguage\":\"es\"},{\"@type\":\"WebPage\",\"@id\":\"https:\\\/\\\/www.arquimaster.com.ar\\\/web\\\/las-3-tendencias-que-toman-forma-y-fuerza-en-el-habitar-luego-de-un-2020-a-pura-casa\\\/\",\"url\":\"https:\\\/\\\/www.arquimaster.com.ar\\\/web\\\/las-3-tendencias-que-toman-forma-y-fuerza-en-el-habitar-luego-de-un-2020-a-pura-casa\\\/\",\"name\":\"Las 3 tendencias que toman forma y fuerza en el habitar luego de un 2020 a pura casa - Arquimaster\",\"isPartOf\":{\"@id\":\"https:\\\/\\\/www.arquimaster.com.ar\\\/web\\\/#website\"},\"primaryImageOfPage\":{\"@id\":\"https:\\\/\\\/www.arquimaster.com.ar\\\/web\\\/las-3-tendencias-que-toman-forma-y-fuerza-en-el-habitar-luego-de-un-2020-a-pura-casa\\\/#primaryimage\"},\"image\":{\"@id\":\"https:\\\/\\\/www.arquimaster.com.ar\\\/web\\\/las-3-tendencias-que-toman-forma-y-fuerza-en-el-habitar-luego-de-un-2020-a-pura-casa\\\/#primaryimage\"},\"thumbnailUrl\":\"https:\\\/\\\/www.arquimaster.com.ar\\\/web\\\/wp-content\\\/uploads\\\/2021\\\/01\\\/tendencias_habitar_slide.jpg\",\"datePublished\":\"2021-01-25T19:01:00+00:00\",\"dateModified\":\"2025-07-25T23:18:26+00:00\",\"description\":\"En este tiempo de pandemia se instalaron con m\u00e1s fuerza algunas tendencias en la forma de vivir nuestras casas.\",\"breadcrumb\":{\"@id\":\"https:\\\/\\\/www.arquimaster.com.ar\\\/web\\\/las-3-tendencias-que-toman-forma-y-fuerza-en-el-habitar-luego-de-un-2020-a-pura-casa\\\/#breadcrumb\"},\"inLanguage\":\"es\",\"potentialAction\":[{\"@type\":\"ReadAction\",\"target\":[\"https:\\\/\\\/www.arquimaster.com.ar\\\/web\\\/las-3-tendencias-que-toman-forma-y-fuerza-en-el-habitar-luego-de-un-2020-a-pura-casa\\\/\"]}]},{\"@type\":\"ImageObject\",\"inLanguage\":\"es\",\"@id\":\"https:\\\/\\\/www.arquimaster.com.ar\\\/web\\\/las-3-tendencias-que-toman-forma-y-fuerza-en-el-habitar-luego-de-un-2020-a-pura-casa\\\/#primaryimage\",\"url\":\"https:\\\/\\\/www.arquimaster.com.ar\\\/web\\\/wp-content\\\/uploads\\\/2021\\\/01\\\/tendencias_habitar_slide.jpg\",\"contentUrl\":\"https:\\\/\\\/www.arquimaster.com.ar\\\/web\\\/wp-content\\\/uploads\\\/2021\\\/01\\\/tendencias_habitar_slide.jpg\",\"width\":698,\"height\":364,\"caption\":\"Las 3 tendencias que toman forma y fuerza en el habitar luego de un 2020 a pura casa\"},{\"@type\":\"BreadcrumbList\",\"@id\":\"https:\\\/\\\/www.arquimaster.com.ar\\\/web\\\/las-3-tendencias-que-toman-forma-y-fuerza-en-el-habitar-luego-de-un-2020-a-pura-casa\\\/#breadcrumb\",\"itemListElement\":[{\"@type\":\"ListItem\",\"position\":1,\"name\":\"Portada\",\"item\":\"https:\\\/\\\/www.arquimaster.com.ar\\\/web\\\/\"},{\"@type\":\"ListItem\",\"position\":2,\"name\":\"Las 3 tendencias que toman forma y fuerza en el habitar luego de un 2020 a pura casa\"}]},{\"@type\":\"WebSite\",\"@id\":\"https:\\\/\\\/www.arquimaster.com.ar\\\/web\\\/#website\",\"url\":\"https:\\\/\\\/www.arquimaster.com.ar\\\/web\\\/\",\"name\":\"Arquimaster\",\"description\":\"Web de arquitectura, dise\u00f1o y construccion\",\"publisher\":{\"@id\":\"https:\\\/\\\/www.arquimaster.com.ar\\\/web\\\/#organization\"},\"potentialAction\":[{\"@type\":\"SearchAction\",\"target\":{\"@type\":\"EntryPoint\",\"urlTemplate\":\"https:\\\/\\\/www.arquimaster.com.ar\\\/web\\\/?s={search_term_string}\"},\"query-input\":{\"@type\":\"PropertyValueSpecification\",\"valueRequired\":true,\"valueName\":\"search_term_string\"}}],\"inLanguage\":\"es\"},{\"@type\":\"Organization\",\"@id\":\"https:\\\/\\\/www.arquimaster.com.ar\\\/web\\\/#organization\",\"name\":\"Arquimaster\",\"url\":\"https:\\\/\\\/www.arquimaster.com.ar\\\/web\\\/\",\"logo\":{\"@type\":\"ImageObject\",\"inLanguage\":\"es\",\"@id\":\"https:\\\/\\\/www.arquimaster.com.ar\\\/web\\\/#\\\/schema\\\/logo\\\/image\\\/\",\"url\":\"https:\\\/\\\/www.arquimaster.com.ar\\\/web\\\/wp-content\\\/uploads\\\/2022\\\/06\\\/arquimaster.png\",\"contentUrl\":\"https:\\\/\\\/www.arquimaster.com.ar\\\/web\\\/wp-content\\\/uploads\\\/2022\\\/06\\\/arquimaster.png\",\"width\":594,\"height\":78,\"caption\":\"Arquimaster\"},\"image\":{\"@id\":\"https:\\\/\\\/www.arquimaster.com.ar\\\/web\\\/#\\\/schema\\\/logo\\\/image\\\/\"},\"sameAs\":[\"http:\\\/\\\/www.facebook.com\\\/ARQUIMASTER.com.ar\",\"https:\\\/\\\/x.com\\\/arquimaster\",\"https:\\\/\\\/www.instagram.com\\\/arquimasterblog\\\/\",\"https:\\\/\\\/www.linkedin.com\\\/company\\\/arquimaster\",\"https:\\\/\\\/www.pinterest.com\\\/arquimaster\",\"https:\\\/\\\/t.me\\\/arquimaster\"]},{\"@type\":\"Person\",\"@id\":\"https:\\\/\\\/www.arquimaster.com.ar\\\/web\\\/#\\\/schema\\\/person\\\/359e9f7c00193fcde068e0dd2ceb0028\",\"name\":\"Arquimaster\"}]}<\/script>\n<!-- \/ Yoast SEO plugin. -->","yoast_head_json":{"title":"Las 3 tendencias que toman forma y fuerza en el habitar luego de un 2020 a pura casa - Arquimaster","description":"En este tiempo de pandemia se instalaron con m\u00e1s fuerza algunas tendencias en la forma de vivir nuestras casas.","robots":{"index":"index","follow":"follow","max-snippet":"max-snippet:-1","max-image-preview":"max-image-preview:large","max-video-preview":"max-video-preview:-1"},"canonical":"https:\/\/www.arquimaster.com.ar\/web\/las-3-tendencias-que-toman-forma-y-fuerza-en-el-habitar-luego-de-un-2020-a-pura-casa\/","og_locale":"es_ES","og_type":"article","og_title":"Las 3 tendencias que toman forma y fuerza en el habitar luego de un 2020 a pura casa","og_description":"En este tiempo de pandemia se instalaron con m\u00e1s fuerza algunas tendencias en la forma de vivir nuestras casas.","og_url":"https:\/\/www.arquimaster.com.ar\/web\/las-3-tendencias-que-toman-forma-y-fuerza-en-el-habitar-luego-de-un-2020-a-pura-casa\/","og_site_name":"Arquimaster","article_publisher":"http:\/\/www.facebook.com\/ARQUIMASTER.com.ar","article_published_time":"2021-01-25T19:01:00+00:00","article_modified_time":"2025-07-25T23:18:26+00:00","og_image":[{"width":698,"height":364,"url":"https:\/\/www.arquimaster.com.ar\/web\/wp-content\/uploads\/2021\/01\/tendencias_habitar_slide.jpg","type":"image\/jpeg"}],"author":"Arquimaster","twitter_card":"summary_large_image","twitter_title":"Las 3 tendencias que toman forma y fuerza en el habitar luego de un 2020 a pura casa","twitter_description":"En este tiempo de pandemia se instalaron con m\u00e1s fuerza algunas tendencias en la forma de vivir nuestras casas.","twitter_image":"https:\/\/www.arquimaster.com.ar\/web\/wp-content\/uploads\/2021\/01\/tendencias_habitar_slide.jpg","twitter_creator":"@arquimaster","twitter_site":"@arquimaster","twitter_misc":{"Escrito por":"Arquimaster","Tiempo de lectura":"4 minutos"},"schema":{"@context":"https:\/\/schema.org","@graph":[{"@type":"Article","@id":"https:\/\/www.arquimaster.com.ar\/web\/las-3-tendencias-que-toman-forma-y-fuerza-en-el-habitar-luego-de-un-2020-a-pura-casa\/#article","isPartOf":{"@id":"https:\/\/www.arquimaster.com.ar\/web\/las-3-tendencias-que-toman-forma-y-fuerza-en-el-habitar-luego-de-un-2020-a-pura-casa\/"},"author":{"name":"Arquimaster","@id":"https:\/\/www.arquimaster.com.ar\/web\/#\/schema\/person\/359e9f7c00193fcde068e0dd2ceb0028"},"headline":"Las 3 tendencias que toman forma y fuerza en el habitar luego de un 2020 a pura casa","datePublished":"2021-01-25T19:01:00+00:00","dateModified":"2025-07-25T23:18:26+00:00","mainEntityOfPage":{"@id":"https:\/\/www.arquimaster.com.ar\/web\/las-3-tendencias-que-toman-forma-y-fuerza-en-el-habitar-luego-de-un-2020-a-pura-casa\/"},"wordCount":676,"publisher":{"@id":"https:\/\/www.arquimaster.com.ar\/web\/#organization"},"image":{"@id":"https:\/\/www.arquimaster.com.ar\/web\/las-3-tendencias-que-toman-forma-y-fuerza-en-el-habitar-luego-de-un-2020-a-pura-casa\/#primaryimage"},"thumbnailUrl":"https:\/\/www.arquimaster.com.ar\/web\/wp-content\/uploads\/2021\/01\/tendencias_habitar_slide.jpg","keywords":["Covid-19","dise\u00f1o de cocinas","dise\u00f1o interior","H\u00e4fele","H\u00e4fele Argentina","herrajes","Mundo Hafele","Post-Covid"],"articleSection":["Dise\u00f1o","Dise\u00f1o interior y decoracion"],"inLanguage":"es"},{"@type":"WebPage","@id":"https:\/\/www.arquimaster.com.ar\/web\/las-3-tendencias-que-toman-forma-y-fuerza-en-el-habitar-luego-de-un-2020-a-pura-casa\/","url":"https:\/\/www.arquimaster.com.ar\/web\/las-3-tendencias-que-toman-forma-y-fuerza-en-el-habitar-luego-de-un-2020-a-pura-casa\/","name":"Las 3 tendencias que toman forma y fuerza en el habitar luego de un 2020 a pura casa - Arquimaster","isPartOf":{"@id":"https:\/\/www.arquimaster.com.ar\/web\/#website"},"primaryImageOfPage":{"@id":"https:\/\/www.arquimaster.com.ar\/web\/las-3-tendencias-que-toman-forma-y-fuerza-en-el-habitar-luego-de-un-2020-a-pura-casa\/#primaryimage"},"image":{"@id":"https:\/\/www.arquimaster.com.ar\/web\/las-3-tendencias-que-toman-forma-y-fuerza-en-el-habitar-luego-de-un-2020-a-pura-casa\/#primaryimage"},"thumbnailUrl":"https:\/\/www.arquimaster.com.ar\/web\/wp-content\/uploads\/2021\/01\/tendencias_habitar_slide.jpg","datePublished":"2021-01-25T19:01:00+00:00","dateModified":"2025-07-25T23:18:26+00:00","description":"En este tiempo de pandemia se instalaron con m\u00e1s fuerza algunas tendencias en la forma de vivir nuestras casas.","breadcrumb":{"@id":"https:\/\/www.arquimaster.com.ar\/web\/las-3-tendencias-que-toman-forma-y-fuerza-en-el-habitar-luego-de-un-2020-a-pura-casa\/#breadcrumb"},"inLanguage":"es","potentialAction":[{"@type":"ReadAction","target":["https:\/\/www.arquimaster.com.ar\/web\/las-3-tendencias-que-toman-forma-y-fuerza-en-el-habitar-luego-de-un-2020-a-pura-casa\/"]}]},{"@type":"ImageObject","inLanguage":"es","@id":"https:\/\/www.arquimaster.com.ar\/web\/las-3-tendencias-que-toman-forma-y-fuerza-en-el-habitar-luego-de-un-2020-a-pura-casa\/#primaryimage","url":"https:\/\/www.arquimaster.com.ar\/web\/wp-content\/uploads\/2021\/01\/tendencias_habitar_slide.jpg","contentUrl":"https:\/\/www.arquimaster.com.ar\/web\/wp-content\/uploads\/2021\/01\/tendencias_habitar_slide.jpg","width":698,"height":364,"caption":"Las 3 tendencias que toman forma y fuerza en el habitar luego de un 2020 a pura casa"},{"@type":"BreadcrumbList","@id":"https:\/\/www.arquimaster.com.ar\/web\/las-3-tendencias-que-toman-forma-y-fuerza-en-el-habitar-luego-de-un-2020-a-pura-casa\/#breadcrumb","itemListElement":[{"@type":"ListItem","position":1,"name":"Portada","item":"https:\/\/www.arquimaster.com.ar\/web\/"},{"@type":"ListItem","position":2,"name":"Las 3 tendencias que toman forma y fuerza en el habitar luego de un 2020 a pura casa"}]},{"@type":"WebSite","@id":"https:\/\/www.arquimaster.com.ar\/web\/#website","url":"https:\/\/www.arquimaster.com.ar\/web\/","name":"Arquimaster","description":"Web de arquitectura, dise\u00f1o y construccion","publisher":{"@id":"https:\/\/www.arquimaster.com.ar\/web\/#organization"},"potentialAction":[{"@type":"SearchAction","target":{"@type":"EntryPoint","urlTemplate":"https:\/\/www.arquimaster.com.ar\/web\/?s={search_term_string}"},"query-input":{"@type":"PropertyValueSpecification","valueRequired":true,"valueName":"search_term_string"}}],"inLanguage":"es"},{"@type":"Organization","@id":"https:\/\/www.arquimaster.com.ar\/web\/#organization","name":"Arquimaster","url":"https:\/\/www.arquimaster.com.ar\/web\/","logo":{"@type":"ImageObject","inLanguage":"es","@id":"https:\/\/www.arquimaster.com.ar\/web\/#\/schema\/logo\/image\/","url":"https:\/\/www.arquimaster.com.ar\/web\/wp-content\/uploads\/2022\/06\/arquimaster.png","contentUrl":"https:\/\/www.arquimaster.com.ar\/web\/wp-content\/uploads\/2022\/06\/arquimaster.png","width":594,"height":78,"caption":"Arquimaster"},"image":{"@id":"https:\/\/www.arquimaster.com.ar\/web\/#\/schema\/logo\/image\/"},"sameAs":["http:\/\/www.facebook.com\/ARQUIMASTER.com.ar","https:\/\/x.com\/arquimaster","https:\/\/www.instagram.com\/arquimasterblog\/","https:\/\/www.linkedin.com\/company\/arquimaster","https:\/\/www.pinterest.com\/arquimaster","https:\/\/t.me\/arquimaster"]},{"@type":"Person","@id":"https:\/\/www.arquimaster.com.ar\/web\/#\/schema\/person\/359e9f7c00193fcde068e0dd2ceb0028","name":"Arquimaster"}]}},"uagb_featured_image_src":{"full":["https:\/\/www.arquimaster.com.ar\/web\/wp-content\/uploads\/2021\/01\/tendencias_habitar_slide.jpg",698,364,false],"thumbnail":["https:\/\/www.arquimaster.com.ar\/web\/wp-content\/uploads\/2021\/01\/tendencias_habitar_slide-150x150.jpg",150,150,true],"medium":["https:\/\/www.arquimaster.com.ar\/web\/wp-content\/uploads\/2021\/01\/tendencias_habitar_slide.jpg",698,364,false],"medium_large":["https:\/\/www.arquimaster.com.ar\/web\/wp-content\/uploads\/2021\/01\/tendencias_habitar_slide.jpg",698,364,false],"large":["https:\/\/www.arquimaster.com.ar\/web\/wp-content\/uploads\/2021\/01\/tendencias_habitar_slide.jpg",698,364,false],"1536x1536":["https:\/\/www.arquimaster.com.ar\/web\/wp-content\/uploads\/2021\/01\/tendencias_habitar_slide.jpg",698,364,false],"2048x2048":["https:\/\/www.arquimaster.com.ar\/web\/wp-content\/uploads\/2021\/01\/tendencias_habitar_slide.jpg",698,364,false]},"uagb_author_info":{"display_name":"Arquimaster","author_link":"https:\/\/www.arquimaster.com.ar\/web\/author\/arquimaster\/"},"uagb_comment_info":0,"uagb_excerpt":"Se instalaron con m\u00e1s fuerza algunas tendencias en la forma de vivir nuestras casas...","_links":{"self":[{"href":"https:\/\/www.arquimaster.com.ar\/web\/wp-json\/wp\/v2\/posts\/62382","targetHints":{"allow":["GET"]}}],"collection":[{"href":"https:\/\/www.arquimaster.com.ar\/web\/wp-json\/wp\/v2\/posts"}],"about":[{"href":"https:\/\/www.arquimaster.com.ar\/web\/wp-json\/wp\/v2\/types\/post"}],"author":[{"embeddable":true,"href":"https:\/\/www.arquimaster.com.ar\/web\/wp-json\/wp\/v2\/users\/1"}],"replies":[{"embeddable":true,"href":"https:\/\/www.arquimaster.com.ar\/web\/wp-json\/wp\/v2\/comments?post=62382"}],"version-history":[{"count":2,"href":"https:\/\/www.arquimaster.com.ar\/web\/wp-json\/wp\/v2\/posts\/62382\/revisions"}],"predecessor-version":[{"id":85313,"href":"https:\/\/www.arquimaster.com.ar\/web\/wp-json\/wp\/v2\/posts\/62382\/revisions\/85313"}],"wp:featuredmedia":[{"embeddable":true,"href":"https:\/\/www.arquimaster.com.ar\/web\/wp-json\/wp\/v2\/media\/62383"}],"wp:attachment":[{"href":"https:\/\/www.arquimaster.com.ar\/web\/wp-json\/wp\/v2\/media?parent=62382"}],"wp:term":[{"taxonomy":"category","embeddable":true,"href":"https:\/\/www.arquimaster.com.ar\/web\/wp-json\/wp\/v2\/categories?post=62382"},{"taxonomy":"post_tag","embeddable":true,"href":"https:\/\/www.arquimaster.com.ar\/web\/wp-json\/wp\/v2\/tags?post=62382"}],"curies":[{"name":"wp","href":"https:\/\/api.w.org\/{rel}","templated":true}]}}