{"id":62757,"date":"2021-02-12T11:48:00","date_gmt":"2021-02-12T14:48:00","guid":{"rendered":"https:\/\/www.arquimaster.com.ar\/web\/?p=62757"},"modified":"2025-07-25T19:30:06","modified_gmt":"2025-07-25T22:30:06","slug":"equipos-carrier-transicold-para-transporte-de-vacunas-covid-19","status":"publish","type":"post","link":"https:\/\/www.arquimaster.com.ar\/web\/equipos-carrier-transicold-para-transporte-de-vacunas-covid-19\/","title":{"rendered":"Equipos Carrier Transicold para transporte de vacunas Covid-19"},"content":{"rendered":"<div style=\"margin-top: 0px; margin-bottom: 0px;\" class=\"sharethis-inline-share-buttons\" ><\/div><div class=\"b812932af2e751442846f039925109de\" data-index=\"1\" style=\"float: none; margin:25px 0 25px 0; text-align:center;\">\n<script async src=\"https:\/\/pagead2.googlesyndication.com\/pagead\/js\/adsbygoogle.js\"><\/script>\r\n<!-- Arquimaster (superior) -->\r\n<ins class=\"adsbygoogle\"\r\n     style=\"display:block\"\r\n     data-ad-client=\"ca-pub-6351072698456832\"\r\n     data-ad-slot=\"6455489680\"\r\n     data-ad-format=\"auto\"\r\n     data-full-width-responsive=\"true\"><\/ins>\r\n<script>\r\n     (adsbygoogle = window.adsbygoogle || []).push({});\r\n<\/script>\n<\/div>\n<h3><em><strong>La marca l\u00edder en refrigeraci\u00f3n a nivel mundial proporcion\u00f3 equipos de frio para para el transporte de las vacunas para el Covid-19 alrededor del mundo.<\/strong><\/em><\/h3>\n<p>Alcanzada la soluci\u00f3n cient\u00edfica para detener la expansi\u00f3n del Coronavirus en todo el mundo, el desaf\u00edo pasa a centrarse en la log\u00edstica de distribuci\u00f3n de las vacunas.<\/p>\n<p>Es all\u00ed donde entran en juego los altos est\u00e1ndares de tecnolog\u00eda y seguridad para el transporte de las dosis, dos factores que permitieron a <a href=\"https:\/\/www.arquimaster.com.ar\/web\/tag\/carrier\/\">Carrier<\/a>, con su l\u00ednea <strong>Transicold X4<\/strong>, ser una de las empresas que proporcione los veh\u00edculos de refrigeraci\u00f3n tanto en Argentina como en el resto de los pa\u00edses que dieron por comenzados los planes de aplicaci\u00f3n.<\/p>\n<div id='gallery-1' class='gallery galleryid-62757 gallery-columns-3 gallery-size-thumbnail'><figure class='gallery-item'>\n\t\t\t<div class='gallery-icon portrait'>\n\t\t\t\t<a href='https:\/\/www.arquimaster.com.ar\/web\/wp-content\/uploads\/2021\/02\/carrier_transicold_vacunas_covid-19_1.jpg' title=\"Equipos Carrier Transicold para transporte de vacunas Covid-19\" data-rl_title=\"Equipos Carrier Transicold para transporte de vacunas Covid-19\" class=\"rl-gallery-link\" data-rl_caption=\"Equipos Carrier Transicold para transporte de vacunas Covid-19\" data-rel=\"lightbox-gallery-1\"><img loading=\"lazy\" decoding=\"async\" width=\"150\" height=\"150\" src=\"https:\/\/www.arquimaster.com.ar\/web\/wp-content\/uploads\/2021\/02\/carrier_transicold_vacunas_covid-19_1-150x150.jpg\" class=\"attachment-thumbnail size-thumbnail\" alt=\"Equipos Carrier Transicold para transporte de vacunas Covid-19\" aria-describedby=\"gallery-1-62759\" \/><\/a>\n\t\t\t<\/div>\n\t\t\t\t<figcaption class='wp-caption-text gallery-caption' id='gallery-1-62759'>\n\t\t\t\tEquipos Carrier Transicold para transporte de vacunas Covid-19\n\t\t\t\t<\/figcaption><\/figure><figure class='gallery-item'>\n\t\t\t<div class='gallery-icon landscape'>\n\t\t\t\t<a href='https:\/\/www.arquimaster.com.ar\/web\/wp-content\/uploads\/2021\/02\/carrier_transicold_vacunas_covid-19_2.jpg' title=\"Equipos Carrier Transicold para transporte de vacunas Covid-19\" data-rl_title=\"Equipos Carrier Transicold para transporte de vacunas Covid-19\" class=\"rl-gallery-link\" data-rl_caption=\"Equipos Carrier Transicold para transporte de vacunas Covid-19\" data-rel=\"lightbox-gallery-1\"><img loading=\"lazy\" decoding=\"async\" width=\"150\" height=\"150\" src=\"https:\/\/www.arquimaster.com.ar\/web\/wp-content\/uploads\/2021\/02\/carrier_transicold_vacunas_covid-19_2-150x150.jpg\" class=\"attachment-thumbnail size-thumbnail\" alt=\"Equipos Carrier Transicold para transporte de vacunas Covid-19\" aria-describedby=\"gallery-1-62760\" srcset=\"https:\/\/www.arquimaster.com.ar\/web\/wp-content\/uploads\/2021\/02\/carrier_transicold_vacunas_covid-19_2-150x150.jpg 150w, https:\/\/www.arquimaster.com.ar\/web\/wp-content\/uploads\/2021\/02\/carrier_transicold_vacunas_covid-19_2-1024x1024.jpg 1024w, https:\/\/www.arquimaster.com.ar\/web\/wp-content\/uploads\/2021\/02\/carrier_transicold_vacunas_covid-19_2-768x768.jpg 768w, https:\/\/www.arquimaster.com.ar\/web\/wp-content\/uploads\/2021\/02\/carrier_transicold_vacunas_covid-19_2.jpg 1500w\" sizes=\"auto, (max-width: 150px) 100vw, 150px\" \/><\/a>\n\t\t\t<\/div>\n\t\t\t\t<figcaption class='wp-caption-text gallery-caption' id='gallery-1-62760'>\n\t\t\t\tEquipos Carrier Transicold para transporte de vacunas Covid-19\n\t\t\t\t<\/figcaption><\/figure>\n\t\t<\/div>\n\n<p>La<strong> l\u00ednea X4 de Carrier<\/strong> cuenta con la mayor capacidad de refrigeraci\u00f3n del mercado y un preciso control de temperatura, caracter\u00edsticas diferenciales que le permiten asegurar la correcta preservaci\u00f3n de una carga tan preciada y sensible como una vacuna. Adem\u00e1s, su dise\u00f1o est\u00e1 pensado especialmente para el traslado en rutas, permitiendo viajes de larga duraci\u00f3n y con la disponibilidad de una amplia red de servicios oficiales distribuidos en el pa\u00eds.<\/p>\n<p>Gracias al impulso de una pol\u00edtica de sostenibilidad como eje transversal, Carrier logr\u00f3 desarrollar tecnolog\u00eda de alta capacidad en su l\u00ednea Transicold de equipos de fr\u00edo, lo que le permiti\u00f3 posicionarse como el proveedor indicado para aportar soluciones log\u00edsticas cruciales.<\/p>\n<p>De esta forma, Carrier est\u00e1 impulsando una cadena de fr\u00edo m\u00e1s sana, segura y sostenible en el momento que m\u00e1s importa, creando as\u00ed soluciones tanto para las personas como para el planeta.<\/p>\n<p><strong>Acerca de Carrier Transicold<\/strong><br \/>\nCarrier Transicold es la empresa l\u00edder en refrigeraci\u00f3n para transporte en el mundo. Ofrece el rango m\u00e1s completo de equipos para satisfacer las necesidades del mercado de transporte de refrigerados, con productos de elevadas prestaciones y fabricados bajo los m\u00e1s altos est\u00e1ndares de calidad para utilitarios, pick-ups, camiones y trailers. Carrier Transicold cuenta con una eficiente red de distribuidores y centros de service que brindan asesoramiento y soporte, asegurando una correcta selecci\u00f3n e instalaci\u00f3n de sus productos, lo que garantiza un funcionamiento libre de inconvenientes acompa\u00f1ando a los transportistas de argentina a lo largo y a lo ancho de todo el pa\u00eds, preservando la calidad de sus cargas.<\/p>\n\n<div style=\"font-size: 0px; height: 0px; line-height: 0px; margin: 0; padding: 0; clear: both;\"><\/div><div style=\"margin-top: 0px; margin-bottom: 0px;\" class=\"sharethis-inline-share-buttons\" ><\/div>","protected":false},"excerpt":{"rendered":"<p>La marca l\u00edder en refrigeraci\u00f3n a nivel mundial proporcion\u00f3 equipos de frio.<\/p>\n","protected":false},"author":1,"featured_media":62758,"comment_status":"closed","ping_status":"closed","sticky":false,"template":"","format":"standard","meta":{"_uag_custom_page_level_css":"","footnotes":""},"categories":[40,64],"tags":[284,283,6872,5756,6133,6419,2196,6873,6869,6875,6874,6870,6871],"class_list":["post-62757","post","type-post","status-publish","format-standard","has-post-thumbnail","hentry","category-construccion","category-empresas-construccion","tag-aire-acondicionado","tag-carrier","tag-carrier-transicold","tag-covid-19","tag-pandemia","tag-protocolo-covid-19","tag-refrigeracion","tag-refrigeracion-para-transporte","tag-transicold","tag-transicold-x4","tag-transporte-de-refrigerados","tag-transporte-de-vacunas","tag-vacunas-covid-19","generate-columns","tablet-grid-50","mobile-grid-100","grid-parent","grid-50"],"yoast_head":"<!-- This site is optimized with the Yoast SEO plugin v27.3 - https:\/\/yoast.com\/product\/yoast-seo-wordpress\/ -->\n<title>Equipos Carrier Transicold para transporte de vacunas Covid-19 - Arquimaster<\/title>\n<meta name=\"description\" content=\"La marca l\u00edder en refrigeraci\u00f3n a nivel mundial proporcion\u00f3 equipos de frio para para el transporte de las vacunas para el Covid-19 alrededor del mundo.\" \/>\n<meta name=\"robots\" content=\"index, follow, max-snippet:-1, max-image-preview:large, max-video-preview:-1\" \/>\n<link rel=\"canonical\" href=\"https:\/\/www.arquimaster.com.ar\/web\/equipos-carrier-transicold-para-transporte-de-vacunas-covid-19\/\" \/>\n<meta property=\"og:locale\" content=\"es_ES\" \/>\n<meta property=\"og:type\" content=\"article\" \/>\n<meta property=\"og:title\" content=\"Equipos Carrier Transicold para transporte de vacunas Covid-19\" \/>\n<meta property=\"og:description\" content=\"La marca l\u00edder en refrigeraci\u00f3n a nivel mundial proporcion\u00f3 equipos de frio para para el transporte de las vacunas para el Covid-19 alrededor del mundo.\" \/>\n<meta property=\"og:url\" content=\"https:\/\/www.arquimaster.com.ar\/web\/equipos-carrier-transicold-para-transporte-de-vacunas-covid-19\/\" \/>\n<meta property=\"og:site_name\" content=\"Arquimaster\" \/>\n<meta property=\"article:publisher\" content=\"http:\/\/www.facebook.com\/ARQUIMASTER.com.ar\" \/>\n<meta property=\"article:published_time\" content=\"2021-02-12T14:48:00+00:00\" \/>\n<meta property=\"article:modified_time\" content=\"2025-07-25T22:30:06+00:00\" \/>\n<meta property=\"og:image\" content=\"https:\/\/www.arquimaster.com.ar\/web\/wp-content\/uploads\/2021\/02\/carrier_transicold_vacunas_covid-19_slide.jpg\" \/>\n\t<meta property=\"og:image:width\" content=\"698\" \/>\n\t<meta property=\"og:image:height\" content=\"364\" \/>\n\t<meta property=\"og:image:type\" content=\"image\/jpeg\" \/>\n<meta name=\"author\" content=\"Arquimaster\" \/>\n<meta name=\"twitter:card\" content=\"summary_large_image\" \/>\n<meta name=\"twitter:title\" content=\"Equipos Carrier Transicold para transporte de vacunas Covid-19\" \/>\n<meta name=\"twitter:description\" content=\"La marca l\u00edder en refrigeraci\u00f3n a nivel mundial proporcion\u00f3 equipos de frio para para el transporte de las vacunas para el Covid-19 alrededor del mundo.\" \/>\n<meta name=\"twitter:image\" content=\"https:\/\/www.arquimaster.com.ar\/web\/wp-content\/uploads\/2021\/02\/carrier_transicold_vacunas_covid-19_slide.jpg\" \/>\n<meta name=\"twitter:creator\" content=\"@arquimaster\" \/>\n<meta name=\"twitter:site\" content=\"@arquimaster\" \/>\n<meta name=\"twitter:label1\" content=\"Escrito por\" \/>\n\t<meta name=\"twitter:data1\" content=\"Arquimaster\" \/>\n\t<meta name=\"twitter:label2\" content=\"Tiempo de lectura\" \/>\n\t<meta name=\"twitter:data2\" content=\"2 minutos\" \/>\n<script type=\"application\/ld+json\" class=\"yoast-schema-graph\">{\"@context\":\"https:\\\/\\\/schema.org\",\"@graph\":[{\"@type\":\"Article\",\"@id\":\"https:\\\/\\\/www.arquimaster.com.ar\\\/web\\\/equipos-carrier-transicold-para-transporte-de-vacunas-covid-19\\\/#article\",\"isPartOf\":{\"@id\":\"https:\\\/\\\/www.arquimaster.com.ar\\\/web\\\/equipos-carrier-transicold-para-transporte-de-vacunas-covid-19\\\/\"},\"author\":{\"name\":\"Arquimaster\",\"@id\":\"https:\\\/\\\/www.arquimaster.com.ar\\\/web\\\/#\\\/schema\\\/person\\\/359e9f7c00193fcde068e0dd2ceb0028\"},\"headline\":\"Equipos Carrier Transicold para transporte de vacunas Covid-19\",\"datePublished\":\"2021-02-12T14:48:00+00:00\",\"dateModified\":\"2025-07-25T22:30:06+00:00\",\"mainEntityOfPage\":{\"@id\":\"https:\\\/\\\/www.arquimaster.com.ar\\\/web\\\/equipos-carrier-transicold-para-transporte-de-vacunas-covid-19\\\/\"},\"wordCount\":417,\"publisher\":{\"@id\":\"https:\\\/\\\/www.arquimaster.com.ar\\\/web\\\/#organization\"},\"image\":{\"@id\":\"https:\\\/\\\/www.arquimaster.com.ar\\\/web\\\/equipos-carrier-transicold-para-transporte-de-vacunas-covid-19\\\/#primaryimage\"},\"thumbnailUrl\":\"https:\\\/\\\/www.arquimaster.com.ar\\\/web\\\/wp-content\\\/uploads\\\/2021\\\/02\\\/carrier_transicold_vacunas_covid-19_slide.jpg\",\"keywords\":[\"aire acondicionado\",\"Carrier\",\"Carrier Transicold\",\"Covid-19\",\"pandemia\",\"protocolo Covid-19\",\"refrigeracion\",\"refrigeracion para transporte\",\"Transicold\",\"Transicold X4\",\"transporte de refrigerados\",\"transporte de vacunas\",\"vacunas Covid-19\"],\"articleSection\":[\"Construccion\",\"Empresas de la construccion\"],\"inLanguage\":\"es\"},{\"@type\":\"WebPage\",\"@id\":\"https:\\\/\\\/www.arquimaster.com.ar\\\/web\\\/equipos-carrier-transicold-para-transporte-de-vacunas-covid-19\\\/\",\"url\":\"https:\\\/\\\/www.arquimaster.com.ar\\\/web\\\/equipos-carrier-transicold-para-transporte-de-vacunas-covid-19\\\/\",\"name\":\"Equipos Carrier Transicold para transporte de vacunas Covid-19 - Arquimaster\",\"isPartOf\":{\"@id\":\"https:\\\/\\\/www.arquimaster.com.ar\\\/web\\\/#website\"},\"primaryImageOfPage\":{\"@id\":\"https:\\\/\\\/www.arquimaster.com.ar\\\/web\\\/equipos-carrier-transicold-para-transporte-de-vacunas-covid-19\\\/#primaryimage\"},\"image\":{\"@id\":\"https:\\\/\\\/www.arquimaster.com.ar\\\/web\\\/equipos-carrier-transicold-para-transporte-de-vacunas-covid-19\\\/#primaryimage\"},\"thumbnailUrl\":\"https:\\\/\\\/www.arquimaster.com.ar\\\/web\\\/wp-content\\\/uploads\\\/2021\\\/02\\\/carrier_transicold_vacunas_covid-19_slide.jpg\",\"datePublished\":\"2021-02-12T14:48:00+00:00\",\"dateModified\":\"2025-07-25T22:30:06+00:00\",\"description\":\"La marca l\u00edder en refrigeraci\u00f3n a nivel mundial proporcion\u00f3 equipos de frio para para el transporte de las vacunas para el Covid-19 alrededor del mundo.\",\"breadcrumb\":{\"@id\":\"https:\\\/\\\/www.arquimaster.com.ar\\\/web\\\/equipos-carrier-transicold-para-transporte-de-vacunas-covid-19\\\/#breadcrumb\"},\"inLanguage\":\"es\",\"potentialAction\":[{\"@type\":\"ReadAction\",\"target\":[\"https:\\\/\\\/www.arquimaster.com.ar\\\/web\\\/equipos-carrier-transicold-para-transporte-de-vacunas-covid-19\\\/\"]}]},{\"@type\":\"ImageObject\",\"inLanguage\":\"es\",\"@id\":\"https:\\\/\\\/www.arquimaster.com.ar\\\/web\\\/equipos-carrier-transicold-para-transporte-de-vacunas-covid-19\\\/#primaryimage\",\"url\":\"https:\\\/\\\/www.arquimaster.com.ar\\\/web\\\/wp-content\\\/uploads\\\/2021\\\/02\\\/carrier_transicold_vacunas_covid-19_slide.jpg\",\"contentUrl\":\"https:\\\/\\\/www.arquimaster.com.ar\\\/web\\\/wp-content\\\/uploads\\\/2021\\\/02\\\/carrier_transicold_vacunas_covid-19_slide.jpg\",\"width\":698,\"height\":364,\"caption\":\"Equipos Carrier Transicold para transporte de vacunas Covid-19\"},{\"@type\":\"BreadcrumbList\",\"@id\":\"https:\\\/\\\/www.arquimaster.com.ar\\\/web\\\/equipos-carrier-transicold-para-transporte-de-vacunas-covid-19\\\/#breadcrumb\",\"itemListElement\":[{\"@type\":\"ListItem\",\"position\":1,\"name\":\"Portada\",\"item\":\"https:\\\/\\\/www.arquimaster.com.ar\\\/web\\\/\"},{\"@type\":\"ListItem\",\"position\":2,\"name\":\"Equipos Carrier Transicold para transporte de vacunas Covid-19\"}]},{\"@type\":\"WebSite\",\"@id\":\"https:\\\/\\\/www.arquimaster.com.ar\\\/web\\\/#website\",\"url\":\"https:\\\/\\\/www.arquimaster.com.ar\\\/web\\\/\",\"name\":\"Arquimaster\",\"description\":\"Web de arquitectura, dise\u00f1o y construccion\",\"publisher\":{\"@id\":\"https:\\\/\\\/www.arquimaster.com.ar\\\/web\\\/#organization\"},\"potentialAction\":[{\"@type\":\"SearchAction\",\"target\":{\"@type\":\"EntryPoint\",\"urlTemplate\":\"https:\\\/\\\/www.arquimaster.com.ar\\\/web\\\/?s={search_term_string}\"},\"query-input\":{\"@type\":\"PropertyValueSpecification\",\"valueRequired\":true,\"valueName\":\"search_term_string\"}}],\"inLanguage\":\"es\"},{\"@type\":\"Organization\",\"@id\":\"https:\\\/\\\/www.arquimaster.com.ar\\\/web\\\/#organization\",\"name\":\"Arquimaster\",\"url\":\"https:\\\/\\\/www.arquimaster.com.ar\\\/web\\\/\",\"logo\":{\"@type\":\"ImageObject\",\"inLanguage\":\"es\",\"@id\":\"https:\\\/\\\/www.arquimaster.com.ar\\\/web\\\/#\\\/schema\\\/logo\\\/image\\\/\",\"url\":\"https:\\\/\\\/www.arquimaster.com.ar\\\/web\\\/wp-content\\\/uploads\\\/2022\\\/06\\\/arquimaster.png\",\"contentUrl\":\"https:\\\/\\\/www.arquimaster.com.ar\\\/web\\\/wp-content\\\/uploads\\\/2022\\\/06\\\/arquimaster.png\",\"width\":594,\"height\":78,\"caption\":\"Arquimaster\"},\"image\":{\"@id\":\"https:\\\/\\\/www.arquimaster.com.ar\\\/web\\\/#\\\/schema\\\/logo\\\/image\\\/\"},\"sameAs\":[\"http:\\\/\\\/www.facebook.com\\\/ARQUIMASTER.com.ar\",\"https:\\\/\\\/x.com\\\/arquimaster\",\"https:\\\/\\\/www.instagram.com\\\/arquimasterblog\\\/\",\"https:\\\/\\\/www.linkedin.com\\\/company\\\/arquimaster\",\"https:\\\/\\\/www.pinterest.com\\\/arquimaster\",\"https:\\\/\\\/t.me\\\/arquimaster\"]},{\"@type\":\"Person\",\"@id\":\"https:\\\/\\\/www.arquimaster.com.ar\\\/web\\\/#\\\/schema\\\/person\\\/359e9f7c00193fcde068e0dd2ceb0028\",\"name\":\"Arquimaster\"}]}<\/script>\n<!-- \/ Yoast SEO plugin. -->","yoast_head_json":{"title":"Equipos Carrier Transicold para transporte de vacunas Covid-19 - Arquimaster","description":"La marca l\u00edder en refrigeraci\u00f3n a nivel mundial proporcion\u00f3 equipos de frio para para el transporte de las vacunas para el Covid-19 alrededor del mundo.","robots":{"index":"index","follow":"follow","max-snippet":"max-snippet:-1","max-image-preview":"max-image-preview:large","max-video-preview":"max-video-preview:-1"},"canonical":"https:\/\/www.arquimaster.com.ar\/web\/equipos-carrier-transicold-para-transporte-de-vacunas-covid-19\/","og_locale":"es_ES","og_type":"article","og_title":"Equipos Carrier Transicold para transporte de vacunas Covid-19","og_description":"La marca l\u00edder en refrigeraci\u00f3n a nivel mundial proporcion\u00f3 equipos de frio para para el transporte de las vacunas para el Covid-19 alrededor del mundo.","og_url":"https:\/\/www.arquimaster.com.ar\/web\/equipos-carrier-transicold-para-transporte-de-vacunas-covid-19\/","og_site_name":"Arquimaster","article_publisher":"http:\/\/www.facebook.com\/ARQUIMASTER.com.ar","article_published_time":"2021-02-12T14:48:00+00:00","article_modified_time":"2025-07-25T22:30:06+00:00","og_image":[{"width":698,"height":364,"url":"https:\/\/www.arquimaster.com.ar\/web\/wp-content\/uploads\/2021\/02\/carrier_transicold_vacunas_covid-19_slide.jpg","type":"image\/jpeg"}],"author":"Arquimaster","twitter_card":"summary_large_image","twitter_title":"Equipos Carrier Transicold para transporte de vacunas Covid-19","twitter_description":"La marca l\u00edder en refrigeraci\u00f3n a nivel mundial proporcion\u00f3 equipos de frio para para el transporte de las vacunas para el Covid-19 alrededor del mundo.","twitter_image":"https:\/\/www.arquimaster.com.ar\/web\/wp-content\/uploads\/2021\/02\/carrier_transicold_vacunas_covid-19_slide.jpg","twitter_creator":"@arquimaster","twitter_site":"@arquimaster","twitter_misc":{"Escrito por":"Arquimaster","Tiempo de lectura":"2 minutos"},"schema":{"@context":"https:\/\/schema.org","@graph":[{"@type":"Article","@id":"https:\/\/www.arquimaster.com.ar\/web\/equipos-carrier-transicold-para-transporte-de-vacunas-covid-19\/#article","isPartOf":{"@id":"https:\/\/www.arquimaster.com.ar\/web\/equipos-carrier-transicold-para-transporte-de-vacunas-covid-19\/"},"author":{"name":"Arquimaster","@id":"https:\/\/www.arquimaster.com.ar\/web\/#\/schema\/person\/359e9f7c00193fcde068e0dd2ceb0028"},"headline":"Equipos Carrier Transicold para transporte de vacunas Covid-19","datePublished":"2021-02-12T14:48:00+00:00","dateModified":"2025-07-25T22:30:06+00:00","mainEntityOfPage":{"@id":"https:\/\/www.arquimaster.com.ar\/web\/equipos-carrier-transicold-para-transporte-de-vacunas-covid-19\/"},"wordCount":417,"publisher":{"@id":"https:\/\/www.arquimaster.com.ar\/web\/#organization"},"image":{"@id":"https:\/\/www.arquimaster.com.ar\/web\/equipos-carrier-transicold-para-transporte-de-vacunas-covid-19\/#primaryimage"},"thumbnailUrl":"https:\/\/www.arquimaster.com.ar\/web\/wp-content\/uploads\/2021\/02\/carrier_transicold_vacunas_covid-19_slide.jpg","keywords":["aire acondicionado","Carrier","Carrier Transicold","Covid-19","pandemia","protocolo Covid-19","refrigeracion","refrigeracion para transporte","Transicold","Transicold X4","transporte de refrigerados","transporte de vacunas","vacunas Covid-19"],"articleSection":["Construccion","Empresas de la construccion"],"inLanguage":"es"},{"@type":"WebPage","@id":"https:\/\/www.arquimaster.com.ar\/web\/equipos-carrier-transicold-para-transporte-de-vacunas-covid-19\/","url":"https:\/\/www.arquimaster.com.ar\/web\/equipos-carrier-transicold-para-transporte-de-vacunas-covid-19\/","name":"Equipos Carrier Transicold para transporte de vacunas Covid-19 - Arquimaster","isPartOf":{"@id":"https:\/\/www.arquimaster.com.ar\/web\/#website"},"primaryImageOfPage":{"@id":"https:\/\/www.arquimaster.com.ar\/web\/equipos-carrier-transicold-para-transporte-de-vacunas-covid-19\/#primaryimage"},"image":{"@id":"https:\/\/www.arquimaster.com.ar\/web\/equipos-carrier-transicold-para-transporte-de-vacunas-covid-19\/#primaryimage"},"thumbnailUrl":"https:\/\/www.arquimaster.com.ar\/web\/wp-content\/uploads\/2021\/02\/carrier_transicold_vacunas_covid-19_slide.jpg","datePublished":"2021-02-12T14:48:00+00:00","dateModified":"2025-07-25T22:30:06+00:00","description":"La marca l\u00edder en refrigeraci\u00f3n a nivel mundial proporcion\u00f3 equipos de frio para para el transporte de las vacunas para el Covid-19 alrededor del mundo.","breadcrumb":{"@id":"https:\/\/www.arquimaster.com.ar\/web\/equipos-carrier-transicold-para-transporte-de-vacunas-covid-19\/#breadcrumb"},"inLanguage":"es","potentialAction":[{"@type":"ReadAction","target":["https:\/\/www.arquimaster.com.ar\/web\/equipos-carrier-transicold-para-transporte-de-vacunas-covid-19\/"]}]},{"@type":"ImageObject","inLanguage":"es","@id":"https:\/\/www.arquimaster.com.ar\/web\/equipos-carrier-transicold-para-transporte-de-vacunas-covid-19\/#primaryimage","url":"https:\/\/www.arquimaster.com.ar\/web\/wp-content\/uploads\/2021\/02\/carrier_transicold_vacunas_covid-19_slide.jpg","contentUrl":"https:\/\/www.arquimaster.com.ar\/web\/wp-content\/uploads\/2021\/02\/carrier_transicold_vacunas_covid-19_slide.jpg","width":698,"height":364,"caption":"Equipos Carrier Transicold para transporte de vacunas Covid-19"},{"@type":"BreadcrumbList","@id":"https:\/\/www.arquimaster.com.ar\/web\/equipos-carrier-transicold-para-transporte-de-vacunas-covid-19\/#breadcrumb","itemListElement":[{"@type":"ListItem","position":1,"name":"Portada","item":"https:\/\/www.arquimaster.com.ar\/web\/"},{"@type":"ListItem","position":2,"name":"Equipos Carrier Transicold para transporte de vacunas Covid-19"}]},{"@type":"WebSite","@id":"https:\/\/www.arquimaster.com.ar\/web\/#website","url":"https:\/\/www.arquimaster.com.ar\/web\/","name":"Arquimaster","description":"Web de arquitectura, dise\u00f1o y construccion","publisher":{"@id":"https:\/\/www.arquimaster.com.ar\/web\/#organization"},"potentialAction":[{"@type":"SearchAction","target":{"@type":"EntryPoint","urlTemplate":"https:\/\/www.arquimaster.com.ar\/web\/?s={search_term_string}"},"query-input":{"@type":"PropertyValueSpecification","valueRequired":true,"valueName":"search_term_string"}}],"inLanguage":"es"},{"@type":"Organization","@id":"https:\/\/www.arquimaster.com.ar\/web\/#organization","name":"Arquimaster","url":"https:\/\/www.arquimaster.com.ar\/web\/","logo":{"@type":"ImageObject","inLanguage":"es","@id":"https:\/\/www.arquimaster.com.ar\/web\/#\/schema\/logo\/image\/","url":"https:\/\/www.arquimaster.com.ar\/web\/wp-content\/uploads\/2022\/06\/arquimaster.png","contentUrl":"https:\/\/www.arquimaster.com.ar\/web\/wp-content\/uploads\/2022\/06\/arquimaster.png","width":594,"height":78,"caption":"Arquimaster"},"image":{"@id":"https:\/\/www.arquimaster.com.ar\/web\/#\/schema\/logo\/image\/"},"sameAs":["http:\/\/www.facebook.com\/ARQUIMASTER.com.ar","https:\/\/x.com\/arquimaster","https:\/\/www.instagram.com\/arquimasterblog\/","https:\/\/www.linkedin.com\/company\/arquimaster","https:\/\/www.pinterest.com\/arquimaster","https:\/\/t.me\/arquimaster"]},{"@type":"Person","@id":"https:\/\/www.arquimaster.com.ar\/web\/#\/schema\/person\/359e9f7c00193fcde068e0dd2ceb0028","name":"Arquimaster"}]}},"uagb_featured_image_src":{"full":["https:\/\/www.arquimaster.com.ar\/web\/wp-content\/uploads\/2021\/02\/carrier_transicold_vacunas_covid-19_slide.jpg",698,364,false],"thumbnail":["https:\/\/www.arquimaster.com.ar\/web\/wp-content\/uploads\/2021\/02\/carrier_transicold_vacunas_covid-19_slide-150x150.jpg",150,150,true],"medium":["https:\/\/www.arquimaster.com.ar\/web\/wp-content\/uploads\/2021\/02\/carrier_transicold_vacunas_covid-19_slide.jpg",698,364,false],"medium_large":["https:\/\/www.arquimaster.com.ar\/web\/wp-content\/uploads\/2021\/02\/carrier_transicold_vacunas_covid-19_slide.jpg",698,364,false],"large":["https:\/\/www.arquimaster.com.ar\/web\/wp-content\/uploads\/2021\/02\/carrier_transicold_vacunas_covid-19_slide.jpg",698,364,false],"1536x1536":["https:\/\/www.arquimaster.com.ar\/web\/wp-content\/uploads\/2021\/02\/carrier_transicold_vacunas_covid-19_slide.jpg",698,364,false],"2048x2048":["https:\/\/www.arquimaster.com.ar\/web\/wp-content\/uploads\/2021\/02\/carrier_transicold_vacunas_covid-19_slide.jpg",698,364,false]},"uagb_author_info":{"display_name":"Arquimaster","author_link":"https:\/\/www.arquimaster.com.ar\/web\/author\/arquimaster\/"},"uagb_comment_info":0,"uagb_excerpt":"La marca l\u00edder en refrigeraci\u00f3n a nivel mundial proporcion\u00f3 equipos de frio.","_links":{"self":[{"href":"https:\/\/www.arquimaster.com.ar\/web\/wp-json\/wp\/v2\/posts\/62757","targetHints":{"allow":["GET"]}}],"collection":[{"href":"https:\/\/www.arquimaster.com.ar\/web\/wp-json\/wp\/v2\/posts"}],"about":[{"href":"https:\/\/www.arquimaster.com.ar\/web\/wp-json\/wp\/v2\/types\/post"}],"author":[{"embeddable":true,"href":"https:\/\/www.arquimaster.com.ar\/web\/wp-json\/wp\/v2\/users\/1"}],"replies":[{"embeddable":true,"href":"https:\/\/www.arquimaster.com.ar\/web\/wp-json\/wp\/v2\/comments?post=62757"}],"version-history":[{"count":3,"href":"https:\/\/www.arquimaster.com.ar\/web\/wp-json\/wp\/v2\/posts\/62757\/revisions"}],"predecessor-version":[{"id":85292,"href":"https:\/\/www.arquimaster.com.ar\/web\/wp-json\/wp\/v2\/posts\/62757\/revisions\/85292"}],"wp:featuredmedia":[{"embeddable":true,"href":"https:\/\/www.arquimaster.com.ar\/web\/wp-json\/wp\/v2\/media\/62758"}],"wp:attachment":[{"href":"https:\/\/www.arquimaster.com.ar\/web\/wp-json\/wp\/v2\/media?parent=62757"}],"wp:term":[{"taxonomy":"category","embeddable":true,"href":"https:\/\/www.arquimaster.com.ar\/web\/wp-json\/wp\/v2\/categories?post=62757"},{"taxonomy":"post_tag","embeddable":true,"href":"https:\/\/www.arquimaster.com.ar\/web\/wp-json\/wp\/v2\/tags?post=62757"}],"curies":[{"name":"wp","href":"https:\/\/api.w.org\/{rel}","templated":true}]}}