{"id":62785,"date":"2021-02-12T14:33:00","date_gmt":"2021-02-12T17:33:00","guid":{"rendered":"https:\/\/www.arquimaster.com.ar\/web\/?p=62785"},"modified":"2021-02-16T14:46:24","modified_gmt":"2021-02-16T17:46:24","slug":"la-serie-crimson-de-proyectores-laser-de-christie-ilumina-el-victoria-memorial-con-unos-fabulosos-visuales-en-honor-de-un-heroe-nacional","status":"publish","type":"post","link":"https:\/\/www.arquimaster.com.ar\/web\/la-serie-crimson-de-proyectores-laser-de-christie-ilumina-el-victoria-memorial-con-unos-fabulosos-visuales-en-honor-de-un-heroe-nacional\/","title":{"rendered":"La Serie Crimson de proyectores l\u00e1ser de Christie ilumina el Victoria Memorial con unos fabulosos visuales en honor de un h\u00e9roe nacional"},"content":{"rendered":"<div style=\"margin-top: 0px; margin-bottom: 0px;\" class=\"sharethis-inline-share-buttons\" ><\/div><div class=\"b812932af2e751442846f039925109de\" data-index=\"1\" style=\"float: none; margin:25px 0 25px 0; text-align:center;\">\n<script async src=\"https:\/\/pagead2.googlesyndication.com\/pagead\/js\/adsbygoogle.js\"><\/script>\r\n<!-- Arquimaster (superior) -->\r\n<ins class=\"adsbygoogle\"\r\n     style=\"display:block\"\r\n     data-ad-client=\"ca-pub-6351072698456832\"\r\n     data-ad-slot=\"6455489680\"\r\n     data-ad-format=\"auto\"\r\n     data-full-width-responsive=\"true\"><\/ins>\r\n<script>\r\n     (adsbygoogle = window.adsbygoogle || []).push({});\r\n<\/script>\n<\/div>\n<h3><em><strong>El espect\u00e1culo de luz y sonido rinde tributo a la vida y obra del nacionalista y patriota Netaji Subhas Chandra Bose.<\/strong><\/em><\/h3>\n<p>Los <strong>proyectores 3DLP\u00ae l\u00e1ser<\/strong> de la <strong>Serie Crimson de Christie\u00ae<\/strong>, desplegados en un inspirador espect\u00e1culo de luz y sonido sobre la fachada del <strong>Victoria Memorial de Kolkata<\/strong>, asombran al visitante con unos impresionantes visuales en homenaje a la vida y la obra del nacionalista indio y luchador por la libertad <strong>Netaji Subhas Chandra Bose<\/strong>.<\/p>\n<p>A lo largo de veinte minutos, ocho<strong> proyectores l\u00e1ser<\/strong> de la <strong>Serie Crimson de Christie<\/strong> lanzan sus espectaculares im\u00e1genes sobre la fachada de m\u00e1rmol blanco del emblem\u00e1tico monumento de la ciudad india. La proyecci\u00f3n se ha convertido en una instalaci\u00f3n permanente, fruto de la colaboraci\u00f3n de dos viejos socios de Christie: <strong>Tricolor India Schauspiel<\/strong> y <strong>Modern Stage Services<\/strong>, dos empresas sobradamente conocidas en el campo de la integraci\u00f3n de sistemas, que han desarrollado numerosos proyectos de gran escala y m\u00e1xima calidad por todo el pa\u00eds.<\/p>\n<div id='gallery-1' class='gallery galleryid-62785 gallery-columns-3 gallery-size-thumbnail'><figure class='gallery-item'>\n\t\t\t<div class='gallery-icon landscape'>\n\t\t\t\t<a href='https:\/\/www.arquimaster.com.ar\/web\/wp-content\/uploads\/2021\/02\/proyectores_laser_christie_victoria_memorial3.jpg' title=\"La Serie Crimson de proyectores l\u00e1ser de Christie ilumina el Victoria Memorial con unos fabulosos visuales en honor de un h\u00e9roe nacional\" data-rl_title=\"La Serie Crimson de proyectores l\u00e1ser de Christie ilumina el Victoria Memorial con unos fabulosos visuales en honor de un h\u00e9roe nacional\" class=\"rl-gallery-link\" data-rl_caption=\"La Serie Crimson de proyectores l\u00e1ser de Christie ilumina el Victoria Memorial con unos fabulosos visuales en honor de un h\u00e9roe nacional\" data-rel=\"lightbox-gallery-1\"><img loading=\"lazy\" decoding=\"async\" width=\"150\" height=\"150\" src=\"https:\/\/www.arquimaster.com.ar\/web\/wp-content\/uploads\/2021\/02\/proyectores_laser_christie_victoria_memorial3-150x150.jpg\" class=\"attachment-thumbnail size-thumbnail\" alt=\"La Serie Crimson de proyectores l\u00e1ser de Christie ilumina el Victoria Memorial con unos fabulosos visuales en honor de un h\u00e9roe nacional\" aria-describedby=\"gallery-1-62787\" \/><\/a>\n\t\t\t<\/div>\n\t\t\t\t<figcaption class='wp-caption-text gallery-caption' id='gallery-1-62787'>\n\t\t\t\tLa Serie Crimson de proyectores l\u00e1ser de Christie ilumina el Victoria Memorial con unos fabulosos visuales en honor de un h\u00e9roe nacional\n\t\t\t\t<\/figcaption><\/figure><figure class='gallery-item'>\n\t\t\t<div class='gallery-icon landscape'>\n\t\t\t\t<a href='https:\/\/www.arquimaster.com.ar\/web\/wp-content\/uploads\/2021\/02\/proyectores_laser_christie_victoria_memorial1.jpg' title=\"La Serie Crimson de proyectores l\u00e1ser de Christie ilumina el Victoria Memorial con unos fabulosos visuales en honor de un h\u00e9roe nacional\" data-rl_title=\"La Serie Crimson de proyectores l\u00e1ser de Christie ilumina el Victoria Memorial con unos fabulosos visuales en honor de un h\u00e9roe nacional\" class=\"rl-gallery-link\" data-rl_caption=\"La Serie Crimson de proyectores l\u00e1ser de Christie ilumina el Victoria Memorial con unos fabulosos visuales en honor de un h\u00e9roe nacional\" data-rel=\"lightbox-gallery-1\"><img loading=\"lazy\" decoding=\"async\" width=\"150\" height=\"150\" src=\"https:\/\/www.arquimaster.com.ar\/web\/wp-content\/uploads\/2021\/02\/proyectores_laser_christie_victoria_memorial1-150x150.jpg\" class=\"attachment-thumbnail size-thumbnail\" alt=\"La Serie Crimson de proyectores l\u00e1ser de Christie ilumina el Victoria Memorial con unos fabulosos visuales en honor de un h\u00e9roe nacional\" aria-describedby=\"gallery-1-62788\" \/><\/a>\n\t\t\t<\/div>\n\t\t\t\t<figcaption class='wp-caption-text gallery-caption' id='gallery-1-62788'>\n\t\t\t\tLa Serie Crimson de proyectores l\u00e1ser de Christie ilumina el Victoria Memorial con unos fabulosos visuales en honor de un h\u00e9roe nacional\n\t\t\t\t<\/figcaption><\/figure><figure class='gallery-item'>\n\t\t\t<div class='gallery-icon landscape'>\n\t\t\t\t<a href='https:\/\/www.arquimaster.com.ar\/web\/wp-content\/uploads\/2021\/02\/proyectores_laser_christie_victoria_memorial2.jpg' title=\"La Serie Crimson de proyectores l\u00e1ser de Christie ilumina el Victoria Memorial con unos fabulosos visuales en honor de un h\u00e9roe nacional\" data-rl_title=\"La Serie Crimson de proyectores l\u00e1ser de Christie ilumina el Victoria Memorial con unos fabulosos visuales en honor de un h\u00e9roe nacional\" class=\"rl-gallery-link\" data-rl_caption=\"La Serie Crimson de proyectores l\u00e1ser de Christie ilumina el Victoria Memorial con unos fabulosos visuales en honor de un h\u00e9roe nacional\" data-rel=\"lightbox-gallery-1\"><img loading=\"lazy\" decoding=\"async\" width=\"150\" height=\"150\" src=\"https:\/\/www.arquimaster.com.ar\/web\/wp-content\/uploads\/2021\/02\/proyectores_laser_christie_victoria_memorial2-150x150.jpg\" class=\"attachment-thumbnail size-thumbnail\" alt=\"La Serie Crimson de proyectores l\u00e1ser de Christie ilumina el Victoria Memorial con unos fabulosos visuales en honor de un h\u00e9roe nacional\" aria-describedby=\"gallery-1-62789\" \/><\/a>\n\t\t\t<\/div>\n\t\t\t\t<figcaption class='wp-caption-text gallery-caption' id='gallery-1-62789'>\n\t\t\t\tLa Serie Crimson de proyectores l\u00e1ser de Christie ilumina el Victoria Memorial con unos fabulosos visuales en honor de un h\u00e9roe nacional\n\t\t\t\t<\/figcaption><\/figure>\n\t\t<\/div>\n\n<p>Inaugurado el 23 de enero por el Primer Ministro indio Narendra Modi, el grandioso espect\u00e1culo creado para celebrar el 125 aniversario del nacimiento de Bose, m\u00e1s conocido por su t\u00edtulo honor\u00edfico de \u00abNetaji\u00bb, o \u00abl\u00edder de respeto\u00bb en hindi, est\u00e1 considerado un hito tecnol\u00f3gico y art\u00edstico por haberse preparado en menos de cinco d\u00edas. Con sus flamantes im\u00e1genes y su impactante banda sonora, el <a href=\"https:\/\/www.arquimaster.com.ar\/web\/tag\/mapping\/\">mapping<\/a> es un homenaje muy apropiado al Netaji y a su extraordinaria contribuci\u00f3n a la lucha de su pueblo por la libertad. El gobierno indio ha anunciado adem\u00e1s que el nacimiento del Netaji ser\u00e1 conmemorado cada 23 de enero como \u00abParakram Diwas\u00bb, que en hindi significa \u00abd\u00eda del valor\u00bb. La decisi\u00f3n busca concienciar a los ciudadanos de la necesidad de actuar con fortaleza frente a la adversidad e infundir en ellos un esp\u00edritu patri\u00f3tico.<\/p>\n<p><em>\u00abNos sentimos honrados por haber participado en la creaci\u00f3n y ejecuci\u00f3n de este espect\u00e1culo de luz y sonido, que recuerda el indomable esp\u00edritu del Netaji y su generosa entrega al pa\u00eds, cuando se conmemora el 125 aniversario de su nacimiento\u00bb<\/em>, cuenta <strong>Himanshu Sabharwal<\/strong>, Director Creativo de Tricolor India Schauspiel. <em>\u00abLos contenidos proyectados, y meticulosamente dise\u00f1ados, reflejan ese esp\u00edritu y esa entrega. A pesar de lo ajustado del plazo, tengo la convicci\u00f3n de que nuestro bagaje de a\u00f1os acumulando conocimientos y experiencia en la concepci\u00f3n y ejecuci\u00f3n de grandes proyectos es lo que nos ha permitido desplegar con \u00e9xito este espect\u00e1culo\u00bb<\/em>.<\/p>\n<p><strong>Davinder Wadhwa<\/strong>, Director Ejecutivo de Modern Stage Services, a\u00f1ade: <em>\u00abTrat\u00e1ndose de una instalaci\u00f3n permanente, necesit\u00e1bamos un sistema de proyecci\u00f3n de alto brillo, buen rendimiento y m\u00e1xima fiabilidad, adem\u00e1s de resistente y duradero, y que funcionara con poco o ning\u00fan mantenimiento. Enseguida nos dimos cuenta de que los proyectores l\u00e1ser de la Serie Crimson de Christie cumpl\u00edan esos requisitos y contaban ya con un historial de \u00e9xito en India. En nuestra opini\u00f3n, la Serie Crimson era la m\u00e1s adecuada para proyectar unos visuales como los que se contemplan en este gran espect\u00e1culo en exteriores\u00bb<\/em>.<\/p>\n<p>La idea de recurrir a las soluciones de la Serie Crimson se vio pronto respaldada por el propio cliente, profundamente impresionado por la mejor eficiencia lum\u00ednica y control crom\u00e1tico de los sistemas de proyecci\u00f3n 3DLP\u00ae de Christie en comparaci\u00f3n con cualquier tecnolog\u00eda de proyecci\u00f3n presente en el mercado. Antes de la inauguraci\u00f3n se colocaron los ocho proyectores Crimson en unos andamios levantados justo enfrente del Victoria Memorial. A largo plazo, el plan contempla albergar todos los proyectores en cerramientos, para protegerlos de las inclemencias meteorol\u00f3gicas.<\/p>\n<p><strong>Michael Bosworth<\/strong>, Vicepresidente Ejecutivo de Enterprise, Christie, comenta: <em>\u00abEstamos encantados con la elecci\u00f3n de la Serie Crimson de Christie para iluminar el Victoria Memorial con este impresionante espect\u00e1culo de luz y sonido en homenaje a uno de los h\u00e9roes indios m\u00e1s queridos. Mi m\u00e1s profunda enhorabuena a los eficientes equipos de Himanshu y Davinder por haber llevado a buen puerto esta importante instalaci\u00f3n en menos de cinco d\u00edas, un plazo brev\u00edsimo que no ha restado un \u00e1pice de atractivo a un espect\u00e1culo que es ya motivo de orgullo para todo un pa\u00eds\u00bb<\/em>.<\/p>\n<p>Concebida tanto para espect\u00e1culos fijos como para eventos en vivo, la <strong>Serie Crimson de Christie<\/strong> es resistente y f\u00e1cil de transportar, manejar e instalar, gracias a su factor de forma compacto, funcionamiento silencioso y orientaci\u00f3n de 360\u00ba. Con su brillo duradero (larga vida de 20.000 horas de luz), fiabilidad a prueba de bomba, TruLife Electronics y BoldColor Technology, la Serie Crimson combina lo mejor en iluminaci\u00f3n de estado s\u00f3lido con unas calidades de brillo y color que la convierten en la soluci\u00f3n perfecta para grandes espacios, eventos en vivo y entornos de uso intensivo.<\/p>\n\n<div style=\"font-size: 0px; height: 0px; line-height: 0px; margin: 0; padding: 0; clear: both;\"><\/div><div style=\"margin-top: 0px; margin-bottom: 0px;\" class=\"sharethis-inline-share-buttons\" ><\/div>","protected":false},"excerpt":{"rendered":"<p>Proyectores l\u00e1ser desplegados en un inspirador espect\u00e1culo de luz y sonido sobre la fachada&#8230;<\/p>\n","protected":false},"author":1,"featured_media":62786,"comment_status":"closed","ping_status":"closed","sticky":false,"template":"","format":"standard","meta":{"_uag_custom_page_level_css":"","footnotes":""},"categories":[70,68],"tags":[6881,6879,6878,964,488,6877,6883,6880,6882],"class_list":["post-62785","post","type-post","status-publish","format-standard","has-post-thumbnail","hentry","category-noticias-arquitectura","category-novedades","tag-3dlp","tag-calcuta","tag-christie","tag-india","tag-mapping","tag-proyector-laser","tag-proyectores-laser","tag-serie-crimson","tag-sistemas-de-proyeccion-3dlp","generate-columns","tablet-grid-50","mobile-grid-100","grid-parent","grid-50"],"yoast_head":"<!-- This site is optimized with the Yoast SEO plugin v27.3 - https:\/\/yoast.com\/product\/yoast-seo-wordpress\/ -->\n<title>La Serie Crimson de proyectores l\u00e1ser de Christie ilumina el Victoria Memorial con unos fabulosos visuales en honor de un h\u00e9roe nacional - Arquimaster<\/title>\n<meta name=\"description\" content=\"Proyectores 3DLP\u00ae l\u00e1ser de la Serie Crimson de Christie\u00ae, desplegados en un inspirador espect\u00e1culo de luz y sonido sobre la fachada.\" \/>\n<meta name=\"robots\" content=\"index, follow, max-snippet:-1, max-image-preview:large, max-video-preview:-1\" \/>\n<link rel=\"canonical\" href=\"https:\/\/www.arquimaster.com.ar\/web\/la-serie-crimson-de-proyectores-laser-de-christie-ilumina-el-victoria-memorial-con-unos-fabulosos-visuales-en-honor-de-un-heroe-nacional\/\" \/>\n<meta property=\"og:locale\" content=\"es_ES\" \/>\n<meta property=\"og:type\" content=\"article\" \/>\n<meta property=\"og:title\" content=\"La Serie Crimson de proyectores l\u00e1ser de Christie ilumina el Victoria Memorial con unos fabulosos visuales en honor de un h\u00e9roe nacional\" \/>\n<meta property=\"og:description\" content=\"Proyectores 3DLP\u00ae l\u00e1ser de la Serie Crimson de Christie\u00ae, desplegados en un inspirador espect\u00e1culo de luz y sonido sobre la fachada.\" \/>\n<meta property=\"og:url\" content=\"https:\/\/www.arquimaster.com.ar\/web\/la-serie-crimson-de-proyectores-laser-de-christie-ilumina-el-victoria-memorial-con-unos-fabulosos-visuales-en-honor-de-un-heroe-nacional\/\" \/>\n<meta property=\"og:site_name\" content=\"Arquimaster\" \/>\n<meta property=\"article:publisher\" content=\"http:\/\/www.facebook.com\/ARQUIMASTER.com.ar\" \/>\n<meta property=\"article:published_time\" content=\"2021-02-12T17:33:00+00:00\" \/>\n<meta property=\"article:modified_time\" content=\"2021-02-16T17:46:24+00:00\" \/>\n<meta property=\"og:image\" content=\"https:\/\/www.arquimaster.com.ar\/web\/wp-content\/uploads\/2021\/02\/proyectores_laser_christie_victoria_memorial_slide.jpg\" \/>\n\t<meta property=\"og:image:width\" content=\"698\" \/>\n\t<meta property=\"og:image:height\" content=\"364\" \/>\n\t<meta property=\"og:image:type\" content=\"image\/jpeg\" \/>\n<meta name=\"author\" content=\"Arquimaster\" \/>\n<meta name=\"twitter:card\" content=\"summary_large_image\" \/>\n<meta name=\"twitter:title\" content=\"La Serie Crimson de proyectores l\u00e1ser de Christie ilumina el Victoria Memorial con unos fabulosos visuales en honor de un h\u00e9roe nacional\" \/>\n<meta name=\"twitter:description\" content=\"Proyectores 3DLP\u00ae l\u00e1ser de la Serie Crimson de Christie\u00ae, desplegados en un inspirador espect\u00e1culo de luz y sonido sobre la fachada.\" \/>\n<meta name=\"twitter:image\" content=\"https:\/\/www.arquimaster.com.ar\/web\/wp-content\/uploads\/2021\/02\/proyectores_laser_christie_victoria_memorial_slide.jpg\" \/>\n<meta name=\"twitter:creator\" content=\"@arquimaster\" \/>\n<meta name=\"twitter:site\" content=\"@arquimaster\" \/>\n<meta name=\"twitter:label1\" content=\"Escrito por\" \/>\n\t<meta name=\"twitter:data1\" content=\"Arquimaster\" \/>\n\t<meta name=\"twitter:label2\" content=\"Tiempo de lectura\" \/>\n\t<meta name=\"twitter:data2\" content=\"4 minutos\" \/>\n<script type=\"application\/ld+json\" class=\"yoast-schema-graph\">{\"@context\":\"https:\\\/\\\/schema.org\",\"@graph\":[{\"@type\":\"Article\",\"@id\":\"https:\\\/\\\/www.arquimaster.com.ar\\\/web\\\/la-serie-crimson-de-proyectores-laser-de-christie-ilumina-el-victoria-memorial-con-unos-fabulosos-visuales-en-honor-de-un-heroe-nacional\\\/#article\",\"isPartOf\":{\"@id\":\"https:\\\/\\\/www.arquimaster.com.ar\\\/web\\\/la-serie-crimson-de-proyectores-laser-de-christie-ilumina-el-victoria-memorial-con-unos-fabulosos-visuales-en-honor-de-un-heroe-nacional\\\/\"},\"author\":{\"name\":\"Arquimaster\",\"@id\":\"https:\\\/\\\/www.arquimaster.com.ar\\\/web\\\/#\\\/schema\\\/person\\\/359e9f7c00193fcde068e0dd2ceb0028\"},\"headline\":\"La Serie Crimson de proyectores l\u00e1ser de Christie ilumina el Victoria Memorial con unos fabulosos visuales en honor de un h\u00e9roe nacional\",\"datePublished\":\"2021-02-12T17:33:00+00:00\",\"dateModified\":\"2021-02-16T17:46:24+00:00\",\"mainEntityOfPage\":{\"@id\":\"https:\\\/\\\/www.arquimaster.com.ar\\\/web\\\/la-serie-crimson-de-proyectores-laser-de-christie-ilumina-el-victoria-memorial-con-unos-fabulosos-visuales-en-honor-de-un-heroe-nacional\\\/\"},\"wordCount\":861,\"publisher\":{\"@id\":\"https:\\\/\\\/www.arquimaster.com.ar\\\/web\\\/#organization\"},\"image\":{\"@id\":\"https:\\\/\\\/www.arquimaster.com.ar\\\/web\\\/la-serie-crimson-de-proyectores-laser-de-christie-ilumina-el-victoria-memorial-con-unos-fabulosos-visuales-en-honor-de-un-heroe-nacional\\\/#primaryimage\"},\"thumbnailUrl\":\"https:\\\/\\\/www.arquimaster.com.ar\\\/web\\\/wp-content\\\/uploads\\\/2021\\\/02\\\/proyectores_laser_christie_victoria_memorial_slide.jpg\",\"keywords\":[\"3DLP\",\"Calcuta\",\"Christie\",\"India\",\"mapping\",\"proyector l\u00e1ser\",\"proyectores l\u00e1ser\",\"Serie Crimson\",\"sistemas de proyecci\u00f3n 3DLP\"],\"articleSection\":[\"Noticias de arquitectura y dise\u00f1o\",\"Novedades\"],\"inLanguage\":\"es\"},{\"@type\":\"WebPage\",\"@id\":\"https:\\\/\\\/www.arquimaster.com.ar\\\/web\\\/la-serie-crimson-de-proyectores-laser-de-christie-ilumina-el-victoria-memorial-con-unos-fabulosos-visuales-en-honor-de-un-heroe-nacional\\\/\",\"url\":\"https:\\\/\\\/www.arquimaster.com.ar\\\/web\\\/la-serie-crimson-de-proyectores-laser-de-christie-ilumina-el-victoria-memorial-con-unos-fabulosos-visuales-en-honor-de-un-heroe-nacional\\\/\",\"name\":\"La Serie Crimson de proyectores l\u00e1ser de Christie ilumina el Victoria Memorial con unos fabulosos visuales en honor de un h\u00e9roe nacional - Arquimaster\",\"isPartOf\":{\"@id\":\"https:\\\/\\\/www.arquimaster.com.ar\\\/web\\\/#website\"},\"primaryImageOfPage\":{\"@id\":\"https:\\\/\\\/www.arquimaster.com.ar\\\/web\\\/la-serie-crimson-de-proyectores-laser-de-christie-ilumina-el-victoria-memorial-con-unos-fabulosos-visuales-en-honor-de-un-heroe-nacional\\\/#primaryimage\"},\"image\":{\"@id\":\"https:\\\/\\\/www.arquimaster.com.ar\\\/web\\\/la-serie-crimson-de-proyectores-laser-de-christie-ilumina-el-victoria-memorial-con-unos-fabulosos-visuales-en-honor-de-un-heroe-nacional\\\/#primaryimage\"},\"thumbnailUrl\":\"https:\\\/\\\/www.arquimaster.com.ar\\\/web\\\/wp-content\\\/uploads\\\/2021\\\/02\\\/proyectores_laser_christie_victoria_memorial_slide.jpg\",\"datePublished\":\"2021-02-12T17:33:00+00:00\",\"dateModified\":\"2021-02-16T17:46:24+00:00\",\"description\":\"Proyectores 3DLP\u00ae l\u00e1ser de la Serie Crimson de Christie\u00ae, desplegados en un inspirador espect\u00e1culo de luz y sonido sobre la fachada.\",\"breadcrumb\":{\"@id\":\"https:\\\/\\\/www.arquimaster.com.ar\\\/web\\\/la-serie-crimson-de-proyectores-laser-de-christie-ilumina-el-victoria-memorial-con-unos-fabulosos-visuales-en-honor-de-un-heroe-nacional\\\/#breadcrumb\"},\"inLanguage\":\"es\",\"potentialAction\":[{\"@type\":\"ReadAction\",\"target\":[\"https:\\\/\\\/www.arquimaster.com.ar\\\/web\\\/la-serie-crimson-de-proyectores-laser-de-christie-ilumina-el-victoria-memorial-con-unos-fabulosos-visuales-en-honor-de-un-heroe-nacional\\\/\"]}]},{\"@type\":\"ImageObject\",\"inLanguage\":\"es\",\"@id\":\"https:\\\/\\\/www.arquimaster.com.ar\\\/web\\\/la-serie-crimson-de-proyectores-laser-de-christie-ilumina-el-victoria-memorial-con-unos-fabulosos-visuales-en-honor-de-un-heroe-nacional\\\/#primaryimage\",\"url\":\"https:\\\/\\\/www.arquimaster.com.ar\\\/web\\\/wp-content\\\/uploads\\\/2021\\\/02\\\/proyectores_laser_christie_victoria_memorial_slide.jpg\",\"contentUrl\":\"https:\\\/\\\/www.arquimaster.com.ar\\\/web\\\/wp-content\\\/uploads\\\/2021\\\/02\\\/proyectores_laser_christie_victoria_memorial_slide.jpg\",\"width\":698,\"height\":364,\"caption\":\"La Serie Crimson de proyectores l\u00e1ser de Christie ilumina el Victoria Memorial con unos fabulosos visuales en honor de un h\u00e9roe nacional\"},{\"@type\":\"BreadcrumbList\",\"@id\":\"https:\\\/\\\/www.arquimaster.com.ar\\\/web\\\/la-serie-crimson-de-proyectores-laser-de-christie-ilumina-el-victoria-memorial-con-unos-fabulosos-visuales-en-honor-de-un-heroe-nacional\\\/#breadcrumb\",\"itemListElement\":[{\"@type\":\"ListItem\",\"position\":1,\"name\":\"Portada\",\"item\":\"https:\\\/\\\/www.arquimaster.com.ar\\\/web\\\/\"},{\"@type\":\"ListItem\",\"position\":2,\"name\":\"La Serie Crimson de proyectores l\u00e1ser de Christie ilumina el Victoria Memorial con unos fabulosos visuales en honor de un h\u00e9roe nacional\"}]},{\"@type\":\"WebSite\",\"@id\":\"https:\\\/\\\/www.arquimaster.com.ar\\\/web\\\/#website\",\"url\":\"https:\\\/\\\/www.arquimaster.com.ar\\\/web\\\/\",\"name\":\"Arquimaster\",\"description\":\"Web de arquitectura, dise\u00f1o y construccion\",\"publisher\":{\"@id\":\"https:\\\/\\\/www.arquimaster.com.ar\\\/web\\\/#organization\"},\"potentialAction\":[{\"@type\":\"SearchAction\",\"target\":{\"@type\":\"EntryPoint\",\"urlTemplate\":\"https:\\\/\\\/www.arquimaster.com.ar\\\/web\\\/?s={search_term_string}\"},\"query-input\":{\"@type\":\"PropertyValueSpecification\",\"valueRequired\":true,\"valueName\":\"search_term_string\"}}],\"inLanguage\":\"es\"},{\"@type\":\"Organization\",\"@id\":\"https:\\\/\\\/www.arquimaster.com.ar\\\/web\\\/#organization\",\"name\":\"Arquimaster\",\"url\":\"https:\\\/\\\/www.arquimaster.com.ar\\\/web\\\/\",\"logo\":{\"@type\":\"ImageObject\",\"inLanguage\":\"es\",\"@id\":\"https:\\\/\\\/www.arquimaster.com.ar\\\/web\\\/#\\\/schema\\\/logo\\\/image\\\/\",\"url\":\"https:\\\/\\\/www.arquimaster.com.ar\\\/web\\\/wp-content\\\/uploads\\\/2022\\\/06\\\/arquimaster.png\",\"contentUrl\":\"https:\\\/\\\/www.arquimaster.com.ar\\\/web\\\/wp-content\\\/uploads\\\/2022\\\/06\\\/arquimaster.png\",\"width\":594,\"height\":78,\"caption\":\"Arquimaster\"},\"image\":{\"@id\":\"https:\\\/\\\/www.arquimaster.com.ar\\\/web\\\/#\\\/schema\\\/logo\\\/image\\\/\"},\"sameAs\":[\"http:\\\/\\\/www.facebook.com\\\/ARQUIMASTER.com.ar\",\"https:\\\/\\\/x.com\\\/arquimaster\",\"https:\\\/\\\/www.instagram.com\\\/arquimasterblog\\\/\",\"https:\\\/\\\/www.linkedin.com\\\/company\\\/arquimaster\",\"https:\\\/\\\/www.pinterest.com\\\/arquimaster\",\"https:\\\/\\\/t.me\\\/arquimaster\"]},{\"@type\":\"Person\",\"@id\":\"https:\\\/\\\/www.arquimaster.com.ar\\\/web\\\/#\\\/schema\\\/person\\\/359e9f7c00193fcde068e0dd2ceb0028\",\"name\":\"Arquimaster\"}]}<\/script>\n<!-- \/ Yoast SEO plugin. -->","yoast_head_json":{"title":"La Serie Crimson de proyectores l\u00e1ser de Christie ilumina el Victoria Memorial con unos fabulosos visuales en honor de un h\u00e9roe nacional - Arquimaster","description":"Proyectores 3DLP\u00ae l\u00e1ser de la Serie Crimson de Christie\u00ae, desplegados en un inspirador espect\u00e1culo de luz y sonido sobre la fachada.","robots":{"index":"index","follow":"follow","max-snippet":"max-snippet:-1","max-image-preview":"max-image-preview:large","max-video-preview":"max-video-preview:-1"},"canonical":"https:\/\/www.arquimaster.com.ar\/web\/la-serie-crimson-de-proyectores-laser-de-christie-ilumina-el-victoria-memorial-con-unos-fabulosos-visuales-en-honor-de-un-heroe-nacional\/","og_locale":"es_ES","og_type":"article","og_title":"La Serie Crimson de proyectores l\u00e1ser de Christie ilumina el Victoria Memorial con unos fabulosos visuales en honor de un h\u00e9roe nacional","og_description":"Proyectores 3DLP\u00ae l\u00e1ser de la Serie Crimson de Christie\u00ae, desplegados en un inspirador espect\u00e1culo de luz y sonido sobre la fachada.","og_url":"https:\/\/www.arquimaster.com.ar\/web\/la-serie-crimson-de-proyectores-laser-de-christie-ilumina-el-victoria-memorial-con-unos-fabulosos-visuales-en-honor-de-un-heroe-nacional\/","og_site_name":"Arquimaster","article_publisher":"http:\/\/www.facebook.com\/ARQUIMASTER.com.ar","article_published_time":"2021-02-12T17:33:00+00:00","article_modified_time":"2021-02-16T17:46:24+00:00","og_image":[{"width":698,"height":364,"url":"https:\/\/www.arquimaster.com.ar\/web\/wp-content\/uploads\/2021\/02\/proyectores_laser_christie_victoria_memorial_slide.jpg","type":"image\/jpeg"}],"author":"Arquimaster","twitter_card":"summary_large_image","twitter_title":"La Serie Crimson de proyectores l\u00e1ser de Christie ilumina el Victoria Memorial con unos fabulosos visuales en honor de un h\u00e9roe nacional","twitter_description":"Proyectores 3DLP\u00ae l\u00e1ser de la Serie Crimson de Christie\u00ae, desplegados en un inspirador espect\u00e1culo de luz y sonido sobre la fachada.","twitter_image":"https:\/\/www.arquimaster.com.ar\/web\/wp-content\/uploads\/2021\/02\/proyectores_laser_christie_victoria_memorial_slide.jpg","twitter_creator":"@arquimaster","twitter_site":"@arquimaster","twitter_misc":{"Escrito por":"Arquimaster","Tiempo de lectura":"4 minutos"},"schema":{"@context":"https:\/\/schema.org","@graph":[{"@type":"Article","@id":"https:\/\/www.arquimaster.com.ar\/web\/la-serie-crimson-de-proyectores-laser-de-christie-ilumina-el-victoria-memorial-con-unos-fabulosos-visuales-en-honor-de-un-heroe-nacional\/#article","isPartOf":{"@id":"https:\/\/www.arquimaster.com.ar\/web\/la-serie-crimson-de-proyectores-laser-de-christie-ilumina-el-victoria-memorial-con-unos-fabulosos-visuales-en-honor-de-un-heroe-nacional\/"},"author":{"name":"Arquimaster","@id":"https:\/\/www.arquimaster.com.ar\/web\/#\/schema\/person\/359e9f7c00193fcde068e0dd2ceb0028"},"headline":"La Serie Crimson de proyectores l\u00e1ser de Christie ilumina el Victoria Memorial con unos fabulosos visuales en honor de un h\u00e9roe nacional","datePublished":"2021-02-12T17:33:00+00:00","dateModified":"2021-02-16T17:46:24+00:00","mainEntityOfPage":{"@id":"https:\/\/www.arquimaster.com.ar\/web\/la-serie-crimson-de-proyectores-laser-de-christie-ilumina-el-victoria-memorial-con-unos-fabulosos-visuales-en-honor-de-un-heroe-nacional\/"},"wordCount":861,"publisher":{"@id":"https:\/\/www.arquimaster.com.ar\/web\/#organization"},"image":{"@id":"https:\/\/www.arquimaster.com.ar\/web\/la-serie-crimson-de-proyectores-laser-de-christie-ilumina-el-victoria-memorial-con-unos-fabulosos-visuales-en-honor-de-un-heroe-nacional\/#primaryimage"},"thumbnailUrl":"https:\/\/www.arquimaster.com.ar\/web\/wp-content\/uploads\/2021\/02\/proyectores_laser_christie_victoria_memorial_slide.jpg","keywords":["3DLP","Calcuta","Christie","India","mapping","proyector l\u00e1ser","proyectores l\u00e1ser","Serie Crimson","sistemas de proyecci\u00f3n 3DLP"],"articleSection":["Noticias de arquitectura y dise\u00f1o","Novedades"],"inLanguage":"es"},{"@type":"WebPage","@id":"https:\/\/www.arquimaster.com.ar\/web\/la-serie-crimson-de-proyectores-laser-de-christie-ilumina-el-victoria-memorial-con-unos-fabulosos-visuales-en-honor-de-un-heroe-nacional\/","url":"https:\/\/www.arquimaster.com.ar\/web\/la-serie-crimson-de-proyectores-laser-de-christie-ilumina-el-victoria-memorial-con-unos-fabulosos-visuales-en-honor-de-un-heroe-nacional\/","name":"La Serie Crimson de proyectores l\u00e1ser de Christie ilumina el Victoria Memorial con unos fabulosos visuales en honor de un h\u00e9roe nacional - Arquimaster","isPartOf":{"@id":"https:\/\/www.arquimaster.com.ar\/web\/#website"},"primaryImageOfPage":{"@id":"https:\/\/www.arquimaster.com.ar\/web\/la-serie-crimson-de-proyectores-laser-de-christie-ilumina-el-victoria-memorial-con-unos-fabulosos-visuales-en-honor-de-un-heroe-nacional\/#primaryimage"},"image":{"@id":"https:\/\/www.arquimaster.com.ar\/web\/la-serie-crimson-de-proyectores-laser-de-christie-ilumina-el-victoria-memorial-con-unos-fabulosos-visuales-en-honor-de-un-heroe-nacional\/#primaryimage"},"thumbnailUrl":"https:\/\/www.arquimaster.com.ar\/web\/wp-content\/uploads\/2021\/02\/proyectores_laser_christie_victoria_memorial_slide.jpg","datePublished":"2021-02-12T17:33:00+00:00","dateModified":"2021-02-16T17:46:24+00:00","description":"Proyectores 3DLP\u00ae l\u00e1ser de la Serie Crimson de Christie\u00ae, desplegados en un inspirador espect\u00e1culo de luz y sonido sobre la fachada.","breadcrumb":{"@id":"https:\/\/www.arquimaster.com.ar\/web\/la-serie-crimson-de-proyectores-laser-de-christie-ilumina-el-victoria-memorial-con-unos-fabulosos-visuales-en-honor-de-un-heroe-nacional\/#breadcrumb"},"inLanguage":"es","potentialAction":[{"@type":"ReadAction","target":["https:\/\/www.arquimaster.com.ar\/web\/la-serie-crimson-de-proyectores-laser-de-christie-ilumina-el-victoria-memorial-con-unos-fabulosos-visuales-en-honor-de-un-heroe-nacional\/"]}]},{"@type":"ImageObject","inLanguage":"es","@id":"https:\/\/www.arquimaster.com.ar\/web\/la-serie-crimson-de-proyectores-laser-de-christie-ilumina-el-victoria-memorial-con-unos-fabulosos-visuales-en-honor-de-un-heroe-nacional\/#primaryimage","url":"https:\/\/www.arquimaster.com.ar\/web\/wp-content\/uploads\/2021\/02\/proyectores_laser_christie_victoria_memorial_slide.jpg","contentUrl":"https:\/\/www.arquimaster.com.ar\/web\/wp-content\/uploads\/2021\/02\/proyectores_laser_christie_victoria_memorial_slide.jpg","width":698,"height":364,"caption":"La Serie Crimson de proyectores l\u00e1ser de Christie ilumina el Victoria Memorial con unos fabulosos visuales en honor de un h\u00e9roe nacional"},{"@type":"BreadcrumbList","@id":"https:\/\/www.arquimaster.com.ar\/web\/la-serie-crimson-de-proyectores-laser-de-christie-ilumina-el-victoria-memorial-con-unos-fabulosos-visuales-en-honor-de-un-heroe-nacional\/#breadcrumb","itemListElement":[{"@type":"ListItem","position":1,"name":"Portada","item":"https:\/\/www.arquimaster.com.ar\/web\/"},{"@type":"ListItem","position":2,"name":"La Serie Crimson de proyectores l\u00e1ser de Christie ilumina el Victoria Memorial con unos fabulosos visuales en honor de un h\u00e9roe nacional"}]},{"@type":"WebSite","@id":"https:\/\/www.arquimaster.com.ar\/web\/#website","url":"https:\/\/www.arquimaster.com.ar\/web\/","name":"Arquimaster","description":"Web de arquitectura, dise\u00f1o y construccion","publisher":{"@id":"https:\/\/www.arquimaster.com.ar\/web\/#organization"},"potentialAction":[{"@type":"SearchAction","target":{"@type":"EntryPoint","urlTemplate":"https:\/\/www.arquimaster.com.ar\/web\/?s={search_term_string}"},"query-input":{"@type":"PropertyValueSpecification","valueRequired":true,"valueName":"search_term_string"}}],"inLanguage":"es"},{"@type":"Organization","@id":"https:\/\/www.arquimaster.com.ar\/web\/#organization","name":"Arquimaster","url":"https:\/\/www.arquimaster.com.ar\/web\/","logo":{"@type":"ImageObject","inLanguage":"es","@id":"https:\/\/www.arquimaster.com.ar\/web\/#\/schema\/logo\/image\/","url":"https:\/\/www.arquimaster.com.ar\/web\/wp-content\/uploads\/2022\/06\/arquimaster.png","contentUrl":"https:\/\/www.arquimaster.com.ar\/web\/wp-content\/uploads\/2022\/06\/arquimaster.png","width":594,"height":78,"caption":"Arquimaster"},"image":{"@id":"https:\/\/www.arquimaster.com.ar\/web\/#\/schema\/logo\/image\/"},"sameAs":["http:\/\/www.facebook.com\/ARQUIMASTER.com.ar","https:\/\/x.com\/arquimaster","https:\/\/www.instagram.com\/arquimasterblog\/","https:\/\/www.linkedin.com\/company\/arquimaster","https:\/\/www.pinterest.com\/arquimaster","https:\/\/t.me\/arquimaster"]},{"@type":"Person","@id":"https:\/\/www.arquimaster.com.ar\/web\/#\/schema\/person\/359e9f7c00193fcde068e0dd2ceb0028","name":"Arquimaster"}]}},"uagb_featured_image_src":{"full":["https:\/\/www.arquimaster.com.ar\/web\/wp-content\/uploads\/2021\/02\/proyectores_laser_christie_victoria_memorial_slide.jpg",698,364,false],"thumbnail":["https:\/\/www.arquimaster.com.ar\/web\/wp-content\/uploads\/2021\/02\/proyectores_laser_christie_victoria_memorial_slide-150x150.jpg",150,150,true],"medium":["https:\/\/www.arquimaster.com.ar\/web\/wp-content\/uploads\/2021\/02\/proyectores_laser_christie_victoria_memorial_slide.jpg",698,364,false],"medium_large":["https:\/\/www.arquimaster.com.ar\/web\/wp-content\/uploads\/2021\/02\/proyectores_laser_christie_victoria_memorial_slide.jpg",698,364,false],"large":["https:\/\/www.arquimaster.com.ar\/web\/wp-content\/uploads\/2021\/02\/proyectores_laser_christie_victoria_memorial_slide.jpg",698,364,false],"1536x1536":["https:\/\/www.arquimaster.com.ar\/web\/wp-content\/uploads\/2021\/02\/proyectores_laser_christie_victoria_memorial_slide.jpg",698,364,false],"2048x2048":["https:\/\/www.arquimaster.com.ar\/web\/wp-content\/uploads\/2021\/02\/proyectores_laser_christie_victoria_memorial_slide.jpg",698,364,false]},"uagb_author_info":{"display_name":"Arquimaster","author_link":"https:\/\/www.arquimaster.com.ar\/web\/author\/arquimaster\/"},"uagb_comment_info":0,"uagb_excerpt":"Proyectores l\u00e1ser desplegados en un inspirador espect\u00e1culo de luz y sonido sobre la fachada...","_links":{"self":[{"href":"https:\/\/www.arquimaster.com.ar\/web\/wp-json\/wp\/v2\/posts\/62785","targetHints":{"allow":["GET"]}}],"collection":[{"href":"https:\/\/www.arquimaster.com.ar\/web\/wp-json\/wp\/v2\/posts"}],"about":[{"href":"https:\/\/www.arquimaster.com.ar\/web\/wp-json\/wp\/v2\/types\/post"}],"author":[{"embeddable":true,"href":"https:\/\/www.arquimaster.com.ar\/web\/wp-json\/wp\/v2\/users\/1"}],"replies":[{"embeddable":true,"href":"https:\/\/www.arquimaster.com.ar\/web\/wp-json\/wp\/v2\/comments?post=62785"}],"version-history":[{"count":1,"href":"https:\/\/www.arquimaster.com.ar\/web\/wp-json\/wp\/v2\/posts\/62785\/revisions"}],"predecessor-version":[{"id":62790,"href":"https:\/\/www.arquimaster.com.ar\/web\/wp-json\/wp\/v2\/posts\/62785\/revisions\/62790"}],"wp:featuredmedia":[{"embeddable":true,"href":"https:\/\/www.arquimaster.com.ar\/web\/wp-json\/wp\/v2\/media\/62786"}],"wp:attachment":[{"href":"https:\/\/www.arquimaster.com.ar\/web\/wp-json\/wp\/v2\/media?parent=62785"}],"wp:term":[{"taxonomy":"category","embeddable":true,"href":"https:\/\/www.arquimaster.com.ar\/web\/wp-json\/wp\/v2\/categories?post=62785"},{"taxonomy":"post_tag","embeddable":true,"href":"https:\/\/www.arquimaster.com.ar\/web\/wp-json\/wp\/v2\/tags?post=62785"}],"curies":[{"name":"wp","href":"https:\/\/api.w.org\/{rel}","templated":true}]}}