{"id":62867,"date":"2021-02-18T16:32:10","date_gmt":"2021-02-18T19:32:10","guid":{"rendered":"https:\/\/www.arquimaster.com.ar\/web\/?p=62867"},"modified":"2021-07-15T12:35:02","modified_gmt":"2021-07-15T15:35:02","slug":"oficinas-altius-rima-arquitectura","status":"publish","type":"post","link":"https:\/\/www.arquimaster.com.ar\/web\/oficinas-altius-rima-arquitectura\/","title":{"rendered":"Oficinas Altius \/ RIMA Arquitectura"},"content":{"rendered":"<div style=\"margin-top: 0px; margin-bottom: 0px;\" class=\"sharethis-inline-share-buttons\" ><\/div><div class=\"b812932af2e751442846f039925109de\" data-index=\"1\" style=\"float: none; margin:25px 0 25px 0; text-align:center;\">\n<script async src=\"https:\/\/pagead2.googlesyndication.com\/pagead\/js\/adsbygoogle.js\"><\/script>\r\n<!-- Arquimaster (superior) -->\r\n<ins class=\"adsbygoogle\"\r\n     style=\"display:block\"\r\n     data-ad-client=\"ca-pub-6351072698456832\"\r\n     data-ad-slot=\"6455489680\"\r\n     data-ad-format=\"auto\"\r\n     data-full-width-responsive=\"true\"><\/ins>\r\n<script>\r\n     (adsbygoogle = window.adsbygoogle || []).push({});\r\n<\/script>\n<\/div>\n<p><strong>Oficinas Altius<\/strong> (Ciudad de M\u00e9xico) por <strong>RIMA Arquitectura<\/strong>. Este proyecto corporativo es una intervenci\u00f3n de seguimiento a la primera fase de la remodelaci\u00f3n realizada por RIMA Arquitectura en 2013. Debido al crecimiento del personal de Altius, una empresa de marketing y creaci\u00f3n de marca, se solicit\u00f3 un plan que reinterpretara en el espacio todos los cambios organizacionales de los \u00faltimos a\u00f1os, sin dejar de lado la personalidad creativa de la marca.<\/p>\n<div id='gallery-1' class='gallery galleryid-62867 gallery-columns-3 gallery-size-thumbnail'><figure class='gallery-item'>\n\t\t\t<div class='gallery-icon landscape'>\n\t\t\t\t<a href='https:\/\/www.arquimaster.com.ar\/web\/wp-content\/uploads\/2021\/02\/oficinas_altius1.jpg' title=\"Oficinas Altius \/ RIMA Arquitectura (\u00a9 Frank Lynen)\" data-rl_title=\"Oficinas Altius \/ RIMA Arquitectura (\u00a9 Frank Lynen)\" class=\"rl-gallery-link\" data-rl_caption=\"Oficinas Altius \/ RIMA Arquitectura (\u00a9 Frank Lynen)\" data-rel=\"lightbox-gallery-1\"><img loading=\"lazy\" decoding=\"async\" width=\"150\" height=\"150\" src=\"https:\/\/www.arquimaster.com.ar\/web\/wp-content\/uploads\/2021\/02\/oficinas_altius1-150x150.jpg\" class=\"attachment-thumbnail size-thumbnail\" alt=\"Oficinas Altius \/ RIMA Arquitectura\" aria-describedby=\"gallery-1-62868\" \/><\/a>\n\t\t\t<\/div>\n\t\t\t\t<figcaption class='wp-caption-text gallery-caption' id='gallery-1-62868'>\n\t\t\t\tOficinas Altius \/ RIMA Arquitectura (\u00a9 Frank Lynen)\n\t\t\t\t<\/figcaption><\/figure><figure class='gallery-item'>\n\t\t\t<div class='gallery-icon landscape'>\n\t\t\t\t<a href='https:\/\/www.arquimaster.com.ar\/web\/wp-content\/uploads\/2021\/02\/oficinas_altius2.jpg' title=\"Oficinas Altius \/ RIMA Arquitectura (\u00a9 Frank Lynen)\" data-rl_title=\"Oficinas Altius \/ RIMA Arquitectura (\u00a9 Frank Lynen)\" class=\"rl-gallery-link\" data-rl_caption=\"Oficinas Altius \/ RIMA Arquitectura (\u00a9 Frank Lynen)\" data-rel=\"lightbox-gallery-1\"><img loading=\"lazy\" decoding=\"async\" width=\"150\" height=\"150\" src=\"https:\/\/www.arquimaster.com.ar\/web\/wp-content\/uploads\/2021\/02\/oficinas_altius2-150x150.jpg\" class=\"attachment-thumbnail size-thumbnail\" alt=\"Oficinas Altius \/ RIMA Arquitectura\" aria-describedby=\"gallery-1-62869\" \/><\/a>\n\t\t\t<\/div>\n\t\t\t\t<figcaption class='wp-caption-text gallery-caption' id='gallery-1-62869'>\n\t\t\t\tOficinas Altius \/ RIMA Arquitectura (\u00a9 Frank Lynen)\n\t\t\t\t<\/figcaption><\/figure><figure class='gallery-item'>\n\t\t\t<div class='gallery-icon landscape'>\n\t\t\t\t<a href='https:\/\/www.arquimaster.com.ar\/web\/wp-content\/uploads\/2021\/02\/oficinas_altius3.jpg' title=\"Oficinas Altius \/ RIMA Arquitectura (\u00a9 Frank Lynen)\" data-rl_title=\"Oficinas Altius \/ RIMA Arquitectura (\u00a9 Frank Lynen)\" class=\"rl-gallery-link\" data-rl_caption=\"Oficinas Altius \/ RIMA Arquitectura (\u00a9 Frank Lynen)\" data-rel=\"lightbox-gallery-1\"><img loading=\"lazy\" decoding=\"async\" width=\"150\" height=\"150\" src=\"https:\/\/www.arquimaster.com.ar\/web\/wp-content\/uploads\/2021\/02\/oficinas_altius3-150x150.jpg\" class=\"attachment-thumbnail size-thumbnail\" alt=\"Oficinas Altius \/ RIMA Arquitectura\" aria-describedby=\"gallery-1-62870\" \/><\/a>\n\t\t\t<\/div>\n\t\t\t\t<figcaption class='wp-caption-text gallery-caption' id='gallery-1-62870'>\n\t\t\t\tOficinas Altius \/ RIMA Arquitectura (\u00a9 Frank Lynen)\n\t\t\t\t<\/figcaption><\/figure><figure class='gallery-item'>\n\t\t\t<div class='gallery-icon landscape'>\n\t\t\t\t<a href='https:\/\/www.arquimaster.com.ar\/web\/wp-content\/uploads\/2021\/02\/oficinas_altius4.jpg' title=\"Oficinas Altius \/ RIMA Arquitectura (\u00a9 Frank Lynen)\" data-rl_title=\"Oficinas Altius \/ RIMA Arquitectura (\u00a9 Frank Lynen)\" class=\"rl-gallery-link\" data-rl_caption=\"Oficinas Altius \/ RIMA Arquitectura (\u00a9 Frank Lynen)\" data-rel=\"lightbox-gallery-1\"><img loading=\"lazy\" decoding=\"async\" width=\"150\" height=\"150\" src=\"https:\/\/www.arquimaster.com.ar\/web\/wp-content\/uploads\/2021\/02\/oficinas_altius4-150x150.jpg\" class=\"attachment-thumbnail size-thumbnail\" alt=\"Oficinas Altius \/ RIMA Arquitectura\" aria-describedby=\"gallery-1-62871\" \/><\/a>\n\t\t\t<\/div>\n\t\t\t\t<figcaption class='wp-caption-text gallery-caption' id='gallery-1-62871'>\n\t\t\t\tOficinas Altius \/ RIMA Arquitectura (\u00a9 Frank Lynen)\n\t\t\t\t<\/figcaption><\/figure><figure class='gallery-item'>\n\t\t\t<div class='gallery-icon portrait'>\n\t\t\t\t<a href='https:\/\/www.arquimaster.com.ar\/web\/wp-content\/uploads\/2021\/02\/oficinas_altius5.jpg' title=\"Oficinas Altius \/ RIMA Arquitectura (\u00a9 Frank Lynen)\" data-rl_title=\"Oficinas Altius \/ RIMA Arquitectura (\u00a9 Frank Lynen)\" class=\"rl-gallery-link\" data-rl_caption=\"Oficinas Altius \/ RIMA Arquitectura (\u00a9 Frank Lynen)\" data-rel=\"lightbox-gallery-1\"><img loading=\"lazy\" decoding=\"async\" width=\"150\" height=\"150\" src=\"https:\/\/www.arquimaster.com.ar\/web\/wp-content\/uploads\/2021\/02\/oficinas_altius5-150x150.jpg\" class=\"attachment-thumbnail size-thumbnail\" alt=\"Oficinas Altius \/ RIMA Arquitectura\" aria-describedby=\"gallery-1-62872\" \/><\/a>\n\t\t\t<\/div>\n\t\t\t\t<figcaption class='wp-caption-text gallery-caption' id='gallery-1-62872'>\n\t\t\t\tOficinas Altius \/ RIMA Arquitectura (\u00a9 Frank Lynen)\n\t\t\t\t<\/figcaption><\/figure><figure class='gallery-item'>\n\t\t\t<div class='gallery-icon landscape'>\n\t\t\t\t<a href='https:\/\/www.arquimaster.com.ar\/web\/wp-content\/uploads\/2021\/02\/oficinas_altius6.jpg' title=\"Oficinas Altius \/ RIMA Arquitectura (\u00a9 Frank Lynen)\" data-rl_title=\"Oficinas Altius \/ RIMA Arquitectura (\u00a9 Frank Lynen)\" class=\"rl-gallery-link\" data-rl_caption=\"Oficinas Altius \/ RIMA Arquitectura (\u00a9 Frank Lynen)\" data-rel=\"lightbox-gallery-1\"><img loading=\"lazy\" decoding=\"async\" width=\"150\" height=\"150\" src=\"https:\/\/www.arquimaster.com.ar\/web\/wp-content\/uploads\/2021\/02\/oficinas_altius6-150x150.jpg\" class=\"attachment-thumbnail size-thumbnail\" alt=\"Oficinas Altius \/ RIMA Arquitectura\" aria-describedby=\"gallery-1-62873\" \/><\/a>\n\t\t\t<\/div>\n\t\t\t\t<figcaption class='wp-caption-text gallery-caption' id='gallery-1-62873'>\n\t\t\t\tOficinas Altius \/ RIMA Arquitectura (\u00a9 Frank Lynen)\n\t\t\t\t<\/figcaption><\/figure><figure class='gallery-item'>\n\t\t\t<div class='gallery-icon landscape'>\n\t\t\t\t<a href='https:\/\/www.arquimaster.com.ar\/web\/wp-content\/uploads\/2021\/02\/oficinas_altius7.jpg' title=\"Oficinas Altius \/ RIMA Arquitectura (\u00a9 Frank Lynen)\" data-rl_title=\"Oficinas Altius \/ RIMA Arquitectura (\u00a9 Frank Lynen)\" class=\"rl-gallery-link\" data-rl_caption=\"Oficinas Altius \/ RIMA Arquitectura (\u00a9 Frank Lynen)\" data-rel=\"lightbox-gallery-1\"><img loading=\"lazy\" decoding=\"async\" width=\"150\" height=\"150\" src=\"https:\/\/www.arquimaster.com.ar\/web\/wp-content\/uploads\/2021\/02\/oficinas_altius7-150x150.jpg\" class=\"attachment-thumbnail size-thumbnail\" alt=\"Oficinas Altius \/ RIMA Arquitectura\" aria-describedby=\"gallery-1-62874\" \/><\/a>\n\t\t\t<\/div>\n\t\t\t\t<figcaption class='wp-caption-text gallery-caption' id='gallery-1-62874'>\n\t\t\t\tOficinas Altius \/ RIMA Arquitectura (\u00a9 Frank Lynen)\n\t\t\t\t<\/figcaption><\/figure><figure class='gallery-item'>\n\t\t\t<div class='gallery-icon landscape'>\n\t\t\t\t<a href='https:\/\/www.arquimaster.com.ar\/web\/wp-content\/uploads\/2021\/02\/oficinas_altius8.jpg' title=\"Oficinas Altius \/ RIMA Arquitectura (\u00a9 Frank Lynen)\" data-rl_title=\"Oficinas Altius \/ RIMA Arquitectura (\u00a9 Frank Lynen)\" class=\"rl-gallery-link\" data-rl_caption=\"Oficinas Altius \/ RIMA Arquitectura (\u00a9 Frank Lynen)\" data-rel=\"lightbox-gallery-1\"><img loading=\"lazy\" decoding=\"async\" width=\"150\" height=\"150\" src=\"https:\/\/www.arquimaster.com.ar\/web\/wp-content\/uploads\/2021\/02\/oficinas_altius8-150x150.jpg\" class=\"attachment-thumbnail size-thumbnail\" alt=\"Oficinas Altius \/ RIMA Arquitectura\" aria-describedby=\"gallery-1-62875\" \/><\/a>\n\t\t\t<\/div>\n\t\t\t\t<figcaption class='wp-caption-text gallery-caption' id='gallery-1-62875'>\n\t\t\t\tOficinas Altius \/ RIMA Arquitectura (\u00a9 Frank Lynen)\n\t\t\t\t<\/figcaption><\/figure><figure class='gallery-item'>\n\t\t\t<div class='gallery-icon portrait'>\n\t\t\t\t<a href='https:\/\/www.arquimaster.com.ar\/web\/wp-content\/uploads\/2021\/02\/oficinas_altius9.jpg' title=\"Oficinas Altius \/ RIMA Arquitectura (\u00a9 Frank Lynen)\" data-rl_title=\"Oficinas Altius \/ RIMA Arquitectura (\u00a9 Frank Lynen)\" class=\"rl-gallery-link\" data-rl_caption=\"Oficinas Altius \/ RIMA Arquitectura (\u00a9 Frank Lynen)\" data-rel=\"lightbox-gallery-1\"><img loading=\"lazy\" decoding=\"async\" width=\"150\" height=\"150\" src=\"https:\/\/www.arquimaster.com.ar\/web\/wp-content\/uploads\/2021\/02\/oficinas_altius9-150x150.jpg\" class=\"attachment-thumbnail size-thumbnail\" alt=\"Oficinas Altius \/ RIMA Arquitectura\" aria-describedby=\"gallery-1-62876\" \/><\/a>\n\t\t\t<\/div>\n\t\t\t\t<figcaption class='wp-caption-text gallery-caption' id='gallery-1-62876'>\n\t\t\t\tOficinas Altius \/ RIMA Arquitectura (\u00a9 Frank Lynen)\n\t\t\t\t<\/figcaption><\/figure><figure class='gallery-item'>\n\t\t\t<div class='gallery-icon landscape'>\n\t\t\t\t<a href='https:\/\/www.arquimaster.com.ar\/web\/wp-content\/uploads\/2021\/02\/oficinas_altius10.jpg' title=\"Oficinas Altius \/ RIMA Arquitectura (\u00a9 Frank Lynen)\" data-rl_title=\"Oficinas Altius \/ RIMA Arquitectura (\u00a9 Frank Lynen)\" class=\"rl-gallery-link\" data-rl_caption=\"Oficinas Altius \/ RIMA Arquitectura (\u00a9 Frank Lynen)\" data-rel=\"lightbox-gallery-1\"><img loading=\"lazy\" decoding=\"async\" width=\"150\" height=\"150\" src=\"https:\/\/www.arquimaster.com.ar\/web\/wp-content\/uploads\/2021\/02\/oficinas_altius10-150x150.jpg\" class=\"attachment-thumbnail size-thumbnail\" alt=\"Oficinas Altius \/ RIMA Arquitectura\" aria-describedby=\"gallery-1-62877\" \/><\/a>\n\t\t\t<\/div>\n\t\t\t\t<figcaption class='wp-caption-text gallery-caption' id='gallery-1-62877'>\n\t\t\t\tOficinas Altius \/ RIMA Arquitectura (\u00a9 Frank Lynen)\n\t\t\t\t<\/figcaption><\/figure><figure class='gallery-item'>\n\t\t\t<div class='gallery-icon landscape'>\n\t\t\t\t<a href='https:\/\/www.arquimaster.com.ar\/web\/wp-content\/uploads\/2021\/02\/oficinas_altius11.jpg' title=\"Oficinas Altius \/ RIMA Arquitectura (planta)\" data-rl_title=\"Oficinas Altius \/ RIMA Arquitectura (planta)\" class=\"rl-gallery-link\" data-rl_caption=\"Oficinas Altius \/ RIMA Arquitectura (planta)\" data-rel=\"lightbox-gallery-1\"><img loading=\"lazy\" decoding=\"async\" width=\"150\" height=\"150\" src=\"https:\/\/www.arquimaster.com.ar\/web\/wp-content\/uploads\/2021\/02\/oficinas_altius11-150x150.jpg\" class=\"attachment-thumbnail size-thumbnail\" alt=\"Oficinas Altius \/ RIMA Arquitectura\" aria-describedby=\"gallery-1-62880\" \/><\/a>\n\t\t\t<\/div>\n\t\t\t\t<figcaption class='wp-caption-text gallery-caption' id='gallery-1-62880'>\n\t\t\t\tOficinas Altius \/ RIMA Arquitectura (planta)\n\t\t\t\t<\/figcaption><\/figure><figure class='gallery-item'>\n\t\t\t<div class='gallery-icon landscape'>\n\t\t\t\t<a href='https:\/\/www.arquimaster.com.ar\/web\/wp-content\/uploads\/2021\/02\/oficinas_altius12.jpg' title=\"Oficinas Altius \/ RIMA Arquitectura (corte)\" data-rl_title=\"Oficinas Altius \/ RIMA Arquitectura (corte)\" class=\"rl-gallery-link\" data-rl_caption=\"Oficinas Altius \/ RIMA Arquitectura (corte)\" data-rel=\"lightbox-gallery-1\"><img loading=\"lazy\" decoding=\"async\" width=\"150\" height=\"150\" src=\"https:\/\/www.arquimaster.com.ar\/web\/wp-content\/uploads\/2021\/02\/oficinas_altius12-150x150.jpg\" class=\"attachment-thumbnail size-thumbnail\" alt=\"Oficinas Altius \/ RIMA Arquitectura\" aria-describedby=\"gallery-1-62878\" \/><\/a>\n\t\t\t<\/div>\n\t\t\t\t<figcaption class='wp-caption-text gallery-caption' id='gallery-1-62878'>\n\t\t\t\tOficinas Altius \/ RIMA Arquitectura (corte)\n\t\t\t\t<\/figcaption><\/figure><figure class='gallery-item'>\n\t\t\t<div class='gallery-icon landscape'>\n\t\t\t\t<a href='https:\/\/www.arquimaster.com.ar\/web\/wp-content\/uploads\/2021\/02\/oficinas_altius13.jpg' title=\"Oficinas Altius \/ RIMA Arquitectura (corte)\" data-rl_title=\"Oficinas Altius \/ RIMA Arquitectura (corte)\" class=\"rl-gallery-link\" data-rl_caption=\"Oficinas Altius \/ RIMA Arquitectura (corte)\" data-rel=\"lightbox-gallery-1\"><img loading=\"lazy\" decoding=\"async\" width=\"150\" height=\"150\" src=\"https:\/\/www.arquimaster.com.ar\/web\/wp-content\/uploads\/2021\/02\/oficinas_altius13-150x150.jpg\" class=\"attachment-thumbnail size-thumbnail\" alt=\"Oficinas Altius \/ RIMA Arquitectura\" aria-describedby=\"gallery-1-62879\" \/><\/a>\n\t\t\t<\/div>\n\t\t\t\t<figcaption class='wp-caption-text gallery-caption' id='gallery-1-62879'>\n\t\t\t\tOficinas Altius \/ RIMA Arquitectura (corte)\n\t\t\t\t<\/figcaption><\/figure>\n\t\t<\/div>\n\n<p>Con la finalidad de alcanzar un resultado \u00f3ptimo, se analiz\u00f3 la relaci\u00f3n de flujos entre cada una de las diferentes \u00e1reas; la iluminaci\u00f3n natural que recibir\u00edan y las formas de trabajar espec\u00edficas de la empresa y sus colaboradores. Este an\u00e1lisis fue el sustento y gu\u00eda para decidir los trazos, formas, colores y acabados de dise\u00f1o que contribuyeran a obtener un funcionamiento \u00f3ptimo y lograr ambientes adecuados de trabajo.<\/p>\n<p>Anteriormente, la configuraci\u00f3n organizacional estaba compuesta por oficinas privadas y pocas zonas abiertas; esta fragmentaci\u00f3n entre el \u00e1rea p\u00fablica y privada no permit\u00eda aprovechar al m\u00e1ximo las instalaciones y se contrapon\u00eda a la nueva operaci\u00f3n, por lo cual, el nuevo objetivo fue generar una atm\u00f3sfera abierta con iluminaci\u00f3n natural y \u00e1reas que permitieran diferentes formas de trabajo: desde el cl\u00e1sico trabajo individual, en tu propio escritorio, hasta el trabajo colaborativo a puerta abierta o cerrada.<\/p>\n<p>La entrada es a trav\u00e9s de un lobby, envuelto por un muro de madera r\u00fastico, que se despliega y se convierte en el pasillo y conduce al \u00e1rea com\u00fan. Aqu\u00ed, el elemento principal es una grada en triplay de pino, forrada de cojines en los asientos para hacerla c\u00f3moda: un espacio din\u00e1mico para trabajar, realizar juntas y conferencias.<\/p>\n<p>En el resto de \u00e1rea se ubica la zona de trabajo com\u00fan con mesas continuas de OSB laqueado y, frente a ella, se ubican secciones privadas con puertas de vidrio. El uso de la madera r\u00fastica y OSB adem\u00e1s de ser materiales reciclados que otorgan sustentabilidad al proyecto, otorgan una personalidad distintiva de las oficinas de Altius, junto con los plafones asim\u00e9tricos de color azul y una l\u00ednea continua de luz LED que cubren tan s\u00f3lo una parte de la losa encasetonada expuesta.<\/p>\n<p>Realizar los cambios necesarios en oficinas que fueron proyectadas por nosotros hace siete a\u00f1os, fue una oportunidad para entender c\u00f3mo han cambiado las formas de trabajo en el mundo corporativo y su relaci\u00f3n con el espacio. Los privados, se requieren cada vez menos, dada la importancia que han adquirido los procesos colaborativos en el d\u00eda a d\u00eda; por lo cual, el gran reto fue generar espacios transparentes en funcionamiento y disposici\u00f3n.<\/p>\n<p><strong>Ficha t\u00e9cnica<\/strong><br \/>\nNombre: Altius<br \/>\nUbicaci\u00f3n: Ciudad de M\u00e9xico<br \/>\nAutor: RIMA Arquitectura \/ Ricardo Ur\u00edas<br \/>\nTipolog\u00eda: Corporativo<br \/>\n\u00c1rea: 139 m2<br \/>\nA\u00f1o: 2020<br \/>\nFotograf\u00eda: Frank Lynen<\/p>\n<p><strong>Contacto<\/strong><br \/>\n<a href=\"http:\/\/rima.com.mx\" target=\"_blank\" rel=\"noopener\">http:\/\/rima.com.mx<\/a><br \/>\nFacebook: \/RIMAarquitectura<br \/>\nInstagram: @rima_arquitectura<br \/>\nTwitter: @rima_arq<\/p>\n\n<div style=\"font-size: 0px; height: 0px; line-height: 0px; margin: 0; padding: 0; clear: both;\"><\/div><div style=\"margin-top: 0px; margin-bottom: 0px;\" class=\"sharethis-inline-share-buttons\" ><\/div>","protected":false},"excerpt":{"rendered":"<p>Una atm\u00f3sfera abierta con iluminaci\u00f3n natural y \u00e1reas que permiten diferentes&#8230;<\/p>\n","protected":false},"author":1,"featured_media":62881,"comment_status":"closed","ping_status":"closed","sticky":false,"template":"","format":"standard","meta":{"_uag_custom_page_level_css":"","footnotes":""},"categories":[76,1],"tags":[1362,250,24,255,4185,4184],"class_list":["post-62867","post","type-post","status-publish","format-standard","has-post-thumbnail","hentry","category-arquitectura-corporativa","category-proyecto","tag-arquitectura-corporativa-2","tag-ciudad-de-mexico","tag-mexico","tag-oficinas","tag-ricardo-urias","tag-rima-arquitectura","generate-columns","tablet-grid-50","mobile-grid-100","grid-parent","grid-50"],"yoast_head":"<!-- This site is optimized with the Yoast SEO plugin v27.3 - https:\/\/yoast.com\/product\/yoast-seo-wordpress\/ -->\n<title>Oficinas Altius \/ RIMA Arquitectura - Arquimaster<\/title>\n<meta name=\"description\" content=\"El objetivo fue generar una atm\u00f3sfera abierta con iluminaci\u00f3n natural y \u00e1reas que permitieran diferentes formas de trabajo.\" \/>\n<meta name=\"robots\" content=\"index, follow, max-snippet:-1, max-image-preview:large, max-video-preview:-1\" \/>\n<link rel=\"canonical\" href=\"https:\/\/www.arquimaster.com.ar\/web\/oficinas-altius-rima-arquitectura\/\" \/>\n<meta property=\"og:locale\" content=\"es_ES\" \/>\n<meta property=\"og:type\" content=\"article\" \/>\n<meta property=\"og:title\" content=\"Oficinas Altius \/ RIMA Arquitectura\" \/>\n<meta property=\"og:description\" content=\"El objetivo fue generar una atm\u00f3sfera abierta con iluminaci\u00f3n natural y \u00e1reas que permitieran diferentes formas de trabajo.\" \/>\n<meta property=\"og:url\" content=\"https:\/\/www.arquimaster.com.ar\/web\/oficinas-altius-rima-arquitectura\/\" \/>\n<meta property=\"og:site_name\" content=\"Arquimaster\" \/>\n<meta property=\"article:publisher\" content=\"http:\/\/www.facebook.com\/ARQUIMASTER.com.ar\" \/>\n<meta property=\"article:published_time\" content=\"2021-02-18T19:32:10+00:00\" \/>\n<meta property=\"article:modified_time\" content=\"2021-07-15T15:35:02+00:00\" \/>\n<meta property=\"og:image\" content=\"https:\/\/www.arquimaster.com.ar\/web\/wp-content\/uploads\/2021\/02\/oficinas_altius_slide.jpg\" \/>\n\t<meta property=\"og:image:width\" content=\"698\" \/>\n\t<meta property=\"og:image:height\" content=\"364\" \/>\n\t<meta property=\"og:image:type\" content=\"image\/jpeg\" \/>\n<meta name=\"author\" content=\"Arquimaster\" \/>\n<meta name=\"twitter:card\" content=\"summary_large_image\" \/>\n<meta name=\"twitter:title\" content=\"Oficinas Altius \/ RIMA Arquitectura\" \/>\n<meta name=\"twitter:description\" content=\"El objetivo fue generar una atm\u00f3sfera abierta con iluminaci\u00f3n natural y \u00e1reas que permitieran diferentes formas de trabajo.\" \/>\n<meta name=\"twitter:image\" content=\"https:\/\/www.arquimaster.com.ar\/web\/wp-content\/uploads\/2021\/02\/oficinas_altius_slide.jpg\" \/>\n<meta name=\"twitter:creator\" content=\"@arquimaster\" \/>\n<meta name=\"twitter:site\" content=\"@arquimaster\" \/>\n<meta name=\"twitter:label1\" content=\"Escrito por\" \/>\n\t<meta name=\"twitter:data1\" content=\"Arquimaster\" \/>\n\t<meta name=\"twitter:label2\" content=\"Tiempo de lectura\" \/>\n\t<meta name=\"twitter:data2\" content=\"3 minutos\" \/>\n<script type=\"application\/ld+json\" class=\"yoast-schema-graph\">{\"@context\":\"https:\\\/\\\/schema.org\",\"@graph\":[{\"@type\":\"Article\",\"@id\":\"https:\\\/\\\/www.arquimaster.com.ar\\\/web\\\/oficinas-altius-rima-arquitectura\\\/#article\",\"isPartOf\":{\"@id\":\"https:\\\/\\\/www.arquimaster.com.ar\\\/web\\\/oficinas-altius-rima-arquitectura\\\/\"},\"author\":{\"name\":\"Arquimaster\",\"@id\":\"https:\\\/\\\/www.arquimaster.com.ar\\\/web\\\/#\\\/schema\\\/person\\\/359e9f7c00193fcde068e0dd2ceb0028\"},\"headline\":\"Oficinas Altius \\\/ RIMA Arquitectura\",\"datePublished\":\"2021-02-18T19:32:10+00:00\",\"dateModified\":\"2021-07-15T15:35:02+00:00\",\"mainEntityOfPage\":{\"@id\":\"https:\\\/\\\/www.arquimaster.com.ar\\\/web\\\/oficinas-altius-rima-arquitectura\\\/\"},\"wordCount\":513,\"publisher\":{\"@id\":\"https:\\\/\\\/www.arquimaster.com.ar\\\/web\\\/#organization\"},\"image\":{\"@id\":\"https:\\\/\\\/www.arquimaster.com.ar\\\/web\\\/oficinas-altius-rima-arquitectura\\\/#primaryimage\"},\"thumbnailUrl\":\"https:\\\/\\\/www.arquimaster.com.ar\\\/web\\\/wp-content\\\/uploads\\\/2021\\\/02\\\/oficinas_altius_slide.jpg\",\"keywords\":[\"arquitectura corporativa\",\"Ciudad de Mexico\",\"Mexico\",\"oficinas\",\"Ricardo Urias\",\"RIMA Arquitectura\"],\"articleSection\":[\"Arquitectura corporativa\",\"Proyecto\"],\"inLanguage\":\"es\"},{\"@type\":\"WebPage\",\"@id\":\"https:\\\/\\\/www.arquimaster.com.ar\\\/web\\\/oficinas-altius-rima-arquitectura\\\/\",\"url\":\"https:\\\/\\\/www.arquimaster.com.ar\\\/web\\\/oficinas-altius-rima-arquitectura\\\/\",\"name\":\"Oficinas Altius \\\/ RIMA Arquitectura - Arquimaster\",\"isPartOf\":{\"@id\":\"https:\\\/\\\/www.arquimaster.com.ar\\\/web\\\/#website\"},\"primaryImageOfPage\":{\"@id\":\"https:\\\/\\\/www.arquimaster.com.ar\\\/web\\\/oficinas-altius-rima-arquitectura\\\/#primaryimage\"},\"image\":{\"@id\":\"https:\\\/\\\/www.arquimaster.com.ar\\\/web\\\/oficinas-altius-rima-arquitectura\\\/#primaryimage\"},\"thumbnailUrl\":\"https:\\\/\\\/www.arquimaster.com.ar\\\/web\\\/wp-content\\\/uploads\\\/2021\\\/02\\\/oficinas_altius_slide.jpg\",\"datePublished\":\"2021-02-18T19:32:10+00:00\",\"dateModified\":\"2021-07-15T15:35:02+00:00\",\"description\":\"El objetivo fue generar una atm\u00f3sfera abierta con iluminaci\u00f3n natural y \u00e1reas que permitieran diferentes formas de trabajo.\",\"breadcrumb\":{\"@id\":\"https:\\\/\\\/www.arquimaster.com.ar\\\/web\\\/oficinas-altius-rima-arquitectura\\\/#breadcrumb\"},\"inLanguage\":\"es\",\"potentialAction\":[{\"@type\":\"ReadAction\",\"target\":[\"https:\\\/\\\/www.arquimaster.com.ar\\\/web\\\/oficinas-altius-rima-arquitectura\\\/\"]}]},{\"@type\":\"ImageObject\",\"inLanguage\":\"es\",\"@id\":\"https:\\\/\\\/www.arquimaster.com.ar\\\/web\\\/oficinas-altius-rima-arquitectura\\\/#primaryimage\",\"url\":\"https:\\\/\\\/www.arquimaster.com.ar\\\/web\\\/wp-content\\\/uploads\\\/2021\\\/02\\\/oficinas_altius_slide.jpg\",\"contentUrl\":\"https:\\\/\\\/www.arquimaster.com.ar\\\/web\\\/wp-content\\\/uploads\\\/2021\\\/02\\\/oficinas_altius_slide.jpg\",\"width\":698,\"height\":364,\"caption\":\"Oficinas Altius \\\/ RIMA Arquitectura\"},{\"@type\":\"BreadcrumbList\",\"@id\":\"https:\\\/\\\/www.arquimaster.com.ar\\\/web\\\/oficinas-altius-rima-arquitectura\\\/#breadcrumb\",\"itemListElement\":[{\"@type\":\"ListItem\",\"position\":1,\"name\":\"Portada\",\"item\":\"https:\\\/\\\/www.arquimaster.com.ar\\\/web\\\/\"},{\"@type\":\"ListItem\",\"position\":2,\"name\":\"Oficinas Altius \\\/ RIMA Arquitectura\"}]},{\"@type\":\"WebSite\",\"@id\":\"https:\\\/\\\/www.arquimaster.com.ar\\\/web\\\/#website\",\"url\":\"https:\\\/\\\/www.arquimaster.com.ar\\\/web\\\/\",\"name\":\"Arquimaster\",\"description\":\"Web de arquitectura, dise\u00f1o y construccion\",\"publisher\":{\"@id\":\"https:\\\/\\\/www.arquimaster.com.ar\\\/web\\\/#organization\"},\"potentialAction\":[{\"@type\":\"SearchAction\",\"target\":{\"@type\":\"EntryPoint\",\"urlTemplate\":\"https:\\\/\\\/www.arquimaster.com.ar\\\/web\\\/?s={search_term_string}\"},\"query-input\":{\"@type\":\"PropertyValueSpecification\",\"valueRequired\":true,\"valueName\":\"search_term_string\"}}],\"inLanguage\":\"es\"},{\"@type\":\"Organization\",\"@id\":\"https:\\\/\\\/www.arquimaster.com.ar\\\/web\\\/#organization\",\"name\":\"Arquimaster\",\"url\":\"https:\\\/\\\/www.arquimaster.com.ar\\\/web\\\/\",\"logo\":{\"@type\":\"ImageObject\",\"inLanguage\":\"es\",\"@id\":\"https:\\\/\\\/www.arquimaster.com.ar\\\/web\\\/#\\\/schema\\\/logo\\\/image\\\/\",\"url\":\"https:\\\/\\\/www.arquimaster.com.ar\\\/web\\\/wp-content\\\/uploads\\\/2022\\\/06\\\/arquimaster.png\",\"contentUrl\":\"https:\\\/\\\/www.arquimaster.com.ar\\\/web\\\/wp-content\\\/uploads\\\/2022\\\/06\\\/arquimaster.png\",\"width\":594,\"height\":78,\"caption\":\"Arquimaster\"},\"image\":{\"@id\":\"https:\\\/\\\/www.arquimaster.com.ar\\\/web\\\/#\\\/schema\\\/logo\\\/image\\\/\"},\"sameAs\":[\"http:\\\/\\\/www.facebook.com\\\/ARQUIMASTER.com.ar\",\"https:\\\/\\\/x.com\\\/arquimaster\",\"https:\\\/\\\/www.instagram.com\\\/arquimasterblog\\\/\",\"https:\\\/\\\/www.linkedin.com\\\/company\\\/arquimaster\",\"https:\\\/\\\/www.pinterest.com\\\/arquimaster\",\"https:\\\/\\\/t.me\\\/arquimaster\"]},{\"@type\":\"Person\",\"@id\":\"https:\\\/\\\/www.arquimaster.com.ar\\\/web\\\/#\\\/schema\\\/person\\\/359e9f7c00193fcde068e0dd2ceb0028\",\"name\":\"Arquimaster\"}]}<\/script>\n<!-- \/ Yoast SEO plugin. -->","yoast_head_json":{"title":"Oficinas Altius \/ RIMA Arquitectura - Arquimaster","description":"El objetivo fue generar una atm\u00f3sfera abierta con iluminaci\u00f3n natural y \u00e1reas que permitieran diferentes formas de trabajo.","robots":{"index":"index","follow":"follow","max-snippet":"max-snippet:-1","max-image-preview":"max-image-preview:large","max-video-preview":"max-video-preview:-1"},"canonical":"https:\/\/www.arquimaster.com.ar\/web\/oficinas-altius-rima-arquitectura\/","og_locale":"es_ES","og_type":"article","og_title":"Oficinas Altius \/ RIMA Arquitectura","og_description":"El objetivo fue generar una atm\u00f3sfera abierta con iluminaci\u00f3n natural y \u00e1reas que permitieran diferentes formas de trabajo.","og_url":"https:\/\/www.arquimaster.com.ar\/web\/oficinas-altius-rima-arquitectura\/","og_site_name":"Arquimaster","article_publisher":"http:\/\/www.facebook.com\/ARQUIMASTER.com.ar","article_published_time":"2021-02-18T19:32:10+00:00","article_modified_time":"2021-07-15T15:35:02+00:00","og_image":[{"width":698,"height":364,"url":"https:\/\/www.arquimaster.com.ar\/web\/wp-content\/uploads\/2021\/02\/oficinas_altius_slide.jpg","type":"image\/jpeg"}],"author":"Arquimaster","twitter_card":"summary_large_image","twitter_title":"Oficinas Altius \/ RIMA Arquitectura","twitter_description":"El objetivo fue generar una atm\u00f3sfera abierta con iluminaci\u00f3n natural y \u00e1reas que permitieran diferentes formas de trabajo.","twitter_image":"https:\/\/www.arquimaster.com.ar\/web\/wp-content\/uploads\/2021\/02\/oficinas_altius_slide.jpg","twitter_creator":"@arquimaster","twitter_site":"@arquimaster","twitter_misc":{"Escrito por":"Arquimaster","Tiempo de lectura":"3 minutos"},"schema":{"@context":"https:\/\/schema.org","@graph":[{"@type":"Article","@id":"https:\/\/www.arquimaster.com.ar\/web\/oficinas-altius-rima-arquitectura\/#article","isPartOf":{"@id":"https:\/\/www.arquimaster.com.ar\/web\/oficinas-altius-rima-arquitectura\/"},"author":{"name":"Arquimaster","@id":"https:\/\/www.arquimaster.com.ar\/web\/#\/schema\/person\/359e9f7c00193fcde068e0dd2ceb0028"},"headline":"Oficinas Altius \/ RIMA Arquitectura","datePublished":"2021-02-18T19:32:10+00:00","dateModified":"2021-07-15T15:35:02+00:00","mainEntityOfPage":{"@id":"https:\/\/www.arquimaster.com.ar\/web\/oficinas-altius-rima-arquitectura\/"},"wordCount":513,"publisher":{"@id":"https:\/\/www.arquimaster.com.ar\/web\/#organization"},"image":{"@id":"https:\/\/www.arquimaster.com.ar\/web\/oficinas-altius-rima-arquitectura\/#primaryimage"},"thumbnailUrl":"https:\/\/www.arquimaster.com.ar\/web\/wp-content\/uploads\/2021\/02\/oficinas_altius_slide.jpg","keywords":["arquitectura corporativa","Ciudad de Mexico","Mexico","oficinas","Ricardo Urias","RIMA Arquitectura"],"articleSection":["Arquitectura corporativa","Proyecto"],"inLanguage":"es"},{"@type":"WebPage","@id":"https:\/\/www.arquimaster.com.ar\/web\/oficinas-altius-rima-arquitectura\/","url":"https:\/\/www.arquimaster.com.ar\/web\/oficinas-altius-rima-arquitectura\/","name":"Oficinas Altius \/ RIMA Arquitectura - Arquimaster","isPartOf":{"@id":"https:\/\/www.arquimaster.com.ar\/web\/#website"},"primaryImageOfPage":{"@id":"https:\/\/www.arquimaster.com.ar\/web\/oficinas-altius-rima-arquitectura\/#primaryimage"},"image":{"@id":"https:\/\/www.arquimaster.com.ar\/web\/oficinas-altius-rima-arquitectura\/#primaryimage"},"thumbnailUrl":"https:\/\/www.arquimaster.com.ar\/web\/wp-content\/uploads\/2021\/02\/oficinas_altius_slide.jpg","datePublished":"2021-02-18T19:32:10+00:00","dateModified":"2021-07-15T15:35:02+00:00","description":"El objetivo fue generar una atm\u00f3sfera abierta con iluminaci\u00f3n natural y \u00e1reas que permitieran diferentes formas de trabajo.","breadcrumb":{"@id":"https:\/\/www.arquimaster.com.ar\/web\/oficinas-altius-rima-arquitectura\/#breadcrumb"},"inLanguage":"es","potentialAction":[{"@type":"ReadAction","target":["https:\/\/www.arquimaster.com.ar\/web\/oficinas-altius-rima-arquitectura\/"]}]},{"@type":"ImageObject","inLanguage":"es","@id":"https:\/\/www.arquimaster.com.ar\/web\/oficinas-altius-rima-arquitectura\/#primaryimage","url":"https:\/\/www.arquimaster.com.ar\/web\/wp-content\/uploads\/2021\/02\/oficinas_altius_slide.jpg","contentUrl":"https:\/\/www.arquimaster.com.ar\/web\/wp-content\/uploads\/2021\/02\/oficinas_altius_slide.jpg","width":698,"height":364,"caption":"Oficinas Altius \/ RIMA Arquitectura"},{"@type":"BreadcrumbList","@id":"https:\/\/www.arquimaster.com.ar\/web\/oficinas-altius-rima-arquitectura\/#breadcrumb","itemListElement":[{"@type":"ListItem","position":1,"name":"Portada","item":"https:\/\/www.arquimaster.com.ar\/web\/"},{"@type":"ListItem","position":2,"name":"Oficinas Altius \/ RIMA Arquitectura"}]},{"@type":"WebSite","@id":"https:\/\/www.arquimaster.com.ar\/web\/#website","url":"https:\/\/www.arquimaster.com.ar\/web\/","name":"Arquimaster","description":"Web de arquitectura, dise\u00f1o y construccion","publisher":{"@id":"https:\/\/www.arquimaster.com.ar\/web\/#organization"},"potentialAction":[{"@type":"SearchAction","target":{"@type":"EntryPoint","urlTemplate":"https:\/\/www.arquimaster.com.ar\/web\/?s={search_term_string}"},"query-input":{"@type":"PropertyValueSpecification","valueRequired":true,"valueName":"search_term_string"}}],"inLanguage":"es"},{"@type":"Organization","@id":"https:\/\/www.arquimaster.com.ar\/web\/#organization","name":"Arquimaster","url":"https:\/\/www.arquimaster.com.ar\/web\/","logo":{"@type":"ImageObject","inLanguage":"es","@id":"https:\/\/www.arquimaster.com.ar\/web\/#\/schema\/logo\/image\/","url":"https:\/\/www.arquimaster.com.ar\/web\/wp-content\/uploads\/2022\/06\/arquimaster.png","contentUrl":"https:\/\/www.arquimaster.com.ar\/web\/wp-content\/uploads\/2022\/06\/arquimaster.png","width":594,"height":78,"caption":"Arquimaster"},"image":{"@id":"https:\/\/www.arquimaster.com.ar\/web\/#\/schema\/logo\/image\/"},"sameAs":["http:\/\/www.facebook.com\/ARQUIMASTER.com.ar","https:\/\/x.com\/arquimaster","https:\/\/www.instagram.com\/arquimasterblog\/","https:\/\/www.linkedin.com\/company\/arquimaster","https:\/\/www.pinterest.com\/arquimaster","https:\/\/t.me\/arquimaster"]},{"@type":"Person","@id":"https:\/\/www.arquimaster.com.ar\/web\/#\/schema\/person\/359e9f7c00193fcde068e0dd2ceb0028","name":"Arquimaster"}]}},"uagb_featured_image_src":{"full":["https:\/\/www.arquimaster.com.ar\/web\/wp-content\/uploads\/2021\/02\/oficinas_altius_slide.jpg",698,364,false],"thumbnail":["https:\/\/www.arquimaster.com.ar\/web\/wp-content\/uploads\/2021\/02\/oficinas_altius_slide-150x150.jpg",150,150,true],"medium":["https:\/\/www.arquimaster.com.ar\/web\/wp-content\/uploads\/2021\/02\/oficinas_altius_slide.jpg",698,364,false],"medium_large":["https:\/\/www.arquimaster.com.ar\/web\/wp-content\/uploads\/2021\/02\/oficinas_altius_slide.jpg",698,364,false],"large":["https:\/\/www.arquimaster.com.ar\/web\/wp-content\/uploads\/2021\/02\/oficinas_altius_slide.jpg",698,364,false],"1536x1536":["https:\/\/www.arquimaster.com.ar\/web\/wp-content\/uploads\/2021\/02\/oficinas_altius_slide.jpg",698,364,false],"2048x2048":["https:\/\/www.arquimaster.com.ar\/web\/wp-content\/uploads\/2021\/02\/oficinas_altius_slide.jpg",698,364,false]},"uagb_author_info":{"display_name":"Arquimaster","author_link":"https:\/\/www.arquimaster.com.ar\/web\/author\/arquimaster\/"},"uagb_comment_info":0,"uagb_excerpt":"Una atm\u00f3sfera abierta con iluminaci\u00f3n natural y \u00e1reas que permiten diferentes...","_links":{"self":[{"href":"https:\/\/www.arquimaster.com.ar\/web\/wp-json\/wp\/v2\/posts\/62867","targetHints":{"allow":["GET"]}}],"collection":[{"href":"https:\/\/www.arquimaster.com.ar\/web\/wp-json\/wp\/v2\/posts"}],"about":[{"href":"https:\/\/www.arquimaster.com.ar\/web\/wp-json\/wp\/v2\/types\/post"}],"author":[{"embeddable":true,"href":"https:\/\/www.arquimaster.com.ar\/web\/wp-json\/wp\/v2\/users\/1"}],"replies":[{"embeddable":true,"href":"https:\/\/www.arquimaster.com.ar\/web\/wp-json\/wp\/v2\/comments?post=62867"}],"version-history":[{"count":2,"href":"https:\/\/www.arquimaster.com.ar\/web\/wp-json\/wp\/v2\/posts\/62867\/revisions"}],"predecessor-version":[{"id":62901,"href":"https:\/\/www.arquimaster.com.ar\/web\/wp-json\/wp\/v2\/posts\/62867\/revisions\/62901"}],"wp:featuredmedia":[{"embeddable":true,"href":"https:\/\/www.arquimaster.com.ar\/web\/wp-json\/wp\/v2\/media\/62881"}],"wp:attachment":[{"href":"https:\/\/www.arquimaster.com.ar\/web\/wp-json\/wp\/v2\/media?parent=62867"}],"wp:term":[{"taxonomy":"category","embeddable":true,"href":"https:\/\/www.arquimaster.com.ar\/web\/wp-json\/wp\/v2\/categories?post=62867"},{"taxonomy":"post_tag","embeddable":true,"href":"https:\/\/www.arquimaster.com.ar\/web\/wp-json\/wp\/v2\/tags?post=62867"}],"curies":[{"name":"wp","href":"https:\/\/api.w.org\/{rel}","templated":true}]}}