{"id":62883,"date":"2021-02-18T16:39:52","date_gmt":"2021-02-18T19:39:52","guid":{"rendered":"https:\/\/www.arquimaster.com.ar\/web\/?p=62883"},"modified":"2021-07-15T18:57:43","modified_gmt":"2021-07-15T21:57:43","slug":"casa-villamayor-dante-fiorenza","status":"publish","type":"post","link":"https:\/\/www.arquimaster.com.ar\/web\/casa-villamayor-dante-fiorenza\/","title":{"rendered":"Casa Villamayor \/ Dante Fiorenza"},"content":{"rendered":"<div style=\"margin-top: 0px; margin-bottom: 0px;\" class=\"sharethis-inline-share-buttons\" ><\/div><div class=\"b812932af2e751442846f039925109de\" data-index=\"1\" style=\"float: none; margin:25px 0 25px 0; text-align:center;\">\n<script async src=\"https:\/\/pagead2.googlesyndication.com\/pagead\/js\/adsbygoogle.js\"><\/script>\r\n<!-- Arquimaster (superior) -->\r\n<ins class=\"adsbygoogle\"\r\n     style=\"display:block\"\r\n     data-ad-client=\"ca-pub-6351072698456832\"\r\n     data-ad-slot=\"6455489680\"\r\n     data-ad-format=\"auto\"\r\n     data-full-width-responsive=\"true\"><\/ins>\r\n<script>\r\n     (adsbygoogle = window.adsbygoogle || []).push({});\r\n<\/script>\n<\/div>\n<p><strong>Casa Villamayor<\/strong> (La Plata, Pcia. de Buenos Aires, Argentina) por <strong>Dante Fiorenza<\/strong>. La casa se encuentra en zona sur de La Plata, en un tejido de casas bajas entre medianeras, de uno o dos niveles. Los propietarios hab\u00edan pedido un proyecto para remodelar una vieja casa familiar con la realizaci\u00f3n de dos nuevas dependencias para alojar de manera permanente a familiares.<\/p>\n<div id='gallery-1' class='gallery galleryid-62883 gallery-columns-3 gallery-size-thumbnail'><figure class='gallery-item'>\n\t\t\t<div class='gallery-icon portrait'>\n\t\t\t\t<a href='https:\/\/www.arquimaster.com.ar\/web\/wp-content\/uploads\/2021\/02\/casa_villamayor1.jpg' title=\"Casa Villamayor \/ Dante Fiorenza\" data-rl_title=\"Casa Villamayor \/ Dante Fiorenza\" class=\"rl-gallery-link\" data-rl_caption=\"Casa Villamayor \/ Dante Fiorenza\" data-rel=\"lightbox-gallery-1\"><img loading=\"lazy\" decoding=\"async\" width=\"150\" height=\"150\" src=\"https:\/\/www.arquimaster.com.ar\/web\/wp-content\/uploads\/2021\/02\/casa_villamayor1-150x150.jpg\" class=\"attachment-thumbnail size-thumbnail\" alt=\"Casa Villamayor \/ Dante Fiorenza\" aria-describedby=\"gallery-1-62885\" \/><\/a>\n\t\t\t<\/div>\n\t\t\t\t<figcaption class='wp-caption-text gallery-caption' id='gallery-1-62885'>\n\t\t\t\tCasa Villamayor \/ Dante Fiorenza\n\t\t\t\t<\/figcaption><\/figure><figure class='gallery-item'>\n\t\t\t<div class='gallery-icon portrait'>\n\t\t\t\t<a href='https:\/\/www.arquimaster.com.ar\/web\/wp-content\/uploads\/2021\/02\/casa_villamayor2.jpg' title=\"Casa Villamayor \/ Dante Fiorenza\" data-rl_title=\"Casa Villamayor \/ Dante Fiorenza\" class=\"rl-gallery-link\" data-rl_caption=\"Casa Villamayor \/ Dante Fiorenza\" data-rel=\"lightbox-gallery-1\"><img loading=\"lazy\" decoding=\"async\" width=\"150\" height=\"150\" src=\"https:\/\/www.arquimaster.com.ar\/web\/wp-content\/uploads\/2021\/02\/casa_villamayor2-150x150.jpg\" class=\"attachment-thumbnail size-thumbnail\" alt=\"Casa Villamayor \/ Dante Fiorenza\" aria-describedby=\"gallery-1-62886\" \/><\/a>\n\t\t\t<\/div>\n\t\t\t\t<figcaption class='wp-caption-text gallery-caption' id='gallery-1-62886'>\n\t\t\t\tCasa Villamayor \/ Dante Fiorenza\n\t\t\t\t<\/figcaption><\/figure><figure class='gallery-item'>\n\t\t\t<div class='gallery-icon portrait'>\n\t\t\t\t<a href='https:\/\/www.arquimaster.com.ar\/web\/wp-content\/uploads\/2021\/02\/casa_villamayor3.jpg' title=\"Casa Villamayor \/ Dante Fiorenza\" data-rl_title=\"Casa Villamayor \/ Dante Fiorenza\" class=\"rl-gallery-link\" data-rl_caption=\"Casa Villamayor \/ Dante Fiorenza\" data-rel=\"lightbox-gallery-1\"><img loading=\"lazy\" decoding=\"async\" width=\"150\" height=\"150\" src=\"https:\/\/www.arquimaster.com.ar\/web\/wp-content\/uploads\/2021\/02\/casa_villamayor3-150x150.jpg\" class=\"attachment-thumbnail size-thumbnail\" alt=\"Casa Villamayor \/ Dante Fiorenza\" aria-describedby=\"gallery-1-62887\" \/><\/a>\n\t\t\t<\/div>\n\t\t\t\t<figcaption class='wp-caption-text gallery-caption' id='gallery-1-62887'>\n\t\t\t\tCasa Villamayor \/ Dante Fiorenza\n\t\t\t\t<\/figcaption><\/figure><figure class='gallery-item'>\n\t\t\t<div class='gallery-icon portrait'>\n\t\t\t\t<a href='https:\/\/www.arquimaster.com.ar\/web\/wp-content\/uploads\/2021\/02\/casa_villamayor4.jpg' title=\"Casa Villamayor \/ Dante Fiorenza\" data-rl_title=\"Casa Villamayor \/ Dante Fiorenza\" class=\"rl-gallery-link\" data-rl_caption=\"Casa Villamayor \/ Dante Fiorenza\" data-rel=\"lightbox-gallery-1\"><img loading=\"lazy\" decoding=\"async\" width=\"150\" height=\"150\" src=\"https:\/\/www.arquimaster.com.ar\/web\/wp-content\/uploads\/2021\/02\/casa_villamayor4-150x150.jpg\" class=\"attachment-thumbnail size-thumbnail\" alt=\"Casa Villamayor \/ Dante Fiorenza\" aria-describedby=\"gallery-1-62888\" \/><\/a>\n\t\t\t<\/div>\n\t\t\t\t<figcaption class='wp-caption-text gallery-caption' id='gallery-1-62888'>\n\t\t\t\tCasa Villamayor \/ Dante Fiorenza\n\t\t\t\t<\/figcaption><\/figure><figure class='gallery-item'>\n\t\t\t<div class='gallery-icon landscape'>\n\t\t\t\t<a href='https:\/\/www.arquimaster.com.ar\/web\/wp-content\/uploads\/2021\/02\/casa_villamayor5.jpg' title=\"Casa Villamayor \/ Dante Fiorenza\" data-rl_title=\"Casa Villamayor \/ Dante Fiorenza\" class=\"rl-gallery-link\" data-rl_caption=\"Casa Villamayor \/ Dante Fiorenza\" data-rel=\"lightbox-gallery-1\"><img loading=\"lazy\" decoding=\"async\" width=\"150\" height=\"150\" src=\"https:\/\/www.arquimaster.com.ar\/web\/wp-content\/uploads\/2021\/02\/casa_villamayor5-150x150.jpg\" class=\"attachment-thumbnail size-thumbnail\" alt=\"Casa Villamayor \/ Dante Fiorenza\" aria-describedby=\"gallery-1-62889\" \/><\/a>\n\t\t\t<\/div>\n\t\t\t\t<figcaption class='wp-caption-text gallery-caption' id='gallery-1-62889'>\n\t\t\t\tCasa Villamayor \/ Dante Fiorenza\n\t\t\t\t<\/figcaption><\/figure><figure class='gallery-item'>\n\t\t\t<div class='gallery-icon portrait'>\n\t\t\t\t<a href='https:\/\/www.arquimaster.com.ar\/web\/wp-content\/uploads\/2021\/02\/casa_villamayor6.jpg' title=\"Casa Villamayor \/ Dante Fiorenza\" data-rl_title=\"Casa Villamayor \/ Dante Fiorenza\" class=\"rl-gallery-link\" data-rl_caption=\"Casa Villamayor \/ Dante Fiorenza\" data-rel=\"lightbox-gallery-1\"><img loading=\"lazy\" decoding=\"async\" width=\"150\" height=\"150\" src=\"https:\/\/www.arquimaster.com.ar\/web\/wp-content\/uploads\/2021\/02\/casa_villamayor6-150x150.jpg\" class=\"attachment-thumbnail size-thumbnail\" alt=\"Casa Villamayor \/ Dante Fiorenza\" aria-describedby=\"gallery-1-62890\" \/><\/a>\n\t\t\t<\/div>\n\t\t\t\t<figcaption class='wp-caption-text gallery-caption' id='gallery-1-62890'>\n\t\t\t\tCasa Villamayor \/ Dante Fiorenza\n\t\t\t\t<\/figcaption><\/figure><figure class='gallery-item'>\n\t\t\t<div class='gallery-icon landscape'>\n\t\t\t\t<a href='https:\/\/www.arquimaster.com.ar\/web\/wp-content\/uploads\/2021\/02\/casa_villamayor7.jpg' title=\"Casa Villamayor \/ Dante Fiorenza\" data-rl_title=\"Casa Villamayor \/ Dante Fiorenza\" class=\"rl-gallery-link\" data-rl_caption=\"Casa Villamayor \/ Dante Fiorenza\" data-rel=\"lightbox-gallery-1\"><img loading=\"lazy\" decoding=\"async\" width=\"150\" height=\"150\" src=\"https:\/\/www.arquimaster.com.ar\/web\/wp-content\/uploads\/2021\/02\/casa_villamayor7-150x150.jpg\" class=\"attachment-thumbnail size-thumbnail\" alt=\"Casa Villamayor \/ Dante Fiorenza\" aria-describedby=\"gallery-1-62891\" \/><\/a>\n\t\t\t<\/div>\n\t\t\t\t<figcaption class='wp-caption-text gallery-caption' id='gallery-1-62891'>\n\t\t\t\tCasa Villamayor \/ Dante Fiorenza\n\t\t\t\t<\/figcaption><\/figure><figure class='gallery-item'>\n\t\t\t<div class='gallery-icon portrait'>\n\t\t\t\t<a href='https:\/\/www.arquimaster.com.ar\/web\/wp-content\/uploads\/2021\/02\/casa_villamayor8.jpg' title=\"Casa Villamayor \/ Dante Fiorenza\" data-rl_title=\"Casa Villamayor \/ Dante Fiorenza\" class=\"rl-gallery-link\" data-rl_caption=\"Casa Villamayor \/ Dante Fiorenza\" data-rel=\"lightbox-gallery-1\"><img loading=\"lazy\" decoding=\"async\" width=\"150\" height=\"150\" src=\"https:\/\/www.arquimaster.com.ar\/web\/wp-content\/uploads\/2021\/02\/casa_villamayor8-150x150.jpg\" class=\"attachment-thumbnail size-thumbnail\" alt=\"Casa Villamayor \/ Dante Fiorenza\" aria-describedby=\"gallery-1-62892\" \/><\/a>\n\t\t\t<\/div>\n\t\t\t\t<figcaption class='wp-caption-text gallery-caption' id='gallery-1-62892'>\n\t\t\t\tCasa Villamayor \/ Dante Fiorenza\n\t\t\t\t<\/figcaption><\/figure><figure class='gallery-item'>\n\t\t\t<div class='gallery-icon portrait'>\n\t\t\t\t<a href='https:\/\/www.arquimaster.com.ar\/web\/wp-content\/uploads\/2021\/02\/casa_villamayor9.jpg' title=\"Casa Villamayor \/ Dante Fiorenza\" data-rl_title=\"Casa Villamayor \/ Dante Fiorenza\" class=\"rl-gallery-link\" data-rl_caption=\"Casa Villamayor \/ Dante Fiorenza\" data-rel=\"lightbox-gallery-1\"><img loading=\"lazy\" decoding=\"async\" width=\"150\" height=\"150\" src=\"https:\/\/www.arquimaster.com.ar\/web\/wp-content\/uploads\/2021\/02\/casa_villamayor9-150x150.jpg\" class=\"attachment-thumbnail size-thumbnail\" alt=\"Casa Villamayor \/ Dante Fiorenza\" aria-describedby=\"gallery-1-62893\" \/><\/a>\n\t\t\t<\/div>\n\t\t\t\t<figcaption class='wp-caption-text gallery-caption' id='gallery-1-62893'>\n\t\t\t\tCasa Villamayor \/ Dante Fiorenza\n\t\t\t\t<\/figcaption><\/figure><figure class='gallery-item'>\n\t\t\t<div class='gallery-icon landscape'>\n\t\t\t\t<a href='https:\/\/www.arquimaster.com.ar\/web\/wp-content\/uploads\/2021\/02\/casa_villamayor10.jpg' title=\"Casa Villamayor \/ Dante Fiorenza\" data-rl_title=\"Casa Villamayor \/ Dante Fiorenza\" class=\"rl-gallery-link\" data-rl_caption=\"Casa Villamayor \/ Dante Fiorenza\" data-rel=\"lightbox-gallery-1\"><img loading=\"lazy\" decoding=\"async\" width=\"150\" height=\"150\" src=\"https:\/\/www.arquimaster.com.ar\/web\/wp-content\/uploads\/2021\/02\/casa_villamayor10-150x150.jpg\" class=\"attachment-thumbnail size-thumbnail\" alt=\"Casa Villamayor \/ Dante Fiorenza\" aria-describedby=\"gallery-1-62894\" \/><\/a>\n\t\t\t<\/div>\n\t\t\t\t<figcaption class='wp-caption-text gallery-caption' id='gallery-1-62894'>\n\t\t\t\tCasa Villamayor \/ Dante Fiorenza\n\t\t\t\t<\/figcaption><\/figure><figure class='gallery-item'>\n\t\t\t<div class='gallery-icon landscape'>\n\t\t\t\t<a href='https:\/\/www.arquimaster.com.ar\/web\/wp-content\/uploads\/2021\/02\/casa_villamayor11.jpg' title=\"Casa Villamayor \/ Dante Fiorenza\" data-rl_title=\"Casa Villamayor \/ Dante Fiorenza\" class=\"rl-gallery-link\" data-rl_caption=\"Casa Villamayor \/ Dante Fiorenza\" data-rel=\"lightbox-gallery-1\"><img loading=\"lazy\" decoding=\"async\" width=\"150\" height=\"150\" src=\"https:\/\/www.arquimaster.com.ar\/web\/wp-content\/uploads\/2021\/02\/casa_villamayor11-150x150.jpg\" class=\"attachment-thumbnail size-thumbnail\" alt=\"Casa Villamayor \/ Dante Fiorenza\" aria-describedby=\"gallery-1-62895\" \/><\/a>\n\t\t\t<\/div>\n\t\t\t\t<figcaption class='wp-caption-text gallery-caption' id='gallery-1-62895'>\n\t\t\t\tCasa Villamayor \/ Dante Fiorenza\n\t\t\t\t<\/figcaption><\/figure><figure class='gallery-item'>\n\t\t\t<div class='gallery-icon portrait'>\n\t\t\t\t<a href='https:\/\/www.arquimaster.com.ar\/web\/wp-content\/uploads\/2021\/02\/casa_villamayor12.jpg' title=\"Casa Villamayor \/ Dante Fiorenza\" data-rl_title=\"Casa Villamayor \/ Dante Fiorenza\" class=\"rl-gallery-link\" data-rl_caption=\"Casa Villamayor \/ Dante Fiorenza\" data-rel=\"lightbox-gallery-1\"><img loading=\"lazy\" decoding=\"async\" width=\"150\" height=\"150\" src=\"https:\/\/www.arquimaster.com.ar\/web\/wp-content\/uploads\/2021\/02\/casa_villamayor12-150x150.jpg\" class=\"attachment-thumbnail size-thumbnail\" alt=\"Casa Villamayor \/ Dante Fiorenza\" aria-describedby=\"gallery-1-62896\" \/><\/a>\n\t\t\t<\/div>\n\t\t\t\t<figcaption class='wp-caption-text gallery-caption' id='gallery-1-62896'>\n\t\t\t\tCasa Villamayor \/ Dante Fiorenza\n\t\t\t\t<\/figcaption><\/figure><figure class='gallery-item'>\n\t\t\t<div class='gallery-icon landscape'>\n\t\t\t\t<a href='https:\/\/www.arquimaster.com.ar\/web\/wp-content\/uploads\/2021\/02\/casa_villamayor13.jpg' title=\"Casa Villamayor \/ Dante Fiorenza\" data-rl_title=\"Casa Villamayor \/ Dante Fiorenza\" class=\"rl-gallery-link\" data-rl_caption=\"Casa Villamayor \/ Dante Fiorenza\" data-rel=\"lightbox-gallery-1\"><img loading=\"lazy\" decoding=\"async\" width=\"150\" height=\"150\" src=\"https:\/\/www.arquimaster.com.ar\/web\/wp-content\/uploads\/2021\/02\/casa_villamayor13-150x150.jpg\" class=\"attachment-thumbnail size-thumbnail\" alt=\"Casa Villamayor \/ Dante Fiorenza\" aria-describedby=\"gallery-1-62897\" \/><\/a>\n\t\t\t<\/div>\n\t\t\t\t<figcaption class='wp-caption-text gallery-caption' id='gallery-1-62897'>\n\t\t\t\tCasa Villamayor \/ Dante Fiorenza\n\t\t\t\t<\/figcaption><\/figure><figure class='gallery-item'>\n\t\t\t<div class='gallery-icon landscape'>\n\t\t\t\t<a href='https:\/\/www.arquimaster.com.ar\/web\/wp-content\/uploads\/2021\/02\/casa_villamayor14_v2-scaled.jpg' title=\"Casa Villamayor \/ Dante Fiorenza (planta)\" data-rl_title=\"Casa Villamayor \/ Dante Fiorenza (planta)\" class=\"rl-gallery-link\" data-rl_caption=\"Casa Villamayor \/ Dante Fiorenza (planta)\" data-rel=\"lightbox-gallery-1\"><img loading=\"lazy\" decoding=\"async\" width=\"150\" height=\"150\" src=\"https:\/\/www.arquimaster.com.ar\/web\/wp-content\/uploads\/2021\/02\/casa_villamayor14_v2-150x150.jpg\" class=\"attachment-thumbnail size-thumbnail\" alt=\"Casa Villamayor \/ Dante Fiorenza\" aria-describedby=\"gallery-1-63427\" \/><\/a>\n\t\t\t<\/div>\n\t\t\t\t<figcaption class='wp-caption-text gallery-caption' id='gallery-1-63427'>\n\t\t\t\tCasa Villamayor \/ Dante Fiorenza (planta)\n\t\t\t\t<\/figcaption><\/figure><figure class='gallery-item'>\n\t\t\t<div class='gallery-icon landscape'>\n\t\t\t\t<a href='https:\/\/www.arquimaster.com.ar\/web\/wp-content\/uploads\/2021\/02\/casa_villamayor15-scaled.jpg' title=\"Casa Villamayor \/ Dante Fiorenza (corte)\" data-rl_title=\"Casa Villamayor \/ Dante Fiorenza (corte)\" class=\"rl-gallery-link\" data-rl_caption=\"Casa Villamayor \/ Dante Fiorenza (corte)\" data-rel=\"lightbox-gallery-1\"><img loading=\"lazy\" decoding=\"async\" width=\"150\" height=\"150\" src=\"https:\/\/www.arquimaster.com.ar\/web\/wp-content\/uploads\/2021\/02\/casa_villamayor15-150x150.jpg\" class=\"attachment-thumbnail size-thumbnail\" alt=\"Casa Villamayor \/ Dante Fiorenza\" aria-describedby=\"gallery-1-62899\" \/><\/a>\n\t\t\t<\/div>\n\t\t\t\t<figcaption class='wp-caption-text gallery-caption' id='gallery-1-62899'>\n\t\t\t\tCasa Villamayor \/ Dante Fiorenza (corte)\n\t\t\t\t<\/figcaption><\/figure>\n\t\t<\/div>\n\n<p>La idea fundamental es la casa con patio y galer\u00eda, muy popular y de amplia tradici\u00f3n, en una soluci\u00f3n en planta baja. De la antigua construcci\u00f3n, muy deteriorada, se recuperaron algunos muros.<\/p>\n<p>Uno de los antiguos dormitorios se transform\u00f3 en un patio protegido y silencioso, ideal para la quietud necesaria para los nuevos dormitorios de la casa principal. Se accede a las dependencias por un pasillo con piso de conchilla marina, los pasos silenciosos preludian la tranquilidad de las galer\u00edas y los patios.<\/p>\n<p>Hubo que calibrar finamente alturas y superficies, al l\u00edmite de lo requerido por las normas en un terreno muy angosto: 7,50 x 44 metros. Donde las luces de las vigas de madera lo permiten, las galer\u00edas son en voladizo, en la casa principal la estructura de la galer\u00eda es independiente.<\/p>\n<p>Cada elemento se expresa con desnuda esencialidad en una realizaci\u00f3n de costos contenidos. Los espacios dan una impresi\u00f3n de amplitud superior a los 31 metros cuadrados de las dependencias. Las aguas de lluvia se dirigen a tanques de dispersi\u00f3n enterrados en los jardines, esta medida ahorr\u00f3 el relleno de terreno que hubiese sido necesario para crear pendiente en caso de una soluci\u00f3n tradicional con pluviales dirigidos a la calle.<\/p>\n<p>La casa es de alto rendimiento energ\u00e9tico: calefacci\u00f3n por piso con caldera a condensaci\u00f3n, aberturas de altas prestaciones y revoques t\u00e9rmicos aditivados con perlas de telgopor. Las galer\u00edas impiden la excesiva radiaci\u00f3n solar en verano, permitiendo el aporte t\u00e9rmico en invierno.<\/p>\n<p>Los 3 metros de altura de los cielorrasos de yeso armado a la antigua, permiten un buen volumen de aire y mayor frescura de los ambientes en verano. Los muros exteriores en color se revistieron con microcemento alisado y los cielorrasos de las galer\u00edas son de tablas de eucaliptus.<\/p>\n<p><strong>Ficha t\u00e9cnica<\/strong><br \/>\nNombre: Casa Villamayor<br \/>\nUbicaci\u00f3n: La Plata, Pcia. de Buenos Aires, Argentina<br \/>\nProyecto: Arq. Dante Fiorenza<br \/>\nEmpresa ejecutora: Armando Chosco Construcciones<br \/>\nCalefacci\u00f3n: Laplataclima S.A.<br \/>\nInstalaciones el\u00e9ctricas: Daniel Morel S.A.<br \/>\nSuperficie cubierta: 130 m2<br \/>\nA\u00f1o de realizaci\u00f3n: 2020<\/p>\n\n<div style=\"font-size: 0px; height: 0px; line-height: 0px; margin: 0; padding: 0; clear: both;\"><\/div><div style=\"margin-top: 0px; margin-bottom: 0px;\" class=\"sharethis-inline-share-buttons\" ><\/div>","protected":false},"excerpt":{"rendered":"<p>La idea fundamental es la casa con patio y galer\u00eda, muy popular y de amplia tradici\u00f3n&#8230;<\/p>\n","protected":false},"author":1,"featured_media":62884,"comment_status":"closed","ping_status":"closed","sticky":false,"template":"","format":"standard","meta":{"_uag_custom_page_level_css":"","footnotes":""},"categories":[1,83],"tags":[3109,303,3509,1043,680,6889,254],"class_list":["post-62883","post","type-post","status-publish","format-standard","has-post-thumbnail","hentry","category-proyecto","category-vivienda-unifamiliar","tag-dante-fiorenza","tag-la-plata","tag-reciclaje","tag-reforma-de-vivienda","tag-rehabilitacion","tag-vivienda-ph","tag-vivienda-unifamiliar-2","generate-columns","tablet-grid-50","mobile-grid-100","grid-parent","grid-50"],"yoast_head":"<!-- This site is optimized with the Yoast SEO plugin v27.3 - https:\/\/yoast.com\/product\/yoast-seo-wordpress\/ -->\n<title>Casa Villamayor \/ Dante Fiorenza - Arquimaster<\/title>\n<meta name=\"description\" content=\"La idea fundamental es la casa con patio y galer\u00eda, muy popular y de amplia tradici\u00f3n, en una soluci\u00f3n en planta baja.\" \/>\n<meta name=\"robots\" content=\"index, follow, max-snippet:-1, max-image-preview:large, max-video-preview:-1\" \/>\n<link rel=\"canonical\" href=\"https:\/\/www.arquimaster.com.ar\/web\/casa-villamayor-dante-fiorenza\/\" \/>\n<meta property=\"og:locale\" content=\"es_ES\" \/>\n<meta property=\"og:type\" content=\"article\" \/>\n<meta property=\"og:title\" content=\"Casa Villamayor \/ Dante Fiorenza\" \/>\n<meta property=\"og:description\" content=\"La idea fundamental es la casa con patio y galer\u00eda, muy popular y de amplia tradici\u00f3n, en una soluci\u00f3n en planta baja.\" \/>\n<meta property=\"og:url\" content=\"https:\/\/www.arquimaster.com.ar\/web\/casa-villamayor-dante-fiorenza\/\" \/>\n<meta property=\"og:site_name\" content=\"Arquimaster\" \/>\n<meta property=\"article:publisher\" content=\"http:\/\/www.facebook.com\/ARQUIMASTER.com.ar\" \/>\n<meta property=\"article:published_time\" content=\"2021-02-18T19:39:52+00:00\" \/>\n<meta property=\"article:modified_time\" content=\"2021-07-15T21:57:43+00:00\" \/>\n<meta property=\"og:image\" content=\"https:\/\/www.arquimaster.com.ar\/web\/wp-content\/uploads\/2021\/02\/casa_villamayor_slide.jpg\" \/>\n\t<meta property=\"og:image:width\" content=\"698\" \/>\n\t<meta property=\"og:image:height\" content=\"364\" \/>\n\t<meta property=\"og:image:type\" content=\"image\/jpeg\" \/>\n<meta name=\"author\" content=\"Arquimaster\" \/>\n<meta name=\"twitter:card\" content=\"summary_large_image\" \/>\n<meta name=\"twitter:title\" content=\"Casa Villamayor \/ Dante Fiorenza\" \/>\n<meta name=\"twitter:description\" content=\"La idea fundamental es la casa con patio y galer\u00eda, muy popular y de amplia tradici\u00f3n, en una soluci\u00f3n en planta baja.\" \/>\n<meta name=\"twitter:image\" content=\"https:\/\/www.arquimaster.com.ar\/web\/wp-content\/uploads\/2021\/02\/casa_villamayor_slide.jpg\" \/>\n<meta name=\"twitter:creator\" content=\"@arquimaster\" \/>\n<meta name=\"twitter:site\" content=\"@arquimaster\" \/>\n<meta name=\"twitter:label1\" content=\"Escrito por\" \/>\n\t<meta name=\"twitter:data1\" content=\"Arquimaster\" \/>\n\t<meta name=\"twitter:label2\" content=\"Tiempo de lectura\" \/>\n\t<meta name=\"twitter:data2\" content=\"2 minutos\" \/>\n<script type=\"application\/ld+json\" class=\"yoast-schema-graph\">{\"@context\":\"https:\\\/\\\/schema.org\",\"@graph\":[{\"@type\":\"Article\",\"@id\":\"https:\\\/\\\/www.arquimaster.com.ar\\\/web\\\/casa-villamayor-dante-fiorenza\\\/#article\",\"isPartOf\":{\"@id\":\"https:\\\/\\\/www.arquimaster.com.ar\\\/web\\\/casa-villamayor-dante-fiorenza\\\/\"},\"author\":{\"name\":\"Arquimaster\",\"@id\":\"https:\\\/\\\/www.arquimaster.com.ar\\\/web\\\/#\\\/schema\\\/person\\\/359e9f7c00193fcde068e0dd2ceb0028\"},\"headline\":\"Casa Villamayor \\\/ Dante Fiorenza\",\"datePublished\":\"2021-02-18T19:39:52+00:00\",\"dateModified\":\"2021-07-15T21:57:43+00:00\",\"mainEntityOfPage\":{\"@id\":\"https:\\\/\\\/www.arquimaster.com.ar\\\/web\\\/casa-villamayor-dante-fiorenza\\\/\"},\"wordCount\":423,\"publisher\":{\"@id\":\"https:\\\/\\\/www.arquimaster.com.ar\\\/web\\\/#organization\"},\"image\":{\"@id\":\"https:\\\/\\\/www.arquimaster.com.ar\\\/web\\\/casa-villamayor-dante-fiorenza\\\/#primaryimage\"},\"thumbnailUrl\":\"https:\\\/\\\/www.arquimaster.com.ar\\\/web\\\/wp-content\\\/uploads\\\/2021\\\/02\\\/casa_villamayor_slide.jpg\",\"keywords\":[\"Dante Fiorenza\",\"La Plata\",\"reciclaje\",\"reforma de vivienda\",\"rehabilitaci\u00f3n\",\"vivienda PH\",\"vivienda unifamiliar\"],\"articleSection\":[\"Proyecto\",\"Vivienda unifamiliar y PH\"],\"inLanguage\":\"es\"},{\"@type\":\"WebPage\",\"@id\":\"https:\\\/\\\/www.arquimaster.com.ar\\\/web\\\/casa-villamayor-dante-fiorenza\\\/\",\"url\":\"https:\\\/\\\/www.arquimaster.com.ar\\\/web\\\/casa-villamayor-dante-fiorenza\\\/\",\"name\":\"Casa Villamayor \\\/ Dante Fiorenza - Arquimaster\",\"isPartOf\":{\"@id\":\"https:\\\/\\\/www.arquimaster.com.ar\\\/web\\\/#website\"},\"primaryImageOfPage\":{\"@id\":\"https:\\\/\\\/www.arquimaster.com.ar\\\/web\\\/casa-villamayor-dante-fiorenza\\\/#primaryimage\"},\"image\":{\"@id\":\"https:\\\/\\\/www.arquimaster.com.ar\\\/web\\\/casa-villamayor-dante-fiorenza\\\/#primaryimage\"},\"thumbnailUrl\":\"https:\\\/\\\/www.arquimaster.com.ar\\\/web\\\/wp-content\\\/uploads\\\/2021\\\/02\\\/casa_villamayor_slide.jpg\",\"datePublished\":\"2021-02-18T19:39:52+00:00\",\"dateModified\":\"2021-07-15T21:57:43+00:00\",\"description\":\"La idea fundamental es la casa con patio y galer\u00eda, muy popular y de amplia tradici\u00f3n, en una soluci\u00f3n en planta baja.\",\"breadcrumb\":{\"@id\":\"https:\\\/\\\/www.arquimaster.com.ar\\\/web\\\/casa-villamayor-dante-fiorenza\\\/#breadcrumb\"},\"inLanguage\":\"es\",\"potentialAction\":[{\"@type\":\"ReadAction\",\"target\":[\"https:\\\/\\\/www.arquimaster.com.ar\\\/web\\\/casa-villamayor-dante-fiorenza\\\/\"]}]},{\"@type\":\"ImageObject\",\"inLanguage\":\"es\",\"@id\":\"https:\\\/\\\/www.arquimaster.com.ar\\\/web\\\/casa-villamayor-dante-fiorenza\\\/#primaryimage\",\"url\":\"https:\\\/\\\/www.arquimaster.com.ar\\\/web\\\/wp-content\\\/uploads\\\/2021\\\/02\\\/casa_villamayor_slide.jpg\",\"contentUrl\":\"https:\\\/\\\/www.arquimaster.com.ar\\\/web\\\/wp-content\\\/uploads\\\/2021\\\/02\\\/casa_villamayor_slide.jpg\",\"width\":698,\"height\":364,\"caption\":\"Casa Villamayor \\\/ Dante Fiorenza\"},{\"@type\":\"BreadcrumbList\",\"@id\":\"https:\\\/\\\/www.arquimaster.com.ar\\\/web\\\/casa-villamayor-dante-fiorenza\\\/#breadcrumb\",\"itemListElement\":[{\"@type\":\"ListItem\",\"position\":1,\"name\":\"Portada\",\"item\":\"https:\\\/\\\/www.arquimaster.com.ar\\\/web\\\/\"},{\"@type\":\"ListItem\",\"position\":2,\"name\":\"Casa Villamayor \\\/ Dante Fiorenza\"}]},{\"@type\":\"WebSite\",\"@id\":\"https:\\\/\\\/www.arquimaster.com.ar\\\/web\\\/#website\",\"url\":\"https:\\\/\\\/www.arquimaster.com.ar\\\/web\\\/\",\"name\":\"Arquimaster\",\"description\":\"Web de arquitectura, dise\u00f1o y construccion\",\"publisher\":{\"@id\":\"https:\\\/\\\/www.arquimaster.com.ar\\\/web\\\/#organization\"},\"potentialAction\":[{\"@type\":\"SearchAction\",\"target\":{\"@type\":\"EntryPoint\",\"urlTemplate\":\"https:\\\/\\\/www.arquimaster.com.ar\\\/web\\\/?s={search_term_string}\"},\"query-input\":{\"@type\":\"PropertyValueSpecification\",\"valueRequired\":true,\"valueName\":\"search_term_string\"}}],\"inLanguage\":\"es\"},{\"@type\":\"Organization\",\"@id\":\"https:\\\/\\\/www.arquimaster.com.ar\\\/web\\\/#organization\",\"name\":\"Arquimaster\",\"url\":\"https:\\\/\\\/www.arquimaster.com.ar\\\/web\\\/\",\"logo\":{\"@type\":\"ImageObject\",\"inLanguage\":\"es\",\"@id\":\"https:\\\/\\\/www.arquimaster.com.ar\\\/web\\\/#\\\/schema\\\/logo\\\/image\\\/\",\"url\":\"https:\\\/\\\/www.arquimaster.com.ar\\\/web\\\/wp-content\\\/uploads\\\/2022\\\/06\\\/arquimaster.png\",\"contentUrl\":\"https:\\\/\\\/www.arquimaster.com.ar\\\/web\\\/wp-content\\\/uploads\\\/2022\\\/06\\\/arquimaster.png\",\"width\":594,\"height\":78,\"caption\":\"Arquimaster\"},\"image\":{\"@id\":\"https:\\\/\\\/www.arquimaster.com.ar\\\/web\\\/#\\\/schema\\\/logo\\\/image\\\/\"},\"sameAs\":[\"http:\\\/\\\/www.facebook.com\\\/ARQUIMASTER.com.ar\",\"https:\\\/\\\/x.com\\\/arquimaster\",\"https:\\\/\\\/www.instagram.com\\\/arquimasterblog\\\/\",\"https:\\\/\\\/www.linkedin.com\\\/company\\\/arquimaster\",\"https:\\\/\\\/www.pinterest.com\\\/arquimaster\",\"https:\\\/\\\/t.me\\\/arquimaster\"]},{\"@type\":\"Person\",\"@id\":\"https:\\\/\\\/www.arquimaster.com.ar\\\/web\\\/#\\\/schema\\\/person\\\/359e9f7c00193fcde068e0dd2ceb0028\",\"name\":\"Arquimaster\"}]}<\/script>\n<!-- \/ Yoast SEO plugin. -->","yoast_head_json":{"title":"Casa Villamayor \/ Dante Fiorenza - Arquimaster","description":"La idea fundamental es la casa con patio y galer\u00eda, muy popular y de amplia tradici\u00f3n, en una soluci\u00f3n en planta baja.","robots":{"index":"index","follow":"follow","max-snippet":"max-snippet:-1","max-image-preview":"max-image-preview:large","max-video-preview":"max-video-preview:-1"},"canonical":"https:\/\/www.arquimaster.com.ar\/web\/casa-villamayor-dante-fiorenza\/","og_locale":"es_ES","og_type":"article","og_title":"Casa Villamayor \/ Dante Fiorenza","og_description":"La idea fundamental es la casa con patio y galer\u00eda, muy popular y de amplia tradici\u00f3n, en una soluci\u00f3n en planta baja.","og_url":"https:\/\/www.arquimaster.com.ar\/web\/casa-villamayor-dante-fiorenza\/","og_site_name":"Arquimaster","article_publisher":"http:\/\/www.facebook.com\/ARQUIMASTER.com.ar","article_published_time":"2021-02-18T19:39:52+00:00","article_modified_time":"2021-07-15T21:57:43+00:00","og_image":[{"width":698,"height":364,"url":"https:\/\/www.arquimaster.com.ar\/web\/wp-content\/uploads\/2021\/02\/casa_villamayor_slide.jpg","type":"image\/jpeg"}],"author":"Arquimaster","twitter_card":"summary_large_image","twitter_title":"Casa Villamayor \/ Dante Fiorenza","twitter_description":"La idea fundamental es la casa con patio y galer\u00eda, muy popular y de amplia tradici\u00f3n, en una soluci\u00f3n en planta baja.","twitter_image":"https:\/\/www.arquimaster.com.ar\/web\/wp-content\/uploads\/2021\/02\/casa_villamayor_slide.jpg","twitter_creator":"@arquimaster","twitter_site":"@arquimaster","twitter_misc":{"Escrito por":"Arquimaster","Tiempo de lectura":"2 minutos"},"schema":{"@context":"https:\/\/schema.org","@graph":[{"@type":"Article","@id":"https:\/\/www.arquimaster.com.ar\/web\/casa-villamayor-dante-fiorenza\/#article","isPartOf":{"@id":"https:\/\/www.arquimaster.com.ar\/web\/casa-villamayor-dante-fiorenza\/"},"author":{"name":"Arquimaster","@id":"https:\/\/www.arquimaster.com.ar\/web\/#\/schema\/person\/359e9f7c00193fcde068e0dd2ceb0028"},"headline":"Casa Villamayor \/ Dante Fiorenza","datePublished":"2021-02-18T19:39:52+00:00","dateModified":"2021-07-15T21:57:43+00:00","mainEntityOfPage":{"@id":"https:\/\/www.arquimaster.com.ar\/web\/casa-villamayor-dante-fiorenza\/"},"wordCount":423,"publisher":{"@id":"https:\/\/www.arquimaster.com.ar\/web\/#organization"},"image":{"@id":"https:\/\/www.arquimaster.com.ar\/web\/casa-villamayor-dante-fiorenza\/#primaryimage"},"thumbnailUrl":"https:\/\/www.arquimaster.com.ar\/web\/wp-content\/uploads\/2021\/02\/casa_villamayor_slide.jpg","keywords":["Dante Fiorenza","La Plata","reciclaje","reforma de vivienda","rehabilitaci\u00f3n","vivienda PH","vivienda unifamiliar"],"articleSection":["Proyecto","Vivienda unifamiliar y PH"],"inLanguage":"es"},{"@type":"WebPage","@id":"https:\/\/www.arquimaster.com.ar\/web\/casa-villamayor-dante-fiorenza\/","url":"https:\/\/www.arquimaster.com.ar\/web\/casa-villamayor-dante-fiorenza\/","name":"Casa Villamayor \/ Dante Fiorenza - Arquimaster","isPartOf":{"@id":"https:\/\/www.arquimaster.com.ar\/web\/#website"},"primaryImageOfPage":{"@id":"https:\/\/www.arquimaster.com.ar\/web\/casa-villamayor-dante-fiorenza\/#primaryimage"},"image":{"@id":"https:\/\/www.arquimaster.com.ar\/web\/casa-villamayor-dante-fiorenza\/#primaryimage"},"thumbnailUrl":"https:\/\/www.arquimaster.com.ar\/web\/wp-content\/uploads\/2021\/02\/casa_villamayor_slide.jpg","datePublished":"2021-02-18T19:39:52+00:00","dateModified":"2021-07-15T21:57:43+00:00","description":"La idea fundamental es la casa con patio y galer\u00eda, muy popular y de amplia tradici\u00f3n, en una soluci\u00f3n en planta baja.","breadcrumb":{"@id":"https:\/\/www.arquimaster.com.ar\/web\/casa-villamayor-dante-fiorenza\/#breadcrumb"},"inLanguage":"es","potentialAction":[{"@type":"ReadAction","target":["https:\/\/www.arquimaster.com.ar\/web\/casa-villamayor-dante-fiorenza\/"]}]},{"@type":"ImageObject","inLanguage":"es","@id":"https:\/\/www.arquimaster.com.ar\/web\/casa-villamayor-dante-fiorenza\/#primaryimage","url":"https:\/\/www.arquimaster.com.ar\/web\/wp-content\/uploads\/2021\/02\/casa_villamayor_slide.jpg","contentUrl":"https:\/\/www.arquimaster.com.ar\/web\/wp-content\/uploads\/2021\/02\/casa_villamayor_slide.jpg","width":698,"height":364,"caption":"Casa Villamayor \/ Dante Fiorenza"},{"@type":"BreadcrumbList","@id":"https:\/\/www.arquimaster.com.ar\/web\/casa-villamayor-dante-fiorenza\/#breadcrumb","itemListElement":[{"@type":"ListItem","position":1,"name":"Portada","item":"https:\/\/www.arquimaster.com.ar\/web\/"},{"@type":"ListItem","position":2,"name":"Casa Villamayor \/ Dante Fiorenza"}]},{"@type":"WebSite","@id":"https:\/\/www.arquimaster.com.ar\/web\/#website","url":"https:\/\/www.arquimaster.com.ar\/web\/","name":"Arquimaster","description":"Web de arquitectura, dise\u00f1o y construccion","publisher":{"@id":"https:\/\/www.arquimaster.com.ar\/web\/#organization"},"potentialAction":[{"@type":"SearchAction","target":{"@type":"EntryPoint","urlTemplate":"https:\/\/www.arquimaster.com.ar\/web\/?s={search_term_string}"},"query-input":{"@type":"PropertyValueSpecification","valueRequired":true,"valueName":"search_term_string"}}],"inLanguage":"es"},{"@type":"Organization","@id":"https:\/\/www.arquimaster.com.ar\/web\/#organization","name":"Arquimaster","url":"https:\/\/www.arquimaster.com.ar\/web\/","logo":{"@type":"ImageObject","inLanguage":"es","@id":"https:\/\/www.arquimaster.com.ar\/web\/#\/schema\/logo\/image\/","url":"https:\/\/www.arquimaster.com.ar\/web\/wp-content\/uploads\/2022\/06\/arquimaster.png","contentUrl":"https:\/\/www.arquimaster.com.ar\/web\/wp-content\/uploads\/2022\/06\/arquimaster.png","width":594,"height":78,"caption":"Arquimaster"},"image":{"@id":"https:\/\/www.arquimaster.com.ar\/web\/#\/schema\/logo\/image\/"},"sameAs":["http:\/\/www.facebook.com\/ARQUIMASTER.com.ar","https:\/\/x.com\/arquimaster","https:\/\/www.instagram.com\/arquimasterblog\/","https:\/\/www.linkedin.com\/company\/arquimaster","https:\/\/www.pinterest.com\/arquimaster","https:\/\/t.me\/arquimaster"]},{"@type":"Person","@id":"https:\/\/www.arquimaster.com.ar\/web\/#\/schema\/person\/359e9f7c00193fcde068e0dd2ceb0028","name":"Arquimaster"}]}},"uagb_featured_image_src":{"full":["https:\/\/www.arquimaster.com.ar\/web\/wp-content\/uploads\/2021\/02\/casa_villamayor_slide.jpg",698,364,false],"thumbnail":["https:\/\/www.arquimaster.com.ar\/web\/wp-content\/uploads\/2021\/02\/casa_villamayor_slide-150x150.jpg",150,150,true],"medium":["https:\/\/www.arquimaster.com.ar\/web\/wp-content\/uploads\/2021\/02\/casa_villamayor_slide.jpg",698,364,false],"medium_large":["https:\/\/www.arquimaster.com.ar\/web\/wp-content\/uploads\/2021\/02\/casa_villamayor_slide.jpg",698,364,false],"large":["https:\/\/www.arquimaster.com.ar\/web\/wp-content\/uploads\/2021\/02\/casa_villamayor_slide.jpg",698,364,false],"1536x1536":["https:\/\/www.arquimaster.com.ar\/web\/wp-content\/uploads\/2021\/02\/casa_villamayor_slide.jpg",698,364,false],"2048x2048":["https:\/\/www.arquimaster.com.ar\/web\/wp-content\/uploads\/2021\/02\/casa_villamayor_slide.jpg",698,364,false]},"uagb_author_info":{"display_name":"Arquimaster","author_link":"https:\/\/www.arquimaster.com.ar\/web\/author\/arquimaster\/"},"uagb_comment_info":0,"uagb_excerpt":"La idea fundamental es la casa con patio y galer\u00eda, muy popular y de amplia tradici\u00f3n...","_links":{"self":[{"href":"https:\/\/www.arquimaster.com.ar\/web\/wp-json\/wp\/v2\/posts\/62883","targetHints":{"allow":["GET"]}}],"collection":[{"href":"https:\/\/www.arquimaster.com.ar\/web\/wp-json\/wp\/v2\/posts"}],"about":[{"href":"https:\/\/www.arquimaster.com.ar\/web\/wp-json\/wp\/v2\/types\/post"}],"author":[{"embeddable":true,"href":"https:\/\/www.arquimaster.com.ar\/web\/wp-json\/wp\/v2\/users\/1"}],"replies":[{"embeddable":true,"href":"https:\/\/www.arquimaster.com.ar\/web\/wp-json\/wp\/v2\/comments?post=62883"}],"version-history":[{"count":2,"href":"https:\/\/www.arquimaster.com.ar\/web\/wp-json\/wp\/v2\/posts\/62883\/revisions"}],"predecessor-version":[{"id":63428,"href":"https:\/\/www.arquimaster.com.ar\/web\/wp-json\/wp\/v2\/posts\/62883\/revisions\/63428"}],"wp:featuredmedia":[{"embeddable":true,"href":"https:\/\/www.arquimaster.com.ar\/web\/wp-json\/wp\/v2\/media\/62884"}],"wp:attachment":[{"href":"https:\/\/www.arquimaster.com.ar\/web\/wp-json\/wp\/v2\/media?parent=62883"}],"wp:term":[{"taxonomy":"category","embeddable":true,"href":"https:\/\/www.arquimaster.com.ar\/web\/wp-json\/wp\/v2\/categories?post=62883"},{"taxonomy":"post_tag","embeddable":true,"href":"https:\/\/www.arquimaster.com.ar\/web\/wp-json\/wp\/v2\/tags?post=62883"}],"curies":[{"name":"wp","href":"https:\/\/api.w.org\/{rel}","templated":true}]}}