{"id":62902,"date":"2021-02-18T16:58:54","date_gmt":"2021-02-18T19:58:54","guid":{"rendered":"https:\/\/www.arquimaster.com.ar\/web\/?p=62902"},"modified":"2021-07-09T16:36:24","modified_gmt":"2021-07-09T19:36:24","slug":"cafeteria-entrelimites-romera-y-ruiz-arquitectos","status":"publish","type":"post","link":"https:\/\/www.arquimaster.com.ar\/web\/cafeteria-entrelimites-romera-y-ruiz-arquitectos\/","title":{"rendered":"Cafeter\u00eda Entrel\u00edmites \/ Romera y Ruiz Arquitectos"},"content":{"rendered":"<div style=\"margin-top: 0px; margin-bottom: 0px;\" class=\"sharethis-inline-share-buttons\" ><\/div><div class=\"b812932af2e751442846f039925109de\" data-index=\"1\" style=\"float: none; margin:25px 0 25px 0; text-align:center;\">\n<script async src=\"https:\/\/pagead2.googlesyndication.com\/pagead\/js\/adsbygoogle.js\"><\/script>\r\n<!-- Arquimaster (superior) -->\r\n<ins class=\"adsbygoogle\"\r\n     style=\"display:block\"\r\n     data-ad-client=\"ca-pub-6351072698456832\"\r\n     data-ad-slot=\"6455489680\"\r\n     data-ad-format=\"auto\"\r\n     data-full-width-responsive=\"true\"><\/ins>\r\n<script>\r\n     (adsbygoogle = window.adsbygoogle || []).push({});\r\n<\/script>\n<\/div>\n<p><strong>Cafeter\u00eda Entrel\u00edmites<\/strong> (Las Palmas de Gran Canaria, Espa\u00f1a) por <strong>Romera y Ruiz Arquitectos<\/strong> (Pedro Romera Garc\u00eda, \u00c1ngela Ru\u00edz Mart\u00ednez). El espacio con l\u00edmites es el verdadero espacio. No puede existir contenido sin contenedor. Tenemos un espacio, cuando algo le da forma, cuando le da existencia, dimensiones, estructura, unidad&#8230; El espacio pasa de ser interior a exterior cuando var\u00eda las dimensiones, pero los l\u00edmites, las fronteras siguen limit\u00e1ndolo, condicion\u00e1ndolo, d\u00e1ndole un sentido diferente seg\u00fan su materia y origen. Los l\u00edmites transforman el espacio interior y lo convierten en ilimitado pudiendo integrarse y fundirse con ellos.<\/p>\n<div id='gallery-1' class='gallery galleryid-62902 gallery-columns-3 gallery-size-thumbnail'><figure class='gallery-item'>\n\t\t\t<div class='gallery-icon landscape'>\n\t\t\t\t<a href='https:\/\/www.arquimaster.com.ar\/web\/wp-content\/uploads\/2021\/02\/cafeteria_entrelimites1.jpg' title=\"Cafeter\u00eda Entrel\u00edmites \/ Romera y Ruiz Arquitectos (\u00a9 Sim\u00f3n Garc\u00eda | arqfoto)\" data-rl_title=\"Cafeter\u00eda Entrel\u00edmites \/ Romera y Ruiz Arquitectos (\u00a9 Sim\u00f3n Garc\u00eda | arqfoto)\" class=\"rl-gallery-link\" data-rl_caption=\"Cafeter\u00eda Entrel\u00edmites \/ Romera y Ruiz Arquitectos (\u00a9 Sim\u00f3n Garc\u00eda | arqfoto)\" data-rel=\"lightbox-gallery-1\"><img loading=\"lazy\" decoding=\"async\" width=\"150\" height=\"150\" src=\"https:\/\/www.arquimaster.com.ar\/web\/wp-content\/uploads\/2021\/02\/cafeteria_entrelimites1-150x150.jpg\" class=\"attachment-thumbnail size-thumbnail\" alt=\"Cafeter\u00eda Entrel\u00edmites \/ Romera y Ruiz Arquitectos\" aria-describedby=\"gallery-1-62904\" \/><\/a>\n\t\t\t<\/div>\n\t\t\t\t<figcaption class='wp-caption-text gallery-caption' id='gallery-1-62904'>\n\t\t\t\tCafeter\u00eda Entrel\u00edmites \/ Romera y Ruiz Arquitectos (\u00a9 Sim\u00f3n Garc\u00eda | arqfoto)\n\t\t\t\t<\/figcaption><\/figure><figure class='gallery-item'>\n\t\t\t<div class='gallery-icon portrait'>\n\t\t\t\t<a href='https:\/\/www.arquimaster.com.ar\/web\/wp-content\/uploads\/2021\/02\/cafeteria_entrelimites2.jpg' title=\"Cafeter\u00eda Entrel\u00edmites \/ Romera y Ruiz Arquitectos (\u00a9 Sim\u00f3n Garc\u00eda | arqfoto)\" data-rl_title=\"Cafeter\u00eda Entrel\u00edmites \/ Romera y Ruiz Arquitectos (\u00a9 Sim\u00f3n Garc\u00eda | arqfoto)\" class=\"rl-gallery-link\" data-rl_caption=\"Cafeter\u00eda Entrel\u00edmites \/ Romera y Ruiz Arquitectos (\u00a9 Sim\u00f3n Garc\u00eda | arqfoto)\" data-rel=\"lightbox-gallery-1\"><img loading=\"lazy\" decoding=\"async\" width=\"150\" height=\"150\" src=\"https:\/\/www.arquimaster.com.ar\/web\/wp-content\/uploads\/2021\/02\/cafeteria_entrelimites2-150x150.jpg\" class=\"attachment-thumbnail size-thumbnail\" alt=\"Cafeter\u00eda Entrel\u00edmites \/ Romera y Ruiz Arquitectos\" aria-describedby=\"gallery-1-62905\" \/><\/a>\n\t\t\t<\/div>\n\t\t\t\t<figcaption class='wp-caption-text gallery-caption' id='gallery-1-62905'>\n\t\t\t\tCafeter\u00eda Entrel\u00edmites \/ Romera y Ruiz Arquitectos (\u00a9 Sim\u00f3n Garc\u00eda | arqfoto)\n\t\t\t\t<\/figcaption><\/figure><figure class='gallery-item'>\n\t\t\t<div class='gallery-icon landscape'>\n\t\t\t\t<a href='https:\/\/www.arquimaster.com.ar\/web\/wp-content\/uploads\/2021\/02\/cafeteria_entrelimites3.jpg' title=\"Cafeter\u00eda Entrel\u00edmites \/ Romera y Ruiz Arquitectos (\u00a9 Sim\u00f3n Garc\u00eda | arqfoto)\" data-rl_title=\"Cafeter\u00eda Entrel\u00edmites \/ Romera y Ruiz Arquitectos (\u00a9 Sim\u00f3n Garc\u00eda | arqfoto)\" class=\"rl-gallery-link\" data-rl_caption=\"Cafeter\u00eda Entrel\u00edmites \/ Romera y Ruiz Arquitectos (\u00a9 Sim\u00f3n Garc\u00eda | arqfoto)\" data-rel=\"lightbox-gallery-1\"><img loading=\"lazy\" decoding=\"async\" width=\"150\" height=\"150\" src=\"https:\/\/www.arquimaster.com.ar\/web\/wp-content\/uploads\/2021\/02\/cafeteria_entrelimites3-150x150.jpg\" class=\"attachment-thumbnail size-thumbnail\" alt=\"Cafeter\u00eda Entrel\u00edmites \/ Romera y Ruiz Arquitectos\" aria-describedby=\"gallery-1-62906\" \/><\/a>\n\t\t\t<\/div>\n\t\t\t\t<figcaption class='wp-caption-text gallery-caption' id='gallery-1-62906'>\n\t\t\t\tCafeter\u00eda Entrel\u00edmites \/ Romera y Ruiz Arquitectos (\u00a9 Sim\u00f3n Garc\u00eda | arqfoto)\n\t\t\t\t<\/figcaption><\/figure><figure class='gallery-item'>\n\t\t\t<div class='gallery-icon landscape'>\n\t\t\t\t<a href='https:\/\/www.arquimaster.com.ar\/web\/wp-content\/uploads\/2021\/02\/cafeteria_entrelimites4.jpg' title=\"Cafeter\u00eda Entrel\u00edmites \/ Romera y Ruiz Arquitectos (\u00a9 Sim\u00f3n Garc\u00eda | arqfoto)\" data-rl_title=\"Cafeter\u00eda Entrel\u00edmites \/ Romera y Ruiz Arquitectos (\u00a9 Sim\u00f3n Garc\u00eda | arqfoto)\" class=\"rl-gallery-link\" data-rl_caption=\"Cafeter\u00eda Entrel\u00edmites \/ Romera y Ruiz Arquitectos (\u00a9 Sim\u00f3n Garc\u00eda | arqfoto)\" data-rel=\"lightbox-gallery-1\"><img loading=\"lazy\" decoding=\"async\" width=\"150\" height=\"150\" src=\"https:\/\/www.arquimaster.com.ar\/web\/wp-content\/uploads\/2021\/02\/cafeteria_entrelimites4-150x150.jpg\" class=\"attachment-thumbnail size-thumbnail\" alt=\"Cafeter\u00eda Entrel\u00edmites \/ Romera y Ruiz Arquitectos\" aria-describedby=\"gallery-1-62907\" \/><\/a>\n\t\t\t<\/div>\n\t\t\t\t<figcaption class='wp-caption-text gallery-caption' id='gallery-1-62907'>\n\t\t\t\tCafeter\u00eda Entrel\u00edmites \/ Romera y Ruiz Arquitectos (\u00a9 Sim\u00f3n Garc\u00eda | arqfoto)\n\t\t\t\t<\/figcaption><\/figure><figure class='gallery-item'>\n\t\t\t<div class='gallery-icon landscape'>\n\t\t\t\t<a href='https:\/\/www.arquimaster.com.ar\/web\/wp-content\/uploads\/2021\/02\/cafeteria_entrelimites5.jpg' title=\"Cafeter\u00eda Entrel\u00edmites \/ Romera y Ruiz Arquitectos (\u00a9 Sim\u00f3n Garc\u00eda | arqfoto)\" data-rl_title=\"Cafeter\u00eda Entrel\u00edmites \/ Romera y Ruiz Arquitectos (\u00a9 Sim\u00f3n Garc\u00eda | arqfoto)\" class=\"rl-gallery-link\" data-rl_caption=\"Cafeter\u00eda Entrel\u00edmites \/ Romera y Ruiz Arquitectos (\u00a9 Sim\u00f3n Garc\u00eda | arqfoto)\" data-rel=\"lightbox-gallery-1\"><img loading=\"lazy\" decoding=\"async\" width=\"150\" height=\"150\" src=\"https:\/\/www.arquimaster.com.ar\/web\/wp-content\/uploads\/2021\/02\/cafeteria_entrelimites5-150x150.jpg\" class=\"attachment-thumbnail size-thumbnail\" alt=\"Cafeter\u00eda Entrel\u00edmites \/ Romera y Ruiz Arquitectos\" aria-describedby=\"gallery-1-62908\" \/><\/a>\n\t\t\t<\/div>\n\t\t\t\t<figcaption class='wp-caption-text gallery-caption' id='gallery-1-62908'>\n\t\t\t\tCafeter\u00eda Entrel\u00edmites \/ Romera y Ruiz Arquitectos (\u00a9 Sim\u00f3n Garc\u00eda | arqfoto)\n\t\t\t\t<\/figcaption><\/figure><figure class='gallery-item'>\n\t\t\t<div class='gallery-icon landscape'>\n\t\t\t\t<a href='https:\/\/www.arquimaster.com.ar\/web\/wp-content\/uploads\/2021\/02\/cafeteria_entrelimites6.jpg' title=\"Cafeter\u00eda Entrel\u00edmites \/ Romera y Ruiz Arquitectos (\u00a9 Sim\u00f3n Garc\u00eda | arqfoto)\" data-rl_title=\"Cafeter\u00eda Entrel\u00edmites \/ Romera y Ruiz Arquitectos (\u00a9 Sim\u00f3n Garc\u00eda | arqfoto)\" class=\"rl-gallery-link\" data-rl_caption=\"Cafeter\u00eda Entrel\u00edmites \/ Romera y Ruiz Arquitectos (\u00a9 Sim\u00f3n Garc\u00eda | arqfoto)\" data-rel=\"lightbox-gallery-1\"><img loading=\"lazy\" decoding=\"async\" width=\"150\" height=\"150\" src=\"https:\/\/www.arquimaster.com.ar\/web\/wp-content\/uploads\/2021\/02\/cafeteria_entrelimites6-150x150.jpg\" class=\"attachment-thumbnail size-thumbnail\" alt=\"Cafeter\u00eda Entrel\u00edmites \/ Romera y Ruiz Arquitectos\" aria-describedby=\"gallery-1-62909\" \/><\/a>\n\t\t\t<\/div>\n\t\t\t\t<figcaption class='wp-caption-text gallery-caption' id='gallery-1-62909'>\n\t\t\t\tCafeter\u00eda Entrel\u00edmites \/ Romera y Ruiz Arquitectos (\u00a9 Sim\u00f3n Garc\u00eda | arqfoto)\n\t\t\t\t<\/figcaption><\/figure><figure class='gallery-item'>\n\t\t\t<div class='gallery-icon landscape'>\n\t\t\t\t<a href='https:\/\/www.arquimaster.com.ar\/web\/wp-content\/uploads\/2021\/02\/cafeteria_entrelimites7.jpg' title=\"Cafeter\u00eda Entrel\u00edmites \/ Romera y Ruiz Arquitectos (implantacion)\" data-rl_title=\"Cafeter\u00eda Entrel\u00edmites \/ Romera y Ruiz Arquitectos (implantacion)\" class=\"rl-gallery-link\" data-rl_caption=\"Cafeter\u00eda Entrel\u00edmites \/ Romera y Ruiz Arquitectos (implantacion)\" data-rel=\"lightbox-gallery-1\"><img loading=\"lazy\" decoding=\"async\" width=\"150\" height=\"150\" src=\"https:\/\/www.arquimaster.com.ar\/web\/wp-content\/uploads\/2021\/02\/cafeteria_entrelimites7-150x150.jpg\" class=\"attachment-thumbnail size-thumbnail\" alt=\"Cafeter\u00eda Entrel\u00edmites \/ Romera y Ruiz Arquitectos\" aria-describedby=\"gallery-1-62910\" \/><\/a>\n\t\t\t<\/div>\n\t\t\t\t<figcaption class='wp-caption-text gallery-caption' id='gallery-1-62910'>\n\t\t\t\tCafeter\u00eda Entrel\u00edmites \/ Romera y Ruiz Arquitectos (implantacion)\n\t\t\t\t<\/figcaption><\/figure><figure class='gallery-item'>\n\t\t\t<div class='gallery-icon landscape'>\n\t\t\t\t<a href='https:\/\/www.arquimaster.com.ar\/web\/wp-content\/uploads\/2021\/02\/cafeteria_entrelimites8.jpg' title=\"Cafeter\u00eda Entrel\u00edmites \/ Romera y Ruiz Arquitectos (planta)\" data-rl_title=\"Cafeter\u00eda Entrel\u00edmites \/ Romera y Ruiz Arquitectos (planta)\" class=\"rl-gallery-link\" data-rl_caption=\"Cafeter\u00eda Entrel\u00edmites \/ Romera y Ruiz Arquitectos (planta)\" data-rel=\"lightbox-gallery-1\"><img loading=\"lazy\" decoding=\"async\" width=\"150\" height=\"150\" src=\"https:\/\/www.arquimaster.com.ar\/web\/wp-content\/uploads\/2021\/02\/cafeteria_entrelimites8-150x150.jpg\" class=\"attachment-thumbnail size-thumbnail\" alt=\"Cafeter\u00eda Entrel\u00edmites \/ Romera y Ruiz Arquitectos\" aria-describedby=\"gallery-1-62911\" \/><\/a>\n\t\t\t<\/div>\n\t\t\t\t<figcaption class='wp-caption-text gallery-caption' id='gallery-1-62911'>\n\t\t\t\tCafeter\u00eda Entrel\u00edmites \/ Romera y Ruiz Arquitectos (planta)\n\t\t\t\t<\/figcaption><\/figure><figure class='gallery-item'>\n\t\t\t<div class='gallery-icon landscape'>\n\t\t\t\t<a href='https:\/\/www.arquimaster.com.ar\/web\/wp-content\/uploads\/2021\/02\/cafeteria_entrelimites9.jpg' title=\"Cafeter\u00eda Entrel\u00edmites \/ Romera y Ruiz Arquitectos (corte y fachada)\" data-rl_title=\"Cafeter\u00eda Entrel\u00edmites \/ Romera y Ruiz Arquitectos (corte y fachada)\" class=\"rl-gallery-link\" data-rl_caption=\"Cafeter\u00eda Entrel\u00edmites \/ Romera y Ruiz Arquitectos (corte y fachada)\" data-rel=\"lightbox-gallery-1\"><img loading=\"lazy\" decoding=\"async\" width=\"150\" height=\"150\" src=\"https:\/\/www.arquimaster.com.ar\/web\/wp-content\/uploads\/2021\/02\/cafeteria_entrelimites9-150x150.jpg\" class=\"attachment-thumbnail size-thumbnail\" alt=\"Cafeter\u00eda Entrel\u00edmites \/ Romera y Ruiz Arquitectos\" aria-describedby=\"gallery-1-62912\" \/><\/a>\n\t\t\t<\/div>\n\t\t\t\t<figcaption class='wp-caption-text gallery-caption' id='gallery-1-62912'>\n\t\t\t\tCafeter\u00eda Entrel\u00edmites \/ Romera y Ruiz Arquitectos (corte y fachada)\n\t\t\t\t<\/figcaption><\/figure><figure class='gallery-item'>\n\t\t\t<div class='gallery-icon landscape'>\n\t\t\t\t<a href='https:\/\/www.arquimaster.com.ar\/web\/wp-content\/uploads\/2021\/02\/cafeteria_entrelimites10.jpg' title=\"Cafeter\u00eda Entrel\u00edmites \/ Romera y Ruiz Arquitectos (cortes)\" data-rl_title=\"Cafeter\u00eda Entrel\u00edmites \/ Romera y Ruiz Arquitectos (cortes)\" class=\"rl-gallery-link\" data-rl_caption=\"Cafeter\u00eda Entrel\u00edmites \/ Romera y Ruiz Arquitectos (cortes)\" data-rel=\"lightbox-gallery-1\"><img loading=\"lazy\" decoding=\"async\" width=\"150\" height=\"150\" src=\"https:\/\/www.arquimaster.com.ar\/web\/wp-content\/uploads\/2021\/02\/cafeteria_entrelimites10-150x150.jpg\" class=\"attachment-thumbnail size-thumbnail\" alt=\"Cafeter\u00eda Entrel\u00edmites \/ Romera y Ruiz Arquitectos\" aria-describedby=\"gallery-1-62913\" \/><\/a>\n\t\t\t<\/div>\n\t\t\t\t<figcaption class='wp-caption-text gallery-caption' id='gallery-1-62913'>\n\t\t\t\tCafeter\u00eda Entrel\u00edmites \/ Romera y Ruiz Arquitectos (cortes)\n\t\t\t\t<\/figcaption><\/figure><figure class='gallery-item'>\n\t\t\t<div class='gallery-icon landscape'>\n\t\t\t\t<a href='https:\/\/www.arquimaster.com.ar\/web\/wp-content\/uploads\/2021\/02\/cafeteria_entrelimites11.jpg' title=\"Cafeter\u00eda Entrel\u00edmites \/ Romera y Ruiz Arquitectos (detalle)\" data-rl_title=\"Cafeter\u00eda Entrel\u00edmites \/ Romera y Ruiz Arquitectos (detalle)\" class=\"rl-gallery-link\" data-rl_caption=\"Cafeter\u00eda Entrel\u00edmites \/ Romera y Ruiz Arquitectos (detalle)\" data-rel=\"lightbox-gallery-1\"><img loading=\"lazy\" decoding=\"async\" width=\"150\" height=\"150\" src=\"https:\/\/www.arquimaster.com.ar\/web\/wp-content\/uploads\/2021\/02\/cafeteria_entrelimites11-150x150.jpg\" class=\"attachment-thumbnail size-thumbnail\" alt=\"Cafeter\u00eda Entrel\u00edmites \/ Romera y Ruiz Arquitectos\" aria-describedby=\"gallery-1-62914\" \/><\/a>\n\t\t\t<\/div>\n\t\t\t\t<figcaption class='wp-caption-text gallery-caption' id='gallery-1-62914'>\n\t\t\t\tCafeter\u00eda Entrel\u00edmites \/ Romera y Ruiz Arquitectos (detalle)\n\t\t\t\t<\/figcaption><\/figure>\n\t\t<\/div>\n\n<p>Cuando el l\u00edmite se llama medianera, fachada o alineaci\u00f3n de calle, como el caso en el que nos encontramos, la arquitectura condiciona a la propia arquitectura. As\u00ed \u00e9sta, excava o se amolda, buscando espacios, adapt\u00e1ndose a las formas impuestas, se desarrolla como formas infinitamente manipulables.<\/p>\n<p>En esta l\u00ednea se desarrolla el proyecto de rehabilitaci\u00f3n y ampliaci\u00f3n de una antigua estaci\u00f3n de servicios para uso de cafeter\u00eda, ubicado en la Avenida 1\u00ba de Mayo de Las Palmas de Gran Canaria.<\/p>\n<p>El proyecto se inserta en un \u00e1mbito libre de la manzana, un espacio vac\u00edo e irregular que deja entrever las fachadas colindantes. La propuesta se amolda al volumen de la marquesina que lo sustenta, presenta atractivas comunicaciones horizontales, y un reconocimiento atento y preciso de las condiciones del entorno.<\/p>\n<p>Dentro de unos l\u00edmites dados, tenemos un espacio infinitamente manipulable. Cuando estos l\u00edmites se manipulan con un volumen interior, nos encontramos con un vac\u00edo complementario cambiante.<\/p>\n<p>Una forma del vac\u00edo es m\u00e1s \u00edntimo o reservado, y es por el que se accede a la cafeter\u00eda por un filtro lineal ajardinado, hacia donde mira la fachada; y otra forma del vac\u00edo es m\u00e1s amplia, la que colinda con otro vac\u00edo por el retranqueo del edificio.<\/p>\n<p>Entre la marquesina y la fachada del edificio se desarrolla un tercer espacio vac\u00edo, con una galer\u00eda libre ajardinada que recorre casi toda la fachada y dota de espacios intermedios entre el interior y el exterior.<\/p>\n<p>Todo el programa se desarrolla en una planta horizontal elevada y adaptada (PMR) respecto a la cota de la acera. La planta libre respira por sus dos extremos, y adem\u00e1s por una mayor dimensi\u00f3n vertical que constituye una doble altura bajo la marquesina donde desarrolla diferentes espacios, sin compartimentaci\u00f3n, manteniendo las formas geom\u00e9tricas conformadas con vidrio y aluminio.<\/p>\n<p>As\u00ed se crean nuevos espacios mediante el cambio de altura o posici\u00f3n, y con el uso de tres materiales: vidrio, aluminio negro mate y hormig\u00f3n.<\/p>\n<p>El proyecto para la cafeter\u00eda\/hamburgueser\u00eda consta de un volumen opaco de color negro que se desarrolla como sucesi\u00f3n de espacios construidos abiertos mediante grandes pa\u00f1os acristalados autoportantes que se ofrecen a los vac\u00edos.<\/p>\n<p>Esta configuraci\u00f3n espacial se adapta al estricto desarrollo del programa rehabilitando la marquesina existente que se convierte en algo nuevo.<\/p>\n<p>Lo que hemos llamado espacios interiores pueden tener diversas formas rectangulares (en la que predominan una dimensi\u00f3n sobre la otra), procurando que la iluminaci\u00f3n llegue a todos los puntos, y permitiendo fluidas comunicaciones horizontales.<\/p>\n<p><strong>Ficha t\u00e9cnica<\/strong><br \/>Nombre: Cafeter\u00eda en Avenida 1\u00ba de Mayo (\u00abEntrel\u00edmites\u00bb)<br \/>Ubicaci\u00f3n: Avenida 1\u00ba de Mayo N\u00ba 4, Las Palmas de Gran Canaria, Espa\u00f1a<br \/>Arquitectos autores de la obra: Romera y Ruiz Arquitectos S.L.P. (Pedro Romera Garc\u00eda, \u00c1ngela Ru\u00edz Mart\u00ednez)<br \/>Arquitectos colaboradores: Roc\u00edo Acosta Mart\u00ednez, Carlota Ardanaz Petit, Yudit Barreto Mart\u00edn, Paula Cabrera Fry, Luis Guijarro Bergeron, Ester Marrero P\u00e9rez y Rosalba Santana Gonz\u00e1lez<br \/>Arquitecto T\u00e9cnico: Jos\u00e9 Luis Vecino Morales<br \/>Instalaciones: Javier J. P\u00e9rez Henr\u00edquez (A4 Ingenier\u00eda y Nuevas Tecnolog\u00edas)<br \/>Promotor: DISA RED de Servicios Petrol\u00edferos S.A.<br \/>Constructor: Syocsa-Inarsa S.A.<br \/>Superficie: 414 m2 (superficie de la intervenci\u00f3n), 212 m2 (superficie construida)<br \/>A\u00f1o t\u00e9rmino construcci\u00f3n: 2020<br \/>Fotografias: <a href=\"http:\/\/www.arqfoto.com\" target=\"_blank\" rel=\"noopener\">Sim\u00f3n Garc\u00eda | arqfoto<\/a><\/p>\n<p><strong>Contacto<\/strong><br \/><a href=\"https:\/\/romerayruiz.com\" target=\"_blank\" rel=\"noopener\">https:\/\/romerayruiz.com<\/a><\/p>\n\n\n<div style=\"height:20px\" aria-hidden=\"true\" class=\"wp-block-spacer\"><\/div>\n\n\n<p><strong><em>English version<\/em><\/strong><\/p>\n<p><em>Space with limits is the true space. There is no content without a container. We consider space when something gives it a shape, when it gives it existence, dimensions, structure, unity&#8230; Space goes from being internal to external when the dimensions vary, but the limits, the frontiers, continue to limit this space, conditioning it, giving it a different meaning according to its matter and origin.<\/em><\/p>\n<p><em>Limits can transform the interior space making it unlimited and able to integrate and merge with them. When the limit is a dividing wall, a fa\u00e7ade, or a street alignment, as in this case, the architecture is conditioned by architecture itself. In this way, it digs or it moulds itself searching for spaces, adapting itself to the imposed forms, developing as infinitely manipulable forms.<\/em><\/p>\n<p><em>In line with this, the project has been developed to rehabilitate and extend an old service station to be used as a cafe, located in Avenida 1 de Mayo in Las Palmas de Gran Canaria. The project is inserted in a free area of the block, an empty and irregular space that gives a glimpse of the adjacent fa\u00e7ades.<\/em><\/p>\n<p><em>The proposal is adapted to the volume of the canopy that supports it providing attractive horizontal communications and special awareness of the environment conditions. Within the given limits, we find an infinitely manipulable space.<\/em><\/p>\n<p><em>When these limits are manipulated with an inner volume, we find a changeable complementary void. One form of the void is more intimate or private, the one through which you access the cafe by a linear landscaped filter towards which the fa\u00e7ade looks; and another form of the void is wider, bordered by another void through the setback of the building.<\/em><\/p>\n<p><em>A third empty space is created between the canopy and the fa\u00e7ade of the building with a free landscaped gallery that runs along almost the entire fa\u00e7ade and provides intermediate spaces between the interior and the exterior.<\/em><\/p>\n<p><em>The whole program is developed on a raised horizontal level and adapted (PRM) to the level of the pavement. The free level breathes through its two ends as well as through its greater vertical dimension which constitutes a double height under the canopy where different spaces are created without partitions, preserving the geometric forms with glass and aluminium.<\/em><\/p>\n<p><em>In this way, new spaces are created by changing height or position, and by using three materials: glass, matte black aluminium and concrete. The project for the cafe\/burger restaurant consists of a black opaque volume that is developed as a succession of open built spaces by using large self-supporting glass panels that are provided to the voids.<\/em><\/p>\n<p><em>This spatial layout is adapted to the strict development of the program by rehabilitating the existing canopy which becomes something new. What we have referred as interior spaces can have various rectangular shapes (in which one dimension predominates over the other), ensuring that lighting reaches all the points, and allowing fluid horizontal communications.<\/em><\/p>\n<div style=\"font-size: 0px; height: 0px; line-height: 0px; margin: 0; padding: 0; clear: both;\"><\/div><div style=\"margin-top: 0px; margin-bottom: 0px;\" class=\"sharethis-inline-share-buttons\" ><\/div>","protected":false},"excerpt":{"rendered":"<p>El proyecto se inserta en un \u00e1mbito libre de la manzana, un espacio vac\u00edo e irregular&#8230;<\/p>\n","protected":false},"author":1,"featured_media":62903,"comment_status":"closed","ping_status":"closed","sticky":false,"template":"","format":"standard","meta":{"_uag_custom_page_level_css":"","footnotes":""},"categories":[75,1],"tags":[681,6892,1233,1771,104,1533,6893,6891,680,6890],"class_list":["post-62902","post","type-post","status-publish","format-standard","has-post-thumbnail","hentry","category-arquitectura-comercial","category-proyecto","tag-ampliacion","tag-angela-ruiz-martinez","tag-arquitectura-comercial-2","tag-cafeteria","tag-espana","tag-islas-canarias","tag-las-palmas-de-gran-canaria","tag-pedro-romera-garcia","tag-rehabilitacion","tag-romera-y-ruiz-arquitectos","generate-columns","tablet-grid-50","mobile-grid-100","grid-parent","grid-50"],"yoast_head":"<!-- This site is optimized with the Yoast SEO plugin v27.3 - https:\/\/yoast.com\/product\/yoast-seo-wordpress\/ -->\n<title>Cafeter\u00eda Entrel\u00edmites \/ Romera y Ruiz Arquitectos - Arquimaster<\/title>\n<meta name=\"description\" content=\"El proyecto se inserta en un \u00e1mbito libre de la manzana, un espacio vac\u00edo e irregular que deja entrever las fachadas colindantes.\" \/>\n<meta name=\"robots\" content=\"index, follow, max-snippet:-1, max-image-preview:large, max-video-preview:-1\" \/>\n<link rel=\"canonical\" href=\"https:\/\/www.arquimaster.com.ar\/web\/cafeteria-entrelimites-romera-y-ruiz-arquitectos\/\" \/>\n<meta property=\"og:locale\" content=\"es_ES\" \/>\n<meta property=\"og:type\" content=\"article\" \/>\n<meta property=\"og:title\" content=\"Cafeter\u00eda Entrel\u00edmites \/ Romera y Ruiz Arquitectos\" \/>\n<meta property=\"og:description\" content=\"El proyecto se inserta en un \u00e1mbito libre de la manzana, un espacio vac\u00edo e irregular que deja entrever las fachadas colindantes.\" \/>\n<meta property=\"og:url\" content=\"https:\/\/www.arquimaster.com.ar\/web\/cafeteria-entrelimites-romera-y-ruiz-arquitectos\/\" \/>\n<meta property=\"og:site_name\" content=\"Arquimaster\" \/>\n<meta property=\"article:publisher\" content=\"http:\/\/www.facebook.com\/ARQUIMASTER.com.ar\" \/>\n<meta property=\"article:published_time\" content=\"2021-02-18T19:58:54+00:00\" \/>\n<meta property=\"article:modified_time\" content=\"2021-07-09T19:36:24+00:00\" \/>\n<meta property=\"og:image\" content=\"https:\/\/www.arquimaster.com.ar\/web\/wp-content\/uploads\/2021\/02\/cafeteria_entrelimites_slide.jpg\" \/>\n\t<meta property=\"og:image:width\" content=\"698\" \/>\n\t<meta property=\"og:image:height\" content=\"364\" \/>\n\t<meta property=\"og:image:type\" content=\"image\/jpeg\" \/>\n<meta name=\"author\" content=\"Arquimaster\" \/>\n<meta name=\"twitter:card\" content=\"summary_large_image\" \/>\n<meta name=\"twitter:title\" content=\"Cafeter\u00eda Entrel\u00edmites \/ Romera y Ruiz Arquitectos\" \/>\n<meta name=\"twitter:description\" content=\"El proyecto se inserta en un \u00e1mbito libre de la manzana, un espacio vac\u00edo e irregular que deja entrever las fachadas colindantes.\" \/>\n<meta name=\"twitter:image\" content=\"https:\/\/www.arquimaster.com.ar\/web\/wp-content\/uploads\/2021\/02\/cafeteria_entrelimites_slide.jpg\" \/>\n<meta name=\"twitter:creator\" content=\"@arquimaster\" \/>\n<meta name=\"twitter:site\" content=\"@arquimaster\" \/>\n<meta name=\"twitter:label1\" content=\"Escrito por\" \/>\n\t<meta name=\"twitter:data1\" content=\"Arquimaster\" \/>\n\t<meta name=\"twitter:label2\" content=\"Tiempo de lectura\" \/>\n\t<meta name=\"twitter:data2\" content=\"5 minutos\" \/>\n<script type=\"application\/ld+json\" class=\"yoast-schema-graph\">{\"@context\":\"https:\\\/\\\/schema.org\",\"@graph\":[{\"@type\":\"Article\",\"@id\":\"https:\\\/\\\/www.arquimaster.com.ar\\\/web\\\/cafeteria-entrelimites-romera-y-ruiz-arquitectos\\\/#article\",\"isPartOf\":{\"@id\":\"https:\\\/\\\/www.arquimaster.com.ar\\\/web\\\/cafeteria-entrelimites-romera-y-ruiz-arquitectos\\\/\"},\"author\":{\"name\":\"Arquimaster\",\"@id\":\"https:\\\/\\\/www.arquimaster.com.ar\\\/web\\\/#\\\/schema\\\/person\\\/359e9f7c00193fcde068e0dd2ceb0028\"},\"headline\":\"Cafeter\u00eda Entrel\u00edmites \\\/ Romera y Ruiz Arquitectos\",\"datePublished\":\"2021-02-18T19:58:54+00:00\",\"dateModified\":\"2021-07-09T19:36:24+00:00\",\"mainEntityOfPage\":{\"@id\":\"https:\\\/\\\/www.arquimaster.com.ar\\\/web\\\/cafeteria-entrelimites-romera-y-ruiz-arquitectos\\\/\"},\"wordCount\":1189,\"publisher\":{\"@id\":\"https:\\\/\\\/www.arquimaster.com.ar\\\/web\\\/#organization\"},\"image\":{\"@id\":\"https:\\\/\\\/www.arquimaster.com.ar\\\/web\\\/cafeteria-entrelimites-romera-y-ruiz-arquitectos\\\/#primaryimage\"},\"thumbnailUrl\":\"https:\\\/\\\/www.arquimaster.com.ar\\\/web\\\/wp-content\\\/uploads\\\/2021\\\/02\\\/cafeteria_entrelimites_slide.jpg\",\"keywords\":[\"ampliaci\u00f3n\",\"\u00c1ngela Ru\u00edz Mart\u00ednez\",\"arquitectura comercial\",\"cafeteria\",\"Espa\u00f1a\",\"Islas Canarias\",\"Las Palmas de Gran Canaria\",\"Pedro Romera Garc\u00eda\",\"rehabilitaci\u00f3n\",\"Romera y Ruiz Arquitectos\"],\"articleSection\":[\"Arquitectura comercial\",\"Proyecto\"],\"inLanguage\":\"es\"},{\"@type\":\"WebPage\",\"@id\":\"https:\\\/\\\/www.arquimaster.com.ar\\\/web\\\/cafeteria-entrelimites-romera-y-ruiz-arquitectos\\\/\",\"url\":\"https:\\\/\\\/www.arquimaster.com.ar\\\/web\\\/cafeteria-entrelimites-romera-y-ruiz-arquitectos\\\/\",\"name\":\"Cafeter\u00eda Entrel\u00edmites \\\/ Romera y Ruiz Arquitectos - Arquimaster\",\"isPartOf\":{\"@id\":\"https:\\\/\\\/www.arquimaster.com.ar\\\/web\\\/#website\"},\"primaryImageOfPage\":{\"@id\":\"https:\\\/\\\/www.arquimaster.com.ar\\\/web\\\/cafeteria-entrelimites-romera-y-ruiz-arquitectos\\\/#primaryimage\"},\"image\":{\"@id\":\"https:\\\/\\\/www.arquimaster.com.ar\\\/web\\\/cafeteria-entrelimites-romera-y-ruiz-arquitectos\\\/#primaryimage\"},\"thumbnailUrl\":\"https:\\\/\\\/www.arquimaster.com.ar\\\/web\\\/wp-content\\\/uploads\\\/2021\\\/02\\\/cafeteria_entrelimites_slide.jpg\",\"datePublished\":\"2021-02-18T19:58:54+00:00\",\"dateModified\":\"2021-07-09T19:36:24+00:00\",\"description\":\"El proyecto se inserta en un \u00e1mbito libre de la manzana, un espacio vac\u00edo e irregular que deja entrever las fachadas colindantes.\",\"breadcrumb\":{\"@id\":\"https:\\\/\\\/www.arquimaster.com.ar\\\/web\\\/cafeteria-entrelimites-romera-y-ruiz-arquitectos\\\/#breadcrumb\"},\"inLanguage\":\"es\",\"potentialAction\":[{\"@type\":\"ReadAction\",\"target\":[\"https:\\\/\\\/www.arquimaster.com.ar\\\/web\\\/cafeteria-entrelimites-romera-y-ruiz-arquitectos\\\/\"]}]},{\"@type\":\"ImageObject\",\"inLanguage\":\"es\",\"@id\":\"https:\\\/\\\/www.arquimaster.com.ar\\\/web\\\/cafeteria-entrelimites-romera-y-ruiz-arquitectos\\\/#primaryimage\",\"url\":\"https:\\\/\\\/www.arquimaster.com.ar\\\/web\\\/wp-content\\\/uploads\\\/2021\\\/02\\\/cafeteria_entrelimites_slide.jpg\",\"contentUrl\":\"https:\\\/\\\/www.arquimaster.com.ar\\\/web\\\/wp-content\\\/uploads\\\/2021\\\/02\\\/cafeteria_entrelimites_slide.jpg\",\"width\":698,\"height\":364,\"caption\":\"Cafeter\u00eda Entrel\u00edmites \\\/ Romera y Ruiz Arquitectos\"},{\"@type\":\"BreadcrumbList\",\"@id\":\"https:\\\/\\\/www.arquimaster.com.ar\\\/web\\\/cafeteria-entrelimites-romera-y-ruiz-arquitectos\\\/#breadcrumb\",\"itemListElement\":[{\"@type\":\"ListItem\",\"position\":1,\"name\":\"Portada\",\"item\":\"https:\\\/\\\/www.arquimaster.com.ar\\\/web\\\/\"},{\"@type\":\"ListItem\",\"position\":2,\"name\":\"Cafeter\u00eda Entrel\u00edmites \\\/ Romera y Ruiz Arquitectos\"}]},{\"@type\":\"WebSite\",\"@id\":\"https:\\\/\\\/www.arquimaster.com.ar\\\/web\\\/#website\",\"url\":\"https:\\\/\\\/www.arquimaster.com.ar\\\/web\\\/\",\"name\":\"Arquimaster\",\"description\":\"Web de arquitectura, dise\u00f1o y construccion\",\"publisher\":{\"@id\":\"https:\\\/\\\/www.arquimaster.com.ar\\\/web\\\/#organization\"},\"potentialAction\":[{\"@type\":\"SearchAction\",\"target\":{\"@type\":\"EntryPoint\",\"urlTemplate\":\"https:\\\/\\\/www.arquimaster.com.ar\\\/web\\\/?s={search_term_string}\"},\"query-input\":{\"@type\":\"PropertyValueSpecification\",\"valueRequired\":true,\"valueName\":\"search_term_string\"}}],\"inLanguage\":\"es\"},{\"@type\":\"Organization\",\"@id\":\"https:\\\/\\\/www.arquimaster.com.ar\\\/web\\\/#organization\",\"name\":\"Arquimaster\",\"url\":\"https:\\\/\\\/www.arquimaster.com.ar\\\/web\\\/\",\"logo\":{\"@type\":\"ImageObject\",\"inLanguage\":\"es\",\"@id\":\"https:\\\/\\\/www.arquimaster.com.ar\\\/web\\\/#\\\/schema\\\/logo\\\/image\\\/\",\"url\":\"https:\\\/\\\/www.arquimaster.com.ar\\\/web\\\/wp-content\\\/uploads\\\/2022\\\/06\\\/arquimaster.png\",\"contentUrl\":\"https:\\\/\\\/www.arquimaster.com.ar\\\/web\\\/wp-content\\\/uploads\\\/2022\\\/06\\\/arquimaster.png\",\"width\":594,\"height\":78,\"caption\":\"Arquimaster\"},\"image\":{\"@id\":\"https:\\\/\\\/www.arquimaster.com.ar\\\/web\\\/#\\\/schema\\\/logo\\\/image\\\/\"},\"sameAs\":[\"http:\\\/\\\/www.facebook.com\\\/ARQUIMASTER.com.ar\",\"https:\\\/\\\/x.com\\\/arquimaster\",\"https:\\\/\\\/www.instagram.com\\\/arquimasterblog\\\/\",\"https:\\\/\\\/www.linkedin.com\\\/company\\\/arquimaster\",\"https:\\\/\\\/www.pinterest.com\\\/arquimaster\",\"https:\\\/\\\/t.me\\\/arquimaster\"]},{\"@type\":\"Person\",\"@id\":\"https:\\\/\\\/www.arquimaster.com.ar\\\/web\\\/#\\\/schema\\\/person\\\/359e9f7c00193fcde068e0dd2ceb0028\",\"name\":\"Arquimaster\"}]}<\/script>\n<!-- \/ Yoast SEO plugin. -->","yoast_head_json":{"title":"Cafeter\u00eda Entrel\u00edmites \/ Romera y Ruiz Arquitectos - Arquimaster","description":"El proyecto se inserta en un \u00e1mbito libre de la manzana, un espacio vac\u00edo e irregular que deja entrever las fachadas colindantes.","robots":{"index":"index","follow":"follow","max-snippet":"max-snippet:-1","max-image-preview":"max-image-preview:large","max-video-preview":"max-video-preview:-1"},"canonical":"https:\/\/www.arquimaster.com.ar\/web\/cafeteria-entrelimites-romera-y-ruiz-arquitectos\/","og_locale":"es_ES","og_type":"article","og_title":"Cafeter\u00eda Entrel\u00edmites \/ Romera y Ruiz Arquitectos","og_description":"El proyecto se inserta en un \u00e1mbito libre de la manzana, un espacio vac\u00edo e irregular que deja entrever las fachadas colindantes.","og_url":"https:\/\/www.arquimaster.com.ar\/web\/cafeteria-entrelimites-romera-y-ruiz-arquitectos\/","og_site_name":"Arquimaster","article_publisher":"http:\/\/www.facebook.com\/ARQUIMASTER.com.ar","article_published_time":"2021-02-18T19:58:54+00:00","article_modified_time":"2021-07-09T19:36:24+00:00","og_image":[{"width":698,"height":364,"url":"https:\/\/www.arquimaster.com.ar\/web\/wp-content\/uploads\/2021\/02\/cafeteria_entrelimites_slide.jpg","type":"image\/jpeg"}],"author":"Arquimaster","twitter_card":"summary_large_image","twitter_title":"Cafeter\u00eda Entrel\u00edmites \/ Romera y Ruiz Arquitectos","twitter_description":"El proyecto se inserta en un \u00e1mbito libre de la manzana, un espacio vac\u00edo e irregular que deja entrever las fachadas colindantes.","twitter_image":"https:\/\/www.arquimaster.com.ar\/web\/wp-content\/uploads\/2021\/02\/cafeteria_entrelimites_slide.jpg","twitter_creator":"@arquimaster","twitter_site":"@arquimaster","twitter_misc":{"Escrito por":"Arquimaster","Tiempo de lectura":"5 minutos"},"schema":{"@context":"https:\/\/schema.org","@graph":[{"@type":"Article","@id":"https:\/\/www.arquimaster.com.ar\/web\/cafeteria-entrelimites-romera-y-ruiz-arquitectos\/#article","isPartOf":{"@id":"https:\/\/www.arquimaster.com.ar\/web\/cafeteria-entrelimites-romera-y-ruiz-arquitectos\/"},"author":{"name":"Arquimaster","@id":"https:\/\/www.arquimaster.com.ar\/web\/#\/schema\/person\/359e9f7c00193fcde068e0dd2ceb0028"},"headline":"Cafeter\u00eda Entrel\u00edmites \/ Romera y Ruiz Arquitectos","datePublished":"2021-02-18T19:58:54+00:00","dateModified":"2021-07-09T19:36:24+00:00","mainEntityOfPage":{"@id":"https:\/\/www.arquimaster.com.ar\/web\/cafeteria-entrelimites-romera-y-ruiz-arquitectos\/"},"wordCount":1189,"publisher":{"@id":"https:\/\/www.arquimaster.com.ar\/web\/#organization"},"image":{"@id":"https:\/\/www.arquimaster.com.ar\/web\/cafeteria-entrelimites-romera-y-ruiz-arquitectos\/#primaryimage"},"thumbnailUrl":"https:\/\/www.arquimaster.com.ar\/web\/wp-content\/uploads\/2021\/02\/cafeteria_entrelimites_slide.jpg","keywords":["ampliaci\u00f3n","\u00c1ngela Ru\u00edz Mart\u00ednez","arquitectura comercial","cafeteria","Espa\u00f1a","Islas Canarias","Las Palmas de Gran Canaria","Pedro Romera Garc\u00eda","rehabilitaci\u00f3n","Romera y Ruiz Arquitectos"],"articleSection":["Arquitectura comercial","Proyecto"],"inLanguage":"es"},{"@type":"WebPage","@id":"https:\/\/www.arquimaster.com.ar\/web\/cafeteria-entrelimites-romera-y-ruiz-arquitectos\/","url":"https:\/\/www.arquimaster.com.ar\/web\/cafeteria-entrelimites-romera-y-ruiz-arquitectos\/","name":"Cafeter\u00eda Entrel\u00edmites \/ Romera y Ruiz Arquitectos - Arquimaster","isPartOf":{"@id":"https:\/\/www.arquimaster.com.ar\/web\/#website"},"primaryImageOfPage":{"@id":"https:\/\/www.arquimaster.com.ar\/web\/cafeteria-entrelimites-romera-y-ruiz-arquitectos\/#primaryimage"},"image":{"@id":"https:\/\/www.arquimaster.com.ar\/web\/cafeteria-entrelimites-romera-y-ruiz-arquitectos\/#primaryimage"},"thumbnailUrl":"https:\/\/www.arquimaster.com.ar\/web\/wp-content\/uploads\/2021\/02\/cafeteria_entrelimites_slide.jpg","datePublished":"2021-02-18T19:58:54+00:00","dateModified":"2021-07-09T19:36:24+00:00","description":"El proyecto se inserta en un \u00e1mbito libre de la manzana, un espacio vac\u00edo e irregular que deja entrever las fachadas colindantes.","breadcrumb":{"@id":"https:\/\/www.arquimaster.com.ar\/web\/cafeteria-entrelimites-romera-y-ruiz-arquitectos\/#breadcrumb"},"inLanguage":"es","potentialAction":[{"@type":"ReadAction","target":["https:\/\/www.arquimaster.com.ar\/web\/cafeteria-entrelimites-romera-y-ruiz-arquitectos\/"]}]},{"@type":"ImageObject","inLanguage":"es","@id":"https:\/\/www.arquimaster.com.ar\/web\/cafeteria-entrelimites-romera-y-ruiz-arquitectos\/#primaryimage","url":"https:\/\/www.arquimaster.com.ar\/web\/wp-content\/uploads\/2021\/02\/cafeteria_entrelimites_slide.jpg","contentUrl":"https:\/\/www.arquimaster.com.ar\/web\/wp-content\/uploads\/2021\/02\/cafeteria_entrelimites_slide.jpg","width":698,"height":364,"caption":"Cafeter\u00eda Entrel\u00edmites \/ Romera y Ruiz Arquitectos"},{"@type":"BreadcrumbList","@id":"https:\/\/www.arquimaster.com.ar\/web\/cafeteria-entrelimites-romera-y-ruiz-arquitectos\/#breadcrumb","itemListElement":[{"@type":"ListItem","position":1,"name":"Portada","item":"https:\/\/www.arquimaster.com.ar\/web\/"},{"@type":"ListItem","position":2,"name":"Cafeter\u00eda Entrel\u00edmites \/ Romera y Ruiz Arquitectos"}]},{"@type":"WebSite","@id":"https:\/\/www.arquimaster.com.ar\/web\/#website","url":"https:\/\/www.arquimaster.com.ar\/web\/","name":"Arquimaster","description":"Web de arquitectura, dise\u00f1o y construccion","publisher":{"@id":"https:\/\/www.arquimaster.com.ar\/web\/#organization"},"potentialAction":[{"@type":"SearchAction","target":{"@type":"EntryPoint","urlTemplate":"https:\/\/www.arquimaster.com.ar\/web\/?s={search_term_string}"},"query-input":{"@type":"PropertyValueSpecification","valueRequired":true,"valueName":"search_term_string"}}],"inLanguage":"es"},{"@type":"Organization","@id":"https:\/\/www.arquimaster.com.ar\/web\/#organization","name":"Arquimaster","url":"https:\/\/www.arquimaster.com.ar\/web\/","logo":{"@type":"ImageObject","inLanguage":"es","@id":"https:\/\/www.arquimaster.com.ar\/web\/#\/schema\/logo\/image\/","url":"https:\/\/www.arquimaster.com.ar\/web\/wp-content\/uploads\/2022\/06\/arquimaster.png","contentUrl":"https:\/\/www.arquimaster.com.ar\/web\/wp-content\/uploads\/2022\/06\/arquimaster.png","width":594,"height":78,"caption":"Arquimaster"},"image":{"@id":"https:\/\/www.arquimaster.com.ar\/web\/#\/schema\/logo\/image\/"},"sameAs":["http:\/\/www.facebook.com\/ARQUIMASTER.com.ar","https:\/\/x.com\/arquimaster","https:\/\/www.instagram.com\/arquimasterblog\/","https:\/\/www.linkedin.com\/company\/arquimaster","https:\/\/www.pinterest.com\/arquimaster","https:\/\/t.me\/arquimaster"]},{"@type":"Person","@id":"https:\/\/www.arquimaster.com.ar\/web\/#\/schema\/person\/359e9f7c00193fcde068e0dd2ceb0028","name":"Arquimaster"}]}},"uagb_featured_image_src":{"full":["https:\/\/www.arquimaster.com.ar\/web\/wp-content\/uploads\/2021\/02\/cafeteria_entrelimites_slide.jpg",698,364,false],"thumbnail":["https:\/\/www.arquimaster.com.ar\/web\/wp-content\/uploads\/2021\/02\/cafeteria_entrelimites_slide-150x150.jpg",150,150,true],"medium":["https:\/\/www.arquimaster.com.ar\/web\/wp-content\/uploads\/2021\/02\/cafeteria_entrelimites_slide.jpg",698,364,false],"medium_large":["https:\/\/www.arquimaster.com.ar\/web\/wp-content\/uploads\/2021\/02\/cafeteria_entrelimites_slide.jpg",698,364,false],"large":["https:\/\/www.arquimaster.com.ar\/web\/wp-content\/uploads\/2021\/02\/cafeteria_entrelimites_slide.jpg",698,364,false],"1536x1536":["https:\/\/www.arquimaster.com.ar\/web\/wp-content\/uploads\/2021\/02\/cafeteria_entrelimites_slide.jpg",698,364,false],"2048x2048":["https:\/\/www.arquimaster.com.ar\/web\/wp-content\/uploads\/2021\/02\/cafeteria_entrelimites_slide.jpg",698,364,false]},"uagb_author_info":{"display_name":"Arquimaster","author_link":"https:\/\/www.arquimaster.com.ar\/web\/author\/arquimaster\/"},"uagb_comment_info":0,"uagb_excerpt":"El proyecto se inserta en un \u00e1mbito libre de la manzana, un espacio vac\u00edo e irregular...","_links":{"self":[{"href":"https:\/\/www.arquimaster.com.ar\/web\/wp-json\/wp\/v2\/posts\/62902","targetHints":{"allow":["GET"]}}],"collection":[{"href":"https:\/\/www.arquimaster.com.ar\/web\/wp-json\/wp\/v2\/posts"}],"about":[{"href":"https:\/\/www.arquimaster.com.ar\/web\/wp-json\/wp\/v2\/types\/post"}],"author":[{"embeddable":true,"href":"https:\/\/www.arquimaster.com.ar\/web\/wp-json\/wp\/v2\/users\/1"}],"replies":[{"embeddable":true,"href":"https:\/\/www.arquimaster.com.ar\/web\/wp-json\/wp\/v2\/comments?post=62902"}],"version-history":[{"count":1,"href":"https:\/\/www.arquimaster.com.ar\/web\/wp-json\/wp\/v2\/posts\/62902\/revisions"}],"predecessor-version":[{"id":62915,"href":"https:\/\/www.arquimaster.com.ar\/web\/wp-json\/wp\/v2\/posts\/62902\/revisions\/62915"}],"wp:featuredmedia":[{"embeddable":true,"href":"https:\/\/www.arquimaster.com.ar\/web\/wp-json\/wp\/v2\/media\/62903"}],"wp:attachment":[{"href":"https:\/\/www.arquimaster.com.ar\/web\/wp-json\/wp\/v2\/media?parent=62902"}],"wp:term":[{"taxonomy":"category","embeddable":true,"href":"https:\/\/www.arquimaster.com.ar\/web\/wp-json\/wp\/v2\/categories?post=62902"},{"taxonomy":"post_tag","embeddable":true,"href":"https:\/\/www.arquimaster.com.ar\/web\/wp-json\/wp\/v2\/tags?post=62902"}],"curies":[{"name":"wp","href":"https:\/\/api.w.org\/{rel}","templated":true}]}}