{"id":63114,"date":"2021-02-02T16:40:00","date_gmt":"2021-02-02T19:40:00","guid":{"rendered":"https:\/\/www.arquimaster.com.ar\/web\/?p=63114"},"modified":"2025-07-25T19:45:10","modified_gmt":"2025-07-25T22:45:10","slug":"todo-lo-nuevo-en-reposeras-de-madera","status":"publish","type":"post","link":"https:\/\/www.arquimaster.com.ar\/web\/todo-lo-nuevo-en-reposeras-de-madera\/","title":{"rendered":"Todo lo nuevo en reposeras de madera"},"content":{"rendered":"<div style=\"margin-top: 0px; margin-bottom: 0px;\" class=\"sharethis-inline-share-buttons\" ><\/div><div class=\"b812932af2e751442846f039925109de\" data-index=\"1\" style=\"float: none; margin:25px 0 25px 0; text-align:center;\">\n<script async src=\"https:\/\/pagead2.googlesyndication.com\/pagead\/js\/adsbygoogle.js\"><\/script>\r\n<!-- Arquimaster (superior) -->\r\n<ins class=\"adsbygoogle\"\r\n     style=\"display:block\"\r\n     data-ad-client=\"ca-pub-6351072698456832\"\r\n     data-ad-slot=\"6455489680\"\r\n     data-ad-format=\"auto\"\r\n     data-full-width-responsive=\"true\"><\/ins>\r\n<script>\r\n     (adsbygoogle = window.adsbygoogle || []).push({});\r\n<\/script>\n<\/div>\n<h3><em><strong>De dise\u00f1o futurista, r\u00fasticas, pintadas de colores y a la medida de cada proyecto deco.<\/strong><\/em><\/h3>\n<p>Los profesionales de <strong>CADAMDA<\/strong>, La C\u00e1mara de la Madera, exploran en esta oportunidad un elemento deco que siempre es protagonista del verano. Fijas, reclinables y plegables, tipo sill\u00f3n o mecedora. Con la madera al natural o intervenida con dibujos o pintada de colores, recicladas con madera de pallets y siempre protagonistas de los espacios al exterior, las reposeras de madera se reinventaron para disfrutar del aire libre, del descanso, del sol y -por qu\u00e9 no-, de una reconfortante siesta. Como en cada nueva temporada, dicen presente en las playas, terrazas, parques y hogares argentinos, con sutiles y preciosas combinaciones con mantas, almohadones, plantas, mesas de arrime para los infaltables tragos , mate o libros.<\/p>\n<p>La deco con reposeras, camastros y sillones de madera es una de las formas m\u00e1s simples de llevar hermosos muebles de descanso a espacios exteriores para poder disfrutar del jard\u00edn, espacios al aire libre, piscinas y la playa. La reposera es tan buscada, principalmente, porque cumple la funci\u00f3n de cama y reposera al mismo tiempo.<\/p>\n<div id='gallery-1' class='gallery galleryid-63114 gallery-columns-3 gallery-size-thumbnail'><figure class='gallery-item'>\n\t\t\t<div class='gallery-icon landscape'>\n\t\t\t\t<a href='https:\/\/www.arquimaster.com.ar\/web\/wp-content\/uploads\/2021\/02\/reposeras_madera2.jpg' title=\"Todo lo nuevo en reposeras de madera (clasicas)\" data-rl_title=\"Todo lo nuevo en reposeras de madera (clasicas)\" class=\"rl-gallery-link\" data-rl_caption=\"Todo lo nuevo en reposeras de madera (clasicas)\" data-rel=\"lightbox-gallery-1\"><img loading=\"lazy\" decoding=\"async\" width=\"150\" height=\"150\" src=\"https:\/\/www.arquimaster.com.ar\/web\/wp-content\/uploads\/2021\/02\/reposeras_madera2-150x150.jpg\" class=\"attachment-thumbnail size-thumbnail\" alt=\"Todo lo nuevo en reposeras de madera\" aria-describedby=\"gallery-1-63119\" \/><\/a>\n\t\t\t<\/div>\n\t\t\t\t<figcaption class='wp-caption-text gallery-caption' id='gallery-1-63119'>\n\t\t\t\tTodo lo nuevo en reposeras de madera (clasicas)\n\t\t\t\t<\/figcaption><\/figure><figure class='gallery-item'>\n\t\t\t<div class='gallery-icon landscape'>\n\t\t\t\t<a href='https:\/\/www.arquimaster.com.ar\/web\/wp-content\/uploads\/2021\/02\/reposeras_madera3.jpg' title=\"Todo lo nuevo en reposeras de madera (de colores)\" data-rl_title=\"Todo lo nuevo en reposeras de madera (de colores)\" class=\"rl-gallery-link\" data-rl_caption=\"Todo lo nuevo en reposeras de madera (de colores)\" data-rel=\"lightbox-gallery-1\"><img loading=\"lazy\" decoding=\"async\" width=\"150\" height=\"150\" src=\"https:\/\/www.arquimaster.com.ar\/web\/wp-content\/uploads\/2021\/02\/reposeras_madera3-150x150.jpg\" class=\"attachment-thumbnail size-thumbnail\" alt=\"Todo lo nuevo en reposeras de madera\" aria-describedby=\"gallery-1-63120\" \/><\/a>\n\t\t\t<\/div>\n\t\t\t\t<figcaption class='wp-caption-text gallery-caption' id='gallery-1-63120'>\n\t\t\t\tTodo lo nuevo en reposeras de madera (de colores)\n\t\t\t\t<\/figcaption><\/figure><figure class='gallery-item'>\n\t\t\t<div class='gallery-icon landscape'>\n\t\t\t\t<a href='https:\/\/www.arquimaster.com.ar\/web\/wp-content\/uploads\/2021\/02\/reposeras_madera4.jpg' title=\"Todo lo nuevo en reposeras de madera (modernos dise\u00f1os)\" data-rl_title=\"Todo lo nuevo en reposeras de madera (modernos dise\u00f1os)\" class=\"rl-gallery-link\" data-rl_caption=\"Todo lo nuevo en reposeras de madera (modernos dise\u00f1os)\" data-rel=\"lightbox-gallery-1\"><img loading=\"lazy\" decoding=\"async\" width=\"150\" height=\"150\" src=\"https:\/\/www.arquimaster.com.ar\/web\/wp-content\/uploads\/2021\/02\/reposeras_madera4-150x150.jpg\" class=\"attachment-thumbnail size-thumbnail\" alt=\"Todo lo nuevo en reposeras de madera\" aria-describedby=\"gallery-1-63121\" \/><\/a>\n\t\t\t<\/div>\n\t\t\t\t<figcaption class='wp-caption-text gallery-caption' id='gallery-1-63121'>\n\t\t\t\tTodo lo nuevo en reposeras de madera (modernos dise\u00f1os)\n\t\t\t\t<\/figcaption><\/figure><figure class='gallery-item'>\n\t\t\t<div class='gallery-icon landscape'>\n\t\t\t\t<a href='https:\/\/www.arquimaster.com.ar\/web\/wp-content\/uploads\/2021\/02\/reposeras_madera5.jpg' title=\"Todo lo nuevo en reposeras de madera (de dos plazas)\" data-rl_title=\"Todo lo nuevo en reposeras de madera (de dos plazas)\" class=\"rl-gallery-link\" data-rl_caption=\"Todo lo nuevo en reposeras de madera (de dos plazas)\" data-rel=\"lightbox-gallery-1\"><img loading=\"lazy\" decoding=\"async\" width=\"150\" height=\"150\" src=\"https:\/\/www.arquimaster.com.ar\/web\/wp-content\/uploads\/2021\/02\/reposeras_madera5-150x150.jpg\" class=\"attachment-thumbnail size-thumbnail\" alt=\"Todo lo nuevo en reposeras de madera\" aria-describedby=\"gallery-1-63122\" \/><\/a>\n\t\t\t<\/div>\n\t\t\t\t<figcaption class='wp-caption-text gallery-caption' id='gallery-1-63122'>\n\t\t\t\tTodo lo nuevo en reposeras de madera (de dos plazas)\n\t\t\t\t<\/figcaption><\/figure><figure class='gallery-item'>\n\t\t\t<div class='gallery-icon landscape'>\n\t\t\t\t<a href='https:\/\/www.arquimaster.com.ar\/web\/wp-content\/uploads\/2021\/02\/reposeras_madera6.jpg' title=\"Todo lo nuevo en reposeras de madera (mecedoras)\" data-rl_title=\"Todo lo nuevo en reposeras de madera (mecedoras)\" class=\"rl-gallery-link\" data-rl_caption=\"Todo lo nuevo en reposeras de madera (mecedoras)\" data-rel=\"lightbox-gallery-1\"><img loading=\"lazy\" decoding=\"async\" width=\"150\" height=\"150\" src=\"https:\/\/www.arquimaster.com.ar\/web\/wp-content\/uploads\/2021\/02\/reposeras_madera6-150x150.jpg\" class=\"attachment-thumbnail size-thumbnail\" alt=\"Todo lo nuevo en reposeras de madera\" aria-describedby=\"gallery-1-63123\" \/><\/a>\n\t\t\t<\/div>\n\t\t\t\t<figcaption class='wp-caption-text gallery-caption' id='gallery-1-63123'>\n\t\t\t\tTodo lo nuevo en reposeras de madera (mecedoras)\n\t\t\t\t<\/figcaption><\/figure><figure class='gallery-item'>\n\t\t\t<div class='gallery-icon landscape'>\n\t\t\t\t<a href='https:\/\/www.arquimaster.com.ar\/web\/wp-content\/uploads\/2021\/02\/reposeras_madera7.jpg' title=\"Todo lo nuevo en reposeras de madera (con pallets)\" data-rl_title=\"Todo lo nuevo en reposeras de madera (con pallets)\" class=\"rl-gallery-link\" data-rl_caption=\"Todo lo nuevo en reposeras de madera (con pallets)\" data-rel=\"lightbox-gallery-1\"><img loading=\"lazy\" decoding=\"async\" width=\"150\" height=\"150\" src=\"https:\/\/www.arquimaster.com.ar\/web\/wp-content\/uploads\/2021\/02\/reposeras_madera7-150x150.jpg\" class=\"attachment-thumbnail size-thumbnail\" alt=\"Todo lo nuevo en reposeras de madera\" aria-describedby=\"gallery-1-63124\" \/><\/a>\n\t\t\t<\/div>\n\t\t\t\t<figcaption class='wp-caption-text gallery-caption' id='gallery-1-63124'>\n\t\t\t\tTodo lo nuevo en reposeras de madera (con pallets)\n\t\t\t\t<\/figcaption><\/figure><figure class='gallery-item'>\n\t\t\t<div class='gallery-icon landscape'>\n\t\t\t\t<a href='https:\/\/www.arquimaster.com.ar\/web\/wp-content\/uploads\/2021\/02\/reposeras_madera8.jpg' title=\"Todo lo nuevo en reposeras de madera (rusticas)\" data-rl_title=\"Todo lo nuevo en reposeras de madera (rusticas)\" class=\"rl-gallery-link\" data-rl_caption=\"Todo lo nuevo en reposeras de madera (rusticas)\" data-rel=\"lightbox-gallery-1\"><img loading=\"lazy\" decoding=\"async\" width=\"150\" height=\"150\" src=\"https:\/\/www.arquimaster.com.ar\/web\/wp-content\/uploads\/2021\/02\/reposeras_madera8-150x150.jpg\" class=\"attachment-thumbnail size-thumbnail\" alt=\"Todo lo nuevo en reposeras de madera\" aria-describedby=\"gallery-1-63125\" \/><\/a>\n\t\t\t<\/div>\n\t\t\t\t<figcaption class='wp-caption-text gallery-caption' id='gallery-1-63125'>\n\t\t\t\tTodo lo nuevo en reposeras de madera (rusticas)\n\t\t\t\t<\/figcaption><\/figure><figure class='gallery-item'>\n\t\t\t<div class='gallery-icon landscape'>\n\t\t\t\t<a href='https:\/\/www.arquimaster.com.ar\/web\/wp-content\/uploads\/2021\/02\/reposeras_madera9.jpg' title=\"Todo lo nuevo en reposeras de madera (intervenidas)\" data-rl_title=\"Todo lo nuevo en reposeras de madera (intervenidas)\" class=\"rl-gallery-link\" data-rl_caption=\"Todo lo nuevo en reposeras de madera (intervenidas)\" data-rel=\"lightbox-gallery-1\"><img loading=\"lazy\" decoding=\"async\" width=\"150\" height=\"150\" src=\"https:\/\/www.arquimaster.com.ar\/web\/wp-content\/uploads\/2021\/02\/reposeras_madera9-150x150.jpg\" class=\"attachment-thumbnail size-thumbnail\" alt=\"Todo lo nuevo en reposeras de madera\" aria-describedby=\"gallery-1-63126\" \/><\/a>\n\t\t\t<\/div>\n\t\t\t\t<figcaption class='wp-caption-text gallery-caption' id='gallery-1-63126'>\n\t\t\t\tTodo lo nuevo en reposeras de madera (intervenidas)\n\t\t\t\t<\/figcaption><\/figure><figure class='gallery-item'>\n\t\t\t<div class='gallery-icon landscape'>\n\t\t\t\t<a href='https:\/\/www.arquimaster.com.ar\/web\/wp-content\/uploads\/2021\/02\/reposeras_madera10.jpg' title=\"Todo lo nuevo en reposeras de madera\" data-rl_title=\"Todo lo nuevo en reposeras de madera\" class=\"rl-gallery-link\" data-rl_caption=\"Todo lo nuevo en reposeras de madera\" data-rel=\"lightbox-gallery-1\"><img loading=\"lazy\" decoding=\"async\" width=\"150\" height=\"150\" src=\"https:\/\/www.arquimaster.com.ar\/web\/wp-content\/uploads\/2021\/02\/reposeras_madera10-150x150.jpg\" class=\"attachment-thumbnail size-thumbnail\" alt=\"Todo lo nuevo en reposeras de madera\" aria-describedby=\"gallery-1-63116\" srcset=\"https:\/\/www.arquimaster.com.ar\/web\/wp-content\/uploads\/2021\/02\/reposeras_madera10-150x150.jpg 150w, https:\/\/www.arquimaster.com.ar\/web\/wp-content\/uploads\/2021\/02\/reposeras_madera10.jpg 566w\" sizes=\"auto, (max-width: 150px) 100vw, 150px\" \/><\/a>\n\t\t\t<\/div>\n\t\t\t\t<figcaption class='wp-caption-text gallery-caption' id='gallery-1-63116'>\n\t\t\t\tTodo lo nuevo en reposeras de madera\n\t\t\t\t<\/figcaption><\/figure>\n\t\t<\/div>\n\n<p>Y si el material que las compone es la madera, se trata de un combo simplemente perfecto. Est\u00e1 comprobado que la madera otorga una sensaci\u00f3n \u00fanica de saludable bienestar por su origen natural y puro. De hecho, hoy la madera es un material considerado como el material de construcci\u00f3n del futuro gracias a sus caracter\u00edsticas \u00fanicas. Mayor resistencia al fuego, es sustentable, reciclable y aislante, est\u00e1 colmada de innumerables dise\u00f1os, colores, tonos y formas que la naturaleza le otorga, adem\u00e1s de su gran versatilidad y capacidad de adaptaci\u00f3n a geometr\u00edas complejas y todo tipo de proyectos arquitect\u00f3nicos.<\/p>\n<p>En sus m\u00faltiples usos y formas, las reposeras se renuevan y CADAMDA, La C\u00e1mara de la Madera, la instituci\u00f3n que lidera el posicionamiento de este elemento en el pa\u00eds, explica c\u00f3mo potenciar su uso en cada estilo.<\/p>\n<h3><strong>Las cl\u00e1sicas reposeras de madera, siempre vigentes<\/strong><\/h3>\n<p>Si la idea es armar un rinc\u00f3n especial para un momento de descanso, la decoraci\u00f3n suele ser de camastros fijos o con ruedas de madera, para una mayor facilidad de traslado. La propuesta es personalizar esta \u00e1rea con enredaderas en paredes cercanas o luces colgantes, telas e incluso peque\u00f1as mesas de arrime de madera para acompa\u00f1ar la velada.<\/p>\n<p>Pueden ser plegables para guardarlas f\u00e1cilmente y tambi\u00e9n reclinables, para adaptar su forma al gusto de cada uso. Desde un ba\u00f1o de sol o una siesta o un poco m\u00e1s sentados, para una grata lectura. Pueden o no tener apoyabrazos; muchas traen compartimentos especiales para apoyar vasos o copas, extensiones para los pies, peque\u00f1as bandejas escondidas que salen por los costados para apoyar cosas.<\/p>\n<p>Son perfectos aliados los almohadones y almohadas, colchonetas, mantas y otros textiles para una experiencia completa de disfrute.<\/p>\n<p><strong>De colores<br \/>\n<\/strong>Todo est\u00e1 permitido y la creatividad no tiene l\u00edmites. Desde tonos naturales y asociados con la naturaleza propia de la madera, ya sea pino, nogal, caoba, wengu\u00e9, etc. o animarse a colores vivos, s\u00f3lidos y estridentes. Se puede optar por un \u00fanico color o jugar con las combinaciones e intercambiarlos entre sillones, reposeras y mesas de arrime.<\/p>\n<p><strong>Modernos dise\u00f1os<\/strong><br \/>\nLas nuevas tendencias deco tambi\u00e9n se dejan ver en las reposeras y camastros. Suaves l\u00edneas circulares que invitan a recorrer la forma del cuerpo y juegan con los caprichos del horizonte y los paisajes, casi imitando las olas del mar y jugando con el entorno. El dise\u00f1o juega un rol fundamental en este tipo de accesorios y si se desea impactar, estas son elecciones perfectas para lograrlo.<\/p>\n<p><strong>De dos plazas<\/strong><br \/>\nUna nueva opci\u00f3n poco conocida, pero que invita a la familia o a la pareja a un disfrute compartido. Los dise\u00f1os de dos plazas tambi\u00e9n son muy \u00fatiles para ahorrar el espacio y maximizar el uso.<\/p>\n<p><strong>Mecedoras<\/strong><br \/>\nUna variaci\u00f3n muy buscada porque otorga ese movimiento tan placentero de vaiv\u00e9n. Perfectas para quienes buscan bajar los niveles de estr\u00e9s y ansiedad.<\/p>\n<p><strong>Con pallets<\/strong><br \/>\nUna de las ideas deco que surgieron en los \u00faltimos a\u00f1os, que conjugan una cultura sustentable y de reciclaje, con la idea de poder hacer los propios muebles. Los pallets son materia prima r\u00e1pida, accesible, super vers\u00e1tiles al ser posible pintarlos, lijarlos, cortar, pegar, adosar, etc. Adem\u00e1s, se puede pensar en sets deco, ampliando la presencia de los pallets a otros accesorios como mesas de apoyo, bancos, etc.<\/p>\n<p>La madera de pino, la m\u00e1s utilizada en los pallets, se viene imponiendo como una de las opciones para construir los muebles del hogar debido a su versatilidad y posibilidades de dise\u00f1os. Los avances industriales en los procesos de secado, las numerosas alternativas para tratar y preservar este tipo de madera y los avances en materia de dise\u00f1o, hicieron de la madera de pino un material ideal para construir los muebles del hogar, ya sean para decorar el dormitorio, la cocina, el living o cualquier espacio del hogar, porque permite acabados y entramados perfectos. Es importante destacar, por otro lado, que este tipo de madera es un producto renovable y de sostenibilidad ambiental.<\/p>\n<p><strong>R\u00fasticas<\/strong><br \/>\nCon trozos de ramas y troncos como principal atractivo, este tipo de reposeras conservan intacta su impresionante esencia original. En este tipo de proyectos la idea es la mantener a la madera en su estado m\u00e1s puro porque genera una inmediata sensaci\u00f3n de bienestar ambiental al conectar con la naturaleza en su estado m\u00e1s primitivo.<\/p>\n<p><strong>Intervenidas con dibujos<\/strong><br \/>\nSiempre con la madera en todo su esplendor y versatilidad como lienzo para estas ideas, una de las \u00faltimas oleadas deco habla de personalizar casi todos los objetos posibles. Las reposeras tambi\u00e9n pueden tener detalles \u00fanicos que hablen por s\u00ed solos. Generalmente en este tipo de muebles, se buscan decoraciones de tipo tropical, aves, oc\u00e9anos, plantas y otros dise\u00f1os con de impronta infantil.<\/p>\n<h3><strong>\u00bfQu\u00e9 maderas elegir?<\/strong><\/h3>\n<p>La madera usada en este tipo de muebles deber\u00e1 siempre estar preparada y tratada para su exposici\u00f3n al exterior con el fin de soportar las exigencias clim\u00e1ticas como la lluvia y el sol. Pino impregnado con CCA, pino, incienso, eucalyptus sp, lapacho, quebracho y timb\u00f3 son las clases de maderas m\u00e1s frecuentemente utilizadas. Los recubrimientos protectores son los que dan la terminaci\u00f3n est\u00e9tica. Generalmente estas terminaciones son satinadas o mate al tener en su composici\u00f3n ingredientes hidrorepelentes (ceras, s\u00edlices, etc.) y tambi\u00e9n por ser formadores de micropel\u00edculas.<\/p>\n<p>Los diferentes productos ofrecidos tienen recomendaciones de aplicaci\u00f3n diferenciadas seg\u00fan las marcas, por lo tanto, recomendamos leer previamente las instrucciones, y en caso de dudas llamar a los respectivos Departamentos T\u00e9cnicos. El mercado posee hoy gran variedad de maderas y productos para dise\u00f1ar y construir f\u00e1cilmente todo tipo de muebles, pisos y accesorios de madera para el exterior a elecci\u00f3n de dise\u00f1adores y clientes.<\/p>\n<h3><strong>El tratamiento correcto: preservaci\u00f3n y protecci\u00f3n<\/strong><\/h3>\n<p>&#8211; Preservaci\u00f3n de los insectos y hongos.<br \/>\n&#8211; Protecci\u00f3n de los agentes atmosf\u00e9ricos.<\/p>\n<p>Ambos procesos son muy necesarios y deben realizarse en forma independiente. Para el primero se recomienda usar preservadores aprobados por el Senasa y aplicarlos a pincel, inmersi\u00f3n o por vac\u00edo-presi\u00f3n (m\u00e9todo industrial) previo a la protecci\u00f3n.<\/p>\n<p>Luego se debe proteger de los agentes atmosf\u00e9ricos (sol, lluvia, viento, nieve, poluci\u00f3n) ofreciendo una pel\u00edcula flexible, que no cuartee y mantenga la madera expuesta en buenas condiciones y que, adem\u00e1s, soporte la abrasi\u00f3n. En este paso adem\u00e1s se decora y se procura la terminaci\u00f3n est\u00e9tica a la madera que est\u00e1 siendo protegida.<\/p>\n<p><strong>Acerca de CADAMDA<\/strong><br \/>\nLa C\u00e1mara de la Madera (CADAMDA) fue creada el 2 de julio de 1903 cuando un n\u00facleo reducido de propietarios de aserraderos y corralones de madera realiz\u00f3 por primera vez una reuni\u00f3n con el objeto de cambiar ideas acerca de la fundaci\u00f3n de una sociedad con el prop\u00f3sito de defender y mejorar los intereses del gremio. De all\u00ed surgi\u00f3 la Sociedad de Aserraderos y Corralones de Madera. En aquel entonces y hace ya m\u00e1s de 100 a\u00f1os, fue cuna de la mayor\u00eda de las empresas del ramo y reuni\u00f3 a la casi totalidad de ellas. Es as\u00ed que la Instituci\u00f3n ha podido mantenerse inalterable en el tiempo, gracias a que cumpli\u00f3 y cumple con los objetivos para los cuales fue creada.<\/p>\n<p>Actualmente, CADAMDA agrupa a productores forestales, tanto de madera de bosque nativo como de cultivo, aserraderos, industrias, importadores-exportadores y comercializadores de maderas y sus derivados. Como as\u00ed tambi\u00e9n a fabricantes de productos para la preservaci\u00f3n y el embellecimiento de la madera. El objetivo fundamental de la C\u00e1mara es difundir el uso de la madera y sus derivados y reposicionar a la misma como un material noble, rentable y confiable. La entidad cuenta con los siguientes departamentos: Departamento de Arquitectura en Madera, Departamento de Comercio Exterior, Departamento PREMA (Preservaci\u00f3n y Embellecimiento de la Madera), Departamento de Compensados y un Departamento Legal para asesoramiento de los asociados.<\/p>\n\n<div style=\"font-size: 0px; height: 0px; line-height: 0px; margin: 0; padding: 0; clear: both;\"><\/div><div style=\"margin-top: 0px; margin-bottom: 0px;\" class=\"sharethis-inline-share-buttons\" ><\/div>","protected":false},"excerpt":{"rendered":"<p>De dise\u00f1o futurista, r\u00fasticas, pintadas de colores y a la medida de cada proyecto deco&#8230;<\/p>\n","protected":false},"author":1,"featured_media":63117,"comment_status":"closed","ping_status":"closed","sticky":false,"template":"","format":"standard","meta":{"_uag_custom_page_level_css":"","footnotes":""},"categories":[55,67],"tags":[2619,2620,6921,701,6922,2349,2350,6920],"class_list":["post-63114","post","type-post","status-publish","format-standard","has-post-thumbnail","hentry","category-diseno","category-diseno-industrial","tag-cadamda","tag-camara-de-la-madera","tag-camastro","tag-madera","tag-mecedora","tag-pallets","tag-pallets-de-madera","tag-reposeras","generate-columns","tablet-grid-50","mobile-grid-100","grid-parent","grid-50"],"yoast_head":"<!-- This site is optimized with the Yoast SEO plugin v27.3 - https:\/\/yoast.com\/product\/yoast-seo-wordpress\/ -->\n<title>Todo lo nuevo en reposeras de madera - Arquimaster<\/title>\n<meta name=\"description\" content=\"Reposeras de madera de dise\u00f1o futurista, r\u00fasticas, pintadas de colores y a la medida de cada proyecto deco.\" \/>\n<meta name=\"robots\" content=\"index, follow, max-snippet:-1, max-image-preview:large, max-video-preview:-1\" \/>\n<link rel=\"canonical\" href=\"https:\/\/www.arquimaster.com.ar\/web\/todo-lo-nuevo-en-reposeras-de-madera\/\" \/>\n<meta property=\"og:locale\" content=\"es_ES\" \/>\n<meta property=\"og:type\" content=\"article\" \/>\n<meta property=\"og:title\" content=\"Todo lo nuevo en reposeras de madera\" \/>\n<meta property=\"og:description\" content=\"Reposeras de madera de dise\u00f1o futurista, r\u00fasticas, pintadas de colores y a la medida de cada proyecto deco.\" \/>\n<meta property=\"og:url\" content=\"https:\/\/www.arquimaster.com.ar\/web\/todo-lo-nuevo-en-reposeras-de-madera\/\" \/>\n<meta property=\"og:site_name\" content=\"Arquimaster\" \/>\n<meta property=\"article:publisher\" content=\"http:\/\/www.facebook.com\/ARQUIMASTER.com.ar\" \/>\n<meta property=\"article:published_time\" content=\"2021-02-02T19:40:00+00:00\" \/>\n<meta property=\"article:modified_time\" content=\"2025-07-25T22:45:10+00:00\" \/>\n<meta property=\"og:image\" content=\"https:\/\/www.arquimaster.com.ar\/web\/wp-content\/uploads\/2021\/02\/reposeras_madera_slide.jpg\" \/>\n\t<meta property=\"og:image:width\" content=\"698\" \/>\n\t<meta property=\"og:image:height\" content=\"364\" \/>\n\t<meta property=\"og:image:type\" content=\"image\/jpeg\" \/>\n<meta name=\"author\" content=\"Arquimaster\" \/>\n<meta name=\"twitter:card\" content=\"summary_large_image\" \/>\n<meta name=\"twitter:title\" content=\"Todo lo nuevo en reposeras de madera\" \/>\n<meta name=\"twitter:description\" content=\"Reposeras de madera de dise\u00f1o futurista, r\u00fasticas, pintadas de colores y a la medida de cada proyecto deco.\" \/>\n<meta name=\"twitter:image\" content=\"https:\/\/www.arquimaster.com.ar\/web\/wp-content\/uploads\/2021\/02\/reposeras_madera_slide.jpg\" \/>\n<meta name=\"twitter:creator\" content=\"@arquimaster\" \/>\n<meta name=\"twitter:site\" content=\"@arquimaster\" \/>\n<meta name=\"twitter:label1\" content=\"Escrito por\" \/>\n\t<meta name=\"twitter:data1\" content=\"Arquimaster\" \/>\n\t<meta name=\"twitter:label2\" content=\"Tiempo de lectura\" \/>\n\t<meta name=\"twitter:data2\" content=\"7 minutos\" \/>\n<script type=\"application\/ld+json\" class=\"yoast-schema-graph\">{\"@context\":\"https:\\\/\\\/schema.org\",\"@graph\":[{\"@type\":\"Article\",\"@id\":\"https:\\\/\\\/www.arquimaster.com.ar\\\/web\\\/todo-lo-nuevo-en-reposeras-de-madera\\\/#article\",\"isPartOf\":{\"@id\":\"https:\\\/\\\/www.arquimaster.com.ar\\\/web\\\/todo-lo-nuevo-en-reposeras-de-madera\\\/\"},\"author\":{\"name\":\"Arquimaster\",\"@id\":\"https:\\\/\\\/www.arquimaster.com.ar\\\/web\\\/#\\\/schema\\\/person\\\/359e9f7c00193fcde068e0dd2ceb0028\"},\"headline\":\"Todo lo nuevo en reposeras de madera\",\"datePublished\":\"2021-02-02T19:40:00+00:00\",\"dateModified\":\"2025-07-25T22:45:10+00:00\",\"mainEntityOfPage\":{\"@id\":\"https:\\\/\\\/www.arquimaster.com.ar\\\/web\\\/todo-lo-nuevo-en-reposeras-de-madera\\\/\"},\"wordCount\":1562,\"publisher\":{\"@id\":\"https:\\\/\\\/www.arquimaster.com.ar\\\/web\\\/#organization\"},\"image\":{\"@id\":\"https:\\\/\\\/www.arquimaster.com.ar\\\/web\\\/todo-lo-nuevo-en-reposeras-de-madera\\\/#primaryimage\"},\"thumbnailUrl\":\"https:\\\/\\\/www.arquimaster.com.ar\\\/web\\\/wp-content\\\/uploads\\\/2021\\\/02\\\/reposeras_madera_slide.jpg\",\"keywords\":[\"CADAMDA\",\"C\u00e1mara de la Madera\",\"camastro\",\"madera\",\"mecedora\",\"pallets\",\"pallets de madera\",\"reposeras\"],\"articleSection\":[\"Dise\u00f1o\",\"Dise\u00f1o industrial y mobiliario\"],\"inLanguage\":\"es\"},{\"@type\":\"WebPage\",\"@id\":\"https:\\\/\\\/www.arquimaster.com.ar\\\/web\\\/todo-lo-nuevo-en-reposeras-de-madera\\\/\",\"url\":\"https:\\\/\\\/www.arquimaster.com.ar\\\/web\\\/todo-lo-nuevo-en-reposeras-de-madera\\\/\",\"name\":\"Todo lo nuevo en reposeras de madera - Arquimaster\",\"isPartOf\":{\"@id\":\"https:\\\/\\\/www.arquimaster.com.ar\\\/web\\\/#website\"},\"primaryImageOfPage\":{\"@id\":\"https:\\\/\\\/www.arquimaster.com.ar\\\/web\\\/todo-lo-nuevo-en-reposeras-de-madera\\\/#primaryimage\"},\"image\":{\"@id\":\"https:\\\/\\\/www.arquimaster.com.ar\\\/web\\\/todo-lo-nuevo-en-reposeras-de-madera\\\/#primaryimage\"},\"thumbnailUrl\":\"https:\\\/\\\/www.arquimaster.com.ar\\\/web\\\/wp-content\\\/uploads\\\/2021\\\/02\\\/reposeras_madera_slide.jpg\",\"datePublished\":\"2021-02-02T19:40:00+00:00\",\"dateModified\":\"2025-07-25T22:45:10+00:00\",\"description\":\"Reposeras de madera de dise\u00f1o futurista, r\u00fasticas, pintadas de colores y a la medida de cada proyecto deco.\",\"breadcrumb\":{\"@id\":\"https:\\\/\\\/www.arquimaster.com.ar\\\/web\\\/todo-lo-nuevo-en-reposeras-de-madera\\\/#breadcrumb\"},\"inLanguage\":\"es\",\"potentialAction\":[{\"@type\":\"ReadAction\",\"target\":[\"https:\\\/\\\/www.arquimaster.com.ar\\\/web\\\/todo-lo-nuevo-en-reposeras-de-madera\\\/\"]}]},{\"@type\":\"ImageObject\",\"inLanguage\":\"es\",\"@id\":\"https:\\\/\\\/www.arquimaster.com.ar\\\/web\\\/todo-lo-nuevo-en-reposeras-de-madera\\\/#primaryimage\",\"url\":\"https:\\\/\\\/www.arquimaster.com.ar\\\/web\\\/wp-content\\\/uploads\\\/2021\\\/02\\\/reposeras_madera_slide.jpg\",\"contentUrl\":\"https:\\\/\\\/www.arquimaster.com.ar\\\/web\\\/wp-content\\\/uploads\\\/2021\\\/02\\\/reposeras_madera_slide.jpg\",\"width\":698,\"height\":364,\"caption\":\"Todo lo nuevo en reposeras de madera\"},{\"@type\":\"BreadcrumbList\",\"@id\":\"https:\\\/\\\/www.arquimaster.com.ar\\\/web\\\/todo-lo-nuevo-en-reposeras-de-madera\\\/#breadcrumb\",\"itemListElement\":[{\"@type\":\"ListItem\",\"position\":1,\"name\":\"Portada\",\"item\":\"https:\\\/\\\/www.arquimaster.com.ar\\\/web\\\/\"},{\"@type\":\"ListItem\",\"position\":2,\"name\":\"Todo lo nuevo en reposeras de madera\"}]},{\"@type\":\"WebSite\",\"@id\":\"https:\\\/\\\/www.arquimaster.com.ar\\\/web\\\/#website\",\"url\":\"https:\\\/\\\/www.arquimaster.com.ar\\\/web\\\/\",\"name\":\"Arquimaster\",\"description\":\"Web de arquitectura, dise\u00f1o y construccion\",\"publisher\":{\"@id\":\"https:\\\/\\\/www.arquimaster.com.ar\\\/web\\\/#organization\"},\"potentialAction\":[{\"@type\":\"SearchAction\",\"target\":{\"@type\":\"EntryPoint\",\"urlTemplate\":\"https:\\\/\\\/www.arquimaster.com.ar\\\/web\\\/?s={search_term_string}\"},\"query-input\":{\"@type\":\"PropertyValueSpecification\",\"valueRequired\":true,\"valueName\":\"search_term_string\"}}],\"inLanguage\":\"es\"},{\"@type\":\"Organization\",\"@id\":\"https:\\\/\\\/www.arquimaster.com.ar\\\/web\\\/#organization\",\"name\":\"Arquimaster\",\"url\":\"https:\\\/\\\/www.arquimaster.com.ar\\\/web\\\/\",\"logo\":{\"@type\":\"ImageObject\",\"inLanguage\":\"es\",\"@id\":\"https:\\\/\\\/www.arquimaster.com.ar\\\/web\\\/#\\\/schema\\\/logo\\\/image\\\/\",\"url\":\"https:\\\/\\\/www.arquimaster.com.ar\\\/web\\\/wp-content\\\/uploads\\\/2022\\\/06\\\/arquimaster.png\",\"contentUrl\":\"https:\\\/\\\/www.arquimaster.com.ar\\\/web\\\/wp-content\\\/uploads\\\/2022\\\/06\\\/arquimaster.png\",\"width\":594,\"height\":78,\"caption\":\"Arquimaster\"},\"image\":{\"@id\":\"https:\\\/\\\/www.arquimaster.com.ar\\\/web\\\/#\\\/schema\\\/logo\\\/image\\\/\"},\"sameAs\":[\"http:\\\/\\\/www.facebook.com\\\/ARQUIMASTER.com.ar\",\"https:\\\/\\\/x.com\\\/arquimaster\",\"https:\\\/\\\/www.instagram.com\\\/arquimasterblog\\\/\",\"https:\\\/\\\/www.linkedin.com\\\/company\\\/arquimaster\",\"https:\\\/\\\/www.pinterest.com\\\/arquimaster\",\"https:\\\/\\\/t.me\\\/arquimaster\"]},{\"@type\":\"Person\",\"@id\":\"https:\\\/\\\/www.arquimaster.com.ar\\\/web\\\/#\\\/schema\\\/person\\\/359e9f7c00193fcde068e0dd2ceb0028\",\"name\":\"Arquimaster\"}]}<\/script>\n<!-- \/ Yoast SEO plugin. -->","yoast_head_json":{"title":"Todo lo nuevo en reposeras de madera - Arquimaster","description":"Reposeras de madera de dise\u00f1o futurista, r\u00fasticas, pintadas de colores y a la medida de cada proyecto deco.","robots":{"index":"index","follow":"follow","max-snippet":"max-snippet:-1","max-image-preview":"max-image-preview:large","max-video-preview":"max-video-preview:-1"},"canonical":"https:\/\/www.arquimaster.com.ar\/web\/todo-lo-nuevo-en-reposeras-de-madera\/","og_locale":"es_ES","og_type":"article","og_title":"Todo lo nuevo en reposeras de madera","og_description":"Reposeras de madera de dise\u00f1o futurista, r\u00fasticas, pintadas de colores y a la medida de cada proyecto deco.","og_url":"https:\/\/www.arquimaster.com.ar\/web\/todo-lo-nuevo-en-reposeras-de-madera\/","og_site_name":"Arquimaster","article_publisher":"http:\/\/www.facebook.com\/ARQUIMASTER.com.ar","article_published_time":"2021-02-02T19:40:00+00:00","article_modified_time":"2025-07-25T22:45:10+00:00","og_image":[{"width":698,"height":364,"url":"https:\/\/www.arquimaster.com.ar\/web\/wp-content\/uploads\/2021\/02\/reposeras_madera_slide.jpg","type":"image\/jpeg"}],"author":"Arquimaster","twitter_card":"summary_large_image","twitter_title":"Todo lo nuevo en reposeras de madera","twitter_description":"Reposeras de madera de dise\u00f1o futurista, r\u00fasticas, pintadas de colores y a la medida de cada proyecto deco.","twitter_image":"https:\/\/www.arquimaster.com.ar\/web\/wp-content\/uploads\/2021\/02\/reposeras_madera_slide.jpg","twitter_creator":"@arquimaster","twitter_site":"@arquimaster","twitter_misc":{"Escrito por":"Arquimaster","Tiempo de lectura":"7 minutos"},"schema":{"@context":"https:\/\/schema.org","@graph":[{"@type":"Article","@id":"https:\/\/www.arquimaster.com.ar\/web\/todo-lo-nuevo-en-reposeras-de-madera\/#article","isPartOf":{"@id":"https:\/\/www.arquimaster.com.ar\/web\/todo-lo-nuevo-en-reposeras-de-madera\/"},"author":{"name":"Arquimaster","@id":"https:\/\/www.arquimaster.com.ar\/web\/#\/schema\/person\/359e9f7c00193fcde068e0dd2ceb0028"},"headline":"Todo lo nuevo en reposeras de madera","datePublished":"2021-02-02T19:40:00+00:00","dateModified":"2025-07-25T22:45:10+00:00","mainEntityOfPage":{"@id":"https:\/\/www.arquimaster.com.ar\/web\/todo-lo-nuevo-en-reposeras-de-madera\/"},"wordCount":1562,"publisher":{"@id":"https:\/\/www.arquimaster.com.ar\/web\/#organization"},"image":{"@id":"https:\/\/www.arquimaster.com.ar\/web\/todo-lo-nuevo-en-reposeras-de-madera\/#primaryimage"},"thumbnailUrl":"https:\/\/www.arquimaster.com.ar\/web\/wp-content\/uploads\/2021\/02\/reposeras_madera_slide.jpg","keywords":["CADAMDA","C\u00e1mara de la Madera","camastro","madera","mecedora","pallets","pallets de madera","reposeras"],"articleSection":["Dise\u00f1o","Dise\u00f1o industrial y mobiliario"],"inLanguage":"es"},{"@type":"WebPage","@id":"https:\/\/www.arquimaster.com.ar\/web\/todo-lo-nuevo-en-reposeras-de-madera\/","url":"https:\/\/www.arquimaster.com.ar\/web\/todo-lo-nuevo-en-reposeras-de-madera\/","name":"Todo lo nuevo en reposeras de madera - Arquimaster","isPartOf":{"@id":"https:\/\/www.arquimaster.com.ar\/web\/#website"},"primaryImageOfPage":{"@id":"https:\/\/www.arquimaster.com.ar\/web\/todo-lo-nuevo-en-reposeras-de-madera\/#primaryimage"},"image":{"@id":"https:\/\/www.arquimaster.com.ar\/web\/todo-lo-nuevo-en-reposeras-de-madera\/#primaryimage"},"thumbnailUrl":"https:\/\/www.arquimaster.com.ar\/web\/wp-content\/uploads\/2021\/02\/reposeras_madera_slide.jpg","datePublished":"2021-02-02T19:40:00+00:00","dateModified":"2025-07-25T22:45:10+00:00","description":"Reposeras de madera de dise\u00f1o futurista, r\u00fasticas, pintadas de colores y a la medida de cada proyecto deco.","breadcrumb":{"@id":"https:\/\/www.arquimaster.com.ar\/web\/todo-lo-nuevo-en-reposeras-de-madera\/#breadcrumb"},"inLanguage":"es","potentialAction":[{"@type":"ReadAction","target":["https:\/\/www.arquimaster.com.ar\/web\/todo-lo-nuevo-en-reposeras-de-madera\/"]}]},{"@type":"ImageObject","inLanguage":"es","@id":"https:\/\/www.arquimaster.com.ar\/web\/todo-lo-nuevo-en-reposeras-de-madera\/#primaryimage","url":"https:\/\/www.arquimaster.com.ar\/web\/wp-content\/uploads\/2021\/02\/reposeras_madera_slide.jpg","contentUrl":"https:\/\/www.arquimaster.com.ar\/web\/wp-content\/uploads\/2021\/02\/reposeras_madera_slide.jpg","width":698,"height":364,"caption":"Todo lo nuevo en reposeras de madera"},{"@type":"BreadcrumbList","@id":"https:\/\/www.arquimaster.com.ar\/web\/todo-lo-nuevo-en-reposeras-de-madera\/#breadcrumb","itemListElement":[{"@type":"ListItem","position":1,"name":"Portada","item":"https:\/\/www.arquimaster.com.ar\/web\/"},{"@type":"ListItem","position":2,"name":"Todo lo nuevo en reposeras de madera"}]},{"@type":"WebSite","@id":"https:\/\/www.arquimaster.com.ar\/web\/#website","url":"https:\/\/www.arquimaster.com.ar\/web\/","name":"Arquimaster","description":"Web de arquitectura, dise\u00f1o y construccion","publisher":{"@id":"https:\/\/www.arquimaster.com.ar\/web\/#organization"},"potentialAction":[{"@type":"SearchAction","target":{"@type":"EntryPoint","urlTemplate":"https:\/\/www.arquimaster.com.ar\/web\/?s={search_term_string}"},"query-input":{"@type":"PropertyValueSpecification","valueRequired":true,"valueName":"search_term_string"}}],"inLanguage":"es"},{"@type":"Organization","@id":"https:\/\/www.arquimaster.com.ar\/web\/#organization","name":"Arquimaster","url":"https:\/\/www.arquimaster.com.ar\/web\/","logo":{"@type":"ImageObject","inLanguage":"es","@id":"https:\/\/www.arquimaster.com.ar\/web\/#\/schema\/logo\/image\/","url":"https:\/\/www.arquimaster.com.ar\/web\/wp-content\/uploads\/2022\/06\/arquimaster.png","contentUrl":"https:\/\/www.arquimaster.com.ar\/web\/wp-content\/uploads\/2022\/06\/arquimaster.png","width":594,"height":78,"caption":"Arquimaster"},"image":{"@id":"https:\/\/www.arquimaster.com.ar\/web\/#\/schema\/logo\/image\/"},"sameAs":["http:\/\/www.facebook.com\/ARQUIMASTER.com.ar","https:\/\/x.com\/arquimaster","https:\/\/www.instagram.com\/arquimasterblog\/","https:\/\/www.linkedin.com\/company\/arquimaster","https:\/\/www.pinterest.com\/arquimaster","https:\/\/t.me\/arquimaster"]},{"@type":"Person","@id":"https:\/\/www.arquimaster.com.ar\/web\/#\/schema\/person\/359e9f7c00193fcde068e0dd2ceb0028","name":"Arquimaster"}]}},"uagb_featured_image_src":{"full":["https:\/\/www.arquimaster.com.ar\/web\/wp-content\/uploads\/2021\/02\/reposeras_madera_slide.jpg",698,364,false],"thumbnail":["https:\/\/www.arquimaster.com.ar\/web\/wp-content\/uploads\/2021\/02\/reposeras_madera_slide-150x150.jpg",150,150,true],"medium":["https:\/\/www.arquimaster.com.ar\/web\/wp-content\/uploads\/2021\/02\/reposeras_madera_slide.jpg",698,364,false],"medium_large":["https:\/\/www.arquimaster.com.ar\/web\/wp-content\/uploads\/2021\/02\/reposeras_madera_slide.jpg",698,364,false],"large":["https:\/\/www.arquimaster.com.ar\/web\/wp-content\/uploads\/2021\/02\/reposeras_madera_slide.jpg",698,364,false],"1536x1536":["https:\/\/www.arquimaster.com.ar\/web\/wp-content\/uploads\/2021\/02\/reposeras_madera_slide.jpg",698,364,false],"2048x2048":["https:\/\/www.arquimaster.com.ar\/web\/wp-content\/uploads\/2021\/02\/reposeras_madera_slide.jpg",698,364,false]},"uagb_author_info":{"display_name":"Arquimaster","author_link":"https:\/\/www.arquimaster.com.ar\/web\/author\/arquimaster\/"},"uagb_comment_info":0,"uagb_excerpt":"De dise\u00f1o futurista, r\u00fasticas, pintadas de colores y a la medida de cada proyecto deco...","_links":{"self":[{"href":"https:\/\/www.arquimaster.com.ar\/web\/wp-json\/wp\/v2\/posts\/63114","targetHints":{"allow":["GET"]}}],"collection":[{"href":"https:\/\/www.arquimaster.com.ar\/web\/wp-json\/wp\/v2\/posts"}],"about":[{"href":"https:\/\/www.arquimaster.com.ar\/web\/wp-json\/wp\/v2\/types\/post"}],"author":[{"embeddable":true,"href":"https:\/\/www.arquimaster.com.ar\/web\/wp-json\/wp\/v2\/users\/1"}],"replies":[{"embeddable":true,"href":"https:\/\/www.arquimaster.com.ar\/web\/wp-json\/wp\/v2\/comments?post=63114"}],"version-history":[{"count":3,"href":"https:\/\/www.arquimaster.com.ar\/web\/wp-json\/wp\/v2\/posts\/63114\/revisions"}],"predecessor-version":[{"id":85299,"href":"https:\/\/www.arquimaster.com.ar\/web\/wp-json\/wp\/v2\/posts\/63114\/revisions\/85299"}],"wp:featuredmedia":[{"embeddable":true,"href":"https:\/\/www.arquimaster.com.ar\/web\/wp-json\/wp\/v2\/media\/63117"}],"wp:attachment":[{"href":"https:\/\/www.arquimaster.com.ar\/web\/wp-json\/wp\/v2\/media?parent=63114"}],"wp:term":[{"taxonomy":"category","embeddable":true,"href":"https:\/\/www.arquimaster.com.ar\/web\/wp-json\/wp\/v2\/categories?post=63114"},{"taxonomy":"post_tag","embeddable":true,"href":"https:\/\/www.arquimaster.com.ar\/web\/wp-json\/wp\/v2\/tags?post=63114"}],"curies":[{"name":"wp","href":"https:\/\/api.w.org\/{rel}","templated":true}]}}