{"id":63193,"date":"2021-03-04T23:16:56","date_gmt":"2021-03-05T02:16:56","guid":{"rendered":"https:\/\/www.arquimaster.com.ar\/web\/?p=63193"},"modified":"2021-08-19T15:42:12","modified_gmt":"2021-08-19T18:42:12","slug":"casa-witiza-beatriz-ales-atelier","status":"publish","type":"post","link":"https:\/\/www.arquimaster.com.ar\/web\/casa-witiza-beatriz-ales-atelier\/","title":{"rendered":"Casa Witiza \/ Beatriz Al\u00e9s Atelier"},"content":{"rendered":"<div style=\"margin-top: 0px; margin-bottom: 0px;\" class=\"sharethis-inline-share-buttons\" ><\/div><div class=\"b812932af2e751442846f039925109de\" data-index=\"1\" style=\"float: none; margin:25px 0 25px 0; text-align:center;\">\n<script async src=\"https:\/\/pagead2.googlesyndication.com\/pagead\/js\/adsbygoogle.js\"><\/script>\r\n<!-- Arquimaster (superior) -->\r\n<ins class=\"adsbygoogle\"\r\n     style=\"display:block\"\r\n     data-ad-client=\"ca-pub-6351072698456832\"\r\n     data-ad-slot=\"6455489680\"\r\n     data-ad-format=\"auto\"\r\n     data-full-width-responsive=\"true\"><\/ins>\r\n<script>\r\n     (adsbygoogle = window.adsbygoogle || []).push({});\r\n<\/script>\n<\/div>\n<p><strong>Casa Witiza<\/strong> (Carabanchel, Madrid, Espa\u00f1a) por <strong>Beatriz Al\u00e9s Atelier<\/strong>. La Colonia Hist\u00f3rica Tercio Terol fue proyectada por Rita Fern\u00e1ndez Queimadelos y construida en los a\u00f1os 40 en el barrio de Carabanchel, Madrid. Es una promoci\u00f3n p\u00fablica construida para alojar familias humildes en r\u00e9gimen de alquiler durante la dictadura franquista y actualmente est\u00e1 protegida como patrimonio urban\u00edstico.<\/p>\n<div id='gallery-1' class='gallery galleryid-63193 gallery-columns-3 gallery-size-thumbnail'><figure class='gallery-item'>\n\t\t\t<div class='gallery-icon portrait'>\n\t\t\t\t<a href='https:\/\/www.arquimaster.com.ar\/web\/wp-content\/uploads\/2021\/03\/casa_witiza1.jpg' title=\"Casa Witiza \/ Beatriz Al\u00e9s Atelier (\u00a9 Jos\u00e9 Hevia)\" data-rl_title=\"Casa Witiza \/ Beatriz Al\u00e9s Atelier (\u00a9 Jos\u00e9 Hevia)\" class=\"rl-gallery-link\" data-rl_caption=\"Casa Witiza \/ Beatriz Al\u00e9s Atelier (\u00a9 Jos\u00e9 Hevia)\" data-rel=\"lightbox-gallery-1\"><img loading=\"lazy\" decoding=\"async\" width=\"150\" height=\"150\" src=\"https:\/\/www.arquimaster.com.ar\/web\/wp-content\/uploads\/2021\/03\/casa_witiza1-150x150.jpg\" class=\"attachment-thumbnail size-thumbnail\" alt=\"Casa Witiza \/ Beatriz Al\u00e9s Atelier\" aria-describedby=\"gallery-1-63195\" \/><\/a>\n\t\t\t<\/div>\n\t\t\t\t<figcaption class='wp-caption-text gallery-caption' id='gallery-1-63195'>\n\t\t\t\tCasa Witiza \/ Beatriz Al\u00e9s Atelier (\u00a9 Jos\u00e9 Hevia)\n\t\t\t\t<\/figcaption><\/figure><figure class='gallery-item'>\n\t\t\t<div class='gallery-icon portrait'>\n\t\t\t\t<a href='https:\/\/www.arquimaster.com.ar\/web\/wp-content\/uploads\/2021\/03\/casa_witiza2.jpg' title=\"Casa Witiza \/ Beatriz Al\u00e9s Atelier (\u00a9 Jos\u00e9 Hevia)\" data-rl_title=\"Casa Witiza \/ Beatriz Al\u00e9s Atelier (\u00a9 Jos\u00e9 Hevia)\" class=\"rl-gallery-link\" data-rl_caption=\"Casa Witiza \/ Beatriz Al\u00e9s Atelier (\u00a9 Jos\u00e9 Hevia)\" data-rel=\"lightbox-gallery-1\"><img loading=\"lazy\" decoding=\"async\" width=\"150\" height=\"150\" src=\"https:\/\/www.arquimaster.com.ar\/web\/wp-content\/uploads\/2021\/03\/casa_witiza2-150x150.jpg\" class=\"attachment-thumbnail size-thumbnail\" alt=\"Casa Witiza \/ Beatriz Al\u00e9s Atelier\" aria-describedby=\"gallery-1-63196\" \/><\/a>\n\t\t\t<\/div>\n\t\t\t\t<figcaption class='wp-caption-text gallery-caption' id='gallery-1-63196'>\n\t\t\t\tCasa Witiza \/ Beatriz Al\u00e9s Atelier (\u00a9 Jos\u00e9 Hevia)\n\t\t\t\t<\/figcaption><\/figure><figure class='gallery-item'>\n\t\t\t<div class='gallery-icon portrait'>\n\t\t\t\t<a href='https:\/\/www.arquimaster.com.ar\/web\/wp-content\/uploads\/2021\/03\/casa_witiza3.jpg' title=\"Casa Witiza \/ Beatriz Al\u00e9s Atelier (\u00a9 Jos\u00e9 Hevia)\" data-rl_title=\"Casa Witiza \/ Beatriz Al\u00e9s Atelier (\u00a9 Jos\u00e9 Hevia)\" class=\"rl-gallery-link\" data-rl_caption=\"Casa Witiza \/ Beatriz Al\u00e9s Atelier (\u00a9 Jos\u00e9 Hevia)\" data-rel=\"lightbox-gallery-1\"><img loading=\"lazy\" decoding=\"async\" width=\"150\" height=\"150\" src=\"https:\/\/www.arquimaster.com.ar\/web\/wp-content\/uploads\/2021\/03\/casa_witiza3-150x150.jpg\" class=\"attachment-thumbnail size-thumbnail\" alt=\"Casa Witiza \/ Beatriz Al\u00e9s Atelier\" aria-describedby=\"gallery-1-63197\" \/><\/a>\n\t\t\t<\/div>\n\t\t\t\t<figcaption class='wp-caption-text gallery-caption' id='gallery-1-63197'>\n\t\t\t\tCasa Witiza \/ Beatriz Al\u00e9s Atelier (\u00a9 Jos\u00e9 Hevia)\n\t\t\t\t<\/figcaption><\/figure><figure class='gallery-item'>\n\t\t\t<div class='gallery-icon landscape'>\n\t\t\t\t<a href='https:\/\/www.arquimaster.com.ar\/web\/wp-content\/uploads\/2021\/03\/casa_witiza4.jpg' title=\"Casa Witiza \/ Beatriz Al\u00e9s Atelier (\u00a9 Jos\u00e9 Hevia)\" data-rl_title=\"Casa Witiza \/ Beatriz Al\u00e9s Atelier (\u00a9 Jos\u00e9 Hevia)\" class=\"rl-gallery-link\" data-rl_caption=\"Casa Witiza \/ Beatriz Al\u00e9s Atelier (\u00a9 Jos\u00e9 Hevia)\" data-rel=\"lightbox-gallery-1\"><img loading=\"lazy\" decoding=\"async\" width=\"150\" height=\"150\" src=\"https:\/\/www.arquimaster.com.ar\/web\/wp-content\/uploads\/2021\/03\/casa_witiza4-150x150.jpg\" class=\"attachment-thumbnail size-thumbnail\" alt=\"Casa Witiza \/ Beatriz Al\u00e9s Atelier\" aria-describedby=\"gallery-1-63198\" \/><\/a>\n\t\t\t<\/div>\n\t\t\t\t<figcaption class='wp-caption-text gallery-caption' id='gallery-1-63198'>\n\t\t\t\tCasa Witiza \/ Beatriz Al\u00e9s Atelier (\u00a9 Jos\u00e9 Hevia)\n\t\t\t\t<\/figcaption><\/figure><figure class='gallery-item'>\n\t\t\t<div class='gallery-icon landscape'>\n\t\t\t\t<a href='https:\/\/www.arquimaster.com.ar\/web\/wp-content\/uploads\/2021\/03\/casa_witiza5.jpg' title=\"Casa Witiza \/ Beatriz Al\u00e9s Atelier (\u00a9 Jos\u00e9 Hevia)\" data-rl_title=\"Casa Witiza \/ Beatriz Al\u00e9s Atelier (\u00a9 Jos\u00e9 Hevia)\" class=\"rl-gallery-link\" data-rl_caption=\"Casa Witiza \/ Beatriz Al\u00e9s Atelier (\u00a9 Jos\u00e9 Hevia)\" data-rel=\"lightbox-gallery-1\"><img loading=\"lazy\" decoding=\"async\" width=\"150\" height=\"150\" src=\"https:\/\/www.arquimaster.com.ar\/web\/wp-content\/uploads\/2021\/03\/casa_witiza5-150x150.jpg\" class=\"attachment-thumbnail size-thumbnail\" alt=\"Casa Witiza \/ Beatriz Al\u00e9s Atelier\" aria-describedby=\"gallery-1-63199\" \/><\/a>\n\t\t\t<\/div>\n\t\t\t\t<figcaption class='wp-caption-text gallery-caption' id='gallery-1-63199'>\n\t\t\t\tCasa Witiza \/ Beatriz Al\u00e9s Atelier (\u00a9 Jos\u00e9 Hevia)\n\t\t\t\t<\/figcaption><\/figure><figure class='gallery-item'>\n\t\t\t<div class='gallery-icon portrait'>\n\t\t\t\t<a href='https:\/\/www.arquimaster.com.ar\/web\/wp-content\/uploads\/2021\/03\/casa_witiza6.jpg' title=\"Casa Witiza \/ Beatriz Al\u00e9s Atelier (\u00a9 Jos\u00e9 Hevia)\" data-rl_title=\"Casa Witiza \/ Beatriz Al\u00e9s Atelier (\u00a9 Jos\u00e9 Hevia)\" class=\"rl-gallery-link\" data-rl_caption=\"Casa Witiza \/ Beatriz Al\u00e9s Atelier (\u00a9 Jos\u00e9 Hevia)\" data-rel=\"lightbox-gallery-1\"><img loading=\"lazy\" decoding=\"async\" width=\"150\" height=\"150\" src=\"https:\/\/www.arquimaster.com.ar\/web\/wp-content\/uploads\/2021\/03\/casa_witiza6-150x150.jpg\" class=\"attachment-thumbnail size-thumbnail\" alt=\"Casa Witiza \/ Beatriz Al\u00e9s Atelier\" aria-describedby=\"gallery-1-63200\" \/><\/a>\n\t\t\t<\/div>\n\t\t\t\t<figcaption class='wp-caption-text gallery-caption' id='gallery-1-63200'>\n\t\t\t\tCasa Witiza \/ Beatriz Al\u00e9s Atelier (\u00a9 Jos\u00e9 Hevia)\n\t\t\t\t<\/figcaption><\/figure><figure class='gallery-item'>\n\t\t\t<div class='gallery-icon portrait'>\n\t\t\t\t<a href='https:\/\/www.arquimaster.com.ar\/web\/wp-content\/uploads\/2021\/03\/casa_witiza7.jpg' title=\"Casa Witiza \/ Beatriz Al\u00e9s Atelier (\u00a9 Jos\u00e9 Hevia)\" data-rl_title=\"Casa Witiza \/ Beatriz Al\u00e9s Atelier (\u00a9 Jos\u00e9 Hevia)\" class=\"rl-gallery-link\" data-rl_caption=\"Casa Witiza \/ Beatriz Al\u00e9s Atelier (\u00a9 Jos\u00e9 Hevia)\" data-rel=\"lightbox-gallery-1\"><img loading=\"lazy\" decoding=\"async\" width=\"150\" height=\"150\" src=\"https:\/\/www.arquimaster.com.ar\/web\/wp-content\/uploads\/2021\/03\/casa_witiza7-150x150.jpg\" class=\"attachment-thumbnail size-thumbnail\" alt=\"Casa Witiza \/ Beatriz Al\u00e9s Atelier\" aria-describedby=\"gallery-1-63201\" \/><\/a>\n\t\t\t<\/div>\n\t\t\t\t<figcaption class='wp-caption-text gallery-caption' id='gallery-1-63201'>\n\t\t\t\tCasa Witiza \/ Beatriz Al\u00e9s Atelier (\u00a9 Jos\u00e9 Hevia)\n\t\t\t\t<\/figcaption><\/figure><figure class='gallery-item'>\n\t\t\t<div class='gallery-icon portrait'>\n\t\t\t\t<a href='https:\/\/www.arquimaster.com.ar\/web\/wp-content\/uploads\/2021\/03\/casa_witiza8.jpg' title=\"Casa Witiza \/ Beatriz Al\u00e9s Atelier (\u00a9 Jos\u00e9 Hevia)\" data-rl_title=\"Casa Witiza \/ Beatriz Al\u00e9s Atelier (\u00a9 Jos\u00e9 Hevia)\" class=\"rl-gallery-link\" data-rl_caption=\"Casa Witiza \/ Beatriz Al\u00e9s Atelier (\u00a9 Jos\u00e9 Hevia)\" data-rel=\"lightbox-gallery-1\"><img loading=\"lazy\" decoding=\"async\" width=\"150\" height=\"150\" src=\"https:\/\/www.arquimaster.com.ar\/web\/wp-content\/uploads\/2021\/03\/casa_witiza8-150x150.jpg\" class=\"attachment-thumbnail size-thumbnail\" alt=\"Casa Witiza \/ Beatriz Al\u00e9s Atelier\" aria-describedby=\"gallery-1-63202\" \/><\/a>\n\t\t\t<\/div>\n\t\t\t\t<figcaption class='wp-caption-text gallery-caption' id='gallery-1-63202'>\n\t\t\t\tCasa Witiza \/ Beatriz Al\u00e9s Atelier (\u00a9 Jos\u00e9 Hevia)\n\t\t\t\t<\/figcaption><\/figure><figure class='gallery-item'>\n\t\t\t<div class='gallery-icon portrait'>\n\t\t\t\t<a href='https:\/\/www.arquimaster.com.ar\/web\/wp-content\/uploads\/2021\/03\/casa_witiza9.jpg' title=\"Casa Witiza \/ Beatriz Al\u00e9s Atelier (\u00a9 Jos\u00e9 Hevia)\" data-rl_title=\"Casa Witiza \/ Beatriz Al\u00e9s Atelier (\u00a9 Jos\u00e9 Hevia)\" class=\"rl-gallery-link\" data-rl_caption=\"Casa Witiza \/ Beatriz Al\u00e9s Atelier (\u00a9 Jos\u00e9 Hevia)\" data-rel=\"lightbox-gallery-1\"><img loading=\"lazy\" decoding=\"async\" width=\"150\" height=\"150\" src=\"https:\/\/www.arquimaster.com.ar\/web\/wp-content\/uploads\/2021\/03\/casa_witiza9-150x150.jpg\" class=\"attachment-thumbnail size-thumbnail\" alt=\"Casa Witiza \/ Beatriz Al\u00e9s Atelier\" aria-describedby=\"gallery-1-63203\" \/><\/a>\n\t\t\t<\/div>\n\t\t\t\t<figcaption class='wp-caption-text gallery-caption' id='gallery-1-63203'>\n\t\t\t\tCasa Witiza \/ Beatriz Al\u00e9s Atelier (\u00a9 Jos\u00e9 Hevia)\n\t\t\t\t<\/figcaption><\/figure><figure class='gallery-item'>\n\t\t\t<div class='gallery-icon portrait'>\n\t\t\t\t<a href='https:\/\/www.arquimaster.com.ar\/web\/wp-content\/uploads\/2021\/03\/casa_witiza10.jpg' title=\"Casa Witiza \/ Beatriz Al\u00e9s Atelier (\u00a9 Jos\u00e9 Hevia)\" data-rl_title=\"Casa Witiza \/ Beatriz Al\u00e9s Atelier (\u00a9 Jos\u00e9 Hevia)\" class=\"rl-gallery-link\" data-rl_caption=\"Casa Witiza \/ Beatriz Al\u00e9s Atelier (\u00a9 Jos\u00e9 Hevia)\" data-rel=\"lightbox-gallery-1\"><img loading=\"lazy\" decoding=\"async\" width=\"150\" height=\"150\" src=\"https:\/\/www.arquimaster.com.ar\/web\/wp-content\/uploads\/2021\/03\/casa_witiza10-150x150.jpg\" class=\"attachment-thumbnail size-thumbnail\" alt=\"Casa Witiza \/ Beatriz Al\u00e9s Atelier\" aria-describedby=\"gallery-1-63204\" \/><\/a>\n\t\t\t<\/div>\n\t\t\t\t<figcaption class='wp-caption-text gallery-caption' id='gallery-1-63204'>\n\t\t\t\tCasa Witiza \/ Beatriz Al\u00e9s Atelier (\u00a9 Jos\u00e9 Hevia)\n\t\t\t\t<\/figcaption><\/figure><figure class='gallery-item'>\n\t\t\t<div class='gallery-icon portrait'>\n\t\t\t\t<a href='https:\/\/www.arquimaster.com.ar\/web\/wp-content\/uploads\/2021\/03\/casa_witiza11.jpg' title=\"Casa Witiza \/ Beatriz Al\u00e9s Atelier (\u00a9 Jos\u00e9 Hevia)\" data-rl_title=\"Casa Witiza \/ Beatriz Al\u00e9s Atelier (\u00a9 Jos\u00e9 Hevia)\" class=\"rl-gallery-link\" data-rl_caption=\"Casa Witiza \/ Beatriz Al\u00e9s Atelier (\u00a9 Jos\u00e9 Hevia)\" data-rel=\"lightbox-gallery-1\"><img loading=\"lazy\" decoding=\"async\" width=\"150\" height=\"150\" src=\"https:\/\/www.arquimaster.com.ar\/web\/wp-content\/uploads\/2021\/03\/casa_witiza11-150x150.jpg\" class=\"attachment-thumbnail size-thumbnail\" alt=\"Casa Witiza \/ Beatriz Al\u00e9s Atelier\" aria-describedby=\"gallery-1-63205\" \/><\/a>\n\t\t\t<\/div>\n\t\t\t\t<figcaption class='wp-caption-text gallery-caption' id='gallery-1-63205'>\n\t\t\t\tCasa Witiza \/ Beatriz Al\u00e9s Atelier (\u00a9 Jos\u00e9 Hevia)\n\t\t\t\t<\/figcaption><\/figure><figure class='gallery-item'>\n\t\t\t<div class='gallery-icon portrait'>\n\t\t\t\t<a href='https:\/\/www.arquimaster.com.ar\/web\/wp-content\/uploads\/2021\/03\/casa_witiza12.jpg' title=\"Casa Witiza \/ Beatriz Al\u00e9s Atelier (\u00a9 Jos\u00e9 Hevia)\" data-rl_title=\"Casa Witiza \/ Beatriz Al\u00e9s Atelier (\u00a9 Jos\u00e9 Hevia)\" class=\"rl-gallery-link\" data-rl_caption=\"Casa Witiza \/ Beatriz Al\u00e9s Atelier (\u00a9 Jos\u00e9 Hevia)\" data-rel=\"lightbox-gallery-1\"><img loading=\"lazy\" decoding=\"async\" width=\"150\" height=\"150\" src=\"https:\/\/www.arquimaster.com.ar\/web\/wp-content\/uploads\/2021\/03\/casa_witiza12-150x150.jpg\" class=\"attachment-thumbnail size-thumbnail\" alt=\"Casa Witiza \/ Beatriz Al\u00e9s Atelier\" aria-describedby=\"gallery-1-63206\" \/><\/a>\n\t\t\t<\/div>\n\t\t\t\t<figcaption class='wp-caption-text gallery-caption' id='gallery-1-63206'>\n\t\t\t\tCasa Witiza \/ Beatriz Al\u00e9s Atelier (\u00a9 Jos\u00e9 Hevia)\n\t\t\t\t<\/figcaption><\/figure><figure class='gallery-item'>\n\t\t\t<div class='gallery-icon landscape'>\n\t\t\t\t<a href='https:\/\/www.arquimaster.com.ar\/web\/wp-content\/uploads\/2021\/03\/casa_witiza13.jpg' title=\"Casa Witiza \/ Beatriz Al\u00e9s Atelier (planta baja)\" data-rl_title=\"Casa Witiza \/ Beatriz Al\u00e9s Atelier (planta baja)\" class=\"rl-gallery-link\" data-rl_caption=\"Casa Witiza \/ Beatriz Al\u00e9s Atelier (planta baja)\" data-rel=\"lightbox-gallery-1\"><img loading=\"lazy\" decoding=\"async\" width=\"150\" height=\"150\" src=\"https:\/\/www.arquimaster.com.ar\/web\/wp-content\/uploads\/2021\/03\/casa_witiza13-150x150.jpg\" class=\"attachment-thumbnail size-thumbnail\" alt=\"Casa Witiza \/ Beatriz Al\u00e9s Atelier\" aria-describedby=\"gallery-1-63207\" srcset=\"https:\/\/www.arquimaster.com.ar\/web\/wp-content\/uploads\/2021\/03\/casa_witiza13-150x150.jpg 150w, https:\/\/www.arquimaster.com.ar\/web\/wp-content\/uploads\/2021\/03\/casa_witiza13-768x768.jpg 768w, https:\/\/www.arquimaster.com.ar\/web\/wp-content\/uploads\/2021\/03\/casa_witiza13.jpg 1000w\" sizes=\"auto, (max-width: 150px) 100vw, 150px\" \/><\/a>\n\t\t\t<\/div>\n\t\t\t\t<figcaption class='wp-caption-text gallery-caption' id='gallery-1-63207'>\n\t\t\t\tCasa Witiza \/ Beatriz Al\u00e9s Atelier (planta baja)\n\t\t\t\t<\/figcaption><\/figure><figure class='gallery-item'>\n\t\t\t<div class='gallery-icon landscape'>\n\t\t\t\t<a href='https:\/\/www.arquimaster.com.ar\/web\/wp-content\/uploads\/2021\/03\/casa_witiza14.jpg' title=\"Casa Witiza \/ Beatriz Al\u00e9s Atelier (planta alta)\" data-rl_title=\"Casa Witiza \/ Beatriz Al\u00e9s Atelier (planta alta)\" class=\"rl-gallery-link\" data-rl_caption=\"Casa Witiza \/ Beatriz Al\u00e9s Atelier (planta alta)\" data-rel=\"lightbox-gallery-1\"><img loading=\"lazy\" decoding=\"async\" width=\"150\" height=\"150\" src=\"https:\/\/www.arquimaster.com.ar\/web\/wp-content\/uploads\/2021\/03\/casa_witiza14-150x150.jpg\" class=\"attachment-thumbnail size-thumbnail\" alt=\"Casa Witiza \/ Beatriz Al\u00e9s Atelier\" aria-describedby=\"gallery-1-63208\" srcset=\"https:\/\/www.arquimaster.com.ar\/web\/wp-content\/uploads\/2021\/03\/casa_witiza14-150x150.jpg 150w, https:\/\/www.arquimaster.com.ar\/web\/wp-content\/uploads\/2021\/03\/casa_witiza14-768x768.jpg 768w, https:\/\/www.arquimaster.com.ar\/web\/wp-content\/uploads\/2021\/03\/casa_witiza14.jpg 1000w\" sizes=\"auto, (max-width: 150px) 100vw, 150px\" \/><\/a>\n\t\t\t<\/div>\n\t\t\t\t<figcaption class='wp-caption-text gallery-caption' id='gallery-1-63208'>\n\t\t\t\tCasa Witiza \/ Beatriz Al\u00e9s Atelier (planta alta)\n\t\t\t\t<\/figcaption><\/figure><figure class='gallery-item'>\n\t\t\t<div class='gallery-icon landscape'>\n\t\t\t\t<a href='https:\/\/www.arquimaster.com.ar\/web\/wp-content\/uploads\/2021\/03\/casa_witiza15.jpg' title=\"Casa Witiza \/ Beatriz Al\u00e9s Atelier (corte)\" data-rl_title=\"Casa Witiza \/ Beatriz Al\u00e9s Atelier (corte)\" class=\"rl-gallery-link\" data-rl_caption=\"Casa Witiza \/ Beatriz Al\u00e9s Atelier (corte)\" data-rel=\"lightbox-gallery-1\"><img loading=\"lazy\" decoding=\"async\" width=\"150\" height=\"150\" src=\"https:\/\/www.arquimaster.com.ar\/web\/wp-content\/uploads\/2021\/03\/casa_witiza15-150x150.jpg\" class=\"attachment-thumbnail size-thumbnail\" alt=\"Casa Witiza \/ Beatriz Al\u00e9s Atelier\" aria-describedby=\"gallery-1-63209\" \/><\/a>\n\t\t\t<\/div>\n\t\t\t\t<figcaption class='wp-caption-text gallery-caption' id='gallery-1-63209'>\n\t\t\t\tCasa Witiza \/ Beatriz Al\u00e9s Atelier (corte)\n\t\t\t\t<\/figcaption><\/figure>\n\t\t<\/div>\n\n<p>Casa Witiza es una de las 640 viviendas unifamiliares de esta colonia y tiene 70 m2 de superficie \u00fatil muy compartimentados. Esta vivienda estaba originalmente designada a familias de 8 miembros e inclu\u00eda un jard\u00edn en la parte trasera donde poder cultivar hortalizas o tener gallinas.<\/p>\n<p>Actualmente la configuraci\u00f3n es otra: En la casa vive una pareja joven que tambi\u00e9n trabaja la mayor parte del tiempo all\u00ed. Les gusta abrir puertas y ventanas e invitar amigos. Quieren que las habitaciones est\u00e9n conectadas entre s\u00ed y que el exterior est\u00e9 habitado.<\/p>\n<p>El proyecto de remodelaci\u00f3n respeta la volumetr\u00eda original de la construcci\u00f3n. El espacio habitable se vuelve continuo y fluye del patio a la planta baja y de \u00e9sta a la planta primera, pasando por las escaleras.<\/p>\n<p>La reforma se vuelve visible a trav\u00e9s de nuevas geometr\u00edas, como las curvas, y los nuevos colores, que ahora organizan las dos alturas. En la planta baja se eliminan los tabiques para dejar el espacio del sal\u00f3n unificado y se desnuda el pilar alrededor del cual gira este espacio.<\/p>\n<p>La estructura sobre la que se apoya la cubierta de tres aguas protagoniza la planta primera y es independiente de la compartimentaci\u00f3n curva que separa el estudio de la habitaci\u00f3n.<\/p>\n<p>Sin rodapi\u00e9, utilizando marcos ocultos y con el m\u00ednimo n\u00famero de materiales se ha conseguido reducir el ruido visual para que la casa sea un tel\u00f3n de fondo donde exhibir los innumerables objetos y piezas coleccionistas que la habitar\u00e1n.<\/p>\n<p><strong>Ficha t\u00e9cnica<\/strong><br \/>Nombre: Casa Witiza<br \/>Ubicaci\u00f3n: Carabanchel, Madrid, Espa\u00f1a<br \/>Oficina de Arquitectura: Beatriz Al\u00e9s Atelier<br \/>Direccion de obra: Espacio Papel Arquitectos<br \/>Paisajismo: Mingo Basarrate<br \/>Fecha: 2017-2020<br \/>Fotografias: Jos\u00e9 Hevia<\/p>\n<p><strong>Contacto<\/strong><br \/><a href=\"https:\/\/beatrizales.com\/\" target=\"_blank\" rel=\"noopener\">https:\/\/beatrizales.com\/<\/a><\/p>\n<p><strong>Acerca de Beatriz Al\u00e9s Atelier<\/strong><br \/>Beatriz Al\u00e9s Atelier es un estudio de arquitectura y urbanismo que ofrece respuestas basadas en el dise\u00f1o a los complejos problemas espaciales del presente, de la concepci\u00f3n a la construcci\u00f3n. Para hacer esto posible, trabajamos en un amplio rango de escalas: desde proyectos de planificaci\u00f3n territorial y urban\u00edstica hasta la redistribuci\u00f3n y el dise\u00f1o de detalles de viviendas individuales. Un fuerte enfoque anal\u00edtico y la constante investigaci\u00f3n que llevamos a cabo en el estudio caracterizan nuestros proyectos. Nuestro objetivo es fomentar el desarrollo individual y colectivo de las personas a trav\u00e9s de intervenciones que respeten el contexto en el que se encuentran.<\/p>\n\n\n<div style=\"height:20px\" aria-hidden=\"true\" class=\"wp-block-spacer\"><\/div>\n\n\n<p><strong><em>English version<\/em><\/strong><\/p>\n<p><em>The historic Tercio y Terol quarter was designed by Rita Fern\u00e1ndez Queimadelos and constructed during the 1940s in the Carabanchel area of Madrid. Originally a Francoist social housing project for families of limited means, it is now protected as part of Madrid&#8217;s urban heritage.<\/em><\/p>\n<p><em>Casa Witiza is one of the 640 terraced houses which comprise the project. It boasts 70 m2 of usable space. Having been designed with a family of eight in mind, in its original state, it was highly compartmentalised, and included a back garden intended for growing fruit and vegetables or keeping poultry. However, as the unit currently houses only one young couple, who also frequently work from home, the space has been reconfigured to meet their needs: they like to entertain, and wanted to create an open, welcoming atmosphere. As such, they wanted the rooms to be interconnected, and for the outside area to feel like part of the house.<\/em><\/p>\n<p><em>While respecting the external dimensions of the unit as originally designed, and maintaining the original fa\u00e7ades, the remodelling project set out to create a more continuous space within those dimensions, introducing a natural flow from the patio to the ground floor to the floor above.<\/em><\/p>\n<p><em>The renovation of the space can be detected in a new geometry, which incorporates curved elements, and a new distinctive colour scheme for each floor. On the ground floor, the partitions have been removed to create a unified living area, and the steel column which forms the centrepiece of this area has been left exposed. On the first floor, a centrepiece is provided by the support structure for the three-sloped roof. Independent of this feature, there is a curved partition which separates the bedroom and studio.<\/em><\/p>\n<p><em>The \u00abvisual noise\u00bb of the space has been significantly reduced by getting rid of the skirting boards, using hidden doorframes, and limiting the number of different materials on view. The house now provides an unobtrusive canvas for all the artworks, collectors&#8217; items, and other little artefacts which make the place a home.<\/em><\/p>\n\n\n<div style=\"height:20px\" aria-hidden=\"true\" class=\"wp-block-spacer\"><\/div>\n\n\n<p><em><strong>Deutsche Version<\/strong><\/em><\/p>\n<p><em>Das historische Quartier Tercio Terol wurde von Rita Fern\u00e1ndez Queimadelos entworfen und in den 1940er Jahren im Carabanchel Viertel in Madrid gebaut. Dieses durch Sozialwohnungen gepr\u00e4gte Quartier wurde w\u00e4hrend der Franco-Diktatur f\u00fcr einkommensschwache Familien geplant. Heute steht der St\u00e4dtebau unter Denkmalschutz.<\/em><\/p>\n<p><em>Casa Witiza ist eines der 640 Einfamilienh\u00e4user in diesem Quartier. Die Fl\u00e4che von 70 m2 war damals sehr zergliedert, da es urspr\u00fcnglich f\u00fcr 8-k\u00f6pfige Familien geplant wurde. Auf der R\u00fcckseite gab es dar\u00fcber hinaus einen Garten, wo Obst und Gem\u00fcse angebaut oder H\u00fchner gehalten werden konnten.<\/em><\/p>\n<p><em>Die Situation ist heute anders: Im Haus wohnt ein junges Paar. Sie arbeiten meistens von zu Hause und in ihrer Freizeit laden sie gerne Freunde ein. Der Wunsch war, dass die R\u00e4ume des Hauses stark miteinander verbunden sind und der Aussenraum als Erweiterung des Hauses fungiert.<\/em><\/p>\n<p><em>Die originale Volumetrie und die Fassadengestaltung respektierend, schafft der Umbau innerhalb des Perimenters einen neuen flie\u00dfenden Wohnraum. Sichtbar wird der Eingriff durch neue Geometrien, wie gerundete W\u00e4nde, als auch durch das Farbkonzept, welches die zwei Geschosse differenziert. Im Erdgeschoss wurden die Trennw\u00e4nde entnommen um einen zusammenh\u00e4ngenden Wohnbereich zu schaffen. In der Mitte dieses Raumes markiert nun ein entbl\u00f6\u00dfter Pfeiler das Zentrum.<\/em><\/p>\n<p><em>Die Stahlstruktur auf dem sich das dreiteilige Dach st\u00fctzt spielt im Obergeschoss gestalterisch die Hauptrolle. Die gerundeten Trennw\u00e4nde zwischen den zwei Zimmern spielen sich von jener Konstruktion frei und sind unabh\u00e4ngig.<\/em><\/p>\n<p><em>Ohne Fu\u00dfleiste, mit versteckte T\u00fcrrahmen und mit der minimalen Anzahl von Materialien war es m\u00f6glich, trotz einer pr\u00e4gnanten Gestaltung, eine visuelle Ruhe zu schaffen. Diese Ruhe dient als idealer Hintergrund f\u00fcr die Pr\u00e4sentation verschiedener Kunstwerke, Objekte und Sammlerst\u00fccke der Bauherren.<\/em><\/p>\n<div style=\"font-size: 0px; height: 0px; line-height: 0px; margin: 0; padding: 0; clear: both;\"><\/div><div style=\"margin-top: 0px; margin-bottom: 0px;\" class=\"sharethis-inline-share-buttons\" ><\/div>","protected":false},"excerpt":{"rendered":"<p>El proyecto de remodelaci\u00f3n respeta la volumetr\u00eda original de la construcci\u00f3n&#8230;<\/p>\n","protected":false},"author":1,"featured_media":63194,"comment_status":"closed","ping_status":"closed","sticky":false,"template":"","format":"standard","meta":{"_uag_custom_page_level_css":"","footnotes":""},"categories":[1,82,83],"tags":[6955,6954,6956,6957,104,441,1043,680,722,254],"class_list":["post-63193","post","type-post","status-publish","format-standard","has-post-thumbnail","hentry","category-proyecto","category-rehabilitaciones","category-vivienda-unifamiliar","tag-beatriz-ales","tag-beatriz-ales-atelier","tag-carabanchel","tag-colonia-historica-tercio-terol","tag-espana","tag-madrid","tag-reforma-de-vivienda","tag-rehabilitacion","tag-remodelacion","tag-vivienda-unifamiliar-2","generate-columns","tablet-grid-50","mobile-grid-100","grid-parent","grid-50"],"yoast_head":"<!-- This site is optimized with the Yoast SEO plugin v27.3 - https:\/\/yoast.com\/product\/yoast-seo-wordpress\/ -->\n<title>Casa Witiza \/ Beatriz Al\u00e9s Atelier - Arquimaster<\/title>\n<meta name=\"description\" content=\"El proyecto de remodelaci\u00f3n respeta la volumetr\u00eda original de la construcci\u00f3n y el espacio habitable se vuelve continuo y fluido.\" \/>\n<meta name=\"robots\" content=\"index, follow, max-snippet:-1, max-image-preview:large, max-video-preview:-1\" \/>\n<link rel=\"canonical\" href=\"https:\/\/www.arquimaster.com.ar\/web\/casa-witiza-beatriz-ales-atelier\/\" \/>\n<meta property=\"og:locale\" content=\"es_ES\" \/>\n<meta property=\"og:type\" content=\"article\" \/>\n<meta property=\"og:title\" content=\"Casa Witiza \/ Beatriz Al\u00e9s Atelier\" \/>\n<meta property=\"og:description\" content=\"El proyecto de remodelaci\u00f3n respeta la volumetr\u00eda original de la construcci\u00f3n y el espacio habitable se vuelve continuo y fluido.\" \/>\n<meta property=\"og:url\" content=\"https:\/\/www.arquimaster.com.ar\/web\/casa-witiza-beatriz-ales-atelier\/\" \/>\n<meta property=\"og:site_name\" content=\"Arquimaster\" \/>\n<meta property=\"article:publisher\" content=\"http:\/\/www.facebook.com\/ARQUIMASTER.com.ar\" \/>\n<meta property=\"article:published_time\" content=\"2021-03-05T02:16:56+00:00\" \/>\n<meta property=\"article:modified_time\" content=\"2021-08-19T18:42:12+00:00\" \/>\n<meta property=\"og:image\" content=\"https:\/\/www.arquimaster.com.ar\/web\/wp-content\/uploads\/2021\/03\/casa_witiza_slide.jpg\" \/>\n\t<meta property=\"og:image:width\" content=\"698\" \/>\n\t<meta property=\"og:image:height\" content=\"364\" \/>\n\t<meta property=\"og:image:type\" content=\"image\/jpeg\" \/>\n<meta name=\"author\" content=\"Arquimaster\" \/>\n<meta name=\"twitter:card\" content=\"summary_large_image\" \/>\n<meta name=\"twitter:title\" content=\"Casa Witiza \/ Beatriz Al\u00e9s Atelier\" \/>\n<meta name=\"twitter:description\" content=\"El proyecto de remodelaci\u00f3n respeta la volumetr\u00eda original de la construcci\u00f3n y el espacio habitable se vuelve continuo y fluido.\" \/>\n<meta name=\"twitter:image\" content=\"https:\/\/www.arquimaster.com.ar\/web\/wp-content\/uploads\/2021\/03\/casa_witiza_slide.jpg\" \/>\n<meta name=\"twitter:creator\" content=\"@arquimaster\" \/>\n<meta name=\"twitter:site\" content=\"@arquimaster\" \/>\n<meta name=\"twitter:label1\" content=\"Escrito por\" \/>\n\t<meta name=\"twitter:data1\" content=\"Arquimaster\" \/>\n\t<meta name=\"twitter:label2\" content=\"Tiempo de lectura\" \/>\n\t<meta name=\"twitter:data2\" content=\"5 minutos\" \/>\n<script type=\"application\/ld+json\" class=\"yoast-schema-graph\">{\"@context\":\"https:\\\/\\\/schema.org\",\"@graph\":[{\"@type\":\"Article\",\"@id\":\"https:\\\/\\\/www.arquimaster.com.ar\\\/web\\\/casa-witiza-beatriz-ales-atelier\\\/#article\",\"isPartOf\":{\"@id\":\"https:\\\/\\\/www.arquimaster.com.ar\\\/web\\\/casa-witiza-beatriz-ales-atelier\\\/\"},\"author\":{\"name\":\"Arquimaster\",\"@id\":\"https:\\\/\\\/www.arquimaster.com.ar\\\/web\\\/#\\\/schema\\\/person\\\/359e9f7c00193fcde068e0dd2ceb0028\"},\"headline\":\"Casa Witiza \\\/ Beatriz Al\u00e9s Atelier\",\"datePublished\":\"2021-03-05T02:16:56+00:00\",\"dateModified\":\"2021-08-19T18:42:12+00:00\",\"mainEntityOfPage\":{\"@id\":\"https:\\\/\\\/www.arquimaster.com.ar\\\/web\\\/casa-witiza-beatriz-ales-atelier\\\/\"},\"wordCount\":1118,\"publisher\":{\"@id\":\"https:\\\/\\\/www.arquimaster.com.ar\\\/web\\\/#organization\"},\"image\":{\"@id\":\"https:\\\/\\\/www.arquimaster.com.ar\\\/web\\\/casa-witiza-beatriz-ales-atelier\\\/#primaryimage\"},\"thumbnailUrl\":\"https:\\\/\\\/www.arquimaster.com.ar\\\/web\\\/wp-content\\\/uploads\\\/2021\\\/03\\\/casa_witiza_slide.jpg\",\"keywords\":[\"Beatriz Al\u00e9s\",\"Beatriz Al\u00e9s Atelier\",\"Carabanchel\",\"Colonia Hist\u00f3rica Tercio Terol\",\"Espa\u00f1a\",\"Madrid\",\"reforma de vivienda\",\"rehabilitaci\u00f3n\",\"remodelaci\u00f3n\",\"vivienda unifamiliar\"],\"articleSection\":[\"Proyecto\",\"Rehabilitaciones y ampliaciones\",\"Vivienda unifamiliar y PH\"],\"inLanguage\":\"es\"},{\"@type\":\"WebPage\",\"@id\":\"https:\\\/\\\/www.arquimaster.com.ar\\\/web\\\/casa-witiza-beatriz-ales-atelier\\\/\",\"url\":\"https:\\\/\\\/www.arquimaster.com.ar\\\/web\\\/casa-witiza-beatriz-ales-atelier\\\/\",\"name\":\"Casa Witiza \\\/ Beatriz Al\u00e9s Atelier - Arquimaster\",\"isPartOf\":{\"@id\":\"https:\\\/\\\/www.arquimaster.com.ar\\\/web\\\/#website\"},\"primaryImageOfPage\":{\"@id\":\"https:\\\/\\\/www.arquimaster.com.ar\\\/web\\\/casa-witiza-beatriz-ales-atelier\\\/#primaryimage\"},\"image\":{\"@id\":\"https:\\\/\\\/www.arquimaster.com.ar\\\/web\\\/casa-witiza-beatriz-ales-atelier\\\/#primaryimage\"},\"thumbnailUrl\":\"https:\\\/\\\/www.arquimaster.com.ar\\\/web\\\/wp-content\\\/uploads\\\/2021\\\/03\\\/casa_witiza_slide.jpg\",\"datePublished\":\"2021-03-05T02:16:56+00:00\",\"dateModified\":\"2021-08-19T18:42:12+00:00\",\"description\":\"El proyecto de remodelaci\u00f3n respeta la volumetr\u00eda original de la construcci\u00f3n y el espacio habitable se vuelve continuo y fluido.\",\"breadcrumb\":{\"@id\":\"https:\\\/\\\/www.arquimaster.com.ar\\\/web\\\/casa-witiza-beatriz-ales-atelier\\\/#breadcrumb\"},\"inLanguage\":\"es\",\"potentialAction\":[{\"@type\":\"ReadAction\",\"target\":[\"https:\\\/\\\/www.arquimaster.com.ar\\\/web\\\/casa-witiza-beatriz-ales-atelier\\\/\"]}]},{\"@type\":\"ImageObject\",\"inLanguage\":\"es\",\"@id\":\"https:\\\/\\\/www.arquimaster.com.ar\\\/web\\\/casa-witiza-beatriz-ales-atelier\\\/#primaryimage\",\"url\":\"https:\\\/\\\/www.arquimaster.com.ar\\\/web\\\/wp-content\\\/uploads\\\/2021\\\/03\\\/casa_witiza_slide.jpg\",\"contentUrl\":\"https:\\\/\\\/www.arquimaster.com.ar\\\/web\\\/wp-content\\\/uploads\\\/2021\\\/03\\\/casa_witiza_slide.jpg\",\"width\":698,\"height\":364,\"caption\":\"Casa Witiza \\\/ Beatriz Al\u00e9s Atelier\"},{\"@type\":\"BreadcrumbList\",\"@id\":\"https:\\\/\\\/www.arquimaster.com.ar\\\/web\\\/casa-witiza-beatriz-ales-atelier\\\/#breadcrumb\",\"itemListElement\":[{\"@type\":\"ListItem\",\"position\":1,\"name\":\"Portada\",\"item\":\"https:\\\/\\\/www.arquimaster.com.ar\\\/web\\\/\"},{\"@type\":\"ListItem\",\"position\":2,\"name\":\"Casa Witiza \\\/ Beatriz Al\u00e9s Atelier\"}]},{\"@type\":\"WebSite\",\"@id\":\"https:\\\/\\\/www.arquimaster.com.ar\\\/web\\\/#website\",\"url\":\"https:\\\/\\\/www.arquimaster.com.ar\\\/web\\\/\",\"name\":\"Arquimaster\",\"description\":\"Web de arquitectura, dise\u00f1o y construccion\",\"publisher\":{\"@id\":\"https:\\\/\\\/www.arquimaster.com.ar\\\/web\\\/#organization\"},\"potentialAction\":[{\"@type\":\"SearchAction\",\"target\":{\"@type\":\"EntryPoint\",\"urlTemplate\":\"https:\\\/\\\/www.arquimaster.com.ar\\\/web\\\/?s={search_term_string}\"},\"query-input\":{\"@type\":\"PropertyValueSpecification\",\"valueRequired\":true,\"valueName\":\"search_term_string\"}}],\"inLanguage\":\"es\"},{\"@type\":\"Organization\",\"@id\":\"https:\\\/\\\/www.arquimaster.com.ar\\\/web\\\/#organization\",\"name\":\"Arquimaster\",\"url\":\"https:\\\/\\\/www.arquimaster.com.ar\\\/web\\\/\",\"logo\":{\"@type\":\"ImageObject\",\"inLanguage\":\"es\",\"@id\":\"https:\\\/\\\/www.arquimaster.com.ar\\\/web\\\/#\\\/schema\\\/logo\\\/image\\\/\",\"url\":\"https:\\\/\\\/www.arquimaster.com.ar\\\/web\\\/wp-content\\\/uploads\\\/2022\\\/06\\\/arquimaster.png\",\"contentUrl\":\"https:\\\/\\\/www.arquimaster.com.ar\\\/web\\\/wp-content\\\/uploads\\\/2022\\\/06\\\/arquimaster.png\",\"width\":594,\"height\":78,\"caption\":\"Arquimaster\"},\"image\":{\"@id\":\"https:\\\/\\\/www.arquimaster.com.ar\\\/web\\\/#\\\/schema\\\/logo\\\/image\\\/\"},\"sameAs\":[\"http:\\\/\\\/www.facebook.com\\\/ARQUIMASTER.com.ar\",\"https:\\\/\\\/x.com\\\/arquimaster\",\"https:\\\/\\\/www.instagram.com\\\/arquimasterblog\\\/\",\"https:\\\/\\\/www.linkedin.com\\\/company\\\/arquimaster\",\"https:\\\/\\\/www.pinterest.com\\\/arquimaster\",\"https:\\\/\\\/t.me\\\/arquimaster\"]},{\"@type\":\"Person\",\"@id\":\"https:\\\/\\\/www.arquimaster.com.ar\\\/web\\\/#\\\/schema\\\/person\\\/359e9f7c00193fcde068e0dd2ceb0028\",\"name\":\"Arquimaster\"}]}<\/script>\n<!-- \/ Yoast SEO plugin. -->","yoast_head_json":{"title":"Casa Witiza \/ Beatriz Al\u00e9s Atelier - Arquimaster","description":"El proyecto de remodelaci\u00f3n respeta la volumetr\u00eda original de la construcci\u00f3n y el espacio habitable se vuelve continuo y fluido.","robots":{"index":"index","follow":"follow","max-snippet":"max-snippet:-1","max-image-preview":"max-image-preview:large","max-video-preview":"max-video-preview:-1"},"canonical":"https:\/\/www.arquimaster.com.ar\/web\/casa-witiza-beatriz-ales-atelier\/","og_locale":"es_ES","og_type":"article","og_title":"Casa Witiza \/ Beatriz Al\u00e9s Atelier","og_description":"El proyecto de remodelaci\u00f3n respeta la volumetr\u00eda original de la construcci\u00f3n y el espacio habitable se vuelve continuo y fluido.","og_url":"https:\/\/www.arquimaster.com.ar\/web\/casa-witiza-beatriz-ales-atelier\/","og_site_name":"Arquimaster","article_publisher":"http:\/\/www.facebook.com\/ARQUIMASTER.com.ar","article_published_time":"2021-03-05T02:16:56+00:00","article_modified_time":"2021-08-19T18:42:12+00:00","og_image":[{"width":698,"height":364,"url":"https:\/\/www.arquimaster.com.ar\/web\/wp-content\/uploads\/2021\/03\/casa_witiza_slide.jpg","type":"image\/jpeg"}],"author":"Arquimaster","twitter_card":"summary_large_image","twitter_title":"Casa Witiza \/ Beatriz Al\u00e9s Atelier","twitter_description":"El proyecto de remodelaci\u00f3n respeta la volumetr\u00eda original de la construcci\u00f3n y el espacio habitable se vuelve continuo y fluido.","twitter_image":"https:\/\/www.arquimaster.com.ar\/web\/wp-content\/uploads\/2021\/03\/casa_witiza_slide.jpg","twitter_creator":"@arquimaster","twitter_site":"@arquimaster","twitter_misc":{"Escrito por":"Arquimaster","Tiempo de lectura":"5 minutos"},"schema":{"@context":"https:\/\/schema.org","@graph":[{"@type":"Article","@id":"https:\/\/www.arquimaster.com.ar\/web\/casa-witiza-beatriz-ales-atelier\/#article","isPartOf":{"@id":"https:\/\/www.arquimaster.com.ar\/web\/casa-witiza-beatriz-ales-atelier\/"},"author":{"name":"Arquimaster","@id":"https:\/\/www.arquimaster.com.ar\/web\/#\/schema\/person\/359e9f7c00193fcde068e0dd2ceb0028"},"headline":"Casa Witiza \/ Beatriz Al\u00e9s Atelier","datePublished":"2021-03-05T02:16:56+00:00","dateModified":"2021-08-19T18:42:12+00:00","mainEntityOfPage":{"@id":"https:\/\/www.arquimaster.com.ar\/web\/casa-witiza-beatriz-ales-atelier\/"},"wordCount":1118,"publisher":{"@id":"https:\/\/www.arquimaster.com.ar\/web\/#organization"},"image":{"@id":"https:\/\/www.arquimaster.com.ar\/web\/casa-witiza-beatriz-ales-atelier\/#primaryimage"},"thumbnailUrl":"https:\/\/www.arquimaster.com.ar\/web\/wp-content\/uploads\/2021\/03\/casa_witiza_slide.jpg","keywords":["Beatriz Al\u00e9s","Beatriz Al\u00e9s Atelier","Carabanchel","Colonia Hist\u00f3rica Tercio Terol","Espa\u00f1a","Madrid","reforma de vivienda","rehabilitaci\u00f3n","remodelaci\u00f3n","vivienda unifamiliar"],"articleSection":["Proyecto","Rehabilitaciones y ampliaciones","Vivienda unifamiliar y PH"],"inLanguage":"es"},{"@type":"WebPage","@id":"https:\/\/www.arquimaster.com.ar\/web\/casa-witiza-beatriz-ales-atelier\/","url":"https:\/\/www.arquimaster.com.ar\/web\/casa-witiza-beatriz-ales-atelier\/","name":"Casa Witiza \/ Beatriz Al\u00e9s Atelier - Arquimaster","isPartOf":{"@id":"https:\/\/www.arquimaster.com.ar\/web\/#website"},"primaryImageOfPage":{"@id":"https:\/\/www.arquimaster.com.ar\/web\/casa-witiza-beatriz-ales-atelier\/#primaryimage"},"image":{"@id":"https:\/\/www.arquimaster.com.ar\/web\/casa-witiza-beatriz-ales-atelier\/#primaryimage"},"thumbnailUrl":"https:\/\/www.arquimaster.com.ar\/web\/wp-content\/uploads\/2021\/03\/casa_witiza_slide.jpg","datePublished":"2021-03-05T02:16:56+00:00","dateModified":"2021-08-19T18:42:12+00:00","description":"El proyecto de remodelaci\u00f3n respeta la volumetr\u00eda original de la construcci\u00f3n y el espacio habitable se vuelve continuo y fluido.","breadcrumb":{"@id":"https:\/\/www.arquimaster.com.ar\/web\/casa-witiza-beatriz-ales-atelier\/#breadcrumb"},"inLanguage":"es","potentialAction":[{"@type":"ReadAction","target":["https:\/\/www.arquimaster.com.ar\/web\/casa-witiza-beatriz-ales-atelier\/"]}]},{"@type":"ImageObject","inLanguage":"es","@id":"https:\/\/www.arquimaster.com.ar\/web\/casa-witiza-beatriz-ales-atelier\/#primaryimage","url":"https:\/\/www.arquimaster.com.ar\/web\/wp-content\/uploads\/2021\/03\/casa_witiza_slide.jpg","contentUrl":"https:\/\/www.arquimaster.com.ar\/web\/wp-content\/uploads\/2021\/03\/casa_witiza_slide.jpg","width":698,"height":364,"caption":"Casa Witiza \/ Beatriz Al\u00e9s Atelier"},{"@type":"BreadcrumbList","@id":"https:\/\/www.arquimaster.com.ar\/web\/casa-witiza-beatriz-ales-atelier\/#breadcrumb","itemListElement":[{"@type":"ListItem","position":1,"name":"Portada","item":"https:\/\/www.arquimaster.com.ar\/web\/"},{"@type":"ListItem","position":2,"name":"Casa Witiza \/ Beatriz Al\u00e9s Atelier"}]},{"@type":"WebSite","@id":"https:\/\/www.arquimaster.com.ar\/web\/#website","url":"https:\/\/www.arquimaster.com.ar\/web\/","name":"Arquimaster","description":"Web de arquitectura, dise\u00f1o y construccion","publisher":{"@id":"https:\/\/www.arquimaster.com.ar\/web\/#organization"},"potentialAction":[{"@type":"SearchAction","target":{"@type":"EntryPoint","urlTemplate":"https:\/\/www.arquimaster.com.ar\/web\/?s={search_term_string}"},"query-input":{"@type":"PropertyValueSpecification","valueRequired":true,"valueName":"search_term_string"}}],"inLanguage":"es"},{"@type":"Organization","@id":"https:\/\/www.arquimaster.com.ar\/web\/#organization","name":"Arquimaster","url":"https:\/\/www.arquimaster.com.ar\/web\/","logo":{"@type":"ImageObject","inLanguage":"es","@id":"https:\/\/www.arquimaster.com.ar\/web\/#\/schema\/logo\/image\/","url":"https:\/\/www.arquimaster.com.ar\/web\/wp-content\/uploads\/2022\/06\/arquimaster.png","contentUrl":"https:\/\/www.arquimaster.com.ar\/web\/wp-content\/uploads\/2022\/06\/arquimaster.png","width":594,"height":78,"caption":"Arquimaster"},"image":{"@id":"https:\/\/www.arquimaster.com.ar\/web\/#\/schema\/logo\/image\/"},"sameAs":["http:\/\/www.facebook.com\/ARQUIMASTER.com.ar","https:\/\/x.com\/arquimaster","https:\/\/www.instagram.com\/arquimasterblog\/","https:\/\/www.linkedin.com\/company\/arquimaster","https:\/\/www.pinterest.com\/arquimaster","https:\/\/t.me\/arquimaster"]},{"@type":"Person","@id":"https:\/\/www.arquimaster.com.ar\/web\/#\/schema\/person\/359e9f7c00193fcde068e0dd2ceb0028","name":"Arquimaster"}]}},"uagb_featured_image_src":{"full":["https:\/\/www.arquimaster.com.ar\/web\/wp-content\/uploads\/2021\/03\/casa_witiza_slide.jpg",698,364,false],"thumbnail":["https:\/\/www.arquimaster.com.ar\/web\/wp-content\/uploads\/2021\/03\/casa_witiza_slide-150x150.jpg",150,150,true],"medium":["https:\/\/www.arquimaster.com.ar\/web\/wp-content\/uploads\/2021\/03\/casa_witiza_slide.jpg",698,364,false],"medium_large":["https:\/\/www.arquimaster.com.ar\/web\/wp-content\/uploads\/2021\/03\/casa_witiza_slide.jpg",698,364,false],"large":["https:\/\/www.arquimaster.com.ar\/web\/wp-content\/uploads\/2021\/03\/casa_witiza_slide.jpg",698,364,false],"1536x1536":["https:\/\/www.arquimaster.com.ar\/web\/wp-content\/uploads\/2021\/03\/casa_witiza_slide.jpg",698,364,false],"2048x2048":["https:\/\/www.arquimaster.com.ar\/web\/wp-content\/uploads\/2021\/03\/casa_witiza_slide.jpg",698,364,false]},"uagb_author_info":{"display_name":"Arquimaster","author_link":"https:\/\/www.arquimaster.com.ar\/web\/author\/arquimaster\/"},"uagb_comment_info":0,"uagb_excerpt":"El proyecto de remodelaci\u00f3n respeta la volumetr\u00eda original de la construcci\u00f3n...","_links":{"self":[{"href":"https:\/\/www.arquimaster.com.ar\/web\/wp-json\/wp\/v2\/posts\/63193","targetHints":{"allow":["GET"]}}],"collection":[{"href":"https:\/\/www.arquimaster.com.ar\/web\/wp-json\/wp\/v2\/posts"}],"about":[{"href":"https:\/\/www.arquimaster.com.ar\/web\/wp-json\/wp\/v2\/types\/post"}],"author":[{"embeddable":true,"href":"https:\/\/www.arquimaster.com.ar\/web\/wp-json\/wp\/v2\/users\/1"}],"replies":[{"embeddable":true,"href":"https:\/\/www.arquimaster.com.ar\/web\/wp-json\/wp\/v2\/comments?post=63193"}],"version-history":[{"count":1,"href":"https:\/\/www.arquimaster.com.ar\/web\/wp-json\/wp\/v2\/posts\/63193\/revisions"}],"predecessor-version":[{"id":63210,"href":"https:\/\/www.arquimaster.com.ar\/web\/wp-json\/wp\/v2\/posts\/63193\/revisions\/63210"}],"wp:featuredmedia":[{"embeddable":true,"href":"https:\/\/www.arquimaster.com.ar\/web\/wp-json\/wp\/v2\/media\/63194"}],"wp:attachment":[{"href":"https:\/\/www.arquimaster.com.ar\/web\/wp-json\/wp\/v2\/media?parent=63193"}],"wp:term":[{"taxonomy":"category","embeddable":true,"href":"https:\/\/www.arquimaster.com.ar\/web\/wp-json\/wp\/v2\/categories?post=63193"},{"taxonomy":"post_tag","embeddable":true,"href":"https:\/\/www.arquimaster.com.ar\/web\/wp-json\/wp\/v2\/tags?post=63193"}],"curies":[{"name":"wp","href":"https:\/\/api.w.org\/{rel}","templated":true}]}}